{"id":470224,"date":"2024-03-08T12:05:30","date_gmt":"2024-03-08T11:05:30","guid":{"rendered":"https:\/\/dicodusport.fr\/blog\/?p=470224&#038;preview=true&#038;preview_id=470224"},"modified":"2025-07-09T18:15:24","modified_gmt":"2025-07-09T16:15:24","slug":"ibu-cup-2023-2024-sur-le-podium-du-sprint-a-obertilliach-oceane-michelon-se-rapproche-du-gros-globe","status":"publish","type":"post","link":"https:\/\/dicodusport.fr\/blog\/ibu-cup-2023-2024-sur-le-podium-du-sprint-a-obertilliach-oceane-michelon-se-rapproche-du-gros-globe\/","title":{"rendered":"IBU Cup 2023\/2024 : Sur le podium du sprint \u00e0 Obertilliach, Oc\u00e9ane Michelon se rapproche du gros globe"},"content":{"rendered":"<p style=\"text-align: justify;\"><em><b>IBU CUP SAISON 2023\/2024 &#8211; Superbe op\u00e9ration d&rsquo;Oc\u00e9ane Michelon qui prend la t\u00eate du g\u00e9n\u00e9ral en IBU Cup, apr\u00e8s sa 3e place sur le sprint d&rsquo;Obertilliach. Elle glane \u00e9galement le petit globe de la sp\u00e9cialit\u00e9.<\/b><\/em><\/p>\n<p style=\"text-align: justify;\"><strong>Oc\u00e9ane Michelon<\/strong> s&rsquo;offre le petit globe du sprint. Gr\u00e2ce \u00e0 sa 3e place, ce matin, sur le sprint d&rsquo;Obertilliach. La jeune fran\u00e7aise a tir\u00e9 \u00e0 9\/10, pour terminer \u00e0 18.2 secondes de l&rsquo;Allemande <strong>Stefanie Scherer<\/strong>, qui a r\u00e9alis\u00e9 le plein. La Fran\u00e7aise est donc 3e, mais dans l&rsquo;esprit, cela a une valeur de victoire. Car, comme \u00e9voqu\u00e9, elle a remport\u00e9 le petit globe du sprint, qui consacre sa belle r\u00e9gularit\u00e9 dans la discipline. Surtout, elle prend la t\u00eate du classement g\u00e9n\u00e9ral de l&rsquo;IBU Cup, alors qu&rsquo;il reste une seule \u00e9preuve individuelle \u00e0 disputer, ce samedi, avec la mass start 60. Elle avait d\u00e9j\u00e0 gagn\u00e9 celui de la poursuite, le week-end pass\u00e9.<\/p>\n<blockquote class=\"twitter-tweet\">\n<p dir=\"ltr\" lang=\"fr\">R\u00e9sultat d\u2019ensemble du Sprint \ud83d\udeba \u00e0 Obertilliach \ud83c\udde6\ud83c\uddf9 en IBU cup<\/p>\n<p>#3 Michelon \ud83c\uddeb\ud83c\uddf7 9\/10<br \/>\n#9 Bened \ud83c\uddeb\ud83c\uddf7 8\/10<br \/>\n#11 Chevalier \ud83c\uddeb\ud83c\uddf7 8\/10<br \/>\n#16 Bondoux \ud83c\uddeb\ud83c\uddf7 7\/10<br \/>\n#23 Remonnay \ud83c\uddeb\ud83c\uddf7 7\/10<br \/>\n#27 Botet \ud83c\uddeb\ud83c\uddf7 6\/10<a href=\"https:\/\/twitter.com\/hashtag\/biathlon?src=hash&amp;ref_src=twsrc%5Etfw\">#biathlon<\/a> <a href=\"https:\/\/twitter.com\/hashtag\/IBUcup?src=hash&amp;ref_src=twsrc%5Etfw\">#IBUcup<\/a><\/p>\n<p>\u2014 Biathlon_FRA\ud83c\udfbf (@Biathlon_FRA) <a href=\"https:\/\/twitter.com\/Biathlon_FRA\/status\/1766052945240502628?ref_src=twsrc%5Etfw\">March 8, 2024<\/a><\/p><\/blockquote>\n<p><script async src=\"https:\/\/platform.twitter.com\/widgets.js\" charset=\"utf-8\"><\/script><\/p>\n<p style=\"text-align: justify;\">Encore une fois, c&rsquo;est une belle prestation d&rsquo;ensemble du clan tricolore, avec <strong>Camille Bened<\/strong> qui entre une nouvelle fois sur le Top 10. Et qui confirme une ann\u00e9e 2024 tr\u00e8s solide. Elle est 9e, malgr\u00e9 un 8\/10. M\u00eame score \u00e0 la carabine pour <strong>Chlo\u00e9 Chevalier<\/strong>, qui prend la 11e place. Encore solide \u00e0 ski, mais un poil friable au tir, la toute jeune <strong>Ana\u00eblle Bondoux<\/strong>, prend la 16e place. N&rsquo;oublions pas qu&rsquo;elle n&rsquo;a que 19 ans.<\/p>\n","protected":false},"excerpt":{"rendered":"<p>IBU CUP SAISON 2023\/2024 &#8211; Superbe op\u00e9ration d&rsquo;Oc\u00e9ane Michelon qui prend la t\u00eate du g\u00e9n\u00e9ral en IBU Cup, apr\u00e8s sa 3e place sur le sprint d&rsquo;Obertilliach.<\/p>\n","protected":false},"author":83,"featured_media":470237,"comment_status":"open","ping_status":"closed","sticky":false,"template":"","format":"standard","meta":{"_acf_changed":false,"_daextam_enable_autolinks":"1","footnotes":""},"categories":[2426],"tags":[2427,29733,16878,22027],"class_list":["post-470224","post","type-post","status-publish","format-standard","has-post-thumbnail","hentry","category-biathlon","tag-biathlon","tag-biathlon-francais","tag-breve","tag-oceane-michelon"],"acf":[],"yoast_head":"<!-- This site is optimized with the Yoast SEO Premium plugin v26.7 (Yoast SEO v26.7) - https:\/\/yoast.com\/wordpress\/plugins\/seo\/ -->\n<title>IBU Cup 2023\/2024 : Sur le podium du sprint \u00e0 Obertilliach, Oc\u00e9ane Michelon se rapproche du gros globe<\/title>\n<meta name=\"description\" content=\"IBU CUP SAISON 2023\/2024 - Superbe op\u00e9ration d&#039;Oc\u00e9ane Michelon qui prend la t\u00eate du g\u00e9n\u00e9ral en IBU Cup.\" \/>\n<meta name=\"robots\" content=\"index, follow, max-snippet:-1, max-image-preview:large, max-video-preview:-1\" \/>\n<link rel=\"canonical\" href=\"https:\/\/dicodusport.fr\/blog\/ibu-cup-2023-2024-sur-le-podium-du-sprint-a-obertilliach-oceane-michelon-se-rapproche-du-gros-globe\/\" \/>\n<meta property=\"og:locale\" content=\"fr_FR\" \/>\n<meta property=\"og:type\" content=\"article\" \/>\n<meta property=\"og:title\" content=\"IBU Cup 2023\/2024 : Sur le podium du sprint \u00e0 Obertilliach, Oc\u00e9ane Michelon se rapproche du gros globe\" \/>\n<meta property=\"og:description\" content=\"IBU CUP SAISON 2023\/2024 - Superbe op\u00e9ration d&#039;Oc\u00e9ane Michelon qui prend la t\u00eate du g\u00e9n\u00e9ral en IBU Cup.\" \/>\n<meta property=\"og:url\" content=\"https:\/\/dicodusport.fr\/blog\/ibu-cup-2023-2024-sur-le-podium-du-sprint-a-obertilliach-oceane-michelon-se-rapproche-du-gros-globe\/\" \/>\n<meta property=\"og:site_name\" content=\"Dicodusport\" \/>\n<meta property=\"article:publisher\" content=\"https:\/\/www.facebook.com\/dicodusport\" \/>\n<meta property=\"article:published_time\" content=\"2024-03-08T11:05:30+00:00\" \/>\n<meta property=\"article:modified_time\" content=\"2025-07-09T16:15:24+00:00\" \/>\n<meta property=\"og:image\" content=\"https:\/\/dicodusport.fr\/blog\/wp-content\/uploads\/2024\/03\/IBU-Cup-20232024-Sur-le-podium-du-sprint-a-Obertilliach-Oceane-Michelon-se-rapproche-du-gros-globe.png\" \/>\n\t<meta property=\"og:image:width\" content=\"1200\" \/>\n\t<meta property=\"og:image:height\" content=\"674\" \/>\n\t<meta property=\"og:image:type\" content=\"image\/png\" \/>\n<meta name=\"author\" content=\"Etienne Goursaud\" \/>\n<meta name=\"twitter:card\" content=\"summary_large_image\" \/>\n<meta name=\"twitter:title\" content=\"IBU Cup 2023\/2024 : Sur le podium du sprint \u00e0 Obertilliach, Oc\u00e9ane Michelon se rapproche du gros globe\" \/>\n<meta name=\"twitter:creator\" content=\"@dicodusport\" \/>\n<meta name=\"twitter:site\" content=\"@dicodusport\" \/>\n<script type=\"application\/ld+json\" class=\"yoast-schema-graph\">{\"@context\":\"https:\/\/schema.org\",\"@graph\":[{\"@type\":\"NewsArticle\",\"@id\":\"https:\/\/dicodusport.fr\/blog\/ibu-cup-2023-2024-sur-le-podium-du-sprint-a-obertilliach-oceane-michelon-se-rapproche-du-gros-globe\/#article\",\"isPartOf\":{\"@id\":\"https:\/\/dicodusport.fr\/blog\/ibu-cup-2023-2024-sur-le-podium-du-sprint-a-obertilliach-oceane-michelon-se-rapproche-du-gros-globe\/\"},\"author\":{\"name\":\"Etienne Goursaud\",\"@id\":\"https:\/\/dicodusport.fr\/blog\/#\/schema\/person\/d603dd7da31fb2b46c82b9835a77ec13\"},\"headline\":\"IBU Cup 2023\/2024 : Sur le podium du sprint \u00e0 Obertilliach, Oc\u00e9ane Michelon se rapproche du gros globe\",\"datePublished\":\"2024-03-08T11:05:30+00:00\",\"dateModified\":\"2025-07-09T16:15:24+00:00\",\"mainEntityOfPage\":{\"@id\":\"https:\/\/dicodusport.fr\/blog\/ibu-cup-2023-2024-sur-le-podium-du-sprint-a-obertilliach-oceane-michelon-se-rapproche-du-gros-globe\/\"},\"wordCount\":281,\"commentCount\":0,\"publisher\":{\"@id\":\"https:\/\/dicodusport.fr\/blog\/#organization\"},\"image\":{\"@id\":\"https:\/\/dicodusport.fr\/blog\/ibu-cup-2023-2024-sur-le-podium-du-sprint-a-obertilliach-oceane-michelon-se-rapproche-du-gros-globe\/#primaryimage\"},\"thumbnailUrl\":\"https:\/\/dicodusport.fr\/blog\/wp-content\/uploads\/2024\/03\/IBU-Cup-20232024-Sur-le-podium-du-sprint-a-Obertilliach-Oceane-Michelon-se-rapproche-du-gros-globe.png\",\"keywords\":[\"Biathlon\",\"biathlon fran\u00e7ais\",\"br\u00e8ve\",\"Oc\u00e9ane Michelon\"],\"articleSection\":[\"Biathlon\"],\"inLanguage\":\"fr-FR\",\"potentialAction\":[{\"@type\":\"CommentAction\",\"name\":\"Comment\",\"target\":[\"https:\/\/dicodusport.fr\/blog\/ibu-cup-2023-2024-sur-le-podium-du-sprint-a-obertilliach-oceane-michelon-se-rapproche-du-gros-globe\/#respond\"]}],\"copyrightYear\":\"2024\",\"copyrightHolder\":{\"@id\":\"https:\/\/dicodusport.fr\/blog\/#organization\"}},{\"@type\":\"WebPage\",\"@id\":\"https:\/\/dicodusport.fr\/blog\/ibu-cup-2023-2024-sur-le-podium-du-sprint-a-obertilliach-oceane-michelon-se-rapproche-du-gros-globe\/\",\"url\":\"https:\/\/dicodusport.fr\/blog\/ibu-cup-2023-2024-sur-le-podium-du-sprint-a-obertilliach-oceane-michelon-se-rapproche-du-gros-globe\/\",\"name\":\"IBU Cup 2023\/2024 : Sur le podium du sprint \u00e0 Obertilliach, Oc\u00e9ane Michelon se rapproche du gros globe\",\"isPartOf\":{\"@id\":\"https:\/\/dicodusport.fr\/blog\/#website\"},\"primaryImageOfPage\":{\"@id\":\"https:\/\/dicodusport.fr\/blog\/ibu-cup-2023-2024-sur-le-podium-du-sprint-a-obertilliach-oceane-michelon-se-rapproche-du-gros-globe\/#primaryimage\"},\"image\":{\"@id\":\"https:\/\/dicodusport.fr\/blog\/ibu-cup-2023-2024-sur-le-podium-du-sprint-a-obertilliach-oceane-michelon-se-rapproche-du-gros-globe\/#primaryimage\"},\"thumbnailUrl\":\"https:\/\/dicodusport.fr\/blog\/wp-content\/uploads\/2024\/03\/IBU-Cup-20232024-Sur-le-podium-du-sprint-a-Obertilliach-Oceane-Michelon-se-rapproche-du-gros-globe.png\",\"datePublished\":\"2024-03-08T11:05:30+00:00\",\"dateModified\":\"2025-07-09T16:15:24+00:00\",\"description\":\"IBU CUP SAISON 2023\/2024 - Superbe op\u00e9ration d'Oc\u00e9ane Michelon qui prend la t\u00eate du g\u00e9n\u00e9ral en IBU Cup.\",\"breadcrumb\":{\"@id\":\"https:\/\/dicodusport.fr\/blog\/ibu-cup-2023-2024-sur-le-podium-du-sprint-a-obertilliach-oceane-michelon-se-rapproche-du-gros-globe\/#breadcrumb\"},\"inLanguage\":\"fr-FR\",\"potentialAction\":[{\"@type\":\"ReadAction\",\"target\":[\"https:\/\/dicodusport.fr\/blog\/ibu-cup-2023-2024-sur-le-podium-du-sprint-a-obertilliach-oceane-michelon-se-rapproche-du-gros-globe\/\"]}]},{\"@type\":\"ImageObject\",\"inLanguage\":\"fr-FR\",\"@id\":\"https:\/\/dicodusport.fr\/blog\/ibu-cup-2023-2024-sur-le-podium-du-sprint-a-obertilliach-oceane-michelon-se-rapproche-du-gros-globe\/#primaryimage\",\"url\":\"https:\/\/dicodusport.fr\/blog\/wp-content\/uploads\/2024\/03\/IBU-Cup-20232024-Sur-le-podium-du-sprint-a-Obertilliach-Oceane-Michelon-se-rapproche-du-gros-globe.png\",\"contentUrl\":\"https:\/\/dicodusport.fr\/blog\/wp-content\/uploads\/2024\/03\/IBU-Cup-20232024-Sur-le-podium-du-sprint-a-Obertilliach-Oceane-Michelon-se-rapproche-du-gros-globe.png\",\"width\":1200,\"height\":674,\"caption\":\"IBU Cup 20232024 Sur le podium du sprint \u00e0 Obertilliach, Oc\u00e9ane Michelon se rapproche du gros globeIBU Cup 20232024 Sur le podium du sprint \u00e0 Obertilliach, Oc\u00e9ane Michelon se rapproche du gros globe\"},{\"@type\":\"BreadcrumbList\",\"@id\":\"https:\/\/dicodusport.fr\/blog\/ibu-cup-2023-2024-sur-le-podium-du-sprint-a-obertilliach-oceane-michelon-se-rapproche-du-gros-globe\/#breadcrumb\",\"itemListElement\":[{\"@type\":\"ListItem\",\"position\":1,\"name\":\"Accueil\",\"item\":\"https:\/\/dicodusport.fr\/blog\/\"},{\"@type\":\"ListItem\",\"position\":2,\"name\":\"IBU Cup 2023\/2024 : Sur le podium du sprint \u00e0 Obertilliach, Oc\u00e9ane Michelon se rapproche du gros globe\"}]},{\"@type\":\"WebSite\",\"@id\":\"https:\/\/dicodusport.fr\/blog\/#website\",\"url\":\"https:\/\/dicodusport.fr\/blog\/\",\"name\":\"Dicodusport\",\"description\":\"L&#039;encyclop\u00e9die de l&#039;actualit\u00e9 sportive\",\"publisher\":{\"@id\":\"https:\/\/dicodusport.fr\/blog\/#organization\"},\"potentialAction\":[{\"@type\":\"SearchAction\",\"target\":{\"@type\":\"EntryPoint\",\"urlTemplate\":\"https:\/\/dicodusport.fr\/blog\/?s={search_term_string}\"},\"query-input\":{\"@type\":\"PropertyValueSpecification\",\"valueRequired\":true,\"valueName\":\"search_term_string\"}}],\"inLanguage\":\"fr-FR\"},{\"@type\":\"NewsMediaOrganization\",\"@id\":\"https:\/\/dicodusport.fr\/blog\/#organization\",\"name\":\"Dicodusport\",\"url\":\"https:\/\/dicodusport.fr\/blog\/\",\"logo\":{\"@type\":\"ImageObject\",\"inLanguage\":\"fr-FR\",\"@id\":\"https:\/\/dicodusport.fr\/blog\/#\/schema\/logo\/image\/\",\"url\":\"https:\/\/dicodusport.fr\/blog\/wp-content\/uploads\/2020\/06\/cropped-LOGO-DICODUSPORT-2020-SANS-FOND-SANS-TEXTE.png\",\"contentUrl\":\"https:\/\/dicodusport.fr\/blog\/wp-content\/uploads\/2020\/06\/cropped-LOGO-DICODUSPORT-2020-SANS-FOND-SANS-TEXTE.png\",\"width\":512,\"height\":512,\"caption\":\"Dicodusport\"},\"image\":{\"@id\":\"https:\/\/dicodusport.fr\/blog\/#\/schema\/logo\/image\/\"},\"sameAs\":[\"https:\/\/www.facebook.com\/dicodusport\",\"https:\/\/x.com\/dicodusport\",\"https:\/\/www.instagram.com\/dicodusport\/\",\"https:\/\/www.youtube.com\/channel\/UC7V2KZ5sd3htJivAbA4ZG3w\"],\"description\":\"Dicodusport est l'encyclop\u00e9die de l'actualit\u00e9 sportive.\",\"email\":\"bonjour@dicodusport.fr\",\"legalName\":\"DICODUSPORT\",\"foundingDate\":\"2018-01-14\",\"vatID\":\"FR71834470973\",\"taxID\":\"83447097300043\",\"numberOfEmployees\":{\"@type\":\"QuantitativeValue\",\"minValue\":\"1\",\"maxValue\":\"10\"}},{\"@type\":\"Person\",\"@id\":\"https:\/\/dicodusport.fr\/blog\/#\/schema\/person\/d603dd7da31fb2b46c82b9835a77ec13\",\"name\":\"Etienne Goursaud\",\"image\":{\"@type\":\"ImageObject\",\"inLanguage\":\"fr-FR\",\"@id\":\"https:\/\/dicodusport.fr\/blog\/#\/schema\/person\/image\/\",\"url\":\"https:\/\/dicodusport.fr\/blog\/wp-content\/uploads\/2023\/12\/410122264_10231602061736049_5565839791558026645_n-150x150.jpg\",\"contentUrl\":\"https:\/\/dicodusport.fr\/blog\/wp-content\/uploads\/2023\/12\/410122264_10231602061736049_5565839791558026645_n-150x150.jpg\",\"caption\":\"Etienne Goursaud\"},\"description\":\"Journaliste et amoureux de sport. Ancien footballeur reconverti athl\u00e8te quand ses muscles le laissent tranquille. \u00c9lev\u00e9 \u00e0 la sauce des exploits de Thomas Voeckler en 2004, du dernier essai de l\u00e9gende de Eunice Barber \u00e0 la longueur lors des championnats du monde d'athl\u00e9tisme de 2003 mais aussi Zidane, Omeyer et Titou Lamaison.\",\"url\":\"https:\/\/dicodusport.fr\/blog\/author\/etienne-goursaud\/\"}]}<\/script>\n<!-- \/ Yoast SEO Premium plugin. -->","yoast_head_json":{"title":"IBU Cup 2023\/2024 : Sur le podium du sprint \u00e0 Obertilliach, Oc\u00e9ane Michelon se rapproche du gros globe","description":"IBU CUP SAISON 2023\/2024 - Superbe op\u00e9ration d'Oc\u00e9ane Michelon qui prend la t\u00eate du g\u00e9n\u00e9ral en IBU Cup.","robots":{"index":"index","follow":"follow","max-snippet":"max-snippet:-1","max-image-preview":"max-image-preview:large","max-video-preview":"max-video-preview:-1"},"canonical":"https:\/\/dicodusport.fr\/blog\/ibu-cup-2023-2024-sur-le-podium-du-sprint-a-obertilliach-oceane-michelon-se-rapproche-du-gros-globe\/","og_locale":"fr_FR","og_type":"article","og_title":"IBU Cup 2023\/2024 : Sur le podium du sprint \u00e0 Obertilliach, Oc\u00e9ane Michelon se rapproche du gros globe","og_description":"IBU CUP SAISON 2023\/2024 - Superbe op\u00e9ration d'Oc\u00e9ane Michelon qui prend la t\u00eate du g\u00e9n\u00e9ral en IBU Cup.","og_url":"https:\/\/dicodusport.fr\/blog\/ibu-cup-2023-2024-sur-le-podium-du-sprint-a-obertilliach-oceane-michelon-se-rapproche-du-gros-globe\/","og_site_name":"Dicodusport","article_publisher":"https:\/\/www.facebook.com\/dicodusport","article_published_time":"2024-03-08T11:05:30+00:00","article_modified_time":"2025-07-09T16:15:24+00:00","og_image":[{"width":1200,"height":674,"url":"https:\/\/dicodusport.fr\/blog\/wp-content\/uploads\/2024\/03\/IBU-Cup-20232024-Sur-le-podium-du-sprint-a-Obertilliach-Oceane-Michelon-se-rapproche-du-gros-globe.png","type":"image\/png"}],"author":"Etienne Goursaud","twitter_card":"summary_large_image","twitter_title":"IBU Cup 2023\/2024 : Sur le podium du sprint \u00e0 Obertilliach, Oc\u00e9ane Michelon se rapproche du gros globe","twitter_creator":"@dicodusport","twitter_site":"@dicodusport","schema":{"@context":"https:\/\/schema.org","@graph":[{"@type":"NewsArticle","@id":"https:\/\/dicodusport.fr\/blog\/ibu-cup-2023-2024-sur-le-podium-du-sprint-a-obertilliach-oceane-michelon-se-rapproche-du-gros-globe\/#article","isPartOf":{"@id":"https:\/\/dicodusport.fr\/blog\/ibu-cup-2023-2024-sur-le-podium-du-sprint-a-obertilliach-oceane-michelon-se-rapproche-du-gros-globe\/"},"author":{"name":"Etienne Goursaud","@id":"https:\/\/dicodusport.fr\/blog\/#\/schema\/person\/d603dd7da31fb2b46c82b9835a77ec13"},"headline":"IBU Cup 2023\/2024 : Sur le podium du sprint \u00e0 Obertilliach, Oc\u00e9ane Michelon se rapproche du gros globe","datePublished":"2024-03-08T11:05:30+00:00","dateModified":"2025-07-09T16:15:24+00:00","mainEntityOfPage":{"@id":"https:\/\/dicodusport.fr\/blog\/ibu-cup-2023-2024-sur-le-podium-du-sprint-a-obertilliach-oceane-michelon-se-rapproche-du-gros-globe\/"},"wordCount":281,"commentCount":0,"publisher":{"@id":"https:\/\/dicodusport.fr\/blog\/#organization"},"image":{"@id":"https:\/\/dicodusport.fr\/blog\/ibu-cup-2023-2024-sur-le-podium-du-sprint-a-obertilliach-oceane-michelon-se-rapproche-du-gros-globe\/#primaryimage"},"thumbnailUrl":"https:\/\/dicodusport.fr\/blog\/wp-content\/uploads\/2024\/03\/IBU-Cup-20232024-Sur-le-podium-du-sprint-a-Obertilliach-Oceane-Michelon-se-rapproche-du-gros-globe.png","keywords":["Biathlon","biathlon fran\u00e7ais","br\u00e8ve","Oc\u00e9ane Michelon"],"articleSection":["Biathlon"],"inLanguage":"fr-FR","potentialAction":[{"@type":"CommentAction","name":"Comment","target":["https:\/\/dicodusport.fr\/blog\/ibu-cup-2023-2024-sur-le-podium-du-sprint-a-obertilliach-oceane-michelon-se-rapproche-du-gros-globe\/#respond"]}],"copyrightYear":"2024","copyrightHolder":{"@id":"https:\/\/dicodusport.fr\/blog\/#organization"}},{"@type":"WebPage","@id":"https:\/\/dicodusport.fr\/blog\/ibu-cup-2023-2024-sur-le-podium-du-sprint-a-obertilliach-oceane-michelon-se-rapproche-du-gros-globe\/","url":"https:\/\/dicodusport.fr\/blog\/ibu-cup-2023-2024-sur-le-podium-du-sprint-a-obertilliach-oceane-michelon-se-rapproche-du-gros-globe\/","name":"IBU Cup 2023\/2024 : Sur le podium du sprint \u00e0 Obertilliach, Oc\u00e9ane Michelon se rapproche du gros globe","isPartOf":{"@id":"https:\/\/dicodusport.fr\/blog\/#website"},"primaryImageOfPage":{"@id":"https:\/\/dicodusport.fr\/blog\/ibu-cup-2023-2024-sur-le-podium-du-sprint-a-obertilliach-oceane-michelon-se-rapproche-du-gros-globe\/#primaryimage"},"image":{"@id":"https:\/\/dicodusport.fr\/blog\/ibu-cup-2023-2024-sur-le-podium-du-sprint-a-obertilliach-oceane-michelon-se-rapproche-du-gros-globe\/#primaryimage"},"thumbnailUrl":"https:\/\/dicodusport.fr\/blog\/wp-content\/uploads\/2024\/03\/IBU-Cup-20232024-Sur-le-podium-du-sprint-a-Obertilliach-Oceane-Michelon-se-rapproche-du-gros-globe.png","datePublished":"2024-03-08T11:05:30+00:00","dateModified":"2025-07-09T16:15:24+00:00","description":"IBU CUP SAISON 2023\/2024 - Superbe op\u00e9ration d'Oc\u00e9ane Michelon qui prend la t\u00eate du g\u00e9n\u00e9ral en IBU Cup.","breadcrumb":{"@id":"https:\/\/dicodusport.fr\/blog\/ibu-cup-2023-2024-sur-le-podium-du-sprint-a-obertilliach-oceane-michelon-se-rapproche-du-gros-globe\/#breadcrumb"},"inLanguage":"fr-FR","potentialAction":[{"@type":"ReadAction","target":["https:\/\/dicodusport.fr\/blog\/ibu-cup-2023-2024-sur-le-podium-du-sprint-a-obertilliach-oceane-michelon-se-rapproche-du-gros-globe\/"]}]},{"@type":"ImageObject","inLanguage":"fr-FR","@id":"https:\/\/dicodusport.fr\/blog\/ibu-cup-2023-2024-sur-le-podium-du-sprint-a-obertilliach-oceane-michelon-se-rapproche-du-gros-globe\/#primaryimage","url":"https:\/\/dicodusport.fr\/blog\/wp-content\/uploads\/2024\/03\/IBU-Cup-20232024-Sur-le-podium-du-sprint-a-Obertilliach-Oceane-Michelon-se-rapproche-du-gros-globe.png","contentUrl":"https:\/\/dicodusport.fr\/blog\/wp-content\/uploads\/2024\/03\/IBU-Cup-20232024-Sur-le-podium-du-sprint-a-Obertilliach-Oceane-Michelon-se-rapproche-du-gros-globe.png","width":1200,"height":674,"caption":"IBU Cup 20232024 Sur le podium du sprint \u00e0 Obertilliach, Oc\u00e9ane Michelon se rapproche du gros globeIBU Cup 20232024 Sur le podium du sprint \u00e0 Obertilliach, Oc\u00e9ane Michelon se rapproche du gros globe"},{"@type":"BreadcrumbList","@id":"https:\/\/dicodusport.fr\/blog\/ibu-cup-2023-2024-sur-le-podium-du-sprint-a-obertilliach-oceane-michelon-se-rapproche-du-gros-globe\/#breadcrumb","itemListElement":[{"@type":"ListItem","position":1,"name":"Accueil","item":"https:\/\/dicodusport.fr\/blog\/"},{"@type":"ListItem","position":2,"name":"IBU Cup 2023\/2024 : Sur le podium du sprint \u00e0 Obertilliach, Oc\u00e9ane Michelon se rapproche du gros globe"}]},{"@type":"WebSite","@id":"https:\/\/dicodusport.fr\/blog\/#website","url":"https:\/\/dicodusport.fr\/blog\/","name":"Dicodusport","description":"L&#039;encyclop\u00e9die de l&#039;actualit\u00e9 sportive","publisher":{"@id":"https:\/\/dicodusport.fr\/blog\/#organization"},"potentialAction":[{"@type":"SearchAction","target":{"@type":"EntryPoint","urlTemplate":"https:\/\/dicodusport.fr\/blog\/?s={search_term_string}"},"query-input":{"@type":"PropertyValueSpecification","valueRequired":true,"valueName":"search_term_string"}}],"inLanguage":"fr-FR"},{"@type":"NewsMediaOrganization","@id":"https:\/\/dicodusport.fr\/blog\/#organization","name":"Dicodusport","url":"https:\/\/dicodusport.fr\/blog\/","logo":{"@type":"ImageObject","inLanguage":"fr-FR","@id":"https:\/\/dicodusport.fr\/blog\/#\/schema\/logo\/image\/","url":"https:\/\/dicodusport.fr\/blog\/wp-content\/uploads\/2020\/06\/cropped-LOGO-DICODUSPORT-2020-SANS-FOND-SANS-TEXTE.png","contentUrl":"https:\/\/dicodusport.fr\/blog\/wp-content\/uploads\/2020\/06\/cropped-LOGO-DICODUSPORT-2020-SANS-FOND-SANS-TEXTE.png","width":512,"height":512,"caption":"Dicodusport"},"image":{"@id":"https:\/\/dicodusport.fr\/blog\/#\/schema\/logo\/image\/"},"sameAs":["https:\/\/www.facebook.com\/dicodusport","https:\/\/x.com\/dicodusport","https:\/\/www.instagram.com\/dicodusport\/","https:\/\/www.youtube.com\/channel\/UC7V2KZ5sd3htJivAbA4ZG3w"],"description":"Dicodusport est l'encyclop\u00e9die de l'actualit\u00e9 sportive.","email":"bonjour@dicodusport.fr","legalName":"DICODUSPORT","foundingDate":"2018-01-14","vatID":"FR71834470973","taxID":"83447097300043","numberOfEmployees":{"@type":"QuantitativeValue","minValue":"1","maxValue":"10"}},{"@type":"Person","@id":"https:\/\/dicodusport.fr\/blog\/#\/schema\/person\/d603dd7da31fb2b46c82b9835a77ec13","name":"Etienne Goursaud","image":{"@type":"ImageObject","inLanguage":"fr-FR","@id":"https:\/\/dicodusport.fr\/blog\/#\/schema\/person\/image\/","url":"https:\/\/dicodusport.fr\/blog\/wp-content\/uploads\/2023\/12\/410122264_10231602061736049_5565839791558026645_n-150x150.jpg","contentUrl":"https:\/\/dicodusport.fr\/blog\/wp-content\/uploads\/2023\/12\/410122264_10231602061736049_5565839791558026645_n-150x150.jpg","caption":"Etienne Goursaud"},"description":"Journaliste et amoureux de sport. Ancien footballeur reconverti athl\u00e8te quand ses muscles le laissent tranquille. \u00c9lev\u00e9 \u00e0 la sauce des exploits de Thomas Voeckler en 2004, du dernier essai de l\u00e9gende de Eunice Barber \u00e0 la longueur lors des championnats du monde d'athl\u00e9tisme de 2003 mais aussi Zidane, Omeyer et Titou Lamaison.","url":"https:\/\/dicodusport.fr\/blog\/author\/etienne-goursaud\/"}]}},"_links":{"self":[{"href":"https:\/\/dicodusport.fr\/blog\/wp-json\/wp\/v2\/posts\/470224","targetHints":{"allow":["GET"]}}],"collection":[{"href":"https:\/\/dicodusport.fr\/blog\/wp-json\/wp\/v2\/posts"}],"about":[{"href":"https:\/\/dicodusport.fr\/blog\/wp-json\/wp\/v2\/types\/post"}],"author":[{"embeddable":true,"href":"https:\/\/dicodusport.fr\/blog\/wp-json\/wp\/v2\/users\/83"}],"replies":[{"embeddable":true,"href":"https:\/\/dicodusport.fr\/blog\/wp-json\/wp\/v2\/comments?post=470224"}],"version-history":[{"count":5,"href":"https:\/\/dicodusport.fr\/blog\/wp-json\/wp\/v2\/posts\/470224\/revisions"}],"predecessor-version":[{"id":470241,"href":"https:\/\/dicodusport.fr\/blog\/wp-json\/wp\/v2\/posts\/470224\/revisions\/470241"}],"wp:featuredmedia":[{"embeddable":true,"href":"https:\/\/dicodusport.fr\/blog\/wp-json\/wp\/v2\/media\/470237"}],"wp:attachment":[{"href":"https:\/\/dicodusport.fr\/blog\/wp-json\/wp\/v2\/media?parent=470224"}],"wp:term":[{"taxonomy":"category","embeddable":true,"href":"https:\/\/dicodusport.fr\/blog\/wp-json\/wp\/v2\/categories?post=470224"},{"taxonomy":"post_tag","embeddable":true,"href":"https:\/\/dicodusport.fr\/blog\/wp-json\/wp\/v2\/tags?post=470224"}],"curies":[{"name":"wp","href":"https:\/\/api.w.org\/{rel}","templated":true}]}}