{"id":470367,"date":"2024-03-11T11:00:13","date_gmt":"2024-03-11T10:00:13","guid":{"rendered":"https:\/\/dicodusport.fr\/blog\/?p=470367&#038;preview=true&#038;preview_id=470367"},"modified":"2024-03-11T11:00:13","modified_gmt":"2024-03-11T10:00:13","slug":"pourquoi-arnaud-demare-ny-arrive-plus","status":"publish","type":"post","link":"https:\/\/dicodusport.fr\/blog\/pourquoi-arnaud-demare-ny-arrive-plus\/","title":{"rendered":"Pourquoi Arnaud D\u00e9mare n&rsquo;y arrive plus ?"},"content":{"rendered":"<p style=\"text-align: justify;\"><strong><em>CYCLISME &#8211; Apr\u00e8s son transfert surprise en ao\u00fbt 2023 pour rejoindre Ark\u00e9a &#8211; B&amp;B H\u00f4tels, Arnaud D\u00e9mare avait r\u00e9alis\u00e9 des d\u00e9buts encourageants avec l&rsquo;\u00e9quipe bretonne. Mais, depuis la reprise, la machine semble s&rsquo;\u00eatre enray\u00e9e. \u00c9l\u00e9ments d&rsquo;explication.<\/em><\/strong><\/p>\n<p style=\"text-align: justify;\"><strong>Arnaud D\u00e9mare<\/strong> avait sign\u00e9 dans l&rsquo;urgence le 1er ao\u00fbt 2023 dans la formation <strong>Ark\u00e9a &#8211; B&amp;B H\u00f4tels<\/strong>. On se souvient de son d\u00e9part retentissant de la <strong>Groupama-FDJ<\/strong> avec laquelle le divorce \u00e9tait consomm\u00e9. \u00c0 la recherche d&rsquo;un nouvel \u00e9lan pour sa carri\u00e8re, le Beauvaisien a rapidement fait ses preuves sous les couleurs de l&rsquo;\u00e9quipe bretonne.<\/p>\n<div class=\"vlp-link-container vlp-layout-article\"><a href=\"https:\/\/dicodusport.fr\/blog\/arnaud-demare-chez-arkea-samsic-des-le-1er-aout\/\" class=\"vlp-link\" title=\"Arnaud D\u00e9mare chez Ark\u00e9a-Samsic d\u00e8s le 1er ao\u00fbt\"><\/a><div class=\"vlp-layout-zone-side\"><div class=\"vlp-block-4 vlp-link-image\"><img loading=\"lazy\" decoding=\"async\" style=\"max-width: 800px;\" width=\"800\" height=\"445\" src=\"https:\/\/dicodusport.fr\/blog\/wp-content\/uploads\/2023\/03\/Arnaud-Demare-pourrait-quitter-la-Groupama-FDJ-a-la-fin-de-la-saison.png\" class=\"attachment-800x445 size-800x445\" alt=\"\" srcset=\"https:\/\/dicodusport.fr\/blog\/wp-content\/uploads\/2023\/03\/Arnaud-Demare-pourrait-quitter-la-Groupama-FDJ-a-la-fin-de-la-saison.png 800w, https:\/\/dicodusport.fr\/blog\/wp-content\/uploads\/2023\/03\/Arnaud-Demare-pourrait-quitter-la-Groupama-FDJ-a-la-fin-de-la-saison-300x167.png 300w, https:\/\/dicodusport.fr\/blog\/wp-content\/uploads\/2023\/03\/Arnaud-Demare-pourrait-quitter-la-Groupama-FDJ-a-la-fin-de-la-saison-768x427.png 768w\" sizes=\"auto, (max-width: 800px) 100vw, 800px\" \/><\/div><\/div><div class=\"vlp-layout-zone-main\"><div class=\"vlp-block-0 vlp-link-title\">Arnaud D\u00e9mare chez Ark\u00e9a-Samsic d\u00e8s le 1er ao\u00fbt<\/div><div class=\"vlp-block-1 vlp-link-summary\">CYCLISME SUR ROUTE 2023 - Selon Le Parisien, Arnaud D\u00e9mare va quitter la Groupama-FDJ avec effet imm\u00e9diat pour rejoindre Ark\u00e9a-Samsic.\u00a0<\/div><div class=\"vlp-block-2 vlp-link-button\">Lire l'article<\/div><div class=\"vlp-block-3 vlp-link-url\">dicodusport.fr<\/div><\/div><\/div>\n<h2 style=\"text-align: justify;\">Des d\u00e9buts fracassants avec Ark\u00e9a &#8211; B&amp;B H\u00f4tels<\/h2>\n<p style=\"text-align: justify;\">Ainsi, le d\u00e9clic mental s&rsquo;est rapidement op\u00e9r\u00e9. La confiance s&rsquo;av\u00e8re de premi\u00e8re importance pour un sprinteur et <strong>Arnaud D\u00e9mare<\/strong> la retrouva rapidement. Vingt jours apr\u00e8s sa signature, il termine quatri\u00e8me de la <a href=\"https:\/\/dicodusport.fr\/blog\/classement-bemer-cyclassics-hambourg-2023\/\"><strong>BEMER Cyclassics<\/strong><\/a> face \u00e0 un plateau relev\u00e9. Il s&rsquo;illustre aussi en Coupe de France en l&#8217;emportant sur le <a href=\"https:\/\/dicodusport.fr\/blog\/classement-tour-de-vendee-2023\/\"><strong>Tour de Vend\u00e9e<\/strong><\/a>, puis sur <a href=\"https:\/\/dicodusport.fr\/blog\/classement-tour-de-vendee-2023\/\"><strong>Paris-Bourges<\/strong><\/a> en fin d&rsquo;ann\u00e9e, avant de conclure l&rsquo;ann\u00e9e sur une belle huiti\u00e8me place sur <strong>Paris-Tours<\/strong>. Une confiance renaissante donc, accompagn\u00e9e d&rsquo;un \u00e9tat de fraicheur important, apr\u00e8s deux mois sans comp\u00e9tition.<\/p>\n<h2 style=\"text-align: justify;\">Un d\u00e9but de saison 2024 poussif<\/h2>\n<p style=\"text-align: justify;\">Alors ce n&rsquo;est pas facile de comprendre pourquoi\u00a0 2024 a si mal commenc\u00e9. Le sprinteur picard semble de nouveau manquer de rep\u00e8res dans le final d&rsquo;une course. Non seulement, il ne gagne plus, mais en plus, il ne parvient plus \u00e0 r\u00e9aliser des places d&rsquo;honneur. La relative d\u00e9sorganisation des sprints massifs en ce d\u00e9but d&rsquo;ann\u00e9e est un v\u00e9ritable probl\u00e8me pour <strong>Arnaud D\u00e9mare<\/strong>, lui le sprinteur qui aime fonctionner de mani\u00e8re propre avec son train.<\/p>\n<p style=\"text-align: justify;\">On semble en effet revenu au temps du chacun pour soi et des coureurs comme <strong>Olav Kooij<\/strong> gagne tr\u00e8s souvent en se d\u00e9brouillant seul. Cons\u00e9quence : aucun train ne s&rsquo;impose et il faut frotter, jouer des coudes et s&rsquo;imposer. Tout ce que d\u00e9teste <strong>Arnaud D\u00e9mare<\/strong>. De plus, son placement est loin d&rsquo;\u00eatre toujours id\u00e9al, ce qui complique encore son approche de l&rsquo;arriv\u00e9e. D&rsquo;autres coureurs tels <strong>Fabio Jakobsen<\/strong>, habitu\u00e9s au train, ont \u00e9galement des difficult\u00e9s d&rsquo;adaptation.<\/p>\n<blockquote class=\"twitter-tweet\">\n<p dir=\"ltr\" lang=\"fr\">En regard des conditions m\u00e9t\u00e9orologiques difficiles annonc\u00e9es ce week-end, Arnaud D\u00e9mare qui pr\u00e9sentait hier au soir les signes d&rsquo;un l\u00e9ger refroidissement ne sera pas au d\u00e9part de la 7\u00e8me \u00e9tape de Paris-Nice.<a href=\"https:\/\/twitter.com\/hashtag\/ParisNice?src=hash&amp;ref_src=twsrc%5Etfw\">#ParisNice<\/a> <a href=\"https:\/\/t.co\/m4EnEuaiSw\">pic.twitter.com\/m4EnEuaiSw<\/a><\/p>\n<p>\u2014 ARKEA-B&amp;B HOTELS (@arkeabbhotels) <a href=\"https:\/\/twitter.com\/arkeabbhotels\/status\/1766403115857645568?ref_src=twsrc%5Etfw\">March 9, 2024<\/a><\/p><\/blockquote>\n<p><script async src=\"https:\/\/platform.twitter.com\/widgets.js\" charset=\"utf-8\"><\/script><\/p>\n<h2 style=\"text-align: justify;\">Arnaud D\u00e9mare sprinteur ou coureur de classiques ?<\/h2>\n<p style=\"text-align: justify;\">Peut-\u00eatre aussi que <strong>D\u00e9mare<\/strong> ne figure plus parmi les sprinteurs les plus rapides du peloton. Il devient ainsi un peu juste pour le niveau <strong>World Tour.<\/strong> Aussi, une r\u00e9orientation de sa carri\u00e8re vers les classiques serait-elle envisageable ? On le sait, le natif de Beauvais, 32 ans, n&rsquo;est pas seulement un sprinteur, il est aussi tr\u00e8s endurant. Par le pass\u00e9, il a prouv\u00e9 \u00e0 maintes reprises sa capacit\u00e9 \u00e0 jouer les premiers r\u00f4les dans le final des classiques pour hommes forts et rapides. On se souvient tous de sa victoire sur <strong>Milan-San Remo<\/strong> en 2016. N\u00e9cessairement, il y a moins de monde dans le final et donc moins d&rsquo;aptitudes demand\u00e9es \u00e0 frotter. \u00c0 voir ce qu&rsquo;<strong>Arnaud D\u00e9mare<\/strong> d\u00e9cide quant \u00e0 la suite de sa carri\u00e8re.<\/p>\n<p>&nbsp;<\/p>\n<h2><\/h2>\n","protected":false},"excerpt":{"rendered":"<p>CYCLISME &#8211; Apr\u00e8s son transfert surprise en ao\u00fbt 2023 pour rejoindre Ark\u00e9a &#8211; B&#038;B H\u00f4tels, Arnaud D\u00e9mare d\u00e9\u00e7oit en d\u00e9but de saison 2024.<\/p>\n","protected":false},"author":92,"featured_media":471286,"comment_status":"open","ping_status":"closed","sticky":false,"template":"","format":"standard","meta":{"_acf_changed":false,"_daextam_enable_autolinks":"1","footnotes":""},"categories":[46994],"tags":[4285,16878],"class_list":["post-470367","post","type-post","status-publish","format-standard","has-post-thumbnail","hentry","category-cyclisme-sur-route","tag-arnaud-demare","tag-breve"],"acf":[],"yoast_head":"<!-- This site is optimized with the Yoast SEO Premium plugin v26.7 (Yoast SEO v26.7) - https:\/\/yoast.com\/wordpress\/plugins\/seo\/ -->\n<title>Pourquoi Arnaud D\u00e9mare n&#039;y arrive plus ?<\/title>\n<meta name=\"description\" content=\"CYCLISME - Apr\u00e8s son transfert surprise en ao\u00fbt 2023 pour rejoindre Ark\u00e9a - B&amp;B H\u00f4tels, Arnaud D\u00e9mare d\u00e9\u00e7oit en d\u00e9but de saison 2024.\" \/>\n<meta name=\"robots\" content=\"index, follow, max-snippet:-1, max-image-preview:large, max-video-preview:-1\" \/>\n<link rel=\"canonical\" href=\"https:\/\/dicodusport.fr\/blog\/pourquoi-arnaud-demare-ny-arrive-plus\/\" \/>\n<meta property=\"og:locale\" content=\"fr_FR\" \/>\n<meta property=\"og:type\" content=\"article\" \/>\n<meta property=\"og:title\" content=\"Pourquoi Arnaud D\u00e9mare n&#039;y arrive plus ?\" \/>\n<meta property=\"og:description\" content=\"CYCLISME - Apr\u00e8s son transfert surprise en ao\u00fbt 2023 pour rejoindre Ark\u00e9a - B&amp;B H\u00f4tels, Arnaud D\u00e9mare d\u00e9\u00e7oit en d\u00e9but de saison 2024.\" \/>\n<meta property=\"og:url\" content=\"https:\/\/dicodusport.fr\/blog\/pourquoi-arnaud-demare-ny-arrive-plus\/\" \/>\n<meta property=\"og:site_name\" content=\"Dicodusport\" \/>\n<meta property=\"article:publisher\" content=\"https:\/\/www.facebook.com\/dicodusport\" \/>\n<meta property=\"article:published_time\" content=\"2024-03-11T10:00:13+00:00\" \/>\n<meta property=\"og:image\" content=\"https:\/\/dicodusport.fr\/blog\/wp-content\/uploads\/2024\/03\/Pourquoi-Arnaud-Demare-ny-arrive-plus-.png\" \/>\n\t<meta property=\"og:image:width\" content=\"1200\" \/>\n\t<meta property=\"og:image:height\" content=\"674\" \/>\n\t<meta property=\"og:image:type\" content=\"image\/png\" \/>\n<meta name=\"author\" content=\"Olivier Dobiezynski\" \/>\n<meta name=\"twitter:card\" content=\"summary_large_image\" \/>\n<meta name=\"twitter:title\" content=\"Pourquoi Arnaud D\u00e9mare n&#039;y arrive plus ?\" \/>\n<meta name=\"twitter:creator\" content=\"@https:\/\/x.com\/Olivier_Matros\" \/>\n<meta name=\"twitter:site\" content=\"@dicodusport\" \/>\n<script type=\"application\/ld+json\" class=\"yoast-schema-graph\">{\"@context\":\"https:\/\/schema.org\",\"@graph\":[{\"@type\":\"NewsArticle\",\"@id\":\"https:\/\/dicodusport.fr\/blog\/pourquoi-arnaud-demare-ny-arrive-plus\/#article\",\"isPartOf\":{\"@id\":\"https:\/\/dicodusport.fr\/blog\/pourquoi-arnaud-demare-ny-arrive-plus\/\"},\"author\":{\"name\":\"Olivier Dobiezynski\",\"@id\":\"https:\/\/dicodusport.fr\/blog\/#\/schema\/person\/fe500246414ca17ddf0c0312d7a792cc\"},\"headline\":\"Pourquoi Arnaud D\u00e9mare n&rsquo;y arrive plus ?\",\"datePublished\":\"2024-03-11T10:00:13+00:00\",\"mainEntityOfPage\":{\"@id\":\"https:\/\/dicodusport.fr\/blog\/pourquoi-arnaud-demare-ny-arrive-plus\/\"},\"wordCount\":679,\"commentCount\":0,\"publisher\":{\"@id\":\"https:\/\/dicodusport.fr\/blog\/#organization\"},\"image\":{\"@id\":\"https:\/\/dicodusport.fr\/blog\/pourquoi-arnaud-demare-ny-arrive-plus\/#primaryimage\"},\"thumbnailUrl\":\"https:\/\/dicodusport.fr\/blog\/wp-content\/uploads\/2024\/03\/Pourquoi-Arnaud-Demare-ny-arrive-plus-.png\",\"keywords\":[\"Arnaud D\u00e9mare\",\"br\u00e8ve\"],\"articleSection\":[\"Cyclisme sur route\"],\"inLanguage\":\"fr-FR\",\"potentialAction\":[{\"@type\":\"CommentAction\",\"name\":\"Comment\",\"target\":[\"https:\/\/dicodusport.fr\/blog\/pourquoi-arnaud-demare-ny-arrive-plus\/#respond\"]}],\"copyrightYear\":\"2024\",\"copyrightHolder\":{\"@id\":\"https:\/\/dicodusport.fr\/blog\/#organization\"}},{\"@type\":\"WebPage\",\"@id\":\"https:\/\/dicodusport.fr\/blog\/pourquoi-arnaud-demare-ny-arrive-plus\/\",\"url\":\"https:\/\/dicodusport.fr\/blog\/pourquoi-arnaud-demare-ny-arrive-plus\/\",\"name\":\"Pourquoi Arnaud D\u00e9mare n'y arrive plus ?\",\"isPartOf\":{\"@id\":\"https:\/\/dicodusport.fr\/blog\/#website\"},\"primaryImageOfPage\":{\"@id\":\"https:\/\/dicodusport.fr\/blog\/pourquoi-arnaud-demare-ny-arrive-plus\/#primaryimage\"},\"image\":{\"@id\":\"https:\/\/dicodusport.fr\/blog\/pourquoi-arnaud-demare-ny-arrive-plus\/#primaryimage\"},\"thumbnailUrl\":\"https:\/\/dicodusport.fr\/blog\/wp-content\/uploads\/2024\/03\/Pourquoi-Arnaud-Demare-ny-arrive-plus-.png\",\"datePublished\":\"2024-03-11T10:00:13+00:00\",\"description\":\"CYCLISME - Apr\u00e8s son transfert surprise en ao\u00fbt 2023 pour rejoindre Ark\u00e9a - B&B H\u00f4tels, Arnaud D\u00e9mare d\u00e9\u00e7oit en d\u00e9but de saison 2024.\",\"breadcrumb\":{\"@id\":\"https:\/\/dicodusport.fr\/blog\/pourquoi-arnaud-demare-ny-arrive-plus\/#breadcrumb\"},\"inLanguage\":\"fr-FR\",\"potentialAction\":[{\"@type\":\"ReadAction\",\"target\":[\"https:\/\/dicodusport.fr\/blog\/pourquoi-arnaud-demare-ny-arrive-plus\/\"]}]},{\"@type\":\"ImageObject\",\"inLanguage\":\"fr-FR\",\"@id\":\"https:\/\/dicodusport.fr\/blog\/pourquoi-arnaud-demare-ny-arrive-plus\/#primaryimage\",\"url\":\"https:\/\/dicodusport.fr\/blog\/wp-content\/uploads\/2024\/03\/Pourquoi-Arnaud-Demare-ny-arrive-plus-.png\",\"contentUrl\":\"https:\/\/dicodusport.fr\/blog\/wp-content\/uploads\/2024\/03\/Pourquoi-Arnaud-Demare-ny-arrive-plus-.png\",\"width\":1200,\"height\":674,\"caption\":\"Pourquoi Arnaud D\u00e9mare n'y arrive plus\"},{\"@type\":\"BreadcrumbList\",\"@id\":\"https:\/\/dicodusport.fr\/blog\/pourquoi-arnaud-demare-ny-arrive-plus\/#breadcrumb\",\"itemListElement\":[{\"@type\":\"ListItem\",\"position\":1,\"name\":\"Accueil\",\"item\":\"https:\/\/dicodusport.fr\/blog\/\"},{\"@type\":\"ListItem\",\"position\":2,\"name\":\"Pourquoi Arnaud D\u00e9mare n&rsquo;y arrive plus ?\"}]},{\"@type\":\"WebSite\",\"@id\":\"https:\/\/dicodusport.fr\/blog\/#website\",\"url\":\"https:\/\/dicodusport.fr\/blog\/\",\"name\":\"Dicodusport\",\"description\":\"L&#039;encyclop\u00e9die de l&#039;actualit\u00e9 sportive\",\"publisher\":{\"@id\":\"https:\/\/dicodusport.fr\/blog\/#organization\"},\"potentialAction\":[{\"@type\":\"SearchAction\",\"target\":{\"@type\":\"EntryPoint\",\"urlTemplate\":\"https:\/\/dicodusport.fr\/blog\/?s={search_term_string}\"},\"query-input\":{\"@type\":\"PropertyValueSpecification\",\"valueRequired\":true,\"valueName\":\"search_term_string\"}}],\"inLanguage\":\"fr-FR\"},{\"@type\":\"NewsMediaOrganization\",\"@id\":\"https:\/\/dicodusport.fr\/blog\/#organization\",\"name\":\"Dicodusport\",\"url\":\"https:\/\/dicodusport.fr\/blog\/\",\"logo\":{\"@type\":\"ImageObject\",\"inLanguage\":\"fr-FR\",\"@id\":\"https:\/\/dicodusport.fr\/blog\/#\/schema\/logo\/image\/\",\"url\":\"https:\/\/dicodusport.fr\/blog\/wp-content\/uploads\/2020\/06\/cropped-LOGO-DICODUSPORT-2020-SANS-FOND-SANS-TEXTE.png\",\"contentUrl\":\"https:\/\/dicodusport.fr\/blog\/wp-content\/uploads\/2020\/06\/cropped-LOGO-DICODUSPORT-2020-SANS-FOND-SANS-TEXTE.png\",\"width\":512,\"height\":512,\"caption\":\"Dicodusport\"},\"image\":{\"@id\":\"https:\/\/dicodusport.fr\/blog\/#\/schema\/logo\/image\/\"},\"sameAs\":[\"https:\/\/www.facebook.com\/dicodusport\",\"https:\/\/x.com\/dicodusport\",\"https:\/\/www.instagram.com\/dicodusport\/\",\"https:\/\/www.youtube.com\/channel\/UC7V2KZ5sd3htJivAbA4ZG3w\"],\"description\":\"Dicodusport est l'encyclop\u00e9die de l'actualit\u00e9 sportive.\",\"email\":\"bonjour@dicodusport.fr\",\"legalName\":\"DICODUSPORT\",\"foundingDate\":\"2018-01-14\",\"vatID\":\"FR71834470973\",\"taxID\":\"83447097300043\",\"numberOfEmployees\":{\"@type\":\"QuantitativeValue\",\"minValue\":\"1\",\"maxValue\":\"10\"}},{\"@type\":\"Person\",\"@id\":\"https:\/\/dicodusport.fr\/blog\/#\/schema\/person\/fe500246414ca17ddf0c0312d7a792cc\",\"name\":\"Olivier Dobiezynski\",\"image\":{\"@type\":\"ImageObject\",\"inLanguage\":\"fr-FR\",\"@id\":\"https:\/\/dicodusport.fr\/blog\/#\/schema\/person\/image\/\",\"url\":\"https:\/\/dicodusport.fr\/blog\/wp-content\/uploads\/2024\/09\/5be8fe8d-9962-4f1e-ad06-d6f9dee30e6d-150x150.jpg\",\"contentUrl\":\"https:\/\/dicodusport.fr\/blog\/wp-content\/uploads\/2024\/09\/5be8fe8d-9962-4f1e-ad06-d6f9dee30e6d-150x150.jpg\",\"caption\":\"Olivier Dobiezynski\"},\"description\":\"Depuis le milieu des ann\u00e9es 90, la passion du cyclisme m'anime. Mes h\u00e9ros s'appellent Luc Leblanc, Piotr Ugrumov, Paolo Savoldelli, Peter Sagan et bien \u00e9videmment Romain Bardet. R\u00e9dacteur depuis 2023, je suis ici pour partager cet amour de la Petite Reine. Vous pourrez me lire \u00e9galement sur du trail, du ski de fond et tout autre sujet susceptible d'\u00e9veiller ma curiosit\u00e9 sportive.\",\"sameAs\":[\"https:\/\/x.com\/https:\/\/x.com\/Olivier_Matros\"],\"url\":\"https:\/\/dicodusport.fr\/blog\/author\/olivier-gh\/\"}]}<\/script>\n<!-- \/ Yoast SEO Premium plugin. -->","yoast_head_json":{"title":"Pourquoi Arnaud D\u00e9mare n'y arrive plus ?","description":"CYCLISME - Apr\u00e8s son transfert surprise en ao\u00fbt 2023 pour rejoindre Ark\u00e9a - B&B H\u00f4tels, Arnaud D\u00e9mare d\u00e9\u00e7oit en d\u00e9but de saison 2024.","robots":{"index":"index","follow":"follow","max-snippet":"max-snippet:-1","max-image-preview":"max-image-preview:large","max-video-preview":"max-video-preview:-1"},"canonical":"https:\/\/dicodusport.fr\/blog\/pourquoi-arnaud-demare-ny-arrive-plus\/","og_locale":"fr_FR","og_type":"article","og_title":"Pourquoi Arnaud D\u00e9mare n'y arrive plus ?","og_description":"CYCLISME - Apr\u00e8s son transfert surprise en ao\u00fbt 2023 pour rejoindre Ark\u00e9a - B&B H\u00f4tels, Arnaud D\u00e9mare d\u00e9\u00e7oit en d\u00e9but de saison 2024.","og_url":"https:\/\/dicodusport.fr\/blog\/pourquoi-arnaud-demare-ny-arrive-plus\/","og_site_name":"Dicodusport","article_publisher":"https:\/\/www.facebook.com\/dicodusport","article_published_time":"2024-03-11T10:00:13+00:00","og_image":[{"width":1200,"height":674,"url":"https:\/\/dicodusport.fr\/blog\/wp-content\/uploads\/2024\/03\/Pourquoi-Arnaud-Demare-ny-arrive-plus-.png","type":"image\/png"}],"author":"Olivier Dobiezynski","twitter_card":"summary_large_image","twitter_title":"Pourquoi Arnaud D\u00e9mare n'y arrive plus ?","twitter_creator":"@https:\/\/x.com\/Olivier_Matros","twitter_site":"@dicodusport","schema":{"@context":"https:\/\/schema.org","@graph":[{"@type":"NewsArticle","@id":"https:\/\/dicodusport.fr\/blog\/pourquoi-arnaud-demare-ny-arrive-plus\/#article","isPartOf":{"@id":"https:\/\/dicodusport.fr\/blog\/pourquoi-arnaud-demare-ny-arrive-plus\/"},"author":{"name":"Olivier Dobiezynski","@id":"https:\/\/dicodusport.fr\/blog\/#\/schema\/person\/fe500246414ca17ddf0c0312d7a792cc"},"headline":"Pourquoi Arnaud D\u00e9mare n&rsquo;y arrive plus ?","datePublished":"2024-03-11T10:00:13+00:00","mainEntityOfPage":{"@id":"https:\/\/dicodusport.fr\/blog\/pourquoi-arnaud-demare-ny-arrive-plus\/"},"wordCount":679,"commentCount":0,"publisher":{"@id":"https:\/\/dicodusport.fr\/blog\/#organization"},"image":{"@id":"https:\/\/dicodusport.fr\/blog\/pourquoi-arnaud-demare-ny-arrive-plus\/#primaryimage"},"thumbnailUrl":"https:\/\/dicodusport.fr\/blog\/wp-content\/uploads\/2024\/03\/Pourquoi-Arnaud-Demare-ny-arrive-plus-.png","keywords":["Arnaud D\u00e9mare","br\u00e8ve"],"articleSection":["Cyclisme sur route"],"inLanguage":"fr-FR","potentialAction":[{"@type":"CommentAction","name":"Comment","target":["https:\/\/dicodusport.fr\/blog\/pourquoi-arnaud-demare-ny-arrive-plus\/#respond"]}],"copyrightYear":"2024","copyrightHolder":{"@id":"https:\/\/dicodusport.fr\/blog\/#organization"}},{"@type":"WebPage","@id":"https:\/\/dicodusport.fr\/blog\/pourquoi-arnaud-demare-ny-arrive-plus\/","url":"https:\/\/dicodusport.fr\/blog\/pourquoi-arnaud-demare-ny-arrive-plus\/","name":"Pourquoi Arnaud D\u00e9mare n'y arrive plus ?","isPartOf":{"@id":"https:\/\/dicodusport.fr\/blog\/#website"},"primaryImageOfPage":{"@id":"https:\/\/dicodusport.fr\/blog\/pourquoi-arnaud-demare-ny-arrive-plus\/#primaryimage"},"image":{"@id":"https:\/\/dicodusport.fr\/blog\/pourquoi-arnaud-demare-ny-arrive-plus\/#primaryimage"},"thumbnailUrl":"https:\/\/dicodusport.fr\/blog\/wp-content\/uploads\/2024\/03\/Pourquoi-Arnaud-Demare-ny-arrive-plus-.png","datePublished":"2024-03-11T10:00:13+00:00","description":"CYCLISME - Apr\u00e8s son transfert surprise en ao\u00fbt 2023 pour rejoindre Ark\u00e9a - B&B H\u00f4tels, Arnaud D\u00e9mare d\u00e9\u00e7oit en d\u00e9but de saison 2024.","breadcrumb":{"@id":"https:\/\/dicodusport.fr\/blog\/pourquoi-arnaud-demare-ny-arrive-plus\/#breadcrumb"},"inLanguage":"fr-FR","potentialAction":[{"@type":"ReadAction","target":["https:\/\/dicodusport.fr\/blog\/pourquoi-arnaud-demare-ny-arrive-plus\/"]}]},{"@type":"ImageObject","inLanguage":"fr-FR","@id":"https:\/\/dicodusport.fr\/blog\/pourquoi-arnaud-demare-ny-arrive-plus\/#primaryimage","url":"https:\/\/dicodusport.fr\/blog\/wp-content\/uploads\/2024\/03\/Pourquoi-Arnaud-Demare-ny-arrive-plus-.png","contentUrl":"https:\/\/dicodusport.fr\/blog\/wp-content\/uploads\/2024\/03\/Pourquoi-Arnaud-Demare-ny-arrive-plus-.png","width":1200,"height":674,"caption":"Pourquoi Arnaud D\u00e9mare n'y arrive plus"},{"@type":"BreadcrumbList","@id":"https:\/\/dicodusport.fr\/blog\/pourquoi-arnaud-demare-ny-arrive-plus\/#breadcrumb","itemListElement":[{"@type":"ListItem","position":1,"name":"Accueil","item":"https:\/\/dicodusport.fr\/blog\/"},{"@type":"ListItem","position":2,"name":"Pourquoi Arnaud D\u00e9mare n&rsquo;y arrive plus ?"}]},{"@type":"WebSite","@id":"https:\/\/dicodusport.fr\/blog\/#website","url":"https:\/\/dicodusport.fr\/blog\/","name":"Dicodusport","description":"L&#039;encyclop\u00e9die de l&#039;actualit\u00e9 sportive","publisher":{"@id":"https:\/\/dicodusport.fr\/blog\/#organization"},"potentialAction":[{"@type":"SearchAction","target":{"@type":"EntryPoint","urlTemplate":"https:\/\/dicodusport.fr\/blog\/?s={search_term_string}"},"query-input":{"@type":"PropertyValueSpecification","valueRequired":true,"valueName":"search_term_string"}}],"inLanguage":"fr-FR"},{"@type":"NewsMediaOrganization","@id":"https:\/\/dicodusport.fr\/blog\/#organization","name":"Dicodusport","url":"https:\/\/dicodusport.fr\/blog\/","logo":{"@type":"ImageObject","inLanguage":"fr-FR","@id":"https:\/\/dicodusport.fr\/blog\/#\/schema\/logo\/image\/","url":"https:\/\/dicodusport.fr\/blog\/wp-content\/uploads\/2020\/06\/cropped-LOGO-DICODUSPORT-2020-SANS-FOND-SANS-TEXTE.png","contentUrl":"https:\/\/dicodusport.fr\/blog\/wp-content\/uploads\/2020\/06\/cropped-LOGO-DICODUSPORT-2020-SANS-FOND-SANS-TEXTE.png","width":512,"height":512,"caption":"Dicodusport"},"image":{"@id":"https:\/\/dicodusport.fr\/blog\/#\/schema\/logo\/image\/"},"sameAs":["https:\/\/www.facebook.com\/dicodusport","https:\/\/x.com\/dicodusport","https:\/\/www.instagram.com\/dicodusport\/","https:\/\/www.youtube.com\/channel\/UC7V2KZ5sd3htJivAbA4ZG3w"],"description":"Dicodusport est l'encyclop\u00e9die de l'actualit\u00e9 sportive.","email":"bonjour@dicodusport.fr","legalName":"DICODUSPORT","foundingDate":"2018-01-14","vatID":"FR71834470973","taxID":"83447097300043","numberOfEmployees":{"@type":"QuantitativeValue","minValue":"1","maxValue":"10"}},{"@type":"Person","@id":"https:\/\/dicodusport.fr\/blog\/#\/schema\/person\/fe500246414ca17ddf0c0312d7a792cc","name":"Olivier Dobiezynski","image":{"@type":"ImageObject","inLanguage":"fr-FR","@id":"https:\/\/dicodusport.fr\/blog\/#\/schema\/person\/image\/","url":"https:\/\/dicodusport.fr\/blog\/wp-content\/uploads\/2024\/09\/5be8fe8d-9962-4f1e-ad06-d6f9dee30e6d-150x150.jpg","contentUrl":"https:\/\/dicodusport.fr\/blog\/wp-content\/uploads\/2024\/09\/5be8fe8d-9962-4f1e-ad06-d6f9dee30e6d-150x150.jpg","caption":"Olivier Dobiezynski"},"description":"Depuis le milieu des ann\u00e9es 90, la passion du cyclisme m'anime. Mes h\u00e9ros s'appellent Luc Leblanc, Piotr Ugrumov, Paolo Savoldelli, Peter Sagan et bien \u00e9videmment Romain Bardet. R\u00e9dacteur depuis 2023, je suis ici pour partager cet amour de la Petite Reine. Vous pourrez me lire \u00e9galement sur du trail, du ski de fond et tout autre sujet susceptible d'\u00e9veiller ma curiosit\u00e9 sportive.","sameAs":["https:\/\/x.com\/https:\/\/x.com\/Olivier_Matros"],"url":"https:\/\/dicodusport.fr\/blog\/author\/olivier-gh\/"}]}},"_links":{"self":[{"href":"https:\/\/dicodusport.fr\/blog\/wp-json\/wp\/v2\/posts\/470367","targetHints":{"allow":["GET"]}}],"collection":[{"href":"https:\/\/dicodusport.fr\/blog\/wp-json\/wp\/v2\/posts"}],"about":[{"href":"https:\/\/dicodusport.fr\/blog\/wp-json\/wp\/v2\/types\/post"}],"author":[{"embeddable":true,"href":"https:\/\/dicodusport.fr\/blog\/wp-json\/wp\/v2\/users\/92"}],"replies":[{"embeddable":true,"href":"https:\/\/dicodusport.fr\/blog\/wp-json\/wp\/v2\/comments?post=470367"}],"version-history":[{"count":4,"href":"https:\/\/dicodusport.fr\/blog\/wp-json\/wp\/v2\/posts\/470367\/revisions"}],"predecessor-version":[{"id":471289,"href":"https:\/\/dicodusport.fr\/blog\/wp-json\/wp\/v2\/posts\/470367\/revisions\/471289"}],"wp:featuredmedia":[{"embeddable":true,"href":"https:\/\/dicodusport.fr\/blog\/wp-json\/wp\/v2\/media\/471286"}],"wp:attachment":[{"href":"https:\/\/dicodusport.fr\/blog\/wp-json\/wp\/v2\/media?parent=470367"}],"wp:term":[{"taxonomy":"category","embeddable":true,"href":"https:\/\/dicodusport.fr\/blog\/wp-json\/wp\/v2\/categories?post=470367"},{"taxonomy":"post_tag","embeddable":true,"href":"https:\/\/dicodusport.fr\/blog\/wp-json\/wp\/v2\/tags?post=470367"}],"curies":[{"name":"wp","href":"https:\/\/api.w.org\/{rel}","templated":true}]}}