{"id":470404,"date":"2024-03-08T19:09:35","date_gmt":"2024-03-08T18:09:35","guid":{"rendered":"https:\/\/dicodusport.fr\/blog\/?p=470404&#038;preview=true&#038;preview_id=470404"},"modified":"2024-03-08T21:54:40","modified_gmt":"2024-03-08T20:54:40","slug":"ares-19-la-liste-des-combats-cartes-principale-et-preliminaire","status":"publish","type":"post","link":"https:\/\/dicodusport.fr\/blog\/ares-19-la-liste-des-combats-cartes-principale-et-preliminaire\/","title":{"rendered":"ARES 19 : La liste des combats &#8211; Cartes principale et pr\u00e9liminaire"},"content":{"rendered":"<p style=\"text-align: justify;\" align=\"justify\"><em><strong>ARES 19 &#8211; Voici la carte principale et la carte pr\u00e9liminaire de l&rsquo;ARES 19 qui se d\u00e9roule ce vendredi 8 mars.\u00a0<\/strong><\/em><\/p>\n<p style=\"text-align: justify;\">Au lendemain du <a href=\"https:\/\/dicodusport.fr\/blog\/pfl-paris-2-les-resultats-en-direct\/\"><strong>PFL Paris 2<\/strong><\/a> qui ne s&rsquo;est pas termin\u00e9 comme les combattants et les fans l&rsquo;attendaient, l&rsquo;<strong>ARES 19<\/strong> se dispute \u00e0 Aubervilliers. Petit clin d&rsquo;\u0153il du destin, <strong>Jordan<\/strong> <strong>Zebo<\/strong> est pr\u00e9sent sur la r\u00e9union, au lendemain de <a href=\"https:\/\/dicodusport.fr\/blog\/pfl-paris-2-baki-bat-cedric-doumbe-par-tko\/\">la premi\u00e8re d\u00e9faite de <strong>C\u00e9dric<\/strong> <strong>Doumb\u00e8<\/strong><\/a>. Ce dernier a battu Zebo fin 2023 lors de la premi\u00e8re \u00e9dition de PFL Paris.<\/p>\n<h2 class=\"dm_article-paragraph \" style=\"text-align: justify;\">C<strong>arte principale de l&rsquo;ARES 19<\/strong><\/h2>\n<p class=\"dm_article-paragraph \" style=\"text-align: justify;\">Demarte Pena &#8211; Louis Lee Scott (World Bantamweight Championship)<br \/>\nJordan Zebo &#8211; Carlos Graca (Welterweight)<br \/>\nMossab El Marzkioui &#8211; Azize Hilali (Featherweight)<br \/>\nIlian Bouafia &#8211; Carlos Cainan (Catchweight 88kg)<br \/>\nAle Donatello &#8211; Ourouzmag Magkeyev (Catchweight 86kg)<\/p>\n<h2 class=\"dm_article-paragraph \" style=\"text-align: justify;\">Carte pr\u00e9liminaire de l&rsquo;ARES 19<\/h2>\n<p class=\"dm_article-paragraph \" style=\"text-align: justify;\">Cherif Drame &#8211; Angelo Alvarez Barrios (Middleweight)<br \/>\nJoana Chevreuil &#8211; Melissa Hurtado (Stramweight)<br \/>\nGaetan Dambo &#8211; John Caseneuil (Welterweight)<\/p>\n","protected":false},"excerpt":{"rendered":"<p>ARES 19 &#8211; Voici la carte principale et la carte pr\u00e9liminaire de l&rsquo;ARES 19 qui se d\u00e9roule ce vendredi 8 mars.\u00a0<\/p>\n","protected":false},"author":1,"featured_media":470408,"comment_status":"open","ping_status":"closed","sticky":false,"template":"","format":"standard","meta":{"_acf_changed":false,"_daextam_enable_autolinks":"1","footnotes":""},"categories":[10666],"tags":[16878,34765],"class_list":["post-470404","post","type-post","status-publish","format-standard","has-post-thumbnail","hentry","category-mma","tag-breve","tag-jordan-zebo"],"acf":[],"yoast_head":"<!-- This site is optimized with the Yoast SEO Premium plugin v26.7 (Yoast SEO v26.7) - https:\/\/yoast.com\/wordpress\/plugins\/seo\/ -->\n<title>ARES 19 : La liste des combats - Cartes principale et pr\u00e9liminaire<\/title>\n<meta name=\"description\" content=\"ARES 19 - Voici la carte principale et la carte pr\u00e9liminaire de l&#039;ARES 19 qui se d\u00e9roule ce vendredi 8 mars.\u00a0\" \/>\n<meta name=\"robots\" content=\"index, follow, max-snippet:-1, max-image-preview:large, max-video-preview:-1\" \/>\n<link rel=\"canonical\" href=\"https:\/\/dicodusport.fr\/blog\/ares-19-la-liste-des-combats-cartes-principale-et-preliminaire\/\" \/>\n<meta property=\"og:locale\" content=\"fr_FR\" \/>\n<meta property=\"og:type\" content=\"article\" \/>\n<meta property=\"og:title\" content=\"ARES 19 : La liste des combats - Cartes principale et pr\u00e9liminaire\" \/>\n<meta property=\"og:description\" content=\"ARES 19 - Voici la carte principale et la carte pr\u00e9liminaire de l&#039;ARES 19 qui se d\u00e9roule ce vendredi 8 mars.\u00a0\" \/>\n<meta property=\"og:url\" content=\"https:\/\/dicodusport.fr\/blog\/ares-19-la-liste-des-combats-cartes-principale-et-preliminaire\/\" \/>\n<meta property=\"og:site_name\" content=\"Dicodusport\" \/>\n<meta property=\"article:publisher\" content=\"https:\/\/www.facebook.com\/dicodusport\" \/>\n<meta property=\"article:author\" content=\"https:\/\/www.facebook.com\/dicodusport\" \/>\n<meta property=\"article:published_time\" content=\"2024-03-08T18:09:35+00:00\" \/>\n<meta property=\"article:modified_time\" content=\"2024-03-08T20:54:40+00:00\" \/>\n<meta property=\"og:image\" content=\"https:\/\/dicodusport.fr\/blog\/wp-content\/uploads\/2024\/03\/ARES-19-La-liste-des-combats-Cartes-principale-et-preliminaire.png\" \/>\n\t<meta property=\"og:image:width\" content=\"1200\" \/>\n\t<meta property=\"og:image:height\" content=\"674\" \/>\n\t<meta property=\"og:image:type\" content=\"image\/png\" \/>\n<meta name=\"author\" content=\"Nicolas Jacquemard\" \/>\n<meta name=\"twitter:card\" content=\"summary_large_image\" \/>\n<meta name=\"twitter:title\" content=\"ARES 19 : La liste des combats - Cartes principale et pr\u00e9liminaire\" \/>\n<meta name=\"twitter:creator\" content=\"@https:\/\/twitter.com\/Nico_Jacquemard\" \/>\n<meta name=\"twitter:site\" content=\"@dicodusport\" \/>\n<script type=\"application\/ld+json\" class=\"yoast-schema-graph\">{\"@context\":\"https:\/\/schema.org\",\"@graph\":[{\"@type\":\"NewsArticle\",\"@id\":\"https:\/\/dicodusport.fr\/blog\/ares-19-la-liste-des-combats-cartes-principale-et-preliminaire\/#article\",\"isPartOf\":{\"@id\":\"https:\/\/dicodusport.fr\/blog\/ares-19-la-liste-des-combats-cartes-principale-et-preliminaire\/\"},\"author\":{\"name\":\"Nicolas Jacquemard\",\"@id\":\"https:\/\/dicodusport.fr\/blog\/#\/schema\/person\/55dcb50ad410894e431ed812bbb70191\"},\"headline\":\"ARES 19 : La liste des combats &#8211; Cartes principale et pr\u00e9liminaire\",\"datePublished\":\"2024-03-08T18:09:35+00:00\",\"dateModified\":\"2024-03-08T20:54:40+00:00\",\"mainEntityOfPage\":{\"@id\":\"https:\/\/dicodusport.fr\/blog\/ares-19-la-liste-des-combats-cartes-principale-et-preliminaire\/\"},\"wordCount\":164,\"commentCount\":0,\"publisher\":{\"@id\":\"https:\/\/dicodusport.fr\/blog\/#organization\"},\"image\":{\"@id\":\"https:\/\/dicodusport.fr\/blog\/ares-19-la-liste-des-combats-cartes-principale-et-preliminaire\/#primaryimage\"},\"thumbnailUrl\":\"https:\/\/dicodusport.fr\/blog\/wp-content\/uploads\/2024\/03\/ARES-19-La-liste-des-combats-Cartes-principale-et-preliminaire.png\",\"keywords\":[\"br\u00e8ve\",\"Jordan Z\u00e9bo\"],\"articleSection\":[\"MMA\"],\"inLanguage\":\"fr-FR\",\"potentialAction\":[{\"@type\":\"CommentAction\",\"name\":\"Comment\",\"target\":[\"https:\/\/dicodusport.fr\/blog\/ares-19-la-liste-des-combats-cartes-principale-et-preliminaire\/#respond\"]}],\"copyrightYear\":\"2024\",\"copyrightHolder\":{\"@id\":\"https:\/\/dicodusport.fr\/blog\/#organization\"}},{\"@type\":\"WebPage\",\"@id\":\"https:\/\/dicodusport.fr\/blog\/ares-19-la-liste-des-combats-cartes-principale-et-preliminaire\/\",\"url\":\"https:\/\/dicodusport.fr\/blog\/ares-19-la-liste-des-combats-cartes-principale-et-preliminaire\/\",\"name\":\"ARES 19 : La liste des combats - Cartes principale et pr\u00e9liminaire\",\"isPartOf\":{\"@id\":\"https:\/\/dicodusport.fr\/blog\/#website\"},\"primaryImageOfPage\":{\"@id\":\"https:\/\/dicodusport.fr\/blog\/ares-19-la-liste-des-combats-cartes-principale-et-preliminaire\/#primaryimage\"},\"image\":{\"@id\":\"https:\/\/dicodusport.fr\/blog\/ares-19-la-liste-des-combats-cartes-principale-et-preliminaire\/#primaryimage\"},\"thumbnailUrl\":\"https:\/\/dicodusport.fr\/blog\/wp-content\/uploads\/2024\/03\/ARES-19-La-liste-des-combats-Cartes-principale-et-preliminaire.png\",\"datePublished\":\"2024-03-08T18:09:35+00:00\",\"dateModified\":\"2024-03-08T20:54:40+00:00\",\"description\":\"ARES 19 - Voici la carte principale et la carte pr\u00e9liminaire de l'ARES 19 qui se d\u00e9roule ce vendredi 8 mars.\u00a0\",\"breadcrumb\":{\"@id\":\"https:\/\/dicodusport.fr\/blog\/ares-19-la-liste-des-combats-cartes-principale-et-preliminaire\/#breadcrumb\"},\"inLanguage\":\"fr-FR\",\"potentialAction\":[{\"@type\":\"ReadAction\",\"target\":[\"https:\/\/dicodusport.fr\/blog\/ares-19-la-liste-des-combats-cartes-principale-et-preliminaire\/\"]}]},{\"@type\":\"ImageObject\",\"inLanguage\":\"fr-FR\",\"@id\":\"https:\/\/dicodusport.fr\/blog\/ares-19-la-liste-des-combats-cartes-principale-et-preliminaire\/#primaryimage\",\"url\":\"https:\/\/dicodusport.fr\/blog\/wp-content\/uploads\/2024\/03\/ARES-19-La-liste-des-combats-Cartes-principale-et-preliminaire.png\",\"contentUrl\":\"https:\/\/dicodusport.fr\/blog\/wp-content\/uploads\/2024\/03\/ARES-19-La-liste-des-combats-Cartes-principale-et-preliminaire.png\",\"width\":1200,\"height\":674},{\"@type\":\"BreadcrumbList\",\"@id\":\"https:\/\/dicodusport.fr\/blog\/ares-19-la-liste-des-combats-cartes-principale-et-preliminaire\/#breadcrumb\",\"itemListElement\":[{\"@type\":\"ListItem\",\"position\":1,\"name\":\"Accueil\",\"item\":\"https:\/\/dicodusport.fr\/blog\/\"},{\"@type\":\"ListItem\",\"position\":2,\"name\":\"ARES 19 : La liste des combats &#8211; Cartes principale et pr\u00e9liminaire\"}]},{\"@type\":\"WebSite\",\"@id\":\"https:\/\/dicodusport.fr\/blog\/#website\",\"url\":\"https:\/\/dicodusport.fr\/blog\/\",\"name\":\"Dicodusport\",\"description\":\"L&#039;encyclop\u00e9die de l&#039;actualit\u00e9 sportive\",\"publisher\":{\"@id\":\"https:\/\/dicodusport.fr\/blog\/#organization\"},\"potentialAction\":[{\"@type\":\"SearchAction\",\"target\":{\"@type\":\"EntryPoint\",\"urlTemplate\":\"https:\/\/dicodusport.fr\/blog\/?s={search_term_string}\"},\"query-input\":{\"@type\":\"PropertyValueSpecification\",\"valueRequired\":true,\"valueName\":\"search_term_string\"}}],\"inLanguage\":\"fr-FR\"},{\"@type\":\"NewsMediaOrganization\",\"@id\":\"https:\/\/dicodusport.fr\/blog\/#organization\",\"name\":\"Dicodusport\",\"url\":\"https:\/\/dicodusport.fr\/blog\/\",\"logo\":{\"@type\":\"ImageObject\",\"inLanguage\":\"fr-FR\",\"@id\":\"https:\/\/dicodusport.fr\/blog\/#\/schema\/logo\/image\/\",\"url\":\"https:\/\/dicodusport.fr\/blog\/wp-content\/uploads\/2020\/06\/cropped-LOGO-DICODUSPORT-2020-SANS-FOND-SANS-TEXTE.png\",\"contentUrl\":\"https:\/\/dicodusport.fr\/blog\/wp-content\/uploads\/2020\/06\/cropped-LOGO-DICODUSPORT-2020-SANS-FOND-SANS-TEXTE.png\",\"width\":512,\"height\":512,\"caption\":\"Dicodusport\"},\"image\":{\"@id\":\"https:\/\/dicodusport.fr\/blog\/#\/schema\/logo\/image\/\"},\"sameAs\":[\"https:\/\/www.facebook.com\/dicodusport\",\"https:\/\/x.com\/dicodusport\",\"https:\/\/www.instagram.com\/dicodusport\/\",\"https:\/\/www.youtube.com\/channel\/UC7V2KZ5sd3htJivAbA4ZG3w\"],\"description\":\"Dicodusport est l'encyclop\u00e9die de l'actualit\u00e9 sportive.\",\"email\":\"bonjour@dicodusport.fr\",\"legalName\":\"DICODUSPORT\",\"foundingDate\":\"2018-01-14\",\"vatID\":\"FR71834470973\",\"taxID\":\"83447097300043\",\"numberOfEmployees\":{\"@type\":\"QuantitativeValue\",\"minValue\":\"1\",\"maxValue\":\"10\"}},{\"@type\":\"Person\",\"@id\":\"https:\/\/dicodusport.fr\/blog\/#\/schema\/person\/55dcb50ad410894e431ed812bbb70191\",\"name\":\"Nicolas Jacquemard\",\"image\":{\"@type\":\"ImageObject\",\"inLanguage\":\"fr-FR\",\"@id\":\"https:\/\/dicodusport.fr\/blog\/#\/schema\/person\/image\/\",\"url\":\"https:\/\/dicodusport.fr\/blog\/wp-content\/uploads\/2021\/05\/Nicolas-Jacquemard-150x150.jpeg\",\"contentUrl\":\"https:\/\/dicodusport.fr\/blog\/wp-content\/uploads\/2021\/05\/Nicolas-Jacquemard-150x150.jpeg\",\"caption\":\"Nicolas Jacquemard\"},\"description\":\"Passionn\u00e9 de sport et entrepreneur depuis mes 18 ans, la cr\u00e9ation de Dicodusport m'a sembl\u00e9 \u00e9vidente pour participer \u00e0 la m\u00e9diatisation d'un plus grand nombre de sports. Le chemin est long mais avec une \u00e9quipe des plus motiv\u00e9es et les Jeux Olympiques de Paris 2024 en point de mire, nous y arriverons ! Journaliste dans le monde du sport depuis plus de 5 ans, je traite aussi bien de football, de rugby, de biathlon que de cyclisme.\",\"sameAs\":[\"https:\/\/www.facebook.com\/dicodusport\",\"https:\/\/x.com\/https:\/\/twitter.com\/Nico_Jacquemard\"],\"url\":\"https:\/\/dicodusport.fr\/blog\/author\/dicodusport\/\"}]}<\/script>\n<!-- \/ Yoast SEO Premium plugin. -->","yoast_head_json":{"title":"ARES 19 : La liste des combats - Cartes principale et pr\u00e9liminaire","description":"ARES 19 - Voici la carte principale et la carte pr\u00e9liminaire de l'ARES 19 qui se d\u00e9roule ce vendredi 8 mars.\u00a0","robots":{"index":"index","follow":"follow","max-snippet":"max-snippet:-1","max-image-preview":"max-image-preview:large","max-video-preview":"max-video-preview:-1"},"canonical":"https:\/\/dicodusport.fr\/blog\/ares-19-la-liste-des-combats-cartes-principale-et-preliminaire\/","og_locale":"fr_FR","og_type":"article","og_title":"ARES 19 : La liste des combats - Cartes principale et pr\u00e9liminaire","og_description":"ARES 19 - Voici la carte principale et la carte pr\u00e9liminaire de l'ARES 19 qui se d\u00e9roule ce vendredi 8 mars.\u00a0","og_url":"https:\/\/dicodusport.fr\/blog\/ares-19-la-liste-des-combats-cartes-principale-et-preliminaire\/","og_site_name":"Dicodusport","article_publisher":"https:\/\/www.facebook.com\/dicodusport","article_author":"https:\/\/www.facebook.com\/dicodusport","article_published_time":"2024-03-08T18:09:35+00:00","article_modified_time":"2024-03-08T20:54:40+00:00","og_image":[{"width":1200,"height":674,"url":"https:\/\/dicodusport.fr\/blog\/wp-content\/uploads\/2024\/03\/ARES-19-La-liste-des-combats-Cartes-principale-et-preliminaire.png","type":"image\/png"}],"author":"Nicolas Jacquemard","twitter_card":"summary_large_image","twitter_title":"ARES 19 : La liste des combats - Cartes principale et pr\u00e9liminaire","twitter_creator":"@https:\/\/twitter.com\/Nico_Jacquemard","twitter_site":"@dicodusport","schema":{"@context":"https:\/\/schema.org","@graph":[{"@type":"NewsArticle","@id":"https:\/\/dicodusport.fr\/blog\/ares-19-la-liste-des-combats-cartes-principale-et-preliminaire\/#article","isPartOf":{"@id":"https:\/\/dicodusport.fr\/blog\/ares-19-la-liste-des-combats-cartes-principale-et-preliminaire\/"},"author":{"name":"Nicolas Jacquemard","@id":"https:\/\/dicodusport.fr\/blog\/#\/schema\/person\/55dcb50ad410894e431ed812bbb70191"},"headline":"ARES 19 : La liste des combats &#8211; Cartes principale et pr\u00e9liminaire","datePublished":"2024-03-08T18:09:35+00:00","dateModified":"2024-03-08T20:54:40+00:00","mainEntityOfPage":{"@id":"https:\/\/dicodusport.fr\/blog\/ares-19-la-liste-des-combats-cartes-principale-et-preliminaire\/"},"wordCount":164,"commentCount":0,"publisher":{"@id":"https:\/\/dicodusport.fr\/blog\/#organization"},"image":{"@id":"https:\/\/dicodusport.fr\/blog\/ares-19-la-liste-des-combats-cartes-principale-et-preliminaire\/#primaryimage"},"thumbnailUrl":"https:\/\/dicodusport.fr\/blog\/wp-content\/uploads\/2024\/03\/ARES-19-La-liste-des-combats-Cartes-principale-et-preliminaire.png","keywords":["br\u00e8ve","Jordan Z\u00e9bo"],"articleSection":["MMA"],"inLanguage":"fr-FR","potentialAction":[{"@type":"CommentAction","name":"Comment","target":["https:\/\/dicodusport.fr\/blog\/ares-19-la-liste-des-combats-cartes-principale-et-preliminaire\/#respond"]}],"copyrightYear":"2024","copyrightHolder":{"@id":"https:\/\/dicodusport.fr\/blog\/#organization"}},{"@type":"WebPage","@id":"https:\/\/dicodusport.fr\/blog\/ares-19-la-liste-des-combats-cartes-principale-et-preliminaire\/","url":"https:\/\/dicodusport.fr\/blog\/ares-19-la-liste-des-combats-cartes-principale-et-preliminaire\/","name":"ARES 19 : La liste des combats - Cartes principale et pr\u00e9liminaire","isPartOf":{"@id":"https:\/\/dicodusport.fr\/blog\/#website"},"primaryImageOfPage":{"@id":"https:\/\/dicodusport.fr\/blog\/ares-19-la-liste-des-combats-cartes-principale-et-preliminaire\/#primaryimage"},"image":{"@id":"https:\/\/dicodusport.fr\/blog\/ares-19-la-liste-des-combats-cartes-principale-et-preliminaire\/#primaryimage"},"thumbnailUrl":"https:\/\/dicodusport.fr\/blog\/wp-content\/uploads\/2024\/03\/ARES-19-La-liste-des-combats-Cartes-principale-et-preliminaire.png","datePublished":"2024-03-08T18:09:35+00:00","dateModified":"2024-03-08T20:54:40+00:00","description":"ARES 19 - Voici la carte principale et la carte pr\u00e9liminaire de l'ARES 19 qui se d\u00e9roule ce vendredi 8 mars.\u00a0","breadcrumb":{"@id":"https:\/\/dicodusport.fr\/blog\/ares-19-la-liste-des-combats-cartes-principale-et-preliminaire\/#breadcrumb"},"inLanguage":"fr-FR","potentialAction":[{"@type":"ReadAction","target":["https:\/\/dicodusport.fr\/blog\/ares-19-la-liste-des-combats-cartes-principale-et-preliminaire\/"]}]},{"@type":"ImageObject","inLanguage":"fr-FR","@id":"https:\/\/dicodusport.fr\/blog\/ares-19-la-liste-des-combats-cartes-principale-et-preliminaire\/#primaryimage","url":"https:\/\/dicodusport.fr\/blog\/wp-content\/uploads\/2024\/03\/ARES-19-La-liste-des-combats-Cartes-principale-et-preliminaire.png","contentUrl":"https:\/\/dicodusport.fr\/blog\/wp-content\/uploads\/2024\/03\/ARES-19-La-liste-des-combats-Cartes-principale-et-preliminaire.png","width":1200,"height":674},{"@type":"BreadcrumbList","@id":"https:\/\/dicodusport.fr\/blog\/ares-19-la-liste-des-combats-cartes-principale-et-preliminaire\/#breadcrumb","itemListElement":[{"@type":"ListItem","position":1,"name":"Accueil","item":"https:\/\/dicodusport.fr\/blog\/"},{"@type":"ListItem","position":2,"name":"ARES 19 : La liste des combats &#8211; Cartes principale et pr\u00e9liminaire"}]},{"@type":"WebSite","@id":"https:\/\/dicodusport.fr\/blog\/#website","url":"https:\/\/dicodusport.fr\/blog\/","name":"Dicodusport","description":"L&#039;encyclop\u00e9die de l&#039;actualit\u00e9 sportive","publisher":{"@id":"https:\/\/dicodusport.fr\/blog\/#organization"},"potentialAction":[{"@type":"SearchAction","target":{"@type":"EntryPoint","urlTemplate":"https:\/\/dicodusport.fr\/blog\/?s={search_term_string}"},"query-input":{"@type":"PropertyValueSpecification","valueRequired":true,"valueName":"search_term_string"}}],"inLanguage":"fr-FR"},{"@type":"NewsMediaOrganization","@id":"https:\/\/dicodusport.fr\/blog\/#organization","name":"Dicodusport","url":"https:\/\/dicodusport.fr\/blog\/","logo":{"@type":"ImageObject","inLanguage":"fr-FR","@id":"https:\/\/dicodusport.fr\/blog\/#\/schema\/logo\/image\/","url":"https:\/\/dicodusport.fr\/blog\/wp-content\/uploads\/2020\/06\/cropped-LOGO-DICODUSPORT-2020-SANS-FOND-SANS-TEXTE.png","contentUrl":"https:\/\/dicodusport.fr\/blog\/wp-content\/uploads\/2020\/06\/cropped-LOGO-DICODUSPORT-2020-SANS-FOND-SANS-TEXTE.png","width":512,"height":512,"caption":"Dicodusport"},"image":{"@id":"https:\/\/dicodusport.fr\/blog\/#\/schema\/logo\/image\/"},"sameAs":["https:\/\/www.facebook.com\/dicodusport","https:\/\/x.com\/dicodusport","https:\/\/www.instagram.com\/dicodusport\/","https:\/\/www.youtube.com\/channel\/UC7V2KZ5sd3htJivAbA4ZG3w"],"description":"Dicodusport est l'encyclop\u00e9die de l'actualit\u00e9 sportive.","email":"bonjour@dicodusport.fr","legalName":"DICODUSPORT","foundingDate":"2018-01-14","vatID":"FR71834470973","taxID":"83447097300043","numberOfEmployees":{"@type":"QuantitativeValue","minValue":"1","maxValue":"10"}},{"@type":"Person","@id":"https:\/\/dicodusport.fr\/blog\/#\/schema\/person\/55dcb50ad410894e431ed812bbb70191","name":"Nicolas Jacquemard","image":{"@type":"ImageObject","inLanguage":"fr-FR","@id":"https:\/\/dicodusport.fr\/blog\/#\/schema\/person\/image\/","url":"https:\/\/dicodusport.fr\/blog\/wp-content\/uploads\/2021\/05\/Nicolas-Jacquemard-150x150.jpeg","contentUrl":"https:\/\/dicodusport.fr\/blog\/wp-content\/uploads\/2021\/05\/Nicolas-Jacquemard-150x150.jpeg","caption":"Nicolas Jacquemard"},"description":"Passionn\u00e9 de sport et entrepreneur depuis mes 18 ans, la cr\u00e9ation de Dicodusport m'a sembl\u00e9 \u00e9vidente pour participer \u00e0 la m\u00e9diatisation d'un plus grand nombre de sports. Le chemin est long mais avec une \u00e9quipe des plus motiv\u00e9es et les Jeux Olympiques de Paris 2024 en point de mire, nous y arriverons ! Journaliste dans le monde du sport depuis plus de 5 ans, je traite aussi bien de football, de rugby, de biathlon que de cyclisme.","sameAs":["https:\/\/www.facebook.com\/dicodusport","https:\/\/x.com\/https:\/\/twitter.com\/Nico_Jacquemard"],"url":"https:\/\/dicodusport.fr\/blog\/author\/dicodusport\/"}]}},"_links":{"self":[{"href":"https:\/\/dicodusport.fr\/blog\/wp-json\/wp\/v2\/posts\/470404","targetHints":{"allow":["GET"]}}],"collection":[{"href":"https:\/\/dicodusport.fr\/blog\/wp-json\/wp\/v2\/posts"}],"about":[{"href":"https:\/\/dicodusport.fr\/blog\/wp-json\/wp\/v2\/types\/post"}],"author":[{"embeddable":true,"href":"https:\/\/dicodusport.fr\/blog\/wp-json\/wp\/v2\/users\/1"}],"replies":[{"embeddable":true,"href":"https:\/\/dicodusport.fr\/blog\/wp-json\/wp\/v2\/comments?post=470404"}],"version-history":[{"count":5,"href":"https:\/\/dicodusport.fr\/blog\/wp-json\/wp\/v2\/posts\/470404\/revisions"}],"predecessor-version":[{"id":470456,"href":"https:\/\/dicodusport.fr\/blog\/wp-json\/wp\/v2\/posts\/470404\/revisions\/470456"}],"wp:featuredmedia":[{"embeddable":true,"href":"https:\/\/dicodusport.fr\/blog\/wp-json\/wp\/v2\/media\/470408"}],"wp:attachment":[{"href":"https:\/\/dicodusport.fr\/blog\/wp-json\/wp\/v2\/media?parent=470404"}],"wp:term":[{"taxonomy":"category","embeddable":true,"href":"https:\/\/dicodusport.fr\/blog\/wp-json\/wp\/v2\/categories?post=470404"},{"taxonomy":"post_tag","embeddable":true,"href":"https:\/\/dicodusport.fr\/blog\/wp-json\/wp\/v2\/tags?post=470404"}],"curies":[{"name":"wp","href":"https:\/\/api.w.org\/{rel}","templated":true}]}}