{"id":47057,"date":"2019-09-02T20:48:02","date_gmt":"2019-09-02T18:48:02","guid":{"rendered":"http:\/\/dicodusport.fr\/blog\/?p=47057"},"modified":"2021-10-18T17:08:33","modified_gmt":"2021-10-18T15:08:33","slug":"xv-de-france-la-liste-des-31-bleus-pour-la-coupe-du-monde-au-japon","status":"publish","type":"post","link":"https:\/\/dicodusport.fr\/blog\/xv-de-france-la-liste-des-31-bleus-pour-la-coupe-du-monde-au-japon\/","title":{"rendered":"XV de France : la liste des 31 Bleus pour la Coupe du monde au Japon"},"content":{"rendered":"<p style=\"text-align: justify;\"><strong><em><a href=\"https:\/\/dicodusport.fr\/blog\/tag\/xv-de-france\/\" target=\"_blank\" rel=\"noopener\">XV de France<\/a> &#8211; La liste des 31 joueurs de l&rsquo;\u00e9quipe de France pour la Coupe du monde au Japon a \u00e9t\u00e9 annonc\u00e9e ce lundi soir sur TF1.<br \/>\n<\/em><\/strong><\/p>\n<p style=\"text-align: justify;\"><strong>Avants :<\/strong> Jefferson Poirot (Bordeaux-B\u00e8gles), Cyril Baille (Toulouse), Guilhem Guirado (Toulon), Camille Chat (Racing 92), Peato Mauvaka (Toulouse), Emerick Setiano (Toulon), Rabah Slimani (Clermont), Demba Bamba (Brive), S\u00e9bastien Vahaamahina (Clermont), Bernard Le Roux (Racing 92), Paul Gabrillagues (Stade Fran\u00e7ais), Arthur Iturria (Clermont), Yacouba Camara (Montpellier), Wenceslas Lauret (Racing 92), Gr\u00e9gory Alldritt (La Rochelle), Charles Ollivon (Toulon), Camara (Montpellier), Louis Picamoles (Montpellier)<\/p>\n<p style=\"text-align: justify;\"><strong>Arri\u00e8res :<\/strong> Antoine Dupont (Toulouse), Baptiste Serin (Bordeaux-B\u00e8gles), Maxime Machenaud (Racing 92), Romain Ntamack (Toulouse), Camille Lopez (Clermont), Wesley Fofana (Clermont), Ga\u00ebl Fickou (Stade Fran\u00e7ais), Sofiane Guitoune (Toulouse), Virimi Vakatawa (Racing 92), Yoann Huget (Toulouse), Damian Penaud (Clermont), Alivereti Raka (Clermont), Thomas Ramos (Toulouse), Maxime M\u00e9dard (Toulouse).<\/p>\n<p style=\"text-align: justify;\"><strong>Joueurs \u00e9cart\u00e9s :<\/strong> Dany Priso (La Rochelle), Romain Taofifenua (Toulon), Anthony Belleau (Toulon), Vincent Rattez (La Rochelle), Fran\u00e7ois Cros (Toulouse), F\u00e9lix Lambey (Lyon)<\/p>\n<blockquote class=\"twitter-tweet\">\n<p dir=\"ltr\" lang=\"fr\">&#x1f1eb;&#x1f1f7;&#x1f44a;&#x1f3fc; Voici notre \u00e9quipe pour la Coupe du Monde ! <a href=\"https:\/\/twitter.com\/hashtag\/XVdeFrance?src=hash&amp;ref_src=twsrc%5Etfw\">#XVdeFrance<\/a> <a href=\"https:\/\/twitter.com\/hashtag\/NeFaisonsXV?src=hash&amp;ref_src=twsrc%5Etfw\">#NeFaisonsXV<\/a> <a href=\"https:\/\/twitter.com\/hashtag\/RWC2019?src=hash&amp;ref_src=twsrc%5Etfw\">#RWC2019<\/a> <a href=\"https:\/\/t.co\/bd8fLBNuCj\">pic.twitter.com\/bd8fLBNuCj<\/a><\/p>\n<p>\u2014 France Rugby (@FranceRugby) <a href=\"https:\/\/twitter.com\/FranceRugby\/status\/1168596416123547649?ref_src=twsrc%5Etfw\">September 2, 2019<\/a><\/p><\/blockquote>\n<p><script async src=\"https:\/\/platform.twitter.com\/widgets.js\" charset=\"utf-8\"><\/script><\/p>\n<p><strong><em>Dicodusport<br \/>\n<a href=\"https:\/\/www.facebook.com\/dicodusport\/\" target=\"_blank\" rel=\"noopener\"><img loading=\"lazy\" decoding=\"async\" class=\"alignnone wp-image-2909\" src=\"http:\/\/dicodusport.fr\/blog\/wp-content\/uploads\/2017\/07\/logo-facebook-150x150.png\" alt=\"\" width=\"40\" height=\"40\" \/><\/a><a href=\"https:\/\/twitter.com\/dicodusport\" target=\"_blank\" rel=\"noopener\"><img loading=\"lazy\" decoding=\"async\" class=\"alignnone wp-image-2908\" src=\"http:\/\/dicodusport.fr\/blog\/wp-content\/uploads\/2017\/07\/logo-twitter-150x150.png\" alt=\"\" width=\"39\" height=\"39\" \/><\/a><\/em><\/strong><\/p>\n","protected":false},"excerpt":{"rendered":"<p>XV de France &#8211; La liste des 31 joueurs de l&rsquo;\u00e9quipe de France pour la Coupe du monde au Japon a \u00e9t\u00e9 annonc\u00e9e ce lundi soir sur TF1.<\/p>\n","protected":false},"author":4,"featured_media":47058,"comment_status":"open","ping_status":"closed","sticky":false,"template":"","format":"standard","meta":{"_acf_changed":false,"_daextam_enable_autolinks":"","footnotes":""},"categories":[47049,2303,19951],"tags":[523,7725,24,1638],"class_list":["post-47057","post","type-post","status-publish","format-standard","has-post-thumbnail","hentry","category-coupe-du-monde-de-rugby","category-rugby","category-xv-de-france","tag-bleus","tag-liste-xv-de-france","tag-sport","tag-xv-de-france"],"acf":[],"yoast_head":"<!-- This site is optimized with the Yoast SEO Premium plugin v26.7 (Yoast SEO v26.7) - https:\/\/yoast.com\/wordpress\/plugins\/seo\/ -->\n<title>XV de France : la liste des 31 Bleus pour la Coupe du monde au Japon<\/title>\n<meta name=\"description\" content=\"XV de France - La liste des 31 joueurs de l&#039;\u00e9quipe de France pour la Coupe du monde au Japon a \u00e9t\u00e9 annonc\u00e9e ce lundi soir sur TF1.\" \/>\n<meta name=\"robots\" content=\"index, follow, max-snippet:-1, max-image-preview:large, max-video-preview:-1\" \/>\n<link rel=\"canonical\" href=\"https:\/\/dicodusport.fr\/blog\/xv-de-france-la-liste-des-31-bleus-pour-la-coupe-du-monde-au-japon\/\" \/>\n<meta property=\"og:locale\" content=\"fr_FR\" \/>\n<meta property=\"og:type\" content=\"article\" \/>\n<meta property=\"og:title\" content=\"XV de France : les 31 Bleus pour la Coupe du monde au Japon\" \/>\n<meta property=\"og:description\" content=\"XV de France - La liste des 31 joueurs de l&#039;\u00e9quipe de France pour la Coupe du monde au Japon a \u00e9t\u00e9 annonc\u00e9e ce lundi soir sur TF1.\" \/>\n<meta property=\"og:url\" content=\"https:\/\/dicodusport.fr\/blog\/xv-de-france-la-liste-des-31-bleus-pour-la-coupe-du-monde-au-japon\/\" \/>\n<meta property=\"og:site_name\" content=\"Dicodusport\" \/>\n<meta property=\"article:publisher\" content=\"https:\/\/www.facebook.com\/dicodusport\" \/>\n<meta property=\"article:author\" content=\"https:\/\/www.facebook.com\/florent.ostermann\" \/>\n<meta property=\"article:published_time\" content=\"2019-09-02T18:48:02+00:00\" \/>\n<meta property=\"article:modified_time\" content=\"2021-10-18T15:08:33+00:00\" \/>\n<meta property=\"og:image\" content=\"https:\/\/dicodusport.fr\/blog\/wp-content\/uploads\/2019\/09\/XV-de-France-Liste-des-31-Bleus-pour-la-Coupe-du-monde-au-Japon.png\" \/>\n\t<meta property=\"og:image:width\" content=\"800\" \/>\n\t<meta property=\"og:image:height\" content=\"445\" \/>\n\t<meta property=\"og:image:type\" content=\"image\/png\" \/>\n<meta name=\"author\" content=\"Flo Ostermann\" \/>\n<meta name=\"twitter:card\" content=\"summary_large_image\" \/>\n<meta name=\"twitter:title\" content=\"XV de France : les 31 Bleus pour la Coupe du monde au Japon\" \/>\n<meta name=\"twitter:creator\" content=\"@https:\/\/twitter.com\/FlOstermann\" \/>\n<meta name=\"twitter:site\" content=\"@dicodusport\" \/>\n<script type=\"application\/ld+json\" class=\"yoast-schema-graph\">{\"@context\":\"https:\/\/schema.org\",\"@graph\":[{\"@type\":\"NewsArticle\",\"@id\":\"https:\/\/dicodusport.fr\/blog\/xv-de-france-la-liste-des-31-bleus-pour-la-coupe-du-monde-au-japon\/#article\",\"isPartOf\":{\"@id\":\"https:\/\/dicodusport.fr\/blog\/xv-de-france-la-liste-des-31-bleus-pour-la-coupe-du-monde-au-japon\/\"},\"author\":{\"name\":\"Flo Ostermann\",\"@id\":\"https:\/\/dicodusport.fr\/blog\/#\/schema\/person\/cb02af4c173ce4a653b55e9baf388d4a\"},\"headline\":\"XV de France : la liste des 31 Bleus pour la Coupe du monde au Japon\",\"datePublished\":\"2019-09-02T18:48:02+00:00\",\"dateModified\":\"2021-10-18T15:08:33+00:00\",\"mainEntityOfPage\":{\"@id\":\"https:\/\/dicodusport.fr\/blog\/xv-de-france-la-liste-des-31-bleus-pour-la-coupe-du-monde-au-japon\/\"},\"wordCount\":211,\"commentCount\":0,\"publisher\":{\"@id\":\"https:\/\/dicodusport.fr\/blog\/#organization\"},\"image\":{\"@id\":\"https:\/\/dicodusport.fr\/blog\/xv-de-france-la-liste-des-31-bleus-pour-la-coupe-du-monde-au-japon\/#primaryimage\"},\"thumbnailUrl\":\"https:\/\/dicodusport.fr\/blog\/wp-content\/uploads\/2019\/09\/XV-de-France-Liste-des-31-Bleus-pour-la-Coupe-du-monde-au-Japon.png\",\"keywords\":[\"bleus\",\"Liste XV de France\",\"sport\",\"XV de France\"],\"articleSection\":[\"Coupe du monde de rugby\",\"Rugby\",\"XV de France\"],\"inLanguage\":\"fr-FR\",\"potentialAction\":[{\"@type\":\"CommentAction\",\"name\":\"Comment\",\"target\":[\"https:\/\/dicodusport.fr\/blog\/xv-de-france-la-liste-des-31-bleus-pour-la-coupe-du-monde-au-japon\/#respond\"]}],\"copyrightYear\":\"2019\",\"copyrightHolder\":{\"@id\":\"https:\/\/dicodusport.fr\/blog\/#organization\"}},{\"@type\":\"WebPage\",\"@id\":\"https:\/\/dicodusport.fr\/blog\/xv-de-france-la-liste-des-31-bleus-pour-la-coupe-du-monde-au-japon\/\",\"url\":\"https:\/\/dicodusport.fr\/blog\/xv-de-france-la-liste-des-31-bleus-pour-la-coupe-du-monde-au-japon\/\",\"name\":\"XV de France : la liste des 31 Bleus pour la Coupe du monde au Japon\",\"isPartOf\":{\"@id\":\"https:\/\/dicodusport.fr\/blog\/#website\"},\"primaryImageOfPage\":{\"@id\":\"https:\/\/dicodusport.fr\/blog\/xv-de-france-la-liste-des-31-bleus-pour-la-coupe-du-monde-au-japon\/#primaryimage\"},\"image\":{\"@id\":\"https:\/\/dicodusport.fr\/blog\/xv-de-france-la-liste-des-31-bleus-pour-la-coupe-du-monde-au-japon\/#primaryimage\"},\"thumbnailUrl\":\"https:\/\/dicodusport.fr\/blog\/wp-content\/uploads\/2019\/09\/XV-de-France-Liste-des-31-Bleus-pour-la-Coupe-du-monde-au-Japon.png\",\"datePublished\":\"2019-09-02T18:48:02+00:00\",\"dateModified\":\"2021-10-18T15:08:33+00:00\",\"description\":\"XV de France - La liste des 31 joueurs de l'\u00e9quipe de France pour la Coupe du monde au Japon a \u00e9t\u00e9 annonc\u00e9e ce lundi soir sur TF1.\",\"breadcrumb\":{\"@id\":\"https:\/\/dicodusport.fr\/blog\/xv-de-france-la-liste-des-31-bleus-pour-la-coupe-du-monde-au-japon\/#breadcrumb\"},\"inLanguage\":\"fr-FR\",\"potentialAction\":[{\"@type\":\"ReadAction\",\"target\":[\"https:\/\/dicodusport.fr\/blog\/xv-de-france-la-liste-des-31-bleus-pour-la-coupe-du-monde-au-japon\/\"]}]},{\"@type\":\"ImageObject\",\"inLanguage\":\"fr-FR\",\"@id\":\"https:\/\/dicodusport.fr\/blog\/xv-de-france-la-liste-des-31-bleus-pour-la-coupe-du-monde-au-japon\/#primaryimage\",\"url\":\"https:\/\/dicodusport.fr\/blog\/wp-content\/uploads\/2019\/09\/XV-de-France-Liste-des-31-Bleus-pour-la-Coupe-du-monde-au-Japon.png\",\"contentUrl\":\"https:\/\/dicodusport.fr\/blog\/wp-content\/uploads\/2019\/09\/XV-de-France-Liste-des-31-Bleus-pour-la-Coupe-du-monde-au-Japon.png\",\"width\":800,\"height\":445},{\"@type\":\"BreadcrumbList\",\"@id\":\"https:\/\/dicodusport.fr\/blog\/xv-de-france-la-liste-des-31-bleus-pour-la-coupe-du-monde-au-japon\/#breadcrumb\",\"itemListElement\":[{\"@type\":\"ListItem\",\"position\":1,\"name\":\"Accueil\",\"item\":\"https:\/\/dicodusport.fr\/blog\/\"},{\"@type\":\"ListItem\",\"position\":2,\"name\":\"XV de France : la liste des 31 Bleus pour la Coupe du monde au Japon\"}]},{\"@type\":\"WebSite\",\"@id\":\"https:\/\/dicodusport.fr\/blog\/#website\",\"url\":\"https:\/\/dicodusport.fr\/blog\/\",\"name\":\"Dicodusport\",\"description\":\"L&#039;encyclop\u00e9die de l&#039;actualit\u00e9 sportive\",\"publisher\":{\"@id\":\"https:\/\/dicodusport.fr\/blog\/#organization\"},\"potentialAction\":[{\"@type\":\"SearchAction\",\"target\":{\"@type\":\"EntryPoint\",\"urlTemplate\":\"https:\/\/dicodusport.fr\/blog\/?s={search_term_string}\"},\"query-input\":{\"@type\":\"PropertyValueSpecification\",\"valueRequired\":true,\"valueName\":\"search_term_string\"}}],\"inLanguage\":\"fr-FR\"},{\"@type\":\"NewsMediaOrganization\",\"@id\":\"https:\/\/dicodusport.fr\/blog\/#organization\",\"name\":\"Dicodusport\",\"url\":\"https:\/\/dicodusport.fr\/blog\/\",\"logo\":{\"@type\":\"ImageObject\",\"inLanguage\":\"fr-FR\",\"@id\":\"https:\/\/dicodusport.fr\/blog\/#\/schema\/logo\/image\/\",\"url\":\"https:\/\/dicodusport.fr\/blog\/wp-content\/uploads\/2020\/06\/cropped-LOGO-DICODUSPORT-2020-SANS-FOND-SANS-TEXTE.png\",\"contentUrl\":\"https:\/\/dicodusport.fr\/blog\/wp-content\/uploads\/2020\/06\/cropped-LOGO-DICODUSPORT-2020-SANS-FOND-SANS-TEXTE.png\",\"width\":512,\"height\":512,\"caption\":\"Dicodusport\"},\"image\":{\"@id\":\"https:\/\/dicodusport.fr\/blog\/#\/schema\/logo\/image\/\"},\"sameAs\":[\"https:\/\/www.facebook.com\/dicodusport\",\"https:\/\/x.com\/dicodusport\",\"https:\/\/www.instagram.com\/dicodusport\/\",\"https:\/\/www.youtube.com\/channel\/UC7V2KZ5sd3htJivAbA4ZG3w\"],\"description\":\"Dicodusport est l'encyclop\u00e9die de l'actualit\u00e9 sportive.\",\"email\":\"bonjour@dicodusport.fr\",\"legalName\":\"DICODUSPORT\",\"foundingDate\":\"2018-01-14\",\"vatID\":\"FR71834470973\",\"taxID\":\"83447097300043\",\"numberOfEmployees\":{\"@type\":\"QuantitativeValue\",\"minValue\":\"1\",\"maxValue\":\"10\"}},{\"@type\":\"Person\",\"@id\":\"https:\/\/dicodusport.fr\/blog\/#\/schema\/person\/cb02af4c173ce4a653b55e9baf388d4a\",\"name\":\"Flo Ostermann\",\"image\":{\"@type\":\"ImageObject\",\"inLanguage\":\"fr-FR\",\"@id\":\"https:\/\/dicodusport.fr\/blog\/#\/schema\/person\/image\/\",\"url\":\"https:\/\/dicodusport.fr\/blog\/wp-content\/uploads\/2021\/05\/Flo-Ostermann-150x150.jpg\",\"contentUrl\":\"https:\/\/dicodusport.fr\/blog\/wp-content\/uploads\/2021\/05\/Flo-Ostermann-150x150.jpg\",\"caption\":\"Flo Ostermann\"},\"description\":\"Journaliste\/R\u00e9dacteur depuis septembre 2015 - Mes premiers souvenirs dans le sport ? Les envol\u00e9es du Stade Toulousain et les duels Villeneuve-Schumacher et H\u00e4kkinen-Schumacher \u00e0 la fin des ann\u00e9es 90, la Coupe du monde de football en 1998, l\u2019exploit du XV de France face aux All Blacks en 1999, mais aussi Richard C\u0153ur de Lion qui vole sur les montagnes du Tour de France. Bien parti pour devenir professeur d\u2019EPS, les \u00e9v\u00e9nements de la vie (et la flemme d\u2019animer des s\u00e9ances de 3x500 m\u00e8tres toute ma vie) m\u2019ont conduit \u00e0 revoir mes plans. Me voil\u00e0 depuis fin 2017 sur Dicodusport, m\u00e9dia gr\u00e2ce (et pour) lequel je partage ma passion : le sport dans tous ses \u00e9tats. Le tout accompagn\u00e9 par les fous furieux et folles furieuses cit\u00e9s sur cette page !\",\"sameAs\":[\"https:\/\/www.facebook.com\/florent.ostermann\",\"https:\/\/x.com\/https:\/\/twitter.com\/FlOstermann\",\"admin\"],\"url\":\"https:\/\/dicodusport.fr\/blog\/author\/flo\/\"}]}<\/script>\n<!-- \/ Yoast SEO Premium plugin. -->","yoast_head_json":{"title":"XV de France : la liste des 31 Bleus pour la Coupe du monde au Japon","description":"XV de France - La liste des 31 joueurs de l'\u00e9quipe de France pour la Coupe du monde au Japon a \u00e9t\u00e9 annonc\u00e9e ce lundi soir sur TF1.","robots":{"index":"index","follow":"follow","max-snippet":"max-snippet:-1","max-image-preview":"max-image-preview:large","max-video-preview":"max-video-preview:-1"},"canonical":"https:\/\/dicodusport.fr\/blog\/xv-de-france-la-liste-des-31-bleus-pour-la-coupe-du-monde-au-japon\/","og_locale":"fr_FR","og_type":"article","og_title":"XV de France : les 31 Bleus pour la Coupe du monde au Japon","og_description":"XV de France - La liste des 31 joueurs de l'\u00e9quipe de France pour la Coupe du monde au Japon a \u00e9t\u00e9 annonc\u00e9e ce lundi soir sur TF1.","og_url":"https:\/\/dicodusport.fr\/blog\/xv-de-france-la-liste-des-31-bleus-pour-la-coupe-du-monde-au-japon\/","og_site_name":"Dicodusport","article_publisher":"https:\/\/www.facebook.com\/dicodusport","article_author":"https:\/\/www.facebook.com\/florent.ostermann","article_published_time":"2019-09-02T18:48:02+00:00","article_modified_time":"2021-10-18T15:08:33+00:00","og_image":[{"width":800,"height":445,"url":"https:\/\/dicodusport.fr\/blog\/wp-content\/uploads\/2019\/09\/XV-de-France-Liste-des-31-Bleus-pour-la-Coupe-du-monde-au-Japon.png","type":"image\/png"}],"author":"Flo Ostermann","twitter_card":"summary_large_image","twitter_title":"XV de France : les 31 Bleus pour la Coupe du monde au Japon","twitter_creator":"@https:\/\/twitter.com\/FlOstermann","twitter_site":"@dicodusport","schema":{"@context":"https:\/\/schema.org","@graph":[{"@type":"NewsArticle","@id":"https:\/\/dicodusport.fr\/blog\/xv-de-france-la-liste-des-31-bleus-pour-la-coupe-du-monde-au-japon\/#article","isPartOf":{"@id":"https:\/\/dicodusport.fr\/blog\/xv-de-france-la-liste-des-31-bleus-pour-la-coupe-du-monde-au-japon\/"},"author":{"name":"Flo Ostermann","@id":"https:\/\/dicodusport.fr\/blog\/#\/schema\/person\/cb02af4c173ce4a653b55e9baf388d4a"},"headline":"XV de France : la liste des 31 Bleus pour la Coupe du monde au Japon","datePublished":"2019-09-02T18:48:02+00:00","dateModified":"2021-10-18T15:08:33+00:00","mainEntityOfPage":{"@id":"https:\/\/dicodusport.fr\/blog\/xv-de-france-la-liste-des-31-bleus-pour-la-coupe-du-monde-au-japon\/"},"wordCount":211,"commentCount":0,"publisher":{"@id":"https:\/\/dicodusport.fr\/blog\/#organization"},"image":{"@id":"https:\/\/dicodusport.fr\/blog\/xv-de-france-la-liste-des-31-bleus-pour-la-coupe-du-monde-au-japon\/#primaryimage"},"thumbnailUrl":"https:\/\/dicodusport.fr\/blog\/wp-content\/uploads\/2019\/09\/XV-de-France-Liste-des-31-Bleus-pour-la-Coupe-du-monde-au-Japon.png","keywords":["bleus","Liste XV de France","sport","XV de France"],"articleSection":["Coupe du monde de rugby","Rugby","XV de France"],"inLanguage":"fr-FR","potentialAction":[{"@type":"CommentAction","name":"Comment","target":["https:\/\/dicodusport.fr\/blog\/xv-de-france-la-liste-des-31-bleus-pour-la-coupe-du-monde-au-japon\/#respond"]}],"copyrightYear":"2019","copyrightHolder":{"@id":"https:\/\/dicodusport.fr\/blog\/#organization"}},{"@type":"WebPage","@id":"https:\/\/dicodusport.fr\/blog\/xv-de-france-la-liste-des-31-bleus-pour-la-coupe-du-monde-au-japon\/","url":"https:\/\/dicodusport.fr\/blog\/xv-de-france-la-liste-des-31-bleus-pour-la-coupe-du-monde-au-japon\/","name":"XV de France : la liste des 31 Bleus pour la Coupe du monde au Japon","isPartOf":{"@id":"https:\/\/dicodusport.fr\/blog\/#website"},"primaryImageOfPage":{"@id":"https:\/\/dicodusport.fr\/blog\/xv-de-france-la-liste-des-31-bleus-pour-la-coupe-du-monde-au-japon\/#primaryimage"},"image":{"@id":"https:\/\/dicodusport.fr\/blog\/xv-de-france-la-liste-des-31-bleus-pour-la-coupe-du-monde-au-japon\/#primaryimage"},"thumbnailUrl":"https:\/\/dicodusport.fr\/blog\/wp-content\/uploads\/2019\/09\/XV-de-France-Liste-des-31-Bleus-pour-la-Coupe-du-monde-au-Japon.png","datePublished":"2019-09-02T18:48:02+00:00","dateModified":"2021-10-18T15:08:33+00:00","description":"XV de France - La liste des 31 joueurs de l'\u00e9quipe de France pour la Coupe du monde au Japon a \u00e9t\u00e9 annonc\u00e9e ce lundi soir sur TF1.","breadcrumb":{"@id":"https:\/\/dicodusport.fr\/blog\/xv-de-france-la-liste-des-31-bleus-pour-la-coupe-du-monde-au-japon\/#breadcrumb"},"inLanguage":"fr-FR","potentialAction":[{"@type":"ReadAction","target":["https:\/\/dicodusport.fr\/blog\/xv-de-france-la-liste-des-31-bleus-pour-la-coupe-du-monde-au-japon\/"]}]},{"@type":"ImageObject","inLanguage":"fr-FR","@id":"https:\/\/dicodusport.fr\/blog\/xv-de-france-la-liste-des-31-bleus-pour-la-coupe-du-monde-au-japon\/#primaryimage","url":"https:\/\/dicodusport.fr\/blog\/wp-content\/uploads\/2019\/09\/XV-de-France-Liste-des-31-Bleus-pour-la-Coupe-du-monde-au-Japon.png","contentUrl":"https:\/\/dicodusport.fr\/blog\/wp-content\/uploads\/2019\/09\/XV-de-France-Liste-des-31-Bleus-pour-la-Coupe-du-monde-au-Japon.png","width":800,"height":445},{"@type":"BreadcrumbList","@id":"https:\/\/dicodusport.fr\/blog\/xv-de-france-la-liste-des-31-bleus-pour-la-coupe-du-monde-au-japon\/#breadcrumb","itemListElement":[{"@type":"ListItem","position":1,"name":"Accueil","item":"https:\/\/dicodusport.fr\/blog\/"},{"@type":"ListItem","position":2,"name":"XV de France : la liste des 31 Bleus pour la Coupe du monde au Japon"}]},{"@type":"WebSite","@id":"https:\/\/dicodusport.fr\/blog\/#website","url":"https:\/\/dicodusport.fr\/blog\/","name":"Dicodusport","description":"L&#039;encyclop\u00e9die de l&#039;actualit\u00e9 sportive","publisher":{"@id":"https:\/\/dicodusport.fr\/blog\/#organization"},"potentialAction":[{"@type":"SearchAction","target":{"@type":"EntryPoint","urlTemplate":"https:\/\/dicodusport.fr\/blog\/?s={search_term_string}"},"query-input":{"@type":"PropertyValueSpecification","valueRequired":true,"valueName":"search_term_string"}}],"inLanguage":"fr-FR"},{"@type":"NewsMediaOrganization","@id":"https:\/\/dicodusport.fr\/blog\/#organization","name":"Dicodusport","url":"https:\/\/dicodusport.fr\/blog\/","logo":{"@type":"ImageObject","inLanguage":"fr-FR","@id":"https:\/\/dicodusport.fr\/blog\/#\/schema\/logo\/image\/","url":"https:\/\/dicodusport.fr\/blog\/wp-content\/uploads\/2020\/06\/cropped-LOGO-DICODUSPORT-2020-SANS-FOND-SANS-TEXTE.png","contentUrl":"https:\/\/dicodusport.fr\/blog\/wp-content\/uploads\/2020\/06\/cropped-LOGO-DICODUSPORT-2020-SANS-FOND-SANS-TEXTE.png","width":512,"height":512,"caption":"Dicodusport"},"image":{"@id":"https:\/\/dicodusport.fr\/blog\/#\/schema\/logo\/image\/"},"sameAs":["https:\/\/www.facebook.com\/dicodusport","https:\/\/x.com\/dicodusport","https:\/\/www.instagram.com\/dicodusport\/","https:\/\/www.youtube.com\/channel\/UC7V2KZ5sd3htJivAbA4ZG3w"],"description":"Dicodusport est l'encyclop\u00e9die de l'actualit\u00e9 sportive.","email":"bonjour@dicodusport.fr","legalName":"DICODUSPORT","foundingDate":"2018-01-14","vatID":"FR71834470973","taxID":"83447097300043","numberOfEmployees":{"@type":"QuantitativeValue","minValue":"1","maxValue":"10"}},{"@type":"Person","@id":"https:\/\/dicodusport.fr\/blog\/#\/schema\/person\/cb02af4c173ce4a653b55e9baf388d4a","name":"Flo Ostermann","image":{"@type":"ImageObject","inLanguage":"fr-FR","@id":"https:\/\/dicodusport.fr\/blog\/#\/schema\/person\/image\/","url":"https:\/\/dicodusport.fr\/blog\/wp-content\/uploads\/2021\/05\/Flo-Ostermann-150x150.jpg","contentUrl":"https:\/\/dicodusport.fr\/blog\/wp-content\/uploads\/2021\/05\/Flo-Ostermann-150x150.jpg","caption":"Flo Ostermann"},"description":"Journaliste\/R\u00e9dacteur depuis septembre 2015 - Mes premiers souvenirs dans le sport ? Les envol\u00e9es du Stade Toulousain et les duels Villeneuve-Schumacher et H\u00e4kkinen-Schumacher \u00e0 la fin des ann\u00e9es 90, la Coupe du monde de football en 1998, l\u2019exploit du XV de France face aux All Blacks en 1999, mais aussi Richard C\u0153ur de Lion qui vole sur les montagnes du Tour de France. Bien parti pour devenir professeur d\u2019EPS, les \u00e9v\u00e9nements de la vie (et la flemme d\u2019animer des s\u00e9ances de 3x500 m\u00e8tres toute ma vie) m\u2019ont conduit \u00e0 revoir mes plans. Me voil\u00e0 depuis fin 2017 sur Dicodusport, m\u00e9dia gr\u00e2ce (et pour) lequel je partage ma passion : le sport dans tous ses \u00e9tats. Le tout accompagn\u00e9 par les fous furieux et folles furieuses cit\u00e9s sur cette page !","sameAs":["https:\/\/www.facebook.com\/florent.ostermann","https:\/\/x.com\/https:\/\/twitter.com\/FlOstermann","admin"],"url":"https:\/\/dicodusport.fr\/blog\/author\/flo\/"}]}},"_links":{"self":[{"href":"https:\/\/dicodusport.fr\/blog\/wp-json\/wp\/v2\/posts\/47057","targetHints":{"allow":["GET"]}}],"collection":[{"href":"https:\/\/dicodusport.fr\/blog\/wp-json\/wp\/v2\/posts"}],"about":[{"href":"https:\/\/dicodusport.fr\/blog\/wp-json\/wp\/v2\/types\/post"}],"author":[{"embeddable":true,"href":"https:\/\/dicodusport.fr\/blog\/wp-json\/wp\/v2\/users\/4"}],"replies":[{"embeddable":true,"href":"https:\/\/dicodusport.fr\/blog\/wp-json\/wp\/v2\/comments?post=47057"}],"version-history":[{"count":0,"href":"https:\/\/dicodusport.fr\/blog\/wp-json\/wp\/v2\/posts\/47057\/revisions"}],"wp:featuredmedia":[{"embeddable":true,"href":"https:\/\/dicodusport.fr\/blog\/wp-json\/wp\/v2\/media\/47058"}],"wp:attachment":[{"href":"https:\/\/dicodusport.fr\/blog\/wp-json\/wp\/v2\/media?parent=47057"}],"wp:term":[{"taxonomy":"category","embeddable":true,"href":"https:\/\/dicodusport.fr\/blog\/wp-json\/wp\/v2\/categories?post=47057"},{"taxonomy":"post_tag","embeddable":true,"href":"https:\/\/dicodusport.fr\/blog\/wp-json\/wp\/v2\/tags?post=47057"}],"curies":[{"name":"wp","href":"https:\/\/api.w.org\/{rel}","templated":true}]}}