{"id":470678,"date":"2024-11-17T15:00:22","date_gmt":"2024-11-17T14:00:22","guid":{"rendered":"https:\/\/dicodusport.fr\/blog\/?p=470678&#038;preview=true&#038;preview_id=470678"},"modified":"2024-11-17T15:25:41","modified_gmt":"2024-11-17T14:25:41","slug":"motogp-2024-classement-championnat-du-monde-des-pilotes","status":"publish","type":"post","link":"https:\/\/dicodusport.fr\/blog\/motogp-2024-classement-championnat-du-monde-des-pilotes\/","title":{"rendered":"MotoGP 2024 &#8211; Classement Championnat du monde des pilotes"},"content":{"rendered":"<h4 style=\"text-align: justify;\"><b><i><strong><em>MOTOGP 2024 \u2013<\/em><\/strong> Retrouvez le classement du championnat du monde des pilotes de MotoGP 2024. Vingt-et-un Grands Prix sont au programme cette saison.<\/i><\/b><\/h4>\n<ul>\n<li style=\"text-align: justify;\"><strong>\u00c0 ce sujet &#8211; <a href=\"https:\/\/dicodusport.fr\/blog\/calendrier-motogp-2024-dates-et-horaires-des-grands-prix\/\" rel=\"\">Calendrier MotoGP 2024 : Dates et horaires des Grands Prix<\/a><\/strong><\/li>\n<\/ul>\n<h2 style=\"text-align: justify;\">Classement Championnat du monde des pilotes MotoGP 2024<\/h2>\n<p style=\"text-align: justify;\"><strong><span style=\"font-size: 14px;\"><em>Classement officiel mis \u00e0 jour \u00e0 l&rsquo;issue du <a href=\"https:\/\/dicodusport.fr\/blog\/motogp-classement-du-grand-prix-de-barcelone-2024\/\">Grand Prix de Barcelone<\/a> (21\/21).<\/em><\/span><\/strong><\/p>\n<div class=\"su-table su-table-alternate\">\n<table style=\"width: 800px;border-collapse: collapse\" border=\"1\">\n<tbody>\n<tr style=\"height: 24px\">\n<td style=\"border-color: #ebebeb;height: 24px;text-align: center;width: 80px;vertical-align: middle\">\ud83c\udfc6<\/td>\n<td style=\"border-color: #ebebeb;height: 24px;text-align: center;width: 500px;vertical-align: middle\"><span style=\"font-size: 0.9em\"><strong>PILOTES<\/strong><\/span><\/td>\n<td style=\"border-color: #ebebeb;height: 24px;text-align: center;width: 220px;vertical-align: middle\"><span style=\"font-size: 0.9em\"><strong>POINTS<br \/>\n<\/strong><\/span><\/td>\n<\/tr>\n<tr>\n<td style=\"border-color: #ebebeb;text-align: center;width: 80px;vertical-align: middle\"><strong><span class=\"su-label su-label-type-warning\">1.<\/span><\/strong><\/td>\n<td style=\"border-color: #ebebeb;height: 24px;text-align: center;width: 500px;vertical-align: middle\"><strong><span style=\"font-size: 0.9em\"><img loading=\"lazy\" decoding=\"async\" class=\"\" src=\"https:\/\/cdn-4.motorsport.com\/images\/vcl\/K6x9JM0Q\/s2\/ducati-desmosedici-gp24-2.png\" width=\"55\" height=\"23\" \/><br \/>\n\ud83c\uddea\ud83c\uddf8 JORGE MARTIN<br \/>\n<\/span><\/strong><span style=\"font-size: 0.9em\"><span style=\"font-size: 0.8em\">PRIMA PRAMAC RACING<\/span><\/span><\/td>\n<td class=\"standings-table__body-cell standings-table__body-cell--points\" style=\"width: 220px;border-color: #ebebeb;text-align: center;vertical-align: middle\"><span style=\"font-size: 0.9em\"><strong>508<\/strong><\/span><\/td>\n<\/tr>\n<tr style=\"height: 24px\">\n<td style=\"border-color: #ebebeb;height: 24px;text-align: center;width: 80px;vertical-align: middle\"><span style=\"font-size: 0.9em\">2.<\/span><\/td>\n<td style=\"border-color: #ebebeb;text-align: center;width: 500px;vertical-align: middle\"><span style=\"font-size: 0.9em\"><strong><img loading=\"lazy\" decoding=\"async\" class=\"\" src=\"https:\/\/cdn-3.motorsport.com\/images\/vcl\/KYpzmA01\/s2\/ducati-desmosedici-gp24-2.png\" width=\"55\" height=\"23\" \/><br \/>\n\ud83c\uddee\ud83c\uddf9 FRANCESCO BAGNAIA<br \/>\n<\/strong><span style=\"font-size: 0.8em\">DUCATI LENOVO TEAM<\/span><\/span><\/td>\n<td class=\"standings-table__body-cell standings-table__body-cell--points\" style=\"width: 220px;border-color: #ebebeb;text-align: center;vertical-align: middle\"><span style=\"font-size: 0.9em\"><strong>498<\/strong><\/span><\/td>\n<\/tr>\n<tr>\n<td style=\"border-color: #ebebeb;text-align: center;width: 80px;vertical-align: middle\"><span style=\"font-size: 0.9em\">3.<\/span><\/td>\n<td style=\"border-color: #ebebeb;height: 24px;text-align: center;width: 500px;vertical-align: middle\"><span style=\"font-size: 0.9em\"><strong><img loading=\"lazy\" decoding=\"async\" class=\"\" src=\"https:\/\/cdn-8.motorsport.com\/images\/vcl\/q633yq6A\/s3\/ducati-desmosedici-gp23-3.png\" width=\"55\" height=\"23\" \/><br \/>\n\ud83c\uddea\ud83c\uddf8 MARC MARQUEZ<br \/>\n<\/strong><span style=\"font-size: 0.8em\">GRESINI RACING MOTOGP<\/span><\/span><\/td>\n<td class=\"standings-table__body-cell standings-table__body-cell--points\" style=\"width: 220px;border-color: #ebebeb;text-align: center;vertical-align: middle\"><span style=\"font-size: 0.9em\"><strong>392<\/strong><\/span><\/td>\n<\/tr>\n<tr>\n<td style=\"border-color: #ebebeb;text-align: center;width: 80px;vertical-align: middle\"><span style=\"font-size: 0.9em\">4.<\/span><\/td>\n<td style=\"border-color: #ebebeb;text-align: center;width: 500px;vertical-align: middle\"><span style=\"font-size: 0.9em\"><strong><img loading=\"lazy\" decoding=\"async\" class=\"\" src=\"https:\/\/cdn-3.motorsport.com\/images\/vcl\/KYpzmA01\/s2\/ducati-desmosedici-gp24-2.png\" width=\"55\" height=\"23\" \/><br \/>\n\ud83c\uddee\ud83c\uddf9 ENEA BASTIANINI<br \/>\n<\/strong><span style=\"font-size: 0.8em\">DUCATI LENOVO TEAM<\/span><\/span><\/td>\n<td class=\"standings-table__body-cell standings-table__body-cell--points\" style=\"width: 220px;border-color: #ebebeb;text-align: center;vertical-align: middle\"><span style=\"font-size: 0.9em\"><strong>386<\/strong><\/span><\/td>\n<\/tr>\n<tr style=\"height: 24px\">\n<td style=\"border-color: #ebebeb;height: 24px;text-align: center;width: 80px;vertical-align: middle\"><span style=\"font-size: 0.9em\">5.<\/span><\/td>\n<td style=\"border-color: #ebebeb;height: 24px;text-align: center;width: 500px;vertical-align: middle\"><span style=\"font-size: 0.9em\"><strong><img loading=\"lazy\" decoding=\"async\" class=\"\" src=\"https:\/\/cdn-8.motorsport.com\/images\/vcl\/80Zl1VYe\/s2\/ktm-rc16-2.png\" width=\"55\" height=\"23\" \/><br \/>\n\ud83c\uddff\ud83c\udde6 BRAD BINDER<br style=\"font-size: 14.4px\" \/><\/strong><span style=\"font-size: 0.8em\">RED BULL KTM FACTORY RACING<\/span><\/span><\/td>\n<td class=\"standings-table__body-cell standings-table__body-cell--points\" style=\"width: 220px;border-color: #ebebeb;text-align: center;vertical-align: middle\"><span style=\"font-size: 0.9em\"><strong>217<\/strong><\/span><\/td>\n<\/tr>\n<tr>\n<td style=\"border-color: #ebebeb;text-align: center;width: 80px;vertical-align: middle\"><span style=\"font-size: 0.9em\">6.<\/span><\/td>\n<td style=\"border-color: #ebebeb;text-align: center;width: 500px;vertical-align: middle\"><span style=\"font-size: 0.9em\"><strong><img loading=\"lazy\" decoding=\"async\" class=\"\" src=\"https:\/\/cdn-1.motorsport.com\/images\/vcl\/jYNlEb0D\/s2\/ktm-rc16-2.png\" width=\"55\" height=\"23\" \/><br \/>\n\ud83c\uddea\ud83c\uddf8 PEDRO ACOSTA<br \/>\n<\/strong><span style=\"font-size: 0.8em\">RED BULL GASGAS TECH3<\/span><\/span><\/td>\n<td class=\"standings-table__body-cell standings-table__body-cell--points\" style=\"width: 220px;border-color: #ebebeb;text-align: center;vertical-align: middle\"><span style=\"font-size: 0.9em\"><strong>215<\/strong><\/span><\/td>\n<\/tr>\n<tr>\n<td style=\"border-color: #ebebeb;text-align: center;width: 80px;vertical-align: middle\"><span style=\"font-size: 0.9em\">7.<\/span><\/td>\n<td style=\"border-color: #ebebeb;height: 24px;text-align: center;width: 500px;vertical-align: middle\"><span style=\"font-size: 0.9em\"><strong><img loading=\"lazy\" decoding=\"async\" class=\"\" src=\"https:\/\/cdn-4.motorsport.com\/images\/vcl\/K6Ol8G0a\/s2\/aprilia-rs-gp.png\" width=\"55\" height=\"23\" \/><br \/>\n\ud83c\uddea\ud83c\uddf8 MAVERICK VINALES <br style=\"font-size: 14.4px\" \/><\/strong><span style=\"font-size: 0.8em\">APRILIA RACING<\/span><\/span><\/td>\n<td class=\"standings-table__body-cell standings-table__body-cell--points\" style=\"width: 220px;border-color: #ebebeb;text-align: center;vertical-align: middle\"><span style=\"font-size: 0.9em\"><strong>190<\/strong><\/span><\/td>\n<\/tr>\n<tr>\n<td style=\"border-color: #ebebeb;text-align: center;width: 80px;vertical-align: middle\"><span style=\"font-size: 0.9em\">8.<\/span><\/td>\n<td style=\"border-color: #ebebeb;height: 24px;text-align: center;width: 500px;vertical-align: middle\"><span style=\"font-size: 0.9em\"><strong><img loading=\"lazy\" decoding=\"async\" class=\"\" src=\"https:\/\/cdn-8.motorsport.com\/images\/vcl\/q633yq6A\/s3\/ducati-desmosedici-gp23-3.png\" width=\"55\" height=\"23\" \/><br \/>\n\ud83c\uddea\ud83c\uddf8 ALEX MARQUEZ<br \/>\n<\/strong><span style=\"font-size: 0.8em\">GRESINI RACING MOTOGP<\/span><\/span><\/td>\n<td class=\"standings-table__body-cell standings-table__body-cell--points\" style=\"width: 220px;border-color: #ebebeb;text-align: center;vertical-align: middle\"><span style=\"font-size: 0.9em\"><strong>173<\/strong><\/span><\/td>\n<\/tr>\n<tr>\n<td style=\"border-color: #ebebeb;text-align: center;width: 80px;vertical-align: middle\"><span style=\"font-size: 0.9em\">9.<\/span><\/td>\n<td style=\"border-color: #ebebeb;text-align: center;width: 500px;vertical-align: middle\"><span style=\"font-size: 0.9em\"><strong><img loading=\"lazy\" decoding=\"async\" class=\"\" src=\"https:\/\/cdn-4.motorsport.com\/images\/vcl\/K6x9JM0Q\/s2\/ducati-desmosedici-gp24-2.png\" width=\"55\" height=\"23\" \/><br \/>\n\ud83c\uddee\ud83c\uddf9 FRANCO MORBIDELLI<br \/>\n<\/strong><span style=\"font-size: 0.8em\">PRIMA PRAMAC RACING<\/span><\/span><\/td>\n<td class=\"standings-table__body-cell standings-table__body-cell--points\" style=\"width: 220px;border-color: #ebebeb;text-align: center;vertical-align: middle\"><span style=\"font-size: 0.9em\"><strong>173<\/strong><\/span><\/td>\n<\/tr>\n<tr>\n<td style=\"border-color: #ebebeb;text-align: center;width: 80px;vertical-align: middle\"><span style=\"font-size: 0.9em\">10.<\/span><\/td>\n<td style=\"border-color: #ebebeb;text-align: center;width: 500px;vertical-align: middle\"><span style=\"font-size: 0.9em\"><strong><img loading=\"lazy\" decoding=\"async\" class=\"\" src=\"https:\/\/cdn-1.motorsport.com\/images\/vcl\/vYMlBV2E\/s2\/ducati-desmosedici-gp23-2.png\" width=\"55\" height=\"23\" \/><br \/>\n\ud83c\uddee\ud83c\uddf9 FABIO DI GIANNANTONIO<br \/>\n<\/strong><span style=\"font-size: 0.8em\">VR46 RACING TEAM<\/span><\/span><\/td>\n<td class=\"standings-table__body-cell standings-table__body-cell--points\" style=\"width: 220px;border-color: #ebebeb;text-align: center;vertical-align: middle\"><span style=\"font-size: 0.9em\"><strong>165<\/strong><\/span><\/td>\n<\/tr>\n<tr>\n<td style=\"border-color: #ebebeb;text-align: center;width: 80px;vertical-align: middle\"><span style=\"font-size: 0.9em\">11.<\/span><\/td>\n<td style=\"border-color: #ebebeb;text-align: center;width: 500px;vertical-align: middle\"><span style=\"font-size: 0.9em\"><strong><img loading=\"lazy\" decoding=\"async\" class=\"\" src=\"https:\/\/cdn-4.motorsport.com\/images\/vcl\/K6Ol8G0a\/s2\/aprilia-rs-gp.png\" width=\"55\" height=\"23\" \/><br \/>\n\ud83c\uddea\ud83c\uddf8 ALEIX ESPARGARO<br \/>\n<\/strong><span style=\"font-size: 0.8em\">APRILIA RACING<\/span><\/span><\/td>\n<td class=\"standings-table__body-cell standings-table__body-cell--points\" style=\"width: 220px;border-color: #ebebeb;text-align: center;vertical-align: middle\"><span style=\"font-size: 0.9em\"><strong>163<\/strong><\/span><\/td>\n<\/tr>\n<tr>\n<td style=\"border-color: #ebebeb;text-align: center;width: 80px;vertical-align: middle\"><span style=\"font-size: 0.9em\">12<\/span><span style=\"font-size: 0.9em\">.<\/span><\/td>\n<td style=\"border-color: #ebebeb;text-align: center;width: 500px;vertical-align: middle\"><span style=\"font-size: 0.9em\"><strong><img loading=\"lazy\" decoding=\"async\" class=\"\" src=\"https:\/\/cdn-1.motorsport.com\/images\/vcl\/vYMlBV2E\/s2\/ducati-desmosedici-gp23-2.png\" width=\"55\" height=\"23\" \/><br \/>\n\ud83c\uddee\ud83c\uddf9 MARCO BEZZECCHI<br \/>\n<\/strong><span style=\"font-size: 0.8em\">VR46 RACING TEAM<\/span><\/span><\/td>\n<td class=\"standings-table__body-cell standings-table__body-cell--points\" style=\"width: 220px;border-color: #ebebeb;text-align: center;vertical-align: middle\"><span style=\"font-size: 0.9em\"><strong>153<\/strong><\/span><\/td>\n<\/tr>\n<tr>\n<td style=\"border-color: #ebebeb;text-align: center;width: 80px;vertical-align: middle\"><span style=\"font-size: 0.9em\">13.<\/span><\/td>\n<td style=\"border-color: #ebebeb;text-align: center;width: 500px;vertical-align: middle\"><span style=\"font-size: 0.9em\"><strong><img loading=\"lazy\" decoding=\"async\" class=\"\" src=\"https:\/\/cdn-7.motorsport.com\/images\/vcl\/e2dwVp0J\/s2\/yamaha-yzr-m1-3.png\" width=\"55\" height=\"23\" \/><br \/>\n\ud83c\uddeb\ud83c\uddf7 FABIO QUARTARARO<strong style=\"font-size: 14.4px\"><br style=\"font-size: 14.4px\" \/><\/strong><\/strong><span style=\"font-size: 0.8em\">MONSTER ENERGY YAMAHA MOTOGP<\/span><\/span><\/td>\n<td class=\"standings-table__body-cell standings-table__body-cell--points\" style=\"width: 220px;border-color: #ebebeb;text-align: center;vertical-align: middle\"><span style=\"font-size: 0.9em\"><strong>113<\/strong><\/span><\/td>\n<\/tr>\n<tr>\n<td style=\"border-color: #ebebeb;text-align: center;width: 80px;vertical-align: middle\"><span style=\"font-size: 0.9em\">14.<\/span><\/td>\n<td style=\"border-color: #ebebeb;text-align: center;width: 500px;vertical-align: middle\"><span style=\"font-size: 0.9em\"><strong><img loading=\"lazy\" decoding=\"async\" class=\"\" src=\"https:\/\/cdn-8.motorsport.com\/images\/vcl\/80Zl1VYe\/s2\/ktm-rc16-2.png\" width=\"55\" height=\"23\" \/><br \/>\n\ud83c\udde6\ud83c\uddfa JACK MILLER<br \/>\n<\/strong><span style=\"font-size: 0.8em\">RED BULL KTM FACTORY RACING<\/span><\/span><\/td>\n<td class=\"standings-table__body-cell standings-table__body-cell--points\" style=\"width: 220px;border-color: #ebebeb;text-align: center;vertical-align: middle\"><span style=\"font-size: 0.9em\"><strong>87<\/strong><\/span><\/td>\n<\/tr>\n<tr>\n<td style=\"border-color: #ebebeb;text-align: center;width: 80px;vertical-align: middle\"><span style=\"font-size: 0.9em\">15.<\/span><\/td>\n<td style=\"border-color: #ebebeb;text-align: center;width: 500px;vertical-align: middle\"><span style=\"font-size: 0.9em\"><strong><img loading=\"lazy\" decoding=\"async\" class=\"\" src=\"https:\/\/cdn-2.motorsport.com\/images\/vcl\/B6bwVj0x\/s2\/aprilia-rs-gp-3.png\" width=\"56\" height=\"24\" \/><br \/>\n\ud83c\uddf5\ud83c\uddf9 MIGUEL OLIVEIRA<br \/>\n<\/strong><span style=\"font-size: 0.8em\">TRACKHOUSE RACING<\/span><\/span><\/td>\n<td class=\"standings-table__body-cell standings-table__body-cell--points\" style=\"width: 220px;border-color: #ebebeb;text-align: center;vertical-align: middle\"><span style=\"font-size: 14.4px\"><b>75<\/b><\/span><\/td>\n<\/tr>\n<tr>\n<td style=\"border-color: #ebebeb;text-align: center;width: 80px;vertical-align: middle\"><span style=\"font-size: 0.9em\">16<\/span><span style=\"font-size: 0.9em\">.<\/span><\/td>\n<td style=\"border-color: #ebebeb;text-align: center;width: 500px;vertical-align: middle\"><span style=\"font-size: 0.9em\"><strong><img loading=\"lazy\" decoding=\"async\" class=\"\" src=\"https:\/\/cdn-2.motorsport.com\/images\/vcl\/B6bwVj0x\/s2\/aprilia-rs-gp-3.png\" width=\"56\" height=\"24\" \/><br \/>\n\ud83c\uddea\ud83c\uddf8 RAUL FERNANDEZ<br \/>\n<\/strong><span style=\"font-size: 0.8em\">TRACKHOUSE RACING<\/span><\/span><\/td>\n<td class=\"standings-table__body-cell standings-table__body-cell--points\" style=\"width: 220px;border-color: #ebebeb;text-align: center;vertical-align: middle\"><span style=\"font-size: 0.9em\"><strong>66<\/strong><\/span><\/td>\n<\/tr>\n<tr>\n<td style=\"border-color: #ebebeb;text-align: center;width: 80px;vertical-align: middle\"><span style=\"font-size: 0.9em\">17.<\/span><\/td>\n<td style=\"border-color: #ebebeb;text-align: center;width: 500px;vertical-align: middle\"><span style=\"font-size: 0.9em\"><strong><img loading=\"lazy\" decoding=\"async\" class=\"\" src=\"https:\/\/cdn-3.motorsport.com\/images\/vcl\/x27Brv0E\/s2\/honda-rc213v-2.png\" width=\"55\" height=\"23\" \/><br \/>\n\ud83c\uddeb\ud83c\uddf7 JOHANN ZARCO<br \/>\n<\/strong><span style=\"font-size: 0.8em\">LCR HONDA<\/span><\/span><\/td>\n<td class=\"standings-table__body-cell standings-table__body-cell--points\" style=\"width: 220px;border-color: #ebebeb;text-align: center;vertical-align: middle\"><span style=\"font-size: 0.9em\"><strong>55<\/strong><\/span><\/td>\n<\/tr>\n<tr>\n<td style=\"border-color: #ebebeb;text-align: center;width: 80px;vertical-align: middle\"><span style=\"font-size: 0.9em\">18.<\/span><\/td>\n<td style=\"border-color: #ebebeb;text-align: center;width: 500px;vertical-align: middle\"><span style=\"font-size: 0.9em\"><strong><img loading=\"lazy\" decoding=\"async\" class=\"\" src=\"https:\/\/cdn-7.motorsport.com\/images\/vcl\/e2dwVp0J\/s2\/yamaha-yzr-m1-3.png\" width=\"55\" height=\"23\" \/><br \/>\n\ud83c\uddea\ud83c\uddf8 ALEX RINS<br \/>\n<\/strong><span style=\"font-size: 0.8em\">MONSTER ENERGY YAMAHA MOTOGP<\/span><\/span><\/td>\n<td class=\"standings-table__body-cell standings-table__body-cell--points\" style=\"width: 220px;border-color: #ebebeb;text-align: center;vertical-align: middle\"><span style=\"font-size: 0.9em\"><strong>31<\/strong><\/span><\/td>\n<\/tr>\n<tr>\n<td style=\"border-color: #ebebeb;text-align: center;width: 80px;vertical-align: middle\"><span style=\"font-size: 0.9em\">19.<\/span><\/td>\n<td style=\"border-color: #ebebeb;text-align: center;width: 500px;vertical-align: middle\"><span style=\"font-size: 0.9em\"><strong><img loading=\"lazy\" decoding=\"async\" class=\"\" src=\"https:\/\/cdn-3.motorsport.com\/images\/vcl\/x27Brv0E\/s2\/honda-rc213v-2.png\" width=\"55\" height=\"23\" \/><br \/>\n\ud83c\uddef\ud83c\uddf5 TAKAAKI NAKAGAMI<br \/>\n<\/strong><span style=\"font-size: 0.8em\">LCR HONDA<\/span><\/span><\/td>\n<td class=\"standings-table__body-cell standings-table__body-cell--points\" style=\"width: 220px;border-color: #ebebeb;text-align: center;vertical-align: middle\"><span style=\"font-size: 0.9em\"><strong>31<\/strong><\/span><\/td>\n<\/tr>\n<tr>\n<td style=\"border-color: #ebebeb;text-align: center;width: 80px;vertical-align: middle\"><span style=\"font-size: 0.9em\">20<\/span><span style=\"font-size: 0.9em\">.<\/span><\/td>\n<td style=\"border-color: #ebebeb;text-align: center;width: 500px;vertical-align: middle\"><span style=\"font-size: 0.9em\"><strong><img loading=\"lazy\" decoding=\"async\" class=\"\" src=\"https:\/\/cdn-1.motorsport.com\/images\/vcl\/jYNlEb0D\/s2\/ktm-rc16-2.png\" width=\"55\" height=\"23\" \/><br \/>\n\ud83c\uddea\ud83c\uddf8 AUGUSTO FERNANDEZ<br \/>\n<\/strong><span style=\"font-size: 0.8em\">RED BULL GASGAS TECH3<\/span><\/span><\/td>\n<td class=\"standings-table__body-cell standings-table__body-cell--points\" style=\"width: 220px;border-color: #ebebeb;text-align: center;vertical-align: middle\"><span style=\"font-size: 0.9em\"><strong>27<\/strong><\/span><\/td>\n<\/tr>\n<tr>\n<td style=\"border-color: #ebebeb;text-align: center;width: 80px;vertical-align: middle\"><span style=\"font-size: 0.9em\">21.<\/span><\/td>\n<td style=\"border-color: #ebebeb;text-align: center;width: 500px;vertical-align: middle\"><strong><span style=\"font-size: 0.9em\"><img loading=\"lazy\" decoding=\"async\" class=\"\" src=\"https:\/\/cdn-8.motorsport.com\/images\/vcl\/n0mwqXYz\/s2\/honda-rc213v-2.png\" width=\"55\" height=\"23\" \/><br \/>\n\ud83c\uddea\ud83c\uddf8 JOAN MIR<br \/>\n<\/span><\/strong><span style=\"font-size: 0.9em\"><span style=\"font-size: 0.8em\">REPSOL HONDA TEAM<\/span><\/span><\/td>\n<td class=\"standings-table__body-cell standings-table__body-cell--points\" style=\"width: 220px;border-color: #ebebeb;text-align: center;vertical-align: middle\"><span style=\"font-size: 0.9em\"><strong>21<\/strong><\/span><\/td>\n<\/tr>\n<tr>\n<td style=\"border-color: #ebebeb;text-align: center;width: 80px;vertical-align: middle\"><span style=\"font-size: 0.9em\">22.<\/span><\/td>\n<td style=\"border-color: #ebebeb;text-align: center;width: 500px;vertical-align: middle\"><span style=\"font-size: 0.9em\"><strong><img loading=\"lazy\" decoding=\"async\" class=\"\" src=\"https:\/\/cdn-8.motorsport.com\/images\/vcl\/n0mwqXYz\/s2\/honda-rc213v-2.png\" width=\"55\" height=\"23\" \/><br \/>\n\ud83c\uddee\ud83c\uddf9 LUCA MARINI<br \/>\n<\/strong><span style=\"font-size: 0.8em\">REPSOL HONDA TEAM<\/span><\/span><\/td>\n<td class=\"standings-table__body-cell standings-table__body-cell--points\" style=\"width: 220px;border-color: #ebebeb;text-align: center;vertical-align: middle\"><span style=\"font-size: 0.9em\"><strong>14<\/strong><\/span><\/td>\n<\/tr>\n<tr>\n<td style=\"border-color: #ebebeb;text-align: center;width: 80px;vertical-align: middle\"><span style=\"font-size: 0.9em\">23.<\/span><\/td>\n<td style=\"border-color: #ebebeb;text-align: center;width: 500px;vertical-align: middle\"><span style=\"font-size: 0.9em\"><strong><img loading=\"lazy\" decoding=\"async\" class=\"\" src=\"https:\/\/cdn-8.motorsport.com\/images\/vcl\/80Zl1VYe\/s2\/ktm-rc16-2.png\" width=\"55\" height=\"23\" \/><br \/>\n\ud83c\uddea\ud83c\uddf8 POL ESPARGARO<br \/>\n<\/strong><span style=\"font-size: 0.8em\">RED BULL KTM FACTORY RACING<\/span><\/span><\/td>\n<td class=\"standings-table__body-cell standings-table__body-cell--points\" style=\"width: 220px;border-color: #ebebeb;text-align: center;vertical-align: middle\"><span style=\"font-size: 0.9em\"><strong>12<\/strong><\/span><\/td>\n<\/tr>\n<tr>\n<td style=\"border-color: #ebebeb;text-align: center;width: 80px;vertical-align: middle\"><span style=\"font-size: 0.9em\">24.<\/span><\/td>\n<td style=\"border-color: #ebebeb;text-align: center;width: 500px;vertical-align: middle\"><span style=\"font-size: 0.9em\"><strong><img loading=\"lazy\" decoding=\"async\" class=\"\" src=\"https:\/\/cdn-8.motorsport.com\/images\/vcl\/80Zl1VYe\/s2\/ktm-rc16-2.png\" width=\"55\" height=\"23\" \/><br \/>\n\ud83c\uddea\ud83c\uddf8 DANI PEDROSA<br \/>\n<\/strong><span style=\"font-size: 0.8em\">RED BULL KTM FACTORY RACING<\/span><\/span><\/td>\n<td class=\"standings-table__body-cell standings-table__body-cell--points\" style=\"width: 220px;border-color: #ebebeb;text-align: center;vertical-align: middle\"><span style=\"font-size: 0.9em\"><strong>7<\/strong><\/span><\/td>\n<\/tr>\n<tr>\n<td style=\"border-color: #ebebeb;text-align: center;width: 80px;vertical-align: middle\"><span style=\"font-size: 0.9em\">25.<\/span><\/td>\n<td style=\"border-color: #ebebeb;text-align: center;width: 500px;vertical-align: middle\"><span style=\"font-size: 0.9em\"><strong><img loading=\"lazy\" decoding=\"async\" class=\"alignnone wp-image-481767\" src=\"https:\/\/dicodusport.fr\/blog\/wp-content\/uploads\/2024\/04\/HRC-TEST-TEAM.png\" alt=\"\" width=\"55\" height=\"23\" \/><br \/>\n\ud83c\udde9\ud83c\uddea STEFAN BRADL<br \/>\n<\/strong><span style=\"font-size: 0.8em\">HRC TEST TEAM<\/span><\/span><\/td>\n<td class=\"standings-table__body-cell standings-table__body-cell--points\" style=\"width: 220px;border-color: #ebebeb;text-align: center;vertical-align: middle\"><span style=\"font-size: 0.9em\"><strong>2<\/strong><\/span><\/td>\n<\/tr>\n<tr>\n<td style=\"border-color: #ebebeb;text-align: center;width: 80px;vertical-align: middle\"><span style=\"font-size: 0.9em\">26.<\/span><\/td>\n<td style=\"border-color: #ebebeb;text-align: center;width: 500px;vertical-align: middle\"><span style=\"font-size: 0.9em\"><strong><img loading=\"lazy\" decoding=\"async\" class=\"\" src=\"https:\/\/cdn-7.motorsport.com\/images\/vcl\/e2dwVp0J\/s2\/yamaha-yzr-m1-3.png\" width=\"55\" height=\"23\" \/><br \/>\n\ud83c\udde6\ud83c\uddfa REMY GARDNER<strong style=\"font-size: 14.4px\"><br style=\"font-size: 14.4px\" \/><\/strong><\/strong><span style=\"font-size: 0.8em\">MONSTER ENERGY YAMAHA MOTOGP<\/span><\/span><\/td>\n<td class=\"standings-table__body-cell standings-table__body-cell--points\" style=\"width: 220px;border-color: #ebebeb;text-align: center;vertical-align: middle\"><span style=\"font-size: 0.9em\"><strong>0<\/strong><\/span><\/td>\n<\/tr>\n<tr>\n<td style=\"border-color: #ebebeb;text-align: center;width: 80px;vertical-align: middle\"><span style=\"font-size: 0.9em\">27.<\/span><\/td>\n<td style=\"border-color: #ebebeb;text-align: center;width: 500px;vertical-align: middle\"><span style=\"font-size: 0.9em\"><strong><img loading=\"lazy\" decoding=\"async\" class=\"\" src=\"https:\/\/cdn-1.motorsport.com\/images\/vcl\/vYMlBV2E\/s2\/ducati-desmosedici-gp23-2.png\" width=\"55\" height=\"23\" \/><br \/>\n\ud83c\uddee\ud83c\uddf9 ANDREA IANNONE<br \/>\n<\/strong><span style=\"font-size: 0.8em\">VR46 RACING TEAM<\/span><\/span><\/td>\n<td class=\"standings-table__body-cell standings-table__body-cell--points\" style=\"width: 220px;border-color: #ebebeb;text-align: center;vertical-align: middle\"><span style=\"font-size: 0.9em\"><strong>0<\/strong><\/span><\/td>\n<\/tr>\n<tr>\n<td style=\"border-color: #ebebeb;text-align: center;width: 80px;vertical-align: middle\"><span style=\"font-size: 0.9em\">28.<\/span><\/td>\n<td style=\"border-color: #ebebeb;text-align: center;width: 500px;vertical-align: middle\"><span style=\"font-size: 0.9em\"><strong><img loading=\"lazy\" decoding=\"async\" class=\"\" src=\"https:\/\/cdn-4.motorsport.com\/images\/vcl\/K6Ol8G0a\/s2\/aprilia-rs-gp.png\" width=\"55\" height=\"23\" \/><br \/>\n<span style=\"font-size: 1.0em\">\ud83c\uddee\ud83c\uddf9 LORENZO SAVADORI<\/span><br \/>\n<\/strong><span style=\"font-size: 0.8em\">APRILIA RACING<\/span><\/span><\/td>\n<td style=\"width: 220px;border-color: #ebebeb;text-align: center;vertical-align: middle\"><span style=\"font-size: 0.9em\"><strong>0<\/strong><\/span><\/td>\n<\/tr>\n<tr>\n<td style=\"border-color: #ebebeb;text-align: center;width: 80px;vertical-align: middle\"><span style=\"font-size: 0.9em\">29.<\/span><\/td>\n<td style=\"border-color: #ebebeb;text-align: center;width: 500px;vertical-align: middle\"><span style=\"font-size: 0.9em\"><strong><img loading=\"lazy\" decoding=\"async\" class=\"\" src=\"https:\/\/cdn-1.motorsport.com\/images\/vcl\/vYMlBV2E\/s2\/ducati-desmosedici-gp23-2.png\" width=\"55\" height=\"23\" \/><br \/>\n\ud83c\uddee\ud83c\uddf9 MICHELE PIRRO<br \/>\n<\/strong><span style=\"font-size: 0.8em\">VR46 RACING TEAM<\/span><\/span><\/td>\n<td style=\"width: 220px;border-color: #ebebeb;text-align: center;vertical-align: middle\"><span style=\"font-size: 0.9em\"><strong>0<\/strong><\/span><\/td>\n<\/tr>\n<\/tbody>\n<\/table>\n<\/div>\n<p style=\"text-align: justify;\">Et maintenant que vous en savez plus sur le classement actuel des pilotes MotoGP, vous pouvez aussi tenter de parier sur une course en utilisant <a href=\"https:\/\/parieursuisse.com\/articles\/comment-acceder-a-bet365-en-francais\" target=\"_blank\" rel=\"noopener\">le site de Bet365 en fran\u00e7ais<\/a>.<\/p>\n","protected":false},"excerpt":{"rendered":"<p>SAISON MOTOGP 2024 \u2013 Retrouvez le classement complet du championnat du monde des pilotes de MotoGP 2024.<\/p>\n","protected":false},"author":4,"featured_media":470697,"comment_status":"open","ping_status":"closed","sticky":false,"template":"","format":"standard","meta":{"_acf_changed":false,"_daextam_enable_autolinks":"1","footnotes":""},"categories":[47087],"tags":[16878,10938],"class_list":["post-470678","post","type-post","status-publish","format-standard","has-post-thumbnail","hentry","category-motogp","tag-breve","tag-motogp"],"acf":[],"yoast_head":"<!-- This site is optimized with the Yoast SEO Premium plugin v26.7 (Yoast SEO v26.7) - https:\/\/yoast.com\/wordpress\/plugins\/seo\/ -->\n<title>MotoGP 2024 - Classement Championnat du monde des pilotes<\/title>\n<meta name=\"description\" content=\"SAISON MOTOGP 2024 \u2013 Retrouvez le classement complet du championnat du monde des pilotes de MotoGP 2024.\" \/>\n<meta name=\"robots\" content=\"index, follow, max-snippet:-1, max-image-preview:large, max-video-preview:-1\" \/>\n<link rel=\"canonical\" href=\"https:\/\/dicodusport.fr\/blog\/motogp-2024-classement-championnat-du-monde-des-pilotes\/\" \/>\n<meta property=\"og:locale\" content=\"fr_FR\" \/>\n<meta property=\"og:type\" content=\"article\" \/>\n<meta property=\"og:title\" content=\"MotoGP 2024 - Classement Championnat du monde des pilotes\" \/>\n<meta property=\"og:description\" content=\"SAISON MOTOGP 2024 \u2013 Retrouvez le classement complet du championnat du monde des pilotes de MotoGP 2024.\" \/>\n<meta property=\"og:url\" content=\"https:\/\/dicodusport.fr\/blog\/motogp-2024-classement-championnat-du-monde-des-pilotes\/\" \/>\n<meta property=\"og:site_name\" content=\"Dicodusport\" \/>\n<meta property=\"article:publisher\" content=\"https:\/\/www.facebook.com\/dicodusport\" \/>\n<meta property=\"article:author\" content=\"https:\/\/www.facebook.com\/florent.ostermann\" \/>\n<meta property=\"article:published_time\" content=\"2024-11-17T14:00:22+00:00\" \/>\n<meta property=\"article:modified_time\" content=\"2024-11-17T14:25:41+00:00\" \/>\n<meta property=\"og:image\" content=\"https:\/\/dicodusport.fr\/blog\/wp-content\/uploads\/2024\/03\/MotoGP-2024-Classement-Championnat-du-monde-des-pilotes.png\" \/>\n\t<meta property=\"og:image:width\" content=\"1200\" \/>\n\t<meta property=\"og:image:height\" content=\"674\" \/>\n\t<meta property=\"og:image:type\" content=\"image\/png\" \/>\n<meta name=\"author\" content=\"Flo Ostermann\" \/>\n<meta name=\"twitter:card\" content=\"summary_large_image\" \/>\n<meta name=\"twitter:title\" content=\"MotoGP 2024 - Classement Championnat du monde des pilotes\" \/>\n<meta name=\"twitter:creator\" content=\"@https:\/\/twitter.com\/FlOstermann\" \/>\n<meta name=\"twitter:site\" content=\"@dicodusport\" \/>\n<script type=\"application\/ld+json\" class=\"yoast-schema-graph\">{\"@context\":\"https:\/\/schema.org\",\"@graph\":[{\"@type\":\"NewsArticle\",\"@id\":\"https:\/\/dicodusport.fr\/blog\/motogp-2024-classement-championnat-du-monde-des-pilotes\/#article\",\"isPartOf\":{\"@id\":\"https:\/\/dicodusport.fr\/blog\/motogp-2024-classement-championnat-du-monde-des-pilotes\/\"},\"author\":{\"name\":\"Flo Ostermann\",\"@id\":\"https:\/\/dicodusport.fr\/blog\/#\/schema\/person\/cb02af4c173ce4a653b55e9baf388d4a\"},\"headline\":\"MotoGP 2024 &#8211; Classement Championnat du monde des pilotes\",\"datePublished\":\"2024-11-17T14:00:22+00:00\",\"dateModified\":\"2024-11-17T14:25:41+00:00\",\"mainEntityOfPage\":{\"@id\":\"https:\/\/dicodusport.fr\/blog\/motogp-2024-classement-championnat-du-monde-des-pilotes\/\"},\"wordCount\":253,\"commentCount\":0,\"publisher\":{\"@id\":\"https:\/\/dicodusport.fr\/blog\/#organization\"},\"image\":{\"@id\":\"https:\/\/dicodusport.fr\/blog\/motogp-2024-classement-championnat-du-monde-des-pilotes\/#primaryimage\"},\"thumbnailUrl\":\"https:\/\/dicodusport.fr\/blog\/wp-content\/uploads\/2024\/03\/MotoGP-2024-Classement-Championnat-du-monde-des-pilotes.png\",\"keywords\":[\"br\u00e8ve\",\"MotoGP\"],\"articleSection\":[\"MotoGP\"],\"inLanguage\":\"fr-FR\",\"potentialAction\":[{\"@type\":\"CommentAction\",\"name\":\"Comment\",\"target\":[\"https:\/\/dicodusport.fr\/blog\/motogp-2024-classement-championnat-du-monde-des-pilotes\/#respond\"]}],\"copyrightYear\":\"2024\",\"copyrightHolder\":{\"@id\":\"https:\/\/dicodusport.fr\/blog\/#organization\"}},{\"@type\":\"WebPage\",\"@id\":\"https:\/\/dicodusport.fr\/blog\/motogp-2024-classement-championnat-du-monde-des-pilotes\/\",\"url\":\"https:\/\/dicodusport.fr\/blog\/motogp-2024-classement-championnat-du-monde-des-pilotes\/\",\"name\":\"MotoGP 2024 - Classement Championnat du monde des pilotes\",\"isPartOf\":{\"@id\":\"https:\/\/dicodusport.fr\/blog\/#website\"},\"primaryImageOfPage\":{\"@id\":\"https:\/\/dicodusport.fr\/blog\/motogp-2024-classement-championnat-du-monde-des-pilotes\/#primaryimage\"},\"image\":{\"@id\":\"https:\/\/dicodusport.fr\/blog\/motogp-2024-classement-championnat-du-monde-des-pilotes\/#primaryimage\"},\"thumbnailUrl\":\"https:\/\/dicodusport.fr\/blog\/wp-content\/uploads\/2024\/03\/MotoGP-2024-Classement-Championnat-du-monde-des-pilotes.png\",\"datePublished\":\"2024-11-17T14:00:22+00:00\",\"dateModified\":\"2024-11-17T14:25:41+00:00\",\"description\":\"SAISON MOTOGP 2024 \u2013 Retrouvez le classement complet du championnat du monde des pilotes de MotoGP 2024.\",\"breadcrumb\":{\"@id\":\"https:\/\/dicodusport.fr\/blog\/motogp-2024-classement-championnat-du-monde-des-pilotes\/#breadcrumb\"},\"inLanguage\":\"fr-FR\",\"potentialAction\":[{\"@type\":\"ReadAction\",\"target\":[\"https:\/\/dicodusport.fr\/blog\/motogp-2024-classement-championnat-du-monde-des-pilotes\/\"]}]},{\"@type\":\"ImageObject\",\"inLanguage\":\"fr-FR\",\"@id\":\"https:\/\/dicodusport.fr\/blog\/motogp-2024-classement-championnat-du-monde-des-pilotes\/#primaryimage\",\"url\":\"https:\/\/dicodusport.fr\/blog\/wp-content\/uploads\/2024\/03\/MotoGP-2024-Classement-Championnat-du-monde-des-pilotes.png\",\"contentUrl\":\"https:\/\/dicodusport.fr\/blog\/wp-content\/uploads\/2024\/03\/MotoGP-2024-Classement-Championnat-du-monde-des-pilotes.png\",\"width\":1200,\"height\":674,\"caption\":\"MotoGP 2024 - Classement Championnat du monde des pilotes\"},{\"@type\":\"BreadcrumbList\",\"@id\":\"https:\/\/dicodusport.fr\/blog\/motogp-2024-classement-championnat-du-monde-des-pilotes\/#breadcrumb\",\"itemListElement\":[{\"@type\":\"ListItem\",\"position\":1,\"name\":\"Accueil\",\"item\":\"https:\/\/dicodusport.fr\/blog\/\"},{\"@type\":\"ListItem\",\"position\":2,\"name\":\"MotoGP 2024 &#8211; Classement Championnat du monde des pilotes\"}]},{\"@type\":\"WebSite\",\"@id\":\"https:\/\/dicodusport.fr\/blog\/#website\",\"url\":\"https:\/\/dicodusport.fr\/blog\/\",\"name\":\"Dicodusport\",\"description\":\"L&#039;encyclop\u00e9die de l&#039;actualit\u00e9 sportive\",\"publisher\":{\"@id\":\"https:\/\/dicodusport.fr\/blog\/#organization\"},\"potentialAction\":[{\"@type\":\"SearchAction\",\"target\":{\"@type\":\"EntryPoint\",\"urlTemplate\":\"https:\/\/dicodusport.fr\/blog\/?s={search_term_string}\"},\"query-input\":{\"@type\":\"PropertyValueSpecification\",\"valueRequired\":true,\"valueName\":\"search_term_string\"}}],\"inLanguage\":\"fr-FR\"},{\"@type\":\"NewsMediaOrganization\",\"@id\":\"https:\/\/dicodusport.fr\/blog\/#organization\",\"name\":\"Dicodusport\",\"url\":\"https:\/\/dicodusport.fr\/blog\/\",\"logo\":{\"@type\":\"ImageObject\",\"inLanguage\":\"fr-FR\",\"@id\":\"https:\/\/dicodusport.fr\/blog\/#\/schema\/logo\/image\/\",\"url\":\"https:\/\/dicodusport.fr\/blog\/wp-content\/uploads\/2020\/06\/cropped-LOGO-DICODUSPORT-2020-SANS-FOND-SANS-TEXTE.png\",\"contentUrl\":\"https:\/\/dicodusport.fr\/blog\/wp-content\/uploads\/2020\/06\/cropped-LOGO-DICODUSPORT-2020-SANS-FOND-SANS-TEXTE.png\",\"width\":512,\"height\":512,\"caption\":\"Dicodusport\"},\"image\":{\"@id\":\"https:\/\/dicodusport.fr\/blog\/#\/schema\/logo\/image\/\"},\"sameAs\":[\"https:\/\/www.facebook.com\/dicodusport\",\"https:\/\/x.com\/dicodusport\",\"https:\/\/www.instagram.com\/dicodusport\/\",\"https:\/\/www.youtube.com\/channel\/UC7V2KZ5sd3htJivAbA4ZG3w\"],\"description\":\"Dicodusport est l'encyclop\u00e9die de l'actualit\u00e9 sportive.\",\"email\":\"bonjour@dicodusport.fr\",\"legalName\":\"DICODUSPORT\",\"foundingDate\":\"2018-01-14\",\"vatID\":\"FR71834470973\",\"taxID\":\"83447097300043\",\"numberOfEmployees\":{\"@type\":\"QuantitativeValue\",\"minValue\":\"1\",\"maxValue\":\"10\"}},{\"@type\":\"Person\",\"@id\":\"https:\/\/dicodusport.fr\/blog\/#\/schema\/person\/cb02af4c173ce4a653b55e9baf388d4a\",\"name\":\"Flo Ostermann\",\"image\":{\"@type\":\"ImageObject\",\"inLanguage\":\"fr-FR\",\"@id\":\"https:\/\/dicodusport.fr\/blog\/#\/schema\/person\/image\/\",\"url\":\"https:\/\/dicodusport.fr\/blog\/wp-content\/uploads\/2021\/05\/Flo-Ostermann-150x150.jpg\",\"contentUrl\":\"https:\/\/dicodusport.fr\/blog\/wp-content\/uploads\/2021\/05\/Flo-Ostermann-150x150.jpg\",\"caption\":\"Flo Ostermann\"},\"description\":\"Journaliste\/R\u00e9dacteur depuis septembre 2015 - Mes premiers souvenirs dans le sport ? Les envol\u00e9es du Stade Toulousain et les duels Villeneuve-Schumacher et H\u00e4kkinen-Schumacher \u00e0 la fin des ann\u00e9es 90, la Coupe du monde de football en 1998, l\u2019exploit du XV de France face aux All Blacks en 1999, mais aussi Richard C\u0153ur de Lion qui vole sur les montagnes du Tour de France. Bien parti pour devenir professeur d\u2019EPS, les \u00e9v\u00e9nements de la vie (et la flemme d\u2019animer des s\u00e9ances de 3x500 m\u00e8tres toute ma vie) m\u2019ont conduit \u00e0 revoir mes plans. Me voil\u00e0 depuis fin 2017 sur Dicodusport, m\u00e9dia gr\u00e2ce (et pour) lequel je partage ma passion : le sport dans tous ses \u00e9tats. Le tout accompagn\u00e9 par les fous furieux et folles furieuses cit\u00e9s sur cette page !\",\"sameAs\":[\"https:\/\/www.facebook.com\/florent.ostermann\",\"https:\/\/x.com\/https:\/\/twitter.com\/FlOstermann\",\"admin\"],\"url\":\"https:\/\/dicodusport.fr\/blog\/author\/flo\/\"}]}<\/script>\n<!-- \/ Yoast SEO Premium plugin. -->","yoast_head_json":{"title":"MotoGP 2024 - Classement Championnat du monde des pilotes","description":"SAISON MOTOGP 2024 \u2013 Retrouvez le classement complet du championnat du monde des pilotes de MotoGP 2024.","robots":{"index":"index","follow":"follow","max-snippet":"max-snippet:-1","max-image-preview":"max-image-preview:large","max-video-preview":"max-video-preview:-1"},"canonical":"https:\/\/dicodusport.fr\/blog\/motogp-2024-classement-championnat-du-monde-des-pilotes\/","og_locale":"fr_FR","og_type":"article","og_title":"MotoGP 2024 - Classement Championnat du monde des pilotes","og_description":"SAISON MOTOGP 2024 \u2013 Retrouvez le classement complet du championnat du monde des pilotes de MotoGP 2024.","og_url":"https:\/\/dicodusport.fr\/blog\/motogp-2024-classement-championnat-du-monde-des-pilotes\/","og_site_name":"Dicodusport","article_publisher":"https:\/\/www.facebook.com\/dicodusport","article_author":"https:\/\/www.facebook.com\/florent.ostermann","article_published_time":"2024-11-17T14:00:22+00:00","article_modified_time":"2024-11-17T14:25:41+00:00","og_image":[{"width":1200,"height":674,"url":"https:\/\/dicodusport.fr\/blog\/wp-content\/uploads\/2024\/03\/MotoGP-2024-Classement-Championnat-du-monde-des-pilotes.png","type":"image\/png"}],"author":"Flo Ostermann","twitter_card":"summary_large_image","twitter_title":"MotoGP 2024 - Classement Championnat du monde des pilotes","twitter_creator":"@https:\/\/twitter.com\/FlOstermann","twitter_site":"@dicodusport","schema":{"@context":"https:\/\/schema.org","@graph":[{"@type":"NewsArticle","@id":"https:\/\/dicodusport.fr\/blog\/motogp-2024-classement-championnat-du-monde-des-pilotes\/#article","isPartOf":{"@id":"https:\/\/dicodusport.fr\/blog\/motogp-2024-classement-championnat-du-monde-des-pilotes\/"},"author":{"name":"Flo Ostermann","@id":"https:\/\/dicodusport.fr\/blog\/#\/schema\/person\/cb02af4c173ce4a653b55e9baf388d4a"},"headline":"MotoGP 2024 &#8211; Classement Championnat du monde des pilotes","datePublished":"2024-11-17T14:00:22+00:00","dateModified":"2024-11-17T14:25:41+00:00","mainEntityOfPage":{"@id":"https:\/\/dicodusport.fr\/blog\/motogp-2024-classement-championnat-du-monde-des-pilotes\/"},"wordCount":253,"commentCount":0,"publisher":{"@id":"https:\/\/dicodusport.fr\/blog\/#organization"},"image":{"@id":"https:\/\/dicodusport.fr\/blog\/motogp-2024-classement-championnat-du-monde-des-pilotes\/#primaryimage"},"thumbnailUrl":"https:\/\/dicodusport.fr\/blog\/wp-content\/uploads\/2024\/03\/MotoGP-2024-Classement-Championnat-du-monde-des-pilotes.png","keywords":["br\u00e8ve","MotoGP"],"articleSection":["MotoGP"],"inLanguage":"fr-FR","potentialAction":[{"@type":"CommentAction","name":"Comment","target":["https:\/\/dicodusport.fr\/blog\/motogp-2024-classement-championnat-du-monde-des-pilotes\/#respond"]}],"copyrightYear":"2024","copyrightHolder":{"@id":"https:\/\/dicodusport.fr\/blog\/#organization"}},{"@type":"WebPage","@id":"https:\/\/dicodusport.fr\/blog\/motogp-2024-classement-championnat-du-monde-des-pilotes\/","url":"https:\/\/dicodusport.fr\/blog\/motogp-2024-classement-championnat-du-monde-des-pilotes\/","name":"MotoGP 2024 - Classement Championnat du monde des pilotes","isPartOf":{"@id":"https:\/\/dicodusport.fr\/blog\/#website"},"primaryImageOfPage":{"@id":"https:\/\/dicodusport.fr\/blog\/motogp-2024-classement-championnat-du-monde-des-pilotes\/#primaryimage"},"image":{"@id":"https:\/\/dicodusport.fr\/blog\/motogp-2024-classement-championnat-du-monde-des-pilotes\/#primaryimage"},"thumbnailUrl":"https:\/\/dicodusport.fr\/blog\/wp-content\/uploads\/2024\/03\/MotoGP-2024-Classement-Championnat-du-monde-des-pilotes.png","datePublished":"2024-11-17T14:00:22+00:00","dateModified":"2024-11-17T14:25:41+00:00","description":"SAISON MOTOGP 2024 \u2013 Retrouvez le classement complet du championnat du monde des pilotes de MotoGP 2024.","breadcrumb":{"@id":"https:\/\/dicodusport.fr\/blog\/motogp-2024-classement-championnat-du-monde-des-pilotes\/#breadcrumb"},"inLanguage":"fr-FR","potentialAction":[{"@type":"ReadAction","target":["https:\/\/dicodusport.fr\/blog\/motogp-2024-classement-championnat-du-monde-des-pilotes\/"]}]},{"@type":"ImageObject","inLanguage":"fr-FR","@id":"https:\/\/dicodusport.fr\/blog\/motogp-2024-classement-championnat-du-monde-des-pilotes\/#primaryimage","url":"https:\/\/dicodusport.fr\/blog\/wp-content\/uploads\/2024\/03\/MotoGP-2024-Classement-Championnat-du-monde-des-pilotes.png","contentUrl":"https:\/\/dicodusport.fr\/blog\/wp-content\/uploads\/2024\/03\/MotoGP-2024-Classement-Championnat-du-monde-des-pilotes.png","width":1200,"height":674,"caption":"MotoGP 2024 - Classement Championnat du monde des pilotes"},{"@type":"BreadcrumbList","@id":"https:\/\/dicodusport.fr\/blog\/motogp-2024-classement-championnat-du-monde-des-pilotes\/#breadcrumb","itemListElement":[{"@type":"ListItem","position":1,"name":"Accueil","item":"https:\/\/dicodusport.fr\/blog\/"},{"@type":"ListItem","position":2,"name":"MotoGP 2024 &#8211; Classement Championnat du monde des pilotes"}]},{"@type":"WebSite","@id":"https:\/\/dicodusport.fr\/blog\/#website","url":"https:\/\/dicodusport.fr\/blog\/","name":"Dicodusport","description":"L&#039;encyclop\u00e9die de l&#039;actualit\u00e9 sportive","publisher":{"@id":"https:\/\/dicodusport.fr\/blog\/#organization"},"potentialAction":[{"@type":"SearchAction","target":{"@type":"EntryPoint","urlTemplate":"https:\/\/dicodusport.fr\/blog\/?s={search_term_string}"},"query-input":{"@type":"PropertyValueSpecification","valueRequired":true,"valueName":"search_term_string"}}],"inLanguage":"fr-FR"},{"@type":"NewsMediaOrganization","@id":"https:\/\/dicodusport.fr\/blog\/#organization","name":"Dicodusport","url":"https:\/\/dicodusport.fr\/blog\/","logo":{"@type":"ImageObject","inLanguage":"fr-FR","@id":"https:\/\/dicodusport.fr\/blog\/#\/schema\/logo\/image\/","url":"https:\/\/dicodusport.fr\/blog\/wp-content\/uploads\/2020\/06\/cropped-LOGO-DICODUSPORT-2020-SANS-FOND-SANS-TEXTE.png","contentUrl":"https:\/\/dicodusport.fr\/blog\/wp-content\/uploads\/2020\/06\/cropped-LOGO-DICODUSPORT-2020-SANS-FOND-SANS-TEXTE.png","width":512,"height":512,"caption":"Dicodusport"},"image":{"@id":"https:\/\/dicodusport.fr\/blog\/#\/schema\/logo\/image\/"},"sameAs":["https:\/\/www.facebook.com\/dicodusport","https:\/\/x.com\/dicodusport","https:\/\/www.instagram.com\/dicodusport\/","https:\/\/www.youtube.com\/channel\/UC7V2KZ5sd3htJivAbA4ZG3w"],"description":"Dicodusport est l'encyclop\u00e9die de l'actualit\u00e9 sportive.","email":"bonjour@dicodusport.fr","legalName":"DICODUSPORT","foundingDate":"2018-01-14","vatID":"FR71834470973","taxID":"83447097300043","numberOfEmployees":{"@type":"QuantitativeValue","minValue":"1","maxValue":"10"}},{"@type":"Person","@id":"https:\/\/dicodusport.fr\/blog\/#\/schema\/person\/cb02af4c173ce4a653b55e9baf388d4a","name":"Flo Ostermann","image":{"@type":"ImageObject","inLanguage":"fr-FR","@id":"https:\/\/dicodusport.fr\/blog\/#\/schema\/person\/image\/","url":"https:\/\/dicodusport.fr\/blog\/wp-content\/uploads\/2021\/05\/Flo-Ostermann-150x150.jpg","contentUrl":"https:\/\/dicodusport.fr\/blog\/wp-content\/uploads\/2021\/05\/Flo-Ostermann-150x150.jpg","caption":"Flo Ostermann"},"description":"Journaliste\/R\u00e9dacteur depuis septembre 2015 - Mes premiers souvenirs dans le sport ? Les envol\u00e9es du Stade Toulousain et les duels Villeneuve-Schumacher et H\u00e4kkinen-Schumacher \u00e0 la fin des ann\u00e9es 90, la Coupe du monde de football en 1998, l\u2019exploit du XV de France face aux All Blacks en 1999, mais aussi Richard C\u0153ur de Lion qui vole sur les montagnes du Tour de France. Bien parti pour devenir professeur d\u2019EPS, les \u00e9v\u00e9nements de la vie (et la flemme d\u2019animer des s\u00e9ances de 3x500 m\u00e8tres toute ma vie) m\u2019ont conduit \u00e0 revoir mes plans. Me voil\u00e0 depuis fin 2017 sur Dicodusport, m\u00e9dia gr\u00e2ce (et pour) lequel je partage ma passion : le sport dans tous ses \u00e9tats. Le tout accompagn\u00e9 par les fous furieux et folles furieuses cit\u00e9s sur cette page !","sameAs":["https:\/\/www.facebook.com\/florent.ostermann","https:\/\/x.com\/https:\/\/twitter.com\/FlOstermann","admin"],"url":"https:\/\/dicodusport.fr\/blog\/author\/flo\/"}]}},"_links":{"self":[{"href":"https:\/\/dicodusport.fr\/blog\/wp-json\/wp\/v2\/posts\/470678","targetHints":{"allow":["GET"]}}],"collection":[{"href":"https:\/\/dicodusport.fr\/blog\/wp-json\/wp\/v2\/posts"}],"about":[{"href":"https:\/\/dicodusport.fr\/blog\/wp-json\/wp\/v2\/types\/post"}],"author":[{"embeddable":true,"href":"https:\/\/dicodusport.fr\/blog\/wp-json\/wp\/v2\/users\/4"}],"replies":[{"embeddable":true,"href":"https:\/\/dicodusport.fr\/blog\/wp-json\/wp\/v2\/comments?post=470678"}],"version-history":[{"count":7,"href":"https:\/\/dicodusport.fr\/blog\/wp-json\/wp\/v2\/posts\/470678\/revisions"}],"predecessor-version":[{"id":533526,"href":"https:\/\/dicodusport.fr\/blog\/wp-json\/wp\/v2\/posts\/470678\/revisions\/533526"}],"wp:featuredmedia":[{"embeddable":true,"href":"https:\/\/dicodusport.fr\/blog\/wp-json\/wp\/v2\/media\/470697"}],"wp:attachment":[{"href":"https:\/\/dicodusport.fr\/blog\/wp-json\/wp\/v2\/media?parent=470678"}],"wp:term":[{"taxonomy":"category","embeddable":true,"href":"https:\/\/dicodusport.fr\/blog\/wp-json\/wp\/v2\/categories?post=470678"},{"taxonomy":"post_tag","embeddable":true,"href":"https:\/\/dicodusport.fr\/blog\/wp-json\/wp\/v2\/tags?post=470678"}],"curies":[{"name":"wp","href":"https:\/\/api.w.org\/{rel}","templated":true}]}}