{"id":470971,"date":"2024-03-10T11:30:29","date_gmt":"2024-03-10T10:30:29","guid":{"rendered":"https:\/\/dicodusport.fr\/blog\/?p=470971&#038;preview=true&#038;preview_id=470971"},"modified":"2024-03-10T11:30:29","modified_gmt":"2024-03-10T10:30:29","slug":"yohan-peter-en-bronze-aux-europe-descrime-fauteuil-il-ma-manque-un-peu-de-rigueur","status":"publish","type":"post","link":"https:\/\/dicodusport.fr\/blog\/yohan-peter-en-bronze-aux-europe-descrime-fauteuil-il-ma-manque-un-peu-de-rigueur\/","title":{"rendered":"Yohan Peter, en bronze aux Europe d&rsquo;escrime fauteuil : \u00ab Il m\u2019a manqu\u00e9 un peu de rigueur \u00bb"},"content":{"rendered":"<p style=\"text-align: justify;\"><em><strong>CHAMPIONNATS D\u2019EUROPE ESCRIME FAUTEUIL 2024 \u2013 Apr\u00e8s avoir \u00e9limin\u00e9 le Hongrois Istvan Tarjanyi en huiti\u00e8me de finale puis son compatriote Marc-Andr\u00e9 Crat\u00e8re en quart, Yohan Peter a \u00e9t\u00e9 battu 15 \u00e0 10 en demi-finale par le Britannique Dimitri Coutya, samedi, en \u00e9p\u00e9e cat\u00e9gorie B. Yohan Peter repart donc avec une m\u00e9daille de bronze et un peu de d\u00e9ception, mais il veut retenir les aspects positifs pour les Jeux de Paris.<\/strong><\/em><\/p>\n<h3 style=\"text-align: justify;\">Que repr\u00e9sente cette m\u00e9daille de bronze\u00a0?<\/h3>\n<p style=\"text-align: justify;\">Un petit peu de d\u00e9ception puisque je finis la comp\u00e9tition sur une d\u00e9faite face au N\u00b01 mondial. J&rsquo;avais envie de prendre ma revanche des derniers championnats d&rsquo;Europe en 2022 puisque j\u2019avais d\u00e9j\u00e0 perdu face \u00e0 lui en finale. Un petit peu d\u00e9\u00e7u de ce dernier duel, mais quand m\u00eame satisfait. J\u2019encha\u00eene avec une nouvelle m\u00e9daille aux championnats d\u2019Europe. Maintenant, je vais me remobiliser et me reconcentrer, parce que demain (dimanche), il y a l\u2019\u00e9preuve par \u00e9quipe. C\u2019est une \u00e9preuve tr\u00e8s importante pour nous. Je vais essayer de donner le maximum pour r\u00e9cup\u00e9rer une autre m\u00e9daille et si possible pas de la couleur bronze.<\/p>\n<h3 style=\"text-align: justify;\">Que vous manque-t-il pour battre Dimitri Coutya\u00a0?<\/h3>\n<p style=\"text-align: justify;\">Pas grand-chose\u2026 Un peu plus de rigueur. En d\u00e9but de match, je me retrouve un petit peu press\u00e9 par lui. Je pensais qu&rsquo;on allait \u00eatre \u00e0 une distance un peu plus lointaine, mais on a \u00e9t\u00e9 assez proche finalement. J&rsquo;arrive \u00e0 tenir, mais il me fait sa sp\u00e9ciale et \u00e7a perturbe un peu mon placement de main.<\/p>\n<h3 style=\"text-align: justify;\">Vous \u00eates un peu abonn\u00e9 aux m\u00e9dailles de bronze. Qu\u2019est-ce que \u00e7a vous fait\u00a0?<\/h3>\n<p style=\"text-align: justify;\">Effectivement, ces derniers temps, je passe un petit peu de temps sur la troisi\u00e8me marche du podium\u2026 Je fais des saisons \u00e0 th\u00e8me. En 2022, j&rsquo;\u00e9tais souvent deuxi\u00e8me. Cette ann\u00e9e, c\u2019est troisi\u00e8me. Je ne sais pas pourquoi, mais \u00e7a s&rsquo;acharne. Les Europ\u00e9ens, \u00e7a faisait tr\u00e8s longtemps que je ne les avais pas affront\u00e9s, puisque sur les derni\u00e8res coupes du monde, je n\u2019ai rencontr\u00e9 que des Asiatiques. Je vois le c\u00f4t\u00e9 positif d\u2019avoir rencontr\u00e9 pas mal d&rsquo;Europ\u00e9ens sur cette comp\u00e9tition pour r\u00e9appr\u00e9hender leur jeu qui est compl\u00e8tement diff\u00e9rent des Asiatiques pour pouvoir pr\u00e9parer les Jeux.<\/p>\n<h3 style=\"text-align: justify;\">Cette comp\u00e9tition vous permet-elle de marquer des points pour Paris 2024\u00a0?<\/h3>\n<p style=\"text-align: justify;\">Pas vraiment parce qu\u2019aux derniers championnats d&rsquo;Europe, j\u2019avais fait deuxi\u00e8me et seule la meilleure performance va \u00eatre gard\u00e9e. En revanche, mes adversaires n&rsquo;ont pas marqu\u00e9 de points, voire en ont perdu. Donc th\u00e9oriquement, je suis qualifi\u00e9 pour les jeux. Je vais attendre la convocation officielle, mais math\u00e9matiquement, c&rsquo;est fini. Je vais pouvoir appr\u00e9hender une vraie pr\u00e9paration pour les Jeux Paralympiques de 2024.<\/p>\n<h3 style=\"text-align: justify;\">Que vous a procur\u00e9 le fait d\u2019\u00eatre en France, avec un public qui a pouss\u00e9 derri\u00e8re vous toute la journ\u00e9e ?<\/h3>\n<p style=\"text-align: justify;\">\u00c7a m&rsquo;a pouss\u00e9 toute la journ\u00e9e. Ils \u00e9taient l\u00e0 d\u00e8s les poules et ils m\u2019ont soutenu d\u00e8s les premiers matchs. C&rsquo;est une ambiance particuli\u00e8re et quand on se met \u00e0 dominer son adversaire et \u00e0 mener au score, on a cette sensation d&rsquo;\u00eatre intouchable.<\/p>\n<blockquote class=\"twitter-tweet\">\n<p dir=\"ltr\" lang=\"fr\">\ud835\udddf\ud835\uddf2 \ud835\uddef\ud835\uddff\ud835\uddfc\ud835\uddfb\ud835\ude07\ud835\uddf2 \ud835\uddfd\ud835\uddfc\ud835\ude02\ud835\uddff \ud835\uddec\ud835\uddfc\ud835\uddf5\ud835\uddee\ud835\uddfb \ud835\udde3\ud835\uddf2\ud835\ude01\ud835\uddf2\ud835\uddff ! \ud83e\udd49<\/p>\n<p>Stopp\u00e9 en demi-finale par le britannique Dimitri Coutya, le francilien s&rsquo;offre une m\u00e9daille continentale devant son public \ud83c\uddeb\ud83c\uddf7<\/p>\n<p>F\u00e9licitations Yohan ! \ud83d\udc4f<a href=\"https:\/\/twitter.com\/hashtag\/EuroWF24?src=hash&amp;ref_src=twsrc%5Etfw\">#EuroWF24<\/a> <a href=\"https:\/\/t.co\/ut6iRf2dcS\">pic.twitter.com\/ut6iRf2dcS<\/a><\/p>\n<p>\u2014 FFHandisport (@FFHandisport) <a href=\"https:\/\/twitter.com\/FFHandisport\/status\/1766509338770714798?ref_src=twsrc%5Etfw\">March 9, 2024<\/a><\/p><\/blockquote>\n<p><script async src=\"https:\/\/platform.twitter.com\/widgets.js\" charset=\"utf-8\"><\/script><\/p>\n<p xml:lang=\"FR-FR\">\n","protected":false},"excerpt":{"rendered":"<p>CHAMPIONNATS D\u2019EUROPE ESCRIME FAUTEUIL 2024 \u2013 Yohan Peter repart de la comp\u00e9tition avec une m\u00e9daille de bronze. Interview.<\/p>\n","protected":false},"author":80,"featured_media":471005,"comment_status":"open","ping_status":"closed","sticky":false,"template":"","format":"standard","meta":{"_acf_changed":false,"_daextam_enable_autolinks":"1","footnotes":""},"categories":[9251,5753],"tags":[16878,38228,31073],"class_list":["post-470971","post","type-post","status-publish","format-standard","has-post-thumbnail","hentry","category-escrime","category-handisport","tag-breve","tag-championnats-deurope-escrime-fauteuil","tag-escrime-fauteuil"],"acf":[],"yoast_head":"<!-- This site is optimized with the Yoast SEO Premium plugin v26.7 (Yoast SEO v26.7) - https:\/\/yoast.com\/wordpress\/plugins\/seo\/ -->\n<title>Yohan Peter, en bronze aux Europe d&#039;escrime fauteuil : \u00ab Il m\u2019a manqu\u00e9 un peu de rigueur \u00bb<\/title>\n<meta name=\"description\" content=\"CHAMPIONNATS D\u2019EUROPE ESCRIME FAUTEUIL 2024 \u2013 Yohan Peter repart de la comp\u00e9tition avec une m\u00e9daille de bronze. Interview.\" \/>\n<meta name=\"robots\" content=\"index, follow, max-snippet:-1, max-image-preview:large, max-video-preview:-1\" \/>\n<link rel=\"canonical\" href=\"https:\/\/dicodusport.fr\/blog\/yohan-peter-en-bronze-aux-europe-descrime-fauteuil-il-ma-manque-un-peu-de-rigueur\/\" \/>\n<meta property=\"og:locale\" content=\"fr_FR\" \/>\n<meta property=\"og:type\" content=\"article\" \/>\n<meta property=\"og:title\" content=\"Yohan Peter, en bronze aux Europe d&#039;escrime fauteuil : \u00ab Il m\u2019a manqu\u00e9 un peu de rigueur \u00bb\" \/>\n<meta property=\"og:description\" content=\"CHAMPIONNATS D\u2019EUROPE ESCRIME FAUTEUIL 2024 \u2013 Yohan Peter repart de la comp\u00e9tition avec une m\u00e9daille de bronze. Interview.\" \/>\n<meta property=\"og:url\" content=\"https:\/\/dicodusport.fr\/blog\/yohan-peter-en-bronze-aux-europe-descrime-fauteuil-il-ma-manque-un-peu-de-rigueur\/\" \/>\n<meta property=\"og:site_name\" content=\"Dicodusport\" \/>\n<meta property=\"article:publisher\" content=\"https:\/\/www.facebook.com\/dicodusport\" \/>\n<meta property=\"article:author\" content=\"https:\/\/www.facebook.com\/profile.php?id=100009753662352\" \/>\n<meta property=\"article:published_time\" content=\"2024-03-10T10:30:29+00:00\" \/>\n<meta property=\"og:image\" content=\"https:\/\/dicodusport.fr\/blog\/wp-content\/uploads\/2024\/03\/Yohan-Peter-en-bronze-aux-Europe-descrime-fauteuil-Il-ma-manque-un-peu-de-rigueur-.png\" \/>\n\t<meta property=\"og:image:width\" content=\"1200\" \/>\n\t<meta property=\"og:image:height\" content=\"674\" \/>\n\t<meta property=\"og:image:type\" content=\"image\/png\" \/>\n<meta name=\"author\" content=\"Killian Tanguy\" \/>\n<meta name=\"twitter:card\" content=\"summary_large_image\" \/>\n<meta name=\"twitter:title\" content=\"Yohan Peter, en bronze aux Europe d&#039;escrime fauteuil : \u00ab Il m\u2019a manqu\u00e9 un peu de rigueur \u00bb\" \/>\n<meta name=\"twitter:creator\" content=\"@https:\/\/twitter.com\/sport_ktanguy\" \/>\n<meta name=\"twitter:site\" content=\"@dicodusport\" \/>\n<script type=\"application\/ld+json\" class=\"yoast-schema-graph\">{\"@context\":\"https:\/\/schema.org\",\"@graph\":[{\"@type\":\"NewsArticle\",\"@id\":\"https:\/\/dicodusport.fr\/blog\/yohan-peter-en-bronze-aux-europe-descrime-fauteuil-il-ma-manque-un-peu-de-rigueur\/#article\",\"isPartOf\":{\"@id\":\"https:\/\/dicodusport.fr\/blog\/yohan-peter-en-bronze-aux-europe-descrime-fauteuil-il-ma-manque-un-peu-de-rigueur\/\"},\"author\":{\"name\":\"Killian Tanguy\",\"@id\":\"https:\/\/dicodusport.fr\/blog\/#\/schema\/person\/ff2feeb71ea78ad31eeb3390ffe96b46\"},\"headline\":\"Yohan Peter, en bronze aux Europe d&rsquo;escrime fauteuil : \u00ab Il m\u2019a manqu\u00e9 un peu de rigueur \u00bb\",\"datePublished\":\"2024-03-10T10:30:29+00:00\",\"mainEntityOfPage\":{\"@id\":\"https:\/\/dicodusport.fr\/blog\/yohan-peter-en-bronze-aux-europe-descrime-fauteuil-il-ma-manque-un-peu-de-rigueur\/\"},\"wordCount\":603,\"commentCount\":0,\"publisher\":{\"@id\":\"https:\/\/dicodusport.fr\/blog\/#organization\"},\"image\":{\"@id\":\"https:\/\/dicodusport.fr\/blog\/yohan-peter-en-bronze-aux-europe-descrime-fauteuil-il-ma-manque-un-peu-de-rigueur\/#primaryimage\"},\"thumbnailUrl\":\"https:\/\/dicodusport.fr\/blog\/wp-content\/uploads\/2024\/03\/Yohan-Peter-en-bronze-aux-Europe-descrime-fauteuil-Il-ma-manque-un-peu-de-rigueur-.png\",\"keywords\":[\"br\u00e8ve\",\"Championnats d'Europe escrime fauteuil\",\"escrime fauteuil\"],\"articleSection\":[\"Escrime\",\"Handisport\"],\"inLanguage\":\"fr-FR\",\"potentialAction\":[{\"@type\":\"CommentAction\",\"name\":\"Comment\",\"target\":[\"https:\/\/dicodusport.fr\/blog\/yohan-peter-en-bronze-aux-europe-descrime-fauteuil-il-ma-manque-un-peu-de-rigueur\/#respond\"]}],\"copyrightYear\":\"2024\",\"copyrightHolder\":{\"@id\":\"https:\/\/dicodusport.fr\/blog\/#organization\"}},{\"@type\":\"WebPage\",\"@id\":\"https:\/\/dicodusport.fr\/blog\/yohan-peter-en-bronze-aux-europe-descrime-fauteuil-il-ma-manque-un-peu-de-rigueur\/\",\"url\":\"https:\/\/dicodusport.fr\/blog\/yohan-peter-en-bronze-aux-europe-descrime-fauteuil-il-ma-manque-un-peu-de-rigueur\/\",\"name\":\"Yohan Peter, en bronze aux Europe d'escrime fauteuil : \u00ab Il m\u2019a manqu\u00e9 un peu de rigueur \u00bb\",\"isPartOf\":{\"@id\":\"https:\/\/dicodusport.fr\/blog\/#website\"},\"primaryImageOfPage\":{\"@id\":\"https:\/\/dicodusport.fr\/blog\/yohan-peter-en-bronze-aux-europe-descrime-fauteuil-il-ma-manque-un-peu-de-rigueur\/#primaryimage\"},\"image\":{\"@id\":\"https:\/\/dicodusport.fr\/blog\/yohan-peter-en-bronze-aux-europe-descrime-fauteuil-il-ma-manque-un-peu-de-rigueur\/#primaryimage\"},\"thumbnailUrl\":\"https:\/\/dicodusport.fr\/blog\/wp-content\/uploads\/2024\/03\/Yohan-Peter-en-bronze-aux-Europe-descrime-fauteuil-Il-ma-manque-un-peu-de-rigueur-.png\",\"datePublished\":\"2024-03-10T10:30:29+00:00\",\"description\":\"CHAMPIONNATS D\u2019EUROPE ESCRIME FAUTEUIL 2024 \u2013 Yohan Peter repart de la comp\u00e9tition avec une m\u00e9daille de bronze. Interview.\",\"breadcrumb\":{\"@id\":\"https:\/\/dicodusport.fr\/blog\/yohan-peter-en-bronze-aux-europe-descrime-fauteuil-il-ma-manque-un-peu-de-rigueur\/#breadcrumb\"},\"inLanguage\":\"fr-FR\",\"potentialAction\":[{\"@type\":\"ReadAction\",\"target\":[\"https:\/\/dicodusport.fr\/blog\/yohan-peter-en-bronze-aux-europe-descrime-fauteuil-il-ma-manque-un-peu-de-rigueur\/\"]}]},{\"@type\":\"ImageObject\",\"inLanguage\":\"fr-FR\",\"@id\":\"https:\/\/dicodusport.fr\/blog\/yohan-peter-en-bronze-aux-europe-descrime-fauteuil-il-ma-manque-un-peu-de-rigueur\/#primaryimage\",\"url\":\"https:\/\/dicodusport.fr\/blog\/wp-content\/uploads\/2024\/03\/Yohan-Peter-en-bronze-aux-Europe-descrime-fauteuil-Il-ma-manque-un-peu-de-rigueur-.png\",\"contentUrl\":\"https:\/\/dicodusport.fr\/blog\/wp-content\/uploads\/2024\/03\/Yohan-Peter-en-bronze-aux-Europe-descrime-fauteuil-Il-ma-manque-un-peu-de-rigueur-.png\",\"width\":1200,\"height\":674,\"caption\":\"Yohan Peter, en bronze aux Europe d'escrime fauteuil \u00ab Il m\u2019a manqu\u00e9 un peu de rigueur \u00bb\"},{\"@type\":\"BreadcrumbList\",\"@id\":\"https:\/\/dicodusport.fr\/blog\/yohan-peter-en-bronze-aux-europe-descrime-fauteuil-il-ma-manque-un-peu-de-rigueur\/#breadcrumb\",\"itemListElement\":[{\"@type\":\"ListItem\",\"position\":1,\"name\":\"Accueil\",\"item\":\"https:\/\/dicodusport.fr\/blog\/\"},{\"@type\":\"ListItem\",\"position\":2,\"name\":\"Yohan Peter, en bronze aux Europe d&rsquo;escrime fauteuil : \u00ab Il m\u2019a manqu\u00e9 un peu de rigueur \u00bb\"}]},{\"@type\":\"WebSite\",\"@id\":\"https:\/\/dicodusport.fr\/blog\/#website\",\"url\":\"https:\/\/dicodusport.fr\/blog\/\",\"name\":\"Dicodusport\",\"description\":\"L&#039;encyclop\u00e9die de l&#039;actualit\u00e9 sportive\",\"publisher\":{\"@id\":\"https:\/\/dicodusport.fr\/blog\/#organization\"},\"potentialAction\":[{\"@type\":\"SearchAction\",\"target\":{\"@type\":\"EntryPoint\",\"urlTemplate\":\"https:\/\/dicodusport.fr\/blog\/?s={search_term_string}\"},\"query-input\":{\"@type\":\"PropertyValueSpecification\",\"valueRequired\":true,\"valueName\":\"search_term_string\"}}],\"inLanguage\":\"fr-FR\"},{\"@type\":\"NewsMediaOrganization\",\"@id\":\"https:\/\/dicodusport.fr\/blog\/#organization\",\"name\":\"Dicodusport\",\"url\":\"https:\/\/dicodusport.fr\/blog\/\",\"logo\":{\"@type\":\"ImageObject\",\"inLanguage\":\"fr-FR\",\"@id\":\"https:\/\/dicodusport.fr\/blog\/#\/schema\/logo\/image\/\",\"url\":\"https:\/\/dicodusport.fr\/blog\/wp-content\/uploads\/2020\/06\/cropped-LOGO-DICODUSPORT-2020-SANS-FOND-SANS-TEXTE.png\",\"contentUrl\":\"https:\/\/dicodusport.fr\/blog\/wp-content\/uploads\/2020\/06\/cropped-LOGO-DICODUSPORT-2020-SANS-FOND-SANS-TEXTE.png\",\"width\":512,\"height\":512,\"caption\":\"Dicodusport\"},\"image\":{\"@id\":\"https:\/\/dicodusport.fr\/blog\/#\/schema\/logo\/image\/\"},\"sameAs\":[\"https:\/\/www.facebook.com\/dicodusport\",\"https:\/\/x.com\/dicodusport\",\"https:\/\/www.instagram.com\/dicodusport\/\",\"https:\/\/www.youtube.com\/channel\/UC7V2KZ5sd3htJivAbA4ZG3w\"],\"description\":\"Dicodusport est l'encyclop\u00e9die de l'actualit\u00e9 sportive.\",\"email\":\"bonjour@dicodusport.fr\",\"legalName\":\"DICODUSPORT\",\"foundingDate\":\"2018-01-14\",\"vatID\":\"FR71834470973\",\"taxID\":\"83447097300043\",\"numberOfEmployees\":{\"@type\":\"QuantitativeValue\",\"minValue\":\"1\",\"maxValue\":\"10\"}},{\"@type\":\"Person\",\"@id\":\"https:\/\/dicodusport.fr\/blog\/#\/schema\/person\/ff2feeb71ea78ad31eeb3390ffe96b46\",\"name\":\"Killian Tanguy\",\"image\":{\"@type\":\"ImageObject\",\"inLanguage\":\"fr-FR\",\"@id\":\"https:\/\/dicodusport.fr\/blog\/#\/schema\/person\/image\/\",\"url\":\"https:\/\/dicodusport.fr\/blog\/wp-content\/uploads\/2022\/12\/Killian-Tanguy-150x150.png\",\"contentUrl\":\"https:\/\/dicodusport.fr\/blog\/wp-content\/uploads\/2022\/12\/Killian-Tanguy-150x150.png\",\"caption\":\"Killian Tanguy\"},\"description\":\"Journaliste qui parle de tout et surtout de sport. Rugby, handball, sports d'hiver, football, cyclisme... Et ce que j'aime par-dessus tout : couvrir une discipline que je ne connais pas. Rien de mieux pour s'enrichir et apprendre.\",\"sameAs\":[\"https:\/\/killiantanguy.wixsite.com\/monsite\",\"https:\/\/www.facebook.com\/profile.php?id=100009753662352\",\"https:\/\/www.instagram.com\/sport.killiantanguy\/\",\"https:\/\/www.linkedin.com\/in\/killiantanguy\/\",\"https:\/\/x.com\/https:\/\/twitter.com\/sport_ktanguy\",\"https:\/\/www.youtube.com\/channel\/UCRfZkHKJL0wK7wvnJjCry-Q\"],\"url\":\"https:\/\/dicodusport.fr\/blog\/author\/killian-tanguy\/\"}]}<\/script>\n<!-- \/ Yoast SEO Premium plugin. -->","yoast_head_json":{"title":"Yohan Peter, en bronze aux Europe d'escrime fauteuil : \u00ab Il m\u2019a manqu\u00e9 un peu de rigueur \u00bb","description":"CHAMPIONNATS D\u2019EUROPE ESCRIME FAUTEUIL 2024 \u2013 Yohan Peter repart de la comp\u00e9tition avec une m\u00e9daille de bronze. Interview.","robots":{"index":"index","follow":"follow","max-snippet":"max-snippet:-1","max-image-preview":"max-image-preview:large","max-video-preview":"max-video-preview:-1"},"canonical":"https:\/\/dicodusport.fr\/blog\/yohan-peter-en-bronze-aux-europe-descrime-fauteuil-il-ma-manque-un-peu-de-rigueur\/","og_locale":"fr_FR","og_type":"article","og_title":"Yohan Peter, en bronze aux Europe d'escrime fauteuil : \u00ab Il m\u2019a manqu\u00e9 un peu de rigueur \u00bb","og_description":"CHAMPIONNATS D\u2019EUROPE ESCRIME FAUTEUIL 2024 \u2013 Yohan Peter repart de la comp\u00e9tition avec une m\u00e9daille de bronze. Interview.","og_url":"https:\/\/dicodusport.fr\/blog\/yohan-peter-en-bronze-aux-europe-descrime-fauteuil-il-ma-manque-un-peu-de-rigueur\/","og_site_name":"Dicodusport","article_publisher":"https:\/\/www.facebook.com\/dicodusport","article_author":"https:\/\/www.facebook.com\/profile.php?id=100009753662352","article_published_time":"2024-03-10T10:30:29+00:00","og_image":[{"width":1200,"height":674,"url":"https:\/\/dicodusport.fr\/blog\/wp-content\/uploads\/2024\/03\/Yohan-Peter-en-bronze-aux-Europe-descrime-fauteuil-Il-ma-manque-un-peu-de-rigueur-.png","type":"image\/png"}],"author":"Killian Tanguy","twitter_card":"summary_large_image","twitter_title":"Yohan Peter, en bronze aux Europe d'escrime fauteuil : \u00ab Il m\u2019a manqu\u00e9 un peu de rigueur \u00bb","twitter_creator":"@https:\/\/twitter.com\/sport_ktanguy","twitter_site":"@dicodusport","schema":{"@context":"https:\/\/schema.org","@graph":[{"@type":"NewsArticle","@id":"https:\/\/dicodusport.fr\/blog\/yohan-peter-en-bronze-aux-europe-descrime-fauteuil-il-ma-manque-un-peu-de-rigueur\/#article","isPartOf":{"@id":"https:\/\/dicodusport.fr\/blog\/yohan-peter-en-bronze-aux-europe-descrime-fauteuil-il-ma-manque-un-peu-de-rigueur\/"},"author":{"name":"Killian Tanguy","@id":"https:\/\/dicodusport.fr\/blog\/#\/schema\/person\/ff2feeb71ea78ad31eeb3390ffe96b46"},"headline":"Yohan Peter, en bronze aux Europe d&rsquo;escrime fauteuil : \u00ab Il m\u2019a manqu\u00e9 un peu de rigueur \u00bb","datePublished":"2024-03-10T10:30:29+00:00","mainEntityOfPage":{"@id":"https:\/\/dicodusport.fr\/blog\/yohan-peter-en-bronze-aux-europe-descrime-fauteuil-il-ma-manque-un-peu-de-rigueur\/"},"wordCount":603,"commentCount":0,"publisher":{"@id":"https:\/\/dicodusport.fr\/blog\/#organization"},"image":{"@id":"https:\/\/dicodusport.fr\/blog\/yohan-peter-en-bronze-aux-europe-descrime-fauteuil-il-ma-manque-un-peu-de-rigueur\/#primaryimage"},"thumbnailUrl":"https:\/\/dicodusport.fr\/blog\/wp-content\/uploads\/2024\/03\/Yohan-Peter-en-bronze-aux-Europe-descrime-fauteuil-Il-ma-manque-un-peu-de-rigueur-.png","keywords":["br\u00e8ve","Championnats d'Europe escrime fauteuil","escrime fauteuil"],"articleSection":["Escrime","Handisport"],"inLanguage":"fr-FR","potentialAction":[{"@type":"CommentAction","name":"Comment","target":["https:\/\/dicodusport.fr\/blog\/yohan-peter-en-bronze-aux-europe-descrime-fauteuil-il-ma-manque-un-peu-de-rigueur\/#respond"]}],"copyrightYear":"2024","copyrightHolder":{"@id":"https:\/\/dicodusport.fr\/blog\/#organization"}},{"@type":"WebPage","@id":"https:\/\/dicodusport.fr\/blog\/yohan-peter-en-bronze-aux-europe-descrime-fauteuil-il-ma-manque-un-peu-de-rigueur\/","url":"https:\/\/dicodusport.fr\/blog\/yohan-peter-en-bronze-aux-europe-descrime-fauteuil-il-ma-manque-un-peu-de-rigueur\/","name":"Yohan Peter, en bronze aux Europe d'escrime fauteuil : \u00ab Il m\u2019a manqu\u00e9 un peu de rigueur \u00bb","isPartOf":{"@id":"https:\/\/dicodusport.fr\/blog\/#website"},"primaryImageOfPage":{"@id":"https:\/\/dicodusport.fr\/blog\/yohan-peter-en-bronze-aux-europe-descrime-fauteuil-il-ma-manque-un-peu-de-rigueur\/#primaryimage"},"image":{"@id":"https:\/\/dicodusport.fr\/blog\/yohan-peter-en-bronze-aux-europe-descrime-fauteuil-il-ma-manque-un-peu-de-rigueur\/#primaryimage"},"thumbnailUrl":"https:\/\/dicodusport.fr\/blog\/wp-content\/uploads\/2024\/03\/Yohan-Peter-en-bronze-aux-Europe-descrime-fauteuil-Il-ma-manque-un-peu-de-rigueur-.png","datePublished":"2024-03-10T10:30:29+00:00","description":"CHAMPIONNATS D\u2019EUROPE ESCRIME FAUTEUIL 2024 \u2013 Yohan Peter repart de la comp\u00e9tition avec une m\u00e9daille de bronze. Interview.","breadcrumb":{"@id":"https:\/\/dicodusport.fr\/blog\/yohan-peter-en-bronze-aux-europe-descrime-fauteuil-il-ma-manque-un-peu-de-rigueur\/#breadcrumb"},"inLanguage":"fr-FR","potentialAction":[{"@type":"ReadAction","target":["https:\/\/dicodusport.fr\/blog\/yohan-peter-en-bronze-aux-europe-descrime-fauteuil-il-ma-manque-un-peu-de-rigueur\/"]}]},{"@type":"ImageObject","inLanguage":"fr-FR","@id":"https:\/\/dicodusport.fr\/blog\/yohan-peter-en-bronze-aux-europe-descrime-fauteuil-il-ma-manque-un-peu-de-rigueur\/#primaryimage","url":"https:\/\/dicodusport.fr\/blog\/wp-content\/uploads\/2024\/03\/Yohan-Peter-en-bronze-aux-Europe-descrime-fauteuil-Il-ma-manque-un-peu-de-rigueur-.png","contentUrl":"https:\/\/dicodusport.fr\/blog\/wp-content\/uploads\/2024\/03\/Yohan-Peter-en-bronze-aux-Europe-descrime-fauteuil-Il-ma-manque-un-peu-de-rigueur-.png","width":1200,"height":674,"caption":"Yohan Peter, en bronze aux Europe d'escrime fauteuil \u00ab Il m\u2019a manqu\u00e9 un peu de rigueur \u00bb"},{"@type":"BreadcrumbList","@id":"https:\/\/dicodusport.fr\/blog\/yohan-peter-en-bronze-aux-europe-descrime-fauteuil-il-ma-manque-un-peu-de-rigueur\/#breadcrumb","itemListElement":[{"@type":"ListItem","position":1,"name":"Accueil","item":"https:\/\/dicodusport.fr\/blog\/"},{"@type":"ListItem","position":2,"name":"Yohan Peter, en bronze aux Europe d&rsquo;escrime fauteuil : \u00ab Il m\u2019a manqu\u00e9 un peu de rigueur \u00bb"}]},{"@type":"WebSite","@id":"https:\/\/dicodusport.fr\/blog\/#website","url":"https:\/\/dicodusport.fr\/blog\/","name":"Dicodusport","description":"L&#039;encyclop\u00e9die de l&#039;actualit\u00e9 sportive","publisher":{"@id":"https:\/\/dicodusport.fr\/blog\/#organization"},"potentialAction":[{"@type":"SearchAction","target":{"@type":"EntryPoint","urlTemplate":"https:\/\/dicodusport.fr\/blog\/?s={search_term_string}"},"query-input":{"@type":"PropertyValueSpecification","valueRequired":true,"valueName":"search_term_string"}}],"inLanguage":"fr-FR"},{"@type":"NewsMediaOrganization","@id":"https:\/\/dicodusport.fr\/blog\/#organization","name":"Dicodusport","url":"https:\/\/dicodusport.fr\/blog\/","logo":{"@type":"ImageObject","inLanguage":"fr-FR","@id":"https:\/\/dicodusport.fr\/blog\/#\/schema\/logo\/image\/","url":"https:\/\/dicodusport.fr\/blog\/wp-content\/uploads\/2020\/06\/cropped-LOGO-DICODUSPORT-2020-SANS-FOND-SANS-TEXTE.png","contentUrl":"https:\/\/dicodusport.fr\/blog\/wp-content\/uploads\/2020\/06\/cropped-LOGO-DICODUSPORT-2020-SANS-FOND-SANS-TEXTE.png","width":512,"height":512,"caption":"Dicodusport"},"image":{"@id":"https:\/\/dicodusport.fr\/blog\/#\/schema\/logo\/image\/"},"sameAs":["https:\/\/www.facebook.com\/dicodusport","https:\/\/x.com\/dicodusport","https:\/\/www.instagram.com\/dicodusport\/","https:\/\/www.youtube.com\/channel\/UC7V2KZ5sd3htJivAbA4ZG3w"],"description":"Dicodusport est l'encyclop\u00e9die de l'actualit\u00e9 sportive.","email":"bonjour@dicodusport.fr","legalName":"DICODUSPORT","foundingDate":"2018-01-14","vatID":"FR71834470973","taxID":"83447097300043","numberOfEmployees":{"@type":"QuantitativeValue","minValue":"1","maxValue":"10"}},{"@type":"Person","@id":"https:\/\/dicodusport.fr\/blog\/#\/schema\/person\/ff2feeb71ea78ad31eeb3390ffe96b46","name":"Killian Tanguy","image":{"@type":"ImageObject","inLanguage":"fr-FR","@id":"https:\/\/dicodusport.fr\/blog\/#\/schema\/person\/image\/","url":"https:\/\/dicodusport.fr\/blog\/wp-content\/uploads\/2022\/12\/Killian-Tanguy-150x150.png","contentUrl":"https:\/\/dicodusport.fr\/blog\/wp-content\/uploads\/2022\/12\/Killian-Tanguy-150x150.png","caption":"Killian Tanguy"},"description":"Journaliste qui parle de tout et surtout de sport. Rugby, handball, sports d'hiver, football, cyclisme... Et ce que j'aime par-dessus tout : couvrir une discipline que je ne connais pas. Rien de mieux pour s'enrichir et apprendre.","sameAs":["https:\/\/killiantanguy.wixsite.com\/monsite","https:\/\/www.facebook.com\/profile.php?id=100009753662352","https:\/\/www.instagram.com\/sport.killiantanguy\/","https:\/\/www.linkedin.com\/in\/killiantanguy\/","https:\/\/x.com\/https:\/\/twitter.com\/sport_ktanguy","https:\/\/www.youtube.com\/channel\/UCRfZkHKJL0wK7wvnJjCry-Q"],"url":"https:\/\/dicodusport.fr\/blog\/author\/killian-tanguy\/"}]}},"_links":{"self":[{"href":"https:\/\/dicodusport.fr\/blog\/wp-json\/wp\/v2\/posts\/470971","targetHints":{"allow":["GET"]}}],"collection":[{"href":"https:\/\/dicodusport.fr\/blog\/wp-json\/wp\/v2\/posts"}],"about":[{"href":"https:\/\/dicodusport.fr\/blog\/wp-json\/wp\/v2\/types\/post"}],"author":[{"embeddable":true,"href":"https:\/\/dicodusport.fr\/blog\/wp-json\/wp\/v2\/users\/80"}],"replies":[{"embeddable":true,"href":"https:\/\/dicodusport.fr\/blog\/wp-json\/wp\/v2\/comments?post=470971"}],"version-history":[{"count":5,"href":"https:\/\/dicodusport.fr\/blog\/wp-json\/wp\/v2\/posts\/470971\/revisions"}],"predecessor-version":[{"id":471006,"href":"https:\/\/dicodusport.fr\/blog\/wp-json\/wp\/v2\/posts\/470971\/revisions\/471006"}],"wp:featuredmedia":[{"embeddable":true,"href":"https:\/\/dicodusport.fr\/blog\/wp-json\/wp\/v2\/media\/471005"}],"wp:attachment":[{"href":"https:\/\/dicodusport.fr\/blog\/wp-json\/wp\/v2\/media?parent=470971"}],"wp:term":[{"taxonomy":"category","embeddable":true,"href":"https:\/\/dicodusport.fr\/blog\/wp-json\/wp\/v2\/categories?post=470971"},{"taxonomy":"post_tag","embeddable":true,"href":"https:\/\/dicodusport.fr\/blog\/wp-json\/wp\/v2\/tags?post=470971"}],"curies":[{"name":"wp","href":"https:\/\/api.w.org\/{rel}","templated":true}]}}