{"id":471029,"date":"2024-03-10T15:05:00","date_gmt":"2024-03-10T14:05:00","guid":{"rendered":"https:\/\/dicodusport.fr\/blog\/?p=471029&#038;preview=true&#038;preview_id=471029"},"modified":"2024-03-10T15:57:06","modified_gmt":"2024-03-10T14:57:06","slug":"paris-nice-2024-le-general-pour-matteo-jorgenson-la-derniere-etape-pour-remco-evenepoel","status":"publish","type":"post","link":"https:\/\/dicodusport.fr\/blog\/paris-nice-2024-le-general-pour-matteo-jorgenson-la-derniere-etape-pour-remco-evenepoel\/","title":{"rendered":"Paris-Nice 2024 : Le g\u00e9n\u00e9ral pour Matteo Jorgenson, la derni\u00e8re \u00e9tape pour Remco Evenepoel"},"content":{"rendered":"<p style=\"text-align: justify;\"><em><b>PARIS-NICE 2024 &#8211; Remco Evenepoel (Soudal Quick-Step) a gagn\u00e9 la 8\u00e8me et derni\u00e8re \u00e9tape de Paris-Nice 2024, autour de Nice. Matteo Jorgenson (Visma Lease a Bike) s&rsquo;est adjug\u00e9 le classement g\u00e9n\u00e9ral.\u00a0<\/b><\/em><\/p>\n<ul style=\"text-align: justify;\">\n<li style=\"text-align: justify;\"><strong>\u00c0 ce sujet \u2013 <a href=\"https:\/\/dicodusport.fr\/blog\/paris-nice-2024-classement-8eme-etape\/\">Paris-Nice 2024 &#8211; Classement de la 8e \u00e9tape <\/a><\/strong><\/li>\n<li style=\"text-align: justify;\"><strong>\u00c0 ce sujet \u2013\u00a0<a href=\"https:\/\/dicodusport.fr\/blog\/paris-nice-2024-classement-general\/\">Paris-Nice 2024 &#8211; Classement g\u00e9n\u00e9ral<\/a><\/strong><\/li>\n<\/ul>\n<p style=\"text-align: justify;\">D&rsquo;abord, <strong>Laurence Pithie<\/strong> (Groupama-FDJ), <strong>Victor Campenaerts <\/strong>(Lotto Dstny) et<strong> Johan Jacobs <\/strong>(Movistar) sont sortis d\u00e8s les premiers kilom\u00e8tres de course. Le baroudeur belge a l\u00e2ch\u00e9 ses deux compagnons de fugue dans la C\u00f4te de Levens. Derri\u00e8re, <strong>Laurens De Plus<\/strong> (INEOS Grenadiers), <strong>Bruno Armirail<\/strong> (Decathlon AG2R La Mondiale), <strong>Samuele Battistella, Cristian Scaroni<\/strong> (Astana Qazaqstan), <strong>Quentin Pacher<\/strong> (Groupama FDJ), <strong>Ion Izagirre<\/strong> (Cofidis), <strong>Pello Bilbao<\/strong> (Bahrain-Victorious), <strong>Ewen Costiou<\/strong> (Arkea B&amp;B H\u00f4tels), <strong>Harrison Sweeny<\/strong> (EF Education EasyPost), <strong>Ruben Guerreiro<\/strong> et <strong>Will Barta<\/strong> (Movistar) sont sortis en contre et ont repris <strong>Johan Jacobs<\/strong> (Movistar).<\/p>\n<p style=\"text-align: justify;\">Ensuite, <strong>Santiago Buitrago<\/strong> (Bahrain-Victorious), <strong>Kevin Geniets<\/strong> (Groupama-FDJ), <strong>Carlos Rodriguez<\/strong> et <strong>Egan Bernal<\/strong> (INEOS Grenadiers) ont lourdement chut\u00e9 au moment d&rsquo;aborder la descente de la C\u00f4te de Ch\u00e2teauneuf alors que le peloton s&rsquo;est scind\u00e9 en plusieurs morceaux. Le vainqueur de l&rsquo;\u00e9tape du Mont Brouilly et le laur\u00e9at du Grand Prix La Marseillaise ont \u00e9t\u00e9 contraints \u00e0 l&rsquo;abandon.<\/p>\n<p style=\"text-align: justify;\">Au moment d&rsquo;attaquer l\u2019ascension de la C\u00f4te de Berre-les-Alpes, le groupe des poursuivants a \u00e9t\u00e9 repris par le premier morceau du peloton. Apr\u00e8s \u00eatre pass\u00e9 en deuxi\u00e8me position dans la difficult\u00e9 pr\u00e9c\u00e9dente, <strong>Cristian Scaroni<\/strong> (Astana Qazaqstan) a de nouveau pris trois points au sommet pour se rapprocher \u00e0 deux points de <strong>Mathieu Burgaudeau<\/strong> (TotalEnergies).<\/p>\n<h2 style=\"text-align: justify;\">Evenepoel \u00e0 l&rsquo;attaque, Jorgenson r\u00e9siste<\/h2>\n<p style=\"text-align: justify;\">Puis, <strong>Victor Campenaerts<\/strong> (Lotto Dstny) a \u00e9t\u00e9 aval\u00e9 par le peloton des favoris au pied de la C\u00f4te de Peille. Au moment de la jonction, <strong>Remco Evenepoel<\/strong> (Soudal Quick-Step) a port\u00e9 une premi\u00e8re attaque. Le champion de Belgique a attaqu\u00e9 une deuxi\u00e8me fois, peu apr\u00e8s. Cependant, aucun des pr\u00e9tendants au classement g\u00e9n\u00e9ral n&rsquo;a \u00e9t\u00e9 distanc\u00e9 apr\u00e8s ces deux acc\u00e9l\u00e9rations. <strong>Egan Bernal<\/strong> (INEOS Grenadiers) a figur\u00e9 dans un groupe avec huit autres coureurs \u00e0 une quarantaine de secondes. <strong>Remco Evenepoel<\/strong> (Soudal Quick-Step) a alors attaqu\u00e9 une troisi\u00e8me fois. Cette fois-ci, seul, <strong>Matteo Jorgenson<\/strong> (Visma Lease a Bike) a pu prendre la roue du triple vainqueur du Tour d\u2019Algarve.<strong> Aleksandr\u00a0Vlasov<\/strong> (Bora Hansgrohe) a r\u00e9ussi \u00e0 boucher le trou en laissant derri\u00e8re lui <strong>Brandon McNulty<\/strong> (UAE Team Emirates).<\/p>\n<blockquote class=\"twitter-tweet\">\n<p dir=\"ltr\" lang=\"fr\">\ud83d\udeb4\u200d\u2642\ufe0f <a href=\"https:\/\/twitter.com\/hashtag\/ParisNice?src=hash&amp;ref_src=twsrc%5Etfw\">#ParisNice<\/a> | \ud83d\udd25 \ud835\udde5\ud835\uddf2\ud835\uddfa\ud835\uddf0\ud835\uddfc \ud835\ude01\ud835\uddf2\ud835\uddfb\ud835\ude01\ud835\uddf2 \ud835\uddf9\ud835\uddf2 \ud835\ude01\ud835\uddfc\ud835\ude02\ud835\ude01 \ud835\uddfd\ud835\uddfc\ud835\ude02\ud835\uddff \ud835\uddf9\ud835\uddf2 \ud835\ude01\ud835\uddfc\ud835\ude02\ud835\ude01 !<\/p>\n<p>Le Belge insiste dans la C\u00f4te de Peille pour tenter de faire exploser le groupe de t\u00eate ! Les autres favoris s&rsquo;accrochent.<\/p>\n<p>\ud83d\udd34 Suivez le direct : <a href=\"https:\/\/t.co\/V2iQfC54BM\">https:\/\/t.co\/V2iQfC54BM<\/a> <a href=\"https:\/\/t.co\/tiqR3YhxU8\">pic.twitter.com\/tiqR3YhxU8<\/a><\/p>\n<p>\u2014 francetvsport (@francetvsport) <a href=\"https:\/\/twitter.com\/francetvsport\/status\/1766809437774172295?ref_src=twsrc%5Etfw\">March 10, 2024<\/a><\/p><\/blockquote>\n<p><script async src=\"https:\/\/platform.twitter.com\/widgets.js\" charset=\"utf-8\"><\/script><\/p>\n<p style=\"text-align: justify;\">Par la suite, <strong>Brandon McNulty<\/strong> (UAE Team Emirates) a \u00e9t\u00e9 repris dans la descente par <strong>Mattias Skjelmose Jensen<\/strong> (Lidl-Trek), <strong>Primoz Roglic<\/strong> (Bora Hansgrohe), <strong>Luke Plapp<\/strong> (Team Jayco AlUla) et <strong>Cristian Scaroni<\/strong> (Astana Qazaqstan). Ce dernier a encore marqu\u00e9 deux points au classement de la montagne. Mais, le danger est venu maintenant d\u2019<strong>Aleksandr\u00a0Vlasov<\/strong> (Bora Hansgrohe). Le Russe s&rsquo;est rapproch\u00e9 \u00e0 10 points de l\u2019Italien.<\/p>\n<h2 style=\"text-align: justify;\">Jorgenson le g\u00e9n\u00e9ral, l&rsquo;\u00e9tape pour Evenepoel<\/h2>\n<p style=\"text-align: justify;\">Le trio de t\u00eate a accentu\u00e9 son avance avec 1 minute 20 d\u2019avance au sommet du Col d\u2019\u00c8ze o\u00f9 <strong>Matteo Jorgenson<\/strong> (Visma Lease a Bike) a pris six secondes de bonifications devant <strong>Remco Evenepoel<\/strong> (Soudal Quick-Step). \u00c0 noter que <strong>Primoz Roglic<\/strong> (Bora Hansgrohe) a \u00e9t\u00e9 l\u00e2ch\u00e9 dans les rampes \u00e0 plus de 15 %. Le coureur slov\u00e8ne a pris un coup de froid.<\/p>\n<p style=\"text-align: justify;\">Le groupe <strong>Bernal<\/strong> est revenu sur le groupe<strong> McNulty<\/strong> dans la C\u00f4te des Quatres-Chemins. Dans les rampes \u00e0 plus de 10 %, <strong>Aleksandr<\/strong> <strong>Vlasov<\/strong> (Bora Hansgrohe) a perdu le contact avec <strong>Remco Evenepoel<\/strong> (Soudal Quick-Step) et <strong>Matteo Jorgenson<\/strong> (Visma Lease a Bike). Le laur\u00e9at de l&rsquo;\u00e9tape d\u2019hier a perdu 35 secondes et a surtout perdu le maillot \u00e0 pois. En passant en t\u00eate de cette derni\u00e8re difficult\u00e9, <strong>Remco Evenepoel<\/strong> (Soudal Quick-Step) s\u2019est empar\u00e9 d\u00e9finitivement du maillot de la montagne avec un total de 44 points.<\/p>\n<p style=\"text-align: justify;\">Finalement,\u00a0<strong>Remco Evenepoel\u00a0<\/strong>(Soudal Quick-Step) s&rsquo;est impos\u00e9 devant\u00a0<strong>Matteo Jorgenson\u00a0<\/strong>(Visma Lease a Bike). Avec ce succ\u00e8s d&rsquo;\u00e9tape, le coureur belge a \u00e9galement remport\u00e9 le classement par points. <strong>Matteo Jorgenson<\/strong> (Visma Lease a Bike) est devenu le troisi\u00e8me am\u00e9ricain \u00e0 remporter Paris-Nice apr\u00e8s Floyd Landis et Bobby Julich. Le Californien s&rsquo;est impos\u00e9 avec 30 secondes d&rsquo;avance sur le vainqueur de l&rsquo;\u00e9tape du jour.<\/p>\n<blockquote class=\"twitter-tweet\">\n<p dir=\"ltr\" lang=\"fr\">\ud83d\udeb4\u200d\u2642\ufe0f <a href=\"https:\/\/twitter.com\/hashtag\/ParisNice?src=hash&amp;ref_src=twsrc%5Etfw\">#ParisNice<\/a> | \ud835\udddf\ud835\uddee \ud835\uddf1\ud835\uddf2\ud835\uddff\ud835\uddfb\ud835\uddf6\ud835\uddf2\u0300\ud835\uddff\ud835\uddf2 \ud835\uddf2\u0301\ud835\ude01\ud835\uddee\ud835\uddfd\ud835\uddf2 \ud835\uddfd\ud835\uddfc\ud835\ude02\ud835\uddff \ud835\uddd8\ud835\ude03\ud835\uddf2\ud835\uddfb\ud835\uddf2\ud835\uddfd\ud835\uddfc\ud835\uddf2\ud835\uddf9, \ud835\uddf9\ud835\uddf2 \ud835\uddf4\ud835\uddf2\u0301\ud835\uddfb\ud835\uddf2\u0301\ud835\uddff\ud835\uddee\ud835\uddf9 \ud835\uddfd\ud835\uddfc\ud835\ude02\ud835\uddff \ud835\udddd\ud835\uddfc\ud835\uddff\ud835\uddf4\ud835\uddf2\ud835\uddfb\ud835\ude00\ud835\uddfc\ud835\uddfb !<\/p>\n<p>\ud83c\udfc6 Le Belge est r\u00e9compens\u00e9 par la victoire \u00e0 Nice, alors que l&rsquo;Am\u00e9ricain remporte sa premi\u00e8re course par \u00e9tapes World Tour \u00e0 24 ans ! <a href=\"https:\/\/t.co\/tW9RwjnbyX\">pic.twitter.com\/tW9RwjnbyX<\/a><\/p>\n<p>\u2014 francetvsport (@francetvsport) <a href=\"https:\/\/twitter.com\/francetvsport\/status\/1766826659485753795?ref_src=twsrc%5Etfw\">March 10, 2024<\/a><\/p><\/blockquote>\n<p><script async src=\"https:\/\/platform.twitter.com\/widgets.js\" charset=\"utf-8\"><\/script><\/p>\n","protected":false},"excerpt":{"rendered":"<p>PARIS-NICE 2024 &#8211; Remco Evenepoel (Soudal Quick-Step) a gagn\u00e9 la 8\u00e8me et derni\u00e8re \u00e9tape de Paris-Nice 2024, autour de Nice. Matteo Jorgenson (Visma Lease a Bike) s&rsquo;est adjug\u00e9 le classement g\u00e9n\u00e9ral.\u00a0<\/p>\n","protected":false},"author":48,"featured_media":471080,"comment_status":"open","ping_status":"closed","sticky":false,"template":"","format":"standard","meta":{"_acf_changed":false,"_daextam_enable_autolinks":"1","footnotes":""},"categories":[46994],"tags":[16878,574,24],"class_list":["post-471029","post","type-post","status-publish","format-standard","has-post-thumbnail","hentry","category-cyclisme-sur-route","tag-breve","tag-cyclisme","tag-sport"],"acf":[],"yoast_head":"<!-- This site is optimized with the Yoast SEO Premium plugin v26.7 (Yoast SEO v26.7) - https:\/\/yoast.com\/wordpress\/plugins\/seo\/ -->\n<title>Paris-Nice 2024 : Le g\u00e9n\u00e9ral pour Matteo Jorgenson, la derni\u00e8re \u00e9tape pour Remco Evenepoel<\/title>\n<meta name=\"description\" content=\"PARIS-NICE 2024 - Remco Evenepoel (Soudal Quick-Step) a gagn\u00e9 la 8\u00e8me et derni\u00e8re \u00e9tape de Paris-Nice 2024. Le g\u00e9n\u00e9ral pour Matteo Jorgenson.\" \/>\n<meta name=\"robots\" content=\"index, follow, max-snippet:-1, max-image-preview:large, max-video-preview:-1\" \/>\n<link rel=\"canonical\" href=\"https:\/\/dicodusport.fr\/blog\/paris-nice-2024-le-general-pour-matteo-jorgenson-la-derniere-etape-pour-remco-evenepoel\/\" \/>\n<meta property=\"og:locale\" content=\"fr_FR\" \/>\n<meta property=\"og:type\" content=\"article\" \/>\n<meta property=\"og:title\" content=\"Paris-Nice 2024 : Le g\u00e9n\u00e9ral pour Matteo Jorgenson, la derni\u00e8re \u00e9tape pour Remco Evenepoel\" \/>\n<meta property=\"og:description\" content=\"PARIS-NICE 2024 - Remco Evenepoel (Soudal Quick-Step) a gagn\u00e9 la 8\u00e8me et derni\u00e8re \u00e9tape de Paris-Nice 2024. Le g\u00e9n\u00e9ral pour Matteo Jorgenson.\" \/>\n<meta property=\"og:url\" content=\"https:\/\/dicodusport.fr\/blog\/paris-nice-2024-le-general-pour-matteo-jorgenson-la-derniere-etape-pour-remco-evenepoel\/\" \/>\n<meta property=\"og:site_name\" content=\"Dicodusport\" \/>\n<meta property=\"article:publisher\" content=\"https:\/\/www.facebook.com\/dicodusport\" \/>\n<meta property=\"article:author\" content=\"https:\/\/www.facebook.com\/groups\/LesRoisDuPeloton\" \/>\n<meta property=\"article:published_time\" content=\"2024-03-10T14:05:00+00:00\" \/>\n<meta property=\"article:modified_time\" content=\"2024-03-10T14:57:06+00:00\" \/>\n<meta property=\"og:image\" content=\"https:\/\/dicodusport.fr\/blog\/wp-content\/uploads\/2024\/03\/Paris-Nice-2024-Le-general-pour-Matteo-Jorgenson-la-derniere-etape-pour-Remco-Evenepoel-1.png\" \/>\n\t<meta property=\"og:image:width\" content=\"1200\" \/>\n\t<meta property=\"og:image:height\" content=\"674\" \/>\n\t<meta property=\"og:image:type\" content=\"image\/png\" \/>\n<meta name=\"author\" content=\"Emilien Descampiaux\" \/>\n<meta name=\"twitter:card\" content=\"summary_large_image\" \/>\n<meta name=\"twitter:title\" content=\"Paris-Nice 2024 : Le g\u00e9n\u00e9ral pour Matteo Jorgenson, la derni\u00e8re \u00e9tape pour Remco Evenepoel\" \/>\n<meta name=\"twitter:creator\" content=\"@https:\/\/twitter.com\/LRoisDuPeloton\" \/>\n<meta name=\"twitter:site\" content=\"@dicodusport\" \/>\n<script type=\"application\/ld+json\" class=\"yoast-schema-graph\">{\"@context\":\"https:\/\/schema.org\",\"@graph\":[{\"@type\":\"NewsArticle\",\"@id\":\"https:\/\/dicodusport.fr\/blog\/paris-nice-2024-le-general-pour-matteo-jorgenson-la-derniere-etape-pour-remco-evenepoel\/#article\",\"isPartOf\":{\"@id\":\"https:\/\/dicodusport.fr\/blog\/paris-nice-2024-le-general-pour-matteo-jorgenson-la-derniere-etape-pour-remco-evenepoel\/\"},\"author\":{\"name\":\"Emilien Descampiaux\",\"@id\":\"https:\/\/dicodusport.fr\/blog\/#\/schema\/person\/6db4bae06b171592211be385b32876a7\"},\"headline\":\"Paris-Nice 2024 : Le g\u00e9n\u00e9ral pour Matteo Jorgenson, la derni\u00e8re \u00e9tape pour Remco Evenepoel\",\"datePublished\":\"2024-03-10T14:05:00+00:00\",\"dateModified\":\"2024-03-10T14:57:06+00:00\",\"mainEntityOfPage\":{\"@id\":\"https:\/\/dicodusport.fr\/blog\/paris-nice-2024-le-general-pour-matteo-jorgenson-la-derniere-etape-pour-remco-evenepoel\/\"},\"wordCount\":799,\"commentCount\":0,\"publisher\":{\"@id\":\"https:\/\/dicodusport.fr\/blog\/#organization\"},\"image\":{\"@id\":\"https:\/\/dicodusport.fr\/blog\/paris-nice-2024-le-general-pour-matteo-jorgenson-la-derniere-etape-pour-remco-evenepoel\/#primaryimage\"},\"thumbnailUrl\":\"https:\/\/dicodusport.fr\/blog\/wp-content\/uploads\/2024\/03\/Paris-Nice-2024-Le-general-pour-Matteo-Jorgenson-la-derniere-etape-pour-Remco-Evenepoel-1.png\",\"keywords\":[\"br\u00e8ve\",\"Cyclisme\",\"sport\"],\"articleSection\":[\"Cyclisme sur route\"],\"inLanguage\":\"fr-FR\",\"potentialAction\":[{\"@type\":\"CommentAction\",\"name\":\"Comment\",\"target\":[\"https:\/\/dicodusport.fr\/blog\/paris-nice-2024-le-general-pour-matteo-jorgenson-la-derniere-etape-pour-remco-evenepoel\/#respond\"]}],\"copyrightYear\":\"2024\",\"copyrightHolder\":{\"@id\":\"https:\/\/dicodusport.fr\/blog\/#organization\"}},{\"@type\":\"WebPage\",\"@id\":\"https:\/\/dicodusport.fr\/blog\/paris-nice-2024-le-general-pour-matteo-jorgenson-la-derniere-etape-pour-remco-evenepoel\/\",\"url\":\"https:\/\/dicodusport.fr\/blog\/paris-nice-2024-le-general-pour-matteo-jorgenson-la-derniere-etape-pour-remco-evenepoel\/\",\"name\":\"Paris-Nice 2024 : Le g\u00e9n\u00e9ral pour Matteo Jorgenson, la derni\u00e8re \u00e9tape pour Remco Evenepoel\",\"isPartOf\":{\"@id\":\"https:\/\/dicodusport.fr\/blog\/#website\"},\"primaryImageOfPage\":{\"@id\":\"https:\/\/dicodusport.fr\/blog\/paris-nice-2024-le-general-pour-matteo-jorgenson-la-derniere-etape-pour-remco-evenepoel\/#primaryimage\"},\"image\":{\"@id\":\"https:\/\/dicodusport.fr\/blog\/paris-nice-2024-le-general-pour-matteo-jorgenson-la-derniere-etape-pour-remco-evenepoel\/#primaryimage\"},\"thumbnailUrl\":\"https:\/\/dicodusport.fr\/blog\/wp-content\/uploads\/2024\/03\/Paris-Nice-2024-Le-general-pour-Matteo-Jorgenson-la-derniere-etape-pour-Remco-Evenepoel-1.png\",\"datePublished\":\"2024-03-10T14:05:00+00:00\",\"dateModified\":\"2024-03-10T14:57:06+00:00\",\"description\":\"PARIS-NICE 2024 - Remco Evenepoel (Soudal Quick-Step) a gagn\u00e9 la 8\u00e8me et derni\u00e8re \u00e9tape de Paris-Nice 2024. Le g\u00e9n\u00e9ral pour Matteo Jorgenson.\",\"breadcrumb\":{\"@id\":\"https:\/\/dicodusport.fr\/blog\/paris-nice-2024-le-general-pour-matteo-jorgenson-la-derniere-etape-pour-remco-evenepoel\/#breadcrumb\"},\"inLanguage\":\"fr-FR\",\"potentialAction\":[{\"@type\":\"ReadAction\",\"target\":[\"https:\/\/dicodusport.fr\/blog\/paris-nice-2024-le-general-pour-matteo-jorgenson-la-derniere-etape-pour-remco-evenepoel\/\"]}]},{\"@type\":\"ImageObject\",\"inLanguage\":\"fr-FR\",\"@id\":\"https:\/\/dicodusport.fr\/blog\/paris-nice-2024-le-general-pour-matteo-jorgenson-la-derniere-etape-pour-remco-evenepoel\/#primaryimage\",\"url\":\"https:\/\/dicodusport.fr\/blog\/wp-content\/uploads\/2024\/03\/Paris-Nice-2024-Le-general-pour-Matteo-Jorgenson-la-derniere-etape-pour-Remco-Evenepoel-1.png\",\"contentUrl\":\"https:\/\/dicodusport.fr\/blog\/wp-content\/uploads\/2024\/03\/Paris-Nice-2024-Le-general-pour-Matteo-Jorgenson-la-derniere-etape-pour-Remco-Evenepoel-1.png\",\"width\":1200,\"height\":674,\"caption\":\"Paris-Nice 2024 Le g\u00e9n\u00e9ral pour Matteo Jorgenson, la derni\u00e8re \u00e9tape pour Remco Evenepoel (1)\"},{\"@type\":\"BreadcrumbList\",\"@id\":\"https:\/\/dicodusport.fr\/blog\/paris-nice-2024-le-general-pour-matteo-jorgenson-la-derniere-etape-pour-remco-evenepoel\/#breadcrumb\",\"itemListElement\":[{\"@type\":\"ListItem\",\"position\":1,\"name\":\"Accueil\",\"item\":\"https:\/\/dicodusport.fr\/blog\/\"},{\"@type\":\"ListItem\",\"position\":2,\"name\":\"Paris-Nice 2024 : Le g\u00e9n\u00e9ral pour Matteo Jorgenson, la derni\u00e8re \u00e9tape pour Remco Evenepoel\"}]},{\"@type\":\"WebSite\",\"@id\":\"https:\/\/dicodusport.fr\/blog\/#website\",\"url\":\"https:\/\/dicodusport.fr\/blog\/\",\"name\":\"Dicodusport\",\"description\":\"L&#039;encyclop\u00e9die de l&#039;actualit\u00e9 sportive\",\"publisher\":{\"@id\":\"https:\/\/dicodusport.fr\/blog\/#organization\"},\"potentialAction\":[{\"@type\":\"SearchAction\",\"target\":{\"@type\":\"EntryPoint\",\"urlTemplate\":\"https:\/\/dicodusport.fr\/blog\/?s={search_term_string}\"},\"query-input\":{\"@type\":\"PropertyValueSpecification\",\"valueRequired\":true,\"valueName\":\"search_term_string\"}}],\"inLanguage\":\"fr-FR\"},{\"@type\":\"NewsMediaOrganization\",\"@id\":\"https:\/\/dicodusport.fr\/blog\/#organization\",\"name\":\"Dicodusport\",\"url\":\"https:\/\/dicodusport.fr\/blog\/\",\"logo\":{\"@type\":\"ImageObject\",\"inLanguage\":\"fr-FR\",\"@id\":\"https:\/\/dicodusport.fr\/blog\/#\/schema\/logo\/image\/\",\"url\":\"https:\/\/dicodusport.fr\/blog\/wp-content\/uploads\/2020\/06\/cropped-LOGO-DICODUSPORT-2020-SANS-FOND-SANS-TEXTE.png\",\"contentUrl\":\"https:\/\/dicodusport.fr\/blog\/wp-content\/uploads\/2020\/06\/cropped-LOGO-DICODUSPORT-2020-SANS-FOND-SANS-TEXTE.png\",\"width\":512,\"height\":512,\"caption\":\"Dicodusport\"},\"image\":{\"@id\":\"https:\/\/dicodusport.fr\/blog\/#\/schema\/logo\/image\/\"},\"sameAs\":[\"https:\/\/www.facebook.com\/dicodusport\",\"https:\/\/x.com\/dicodusport\",\"https:\/\/www.instagram.com\/dicodusport\/\",\"https:\/\/www.youtube.com\/channel\/UC7V2KZ5sd3htJivAbA4ZG3w\"],\"description\":\"Dicodusport est l'encyclop\u00e9die de l'actualit\u00e9 sportive.\",\"email\":\"bonjour@dicodusport.fr\",\"legalName\":\"DICODUSPORT\",\"foundingDate\":\"2018-01-14\",\"vatID\":\"FR71834470973\",\"taxID\":\"83447097300043\",\"numberOfEmployees\":{\"@type\":\"QuantitativeValue\",\"minValue\":\"1\",\"maxValue\":\"10\"}},{\"@type\":\"Person\",\"@id\":\"https:\/\/dicodusport.fr\/blog\/#\/schema\/person\/6db4bae06b171592211be385b32876a7\",\"name\":\"Emilien Descampiaux\",\"image\":{\"@type\":\"ImageObject\",\"inLanguage\":\"fr-FR\",\"@id\":\"https:\/\/dicodusport.fr\/blog\/#\/schema\/person\/image\/\",\"url\":\"https:\/\/dicodusport.fr\/blog\/wp-content\/uploads\/2021\/05\/Emilien-Descampiaux-150x150.jpg\",\"contentUrl\":\"https:\/\/dicodusport.fr\/blog\/wp-content\/uploads\/2021\/05\/Emilien-Descampiaux-150x150.jpg\",\"caption\":\"Emilien Descampiaux\"},\"description\":\"Journaliste\/r\u00e9dacteur depuis 2014 - Fan de la classe de Frank Vandenbroucke, je vis cyclisme (et de ses paysages) depuis plus de 20 ans. Je suis tr\u00e8s impliqu\u00e9 sur mes diff\u00e9rents r\u00e9seaux sociaux pour partager ma passion sur le monde et l'Histoire de la bicyclette avec ma voix sur les images en noir et blanc du succ\u00e8s de Rik Van Steenbergen lors du Ronde sur le V\u00e9lodrome de Gand.\",\"sameAs\":[\"https:\/\/www.facebook.com\/groups\/LesRoisDuPeloton\",\"https:\/\/x.com\/https:\/\/twitter.com\/LRoisDuPeloton\"],\"url\":\"https:\/\/dicodusport.fr\/blog\/author\/emiliend\/\"}]}<\/script>\n<!-- \/ Yoast SEO Premium plugin. -->","yoast_head_json":{"title":"Paris-Nice 2024 : Le g\u00e9n\u00e9ral pour Matteo Jorgenson, la derni\u00e8re \u00e9tape pour Remco Evenepoel","description":"PARIS-NICE 2024 - Remco Evenepoel (Soudal Quick-Step) a gagn\u00e9 la 8\u00e8me et derni\u00e8re \u00e9tape de Paris-Nice 2024. Le g\u00e9n\u00e9ral pour Matteo Jorgenson.","robots":{"index":"index","follow":"follow","max-snippet":"max-snippet:-1","max-image-preview":"max-image-preview:large","max-video-preview":"max-video-preview:-1"},"canonical":"https:\/\/dicodusport.fr\/blog\/paris-nice-2024-le-general-pour-matteo-jorgenson-la-derniere-etape-pour-remco-evenepoel\/","og_locale":"fr_FR","og_type":"article","og_title":"Paris-Nice 2024 : Le g\u00e9n\u00e9ral pour Matteo Jorgenson, la derni\u00e8re \u00e9tape pour Remco Evenepoel","og_description":"PARIS-NICE 2024 - Remco Evenepoel (Soudal Quick-Step) a gagn\u00e9 la 8\u00e8me et derni\u00e8re \u00e9tape de Paris-Nice 2024. Le g\u00e9n\u00e9ral pour Matteo Jorgenson.","og_url":"https:\/\/dicodusport.fr\/blog\/paris-nice-2024-le-general-pour-matteo-jorgenson-la-derniere-etape-pour-remco-evenepoel\/","og_site_name":"Dicodusport","article_publisher":"https:\/\/www.facebook.com\/dicodusport","article_author":"https:\/\/www.facebook.com\/groups\/LesRoisDuPeloton","article_published_time":"2024-03-10T14:05:00+00:00","article_modified_time":"2024-03-10T14:57:06+00:00","og_image":[{"width":1200,"height":674,"url":"https:\/\/dicodusport.fr\/blog\/wp-content\/uploads\/2024\/03\/Paris-Nice-2024-Le-general-pour-Matteo-Jorgenson-la-derniere-etape-pour-Remco-Evenepoel-1.png","type":"image\/png"}],"author":"Emilien Descampiaux","twitter_card":"summary_large_image","twitter_title":"Paris-Nice 2024 : Le g\u00e9n\u00e9ral pour Matteo Jorgenson, la derni\u00e8re \u00e9tape pour Remco Evenepoel","twitter_creator":"@https:\/\/twitter.com\/LRoisDuPeloton","twitter_site":"@dicodusport","schema":{"@context":"https:\/\/schema.org","@graph":[{"@type":"NewsArticle","@id":"https:\/\/dicodusport.fr\/blog\/paris-nice-2024-le-general-pour-matteo-jorgenson-la-derniere-etape-pour-remco-evenepoel\/#article","isPartOf":{"@id":"https:\/\/dicodusport.fr\/blog\/paris-nice-2024-le-general-pour-matteo-jorgenson-la-derniere-etape-pour-remco-evenepoel\/"},"author":{"name":"Emilien Descampiaux","@id":"https:\/\/dicodusport.fr\/blog\/#\/schema\/person\/6db4bae06b171592211be385b32876a7"},"headline":"Paris-Nice 2024 : Le g\u00e9n\u00e9ral pour Matteo Jorgenson, la derni\u00e8re \u00e9tape pour Remco Evenepoel","datePublished":"2024-03-10T14:05:00+00:00","dateModified":"2024-03-10T14:57:06+00:00","mainEntityOfPage":{"@id":"https:\/\/dicodusport.fr\/blog\/paris-nice-2024-le-general-pour-matteo-jorgenson-la-derniere-etape-pour-remco-evenepoel\/"},"wordCount":799,"commentCount":0,"publisher":{"@id":"https:\/\/dicodusport.fr\/blog\/#organization"},"image":{"@id":"https:\/\/dicodusport.fr\/blog\/paris-nice-2024-le-general-pour-matteo-jorgenson-la-derniere-etape-pour-remco-evenepoel\/#primaryimage"},"thumbnailUrl":"https:\/\/dicodusport.fr\/blog\/wp-content\/uploads\/2024\/03\/Paris-Nice-2024-Le-general-pour-Matteo-Jorgenson-la-derniere-etape-pour-Remco-Evenepoel-1.png","keywords":["br\u00e8ve","Cyclisme","sport"],"articleSection":["Cyclisme sur route"],"inLanguage":"fr-FR","potentialAction":[{"@type":"CommentAction","name":"Comment","target":["https:\/\/dicodusport.fr\/blog\/paris-nice-2024-le-general-pour-matteo-jorgenson-la-derniere-etape-pour-remco-evenepoel\/#respond"]}],"copyrightYear":"2024","copyrightHolder":{"@id":"https:\/\/dicodusport.fr\/blog\/#organization"}},{"@type":"WebPage","@id":"https:\/\/dicodusport.fr\/blog\/paris-nice-2024-le-general-pour-matteo-jorgenson-la-derniere-etape-pour-remco-evenepoel\/","url":"https:\/\/dicodusport.fr\/blog\/paris-nice-2024-le-general-pour-matteo-jorgenson-la-derniere-etape-pour-remco-evenepoel\/","name":"Paris-Nice 2024 : Le g\u00e9n\u00e9ral pour Matteo Jorgenson, la derni\u00e8re \u00e9tape pour Remco Evenepoel","isPartOf":{"@id":"https:\/\/dicodusport.fr\/blog\/#website"},"primaryImageOfPage":{"@id":"https:\/\/dicodusport.fr\/blog\/paris-nice-2024-le-general-pour-matteo-jorgenson-la-derniere-etape-pour-remco-evenepoel\/#primaryimage"},"image":{"@id":"https:\/\/dicodusport.fr\/blog\/paris-nice-2024-le-general-pour-matteo-jorgenson-la-derniere-etape-pour-remco-evenepoel\/#primaryimage"},"thumbnailUrl":"https:\/\/dicodusport.fr\/blog\/wp-content\/uploads\/2024\/03\/Paris-Nice-2024-Le-general-pour-Matteo-Jorgenson-la-derniere-etape-pour-Remco-Evenepoel-1.png","datePublished":"2024-03-10T14:05:00+00:00","dateModified":"2024-03-10T14:57:06+00:00","description":"PARIS-NICE 2024 - Remco Evenepoel (Soudal Quick-Step) a gagn\u00e9 la 8\u00e8me et derni\u00e8re \u00e9tape de Paris-Nice 2024. Le g\u00e9n\u00e9ral pour Matteo Jorgenson.","breadcrumb":{"@id":"https:\/\/dicodusport.fr\/blog\/paris-nice-2024-le-general-pour-matteo-jorgenson-la-derniere-etape-pour-remco-evenepoel\/#breadcrumb"},"inLanguage":"fr-FR","potentialAction":[{"@type":"ReadAction","target":["https:\/\/dicodusport.fr\/blog\/paris-nice-2024-le-general-pour-matteo-jorgenson-la-derniere-etape-pour-remco-evenepoel\/"]}]},{"@type":"ImageObject","inLanguage":"fr-FR","@id":"https:\/\/dicodusport.fr\/blog\/paris-nice-2024-le-general-pour-matteo-jorgenson-la-derniere-etape-pour-remco-evenepoel\/#primaryimage","url":"https:\/\/dicodusport.fr\/blog\/wp-content\/uploads\/2024\/03\/Paris-Nice-2024-Le-general-pour-Matteo-Jorgenson-la-derniere-etape-pour-Remco-Evenepoel-1.png","contentUrl":"https:\/\/dicodusport.fr\/blog\/wp-content\/uploads\/2024\/03\/Paris-Nice-2024-Le-general-pour-Matteo-Jorgenson-la-derniere-etape-pour-Remco-Evenepoel-1.png","width":1200,"height":674,"caption":"Paris-Nice 2024 Le g\u00e9n\u00e9ral pour Matteo Jorgenson, la derni\u00e8re \u00e9tape pour Remco Evenepoel (1)"},{"@type":"BreadcrumbList","@id":"https:\/\/dicodusport.fr\/blog\/paris-nice-2024-le-general-pour-matteo-jorgenson-la-derniere-etape-pour-remco-evenepoel\/#breadcrumb","itemListElement":[{"@type":"ListItem","position":1,"name":"Accueil","item":"https:\/\/dicodusport.fr\/blog\/"},{"@type":"ListItem","position":2,"name":"Paris-Nice 2024 : Le g\u00e9n\u00e9ral pour Matteo Jorgenson, la derni\u00e8re \u00e9tape pour Remco Evenepoel"}]},{"@type":"WebSite","@id":"https:\/\/dicodusport.fr\/blog\/#website","url":"https:\/\/dicodusport.fr\/blog\/","name":"Dicodusport","description":"L&#039;encyclop\u00e9die de l&#039;actualit\u00e9 sportive","publisher":{"@id":"https:\/\/dicodusport.fr\/blog\/#organization"},"potentialAction":[{"@type":"SearchAction","target":{"@type":"EntryPoint","urlTemplate":"https:\/\/dicodusport.fr\/blog\/?s={search_term_string}"},"query-input":{"@type":"PropertyValueSpecification","valueRequired":true,"valueName":"search_term_string"}}],"inLanguage":"fr-FR"},{"@type":"NewsMediaOrganization","@id":"https:\/\/dicodusport.fr\/blog\/#organization","name":"Dicodusport","url":"https:\/\/dicodusport.fr\/blog\/","logo":{"@type":"ImageObject","inLanguage":"fr-FR","@id":"https:\/\/dicodusport.fr\/blog\/#\/schema\/logo\/image\/","url":"https:\/\/dicodusport.fr\/blog\/wp-content\/uploads\/2020\/06\/cropped-LOGO-DICODUSPORT-2020-SANS-FOND-SANS-TEXTE.png","contentUrl":"https:\/\/dicodusport.fr\/blog\/wp-content\/uploads\/2020\/06\/cropped-LOGO-DICODUSPORT-2020-SANS-FOND-SANS-TEXTE.png","width":512,"height":512,"caption":"Dicodusport"},"image":{"@id":"https:\/\/dicodusport.fr\/blog\/#\/schema\/logo\/image\/"},"sameAs":["https:\/\/www.facebook.com\/dicodusport","https:\/\/x.com\/dicodusport","https:\/\/www.instagram.com\/dicodusport\/","https:\/\/www.youtube.com\/channel\/UC7V2KZ5sd3htJivAbA4ZG3w"],"description":"Dicodusport est l'encyclop\u00e9die de l'actualit\u00e9 sportive.","email":"bonjour@dicodusport.fr","legalName":"DICODUSPORT","foundingDate":"2018-01-14","vatID":"FR71834470973","taxID":"83447097300043","numberOfEmployees":{"@type":"QuantitativeValue","minValue":"1","maxValue":"10"}},{"@type":"Person","@id":"https:\/\/dicodusport.fr\/blog\/#\/schema\/person\/6db4bae06b171592211be385b32876a7","name":"Emilien Descampiaux","image":{"@type":"ImageObject","inLanguage":"fr-FR","@id":"https:\/\/dicodusport.fr\/blog\/#\/schema\/person\/image\/","url":"https:\/\/dicodusport.fr\/blog\/wp-content\/uploads\/2021\/05\/Emilien-Descampiaux-150x150.jpg","contentUrl":"https:\/\/dicodusport.fr\/blog\/wp-content\/uploads\/2021\/05\/Emilien-Descampiaux-150x150.jpg","caption":"Emilien Descampiaux"},"description":"Journaliste\/r\u00e9dacteur depuis 2014 - Fan de la classe de Frank Vandenbroucke, je vis cyclisme (et de ses paysages) depuis plus de 20 ans. Je suis tr\u00e8s impliqu\u00e9 sur mes diff\u00e9rents r\u00e9seaux sociaux pour partager ma passion sur le monde et l'Histoire de la bicyclette avec ma voix sur les images en noir et blanc du succ\u00e8s de Rik Van Steenbergen lors du Ronde sur le V\u00e9lodrome de Gand.","sameAs":["https:\/\/www.facebook.com\/groups\/LesRoisDuPeloton","https:\/\/x.com\/https:\/\/twitter.com\/LRoisDuPeloton"],"url":"https:\/\/dicodusport.fr\/blog\/author\/emiliend\/"}]}},"_links":{"self":[{"href":"https:\/\/dicodusport.fr\/blog\/wp-json\/wp\/v2\/posts\/471029","targetHints":{"allow":["GET"]}}],"collection":[{"href":"https:\/\/dicodusport.fr\/blog\/wp-json\/wp\/v2\/posts"}],"about":[{"href":"https:\/\/dicodusport.fr\/blog\/wp-json\/wp\/v2\/types\/post"}],"author":[{"embeddable":true,"href":"https:\/\/dicodusport.fr\/blog\/wp-json\/wp\/v2\/users\/48"}],"replies":[{"embeddable":true,"href":"https:\/\/dicodusport.fr\/blog\/wp-json\/wp\/v2\/comments?post=471029"}],"version-history":[{"count":5,"href":"https:\/\/dicodusport.fr\/blog\/wp-json\/wp\/v2\/posts\/471029\/revisions"}],"predecessor-version":[{"id":471075,"href":"https:\/\/dicodusport.fr\/blog\/wp-json\/wp\/v2\/posts\/471029\/revisions\/471075"}],"wp:featuredmedia":[{"embeddable":true,"href":"https:\/\/dicodusport.fr\/blog\/wp-json\/wp\/v2\/media\/471080"}],"wp:attachment":[{"href":"https:\/\/dicodusport.fr\/blog\/wp-json\/wp\/v2\/media?parent=471029"}],"wp:term":[{"taxonomy":"category","embeddable":true,"href":"https:\/\/dicodusport.fr\/blog\/wp-json\/wp\/v2\/categories?post=471029"},{"taxonomy":"post_tag","embeddable":true,"href":"https:\/\/dicodusport.fr\/blog\/wp-json\/wp\/v2\/tags?post=471029"}],"curies":[{"name":"wp","href":"https:\/\/api.w.org\/{rel}","templated":true}]}}