{"id":471031,"date":"2024-03-10T16:17:05","date_gmt":"2024-03-10T15:17:05","guid":{"rendered":"https:\/\/dicodusport.fr\/blog\/?p=471031&#038;preview=true&#038;preview_id=471031"},"modified":"2024-03-10T17:09:40","modified_gmt":"2024-03-10T16:09:40","slug":"tirreno-adriatico-2024-le-general-pour-jonas-vingegaard-jonathan-milan-sadjuge-la-derniere-etape","status":"publish","type":"post","link":"https:\/\/dicodusport.fr\/blog\/tirreno-adriatico-2024-le-general-pour-jonas-vingegaard-jonathan-milan-sadjuge-la-derniere-etape\/","title":{"rendered":"Tirreno-Adriatico 2024 : Le g\u00e9n\u00e9ral pour Jonas Vingegaard, Jonathan Milan s&rsquo;adjuge la derni\u00e8re \u00e9tape"},"content":{"rendered":"<p style=\"text-align: justify;\"><em><b>TIRRENO-ADRIATICO 2024 &#8211; Jonathan Milan (Lidl-Trek) a remport\u00e9 la septi\u00e8me et derni\u00e8re \u00e9tape de la 59e \u00e9dition de Tirreno-Adriatico, \u00e0 San Benedetto del Trento, dimanche. Jonas Vingegaard (Visma Lease a Bike) a gagn\u00e9 le classement g\u00e9n\u00e9ral final.\u00a0<\/b><\/em><\/p>\n<ul style=\"text-align: justify;\">\n<li style=\"text-align: justify;\"><strong>\u00c0 ce sujet \u2013\u00a0<a href=\"https:\/\/dicodusport.fr\/blog\/tirreno-adriatico-2024-classement-7eme-etape\/\">Tirreno-Adriatico 2024 &#8211; Classement 7\u00e8me \u00e9tape<\/a><\/strong><\/li>\n<li style=\"text-align: justify;\"><strong>\u00c0 ce sujet \u2013\u00a0<a href=\"https:\/\/dicodusport.fr\/blog\/tirreno-adriatico-2024-classement-general\/\">Tirreno-Adriatico 2024 &#8211; Classement g\u00e9n\u00e9ral<\/a><\/strong><\/li>\n<\/ul>\n<p style=\"text-align: justify;\">D\u2019abord, six coureurs ont profit\u00e9 des 82 premiers kilom\u00e8tres vallonn\u00e9s pour animer la course : <strong>Damiano Caruso, Antonio Tiberi<\/strong> (Bahrain-Victorious), <strong>Alessandro De Marchi<\/strong> (Team Jayco AlUla), <strong>Luke Rowe<\/strong> (INEOS Grenadiers), <strong>Georg Steinhauser<\/strong> et <strong>Ben Healy<\/strong> (EF Education EasyPost). Cette \u00e9chapp\u00e9e a obtenu jusqu&rsquo;\u00e0 2 minutes d&rsquo;avance apr\u00e8s 30 kilom\u00e8tres de course alors qu\u2019<strong>Antonio Tiberi<\/strong> (Bahrain-Victorious) est pass\u00e9 en t\u00eate au sommet de Montedinove. Malheureusement pour Soudal Quick-Step, <strong>Tim Merlier<\/strong> a abandonn\u00e9.<\/p>\n<p style=\"text-align: justify;\">Puis, les fuyards ont entam\u00e9 le final avec cinq tours d\u2019un circuit de 14,4 kilom\u00e8tres tout plats avec 1 minute d\u2019avance sur le peloton emmen\u00e9 par les \u00e9quipes Alpecin-Deceuninck, Lidl-Trek et Uno X Mobility. <strong>Ben Healy<\/strong> (EF Education EasyPost) est pass\u00e9 en premi\u00e8re position au sprint interm\u00e9diaire lors du deuxi\u00e8me passage sur la ligne d&rsquo;arriv\u00e9e. Alors qu&rsquo;il campait \u00e0 l&rsquo;arri\u00e8re du peloton, <strong>Richard Carapaz<\/strong> (EF Education EasyPost) a lourdement chut\u00e9. Le champion olympique a \u00e9t\u00e9 contraint \u00e0 l&rsquo;abandon.<\/p>\n<h2 style=\"text-align: justify;\">Milan la derni\u00e8re, Vingegaard sacr\u00e9<\/h2>\n<p style=\"text-align: justify;\">Ensuite, les attaquants du jour ont \u00e9t\u00e9 aval\u00e9s par le peloton au moment d\u2019entamer le dernier tour de circuit. Dans le dernier kilom\u00e8tre, <strong>Soren Waerenskjold<\/strong> (Uno X Mobility) a profit\u00e9 d\u2019une cassure laiss\u00e9e par un de ses \u00e9quipiers pour prendre quelques m\u00e8tres d&rsquo;avance. Mais, <strong>Simone Consonni<\/strong> (Lidl-Trek) a produit un bel effort pour boucher le trou pour lancer <strong>Jonathan Milan<\/strong> (Lidl-Trek).<\/p>\n<p style=\"text-align: justify;\">Finalement, <strong>Jonathan Milan<\/strong> (Lidl-Trek) a impos\u00e9 sa puissance pour remporter un second bouquet sur cette \u00e9dition de Tirreno-Adriatico. <strong>Alexander Kristoff<\/strong> (Uno X Mobility) a pris la deuxi\u00e8me place devant <strong>Davide Cimolai<\/strong> (Movistar). <strong>Jasper Philipsen<\/strong> (Alpecin-Deceuninck) a termin\u00e9 quatri\u00e8me devant <strong>Stanislaw Aniolkowski<\/strong> (Cofidis) et <strong>Amaury Capiot<\/strong> (Arkea B&amp;B H\u00f4tels).<\/p>\n<blockquote class=\"twitter-tweet\">\n<p dir=\"ltr\" lang=\"fr\">La guerre des grosses cuisses tourne \u00e0 l&rsquo;avantage de Jonathan Milan, vainqueur au sprint de l&rsquo;ultime \u00e9tape d&rsquo;un <a href=\"https:\/\/twitter.com\/hashtag\/TirrenoAdriatico?src=hash&amp;ref_src=twsrc%5Etfw\">#TirrenoAdriatico<\/a> 2024 remport\u00e9 par un certain Jonas Vingegaard !<\/p>\n<p>Le meilleur du cyclisme est sur Eurosport avec <a href=\"https:\/\/twitter.com\/hashtag\/LesRP?src=hash&amp;ref_src=twsrc%5Etfw\">#LesRP<\/a> <a href=\"https:\/\/t.co\/mSrpkDmsMX\">pic.twitter.com\/mSrpkDmsMX<\/a><\/p>\n<p>\u2014 Eurosport France (@Eurosport_FR) <a href=\"https:\/\/twitter.com\/Eurosport_FR\/status\/1766849131375370343?ref_src=twsrc%5Etfw\">March 10, 2024<\/a><\/p><\/blockquote>\n<p><script async src=\"https:\/\/platform.twitter.com\/widgets.js\" charset=\"utf-8\"><\/script><\/p>\n<p style=\"text-align: justify;\">Au classement g\u00e9n\u00e9ral, <strong>Jonas Vingegaard<\/strong> (Visma Lease a Bike) est devenu le deuxi\u00e8me Danois \u00e0 remporter l&rsquo;\u00e9preuve italienne par \u00e9tapes apr\u00e8s Rolf Sorensen en 1987 et en 1992. Il a devanc\u00e9 <strong>Juan Ayuso<\/strong> (UAE Team Emirates) et <strong>Jai Hindley<\/strong> Bora Hansgrohe). <strong>Kevin Vauquelin<\/strong> (Arkea B&amp;B H\u00f4tels) a fini dixi\u00e8me.<\/p>\n<ul>\n<li style=\"text-align: justify;\"><strong>\u00c0 ce sujet \u2013\u00a0<a href=\"https:\/\/dicodusport.fr\/blog\/actualites\/cyclisme\/cyclisme-sur-route-2024\/\">L\u2019actualit\u00e9 du cyclisme sur route<\/a><\/strong><\/li>\n<\/ul>\n","protected":false},"excerpt":{"rendered":"<p>TIRRENO-ADRIATICO 2024 &#8211; Jonathan Milan (Lidl-Trek) a remport\u00e9 la septi\u00e8me et derni\u00e8re \u00e9tape de la 59e \u00e9dition de Tirreno-Adriatico, \u00e0 San Benedetto del Trento, dimanche. Jonas Vingegaard (Visma Lease a Bike) a gagn\u00e9 le classement g\u00e9n\u00e9ral final.\u00a0<\/p>\n","protected":false},"author":48,"featured_media":471106,"comment_status":"open","ping_status":"closed","sticky":false,"template":"","format":"standard","meta":{"_acf_changed":false,"_daextam_enable_autolinks":"1","footnotes":""},"categories":[46994],"tags":[16878,574,7435],"class_list":["post-471031","post","type-post","status-publish","format-standard","has-post-thumbnail","hentry","category-cyclisme-sur-route","tag-breve","tag-cyclisme","tag-tirreno-adriatico"],"acf":[],"yoast_head":"<!-- This site is optimized with the Yoast SEO Premium plugin v26.7 (Yoast SEO v26.7) - https:\/\/yoast.com\/wordpress\/plugins\/seo\/ -->\n<title>Tirreno-Adriatico 2024 : Le g\u00e9n\u00e9ral pour Jonas Vingegaard, Jonathan Milan s&#039;adjuge la derni\u00e8re \u00e9tape<\/title>\n<meta name=\"description\" content=\"TIRRENO-ADRIATICO 2024 - Jonathan Milan (Lidl-Trek) a remport\u00e9 la septi\u00e8me et derni\u00e8re \u00e9tape. Jonas Vingegaard (Visma Lease a Bike) a gagn\u00e9 le classement g\u00e9n\u00e9ral final.\u00a0\" \/>\n<meta name=\"robots\" content=\"index, follow, max-snippet:-1, max-image-preview:large, max-video-preview:-1\" \/>\n<link rel=\"canonical\" href=\"https:\/\/dicodusport.fr\/blog\/tirreno-adriatico-2024-le-general-pour-jonas-vingegaard-jonathan-milan-sadjuge-la-derniere-etape\/\" \/>\n<meta property=\"og:locale\" content=\"fr_FR\" \/>\n<meta property=\"og:type\" content=\"article\" \/>\n<meta property=\"og:title\" content=\"Tirreno-Adriatico 2024 : Le g\u00e9n\u00e9ral pour Jonas Vingegaard, Jonathan Milan s&#039;adjuge la derni\u00e8re \u00e9tape\" \/>\n<meta property=\"og:description\" content=\"TIRRENO-ADRIATICO 2024 - Jonathan Milan (Lidl-Trek) a remport\u00e9 la septi\u00e8me et derni\u00e8re \u00e9tape. Jonas Vingegaard (Visma Lease a Bike) a gagn\u00e9 le classement g\u00e9n\u00e9ral final.\u00a0\" \/>\n<meta property=\"og:url\" content=\"https:\/\/dicodusport.fr\/blog\/tirreno-adriatico-2024-le-general-pour-jonas-vingegaard-jonathan-milan-sadjuge-la-derniere-etape\/\" \/>\n<meta property=\"og:site_name\" content=\"Dicodusport\" \/>\n<meta property=\"article:publisher\" content=\"https:\/\/www.facebook.com\/dicodusport\" \/>\n<meta property=\"article:author\" content=\"https:\/\/www.facebook.com\/groups\/LesRoisDuPeloton\" \/>\n<meta property=\"article:published_time\" content=\"2024-03-10T15:17:05+00:00\" \/>\n<meta property=\"article:modified_time\" content=\"2024-03-10T16:09:40+00:00\" \/>\n<meta property=\"og:image\" content=\"https:\/\/dicodusport.fr\/blog\/wp-content\/uploads\/2024\/03\/Tirreno-Adriatico-2024-Le-general-pour-Jonas-Vingegaard-Jonathan-Milan-sadjuge-la-derniere-etape-1.png\" \/>\n\t<meta property=\"og:image:width\" content=\"1200\" \/>\n\t<meta property=\"og:image:height\" content=\"674\" \/>\n\t<meta property=\"og:image:type\" content=\"image\/png\" \/>\n<meta name=\"author\" content=\"Emilien Descampiaux\" \/>\n<meta name=\"twitter:card\" content=\"summary_large_image\" \/>\n<meta name=\"twitter:title\" content=\"Tirreno-Adriatico 2024 : Le g\u00e9n\u00e9ral pour Jonas Vingegaard, Jonathan Milan s&#039;adjuge la derni\u00e8re \u00e9tape\" \/>\n<meta name=\"twitter:creator\" content=\"@https:\/\/twitter.com\/LRoisDuPeloton\" \/>\n<meta name=\"twitter:site\" content=\"@dicodusport\" \/>\n<script type=\"application\/ld+json\" class=\"yoast-schema-graph\">{\"@context\":\"https:\/\/schema.org\",\"@graph\":[{\"@type\":\"NewsArticle\",\"@id\":\"https:\/\/dicodusport.fr\/blog\/tirreno-adriatico-2024-le-general-pour-jonas-vingegaard-jonathan-milan-sadjuge-la-derniere-etape\/#article\",\"isPartOf\":{\"@id\":\"https:\/\/dicodusport.fr\/blog\/tirreno-adriatico-2024-le-general-pour-jonas-vingegaard-jonathan-milan-sadjuge-la-derniere-etape\/\"},\"author\":{\"name\":\"Emilien Descampiaux\",\"@id\":\"https:\/\/dicodusport.fr\/blog\/#\/schema\/person\/6db4bae06b171592211be385b32876a7\"},\"headline\":\"Tirreno-Adriatico 2024 : Le g\u00e9n\u00e9ral pour Jonas Vingegaard, Jonathan Milan s&rsquo;adjuge la derni\u00e8re \u00e9tape\",\"datePublished\":\"2024-03-10T15:17:05+00:00\",\"dateModified\":\"2024-03-10T16:09:40+00:00\",\"mainEntityOfPage\":{\"@id\":\"https:\/\/dicodusport.fr\/blog\/tirreno-adriatico-2024-le-general-pour-jonas-vingegaard-jonathan-milan-sadjuge-la-derniere-etape\/\"},\"wordCount\":467,\"commentCount\":0,\"publisher\":{\"@id\":\"https:\/\/dicodusport.fr\/blog\/#organization\"},\"image\":{\"@id\":\"https:\/\/dicodusport.fr\/blog\/tirreno-adriatico-2024-le-general-pour-jonas-vingegaard-jonathan-milan-sadjuge-la-derniere-etape\/#primaryimage\"},\"thumbnailUrl\":\"https:\/\/dicodusport.fr\/blog\/wp-content\/uploads\/2024\/03\/Tirreno-Adriatico-2024-Le-general-pour-Jonas-Vingegaard-Jonathan-Milan-sadjuge-la-derniere-etape-1.png\",\"keywords\":[\"br\u00e8ve\",\"Cyclisme\",\"Tirreno-Adriatico\"],\"articleSection\":[\"Cyclisme sur route\"],\"inLanguage\":\"fr-FR\",\"potentialAction\":[{\"@type\":\"CommentAction\",\"name\":\"Comment\",\"target\":[\"https:\/\/dicodusport.fr\/blog\/tirreno-adriatico-2024-le-general-pour-jonas-vingegaard-jonathan-milan-sadjuge-la-derniere-etape\/#respond\"]}],\"copyrightYear\":\"2024\",\"copyrightHolder\":{\"@id\":\"https:\/\/dicodusport.fr\/blog\/#organization\"}},{\"@type\":\"WebPage\",\"@id\":\"https:\/\/dicodusport.fr\/blog\/tirreno-adriatico-2024-le-general-pour-jonas-vingegaard-jonathan-milan-sadjuge-la-derniere-etape\/\",\"url\":\"https:\/\/dicodusport.fr\/blog\/tirreno-adriatico-2024-le-general-pour-jonas-vingegaard-jonathan-milan-sadjuge-la-derniere-etape\/\",\"name\":\"Tirreno-Adriatico 2024 : Le g\u00e9n\u00e9ral pour Jonas Vingegaard, Jonathan Milan s'adjuge la derni\u00e8re \u00e9tape\",\"isPartOf\":{\"@id\":\"https:\/\/dicodusport.fr\/blog\/#website\"},\"primaryImageOfPage\":{\"@id\":\"https:\/\/dicodusport.fr\/blog\/tirreno-adriatico-2024-le-general-pour-jonas-vingegaard-jonathan-milan-sadjuge-la-derniere-etape\/#primaryimage\"},\"image\":{\"@id\":\"https:\/\/dicodusport.fr\/blog\/tirreno-adriatico-2024-le-general-pour-jonas-vingegaard-jonathan-milan-sadjuge-la-derniere-etape\/#primaryimage\"},\"thumbnailUrl\":\"https:\/\/dicodusport.fr\/blog\/wp-content\/uploads\/2024\/03\/Tirreno-Adriatico-2024-Le-general-pour-Jonas-Vingegaard-Jonathan-Milan-sadjuge-la-derniere-etape-1.png\",\"datePublished\":\"2024-03-10T15:17:05+00:00\",\"dateModified\":\"2024-03-10T16:09:40+00:00\",\"description\":\"TIRRENO-ADRIATICO 2024 - Jonathan Milan (Lidl-Trek) a remport\u00e9 la septi\u00e8me et derni\u00e8re \u00e9tape. Jonas Vingegaard (Visma Lease a Bike) a gagn\u00e9 le classement g\u00e9n\u00e9ral final.\u00a0\",\"breadcrumb\":{\"@id\":\"https:\/\/dicodusport.fr\/blog\/tirreno-adriatico-2024-le-general-pour-jonas-vingegaard-jonathan-milan-sadjuge-la-derniere-etape\/#breadcrumb\"},\"inLanguage\":\"fr-FR\",\"potentialAction\":[{\"@type\":\"ReadAction\",\"target\":[\"https:\/\/dicodusport.fr\/blog\/tirreno-adriatico-2024-le-general-pour-jonas-vingegaard-jonathan-milan-sadjuge-la-derniere-etape\/\"]}]},{\"@type\":\"ImageObject\",\"inLanguage\":\"fr-FR\",\"@id\":\"https:\/\/dicodusport.fr\/blog\/tirreno-adriatico-2024-le-general-pour-jonas-vingegaard-jonathan-milan-sadjuge-la-derniere-etape\/#primaryimage\",\"url\":\"https:\/\/dicodusport.fr\/blog\/wp-content\/uploads\/2024\/03\/Tirreno-Adriatico-2024-Le-general-pour-Jonas-Vingegaard-Jonathan-Milan-sadjuge-la-derniere-etape-1.png\",\"contentUrl\":\"https:\/\/dicodusport.fr\/blog\/wp-content\/uploads\/2024\/03\/Tirreno-Adriatico-2024-Le-general-pour-Jonas-Vingegaard-Jonathan-Milan-sadjuge-la-derniere-etape-1.png\",\"width\":1200,\"height\":674,\"caption\":\"Tirreno-Adriatico 2024 Le g\u00e9n\u00e9ral pour Jonas Vingegaard, Jonathan Milan s'adjuge la derni\u00e8re \u00e9tape (1)\"},{\"@type\":\"BreadcrumbList\",\"@id\":\"https:\/\/dicodusport.fr\/blog\/tirreno-adriatico-2024-le-general-pour-jonas-vingegaard-jonathan-milan-sadjuge-la-derniere-etape\/#breadcrumb\",\"itemListElement\":[{\"@type\":\"ListItem\",\"position\":1,\"name\":\"Accueil\",\"item\":\"https:\/\/dicodusport.fr\/blog\/\"},{\"@type\":\"ListItem\",\"position\":2,\"name\":\"Tirreno-Adriatico 2024 : Le g\u00e9n\u00e9ral pour Jonas Vingegaard, Jonathan Milan s&rsquo;adjuge la derni\u00e8re \u00e9tape\"}]},{\"@type\":\"WebSite\",\"@id\":\"https:\/\/dicodusport.fr\/blog\/#website\",\"url\":\"https:\/\/dicodusport.fr\/blog\/\",\"name\":\"Dicodusport\",\"description\":\"L&#039;encyclop\u00e9die de l&#039;actualit\u00e9 sportive\",\"publisher\":{\"@id\":\"https:\/\/dicodusport.fr\/blog\/#organization\"},\"potentialAction\":[{\"@type\":\"SearchAction\",\"target\":{\"@type\":\"EntryPoint\",\"urlTemplate\":\"https:\/\/dicodusport.fr\/blog\/?s={search_term_string}\"},\"query-input\":{\"@type\":\"PropertyValueSpecification\",\"valueRequired\":true,\"valueName\":\"search_term_string\"}}],\"inLanguage\":\"fr-FR\"},{\"@type\":\"NewsMediaOrganization\",\"@id\":\"https:\/\/dicodusport.fr\/blog\/#organization\",\"name\":\"Dicodusport\",\"url\":\"https:\/\/dicodusport.fr\/blog\/\",\"logo\":{\"@type\":\"ImageObject\",\"inLanguage\":\"fr-FR\",\"@id\":\"https:\/\/dicodusport.fr\/blog\/#\/schema\/logo\/image\/\",\"url\":\"https:\/\/dicodusport.fr\/blog\/wp-content\/uploads\/2020\/06\/cropped-LOGO-DICODUSPORT-2020-SANS-FOND-SANS-TEXTE.png\",\"contentUrl\":\"https:\/\/dicodusport.fr\/blog\/wp-content\/uploads\/2020\/06\/cropped-LOGO-DICODUSPORT-2020-SANS-FOND-SANS-TEXTE.png\",\"width\":512,\"height\":512,\"caption\":\"Dicodusport\"},\"image\":{\"@id\":\"https:\/\/dicodusport.fr\/blog\/#\/schema\/logo\/image\/\"},\"sameAs\":[\"https:\/\/www.facebook.com\/dicodusport\",\"https:\/\/x.com\/dicodusport\",\"https:\/\/www.instagram.com\/dicodusport\/\",\"https:\/\/www.youtube.com\/channel\/UC7V2KZ5sd3htJivAbA4ZG3w\"],\"description\":\"Dicodusport est l'encyclop\u00e9die de l'actualit\u00e9 sportive.\",\"email\":\"bonjour@dicodusport.fr\",\"legalName\":\"DICODUSPORT\",\"foundingDate\":\"2018-01-14\",\"vatID\":\"FR71834470973\",\"taxID\":\"83447097300043\",\"numberOfEmployees\":{\"@type\":\"QuantitativeValue\",\"minValue\":\"1\",\"maxValue\":\"10\"}},{\"@type\":\"Person\",\"@id\":\"https:\/\/dicodusport.fr\/blog\/#\/schema\/person\/6db4bae06b171592211be385b32876a7\",\"name\":\"Emilien Descampiaux\",\"image\":{\"@type\":\"ImageObject\",\"inLanguage\":\"fr-FR\",\"@id\":\"https:\/\/dicodusport.fr\/blog\/#\/schema\/person\/image\/\",\"url\":\"https:\/\/dicodusport.fr\/blog\/wp-content\/uploads\/2021\/05\/Emilien-Descampiaux-150x150.jpg\",\"contentUrl\":\"https:\/\/dicodusport.fr\/blog\/wp-content\/uploads\/2021\/05\/Emilien-Descampiaux-150x150.jpg\",\"caption\":\"Emilien Descampiaux\"},\"description\":\"Journaliste\/r\u00e9dacteur depuis 2014 - Fan de la classe de Frank Vandenbroucke, je vis cyclisme (et de ses paysages) depuis plus de 20 ans. Je suis tr\u00e8s impliqu\u00e9 sur mes diff\u00e9rents r\u00e9seaux sociaux pour partager ma passion sur le monde et l'Histoire de la bicyclette avec ma voix sur les images en noir et blanc du succ\u00e8s de Rik Van Steenbergen lors du Ronde sur le V\u00e9lodrome de Gand.\",\"sameAs\":[\"https:\/\/www.facebook.com\/groups\/LesRoisDuPeloton\",\"https:\/\/x.com\/https:\/\/twitter.com\/LRoisDuPeloton\"],\"url\":\"https:\/\/dicodusport.fr\/blog\/author\/emiliend\/\"}]}<\/script>\n<!-- \/ Yoast SEO Premium plugin. -->","yoast_head_json":{"title":"Tirreno-Adriatico 2024 : Le g\u00e9n\u00e9ral pour Jonas Vingegaard, Jonathan Milan s'adjuge la derni\u00e8re \u00e9tape","description":"TIRRENO-ADRIATICO 2024 - Jonathan Milan (Lidl-Trek) a remport\u00e9 la septi\u00e8me et derni\u00e8re \u00e9tape. Jonas Vingegaard (Visma Lease a Bike) a gagn\u00e9 le classement g\u00e9n\u00e9ral final.\u00a0","robots":{"index":"index","follow":"follow","max-snippet":"max-snippet:-1","max-image-preview":"max-image-preview:large","max-video-preview":"max-video-preview:-1"},"canonical":"https:\/\/dicodusport.fr\/blog\/tirreno-adriatico-2024-le-general-pour-jonas-vingegaard-jonathan-milan-sadjuge-la-derniere-etape\/","og_locale":"fr_FR","og_type":"article","og_title":"Tirreno-Adriatico 2024 : Le g\u00e9n\u00e9ral pour Jonas Vingegaard, Jonathan Milan s'adjuge la derni\u00e8re \u00e9tape","og_description":"TIRRENO-ADRIATICO 2024 - Jonathan Milan (Lidl-Trek) a remport\u00e9 la septi\u00e8me et derni\u00e8re \u00e9tape. Jonas Vingegaard (Visma Lease a Bike) a gagn\u00e9 le classement g\u00e9n\u00e9ral final.\u00a0","og_url":"https:\/\/dicodusport.fr\/blog\/tirreno-adriatico-2024-le-general-pour-jonas-vingegaard-jonathan-milan-sadjuge-la-derniere-etape\/","og_site_name":"Dicodusport","article_publisher":"https:\/\/www.facebook.com\/dicodusport","article_author":"https:\/\/www.facebook.com\/groups\/LesRoisDuPeloton","article_published_time":"2024-03-10T15:17:05+00:00","article_modified_time":"2024-03-10T16:09:40+00:00","og_image":[{"width":1200,"height":674,"url":"https:\/\/dicodusport.fr\/blog\/wp-content\/uploads\/2024\/03\/Tirreno-Adriatico-2024-Le-general-pour-Jonas-Vingegaard-Jonathan-Milan-sadjuge-la-derniere-etape-1.png","type":"image\/png"}],"author":"Emilien Descampiaux","twitter_card":"summary_large_image","twitter_title":"Tirreno-Adriatico 2024 : Le g\u00e9n\u00e9ral pour Jonas Vingegaard, Jonathan Milan s'adjuge la derni\u00e8re \u00e9tape","twitter_creator":"@https:\/\/twitter.com\/LRoisDuPeloton","twitter_site":"@dicodusport","schema":{"@context":"https:\/\/schema.org","@graph":[{"@type":"NewsArticle","@id":"https:\/\/dicodusport.fr\/blog\/tirreno-adriatico-2024-le-general-pour-jonas-vingegaard-jonathan-milan-sadjuge-la-derniere-etape\/#article","isPartOf":{"@id":"https:\/\/dicodusport.fr\/blog\/tirreno-adriatico-2024-le-general-pour-jonas-vingegaard-jonathan-milan-sadjuge-la-derniere-etape\/"},"author":{"name":"Emilien Descampiaux","@id":"https:\/\/dicodusport.fr\/blog\/#\/schema\/person\/6db4bae06b171592211be385b32876a7"},"headline":"Tirreno-Adriatico 2024 : Le g\u00e9n\u00e9ral pour Jonas Vingegaard, Jonathan Milan s&rsquo;adjuge la derni\u00e8re \u00e9tape","datePublished":"2024-03-10T15:17:05+00:00","dateModified":"2024-03-10T16:09:40+00:00","mainEntityOfPage":{"@id":"https:\/\/dicodusport.fr\/blog\/tirreno-adriatico-2024-le-general-pour-jonas-vingegaard-jonathan-milan-sadjuge-la-derniere-etape\/"},"wordCount":467,"commentCount":0,"publisher":{"@id":"https:\/\/dicodusport.fr\/blog\/#organization"},"image":{"@id":"https:\/\/dicodusport.fr\/blog\/tirreno-adriatico-2024-le-general-pour-jonas-vingegaard-jonathan-milan-sadjuge-la-derniere-etape\/#primaryimage"},"thumbnailUrl":"https:\/\/dicodusport.fr\/blog\/wp-content\/uploads\/2024\/03\/Tirreno-Adriatico-2024-Le-general-pour-Jonas-Vingegaard-Jonathan-Milan-sadjuge-la-derniere-etape-1.png","keywords":["br\u00e8ve","Cyclisme","Tirreno-Adriatico"],"articleSection":["Cyclisme sur route"],"inLanguage":"fr-FR","potentialAction":[{"@type":"CommentAction","name":"Comment","target":["https:\/\/dicodusport.fr\/blog\/tirreno-adriatico-2024-le-general-pour-jonas-vingegaard-jonathan-milan-sadjuge-la-derniere-etape\/#respond"]}],"copyrightYear":"2024","copyrightHolder":{"@id":"https:\/\/dicodusport.fr\/blog\/#organization"}},{"@type":"WebPage","@id":"https:\/\/dicodusport.fr\/blog\/tirreno-adriatico-2024-le-general-pour-jonas-vingegaard-jonathan-milan-sadjuge-la-derniere-etape\/","url":"https:\/\/dicodusport.fr\/blog\/tirreno-adriatico-2024-le-general-pour-jonas-vingegaard-jonathan-milan-sadjuge-la-derniere-etape\/","name":"Tirreno-Adriatico 2024 : Le g\u00e9n\u00e9ral pour Jonas Vingegaard, Jonathan Milan s'adjuge la derni\u00e8re \u00e9tape","isPartOf":{"@id":"https:\/\/dicodusport.fr\/blog\/#website"},"primaryImageOfPage":{"@id":"https:\/\/dicodusport.fr\/blog\/tirreno-adriatico-2024-le-general-pour-jonas-vingegaard-jonathan-milan-sadjuge-la-derniere-etape\/#primaryimage"},"image":{"@id":"https:\/\/dicodusport.fr\/blog\/tirreno-adriatico-2024-le-general-pour-jonas-vingegaard-jonathan-milan-sadjuge-la-derniere-etape\/#primaryimage"},"thumbnailUrl":"https:\/\/dicodusport.fr\/blog\/wp-content\/uploads\/2024\/03\/Tirreno-Adriatico-2024-Le-general-pour-Jonas-Vingegaard-Jonathan-Milan-sadjuge-la-derniere-etape-1.png","datePublished":"2024-03-10T15:17:05+00:00","dateModified":"2024-03-10T16:09:40+00:00","description":"TIRRENO-ADRIATICO 2024 - Jonathan Milan (Lidl-Trek) a remport\u00e9 la septi\u00e8me et derni\u00e8re \u00e9tape. Jonas Vingegaard (Visma Lease a Bike) a gagn\u00e9 le classement g\u00e9n\u00e9ral final.\u00a0","breadcrumb":{"@id":"https:\/\/dicodusport.fr\/blog\/tirreno-adriatico-2024-le-general-pour-jonas-vingegaard-jonathan-milan-sadjuge-la-derniere-etape\/#breadcrumb"},"inLanguage":"fr-FR","potentialAction":[{"@type":"ReadAction","target":["https:\/\/dicodusport.fr\/blog\/tirreno-adriatico-2024-le-general-pour-jonas-vingegaard-jonathan-milan-sadjuge-la-derniere-etape\/"]}]},{"@type":"ImageObject","inLanguage":"fr-FR","@id":"https:\/\/dicodusport.fr\/blog\/tirreno-adriatico-2024-le-general-pour-jonas-vingegaard-jonathan-milan-sadjuge-la-derniere-etape\/#primaryimage","url":"https:\/\/dicodusport.fr\/blog\/wp-content\/uploads\/2024\/03\/Tirreno-Adriatico-2024-Le-general-pour-Jonas-Vingegaard-Jonathan-Milan-sadjuge-la-derniere-etape-1.png","contentUrl":"https:\/\/dicodusport.fr\/blog\/wp-content\/uploads\/2024\/03\/Tirreno-Adriatico-2024-Le-general-pour-Jonas-Vingegaard-Jonathan-Milan-sadjuge-la-derniere-etape-1.png","width":1200,"height":674,"caption":"Tirreno-Adriatico 2024 Le g\u00e9n\u00e9ral pour Jonas Vingegaard, Jonathan Milan s'adjuge la derni\u00e8re \u00e9tape (1)"},{"@type":"BreadcrumbList","@id":"https:\/\/dicodusport.fr\/blog\/tirreno-adriatico-2024-le-general-pour-jonas-vingegaard-jonathan-milan-sadjuge-la-derniere-etape\/#breadcrumb","itemListElement":[{"@type":"ListItem","position":1,"name":"Accueil","item":"https:\/\/dicodusport.fr\/blog\/"},{"@type":"ListItem","position":2,"name":"Tirreno-Adriatico 2024 : Le g\u00e9n\u00e9ral pour Jonas Vingegaard, Jonathan Milan s&rsquo;adjuge la derni\u00e8re \u00e9tape"}]},{"@type":"WebSite","@id":"https:\/\/dicodusport.fr\/blog\/#website","url":"https:\/\/dicodusport.fr\/blog\/","name":"Dicodusport","description":"L&#039;encyclop\u00e9die de l&#039;actualit\u00e9 sportive","publisher":{"@id":"https:\/\/dicodusport.fr\/blog\/#organization"},"potentialAction":[{"@type":"SearchAction","target":{"@type":"EntryPoint","urlTemplate":"https:\/\/dicodusport.fr\/blog\/?s={search_term_string}"},"query-input":{"@type":"PropertyValueSpecification","valueRequired":true,"valueName":"search_term_string"}}],"inLanguage":"fr-FR"},{"@type":"NewsMediaOrganization","@id":"https:\/\/dicodusport.fr\/blog\/#organization","name":"Dicodusport","url":"https:\/\/dicodusport.fr\/blog\/","logo":{"@type":"ImageObject","inLanguage":"fr-FR","@id":"https:\/\/dicodusport.fr\/blog\/#\/schema\/logo\/image\/","url":"https:\/\/dicodusport.fr\/blog\/wp-content\/uploads\/2020\/06\/cropped-LOGO-DICODUSPORT-2020-SANS-FOND-SANS-TEXTE.png","contentUrl":"https:\/\/dicodusport.fr\/blog\/wp-content\/uploads\/2020\/06\/cropped-LOGO-DICODUSPORT-2020-SANS-FOND-SANS-TEXTE.png","width":512,"height":512,"caption":"Dicodusport"},"image":{"@id":"https:\/\/dicodusport.fr\/blog\/#\/schema\/logo\/image\/"},"sameAs":["https:\/\/www.facebook.com\/dicodusport","https:\/\/x.com\/dicodusport","https:\/\/www.instagram.com\/dicodusport\/","https:\/\/www.youtube.com\/channel\/UC7V2KZ5sd3htJivAbA4ZG3w"],"description":"Dicodusport est l'encyclop\u00e9die de l'actualit\u00e9 sportive.","email":"bonjour@dicodusport.fr","legalName":"DICODUSPORT","foundingDate":"2018-01-14","vatID":"FR71834470973","taxID":"83447097300043","numberOfEmployees":{"@type":"QuantitativeValue","minValue":"1","maxValue":"10"}},{"@type":"Person","@id":"https:\/\/dicodusport.fr\/blog\/#\/schema\/person\/6db4bae06b171592211be385b32876a7","name":"Emilien Descampiaux","image":{"@type":"ImageObject","inLanguage":"fr-FR","@id":"https:\/\/dicodusport.fr\/blog\/#\/schema\/person\/image\/","url":"https:\/\/dicodusport.fr\/blog\/wp-content\/uploads\/2021\/05\/Emilien-Descampiaux-150x150.jpg","contentUrl":"https:\/\/dicodusport.fr\/blog\/wp-content\/uploads\/2021\/05\/Emilien-Descampiaux-150x150.jpg","caption":"Emilien Descampiaux"},"description":"Journaliste\/r\u00e9dacteur depuis 2014 - Fan de la classe de Frank Vandenbroucke, je vis cyclisme (et de ses paysages) depuis plus de 20 ans. Je suis tr\u00e8s impliqu\u00e9 sur mes diff\u00e9rents r\u00e9seaux sociaux pour partager ma passion sur le monde et l'Histoire de la bicyclette avec ma voix sur les images en noir et blanc du succ\u00e8s de Rik Van Steenbergen lors du Ronde sur le V\u00e9lodrome de Gand.","sameAs":["https:\/\/www.facebook.com\/groups\/LesRoisDuPeloton","https:\/\/x.com\/https:\/\/twitter.com\/LRoisDuPeloton"],"url":"https:\/\/dicodusport.fr\/blog\/author\/emiliend\/"}]}},"_links":{"self":[{"href":"https:\/\/dicodusport.fr\/blog\/wp-json\/wp\/v2\/posts\/471031","targetHints":{"allow":["GET"]}}],"collection":[{"href":"https:\/\/dicodusport.fr\/blog\/wp-json\/wp\/v2\/posts"}],"about":[{"href":"https:\/\/dicodusport.fr\/blog\/wp-json\/wp\/v2\/types\/post"}],"author":[{"embeddable":true,"href":"https:\/\/dicodusport.fr\/blog\/wp-json\/wp\/v2\/users\/48"}],"replies":[{"embeddable":true,"href":"https:\/\/dicodusport.fr\/blog\/wp-json\/wp\/v2\/comments?post=471031"}],"version-history":[{"count":5,"href":"https:\/\/dicodusport.fr\/blog\/wp-json\/wp\/v2\/posts\/471031\/revisions"}],"predecessor-version":[{"id":471107,"href":"https:\/\/dicodusport.fr\/blog\/wp-json\/wp\/v2\/posts\/471031\/revisions\/471107"}],"wp:featuredmedia":[{"embeddable":true,"href":"https:\/\/dicodusport.fr\/blog\/wp-json\/wp\/v2\/media\/471106"}],"wp:attachment":[{"href":"https:\/\/dicodusport.fr\/blog\/wp-json\/wp\/v2\/media?parent=471031"}],"wp:term":[{"taxonomy":"category","embeddable":true,"href":"https:\/\/dicodusport.fr\/blog\/wp-json\/wp\/v2\/categories?post=471031"},{"taxonomy":"post_tag","embeddable":true,"href":"https:\/\/dicodusport.fr\/blog\/wp-json\/wp\/v2\/tags?post=471031"}],"curies":[{"name":"wp","href":"https:\/\/api.w.org\/{rel}","templated":true}]}}