{"id":471204,"date":"2024-03-11T08:35:14","date_gmt":"2024-03-11T07:35:14","guid":{"rendered":"https:\/\/dicodusport.fr\/blog\/?p=471204&#038;preview=true&#038;preview_id=471204"},"modified":"2024-03-11T08:35:14","modified_gmt":"2024-03-11T07:35:14","slug":"cyclisme-vingegaard-jorgenson-milan-le-barometre-de-la-semaine-du-4-au-10-mars","status":"publish","type":"post","link":"https:\/\/dicodusport.fr\/blog\/cyclisme-vingegaard-jorgenson-milan-le-barometre-de-la-semaine-du-4-au-10-mars\/","title":{"rendered":"Cyclisme : Vingegaard, Jorgenson, Milan, le barom\u00e8tre de la semaine du 4 au 10 mars"},"content":{"rendered":"<p style=\"text-align: justify;\"><strong><em>CYCLISME SUR ROUTE 2024 &#8211; Vingegaard, Jorgenson, Milan : retrouvez le barom\u00e8tre Dicodusport de la semaine de cyclisme. D\u00e9couvrez les hauts et les bas de la semaine du 4 au 10 mars.<\/em><\/strong><\/p>\n<ul>\n<li style=\"text-align: justify;\"><strong>\u00c0 ce sujet &#8211; <a href=\"https:\/\/dicodusport.fr\/blog\/actualites\/cyclisme\/cyclisme-sur-route-2024\/\">L&rsquo;actualit\u00e9 du cyclisme sur route<\/a><\/strong><\/li>\n<\/ul>\n<h2>En hausse<\/h2>\n<h3 style=\"text-align: justify;\">Jonas Vingegaard (Visma-Lease a bike)<\/h3>\n<p style=\"text-align: justify;\">Le Danois continue d&rsquo;impressionner. Apr\u00e8s sa razzia sur <a href=\"https:\/\/dicodusport.fr\/blog\/gran-camino-2024-classement-general\/\">O Gran Camino<\/a>, il a martyris\u00e9 la concurrence sur <a href=\"https:\/\/dicodusport.fr\/blog\/tirreno-adriatico-2024-classement-general\/\">Tirreno-Adriatico<\/a>. Dont il remporte le classement g\u00e9n\u00e9ral, avec deux succ\u00e8s d&rsquo;\u00e9tape en bonus. \u00c0 chaque attaque dans les cols, il a laiss\u00e9 sur place ses adversaires. Personne n&rsquo;a pu suivre la roue du double tenant du titre sur le Tour de France. Laissant cette impression d\u00e9j\u00e0 vue et revue en 2023, d\u00e8s que la route s&rsquo;\u00e9l\u00e8ve. Avec cette m\u00eame conclusion. L&rsquo;impression que seul<strong> Tadej Pogacar<\/strong> (UAE-Team Emirates) peut aller le chercher. Pour l&rsquo;heure, cela promet un suspense moindre sur la Grande Boucle, m\u00eame si la route est longue jusqu&rsquo;\u00e0 juillet.<\/p>\n<h3 style=\"text-align: justify;\">Matteo Jorgenson (Visma-Lease a bike)<\/h3>\n<p style=\"text-align: justify;\">La semaine aurait pu \u00eatre pire pour la Jumbo-Visma. Qui s&rsquo;offre <a href=\"https:\/\/dicodusport.fr\/blog\/paris-nice-2024-classement-general\/\">Paris-Nice<\/a> gr\u00e2ce \u00e0 sa recrue am\u00e9ricaine. Qui a \u00e9t\u00e9 impressionnant de maitrise. \u00c9videmment moins imp\u00e9rial qu&rsquo;un Jonas Vingegaard, il a fait parler sa r\u00e9gularit\u00e9, m\u00eame s&rsquo;il ne gagne pas d&rsquo;\u00e9tapes. Il a \u00e9t\u00e9 le seul capable de suivre toutes les attaques et a fini par faire plier<strong> Brandon McNulty<\/strong> (UAE Team Emirates), encore porteur du maillot jaune au matin de la derni\u00e8re \u00e9tape. On se souviendra aussi que c&rsquo;est lui qui provoque l&rsquo;attaque d\u00e9cisive, lors de la 6e \u00e9tape. Reprenant beaucoup de temps \u00e0 un<strong> Remco Evenepoel<\/strong> (Soudal Quick-Step). Le Belge n&rsquo;arrivera jamais \u00e0 le l\u00e2cher.<\/p>\n<div class=\"vlp-link-container vlp-layout-article\"><a href=\"https:\/\/dicodusport.fr\/blog\/paris-nice-2024-le-general-pour-matteo-jorgenson-la-derniere-etape-pour-remco-evenepoel\/\" class=\"vlp-link\" title=\"Paris-Nice 2024 : Le g\u00e9n\u00e9ral pour Matteo Jorgenson, la derni\u00e8re \u00e9tape pour Remco Evenepoel\"><\/a><div class=\"vlp-layout-zone-side\"><div class=\"vlp-block-4 vlp-link-image\"><img loading=\"lazy\" decoding=\"async\" style=\"max-width: 792px;\" width=\"792\" height=\"445\" src=\"https:\/\/dicodusport.fr\/blog\/wp-content\/uploads\/2024\/03\/Paris-Nice-2024-Le-general-pour-Matteo-Jorgenson-la-derniere-etape-pour-Remco-Evenepoel-1.png\" class=\"attachment-800x445 size-800x445\" alt=\"Paris-Nice 2024 Le g\u00e9n\u00e9ral pour Matteo Jorgenson, la derni\u00e8re \u00e9tape pour Remco Evenepoel (1)\" srcset=\"https:\/\/dicodusport.fr\/blog\/wp-content\/uploads\/2024\/03\/Paris-Nice-2024-Le-general-pour-Matteo-Jorgenson-la-derniere-etape-pour-Remco-Evenepoel-1.png 1200w, https:\/\/dicodusport.fr\/blog\/wp-content\/uploads\/2024\/03\/Paris-Nice-2024-Le-general-pour-Matteo-Jorgenson-la-derniere-etape-pour-Remco-Evenepoel-1-300x169.png 300w, https:\/\/dicodusport.fr\/blog\/wp-content\/uploads\/2024\/03\/Paris-Nice-2024-Le-general-pour-Matteo-Jorgenson-la-derniere-etape-pour-Remco-Evenepoel-1-1024x575.png 1024w, https:\/\/dicodusport.fr\/blog\/wp-content\/uploads\/2024\/03\/Paris-Nice-2024-Le-general-pour-Matteo-Jorgenson-la-derniere-etape-pour-Remco-Evenepoel-1-768x431.png 768w\" sizes=\"auto, (max-width: 792px) 100vw, 792px\" \/><\/div><\/div><div class=\"vlp-layout-zone-main\"><div class=\"vlp-block-0 vlp-link-title\">Paris-Nice 2024 : Le g\u00e9n\u00e9ral pour Matteo Jorgenson, la derni\u00e8re \u00e9tape pour Remco Evenepoel<\/div><div class=\"vlp-block-1 vlp-link-summary\">PARIS-NICE 2024 - Remco Evenepoel (Soudal Quick-Step) a gagn\u00e9 la 8\u00e8me et derni\u00e8re \u00e9tape de Paris-Nice 2024, autour de Nice. Matteo Jorgenson (Visma Lease a Bike) s'est adjug\u00e9 le classement g\u00e9n\u00e9ral.\u00a0<\/div><div class=\"vlp-block-2 vlp-link-button\">Lire l'article<\/div><div class=\"vlp-block-3 vlp-link-url\">dicodusport.fr<\/div><\/div><\/div>\n<h3 style=\"text-align: justify;\">Jonathan Milan (Lidl-Trek)<\/h3>\n<p style=\"text-align: justify;\">Deux victoires, deux podiums. Le jeune italien s&rsquo;est affirm\u00e9 comme le meilleur sprinteur de ce Tirreno-Adriatico. Dominant par deux fois un<strong> Jasper Philipsen<\/strong> (Alpecin-Deceuninck) qui s&rsquo;est retrouv\u00e9 sans solutions ce dimanche, lors de la derni\u00e8re \u00e9tape. S&rsquo;il a encore du mal parfois \u00e0 se placer, le Transalpin a encore franchi un cap dans la puissance qu&rsquo;il d\u00e9gage. Capable de s&rsquo;accrocher sur les sprints compliqu\u00e9s. De quoi en faire un outsider pour Milan San-Remo ? Pourquoi pas.<\/p>\n<div class=\"vlp-link-container vlp-layout-article\"><a href=\"https:\/\/dicodusport.fr\/blog\/tirreno-adriatico-2024-le-general-pour-jonas-vingegaard-jonathan-milan-sadjuge-la-derniere-etape\/\" class=\"vlp-link\" title=\"Tirreno-Adriatico 2024 : Le g\u00e9n\u00e9ral pour Jonas Vingegaard, Jonathan Milan s&#039;adjuge la derni\u00e8re \u00e9tape\"><\/a><div class=\"vlp-layout-zone-side\"><div class=\"vlp-block-4 vlp-link-image\"><img loading=\"lazy\" decoding=\"async\" style=\"max-width: 792px;\" width=\"792\" height=\"445\" src=\"https:\/\/dicodusport.fr\/blog\/wp-content\/uploads\/2024\/03\/Tirreno-Adriatico-2024-Le-general-pour-Jonas-Vingegaard-Jonathan-Milan-sadjuge-la-derniere-etape-1.png\" class=\"attachment-800x445 size-800x445\" alt=\"Tirreno-Adriatico 2024 Le g\u00e9n\u00e9ral pour Jonas Vingegaard, Jonathan Milan s&#039;adjuge la derni\u00e8re \u00e9tape (1)\" srcset=\"https:\/\/dicodusport.fr\/blog\/wp-content\/uploads\/2024\/03\/Tirreno-Adriatico-2024-Le-general-pour-Jonas-Vingegaard-Jonathan-Milan-sadjuge-la-derniere-etape-1.png 1200w, https:\/\/dicodusport.fr\/blog\/wp-content\/uploads\/2024\/03\/Tirreno-Adriatico-2024-Le-general-pour-Jonas-Vingegaard-Jonathan-Milan-sadjuge-la-derniere-etape-1-300x169.png 300w, https:\/\/dicodusport.fr\/blog\/wp-content\/uploads\/2024\/03\/Tirreno-Adriatico-2024-Le-general-pour-Jonas-Vingegaard-Jonathan-Milan-sadjuge-la-derniere-etape-1-1024x575.png 1024w, https:\/\/dicodusport.fr\/blog\/wp-content\/uploads\/2024\/03\/Tirreno-Adriatico-2024-Le-general-pour-Jonas-Vingegaard-Jonathan-Milan-sadjuge-la-derniere-etape-1-768x431.png 768w\" sizes=\"auto, (max-width: 792px) 100vw, 792px\" \/><\/div><\/div><div class=\"vlp-layout-zone-main\"><div class=\"vlp-block-0 vlp-link-title\">Tirreno-Adriatico 2024 : Le g\u00e9n\u00e9ral pour Jonas Vingegaard, Jonathan Milan s'adjuge la derni\u00e8re \u00e9tape<\/div><div class=\"vlp-block-1 vlp-link-summary\">TIRRENO-ADRIATICO 2024 - Jonathan Milan (Lidl-Trek) a remport\u00e9 la septi\u00e8me et derni\u00e8re \u00e9tape de la 59e \u00e9dition de Tirreno-Adriatico, \u00e0 San Benedetto del Trento, dimanche. Jonas Vingegaard (Visma Lease a Bike) a gagn\u00e9 le classement g\u00e9n\u00e9ral final.\u00a0<\/div><div class=\"vlp-block-2 vlp-link-button\">Lire l'article<\/div><div class=\"vlp-block-3 vlp-link-url\">dicodusport.fr<\/div><\/div><\/div>\n<h2 style=\"text-align: justify;\">En baisse<\/h2>\n<h3 style=\"text-align: justify;\">David Gaudu (Groupama-FDJ)<\/h3>\n<p style=\"text-align: justify;\">Le Fran\u00e7ais a \u00e9t\u00e9 loin, tr\u00e8s loin de son niveau de 2023, sur Paris-Nice 2024. Une chute, sur une erreur de d\u00e9butant, beaucoup de temps perdu sur l&rsquo;\u00e9tape du Mont Brouilly. Et des stigmates jusqu&rsquo;\u00e0 cet abandon ce dimanche. \u00c0 l&rsquo;image d&rsquo;un d\u00e9but de saison travers\u00e9 comme un fant\u00f4me par le grimpeur de la Groupama-FDJ. Le temps passe et le mois de mars est d\u00e9j\u00e0 bien entam\u00e9. Et s&rsquo;il veut briller sur les classiques, il va devoir monter son niveau. M\u00eame avant sa chute, les signes de forme \u00e9taient loin d&rsquo;\u00eatre l\u00e0. C&rsquo;est inqui\u00e9tant, m\u00eame s&rsquo;il reste du temps avant les Ardennaises. Et encore plus avant le Tour de France.<\/p>\n<blockquote class=\"twitter-tweet\">\n<p dir=\"ltr\" lang=\"fr\">\ud83c\uddeb\ud83c\uddf7\ud83d\ude2c Oh l&rsquo;erreur : David Gaudu chute en voulant enlever sa veste !<\/p>\n<p>Suivez <a href=\"https:\/\/twitter.com\/hashtag\/ParisNice?src=hash&amp;ref_src=twsrc%5Etfw\">#ParisNice<\/a> en int\u00e9gralit\u00e9 sur Eurosport avec <a href=\"https:\/\/twitter.com\/hashtag\/LesRP?src=hash&amp;ref_src=twsrc%5Etfw\">#LesRP<\/a> <a href=\"https:\/\/t.co\/9BvCpoIFhg\">https:\/\/t.co\/9BvCpoIFhg<\/a> <a href=\"https:\/\/t.co\/2uqcJzuo9I\">pic.twitter.com\/2uqcJzuo9I<\/a><\/p>\n<p>\u2014 Eurosport France (@Eurosport_FR) <a href=\"https:\/\/twitter.com\/Eurosport_FR\/status\/1765392492373918160?ref_src=twsrc%5Etfw\">March 6, 2024<\/a><\/p><\/blockquote>\n<p><script async src=\"https:\/\/platform.twitter.com\/widgets.js\" charset=\"utf-8\"><\/script><\/p>\n<h3 style=\"text-align: justify;\">Joao Almeida (UAE Team-Emirates)<\/h3>\n<p style=\"text-align: justify;\">Dans une \u00e9quipe UAE-Team Emirates avec une panoplie de grimpeurs, le Portugais a perdu gros. Dixi\u00e8me de Paris-Nice, a plus de six minutes du vainqueur. Il n&rsquo;a jamais pes\u00e9 sur la course, pendant que son co\u00e9quipier <strong>Brandon McNulty<\/strong> a lutt\u00e9 jusque dans les derniers m\u00e8tres de la course, pour tenter de sauver son maillot jaune. Pendant que<strong> Juan Ayuso<\/strong> et <strong>Isaac Del Toro<\/strong> marquaient des points en Italie. Et on n&rsquo;a pas encore vu <strong>Adam Yates<\/strong> \u00e0 100 %. Align\u00e9 sur le Tour de France, le Portugais pourrait vite devenir qu&rsquo;un simple co\u00e9quipier, s&rsquo;il ne progresse pas d&rsquo;ici au mois de juillet. N\u00e9anmoins, ce n&rsquo;est pas la premi\u00e8re fois que son d\u00e9but de saison est modeste. Et il a souvent su \u00eatre l\u00e0 quand il le fallait.<\/p>\n<h3 style=\"text-align: justify;\">Fabio Jakobsen (Team DSM-Firmenich Post NL)<\/h3>\n<p style=\"text-align: justify;\">Une 18e place comme meilleure performance. On ne peut pas dire que le Tirreno-Adriatico du N\u00e9erlandais, transfuge de la Soudal-Quick Step, soit une r\u00e9ussite. Il n&rsquo;aura jamais pu se placer sur un sprint, alors qu&rsquo;il polarisait l&rsquo;attention de son \u00e9quipe. Domin\u00e9 sans m\u00eame combattre. Il \u00e9tait attendu au tournant, mais face \u00e0 un gros plateau, il n&rsquo;a pas exist\u00e9. Et va vite devoir apporter de meilleurs gages \u00e0 son \u00e9quipe.<\/p>\n","protected":false},"excerpt":{"rendered":"<p>CYCLISME SUR ROUTE 2024 &#8211; Vingegaard, Jorgenson, Milan : retrouvez le barom\u00e8tre Dicodusport de la semaine de cyclisme. D\u00e9couvrez les hauts et les bas de la semaine du 4 au 10 mars.<\/p>\n","protected":false},"author":83,"featured_media":471088,"comment_status":"open","ping_status":"closed","sticky":false,"template":"","format":"standard","meta":{"_acf_changed":false,"_daextam_enable_autolinks":"1","footnotes":""},"categories":[46994],"tags":[16878,574,3113,23293,17721,30969],"class_list":["post-471204","post","type-post","status-publish","format-standard","has-post-thumbnail","hentry","category-cyclisme-sur-route","tag-breve","tag-cyclisme","tag-david-gaudu","tag-joao-almeida","tag-jonas-vingegaard","tag-matteo-jorgenson"],"acf":[],"yoast_head":"<!-- This site is optimized with the Yoast SEO Premium plugin v26.7 (Yoast SEO v26.7) - https:\/\/yoast.com\/wordpress\/plugins\/seo\/ -->\n<title>Cyclisme : Vingegaard, Jorgenson, Milan, le barom\u00e8tre de la semaine du 4 au 10 mars<\/title>\n<meta name=\"description\" content=\"CYCLISME SUR ROUTE 2024 - Vingegaard, Jorgenson, Milan : retrouvez le barom\u00e8tre Dicodusport de la semaine de cyclisme.\" \/>\n<meta name=\"robots\" content=\"index, follow, max-snippet:-1, max-image-preview:large, max-video-preview:-1\" \/>\n<link rel=\"canonical\" href=\"https:\/\/dicodusport.fr\/blog\/cyclisme-vingegaard-jorgenson-milan-le-barometre-de-la-semaine-du-4-au-10-mars\/\" \/>\n<meta property=\"og:locale\" content=\"fr_FR\" \/>\n<meta property=\"og:type\" content=\"article\" \/>\n<meta property=\"og:title\" content=\"Cyclisme : Vingegaard, Jorgenson, Milan, le barom\u00e8tre de la semaine du 4 au 10 mars\" \/>\n<meta property=\"og:description\" content=\"CYCLISME SUR ROUTE 2024 - Vingegaard, Jorgenson, Milan : retrouvez le barom\u00e8tre Dicodusport de la semaine de cyclisme.\" \/>\n<meta property=\"og:url\" content=\"https:\/\/dicodusport.fr\/blog\/cyclisme-vingegaard-jorgenson-milan-le-barometre-de-la-semaine-du-4-au-10-mars\/\" \/>\n<meta property=\"og:site_name\" content=\"Dicodusport\" \/>\n<meta property=\"article:publisher\" content=\"https:\/\/www.facebook.com\/dicodusport\" \/>\n<meta property=\"article:published_time\" content=\"2024-03-11T07:35:14+00:00\" \/>\n<meta property=\"og:image\" content=\"https:\/\/dicodusport.fr\/blog\/wp-content\/uploads\/2024\/03\/Tirreno-Adriatico-2024-Le-general-pour-Jonas-Vingegaard-Jonathan-Milan-sadjuge-la-derniere-etape.png\" \/>\n\t<meta property=\"og:image:width\" content=\"1200\" \/>\n\t<meta property=\"og:image:height\" content=\"674\" \/>\n\t<meta property=\"og:image:type\" content=\"image\/png\" \/>\n<meta name=\"author\" content=\"Etienne Goursaud\" \/>\n<meta name=\"twitter:card\" content=\"summary_large_image\" \/>\n<meta name=\"twitter:title\" content=\"Cyclisme : Vingegaard, Jorgenson, Milan, le barom\u00e8tre de la semaine du 4 au 10 mars\" \/>\n<meta name=\"twitter:creator\" content=\"@dicodusport\" \/>\n<meta name=\"twitter:site\" content=\"@dicodusport\" \/>\n<script type=\"application\/ld+json\" class=\"yoast-schema-graph\">{\"@context\":\"https:\/\/schema.org\",\"@graph\":[{\"@type\":\"NewsArticle\",\"@id\":\"https:\/\/dicodusport.fr\/blog\/cyclisme-vingegaard-jorgenson-milan-le-barometre-de-la-semaine-du-4-au-10-mars\/#article\",\"isPartOf\":{\"@id\":\"https:\/\/dicodusport.fr\/blog\/cyclisme-vingegaard-jorgenson-milan-le-barometre-de-la-semaine-du-4-au-10-mars\/\"},\"author\":{\"name\":\"Etienne Goursaud\",\"@id\":\"https:\/\/dicodusport.fr\/blog\/#\/schema\/person\/d603dd7da31fb2b46c82b9835a77ec13\"},\"headline\":\"Cyclisme : Vingegaard, Jorgenson, Milan, le barom\u00e8tre de la semaine du 4 au 10 mars\",\"datePublished\":\"2024-03-11T07:35:14+00:00\",\"mainEntityOfPage\":{\"@id\":\"https:\/\/dicodusport.fr\/blog\/cyclisme-vingegaard-jorgenson-milan-le-barometre-de-la-semaine-du-4-au-10-mars\/\"},\"wordCount\":962,\"commentCount\":0,\"publisher\":{\"@id\":\"https:\/\/dicodusport.fr\/blog\/#organization\"},\"image\":{\"@id\":\"https:\/\/dicodusport.fr\/blog\/cyclisme-vingegaard-jorgenson-milan-le-barometre-de-la-semaine-du-4-au-10-mars\/#primaryimage\"},\"thumbnailUrl\":\"https:\/\/dicodusport.fr\/blog\/wp-content\/uploads\/2024\/03\/Tirreno-Adriatico-2024-Le-general-pour-Jonas-Vingegaard-Jonathan-Milan-sadjuge-la-derniere-etape.png\",\"keywords\":[\"br\u00e8ve\",\"Cyclisme\",\"David Gaudu\",\"Joao Almeida\",\"Jonas Vingegaard\",\"Matteo Jorgenson\"],\"articleSection\":[\"Cyclisme sur route\"],\"inLanguage\":\"fr-FR\",\"potentialAction\":[{\"@type\":\"CommentAction\",\"name\":\"Comment\",\"target\":[\"https:\/\/dicodusport.fr\/blog\/cyclisme-vingegaard-jorgenson-milan-le-barometre-de-la-semaine-du-4-au-10-mars\/#respond\"]}],\"copyrightYear\":\"2024\",\"copyrightHolder\":{\"@id\":\"https:\/\/dicodusport.fr\/blog\/#organization\"}},{\"@type\":\"WebPage\",\"@id\":\"https:\/\/dicodusport.fr\/blog\/cyclisme-vingegaard-jorgenson-milan-le-barometre-de-la-semaine-du-4-au-10-mars\/\",\"url\":\"https:\/\/dicodusport.fr\/blog\/cyclisme-vingegaard-jorgenson-milan-le-barometre-de-la-semaine-du-4-au-10-mars\/\",\"name\":\"Cyclisme : Vingegaard, Jorgenson, Milan, le barom\u00e8tre de la semaine du 4 au 10 mars\",\"isPartOf\":{\"@id\":\"https:\/\/dicodusport.fr\/blog\/#website\"},\"primaryImageOfPage\":{\"@id\":\"https:\/\/dicodusport.fr\/blog\/cyclisme-vingegaard-jorgenson-milan-le-barometre-de-la-semaine-du-4-au-10-mars\/#primaryimage\"},\"image\":{\"@id\":\"https:\/\/dicodusport.fr\/blog\/cyclisme-vingegaard-jorgenson-milan-le-barometre-de-la-semaine-du-4-au-10-mars\/#primaryimage\"},\"thumbnailUrl\":\"https:\/\/dicodusport.fr\/blog\/wp-content\/uploads\/2024\/03\/Tirreno-Adriatico-2024-Le-general-pour-Jonas-Vingegaard-Jonathan-Milan-sadjuge-la-derniere-etape.png\",\"datePublished\":\"2024-03-11T07:35:14+00:00\",\"description\":\"CYCLISME SUR ROUTE 2024 - Vingegaard, Jorgenson, Milan : retrouvez le barom\u00e8tre Dicodusport de la semaine de cyclisme.\",\"breadcrumb\":{\"@id\":\"https:\/\/dicodusport.fr\/blog\/cyclisme-vingegaard-jorgenson-milan-le-barometre-de-la-semaine-du-4-au-10-mars\/#breadcrumb\"},\"inLanguage\":\"fr-FR\",\"potentialAction\":[{\"@type\":\"ReadAction\",\"target\":[\"https:\/\/dicodusport.fr\/blog\/cyclisme-vingegaard-jorgenson-milan-le-barometre-de-la-semaine-du-4-au-10-mars\/\"]}]},{\"@type\":\"ImageObject\",\"inLanguage\":\"fr-FR\",\"@id\":\"https:\/\/dicodusport.fr\/blog\/cyclisme-vingegaard-jorgenson-milan-le-barometre-de-la-semaine-du-4-au-10-mars\/#primaryimage\",\"url\":\"https:\/\/dicodusport.fr\/blog\/wp-content\/uploads\/2024\/03\/Tirreno-Adriatico-2024-Le-general-pour-Jonas-Vingegaard-Jonathan-Milan-sadjuge-la-derniere-etape.png\",\"contentUrl\":\"https:\/\/dicodusport.fr\/blog\/wp-content\/uploads\/2024\/03\/Tirreno-Adriatico-2024-Le-general-pour-Jonas-Vingegaard-Jonathan-Milan-sadjuge-la-derniere-etape.png\",\"width\":1200,\"height\":674,\"caption\":\"Cyclisme : Vingegaard, Jorgenson, Milan, le barom\u00e8tre de la semaine du 4 au 10 mars\"},{\"@type\":\"BreadcrumbList\",\"@id\":\"https:\/\/dicodusport.fr\/blog\/cyclisme-vingegaard-jorgenson-milan-le-barometre-de-la-semaine-du-4-au-10-mars\/#breadcrumb\",\"itemListElement\":[{\"@type\":\"ListItem\",\"position\":1,\"name\":\"Accueil\",\"item\":\"https:\/\/dicodusport.fr\/blog\/\"},{\"@type\":\"ListItem\",\"position\":2,\"name\":\"Cyclisme : Vingegaard, Jorgenson, Milan, le barom\u00e8tre de la semaine du 4 au 10 mars\"}]},{\"@type\":\"WebSite\",\"@id\":\"https:\/\/dicodusport.fr\/blog\/#website\",\"url\":\"https:\/\/dicodusport.fr\/blog\/\",\"name\":\"Dicodusport\",\"description\":\"L&#039;encyclop\u00e9die de l&#039;actualit\u00e9 sportive\",\"publisher\":{\"@id\":\"https:\/\/dicodusport.fr\/blog\/#organization\"},\"potentialAction\":[{\"@type\":\"SearchAction\",\"target\":{\"@type\":\"EntryPoint\",\"urlTemplate\":\"https:\/\/dicodusport.fr\/blog\/?s={search_term_string}\"},\"query-input\":{\"@type\":\"PropertyValueSpecification\",\"valueRequired\":true,\"valueName\":\"search_term_string\"}}],\"inLanguage\":\"fr-FR\"},{\"@type\":\"NewsMediaOrganization\",\"@id\":\"https:\/\/dicodusport.fr\/blog\/#organization\",\"name\":\"Dicodusport\",\"url\":\"https:\/\/dicodusport.fr\/blog\/\",\"logo\":{\"@type\":\"ImageObject\",\"inLanguage\":\"fr-FR\",\"@id\":\"https:\/\/dicodusport.fr\/blog\/#\/schema\/logo\/image\/\",\"url\":\"https:\/\/dicodusport.fr\/blog\/wp-content\/uploads\/2020\/06\/cropped-LOGO-DICODUSPORT-2020-SANS-FOND-SANS-TEXTE.png\",\"contentUrl\":\"https:\/\/dicodusport.fr\/blog\/wp-content\/uploads\/2020\/06\/cropped-LOGO-DICODUSPORT-2020-SANS-FOND-SANS-TEXTE.png\",\"width\":512,\"height\":512,\"caption\":\"Dicodusport\"},\"image\":{\"@id\":\"https:\/\/dicodusport.fr\/blog\/#\/schema\/logo\/image\/\"},\"sameAs\":[\"https:\/\/www.facebook.com\/dicodusport\",\"https:\/\/x.com\/dicodusport\",\"https:\/\/www.instagram.com\/dicodusport\/\",\"https:\/\/www.youtube.com\/channel\/UC7V2KZ5sd3htJivAbA4ZG3w\"],\"description\":\"Dicodusport est l'encyclop\u00e9die de l'actualit\u00e9 sportive.\",\"email\":\"bonjour@dicodusport.fr\",\"legalName\":\"DICODUSPORT\",\"foundingDate\":\"2018-01-14\",\"vatID\":\"FR71834470973\",\"taxID\":\"83447097300043\",\"numberOfEmployees\":{\"@type\":\"QuantitativeValue\",\"minValue\":\"1\",\"maxValue\":\"10\"}},{\"@type\":\"Person\",\"@id\":\"https:\/\/dicodusport.fr\/blog\/#\/schema\/person\/d603dd7da31fb2b46c82b9835a77ec13\",\"name\":\"Etienne Goursaud\",\"image\":{\"@type\":\"ImageObject\",\"inLanguage\":\"fr-FR\",\"@id\":\"https:\/\/dicodusport.fr\/blog\/#\/schema\/person\/image\/\",\"url\":\"https:\/\/dicodusport.fr\/blog\/wp-content\/uploads\/2023\/12\/410122264_10231602061736049_5565839791558026645_n-150x150.jpg\",\"contentUrl\":\"https:\/\/dicodusport.fr\/blog\/wp-content\/uploads\/2023\/12\/410122264_10231602061736049_5565839791558026645_n-150x150.jpg\",\"caption\":\"Etienne Goursaud\"},\"description\":\"Journaliste et amoureux de sport. Ancien footballeur reconverti athl\u00e8te quand ses muscles le laissent tranquille. \u00c9lev\u00e9 \u00e0 la sauce des exploits de Thomas Voeckler en 2004, du dernier essai de l\u00e9gende de Eunice Barber \u00e0 la longueur lors des championnats du monde d'athl\u00e9tisme de 2003 mais aussi Zidane, Omeyer et Titou Lamaison.\",\"url\":\"https:\/\/dicodusport.fr\/blog\/author\/etienne-goursaud\/\"}]}<\/script>\n<!-- \/ Yoast SEO Premium plugin. -->","yoast_head_json":{"title":"Cyclisme : Vingegaard, Jorgenson, Milan, le barom\u00e8tre de la semaine du 4 au 10 mars","description":"CYCLISME SUR ROUTE 2024 - Vingegaard, Jorgenson, Milan : retrouvez le barom\u00e8tre Dicodusport de la semaine de cyclisme.","robots":{"index":"index","follow":"follow","max-snippet":"max-snippet:-1","max-image-preview":"max-image-preview:large","max-video-preview":"max-video-preview:-1"},"canonical":"https:\/\/dicodusport.fr\/blog\/cyclisme-vingegaard-jorgenson-milan-le-barometre-de-la-semaine-du-4-au-10-mars\/","og_locale":"fr_FR","og_type":"article","og_title":"Cyclisme : Vingegaard, Jorgenson, Milan, le barom\u00e8tre de la semaine du 4 au 10 mars","og_description":"CYCLISME SUR ROUTE 2024 - Vingegaard, Jorgenson, Milan : retrouvez le barom\u00e8tre Dicodusport de la semaine de cyclisme.","og_url":"https:\/\/dicodusport.fr\/blog\/cyclisme-vingegaard-jorgenson-milan-le-barometre-de-la-semaine-du-4-au-10-mars\/","og_site_name":"Dicodusport","article_publisher":"https:\/\/www.facebook.com\/dicodusport","article_published_time":"2024-03-11T07:35:14+00:00","og_image":[{"width":1200,"height":674,"url":"https:\/\/dicodusport.fr\/blog\/wp-content\/uploads\/2024\/03\/Tirreno-Adriatico-2024-Le-general-pour-Jonas-Vingegaard-Jonathan-Milan-sadjuge-la-derniere-etape.png","type":"image\/png"}],"author":"Etienne Goursaud","twitter_card":"summary_large_image","twitter_title":"Cyclisme : Vingegaard, Jorgenson, Milan, le barom\u00e8tre de la semaine du 4 au 10 mars","twitter_creator":"@dicodusport","twitter_site":"@dicodusport","schema":{"@context":"https:\/\/schema.org","@graph":[{"@type":"NewsArticle","@id":"https:\/\/dicodusport.fr\/blog\/cyclisme-vingegaard-jorgenson-milan-le-barometre-de-la-semaine-du-4-au-10-mars\/#article","isPartOf":{"@id":"https:\/\/dicodusport.fr\/blog\/cyclisme-vingegaard-jorgenson-milan-le-barometre-de-la-semaine-du-4-au-10-mars\/"},"author":{"name":"Etienne Goursaud","@id":"https:\/\/dicodusport.fr\/blog\/#\/schema\/person\/d603dd7da31fb2b46c82b9835a77ec13"},"headline":"Cyclisme : Vingegaard, Jorgenson, Milan, le barom\u00e8tre de la semaine du 4 au 10 mars","datePublished":"2024-03-11T07:35:14+00:00","mainEntityOfPage":{"@id":"https:\/\/dicodusport.fr\/blog\/cyclisme-vingegaard-jorgenson-milan-le-barometre-de-la-semaine-du-4-au-10-mars\/"},"wordCount":962,"commentCount":0,"publisher":{"@id":"https:\/\/dicodusport.fr\/blog\/#organization"},"image":{"@id":"https:\/\/dicodusport.fr\/blog\/cyclisme-vingegaard-jorgenson-milan-le-barometre-de-la-semaine-du-4-au-10-mars\/#primaryimage"},"thumbnailUrl":"https:\/\/dicodusport.fr\/blog\/wp-content\/uploads\/2024\/03\/Tirreno-Adriatico-2024-Le-general-pour-Jonas-Vingegaard-Jonathan-Milan-sadjuge-la-derniere-etape.png","keywords":["br\u00e8ve","Cyclisme","David Gaudu","Joao Almeida","Jonas Vingegaard","Matteo Jorgenson"],"articleSection":["Cyclisme sur route"],"inLanguage":"fr-FR","potentialAction":[{"@type":"CommentAction","name":"Comment","target":["https:\/\/dicodusport.fr\/blog\/cyclisme-vingegaard-jorgenson-milan-le-barometre-de-la-semaine-du-4-au-10-mars\/#respond"]}],"copyrightYear":"2024","copyrightHolder":{"@id":"https:\/\/dicodusport.fr\/blog\/#organization"}},{"@type":"WebPage","@id":"https:\/\/dicodusport.fr\/blog\/cyclisme-vingegaard-jorgenson-milan-le-barometre-de-la-semaine-du-4-au-10-mars\/","url":"https:\/\/dicodusport.fr\/blog\/cyclisme-vingegaard-jorgenson-milan-le-barometre-de-la-semaine-du-4-au-10-mars\/","name":"Cyclisme : Vingegaard, Jorgenson, Milan, le barom\u00e8tre de la semaine du 4 au 10 mars","isPartOf":{"@id":"https:\/\/dicodusport.fr\/blog\/#website"},"primaryImageOfPage":{"@id":"https:\/\/dicodusport.fr\/blog\/cyclisme-vingegaard-jorgenson-milan-le-barometre-de-la-semaine-du-4-au-10-mars\/#primaryimage"},"image":{"@id":"https:\/\/dicodusport.fr\/blog\/cyclisme-vingegaard-jorgenson-milan-le-barometre-de-la-semaine-du-4-au-10-mars\/#primaryimage"},"thumbnailUrl":"https:\/\/dicodusport.fr\/blog\/wp-content\/uploads\/2024\/03\/Tirreno-Adriatico-2024-Le-general-pour-Jonas-Vingegaard-Jonathan-Milan-sadjuge-la-derniere-etape.png","datePublished":"2024-03-11T07:35:14+00:00","description":"CYCLISME SUR ROUTE 2024 - Vingegaard, Jorgenson, Milan : retrouvez le barom\u00e8tre Dicodusport de la semaine de cyclisme.","breadcrumb":{"@id":"https:\/\/dicodusport.fr\/blog\/cyclisme-vingegaard-jorgenson-milan-le-barometre-de-la-semaine-du-4-au-10-mars\/#breadcrumb"},"inLanguage":"fr-FR","potentialAction":[{"@type":"ReadAction","target":["https:\/\/dicodusport.fr\/blog\/cyclisme-vingegaard-jorgenson-milan-le-barometre-de-la-semaine-du-4-au-10-mars\/"]}]},{"@type":"ImageObject","inLanguage":"fr-FR","@id":"https:\/\/dicodusport.fr\/blog\/cyclisme-vingegaard-jorgenson-milan-le-barometre-de-la-semaine-du-4-au-10-mars\/#primaryimage","url":"https:\/\/dicodusport.fr\/blog\/wp-content\/uploads\/2024\/03\/Tirreno-Adriatico-2024-Le-general-pour-Jonas-Vingegaard-Jonathan-Milan-sadjuge-la-derniere-etape.png","contentUrl":"https:\/\/dicodusport.fr\/blog\/wp-content\/uploads\/2024\/03\/Tirreno-Adriatico-2024-Le-general-pour-Jonas-Vingegaard-Jonathan-Milan-sadjuge-la-derniere-etape.png","width":1200,"height":674,"caption":"Cyclisme : Vingegaard, Jorgenson, Milan, le barom\u00e8tre de la semaine du 4 au 10 mars"},{"@type":"BreadcrumbList","@id":"https:\/\/dicodusport.fr\/blog\/cyclisme-vingegaard-jorgenson-milan-le-barometre-de-la-semaine-du-4-au-10-mars\/#breadcrumb","itemListElement":[{"@type":"ListItem","position":1,"name":"Accueil","item":"https:\/\/dicodusport.fr\/blog\/"},{"@type":"ListItem","position":2,"name":"Cyclisme : Vingegaard, Jorgenson, Milan, le barom\u00e8tre de la semaine du 4 au 10 mars"}]},{"@type":"WebSite","@id":"https:\/\/dicodusport.fr\/blog\/#website","url":"https:\/\/dicodusport.fr\/blog\/","name":"Dicodusport","description":"L&#039;encyclop\u00e9die de l&#039;actualit\u00e9 sportive","publisher":{"@id":"https:\/\/dicodusport.fr\/blog\/#organization"},"potentialAction":[{"@type":"SearchAction","target":{"@type":"EntryPoint","urlTemplate":"https:\/\/dicodusport.fr\/blog\/?s={search_term_string}"},"query-input":{"@type":"PropertyValueSpecification","valueRequired":true,"valueName":"search_term_string"}}],"inLanguage":"fr-FR"},{"@type":"NewsMediaOrganization","@id":"https:\/\/dicodusport.fr\/blog\/#organization","name":"Dicodusport","url":"https:\/\/dicodusport.fr\/blog\/","logo":{"@type":"ImageObject","inLanguage":"fr-FR","@id":"https:\/\/dicodusport.fr\/blog\/#\/schema\/logo\/image\/","url":"https:\/\/dicodusport.fr\/blog\/wp-content\/uploads\/2020\/06\/cropped-LOGO-DICODUSPORT-2020-SANS-FOND-SANS-TEXTE.png","contentUrl":"https:\/\/dicodusport.fr\/blog\/wp-content\/uploads\/2020\/06\/cropped-LOGO-DICODUSPORT-2020-SANS-FOND-SANS-TEXTE.png","width":512,"height":512,"caption":"Dicodusport"},"image":{"@id":"https:\/\/dicodusport.fr\/blog\/#\/schema\/logo\/image\/"},"sameAs":["https:\/\/www.facebook.com\/dicodusport","https:\/\/x.com\/dicodusport","https:\/\/www.instagram.com\/dicodusport\/","https:\/\/www.youtube.com\/channel\/UC7V2KZ5sd3htJivAbA4ZG3w"],"description":"Dicodusport est l'encyclop\u00e9die de l'actualit\u00e9 sportive.","email":"bonjour@dicodusport.fr","legalName":"DICODUSPORT","foundingDate":"2018-01-14","vatID":"FR71834470973","taxID":"83447097300043","numberOfEmployees":{"@type":"QuantitativeValue","minValue":"1","maxValue":"10"}},{"@type":"Person","@id":"https:\/\/dicodusport.fr\/blog\/#\/schema\/person\/d603dd7da31fb2b46c82b9835a77ec13","name":"Etienne Goursaud","image":{"@type":"ImageObject","inLanguage":"fr-FR","@id":"https:\/\/dicodusport.fr\/blog\/#\/schema\/person\/image\/","url":"https:\/\/dicodusport.fr\/blog\/wp-content\/uploads\/2023\/12\/410122264_10231602061736049_5565839791558026645_n-150x150.jpg","contentUrl":"https:\/\/dicodusport.fr\/blog\/wp-content\/uploads\/2023\/12\/410122264_10231602061736049_5565839791558026645_n-150x150.jpg","caption":"Etienne Goursaud"},"description":"Journaliste et amoureux de sport. Ancien footballeur reconverti athl\u00e8te quand ses muscles le laissent tranquille. \u00c9lev\u00e9 \u00e0 la sauce des exploits de Thomas Voeckler en 2004, du dernier essai de l\u00e9gende de Eunice Barber \u00e0 la longueur lors des championnats du monde d'athl\u00e9tisme de 2003 mais aussi Zidane, Omeyer et Titou Lamaison.","url":"https:\/\/dicodusport.fr\/blog\/author\/etienne-goursaud\/"}]}},"_links":{"self":[{"href":"https:\/\/dicodusport.fr\/blog\/wp-json\/wp\/v2\/posts\/471204","targetHints":{"allow":["GET"]}}],"collection":[{"href":"https:\/\/dicodusport.fr\/blog\/wp-json\/wp\/v2\/posts"}],"about":[{"href":"https:\/\/dicodusport.fr\/blog\/wp-json\/wp\/v2\/types\/post"}],"author":[{"embeddable":true,"href":"https:\/\/dicodusport.fr\/blog\/wp-json\/wp\/v2\/users\/83"}],"replies":[{"embeddable":true,"href":"https:\/\/dicodusport.fr\/blog\/wp-json\/wp\/v2\/comments?post=471204"}],"version-history":[{"count":5,"href":"https:\/\/dicodusport.fr\/blog\/wp-json\/wp\/v2\/posts\/471204\/revisions"}],"predecessor-version":[{"id":471272,"href":"https:\/\/dicodusport.fr\/blog\/wp-json\/wp\/v2\/posts\/471204\/revisions\/471272"}],"wp:featuredmedia":[{"embeddable":true,"href":"https:\/\/dicodusport.fr\/blog\/wp-json\/wp\/v2\/media\/471088"}],"wp:attachment":[{"href":"https:\/\/dicodusport.fr\/blog\/wp-json\/wp\/v2\/media?parent=471204"}],"wp:term":[{"taxonomy":"category","embeddable":true,"href":"https:\/\/dicodusport.fr\/blog\/wp-json\/wp\/v2\/categories?post=471204"},{"taxonomy":"post_tag","embeddable":true,"href":"https:\/\/dicodusport.fr\/blog\/wp-json\/wp\/v2\/tags?post=471204"}],"curies":[{"name":"wp","href":"https:\/\/api.w.org\/{rel}","templated":true}]}}