{"id":471274,"date":"2024-03-11T16:08:15","date_gmt":"2024-03-11T15:08:15","guid":{"rendered":"https:\/\/dicodusport.fr\/blog\/?p=471274&#038;preview=true&#038;preview_id=471274"},"modified":"2024-03-11T17:02:22","modified_gmt":"2024-03-11T16:02:22","slug":"sebastien-barrois-il-faut-arreter-de-ne-pas-avoir-confiance-en-nos-capacites-et-y-croire","status":"publish","type":"post","link":"https:\/\/dicodusport.fr\/blog\/sebastien-barrois-il-faut-arreter-de-ne-pas-avoir-confiance-en-nos-capacites-et-y-croire\/","title":{"rendered":"S\u00e9bastien Barrois : \u00ab Il faut arr\u00eater de ne pas avoir confiance en nos capacit\u00e9s et y croire \u00bb"},"content":{"rendered":"<p style=\"text-align: justify;\"><strong><em>CHAMPIONNATS D\u2019EUROPE D\u2019ESCRIME FAUTEUIL 2024 \u2013 La d\u00e9l\u00e9gation tricolore a d\u00e9croch\u00e9 six m\u00e9dailles lors de la comp\u00e9tition, trois en argent (<\/em><\/strong><strong><em>sabre par \u00e9quipes hommes, <\/em><\/strong><strong><em>Maxime Valet en fleuret cat\u00e9gorie B et \u00e9p\u00e9e par \u00e9quipes femmes) et trois en bronze (<\/em><\/strong><strong><em>fleuret par \u00e9quipes hommes, <\/em><\/strong><strong><em>Maxime Valet en <\/em><\/strong><strong><em>sabre cat\u00e9gorie B et Yohan Peter en \u00e9p\u00e9e cat\u00e9gorie B). <\/em><\/strong><strong><em>Apr\u00e8s la derni\u00e8re \u00e9preuve, S\u00e9bastien Barrois, le responsable de l\u2019escrime fauteuil \u00e0 la F\u00e9d\u00e9ration Fran\u00e7aise Handisport, est revenu sur la semaine pass\u00e9e dans la Halle George Carpentier (Paris) pour Dicodusport.<\/em><\/strong><\/p>\n<h3 style=\"text-align: justify;\"><strong>Quel bilan faites-vous de ces championnats d\u2019Europe\u00a0?<\/strong><\/h3>\n<p style=\"text-align: justify;\">L&rsquo;objectif \u00e9tait de faire faire entre 6 et 8 m\u00e9dailles. J&rsquo;aurais aim\u00e9 et \u00e7a aurait \u00e9t\u00e9 bien d\u2019avoir une petite Marseillaise. Je pense qu&rsquo;on l&rsquo;a rat\u00e9e aujourd&rsquo;hui <em>(dimanche)<\/em>. L\u2019\u00e9quipe de France d\u2019\u00e9p\u00e9e termine quatri\u00e8me avec une demi-finale face \u00e0 l&rsquo;Italie qui laisse un go\u00fbt amer. L\u2019\u00e9quipe \u00e9tait largement au niveau des Italiens et quelques faits de match font qu\u2019on \u00e9choue \u00e0 tr\u00e8s peu (45-32). Derri\u00e8re l&rsquo;Ukraine <em>(qui est devenue championne d\u2019Europe)<\/em>, c&rsquo;est une \u00e9quipe qu&rsquo;on arrive \u00e0 battre et qu&rsquo;on avait battue pour la m\u00e9daille de bronze aux championnats du monde, il y a quatre mois.<\/p>\n<p style=\"text-align: justify;\">C&rsquo;est donc le minimum qu&rsquo;on avait souhait\u00e9, mais c\u2019est une \u00e9quipe assez jeune, qui manque aussi d&rsquo;exp\u00e9rience. On rate 2 ou 3 m\u00e9dailles \u00e0 une touche sur des quarts de finale, donc le bilan aurait pu \u00eatre mieux. On travaille l\u00e0-dessus, on va essayer de changer ce m\u00e9tal et d&rsquo;\u00eatre aussi bon dans 5 mois \u00e0 Paris, parce que c&rsquo;est quand m\u00eame l&rsquo;objectif principal.<\/p>\n<h3 style=\"text-align: justify;\"><strong>De mani\u00e8re g\u00e9n\u00e9rale, que manque-t-il pour passer des m\u00e9dailles d&rsquo;argent et de bronze \u00e0 des m\u00e9dailles d\u2019or ? <\/strong><\/h3>\n<p style=\"text-align: justify;\">Dans l&rsquo;escrime handisport, il y a beaucoup de croyances. Dans certaines cat\u00e9gories, les Anglais (Dimitri Coutya et Piers Gilliver) dominent et certains de nos athl\u00e8tes ont une f\u00e2cheuse tendance \u00e0 les sublimer et trop les respecter entre guillemets. Il va falloir apprendre \u00e0 ne pas les respecter pour avoir la confiance de pouvoir les battre. Ils en ont les moyens, \u00e7a s&rsquo;est vu sur la demi-finale d\u2019hier <em>(samedi) <\/em>avec <a href=\"https:\/\/dicodusport.fr\/blog\/yohan-peter-en-bronze-aux-europe-descrime-fauteuil-il-ma-manque-un-peu-de-rigueur\/\">Yohan Peter<\/a> qui l&rsquo;accroche. Il faut arr\u00eater de ne pas avoir confiance en nos capacit\u00e9s et y croire. L&rsquo;escrime, c&rsquo;est un sport d&rsquo;opposition, donc, \u00e0 un moment donn\u00e9, c&rsquo;est celui qui a le plus confiance en lui, qui peut surmonter des montagnes.<\/p>\n<div class=\"vlp-link-container vlp-layout-article\"><a href=\"https:\/\/dicodusport.fr\/blog\/yohan-peter-en-bronze-aux-europe-descrime-fauteuil-il-ma-manque-un-peu-de-rigueur\/\" class=\"vlp-link\" title=\"Yohan Peter, en bronze aux Europe d&#039;escrime fauteuil : \u00ab Il m\u2019a manqu\u00e9 un peu de rigueur \u00bb\"><\/a><div class=\"vlp-layout-zone-side\"><div class=\"vlp-block-4 vlp-link-image\"><img loading=\"lazy\" decoding=\"async\" style=\"max-width: 792px;\" width=\"792\" height=\"445\" src=\"https:\/\/dicodusport.fr\/blog\/wp-content\/uploads\/2024\/03\/Yohan-Peter-en-bronze-aux-Europe-descrime-fauteuil-Il-ma-manque-un-peu-de-rigueur-.png\" class=\"attachment-800x445 size-800x445\" alt=\"Yohan Peter, en bronze aux Europe d&#039;escrime fauteuil \u00ab Il m\u2019a manqu\u00e9 un peu de rigueur \u00bb\" srcset=\"https:\/\/dicodusport.fr\/blog\/wp-content\/uploads\/2024\/03\/Yohan-Peter-en-bronze-aux-Europe-descrime-fauteuil-Il-ma-manque-un-peu-de-rigueur-.png 1200w, https:\/\/dicodusport.fr\/blog\/wp-content\/uploads\/2024\/03\/Yohan-Peter-en-bronze-aux-Europe-descrime-fauteuil-Il-ma-manque-un-peu-de-rigueur--300x169.png 300w, https:\/\/dicodusport.fr\/blog\/wp-content\/uploads\/2024\/03\/Yohan-Peter-en-bronze-aux-Europe-descrime-fauteuil-Il-ma-manque-un-peu-de-rigueur--1024x575.png 1024w, https:\/\/dicodusport.fr\/blog\/wp-content\/uploads\/2024\/03\/Yohan-Peter-en-bronze-aux-Europe-descrime-fauteuil-Il-ma-manque-un-peu-de-rigueur--768x431.png 768w\" sizes=\"auto, (max-width: 792px) 100vw, 792px\" \/><\/div><\/div><div class=\"vlp-layout-zone-main\"><div class=\"vlp-block-0 vlp-link-title\">Yohan Peter, en bronze aux Europe d'escrime fauteuil : \u00ab Il m\u2019a manqu\u00e9 un peu de rigueur \u00bb<\/div><div class=\"vlp-block-1 vlp-link-summary\">CHAMPIONNATS D\u2019EUROPE ESCRIME FAUTEUIL 2024 \u2013 Yohan Peter repart de la comp\u00e9tition avec une m\u00e9daille de bronze. Interview.<\/div><div class=\"vlp-block-2 vlp-link-button\">Lire l'article<\/div><div class=\"vlp-block-3 vlp-link-url\">dicodusport.fr<\/div><\/div><\/div>\n<h3 style=\"text-align: justify;\"><strong>Maxime Valet a d\u00e9croch\u00e9 quatre m\u00e9dailles (<\/strong><strong>bronze en sabre cat\u00e9gorie B et en fleuret par \u00e9quipes\u00a0; argent en fleuret cat\u00e9gorie B et en sabre par \u00e9quipes<\/strong><strong>). Est-ce que c\u2019est le moteur de cette \u00e9quipe de France\u00a0?<\/strong><\/h3>\n<p style=\"text-align: justify;\">Maxime fait partie de ces athl\u00e8tes qui sont l\u00e0 depuis pas mal d&rsquo;ann\u00e9es et qui ont toujours \u00e9t\u00e9 performants. Il fait effectivement partie de ceux qui peuvent \u00eatre des leaders, tout comme Yohan <em>(Peter)<\/em> \u00e0 l&rsquo;\u00e9p\u00e9e, Damien Tokatlian qui est un peu plus \u00e2g\u00e9. Dans le groupe, d\u2019autres sont moins performants, mais gardent ce r\u00f4le de leader. Je pense \u00e0 Robert Citerne qu&rsquo;on a d\u00e9cid\u00e9 de garder dans le groupe. S&rsquo;il est peut-\u00eatre aujourd&rsquo;hui moins performant, il conna\u00eet la gagne avec onze m\u00e9dailles paralympiques, dont six en or. Derri\u00e8re, il y a cette jeune g\u00e9n\u00e9ration qui commence \u00e0 monter sur des podiums et qui commence \u00e0 croire en ses chances.<\/p>\n<h3 style=\"text-align: justify;\"><strong>Il n\u2019y a eu qu\u2019une seule m\u00e9daille f\u00e9minine. Est-ce que c&rsquo;est le point d\u2019am\u00e9lioration\u00a0pour cette \u00e9quipe de France\u00a0? <\/strong><\/h3>\n<p style=\"text-align: justify;\">Il faut savoir que, quand je suis arriv\u00e9, les f\u00e9minines n&rsquo;existaient presque plus. On a essay\u00e9 de monter un vrai projet par rapport \u00e0 \u00e7a et \u00e7a fait 2 ou 3 Jeux o\u00f9 il n\u2019y avait qu\u2019une s\u00e9lectionn\u00e9e, voire aucune. En octobre dernier, les \u00e9p\u00e9istes ont rat\u00e9 la finale aux championnats du monde \u00e0 une touche et l\u00e0, elles ont r\u00e9ussi \u00e0 se hisser en finale d&rsquo;un championnat d&rsquo;Europe. C&rsquo;est la premi\u00e8re m\u00e9daille depuis 14 ans. <strong>Brianna Vid\u00e9<\/strong> perd 15-14 en quarts de finale, Sophie Sablon m\u00e8ne tout le match et perd 15-13 en quarts de finale sur la future vainqueure de la comp\u00e9tition. C&rsquo;est une belle \u00e9quipe qui est en train de se reconstruire. Il faut savoir d&rsquo;o\u00f9 on vient, o\u00f9 on est aujourd&rsquo;hui et o\u00f9 on veut aller avec cette \u00e9quipe-l\u00e0. Ce projet a aussi \u00e9t\u00e9 bas\u00e9 sur le f\u00e9minin et je pense, que pour elle, c&rsquo;est vraiment une question de confiance.<\/p>\n<h3 style=\"text-align: justify;\"><strong>Le public a r\u00e9pondu pr\u00e9sent. Aviez-vous d\u00e9j\u00e0 vu cela ? <\/strong><\/h3>\n<p style=\"text-align: justify;\">C&rsquo;est une vraie satisfaction. Moi qui suis habitu\u00e9 depuis maintenant 25\/30 ans \u00e0 des comp\u00e9titions internationales <em>(avant, il \u00e9tait entra\u00eeneur des \u00e9quipes de France chez les valides) <\/em>\u2013 c&rsquo;est la premi\u00e8re fois que je vois une telle ambiance sur une \u00e9preuve de Coupe du monde, de championnats d&rsquo;Europe ou de championnats du monde. On a v\u00e9cu un point d&rsquo;orgue mercredi avec 3 000 spectateurs et une ambiance de folie. Je n\u2019y croyais pas trop parce que l&rsquo;escrime est un milieu assez confin\u00e9. Mais ce qu&rsquo;a r\u00e9ussi \u00e0 faire l&rsquo;organisation avec la F\u00e9d\u00e9ration Fran\u00e7aise Handisport et le club du CSINI <em>(Cercle Sportif de l&rsquo;Institution Nationale des Invalides)<\/em>, \u00e7a a r\u00e9ellement \u00e9t\u00e9 quelque chose d\u2019extraordinaire. Avoir ce public qui se passionne et d\u00e9couvre, c\u2019est un vrai plus quoi.<\/p>\n<div class=\"vlp-link-container vlp-layout-article\"><a href=\"https:\/\/dicodusport.fr\/blog\/championnats-deurope-escrime-fauteuil-troisieme-medaille-en-trois-jours-pour-maxime-valet\/\" class=\"vlp-link\" title=\"Championnats d&#039;Europe Escrime fauteuil : Troisi\u00e8me m\u00e9daille en trois jours pour Maxime Valet\"><\/a><div class=\"vlp-layout-zone-side\"><div class=\"vlp-block-4 vlp-link-image\"><img loading=\"lazy\" decoding=\"async\" style=\"max-width: 800px;\" width=\"800\" height=\"445\" src=\"https:\/\/dicodusport.fr\/blog\/wp-content\/uploads\/2021\/08\/Jeux-Paralympiques-de-Tokyo-Escrime-Pas-de-medaille-pour-Maxime-Valet.png\" class=\"attachment-800x445 size-800x445\" alt=\"Jeux Paralympiques de Tokyo - Escrime Pas de m\u00e9daille pour Maxime Valet\" srcset=\"https:\/\/dicodusport.fr\/blog\/wp-content\/uploads\/2021\/08\/Jeux-Paralympiques-de-Tokyo-Escrime-Pas-de-medaille-pour-Maxime-Valet.png 800w, https:\/\/dicodusport.fr\/blog\/wp-content\/uploads\/2021\/08\/Jeux-Paralympiques-de-Tokyo-Escrime-Pas-de-medaille-pour-Maxime-Valet-300x167.png 300w, https:\/\/dicodusport.fr\/blog\/wp-content\/uploads\/2021\/08\/Jeux-Paralympiques-de-Tokyo-Escrime-Pas-de-medaille-pour-Maxime-Valet-768x427.png 768w\" sizes=\"auto, (max-width: 800px) 100vw, 800px\" \/><\/div><\/div><div class=\"vlp-layout-zone-main\"><div class=\"vlp-block-0 vlp-link-title\">Championnats d'Europe Escrime fauteuil : Troisi\u00e8me m\u00e9daille en trois jours pour Maxime Valet<\/div><div class=\"vlp-block-1 vlp-link-summary\">CHAMPIONNATS D'EUROPE ESCRIME FAUTEUIL 2024 \u2013 Et de trois pour Maxime Valet ! Apr\u00e8s l'\u00e9p\u00e9e et le sabre par \u00e9quipes, le Toulousain s'est de nouveau hiss\u00e9 sur un podium jeudi en s'emparant de l'argent en fleuret cat\u00e9gorie B.<\/div><div class=\"vlp-block-2 vlp-link-button\">Lire l'article<\/div><div class=\"vlp-block-3 vlp-link-url\">dicodusport.fr<\/div><\/div><\/div>\n<h3 style=\"text-align: justify;\"><strong>O\u00f9 en sont les escrimeurs fran\u00e7ais dans la course pour les Jeux Paralympiques ?<\/strong><\/h3>\n<p style=\"text-align: justify;\">Il nous reste une \u00e9preuve dans deux mois \u00e0 S\u00e3o Paulo (Br\u00e9sil). Chez les gar\u00e7ons, <strong>Maxime Valet<\/strong> et <strong>Yohan Peter<\/strong> sont quasiment s\u00fbrs d\u2019avoir leur ticket. Chez les filles, il y a <strong>C\u00e9cile Demaude<\/strong>. <strong>Brianna Vid\u00e9<\/strong> doit encore assurer \u00e0 Sao Paulo. <strong>Damien Tokatlian<\/strong> et <strong>Ludovic Lemoine<\/strong> ne sont pas loin. <strong>Lucas Platania<\/strong> est un peu derri\u00e8re, mais je suis persuad\u00e9 qu\u2019il va se s\u00e9lectionner, tout comme <strong>Sophie Sablon<\/strong> et <strong>Cl\u00e9mence Delavoipiere<\/strong>. \u00c0 Tokyo, deux tireurs s\u2019\u00e9taient qualifi\u00e9s et on avait eu deux invitations. J&rsquo;\u00e9tais parti du principe qu&rsquo;on devait presque doubler l&rsquo;effectif pour ces jeux et je pense qu&rsquo;on n\u2019en sera pas loin.<\/p>\n<h3 style=\"text-align: justify;\"><strong>Y aura-t-il d\u2019autres \u00e9ch\u00e9ances ?<\/strong><\/h3>\n<p style=\"text-align: justify;\">S\u00e3o Paulo est la derni\u00e8re manche qualificative pour les Jeux. Ensuite, on va rentrer tr\u00e8s rapidement dans la pr\u00e9paration sp\u00e9cifique avec une \u00e9preuve de Coupe du monde \u00e0 Varsovie au mois de juillet. Apr\u00e8s, il y aura beaucoup de stages avant le rendez-vous d\u00e9but septembre pour les Jeux.<\/p>\n","protected":false},"excerpt":{"rendered":"<p>Apr\u00e8s les championnats d&rsquo;Europe d&rsquo;escrime fauteuil, S\u00e9bastien Barrois est revenu sur les r\u00e9sultats de l&rsquo;\u00e9quipe de France sur la comp\u00e9tition.<\/p>\n","protected":false},"author":80,"featured_media":471335,"comment_status":"open","ping_status":"closed","sticky":false,"template":"","format":"standard","meta":{"_acf_changed":false,"_daextam_enable_autolinks":"1","footnotes":""},"categories":[9251,5753],"tags":[16878,38228,31073,1265],"class_list":["post-471274","post","type-post","status-publish","format-standard","has-post-thumbnail","hentry","category-escrime","category-handisport","tag-breve","tag-championnats-deurope-escrime-fauteuil","tag-escrime-fauteuil","tag-handisport"],"acf":[],"yoast_head":"<!-- This site is optimized with the Yoast SEO Premium plugin v26.7 (Yoast SEO v26.7) - https:\/\/yoast.com\/wordpress\/plugins\/seo\/ -->\n<title>S\u00e9bastien Barrois : \u00ab Il faut arr\u00eater de ne pas avoir confiance en nos capacit\u00e9s et y croire \u00bb<\/title>\n<meta name=\"description\" content=\"Apr\u00e8s les championnats d&#039;Europe d&#039;escrime fauteuil, S\u00e9bastien Barrois est revenu sur les r\u00e9sultats de l&#039;\u00e9quipe de France sur la comp\u00e9tition.\" \/>\n<meta name=\"robots\" content=\"index, follow, max-snippet:-1, max-image-preview:large, max-video-preview:-1\" \/>\n<link rel=\"canonical\" href=\"https:\/\/dicodusport.fr\/blog\/sebastien-barrois-il-faut-arreter-de-ne-pas-avoir-confiance-en-nos-capacites-et-y-croire\/\" \/>\n<meta property=\"og:locale\" content=\"fr_FR\" \/>\n<meta property=\"og:type\" content=\"article\" \/>\n<meta property=\"og:title\" content=\"S\u00e9bastien Barrois : \u00ab Il faut arr\u00eater de ne pas avoir confiance en nos capacit\u00e9s et y croire \u00bb\" \/>\n<meta property=\"og:description\" content=\"Apr\u00e8s les championnats d&#039;Europe d&#039;escrime fauteuil, S\u00e9bastien Barrois est revenu sur les r\u00e9sultats de l&#039;\u00e9quipe de France sur la comp\u00e9tition.\" \/>\n<meta property=\"og:url\" content=\"https:\/\/dicodusport.fr\/blog\/sebastien-barrois-il-faut-arreter-de-ne-pas-avoir-confiance-en-nos-capacites-et-y-croire\/\" \/>\n<meta property=\"og:site_name\" content=\"Dicodusport\" \/>\n<meta property=\"article:publisher\" content=\"https:\/\/www.facebook.com\/dicodusport\" \/>\n<meta property=\"article:author\" content=\"https:\/\/www.facebook.com\/profile.php?id=100009753662352\" \/>\n<meta property=\"article:published_time\" content=\"2024-03-11T15:08:15+00:00\" \/>\n<meta property=\"article:modified_time\" content=\"2024-03-11T16:02:22+00:00\" \/>\n<meta property=\"og:image\" content=\"https:\/\/dicodusport.fr\/blog\/wp-content\/uploads\/2024\/03\/Sebastien-Barrois-Il-faut-arreter-de-ne-pas-avoir-confiance-en-nos-capacites-et-y-croire-.png\" \/>\n\t<meta property=\"og:image:width\" content=\"1200\" \/>\n\t<meta property=\"og:image:height\" content=\"674\" \/>\n\t<meta property=\"og:image:type\" content=\"image\/png\" \/>\n<meta name=\"author\" content=\"Killian Tanguy\" \/>\n<meta name=\"twitter:card\" content=\"summary_large_image\" \/>\n<meta name=\"twitter:title\" content=\"S\u00e9bastien Barrois : \u00ab Il faut arr\u00eater de ne pas avoir confiance en nos capacit\u00e9s et y croire \u00bb\" \/>\n<meta name=\"twitter:creator\" content=\"@https:\/\/twitter.com\/sport_ktanguy\" \/>\n<meta name=\"twitter:site\" content=\"@dicodusport\" \/>\n<script type=\"application\/ld+json\" class=\"yoast-schema-graph\">{\"@context\":\"https:\/\/schema.org\",\"@graph\":[{\"@type\":\"NewsArticle\",\"@id\":\"https:\/\/dicodusport.fr\/blog\/sebastien-barrois-il-faut-arreter-de-ne-pas-avoir-confiance-en-nos-capacites-et-y-croire\/#article\",\"isPartOf\":{\"@id\":\"https:\/\/dicodusport.fr\/blog\/sebastien-barrois-il-faut-arreter-de-ne-pas-avoir-confiance-en-nos-capacites-et-y-croire\/\"},\"author\":{\"name\":\"Killian Tanguy\",\"@id\":\"https:\/\/dicodusport.fr\/blog\/#\/schema\/person\/ff2feeb71ea78ad31eeb3390ffe96b46\"},\"headline\":\"S\u00e9bastien Barrois : \u00ab Il faut arr\u00eater de ne pas avoir confiance en nos capacit\u00e9s et y croire \u00bb\",\"datePublished\":\"2024-03-11T15:08:15+00:00\",\"dateModified\":\"2024-03-11T16:02:22+00:00\",\"mainEntityOfPage\":{\"@id\":\"https:\/\/dicodusport.fr\/blog\/sebastien-barrois-il-faut-arreter-de-ne-pas-avoir-confiance-en-nos-capacites-et-y-croire\/\"},\"wordCount\":1339,\"commentCount\":0,\"publisher\":{\"@id\":\"https:\/\/dicodusport.fr\/blog\/#organization\"},\"image\":{\"@id\":\"https:\/\/dicodusport.fr\/blog\/sebastien-barrois-il-faut-arreter-de-ne-pas-avoir-confiance-en-nos-capacites-et-y-croire\/#primaryimage\"},\"thumbnailUrl\":\"https:\/\/dicodusport.fr\/blog\/wp-content\/uploads\/2024\/03\/Sebastien-Barrois-Il-faut-arreter-de-ne-pas-avoir-confiance-en-nos-capacites-et-y-croire-.png\",\"keywords\":[\"br\u00e8ve\",\"Championnats d'Europe escrime fauteuil\",\"escrime fauteuil\",\"handisport\"],\"articleSection\":[\"Escrime\",\"Handisport\"],\"inLanguage\":\"fr-FR\",\"potentialAction\":[{\"@type\":\"CommentAction\",\"name\":\"Comment\",\"target\":[\"https:\/\/dicodusport.fr\/blog\/sebastien-barrois-il-faut-arreter-de-ne-pas-avoir-confiance-en-nos-capacites-et-y-croire\/#respond\"]}],\"copyrightYear\":\"2024\",\"copyrightHolder\":{\"@id\":\"https:\/\/dicodusport.fr\/blog\/#organization\"}},{\"@type\":\"WebPage\",\"@id\":\"https:\/\/dicodusport.fr\/blog\/sebastien-barrois-il-faut-arreter-de-ne-pas-avoir-confiance-en-nos-capacites-et-y-croire\/\",\"url\":\"https:\/\/dicodusport.fr\/blog\/sebastien-barrois-il-faut-arreter-de-ne-pas-avoir-confiance-en-nos-capacites-et-y-croire\/\",\"name\":\"S\u00e9bastien Barrois : \u00ab Il faut arr\u00eater de ne pas avoir confiance en nos capacit\u00e9s et y croire \u00bb\",\"isPartOf\":{\"@id\":\"https:\/\/dicodusport.fr\/blog\/#website\"},\"primaryImageOfPage\":{\"@id\":\"https:\/\/dicodusport.fr\/blog\/sebastien-barrois-il-faut-arreter-de-ne-pas-avoir-confiance-en-nos-capacites-et-y-croire\/#primaryimage\"},\"image\":{\"@id\":\"https:\/\/dicodusport.fr\/blog\/sebastien-barrois-il-faut-arreter-de-ne-pas-avoir-confiance-en-nos-capacites-et-y-croire\/#primaryimage\"},\"thumbnailUrl\":\"https:\/\/dicodusport.fr\/blog\/wp-content\/uploads\/2024\/03\/Sebastien-Barrois-Il-faut-arreter-de-ne-pas-avoir-confiance-en-nos-capacites-et-y-croire-.png\",\"datePublished\":\"2024-03-11T15:08:15+00:00\",\"dateModified\":\"2024-03-11T16:02:22+00:00\",\"description\":\"Apr\u00e8s les championnats d'Europe d'escrime fauteuil, S\u00e9bastien Barrois est revenu sur les r\u00e9sultats de l'\u00e9quipe de France sur la comp\u00e9tition.\",\"breadcrumb\":{\"@id\":\"https:\/\/dicodusport.fr\/blog\/sebastien-barrois-il-faut-arreter-de-ne-pas-avoir-confiance-en-nos-capacites-et-y-croire\/#breadcrumb\"},\"inLanguage\":\"fr-FR\",\"potentialAction\":[{\"@type\":\"ReadAction\",\"target\":[\"https:\/\/dicodusport.fr\/blog\/sebastien-barrois-il-faut-arreter-de-ne-pas-avoir-confiance-en-nos-capacites-et-y-croire\/\"]}]},{\"@type\":\"ImageObject\",\"inLanguage\":\"fr-FR\",\"@id\":\"https:\/\/dicodusport.fr\/blog\/sebastien-barrois-il-faut-arreter-de-ne-pas-avoir-confiance-en-nos-capacites-et-y-croire\/#primaryimage\",\"url\":\"https:\/\/dicodusport.fr\/blog\/wp-content\/uploads\/2024\/03\/Sebastien-Barrois-Il-faut-arreter-de-ne-pas-avoir-confiance-en-nos-capacites-et-y-croire-.png\",\"contentUrl\":\"https:\/\/dicodusport.fr\/blog\/wp-content\/uploads\/2024\/03\/Sebastien-Barrois-Il-faut-arreter-de-ne-pas-avoir-confiance-en-nos-capacites-et-y-croire-.png\",\"width\":1200,\"height\":674,\"caption\":\"S\u00e9bastien Barrois \u00ab Il faut arr\u00eater de ne pas avoir confiance en nos capacit\u00e9s et y croire \u00bb\"},{\"@type\":\"BreadcrumbList\",\"@id\":\"https:\/\/dicodusport.fr\/blog\/sebastien-barrois-il-faut-arreter-de-ne-pas-avoir-confiance-en-nos-capacites-et-y-croire\/#breadcrumb\",\"itemListElement\":[{\"@type\":\"ListItem\",\"position\":1,\"name\":\"Accueil\",\"item\":\"https:\/\/dicodusport.fr\/blog\/\"},{\"@type\":\"ListItem\",\"position\":2,\"name\":\"S\u00e9bastien Barrois : \u00ab Il faut arr\u00eater de ne pas avoir confiance en nos capacit\u00e9s et y croire \u00bb\"}]},{\"@type\":\"WebSite\",\"@id\":\"https:\/\/dicodusport.fr\/blog\/#website\",\"url\":\"https:\/\/dicodusport.fr\/blog\/\",\"name\":\"Dicodusport\",\"description\":\"L&#039;encyclop\u00e9die de l&#039;actualit\u00e9 sportive\",\"publisher\":{\"@id\":\"https:\/\/dicodusport.fr\/blog\/#organization\"},\"potentialAction\":[{\"@type\":\"SearchAction\",\"target\":{\"@type\":\"EntryPoint\",\"urlTemplate\":\"https:\/\/dicodusport.fr\/blog\/?s={search_term_string}\"},\"query-input\":{\"@type\":\"PropertyValueSpecification\",\"valueRequired\":true,\"valueName\":\"search_term_string\"}}],\"inLanguage\":\"fr-FR\"},{\"@type\":\"NewsMediaOrganization\",\"@id\":\"https:\/\/dicodusport.fr\/blog\/#organization\",\"name\":\"Dicodusport\",\"url\":\"https:\/\/dicodusport.fr\/blog\/\",\"logo\":{\"@type\":\"ImageObject\",\"inLanguage\":\"fr-FR\",\"@id\":\"https:\/\/dicodusport.fr\/blog\/#\/schema\/logo\/image\/\",\"url\":\"https:\/\/dicodusport.fr\/blog\/wp-content\/uploads\/2020\/06\/cropped-LOGO-DICODUSPORT-2020-SANS-FOND-SANS-TEXTE.png\",\"contentUrl\":\"https:\/\/dicodusport.fr\/blog\/wp-content\/uploads\/2020\/06\/cropped-LOGO-DICODUSPORT-2020-SANS-FOND-SANS-TEXTE.png\",\"width\":512,\"height\":512,\"caption\":\"Dicodusport\"},\"image\":{\"@id\":\"https:\/\/dicodusport.fr\/blog\/#\/schema\/logo\/image\/\"},\"sameAs\":[\"https:\/\/www.facebook.com\/dicodusport\",\"https:\/\/x.com\/dicodusport\",\"https:\/\/www.instagram.com\/dicodusport\/\",\"https:\/\/www.youtube.com\/channel\/UC7V2KZ5sd3htJivAbA4ZG3w\"],\"description\":\"Dicodusport est l'encyclop\u00e9die de l'actualit\u00e9 sportive.\",\"email\":\"bonjour@dicodusport.fr\",\"legalName\":\"DICODUSPORT\",\"foundingDate\":\"2018-01-14\",\"vatID\":\"FR71834470973\",\"taxID\":\"83447097300043\",\"numberOfEmployees\":{\"@type\":\"QuantitativeValue\",\"minValue\":\"1\",\"maxValue\":\"10\"}},{\"@type\":\"Person\",\"@id\":\"https:\/\/dicodusport.fr\/blog\/#\/schema\/person\/ff2feeb71ea78ad31eeb3390ffe96b46\",\"name\":\"Killian Tanguy\",\"image\":{\"@type\":\"ImageObject\",\"inLanguage\":\"fr-FR\",\"@id\":\"https:\/\/dicodusport.fr\/blog\/#\/schema\/person\/image\/\",\"url\":\"https:\/\/dicodusport.fr\/blog\/wp-content\/uploads\/2022\/12\/Killian-Tanguy-150x150.png\",\"contentUrl\":\"https:\/\/dicodusport.fr\/blog\/wp-content\/uploads\/2022\/12\/Killian-Tanguy-150x150.png\",\"caption\":\"Killian Tanguy\"},\"description\":\"Journaliste qui parle de tout et surtout de sport. Rugby, handball, sports d'hiver, football, cyclisme... Et ce que j'aime par-dessus tout : couvrir une discipline que je ne connais pas. Rien de mieux pour s'enrichir et apprendre.\",\"sameAs\":[\"https:\/\/killiantanguy.wixsite.com\/monsite\",\"https:\/\/www.facebook.com\/profile.php?id=100009753662352\",\"https:\/\/www.instagram.com\/sport.killiantanguy\/\",\"https:\/\/www.linkedin.com\/in\/killiantanguy\/\",\"https:\/\/x.com\/https:\/\/twitter.com\/sport_ktanguy\",\"https:\/\/www.youtube.com\/channel\/UCRfZkHKJL0wK7wvnJjCry-Q\"],\"url\":\"https:\/\/dicodusport.fr\/blog\/author\/killian-tanguy\/\"}]}<\/script>\n<!-- \/ Yoast SEO Premium plugin. -->","yoast_head_json":{"title":"S\u00e9bastien Barrois : \u00ab Il faut arr\u00eater de ne pas avoir confiance en nos capacit\u00e9s et y croire \u00bb","description":"Apr\u00e8s les championnats d'Europe d'escrime fauteuil, S\u00e9bastien Barrois est revenu sur les r\u00e9sultats de l'\u00e9quipe de France sur la comp\u00e9tition.","robots":{"index":"index","follow":"follow","max-snippet":"max-snippet:-1","max-image-preview":"max-image-preview:large","max-video-preview":"max-video-preview:-1"},"canonical":"https:\/\/dicodusport.fr\/blog\/sebastien-barrois-il-faut-arreter-de-ne-pas-avoir-confiance-en-nos-capacites-et-y-croire\/","og_locale":"fr_FR","og_type":"article","og_title":"S\u00e9bastien Barrois : \u00ab Il faut arr\u00eater de ne pas avoir confiance en nos capacit\u00e9s et y croire \u00bb","og_description":"Apr\u00e8s les championnats d'Europe d'escrime fauteuil, S\u00e9bastien Barrois est revenu sur les r\u00e9sultats de l'\u00e9quipe de France sur la comp\u00e9tition.","og_url":"https:\/\/dicodusport.fr\/blog\/sebastien-barrois-il-faut-arreter-de-ne-pas-avoir-confiance-en-nos-capacites-et-y-croire\/","og_site_name":"Dicodusport","article_publisher":"https:\/\/www.facebook.com\/dicodusport","article_author":"https:\/\/www.facebook.com\/profile.php?id=100009753662352","article_published_time":"2024-03-11T15:08:15+00:00","article_modified_time":"2024-03-11T16:02:22+00:00","og_image":[{"width":1200,"height":674,"url":"https:\/\/dicodusport.fr\/blog\/wp-content\/uploads\/2024\/03\/Sebastien-Barrois-Il-faut-arreter-de-ne-pas-avoir-confiance-en-nos-capacites-et-y-croire-.png","type":"image\/png"}],"author":"Killian Tanguy","twitter_card":"summary_large_image","twitter_title":"S\u00e9bastien Barrois : \u00ab Il faut arr\u00eater de ne pas avoir confiance en nos capacit\u00e9s et y croire \u00bb","twitter_creator":"@https:\/\/twitter.com\/sport_ktanguy","twitter_site":"@dicodusport","schema":{"@context":"https:\/\/schema.org","@graph":[{"@type":"NewsArticle","@id":"https:\/\/dicodusport.fr\/blog\/sebastien-barrois-il-faut-arreter-de-ne-pas-avoir-confiance-en-nos-capacites-et-y-croire\/#article","isPartOf":{"@id":"https:\/\/dicodusport.fr\/blog\/sebastien-barrois-il-faut-arreter-de-ne-pas-avoir-confiance-en-nos-capacites-et-y-croire\/"},"author":{"name":"Killian Tanguy","@id":"https:\/\/dicodusport.fr\/blog\/#\/schema\/person\/ff2feeb71ea78ad31eeb3390ffe96b46"},"headline":"S\u00e9bastien Barrois : \u00ab Il faut arr\u00eater de ne pas avoir confiance en nos capacit\u00e9s et y croire \u00bb","datePublished":"2024-03-11T15:08:15+00:00","dateModified":"2024-03-11T16:02:22+00:00","mainEntityOfPage":{"@id":"https:\/\/dicodusport.fr\/blog\/sebastien-barrois-il-faut-arreter-de-ne-pas-avoir-confiance-en-nos-capacites-et-y-croire\/"},"wordCount":1339,"commentCount":0,"publisher":{"@id":"https:\/\/dicodusport.fr\/blog\/#organization"},"image":{"@id":"https:\/\/dicodusport.fr\/blog\/sebastien-barrois-il-faut-arreter-de-ne-pas-avoir-confiance-en-nos-capacites-et-y-croire\/#primaryimage"},"thumbnailUrl":"https:\/\/dicodusport.fr\/blog\/wp-content\/uploads\/2024\/03\/Sebastien-Barrois-Il-faut-arreter-de-ne-pas-avoir-confiance-en-nos-capacites-et-y-croire-.png","keywords":["br\u00e8ve","Championnats d'Europe escrime fauteuil","escrime fauteuil","handisport"],"articleSection":["Escrime","Handisport"],"inLanguage":"fr-FR","potentialAction":[{"@type":"CommentAction","name":"Comment","target":["https:\/\/dicodusport.fr\/blog\/sebastien-barrois-il-faut-arreter-de-ne-pas-avoir-confiance-en-nos-capacites-et-y-croire\/#respond"]}],"copyrightYear":"2024","copyrightHolder":{"@id":"https:\/\/dicodusport.fr\/blog\/#organization"}},{"@type":"WebPage","@id":"https:\/\/dicodusport.fr\/blog\/sebastien-barrois-il-faut-arreter-de-ne-pas-avoir-confiance-en-nos-capacites-et-y-croire\/","url":"https:\/\/dicodusport.fr\/blog\/sebastien-barrois-il-faut-arreter-de-ne-pas-avoir-confiance-en-nos-capacites-et-y-croire\/","name":"S\u00e9bastien Barrois : \u00ab Il faut arr\u00eater de ne pas avoir confiance en nos capacit\u00e9s et y croire \u00bb","isPartOf":{"@id":"https:\/\/dicodusport.fr\/blog\/#website"},"primaryImageOfPage":{"@id":"https:\/\/dicodusport.fr\/blog\/sebastien-barrois-il-faut-arreter-de-ne-pas-avoir-confiance-en-nos-capacites-et-y-croire\/#primaryimage"},"image":{"@id":"https:\/\/dicodusport.fr\/blog\/sebastien-barrois-il-faut-arreter-de-ne-pas-avoir-confiance-en-nos-capacites-et-y-croire\/#primaryimage"},"thumbnailUrl":"https:\/\/dicodusport.fr\/blog\/wp-content\/uploads\/2024\/03\/Sebastien-Barrois-Il-faut-arreter-de-ne-pas-avoir-confiance-en-nos-capacites-et-y-croire-.png","datePublished":"2024-03-11T15:08:15+00:00","dateModified":"2024-03-11T16:02:22+00:00","description":"Apr\u00e8s les championnats d'Europe d'escrime fauteuil, S\u00e9bastien Barrois est revenu sur les r\u00e9sultats de l'\u00e9quipe de France sur la comp\u00e9tition.","breadcrumb":{"@id":"https:\/\/dicodusport.fr\/blog\/sebastien-barrois-il-faut-arreter-de-ne-pas-avoir-confiance-en-nos-capacites-et-y-croire\/#breadcrumb"},"inLanguage":"fr-FR","potentialAction":[{"@type":"ReadAction","target":["https:\/\/dicodusport.fr\/blog\/sebastien-barrois-il-faut-arreter-de-ne-pas-avoir-confiance-en-nos-capacites-et-y-croire\/"]}]},{"@type":"ImageObject","inLanguage":"fr-FR","@id":"https:\/\/dicodusport.fr\/blog\/sebastien-barrois-il-faut-arreter-de-ne-pas-avoir-confiance-en-nos-capacites-et-y-croire\/#primaryimage","url":"https:\/\/dicodusport.fr\/blog\/wp-content\/uploads\/2024\/03\/Sebastien-Barrois-Il-faut-arreter-de-ne-pas-avoir-confiance-en-nos-capacites-et-y-croire-.png","contentUrl":"https:\/\/dicodusport.fr\/blog\/wp-content\/uploads\/2024\/03\/Sebastien-Barrois-Il-faut-arreter-de-ne-pas-avoir-confiance-en-nos-capacites-et-y-croire-.png","width":1200,"height":674,"caption":"S\u00e9bastien Barrois \u00ab Il faut arr\u00eater de ne pas avoir confiance en nos capacit\u00e9s et y croire \u00bb"},{"@type":"BreadcrumbList","@id":"https:\/\/dicodusport.fr\/blog\/sebastien-barrois-il-faut-arreter-de-ne-pas-avoir-confiance-en-nos-capacites-et-y-croire\/#breadcrumb","itemListElement":[{"@type":"ListItem","position":1,"name":"Accueil","item":"https:\/\/dicodusport.fr\/blog\/"},{"@type":"ListItem","position":2,"name":"S\u00e9bastien Barrois : \u00ab Il faut arr\u00eater de ne pas avoir confiance en nos capacit\u00e9s et y croire \u00bb"}]},{"@type":"WebSite","@id":"https:\/\/dicodusport.fr\/blog\/#website","url":"https:\/\/dicodusport.fr\/blog\/","name":"Dicodusport","description":"L&#039;encyclop\u00e9die de l&#039;actualit\u00e9 sportive","publisher":{"@id":"https:\/\/dicodusport.fr\/blog\/#organization"},"potentialAction":[{"@type":"SearchAction","target":{"@type":"EntryPoint","urlTemplate":"https:\/\/dicodusport.fr\/blog\/?s={search_term_string}"},"query-input":{"@type":"PropertyValueSpecification","valueRequired":true,"valueName":"search_term_string"}}],"inLanguage":"fr-FR"},{"@type":"NewsMediaOrganization","@id":"https:\/\/dicodusport.fr\/blog\/#organization","name":"Dicodusport","url":"https:\/\/dicodusport.fr\/blog\/","logo":{"@type":"ImageObject","inLanguage":"fr-FR","@id":"https:\/\/dicodusport.fr\/blog\/#\/schema\/logo\/image\/","url":"https:\/\/dicodusport.fr\/blog\/wp-content\/uploads\/2020\/06\/cropped-LOGO-DICODUSPORT-2020-SANS-FOND-SANS-TEXTE.png","contentUrl":"https:\/\/dicodusport.fr\/blog\/wp-content\/uploads\/2020\/06\/cropped-LOGO-DICODUSPORT-2020-SANS-FOND-SANS-TEXTE.png","width":512,"height":512,"caption":"Dicodusport"},"image":{"@id":"https:\/\/dicodusport.fr\/blog\/#\/schema\/logo\/image\/"},"sameAs":["https:\/\/www.facebook.com\/dicodusport","https:\/\/x.com\/dicodusport","https:\/\/www.instagram.com\/dicodusport\/","https:\/\/www.youtube.com\/channel\/UC7V2KZ5sd3htJivAbA4ZG3w"],"description":"Dicodusport est l'encyclop\u00e9die de l'actualit\u00e9 sportive.","email":"bonjour@dicodusport.fr","legalName":"DICODUSPORT","foundingDate":"2018-01-14","vatID":"FR71834470973","taxID":"83447097300043","numberOfEmployees":{"@type":"QuantitativeValue","minValue":"1","maxValue":"10"}},{"@type":"Person","@id":"https:\/\/dicodusport.fr\/blog\/#\/schema\/person\/ff2feeb71ea78ad31eeb3390ffe96b46","name":"Killian Tanguy","image":{"@type":"ImageObject","inLanguage":"fr-FR","@id":"https:\/\/dicodusport.fr\/blog\/#\/schema\/person\/image\/","url":"https:\/\/dicodusport.fr\/blog\/wp-content\/uploads\/2022\/12\/Killian-Tanguy-150x150.png","contentUrl":"https:\/\/dicodusport.fr\/blog\/wp-content\/uploads\/2022\/12\/Killian-Tanguy-150x150.png","caption":"Killian Tanguy"},"description":"Journaliste qui parle de tout et surtout de sport. Rugby, handball, sports d'hiver, football, cyclisme... Et ce que j'aime par-dessus tout : couvrir une discipline que je ne connais pas. Rien de mieux pour s'enrichir et apprendre.","sameAs":["https:\/\/killiantanguy.wixsite.com\/monsite","https:\/\/www.facebook.com\/profile.php?id=100009753662352","https:\/\/www.instagram.com\/sport.killiantanguy\/","https:\/\/www.linkedin.com\/in\/killiantanguy\/","https:\/\/x.com\/https:\/\/twitter.com\/sport_ktanguy","https:\/\/www.youtube.com\/channel\/UCRfZkHKJL0wK7wvnJjCry-Q"],"url":"https:\/\/dicodusport.fr\/blog\/author\/killian-tanguy\/"}]}},"_links":{"self":[{"href":"https:\/\/dicodusport.fr\/blog\/wp-json\/wp\/v2\/posts\/471274","targetHints":{"allow":["GET"]}}],"collection":[{"href":"https:\/\/dicodusport.fr\/blog\/wp-json\/wp\/v2\/posts"}],"about":[{"href":"https:\/\/dicodusport.fr\/blog\/wp-json\/wp\/v2\/types\/post"}],"author":[{"embeddable":true,"href":"https:\/\/dicodusport.fr\/blog\/wp-json\/wp\/v2\/users\/80"}],"replies":[{"embeddable":true,"href":"https:\/\/dicodusport.fr\/blog\/wp-json\/wp\/v2\/comments?post=471274"}],"version-history":[{"count":4,"href":"https:\/\/dicodusport.fr\/blog\/wp-json\/wp\/v2\/posts\/471274\/revisions"}],"predecessor-version":[{"id":471343,"href":"https:\/\/dicodusport.fr\/blog\/wp-json\/wp\/v2\/posts\/471274\/revisions\/471343"}],"wp:featuredmedia":[{"embeddable":true,"href":"https:\/\/dicodusport.fr\/blog\/wp-json\/wp\/v2\/media\/471335"}],"wp:attachment":[{"href":"https:\/\/dicodusport.fr\/blog\/wp-json\/wp\/v2\/media?parent=471274"}],"wp:term":[{"taxonomy":"category","embeddable":true,"href":"https:\/\/dicodusport.fr\/blog\/wp-json\/wp\/v2\/categories?post=471274"},{"taxonomy":"post_tag","embeddable":true,"href":"https:\/\/dicodusport.fr\/blog\/wp-json\/wp\/v2\/tags?post=471274"}],"curies":[{"name":"wp","href":"https:\/\/api.w.org\/{rel}","templated":true}]}}