{"id":471474,"date":"2024-03-12T19:31:26","date_gmt":"2024-03-12T18:31:26","guid":{"rendered":"https:\/\/dicodusport.fr\/blog\/?p=471474&#038;preview=true&#038;preview_id=471474"},"modified":"2024-03-12T19:31:26","modified_gmt":"2024-03-12T18:31:26","slug":"transferts-rugby-teddy-iribaren-brive-les-infos-du-mardi-12-mars","status":"publish","type":"post","link":"https:\/\/dicodusport.fr\/blog\/transferts-rugby-teddy-iribaren-brive-les-infos-du-mardi-12-mars\/","title":{"rendered":"Transferts Rugby : Teddy Iribaren, Brive, les infos du mardi 12 mars"},"content":{"rendered":"<p style=\"text-align: justify;\" align=\"justify\"><strong><em>TRANSFERTS RUGBY &#8211; Teddy Iribaren vers un club de Pro D2, Brive s&rsquo;active dans le sens des arriv\u00e9es <\/em><\/strong><strong><em>:<\/em><\/strong> <strong><em>les infos transferts de ce mardi 12 mars 2024.<\/em><\/strong><\/p>\n<h2 style=\"text-align: justify;\">La Rochelle : Teddy Iribaren vers Brive<\/h2>\n<p style=\"text-align: justify;\"><strong>Teddy Iribaren<\/strong> ne va pas faire de vieux os \u00e0 <strong>La Rochelle<\/strong>. Le demi de m\u00eal\u00e9e de 33 ans, arriv\u00e9 chez les <em>Jaune et Noir<\/em> l&rsquo;\u00e9t\u00e9 dernier avec un contrat de trois ans \u00e0 la cl\u00e9, devrait d\u00e9j\u00e0 quitter les doubles champions d&rsquo;Europe en titre \u00e0 l&rsquo;issue de l&rsquo;exercice en course. L&rsquo;ancien joueur du <strong>Racing 92<\/strong> n&rsquo;a pas vraiment convaincu jusqu&rsquo;\u00e0 pr\u00e9sent chez les Maritimes.<\/p>\n<p style=\"text-align: justify;\">Actuellement bless\u00e9, le Haut-Garonnais d&rsquo;origine a disput\u00e9 14 matchs cette saison, pour seulement cinq titularisations. La tendance est \u00e0 un d\u00e9part du joueur form\u00e9 au Stade Toulousain. Ainsi, <strong>Brive<\/strong> tient la corde pour r\u00e9cup\u00e9rer le num\u00e9ro 9 aux 246 matchs professionnels. Pour rappel, <strong>Teddy Iribaren<\/strong> a d\u00e9j\u00e0 \u00e9volu\u00e9 sous les couleurs du club corr\u00e9zien, entre 2015 et 2017.<\/p>\n<p style=\"text-align: justify;\"><em><strong>L&rsquo;avis Dicodusport<\/strong> : Sans surprise, il n&rsquo;est pas pass\u00e9 devant Tawera Kerr-Barlow, se partageant le reste du temps de jeu avec Thomas Berjon. Iribaren aspire \u00e0 retrouver un temps de jeu cons\u00e9quent. Brive semble \u00eatre la destination id\u00e9ale pour lui.<\/em><\/p>\n<ul style=\"text-align: justify;\">\n<li style=\"text-align: justify;\"><strong>\u00c0 ce sujet &#8211; <a href=\"https:\/\/dicodusport.fr\/blog\/transferts-teddy-iribaren-devrait-deja-quitter-le-stade-rochelais\/\">Transferts : Teddy Iribaren devrait d\u00e9j\u00e0 quitter le Stade Rochelais<\/a><br \/>\n<\/strong><\/li>\n<\/ul>\n<h2 style=\"text-align: justify;\">Brive : Henzo Kiteau (Clermont) et Hugo Verdu (Massy) s&rsquo;engagent<\/h2>\n<p style=\"text-align: justify;\">D\u00e9cid\u00e9ment, le CAB est actif sur le march\u00e9 des mutations. Car, outre la piste <strong>Teddy Iribaren<\/strong> \u00e0 la m\u00eal\u00e9e, les Brivistes ont officialis\u00e9 deux recrues ces derni\u00e8res heures. Devant, les Corr\u00e9ziens se sont attach\u00e9s les services du pilier droit <strong>Henzo Kiteau<\/strong>. Le joueur de 22 ans \u00e9volue actuellement sous les couleurs de l&rsquo;ASM Clermont, o\u00f9 il a \u00e9t\u00e9 form\u00e9. Apr\u00e8s un pr\u00eat d&rsquo;une saison \u00e0 Aurillac (Pro D2), l&rsquo;international U20 est rest\u00e9 cette saison dans le Puy-de-D\u00f4me. Sans r\u00e9ussir \u00e0 s&rsquo;installer, avec six feuilles de match, pour aucune titularisation. Il a sign\u00e9 un bail de deux saisons en Corr\u00e8ze.<\/p>\n<div class=\"vlp-link-container vlp-layout-article\"><a href=\"https:\/\/dicodusport.fr\/blog\/transferts-henzo-kiteau-quitte-clermont-et-signe-en-pro-d2\/\" class=\"vlp-link\" title=\"Transferts : Henzo Kiteau quitte Clermont et signe en Pro D2\"><\/a><div class=\"vlp-layout-zone-side\"><div class=\"vlp-block-4 vlp-link-image\"><img loading=\"lazy\" decoding=\"async\" style=\"max-width: 792px;\" width=\"792\" height=\"445\" src=\"https:\/\/dicodusport.fr\/blog\/wp-content\/uploads\/2024\/03\/Transferts-Henzo-Kiteau-quitte-Clermont-et-signe-en-Pro-D2.png\" class=\"attachment-800x445 size-800x445\" alt=\"\" srcset=\"https:\/\/dicodusport.fr\/blog\/wp-content\/uploads\/2024\/03\/Transferts-Henzo-Kiteau-quitte-Clermont-et-signe-en-Pro-D2.png 1200w, https:\/\/dicodusport.fr\/blog\/wp-content\/uploads\/2024\/03\/Transferts-Henzo-Kiteau-quitte-Clermont-et-signe-en-Pro-D2-300x169.png 300w, https:\/\/dicodusport.fr\/blog\/wp-content\/uploads\/2024\/03\/Transferts-Henzo-Kiteau-quitte-Clermont-et-signe-en-Pro-D2-1024x575.png 1024w, https:\/\/dicodusport.fr\/blog\/wp-content\/uploads\/2024\/03\/Transferts-Henzo-Kiteau-quitte-Clermont-et-signe-en-Pro-D2-768x431.png 768w\" sizes=\"auto, (max-width: 792px) 100vw, 792px\" \/><\/div><\/div><div class=\"vlp-layout-zone-main\"><div class=\"vlp-block-0 vlp-link-title\">Transferts : Henzo Kiteau quitte Clermont et signe en Pro D2<\/div><div class=\"vlp-block-1 vlp-link-summary\">RUGBY \u00c0 XV - Le CA Brive a annonc\u00e9 la signature du pilier droit de l'ASM Clermont, Henzo Kiteau, pour la saison prochaine.\u00a0<\/div><div class=\"vlp-block-2 vlp-link-button\">Lire l'article<\/div><div class=\"vlp-block-3 vlp-link-url\">dicodusport.fr<\/div><\/div><\/div>\n<p style=\"text-align: justify;\">\u00c0 la charni\u00e8re, <strong>Brive<\/strong> a, en revanche, opt\u00e9 pour un joueur exp\u00e9riment\u00e9. Le demi d&rsquo;ouverture <strong>Hugo Verdu<\/strong> (27 ans) n&rsquo;est pas un premier venu. Arriv\u00e9 l&rsquo;\u00e9t\u00e9 dernier \u00e0 <strong>Massy<\/strong> en Nationale, celui qui est aussi capable d&rsquo;\u00e9voluer \u00e0 la m\u00eal\u00e9e dispose d&rsquo;une solide exp\u00e9rience au plus haut niveau, avec notamment 43 rencontres de Top 14 disput\u00e9es, sous les couleurs du<strong> SU Agen<\/strong>. Actuel meilleur marqueur de Nationale, il s&rsquo;est engag\u00e9 pour deux saisons avec les Corr\u00e9ziens.<\/p>\n<p style=\"text-align: justify;\"><em><strong>L&rsquo;avis Dicodusport<\/strong> : Brive poursuit sa restructuration. Un pari sur l&rsquo;avenir et un joueur d&rsquo;exp\u00e9rience \u00e0 un poste cl\u00e9 : les recrutements de Kiteau et Verdu semblent coh\u00e9rents.<\/em><\/p>\n<ul style=\"text-align: justify;\">\n<li style=\"text-align: justify;\"><strong>\u00c0 ce sujet &#8211; <a href=\"https:\/\/dicodusport.fr\/blog\/transferts-massy-hugo-verdu-signe-en-pro-d2\/\">Transferts Massy : Hugo Verdu signe en Pro D2<\/a><br \/>\n<\/strong><\/li>\n<\/ul>\n","protected":false},"excerpt":{"rendered":"<p>TRANSFERTS RUGBY &#8211; Teddy Iribaren vers un club de Pro D2, Brive s&rsquo;active dans le sens des arriv\u00e9es : les infos transferts de ce mardi 12 mars 2024.<\/p>\n","protected":false},"author":4,"featured_media":471503,"comment_status":"open","ping_status":"closed","sticky":false,"template":"","format":"standard","meta":{"_acf_changed":false,"_daextam_enable_autolinks":"1","footnotes":""},"categories":[9129,47050],"tags":[32415,16878,28226,13,110,29105],"class_list":["post-471474","post","type-post","status-publish","format-standard","has-post-thumbnail","hentry","category-rugby-a-xv","category-top-14","tag-actu","tag-breve","tag-mercato-rugby","tag-rugby","tag-rugby-a-xv","tag-transferts-rugby"],"acf":[],"yoast_head":"<!-- This site is optimized with the Yoast SEO Premium plugin v26.7 (Yoast SEO v26.7) - https:\/\/yoast.com\/wordpress\/plugins\/seo\/ -->\n<title>Transferts Rugby : Teddy Iribaren, Brive, les infos du mardi 12 mars<\/title>\n<meta name=\"description\" content=\"TRANSFERTS RUGBY - Teddy Iribaren vers un club de Pro D2, Brive s&#039;active dans le sens des arriv\u00e9es : les infos transferts de ce mardi 12 mars 2024.\" \/>\n<meta name=\"robots\" content=\"index, follow, max-snippet:-1, max-image-preview:large, max-video-preview:-1\" \/>\n<link rel=\"canonical\" href=\"https:\/\/dicodusport.fr\/blog\/transferts-rugby-teddy-iribaren-brive-les-infos-du-mardi-12-mars\/\" \/>\n<meta property=\"og:locale\" content=\"fr_FR\" \/>\n<meta property=\"og:type\" content=\"article\" \/>\n<meta property=\"og:title\" content=\"Transferts Rugby : Teddy Iribaren, Brive, les infos du mardi 12 mars\" \/>\n<meta property=\"og:description\" content=\"TRANSFERTS RUGBY - Teddy Iribaren vers un club de Pro D2, Brive s&#039;active dans le sens des arriv\u00e9es : les infos transferts de ce mardi 12 mars 2024.\" \/>\n<meta property=\"og:url\" content=\"https:\/\/dicodusport.fr\/blog\/transferts-rugby-teddy-iribaren-brive-les-infos-du-mardi-12-mars\/\" \/>\n<meta property=\"og:site_name\" content=\"Dicodusport\" \/>\n<meta property=\"article:publisher\" content=\"https:\/\/www.facebook.com\/dicodusport\" \/>\n<meta property=\"article:author\" content=\"https:\/\/www.facebook.com\/florent.ostermann\" \/>\n<meta property=\"article:published_time\" content=\"2024-03-12T18:31:26+00:00\" \/>\n<meta property=\"og:image\" content=\"https:\/\/dicodusport.fr\/blog\/wp-content\/uploads\/2024\/03\/Transferts-Rugby-Teddy-Iribaren-Brive-les-infos-du-mardi-12-mars.png\" \/>\n\t<meta property=\"og:image:width\" content=\"1200\" \/>\n\t<meta property=\"og:image:height\" content=\"674\" \/>\n\t<meta property=\"og:image:type\" content=\"image\/png\" \/>\n<meta name=\"author\" content=\"Flo Ostermann\" \/>\n<meta name=\"twitter:card\" content=\"summary_large_image\" \/>\n<meta name=\"twitter:title\" content=\"Transferts Rugby : Teddy Iribaren, Brive, les infos du mardi 12 mars\" \/>\n<meta name=\"twitter:creator\" content=\"@https:\/\/twitter.com\/FlOstermann\" \/>\n<meta name=\"twitter:site\" content=\"@dicodusport\" \/>\n<script type=\"application\/ld+json\" class=\"yoast-schema-graph\">{\"@context\":\"https:\/\/schema.org\",\"@graph\":[{\"@type\":\"NewsArticle\",\"@id\":\"https:\/\/dicodusport.fr\/blog\/transferts-rugby-teddy-iribaren-brive-les-infos-du-mardi-12-mars\/#article\",\"isPartOf\":{\"@id\":\"https:\/\/dicodusport.fr\/blog\/transferts-rugby-teddy-iribaren-brive-les-infos-du-mardi-12-mars\/\"},\"author\":{\"name\":\"Flo Ostermann\",\"@id\":\"https:\/\/dicodusport.fr\/blog\/#\/schema\/person\/cb02af4c173ce4a653b55e9baf388d4a\"},\"headline\":\"Transferts Rugby : Teddy Iribaren, Brive, les infos du mardi 12 mars\",\"datePublished\":\"2024-03-12T18:31:26+00:00\",\"mainEntityOfPage\":{\"@id\":\"https:\/\/dicodusport.fr\/blog\/transferts-rugby-teddy-iribaren-brive-les-infos-du-mardi-12-mars\/\"},\"wordCount\":542,\"commentCount\":0,\"publisher\":{\"@id\":\"https:\/\/dicodusport.fr\/blog\/#organization\"},\"image\":{\"@id\":\"https:\/\/dicodusport.fr\/blog\/transferts-rugby-teddy-iribaren-brive-les-infos-du-mardi-12-mars\/#primaryimage\"},\"thumbnailUrl\":\"https:\/\/dicodusport.fr\/blog\/wp-content\/uploads\/2024\/03\/Transferts-Rugby-Teddy-Iribaren-Brive-les-infos-du-mardi-12-mars.png\",\"keywords\":[\"actu\",\"br\u00e8ve\",\"Mercato Rugby\",\"Rugby\",\"Rugby \u00e0 XV\",\"Transferts rugby\"],\"articleSection\":[\"Rugby \u00e0 XV\",\"Top 14\"],\"inLanguage\":\"fr-FR\",\"potentialAction\":[{\"@type\":\"CommentAction\",\"name\":\"Comment\",\"target\":[\"https:\/\/dicodusport.fr\/blog\/transferts-rugby-teddy-iribaren-brive-les-infos-du-mardi-12-mars\/#respond\"]}],\"copyrightYear\":\"2024\",\"copyrightHolder\":{\"@id\":\"https:\/\/dicodusport.fr\/blog\/#organization\"}},{\"@type\":\"WebPage\",\"@id\":\"https:\/\/dicodusport.fr\/blog\/transferts-rugby-teddy-iribaren-brive-les-infos-du-mardi-12-mars\/\",\"url\":\"https:\/\/dicodusport.fr\/blog\/transferts-rugby-teddy-iribaren-brive-les-infos-du-mardi-12-mars\/\",\"name\":\"Transferts Rugby : Teddy Iribaren, Brive, les infos du mardi 12 mars\",\"isPartOf\":{\"@id\":\"https:\/\/dicodusport.fr\/blog\/#website\"},\"primaryImageOfPage\":{\"@id\":\"https:\/\/dicodusport.fr\/blog\/transferts-rugby-teddy-iribaren-brive-les-infos-du-mardi-12-mars\/#primaryimage\"},\"image\":{\"@id\":\"https:\/\/dicodusport.fr\/blog\/transferts-rugby-teddy-iribaren-brive-les-infos-du-mardi-12-mars\/#primaryimage\"},\"thumbnailUrl\":\"https:\/\/dicodusport.fr\/blog\/wp-content\/uploads\/2024\/03\/Transferts-Rugby-Teddy-Iribaren-Brive-les-infos-du-mardi-12-mars.png\",\"datePublished\":\"2024-03-12T18:31:26+00:00\",\"description\":\"TRANSFERTS RUGBY - Teddy Iribaren vers un club de Pro D2, Brive s'active dans le sens des arriv\u00e9es : les infos transferts de ce mardi 12 mars 2024.\",\"breadcrumb\":{\"@id\":\"https:\/\/dicodusport.fr\/blog\/transferts-rugby-teddy-iribaren-brive-les-infos-du-mardi-12-mars\/#breadcrumb\"},\"inLanguage\":\"fr-FR\",\"potentialAction\":[{\"@type\":\"ReadAction\",\"target\":[\"https:\/\/dicodusport.fr\/blog\/transferts-rugby-teddy-iribaren-brive-les-infos-du-mardi-12-mars\/\"]}]},{\"@type\":\"ImageObject\",\"inLanguage\":\"fr-FR\",\"@id\":\"https:\/\/dicodusport.fr\/blog\/transferts-rugby-teddy-iribaren-brive-les-infos-du-mardi-12-mars\/#primaryimage\",\"url\":\"https:\/\/dicodusport.fr\/blog\/wp-content\/uploads\/2024\/03\/Transferts-Rugby-Teddy-Iribaren-Brive-les-infos-du-mardi-12-mars.png\",\"contentUrl\":\"https:\/\/dicodusport.fr\/blog\/wp-content\/uploads\/2024\/03\/Transferts-Rugby-Teddy-Iribaren-Brive-les-infos-du-mardi-12-mars.png\",\"width\":1200,\"height\":674,\"caption\":\"Transferts Rugby Teddy Iribaren, Brive, les infos du mardi 12 mars\"},{\"@type\":\"BreadcrumbList\",\"@id\":\"https:\/\/dicodusport.fr\/blog\/transferts-rugby-teddy-iribaren-brive-les-infos-du-mardi-12-mars\/#breadcrumb\",\"itemListElement\":[{\"@type\":\"ListItem\",\"position\":1,\"name\":\"Accueil\",\"item\":\"https:\/\/dicodusport.fr\/blog\/\"},{\"@type\":\"ListItem\",\"position\":2,\"name\":\"Transferts Rugby : Teddy Iribaren, Brive, les infos du mardi 12 mars\"}]},{\"@type\":\"WebSite\",\"@id\":\"https:\/\/dicodusport.fr\/blog\/#website\",\"url\":\"https:\/\/dicodusport.fr\/blog\/\",\"name\":\"Dicodusport\",\"description\":\"L&#039;encyclop\u00e9die de l&#039;actualit\u00e9 sportive\",\"publisher\":{\"@id\":\"https:\/\/dicodusport.fr\/blog\/#organization\"},\"potentialAction\":[{\"@type\":\"SearchAction\",\"target\":{\"@type\":\"EntryPoint\",\"urlTemplate\":\"https:\/\/dicodusport.fr\/blog\/?s={search_term_string}\"},\"query-input\":{\"@type\":\"PropertyValueSpecification\",\"valueRequired\":true,\"valueName\":\"search_term_string\"}}],\"inLanguage\":\"fr-FR\"},{\"@type\":\"NewsMediaOrganization\",\"@id\":\"https:\/\/dicodusport.fr\/blog\/#organization\",\"name\":\"Dicodusport\",\"url\":\"https:\/\/dicodusport.fr\/blog\/\",\"logo\":{\"@type\":\"ImageObject\",\"inLanguage\":\"fr-FR\",\"@id\":\"https:\/\/dicodusport.fr\/blog\/#\/schema\/logo\/image\/\",\"url\":\"https:\/\/dicodusport.fr\/blog\/wp-content\/uploads\/2020\/06\/cropped-LOGO-DICODUSPORT-2020-SANS-FOND-SANS-TEXTE.png\",\"contentUrl\":\"https:\/\/dicodusport.fr\/blog\/wp-content\/uploads\/2020\/06\/cropped-LOGO-DICODUSPORT-2020-SANS-FOND-SANS-TEXTE.png\",\"width\":512,\"height\":512,\"caption\":\"Dicodusport\"},\"image\":{\"@id\":\"https:\/\/dicodusport.fr\/blog\/#\/schema\/logo\/image\/\"},\"sameAs\":[\"https:\/\/www.facebook.com\/dicodusport\",\"https:\/\/x.com\/dicodusport\",\"https:\/\/www.instagram.com\/dicodusport\/\",\"https:\/\/www.youtube.com\/channel\/UC7V2KZ5sd3htJivAbA4ZG3w\"],\"description\":\"Dicodusport est l'encyclop\u00e9die de l'actualit\u00e9 sportive.\",\"email\":\"bonjour@dicodusport.fr\",\"legalName\":\"DICODUSPORT\",\"foundingDate\":\"2018-01-14\",\"vatID\":\"FR71834470973\",\"taxID\":\"83447097300043\",\"numberOfEmployees\":{\"@type\":\"QuantitativeValue\",\"minValue\":\"1\",\"maxValue\":\"10\"}},{\"@type\":\"Person\",\"@id\":\"https:\/\/dicodusport.fr\/blog\/#\/schema\/person\/cb02af4c173ce4a653b55e9baf388d4a\",\"name\":\"Flo Ostermann\",\"image\":{\"@type\":\"ImageObject\",\"inLanguage\":\"fr-FR\",\"@id\":\"https:\/\/dicodusport.fr\/blog\/#\/schema\/person\/image\/\",\"url\":\"https:\/\/dicodusport.fr\/blog\/wp-content\/uploads\/2021\/05\/Flo-Ostermann-150x150.jpg\",\"contentUrl\":\"https:\/\/dicodusport.fr\/blog\/wp-content\/uploads\/2021\/05\/Flo-Ostermann-150x150.jpg\",\"caption\":\"Flo Ostermann\"},\"description\":\"Journaliste\/R\u00e9dacteur depuis septembre 2015 - Mes premiers souvenirs dans le sport ? Les envol\u00e9es du Stade Toulousain et les duels Villeneuve-Schumacher et H\u00e4kkinen-Schumacher \u00e0 la fin des ann\u00e9es 90, la Coupe du monde de football en 1998, l\u2019exploit du XV de France face aux All Blacks en 1999, mais aussi Richard C\u0153ur de Lion qui vole sur les montagnes du Tour de France. Bien parti pour devenir professeur d\u2019EPS, les \u00e9v\u00e9nements de la vie (et la flemme d\u2019animer des s\u00e9ances de 3x500 m\u00e8tres toute ma vie) m\u2019ont conduit \u00e0 revoir mes plans. Me voil\u00e0 depuis fin 2017 sur Dicodusport, m\u00e9dia gr\u00e2ce (et pour) lequel je partage ma passion : le sport dans tous ses \u00e9tats. Le tout accompagn\u00e9 par les fous furieux et folles furieuses cit\u00e9s sur cette page !\",\"sameAs\":[\"https:\/\/www.facebook.com\/florent.ostermann\",\"https:\/\/x.com\/https:\/\/twitter.com\/FlOstermann\",\"admin\"],\"url\":\"https:\/\/dicodusport.fr\/blog\/author\/flo\/\"}]}<\/script>\n<!-- \/ Yoast SEO Premium plugin. -->","yoast_head_json":{"title":"Transferts Rugby : Teddy Iribaren, Brive, les infos du mardi 12 mars","description":"TRANSFERTS RUGBY - Teddy Iribaren vers un club de Pro D2, Brive s'active dans le sens des arriv\u00e9es : les infos transferts de ce mardi 12 mars 2024.","robots":{"index":"index","follow":"follow","max-snippet":"max-snippet:-1","max-image-preview":"max-image-preview:large","max-video-preview":"max-video-preview:-1"},"canonical":"https:\/\/dicodusport.fr\/blog\/transferts-rugby-teddy-iribaren-brive-les-infos-du-mardi-12-mars\/","og_locale":"fr_FR","og_type":"article","og_title":"Transferts Rugby : Teddy Iribaren, Brive, les infos du mardi 12 mars","og_description":"TRANSFERTS RUGBY - Teddy Iribaren vers un club de Pro D2, Brive s'active dans le sens des arriv\u00e9es : les infos transferts de ce mardi 12 mars 2024.","og_url":"https:\/\/dicodusport.fr\/blog\/transferts-rugby-teddy-iribaren-brive-les-infos-du-mardi-12-mars\/","og_site_name":"Dicodusport","article_publisher":"https:\/\/www.facebook.com\/dicodusport","article_author":"https:\/\/www.facebook.com\/florent.ostermann","article_published_time":"2024-03-12T18:31:26+00:00","og_image":[{"width":1200,"height":674,"url":"https:\/\/dicodusport.fr\/blog\/wp-content\/uploads\/2024\/03\/Transferts-Rugby-Teddy-Iribaren-Brive-les-infos-du-mardi-12-mars.png","type":"image\/png"}],"author":"Flo Ostermann","twitter_card":"summary_large_image","twitter_title":"Transferts Rugby : Teddy Iribaren, Brive, les infos du mardi 12 mars","twitter_creator":"@https:\/\/twitter.com\/FlOstermann","twitter_site":"@dicodusport","schema":{"@context":"https:\/\/schema.org","@graph":[{"@type":"NewsArticle","@id":"https:\/\/dicodusport.fr\/blog\/transferts-rugby-teddy-iribaren-brive-les-infos-du-mardi-12-mars\/#article","isPartOf":{"@id":"https:\/\/dicodusport.fr\/blog\/transferts-rugby-teddy-iribaren-brive-les-infos-du-mardi-12-mars\/"},"author":{"name":"Flo Ostermann","@id":"https:\/\/dicodusport.fr\/blog\/#\/schema\/person\/cb02af4c173ce4a653b55e9baf388d4a"},"headline":"Transferts Rugby : Teddy Iribaren, Brive, les infos du mardi 12 mars","datePublished":"2024-03-12T18:31:26+00:00","mainEntityOfPage":{"@id":"https:\/\/dicodusport.fr\/blog\/transferts-rugby-teddy-iribaren-brive-les-infos-du-mardi-12-mars\/"},"wordCount":542,"commentCount":0,"publisher":{"@id":"https:\/\/dicodusport.fr\/blog\/#organization"},"image":{"@id":"https:\/\/dicodusport.fr\/blog\/transferts-rugby-teddy-iribaren-brive-les-infos-du-mardi-12-mars\/#primaryimage"},"thumbnailUrl":"https:\/\/dicodusport.fr\/blog\/wp-content\/uploads\/2024\/03\/Transferts-Rugby-Teddy-Iribaren-Brive-les-infos-du-mardi-12-mars.png","keywords":["actu","br\u00e8ve","Mercato Rugby","Rugby","Rugby \u00e0 XV","Transferts rugby"],"articleSection":["Rugby \u00e0 XV","Top 14"],"inLanguage":"fr-FR","potentialAction":[{"@type":"CommentAction","name":"Comment","target":["https:\/\/dicodusport.fr\/blog\/transferts-rugby-teddy-iribaren-brive-les-infos-du-mardi-12-mars\/#respond"]}],"copyrightYear":"2024","copyrightHolder":{"@id":"https:\/\/dicodusport.fr\/blog\/#organization"}},{"@type":"WebPage","@id":"https:\/\/dicodusport.fr\/blog\/transferts-rugby-teddy-iribaren-brive-les-infos-du-mardi-12-mars\/","url":"https:\/\/dicodusport.fr\/blog\/transferts-rugby-teddy-iribaren-brive-les-infos-du-mardi-12-mars\/","name":"Transferts Rugby : Teddy Iribaren, Brive, les infos du mardi 12 mars","isPartOf":{"@id":"https:\/\/dicodusport.fr\/blog\/#website"},"primaryImageOfPage":{"@id":"https:\/\/dicodusport.fr\/blog\/transferts-rugby-teddy-iribaren-brive-les-infos-du-mardi-12-mars\/#primaryimage"},"image":{"@id":"https:\/\/dicodusport.fr\/blog\/transferts-rugby-teddy-iribaren-brive-les-infos-du-mardi-12-mars\/#primaryimage"},"thumbnailUrl":"https:\/\/dicodusport.fr\/blog\/wp-content\/uploads\/2024\/03\/Transferts-Rugby-Teddy-Iribaren-Brive-les-infos-du-mardi-12-mars.png","datePublished":"2024-03-12T18:31:26+00:00","description":"TRANSFERTS RUGBY - Teddy Iribaren vers un club de Pro D2, Brive s'active dans le sens des arriv\u00e9es : les infos transferts de ce mardi 12 mars 2024.","breadcrumb":{"@id":"https:\/\/dicodusport.fr\/blog\/transferts-rugby-teddy-iribaren-brive-les-infos-du-mardi-12-mars\/#breadcrumb"},"inLanguage":"fr-FR","potentialAction":[{"@type":"ReadAction","target":["https:\/\/dicodusport.fr\/blog\/transferts-rugby-teddy-iribaren-brive-les-infos-du-mardi-12-mars\/"]}]},{"@type":"ImageObject","inLanguage":"fr-FR","@id":"https:\/\/dicodusport.fr\/blog\/transferts-rugby-teddy-iribaren-brive-les-infos-du-mardi-12-mars\/#primaryimage","url":"https:\/\/dicodusport.fr\/blog\/wp-content\/uploads\/2024\/03\/Transferts-Rugby-Teddy-Iribaren-Brive-les-infos-du-mardi-12-mars.png","contentUrl":"https:\/\/dicodusport.fr\/blog\/wp-content\/uploads\/2024\/03\/Transferts-Rugby-Teddy-Iribaren-Brive-les-infos-du-mardi-12-mars.png","width":1200,"height":674,"caption":"Transferts Rugby Teddy Iribaren, Brive, les infos du mardi 12 mars"},{"@type":"BreadcrumbList","@id":"https:\/\/dicodusport.fr\/blog\/transferts-rugby-teddy-iribaren-brive-les-infos-du-mardi-12-mars\/#breadcrumb","itemListElement":[{"@type":"ListItem","position":1,"name":"Accueil","item":"https:\/\/dicodusport.fr\/blog\/"},{"@type":"ListItem","position":2,"name":"Transferts Rugby : Teddy Iribaren, Brive, les infos du mardi 12 mars"}]},{"@type":"WebSite","@id":"https:\/\/dicodusport.fr\/blog\/#website","url":"https:\/\/dicodusport.fr\/blog\/","name":"Dicodusport","description":"L&#039;encyclop\u00e9die de l&#039;actualit\u00e9 sportive","publisher":{"@id":"https:\/\/dicodusport.fr\/blog\/#organization"},"potentialAction":[{"@type":"SearchAction","target":{"@type":"EntryPoint","urlTemplate":"https:\/\/dicodusport.fr\/blog\/?s={search_term_string}"},"query-input":{"@type":"PropertyValueSpecification","valueRequired":true,"valueName":"search_term_string"}}],"inLanguage":"fr-FR"},{"@type":"NewsMediaOrganization","@id":"https:\/\/dicodusport.fr\/blog\/#organization","name":"Dicodusport","url":"https:\/\/dicodusport.fr\/blog\/","logo":{"@type":"ImageObject","inLanguage":"fr-FR","@id":"https:\/\/dicodusport.fr\/blog\/#\/schema\/logo\/image\/","url":"https:\/\/dicodusport.fr\/blog\/wp-content\/uploads\/2020\/06\/cropped-LOGO-DICODUSPORT-2020-SANS-FOND-SANS-TEXTE.png","contentUrl":"https:\/\/dicodusport.fr\/blog\/wp-content\/uploads\/2020\/06\/cropped-LOGO-DICODUSPORT-2020-SANS-FOND-SANS-TEXTE.png","width":512,"height":512,"caption":"Dicodusport"},"image":{"@id":"https:\/\/dicodusport.fr\/blog\/#\/schema\/logo\/image\/"},"sameAs":["https:\/\/www.facebook.com\/dicodusport","https:\/\/x.com\/dicodusport","https:\/\/www.instagram.com\/dicodusport\/","https:\/\/www.youtube.com\/channel\/UC7V2KZ5sd3htJivAbA4ZG3w"],"description":"Dicodusport est l'encyclop\u00e9die de l'actualit\u00e9 sportive.","email":"bonjour@dicodusport.fr","legalName":"DICODUSPORT","foundingDate":"2018-01-14","vatID":"FR71834470973","taxID":"83447097300043","numberOfEmployees":{"@type":"QuantitativeValue","minValue":"1","maxValue":"10"}},{"@type":"Person","@id":"https:\/\/dicodusport.fr\/blog\/#\/schema\/person\/cb02af4c173ce4a653b55e9baf388d4a","name":"Flo Ostermann","image":{"@type":"ImageObject","inLanguage":"fr-FR","@id":"https:\/\/dicodusport.fr\/blog\/#\/schema\/person\/image\/","url":"https:\/\/dicodusport.fr\/blog\/wp-content\/uploads\/2021\/05\/Flo-Ostermann-150x150.jpg","contentUrl":"https:\/\/dicodusport.fr\/blog\/wp-content\/uploads\/2021\/05\/Flo-Ostermann-150x150.jpg","caption":"Flo Ostermann"},"description":"Journaliste\/R\u00e9dacteur depuis septembre 2015 - Mes premiers souvenirs dans le sport ? Les envol\u00e9es du Stade Toulousain et les duels Villeneuve-Schumacher et H\u00e4kkinen-Schumacher \u00e0 la fin des ann\u00e9es 90, la Coupe du monde de football en 1998, l\u2019exploit du XV de France face aux All Blacks en 1999, mais aussi Richard C\u0153ur de Lion qui vole sur les montagnes du Tour de France. Bien parti pour devenir professeur d\u2019EPS, les \u00e9v\u00e9nements de la vie (et la flemme d\u2019animer des s\u00e9ances de 3x500 m\u00e8tres toute ma vie) m\u2019ont conduit \u00e0 revoir mes plans. Me voil\u00e0 depuis fin 2017 sur Dicodusport, m\u00e9dia gr\u00e2ce (et pour) lequel je partage ma passion : le sport dans tous ses \u00e9tats. Le tout accompagn\u00e9 par les fous furieux et folles furieuses cit\u00e9s sur cette page !","sameAs":["https:\/\/www.facebook.com\/florent.ostermann","https:\/\/x.com\/https:\/\/twitter.com\/FlOstermann","admin"],"url":"https:\/\/dicodusport.fr\/blog\/author\/flo\/"}]}},"_links":{"self":[{"href":"https:\/\/dicodusport.fr\/blog\/wp-json\/wp\/v2\/posts\/471474","targetHints":{"allow":["GET"]}}],"collection":[{"href":"https:\/\/dicodusport.fr\/blog\/wp-json\/wp\/v2\/posts"}],"about":[{"href":"https:\/\/dicodusport.fr\/blog\/wp-json\/wp\/v2\/types\/post"}],"author":[{"embeddable":true,"href":"https:\/\/dicodusport.fr\/blog\/wp-json\/wp\/v2\/users\/4"}],"replies":[{"embeddable":true,"href":"https:\/\/dicodusport.fr\/blog\/wp-json\/wp\/v2\/comments?post=471474"}],"version-history":[{"count":4,"href":"https:\/\/dicodusport.fr\/blog\/wp-json\/wp\/v2\/posts\/471474\/revisions"}],"predecessor-version":[{"id":471504,"href":"https:\/\/dicodusport.fr\/blog\/wp-json\/wp\/v2\/posts\/471474\/revisions\/471504"}],"wp:featuredmedia":[{"embeddable":true,"href":"https:\/\/dicodusport.fr\/blog\/wp-json\/wp\/v2\/media\/471503"}],"wp:attachment":[{"href":"https:\/\/dicodusport.fr\/blog\/wp-json\/wp\/v2\/media?parent=471474"}],"wp:term":[{"taxonomy":"category","embeddable":true,"href":"https:\/\/dicodusport.fr\/blog\/wp-json\/wp\/v2\/categories?post=471474"},{"taxonomy":"post_tag","embeddable":true,"href":"https:\/\/dicodusport.fr\/blog\/wp-json\/wp\/v2\/tags?post=471474"}],"curies":[{"name":"wp","href":"https:\/\/api.w.org\/{rel}","templated":true}]}}