{"id":471496,"date":"2024-03-12T21:32:29","date_gmt":"2024-03-12T20:32:29","guid":{"rendered":"https:\/\/dicodusport.fr\/blog\/?p=471496&#038;preview=true&#038;preview_id=471496"},"modified":"2024-03-12T22:03:31","modified_gmt":"2024-03-12T21:03:31","slug":"eurocoupe-la-jl-bourg-terrasse-prometey-apres-la-pause-et-rejoint-le-dernier-carre","status":"publish","type":"post","link":"https:\/\/dicodusport.fr\/blog\/eurocoupe-la-jl-bourg-terrasse-prometey-apres-la-pause-et-rejoint-le-dernier-carre\/","title":{"rendered":"EuroCoupe : La JL Bourg terrasse Prometey apr\u00e8s la pause et rejoint le dernier carr\u00e9"},"content":{"rendered":"<p style=\"text-align: justify;\"><strong><em>EUROCOUPE 2023\/24 &#8211; Tenue en respect pendant la premi\u00e8re p\u00e9riode, la JL Bourg a fait la diff\u00e9rence dans un troisi\u00e8me quart temps de haute vol\u00e9e, et disputera sa premi\u00e8re demi-finale europ\u00e9enne.<\/em><\/strong><\/p>\n<p style=\"text-align: justify;\">Sacr\u00e9e saison pour la JL Bourg. Toujours bien plac\u00e9e en Betclic \u00c9lite, la formation aindinoise avait de plus r\u00e9ussi sa campagne d&rsquo;EuroCoupe, Premi\u00e8re place en poule, de quoi donner le droit de recevoir sur ce quart de finale, son premier sur le plan europ\u00e9en, mais tout jouer sur un match est toujours particulier. Face aux Ukrainiens de Prometey, les Burgiens \u00e9taient favoris, mais le match n&rsquo;\u00e9tait pas gagn\u00e9 d&rsquo;avance.<\/p>\n<h2 style=\"text-align: justify;\">Engagement maximal<\/h2>\n<p style=\"text-align: justify;\">Pour cette premi\u00e8re, Ekinox avait fait le plein et l&rsquo;ambiance au rendez-vous, comme l&rsquo;intensit\u00e9, mais en ce qui concerne la r\u00e9ussite au tir, cela restait al\u00e9atoire. Heureusement, la JL avait ce qu&rsquo;il fallait d&rsquo;agressivit\u00e9 pour aller chercher des lancers. Malgr\u00e9 tout, elle ne parvenait pas \u00e0 se d\u00e9tacher, d\u00e9pendant trop de l&rsquo;adresse ext\u00e9rieure. et les Ukrainiens, pas avares d&rsquo;efforts, viennent \u00e9galiser en fin de premier quart sur un trois points d&rsquo;une vieille connaissance du basket hexagonal,<strong> Ronald March<\/strong> (<strong>17-17<\/strong>).<\/p>\n<blockquote class=\"twitter-tweet\">\n<p dir=\"ltr\" lang=\"fr\">\ud835\udddf\ud835\uddd8 \ud835\udde7\ud835\uddd4\ud835\uddde\ud835\uddd8\ud835\udde2\ud835\udde9\ud835\uddd8\ud835\udde5 \ud835\udde3\ud835\udde2\ud835\udde8\ud835\udde5 \ud835\uddd4\ud835\uddeb\ud835\uddd8\ud835\udddf \ud835\udddd\ud835\udde8\ud835\udddf\ud835\udddc\ud835\uddd8\ud835\udde1 ! \ud83d\udd25<\/p>\n<p>Le meneur fran\u00e7ais enchaine 3 tirs \u00e0 longue distance de suite pour faire exploser Ekinox ! \ud83e\udd29<a href=\"https:\/\/twitter.com\/JLBourgBasket?ref_src=twsrc%5Etfw\">@JLBourgBasket<\/a> x <a href=\"https:\/\/twitter.com\/EuroCup?ref_src=twsrc%5Etfw\">@EuroCup<\/a> <a href=\"https:\/\/twitter.com\/hashtag\/SKWEEKLive?src=hash&amp;ref_src=twsrc%5Etfw\">#SKWEEKLive<\/a> <a href=\"https:\/\/twitter.com\/hashtag\/RoadToGreatness?src=hash&amp;ref_src=twsrc%5Etfw\">#RoadToGreatness<\/a> <a href=\"https:\/\/t.co\/ILM5rPOwRm\">pic.twitter.com\/ILM5rPOwRm<\/a><\/p>\n<p>\u2014 SKWEEK (@skweektv) <a href=\"https:\/\/twitter.com\/skweektv\/status\/1767626599350837582?ref_src=twsrc%5Etfw\">March 12, 2024<\/a><\/p><\/blockquote>\n<p style=\"text-align: justify;\"><script async src=\"https:\/\/platform.twitter.com\/widgets.js\" charset=\"utf-8\"><\/script><br \/>\n<strong>Axel Julien<\/strong> passe alors \u00e0 l&rsquo;offensive, et le r\u00e9sultat est saisissant : il envoie trois bombes longue distance en\u00a0 moins de deux minutes et donne un peu d&rsquo;air aux siens, en plus d&rsquo;enflammer un peu plus une salle qui n&rsquo;attendait que \u00e7a. Mais la JL commence \u00e0 \u00eatre en difficult\u00e9 dans la peinture, ses pivots multipliant les fautes. La faiblesse dans ce secteur permet \u00e0 Prometey de recoller, et une furieuse bataille s&rsquo;engageait alors, remport\u00e9e de justesse par Bourg, mais \u00e0 la pause, il n&rsquo;y avait clairement pas de quoi pavoiser (<strong>45-44<\/strong>).<\/p>\n<h2 style=\"text-align: justify;\">Un troisi\u00e8me quart monumental<\/h2>\n<p style=\"text-align: justify;\">Il fallait reprendre l&rsquo;initiative, message bien re\u00e7u par les locaux qui entament le troisi\u00e8me quart par un <strong>7-0<\/strong> bienvenu. De quoi lancer une bonne p\u00e9riode aindinoise, dans une salle de plus en plus\u00a0 bruyante. Cons\u00e9quence logique, l&rsquo;\u00e9cart passe enfin \u00e0 deux chiffres, et Prometey commence \u00e0 prendre l&rsquo;eau de toutes parts, encaissant un<strong> 11-0<\/strong> d\u00e9vastateur qui semble enfin mettre la JL hors de danger. En fin de troisi\u00e8me quart, la cause semble totalement entendue (79-57).<\/p>\n<blockquote class=\"twitter-tweet\">\n<p dir=\"ltr\" lang=\"fi\">\ud835\udddf\ud835\uddd4 \ud835\uddda\ud835\udde5\ud835\udddc\ud835\udde1\ud835\udde7\ud835\uddd4 \ud835\uddd7\ud835\uddd8 \ud835\uddde\ud835\uddd8\ud835\udde9\ud835\udddc\ud835\udde1 \ud835\uddde\ud835\udde2\ud835\uddde\ud835\udddc\ud835\udddf\ud835\uddd4 ! \ud83d\ude31<a href=\"https:\/\/twitter.com\/JLBourgBasket?ref_src=twsrc%5Etfw\">@JLBourgBasket<\/a> x <a href=\"https:\/\/twitter.com\/EuroCup?ref_src=twsrc%5Etfw\">@EuroCup<\/a> <a href=\"https:\/\/twitter.com\/hashtag\/SKWEEKLive?src=hash&amp;ref_src=twsrc%5Etfw\">#SKWEEKLive<\/a> <a href=\"https:\/\/twitter.com\/hashtag\/RoadToGreatness?src=hash&amp;ref_src=twsrc%5Etfw\">#RoadToGreatness<\/a> <a href=\"https:\/\/t.co\/bIAKUqJeFZ\">pic.twitter.com\/bIAKUqJeFZ<\/a><\/p>\n<p>\u2014 SKWEEK (@skweektv) <a href=\"https:\/\/twitter.com\/skweektv\/status\/1767639381718827336?ref_src=twsrc%5Etfw\">March 12, 2024<\/a><\/p><\/blockquote>\n<p style=\"text-align: justify;\"><script async src=\"https:\/\/platform.twitter.com\/widgets.js\" charset=\"utf-8\"><\/script><br \/>\nPas la peine de compter : la JL Bourg a coll\u00e9 un monstrueux<strong> 34-13<\/strong> \u00e0 son rival en dix minutes. Ne reste plus qu&rsquo;\u00e0 finir\u00a0 le travail, malgr\u00e9 une d\u00e9concentration compr\u00e9hensible que coach <strong>Fauthoux<\/strong> s&rsquo;efforce d&rsquo;endiguer. Malgr\u00e9 tout, Prometey n&rsquo;a plus le carburant pour passer une s\u00e9rie qui pourrait r\u00e9ellement relancer le sort du match, et quand la formation ukrainienne y parvient enfin, il est trop tard. Les locaux terminent tranquillement le travail aux lancers pour aller chercher une victoire <strong>95-82<\/strong>. En attendant le Paris Basket jeudi, Bourg a rempli son contrat, et disputera bient\u00f4t la premi\u00e8re demi-finale europ\u00e9enne de son existence. Une belle r\u00e9compense pour un club en constante progression.<\/p>\n","protected":false},"excerpt":{"rendered":"<p>EUROCOUPE 2023\/24 &#8211; Tenue en respect pendant la premi\u00e8re p\u00e9riode, la JL Bourg a fait la diff\u00e9rence dans un troisi\u00e8me quart temps de haute vol\u00e9e, et disputera sa premi\u00e8re demi-finale europ\u00e9enne.<\/p>\n","protected":false},"author":59,"featured_media":471532,"comment_status":"open","ping_status":"closed","sticky":false,"template":"","format":"standard","meta":{"_acf_changed":false,"_daextam_enable_autolinks":"1","footnotes":""},"categories":[2305],"tags":[16878,31046,35530,24],"class_list":["post-471496","post","type-post","status-publish","format-standard","has-post-thumbnail","hentry","category-basket-ball","tag-breve","tag-eurocoupe-club-francais","tag-jl-bourg-basket","tag-sport"],"acf":[],"yoast_head":"<!-- This site is optimized with the Yoast SEO Premium plugin v26.7 (Yoast SEO v26.7) - https:\/\/yoast.com\/wordpress\/plugins\/seo\/ -->\n<title>EuroCoupe : La JL Bourg terrasse Prometey apr\u00e8s la pause et rejoint le dernier carr\u00e9<\/title>\n<meta name=\"description\" content=\"EUROCOUPE 2023\/24 - la JL Bourg a fait la diff\u00e9rence dans un troisi\u00e8me quart temps de haute vol\u00e9e, et disputera sa premi\u00e8re demi-finale europ\u00e9enne.\" \/>\n<meta name=\"robots\" content=\"index, follow, max-snippet:-1, max-image-preview:large, max-video-preview:-1\" \/>\n<link rel=\"canonical\" href=\"https:\/\/dicodusport.fr\/blog\/eurocoupe-la-jl-bourg-terrasse-prometey-apres-la-pause-et-rejoint-le-dernier-carre\/\" \/>\n<meta property=\"og:locale\" content=\"fr_FR\" \/>\n<meta property=\"og:type\" content=\"article\" \/>\n<meta property=\"og:title\" content=\"EuroCoupe : La JL Bourg terrasse Prometey apr\u00e8s la pause et rejoint le dernier carr\u00e9\" \/>\n<meta property=\"og:description\" content=\"EUROCOUPE 2023\/24 - la JL Bourg a fait la diff\u00e9rence dans un troisi\u00e8me quart temps de haute vol\u00e9e, et disputera sa premi\u00e8re demi-finale europ\u00e9enne.\" \/>\n<meta property=\"og:url\" content=\"https:\/\/dicodusport.fr\/blog\/eurocoupe-la-jl-bourg-terrasse-prometey-apres-la-pause-et-rejoint-le-dernier-carre\/\" \/>\n<meta property=\"og:site_name\" content=\"Dicodusport\" \/>\n<meta property=\"article:publisher\" content=\"https:\/\/www.facebook.com\/dicodusport\" \/>\n<meta property=\"article:author\" content=\"https:\/\/www.facebook.com\/sebastien.gente\/\" \/>\n<meta property=\"article:published_time\" content=\"2024-03-12T20:32:29+00:00\" \/>\n<meta property=\"article:modified_time\" content=\"2024-03-12T21:03:31+00:00\" \/>\n<meta property=\"og:image\" content=\"https:\/\/dicodusport.fr\/blog\/wp-content\/uploads\/2024\/03\/EuroCoupe-La-JL-Bourg-terrasse-Prometey-apres-la-pause-et-rejoint-le-dernier-carre-1.png\" \/>\n\t<meta property=\"og:image:width\" content=\"1200\" \/>\n\t<meta property=\"og:image:height\" content=\"674\" \/>\n\t<meta property=\"og:image:type\" content=\"image\/png\" \/>\n<meta name=\"author\" content=\"S\u00e9bastien Gente\" \/>\n<meta name=\"twitter:card\" content=\"summary_large_image\" \/>\n<meta name=\"twitter:title\" content=\"EuroCoupe : La JL Bourg terrasse Prometey apr\u00e8s la pause et rejoint le dernier carr\u00e9\" \/>\n<meta name=\"twitter:creator\" content=\"@https:\/\/twitter.com\/globulo24\" \/>\n<meta name=\"twitter:site\" content=\"@dicodusport\" \/>\n<script type=\"application\/ld+json\" class=\"yoast-schema-graph\">{\"@context\":\"https:\/\/schema.org\",\"@graph\":[{\"@type\":\"NewsArticle\",\"@id\":\"https:\/\/dicodusport.fr\/blog\/eurocoupe-la-jl-bourg-terrasse-prometey-apres-la-pause-et-rejoint-le-dernier-carre\/#article\",\"isPartOf\":{\"@id\":\"https:\/\/dicodusport.fr\/blog\/eurocoupe-la-jl-bourg-terrasse-prometey-apres-la-pause-et-rejoint-le-dernier-carre\/\"},\"author\":{\"name\":\"S\u00e9bastien Gente\",\"@id\":\"https:\/\/dicodusport.fr\/blog\/#\/schema\/person\/627966a6cde45dbd8c5e36ac85d783da\"},\"headline\":\"EuroCoupe : La JL Bourg terrasse Prometey apr\u00e8s la pause et rejoint le dernier carr\u00e9\",\"datePublished\":\"2024-03-12T20:32:29+00:00\",\"dateModified\":\"2024-03-12T21:03:31+00:00\",\"mainEntityOfPage\":{\"@id\":\"https:\/\/dicodusport.fr\/blog\/eurocoupe-la-jl-bourg-terrasse-prometey-apres-la-pause-et-rejoint-le-dernier-carre\/\"},\"wordCount\":563,\"commentCount\":0,\"publisher\":{\"@id\":\"https:\/\/dicodusport.fr\/blog\/#organization\"},\"image\":{\"@id\":\"https:\/\/dicodusport.fr\/blog\/eurocoupe-la-jl-bourg-terrasse-prometey-apres-la-pause-et-rejoint-le-dernier-carre\/#primaryimage\"},\"thumbnailUrl\":\"https:\/\/dicodusport.fr\/blog\/wp-content\/uploads\/2024\/03\/EuroCoupe-La-JL-Bourg-terrasse-Prometey-apres-la-pause-et-rejoint-le-dernier-carre-1.png\",\"keywords\":[\"br\u00e8ve\",\"Eurocoupe club fran\u00e7ais\",\"JL Bourg basket\",\"sport\"],\"articleSection\":[\"Basket-ball\"],\"inLanguage\":\"fr-FR\",\"potentialAction\":[{\"@type\":\"CommentAction\",\"name\":\"Comment\",\"target\":[\"https:\/\/dicodusport.fr\/blog\/eurocoupe-la-jl-bourg-terrasse-prometey-apres-la-pause-et-rejoint-le-dernier-carre\/#respond\"]}],\"copyrightYear\":\"2024\",\"copyrightHolder\":{\"@id\":\"https:\/\/dicodusport.fr\/blog\/#organization\"}},{\"@type\":\"WebPage\",\"@id\":\"https:\/\/dicodusport.fr\/blog\/eurocoupe-la-jl-bourg-terrasse-prometey-apres-la-pause-et-rejoint-le-dernier-carre\/\",\"url\":\"https:\/\/dicodusport.fr\/blog\/eurocoupe-la-jl-bourg-terrasse-prometey-apres-la-pause-et-rejoint-le-dernier-carre\/\",\"name\":\"EuroCoupe : La JL Bourg terrasse Prometey apr\u00e8s la pause et rejoint le dernier carr\u00e9\",\"isPartOf\":{\"@id\":\"https:\/\/dicodusport.fr\/blog\/#website\"},\"primaryImageOfPage\":{\"@id\":\"https:\/\/dicodusport.fr\/blog\/eurocoupe-la-jl-bourg-terrasse-prometey-apres-la-pause-et-rejoint-le-dernier-carre\/#primaryimage\"},\"image\":{\"@id\":\"https:\/\/dicodusport.fr\/blog\/eurocoupe-la-jl-bourg-terrasse-prometey-apres-la-pause-et-rejoint-le-dernier-carre\/#primaryimage\"},\"thumbnailUrl\":\"https:\/\/dicodusport.fr\/blog\/wp-content\/uploads\/2024\/03\/EuroCoupe-La-JL-Bourg-terrasse-Prometey-apres-la-pause-et-rejoint-le-dernier-carre-1.png\",\"datePublished\":\"2024-03-12T20:32:29+00:00\",\"dateModified\":\"2024-03-12T21:03:31+00:00\",\"description\":\"EUROCOUPE 2023\/24 - la JL Bourg a fait la diff\u00e9rence dans un troisi\u00e8me quart temps de haute vol\u00e9e, et disputera sa premi\u00e8re demi-finale europ\u00e9enne.\",\"breadcrumb\":{\"@id\":\"https:\/\/dicodusport.fr\/blog\/eurocoupe-la-jl-bourg-terrasse-prometey-apres-la-pause-et-rejoint-le-dernier-carre\/#breadcrumb\"},\"inLanguage\":\"fr-FR\",\"potentialAction\":[{\"@type\":\"ReadAction\",\"target\":[\"https:\/\/dicodusport.fr\/blog\/eurocoupe-la-jl-bourg-terrasse-prometey-apres-la-pause-et-rejoint-le-dernier-carre\/\"]}]},{\"@type\":\"ImageObject\",\"inLanguage\":\"fr-FR\",\"@id\":\"https:\/\/dicodusport.fr\/blog\/eurocoupe-la-jl-bourg-terrasse-prometey-apres-la-pause-et-rejoint-le-dernier-carre\/#primaryimage\",\"url\":\"https:\/\/dicodusport.fr\/blog\/wp-content\/uploads\/2024\/03\/EuroCoupe-La-JL-Bourg-terrasse-Prometey-apres-la-pause-et-rejoint-le-dernier-carre-1.png\",\"contentUrl\":\"https:\/\/dicodusport.fr\/blog\/wp-content\/uploads\/2024\/03\/EuroCoupe-La-JL-Bourg-terrasse-Prometey-apres-la-pause-et-rejoint-le-dernier-carre-1.png\",\"width\":1200,\"height\":674,\"caption\":\"EuroCoupe La JL Bourg terrasse Prometey apr\u00e8s la pause et rejoint le dernier carr\u00e9\"},{\"@type\":\"BreadcrumbList\",\"@id\":\"https:\/\/dicodusport.fr\/blog\/eurocoupe-la-jl-bourg-terrasse-prometey-apres-la-pause-et-rejoint-le-dernier-carre\/#breadcrumb\",\"itemListElement\":[{\"@type\":\"ListItem\",\"position\":1,\"name\":\"Accueil\",\"item\":\"https:\/\/dicodusport.fr\/blog\/\"},{\"@type\":\"ListItem\",\"position\":2,\"name\":\"EuroCoupe : La JL Bourg terrasse Prometey apr\u00e8s la pause et rejoint le dernier carr\u00e9\"}]},{\"@type\":\"WebSite\",\"@id\":\"https:\/\/dicodusport.fr\/blog\/#website\",\"url\":\"https:\/\/dicodusport.fr\/blog\/\",\"name\":\"Dicodusport\",\"description\":\"L&#039;encyclop\u00e9die de l&#039;actualit\u00e9 sportive\",\"publisher\":{\"@id\":\"https:\/\/dicodusport.fr\/blog\/#organization\"},\"potentialAction\":[{\"@type\":\"SearchAction\",\"target\":{\"@type\":\"EntryPoint\",\"urlTemplate\":\"https:\/\/dicodusport.fr\/blog\/?s={search_term_string}\"},\"query-input\":{\"@type\":\"PropertyValueSpecification\",\"valueRequired\":true,\"valueName\":\"search_term_string\"}}],\"inLanguage\":\"fr-FR\"},{\"@type\":\"NewsMediaOrganization\",\"@id\":\"https:\/\/dicodusport.fr\/blog\/#organization\",\"name\":\"Dicodusport\",\"url\":\"https:\/\/dicodusport.fr\/blog\/\",\"logo\":{\"@type\":\"ImageObject\",\"inLanguage\":\"fr-FR\",\"@id\":\"https:\/\/dicodusport.fr\/blog\/#\/schema\/logo\/image\/\",\"url\":\"https:\/\/dicodusport.fr\/blog\/wp-content\/uploads\/2020\/06\/cropped-LOGO-DICODUSPORT-2020-SANS-FOND-SANS-TEXTE.png\",\"contentUrl\":\"https:\/\/dicodusport.fr\/blog\/wp-content\/uploads\/2020\/06\/cropped-LOGO-DICODUSPORT-2020-SANS-FOND-SANS-TEXTE.png\",\"width\":512,\"height\":512,\"caption\":\"Dicodusport\"},\"image\":{\"@id\":\"https:\/\/dicodusport.fr\/blog\/#\/schema\/logo\/image\/\"},\"sameAs\":[\"https:\/\/www.facebook.com\/dicodusport\",\"https:\/\/x.com\/dicodusport\",\"https:\/\/www.instagram.com\/dicodusport\/\",\"https:\/\/www.youtube.com\/channel\/UC7V2KZ5sd3htJivAbA4ZG3w\"],\"description\":\"Dicodusport est l'encyclop\u00e9die de l'actualit\u00e9 sportive.\",\"email\":\"bonjour@dicodusport.fr\",\"legalName\":\"DICODUSPORT\",\"foundingDate\":\"2018-01-14\",\"vatID\":\"FR71834470973\",\"taxID\":\"83447097300043\",\"numberOfEmployees\":{\"@type\":\"QuantitativeValue\",\"minValue\":\"1\",\"maxValue\":\"10\"}},{\"@type\":\"Person\",\"@id\":\"https:\/\/dicodusport.fr\/blog\/#\/schema\/person\/627966a6cde45dbd8c5e36ac85d783da\",\"name\":\"S\u00e9bastien Gente\",\"image\":{\"@type\":\"ImageObject\",\"inLanguage\":\"fr-FR\",\"@id\":\"https:\/\/dicodusport.fr\/blog\/#\/schema\/person\/image\/\",\"url\":\"https:\/\/dicodusport.fr\/blog\/wp-content\/uploads\/2021\/09\/1510990_10205810251400683_4124423575079401707_n-150x150.jpg\",\"contentUrl\":\"https:\/\/dicodusport.fr\/blog\/wp-content\/uploads\/2021\/09\/1510990_10205810251400683_4124423575079401707_n-150x150.jpg\",\"caption\":\"S\u00e9bastien Gente\"},\"description\":\"John Stockton, Gianni Bugno, Zinedine Zidane, Steffi Graf, Frode Andresen, St\u00e9phane Stoecklin, Davis Kamoga, Primoz Peterka, Werner Schlager et Aur\u00e9lien Rougerie. Point commun entre ces sportifs? Ils m'ont fait r\u00eaver et ont berc\u00e9 mon adolescence. Je suis un fondu de sports et j'essaie de retranscrire ma passion \u00e0 travers mes articles. Originaire du P\u00e9rigord, ma passion pour les Girondins, les Jaunards et les Jazzmen transpire dans mes \u00e9crits. \u00c0 Dicodusport depuis 2021, je d\u00e9niche les sports m\u00e9connus dans lesquels la France brille, et il y en a !\",\"sameAs\":[\"https:\/\/www.facebook.com\/sebastien.gente\/\",\"https:\/\/www.instagram.com\/sebgente\/\",\"https:\/\/www.linkedin.com\/in\/sbastien-gente-a29583169\/\",\"https:\/\/x.com\/https:\/\/twitter.com\/globulo24\",\"SebastienGente\"],\"worksFor\":\"S\u00e9bastien GENTE\",\"url\":\"https:\/\/dicodusport.fr\/blog\/author\/sebastiengente\/\"}]}<\/script>\n<!-- \/ Yoast SEO Premium plugin. -->","yoast_head_json":{"title":"EuroCoupe : La JL Bourg terrasse Prometey apr\u00e8s la pause et rejoint le dernier carr\u00e9","description":"EUROCOUPE 2023\/24 - la JL Bourg a fait la diff\u00e9rence dans un troisi\u00e8me quart temps de haute vol\u00e9e, et disputera sa premi\u00e8re demi-finale europ\u00e9enne.","robots":{"index":"index","follow":"follow","max-snippet":"max-snippet:-1","max-image-preview":"max-image-preview:large","max-video-preview":"max-video-preview:-1"},"canonical":"https:\/\/dicodusport.fr\/blog\/eurocoupe-la-jl-bourg-terrasse-prometey-apres-la-pause-et-rejoint-le-dernier-carre\/","og_locale":"fr_FR","og_type":"article","og_title":"EuroCoupe : La JL Bourg terrasse Prometey apr\u00e8s la pause et rejoint le dernier carr\u00e9","og_description":"EUROCOUPE 2023\/24 - la JL Bourg a fait la diff\u00e9rence dans un troisi\u00e8me quart temps de haute vol\u00e9e, et disputera sa premi\u00e8re demi-finale europ\u00e9enne.","og_url":"https:\/\/dicodusport.fr\/blog\/eurocoupe-la-jl-bourg-terrasse-prometey-apres-la-pause-et-rejoint-le-dernier-carre\/","og_site_name":"Dicodusport","article_publisher":"https:\/\/www.facebook.com\/dicodusport","article_author":"https:\/\/www.facebook.com\/sebastien.gente\/","article_published_time":"2024-03-12T20:32:29+00:00","article_modified_time":"2024-03-12T21:03:31+00:00","og_image":[{"width":1200,"height":674,"url":"https:\/\/dicodusport.fr\/blog\/wp-content\/uploads\/2024\/03\/EuroCoupe-La-JL-Bourg-terrasse-Prometey-apres-la-pause-et-rejoint-le-dernier-carre-1.png","type":"image\/png"}],"author":"S\u00e9bastien Gente","twitter_card":"summary_large_image","twitter_title":"EuroCoupe : La JL Bourg terrasse Prometey apr\u00e8s la pause et rejoint le dernier carr\u00e9","twitter_creator":"@https:\/\/twitter.com\/globulo24","twitter_site":"@dicodusport","schema":{"@context":"https:\/\/schema.org","@graph":[{"@type":"NewsArticle","@id":"https:\/\/dicodusport.fr\/blog\/eurocoupe-la-jl-bourg-terrasse-prometey-apres-la-pause-et-rejoint-le-dernier-carre\/#article","isPartOf":{"@id":"https:\/\/dicodusport.fr\/blog\/eurocoupe-la-jl-bourg-terrasse-prometey-apres-la-pause-et-rejoint-le-dernier-carre\/"},"author":{"name":"S\u00e9bastien Gente","@id":"https:\/\/dicodusport.fr\/blog\/#\/schema\/person\/627966a6cde45dbd8c5e36ac85d783da"},"headline":"EuroCoupe : La JL Bourg terrasse Prometey apr\u00e8s la pause et rejoint le dernier carr\u00e9","datePublished":"2024-03-12T20:32:29+00:00","dateModified":"2024-03-12T21:03:31+00:00","mainEntityOfPage":{"@id":"https:\/\/dicodusport.fr\/blog\/eurocoupe-la-jl-bourg-terrasse-prometey-apres-la-pause-et-rejoint-le-dernier-carre\/"},"wordCount":563,"commentCount":0,"publisher":{"@id":"https:\/\/dicodusport.fr\/blog\/#organization"},"image":{"@id":"https:\/\/dicodusport.fr\/blog\/eurocoupe-la-jl-bourg-terrasse-prometey-apres-la-pause-et-rejoint-le-dernier-carre\/#primaryimage"},"thumbnailUrl":"https:\/\/dicodusport.fr\/blog\/wp-content\/uploads\/2024\/03\/EuroCoupe-La-JL-Bourg-terrasse-Prometey-apres-la-pause-et-rejoint-le-dernier-carre-1.png","keywords":["br\u00e8ve","Eurocoupe club fran\u00e7ais","JL Bourg basket","sport"],"articleSection":["Basket-ball"],"inLanguage":"fr-FR","potentialAction":[{"@type":"CommentAction","name":"Comment","target":["https:\/\/dicodusport.fr\/blog\/eurocoupe-la-jl-bourg-terrasse-prometey-apres-la-pause-et-rejoint-le-dernier-carre\/#respond"]}],"copyrightYear":"2024","copyrightHolder":{"@id":"https:\/\/dicodusport.fr\/blog\/#organization"}},{"@type":"WebPage","@id":"https:\/\/dicodusport.fr\/blog\/eurocoupe-la-jl-bourg-terrasse-prometey-apres-la-pause-et-rejoint-le-dernier-carre\/","url":"https:\/\/dicodusport.fr\/blog\/eurocoupe-la-jl-bourg-terrasse-prometey-apres-la-pause-et-rejoint-le-dernier-carre\/","name":"EuroCoupe : La JL Bourg terrasse Prometey apr\u00e8s la pause et rejoint le dernier carr\u00e9","isPartOf":{"@id":"https:\/\/dicodusport.fr\/blog\/#website"},"primaryImageOfPage":{"@id":"https:\/\/dicodusport.fr\/blog\/eurocoupe-la-jl-bourg-terrasse-prometey-apres-la-pause-et-rejoint-le-dernier-carre\/#primaryimage"},"image":{"@id":"https:\/\/dicodusport.fr\/blog\/eurocoupe-la-jl-bourg-terrasse-prometey-apres-la-pause-et-rejoint-le-dernier-carre\/#primaryimage"},"thumbnailUrl":"https:\/\/dicodusport.fr\/blog\/wp-content\/uploads\/2024\/03\/EuroCoupe-La-JL-Bourg-terrasse-Prometey-apres-la-pause-et-rejoint-le-dernier-carre-1.png","datePublished":"2024-03-12T20:32:29+00:00","dateModified":"2024-03-12T21:03:31+00:00","description":"EUROCOUPE 2023\/24 - la JL Bourg a fait la diff\u00e9rence dans un troisi\u00e8me quart temps de haute vol\u00e9e, et disputera sa premi\u00e8re demi-finale europ\u00e9enne.","breadcrumb":{"@id":"https:\/\/dicodusport.fr\/blog\/eurocoupe-la-jl-bourg-terrasse-prometey-apres-la-pause-et-rejoint-le-dernier-carre\/#breadcrumb"},"inLanguage":"fr-FR","potentialAction":[{"@type":"ReadAction","target":["https:\/\/dicodusport.fr\/blog\/eurocoupe-la-jl-bourg-terrasse-prometey-apres-la-pause-et-rejoint-le-dernier-carre\/"]}]},{"@type":"ImageObject","inLanguage":"fr-FR","@id":"https:\/\/dicodusport.fr\/blog\/eurocoupe-la-jl-bourg-terrasse-prometey-apres-la-pause-et-rejoint-le-dernier-carre\/#primaryimage","url":"https:\/\/dicodusport.fr\/blog\/wp-content\/uploads\/2024\/03\/EuroCoupe-La-JL-Bourg-terrasse-Prometey-apres-la-pause-et-rejoint-le-dernier-carre-1.png","contentUrl":"https:\/\/dicodusport.fr\/blog\/wp-content\/uploads\/2024\/03\/EuroCoupe-La-JL-Bourg-terrasse-Prometey-apres-la-pause-et-rejoint-le-dernier-carre-1.png","width":1200,"height":674,"caption":"EuroCoupe La JL Bourg terrasse Prometey apr\u00e8s la pause et rejoint le dernier carr\u00e9"},{"@type":"BreadcrumbList","@id":"https:\/\/dicodusport.fr\/blog\/eurocoupe-la-jl-bourg-terrasse-prometey-apres-la-pause-et-rejoint-le-dernier-carre\/#breadcrumb","itemListElement":[{"@type":"ListItem","position":1,"name":"Accueil","item":"https:\/\/dicodusport.fr\/blog\/"},{"@type":"ListItem","position":2,"name":"EuroCoupe : La JL Bourg terrasse Prometey apr\u00e8s la pause et rejoint le dernier carr\u00e9"}]},{"@type":"WebSite","@id":"https:\/\/dicodusport.fr\/blog\/#website","url":"https:\/\/dicodusport.fr\/blog\/","name":"Dicodusport","description":"L&#039;encyclop\u00e9die de l&#039;actualit\u00e9 sportive","publisher":{"@id":"https:\/\/dicodusport.fr\/blog\/#organization"},"potentialAction":[{"@type":"SearchAction","target":{"@type":"EntryPoint","urlTemplate":"https:\/\/dicodusport.fr\/blog\/?s={search_term_string}"},"query-input":{"@type":"PropertyValueSpecification","valueRequired":true,"valueName":"search_term_string"}}],"inLanguage":"fr-FR"},{"@type":"NewsMediaOrganization","@id":"https:\/\/dicodusport.fr\/blog\/#organization","name":"Dicodusport","url":"https:\/\/dicodusport.fr\/blog\/","logo":{"@type":"ImageObject","inLanguage":"fr-FR","@id":"https:\/\/dicodusport.fr\/blog\/#\/schema\/logo\/image\/","url":"https:\/\/dicodusport.fr\/blog\/wp-content\/uploads\/2020\/06\/cropped-LOGO-DICODUSPORT-2020-SANS-FOND-SANS-TEXTE.png","contentUrl":"https:\/\/dicodusport.fr\/blog\/wp-content\/uploads\/2020\/06\/cropped-LOGO-DICODUSPORT-2020-SANS-FOND-SANS-TEXTE.png","width":512,"height":512,"caption":"Dicodusport"},"image":{"@id":"https:\/\/dicodusport.fr\/blog\/#\/schema\/logo\/image\/"},"sameAs":["https:\/\/www.facebook.com\/dicodusport","https:\/\/x.com\/dicodusport","https:\/\/www.instagram.com\/dicodusport\/","https:\/\/www.youtube.com\/channel\/UC7V2KZ5sd3htJivAbA4ZG3w"],"description":"Dicodusport est l'encyclop\u00e9die de l'actualit\u00e9 sportive.","email":"bonjour@dicodusport.fr","legalName":"DICODUSPORT","foundingDate":"2018-01-14","vatID":"FR71834470973","taxID":"83447097300043","numberOfEmployees":{"@type":"QuantitativeValue","minValue":"1","maxValue":"10"}},{"@type":"Person","@id":"https:\/\/dicodusport.fr\/blog\/#\/schema\/person\/627966a6cde45dbd8c5e36ac85d783da","name":"S\u00e9bastien Gente","image":{"@type":"ImageObject","inLanguage":"fr-FR","@id":"https:\/\/dicodusport.fr\/blog\/#\/schema\/person\/image\/","url":"https:\/\/dicodusport.fr\/blog\/wp-content\/uploads\/2021\/09\/1510990_10205810251400683_4124423575079401707_n-150x150.jpg","contentUrl":"https:\/\/dicodusport.fr\/blog\/wp-content\/uploads\/2021\/09\/1510990_10205810251400683_4124423575079401707_n-150x150.jpg","caption":"S\u00e9bastien Gente"},"description":"John Stockton, Gianni Bugno, Zinedine Zidane, Steffi Graf, Frode Andresen, St\u00e9phane Stoecklin, Davis Kamoga, Primoz Peterka, Werner Schlager et Aur\u00e9lien Rougerie. Point commun entre ces sportifs? Ils m'ont fait r\u00eaver et ont berc\u00e9 mon adolescence. Je suis un fondu de sports et j'essaie de retranscrire ma passion \u00e0 travers mes articles. Originaire du P\u00e9rigord, ma passion pour les Girondins, les Jaunards et les Jazzmen transpire dans mes \u00e9crits. \u00c0 Dicodusport depuis 2021, je d\u00e9niche les sports m\u00e9connus dans lesquels la France brille, et il y en a !","sameAs":["https:\/\/www.facebook.com\/sebastien.gente\/","https:\/\/www.instagram.com\/sebgente\/","https:\/\/www.linkedin.com\/in\/sbastien-gente-a29583169\/","https:\/\/x.com\/https:\/\/twitter.com\/globulo24","SebastienGente"],"worksFor":"S\u00e9bastien GENTE","url":"https:\/\/dicodusport.fr\/blog\/author\/sebastiengente\/"}]}},"_links":{"self":[{"href":"https:\/\/dicodusport.fr\/blog\/wp-json\/wp\/v2\/posts\/471496","targetHints":{"allow":["GET"]}}],"collection":[{"href":"https:\/\/dicodusport.fr\/blog\/wp-json\/wp\/v2\/posts"}],"about":[{"href":"https:\/\/dicodusport.fr\/blog\/wp-json\/wp\/v2\/types\/post"}],"author":[{"embeddable":true,"href":"https:\/\/dicodusport.fr\/blog\/wp-json\/wp\/v2\/users\/59"}],"replies":[{"embeddable":true,"href":"https:\/\/dicodusport.fr\/blog\/wp-json\/wp\/v2\/comments?post=471496"}],"version-history":[{"count":1,"href":"https:\/\/dicodusport.fr\/blog\/wp-json\/wp\/v2\/posts\/471496\/revisions"}],"predecessor-version":[{"id":471531,"href":"https:\/\/dicodusport.fr\/blog\/wp-json\/wp\/v2\/posts\/471496\/revisions\/471531"}],"wp:featuredmedia":[{"embeddable":true,"href":"https:\/\/dicodusport.fr\/blog\/wp-json\/wp\/v2\/media\/471532"}],"wp:attachment":[{"href":"https:\/\/dicodusport.fr\/blog\/wp-json\/wp\/v2\/media?parent=471496"}],"wp:term":[{"taxonomy":"category","embeddable":true,"href":"https:\/\/dicodusport.fr\/blog\/wp-json\/wp\/v2\/categories?post=471496"},{"taxonomy":"post_tag","embeddable":true,"href":"https:\/\/dicodusport.fr\/blog\/wp-json\/wp\/v2\/tags?post=471496"}],"curies":[{"name":"wp","href":"https:\/\/api.w.org\/{rel}","templated":true}]}}