{"id":471776,"date":"2024-03-24T12:39:51","date_gmt":"2024-03-24T11:39:51","guid":{"rendered":"https:\/\/dicodusport.fr\/blog\/?p=471776&#038;preview=true&#038;preview_id=471776"},"modified":"2024-03-24T12:39:49","modified_gmt":"2024-03-24T11:39:49","slug":"finales-ski-alpin-saalbach-programme-horaires-et-resultats","status":"publish","type":"post","link":"https:\/\/dicodusport.fr\/blog\/finales-ski-alpin-saalbach-programme-horaires-et-resultats\/","title":{"rendered":"Finales Ski alpin Saalbach &#8211; Les r\u00e9sultats complets"},"content":{"rendered":"<p style=\"text-align: justify;\"><strong><em>FINALES COUPE DU MONDE SKI ALPIN 2023-2024 &#8211; D\u00e9couvrez le programme, les horaires et les r\u00e9sultats des finales de la Coupe du monde de ski alpin \u00e0 Saalbach (Autriche), qui se d\u00e9roulent du 16 au 24 mars 2024.<\/em><\/strong><\/p>\n<ul>\n<li style=\"text-align: justify;\"><strong>\u00c0 ce sujet &#8211; <a href=\"https:\/\/dicodusport.fr\/blog\/coupe-du-monde-de-ski-alpin-classement-general-femmes\/\">Coupe du monde de ski alpin &#8211; Classement g\u00e9n\u00e9ral femmes<\/a><\/strong><\/li>\n<li style=\"text-align: justify;\"><strong>\u00c0 ce sujet &#8211; <a href=\"https:\/\/dicodusport.fr\/blog\/coupe-du-monde-de-ski-alpin-classement-general-hommes\/\">Coupe du monde de ski alpin &#8211; Classement g\u00e9n\u00e9ral hommes<\/a><\/strong><\/li>\n<\/ul>\n<p style=\"text-align: justify;\"><strong>Les courses sont retransmises en direct sur Eurosport.<\/strong><\/p>\n<h2 style=\"text-align: justify;\">Finales Coupe du monde Ski alpin Saalbach &#8211; Programme et r\u00e9sultats<\/h2>\n<table style=\"width: 100%; border-collapse: collapse;\">\n<tbody>\n<tr>\n<td style=\"background-color: #0755a7; width: 800px; text-align: center; vertical-align: middle; font-size: 0.9em;\" colspan=\"6\"><span style=\"color: #ffffff;\"><strong>SAMEDI 16 MARS 2024<\/strong><\/span><span style=\"color: #ffffff;\"><strong><br \/>\n<\/strong><\/span><\/td>\n<\/tr>\n<tr>\n<td style=\"text-align: center; vertical-align: middle; width: 20%; background-color: #17b8ee; font-size: 0.9em;\"><span style=\"color: #ffffff; font-size: 0.9em;\"><strong>\u00c9preuve<\/strong><\/span><\/td>\n<td style=\"text-align: center; vertical-align: middle; width: 20%; background-color: #17b8ee; font-size: 0.9em;\" colspan=\"2\"><span style=\"color: #ffffff;\"><span style=\"font-size: 0.9em;\"><b>Horaire<\/b><\/span><\/span><\/td>\n<td style=\"text-align: center; vertical-align: middle; width: 20%; background-color: #17b8ee; font-size: 0.9em;\"><span style=\"color: #ffffff; font-size: 0.9em;\"><strong>\ud83e\udd47 Or<\/strong><\/span><\/td>\n<td style=\"text-align: center; vertical-align: middle; width: 20%; background-color: #17b8ee; font-size: 0.9em;\"><span style=\"color: #ffffff; font-size: 0.9em;\"><strong>\ud83e\udd48 Argent<\/strong><\/span><\/td>\n<td style=\"text-align: center; vertical-align: middle; width: 20%; background-color: #17b8ee; font-size: 0.9em;\"><span style=\"color: #ffffff; font-size: 0.9em;\"><strong>\ud83e\udd49 Bronze<\/strong><\/span><\/td>\n<\/tr>\n<tr>\n<td style=\"text-align: center; vertical-align: middle; width: 20%; font-size: 0.9em; background-color: #ffffff;\" rowspan=\"2\"><b><span style=\"font-size: 0.9em;\">G\u00e9ant hommes<br \/>\n<strong><em><span style=\"font-size: 0.8em;\"><a href=\"https:\/\/dicodusport.fr\/blog\/finales-ski-alpin-saalbach-loic-meillard-simpose-sur-le-geant-odermatt-a-la-faute\/\">R\u00e9sum\u00e9<\/a> &#8211; <a href=\"https:\/\/dicodusport.fr\/blog\/finales-ski-alpin-saalbach-classement-geant-hommes\/\">Classement<\/a><\/span><\/em><\/strong><\/span><br \/>\n<\/b><\/td>\n<td style=\"text-align: center; vertical-align: middle; width: 20%; font-size: 0.9em; background-color: #ffffff;\" colspan=\"2\"><strong>9h00 &#8211; 1\u00e8re manche<\/strong><\/td>\n<td style=\"text-align: center; vertical-align: middle; width: 20%; font-size: 0.8em; background-color: #ffffff;\" rowspan=\"2\"><strong><span style=\"font-size: 0.9em;\">\ud83c\udde8\ud83c\udded<\/span> LO\u00cfC MEILLARD<\/strong><\/td>\n<td style=\"text-align: center; vertical-align: middle; width: 20%; font-size: 0.8em; background-color: #ffffff;\" rowspan=\"2\">\ud83c\udde6\ud83c\udde9 JOAN VERDU<\/td>\n<td style=\"text-align: center; vertical-align: middle; width: 20%; font-size: 0.8em; background-color: #ffffff;\" rowspan=\"2\"><span style=\"font-size: 0.9em;\">\ud83c\udde8\ud83c\udded<\/span> THOMAS TUMLER<\/td>\n<\/tr>\n<tr>\n<td style=\"text-align: center; vertical-align: middle; width: 20%; font-size: 0.9em; background-color: #ffffff;\" colspan=\"2\"><strong>12h00 &#8211; 2\u00e8me manche<br \/>\n<\/strong><\/td>\n<\/tr>\n<tr>\n<td style=\"text-align: center; vertical-align: middle; width: 20%; font-size: 0.9em; background-color: #ffffff;\" rowspan=\"2\"><b><span style=\"font-size: 0.9em;\">Slalom femmes<br \/>\n<strong><em><span style=\"font-size: 0.8em;\"><a href=\"https:\/\/dicodusport.fr\/blog\/finales-ski-alpin-saalbach-la-reine-mikaela-shiffrin-remporte-le-slalom\/\">R\u00e9sum\u00e9<\/a> &#8211; <a href=\"https:\/\/dicodusport.fr\/blog\/finales-ski-alpin-saalbach-classement-slalom-femmes\/\">Classement<\/a><\/span><\/em><\/strong><\/span><br \/>\n<\/b><\/td>\n<td style=\"text-align: center; vertical-align: middle; width: 20%; font-size: 0.9em; background-color: #ffffff;\" colspan=\"2\"><strong>10h30 &#8211; 1\u00e8re manche<\/strong><\/td>\n<td style=\"text-align: center; vertical-align: middle; width: 20%; font-size: 0.8em; background-color: #ffffff;\" rowspan=\"2\"><strong>\ud83c\uddfa\ud83c\uddf8 MIKAELA SHIFFRIN<\/strong><\/td>\n<td style=\"text-align: center; vertical-align: middle; width: 20%; font-size: 0.8em; background-color: #ffffff;\" rowspan=\"2\">\ud83c\uddf3\ud83c\uddf4 MINA FUERST HOLTMANN<\/td>\n<td style=\"text-align: center; vertical-align: middle; width: 20%; font-size: 0.8em; background-color: #ffffff;\" rowspan=\"2\">\ud83c\uddf8\ud83c\uddea ANNA SWENN LARSSON<\/td>\n<\/tr>\n<tr>\n<td style=\"text-align: center; vertical-align: middle; width: 20%; font-size: 0.9em; background-color: #ffffff;\" colspan=\"2\"><strong>13h30 &#8211; 2\u00e8me manche<br \/>\n<\/strong><\/td>\n<\/tr>\n<tr>\n<td style=\"background-color: #0755a7; width: 800px; text-align: center; vertical-align: middle; font-size: 0.9em;\" colspan=\"6\"><span style=\"color: #ffffff;\"><strong>DIMANCHE 17 MARS 2024<\/strong><\/span><\/td>\n<\/tr>\n<tr>\n<td style=\"text-align: center; vertical-align: middle; width: 20%; background-color: #17b8ee; font-size: 0.9em;\"><span style=\"color: #ffffff; font-size: 0.9em;\"><strong>Horaire<\/strong><\/span><\/td>\n<td style=\"text-align: center; vertical-align: middle; width: 20%; background-color: #17b8ee; font-size: 0.9em;\" colspan=\"2\"><span style=\"color: #ffffff;\"><span style=\"font-size: 0.9em;\"><b>\u00c9preuve<\/b><\/span><\/span><\/td>\n<td style=\"text-align: center; vertical-align: middle; width: 20%; background-color: #17b8ee; font-size: 0.9em;\"><span style=\"color: #ffffff; font-size: 0.9em;\"><strong>\ud83e\udd47 Or<\/strong><\/span><\/td>\n<td style=\"text-align: center; vertical-align: middle; width: 20%; background-color: #17b8ee; font-size: 0.9em;\"><span style=\"color: #ffffff; font-size: 0.9em;\"><strong>\ud83e\udd48 Argent<\/strong><\/span><\/td>\n<td style=\"text-align: center; vertical-align: middle; width: 20%; background-color: #17b8ee; font-size: 0.9em;\"><span style=\"color: #ffffff; font-size: 0.9em;\"><strong>\ud83e\udd49 Bronze<\/strong><\/span><\/td>\n<\/tr>\n<tr>\n<td style=\"text-align: center; vertical-align: middle; width: 20%; font-size: 0.9em; background-color: #ffffff;\" rowspan=\"2\"><b><span style=\"font-size: 0.9em;\">G\u00e9ant femmes<br \/>\n<strong><em><span style=\"font-size: 0.8em;\"><a href=\"https:\/\/dicodusport.fr\/blog\/finales-ski-alpin-saalbach-le-dernier-geant-pour-brignone-les-globes-pour-gut-behrami\/\">R\u00e9sum\u00e9<\/a> &#8211; <a href=\"https:\/\/dicodusport.fr\/blog\/finales-ski-alpin-saalbach-classement-geant-femmes\/\">Classement<\/a><\/span><\/em><\/strong><br \/>\n<\/span><\/b><\/td>\n<td style=\"text-align: center; vertical-align: middle; width: 20%; font-size: 0.9em; background-color: #ffffff;\" colspan=\"2\"><strong>9h00 &#8211; 1\u00e8re manche<\/strong><\/td>\n<td style=\"text-align: center; vertical-align: middle; width: 20%; font-size: 0.8em; background-color: #ffffff;\" rowspan=\"2\"><strong>\ud83c\uddee\ud83c\uddf9 FEDERICA BRIGNONE<\/strong><\/td>\n<td style=\"text-align: center; vertical-align: middle; width: 20%; font-size: 0.8em; background-color: #ffffff;\" rowspan=\"2\">\ud83c\uddf3\ud83c\uddff ALICE ROBINSON<\/td>\n<td style=\"text-align: center; vertical-align: middle; width: 20%; font-size: 0.8em; background-color: #ffffff;\" rowspan=\"2\">\ud83c\uddf3\ud83c\uddf4 THEA LOUISE STJERNESUND<\/td>\n<\/tr>\n<tr>\n<td style=\"text-align: center; vertical-align: middle; width: 20%; font-size: 0.9em; background-color: #ffffff;\" colspan=\"2\"><strong>12h00 &#8211; 2\u00e8me manche<br \/>\n<\/strong><\/td>\n<\/tr>\n<tr>\n<td style=\"text-align: center; vertical-align: middle; width: 20%; font-size: 0.9em; background-color: #ffffff;\" rowspan=\"2\"><b><span style=\"font-size: 0.9em;\">Slalom hommes<br \/>\n<strong><em><span style=\"font-size: 0.8em;\"><a href=\"https:\/\/dicodusport.fr\/blog\/finales-ski-alpin-saalbach-timon-haugan-ouvre-son-palmares-sur-le-dernier-slalom-de-la-saison\/\">R\u00e9sum\u00e9<\/a> &#8211; <a href=\"https:\/\/dicodusport.fr\/blog\/finales-ski-alpin-saalbach-classement-slalom-hommes\/\">Classement<\/a><\/span><\/em><\/strong><\/span><br \/>\n<\/b><\/td>\n<td style=\"text-align: center; vertical-align: middle; width: 20%; font-size: 0.9em; background-color: #ffffff;\" colspan=\"2\"><strong>10h30 &#8211; 1\u00e8re manche<\/strong><\/td>\n<td style=\"text-align: center; vertical-align: middle; width: 20%; font-size: 0.8em; background-color: #ffffff;\" rowspan=\"2\"><strong><span style=\"font-size: 0.9em;\">\ud83c\uddf3\ud83c\uddf4<\/span> TIMON HAUGAN<\/strong><\/td>\n<td style=\"text-align: center; vertical-align: middle; width: 20%; font-size: 0.8em; background-color: #ffffff;\" rowspan=\"2\">\ud83c\udde6\ud83c\uddf9 MANUEL FELLER<\/td>\n<td style=\"text-align: center; vertical-align: middle; width: 20%; font-size: 0.8em; background-color: #ffffff;\" rowspan=\"2\">\ud83c\udde9\ud83c\uddea LINUS STRASSER<\/td>\n<\/tr>\n<tr>\n<td style=\"text-align: center; vertical-align: middle; width: 20%; font-size: 0.9em; background-color: #ffffff;\" colspan=\"2\"><strong>13h30 &#8211; 2\u00e8me manche<br \/>\n<\/strong><\/td>\n<\/tr>\n<tr>\n<td style=\"background-color: #0755a7; width: 800px; text-align: center; vertical-align: middle; font-size: 0.9em;\" colspan=\"6\"><span style=\"color: #ffffff;\"><strong>VENDREDI 22 MARS 2024<\/strong><\/span><span style=\"color: #ffffff;\"><strong><br \/>\n<\/strong><\/span><\/td>\n<\/tr>\n<tr>\n<td style=\"text-align: center; vertical-align: middle; width: 20%; background-color: #17b8ee; font-size: 0.9em;\"><span style=\"color: #ffffff;\"><span style=\"font-size: 0.9em;\"><b>\u00c9preuve<\/b><\/span><\/span><\/td>\n<td style=\"text-align: center; vertical-align: middle; width: 20%; background-color: #17b8ee; font-size: 0.9em;\" colspan=\"2\"><span style=\"color: #ffffff;\"><span style=\"font-size: 0.9em;\"><b>Horaire<\/b><\/span><\/span><\/td>\n<td style=\"text-align: center; vertical-align: middle; width: 20%; background-color: #17b8ee; font-size: 0.9em;\"><span style=\"color: #ffffff; font-size: 0.9em;\"><strong>\ud83e\udd47 Or<\/strong><\/span><\/td>\n<td style=\"text-align: center; vertical-align: middle; width: 20%; background-color: #17b8ee; font-size: 0.9em;\"><span style=\"color: #ffffff; font-size: 0.9em;\"><strong>\ud83e\udd48 Argent<\/strong><\/span><\/td>\n<td style=\"text-align: center; vertical-align: middle; width: 20%; background-color: #17b8ee; font-size: 0.9em;\"><span style=\"color: #ffffff; font-size: 0.9em;\"><strong>\ud83e\udd49 Bronze<\/strong><\/span><\/td>\n<\/tr>\n<tr>\n<td style=\"text-align: center; vertical-align: middle; width: 20%; font-size: 0.9em; background-color: #ffffff;\"><b><span style=\"font-size: 0.9em;\">Super-G femmes<br \/>\n<strong><em><span style=\"font-size: 0.8em;\"><a href=\"https:\/\/dicodusport.fr\/blog\/finales-ski-alpin-saalbach-ester-ledecka-rafle-le-dernier-super-g-un-nouveau-globe-pour-lara-gut-behrami\/\">R\u00e9sum\u00e9<\/a> &#8211; <a href=\"https:\/\/dicodusport.fr\/blog\/finales-ski-alpin-saalbach-classement-super-g-femmes\/\">Classement<\/a><\/span><\/em><\/strong><br \/>\n<\/span><\/b><\/td>\n<td style=\"text-align: center; vertical-align: middle; font-size: 0.9em; background-color: #ffffff;\" colspan=\"2\"><strong>10h00<\/strong><\/td>\n<td style=\"text-align: center; vertical-align: middle; width: 20%; font-size: 0.8em; background-color: #ffffff;\"><b>\ud83c\udde8\ud83c\uddff ESTER LEDECKA<\/b><\/td>\n<td style=\"text-align: center; vertical-align: middle; width: 20%; font-size: 0.8em; background-color: #ffffff;\">\ud83c\uddee\ud83c\uddf9 FEDERICA BRIGNONE<\/td>\n<td style=\"text-align: center; vertical-align: middle; width: 20%; font-size: 0.8em; background-color: #ffffff;\">\ud83c\uddf3\ud83c\uddf4 KAJSA VICKHOFF LIE<\/td>\n<\/tr>\n<tr>\n<td style=\"text-align: center; vertical-align: middle; width: 20%; font-size: 0.9em; background-color: #ffffff;\"><b><span style=\"font-size: 0.9em;\">Super-G hommes<br \/>\n<strong><em><span style=\"font-size: 0.8em;\"><a href=\"https:\/\/dicodusport.fr\/blog\/finales-ski-alpin-saalbach-rogentin-soffre-le-dernier-super-g-odermatt-remporte-le-globe-de-la-specialite\/\">R\u00e9sum\u00e9<\/a> &#8211; <a href=\"https:\/\/dicodusport.fr\/blog\/finales-ski-alpin-saalbach-classement-super-g-hommes\/\">Classement<\/a><\/span><\/em><\/strong><br \/>\n<\/span><\/b><\/td>\n<td style=\"text-align: center; vertical-align: middle; width: 20%; font-size: 0.9em; background-color: #ffffff;\" colspan=\"2\"><strong>11h30<\/strong><\/td>\n<td style=\"text-align: center; vertical-align: middle; width: 20%; font-size: 0.8em; background-color: #ffffff;\"><strong><span style=\"font-size: 0.9em;\">\ud83c\udde8\ud83c\udded<\/span> STEFAN ROGENTIN<\/strong><\/td>\n<td style=\"text-align: center; vertical-align: middle; width: 20%; font-size: 0.8em; background-color: #ffffff;\"><span style=\"font-size: 0.9em;\">\ud83c\udde8\ud83c\udded<\/span> LO\u00cfC MEILLARD<\/td>\n<td style=\"text-align: center; vertical-align: middle; width: 20%; font-size: 0.8em; background-color: #ffffff;\"><span style=\"font-size: 0.9em;\">\ud83c\udde8\ud83c\udded<\/span> ARNAUD BOISSET<\/td>\n<\/tr>\n<tr>\n<td style=\"background-color: #0755a7; width: 800px; text-align: center; vertical-align: middle; font-size: 0.9em;\" colspan=\"6\"><span style=\"color: #ffffff;\"><strong>SAMEDI 23 MARS 2024<\/strong><\/span><\/td>\n<\/tr>\n<tr>\n<td style=\"text-align: center; vertical-align: middle; width: 20%; background-color: #17b8ee; font-size: 0.9em;\"><span style=\"color: #ffffff;\"><span style=\"font-size: 0.9em;\"><b>\u00c9preuve<\/b><\/span><\/span><\/td>\n<td style=\"text-align: center; vertical-align: middle; width: 20%; background-color: #17b8ee; font-size: 0.9em;\" colspan=\"2\"><span style=\"color: #ffffff;\"><span style=\"font-size: 0.9em;\"><b>Horaire<\/b><\/span><\/span><\/td>\n<td style=\"text-align: center; vertical-align: middle; width: 20%; background-color: #17b8ee; font-size: 0.9em;\"><span style=\"color: #ffffff; font-size: 0.9em;\"><strong>\ud83e\udd47 Or<\/strong><\/span><\/td>\n<td style=\"text-align: center; vertical-align: middle; width: 20%; background-color: #17b8ee; font-size: 0.9em;\"><span style=\"color: #ffffff; font-size: 0.9em;\"><strong>\ud83e\udd48 Argent<\/strong><\/span><\/td>\n<td style=\"text-align: center; vertical-align: middle; width: 20%; background-color: #17b8ee; font-size: 0.9em;\"><span style=\"color: #ffffff; font-size: 0.9em;\"><strong>\ud83e\udd49 Bronze<\/strong><\/span><\/td>\n<\/tr>\n<tr>\n<td style=\"text-align: center; vertical-align: middle; width: 20%; font-size: 0.9em; background-color: #ffffff;\"><b><span style=\"font-size: 0.9em;\">Descente femmes<br \/>\n<strong><em><span style=\"font-size: 0.8em;\"><a href=\"https:\/\/dicodusport.fr\/blog\/finales-ski-alpin-saalbach-cornelia-huetter-sadjuge-la-derniere-descente-et-le-globe-de-la-discipline\/\">R\u00e9sum\u00e9<\/a> &#8211; <a href=\"https:\/\/dicodusport.fr\/blog\/finales-ski-alpin-saalbach-classement-descente-femmes\/\">Classement<\/a><\/span><\/em><\/strong><\/span><br \/>\n<\/b><\/td>\n<td style=\"text-align: center; vertical-align: middle; font-size: 0.9em; background-color: #ffffff;\" colspan=\"2\"><strong>11H15<\/strong><\/td>\n<td style=\"text-align: center; vertical-align: middle; width: 20%; font-size: 0.8em; background-color: #ffffff;\"><strong>\ud83c\udde6\ud83c\uddf9 CORNELIA HUETTER<\/strong><\/td>\n<td style=\"text-align: center; vertical-align: middle; width: 20%; font-size: 0.8em; background-color: #ffffff;\">\ud83c\uddf8\ud83c\uddee ILKA STUHEC<\/td>\n<td style=\"text-align: center; vertical-align: middle; width: 20%; font-size: 0.8em; background-color: #ffffff;\">\ud83c\uddee\ud83c\uddf9 NICOL DELAGO<\/td>\n<\/tr>\n<tr>\n<td style=\"background-color: #0755a7; width: 800px; text-align: center; vertical-align: middle; font-size: 0.9em;\" colspan=\"6\"><span style=\"color: #ffffff;\"><strong>DIMANCHE 24 MARS 2023<\/strong><\/span><span style=\"color: #ffffff;\"><strong><br \/>\n<\/strong><\/span><\/td>\n<\/tr>\n<tr>\n<td style=\"text-align: center; vertical-align: middle; width: 20%; background-color: #17b8ee; font-size: 0.9em;\"><span style=\"color: #ffffff;\"><span style=\"font-size: 0.9em;\"><b>\u00c9preuve<\/b><\/span><\/span><\/td>\n<td style=\"text-align: center; vertical-align: middle; width: 20%; background-color: #17b8ee; font-size: 0.9em;\" colspan=\"2\"><span style=\"color: #ffffff;\"><span style=\"font-size: 0.9em;\"><b>Horaire<\/b><\/span><\/span><\/td>\n<td style=\"text-align: center; vertical-align: middle; width: 20%; background-color: #17b8ee; font-size: 0.9em;\"><span style=\"color: #ffffff; font-size: 0.9em;\"><strong>\ud83e\udd47 Or<\/strong><\/span><\/td>\n<td style=\"text-align: center; vertical-align: middle; width: 20%; background-color: #17b8ee; font-size: 0.9em;\"><span style=\"color: #ffffff; font-size: 0.9em;\"><strong>\ud83e\udd48 Argent<\/strong><\/span><\/td>\n<td style=\"text-align: center; vertical-align: middle; width: 20%; background-color: #17b8ee; font-size: 0.9em;\"><span style=\"color: #ffffff; font-size: 0.9em;\"><strong>\ud83e\udd49 Bronze<\/strong><\/span><\/td>\n<\/tr>\n<tr>\n<td style=\"text-align: center; vertical-align: middle; width: 20%; font-size: 0.9em; background-color: #ffffff;\"><strong><span style=\"font-size: 0.9em;\"><b>Descente hommes<\/b><\/span><\/strong><\/td>\n<td style=\"text-align: center; vertical-align: middle; width: 20%; font-size: 0.9em; background-color: #ffffff;\" colspan=\"2\"><strong>11h15<\/strong><\/td>\n<td style=\"text-align: center; vertical-align: middle; width: 20%; font-size: 0.8em; background-color: #ffffff;\" colspan=\"3\"><strong>ANNUL\u00c9E<\/strong><\/td>\n<\/tr>\n<\/tbody>\n<\/table>\n<p>&nbsp;<\/p>\n<p>&nbsp;<\/p>\n","protected":false},"excerpt":{"rendered":"<p>FINALES COUPE DU MONDE SKI ALPIN 2023-2024 &#8211; D\u00e9couvrez le programme, les horaires et les r\u00e9sultats des finales de la Coupe du monde de ski alpin \u00e0 Saalbach (Autriche).<\/p>\n","protected":false},"author":4,"featured_media":472804,"comment_status":"open","ping_status":"closed","sticky":false,"template":"","format":"standard","meta":{"_acf_changed":false,"_daextam_enable_autolinks":"1","footnotes":""},"categories":[47084],"tags":[16878,30320],"class_list":["post-471776","post","type-post","status-publish","format-standard","has-post-thumbnail","hentry","category-coupe-du-monde-ski-alpin","tag-breve","tag-ski-alpin-soldeu"],"acf":[],"yoast_head":"<!-- This site is optimized with the Yoast SEO Premium plugin v26.7 (Yoast SEO v26.7) - https:\/\/yoast.com\/wordpress\/plugins\/seo\/ -->\n<title>Finales Ski alpin Saalbach - Les r\u00e9sultats complets<\/title>\n<meta name=\"description\" content=\"COUPE DU MONDE SKI ALPIN 2023-2024 - Programme, horaires et r\u00e9sultats des finales de la Coupe du monde de ski alpin \u00e0 Saalbach.\" \/>\n<meta name=\"robots\" content=\"index, follow, max-snippet:-1, max-image-preview:large, max-video-preview:-1\" \/>\n<link rel=\"canonical\" href=\"https:\/\/dicodusport.fr\/blog\/finales-ski-alpin-saalbach-programme-horaires-et-resultats\/\" \/>\n<meta property=\"og:locale\" content=\"fr_FR\" \/>\n<meta property=\"og:type\" content=\"article\" \/>\n<meta property=\"og:title\" content=\"Finales Ski alpin Saalbach - Les r\u00e9sultats complets\" \/>\n<meta property=\"og:description\" content=\"COUPE DU MONDE SKI ALPIN 2023-2024 - Programme, horaires et r\u00e9sultats des finales de la Coupe du monde de ski alpin \u00e0 Saalbach.\" \/>\n<meta property=\"og:url\" content=\"https:\/\/dicodusport.fr\/blog\/finales-ski-alpin-saalbach-programme-horaires-et-resultats\/\" \/>\n<meta property=\"og:site_name\" content=\"Dicodusport\" \/>\n<meta property=\"article:publisher\" content=\"https:\/\/www.facebook.com\/dicodusport\" \/>\n<meta property=\"article:author\" content=\"https:\/\/www.facebook.com\/florent.ostermann\" \/>\n<meta property=\"article:published_time\" content=\"2024-03-24T11:39:51+00:00\" \/>\n<meta property=\"og:image\" content=\"https:\/\/dicodusport.fr\/blog\/wp-content\/uploads\/2024\/03\/Finales-Ski-alpin-Saalbach-Programme-horaires-et-resultats-1.png\" \/>\n\t<meta property=\"og:image:width\" content=\"1200\" \/>\n\t<meta property=\"og:image:height\" content=\"674\" \/>\n\t<meta property=\"og:image:type\" content=\"image\/png\" \/>\n<meta name=\"author\" content=\"Flo Ostermann\" \/>\n<meta name=\"twitter:card\" content=\"summary_large_image\" \/>\n<meta name=\"twitter:title\" content=\"Finales Ski alpin Saalbach - Les r\u00e9sultats complets\" \/>\n<meta name=\"twitter:creator\" content=\"@https:\/\/twitter.com\/FlOstermann\" \/>\n<meta name=\"twitter:site\" content=\"@dicodusport\" \/>\n<script type=\"application\/ld+json\" class=\"yoast-schema-graph\">{\"@context\":\"https:\/\/schema.org\",\"@graph\":[{\"@type\":\"NewsArticle\",\"@id\":\"https:\/\/dicodusport.fr\/blog\/finales-ski-alpin-saalbach-programme-horaires-et-resultats\/#article\",\"isPartOf\":{\"@id\":\"https:\/\/dicodusport.fr\/blog\/finales-ski-alpin-saalbach-programme-horaires-et-resultats\/\"},\"author\":{\"name\":\"Flo Ostermann\",\"@id\":\"https:\/\/dicodusport.fr\/blog\/#\/schema\/person\/cb02af4c173ce4a653b55e9baf388d4a\"},\"headline\":\"Finales Ski alpin Saalbach &#8211; Les r\u00e9sultats complets\",\"datePublished\":\"2024-03-24T11:39:51+00:00\",\"mainEntityOfPage\":{\"@id\":\"https:\/\/dicodusport.fr\/blog\/finales-ski-alpin-saalbach-programme-horaires-et-resultats\/\"},\"wordCount\":265,\"commentCount\":0,\"publisher\":{\"@id\":\"https:\/\/dicodusport.fr\/blog\/#organization\"},\"image\":{\"@id\":\"https:\/\/dicodusport.fr\/blog\/finales-ski-alpin-saalbach-programme-horaires-et-resultats\/#primaryimage\"},\"thumbnailUrl\":\"https:\/\/dicodusport.fr\/blog\/wp-content\/uploads\/2024\/03\/Finales-Ski-alpin-Saalbach-Programme-horaires-et-resultats-1.png\",\"keywords\":[\"br\u00e8ve\",\"Ski alpin Soldeu\"],\"articleSection\":[\"Coupe du monde de ski alpin\"],\"inLanguage\":\"fr-FR\",\"potentialAction\":[{\"@type\":\"CommentAction\",\"name\":\"Comment\",\"target\":[\"https:\/\/dicodusport.fr\/blog\/finales-ski-alpin-saalbach-programme-horaires-et-resultats\/#respond\"]}],\"copyrightYear\":\"2024\",\"copyrightHolder\":{\"@id\":\"https:\/\/dicodusport.fr\/blog\/#organization\"}},{\"@type\":\"WebPage\",\"@id\":\"https:\/\/dicodusport.fr\/blog\/finales-ski-alpin-saalbach-programme-horaires-et-resultats\/\",\"url\":\"https:\/\/dicodusport.fr\/blog\/finales-ski-alpin-saalbach-programme-horaires-et-resultats\/\",\"name\":\"Finales Ski alpin Saalbach - Les r\u00e9sultats complets\",\"isPartOf\":{\"@id\":\"https:\/\/dicodusport.fr\/blog\/#website\"},\"primaryImageOfPage\":{\"@id\":\"https:\/\/dicodusport.fr\/blog\/finales-ski-alpin-saalbach-programme-horaires-et-resultats\/#primaryimage\"},\"image\":{\"@id\":\"https:\/\/dicodusport.fr\/blog\/finales-ski-alpin-saalbach-programme-horaires-et-resultats\/#primaryimage\"},\"thumbnailUrl\":\"https:\/\/dicodusport.fr\/blog\/wp-content\/uploads\/2024\/03\/Finales-Ski-alpin-Saalbach-Programme-horaires-et-resultats-1.png\",\"datePublished\":\"2024-03-24T11:39:51+00:00\",\"description\":\"COUPE DU MONDE SKI ALPIN 2023-2024 - Programme, horaires et r\u00e9sultats des finales de la Coupe du monde de ski alpin \u00e0 Saalbach.\",\"breadcrumb\":{\"@id\":\"https:\/\/dicodusport.fr\/blog\/finales-ski-alpin-saalbach-programme-horaires-et-resultats\/#breadcrumb\"},\"inLanguage\":\"fr-FR\",\"potentialAction\":[{\"@type\":\"ReadAction\",\"target\":[\"https:\/\/dicodusport.fr\/blog\/finales-ski-alpin-saalbach-programme-horaires-et-resultats\/\"]}]},{\"@type\":\"ImageObject\",\"inLanguage\":\"fr-FR\",\"@id\":\"https:\/\/dicodusport.fr\/blog\/finales-ski-alpin-saalbach-programme-horaires-et-resultats\/#primaryimage\",\"url\":\"https:\/\/dicodusport.fr\/blog\/wp-content\/uploads\/2024\/03\/Finales-Ski-alpin-Saalbach-Programme-horaires-et-resultats-1.png\",\"contentUrl\":\"https:\/\/dicodusport.fr\/blog\/wp-content\/uploads\/2024\/03\/Finales-Ski-alpin-Saalbach-Programme-horaires-et-resultats-1.png\",\"width\":1200,\"height\":674,\"caption\":\"Finales Ski alpin Saalbach - Programme, horaires et r\u00e9sultats\"},{\"@type\":\"BreadcrumbList\",\"@id\":\"https:\/\/dicodusport.fr\/blog\/finales-ski-alpin-saalbach-programme-horaires-et-resultats\/#breadcrumb\",\"itemListElement\":[{\"@type\":\"ListItem\",\"position\":1,\"name\":\"Accueil\",\"item\":\"https:\/\/dicodusport.fr\/blog\/\"},{\"@type\":\"ListItem\",\"position\":2,\"name\":\"Finales Ski alpin Saalbach &#8211; Les r\u00e9sultats complets\"}]},{\"@type\":\"WebSite\",\"@id\":\"https:\/\/dicodusport.fr\/blog\/#website\",\"url\":\"https:\/\/dicodusport.fr\/blog\/\",\"name\":\"Dicodusport\",\"description\":\"L&#039;encyclop\u00e9die de l&#039;actualit\u00e9 sportive\",\"publisher\":{\"@id\":\"https:\/\/dicodusport.fr\/blog\/#organization\"},\"potentialAction\":[{\"@type\":\"SearchAction\",\"target\":{\"@type\":\"EntryPoint\",\"urlTemplate\":\"https:\/\/dicodusport.fr\/blog\/?s={search_term_string}\"},\"query-input\":{\"@type\":\"PropertyValueSpecification\",\"valueRequired\":true,\"valueName\":\"search_term_string\"}}],\"inLanguage\":\"fr-FR\"},{\"@type\":\"NewsMediaOrganization\",\"@id\":\"https:\/\/dicodusport.fr\/blog\/#organization\",\"name\":\"Dicodusport\",\"url\":\"https:\/\/dicodusport.fr\/blog\/\",\"logo\":{\"@type\":\"ImageObject\",\"inLanguage\":\"fr-FR\",\"@id\":\"https:\/\/dicodusport.fr\/blog\/#\/schema\/logo\/image\/\",\"url\":\"https:\/\/dicodusport.fr\/blog\/wp-content\/uploads\/2020\/06\/cropped-LOGO-DICODUSPORT-2020-SANS-FOND-SANS-TEXTE.png\",\"contentUrl\":\"https:\/\/dicodusport.fr\/blog\/wp-content\/uploads\/2020\/06\/cropped-LOGO-DICODUSPORT-2020-SANS-FOND-SANS-TEXTE.png\",\"width\":512,\"height\":512,\"caption\":\"Dicodusport\"},\"image\":{\"@id\":\"https:\/\/dicodusport.fr\/blog\/#\/schema\/logo\/image\/\"},\"sameAs\":[\"https:\/\/www.facebook.com\/dicodusport\",\"https:\/\/x.com\/dicodusport\",\"https:\/\/www.instagram.com\/dicodusport\/\",\"https:\/\/www.youtube.com\/channel\/UC7V2KZ5sd3htJivAbA4ZG3w\"],\"description\":\"Dicodusport est l'encyclop\u00e9die de l'actualit\u00e9 sportive.\",\"email\":\"bonjour@dicodusport.fr\",\"legalName\":\"DICODUSPORT\",\"foundingDate\":\"2018-01-14\",\"vatID\":\"FR71834470973\",\"taxID\":\"83447097300043\",\"numberOfEmployees\":{\"@type\":\"QuantitativeValue\",\"minValue\":\"1\",\"maxValue\":\"10\"}},{\"@type\":\"Person\",\"@id\":\"https:\/\/dicodusport.fr\/blog\/#\/schema\/person\/cb02af4c173ce4a653b55e9baf388d4a\",\"name\":\"Flo Ostermann\",\"image\":{\"@type\":\"ImageObject\",\"inLanguage\":\"fr-FR\",\"@id\":\"https:\/\/dicodusport.fr\/blog\/#\/schema\/person\/image\/\",\"url\":\"https:\/\/dicodusport.fr\/blog\/wp-content\/uploads\/2021\/05\/Flo-Ostermann-150x150.jpg\",\"contentUrl\":\"https:\/\/dicodusport.fr\/blog\/wp-content\/uploads\/2021\/05\/Flo-Ostermann-150x150.jpg\",\"caption\":\"Flo Ostermann\"},\"description\":\"Journaliste\/R\u00e9dacteur depuis septembre 2015 - Mes premiers souvenirs dans le sport ? Les envol\u00e9es du Stade Toulousain et les duels Villeneuve-Schumacher et H\u00e4kkinen-Schumacher \u00e0 la fin des ann\u00e9es 90, la Coupe du monde de football en 1998, l\u2019exploit du XV de France face aux All Blacks en 1999, mais aussi Richard C\u0153ur de Lion qui vole sur les montagnes du Tour de France. Bien parti pour devenir professeur d\u2019EPS, les \u00e9v\u00e9nements de la vie (et la flemme d\u2019animer des s\u00e9ances de 3x500 m\u00e8tres toute ma vie) m\u2019ont conduit \u00e0 revoir mes plans. Me voil\u00e0 depuis fin 2017 sur Dicodusport, m\u00e9dia gr\u00e2ce (et pour) lequel je partage ma passion : le sport dans tous ses \u00e9tats. Le tout accompagn\u00e9 par les fous furieux et folles furieuses cit\u00e9s sur cette page !\",\"sameAs\":[\"https:\/\/www.facebook.com\/florent.ostermann\",\"https:\/\/x.com\/https:\/\/twitter.com\/FlOstermann\",\"admin\"],\"url\":\"https:\/\/dicodusport.fr\/blog\/author\/flo\/\"}]}<\/script>\n<!-- \/ Yoast SEO Premium plugin. -->","yoast_head_json":{"title":"Finales Ski alpin Saalbach - Les r\u00e9sultats complets","description":"COUPE DU MONDE SKI ALPIN 2023-2024 - Programme, horaires et r\u00e9sultats des finales de la Coupe du monde de ski alpin \u00e0 Saalbach.","robots":{"index":"index","follow":"follow","max-snippet":"max-snippet:-1","max-image-preview":"max-image-preview:large","max-video-preview":"max-video-preview:-1"},"canonical":"https:\/\/dicodusport.fr\/blog\/finales-ski-alpin-saalbach-programme-horaires-et-resultats\/","og_locale":"fr_FR","og_type":"article","og_title":"Finales Ski alpin Saalbach - Les r\u00e9sultats complets","og_description":"COUPE DU MONDE SKI ALPIN 2023-2024 - Programme, horaires et r\u00e9sultats des finales de la Coupe du monde de ski alpin \u00e0 Saalbach.","og_url":"https:\/\/dicodusport.fr\/blog\/finales-ski-alpin-saalbach-programme-horaires-et-resultats\/","og_site_name":"Dicodusport","article_publisher":"https:\/\/www.facebook.com\/dicodusport","article_author":"https:\/\/www.facebook.com\/florent.ostermann","article_published_time":"2024-03-24T11:39:51+00:00","og_image":[{"width":1200,"height":674,"url":"https:\/\/dicodusport.fr\/blog\/wp-content\/uploads\/2024\/03\/Finales-Ski-alpin-Saalbach-Programme-horaires-et-resultats-1.png","type":"image\/png"}],"author":"Flo Ostermann","twitter_card":"summary_large_image","twitter_title":"Finales Ski alpin Saalbach - Les r\u00e9sultats complets","twitter_creator":"@https:\/\/twitter.com\/FlOstermann","twitter_site":"@dicodusport","schema":{"@context":"https:\/\/schema.org","@graph":[{"@type":"NewsArticle","@id":"https:\/\/dicodusport.fr\/blog\/finales-ski-alpin-saalbach-programme-horaires-et-resultats\/#article","isPartOf":{"@id":"https:\/\/dicodusport.fr\/blog\/finales-ski-alpin-saalbach-programme-horaires-et-resultats\/"},"author":{"name":"Flo Ostermann","@id":"https:\/\/dicodusport.fr\/blog\/#\/schema\/person\/cb02af4c173ce4a653b55e9baf388d4a"},"headline":"Finales Ski alpin Saalbach &#8211; Les r\u00e9sultats complets","datePublished":"2024-03-24T11:39:51+00:00","mainEntityOfPage":{"@id":"https:\/\/dicodusport.fr\/blog\/finales-ski-alpin-saalbach-programme-horaires-et-resultats\/"},"wordCount":265,"commentCount":0,"publisher":{"@id":"https:\/\/dicodusport.fr\/blog\/#organization"},"image":{"@id":"https:\/\/dicodusport.fr\/blog\/finales-ski-alpin-saalbach-programme-horaires-et-resultats\/#primaryimage"},"thumbnailUrl":"https:\/\/dicodusport.fr\/blog\/wp-content\/uploads\/2024\/03\/Finales-Ski-alpin-Saalbach-Programme-horaires-et-resultats-1.png","keywords":["br\u00e8ve","Ski alpin Soldeu"],"articleSection":["Coupe du monde de ski alpin"],"inLanguage":"fr-FR","potentialAction":[{"@type":"CommentAction","name":"Comment","target":["https:\/\/dicodusport.fr\/blog\/finales-ski-alpin-saalbach-programme-horaires-et-resultats\/#respond"]}],"copyrightYear":"2024","copyrightHolder":{"@id":"https:\/\/dicodusport.fr\/blog\/#organization"}},{"@type":"WebPage","@id":"https:\/\/dicodusport.fr\/blog\/finales-ski-alpin-saalbach-programme-horaires-et-resultats\/","url":"https:\/\/dicodusport.fr\/blog\/finales-ski-alpin-saalbach-programme-horaires-et-resultats\/","name":"Finales Ski alpin Saalbach - Les r\u00e9sultats complets","isPartOf":{"@id":"https:\/\/dicodusport.fr\/blog\/#website"},"primaryImageOfPage":{"@id":"https:\/\/dicodusport.fr\/blog\/finales-ski-alpin-saalbach-programme-horaires-et-resultats\/#primaryimage"},"image":{"@id":"https:\/\/dicodusport.fr\/blog\/finales-ski-alpin-saalbach-programme-horaires-et-resultats\/#primaryimage"},"thumbnailUrl":"https:\/\/dicodusport.fr\/blog\/wp-content\/uploads\/2024\/03\/Finales-Ski-alpin-Saalbach-Programme-horaires-et-resultats-1.png","datePublished":"2024-03-24T11:39:51+00:00","description":"COUPE DU MONDE SKI ALPIN 2023-2024 - Programme, horaires et r\u00e9sultats des finales de la Coupe du monde de ski alpin \u00e0 Saalbach.","breadcrumb":{"@id":"https:\/\/dicodusport.fr\/blog\/finales-ski-alpin-saalbach-programme-horaires-et-resultats\/#breadcrumb"},"inLanguage":"fr-FR","potentialAction":[{"@type":"ReadAction","target":["https:\/\/dicodusport.fr\/blog\/finales-ski-alpin-saalbach-programme-horaires-et-resultats\/"]}]},{"@type":"ImageObject","inLanguage":"fr-FR","@id":"https:\/\/dicodusport.fr\/blog\/finales-ski-alpin-saalbach-programme-horaires-et-resultats\/#primaryimage","url":"https:\/\/dicodusport.fr\/blog\/wp-content\/uploads\/2024\/03\/Finales-Ski-alpin-Saalbach-Programme-horaires-et-resultats-1.png","contentUrl":"https:\/\/dicodusport.fr\/blog\/wp-content\/uploads\/2024\/03\/Finales-Ski-alpin-Saalbach-Programme-horaires-et-resultats-1.png","width":1200,"height":674,"caption":"Finales Ski alpin Saalbach - Programme, horaires et r\u00e9sultats"},{"@type":"BreadcrumbList","@id":"https:\/\/dicodusport.fr\/blog\/finales-ski-alpin-saalbach-programme-horaires-et-resultats\/#breadcrumb","itemListElement":[{"@type":"ListItem","position":1,"name":"Accueil","item":"https:\/\/dicodusport.fr\/blog\/"},{"@type":"ListItem","position":2,"name":"Finales Ski alpin Saalbach &#8211; Les r\u00e9sultats complets"}]},{"@type":"WebSite","@id":"https:\/\/dicodusport.fr\/blog\/#website","url":"https:\/\/dicodusport.fr\/blog\/","name":"Dicodusport","description":"L&#039;encyclop\u00e9die de l&#039;actualit\u00e9 sportive","publisher":{"@id":"https:\/\/dicodusport.fr\/blog\/#organization"},"potentialAction":[{"@type":"SearchAction","target":{"@type":"EntryPoint","urlTemplate":"https:\/\/dicodusport.fr\/blog\/?s={search_term_string}"},"query-input":{"@type":"PropertyValueSpecification","valueRequired":true,"valueName":"search_term_string"}}],"inLanguage":"fr-FR"},{"@type":"NewsMediaOrganization","@id":"https:\/\/dicodusport.fr\/blog\/#organization","name":"Dicodusport","url":"https:\/\/dicodusport.fr\/blog\/","logo":{"@type":"ImageObject","inLanguage":"fr-FR","@id":"https:\/\/dicodusport.fr\/blog\/#\/schema\/logo\/image\/","url":"https:\/\/dicodusport.fr\/blog\/wp-content\/uploads\/2020\/06\/cropped-LOGO-DICODUSPORT-2020-SANS-FOND-SANS-TEXTE.png","contentUrl":"https:\/\/dicodusport.fr\/blog\/wp-content\/uploads\/2020\/06\/cropped-LOGO-DICODUSPORT-2020-SANS-FOND-SANS-TEXTE.png","width":512,"height":512,"caption":"Dicodusport"},"image":{"@id":"https:\/\/dicodusport.fr\/blog\/#\/schema\/logo\/image\/"},"sameAs":["https:\/\/www.facebook.com\/dicodusport","https:\/\/x.com\/dicodusport","https:\/\/www.instagram.com\/dicodusport\/","https:\/\/www.youtube.com\/channel\/UC7V2KZ5sd3htJivAbA4ZG3w"],"description":"Dicodusport est l'encyclop\u00e9die de l'actualit\u00e9 sportive.","email":"bonjour@dicodusport.fr","legalName":"DICODUSPORT","foundingDate":"2018-01-14","vatID":"FR71834470973","taxID":"83447097300043","numberOfEmployees":{"@type":"QuantitativeValue","minValue":"1","maxValue":"10"}},{"@type":"Person","@id":"https:\/\/dicodusport.fr\/blog\/#\/schema\/person\/cb02af4c173ce4a653b55e9baf388d4a","name":"Flo Ostermann","image":{"@type":"ImageObject","inLanguage":"fr-FR","@id":"https:\/\/dicodusport.fr\/blog\/#\/schema\/person\/image\/","url":"https:\/\/dicodusport.fr\/blog\/wp-content\/uploads\/2021\/05\/Flo-Ostermann-150x150.jpg","contentUrl":"https:\/\/dicodusport.fr\/blog\/wp-content\/uploads\/2021\/05\/Flo-Ostermann-150x150.jpg","caption":"Flo Ostermann"},"description":"Journaliste\/R\u00e9dacteur depuis septembre 2015 - Mes premiers souvenirs dans le sport ? Les envol\u00e9es du Stade Toulousain et les duels Villeneuve-Schumacher et H\u00e4kkinen-Schumacher \u00e0 la fin des ann\u00e9es 90, la Coupe du monde de football en 1998, l\u2019exploit du XV de France face aux All Blacks en 1999, mais aussi Richard C\u0153ur de Lion qui vole sur les montagnes du Tour de France. Bien parti pour devenir professeur d\u2019EPS, les \u00e9v\u00e9nements de la vie (et la flemme d\u2019animer des s\u00e9ances de 3x500 m\u00e8tres toute ma vie) m\u2019ont conduit \u00e0 revoir mes plans. Me voil\u00e0 depuis fin 2017 sur Dicodusport, m\u00e9dia gr\u00e2ce (et pour) lequel je partage ma passion : le sport dans tous ses \u00e9tats. Le tout accompagn\u00e9 par les fous furieux et folles furieuses cit\u00e9s sur cette page !","sameAs":["https:\/\/www.facebook.com\/florent.ostermann","https:\/\/x.com\/https:\/\/twitter.com\/FlOstermann","admin"],"url":"https:\/\/dicodusport.fr\/blog\/author\/flo\/"}]}},"_links":{"self":[{"href":"https:\/\/dicodusport.fr\/blog\/wp-json\/wp\/v2\/posts\/471776","targetHints":{"allow":["GET"]}}],"collection":[{"href":"https:\/\/dicodusport.fr\/blog\/wp-json\/wp\/v2\/posts"}],"about":[{"href":"https:\/\/dicodusport.fr\/blog\/wp-json\/wp\/v2\/types\/post"}],"author":[{"embeddable":true,"href":"https:\/\/dicodusport.fr\/blog\/wp-json\/wp\/v2\/users\/4"}],"replies":[{"embeddable":true,"href":"https:\/\/dicodusport.fr\/blog\/wp-json\/wp\/v2\/comments?post=471776"}],"version-history":[{"count":5,"href":"https:\/\/dicodusport.fr\/blog\/wp-json\/wp\/v2\/posts\/471776\/revisions"}],"predecessor-version":[{"id":474429,"href":"https:\/\/dicodusport.fr\/blog\/wp-json\/wp\/v2\/posts\/471776\/revisions\/474429"}],"wp:featuredmedia":[{"embeddable":true,"href":"https:\/\/dicodusport.fr\/blog\/wp-json\/wp\/v2\/media\/472804"}],"wp:attachment":[{"href":"https:\/\/dicodusport.fr\/blog\/wp-json\/wp\/v2\/media?parent=471776"}],"wp:term":[{"taxonomy":"category","embeddable":true,"href":"https:\/\/dicodusport.fr\/blog\/wp-json\/wp\/v2\/categories?post=471776"},{"taxonomy":"post_tag","embeddable":true,"href":"https:\/\/dicodusport.fr\/blog\/wp-json\/wp\/v2\/tags?post=471776"}],"curies":[{"name":"wp","href":"https:\/\/api.w.org\/{rel}","templated":true}]}}