{"id":471838,"date":"2024-03-14T21:38:28","date_gmt":"2024-03-14T20:38:28","guid":{"rendered":"https:\/\/dicodusport.fr\/blog\/?p=471838&#038;preview=true&#038;preview_id=471838"},"modified":"2025-04-03T14:19:27","modified_gmt":"2025-04-03T12:19:27","slug":"coupe-du-monde-de-telemark-noe-claye-soffre-le-deuxieme-sprint-de-livigno","status":"publish","type":"post","link":"https:\/\/dicodusport.fr\/blog\/coupe-du-monde-de-telemark-noe-claye-soffre-le-deuxieme-sprint-de-livigno\/","title":{"rendered":"Coupe du monde de t\u00e9l\u00e9mark : No\u00e9 Claye s&rsquo;offre le deuxi\u00e8me sprint de Livigno"},"content":{"rendered":"<p style=\"text-align: justify;\"><strong><em><a href=\"https:\/\/dicodusport.fr\/blog\/?s=coupe+du+monde+t%C3%A9l%C3%A9mark\">COUPE DU MONDE DE T\u00c9L\u00c9MARK 2023\/2024<\/a> &#8211; Ce jeudi, le deuxi\u00e8me sprint de Livigno (Italie) a \u00e9t\u00e9 remport\u00e9 par No\u00e9 Claye, devant \u00c9lie Nabot. Sur le circuit f\u00e9minin, Laly Chaucheprat s&rsquo;est hiss\u00e9 sur la 3e marche du podium.<\/em><\/strong><\/p>\n<p style=\"text-align: justify;\"><a href=\"https:\/\/dicodusport.fr\/blog\/coupe-du-monde-de-telemark-elie-nabot-et-argeline-tan-bouquet-remportent-le-premier-sprint-de-livigno\/\">Au lendemain d&rsquo;un premier sprint prolifique mercredi<\/a> (deux victoires, deux 3e places), le clan tricolore a connu une journ\u00e9e moins dense en r\u00e9compenses ce jeudi \u00e0 <strong>Livigno<\/strong>. En m\u00eame temps, il \u00e9tait difficile de faire mieux. Malgr\u00e9 tout, la journ\u00e9e a tout de m\u00eame \u00e9t\u00e9 belle puisque le deuxi\u00e8me sprint masculin a une nouvelle fois \u00e9t\u00e9 \u00e9cras\u00e9 par le clan tricolore.<\/p>\n<h2 style=\"text-align: justify;\">No\u00e9 Claye r\u00e9agit, \u00c9lie Nabot encha\u00eene<\/h2>\n<p style=\"text-align: justify;\">Pr\u00e9matur\u00e9ment \u00e9ject\u00e9 d\u00e8s la premi\u00e8re manche la veille, <strong>No\u00e9 Claye<\/strong> avait laiss\u00e9 filer un potentiel podium, mais surtout des points pr\u00e9cieux dans l&rsquo;optique du classement g\u00e9n\u00e9ral, o\u00f9 il abordait cette \u00e9preuve italienne \u00e0 une poign\u00e9e de points du leader, <strong>\u00c9lie Nabot<\/strong>. Ce jeudi, Claye a ainsi pris une belle revanche en accrochant une nouvelle victoire \u00e0 son palmar\u00e8s. Juste derri\u00e8re lui, Nabot s&#8217;empare de l&rsquo;argent et r\u00e9cup\u00e8re de gros points pour conserver solidement la t\u00eate du g\u00e9n\u00e9ral. En 3e position, le Norv\u00e9gien Trym Nygaard Loeken signe la performance du jour, lui qui dispute l\u00e0 son premier weekend de Coupe du monde de la saison. En ce qui concerne les autres Fran\u00e7ais, <strong>Charly Petex<\/strong> (6e), <strong>Yoann Rostolan<\/strong> (7e) et <strong>Alexis Page<\/strong> (10e) prennent place dans le Top 10.<\/p>\n<p style=\"text-align: justify;\">Sur l&rsquo;\u00e9preuve f\u00e9minine, les Bleues ont \u00e9t\u00e9 solides, mais pas suffisamment pour jouer la victoire. La Norv\u00e9gienne Kaja Bjoernstad Konow s&rsquo;est ressaisie pour l&#8217;emporter, devant la Britannique Jasmin Taylor, d\u00e9j\u00e0 2e la veille. <strong>Laly Chaucheprat<\/strong> sauve la mise en d\u00e9crochant la 3e place sur le podium, menant un tir group\u00e9 tricolore au pied du podium. <strong>Camille Bourbon<\/strong> (4e), <strong>Argeline Tan-Bouquet<\/strong> (6e) et la surprenante <strong>Lenaig Mansart<\/strong> (7e), 18 ans, d\u00e9crochent, elles, des belles places d&rsquo;honneur.<\/p>\n<p style=\"text-align: justify;\">Vendredi, l&rsquo;\u00e9tape de <strong>Livigno<\/strong> se terminera en beaut\u00e9 avec la classic.<\/p>\n<h3 style=\"text-align: justify;\">Les podiums tricolores \u00e0 Livigno<\/h3>\n<p style=\"text-align: justify;\"><em>Or<\/em> : \u00c9lie Nabot (Sprint 1), Argeline Tan-Bouquet (Sprint 1), No\u00e9 Claye (Sprint 2)<\/p>\n<p style=\"text-align: justify;\"><em>Argent<\/em> : \u00c9lie Nabot (Sprint 2)<\/p>\n<p style=\"text-align: justify;\"><em>Bronze<\/em> : Yoann Rostolan (Sprint 1), Camille Bourbon (Sprint 1), Laly Chaucheprat (Sprint 2)<\/p>\n<p><iframe loading=\"lazy\" style=\"border: none; overflow: hidden;\" src=\"https:\/\/www.facebook.com\/plugins\/post.php?href=https%3A%2F%2Fwww.facebook.com%2FFISTelemark%2Fposts%2Fpfbid02wtFVRvXdBXH7HH6kAzCKyhsfWZDGn5TJjVMZUZ4GAsXoQuhoABXAhBqPvqfLGDJol&amp;show_text=true&amp;width=500\" width=\"500\" height=\"479\" frameborder=\"0\" scrolling=\"no\" allowfullscreen=\"allowfullscreen\"><\/iframe><\/p>\n<p>&nbsp;<\/p>\n","protected":false},"excerpt":{"rendered":"<p>COUPE DU MONDE DE T\u00c9L\u00c9MARK 2023\/2024 &#8211; Ce jeudi, le deuxi\u00e8me sprint de Livigno (Italie) a \u00e9t\u00e9 remport\u00e9 par No\u00e9 Claye, devant \u00c9lie Nabot<\/p>\n","protected":false},"author":55,"featured_media":471924,"comment_status":"open","ping_status":"closed","sticky":false,"template":"","format":"standard","meta":{"_acf_changed":false,"_daextam_enable_autolinks":"1","footnotes":""},"categories":[45756],"tags":[16878,29806,13876,38374,30272,675],"class_list":["post-471838","post","type-post","status-publish","format-standard","has-post-thumbnail","hentry","category-telemark","tag-breve","tag-elie-nabot","tag-equipe-de-france-de-telemark","tag-laly-chaucheprat","tag-noe-claye","tag-telemark"],"acf":[],"yoast_head":"<!-- This site is optimized with the Yoast SEO Premium plugin v26.7 (Yoast SEO v26.7) - https:\/\/yoast.com\/wordpress\/plugins\/seo\/ -->\n<title>Coupe du monde de t\u00e9l\u00e9mark : No\u00e9 Claye s&#039;offre le deuxi\u00e8me sprint de Livigno<\/title>\n<meta name=\"description\" content=\"COUPE DU MONDE DE T\u00c9L\u00c9MARK 2023\/2024 - Le deuxi\u00e8me sprint de Livigno (Italie) a \u00e9t\u00e9 remport\u00e9 par No\u00e9 Claye, devant \u00c9lie Nabot.\" \/>\n<meta name=\"robots\" content=\"index, follow, max-snippet:-1, max-image-preview:large, max-video-preview:-1\" \/>\n<link rel=\"canonical\" href=\"https:\/\/dicodusport.fr\/blog\/coupe-du-monde-de-telemark-noe-claye-soffre-le-deuxieme-sprint-de-livigno\/\" \/>\n<meta property=\"og:locale\" content=\"fr_FR\" \/>\n<meta property=\"og:type\" content=\"article\" \/>\n<meta property=\"og:title\" content=\"Coupe du monde de t\u00e9l\u00e9mark : No\u00e9 Claye s&#039;offre le deuxi\u00e8me sprint de Livigno\" \/>\n<meta property=\"og:description\" content=\"COUPE DU MONDE DE T\u00c9L\u00c9MARK 2023\/2024 - Le deuxi\u00e8me sprint de Livigno (Italie) a \u00e9t\u00e9 remport\u00e9 par No\u00e9 Claye, devant \u00c9lie Nabot.\" \/>\n<meta property=\"og:url\" content=\"https:\/\/dicodusport.fr\/blog\/coupe-du-monde-de-telemark-noe-claye-soffre-le-deuxieme-sprint-de-livigno\/\" \/>\n<meta property=\"og:site_name\" content=\"Dicodusport\" \/>\n<meta property=\"article:publisher\" content=\"https:\/\/www.facebook.com\/dicodusport\" \/>\n<meta property=\"article:published_time\" content=\"2024-03-14T20:38:28+00:00\" \/>\n<meta property=\"article:modified_time\" content=\"2025-04-03T12:19:27+00:00\" \/>\n<meta property=\"og:image\" content=\"https:\/\/dicodusport.fr\/blog\/wp-content\/uploads\/2024\/03\/Coupe-du-monde-de-telemark-Noe-Claye-soffre-le-deuxieme-sprint-de-Livigno.png\" \/>\n\t<meta property=\"og:image:width\" content=\"1200\" \/>\n\t<meta property=\"og:image:height\" content=\"674\" \/>\n\t<meta property=\"og:image:type\" content=\"image\/png\" \/>\n<meta name=\"author\" content=\"Maxime Cazenave\" \/>\n<meta name=\"twitter:card\" content=\"summary_large_image\" \/>\n<meta name=\"twitter:title\" content=\"Coupe du monde de t\u00e9l\u00e9mark : No\u00e9 Claye s&#039;offre le deuxi\u00e8me sprint de Livigno\" \/>\n<meta name=\"twitter:creator\" content=\"@https:\/\/twitter.com\/Maxime_Caze\" \/>\n<meta name=\"twitter:site\" content=\"@dicodusport\" \/>\n<script type=\"application\/ld+json\" class=\"yoast-schema-graph\">{\"@context\":\"https:\/\/schema.org\",\"@graph\":[{\"@type\":\"NewsArticle\",\"@id\":\"https:\/\/dicodusport.fr\/blog\/coupe-du-monde-de-telemark-noe-claye-soffre-le-deuxieme-sprint-de-livigno\/#article\",\"isPartOf\":{\"@id\":\"https:\/\/dicodusport.fr\/blog\/coupe-du-monde-de-telemark-noe-claye-soffre-le-deuxieme-sprint-de-livigno\/\"},\"author\":{\"name\":\"Maxime Cazenave\",\"@id\":\"https:\/\/dicodusport.fr\/blog\/#\/schema\/person\/37def232098a7a5cbab3974a3690abb0\"},\"headline\":\"Coupe du monde de t\u00e9l\u00e9mark : No\u00e9 Claye s&rsquo;offre le deuxi\u00e8me sprint de Livigno\",\"datePublished\":\"2024-03-14T20:38:28+00:00\",\"dateModified\":\"2025-04-03T12:19:27+00:00\",\"mainEntityOfPage\":{\"@id\":\"https:\/\/dicodusport.fr\/blog\/coupe-du-monde-de-telemark-noe-claye-soffre-le-deuxieme-sprint-de-livigno\/\"},\"wordCount\":402,\"commentCount\":0,\"publisher\":{\"@id\":\"https:\/\/dicodusport.fr\/blog\/#organization\"},\"image\":{\"@id\":\"https:\/\/dicodusport.fr\/blog\/coupe-du-monde-de-telemark-noe-claye-soffre-le-deuxieme-sprint-de-livigno\/#primaryimage\"},\"thumbnailUrl\":\"https:\/\/dicodusport.fr\/blog\/wp-content\/uploads\/2024\/03\/Coupe-du-monde-de-telemark-Noe-Claye-soffre-le-deuxieme-sprint-de-Livigno.png\",\"keywords\":[\"br\u00e8ve\",\"\u00c9lie Nabot\",\"\u00c9quipe de France de t\u00e9l\u00e9mark\",\"Laly Chaucheprat\",\"No\u00e9 Claye\",\"T\u00e9l\u00e9mark\"],\"articleSection\":[\"T\u00e9l\u00e9mark\"],\"inLanguage\":\"fr-FR\",\"potentialAction\":[{\"@type\":\"CommentAction\",\"name\":\"Comment\",\"target\":[\"https:\/\/dicodusport.fr\/blog\/coupe-du-monde-de-telemark-noe-claye-soffre-le-deuxieme-sprint-de-livigno\/#respond\"]}],\"copyrightYear\":\"2024\",\"copyrightHolder\":{\"@id\":\"https:\/\/dicodusport.fr\/blog\/#organization\"}},{\"@type\":\"WebPage\",\"@id\":\"https:\/\/dicodusport.fr\/blog\/coupe-du-monde-de-telemark-noe-claye-soffre-le-deuxieme-sprint-de-livigno\/\",\"url\":\"https:\/\/dicodusport.fr\/blog\/coupe-du-monde-de-telemark-noe-claye-soffre-le-deuxieme-sprint-de-livigno\/\",\"name\":\"Coupe du monde de t\u00e9l\u00e9mark : No\u00e9 Claye s'offre le deuxi\u00e8me sprint de Livigno\",\"isPartOf\":{\"@id\":\"https:\/\/dicodusport.fr\/blog\/#website\"},\"primaryImageOfPage\":{\"@id\":\"https:\/\/dicodusport.fr\/blog\/coupe-du-monde-de-telemark-noe-claye-soffre-le-deuxieme-sprint-de-livigno\/#primaryimage\"},\"image\":{\"@id\":\"https:\/\/dicodusport.fr\/blog\/coupe-du-monde-de-telemark-noe-claye-soffre-le-deuxieme-sprint-de-livigno\/#primaryimage\"},\"thumbnailUrl\":\"https:\/\/dicodusport.fr\/blog\/wp-content\/uploads\/2024\/03\/Coupe-du-monde-de-telemark-Noe-Claye-soffre-le-deuxieme-sprint-de-Livigno.png\",\"datePublished\":\"2024-03-14T20:38:28+00:00\",\"dateModified\":\"2025-04-03T12:19:27+00:00\",\"description\":\"COUPE DU MONDE DE T\u00c9L\u00c9MARK 2023\/2024 - Le deuxi\u00e8me sprint de Livigno (Italie) a \u00e9t\u00e9 remport\u00e9 par No\u00e9 Claye, devant \u00c9lie Nabot.\",\"breadcrumb\":{\"@id\":\"https:\/\/dicodusport.fr\/blog\/coupe-du-monde-de-telemark-noe-claye-soffre-le-deuxieme-sprint-de-livigno\/#breadcrumb\"},\"inLanguage\":\"fr-FR\",\"potentialAction\":[{\"@type\":\"ReadAction\",\"target\":[\"https:\/\/dicodusport.fr\/blog\/coupe-du-monde-de-telemark-noe-claye-soffre-le-deuxieme-sprint-de-livigno\/\"]}]},{\"@type\":\"ImageObject\",\"inLanguage\":\"fr-FR\",\"@id\":\"https:\/\/dicodusport.fr\/blog\/coupe-du-monde-de-telemark-noe-claye-soffre-le-deuxieme-sprint-de-livigno\/#primaryimage\",\"url\":\"https:\/\/dicodusport.fr\/blog\/wp-content\/uploads\/2024\/03\/Coupe-du-monde-de-telemark-Noe-Claye-soffre-le-deuxieme-sprint-de-Livigno.png\",\"contentUrl\":\"https:\/\/dicodusport.fr\/blog\/wp-content\/uploads\/2024\/03\/Coupe-du-monde-de-telemark-Noe-Claye-soffre-le-deuxieme-sprint-de-Livigno.png\",\"width\":1200,\"height\":674,\"caption\":\"Coupe du monde de t\u00e9l\u00e9mark No\u00e9 Claye s'offre le deuxi\u00e8me sprint de Livigno\"},{\"@type\":\"BreadcrumbList\",\"@id\":\"https:\/\/dicodusport.fr\/blog\/coupe-du-monde-de-telemark-noe-claye-soffre-le-deuxieme-sprint-de-livigno\/#breadcrumb\",\"itemListElement\":[{\"@type\":\"ListItem\",\"position\":1,\"name\":\"Accueil\",\"item\":\"https:\/\/dicodusport.fr\/blog\/\"},{\"@type\":\"ListItem\",\"position\":2,\"name\":\"Coupe du monde de t\u00e9l\u00e9mark : No\u00e9 Claye s&rsquo;offre le deuxi\u00e8me sprint de Livigno\"}]},{\"@type\":\"WebSite\",\"@id\":\"https:\/\/dicodusport.fr\/blog\/#website\",\"url\":\"https:\/\/dicodusport.fr\/blog\/\",\"name\":\"Dicodusport\",\"description\":\"L&#039;encyclop\u00e9die de l&#039;actualit\u00e9 sportive\",\"publisher\":{\"@id\":\"https:\/\/dicodusport.fr\/blog\/#organization\"},\"potentialAction\":[{\"@type\":\"SearchAction\",\"target\":{\"@type\":\"EntryPoint\",\"urlTemplate\":\"https:\/\/dicodusport.fr\/blog\/?s={search_term_string}\"},\"query-input\":{\"@type\":\"PropertyValueSpecification\",\"valueRequired\":true,\"valueName\":\"search_term_string\"}}],\"inLanguage\":\"fr-FR\"},{\"@type\":\"NewsMediaOrganization\",\"@id\":\"https:\/\/dicodusport.fr\/blog\/#organization\",\"name\":\"Dicodusport\",\"url\":\"https:\/\/dicodusport.fr\/blog\/\",\"logo\":{\"@type\":\"ImageObject\",\"inLanguage\":\"fr-FR\",\"@id\":\"https:\/\/dicodusport.fr\/blog\/#\/schema\/logo\/image\/\",\"url\":\"https:\/\/dicodusport.fr\/blog\/wp-content\/uploads\/2020\/06\/cropped-LOGO-DICODUSPORT-2020-SANS-FOND-SANS-TEXTE.png\",\"contentUrl\":\"https:\/\/dicodusport.fr\/blog\/wp-content\/uploads\/2020\/06\/cropped-LOGO-DICODUSPORT-2020-SANS-FOND-SANS-TEXTE.png\",\"width\":512,\"height\":512,\"caption\":\"Dicodusport\"},\"image\":{\"@id\":\"https:\/\/dicodusport.fr\/blog\/#\/schema\/logo\/image\/\"},\"sameAs\":[\"https:\/\/www.facebook.com\/dicodusport\",\"https:\/\/x.com\/dicodusport\",\"https:\/\/www.instagram.com\/dicodusport\/\",\"https:\/\/www.youtube.com\/channel\/UC7V2KZ5sd3htJivAbA4ZG3w\"],\"description\":\"Dicodusport est l'encyclop\u00e9die de l'actualit\u00e9 sportive.\",\"email\":\"bonjour@dicodusport.fr\",\"legalName\":\"DICODUSPORT\",\"foundingDate\":\"2018-01-14\",\"vatID\":\"FR71834470973\",\"taxID\":\"83447097300043\",\"numberOfEmployees\":{\"@type\":\"QuantitativeValue\",\"minValue\":\"1\",\"maxValue\":\"10\"}},{\"@type\":\"Person\",\"@id\":\"https:\/\/dicodusport.fr\/blog\/#\/schema\/person\/37def232098a7a5cbab3974a3690abb0\",\"name\":\"Maxime Cazenave\",\"image\":{\"@type\":\"ImageObject\",\"inLanguage\":\"fr-FR\",\"@id\":\"https:\/\/dicodusport.fr\/blog\/#\/schema\/person\/image\/\",\"url\":\"https:\/\/dicodusport.fr\/blog\/wp-content\/uploads\/2021\/05\/Maxime-Cazenave-150x150.jpg\",\"contentUrl\":\"https:\/\/dicodusport.fr\/blog\/wp-content\/uploads\/2021\/05\/Maxime-Cazenave-150x150.jpg\",\"caption\":\"Maxime Cazenave\"},\"description\":\"Journaliste\/R\u00e9dacteur depuis 2012 - Berc\u00e9 par l\u2019amour des Girondins de Bordeaux, les \u00e9checs de Christophe Moreau sur le Tour de France sous l'\u00e8re Lance Armstrong et le fade-away l\u00e9tal de Dirk Nowitzki, ma passion d\u00e9vorante pour le sport a toujours \u00e9t\u00e9 un pan incontournable de ma vie. Transmettre ma passion \u00e0 l\u2019\u00e9crit a \u00e9t\u00e9 une transition naturelle. Suiveur assidu de basket et de hockey sur glace, je garde toujours un peu de place pour suivre le cyclisme, le football et le maximum de performances fran\u00e7aises.\",\"sameAs\":[\"https:\/\/x.com\/https:\/\/twitter.com\/Maxime_Caze\"],\"url\":\"https:\/\/dicodusport.fr\/blog\/author\/maximec\/\"}]}<\/script>\n<!-- \/ Yoast SEO Premium plugin. -->","yoast_head_json":{"title":"Coupe du monde de t\u00e9l\u00e9mark : No\u00e9 Claye s'offre le deuxi\u00e8me sprint de Livigno","description":"COUPE DU MONDE DE T\u00c9L\u00c9MARK 2023\/2024 - Le deuxi\u00e8me sprint de Livigno (Italie) a \u00e9t\u00e9 remport\u00e9 par No\u00e9 Claye, devant \u00c9lie Nabot.","robots":{"index":"index","follow":"follow","max-snippet":"max-snippet:-1","max-image-preview":"max-image-preview:large","max-video-preview":"max-video-preview:-1"},"canonical":"https:\/\/dicodusport.fr\/blog\/coupe-du-monde-de-telemark-noe-claye-soffre-le-deuxieme-sprint-de-livigno\/","og_locale":"fr_FR","og_type":"article","og_title":"Coupe du monde de t\u00e9l\u00e9mark : No\u00e9 Claye s'offre le deuxi\u00e8me sprint de Livigno","og_description":"COUPE DU MONDE DE T\u00c9L\u00c9MARK 2023\/2024 - Le deuxi\u00e8me sprint de Livigno (Italie) a \u00e9t\u00e9 remport\u00e9 par No\u00e9 Claye, devant \u00c9lie Nabot.","og_url":"https:\/\/dicodusport.fr\/blog\/coupe-du-monde-de-telemark-noe-claye-soffre-le-deuxieme-sprint-de-livigno\/","og_site_name":"Dicodusport","article_publisher":"https:\/\/www.facebook.com\/dicodusport","article_published_time":"2024-03-14T20:38:28+00:00","article_modified_time":"2025-04-03T12:19:27+00:00","og_image":[{"width":1200,"height":674,"url":"https:\/\/dicodusport.fr\/blog\/wp-content\/uploads\/2024\/03\/Coupe-du-monde-de-telemark-Noe-Claye-soffre-le-deuxieme-sprint-de-Livigno.png","type":"image\/png"}],"author":"Maxime Cazenave","twitter_card":"summary_large_image","twitter_title":"Coupe du monde de t\u00e9l\u00e9mark : No\u00e9 Claye s'offre le deuxi\u00e8me sprint de Livigno","twitter_creator":"@https:\/\/twitter.com\/Maxime_Caze","twitter_site":"@dicodusport","schema":{"@context":"https:\/\/schema.org","@graph":[{"@type":"NewsArticle","@id":"https:\/\/dicodusport.fr\/blog\/coupe-du-monde-de-telemark-noe-claye-soffre-le-deuxieme-sprint-de-livigno\/#article","isPartOf":{"@id":"https:\/\/dicodusport.fr\/blog\/coupe-du-monde-de-telemark-noe-claye-soffre-le-deuxieme-sprint-de-livigno\/"},"author":{"name":"Maxime Cazenave","@id":"https:\/\/dicodusport.fr\/blog\/#\/schema\/person\/37def232098a7a5cbab3974a3690abb0"},"headline":"Coupe du monde de t\u00e9l\u00e9mark : No\u00e9 Claye s&rsquo;offre le deuxi\u00e8me sprint de Livigno","datePublished":"2024-03-14T20:38:28+00:00","dateModified":"2025-04-03T12:19:27+00:00","mainEntityOfPage":{"@id":"https:\/\/dicodusport.fr\/blog\/coupe-du-monde-de-telemark-noe-claye-soffre-le-deuxieme-sprint-de-livigno\/"},"wordCount":402,"commentCount":0,"publisher":{"@id":"https:\/\/dicodusport.fr\/blog\/#organization"},"image":{"@id":"https:\/\/dicodusport.fr\/blog\/coupe-du-monde-de-telemark-noe-claye-soffre-le-deuxieme-sprint-de-livigno\/#primaryimage"},"thumbnailUrl":"https:\/\/dicodusport.fr\/blog\/wp-content\/uploads\/2024\/03\/Coupe-du-monde-de-telemark-Noe-Claye-soffre-le-deuxieme-sprint-de-Livigno.png","keywords":["br\u00e8ve","\u00c9lie Nabot","\u00c9quipe de France de t\u00e9l\u00e9mark","Laly Chaucheprat","No\u00e9 Claye","T\u00e9l\u00e9mark"],"articleSection":["T\u00e9l\u00e9mark"],"inLanguage":"fr-FR","potentialAction":[{"@type":"CommentAction","name":"Comment","target":["https:\/\/dicodusport.fr\/blog\/coupe-du-monde-de-telemark-noe-claye-soffre-le-deuxieme-sprint-de-livigno\/#respond"]}],"copyrightYear":"2024","copyrightHolder":{"@id":"https:\/\/dicodusport.fr\/blog\/#organization"}},{"@type":"WebPage","@id":"https:\/\/dicodusport.fr\/blog\/coupe-du-monde-de-telemark-noe-claye-soffre-le-deuxieme-sprint-de-livigno\/","url":"https:\/\/dicodusport.fr\/blog\/coupe-du-monde-de-telemark-noe-claye-soffre-le-deuxieme-sprint-de-livigno\/","name":"Coupe du monde de t\u00e9l\u00e9mark : No\u00e9 Claye s'offre le deuxi\u00e8me sprint de Livigno","isPartOf":{"@id":"https:\/\/dicodusport.fr\/blog\/#website"},"primaryImageOfPage":{"@id":"https:\/\/dicodusport.fr\/blog\/coupe-du-monde-de-telemark-noe-claye-soffre-le-deuxieme-sprint-de-livigno\/#primaryimage"},"image":{"@id":"https:\/\/dicodusport.fr\/blog\/coupe-du-monde-de-telemark-noe-claye-soffre-le-deuxieme-sprint-de-livigno\/#primaryimage"},"thumbnailUrl":"https:\/\/dicodusport.fr\/blog\/wp-content\/uploads\/2024\/03\/Coupe-du-monde-de-telemark-Noe-Claye-soffre-le-deuxieme-sprint-de-Livigno.png","datePublished":"2024-03-14T20:38:28+00:00","dateModified":"2025-04-03T12:19:27+00:00","description":"COUPE DU MONDE DE T\u00c9L\u00c9MARK 2023\/2024 - Le deuxi\u00e8me sprint de Livigno (Italie) a \u00e9t\u00e9 remport\u00e9 par No\u00e9 Claye, devant \u00c9lie Nabot.","breadcrumb":{"@id":"https:\/\/dicodusport.fr\/blog\/coupe-du-monde-de-telemark-noe-claye-soffre-le-deuxieme-sprint-de-livigno\/#breadcrumb"},"inLanguage":"fr-FR","potentialAction":[{"@type":"ReadAction","target":["https:\/\/dicodusport.fr\/blog\/coupe-du-monde-de-telemark-noe-claye-soffre-le-deuxieme-sprint-de-livigno\/"]}]},{"@type":"ImageObject","inLanguage":"fr-FR","@id":"https:\/\/dicodusport.fr\/blog\/coupe-du-monde-de-telemark-noe-claye-soffre-le-deuxieme-sprint-de-livigno\/#primaryimage","url":"https:\/\/dicodusport.fr\/blog\/wp-content\/uploads\/2024\/03\/Coupe-du-monde-de-telemark-Noe-Claye-soffre-le-deuxieme-sprint-de-Livigno.png","contentUrl":"https:\/\/dicodusport.fr\/blog\/wp-content\/uploads\/2024\/03\/Coupe-du-monde-de-telemark-Noe-Claye-soffre-le-deuxieme-sprint-de-Livigno.png","width":1200,"height":674,"caption":"Coupe du monde de t\u00e9l\u00e9mark No\u00e9 Claye s'offre le deuxi\u00e8me sprint de Livigno"},{"@type":"BreadcrumbList","@id":"https:\/\/dicodusport.fr\/blog\/coupe-du-monde-de-telemark-noe-claye-soffre-le-deuxieme-sprint-de-livigno\/#breadcrumb","itemListElement":[{"@type":"ListItem","position":1,"name":"Accueil","item":"https:\/\/dicodusport.fr\/blog\/"},{"@type":"ListItem","position":2,"name":"Coupe du monde de t\u00e9l\u00e9mark : No\u00e9 Claye s&rsquo;offre le deuxi\u00e8me sprint de Livigno"}]},{"@type":"WebSite","@id":"https:\/\/dicodusport.fr\/blog\/#website","url":"https:\/\/dicodusport.fr\/blog\/","name":"Dicodusport","description":"L&#039;encyclop\u00e9die de l&#039;actualit\u00e9 sportive","publisher":{"@id":"https:\/\/dicodusport.fr\/blog\/#organization"},"potentialAction":[{"@type":"SearchAction","target":{"@type":"EntryPoint","urlTemplate":"https:\/\/dicodusport.fr\/blog\/?s={search_term_string}"},"query-input":{"@type":"PropertyValueSpecification","valueRequired":true,"valueName":"search_term_string"}}],"inLanguage":"fr-FR"},{"@type":"NewsMediaOrganization","@id":"https:\/\/dicodusport.fr\/blog\/#organization","name":"Dicodusport","url":"https:\/\/dicodusport.fr\/blog\/","logo":{"@type":"ImageObject","inLanguage":"fr-FR","@id":"https:\/\/dicodusport.fr\/blog\/#\/schema\/logo\/image\/","url":"https:\/\/dicodusport.fr\/blog\/wp-content\/uploads\/2020\/06\/cropped-LOGO-DICODUSPORT-2020-SANS-FOND-SANS-TEXTE.png","contentUrl":"https:\/\/dicodusport.fr\/blog\/wp-content\/uploads\/2020\/06\/cropped-LOGO-DICODUSPORT-2020-SANS-FOND-SANS-TEXTE.png","width":512,"height":512,"caption":"Dicodusport"},"image":{"@id":"https:\/\/dicodusport.fr\/blog\/#\/schema\/logo\/image\/"},"sameAs":["https:\/\/www.facebook.com\/dicodusport","https:\/\/x.com\/dicodusport","https:\/\/www.instagram.com\/dicodusport\/","https:\/\/www.youtube.com\/channel\/UC7V2KZ5sd3htJivAbA4ZG3w"],"description":"Dicodusport est l'encyclop\u00e9die de l'actualit\u00e9 sportive.","email":"bonjour@dicodusport.fr","legalName":"DICODUSPORT","foundingDate":"2018-01-14","vatID":"FR71834470973","taxID":"83447097300043","numberOfEmployees":{"@type":"QuantitativeValue","minValue":"1","maxValue":"10"}},{"@type":"Person","@id":"https:\/\/dicodusport.fr\/blog\/#\/schema\/person\/37def232098a7a5cbab3974a3690abb0","name":"Maxime Cazenave","image":{"@type":"ImageObject","inLanguage":"fr-FR","@id":"https:\/\/dicodusport.fr\/blog\/#\/schema\/person\/image\/","url":"https:\/\/dicodusport.fr\/blog\/wp-content\/uploads\/2021\/05\/Maxime-Cazenave-150x150.jpg","contentUrl":"https:\/\/dicodusport.fr\/blog\/wp-content\/uploads\/2021\/05\/Maxime-Cazenave-150x150.jpg","caption":"Maxime Cazenave"},"description":"Journaliste\/R\u00e9dacteur depuis 2012 - Berc\u00e9 par l\u2019amour des Girondins de Bordeaux, les \u00e9checs de Christophe Moreau sur le Tour de France sous l'\u00e8re Lance Armstrong et le fade-away l\u00e9tal de Dirk Nowitzki, ma passion d\u00e9vorante pour le sport a toujours \u00e9t\u00e9 un pan incontournable de ma vie. Transmettre ma passion \u00e0 l\u2019\u00e9crit a \u00e9t\u00e9 une transition naturelle. Suiveur assidu de basket et de hockey sur glace, je garde toujours un peu de place pour suivre le cyclisme, le football et le maximum de performances fran\u00e7aises.","sameAs":["https:\/\/x.com\/https:\/\/twitter.com\/Maxime_Caze"],"url":"https:\/\/dicodusport.fr\/blog\/author\/maximec\/"}]}},"_links":{"self":[{"href":"https:\/\/dicodusport.fr\/blog\/wp-json\/wp\/v2\/posts\/471838","targetHints":{"allow":["GET"]}}],"collection":[{"href":"https:\/\/dicodusport.fr\/blog\/wp-json\/wp\/v2\/posts"}],"about":[{"href":"https:\/\/dicodusport.fr\/blog\/wp-json\/wp\/v2\/types\/post"}],"author":[{"embeddable":true,"href":"https:\/\/dicodusport.fr\/blog\/wp-json\/wp\/v2\/users\/55"}],"replies":[{"embeddable":true,"href":"https:\/\/dicodusport.fr\/blog\/wp-json\/wp\/v2\/comments?post=471838"}],"version-history":[{"count":4,"href":"https:\/\/dicodusport.fr\/blog\/wp-json\/wp\/v2\/posts\/471838\/revisions"}],"predecessor-version":[{"id":471926,"href":"https:\/\/dicodusport.fr\/blog\/wp-json\/wp\/v2\/posts\/471838\/revisions\/471926"}],"wp:featuredmedia":[{"embeddable":true,"href":"https:\/\/dicodusport.fr\/blog\/wp-json\/wp\/v2\/media\/471924"}],"wp:attachment":[{"href":"https:\/\/dicodusport.fr\/blog\/wp-json\/wp\/v2\/media?parent=471838"}],"wp:term":[{"taxonomy":"category","embeddable":true,"href":"https:\/\/dicodusport.fr\/blog\/wp-json\/wp\/v2\/categories?post=471838"},{"taxonomy":"post_tag","embeddable":true,"href":"https:\/\/dicodusport.fr\/blog\/wp-json\/wp\/v2\/tags?post=471838"}],"curies":[{"name":"wp","href":"https:\/\/api.w.org\/{rel}","templated":true}]}}