{"id":471892,"date":"2024-03-14T19:38:34","date_gmt":"2024-03-14T18:38:34","guid":{"rendered":"https:\/\/dicodusport.fr\/blog\/?p=471892&#038;preview=true&#038;preview_id=471892"},"modified":"2024-04-10T23:16:10","modified_gmt":"2024-04-10T21:16:10","slug":"video-resume-villarreal-marseille-8eme-de-finale-retour-ligue-europa","status":"publish","type":"post","link":"https:\/\/dicodusport.fr\/blog\/video-resume-villarreal-marseille-8eme-de-finale-retour-ligue-europa\/","title":{"rendered":"[Vid\u00e9o] R\u00e9sum\u00e9 Villarreal &#8211; Marseille, 8\u00e8me de finale retour Ligue Europa"},"content":{"rendered":"<p style=\"text-align: justify;\"><em><b>LIGUE EUROPA 2023-2024 &#8211; Ce jeudi, Villarreal recevait Marseille en 8\u00e8me de finale retour de la Ligue Europa 2023-2024. Voici le r\u00e9sum\u00e9 vid\u00e9o du match.<\/b><\/em><\/p>\n<p style=\"text-align: justify;\">Lors du 8\u00e8me de finale aller de la Ligue Europa, l&rsquo;<strong>Olympique de<\/strong> <strong>Marseille<\/strong> a donn\u00e9 la le\u00e7on \u00e0 <strong>Villarreal<\/strong> avec <a href=\"https:\/\/dicodusport.fr\/blog\/ligue-europa-8-emes-l-om-prend-une-belle-option-apres-sa-victoire-sur-villareal\/\">une victoire 4-0 au V\u00e9lodrome<\/a>.<\/p>\n<ul style=\"text-align: justify;\">\n<li style=\"text-align: justify;\"><strong>\u00c0 ce sujet &#8211; <a title=\"Ligue Europa (8\u00e8mes) : L\u2019OM d\u00e9fait \u00e0 Villarreal mais qualifi\u00e9 en quarts\" href=\"https:\/\/dicodusport.fr\/blog\/ligue-europa-8emes-lom-defait-a-villarreal-mais-qualifie-en-quarts\/\" rel=\"\">Villarreal &#8211; Marseille : R\u00e9sum\u00e9 du 8\u00e8me de finale retour<\/a><\/strong><\/li>\n<\/ul>\n<h2 style=\"text-align: justify;\">Ligue Europa : Le r\u00e9sum\u00e9 vid\u00e9o du match Villarreal &#8211; Marseille<\/h2>\n<p><span class=\"IxG189WUyvc4bFOShNDeq6P64EC5lTeZjM1dzXxUbSt0IXDJgvBaftosc5MAn739VufHEi\"><iframe loading=\"lazy\" title=\"Le r\u00e9sum\u00e9 de Villarreal \/ Marseille - Ligue Europa 2023-24 ( 8\u00e8me de finale retour)\" width=\"740\" height=\"416\" src=\"https:\/\/www.youtube.com\/embed\/v1G5mPUmlPY?feature=oembed\" frameborder=\"0\" allow=\"accelerometer; autoplay; clipboard-write; encrypted-media; gyroscope; picture-in-picture; web-share\" allowfullscreen><\/iframe><\/span><\/p>\n","protected":false},"excerpt":{"rendered":"<p>LIGUE EUROPA 2023-2024 &#8211; Ce jeudi, Villarreal recevait Marseille en 8\u00e8me de finale retour de la Ligue Europa 2023-2024. Voici le r\u00e9sum\u00e9 vid\u00e9o du match.<\/p>\n","protected":false},"author":2,"featured_media":471899,"comment_status":"open","ping_status":"closed","sticky":false,"template":"","format":"standard","meta":{"_acf_changed":false,"_daextam_enable_autolinks":"1","footnotes":""},"categories":[2301],"tags":[75,446,1889,4605,3828],"class_list":["post-471892","post","type-post","status-publish","format-standard","has-post-thumbnail","hentry","category-football","tag-football","tag-marseille","tag-om","tag-video","tag-villarreal"],"acf":[],"yoast_head":"<!-- This site is optimized with the Yoast SEO Premium plugin v26.7 (Yoast SEO v26.7) - https:\/\/yoast.com\/wordpress\/plugins\/seo\/ -->\n<title>[Vid\u00e9o] R\u00e9sum\u00e9 Villarreal - Marseille, 8\u00e8me de finale retour Ligue Europa<\/title>\n<meta name=\"description\" content=\"Ce jeudi, Villarreal recevait Marseille en 8\u00e8me de finale retour de la Ligue Europa 2023-2024. Voici le r\u00e9sum\u00e9 vid\u00e9o du match.\" \/>\n<meta name=\"robots\" content=\"index, follow, max-snippet:-1, max-image-preview:large, max-video-preview:-1\" \/>\n<link rel=\"canonical\" href=\"https:\/\/dicodusport.fr\/blog\/video-resume-villarreal-marseille-8eme-de-finale-retour-ligue-europa\/\" \/>\n<meta property=\"og:locale\" content=\"fr_FR\" \/>\n<meta property=\"og:type\" content=\"article\" \/>\n<meta property=\"og:title\" content=\"[Vid\u00e9o] R\u00e9sum\u00e9 Villarreal - Marseille, 8\u00e8me de finale retour Ligue Europa\" \/>\n<meta property=\"og:description\" content=\"Ce jeudi, Villarreal recevait Marseille en 8\u00e8me de finale retour de la Ligue Europa 2023-2024. Voici le r\u00e9sum\u00e9 vid\u00e9o du match.\" \/>\n<meta property=\"og:url\" content=\"https:\/\/dicodusport.fr\/blog\/video-resume-villarreal-marseille-8eme-de-finale-retour-ligue-europa\/\" \/>\n<meta property=\"og:site_name\" content=\"Dicodusport\" \/>\n<meta property=\"article:publisher\" content=\"https:\/\/www.facebook.com\/dicodusport\" \/>\n<meta property=\"article:published_time\" content=\"2024-03-14T18:38:34+00:00\" \/>\n<meta property=\"article:modified_time\" content=\"2024-04-10T21:16:10+00:00\" \/>\n<meta property=\"og:image\" content=\"https:\/\/dicodusport.fr\/blog\/wp-content\/uploads\/2024\/03\/Video-Resume-Villarreal-Marseille-8eme-de-finale-retour-Ligue-Europa.png\" \/>\n\t<meta property=\"og:image:width\" content=\"1200\" \/>\n\t<meta property=\"og:image:height\" content=\"674\" \/>\n\t<meta property=\"og:image:type\" content=\"image\/png\" \/>\n<meta name=\"author\" content=\"Benjamin Cots\" \/>\n<meta name=\"twitter:card\" content=\"summary_large_image\" \/>\n<meta name=\"twitter:title\" content=\"[Vid\u00e9o] R\u00e9sum\u00e9 Villarreal - Marseille, 8\u00e8me de finale retour Ligue Europa\" \/>\n<meta name=\"twitter:creator\" content=\"@https:\/\/twitter.com\/BenjaminCots\" \/>\n<meta name=\"twitter:site\" content=\"@dicodusport\" \/>\n<script type=\"application\/ld+json\" class=\"yoast-schema-graph\">{\"@context\":\"https:\/\/schema.org\",\"@graph\":[{\"@type\":\"NewsArticle\",\"@id\":\"https:\/\/dicodusport.fr\/blog\/video-resume-villarreal-marseille-8eme-de-finale-retour-ligue-europa\/#article\",\"isPartOf\":{\"@id\":\"https:\/\/dicodusport.fr\/blog\/video-resume-villarreal-marseille-8eme-de-finale-retour-ligue-europa\/\"},\"author\":{\"name\":\"Benjamin Cots\",\"@id\":\"https:\/\/dicodusport.fr\/blog\/#\/schema\/person\/0c141de963d8493840348bb7df193da4\"},\"headline\":\"[Vid\u00e9o] R\u00e9sum\u00e9 Villarreal &#8211; Marseille, 8\u00e8me de finale retour Ligue Europa\",\"datePublished\":\"2024-03-14T18:38:34+00:00\",\"dateModified\":\"2024-04-10T21:16:10+00:00\",\"mainEntityOfPage\":{\"@id\":\"https:\/\/dicodusport.fr\/blog\/video-resume-villarreal-marseille-8eme-de-finale-retour-ligue-europa\/\"},\"wordCount\":101,\"commentCount\":0,\"publisher\":{\"@id\":\"https:\/\/dicodusport.fr\/blog\/#organization\"},\"image\":{\"@id\":\"https:\/\/dicodusport.fr\/blog\/video-resume-villarreal-marseille-8eme-de-finale-retour-ligue-europa\/#primaryimage\"},\"thumbnailUrl\":\"https:\/\/dicodusport.fr\/blog\/wp-content\/uploads\/2024\/03\/Video-Resume-Villarreal-Marseille-8eme-de-finale-retour-Ligue-Europa.png\",\"keywords\":[\"Football\",\"Marseille\",\"OM\",\"vid\u00e9o\",\"Villarreal\"],\"articleSection\":[\"Football\"],\"inLanguage\":\"fr-FR\",\"potentialAction\":[{\"@type\":\"CommentAction\",\"name\":\"Comment\",\"target\":[\"https:\/\/dicodusport.fr\/blog\/video-resume-villarreal-marseille-8eme-de-finale-retour-ligue-europa\/#respond\"]}],\"copyrightYear\":\"2024\",\"copyrightHolder\":{\"@id\":\"https:\/\/dicodusport.fr\/blog\/#organization\"}},{\"@type\":\"WebPage\",\"@id\":\"https:\/\/dicodusport.fr\/blog\/video-resume-villarreal-marseille-8eme-de-finale-retour-ligue-europa\/\",\"url\":\"https:\/\/dicodusport.fr\/blog\/video-resume-villarreal-marseille-8eme-de-finale-retour-ligue-europa\/\",\"name\":\"[Vid\u00e9o] R\u00e9sum\u00e9 Villarreal - Marseille, 8\u00e8me de finale retour Ligue Europa\",\"isPartOf\":{\"@id\":\"https:\/\/dicodusport.fr\/blog\/#website\"},\"primaryImageOfPage\":{\"@id\":\"https:\/\/dicodusport.fr\/blog\/video-resume-villarreal-marseille-8eme-de-finale-retour-ligue-europa\/#primaryimage\"},\"image\":{\"@id\":\"https:\/\/dicodusport.fr\/blog\/video-resume-villarreal-marseille-8eme-de-finale-retour-ligue-europa\/#primaryimage\"},\"thumbnailUrl\":\"https:\/\/dicodusport.fr\/blog\/wp-content\/uploads\/2024\/03\/Video-Resume-Villarreal-Marseille-8eme-de-finale-retour-Ligue-Europa.png\",\"datePublished\":\"2024-03-14T18:38:34+00:00\",\"dateModified\":\"2024-04-10T21:16:10+00:00\",\"description\":\"Ce jeudi, Villarreal recevait Marseille en 8\u00e8me de finale retour de la Ligue Europa 2023-2024. Voici le r\u00e9sum\u00e9 vid\u00e9o du match.\",\"breadcrumb\":{\"@id\":\"https:\/\/dicodusport.fr\/blog\/video-resume-villarreal-marseille-8eme-de-finale-retour-ligue-europa\/#breadcrumb\"},\"inLanguage\":\"fr-FR\",\"potentialAction\":[{\"@type\":\"ReadAction\",\"target\":[\"https:\/\/dicodusport.fr\/blog\/video-resume-villarreal-marseille-8eme-de-finale-retour-ligue-europa\/\"]}]},{\"@type\":\"ImageObject\",\"inLanguage\":\"fr-FR\",\"@id\":\"https:\/\/dicodusport.fr\/blog\/video-resume-villarreal-marseille-8eme-de-finale-retour-ligue-europa\/#primaryimage\",\"url\":\"https:\/\/dicodusport.fr\/blog\/wp-content\/uploads\/2024\/03\/Video-Resume-Villarreal-Marseille-8eme-de-finale-retour-Ligue-Europa.png\",\"contentUrl\":\"https:\/\/dicodusport.fr\/blog\/wp-content\/uploads\/2024\/03\/Video-Resume-Villarreal-Marseille-8eme-de-finale-retour-Ligue-Europa.png\",\"width\":1200,\"height\":674,\"caption\":\"[Vid\u00e9o] R\u00e9sum\u00e9 Villarreal - Marseille, 8\u00e8me de finale retour Ligue Europa\"},{\"@type\":\"BreadcrumbList\",\"@id\":\"https:\/\/dicodusport.fr\/blog\/video-resume-villarreal-marseille-8eme-de-finale-retour-ligue-europa\/#breadcrumb\",\"itemListElement\":[{\"@type\":\"ListItem\",\"position\":1,\"name\":\"Accueil\",\"item\":\"https:\/\/dicodusport.fr\/blog\/\"},{\"@type\":\"ListItem\",\"position\":2,\"name\":\"[Vid\u00e9o] R\u00e9sum\u00e9 Villarreal &#8211; Marseille, 8\u00e8me de finale retour Ligue Europa\"}]},{\"@type\":\"WebSite\",\"@id\":\"https:\/\/dicodusport.fr\/blog\/#website\",\"url\":\"https:\/\/dicodusport.fr\/blog\/\",\"name\":\"Dicodusport\",\"description\":\"L&#039;encyclop\u00e9die de l&#039;actualit\u00e9 sportive\",\"publisher\":{\"@id\":\"https:\/\/dicodusport.fr\/blog\/#organization\"},\"potentialAction\":[{\"@type\":\"SearchAction\",\"target\":{\"@type\":\"EntryPoint\",\"urlTemplate\":\"https:\/\/dicodusport.fr\/blog\/?s={search_term_string}\"},\"query-input\":{\"@type\":\"PropertyValueSpecification\",\"valueRequired\":true,\"valueName\":\"search_term_string\"}}],\"inLanguage\":\"fr-FR\"},{\"@type\":\"NewsMediaOrganization\",\"@id\":\"https:\/\/dicodusport.fr\/blog\/#organization\",\"name\":\"Dicodusport\",\"url\":\"https:\/\/dicodusport.fr\/blog\/\",\"logo\":{\"@type\":\"ImageObject\",\"inLanguage\":\"fr-FR\",\"@id\":\"https:\/\/dicodusport.fr\/blog\/#\/schema\/logo\/image\/\",\"url\":\"https:\/\/dicodusport.fr\/blog\/wp-content\/uploads\/2020\/06\/cropped-LOGO-DICODUSPORT-2020-SANS-FOND-SANS-TEXTE.png\",\"contentUrl\":\"https:\/\/dicodusport.fr\/blog\/wp-content\/uploads\/2020\/06\/cropped-LOGO-DICODUSPORT-2020-SANS-FOND-SANS-TEXTE.png\",\"width\":512,\"height\":512,\"caption\":\"Dicodusport\"},\"image\":{\"@id\":\"https:\/\/dicodusport.fr\/blog\/#\/schema\/logo\/image\/\"},\"sameAs\":[\"https:\/\/www.facebook.com\/dicodusport\",\"https:\/\/x.com\/dicodusport\",\"https:\/\/www.instagram.com\/dicodusport\/\",\"https:\/\/www.youtube.com\/channel\/UC7V2KZ5sd3htJivAbA4ZG3w\"],\"description\":\"Dicodusport est l'encyclop\u00e9die de l'actualit\u00e9 sportive.\",\"email\":\"bonjour@dicodusport.fr\",\"legalName\":\"DICODUSPORT\",\"foundingDate\":\"2018-01-14\",\"vatID\":\"FR71834470973\",\"taxID\":\"83447097300043\",\"numberOfEmployees\":{\"@type\":\"QuantitativeValue\",\"minValue\":\"1\",\"maxValue\":\"10\"}},{\"@type\":\"Person\",\"@id\":\"https:\/\/dicodusport.fr\/blog\/#\/schema\/person\/0c141de963d8493840348bb7df193da4\",\"name\":\"Benjamin Cots\",\"image\":{\"@type\":\"ImageObject\",\"inLanguage\":\"fr-FR\",\"@id\":\"https:\/\/dicodusport.fr\/blog\/#\/schema\/person\/image\/\",\"url\":\"https:\/\/dicodusport.fr\/blog\/wp-content\/uploads\/2021\/04\/Maillot-Benji-Dicodusport-150x150.png\",\"contentUrl\":\"https:\/\/dicodusport.fr\/blog\/wp-content\/uploads\/2021\/04\/Maillot-Benji-Dicodusport-150x150.png\",\"caption\":\"Benjamin Cots\"},\"description\":\"Footballeur et fan des Girondins de Bordeaux depuis mon plus jeune \u00e2ge, le foot et le sport en g\u00e9n\u00e9ral ont rythm\u00e9 ma vie. Apr\u00e8s des \u00e9tudes en informatique, la cr\u00e9ation de Dicodusport \u00e9tait le parfait m\u00e9lange pour allier mes deux passions.\",\"sameAs\":[\"https:\/\/x.com\/https:\/\/twitter.com\/BenjaminCots\"],\"url\":\"https:\/\/dicodusport.fr\/blog\/author\/admin\/\"}]}<\/script>\n<!-- \/ Yoast SEO Premium plugin. -->","yoast_head_json":{"title":"[Vid\u00e9o] R\u00e9sum\u00e9 Villarreal - Marseille, 8\u00e8me de finale retour Ligue Europa","description":"Ce jeudi, Villarreal recevait Marseille en 8\u00e8me de finale retour de la Ligue Europa 2023-2024. Voici le r\u00e9sum\u00e9 vid\u00e9o du match.","robots":{"index":"index","follow":"follow","max-snippet":"max-snippet:-1","max-image-preview":"max-image-preview:large","max-video-preview":"max-video-preview:-1"},"canonical":"https:\/\/dicodusport.fr\/blog\/video-resume-villarreal-marseille-8eme-de-finale-retour-ligue-europa\/","og_locale":"fr_FR","og_type":"article","og_title":"[Vid\u00e9o] R\u00e9sum\u00e9 Villarreal - Marseille, 8\u00e8me de finale retour Ligue Europa","og_description":"Ce jeudi, Villarreal recevait Marseille en 8\u00e8me de finale retour de la Ligue Europa 2023-2024. Voici le r\u00e9sum\u00e9 vid\u00e9o du match.","og_url":"https:\/\/dicodusport.fr\/blog\/video-resume-villarreal-marseille-8eme-de-finale-retour-ligue-europa\/","og_site_name":"Dicodusport","article_publisher":"https:\/\/www.facebook.com\/dicodusport","article_published_time":"2024-03-14T18:38:34+00:00","article_modified_time":"2024-04-10T21:16:10+00:00","og_image":[{"width":1200,"height":674,"url":"https:\/\/dicodusport.fr\/blog\/wp-content\/uploads\/2024\/03\/Video-Resume-Villarreal-Marseille-8eme-de-finale-retour-Ligue-Europa.png","type":"image\/png"}],"author":"Benjamin Cots","twitter_card":"summary_large_image","twitter_title":"[Vid\u00e9o] R\u00e9sum\u00e9 Villarreal - Marseille, 8\u00e8me de finale retour Ligue Europa","twitter_creator":"@https:\/\/twitter.com\/BenjaminCots","twitter_site":"@dicodusport","schema":{"@context":"https:\/\/schema.org","@graph":[{"@type":"NewsArticle","@id":"https:\/\/dicodusport.fr\/blog\/video-resume-villarreal-marseille-8eme-de-finale-retour-ligue-europa\/#article","isPartOf":{"@id":"https:\/\/dicodusport.fr\/blog\/video-resume-villarreal-marseille-8eme-de-finale-retour-ligue-europa\/"},"author":{"name":"Benjamin Cots","@id":"https:\/\/dicodusport.fr\/blog\/#\/schema\/person\/0c141de963d8493840348bb7df193da4"},"headline":"[Vid\u00e9o] R\u00e9sum\u00e9 Villarreal &#8211; Marseille, 8\u00e8me de finale retour Ligue Europa","datePublished":"2024-03-14T18:38:34+00:00","dateModified":"2024-04-10T21:16:10+00:00","mainEntityOfPage":{"@id":"https:\/\/dicodusport.fr\/blog\/video-resume-villarreal-marseille-8eme-de-finale-retour-ligue-europa\/"},"wordCount":101,"commentCount":0,"publisher":{"@id":"https:\/\/dicodusport.fr\/blog\/#organization"},"image":{"@id":"https:\/\/dicodusport.fr\/blog\/video-resume-villarreal-marseille-8eme-de-finale-retour-ligue-europa\/#primaryimage"},"thumbnailUrl":"https:\/\/dicodusport.fr\/blog\/wp-content\/uploads\/2024\/03\/Video-Resume-Villarreal-Marseille-8eme-de-finale-retour-Ligue-Europa.png","keywords":["Football","Marseille","OM","vid\u00e9o","Villarreal"],"articleSection":["Football"],"inLanguage":"fr-FR","potentialAction":[{"@type":"CommentAction","name":"Comment","target":["https:\/\/dicodusport.fr\/blog\/video-resume-villarreal-marseille-8eme-de-finale-retour-ligue-europa\/#respond"]}],"copyrightYear":"2024","copyrightHolder":{"@id":"https:\/\/dicodusport.fr\/blog\/#organization"}},{"@type":"WebPage","@id":"https:\/\/dicodusport.fr\/blog\/video-resume-villarreal-marseille-8eme-de-finale-retour-ligue-europa\/","url":"https:\/\/dicodusport.fr\/blog\/video-resume-villarreal-marseille-8eme-de-finale-retour-ligue-europa\/","name":"[Vid\u00e9o] R\u00e9sum\u00e9 Villarreal - Marseille, 8\u00e8me de finale retour Ligue Europa","isPartOf":{"@id":"https:\/\/dicodusport.fr\/blog\/#website"},"primaryImageOfPage":{"@id":"https:\/\/dicodusport.fr\/blog\/video-resume-villarreal-marseille-8eme-de-finale-retour-ligue-europa\/#primaryimage"},"image":{"@id":"https:\/\/dicodusport.fr\/blog\/video-resume-villarreal-marseille-8eme-de-finale-retour-ligue-europa\/#primaryimage"},"thumbnailUrl":"https:\/\/dicodusport.fr\/blog\/wp-content\/uploads\/2024\/03\/Video-Resume-Villarreal-Marseille-8eme-de-finale-retour-Ligue-Europa.png","datePublished":"2024-03-14T18:38:34+00:00","dateModified":"2024-04-10T21:16:10+00:00","description":"Ce jeudi, Villarreal recevait Marseille en 8\u00e8me de finale retour de la Ligue Europa 2023-2024. Voici le r\u00e9sum\u00e9 vid\u00e9o du match.","breadcrumb":{"@id":"https:\/\/dicodusport.fr\/blog\/video-resume-villarreal-marseille-8eme-de-finale-retour-ligue-europa\/#breadcrumb"},"inLanguage":"fr-FR","potentialAction":[{"@type":"ReadAction","target":["https:\/\/dicodusport.fr\/blog\/video-resume-villarreal-marseille-8eme-de-finale-retour-ligue-europa\/"]}]},{"@type":"ImageObject","inLanguage":"fr-FR","@id":"https:\/\/dicodusport.fr\/blog\/video-resume-villarreal-marseille-8eme-de-finale-retour-ligue-europa\/#primaryimage","url":"https:\/\/dicodusport.fr\/blog\/wp-content\/uploads\/2024\/03\/Video-Resume-Villarreal-Marseille-8eme-de-finale-retour-Ligue-Europa.png","contentUrl":"https:\/\/dicodusport.fr\/blog\/wp-content\/uploads\/2024\/03\/Video-Resume-Villarreal-Marseille-8eme-de-finale-retour-Ligue-Europa.png","width":1200,"height":674,"caption":"[Vid\u00e9o] R\u00e9sum\u00e9 Villarreal - Marseille, 8\u00e8me de finale retour Ligue Europa"},{"@type":"BreadcrumbList","@id":"https:\/\/dicodusport.fr\/blog\/video-resume-villarreal-marseille-8eme-de-finale-retour-ligue-europa\/#breadcrumb","itemListElement":[{"@type":"ListItem","position":1,"name":"Accueil","item":"https:\/\/dicodusport.fr\/blog\/"},{"@type":"ListItem","position":2,"name":"[Vid\u00e9o] R\u00e9sum\u00e9 Villarreal &#8211; Marseille, 8\u00e8me de finale retour Ligue Europa"}]},{"@type":"WebSite","@id":"https:\/\/dicodusport.fr\/blog\/#website","url":"https:\/\/dicodusport.fr\/blog\/","name":"Dicodusport","description":"L&#039;encyclop\u00e9die de l&#039;actualit\u00e9 sportive","publisher":{"@id":"https:\/\/dicodusport.fr\/blog\/#organization"},"potentialAction":[{"@type":"SearchAction","target":{"@type":"EntryPoint","urlTemplate":"https:\/\/dicodusport.fr\/blog\/?s={search_term_string}"},"query-input":{"@type":"PropertyValueSpecification","valueRequired":true,"valueName":"search_term_string"}}],"inLanguage":"fr-FR"},{"@type":"NewsMediaOrganization","@id":"https:\/\/dicodusport.fr\/blog\/#organization","name":"Dicodusport","url":"https:\/\/dicodusport.fr\/blog\/","logo":{"@type":"ImageObject","inLanguage":"fr-FR","@id":"https:\/\/dicodusport.fr\/blog\/#\/schema\/logo\/image\/","url":"https:\/\/dicodusport.fr\/blog\/wp-content\/uploads\/2020\/06\/cropped-LOGO-DICODUSPORT-2020-SANS-FOND-SANS-TEXTE.png","contentUrl":"https:\/\/dicodusport.fr\/blog\/wp-content\/uploads\/2020\/06\/cropped-LOGO-DICODUSPORT-2020-SANS-FOND-SANS-TEXTE.png","width":512,"height":512,"caption":"Dicodusport"},"image":{"@id":"https:\/\/dicodusport.fr\/blog\/#\/schema\/logo\/image\/"},"sameAs":["https:\/\/www.facebook.com\/dicodusport","https:\/\/x.com\/dicodusport","https:\/\/www.instagram.com\/dicodusport\/","https:\/\/www.youtube.com\/channel\/UC7V2KZ5sd3htJivAbA4ZG3w"],"description":"Dicodusport est l'encyclop\u00e9die de l'actualit\u00e9 sportive.","email":"bonjour@dicodusport.fr","legalName":"DICODUSPORT","foundingDate":"2018-01-14","vatID":"FR71834470973","taxID":"83447097300043","numberOfEmployees":{"@type":"QuantitativeValue","minValue":"1","maxValue":"10"}},{"@type":"Person","@id":"https:\/\/dicodusport.fr\/blog\/#\/schema\/person\/0c141de963d8493840348bb7df193da4","name":"Benjamin Cots","image":{"@type":"ImageObject","inLanguage":"fr-FR","@id":"https:\/\/dicodusport.fr\/blog\/#\/schema\/person\/image\/","url":"https:\/\/dicodusport.fr\/blog\/wp-content\/uploads\/2021\/04\/Maillot-Benji-Dicodusport-150x150.png","contentUrl":"https:\/\/dicodusport.fr\/blog\/wp-content\/uploads\/2021\/04\/Maillot-Benji-Dicodusport-150x150.png","caption":"Benjamin Cots"},"description":"Footballeur et fan des Girondins de Bordeaux depuis mon plus jeune \u00e2ge, le foot et le sport en g\u00e9n\u00e9ral ont rythm\u00e9 ma vie. Apr\u00e8s des \u00e9tudes en informatique, la cr\u00e9ation de Dicodusport \u00e9tait le parfait m\u00e9lange pour allier mes deux passions.","sameAs":["https:\/\/x.com\/https:\/\/twitter.com\/BenjaminCots"],"url":"https:\/\/dicodusport.fr\/blog\/author\/admin\/"}]}},"_links":{"self":[{"href":"https:\/\/dicodusport.fr\/blog\/wp-json\/wp\/v2\/posts\/471892","targetHints":{"allow":["GET"]}}],"collection":[{"href":"https:\/\/dicodusport.fr\/blog\/wp-json\/wp\/v2\/posts"}],"about":[{"href":"https:\/\/dicodusport.fr\/blog\/wp-json\/wp\/v2\/types\/post"}],"author":[{"embeddable":true,"href":"https:\/\/dicodusport.fr\/blog\/wp-json\/wp\/v2\/users\/2"}],"replies":[{"embeddable":true,"href":"https:\/\/dicodusport.fr\/blog\/wp-json\/wp\/v2\/comments?post=471892"}],"version-history":[{"count":5,"href":"https:\/\/dicodusport.fr\/blog\/wp-json\/wp\/v2\/posts\/471892\/revisions"}],"predecessor-version":[{"id":471913,"href":"https:\/\/dicodusport.fr\/blog\/wp-json\/wp\/v2\/posts\/471892\/revisions\/471913"}],"wp:featuredmedia":[{"embeddable":true,"href":"https:\/\/dicodusport.fr\/blog\/wp-json\/wp\/v2\/media\/471899"}],"wp:attachment":[{"href":"https:\/\/dicodusport.fr\/blog\/wp-json\/wp\/v2\/media?parent=471892"}],"wp:term":[{"taxonomy":"category","embeddable":true,"href":"https:\/\/dicodusport.fr\/blog\/wp-json\/wp\/v2\/categories?post=471892"},{"taxonomy":"post_tag","embeddable":true,"href":"https:\/\/dicodusport.fr\/blog\/wp-json\/wp\/v2\/tags?post=471892"}],"curies":[{"name":"wp","href":"https:\/\/api.w.org\/{rel}","templated":true}]}}