{"id":471916,"date":"2024-03-15T08:42:57","date_gmt":"2024-03-15T07:42:57","guid":{"rendered":"https:\/\/dicodusport.fr\/blog\/?p=471916&#038;preview=true&#038;preview_id=471916"},"modified":"2024-03-15T15:58:56","modified_gmt":"2024-03-15T14:58:56","slug":"indice-uefa-la-france-lorgne-sur-le-podium-sur-cette-saison","status":"publish","type":"post","link":"https:\/\/dicodusport.fr\/blog\/indice-uefa-la-france-lorgne-sur-le-podium-sur-cette-saison\/","title":{"rendered":"Indice UEFA : La France lorgne sur le podium sur cette saison"},"content":{"rendered":"<p align=\"justify\"><em><strong>FOOTBALL &#8211; Avec l&rsquo;\u00e9limination du PSV Eindhoven en Ligue des Champions, ce mercredi, la France \u00e9tait d\u00e9j\u00e0 assur\u00e9e d&rsquo;\u00eatre 5e au coefficient UEFA. Mais, avec les qualifications de l&rsquo;OM et de Lille, la France peut envisager un podium sur la saison en cours.<\/strong><\/em><\/p>\n<ul>\n<li style=\"text-align: justify;\"><strong>\u00c0 ce sujet &#8211; <a href=\"https:\/\/dicodusport.fr\/blog\/actualites\/football\/\">L&rsquo;actualit\u00e9 du football<\/a><\/strong><\/li>\n<\/ul>\n<h2 style=\"text-align: justify;\">Le PSV \u00e9limin\u00e9, la France d\u00e9finitivement fix\u00e9e<\/h2>\n<p style=\"text-align: justify;\">Avant m\u00eame de jouer ce jeudi, c&rsquo;\u00e9tait d\u00e9j\u00e0 pli\u00e9. Avec l&rsquo;\u00e9limination du <strong>PSV Eindhoven<\/strong>, en 8e de finale de la Ligue des Champions, contre le Borussia Dortmund, la <strong>France<\/strong> \u00e9tait d&rsquo;ores et d\u00e9j\u00e0 assur\u00e9e de terminer la saison \u00e0 la 5e place au coefficient UEFA. Et ce, quels que soient les r\u00e9sultats des clubs fran\u00e7ais ce jeudi. Un classement \u00e9tabli sur les cinq derni\u00e8res saisons. La France compte 65.331 points contre 61.300 pour les N\u00e9erlandais. Une 5e place pr\u00e9cieuse, qui ouvrira une 4e place pour les clubs fran\u00e7ais, la saison prochaine, dans la nouvelle formule de la Ligue des Champions. Une belle \u00e9pine dans le pied en moins, et ce, alors que le mois de mars est encore loin d&rsquo;\u00eatre termin\u00e9.<\/p>\n<ul style=\"text-align: justify;\">\n<li style=\"text-align: justify;\"><strong>\u00c0 ce sujet &#8211; <a href=\"https:\/\/dicodusport.fr\/blog\/indice-uefa-le-coefficient-des-pays\/\">Le coefficient UEFA des pays<\/a><\/strong><\/li>\n<\/ul>\n<h2 style=\"text-align: justify;\">Viser le podium sur l&rsquo;ann\u00e9e en cours<\/h2>\n<p style=\"text-align: justify;\">Maintenant, la France a glan\u00e9 un point bonus, avec la qualification de l&rsquo;OM en quarts de finale de la Ligue Europe. Et peut en glaner un autre, en cas de qualification du LOSC, en demies de la Ligue Europa Conf\u00e9rence. En \u00e9liminant un club espagnol, l&rsquo;OM permet \u00e0 la Ligue 1 de tenir la cadence du championnat espagnol et de rester \u00e0 la 4e place, sur la saison en cours (14.750 points contre 14.437 points). Devant, l&rsquo;Angleterre n&rsquo;est pas si loin de la France. Si le <strong>PSG<\/strong>, le <strong>LOSC<\/strong> et l&rsquo;<strong>OM<\/strong> poursuivent leur aventure encore plus loin, la France pourrait viser une place sur le podium. Ce qui n&rsquo;est pas arriv\u00e9 depuis la saison 2016-2017, ann\u00e9e de la demi-finale de Monaco en Ligue des Champions et de l&rsquo;OL en Ligue Europa.<\/p>\n<div class=\"vlp-link-container vlp-layout-article\"><a href=\"https:\/\/dicodusport.fr\/blog\/ligue-europa-8emes-lom-defait-a-villarreal-mais-qualifie-en-quarts\/\" class=\"vlp-link\" title=\"Ligue Europa (8\u00e8mes) : L&#039;OM d\u00e9fait \u00e0 Villarreal mais qualifi\u00e9 en quarts\"><\/a><div class=\"vlp-layout-zone-side\"><div class=\"vlp-block-4 vlp-link-image\"><img loading=\"lazy\" decoding=\"async\" style=\"max-width: 792px;\" width=\"792\" height=\"445\" src=\"https:\/\/dicodusport.fr\/blog\/wp-content\/uploads\/2024\/03\/Ligue-Europa-8emes-LOM-defait-a-Villarreal-mais-qualifie-en-quarts.png\" class=\"attachment-800x445 size-800x445\" alt=\"Ligue Europa (8\u00e8mes) L&#039;OM d\u00e9fait \u00e0 Villarreal mais qualifi\u00e9 en quarts\" srcset=\"https:\/\/dicodusport.fr\/blog\/wp-content\/uploads\/2024\/03\/Ligue-Europa-8emes-LOM-defait-a-Villarreal-mais-qualifie-en-quarts.png 1200w, https:\/\/dicodusport.fr\/blog\/wp-content\/uploads\/2024\/03\/Ligue-Europa-8emes-LOM-defait-a-Villarreal-mais-qualifie-en-quarts-300x169.png 300w, https:\/\/dicodusport.fr\/blog\/wp-content\/uploads\/2024\/03\/Ligue-Europa-8emes-LOM-defait-a-Villarreal-mais-qualifie-en-quarts-1024x575.png 1024w, https:\/\/dicodusport.fr\/blog\/wp-content\/uploads\/2024\/03\/Ligue-Europa-8emes-LOM-defait-a-Villarreal-mais-qualifie-en-quarts-768x431.png 768w\" sizes=\"auto, (max-width: 792px) 100vw, 792px\" \/><\/div><\/div><div class=\"vlp-layout-zone-main\"><div class=\"vlp-block-0 vlp-link-title\">Ligue Europa (8\u00e8mes) : L'OM d\u00e9fait \u00e0 Villarreal mais qualifi\u00e9 en quarts<\/div><div class=\"vlp-block-1 vlp-link-summary\">LIGUE EUROPA 2023\/2024 - L'OM a souffert face aux Espagnols de Villarreal, avec cette d\u00e9faite 3-1. Sans cons\u00e9quence.<\/div><div class=\"vlp-block-2 vlp-link-button\">Lire l'article<\/div><div class=\"vlp-block-3 vlp-link-url\">dicodusport.fr<\/div><\/div><\/div>\n<p style=\"text-align: justify;\">Il fallait remonter \u00e0 2003-2004 pour voir trois clubs fran\u00e7ais en quart de comp\u00e9titions europ\u00e9ennes. <strong>Lyon<\/strong> et <strong>Monaco<\/strong> en Ligue des Champions et l&rsquo;<strong>OM<\/strong> en Coupe UEFA. Les deux derniers cit\u00e9s se hisseront jusqu&rsquo;en finale, d\u00e9faits respectivement par Porto et Valence. Il est clair que la Ligue 1 signerait pour un sc\u00e9nario similaire. Et pourquoi pas un titre europ\u00e9en, qui serait le 3e de l&rsquo;histoire du football fran\u00e7ais. Autant dire que l&rsquo;indice UEFA fran\u00e7ais ne s&rsquo;en porterait pas plus mal. On rappelle qu&rsquo;une place en plus en Ligue des Champions est accord\u00e9e aux deux meilleurs pays, sur la saison en cours. La France pourrait donc avoir cinq qualifi\u00e9s.<\/p>\n<p style=\"text-align: justify;\">N\u00e9anmoins, avec les nombreuses qualifications, l&rsquo;<strong>Angleterre<\/strong> a pris ses distances avec la France, avec 16.250 points. Et revient m\u00eame sur l&rsquo;Allemagne 2e, avec 16.357 points. L&rsquo;<strong>Allemagne<\/strong>, qui a un qualifi\u00e9 de plus que la France (4 contre 3). Voil\u00e0 la t\u00e2che qui attend les trois derniers clubs fran\u00e7ais.<\/p>\n","protected":false},"excerpt":{"rendered":"<p>FOOTBALL &#8211; Avec l&rsquo;\u00e9limination du PSV Eindhoven en Ligue des Champions, ce mercredi, la France \u00e9tait d\u00e9j\u00e0 assur\u00e9e d&rsquo;\u00eatre 5e au coefficient UEFA.<\/p>\n","protected":false},"author":83,"featured_media":471971,"comment_status":"open","ping_status":"closed","sticky":false,"template":"","format":"standard","meta":{"_acf_changed":false,"_daextam_enable_autolinks":"1","footnotes":""},"categories":[2301],"tags":[16878,34583,75,34599,2779],"class_list":["post-471916","post","type-post","status-publish","format-standard","has-post-thumbnail","hentry","category-football","tag-breve","tag-coefficients-des-pays","tag-football","tag-indice-uefa","tag-uefa"],"acf":[],"yoast_head":"<!-- This site is optimized with the Yoast SEO Premium plugin v26.7 (Yoast SEO v26.7) - https:\/\/yoast.com\/wordpress\/plugins\/seo\/ -->\n<title>Indice UEFA : La France lorgne sur le podium sur cette saison<\/title>\n<meta name=\"description\" content=\"FOOTBALL - Avec l&#039;\u00e9limination du PSV Eindhoven en Ligue des Champions, ce mercredi, la France \u00e9tait d\u00e9j\u00e0 assur\u00e9e d&#039;\u00eatre 5e au coefficient UEFA.\" \/>\n<meta name=\"robots\" content=\"index, follow, max-snippet:-1, max-image-preview:large, max-video-preview:-1\" \/>\n<link rel=\"canonical\" href=\"https:\/\/dicodusport.fr\/blog\/indice-uefa-la-france-lorgne-sur-le-podium-sur-cette-saison\/\" \/>\n<meta property=\"og:locale\" content=\"fr_FR\" \/>\n<meta property=\"og:type\" content=\"article\" \/>\n<meta property=\"og:title\" content=\"Indice UEFA : La France lorgne sur le podium sur cette saison\" \/>\n<meta property=\"og:description\" content=\"FOOTBALL - Avec l&#039;\u00e9limination du PSV Eindhoven en Ligue des Champions, ce mercredi, la France \u00e9tait d\u00e9j\u00e0 assur\u00e9e d&#039;\u00eatre 5e au coefficient UEFA.\" \/>\n<meta property=\"og:url\" content=\"https:\/\/dicodusport.fr\/blog\/indice-uefa-la-france-lorgne-sur-le-podium-sur-cette-saison\/\" \/>\n<meta property=\"og:site_name\" content=\"Dicodusport\" \/>\n<meta property=\"article:publisher\" content=\"https:\/\/www.facebook.com\/dicodusport\" \/>\n<meta property=\"article:published_time\" content=\"2024-03-15T07:42:57+00:00\" \/>\n<meta property=\"article:modified_time\" content=\"2024-03-15T14:58:56+00:00\" \/>\n<meta property=\"og:image\" content=\"https:\/\/dicodusport.fr\/blog\/wp-content\/uploads\/2024\/03\/Indice-UEFA-La-France-lorgne-sur-le-podium-sur-cette-saison.png\" \/>\n\t<meta property=\"og:image:width\" content=\"1200\" \/>\n\t<meta property=\"og:image:height\" content=\"674\" \/>\n\t<meta property=\"og:image:type\" content=\"image\/png\" \/>\n<meta name=\"author\" content=\"Etienne Goursaud\" \/>\n<meta name=\"twitter:card\" content=\"summary_large_image\" \/>\n<meta name=\"twitter:title\" content=\"Indice UEFA : La France lorgne sur le podium sur cette saison\" \/>\n<meta name=\"twitter:creator\" content=\"@dicodusport\" \/>\n<meta name=\"twitter:site\" content=\"@dicodusport\" \/>\n<script type=\"application\/ld+json\" class=\"yoast-schema-graph\">{\"@context\":\"https:\/\/schema.org\",\"@graph\":[{\"@type\":\"NewsArticle\",\"@id\":\"https:\/\/dicodusport.fr\/blog\/indice-uefa-la-france-lorgne-sur-le-podium-sur-cette-saison\/#article\",\"isPartOf\":{\"@id\":\"https:\/\/dicodusport.fr\/blog\/indice-uefa-la-france-lorgne-sur-le-podium-sur-cette-saison\/\"},\"author\":{\"name\":\"Etienne Goursaud\",\"@id\":\"https:\/\/dicodusport.fr\/blog\/#\/schema\/person\/d603dd7da31fb2b46c82b9835a77ec13\"},\"headline\":\"Indice UEFA : La France lorgne sur le podium sur cette saison\",\"datePublished\":\"2024-03-15T07:42:57+00:00\",\"dateModified\":\"2024-03-15T14:58:56+00:00\",\"mainEntityOfPage\":{\"@id\":\"https:\/\/dicodusport.fr\/blog\/indice-uefa-la-france-lorgne-sur-le-podium-sur-cette-saison\/\"},\"wordCount\":606,\"commentCount\":1,\"publisher\":{\"@id\":\"https:\/\/dicodusport.fr\/blog\/#organization\"},\"image\":{\"@id\":\"https:\/\/dicodusport.fr\/blog\/indice-uefa-la-france-lorgne-sur-le-podium-sur-cette-saison\/#primaryimage\"},\"thumbnailUrl\":\"https:\/\/dicodusport.fr\/blog\/wp-content\/uploads\/2024\/03\/Indice-UEFA-La-France-lorgne-sur-le-podium-sur-cette-saison.png\",\"keywords\":[\"br\u00e8ve\",\"Coefficients des pays\",\"Football\",\"indice uefa\",\"UEFA\"],\"articleSection\":[\"Football\"],\"inLanguage\":\"fr-FR\",\"potentialAction\":[{\"@type\":\"CommentAction\",\"name\":\"Comment\",\"target\":[\"https:\/\/dicodusport.fr\/blog\/indice-uefa-la-france-lorgne-sur-le-podium-sur-cette-saison\/#respond\"]}],\"copyrightYear\":\"2024\",\"copyrightHolder\":{\"@id\":\"https:\/\/dicodusport.fr\/blog\/#organization\"}},{\"@type\":\"WebPage\",\"@id\":\"https:\/\/dicodusport.fr\/blog\/indice-uefa-la-france-lorgne-sur-le-podium-sur-cette-saison\/\",\"url\":\"https:\/\/dicodusport.fr\/blog\/indice-uefa-la-france-lorgne-sur-le-podium-sur-cette-saison\/\",\"name\":\"Indice UEFA : La France lorgne sur le podium sur cette saison\",\"isPartOf\":{\"@id\":\"https:\/\/dicodusport.fr\/blog\/#website\"},\"primaryImageOfPage\":{\"@id\":\"https:\/\/dicodusport.fr\/blog\/indice-uefa-la-france-lorgne-sur-le-podium-sur-cette-saison\/#primaryimage\"},\"image\":{\"@id\":\"https:\/\/dicodusport.fr\/blog\/indice-uefa-la-france-lorgne-sur-le-podium-sur-cette-saison\/#primaryimage\"},\"thumbnailUrl\":\"https:\/\/dicodusport.fr\/blog\/wp-content\/uploads\/2024\/03\/Indice-UEFA-La-France-lorgne-sur-le-podium-sur-cette-saison.png\",\"datePublished\":\"2024-03-15T07:42:57+00:00\",\"dateModified\":\"2024-03-15T14:58:56+00:00\",\"description\":\"FOOTBALL - Avec l'\u00e9limination du PSV Eindhoven en Ligue des Champions, ce mercredi, la France \u00e9tait d\u00e9j\u00e0 assur\u00e9e d'\u00eatre 5e au coefficient UEFA.\",\"breadcrumb\":{\"@id\":\"https:\/\/dicodusport.fr\/blog\/indice-uefa-la-france-lorgne-sur-le-podium-sur-cette-saison\/#breadcrumb\"},\"inLanguage\":\"fr-FR\",\"potentialAction\":[{\"@type\":\"ReadAction\",\"target\":[\"https:\/\/dicodusport.fr\/blog\/indice-uefa-la-france-lorgne-sur-le-podium-sur-cette-saison\/\"]}]},{\"@type\":\"ImageObject\",\"inLanguage\":\"fr-FR\",\"@id\":\"https:\/\/dicodusport.fr\/blog\/indice-uefa-la-france-lorgne-sur-le-podium-sur-cette-saison\/#primaryimage\",\"url\":\"https:\/\/dicodusport.fr\/blog\/wp-content\/uploads\/2024\/03\/Indice-UEFA-La-France-lorgne-sur-le-podium-sur-cette-saison.png\",\"contentUrl\":\"https:\/\/dicodusport.fr\/blog\/wp-content\/uploads\/2024\/03\/Indice-UEFA-La-France-lorgne-sur-le-podium-sur-cette-saison.png\",\"width\":1200,\"height\":674,\"caption\":\"Indice UEFA : La France lorgne sur le podium sur cette saison\"},{\"@type\":\"BreadcrumbList\",\"@id\":\"https:\/\/dicodusport.fr\/blog\/indice-uefa-la-france-lorgne-sur-le-podium-sur-cette-saison\/#breadcrumb\",\"itemListElement\":[{\"@type\":\"ListItem\",\"position\":1,\"name\":\"Accueil\",\"item\":\"https:\/\/dicodusport.fr\/blog\/\"},{\"@type\":\"ListItem\",\"position\":2,\"name\":\"Indice UEFA : La France lorgne sur le podium sur cette saison\"}]},{\"@type\":\"WebSite\",\"@id\":\"https:\/\/dicodusport.fr\/blog\/#website\",\"url\":\"https:\/\/dicodusport.fr\/blog\/\",\"name\":\"Dicodusport\",\"description\":\"L&#039;encyclop\u00e9die de l&#039;actualit\u00e9 sportive\",\"publisher\":{\"@id\":\"https:\/\/dicodusport.fr\/blog\/#organization\"},\"potentialAction\":[{\"@type\":\"SearchAction\",\"target\":{\"@type\":\"EntryPoint\",\"urlTemplate\":\"https:\/\/dicodusport.fr\/blog\/?s={search_term_string}\"},\"query-input\":{\"@type\":\"PropertyValueSpecification\",\"valueRequired\":true,\"valueName\":\"search_term_string\"}}],\"inLanguage\":\"fr-FR\"},{\"@type\":\"NewsMediaOrganization\",\"@id\":\"https:\/\/dicodusport.fr\/blog\/#organization\",\"name\":\"Dicodusport\",\"url\":\"https:\/\/dicodusport.fr\/blog\/\",\"logo\":{\"@type\":\"ImageObject\",\"inLanguage\":\"fr-FR\",\"@id\":\"https:\/\/dicodusport.fr\/blog\/#\/schema\/logo\/image\/\",\"url\":\"https:\/\/dicodusport.fr\/blog\/wp-content\/uploads\/2020\/06\/cropped-LOGO-DICODUSPORT-2020-SANS-FOND-SANS-TEXTE.png\",\"contentUrl\":\"https:\/\/dicodusport.fr\/blog\/wp-content\/uploads\/2020\/06\/cropped-LOGO-DICODUSPORT-2020-SANS-FOND-SANS-TEXTE.png\",\"width\":512,\"height\":512,\"caption\":\"Dicodusport\"},\"image\":{\"@id\":\"https:\/\/dicodusport.fr\/blog\/#\/schema\/logo\/image\/\"},\"sameAs\":[\"https:\/\/www.facebook.com\/dicodusport\",\"https:\/\/x.com\/dicodusport\",\"https:\/\/www.instagram.com\/dicodusport\/\",\"https:\/\/www.youtube.com\/channel\/UC7V2KZ5sd3htJivAbA4ZG3w\"],\"description\":\"Dicodusport est l'encyclop\u00e9die de l'actualit\u00e9 sportive.\",\"email\":\"bonjour@dicodusport.fr\",\"legalName\":\"DICODUSPORT\",\"foundingDate\":\"2018-01-14\",\"vatID\":\"FR71834470973\",\"taxID\":\"83447097300043\",\"numberOfEmployees\":{\"@type\":\"QuantitativeValue\",\"minValue\":\"1\",\"maxValue\":\"10\"}},{\"@type\":\"Person\",\"@id\":\"https:\/\/dicodusport.fr\/blog\/#\/schema\/person\/d603dd7da31fb2b46c82b9835a77ec13\",\"name\":\"Etienne Goursaud\",\"image\":{\"@type\":\"ImageObject\",\"inLanguage\":\"fr-FR\",\"@id\":\"https:\/\/dicodusport.fr\/blog\/#\/schema\/person\/image\/\",\"url\":\"https:\/\/dicodusport.fr\/blog\/wp-content\/uploads\/2023\/12\/410122264_10231602061736049_5565839791558026645_n-150x150.jpg\",\"contentUrl\":\"https:\/\/dicodusport.fr\/blog\/wp-content\/uploads\/2023\/12\/410122264_10231602061736049_5565839791558026645_n-150x150.jpg\",\"caption\":\"Etienne Goursaud\"},\"description\":\"Journaliste et amoureux de sport. Ancien footballeur reconverti athl\u00e8te quand ses muscles le laissent tranquille. \u00c9lev\u00e9 \u00e0 la sauce des exploits de Thomas Voeckler en 2004, du dernier essai de l\u00e9gende de Eunice Barber \u00e0 la longueur lors des championnats du monde d'athl\u00e9tisme de 2003 mais aussi Zidane, Omeyer et Titou Lamaison.\",\"url\":\"https:\/\/dicodusport.fr\/blog\/author\/etienne-goursaud\/\"}]}<\/script>\n<!-- \/ Yoast SEO Premium plugin. -->","yoast_head_json":{"title":"Indice UEFA : La France lorgne sur le podium sur cette saison","description":"FOOTBALL - Avec l'\u00e9limination du PSV Eindhoven en Ligue des Champions, ce mercredi, la France \u00e9tait d\u00e9j\u00e0 assur\u00e9e d'\u00eatre 5e au coefficient UEFA.","robots":{"index":"index","follow":"follow","max-snippet":"max-snippet:-1","max-image-preview":"max-image-preview:large","max-video-preview":"max-video-preview:-1"},"canonical":"https:\/\/dicodusport.fr\/blog\/indice-uefa-la-france-lorgne-sur-le-podium-sur-cette-saison\/","og_locale":"fr_FR","og_type":"article","og_title":"Indice UEFA : La France lorgne sur le podium sur cette saison","og_description":"FOOTBALL - Avec l'\u00e9limination du PSV Eindhoven en Ligue des Champions, ce mercredi, la France \u00e9tait d\u00e9j\u00e0 assur\u00e9e d'\u00eatre 5e au coefficient UEFA.","og_url":"https:\/\/dicodusport.fr\/blog\/indice-uefa-la-france-lorgne-sur-le-podium-sur-cette-saison\/","og_site_name":"Dicodusport","article_publisher":"https:\/\/www.facebook.com\/dicodusport","article_published_time":"2024-03-15T07:42:57+00:00","article_modified_time":"2024-03-15T14:58:56+00:00","og_image":[{"width":1200,"height":674,"url":"https:\/\/dicodusport.fr\/blog\/wp-content\/uploads\/2024\/03\/Indice-UEFA-La-France-lorgne-sur-le-podium-sur-cette-saison.png","type":"image\/png"}],"author":"Etienne Goursaud","twitter_card":"summary_large_image","twitter_title":"Indice UEFA : La France lorgne sur le podium sur cette saison","twitter_creator":"@dicodusport","twitter_site":"@dicodusport","schema":{"@context":"https:\/\/schema.org","@graph":[{"@type":"NewsArticle","@id":"https:\/\/dicodusport.fr\/blog\/indice-uefa-la-france-lorgne-sur-le-podium-sur-cette-saison\/#article","isPartOf":{"@id":"https:\/\/dicodusport.fr\/blog\/indice-uefa-la-france-lorgne-sur-le-podium-sur-cette-saison\/"},"author":{"name":"Etienne Goursaud","@id":"https:\/\/dicodusport.fr\/blog\/#\/schema\/person\/d603dd7da31fb2b46c82b9835a77ec13"},"headline":"Indice UEFA : La France lorgne sur le podium sur cette saison","datePublished":"2024-03-15T07:42:57+00:00","dateModified":"2024-03-15T14:58:56+00:00","mainEntityOfPage":{"@id":"https:\/\/dicodusport.fr\/blog\/indice-uefa-la-france-lorgne-sur-le-podium-sur-cette-saison\/"},"wordCount":606,"commentCount":1,"publisher":{"@id":"https:\/\/dicodusport.fr\/blog\/#organization"},"image":{"@id":"https:\/\/dicodusport.fr\/blog\/indice-uefa-la-france-lorgne-sur-le-podium-sur-cette-saison\/#primaryimage"},"thumbnailUrl":"https:\/\/dicodusport.fr\/blog\/wp-content\/uploads\/2024\/03\/Indice-UEFA-La-France-lorgne-sur-le-podium-sur-cette-saison.png","keywords":["br\u00e8ve","Coefficients des pays","Football","indice uefa","UEFA"],"articleSection":["Football"],"inLanguage":"fr-FR","potentialAction":[{"@type":"CommentAction","name":"Comment","target":["https:\/\/dicodusport.fr\/blog\/indice-uefa-la-france-lorgne-sur-le-podium-sur-cette-saison\/#respond"]}],"copyrightYear":"2024","copyrightHolder":{"@id":"https:\/\/dicodusport.fr\/blog\/#organization"}},{"@type":"WebPage","@id":"https:\/\/dicodusport.fr\/blog\/indice-uefa-la-france-lorgne-sur-le-podium-sur-cette-saison\/","url":"https:\/\/dicodusport.fr\/blog\/indice-uefa-la-france-lorgne-sur-le-podium-sur-cette-saison\/","name":"Indice UEFA : La France lorgne sur le podium sur cette saison","isPartOf":{"@id":"https:\/\/dicodusport.fr\/blog\/#website"},"primaryImageOfPage":{"@id":"https:\/\/dicodusport.fr\/blog\/indice-uefa-la-france-lorgne-sur-le-podium-sur-cette-saison\/#primaryimage"},"image":{"@id":"https:\/\/dicodusport.fr\/blog\/indice-uefa-la-france-lorgne-sur-le-podium-sur-cette-saison\/#primaryimage"},"thumbnailUrl":"https:\/\/dicodusport.fr\/blog\/wp-content\/uploads\/2024\/03\/Indice-UEFA-La-France-lorgne-sur-le-podium-sur-cette-saison.png","datePublished":"2024-03-15T07:42:57+00:00","dateModified":"2024-03-15T14:58:56+00:00","description":"FOOTBALL - Avec l'\u00e9limination du PSV Eindhoven en Ligue des Champions, ce mercredi, la France \u00e9tait d\u00e9j\u00e0 assur\u00e9e d'\u00eatre 5e au coefficient UEFA.","breadcrumb":{"@id":"https:\/\/dicodusport.fr\/blog\/indice-uefa-la-france-lorgne-sur-le-podium-sur-cette-saison\/#breadcrumb"},"inLanguage":"fr-FR","potentialAction":[{"@type":"ReadAction","target":["https:\/\/dicodusport.fr\/blog\/indice-uefa-la-france-lorgne-sur-le-podium-sur-cette-saison\/"]}]},{"@type":"ImageObject","inLanguage":"fr-FR","@id":"https:\/\/dicodusport.fr\/blog\/indice-uefa-la-france-lorgne-sur-le-podium-sur-cette-saison\/#primaryimage","url":"https:\/\/dicodusport.fr\/blog\/wp-content\/uploads\/2024\/03\/Indice-UEFA-La-France-lorgne-sur-le-podium-sur-cette-saison.png","contentUrl":"https:\/\/dicodusport.fr\/blog\/wp-content\/uploads\/2024\/03\/Indice-UEFA-La-France-lorgne-sur-le-podium-sur-cette-saison.png","width":1200,"height":674,"caption":"Indice UEFA : La France lorgne sur le podium sur cette saison"},{"@type":"BreadcrumbList","@id":"https:\/\/dicodusport.fr\/blog\/indice-uefa-la-france-lorgne-sur-le-podium-sur-cette-saison\/#breadcrumb","itemListElement":[{"@type":"ListItem","position":1,"name":"Accueil","item":"https:\/\/dicodusport.fr\/blog\/"},{"@type":"ListItem","position":2,"name":"Indice UEFA : La France lorgne sur le podium sur cette saison"}]},{"@type":"WebSite","@id":"https:\/\/dicodusport.fr\/blog\/#website","url":"https:\/\/dicodusport.fr\/blog\/","name":"Dicodusport","description":"L&#039;encyclop\u00e9die de l&#039;actualit\u00e9 sportive","publisher":{"@id":"https:\/\/dicodusport.fr\/blog\/#organization"},"potentialAction":[{"@type":"SearchAction","target":{"@type":"EntryPoint","urlTemplate":"https:\/\/dicodusport.fr\/blog\/?s={search_term_string}"},"query-input":{"@type":"PropertyValueSpecification","valueRequired":true,"valueName":"search_term_string"}}],"inLanguage":"fr-FR"},{"@type":"NewsMediaOrganization","@id":"https:\/\/dicodusport.fr\/blog\/#organization","name":"Dicodusport","url":"https:\/\/dicodusport.fr\/blog\/","logo":{"@type":"ImageObject","inLanguage":"fr-FR","@id":"https:\/\/dicodusport.fr\/blog\/#\/schema\/logo\/image\/","url":"https:\/\/dicodusport.fr\/blog\/wp-content\/uploads\/2020\/06\/cropped-LOGO-DICODUSPORT-2020-SANS-FOND-SANS-TEXTE.png","contentUrl":"https:\/\/dicodusport.fr\/blog\/wp-content\/uploads\/2020\/06\/cropped-LOGO-DICODUSPORT-2020-SANS-FOND-SANS-TEXTE.png","width":512,"height":512,"caption":"Dicodusport"},"image":{"@id":"https:\/\/dicodusport.fr\/blog\/#\/schema\/logo\/image\/"},"sameAs":["https:\/\/www.facebook.com\/dicodusport","https:\/\/x.com\/dicodusport","https:\/\/www.instagram.com\/dicodusport\/","https:\/\/www.youtube.com\/channel\/UC7V2KZ5sd3htJivAbA4ZG3w"],"description":"Dicodusport est l'encyclop\u00e9die de l'actualit\u00e9 sportive.","email":"bonjour@dicodusport.fr","legalName":"DICODUSPORT","foundingDate":"2018-01-14","vatID":"FR71834470973","taxID":"83447097300043","numberOfEmployees":{"@type":"QuantitativeValue","minValue":"1","maxValue":"10"}},{"@type":"Person","@id":"https:\/\/dicodusport.fr\/blog\/#\/schema\/person\/d603dd7da31fb2b46c82b9835a77ec13","name":"Etienne Goursaud","image":{"@type":"ImageObject","inLanguage":"fr-FR","@id":"https:\/\/dicodusport.fr\/blog\/#\/schema\/person\/image\/","url":"https:\/\/dicodusport.fr\/blog\/wp-content\/uploads\/2023\/12\/410122264_10231602061736049_5565839791558026645_n-150x150.jpg","contentUrl":"https:\/\/dicodusport.fr\/blog\/wp-content\/uploads\/2023\/12\/410122264_10231602061736049_5565839791558026645_n-150x150.jpg","caption":"Etienne Goursaud"},"description":"Journaliste et amoureux de sport. Ancien footballeur reconverti athl\u00e8te quand ses muscles le laissent tranquille. \u00c9lev\u00e9 \u00e0 la sauce des exploits de Thomas Voeckler en 2004, du dernier essai de l\u00e9gende de Eunice Barber \u00e0 la longueur lors des championnats du monde d'athl\u00e9tisme de 2003 mais aussi Zidane, Omeyer et Titou Lamaison.","url":"https:\/\/dicodusport.fr\/blog\/author\/etienne-goursaud\/"}]}},"_links":{"self":[{"href":"https:\/\/dicodusport.fr\/blog\/wp-json\/wp\/v2\/posts\/471916","targetHints":{"allow":["GET"]}}],"collection":[{"href":"https:\/\/dicodusport.fr\/blog\/wp-json\/wp\/v2\/posts"}],"about":[{"href":"https:\/\/dicodusport.fr\/blog\/wp-json\/wp\/v2\/types\/post"}],"author":[{"embeddable":true,"href":"https:\/\/dicodusport.fr\/blog\/wp-json\/wp\/v2\/users\/83"}],"replies":[{"embeddable":true,"href":"https:\/\/dicodusport.fr\/blog\/wp-json\/wp\/v2\/comments?post=471916"}],"version-history":[{"count":5,"href":"https:\/\/dicodusport.fr\/blog\/wp-json\/wp\/v2\/posts\/471916\/revisions"}],"predecessor-version":[{"id":472096,"href":"https:\/\/dicodusport.fr\/blog\/wp-json\/wp\/v2\/posts\/471916\/revisions\/472096"}],"wp:featuredmedia":[{"embeddable":true,"href":"https:\/\/dicodusport.fr\/blog\/wp-json\/wp\/v2\/media\/471971"}],"wp:attachment":[{"href":"https:\/\/dicodusport.fr\/blog\/wp-json\/wp\/v2\/media?parent=471916"}],"wp:term":[{"taxonomy":"category","embeddable":true,"href":"https:\/\/dicodusport.fr\/blog\/wp-json\/wp\/v2\/categories?post=471916"},{"taxonomy":"post_tag","embeddable":true,"href":"https:\/\/dicodusport.fr\/blog\/wp-json\/wp\/v2\/tags?post=471916"}],"curies":[{"name":"wp","href":"https:\/\/api.w.org\/{rel}","templated":true}]}}