{"id":472183,"date":"2024-03-15T21:15:29","date_gmt":"2024-03-15T20:15:29","guid":{"rendered":"https:\/\/dicodusport.fr\/blog\/?p=472183&#038;preview=true&#038;preview_id=472183"},"modified":"2024-03-16T07:30:36","modified_gmt":"2024-03-16T06:30:36","slug":"snowboard-freestyle-a-17-ans-romain-allemand-signe-un-premier-podium-en-coupe-du-monde","status":"publish","type":"post","link":"https:\/\/dicodusport.fr\/blog\/snowboard-freestyle-a-17-ans-romain-allemand-signe-un-premier-podium-en-coupe-du-monde\/","title":{"rendered":"Snowboard freestyle : \u00c0 17 ans, Romain Allemand signe un premier podium en Coupe du monde"},"content":{"rendered":"<p style=\"text-align: justify;\"><strong><em>COUPE DU MONDE SNOWBOARD FREESTYLE &#8211; C&rsquo;est la sensation de ce vendredi. \u00c0 seulement 17 ans, Romain Allemand a pris la 2e place de l&rsquo;\u00e9preuve de slopestyle disput\u00e9e \u00e0 Tignes, offrant le premier podium de son histoire au slopestyle fran\u00e7ais masculin.<\/em><\/strong><\/p>\n<p style=\"text-align: justify;\">Il n&rsquo;est pas encore majeur, mais il br\u00fble toutes les \u00e9tapes \u00e0 vive allure. D\u00e9j\u00e0 rayonnant en Coupe d&rsquo;Europe, <strong>Romain Allemand<\/strong> s&rsquo;\u00e9tait distingu\u00e9 cet hiver en d\u00e9crochant <a href=\"https:\/\/dicodusport.fr\/blog\/joj-dhiver-nash-huot-marchand-ski-alpin-et-romain-allemand-snowboard-en-bronze\/\">le bronze lors des Jeux Olympiques de la Jeunesse<\/a> de Gangwon. Ce vendredi \u00e0 <strong>Tignes<\/strong>, le jeune snowboarder de 17 ans abordait donc sa premi\u00e8re participation en Coupe du monde de slopestyle avec les dents longues, et la volont\u00e9 d&rsquo;aller le plus haut possible. Et cela a failli le mener \u00e0 une premi\u00e8re victoire, puisqu&rsquo;au terme de la journ\u00e9e, seul le Japonais <strong>Ryoma Kimata<\/strong> est parvenu \u00e0 prendre l&rsquo;ascendant sur le jeune tricolore.<\/p>\n<p style=\"text-align: justify;\">D\u00e9j\u00e0 auteur de qualifications convaincantes gr\u00e2ce \u00e0 une superbe 5e place, <strong>Romain Allemand<\/strong> n&rsquo;a pas trembl\u00e9 au moment d&rsquo;aborder la finale face aux cadors de la discipline. Avec un score \u00e9tincelant de 88.50, il est donc parvenu \u00e0<strong> se hisser au 2e rang<\/strong>, en terminant devant un autre japonais, <strong>Taiga Hasegawa<\/strong>. Du haut de ses 17 printemps, le jeune tricolore franchit donc un nouveau palier dans son ascension \u00e9clair vers les sommets avec ce premier podium mondial. Un premier podium personnel qui est au passage <strong>le premier de l&rsquo;histoire du slopestyle masculin pour la France<\/strong>.<\/p>\n<p style=\"text-align: justify;\">En effet, si <strong>Lucile Lefebvre<\/strong> avait d\u00e9j\u00e0 r\u00e9alis\u00e9 cette performance chez les femmes, d\u00e9crochant m\u00eame une victoire en 2019, aucun gar\u00e7on n&rsquo;avait sign\u00e9 une telle prestation. Une premi\u00e8re page d&rsquo;histoire a donc \u00e9t\u00e9 d\u00e9poussi\u00e9r\u00e9e, et ce n&rsquo;est sans doute que le d\u00e9but pour le freestyleur de La Plagne.<\/p>\n<blockquote class=\"twitter-tweet\">\n<p dir=\"ltr\" lang=\"fr\">\ud835\udde7\ud835\udde2\ud835\udde8\ud835\udde7\ud835\uddd8 \ud835\udde3\ud835\udde5\ud835\uddd8\ud835\udde0\ud835\udddc\ud835\uddd8\ud835\udde5\ud835\uddd8 \ud835\uddd9\ud835\udde2\ud835\udddc\ud835\udde6 ! \ud83c\udfb6<\/p>\n<p>A 17 ans, \u00e0 domicile, et pour sa premi\u00e8re participation sur une coupe du monde de snowboard slopestyle, le tricolore Romain Allemand d\u00e9croche une 2e place \u00e0 Tignes !<\/p>\n<p>Chapeau jeune homme ! \ud83e\udd20 <a href=\"https:\/\/t.co\/SWDyY2dUQx\">pic.twitter.com\/SWDyY2dUQx<\/a><\/p>\n<p>\u2014 FFS &#8211; F\u00e9d\u00e9ration Fran\u00e7aise de Ski (@FedFranceSki) <a href=\"https:\/\/twitter.com\/FedFranceSki\/status\/1768662303757533369?ref_src=twsrc%5Etfw\">March 15, 2024<\/a><\/p><\/blockquote>\n<p><script async src=\"https:\/\/platform.twitter.com\/widgets.js\" charset=\"utf-8\"><\/script><\/p>\n","protected":false},"excerpt":{"rendered":"<p>COUPE DU MONDE SNOWBOARD FREESTYLE &#8211; C&rsquo;est la sensation de vendredi. \u00c0 seulement 17 ans, Romain Allemand a pris la 2e place de l&rsquo;\u00e9preuve de slopestyle disput\u00e9e \u00e0 Tignes.<\/p>\n","protected":false},"author":55,"featured_media":472199,"comment_status":"open","ping_status":"closed","sticky":false,"template":"","format":"standard","meta":{"_acf_changed":false,"_daextam_enable_autolinks":"1","footnotes":""},"categories":[10126],"tags":[16878,3836,21699],"class_list":["post-472183","post","type-post","status-publish","format-standard","has-post-thumbnail","hentry","category-snowboard","tag-breve","tag-slopestyle","tag-snowboard-slopestyle"],"acf":[],"yoast_head":"<!-- This site is optimized with the Yoast SEO Premium plugin v26.7 (Yoast SEO v26.7) - https:\/\/yoast.com\/wordpress\/plugins\/seo\/ -->\n<title>Snowboard freestyle : \u00c0 17 ans, Romain Allemand signe un premier podium en Coupe du monde<\/title>\n<meta name=\"description\" content=\"COUPE DU MONDE SNOWBOARD FREESTYLE - Romain Allemand a pris la 2e place de l&#039;\u00e9preuve de slopestyle disput\u00e9e \u00e0 Tignes.\" \/>\n<meta name=\"robots\" content=\"index, follow, max-snippet:-1, max-image-preview:large, max-video-preview:-1\" \/>\n<link rel=\"canonical\" href=\"https:\/\/dicodusport.fr\/blog\/snowboard-freestyle-a-17-ans-romain-allemand-signe-un-premier-podium-en-coupe-du-monde\/\" \/>\n<meta property=\"og:locale\" content=\"fr_FR\" \/>\n<meta property=\"og:type\" content=\"article\" \/>\n<meta property=\"og:title\" content=\"Snowboard freestyle : \u00c0 17 ans, Romain Allemand signe un premier podium en Coupe du monde\" \/>\n<meta property=\"og:description\" content=\"COUPE DU MONDE SNOWBOARD FREESTYLE - Romain Allemand a pris la 2e place de l&#039;\u00e9preuve de slopestyle disput\u00e9e \u00e0 Tignes.\" \/>\n<meta property=\"og:url\" content=\"https:\/\/dicodusport.fr\/blog\/snowboard-freestyle-a-17-ans-romain-allemand-signe-un-premier-podium-en-coupe-du-monde\/\" \/>\n<meta property=\"og:site_name\" content=\"Dicodusport\" \/>\n<meta property=\"article:publisher\" content=\"https:\/\/www.facebook.com\/dicodusport\" \/>\n<meta property=\"article:published_time\" content=\"2024-03-15T20:15:29+00:00\" \/>\n<meta property=\"article:modified_time\" content=\"2024-03-16T06:30:36+00:00\" \/>\n<meta property=\"og:image\" content=\"https:\/\/dicodusport.fr\/blog\/wp-content\/uploads\/2024\/03\/Snowboard-freestyle-Romain-Allemand-signe-un-podium-historique-en-coupe-du-monde-de-slopestyle-.png\" \/>\n\t<meta property=\"og:image:width\" content=\"1200\" \/>\n\t<meta property=\"og:image:height\" content=\"674\" \/>\n\t<meta property=\"og:image:type\" content=\"image\/png\" \/>\n<meta name=\"author\" content=\"Maxime Cazenave\" \/>\n<meta name=\"twitter:card\" content=\"summary_large_image\" \/>\n<meta name=\"twitter:title\" content=\"Snowboard freestyle : \u00c0 17 ans, Romain Allemand signe un premier podium en Coupe du monde\" \/>\n<meta name=\"twitter:creator\" content=\"@https:\/\/twitter.com\/Maxime_Caze\" \/>\n<meta name=\"twitter:site\" content=\"@dicodusport\" \/>\n<script type=\"application\/ld+json\" class=\"yoast-schema-graph\">{\"@context\":\"https:\/\/schema.org\",\"@graph\":[{\"@type\":\"NewsArticle\",\"@id\":\"https:\/\/dicodusport.fr\/blog\/snowboard-freestyle-a-17-ans-romain-allemand-signe-un-premier-podium-en-coupe-du-monde\/#article\",\"isPartOf\":{\"@id\":\"https:\/\/dicodusport.fr\/blog\/snowboard-freestyle-a-17-ans-romain-allemand-signe-un-premier-podium-en-coupe-du-monde\/\"},\"author\":{\"name\":\"Maxime Cazenave\",\"@id\":\"https:\/\/dicodusport.fr\/blog\/#\/schema\/person\/37def232098a7a5cbab3974a3690abb0\"},\"headline\":\"Snowboard freestyle : \u00c0 17 ans, Romain Allemand signe un premier podium en Coupe du monde\",\"datePublished\":\"2024-03-15T20:15:29+00:00\",\"dateModified\":\"2024-03-16T06:30:36+00:00\",\"mainEntityOfPage\":{\"@id\":\"https:\/\/dicodusport.fr\/blog\/snowboard-freestyle-a-17-ans-romain-allemand-signe-un-premier-podium-en-coupe-du-monde\/\"},\"wordCount\":364,\"commentCount\":0,\"publisher\":{\"@id\":\"https:\/\/dicodusport.fr\/blog\/#organization\"},\"image\":{\"@id\":\"https:\/\/dicodusport.fr\/blog\/snowboard-freestyle-a-17-ans-romain-allemand-signe-un-premier-podium-en-coupe-du-monde\/#primaryimage\"},\"thumbnailUrl\":\"https:\/\/dicodusport.fr\/blog\/wp-content\/uploads\/2024\/03\/Snowboard-freestyle-Romain-Allemand-signe-un-podium-historique-en-coupe-du-monde-de-slopestyle-.png\",\"keywords\":[\"br\u00e8ve\",\"Slopestyle\",\"Snowboard slopestyle\"],\"articleSection\":[\"Snowboard\"],\"inLanguage\":\"fr-FR\",\"potentialAction\":[{\"@type\":\"CommentAction\",\"name\":\"Comment\",\"target\":[\"https:\/\/dicodusport.fr\/blog\/snowboard-freestyle-a-17-ans-romain-allemand-signe-un-premier-podium-en-coupe-du-monde\/#respond\"]}],\"copyrightYear\":\"2024\",\"copyrightHolder\":{\"@id\":\"https:\/\/dicodusport.fr\/blog\/#organization\"}},{\"@type\":\"WebPage\",\"@id\":\"https:\/\/dicodusport.fr\/blog\/snowboard-freestyle-a-17-ans-romain-allemand-signe-un-premier-podium-en-coupe-du-monde\/\",\"url\":\"https:\/\/dicodusport.fr\/blog\/snowboard-freestyle-a-17-ans-romain-allemand-signe-un-premier-podium-en-coupe-du-monde\/\",\"name\":\"Snowboard freestyle : \u00c0 17 ans, Romain Allemand signe un premier podium en Coupe du monde\",\"isPartOf\":{\"@id\":\"https:\/\/dicodusport.fr\/blog\/#website\"},\"primaryImageOfPage\":{\"@id\":\"https:\/\/dicodusport.fr\/blog\/snowboard-freestyle-a-17-ans-romain-allemand-signe-un-premier-podium-en-coupe-du-monde\/#primaryimage\"},\"image\":{\"@id\":\"https:\/\/dicodusport.fr\/blog\/snowboard-freestyle-a-17-ans-romain-allemand-signe-un-premier-podium-en-coupe-du-monde\/#primaryimage\"},\"thumbnailUrl\":\"https:\/\/dicodusport.fr\/blog\/wp-content\/uploads\/2024\/03\/Snowboard-freestyle-Romain-Allemand-signe-un-podium-historique-en-coupe-du-monde-de-slopestyle-.png\",\"datePublished\":\"2024-03-15T20:15:29+00:00\",\"dateModified\":\"2024-03-16T06:30:36+00:00\",\"description\":\"COUPE DU MONDE SNOWBOARD FREESTYLE - Romain Allemand a pris la 2e place de l'\u00e9preuve de slopestyle disput\u00e9e \u00e0 Tignes.\",\"breadcrumb\":{\"@id\":\"https:\/\/dicodusport.fr\/blog\/snowboard-freestyle-a-17-ans-romain-allemand-signe-un-premier-podium-en-coupe-du-monde\/#breadcrumb\"},\"inLanguage\":\"fr-FR\",\"potentialAction\":[{\"@type\":\"ReadAction\",\"target\":[\"https:\/\/dicodusport.fr\/blog\/snowboard-freestyle-a-17-ans-romain-allemand-signe-un-premier-podium-en-coupe-du-monde\/\"]}]},{\"@type\":\"ImageObject\",\"inLanguage\":\"fr-FR\",\"@id\":\"https:\/\/dicodusport.fr\/blog\/snowboard-freestyle-a-17-ans-romain-allemand-signe-un-premier-podium-en-coupe-du-monde\/#primaryimage\",\"url\":\"https:\/\/dicodusport.fr\/blog\/wp-content\/uploads\/2024\/03\/Snowboard-freestyle-Romain-Allemand-signe-un-podium-historique-en-coupe-du-monde-de-slopestyle-.png\",\"contentUrl\":\"https:\/\/dicodusport.fr\/blog\/wp-content\/uploads\/2024\/03\/Snowboard-freestyle-Romain-Allemand-signe-un-podium-historique-en-coupe-du-monde-de-slopestyle-.png\",\"width\":1200,\"height\":674,\"caption\":\"Snowboard freestyle : A 17 ans, Romain Allemand signe un premier podium en coupe du monde de slopestyle !\"},{\"@type\":\"BreadcrumbList\",\"@id\":\"https:\/\/dicodusport.fr\/blog\/snowboard-freestyle-a-17-ans-romain-allemand-signe-un-premier-podium-en-coupe-du-monde\/#breadcrumb\",\"itemListElement\":[{\"@type\":\"ListItem\",\"position\":1,\"name\":\"Accueil\",\"item\":\"https:\/\/dicodusport.fr\/blog\/\"},{\"@type\":\"ListItem\",\"position\":2,\"name\":\"Snowboard freestyle : \u00c0 17 ans, Romain Allemand signe un premier podium en Coupe du monde\"}]},{\"@type\":\"WebSite\",\"@id\":\"https:\/\/dicodusport.fr\/blog\/#website\",\"url\":\"https:\/\/dicodusport.fr\/blog\/\",\"name\":\"Dicodusport\",\"description\":\"L&#039;encyclop\u00e9die de l&#039;actualit\u00e9 sportive\",\"publisher\":{\"@id\":\"https:\/\/dicodusport.fr\/blog\/#organization\"},\"potentialAction\":[{\"@type\":\"SearchAction\",\"target\":{\"@type\":\"EntryPoint\",\"urlTemplate\":\"https:\/\/dicodusport.fr\/blog\/?s={search_term_string}\"},\"query-input\":{\"@type\":\"PropertyValueSpecification\",\"valueRequired\":true,\"valueName\":\"search_term_string\"}}],\"inLanguage\":\"fr-FR\"},{\"@type\":\"NewsMediaOrganization\",\"@id\":\"https:\/\/dicodusport.fr\/blog\/#organization\",\"name\":\"Dicodusport\",\"url\":\"https:\/\/dicodusport.fr\/blog\/\",\"logo\":{\"@type\":\"ImageObject\",\"inLanguage\":\"fr-FR\",\"@id\":\"https:\/\/dicodusport.fr\/blog\/#\/schema\/logo\/image\/\",\"url\":\"https:\/\/dicodusport.fr\/blog\/wp-content\/uploads\/2020\/06\/cropped-LOGO-DICODUSPORT-2020-SANS-FOND-SANS-TEXTE.png\",\"contentUrl\":\"https:\/\/dicodusport.fr\/blog\/wp-content\/uploads\/2020\/06\/cropped-LOGO-DICODUSPORT-2020-SANS-FOND-SANS-TEXTE.png\",\"width\":512,\"height\":512,\"caption\":\"Dicodusport\"},\"image\":{\"@id\":\"https:\/\/dicodusport.fr\/blog\/#\/schema\/logo\/image\/\"},\"sameAs\":[\"https:\/\/www.facebook.com\/dicodusport\",\"https:\/\/x.com\/dicodusport\",\"https:\/\/www.instagram.com\/dicodusport\/\",\"https:\/\/www.youtube.com\/channel\/UC7V2KZ5sd3htJivAbA4ZG3w\"],\"description\":\"Dicodusport est l'encyclop\u00e9die de l'actualit\u00e9 sportive.\",\"email\":\"bonjour@dicodusport.fr\",\"legalName\":\"DICODUSPORT\",\"foundingDate\":\"2018-01-14\",\"vatID\":\"FR71834470973\",\"taxID\":\"83447097300043\",\"numberOfEmployees\":{\"@type\":\"QuantitativeValue\",\"minValue\":\"1\",\"maxValue\":\"10\"}},{\"@type\":\"Person\",\"@id\":\"https:\/\/dicodusport.fr\/blog\/#\/schema\/person\/37def232098a7a5cbab3974a3690abb0\",\"name\":\"Maxime Cazenave\",\"image\":{\"@type\":\"ImageObject\",\"inLanguage\":\"fr-FR\",\"@id\":\"https:\/\/dicodusport.fr\/blog\/#\/schema\/person\/image\/\",\"url\":\"https:\/\/dicodusport.fr\/blog\/wp-content\/uploads\/2021\/05\/Maxime-Cazenave-150x150.jpg\",\"contentUrl\":\"https:\/\/dicodusport.fr\/blog\/wp-content\/uploads\/2021\/05\/Maxime-Cazenave-150x150.jpg\",\"caption\":\"Maxime Cazenave\"},\"description\":\"Journaliste\/R\u00e9dacteur depuis 2012 - Berc\u00e9 par l\u2019amour des Girondins de Bordeaux, les \u00e9checs de Christophe Moreau sur le Tour de France sous l'\u00e8re Lance Armstrong et le fade-away l\u00e9tal de Dirk Nowitzki, ma passion d\u00e9vorante pour le sport a toujours \u00e9t\u00e9 un pan incontournable de ma vie. Transmettre ma passion \u00e0 l\u2019\u00e9crit a \u00e9t\u00e9 une transition naturelle. Suiveur assidu de basket et de hockey sur glace, je garde toujours un peu de place pour suivre le cyclisme, le football et le maximum de performances fran\u00e7aises.\",\"sameAs\":[\"https:\/\/x.com\/https:\/\/twitter.com\/Maxime_Caze\"],\"url\":\"https:\/\/dicodusport.fr\/blog\/author\/maximec\/\"}]}<\/script>\n<!-- \/ Yoast SEO Premium plugin. -->","yoast_head_json":{"title":"Snowboard freestyle : \u00c0 17 ans, Romain Allemand signe un premier podium en Coupe du monde","description":"COUPE DU MONDE SNOWBOARD FREESTYLE - Romain Allemand a pris la 2e place de l'\u00e9preuve de slopestyle disput\u00e9e \u00e0 Tignes.","robots":{"index":"index","follow":"follow","max-snippet":"max-snippet:-1","max-image-preview":"max-image-preview:large","max-video-preview":"max-video-preview:-1"},"canonical":"https:\/\/dicodusport.fr\/blog\/snowboard-freestyle-a-17-ans-romain-allemand-signe-un-premier-podium-en-coupe-du-monde\/","og_locale":"fr_FR","og_type":"article","og_title":"Snowboard freestyle : \u00c0 17 ans, Romain Allemand signe un premier podium en Coupe du monde","og_description":"COUPE DU MONDE SNOWBOARD FREESTYLE - Romain Allemand a pris la 2e place de l'\u00e9preuve de slopestyle disput\u00e9e \u00e0 Tignes.","og_url":"https:\/\/dicodusport.fr\/blog\/snowboard-freestyle-a-17-ans-romain-allemand-signe-un-premier-podium-en-coupe-du-monde\/","og_site_name":"Dicodusport","article_publisher":"https:\/\/www.facebook.com\/dicodusport","article_published_time":"2024-03-15T20:15:29+00:00","article_modified_time":"2024-03-16T06:30:36+00:00","og_image":[{"width":1200,"height":674,"url":"https:\/\/dicodusport.fr\/blog\/wp-content\/uploads\/2024\/03\/Snowboard-freestyle-Romain-Allemand-signe-un-podium-historique-en-coupe-du-monde-de-slopestyle-.png","type":"image\/png"}],"author":"Maxime Cazenave","twitter_card":"summary_large_image","twitter_title":"Snowboard freestyle : \u00c0 17 ans, Romain Allemand signe un premier podium en Coupe du monde","twitter_creator":"@https:\/\/twitter.com\/Maxime_Caze","twitter_site":"@dicodusport","schema":{"@context":"https:\/\/schema.org","@graph":[{"@type":"NewsArticle","@id":"https:\/\/dicodusport.fr\/blog\/snowboard-freestyle-a-17-ans-romain-allemand-signe-un-premier-podium-en-coupe-du-monde\/#article","isPartOf":{"@id":"https:\/\/dicodusport.fr\/blog\/snowboard-freestyle-a-17-ans-romain-allemand-signe-un-premier-podium-en-coupe-du-monde\/"},"author":{"name":"Maxime Cazenave","@id":"https:\/\/dicodusport.fr\/blog\/#\/schema\/person\/37def232098a7a5cbab3974a3690abb0"},"headline":"Snowboard freestyle : \u00c0 17 ans, Romain Allemand signe un premier podium en Coupe du monde","datePublished":"2024-03-15T20:15:29+00:00","dateModified":"2024-03-16T06:30:36+00:00","mainEntityOfPage":{"@id":"https:\/\/dicodusport.fr\/blog\/snowboard-freestyle-a-17-ans-romain-allemand-signe-un-premier-podium-en-coupe-du-monde\/"},"wordCount":364,"commentCount":0,"publisher":{"@id":"https:\/\/dicodusport.fr\/blog\/#organization"},"image":{"@id":"https:\/\/dicodusport.fr\/blog\/snowboard-freestyle-a-17-ans-romain-allemand-signe-un-premier-podium-en-coupe-du-monde\/#primaryimage"},"thumbnailUrl":"https:\/\/dicodusport.fr\/blog\/wp-content\/uploads\/2024\/03\/Snowboard-freestyle-Romain-Allemand-signe-un-podium-historique-en-coupe-du-monde-de-slopestyle-.png","keywords":["br\u00e8ve","Slopestyle","Snowboard slopestyle"],"articleSection":["Snowboard"],"inLanguage":"fr-FR","potentialAction":[{"@type":"CommentAction","name":"Comment","target":["https:\/\/dicodusport.fr\/blog\/snowboard-freestyle-a-17-ans-romain-allemand-signe-un-premier-podium-en-coupe-du-monde\/#respond"]}],"copyrightYear":"2024","copyrightHolder":{"@id":"https:\/\/dicodusport.fr\/blog\/#organization"}},{"@type":"WebPage","@id":"https:\/\/dicodusport.fr\/blog\/snowboard-freestyle-a-17-ans-romain-allemand-signe-un-premier-podium-en-coupe-du-monde\/","url":"https:\/\/dicodusport.fr\/blog\/snowboard-freestyle-a-17-ans-romain-allemand-signe-un-premier-podium-en-coupe-du-monde\/","name":"Snowboard freestyle : \u00c0 17 ans, Romain Allemand signe un premier podium en Coupe du monde","isPartOf":{"@id":"https:\/\/dicodusport.fr\/blog\/#website"},"primaryImageOfPage":{"@id":"https:\/\/dicodusport.fr\/blog\/snowboard-freestyle-a-17-ans-romain-allemand-signe-un-premier-podium-en-coupe-du-monde\/#primaryimage"},"image":{"@id":"https:\/\/dicodusport.fr\/blog\/snowboard-freestyle-a-17-ans-romain-allemand-signe-un-premier-podium-en-coupe-du-monde\/#primaryimage"},"thumbnailUrl":"https:\/\/dicodusport.fr\/blog\/wp-content\/uploads\/2024\/03\/Snowboard-freestyle-Romain-Allemand-signe-un-podium-historique-en-coupe-du-monde-de-slopestyle-.png","datePublished":"2024-03-15T20:15:29+00:00","dateModified":"2024-03-16T06:30:36+00:00","description":"COUPE DU MONDE SNOWBOARD FREESTYLE - Romain Allemand a pris la 2e place de l'\u00e9preuve de slopestyle disput\u00e9e \u00e0 Tignes.","breadcrumb":{"@id":"https:\/\/dicodusport.fr\/blog\/snowboard-freestyle-a-17-ans-romain-allemand-signe-un-premier-podium-en-coupe-du-monde\/#breadcrumb"},"inLanguage":"fr-FR","potentialAction":[{"@type":"ReadAction","target":["https:\/\/dicodusport.fr\/blog\/snowboard-freestyle-a-17-ans-romain-allemand-signe-un-premier-podium-en-coupe-du-monde\/"]}]},{"@type":"ImageObject","inLanguage":"fr-FR","@id":"https:\/\/dicodusport.fr\/blog\/snowboard-freestyle-a-17-ans-romain-allemand-signe-un-premier-podium-en-coupe-du-monde\/#primaryimage","url":"https:\/\/dicodusport.fr\/blog\/wp-content\/uploads\/2024\/03\/Snowboard-freestyle-Romain-Allemand-signe-un-podium-historique-en-coupe-du-monde-de-slopestyle-.png","contentUrl":"https:\/\/dicodusport.fr\/blog\/wp-content\/uploads\/2024\/03\/Snowboard-freestyle-Romain-Allemand-signe-un-podium-historique-en-coupe-du-monde-de-slopestyle-.png","width":1200,"height":674,"caption":"Snowboard freestyle : A 17 ans, Romain Allemand signe un premier podium en coupe du monde de slopestyle !"},{"@type":"BreadcrumbList","@id":"https:\/\/dicodusport.fr\/blog\/snowboard-freestyle-a-17-ans-romain-allemand-signe-un-premier-podium-en-coupe-du-monde\/#breadcrumb","itemListElement":[{"@type":"ListItem","position":1,"name":"Accueil","item":"https:\/\/dicodusport.fr\/blog\/"},{"@type":"ListItem","position":2,"name":"Snowboard freestyle : \u00c0 17 ans, Romain Allemand signe un premier podium en Coupe du monde"}]},{"@type":"WebSite","@id":"https:\/\/dicodusport.fr\/blog\/#website","url":"https:\/\/dicodusport.fr\/blog\/","name":"Dicodusport","description":"L&#039;encyclop\u00e9die de l&#039;actualit\u00e9 sportive","publisher":{"@id":"https:\/\/dicodusport.fr\/blog\/#organization"},"potentialAction":[{"@type":"SearchAction","target":{"@type":"EntryPoint","urlTemplate":"https:\/\/dicodusport.fr\/blog\/?s={search_term_string}"},"query-input":{"@type":"PropertyValueSpecification","valueRequired":true,"valueName":"search_term_string"}}],"inLanguage":"fr-FR"},{"@type":"NewsMediaOrganization","@id":"https:\/\/dicodusport.fr\/blog\/#organization","name":"Dicodusport","url":"https:\/\/dicodusport.fr\/blog\/","logo":{"@type":"ImageObject","inLanguage":"fr-FR","@id":"https:\/\/dicodusport.fr\/blog\/#\/schema\/logo\/image\/","url":"https:\/\/dicodusport.fr\/blog\/wp-content\/uploads\/2020\/06\/cropped-LOGO-DICODUSPORT-2020-SANS-FOND-SANS-TEXTE.png","contentUrl":"https:\/\/dicodusport.fr\/blog\/wp-content\/uploads\/2020\/06\/cropped-LOGO-DICODUSPORT-2020-SANS-FOND-SANS-TEXTE.png","width":512,"height":512,"caption":"Dicodusport"},"image":{"@id":"https:\/\/dicodusport.fr\/blog\/#\/schema\/logo\/image\/"},"sameAs":["https:\/\/www.facebook.com\/dicodusport","https:\/\/x.com\/dicodusport","https:\/\/www.instagram.com\/dicodusport\/","https:\/\/www.youtube.com\/channel\/UC7V2KZ5sd3htJivAbA4ZG3w"],"description":"Dicodusport est l'encyclop\u00e9die de l'actualit\u00e9 sportive.","email":"bonjour@dicodusport.fr","legalName":"DICODUSPORT","foundingDate":"2018-01-14","vatID":"FR71834470973","taxID":"83447097300043","numberOfEmployees":{"@type":"QuantitativeValue","minValue":"1","maxValue":"10"}},{"@type":"Person","@id":"https:\/\/dicodusport.fr\/blog\/#\/schema\/person\/37def232098a7a5cbab3974a3690abb0","name":"Maxime Cazenave","image":{"@type":"ImageObject","inLanguage":"fr-FR","@id":"https:\/\/dicodusport.fr\/blog\/#\/schema\/person\/image\/","url":"https:\/\/dicodusport.fr\/blog\/wp-content\/uploads\/2021\/05\/Maxime-Cazenave-150x150.jpg","contentUrl":"https:\/\/dicodusport.fr\/blog\/wp-content\/uploads\/2021\/05\/Maxime-Cazenave-150x150.jpg","caption":"Maxime Cazenave"},"description":"Journaliste\/R\u00e9dacteur depuis 2012 - Berc\u00e9 par l\u2019amour des Girondins de Bordeaux, les \u00e9checs de Christophe Moreau sur le Tour de France sous l'\u00e8re Lance Armstrong et le fade-away l\u00e9tal de Dirk Nowitzki, ma passion d\u00e9vorante pour le sport a toujours \u00e9t\u00e9 un pan incontournable de ma vie. Transmettre ma passion \u00e0 l\u2019\u00e9crit a \u00e9t\u00e9 une transition naturelle. Suiveur assidu de basket et de hockey sur glace, je garde toujours un peu de place pour suivre le cyclisme, le football et le maximum de performances fran\u00e7aises.","sameAs":["https:\/\/x.com\/https:\/\/twitter.com\/Maxime_Caze"],"url":"https:\/\/dicodusport.fr\/blog\/author\/maximec\/"}]}},"_links":{"self":[{"href":"https:\/\/dicodusport.fr\/blog\/wp-json\/wp\/v2\/posts\/472183","targetHints":{"allow":["GET"]}}],"collection":[{"href":"https:\/\/dicodusport.fr\/blog\/wp-json\/wp\/v2\/posts"}],"about":[{"href":"https:\/\/dicodusport.fr\/blog\/wp-json\/wp\/v2\/types\/post"}],"author":[{"embeddable":true,"href":"https:\/\/dicodusport.fr\/blog\/wp-json\/wp\/v2\/users\/55"}],"replies":[{"embeddable":true,"href":"https:\/\/dicodusport.fr\/blog\/wp-json\/wp\/v2\/comments?post=472183"}],"version-history":[{"count":5,"href":"https:\/\/dicodusport.fr\/blog\/wp-json\/wp\/v2\/posts\/472183\/revisions"}],"predecessor-version":[{"id":472273,"href":"https:\/\/dicodusport.fr\/blog\/wp-json\/wp\/v2\/posts\/472183\/revisions\/472273"}],"wp:featuredmedia":[{"embeddable":true,"href":"https:\/\/dicodusport.fr\/blog\/wp-json\/wp\/v2\/media\/472199"}],"wp:attachment":[{"href":"https:\/\/dicodusport.fr\/blog\/wp-json\/wp\/v2\/media?parent=472183"}],"wp:term":[{"taxonomy":"category","embeddable":true,"href":"https:\/\/dicodusport.fr\/blog\/wp-json\/wp\/v2\/categories?post=472183"},{"taxonomy":"post_tag","embeddable":true,"href":"https:\/\/dicodusport.fr\/blog\/wp-json\/wp\/v2\/tags?post=472183"}],"curies":[{"name":"wp","href":"https:\/\/api.w.org\/{rel}","templated":true}]}}