{"id":472306,"date":"2024-03-16T12:51:26","date_gmt":"2024-03-16T11:51:26","guid":{"rendered":"https:\/\/dicodusport.fr\/blog\/?p=472306&#038;preview=true&#038;preview_id=472306"},"modified":"2024-03-16T13:50:21","modified_gmt":"2024-03-16T12:50:21","slug":"finales-ski-alpin-saalbach-loic-meillard-simpose-sur-le-geant-odermatt-a-la-faute","status":"publish","type":"post","link":"https:\/\/dicodusport.fr\/blog\/finales-ski-alpin-saalbach-loic-meillard-simpose-sur-le-geant-odermatt-a-la-faute\/","title":{"rendered":"Finales Ski alpin Saalbach : Lo\u00efc Meillard s&rsquo;impose sur le g\u00e9ant, Odermatt \u00e0 la faute !"},"content":{"rendered":"<p style=\"text-align: justify;\"><strong><em><a href=\"https:\/\/dicodusport.fr\/blog\/actualites\/sports-dhiver\/ski\/coupe-du-monde-ski-alpin-2023-2024\/\">COUPE DU MONDE DE SKI ALPIN 2023-2024<\/a> &#8211; Sensation \u00e0 Saalbach ! Marco Odermatt, qui refermait le portillon, a faut\u00e9 en seconde manche et n&rsquo;a pas termin\u00e9 la course. Le Suisse Lo\u00efc Meillard s&rsquo;impose ainsi devant l&rsquo;Andorran Joan Verdu et un autre Helv\u00e8te, Thomas Tumler.<\/em><\/strong><\/p>\n<ul>\n<li style=\"text-align: justify;\"><strong>\u00c0 ce sujet \u2013\u00a0<a href=\"https:\/\/dicodusport.fr\/blog\/finales-ski-alpin-saalbach-programme-horaires-et-resultats\/\">Finales Ski alpin Saalbach \u2013 Programme, horaires et r\u00e9sultats<\/a><\/strong><\/li>\n<\/ul>\n<p style=\"text-align: justify;\">Dans le jour blanc de Saalbach, le spectacle n&rsquo;aura pas \u00e9t\u00e9 r\u00e9ellement au rendez-vous en premi\u00e8re manche. Except\u00e9 <strong>Lo\u00efc Meillard<\/strong>, qui a su profiter de son dossard 1 pour r\u00e9aliser une performance solide (2e, +0.40), personne n&rsquo;a pu approcher le chrono de <strong>Marco Odermatt<\/strong>. Ultra-dominateur, le Suisse, qui restait sur douze succ\u00e8s de rang en g\u00e9ant, a mis \u00e0 l&rsquo;amende ses concurrents puisque le troisi\u00e8me, <strong>Alexander Steen Olsen<\/strong>, pointait d\u00e9j\u00e0 \u00e0 1.39. Finalement, ils ne sont que quatre \u00e0 moins de deux secondes du leader, \u00e0 mi-parcours. <strong>Filip Zubcic<\/strong> et <strong>Joan Verdu<\/strong> ont termin\u00e9 ainsi 4e et 5e de la premi\u00e8re manche \u00e0 1.61 et 1.72 de l&rsquo;homme de t\u00eate.<\/p>\n<ul>\n<li style=\"text-align: justify;\"><strong>\u00c0 ce sujet\u00a0\u2013 <a href=\"https:\/\/dicodusport.fr\/blog\/finales-ski-alpin-saalbach-classement-geant-hommes\/\">Le classement du g\u00e9ant hommes des finales de Saalbach<\/a><\/strong><\/li>\n<\/ul>\n<h2 style=\"text-align: justify;\">Odermatt \u00e0 la faute !<\/h2>\n<p style=\"text-align: justify;\">La deuxi\u00e8me manche a quant \u00e0 elle d\u00e9jou\u00e9 tous les pronostics. L&rsquo;Andorran, <strong>Joan Verdu<\/strong> a tout d&rsquo;abord sign\u00e9 le meilleur temps provisoire, assurant par ailleurs le top 5 pour son retour apr\u00e8s trois g\u00e9ants manqu\u00e9s. Le Croate qui le suivait au portillon n&rsquo;en a pas fait de m\u00eame. Hors du coup, il ne termine que 7e provisoire et 8e au final. Alors que <strong>Steen Olsen<\/strong> allait s&rsquo;\u00e9lancer, les rayons du soleil repointaient le bout de leur nez. Malgr\u00e9 cela, le Norv\u00e9gien est rel\u00e9gu\u00e9 encore plus loin (9e), assurant de fait <strong>Verdu<\/strong> d&rsquo;un deuxi\u00e8me podium apr\u00e8s celui obtenu \u00e0 Val d&rsquo;Is\u00e8re en d\u00e9but de saison. Finalement, la victoire allait se jouer entre les deux Suisses : <strong>Lo\u00efc Meillard<\/strong> a d&rsquo;abord contr\u00f4l\u00e9 sur le haut avant de laisser filer en bas. Strat\u00e9gie payante puisqu&rsquo;il conserve sept dixi\u00e8mes d&rsquo;avance sur <strong>Verdu<\/strong>.<\/p>\n<p style=\"text-align: justify;\">De quoi mettre la pression sur <strong>Marco Odermatt<\/strong> ? Non habituellement. N\u00e9anmoins, peut-\u00eatre d\u00e9charg\u00e9 d&rsquo;un certain poids en \u00e9tant assur\u00e9 du gros globe et de celui du g\u00e9ant, le Suisse a faut\u00e9, \u00e0 la surprise g\u00e9n\u00e9rale, sur le haut de parcours. La derni\u00e8re fois qu&rsquo;il \u00e9tait sorti en g\u00e9ant remontait \u00e0 2019 lors de l&rsquo;\u00e9preuve de Beaver Creek ! <strong>Meillard<\/strong> remporte ainsi son premier g\u00e9ant depuis celui de Schladming l&rsquo;an dernier. <strong>Joan Verdu<\/strong> termine deuxi\u00e8me, devant le surprenant <strong>Thomas Tumler<\/strong>, huiti\u00e8me de la premi\u00e8re manche.<\/p>\n<ul>\n<li><strong>\u00c0 voir \u00e9galement : <a href=\"https:\/\/dicodusport.fr\/blog\/ski-alpin-coupe-du-monde-2023-2024-calendrier-et-resultats-hommes\/\">Le calendrier et les r\u00e9sultats de la saison masculine de ski alpin 2023-2024<\/a><\/strong><\/li>\n<\/ul>\n<h2 style=\"text-align: justify;\">Un record qui attendra<\/h2>\n<p style=\"text-align: justify;\">En outre, la belle remont\u00e9e est \u00e0 mettre au cr\u00e9dit du Norv\u00e9gien, <strong>Timon Haugan<\/strong> qui rentre dans le top 10 en remontant onze rangs gr\u00e2ce \u00e0 une tr\u00e8s belle seconde manche (2\u00e8me temps de la manche). Il est sixi\u00e8me <em>ex-aequo<\/em> avec <strong>Gino Caviezel<\/strong>. <strong>Thibaut Favrot<\/strong>, seul fran\u00e7ais engag\u00e9 dans ces finales, ach\u00e8ve quant \u00e0 lui sa saison par une onzi\u00e8me position. Il a notamment grapill\u00e9 cinq places par rapport \u00e0 la premi\u00e8re manche.<\/p>\n<p style=\"text-align: justify;\"><strong>Marco Odermatt<\/strong> n&rsquo;a donc pas r\u00e9alis\u00e9 le grand chelem en g\u00e9ant cette saison ! Il ach\u00e8ve ainsi une s\u00e9rie exceptionnelle de 26 podiums cons\u00e9cutifs (21 victoires !) dans la discipline et une s\u00e9rie de 12 succ\u00e8s d&rsquo;affil\u00e9e. Il devra patienter avant d&rsquo;esp\u00e9rer devenir le seul recordman du nombre de victoires en une saison, avec 14 bouquets, alors qu&rsquo;il le co-d\u00e9tient jusque-l\u00e0 avec les l\u00e9gendes que sont <strong>Ingemar Stenmark, Hermann Maier<\/strong> et <strong>Marcel Hirscher<\/strong> (13). De m\u00eame, il reste par ailleurs \u00e0 140 unit\u00e9s de son record de points en une saison (2042) alors qu&rsquo;il lui reste la descente et le super-G \u00e0 disputer. L&rsquo;histoire est en marche !<\/p>\n<blockquote class=\"twitter-tweet\">\n<p dir=\"ltr\" lang=\"fr\">\ud83d\ude31 \ud835\ude47\ud835\ude5a \ud835\ude62\ud835\ude5a\ud835\ude5e\ud835\ude61\ud835\ude61\ud835\ude5a\ud835\ude6a\ud835\ude67 \ud835\ude68\ud835\ude60\ud835\ude5e\ud835\ude5a\ud835\ude6a\ud835\ude67 \ud835\ude59\ud835\ude5a \ud835\ude61\ud835\ude56 \ud835\ude65\ud835\ude61\ud835\ude56\ud835\ude63\ud835\ude5a\u0300\ud835\ude69\ud835\ude5a \ud835\ude56 \ud835\ude5b\ud835\ude56\ud835\ude6a\ud835\ude69\ud835\ude5a\u0301 \ud835\ude65\ud835\ude64\ud835\ude6a\ud835\ude67 \ud835\ude61\ud835\ude56 \ud835\ude65\ud835\ude67\ud835\ude5a\ud835\ude62\ud835\ude5e\ud835\ude5a\u0300\ud835\ude67\ud835\ude5a \ud835\ude5b\ud835\ude64\ud835\ude5e\ud835\ude68 \ud835\ude59\ud835\ude5a\ud835\ude65\ud835\ude6a\ud835\ude5e\ud835\ude68 \ud835\ude6a\ud835\ude63\ud835\ude5a \ud835\ude5a\u0301\ud835\ude69\ud835\ude5a\ud835\ude67\ud835\ude63\ud835\ude5e\ud835\ude69\ud835\ude5a\u0301 !<\/p>\n<p>\u00c9norme surprise \u00e0 Saalbach ! Marco Odermatt part \u00e0 la faute, Lo\u00efc Meillard s&rsquo;impose !<a href=\"https:\/\/twitter.com\/hashtag\/ChaletClub?src=hash&amp;ref_src=twsrc%5Etfw\">#ChaletClub<\/a> <a href=\"https:\/\/twitter.com\/hashtag\/Saalbach?src=hash&amp;ref_src=twsrc%5Etfw\">#Saalbach<\/a> <a href=\"https:\/\/twitter.com\/hashtag\/FISAlpine?src=hash&amp;ref_src=twsrc%5Etfw\">#FISAlpine<\/a> <a href=\"https:\/\/t.co\/wXBLaN6eP3\">pic.twitter.com\/wXBLaN6eP3<\/a><\/p>\n<p>\u2014 Eurosport France (@Eurosport_FR) <a href=\"https:\/\/twitter.com\/Eurosport_FR\/status\/1768969964378091849?ref_src=twsrc%5Etfw\">March 16, 2024<\/a><\/p><\/blockquote>\n<p><script async src=\"https:\/\/platform.twitter.com\/widgets.js\" charset=\"utf-8\"><\/script><\/p>\n","protected":false},"excerpt":{"rendered":"<p>COUPE DU MONDE DE SKI ALPIN 2023-2024 &#8211; La victoire est revenue \u00e0 Lo\u00efc Meillard. Marco Odermatt, favori, a faut\u00e9 et n&rsquo;a pas termin\u00e9.<\/p>\n","protected":false},"author":91,"featured_media":472366,"comment_status":"open","ping_status":"closed","sticky":false,"template":"","format":"standard","meta":{"_acf_changed":false,"_daextam_enable_autolinks":"1","footnotes":""},"categories":[47084],"tags":[16878,15042,38414,24],"class_list":["post-472306","post","type-post","status-publish","format-standard","has-post-thumbnail","hentry","category-coupe-du-monde-ski-alpin","tag-breve","tag-marco-odermatt","tag-saalbach","tag-sport"],"acf":[],"yoast_head":"<!-- This site is optimized with the Yoast SEO Premium plugin v26.7 (Yoast SEO v26.7) - https:\/\/yoast.com\/wordpress\/plugins\/seo\/ -->\n<title>Finales Ski alpin Saalbach : Lo\u00efc Meillard s&#039;impose sur le g\u00e9ant, Odermatt \u00e0 la faute !<\/title>\n<meta name=\"description\" content=\"COUPE DU MONDE DE SKI ALPIN 2023-2024 - La victoire est revenue \u00e0 Lo\u00efc Meillard \u00e0 Saalbach. Odermatt, favori, a faut\u00e9 et n&#039;a pas termin\u00e9.\" \/>\n<meta name=\"robots\" content=\"index, follow, max-snippet:-1, max-image-preview:large, max-video-preview:-1\" \/>\n<link rel=\"canonical\" href=\"https:\/\/dicodusport.fr\/blog\/finales-ski-alpin-saalbach-loic-meillard-simpose-sur-le-geant-odermatt-a-la-faute\/\" \/>\n<meta property=\"og:locale\" content=\"fr_FR\" \/>\n<meta property=\"og:type\" content=\"article\" \/>\n<meta property=\"og:title\" content=\"Finales Ski alpin Saalbach : Lo\u00efc Meillard s&#039;impose sur le g\u00e9ant, Odermatt \u00e0 la faute !\" \/>\n<meta property=\"og:description\" content=\"COUPE DU MONDE DE SKI ALPIN 2023-2024 - La victoire est revenue \u00e0 Lo\u00efc Meillard \u00e0 Saalbach. Odermatt, favori, a faut\u00e9 et n&#039;a pas termin\u00e9.\" \/>\n<meta property=\"og:url\" content=\"https:\/\/dicodusport.fr\/blog\/finales-ski-alpin-saalbach-loic-meillard-simpose-sur-le-geant-odermatt-a-la-faute\/\" \/>\n<meta property=\"og:site_name\" content=\"Dicodusport\" \/>\n<meta property=\"article:publisher\" content=\"https:\/\/www.facebook.com\/dicodusport\" \/>\n<meta property=\"article:published_time\" content=\"2024-03-16T11:51:26+00:00\" \/>\n<meta property=\"article:modified_time\" content=\"2024-03-16T12:50:21+00:00\" \/>\n<meta property=\"og:image\" content=\"https:\/\/dicodusport.fr\/blog\/wp-content\/uploads\/2024\/03\/Finales-Ski-alpin-Saalbach-Loic-Meillard-simpose-sur-le-geant-Odermatt-a-la-faute-1.png\" \/>\n\t<meta property=\"og:image:width\" content=\"1200\" \/>\n\t<meta property=\"og:image:height\" content=\"674\" \/>\n\t<meta property=\"og:image:type\" content=\"image\/png\" \/>\n<meta name=\"author\" content=\"Victor Clot-Amiot\" \/>\n<meta name=\"twitter:card\" content=\"summary_large_image\" \/>\n<meta name=\"twitter:title\" content=\"Finales Ski alpin Saalbach : Lo\u00efc Meillard s&#039;impose sur le g\u00e9ant, Odermatt \u00e0 la faute !\" \/>\n<meta name=\"twitter:creator\" content=\"@https:\/\/x.com\/VictorClotAmiot\" \/>\n<meta name=\"twitter:site\" content=\"@dicodusport\" \/>\n<script type=\"application\/ld+json\" class=\"yoast-schema-graph\">{\"@context\":\"https:\/\/schema.org\",\"@graph\":[{\"@type\":\"NewsArticle\",\"@id\":\"https:\/\/dicodusport.fr\/blog\/finales-ski-alpin-saalbach-loic-meillard-simpose-sur-le-geant-odermatt-a-la-faute\/#article\",\"isPartOf\":{\"@id\":\"https:\/\/dicodusport.fr\/blog\/finales-ski-alpin-saalbach-loic-meillard-simpose-sur-le-geant-odermatt-a-la-faute\/\"},\"author\":{\"name\":\"Victor Clot-Amiot\",\"@id\":\"https:\/\/dicodusport.fr\/blog\/#\/schema\/person\/b623199cba9ba90fe84a3d16e9282360\"},\"headline\":\"Finales Ski alpin Saalbach : Lo\u00efc Meillard s&rsquo;impose sur le g\u00e9ant, Odermatt \u00e0 la faute !\",\"datePublished\":\"2024-03-16T11:51:26+00:00\",\"dateModified\":\"2024-03-16T12:50:21+00:00\",\"mainEntityOfPage\":{\"@id\":\"https:\/\/dicodusport.fr\/blog\/finales-ski-alpin-saalbach-loic-meillard-simpose-sur-le-geant-odermatt-a-la-faute\/\"},\"wordCount\":698,\"commentCount\":0,\"publisher\":{\"@id\":\"https:\/\/dicodusport.fr\/blog\/#organization\"},\"image\":{\"@id\":\"https:\/\/dicodusport.fr\/blog\/finales-ski-alpin-saalbach-loic-meillard-simpose-sur-le-geant-odermatt-a-la-faute\/#primaryimage\"},\"thumbnailUrl\":\"https:\/\/dicodusport.fr\/blog\/wp-content\/uploads\/2024\/03\/Finales-Ski-alpin-Saalbach-Loic-Meillard-simpose-sur-le-geant-Odermatt-a-la-faute-1.png\",\"keywords\":[\"br\u00e8ve\",\"Marco Odermatt\",\"saalbach\",\"sport\"],\"articleSection\":[\"Coupe du monde de ski alpin\"],\"inLanguage\":\"fr-FR\",\"potentialAction\":[{\"@type\":\"CommentAction\",\"name\":\"Comment\",\"target\":[\"https:\/\/dicodusport.fr\/blog\/finales-ski-alpin-saalbach-loic-meillard-simpose-sur-le-geant-odermatt-a-la-faute\/#respond\"]}],\"copyrightYear\":\"2024\",\"copyrightHolder\":{\"@id\":\"https:\/\/dicodusport.fr\/blog\/#organization\"}},{\"@type\":\"WebPage\",\"@id\":\"https:\/\/dicodusport.fr\/blog\/finales-ski-alpin-saalbach-loic-meillard-simpose-sur-le-geant-odermatt-a-la-faute\/\",\"url\":\"https:\/\/dicodusport.fr\/blog\/finales-ski-alpin-saalbach-loic-meillard-simpose-sur-le-geant-odermatt-a-la-faute\/\",\"name\":\"Finales Ski alpin Saalbach : Lo\u00efc Meillard s'impose sur le g\u00e9ant, Odermatt \u00e0 la faute !\",\"isPartOf\":{\"@id\":\"https:\/\/dicodusport.fr\/blog\/#website\"},\"primaryImageOfPage\":{\"@id\":\"https:\/\/dicodusport.fr\/blog\/finales-ski-alpin-saalbach-loic-meillard-simpose-sur-le-geant-odermatt-a-la-faute\/#primaryimage\"},\"image\":{\"@id\":\"https:\/\/dicodusport.fr\/blog\/finales-ski-alpin-saalbach-loic-meillard-simpose-sur-le-geant-odermatt-a-la-faute\/#primaryimage\"},\"thumbnailUrl\":\"https:\/\/dicodusport.fr\/blog\/wp-content\/uploads\/2024\/03\/Finales-Ski-alpin-Saalbach-Loic-Meillard-simpose-sur-le-geant-Odermatt-a-la-faute-1.png\",\"datePublished\":\"2024-03-16T11:51:26+00:00\",\"dateModified\":\"2024-03-16T12:50:21+00:00\",\"description\":\"COUPE DU MONDE DE SKI ALPIN 2023-2024 - La victoire est revenue \u00e0 Lo\u00efc Meillard \u00e0 Saalbach. Odermatt, favori, a faut\u00e9 et n'a pas termin\u00e9.\",\"breadcrumb\":{\"@id\":\"https:\/\/dicodusport.fr\/blog\/finales-ski-alpin-saalbach-loic-meillard-simpose-sur-le-geant-odermatt-a-la-faute\/#breadcrumb\"},\"inLanguage\":\"fr-FR\",\"potentialAction\":[{\"@type\":\"ReadAction\",\"target\":[\"https:\/\/dicodusport.fr\/blog\/finales-ski-alpin-saalbach-loic-meillard-simpose-sur-le-geant-odermatt-a-la-faute\/\"]}]},{\"@type\":\"ImageObject\",\"inLanguage\":\"fr-FR\",\"@id\":\"https:\/\/dicodusport.fr\/blog\/finales-ski-alpin-saalbach-loic-meillard-simpose-sur-le-geant-odermatt-a-la-faute\/#primaryimage\",\"url\":\"https:\/\/dicodusport.fr\/blog\/wp-content\/uploads\/2024\/03\/Finales-Ski-alpin-Saalbach-Loic-Meillard-simpose-sur-le-geant-Odermatt-a-la-faute-1.png\",\"contentUrl\":\"https:\/\/dicodusport.fr\/blog\/wp-content\/uploads\/2024\/03\/Finales-Ski-alpin-Saalbach-Loic-Meillard-simpose-sur-le-geant-Odermatt-a-la-faute-1.png\",\"width\":1200,\"height\":674,\"caption\":\"Finales Ski alpin Saalbach Lo\u00efc Meillard s'impose sur le g\u00e9ant, Odermatt \u00e0 la faute ! (1)\"},{\"@type\":\"BreadcrumbList\",\"@id\":\"https:\/\/dicodusport.fr\/blog\/finales-ski-alpin-saalbach-loic-meillard-simpose-sur-le-geant-odermatt-a-la-faute\/#breadcrumb\",\"itemListElement\":[{\"@type\":\"ListItem\",\"position\":1,\"name\":\"Accueil\",\"item\":\"https:\/\/dicodusport.fr\/blog\/\"},{\"@type\":\"ListItem\",\"position\":2,\"name\":\"Finales Ski alpin Saalbach : Lo\u00efc Meillard s&rsquo;impose sur le g\u00e9ant, Odermatt \u00e0 la faute !\"}]},{\"@type\":\"WebSite\",\"@id\":\"https:\/\/dicodusport.fr\/blog\/#website\",\"url\":\"https:\/\/dicodusport.fr\/blog\/\",\"name\":\"Dicodusport\",\"description\":\"L&#039;encyclop\u00e9die de l&#039;actualit\u00e9 sportive\",\"publisher\":{\"@id\":\"https:\/\/dicodusport.fr\/blog\/#organization\"},\"potentialAction\":[{\"@type\":\"SearchAction\",\"target\":{\"@type\":\"EntryPoint\",\"urlTemplate\":\"https:\/\/dicodusport.fr\/blog\/?s={search_term_string}\"},\"query-input\":{\"@type\":\"PropertyValueSpecification\",\"valueRequired\":true,\"valueName\":\"search_term_string\"}}],\"inLanguage\":\"fr-FR\"},{\"@type\":\"NewsMediaOrganization\",\"@id\":\"https:\/\/dicodusport.fr\/blog\/#organization\",\"name\":\"Dicodusport\",\"url\":\"https:\/\/dicodusport.fr\/blog\/\",\"logo\":{\"@type\":\"ImageObject\",\"inLanguage\":\"fr-FR\",\"@id\":\"https:\/\/dicodusport.fr\/blog\/#\/schema\/logo\/image\/\",\"url\":\"https:\/\/dicodusport.fr\/blog\/wp-content\/uploads\/2020\/06\/cropped-LOGO-DICODUSPORT-2020-SANS-FOND-SANS-TEXTE.png\",\"contentUrl\":\"https:\/\/dicodusport.fr\/blog\/wp-content\/uploads\/2020\/06\/cropped-LOGO-DICODUSPORT-2020-SANS-FOND-SANS-TEXTE.png\",\"width\":512,\"height\":512,\"caption\":\"Dicodusport\"},\"image\":{\"@id\":\"https:\/\/dicodusport.fr\/blog\/#\/schema\/logo\/image\/\"},\"sameAs\":[\"https:\/\/www.facebook.com\/dicodusport\",\"https:\/\/x.com\/dicodusport\",\"https:\/\/www.instagram.com\/dicodusport\/\",\"https:\/\/www.youtube.com\/channel\/UC7V2KZ5sd3htJivAbA4ZG3w\"],\"description\":\"Dicodusport est l'encyclop\u00e9die de l'actualit\u00e9 sportive.\",\"email\":\"bonjour@dicodusport.fr\",\"legalName\":\"DICODUSPORT\",\"foundingDate\":\"2018-01-14\",\"vatID\":\"FR71834470973\",\"taxID\":\"83447097300043\",\"numberOfEmployees\":{\"@type\":\"QuantitativeValue\",\"minValue\":\"1\",\"maxValue\":\"10\"}},{\"@type\":\"Person\",\"@id\":\"https:\/\/dicodusport.fr\/blog\/#\/schema\/person\/b623199cba9ba90fe84a3d16e9282360\",\"name\":\"Victor Clot-Amiot\",\"image\":{\"@type\":\"ImageObject\",\"inLanguage\":\"fr-FR\",\"@id\":\"https:\/\/dicodusport.fr\/blog\/#\/schema\/person\/image\/\",\"url\":\"https:\/\/dicodusport.fr\/blog\/wp-content\/uploads\/2023\/09\/IMG_20190826_114722-150x150.jpg\",\"contentUrl\":\"https:\/\/dicodusport.fr\/blog\/wp-content\/uploads\/2023\/09\/IMG_20190826_114722-150x150.jpg\",\"caption\":\"Victor Clot-Amiot\"},\"description\":\"Passionn\u00e9 de sport depuis toujours, un jour \u00e0 l'adolescence mes parents m'ont dit : \\\"quitte \u00e0 passer ton temps \u00e0 regarder du sport, au moins va le voir en vrai\\\" ! Depuis, cette remarque ne m'a plus quitt\u00e9 et je passe une grande partie de mon temps libre \u00e0 assister \u00e0 des comp\u00e9titions de tous sports. Je m\u00eale d'ailleurs mes deux passions, le sport et les voyages afin de faire une pierre deux coups ! Outre l'US Open ou l'Euro 2021 par exemple, j'ai assist\u00e9 cet \u00e9t\u00e9 aux Mondiaux d'athl\u00e9tisme \u00e0 Budapest. Mon plus gros coup dur est et restera les JO 2020-2021 pour lesquels j'avais r\u00e9serv\u00e9 17 \u00e9preuves. La suite, vous la connaissez...\",\"sameAs\":[\"https:\/\/x.com\/https:\/\/x.com\/VictorClotAmiot\"],\"url\":\"https:\/\/dicodusport.fr\/blog\/author\/victor-clot-amiot\/\"}]}<\/script>\n<!-- \/ Yoast SEO Premium plugin. -->","yoast_head_json":{"title":"Finales Ski alpin Saalbach : Lo\u00efc Meillard s'impose sur le g\u00e9ant, Odermatt \u00e0 la faute !","description":"COUPE DU MONDE DE SKI ALPIN 2023-2024 - La victoire est revenue \u00e0 Lo\u00efc Meillard \u00e0 Saalbach. Odermatt, favori, a faut\u00e9 et n'a pas termin\u00e9.","robots":{"index":"index","follow":"follow","max-snippet":"max-snippet:-1","max-image-preview":"max-image-preview:large","max-video-preview":"max-video-preview:-1"},"canonical":"https:\/\/dicodusport.fr\/blog\/finales-ski-alpin-saalbach-loic-meillard-simpose-sur-le-geant-odermatt-a-la-faute\/","og_locale":"fr_FR","og_type":"article","og_title":"Finales Ski alpin Saalbach : Lo\u00efc Meillard s'impose sur le g\u00e9ant, Odermatt \u00e0 la faute !","og_description":"COUPE DU MONDE DE SKI ALPIN 2023-2024 - La victoire est revenue \u00e0 Lo\u00efc Meillard \u00e0 Saalbach. Odermatt, favori, a faut\u00e9 et n'a pas termin\u00e9.","og_url":"https:\/\/dicodusport.fr\/blog\/finales-ski-alpin-saalbach-loic-meillard-simpose-sur-le-geant-odermatt-a-la-faute\/","og_site_name":"Dicodusport","article_publisher":"https:\/\/www.facebook.com\/dicodusport","article_published_time":"2024-03-16T11:51:26+00:00","article_modified_time":"2024-03-16T12:50:21+00:00","og_image":[{"width":1200,"height":674,"url":"https:\/\/dicodusport.fr\/blog\/wp-content\/uploads\/2024\/03\/Finales-Ski-alpin-Saalbach-Loic-Meillard-simpose-sur-le-geant-Odermatt-a-la-faute-1.png","type":"image\/png"}],"author":"Victor Clot-Amiot","twitter_card":"summary_large_image","twitter_title":"Finales Ski alpin Saalbach : Lo\u00efc Meillard s'impose sur le g\u00e9ant, Odermatt \u00e0 la faute !","twitter_creator":"@https:\/\/x.com\/VictorClotAmiot","twitter_site":"@dicodusport","schema":{"@context":"https:\/\/schema.org","@graph":[{"@type":"NewsArticle","@id":"https:\/\/dicodusport.fr\/blog\/finales-ski-alpin-saalbach-loic-meillard-simpose-sur-le-geant-odermatt-a-la-faute\/#article","isPartOf":{"@id":"https:\/\/dicodusport.fr\/blog\/finales-ski-alpin-saalbach-loic-meillard-simpose-sur-le-geant-odermatt-a-la-faute\/"},"author":{"name":"Victor Clot-Amiot","@id":"https:\/\/dicodusport.fr\/blog\/#\/schema\/person\/b623199cba9ba90fe84a3d16e9282360"},"headline":"Finales Ski alpin Saalbach : Lo\u00efc Meillard s&rsquo;impose sur le g\u00e9ant, Odermatt \u00e0 la faute !","datePublished":"2024-03-16T11:51:26+00:00","dateModified":"2024-03-16T12:50:21+00:00","mainEntityOfPage":{"@id":"https:\/\/dicodusport.fr\/blog\/finales-ski-alpin-saalbach-loic-meillard-simpose-sur-le-geant-odermatt-a-la-faute\/"},"wordCount":698,"commentCount":0,"publisher":{"@id":"https:\/\/dicodusport.fr\/blog\/#organization"},"image":{"@id":"https:\/\/dicodusport.fr\/blog\/finales-ski-alpin-saalbach-loic-meillard-simpose-sur-le-geant-odermatt-a-la-faute\/#primaryimage"},"thumbnailUrl":"https:\/\/dicodusport.fr\/blog\/wp-content\/uploads\/2024\/03\/Finales-Ski-alpin-Saalbach-Loic-Meillard-simpose-sur-le-geant-Odermatt-a-la-faute-1.png","keywords":["br\u00e8ve","Marco Odermatt","saalbach","sport"],"articleSection":["Coupe du monde de ski alpin"],"inLanguage":"fr-FR","potentialAction":[{"@type":"CommentAction","name":"Comment","target":["https:\/\/dicodusport.fr\/blog\/finales-ski-alpin-saalbach-loic-meillard-simpose-sur-le-geant-odermatt-a-la-faute\/#respond"]}],"copyrightYear":"2024","copyrightHolder":{"@id":"https:\/\/dicodusport.fr\/blog\/#organization"}},{"@type":"WebPage","@id":"https:\/\/dicodusport.fr\/blog\/finales-ski-alpin-saalbach-loic-meillard-simpose-sur-le-geant-odermatt-a-la-faute\/","url":"https:\/\/dicodusport.fr\/blog\/finales-ski-alpin-saalbach-loic-meillard-simpose-sur-le-geant-odermatt-a-la-faute\/","name":"Finales Ski alpin Saalbach : Lo\u00efc Meillard s'impose sur le g\u00e9ant, Odermatt \u00e0 la faute !","isPartOf":{"@id":"https:\/\/dicodusport.fr\/blog\/#website"},"primaryImageOfPage":{"@id":"https:\/\/dicodusport.fr\/blog\/finales-ski-alpin-saalbach-loic-meillard-simpose-sur-le-geant-odermatt-a-la-faute\/#primaryimage"},"image":{"@id":"https:\/\/dicodusport.fr\/blog\/finales-ski-alpin-saalbach-loic-meillard-simpose-sur-le-geant-odermatt-a-la-faute\/#primaryimage"},"thumbnailUrl":"https:\/\/dicodusport.fr\/blog\/wp-content\/uploads\/2024\/03\/Finales-Ski-alpin-Saalbach-Loic-Meillard-simpose-sur-le-geant-Odermatt-a-la-faute-1.png","datePublished":"2024-03-16T11:51:26+00:00","dateModified":"2024-03-16T12:50:21+00:00","description":"COUPE DU MONDE DE SKI ALPIN 2023-2024 - La victoire est revenue \u00e0 Lo\u00efc Meillard \u00e0 Saalbach. Odermatt, favori, a faut\u00e9 et n'a pas termin\u00e9.","breadcrumb":{"@id":"https:\/\/dicodusport.fr\/blog\/finales-ski-alpin-saalbach-loic-meillard-simpose-sur-le-geant-odermatt-a-la-faute\/#breadcrumb"},"inLanguage":"fr-FR","potentialAction":[{"@type":"ReadAction","target":["https:\/\/dicodusport.fr\/blog\/finales-ski-alpin-saalbach-loic-meillard-simpose-sur-le-geant-odermatt-a-la-faute\/"]}]},{"@type":"ImageObject","inLanguage":"fr-FR","@id":"https:\/\/dicodusport.fr\/blog\/finales-ski-alpin-saalbach-loic-meillard-simpose-sur-le-geant-odermatt-a-la-faute\/#primaryimage","url":"https:\/\/dicodusport.fr\/blog\/wp-content\/uploads\/2024\/03\/Finales-Ski-alpin-Saalbach-Loic-Meillard-simpose-sur-le-geant-Odermatt-a-la-faute-1.png","contentUrl":"https:\/\/dicodusport.fr\/blog\/wp-content\/uploads\/2024\/03\/Finales-Ski-alpin-Saalbach-Loic-Meillard-simpose-sur-le-geant-Odermatt-a-la-faute-1.png","width":1200,"height":674,"caption":"Finales Ski alpin Saalbach Lo\u00efc Meillard s'impose sur le g\u00e9ant, Odermatt \u00e0 la faute ! (1)"},{"@type":"BreadcrumbList","@id":"https:\/\/dicodusport.fr\/blog\/finales-ski-alpin-saalbach-loic-meillard-simpose-sur-le-geant-odermatt-a-la-faute\/#breadcrumb","itemListElement":[{"@type":"ListItem","position":1,"name":"Accueil","item":"https:\/\/dicodusport.fr\/blog\/"},{"@type":"ListItem","position":2,"name":"Finales Ski alpin Saalbach : Lo\u00efc Meillard s&rsquo;impose sur le g\u00e9ant, Odermatt \u00e0 la faute !"}]},{"@type":"WebSite","@id":"https:\/\/dicodusport.fr\/blog\/#website","url":"https:\/\/dicodusport.fr\/blog\/","name":"Dicodusport","description":"L&#039;encyclop\u00e9die de l&#039;actualit\u00e9 sportive","publisher":{"@id":"https:\/\/dicodusport.fr\/blog\/#organization"},"potentialAction":[{"@type":"SearchAction","target":{"@type":"EntryPoint","urlTemplate":"https:\/\/dicodusport.fr\/blog\/?s={search_term_string}"},"query-input":{"@type":"PropertyValueSpecification","valueRequired":true,"valueName":"search_term_string"}}],"inLanguage":"fr-FR"},{"@type":"NewsMediaOrganization","@id":"https:\/\/dicodusport.fr\/blog\/#organization","name":"Dicodusport","url":"https:\/\/dicodusport.fr\/blog\/","logo":{"@type":"ImageObject","inLanguage":"fr-FR","@id":"https:\/\/dicodusport.fr\/blog\/#\/schema\/logo\/image\/","url":"https:\/\/dicodusport.fr\/blog\/wp-content\/uploads\/2020\/06\/cropped-LOGO-DICODUSPORT-2020-SANS-FOND-SANS-TEXTE.png","contentUrl":"https:\/\/dicodusport.fr\/blog\/wp-content\/uploads\/2020\/06\/cropped-LOGO-DICODUSPORT-2020-SANS-FOND-SANS-TEXTE.png","width":512,"height":512,"caption":"Dicodusport"},"image":{"@id":"https:\/\/dicodusport.fr\/blog\/#\/schema\/logo\/image\/"},"sameAs":["https:\/\/www.facebook.com\/dicodusport","https:\/\/x.com\/dicodusport","https:\/\/www.instagram.com\/dicodusport\/","https:\/\/www.youtube.com\/channel\/UC7V2KZ5sd3htJivAbA4ZG3w"],"description":"Dicodusport est l'encyclop\u00e9die de l'actualit\u00e9 sportive.","email":"bonjour@dicodusport.fr","legalName":"DICODUSPORT","foundingDate":"2018-01-14","vatID":"FR71834470973","taxID":"83447097300043","numberOfEmployees":{"@type":"QuantitativeValue","minValue":"1","maxValue":"10"}},{"@type":"Person","@id":"https:\/\/dicodusport.fr\/blog\/#\/schema\/person\/b623199cba9ba90fe84a3d16e9282360","name":"Victor Clot-Amiot","image":{"@type":"ImageObject","inLanguage":"fr-FR","@id":"https:\/\/dicodusport.fr\/blog\/#\/schema\/person\/image\/","url":"https:\/\/dicodusport.fr\/blog\/wp-content\/uploads\/2023\/09\/IMG_20190826_114722-150x150.jpg","contentUrl":"https:\/\/dicodusport.fr\/blog\/wp-content\/uploads\/2023\/09\/IMG_20190826_114722-150x150.jpg","caption":"Victor Clot-Amiot"},"description":"Passionn\u00e9 de sport depuis toujours, un jour \u00e0 l'adolescence mes parents m'ont dit : \"quitte \u00e0 passer ton temps \u00e0 regarder du sport, au moins va le voir en vrai\" ! Depuis, cette remarque ne m'a plus quitt\u00e9 et je passe une grande partie de mon temps libre \u00e0 assister \u00e0 des comp\u00e9titions de tous sports. Je m\u00eale d'ailleurs mes deux passions, le sport et les voyages afin de faire une pierre deux coups ! Outre l'US Open ou l'Euro 2021 par exemple, j'ai assist\u00e9 cet \u00e9t\u00e9 aux Mondiaux d'athl\u00e9tisme \u00e0 Budapest. Mon plus gros coup dur est et restera les JO 2020-2021 pour lesquels j'avais r\u00e9serv\u00e9 17 \u00e9preuves. La suite, vous la connaissez...","sameAs":["https:\/\/x.com\/https:\/\/x.com\/VictorClotAmiot"],"url":"https:\/\/dicodusport.fr\/blog\/author\/victor-clot-amiot\/"}]}},"_links":{"self":[{"href":"https:\/\/dicodusport.fr\/blog\/wp-json\/wp\/v2\/posts\/472306","targetHints":{"allow":["GET"]}}],"collection":[{"href":"https:\/\/dicodusport.fr\/blog\/wp-json\/wp\/v2\/posts"}],"about":[{"href":"https:\/\/dicodusport.fr\/blog\/wp-json\/wp\/v2\/types\/post"}],"author":[{"embeddable":true,"href":"https:\/\/dicodusport.fr\/blog\/wp-json\/wp\/v2\/users\/91"}],"replies":[{"embeddable":true,"href":"https:\/\/dicodusport.fr\/blog\/wp-json\/wp\/v2\/comments?post=472306"}],"version-history":[{"count":5,"href":"https:\/\/dicodusport.fr\/blog\/wp-json\/wp\/v2\/posts\/472306\/revisions"}],"predecessor-version":[{"id":472370,"href":"https:\/\/dicodusport.fr\/blog\/wp-json\/wp\/v2\/posts\/472306\/revisions\/472370"}],"wp:featuredmedia":[{"embeddable":true,"href":"https:\/\/dicodusport.fr\/blog\/wp-json\/wp\/v2\/media\/472366"}],"wp:attachment":[{"href":"https:\/\/dicodusport.fr\/blog\/wp-json\/wp\/v2\/media?parent=472306"}],"wp:term":[{"taxonomy":"category","embeddable":true,"href":"https:\/\/dicodusport.fr\/blog\/wp-json\/wp\/v2\/categories?post=472306"},{"taxonomy":"post_tag","embeddable":true,"href":"https:\/\/dicodusport.fr\/blog\/wp-json\/wp\/v2\/tags?post=472306"}],"curies":[{"name":"wp","href":"https:\/\/api.w.org\/{rel}","templated":true}]}}