{"id":472424,"date":"2024-03-16T17:09:47","date_gmt":"2024-03-16T16:09:47","guid":{"rendered":"https:\/\/dicodusport.fr\/blog\/?p=472424&#038;preview=true&#038;preview_id=472424"},"modified":"2024-03-16T17:41:10","modified_gmt":"2024-03-16T16:41:10","slug":"classic-loire-atlantique-2024-victoire-de-paul-lapeira-decathlon-ag2r-la-mondiale-team","status":"publish","type":"post","link":"https:\/\/dicodusport.fr\/blog\/classic-loire-atlantique-2024-victoire-de-paul-lapeira-decathlon-ag2r-la-mondiale-team\/","title":{"rendered":"Classic Loire-Atlantique 2024 : Victoire de Paul Lapeira (Decathlon Ag2r La Mondiale Team)"},"content":{"rendered":"<p style=\"text-align: justify;\"><strong><em>CLASSIC LOIRE-ATLANTIQUE 2024 &#8211; Le Fran\u00e7ais Paul Lapeira (Decathlon AG2R La Mondiale) l&#8217;emporte en solitaire apr\u00e8s s&rsquo;\u00eatre extirp\u00e9 d&rsquo;une \u00e9chapp\u00e9e de 11 coureurs. Il s&rsquo;adjuge ainsi sa premi\u00e8re victoire professionnelle.<\/em><\/strong><\/p>\n<ul>\n<li style=\"text-align: justify;\"><strong>\u00c0 ce sujet &#8211; <a href=\"https:\/\/dicodusport.fr\/blog\/classement-classic-loire-atlantique-2024\/\">Classement Classic Loire-Atlantique 2024<\/a><\/strong><\/li>\n<\/ul>\n<p style=\"text-align: justify;\">Apr\u00e8s 10 tours de circuit et 183 kilom\u00e8tres de course, <strong>Paul Lapeira<\/strong>, 23 ans, a triomph\u00e9 aujourd&rsquo;hui sur les routes de la Loire-Atlantique. L&rsquo;ancien vainqueur du <strong>Tour de Lombardie<\/strong> chez les Espoirs en 2021 signe l\u00e0 son premier succ\u00e8s professionnel pour sa troisi\u00e8me ann\u00e9e chez <strong>Decathlon AG2R La Mondiale<\/strong>. Il confirme aussi la grande forme de la structure de <strong>Vincent Lavenu<\/strong> sur ce d\u00e9but de saison.<\/p>\n<blockquote class=\"twitter-tweet\">\n<p dir=\"ltr\" lang=\"fr\">VICTOIRE DE PAUL LAPEIRA !!!!! <a href=\"https:\/\/twitter.com\/hashtag\/Classic44?src=hash&amp;ref_src=twsrc%5Etfw\">#Classic44<\/a> <a href=\"https:\/\/t.co\/GMKU0rx7oU\">pic.twitter.com\/GMKU0rx7oU<\/a><\/p>\n<p>\u2014 Classic Loire-Atlantique \ud83d\udeb4\ud83c\udffb\u200d\u2642\ufe0f (@LaClassic_44) <a href=\"https:\/\/twitter.com\/LaClassic_44\/status\/1769027866178486664?ref_src=twsrc%5Etfw\">March 16, 2024<\/a><\/p><\/blockquote>\n<p><script async src=\"https:\/\/platform.twitter.com\/widgets.js\" charset=\"utf-8\"><\/script><\/p>\n<h2 style=\"text-align: justify;\">Le bon coup \u00e0 50 km de l&rsquo;arriv\u00e9e<\/h2>\n<p style=\"text-align: justify;\"><strong>Lapeira<\/strong> \u00e9tait issu d&rsquo;un groupe de 11 coureurs, parti lors du septi\u00e8me tour de circuit, \u00e0 50 km de l&rsquo;arriv\u00e9e. Dans ce groupe, on retrouvait notamment <strong>Anthony Perez<\/strong> (Cofidis), <strong>Alan Jousseaume<\/strong> (TotalEnergies), <strong>Lewis Askey<\/strong> (Groupama-FDJ) ou encore <strong>Cl\u00e9ment Venturini<\/strong> (Ark\u00e9a B&amp;B H\u00f4tels). Le natif de Foug\u00e8res s&rsquo;est enfui \u00e0 20 km du terme pour ne plus jamais \u00eatre revu. Le peloton a finalement repris le reste des fuyards. Ce sont donc les sprinteurs qui ont jou\u00e9 la deuxi\u00e8me place. <strong>Tom Van Asbroeck<\/strong> (Israel Premier Tech) et <strong>Emmanuel Morin<\/strong> (Van Rysel Roubaix) compl\u00e8tent ainsi le podium.<\/p>\n<ul>\n<li style=\"text-align: justify;\"><strong>\u00c0 ce sujet \u2013\u00a0<a href=\"https:\/\/dicodusport.fr\/blog\/cyclisme-calendrier-et-resultats-coupe-de-france-2024\/\">R\u00e9sultats et calendrier Coupe de France de cyclisme 2024<\/a><\/strong><\/li>\n<li style=\"text-align: justify;\"><strong>\u00c0 ce sujet \u2013\u00a0<a href=\"https:\/\/dicodusport.fr\/blog\/cyclisme-classement-general-coupe-de-france-2024\/\">Cyclisme Coupe de France 2024 \u2013 Classement g\u00e9n\u00e9ral<\/a><\/strong><\/li>\n<\/ul>\n<p>&nbsp;<\/p>\n","protected":false},"excerpt":{"rendered":"<p>CLASSIC LOIRE-ATLANTIQUE 2024 &#8211; Le Fran\u00e7ais Paul Lapeira (Decathlon AG2R La Mondiale) l&#8217;emporte en solitaire apr\u00e8s s&rsquo;\u00eatre extirp\u00e9 d&rsquo;une \u00e9chapp\u00e9e de 11 coureurs.<\/p>\n","protected":false},"author":92,"featured_media":472447,"comment_status":"open","ping_status":"closed","sticky":false,"template":"","format":"standard","meta":{"_acf_changed":false,"_daextam_enable_autolinks":"1","footnotes":""},"categories":[46994],"tags":[16878,19621,36132,38425],"class_list":["post-472424","post","type-post","status-publish","format-standard","has-post-thumbnail","hentry","category-cyclisme-sur-route","tag-breve","tag-classic-loire-atlantique","tag-decathlon-ag2r-la-mondiale","tag-paul-lapeira"],"acf":[],"yoast_head":"<!-- This site is optimized with the Yoast SEO Premium plugin v26.7 (Yoast SEO v26.7) - https:\/\/yoast.com\/wordpress\/plugins\/seo\/ -->\n<title>Classic Loire-Atlantique 2024 : Victoire de Paul Lapeira (Decathlon Ag2r La Mondiale Team)<\/title>\n<meta name=\"description\" content=\"CLASSIC LOIRE-ATLANTIQUE 2024 - Le Fran\u00e7ais Paul Lapeira (Decathlon AG2R La Mondiale) l&#039;emporte en solitaire sur la Classic Loire-Atlantique.\" \/>\n<meta name=\"robots\" content=\"index, follow, max-snippet:-1, max-image-preview:large, max-video-preview:-1\" \/>\n<link rel=\"canonical\" href=\"https:\/\/dicodusport.fr\/blog\/classic-loire-atlantique-2024-victoire-de-paul-lapeira-decathlon-ag2r-la-mondiale-team\/\" \/>\n<meta property=\"og:locale\" content=\"fr_FR\" \/>\n<meta property=\"og:type\" content=\"article\" \/>\n<meta property=\"og:title\" content=\"Classic Loire-Atlantique 2024 : Victoire de Paul Lapeira (Decathlon Ag2r La Mondiale Team)\" \/>\n<meta property=\"og:description\" content=\"CLASSIC LOIRE-ATLANTIQUE 2024 - Le Fran\u00e7ais Paul Lapeira (Decathlon AG2R La Mondiale) l&#039;emporte en solitaire sur la Classic Loire-Atlantique.\" \/>\n<meta property=\"og:url\" content=\"https:\/\/dicodusport.fr\/blog\/classic-loire-atlantique-2024-victoire-de-paul-lapeira-decathlon-ag2r-la-mondiale-team\/\" \/>\n<meta property=\"og:site_name\" content=\"Dicodusport\" \/>\n<meta property=\"article:publisher\" content=\"https:\/\/www.facebook.com\/dicodusport\" \/>\n<meta property=\"article:published_time\" content=\"2024-03-16T16:09:47+00:00\" \/>\n<meta property=\"article:modified_time\" content=\"2024-03-16T16:41:10+00:00\" \/>\n<meta property=\"og:image\" content=\"https:\/\/dicodusport.fr\/blog\/wp-content\/uploads\/2024\/03\/Classic-Loire-Atlantique-2024-Victoire-de-Paul-Lapeira-Decathlon-Ag2R-La-Mondiale-1.png\" \/>\n\t<meta property=\"og:image:width\" content=\"1200\" \/>\n\t<meta property=\"og:image:height\" content=\"674\" \/>\n\t<meta property=\"og:image:type\" content=\"image\/png\" \/>\n<meta name=\"author\" content=\"Olivier Dobiezynski\" \/>\n<meta name=\"twitter:card\" content=\"summary_large_image\" \/>\n<meta name=\"twitter:title\" content=\"Classic Loire-Atlantique 2024 : Victoire de Paul Lapeira (Decathlon Ag2r La Mondiale Team)\" \/>\n<meta name=\"twitter:creator\" content=\"@https:\/\/x.com\/Olivier_Matros\" \/>\n<meta name=\"twitter:site\" content=\"@dicodusport\" \/>\n<script type=\"application\/ld+json\" class=\"yoast-schema-graph\">{\"@context\":\"https:\/\/schema.org\",\"@graph\":[{\"@type\":\"NewsArticle\",\"@id\":\"https:\/\/dicodusport.fr\/blog\/classic-loire-atlantique-2024-victoire-de-paul-lapeira-decathlon-ag2r-la-mondiale-team\/#article\",\"isPartOf\":{\"@id\":\"https:\/\/dicodusport.fr\/blog\/classic-loire-atlantique-2024-victoire-de-paul-lapeira-decathlon-ag2r-la-mondiale-team\/\"},\"author\":{\"name\":\"Olivier Dobiezynski\",\"@id\":\"https:\/\/dicodusport.fr\/blog\/#\/schema\/person\/fe500246414ca17ddf0c0312d7a792cc\"},\"headline\":\"Classic Loire-Atlantique 2024 : Victoire de Paul Lapeira (Decathlon Ag2r La Mondiale Team)\",\"datePublished\":\"2024-03-16T16:09:47+00:00\",\"dateModified\":\"2024-03-16T16:41:10+00:00\",\"mainEntityOfPage\":{\"@id\":\"https:\/\/dicodusport.fr\/blog\/classic-loire-atlantique-2024-victoire-de-paul-lapeira-decathlon-ag2r-la-mondiale-team\/\"},\"wordCount\":274,\"commentCount\":0,\"publisher\":{\"@id\":\"https:\/\/dicodusport.fr\/blog\/#organization\"},\"image\":{\"@id\":\"https:\/\/dicodusport.fr\/blog\/classic-loire-atlantique-2024-victoire-de-paul-lapeira-decathlon-ag2r-la-mondiale-team\/#primaryimage\"},\"thumbnailUrl\":\"https:\/\/dicodusport.fr\/blog\/wp-content\/uploads\/2024\/03\/Classic-Loire-Atlantique-2024-Victoire-de-Paul-Lapeira-Decathlon-Ag2R-La-Mondiale-1.png\",\"keywords\":[\"br\u00e8ve\",\"Classic Loire Atlantique\",\"Decathlon AG2R La mondiale\",\"Paul Lapeira\"],\"articleSection\":[\"Cyclisme sur route\"],\"inLanguage\":\"fr-FR\",\"potentialAction\":[{\"@type\":\"CommentAction\",\"name\":\"Comment\",\"target\":[\"https:\/\/dicodusport.fr\/blog\/classic-loire-atlantique-2024-victoire-de-paul-lapeira-decathlon-ag2r-la-mondiale-team\/#respond\"]}],\"copyrightYear\":\"2024\",\"copyrightHolder\":{\"@id\":\"https:\/\/dicodusport.fr\/blog\/#organization\"}},{\"@type\":\"WebPage\",\"@id\":\"https:\/\/dicodusport.fr\/blog\/classic-loire-atlantique-2024-victoire-de-paul-lapeira-decathlon-ag2r-la-mondiale-team\/\",\"url\":\"https:\/\/dicodusport.fr\/blog\/classic-loire-atlantique-2024-victoire-de-paul-lapeira-decathlon-ag2r-la-mondiale-team\/\",\"name\":\"Classic Loire-Atlantique 2024 : Victoire de Paul Lapeira (Decathlon Ag2r La Mondiale Team)\",\"isPartOf\":{\"@id\":\"https:\/\/dicodusport.fr\/blog\/#website\"},\"primaryImageOfPage\":{\"@id\":\"https:\/\/dicodusport.fr\/blog\/classic-loire-atlantique-2024-victoire-de-paul-lapeira-decathlon-ag2r-la-mondiale-team\/#primaryimage\"},\"image\":{\"@id\":\"https:\/\/dicodusport.fr\/blog\/classic-loire-atlantique-2024-victoire-de-paul-lapeira-decathlon-ag2r-la-mondiale-team\/#primaryimage\"},\"thumbnailUrl\":\"https:\/\/dicodusport.fr\/blog\/wp-content\/uploads\/2024\/03\/Classic-Loire-Atlantique-2024-Victoire-de-Paul-Lapeira-Decathlon-Ag2R-La-Mondiale-1.png\",\"datePublished\":\"2024-03-16T16:09:47+00:00\",\"dateModified\":\"2024-03-16T16:41:10+00:00\",\"description\":\"CLASSIC LOIRE-ATLANTIQUE 2024 - Le Fran\u00e7ais Paul Lapeira (Decathlon AG2R La Mondiale) l'emporte en solitaire sur la Classic Loire-Atlantique.\",\"breadcrumb\":{\"@id\":\"https:\/\/dicodusport.fr\/blog\/classic-loire-atlantique-2024-victoire-de-paul-lapeira-decathlon-ag2r-la-mondiale-team\/#breadcrumb\"},\"inLanguage\":\"fr-FR\",\"potentialAction\":[{\"@type\":\"ReadAction\",\"target\":[\"https:\/\/dicodusport.fr\/blog\/classic-loire-atlantique-2024-victoire-de-paul-lapeira-decathlon-ag2r-la-mondiale-team\/\"]}]},{\"@type\":\"ImageObject\",\"inLanguage\":\"fr-FR\",\"@id\":\"https:\/\/dicodusport.fr\/blog\/classic-loire-atlantique-2024-victoire-de-paul-lapeira-decathlon-ag2r-la-mondiale-team\/#primaryimage\",\"url\":\"https:\/\/dicodusport.fr\/blog\/wp-content\/uploads\/2024\/03\/Classic-Loire-Atlantique-2024-Victoire-de-Paul-Lapeira-Decathlon-Ag2R-La-Mondiale-1.png\",\"contentUrl\":\"https:\/\/dicodusport.fr\/blog\/wp-content\/uploads\/2024\/03\/Classic-Loire-Atlantique-2024-Victoire-de-Paul-Lapeira-Decathlon-Ag2R-La-Mondiale-1.png\",\"width\":1200,\"height\":674,\"caption\":\"Classement La Roue Tourangelle 2024\"},{\"@type\":\"BreadcrumbList\",\"@id\":\"https:\/\/dicodusport.fr\/blog\/classic-loire-atlantique-2024-victoire-de-paul-lapeira-decathlon-ag2r-la-mondiale-team\/#breadcrumb\",\"itemListElement\":[{\"@type\":\"ListItem\",\"position\":1,\"name\":\"Accueil\",\"item\":\"https:\/\/dicodusport.fr\/blog\/\"},{\"@type\":\"ListItem\",\"position\":2,\"name\":\"Classic Loire-Atlantique 2024 : Victoire de Paul Lapeira (Decathlon Ag2r La Mondiale Team)\"}]},{\"@type\":\"WebSite\",\"@id\":\"https:\/\/dicodusport.fr\/blog\/#website\",\"url\":\"https:\/\/dicodusport.fr\/blog\/\",\"name\":\"Dicodusport\",\"description\":\"L&#039;encyclop\u00e9die de l&#039;actualit\u00e9 sportive\",\"publisher\":{\"@id\":\"https:\/\/dicodusport.fr\/blog\/#organization\"},\"potentialAction\":[{\"@type\":\"SearchAction\",\"target\":{\"@type\":\"EntryPoint\",\"urlTemplate\":\"https:\/\/dicodusport.fr\/blog\/?s={search_term_string}\"},\"query-input\":{\"@type\":\"PropertyValueSpecification\",\"valueRequired\":true,\"valueName\":\"search_term_string\"}}],\"inLanguage\":\"fr-FR\"},{\"@type\":\"NewsMediaOrganization\",\"@id\":\"https:\/\/dicodusport.fr\/blog\/#organization\",\"name\":\"Dicodusport\",\"url\":\"https:\/\/dicodusport.fr\/blog\/\",\"logo\":{\"@type\":\"ImageObject\",\"inLanguage\":\"fr-FR\",\"@id\":\"https:\/\/dicodusport.fr\/blog\/#\/schema\/logo\/image\/\",\"url\":\"https:\/\/dicodusport.fr\/blog\/wp-content\/uploads\/2020\/06\/cropped-LOGO-DICODUSPORT-2020-SANS-FOND-SANS-TEXTE.png\",\"contentUrl\":\"https:\/\/dicodusport.fr\/blog\/wp-content\/uploads\/2020\/06\/cropped-LOGO-DICODUSPORT-2020-SANS-FOND-SANS-TEXTE.png\",\"width\":512,\"height\":512,\"caption\":\"Dicodusport\"},\"image\":{\"@id\":\"https:\/\/dicodusport.fr\/blog\/#\/schema\/logo\/image\/\"},\"sameAs\":[\"https:\/\/www.facebook.com\/dicodusport\",\"https:\/\/x.com\/dicodusport\",\"https:\/\/www.instagram.com\/dicodusport\/\",\"https:\/\/www.youtube.com\/channel\/UC7V2KZ5sd3htJivAbA4ZG3w\"],\"description\":\"Dicodusport est l'encyclop\u00e9die de l'actualit\u00e9 sportive.\",\"email\":\"bonjour@dicodusport.fr\",\"legalName\":\"DICODUSPORT\",\"foundingDate\":\"2018-01-14\",\"vatID\":\"FR71834470973\",\"taxID\":\"83447097300043\",\"numberOfEmployees\":{\"@type\":\"QuantitativeValue\",\"minValue\":\"1\",\"maxValue\":\"10\"}},{\"@type\":\"Person\",\"@id\":\"https:\/\/dicodusport.fr\/blog\/#\/schema\/person\/fe500246414ca17ddf0c0312d7a792cc\",\"name\":\"Olivier Dobiezynski\",\"image\":{\"@type\":\"ImageObject\",\"inLanguage\":\"fr-FR\",\"@id\":\"https:\/\/dicodusport.fr\/blog\/#\/schema\/person\/image\/\",\"url\":\"https:\/\/dicodusport.fr\/blog\/wp-content\/uploads\/2024\/09\/5be8fe8d-9962-4f1e-ad06-d6f9dee30e6d-150x150.jpg\",\"contentUrl\":\"https:\/\/dicodusport.fr\/blog\/wp-content\/uploads\/2024\/09\/5be8fe8d-9962-4f1e-ad06-d6f9dee30e6d-150x150.jpg\",\"caption\":\"Olivier Dobiezynski\"},\"description\":\"Depuis le milieu des ann\u00e9es 90, la passion du cyclisme m'anime. Mes h\u00e9ros s'appellent Luc Leblanc, Piotr Ugrumov, Paolo Savoldelli, Peter Sagan et bien \u00e9videmment Romain Bardet. R\u00e9dacteur depuis 2023, je suis ici pour partager cet amour de la Petite Reine. Vous pourrez me lire \u00e9galement sur du trail, du ski de fond et tout autre sujet susceptible d'\u00e9veiller ma curiosit\u00e9 sportive.\",\"sameAs\":[\"https:\/\/x.com\/https:\/\/x.com\/Olivier_Matros\"],\"url\":\"https:\/\/dicodusport.fr\/blog\/author\/olivier-gh\/\"}]}<\/script>\n<!-- \/ Yoast SEO Premium plugin. -->","yoast_head_json":{"title":"Classic Loire-Atlantique 2024 : Victoire de Paul Lapeira (Decathlon Ag2r La Mondiale Team)","description":"CLASSIC LOIRE-ATLANTIQUE 2024 - Le Fran\u00e7ais Paul Lapeira (Decathlon AG2R La Mondiale) l'emporte en solitaire sur la Classic Loire-Atlantique.","robots":{"index":"index","follow":"follow","max-snippet":"max-snippet:-1","max-image-preview":"max-image-preview:large","max-video-preview":"max-video-preview:-1"},"canonical":"https:\/\/dicodusport.fr\/blog\/classic-loire-atlantique-2024-victoire-de-paul-lapeira-decathlon-ag2r-la-mondiale-team\/","og_locale":"fr_FR","og_type":"article","og_title":"Classic Loire-Atlantique 2024 : Victoire de Paul Lapeira (Decathlon Ag2r La Mondiale Team)","og_description":"CLASSIC LOIRE-ATLANTIQUE 2024 - Le Fran\u00e7ais Paul Lapeira (Decathlon AG2R La Mondiale) l'emporte en solitaire sur la Classic Loire-Atlantique.","og_url":"https:\/\/dicodusport.fr\/blog\/classic-loire-atlantique-2024-victoire-de-paul-lapeira-decathlon-ag2r-la-mondiale-team\/","og_site_name":"Dicodusport","article_publisher":"https:\/\/www.facebook.com\/dicodusport","article_published_time":"2024-03-16T16:09:47+00:00","article_modified_time":"2024-03-16T16:41:10+00:00","og_image":[{"width":1200,"height":674,"url":"https:\/\/dicodusport.fr\/blog\/wp-content\/uploads\/2024\/03\/Classic-Loire-Atlantique-2024-Victoire-de-Paul-Lapeira-Decathlon-Ag2R-La-Mondiale-1.png","type":"image\/png"}],"author":"Olivier Dobiezynski","twitter_card":"summary_large_image","twitter_title":"Classic Loire-Atlantique 2024 : Victoire de Paul Lapeira (Decathlon Ag2r La Mondiale Team)","twitter_creator":"@https:\/\/x.com\/Olivier_Matros","twitter_site":"@dicodusport","schema":{"@context":"https:\/\/schema.org","@graph":[{"@type":"NewsArticle","@id":"https:\/\/dicodusport.fr\/blog\/classic-loire-atlantique-2024-victoire-de-paul-lapeira-decathlon-ag2r-la-mondiale-team\/#article","isPartOf":{"@id":"https:\/\/dicodusport.fr\/blog\/classic-loire-atlantique-2024-victoire-de-paul-lapeira-decathlon-ag2r-la-mondiale-team\/"},"author":{"name":"Olivier Dobiezynski","@id":"https:\/\/dicodusport.fr\/blog\/#\/schema\/person\/fe500246414ca17ddf0c0312d7a792cc"},"headline":"Classic Loire-Atlantique 2024 : Victoire de Paul Lapeira (Decathlon Ag2r La Mondiale Team)","datePublished":"2024-03-16T16:09:47+00:00","dateModified":"2024-03-16T16:41:10+00:00","mainEntityOfPage":{"@id":"https:\/\/dicodusport.fr\/blog\/classic-loire-atlantique-2024-victoire-de-paul-lapeira-decathlon-ag2r-la-mondiale-team\/"},"wordCount":274,"commentCount":0,"publisher":{"@id":"https:\/\/dicodusport.fr\/blog\/#organization"},"image":{"@id":"https:\/\/dicodusport.fr\/blog\/classic-loire-atlantique-2024-victoire-de-paul-lapeira-decathlon-ag2r-la-mondiale-team\/#primaryimage"},"thumbnailUrl":"https:\/\/dicodusport.fr\/blog\/wp-content\/uploads\/2024\/03\/Classic-Loire-Atlantique-2024-Victoire-de-Paul-Lapeira-Decathlon-Ag2R-La-Mondiale-1.png","keywords":["br\u00e8ve","Classic Loire Atlantique","Decathlon AG2R La mondiale","Paul Lapeira"],"articleSection":["Cyclisme sur route"],"inLanguage":"fr-FR","potentialAction":[{"@type":"CommentAction","name":"Comment","target":["https:\/\/dicodusport.fr\/blog\/classic-loire-atlantique-2024-victoire-de-paul-lapeira-decathlon-ag2r-la-mondiale-team\/#respond"]}],"copyrightYear":"2024","copyrightHolder":{"@id":"https:\/\/dicodusport.fr\/blog\/#organization"}},{"@type":"WebPage","@id":"https:\/\/dicodusport.fr\/blog\/classic-loire-atlantique-2024-victoire-de-paul-lapeira-decathlon-ag2r-la-mondiale-team\/","url":"https:\/\/dicodusport.fr\/blog\/classic-loire-atlantique-2024-victoire-de-paul-lapeira-decathlon-ag2r-la-mondiale-team\/","name":"Classic Loire-Atlantique 2024 : Victoire de Paul Lapeira (Decathlon Ag2r La Mondiale Team)","isPartOf":{"@id":"https:\/\/dicodusport.fr\/blog\/#website"},"primaryImageOfPage":{"@id":"https:\/\/dicodusport.fr\/blog\/classic-loire-atlantique-2024-victoire-de-paul-lapeira-decathlon-ag2r-la-mondiale-team\/#primaryimage"},"image":{"@id":"https:\/\/dicodusport.fr\/blog\/classic-loire-atlantique-2024-victoire-de-paul-lapeira-decathlon-ag2r-la-mondiale-team\/#primaryimage"},"thumbnailUrl":"https:\/\/dicodusport.fr\/blog\/wp-content\/uploads\/2024\/03\/Classic-Loire-Atlantique-2024-Victoire-de-Paul-Lapeira-Decathlon-Ag2R-La-Mondiale-1.png","datePublished":"2024-03-16T16:09:47+00:00","dateModified":"2024-03-16T16:41:10+00:00","description":"CLASSIC LOIRE-ATLANTIQUE 2024 - Le Fran\u00e7ais Paul Lapeira (Decathlon AG2R La Mondiale) l'emporte en solitaire sur la Classic Loire-Atlantique.","breadcrumb":{"@id":"https:\/\/dicodusport.fr\/blog\/classic-loire-atlantique-2024-victoire-de-paul-lapeira-decathlon-ag2r-la-mondiale-team\/#breadcrumb"},"inLanguage":"fr-FR","potentialAction":[{"@type":"ReadAction","target":["https:\/\/dicodusport.fr\/blog\/classic-loire-atlantique-2024-victoire-de-paul-lapeira-decathlon-ag2r-la-mondiale-team\/"]}]},{"@type":"ImageObject","inLanguage":"fr-FR","@id":"https:\/\/dicodusport.fr\/blog\/classic-loire-atlantique-2024-victoire-de-paul-lapeira-decathlon-ag2r-la-mondiale-team\/#primaryimage","url":"https:\/\/dicodusport.fr\/blog\/wp-content\/uploads\/2024\/03\/Classic-Loire-Atlantique-2024-Victoire-de-Paul-Lapeira-Decathlon-Ag2R-La-Mondiale-1.png","contentUrl":"https:\/\/dicodusport.fr\/blog\/wp-content\/uploads\/2024\/03\/Classic-Loire-Atlantique-2024-Victoire-de-Paul-Lapeira-Decathlon-Ag2R-La-Mondiale-1.png","width":1200,"height":674,"caption":"Classement La Roue Tourangelle 2024"},{"@type":"BreadcrumbList","@id":"https:\/\/dicodusport.fr\/blog\/classic-loire-atlantique-2024-victoire-de-paul-lapeira-decathlon-ag2r-la-mondiale-team\/#breadcrumb","itemListElement":[{"@type":"ListItem","position":1,"name":"Accueil","item":"https:\/\/dicodusport.fr\/blog\/"},{"@type":"ListItem","position":2,"name":"Classic Loire-Atlantique 2024 : Victoire de Paul Lapeira (Decathlon Ag2r La Mondiale Team)"}]},{"@type":"WebSite","@id":"https:\/\/dicodusport.fr\/blog\/#website","url":"https:\/\/dicodusport.fr\/blog\/","name":"Dicodusport","description":"L&#039;encyclop\u00e9die de l&#039;actualit\u00e9 sportive","publisher":{"@id":"https:\/\/dicodusport.fr\/blog\/#organization"},"potentialAction":[{"@type":"SearchAction","target":{"@type":"EntryPoint","urlTemplate":"https:\/\/dicodusport.fr\/blog\/?s={search_term_string}"},"query-input":{"@type":"PropertyValueSpecification","valueRequired":true,"valueName":"search_term_string"}}],"inLanguage":"fr-FR"},{"@type":"NewsMediaOrganization","@id":"https:\/\/dicodusport.fr\/blog\/#organization","name":"Dicodusport","url":"https:\/\/dicodusport.fr\/blog\/","logo":{"@type":"ImageObject","inLanguage":"fr-FR","@id":"https:\/\/dicodusport.fr\/blog\/#\/schema\/logo\/image\/","url":"https:\/\/dicodusport.fr\/blog\/wp-content\/uploads\/2020\/06\/cropped-LOGO-DICODUSPORT-2020-SANS-FOND-SANS-TEXTE.png","contentUrl":"https:\/\/dicodusport.fr\/blog\/wp-content\/uploads\/2020\/06\/cropped-LOGO-DICODUSPORT-2020-SANS-FOND-SANS-TEXTE.png","width":512,"height":512,"caption":"Dicodusport"},"image":{"@id":"https:\/\/dicodusport.fr\/blog\/#\/schema\/logo\/image\/"},"sameAs":["https:\/\/www.facebook.com\/dicodusport","https:\/\/x.com\/dicodusport","https:\/\/www.instagram.com\/dicodusport\/","https:\/\/www.youtube.com\/channel\/UC7V2KZ5sd3htJivAbA4ZG3w"],"description":"Dicodusport est l'encyclop\u00e9die de l'actualit\u00e9 sportive.","email":"bonjour@dicodusport.fr","legalName":"DICODUSPORT","foundingDate":"2018-01-14","vatID":"FR71834470973","taxID":"83447097300043","numberOfEmployees":{"@type":"QuantitativeValue","minValue":"1","maxValue":"10"}},{"@type":"Person","@id":"https:\/\/dicodusport.fr\/blog\/#\/schema\/person\/fe500246414ca17ddf0c0312d7a792cc","name":"Olivier Dobiezynski","image":{"@type":"ImageObject","inLanguage":"fr-FR","@id":"https:\/\/dicodusport.fr\/blog\/#\/schema\/person\/image\/","url":"https:\/\/dicodusport.fr\/blog\/wp-content\/uploads\/2024\/09\/5be8fe8d-9962-4f1e-ad06-d6f9dee30e6d-150x150.jpg","contentUrl":"https:\/\/dicodusport.fr\/blog\/wp-content\/uploads\/2024\/09\/5be8fe8d-9962-4f1e-ad06-d6f9dee30e6d-150x150.jpg","caption":"Olivier Dobiezynski"},"description":"Depuis le milieu des ann\u00e9es 90, la passion du cyclisme m'anime. Mes h\u00e9ros s'appellent Luc Leblanc, Piotr Ugrumov, Paolo Savoldelli, Peter Sagan et bien \u00e9videmment Romain Bardet. R\u00e9dacteur depuis 2023, je suis ici pour partager cet amour de la Petite Reine. Vous pourrez me lire \u00e9galement sur du trail, du ski de fond et tout autre sujet susceptible d'\u00e9veiller ma curiosit\u00e9 sportive.","sameAs":["https:\/\/x.com\/https:\/\/x.com\/Olivier_Matros"],"url":"https:\/\/dicodusport.fr\/blog\/author\/olivier-gh\/"}]}},"_links":{"self":[{"href":"https:\/\/dicodusport.fr\/blog\/wp-json\/wp\/v2\/posts\/472424","targetHints":{"allow":["GET"]}}],"collection":[{"href":"https:\/\/dicodusport.fr\/blog\/wp-json\/wp\/v2\/posts"}],"about":[{"href":"https:\/\/dicodusport.fr\/blog\/wp-json\/wp\/v2\/types\/post"}],"author":[{"embeddable":true,"href":"https:\/\/dicodusport.fr\/blog\/wp-json\/wp\/v2\/users\/92"}],"replies":[{"embeddable":true,"href":"https:\/\/dicodusport.fr\/blog\/wp-json\/wp\/v2\/comments?post=472424"}],"version-history":[{"count":5,"href":"https:\/\/dicodusport.fr\/blog\/wp-json\/wp\/v2\/posts\/472424\/revisions"}],"predecessor-version":[{"id":472477,"href":"https:\/\/dicodusport.fr\/blog\/wp-json\/wp\/v2\/posts\/472424\/revisions\/472477"}],"wp:featuredmedia":[{"embeddable":true,"href":"https:\/\/dicodusport.fr\/blog\/wp-json\/wp\/v2\/media\/472447"}],"wp:attachment":[{"href":"https:\/\/dicodusport.fr\/blog\/wp-json\/wp\/v2\/media?parent=472424"}],"wp:term":[{"taxonomy":"category","embeddable":true,"href":"https:\/\/dicodusport.fr\/blog\/wp-json\/wp\/v2\/categories?post=472424"},{"taxonomy":"post_tag","embeddable":true,"href":"https:\/\/dicodusport.fr\/blog\/wp-json\/wp\/v2\/tags?post=472424"}],"curies":[{"name":"wp","href":"https:\/\/api.w.org\/{rel}","templated":true}]}}