{"id":472672,"date":"2024-03-17T14:48:06","date_gmt":"2024-03-17T13:48:06","guid":{"rendered":"https:\/\/dicodusport.fr\/blog\/?p=472672&#038;preview=true&#038;preview_id=472672"},"modified":"2024-03-18T07:17:05","modified_gmt":"2024-03-18T06:17:05","slug":"championnats-de-france-de-marche-stey-moutard-bordier-les-resultats","status":"publish","type":"post","link":"https:\/\/dicodusport.fr\/blog\/championnats-de-france-de-marche-stey-moutard-bordier-les-resultats\/","title":{"rendered":"Championnats de France de marche : Stey, Moutard, Bordier, les r\u00e9sultats"},"content":{"rendered":"<p style=\"text-align: justify;\"><strong><em>ATHL\u00c9TISME &#8211; Pauline Stey et Camille Moutard ont explos\u00e9 leur record personnel sur 20 km marche. Sur la m\u00eame distance, Gabriel Bordier a survol\u00e9 les championnats de France de marche.<\/em><\/strong><\/p>\n<h2 style=\"text-align: justify;\">Pauline Stey et Camille Moutard supersoniques sur 20 kilom\u00e8tres marche<\/h2>\n<p style=\"text-align: justify;\">On parle, \u00e0 juste titre, d&rsquo;\u00e9mulation dans la marche f\u00e9minine. Cela s&rsquo;est v\u00e9rifi\u00e9 sur le 20 km marche, o\u00f9 <strong>Pauline Stey<\/strong> et <strong>Camille Moutard<\/strong> ne se sont pas quitt\u00e9es pour aller vers les hautes sph\u00e8res de leur discipline. Avant le mois de f\u00e9vrier 2024, aucune fran\u00e7aise n&rsquo;\u00e9tait pass\u00e9e sous les 1h30 sur la distance. <strong>Cl\u00e9mence Beretta<\/strong> avait ouvert la voie. Les deux fran\u00e7aises ont bien failli l&rsquo;imiter. Avec le titre pour <strong>Pauline Stey<\/strong>, en 1h30:10, dix secondes devant <strong>Camille Moutard.<\/strong> Toutes deux en dessous de l&rsquo;ancien record de France. Elles r\u00e9alisent l\u00e0, les deuxi\u00e8me et troisi\u00e8me performances fran\u00e7aises de tous les temps. Et se rapprochent grandement des minima olympiques (1h29:20). Mais, avec son titre, c&rsquo;est surtout <strong>Pauline Stey<\/strong> qui r\u00e9alise une grande op\u00e9ration s&rsquo;ouvrant les portes du ranking. Un titre lui permet de se qualifier si elle est dans les 32 \u00e0 trois par pays, contre 24 dans le cas contraire.<\/p>\n<p style=\"text-align: justify;\">Elles \u00e9taient les grandes favorites de la course, en l&rsquo;absence de <strong>Cl\u00e9mence Beretta,<\/strong> qui s&rsquo;est d\u00e9j\u00e0 acquitt\u00e9e des minima, sur la distance (1h28:44). <strong>Pauline Stey<\/strong> et <strong>Camille Moutard<\/strong> se sont d\u00e9gag\u00e9es d&rsquo;entr\u00e9e de jeu, pour faire course commune. Un d\u00e9part en 22:39 apr\u00e8s 5 kilom\u00e8tres, puis les deux femmes, m\u00e9daill\u00e9es europ\u00e9ennes chez les espoirs l&rsquo;an pass\u00e9, ont acc\u00e9l\u00e9r\u00e9. Pour passer \u00e0 la mi-course en 45:06. Largement sur les bases de leur record personnel.<\/p>\n<p style=\"text-align: justify;\">Des bases toujours impressionnantes apr\u00e8s deux tiers de course. Avant un l\u00e9ger fl\u00e9chissement et des kilom\u00e8tres en 4:32 et 4:33 au 15e kilom\u00e8tre. N\u00e9anmoins, toujours sur des bases solides. Et tr\u00e8s propres, car les kilom\u00e8tres d\u00e9filant, elles ne prennent pas de demande de disqualification. \u00c0 1 300 m\u00e8tres de la ligne, la d\u00e9cision se fait ! <strong>Pauline Stey<\/strong> acc\u00e9l\u00e8re tandis que <strong>Camille Moutard<\/strong> est victime de petits p\u00e9pins physiques et doit laisser filer son adversaire, qui a elle acc\u00e9l\u00e9r\u00e9, avec un avant-dernier kilom\u00e8tre en 4:28. Mais elle a r\u00e9ussi \u00e0 tamponner dans le dernier kilom\u00e8tre, que les deux femmes ont boucl\u00e9 de fa\u00e7on supersonique.<strong> Ma\u00eble Bir\u00e9-Heslouis<\/strong> prend la 3e place en 1h36:07 et a r\u00e9sist\u00e9 pour onze secondes \u00e0<strong> Ana Delahaie<\/strong>.<\/p>\n<blockquote class=\"twitter-tweet\">\n<p dir=\"ltr\" lang=\"fr\">Quelle course ! \ud83d\ude33<\/p>\n<p>\ud83c\udde8\ud83c\uddf5 Pauline Stey est sacr\u00e9e championne de France du 20 km marche en 1h30&rsquo;10 (ancien 1h31&rsquo;17), deuxi\u00e8me performeuse nationale de l&rsquo;histoire et record de la comp\u00e9tition \u00e0 Fontenay-le-Comte \ud83d\udcaa<\/p>\n<p>\ud83d\udcbb Suivez les <a href=\"https:\/\/twitter.com\/hashtag\/CFAthl%C3%A9?src=hash&amp;ref_src=twsrc%5Etfw\">#CFAthl\u00e9<\/a> en \ud835\uddd7\ud835\udddc\ud835\udde5\ud835\uddd8\ud835\uddd6\ud835\udde7 sur <a href=\"https:\/\/t.co\/xgXE6U6Tof\">https:\/\/t.co\/xgXE6U6Tof<\/a> <a href=\"https:\/\/t.co\/Iy4y1FxJwd\">pic.twitter.com\/Iy4y1FxJwd<\/a><\/p>\n<p>\u2014 FFAthl\u00e9tisme (@FFAthletisme) <a href=\"https:\/\/twitter.com\/FFAthletisme\/status\/1769309263577366772?ref_src=twsrc%5Etfw\">March 17, 2024<\/a><\/p><\/blockquote>\n<p><script async src=\"https:\/\/platform.twitter.com\/widgets.js\" charset=\"utf-8\"><\/script><\/p>\n<h2 style=\"text-align: justify;\">Gabriel Bordier survole la course hommes<\/h2>\n<p style=\"text-align: justify;\"><strong>Gabriel Bordier<\/strong> est impressionnant. Sans v\u00e9ritablement s&#8217;employer aujourd&rsquo;hui, le 10e des championnats du monde \u00e0 Budapest, a r\u00e9alis\u00e9 une vraie d\u00e9monstration. Creusant des gros \u00e9carts. Apr\u00e8s un d\u00e9part prudent, sur les trois ou quatre premiers kilom\u00e8tres, il a pass\u00e9 la surmultipli\u00e9e. Et m\u00eame si la fin de course a \u00e9t\u00e9 plus compliqu\u00e9e, il boucle sa course en 1h20:12. Celui qui a d\u00e9j\u00e0 r\u00e9alis\u00e9 les minima olympiques a pu jauger de son niveau de forme. Rapidement en difficult\u00e9, par rapport \u00e0 son niveau habituel, <strong>K\u00e9vin Campion<\/strong> sauve l&rsquo;essentiel en 1h23:32. Sauvant l&rsquo;argent de neuf secondes face \u00e0 <strong>Matteo Duc<\/strong>, qui explose son record personnel de pr\u00e8s de 1h30.<\/p>\n<h2 style=\"text-align: justify;\">Record de France du 35 km marche femmes<\/h2>\n<p style=\"text-align: justify;\">C&rsquo;est encore une jeune discipline, malheureusement, qui ne sera pas olympique. Mais <strong>Caroline Osmont<\/strong> s&rsquo;ajoute \u00e0 la liste d\u00e9j\u00e0 fournie des athl\u00e8tes ayant battu un record de France. C&rsquo;\u00e9tait sur le 35 kilom\u00e8tres marche, qui a ouvert ce crit\u00e9rium national. Une course aval\u00e9e en 3h07:22. Soit pr\u00e8s de quatre minutes de mieux que l&rsquo;ancien record national. Pour survoler l&rsquo;\u00e9preuve. <strong>Bertille Perslerbe<\/strong> prend la 2e place en 3h12:55.<\/p>\n<p style=\"text-align: justify;\"><strong>Kylian Lebreton<\/strong> est sacr\u00e9 champion de France du 35 km marche en 2h58:54. Il a r\u00e9sist\u00e9 pour huit secondes, apr\u00e8s une fin de course tr\u00e8s compliqu\u00e9e, \u00e0 Roland Landron. Alors que C\u00f4me Martin, victime de soucis \u00e0 la mi-course, a trouv\u00e9 les ressources pour terminer en 2h59:54<\/p>\n<p style=\"text-align: justify;\">Chez les jeunes, le 5 km cadets a \u00e9t\u00e9 remport\u00e9 par <strong>Cl\u00e9ment Rabreau<\/strong> qui a \u00e9cras\u00e9 la course en 22:06. Alors que <strong>Julia Lebeau<\/strong> s&rsquo;impose en 25:02. Chez les juniors, c&rsquo;est <strong>Anthony Peter<\/strong> qui s&rsquo;impose, en 47:58. Ceci dit, les meilleurs jeunes \u00e9taient pr\u00e9serv\u00e9s pour les \u00e9ch\u00e9ances internationales.<\/p>\n","protected":false},"excerpt":{"rendered":"<p>ATHL\u00c9TISME &#8211; Pauline Stey et Camille Moutard ont explos\u00e9 leur record personnel sur 20 km marche. Sur la m\u00eame distance, Gabriel Bordier a survol\u00e9 les championnats de France de marche.<\/p>\n","protected":false},"author":83,"featured_media":472758,"comment_status":"open","ping_status":"closed","sticky":false,"template":"","format":"standard","meta":{"_acf_changed":false,"_daextam_enable_autolinks":"1","footnotes":""},"categories":[2308],"tags":[143,10976,16878,31431,33623,17905],"class_list":["post-472672","post","type-post","status-publish","format-standard","has-post-thumbnail","hentry","category-athletisme","tag-athletisme","tag-athletisme-francais","tag-breve","tag-camille-moutard","tag-gabriel-bordier","tag-pauline-stey"],"acf":[],"yoast_head":"<!-- This site is optimized with the Yoast SEO Premium plugin v26.7 (Yoast SEO v26.7) - https:\/\/yoast.com\/wordpress\/plugins\/seo\/ -->\n<title>Championnats de France de marche : Stey, Moutard, Bordier, les r\u00e9sultats<\/title>\n<meta name=\"description\" content=\"Pauline Stey et Camille Moutard ont explos\u00e9 leur record personnel sur 20 km marche. Sur la m\u00eame distance, Gabriel Bordier a survol\u00e9 les championnats de France de marche.\" \/>\n<meta name=\"robots\" content=\"index, follow, max-snippet:-1, max-image-preview:large, max-video-preview:-1\" \/>\n<link rel=\"canonical\" href=\"https:\/\/dicodusport.fr\/blog\/championnats-de-france-de-marche-stey-moutard-bordier-les-resultats\/\" \/>\n<meta property=\"og:locale\" content=\"fr_FR\" \/>\n<meta property=\"og:type\" content=\"article\" \/>\n<meta property=\"og:title\" content=\"Championnats de France de marche : Stey, Moutard, Bordier, les r\u00e9sultats\" \/>\n<meta property=\"og:description\" content=\"Pauline Stey et Camille Moutard ont explos\u00e9 leur record personnel sur 20 km marche. Sur la m\u00eame distance, Gabriel Bordier a survol\u00e9 les championnats de France de marche.\" \/>\n<meta property=\"og:url\" content=\"https:\/\/dicodusport.fr\/blog\/championnats-de-france-de-marche-stey-moutard-bordier-les-resultats\/\" \/>\n<meta property=\"og:site_name\" content=\"Dicodusport\" \/>\n<meta property=\"article:publisher\" content=\"https:\/\/www.facebook.com\/dicodusport\" \/>\n<meta property=\"article:published_time\" content=\"2024-03-17T13:48:06+00:00\" \/>\n<meta property=\"article:modified_time\" content=\"2024-03-18T06:17:05+00:00\" \/>\n<meta property=\"og:image\" content=\"https:\/\/dicodusport.fr\/blog\/wp-content\/uploads\/2024\/03\/Championnats-de-France-de-marche-Stey-Moutard-Bordier-les-resultats.png\" \/>\n\t<meta property=\"og:image:width\" content=\"1200\" \/>\n\t<meta property=\"og:image:height\" content=\"674\" \/>\n\t<meta property=\"og:image:type\" content=\"image\/png\" \/>\n<meta name=\"author\" content=\"Etienne Goursaud\" \/>\n<meta name=\"twitter:card\" content=\"summary_large_image\" \/>\n<meta name=\"twitter:title\" content=\"Championnats de France de marche : Stey, Moutard, Bordier, les r\u00e9sultats\" \/>\n<meta name=\"twitter:creator\" content=\"@dicodusport\" \/>\n<meta name=\"twitter:site\" content=\"@dicodusport\" \/>\n<script type=\"application\/ld+json\" class=\"yoast-schema-graph\">{\"@context\":\"https:\/\/schema.org\",\"@graph\":[{\"@type\":\"NewsArticle\",\"@id\":\"https:\/\/dicodusport.fr\/blog\/championnats-de-france-de-marche-stey-moutard-bordier-les-resultats\/#article\",\"isPartOf\":{\"@id\":\"https:\/\/dicodusport.fr\/blog\/championnats-de-france-de-marche-stey-moutard-bordier-les-resultats\/\"},\"author\":{\"name\":\"Etienne Goursaud\",\"@id\":\"https:\/\/dicodusport.fr\/blog\/#\/schema\/person\/d603dd7da31fb2b46c82b9835a77ec13\"},\"headline\":\"Championnats de France de marche : Stey, Moutard, Bordier, les r\u00e9sultats\",\"datePublished\":\"2024-03-17T13:48:06+00:00\",\"dateModified\":\"2024-03-18T06:17:05+00:00\",\"mainEntityOfPage\":{\"@id\":\"https:\/\/dicodusport.fr\/blog\/championnats-de-france-de-marche-stey-moutard-bordier-les-resultats\/\"},\"wordCount\":803,\"commentCount\":0,\"publisher\":{\"@id\":\"https:\/\/dicodusport.fr\/blog\/#organization\"},\"image\":{\"@id\":\"https:\/\/dicodusport.fr\/blog\/championnats-de-france-de-marche-stey-moutard-bordier-les-resultats\/#primaryimage\"},\"thumbnailUrl\":\"https:\/\/dicodusport.fr\/blog\/wp-content\/uploads\/2024\/03\/Championnats-de-France-de-marche-Stey-Moutard-Bordier-les-resultats.png\",\"keywords\":[\"Athl\u00e9tisme\",\"Athl\u00e9tisme fran\u00e7ais\",\"br\u00e8ve\",\"Camille Moutard\",\"Gabriel Bordier\",\"Pauline Stey\"],\"articleSection\":[\"Athl\u00e9tisme\"],\"inLanguage\":\"fr-FR\",\"potentialAction\":[{\"@type\":\"CommentAction\",\"name\":\"Comment\",\"target\":[\"https:\/\/dicodusport.fr\/blog\/championnats-de-france-de-marche-stey-moutard-bordier-les-resultats\/#respond\"]}],\"copyrightYear\":\"2024\",\"copyrightHolder\":{\"@id\":\"https:\/\/dicodusport.fr\/blog\/#organization\"}},{\"@type\":\"WebPage\",\"@id\":\"https:\/\/dicodusport.fr\/blog\/championnats-de-france-de-marche-stey-moutard-bordier-les-resultats\/\",\"url\":\"https:\/\/dicodusport.fr\/blog\/championnats-de-france-de-marche-stey-moutard-bordier-les-resultats\/\",\"name\":\"Championnats de France de marche : Stey, Moutard, Bordier, les r\u00e9sultats\",\"isPartOf\":{\"@id\":\"https:\/\/dicodusport.fr\/blog\/#website\"},\"primaryImageOfPage\":{\"@id\":\"https:\/\/dicodusport.fr\/blog\/championnats-de-france-de-marche-stey-moutard-bordier-les-resultats\/#primaryimage\"},\"image\":{\"@id\":\"https:\/\/dicodusport.fr\/blog\/championnats-de-france-de-marche-stey-moutard-bordier-les-resultats\/#primaryimage\"},\"thumbnailUrl\":\"https:\/\/dicodusport.fr\/blog\/wp-content\/uploads\/2024\/03\/Championnats-de-France-de-marche-Stey-Moutard-Bordier-les-resultats.png\",\"datePublished\":\"2024-03-17T13:48:06+00:00\",\"dateModified\":\"2024-03-18T06:17:05+00:00\",\"description\":\"Pauline Stey et Camille Moutard ont explos\u00e9 leur record personnel sur 20 km marche. Sur la m\u00eame distance, Gabriel Bordier a survol\u00e9 les championnats de France de marche.\",\"breadcrumb\":{\"@id\":\"https:\/\/dicodusport.fr\/blog\/championnats-de-france-de-marche-stey-moutard-bordier-les-resultats\/#breadcrumb\"},\"inLanguage\":\"fr-FR\",\"potentialAction\":[{\"@type\":\"ReadAction\",\"target\":[\"https:\/\/dicodusport.fr\/blog\/championnats-de-france-de-marche-stey-moutard-bordier-les-resultats\/\"]}]},{\"@type\":\"ImageObject\",\"inLanguage\":\"fr-FR\",\"@id\":\"https:\/\/dicodusport.fr\/blog\/championnats-de-france-de-marche-stey-moutard-bordier-les-resultats\/#primaryimage\",\"url\":\"https:\/\/dicodusport.fr\/blog\/wp-content\/uploads\/2024\/03\/Championnats-de-France-de-marche-Stey-Moutard-Bordier-les-resultats.png\",\"contentUrl\":\"https:\/\/dicodusport.fr\/blog\/wp-content\/uploads\/2024\/03\/Championnats-de-France-de-marche-Stey-Moutard-Bordier-les-resultats.png\",\"width\":1200,\"height\":674,\"caption\":\"Championnats de France de marche : Stey, Moutard, Bordier, les r\u00e9sultats\"},{\"@type\":\"BreadcrumbList\",\"@id\":\"https:\/\/dicodusport.fr\/blog\/championnats-de-france-de-marche-stey-moutard-bordier-les-resultats\/#breadcrumb\",\"itemListElement\":[{\"@type\":\"ListItem\",\"position\":1,\"name\":\"Accueil\",\"item\":\"https:\/\/dicodusport.fr\/blog\/\"},{\"@type\":\"ListItem\",\"position\":2,\"name\":\"Championnats de France de marche : Stey, Moutard, Bordier, les r\u00e9sultats\"}]},{\"@type\":\"WebSite\",\"@id\":\"https:\/\/dicodusport.fr\/blog\/#website\",\"url\":\"https:\/\/dicodusport.fr\/blog\/\",\"name\":\"Dicodusport\",\"description\":\"L&#039;encyclop\u00e9die de l&#039;actualit\u00e9 sportive\",\"publisher\":{\"@id\":\"https:\/\/dicodusport.fr\/blog\/#organization\"},\"potentialAction\":[{\"@type\":\"SearchAction\",\"target\":{\"@type\":\"EntryPoint\",\"urlTemplate\":\"https:\/\/dicodusport.fr\/blog\/?s={search_term_string}\"},\"query-input\":{\"@type\":\"PropertyValueSpecification\",\"valueRequired\":true,\"valueName\":\"search_term_string\"}}],\"inLanguage\":\"fr-FR\"},{\"@type\":\"NewsMediaOrganization\",\"@id\":\"https:\/\/dicodusport.fr\/blog\/#organization\",\"name\":\"Dicodusport\",\"url\":\"https:\/\/dicodusport.fr\/blog\/\",\"logo\":{\"@type\":\"ImageObject\",\"inLanguage\":\"fr-FR\",\"@id\":\"https:\/\/dicodusport.fr\/blog\/#\/schema\/logo\/image\/\",\"url\":\"https:\/\/dicodusport.fr\/blog\/wp-content\/uploads\/2020\/06\/cropped-LOGO-DICODUSPORT-2020-SANS-FOND-SANS-TEXTE.png\",\"contentUrl\":\"https:\/\/dicodusport.fr\/blog\/wp-content\/uploads\/2020\/06\/cropped-LOGO-DICODUSPORT-2020-SANS-FOND-SANS-TEXTE.png\",\"width\":512,\"height\":512,\"caption\":\"Dicodusport\"},\"image\":{\"@id\":\"https:\/\/dicodusport.fr\/blog\/#\/schema\/logo\/image\/\"},\"sameAs\":[\"https:\/\/www.facebook.com\/dicodusport\",\"https:\/\/x.com\/dicodusport\",\"https:\/\/www.instagram.com\/dicodusport\/\",\"https:\/\/www.youtube.com\/channel\/UC7V2KZ5sd3htJivAbA4ZG3w\"],\"description\":\"Dicodusport est l'encyclop\u00e9die de l'actualit\u00e9 sportive.\",\"email\":\"bonjour@dicodusport.fr\",\"legalName\":\"DICODUSPORT\",\"foundingDate\":\"2018-01-14\",\"vatID\":\"FR71834470973\",\"taxID\":\"83447097300043\",\"numberOfEmployees\":{\"@type\":\"QuantitativeValue\",\"minValue\":\"1\",\"maxValue\":\"10\"}},{\"@type\":\"Person\",\"@id\":\"https:\/\/dicodusport.fr\/blog\/#\/schema\/person\/d603dd7da31fb2b46c82b9835a77ec13\",\"name\":\"Etienne Goursaud\",\"image\":{\"@type\":\"ImageObject\",\"inLanguage\":\"fr-FR\",\"@id\":\"https:\/\/dicodusport.fr\/blog\/#\/schema\/person\/image\/\",\"url\":\"https:\/\/dicodusport.fr\/blog\/wp-content\/uploads\/2023\/12\/410122264_10231602061736049_5565839791558026645_n-150x150.jpg\",\"contentUrl\":\"https:\/\/dicodusport.fr\/blog\/wp-content\/uploads\/2023\/12\/410122264_10231602061736049_5565839791558026645_n-150x150.jpg\",\"caption\":\"Etienne Goursaud\"},\"description\":\"Journaliste et amoureux de sport. Ancien footballeur reconverti athl\u00e8te quand ses muscles le laissent tranquille. \u00c9lev\u00e9 \u00e0 la sauce des exploits de Thomas Voeckler en 2004, du dernier essai de l\u00e9gende de Eunice Barber \u00e0 la longueur lors des championnats du monde d'athl\u00e9tisme de 2003 mais aussi Zidane, Omeyer et Titou Lamaison.\",\"url\":\"https:\/\/dicodusport.fr\/blog\/author\/etienne-goursaud\/\"}]}<\/script>\n<!-- \/ Yoast SEO Premium plugin. -->","yoast_head_json":{"title":"Championnats de France de marche : Stey, Moutard, Bordier, les r\u00e9sultats","description":"Pauline Stey et Camille Moutard ont explos\u00e9 leur record personnel sur 20 km marche. Sur la m\u00eame distance, Gabriel Bordier a survol\u00e9 les championnats de France de marche.","robots":{"index":"index","follow":"follow","max-snippet":"max-snippet:-1","max-image-preview":"max-image-preview:large","max-video-preview":"max-video-preview:-1"},"canonical":"https:\/\/dicodusport.fr\/blog\/championnats-de-france-de-marche-stey-moutard-bordier-les-resultats\/","og_locale":"fr_FR","og_type":"article","og_title":"Championnats de France de marche : Stey, Moutard, Bordier, les r\u00e9sultats","og_description":"Pauline Stey et Camille Moutard ont explos\u00e9 leur record personnel sur 20 km marche. Sur la m\u00eame distance, Gabriel Bordier a survol\u00e9 les championnats de France de marche.","og_url":"https:\/\/dicodusport.fr\/blog\/championnats-de-france-de-marche-stey-moutard-bordier-les-resultats\/","og_site_name":"Dicodusport","article_publisher":"https:\/\/www.facebook.com\/dicodusport","article_published_time":"2024-03-17T13:48:06+00:00","article_modified_time":"2024-03-18T06:17:05+00:00","og_image":[{"width":1200,"height":674,"url":"https:\/\/dicodusport.fr\/blog\/wp-content\/uploads\/2024\/03\/Championnats-de-France-de-marche-Stey-Moutard-Bordier-les-resultats.png","type":"image\/png"}],"author":"Etienne Goursaud","twitter_card":"summary_large_image","twitter_title":"Championnats de France de marche : Stey, Moutard, Bordier, les r\u00e9sultats","twitter_creator":"@dicodusport","twitter_site":"@dicodusport","schema":{"@context":"https:\/\/schema.org","@graph":[{"@type":"NewsArticle","@id":"https:\/\/dicodusport.fr\/blog\/championnats-de-france-de-marche-stey-moutard-bordier-les-resultats\/#article","isPartOf":{"@id":"https:\/\/dicodusport.fr\/blog\/championnats-de-france-de-marche-stey-moutard-bordier-les-resultats\/"},"author":{"name":"Etienne Goursaud","@id":"https:\/\/dicodusport.fr\/blog\/#\/schema\/person\/d603dd7da31fb2b46c82b9835a77ec13"},"headline":"Championnats de France de marche : Stey, Moutard, Bordier, les r\u00e9sultats","datePublished":"2024-03-17T13:48:06+00:00","dateModified":"2024-03-18T06:17:05+00:00","mainEntityOfPage":{"@id":"https:\/\/dicodusport.fr\/blog\/championnats-de-france-de-marche-stey-moutard-bordier-les-resultats\/"},"wordCount":803,"commentCount":0,"publisher":{"@id":"https:\/\/dicodusport.fr\/blog\/#organization"},"image":{"@id":"https:\/\/dicodusport.fr\/blog\/championnats-de-france-de-marche-stey-moutard-bordier-les-resultats\/#primaryimage"},"thumbnailUrl":"https:\/\/dicodusport.fr\/blog\/wp-content\/uploads\/2024\/03\/Championnats-de-France-de-marche-Stey-Moutard-Bordier-les-resultats.png","keywords":["Athl\u00e9tisme","Athl\u00e9tisme fran\u00e7ais","br\u00e8ve","Camille Moutard","Gabriel Bordier","Pauline Stey"],"articleSection":["Athl\u00e9tisme"],"inLanguage":"fr-FR","potentialAction":[{"@type":"CommentAction","name":"Comment","target":["https:\/\/dicodusport.fr\/blog\/championnats-de-france-de-marche-stey-moutard-bordier-les-resultats\/#respond"]}],"copyrightYear":"2024","copyrightHolder":{"@id":"https:\/\/dicodusport.fr\/blog\/#organization"}},{"@type":"WebPage","@id":"https:\/\/dicodusport.fr\/blog\/championnats-de-france-de-marche-stey-moutard-bordier-les-resultats\/","url":"https:\/\/dicodusport.fr\/blog\/championnats-de-france-de-marche-stey-moutard-bordier-les-resultats\/","name":"Championnats de France de marche : Stey, Moutard, Bordier, les r\u00e9sultats","isPartOf":{"@id":"https:\/\/dicodusport.fr\/blog\/#website"},"primaryImageOfPage":{"@id":"https:\/\/dicodusport.fr\/blog\/championnats-de-france-de-marche-stey-moutard-bordier-les-resultats\/#primaryimage"},"image":{"@id":"https:\/\/dicodusport.fr\/blog\/championnats-de-france-de-marche-stey-moutard-bordier-les-resultats\/#primaryimage"},"thumbnailUrl":"https:\/\/dicodusport.fr\/blog\/wp-content\/uploads\/2024\/03\/Championnats-de-France-de-marche-Stey-Moutard-Bordier-les-resultats.png","datePublished":"2024-03-17T13:48:06+00:00","dateModified":"2024-03-18T06:17:05+00:00","description":"Pauline Stey et Camille Moutard ont explos\u00e9 leur record personnel sur 20 km marche. Sur la m\u00eame distance, Gabriel Bordier a survol\u00e9 les championnats de France de marche.","breadcrumb":{"@id":"https:\/\/dicodusport.fr\/blog\/championnats-de-france-de-marche-stey-moutard-bordier-les-resultats\/#breadcrumb"},"inLanguage":"fr-FR","potentialAction":[{"@type":"ReadAction","target":["https:\/\/dicodusport.fr\/blog\/championnats-de-france-de-marche-stey-moutard-bordier-les-resultats\/"]}]},{"@type":"ImageObject","inLanguage":"fr-FR","@id":"https:\/\/dicodusport.fr\/blog\/championnats-de-france-de-marche-stey-moutard-bordier-les-resultats\/#primaryimage","url":"https:\/\/dicodusport.fr\/blog\/wp-content\/uploads\/2024\/03\/Championnats-de-France-de-marche-Stey-Moutard-Bordier-les-resultats.png","contentUrl":"https:\/\/dicodusport.fr\/blog\/wp-content\/uploads\/2024\/03\/Championnats-de-France-de-marche-Stey-Moutard-Bordier-les-resultats.png","width":1200,"height":674,"caption":"Championnats de France de marche : Stey, Moutard, Bordier, les r\u00e9sultats"},{"@type":"BreadcrumbList","@id":"https:\/\/dicodusport.fr\/blog\/championnats-de-france-de-marche-stey-moutard-bordier-les-resultats\/#breadcrumb","itemListElement":[{"@type":"ListItem","position":1,"name":"Accueil","item":"https:\/\/dicodusport.fr\/blog\/"},{"@type":"ListItem","position":2,"name":"Championnats de France de marche : Stey, Moutard, Bordier, les r\u00e9sultats"}]},{"@type":"WebSite","@id":"https:\/\/dicodusport.fr\/blog\/#website","url":"https:\/\/dicodusport.fr\/blog\/","name":"Dicodusport","description":"L&#039;encyclop\u00e9die de l&#039;actualit\u00e9 sportive","publisher":{"@id":"https:\/\/dicodusport.fr\/blog\/#organization"},"potentialAction":[{"@type":"SearchAction","target":{"@type":"EntryPoint","urlTemplate":"https:\/\/dicodusport.fr\/blog\/?s={search_term_string}"},"query-input":{"@type":"PropertyValueSpecification","valueRequired":true,"valueName":"search_term_string"}}],"inLanguage":"fr-FR"},{"@type":"NewsMediaOrganization","@id":"https:\/\/dicodusport.fr\/blog\/#organization","name":"Dicodusport","url":"https:\/\/dicodusport.fr\/blog\/","logo":{"@type":"ImageObject","inLanguage":"fr-FR","@id":"https:\/\/dicodusport.fr\/blog\/#\/schema\/logo\/image\/","url":"https:\/\/dicodusport.fr\/blog\/wp-content\/uploads\/2020\/06\/cropped-LOGO-DICODUSPORT-2020-SANS-FOND-SANS-TEXTE.png","contentUrl":"https:\/\/dicodusport.fr\/blog\/wp-content\/uploads\/2020\/06\/cropped-LOGO-DICODUSPORT-2020-SANS-FOND-SANS-TEXTE.png","width":512,"height":512,"caption":"Dicodusport"},"image":{"@id":"https:\/\/dicodusport.fr\/blog\/#\/schema\/logo\/image\/"},"sameAs":["https:\/\/www.facebook.com\/dicodusport","https:\/\/x.com\/dicodusport","https:\/\/www.instagram.com\/dicodusport\/","https:\/\/www.youtube.com\/channel\/UC7V2KZ5sd3htJivAbA4ZG3w"],"description":"Dicodusport est l'encyclop\u00e9die de l'actualit\u00e9 sportive.","email":"bonjour@dicodusport.fr","legalName":"DICODUSPORT","foundingDate":"2018-01-14","vatID":"FR71834470973","taxID":"83447097300043","numberOfEmployees":{"@type":"QuantitativeValue","minValue":"1","maxValue":"10"}},{"@type":"Person","@id":"https:\/\/dicodusport.fr\/blog\/#\/schema\/person\/d603dd7da31fb2b46c82b9835a77ec13","name":"Etienne Goursaud","image":{"@type":"ImageObject","inLanguage":"fr-FR","@id":"https:\/\/dicodusport.fr\/blog\/#\/schema\/person\/image\/","url":"https:\/\/dicodusport.fr\/blog\/wp-content\/uploads\/2023\/12\/410122264_10231602061736049_5565839791558026645_n-150x150.jpg","contentUrl":"https:\/\/dicodusport.fr\/blog\/wp-content\/uploads\/2023\/12\/410122264_10231602061736049_5565839791558026645_n-150x150.jpg","caption":"Etienne Goursaud"},"description":"Journaliste et amoureux de sport. Ancien footballeur reconverti athl\u00e8te quand ses muscles le laissent tranquille. \u00c9lev\u00e9 \u00e0 la sauce des exploits de Thomas Voeckler en 2004, du dernier essai de l\u00e9gende de Eunice Barber \u00e0 la longueur lors des championnats du monde d'athl\u00e9tisme de 2003 mais aussi Zidane, Omeyer et Titou Lamaison.","url":"https:\/\/dicodusport.fr\/blog\/author\/etienne-goursaud\/"}]}},"_links":{"self":[{"href":"https:\/\/dicodusport.fr\/blog\/wp-json\/wp\/v2\/posts\/472672","targetHints":{"allow":["GET"]}}],"collection":[{"href":"https:\/\/dicodusport.fr\/blog\/wp-json\/wp\/v2\/posts"}],"about":[{"href":"https:\/\/dicodusport.fr\/blog\/wp-json\/wp\/v2\/types\/post"}],"author":[{"embeddable":true,"href":"https:\/\/dicodusport.fr\/blog\/wp-json\/wp\/v2\/users\/83"}],"replies":[{"embeddable":true,"href":"https:\/\/dicodusport.fr\/blog\/wp-json\/wp\/v2\/comments?post=472672"}],"version-history":[{"count":5,"href":"https:\/\/dicodusport.fr\/blog\/wp-json\/wp\/v2\/posts\/472672\/revisions"}],"predecessor-version":[{"id":473034,"href":"https:\/\/dicodusport.fr\/blog\/wp-json\/wp\/v2\/posts\/472672\/revisions\/473034"}],"wp:featuredmedia":[{"embeddable":true,"href":"https:\/\/dicodusport.fr\/blog\/wp-json\/wp\/v2\/media\/472758"}],"wp:attachment":[{"href":"https:\/\/dicodusport.fr\/blog\/wp-json\/wp\/v2\/media?parent=472672"}],"wp:term":[{"taxonomy":"category","embeddable":true,"href":"https:\/\/dicodusport.fr\/blog\/wp-json\/wp\/v2\/categories?post=472672"},{"taxonomy":"post_tag","embeddable":true,"href":"https:\/\/dicodusport.fr\/blog\/wp-json\/wp\/v2\/tags?post=472672"}],"curies":[{"name":"wp","href":"https:\/\/api.w.org\/{rel}","templated":true}]}}