{"id":472958,"date":"2024-03-18T09:42:45","date_gmt":"2024-03-18T08:42:45","guid":{"rendered":"https:\/\/dicodusport.fr\/blog\/?p=472958&#038;preview=true&#038;preview_id=472958"},"modified":"2024-03-18T12:26:45","modified_gmt":"2024-03-18T11:26:45","slug":"cyclisme-philipsen-balsamo-laporte-le-barometre-de-la-semaine-du-11-au-17-mars","status":"publish","type":"post","link":"https:\/\/dicodusport.fr\/blog\/cyclisme-philipsen-balsamo-laporte-le-barometre-de-la-semaine-du-11-au-17-mars\/","title":{"rendered":"Cyclisme : Philipsen, Balsamo, Laporte le barom\u00e8tre de la semaine du 11 au 17 mars"},"content":{"rendered":"<p style=\"text-align: justify;\"><strong><em>CYCLISME SUR ROUTE 2024 &#8211; Philipsen, Balsamo, Laporte : retrouvez le barom\u00e8tre Dicodusport de la semaine de cyclisme. D\u00e9couvrez les hauts et les bas de la semaine du 11 au 17 mars.<\/em><\/strong><\/p>\n<ul>\n<li style=\"text-align: justify;\"><strong>\u00c0 ce sujet &#8211; <a href=\"https:\/\/dicodusport.fr\/blog\/actualites\/cyclisme\/cyclisme-sur-route-2024\/\">L&rsquo;actualit\u00e9 du cyclisme sur route<\/a><\/strong><\/li>\n<\/ul>\n<h2>En hausse<\/h2>\n<h3 style=\"text-align: justify;\">Jasper Philipsen (Alpecin-Deceuninck)<\/h3>\n<p style=\"text-align: justify;\">Le Belge est devenu plus qu&rsquo;un sprinteur. Car quand on remporte <a href=\"https:\/\/dicodusport.fr\/blog\/classement-milan-san-remo-2024\/\">Milan-San Remo<\/a>, cela vous fait passer une carri\u00e8re dans une nouvelle dimension. Quand on le gagne apr\u00e8s avoir r\u00e9sist\u00e9 \u00e0 la lessiveuse<strong> Tadej Pogacar<\/strong> et son \u00e9quipe UAE-Team Emirates, cela apporte encore plus de beurre \u00e0 des \u00e9pinards qui n&rsquo;en manquaient d\u00e9j\u00e0 pas. On savait qu&rsquo;il \u00e9tait capable de grandes choses dans des courses difficiles. Mais le voir franchir le Poggio dans les 15 premiers est une grande surprise, au vu de ceux qui n&rsquo;ont pas forc\u00e9ment r\u00e9ussi \u00e0 basculer avec lui. Et avec un <strong>Mathieu van der Poel<\/strong> en fus\u00e9e de luxe, pour contrer toutes les attaques, il n&rsquo;avait plus qu&rsquo;\u00e0 conclure le travail. Encore fallait-il en \u00eatre capable.<\/p>\n<div class=\"vlp-link-container vlp-layout-article\"><a href=\"https:\/\/dicodusport.fr\/blog\/milan-san-remo-2024-jasper-philipsen-soffre-la-primavera\/\" class=\"vlp-link\" title=\"Milan-San Remo 2024 : Jasper Philipsen s&#039;offre la Primavera !\"><\/a><div class=\"vlp-layout-zone-side\"><div class=\"vlp-block-4 vlp-link-image\"><img loading=\"lazy\" decoding=\"async\" style=\"max-width: 792px;\" width=\"792\" height=\"445\" src=\"https:\/\/dicodusport.fr\/blog\/wp-content\/uploads\/2024\/03\/Milan-San-Remo-2024-Jasper-Philipsen-soffre-la-Primavera-1.png\" class=\"attachment-800x445 size-800x445\" alt=\"Milan-San Remo 2024 Jasper Philipsen s&#039;offre la Primavera ! (1)\" srcset=\"https:\/\/dicodusport.fr\/blog\/wp-content\/uploads\/2024\/03\/Milan-San-Remo-2024-Jasper-Philipsen-soffre-la-Primavera-1.png 1200w, https:\/\/dicodusport.fr\/blog\/wp-content\/uploads\/2024\/03\/Milan-San-Remo-2024-Jasper-Philipsen-soffre-la-Primavera-1-300x169.png 300w, https:\/\/dicodusport.fr\/blog\/wp-content\/uploads\/2024\/03\/Milan-San-Remo-2024-Jasper-Philipsen-soffre-la-Primavera-1-1024x575.png 1024w, https:\/\/dicodusport.fr\/blog\/wp-content\/uploads\/2024\/03\/Milan-San-Remo-2024-Jasper-Philipsen-soffre-la-Primavera-1-768x431.png 768w\" sizes=\"auto, (max-width: 792px) 100vw, 792px\" \/><\/div><\/div><div class=\"vlp-layout-zone-main\"><div class=\"vlp-block-0 vlp-link-title\">Milan-San Remo 2024 : Jasper Philipsen s'offre la Primavera !<\/div><div class=\"vlp-block-1 vlp-link-summary\">MILAN-SAN REMO 2024 \u2013 Jasper Philipsen (Alpecin-Deceuninck) a remport\u00e9 la 115\u00e8me \u00e9dition de Milan-San Remo, samedi.<\/div><div class=\"vlp-block-2 vlp-link-button\">Lire l'article<\/div><div class=\"vlp-block-3 vlp-link-url\">dicodusport.fr<\/div><\/div><\/div>\n<h3 style=\"text-align: justify;\">Elisa Balsamo (Lidl-Trek)<\/h3>\n<p style=\"text-align: justify;\">L&rsquo;Italienne confirme son retour au premier plan en 2024, en remportant le Trofeo Alfredo Binda. Une course qu&rsquo;elle avait d\u00e9j\u00e0 remport\u00e9e en 2022. Signant l\u00e0 son troisi\u00e8me succ\u00e8s de la saison, apr\u00e8s les deux bouquets sur le Tour de la Communaut\u00e9 de Valence. Impressionnante, malgr\u00e9 l&rsquo;encha\u00eenement des bosses. Elle a gard\u00e9 de la fra\u00eecheur pour sauter au sprint la championne du monde <strong>Lotte Kopecky<\/strong> (SD-Worx). Validant ainsi tout le travail de son \u00e9quipe. La saison des classiques s&rsquo;ouvre \u00e9galement pour les femmes. Et l&rsquo;Italienne aura des armes \u00e0 faire valoir, avec sa pointe de vitesse.<\/p>\n<div class=\"vlp-link-container vlp-layout-article\"><a href=\"https:\/\/dicodusport.fr\/blog\/trofeo-alfredo-binda-2024-elisa-balsamo-soffre-lotte-kopecky-au-sprint\/\" class=\"vlp-link\" title=\"Trofeo Alfredo Binda 2024 : Elisa Balsamo s&#039;offre Lotte Kopecky au sprint\"><\/a><div class=\"vlp-layout-zone-side\"><div class=\"vlp-block-4 vlp-link-image\"><img loading=\"lazy\" decoding=\"async\" style=\"max-width: 792px;\" width=\"792\" height=\"445\" src=\"https:\/\/dicodusport.fr\/blog\/wp-content\/uploads\/2024\/03\/Trofeo-Alfredo-Binda-2024-Elisa-Balsamo-soffre-Lotte-Kopecky-au-sprint.png\" class=\"attachment-800x445 size-800x445\" alt=\"\" srcset=\"https:\/\/dicodusport.fr\/blog\/wp-content\/uploads\/2024\/03\/Trofeo-Alfredo-Binda-2024-Elisa-Balsamo-soffre-Lotte-Kopecky-au-sprint.png 1200w, https:\/\/dicodusport.fr\/blog\/wp-content\/uploads\/2024\/03\/Trofeo-Alfredo-Binda-2024-Elisa-Balsamo-soffre-Lotte-Kopecky-au-sprint-300x169.png 300w, https:\/\/dicodusport.fr\/blog\/wp-content\/uploads\/2024\/03\/Trofeo-Alfredo-Binda-2024-Elisa-Balsamo-soffre-Lotte-Kopecky-au-sprint-1024x575.png 1024w, https:\/\/dicodusport.fr\/blog\/wp-content\/uploads\/2024\/03\/Trofeo-Alfredo-Binda-2024-Elisa-Balsamo-soffre-Lotte-Kopecky-au-sprint-768x431.png 768w\" sizes=\"auto, (max-width: 792px) 100vw, 792px\" \/><\/div><\/div><div class=\"vlp-layout-zone-main\"><div class=\"vlp-block-0 vlp-link-title\">Trofeo Alfredo Binda 2024 : Elisa Balsamo s'offre Lotte Kopecky au sprint<\/div><div class=\"vlp-block-1 vlp-link-summary\">TROFEO ALFREDO BINDA 2024 - Au terme de 140 kilom\u00e8tres de course, Elisa Balsamo (Lidl-Trek) a d\u00e9croch\u00e9 la victoire en r\u00e9glant au sprint un groupe d'une vingtaine de concurrentes. Lotte Kopecky (SD-Worx) et Puck Pieterse (Fenix-Deuceuninck) compl\u00e8tent le podium.<\/div><div class=\"vlp-block-2 vlp-link-button\">Lire l'article<\/div><div class=\"vlp-block-3 vlp-link-url\">dicodusport.fr<\/div><\/div><\/div>\n<h3 style=\"text-align: justify;\">Paul Lapeira (Decathlon-AG2R La Mondiale)<\/h3>\n<p style=\"text-align: justify;\">Loin de Milan-San Remo, loin des courses World Tour, le Fran\u00e7ais de Decathlon AG2R La Mondiale s&rsquo;est illustr\u00e9 en remportant coup sur coup ses deux premiers succ\u00e8s professionnels. Il s&rsquo;est offert la <a href=\"https:\/\/dicodusport.fr\/blog\/classement-classic-loire-atlantique-2024\/\">Classic Loire-Atlantique<\/a> et <a href=\"https:\/\/dicodusport.fr\/blog\/classement-cholet-agglo-tour-2024\/\">Cholet Agglo Tour<\/a>. Deux Coupes de France, face \u00e0 une concurrence tr\u00e8s fran\u00e7aise. N\u00e9anmoins, il y avait de tr\u00e8s bons coureurs. On pense \u00e0 <strong>Luca Mozzato <\/strong>(Ark\u00e9a B&amp;B H\u00f4tels), vainqueur de la Bredene Koksijde Classic, plus t\u00f4t dans la semaine. Il succ\u00e8de par exemple \u00e0 un Axel Zingle (Cofidis). Du solide.<\/p>\n<div class=\"vlp-link-container vlp-layout-article\"><a href=\"https:\/\/dicodusport.fr\/blog\/cholet-agglo-tour-2024-paul-lapeira-realise-le-double-loire-atlantique-cholet\/\" class=\"vlp-link\" title=\"Cholet Agglo Tour 2024 : Paul Lapeira r\u00e9alise le doubl\u00e9 Loire-Atlantique\/Cholet\"><\/a><div class=\"vlp-layout-zone-side\"><div class=\"vlp-block-4 vlp-link-image\"><img loading=\"lazy\" decoding=\"async\" style=\"max-width: 792px;\" width=\"792\" height=\"445\" src=\"https:\/\/dicodusport.fr\/blog\/wp-content\/uploads\/2024\/03\/Cholet-Agglo-Tour-2024-Paul-Lapeira-realise-le-double-Loire-AtlantiqueCholet.png\" class=\"attachment-800x445 size-800x445\" alt=\"Cholet Agglo Tour 2024 Paul Lapeira r\u00e9alise le doubl\u00e9 Loire-AtlantiqueCholet\" srcset=\"https:\/\/dicodusport.fr\/blog\/wp-content\/uploads\/2024\/03\/Cholet-Agglo-Tour-2024-Paul-Lapeira-realise-le-double-Loire-AtlantiqueCholet.png 1200w, https:\/\/dicodusport.fr\/blog\/wp-content\/uploads\/2024\/03\/Cholet-Agglo-Tour-2024-Paul-Lapeira-realise-le-double-Loire-AtlantiqueCholet-300x169.png 300w, https:\/\/dicodusport.fr\/blog\/wp-content\/uploads\/2024\/03\/Cholet-Agglo-Tour-2024-Paul-Lapeira-realise-le-double-Loire-AtlantiqueCholet-1024x575.png 1024w, https:\/\/dicodusport.fr\/blog\/wp-content\/uploads\/2024\/03\/Cholet-Agglo-Tour-2024-Paul-Lapeira-realise-le-double-Loire-AtlantiqueCholet-768x431.png 768w\" sizes=\"auto, (max-width: 792px) 100vw, 792px\" \/><\/div><\/div><div class=\"vlp-layout-zone-main\"><div class=\"vlp-block-0 vlp-link-title\">Cholet Agglo Tour 2024 : Paul Lapeira r\u00e9alise le doubl\u00e9 Loire-Atlantique\/Cholet<\/div><div class=\"vlp-block-1 vlp-link-summary\">Paul Lapeira (Decathlon AG2R La Mondiale) a remport\u00e9 la 46\u00e8me \u00e9dition de Cholet Agglo Tour.<\/div><div class=\"vlp-block-2 vlp-link-button\">Lire l'article<\/div><div class=\"vlp-block-3 vlp-link-url\">dicodusport.fr<\/div><\/div><\/div>\n<h2 style=\"text-align: justify;\">En baisse<\/h2>\n<h3 style=\"text-align: justify;\">Christophe Laporte (Visma-Lease a Bike)<\/h3>\n<p style=\"text-align: justify;\">Malade, le Fran\u00e7ais a d\u00fb abandonner rapidement des r\u00eaves de bien figurer sur le premier Monument de la saison. L\u00e2ch\u00e9 avant m\u00eame la Cipressa, le champion d&rsquo;Europe a \u00e9t\u00e9 en grande difficult\u00e9. On ne peut qu&rsquo;esp\u00e9rer pour lui qu&rsquo;il se remette vite sur pied. Car les classiques flandriennes vont tr\u00e8s vite arriver. Et on sait qu&rsquo;il sera une sacr\u00e9e arme pour un effectif Visma-Lease a Bike tr\u00e8s bien fourni.<\/p>\n<h3 style=\"text-align: justify;\">Jonathan Milan (Lidl-Trek)<\/h3>\n<p style=\"text-align: justify;\">Au vu de ce qu&rsquo;il avait montr\u00e9 plus t\u00f4t sur Tirreno-Adriatico, le jeune italien \u00e9tait vu comme un outsider sur Milan-San Remo. Finalement, il a \u00e9t\u00e9 l\u00e2ch\u00e9 d\u00e8s la Cipressa. Et s&rsquo;il est revenu apr\u00e8s, il a \u00e9t\u00e9 un co\u00e9quipier pour <strong>Mads Pedersen,<\/strong> pour le replacer au pied du Poggio, on attendait un step up sur des grandes courses. On est finalement rest\u00e9 sur notre faim. Il sera attendu tout au long du mois de mars sur les Flandriennes. Dont il a fait un objectif. Avant d&rsquo;aller sur le Giro.<\/p>\n<p style=\"text-align: justify;\">\n","protected":false},"excerpt":{"rendered":"<p>CYCLISME SUR ROUTE 2024 &#8211; Philipsen, Balsamo, Laporte : retrouvez le barom\u00e8tre Dicodusport de la semaine de cyclisme.<\/p>\n","protected":false},"author":83,"featured_media":473050,"comment_status":"open","ping_status":"closed","sticky":false,"template":"","format":"standard","meta":{"_acf_changed":false,"_daextam_enable_autolinks":"1","footnotes":""},"categories":[46994],"tags":[16878,5172,574,30477,17815,38425],"class_list":["post-472958","post","type-post","status-publish","format-standard","has-post-thumbnail","hentry","category-cyclisme-sur-route","tag-breve","tag-christophe-laporte","tag-cyclisme","tag-elisa-balsamo","tag-jasper-philipsen","tag-paul-lapeira"],"acf":[],"yoast_head":"<!-- This site is optimized with the Yoast SEO Premium plugin v26.7 (Yoast SEO v26.7) - https:\/\/yoast.com\/wordpress\/plugins\/seo\/ -->\n<title>Cyclisme : Philipsen, Balsamo, Laporte le barom\u00e8tre de la semaine du 11 au 17 mars<\/title>\n<meta name=\"description\" content=\"CYCLISME SUR ROUTE 2024 - Philipsen, Balsamo, Laporte : retrouvez le barom\u00e8tre Dicodusport de la semaine de cyclisme.\" \/>\n<meta name=\"robots\" content=\"index, follow, max-snippet:-1, max-image-preview:large, max-video-preview:-1\" \/>\n<link rel=\"canonical\" href=\"https:\/\/dicodusport.fr\/blog\/cyclisme-philipsen-balsamo-laporte-le-barometre-de-la-semaine-du-11-au-17-mars\/\" \/>\n<meta property=\"og:locale\" content=\"fr_FR\" \/>\n<meta property=\"og:type\" content=\"article\" \/>\n<meta property=\"og:title\" content=\"Cyclisme : Philipsen, Balsamo, Laporte le barom\u00e8tre de la semaine du 11 au 17 mars\" \/>\n<meta property=\"og:description\" content=\"CYCLISME SUR ROUTE 2024 - Philipsen, Balsamo, Laporte : retrouvez le barom\u00e8tre Dicodusport de la semaine de cyclisme.\" \/>\n<meta property=\"og:url\" content=\"https:\/\/dicodusport.fr\/blog\/cyclisme-philipsen-balsamo-laporte-le-barometre-de-la-semaine-du-11-au-17-mars\/\" \/>\n<meta property=\"og:site_name\" content=\"Dicodusport\" \/>\n<meta property=\"article:publisher\" content=\"https:\/\/www.facebook.com\/dicodusport\" \/>\n<meta property=\"article:published_time\" content=\"2024-03-18T08:42:45+00:00\" \/>\n<meta property=\"article:modified_time\" content=\"2024-03-18T11:26:45+00:00\" \/>\n<meta property=\"og:image\" content=\"https:\/\/dicodusport.fr\/blog\/wp-content\/uploads\/2024\/03\/Cyclisme-Philipsen-Balsamo-Laporte-le-barometre-de-la-semaine-du-11-au-17-mars.png\" \/>\n\t<meta property=\"og:image:width\" content=\"1200\" \/>\n\t<meta property=\"og:image:height\" content=\"674\" \/>\n\t<meta property=\"og:image:type\" content=\"image\/png\" \/>\n<meta name=\"author\" content=\"Etienne Goursaud\" \/>\n<meta name=\"twitter:card\" content=\"summary_large_image\" \/>\n<meta name=\"twitter:title\" content=\"Cyclisme : Philipsen, Balsamo, Laporte le barom\u00e8tre de la semaine du 11 au 17 mars\" \/>\n<meta name=\"twitter:creator\" content=\"@dicodusport\" \/>\n<meta name=\"twitter:site\" content=\"@dicodusport\" \/>\n<script type=\"application\/ld+json\" class=\"yoast-schema-graph\">{\"@context\":\"https:\/\/schema.org\",\"@graph\":[{\"@type\":\"NewsArticle\",\"@id\":\"https:\/\/dicodusport.fr\/blog\/cyclisme-philipsen-balsamo-laporte-le-barometre-de-la-semaine-du-11-au-17-mars\/#article\",\"isPartOf\":{\"@id\":\"https:\/\/dicodusport.fr\/blog\/cyclisme-philipsen-balsamo-laporte-le-barometre-de-la-semaine-du-11-au-17-mars\/\"},\"author\":{\"name\":\"Etienne Goursaud\",\"@id\":\"https:\/\/dicodusport.fr\/blog\/#\/schema\/person\/d603dd7da31fb2b46c82b9835a77ec13\"},\"headline\":\"Cyclisme : Philipsen, Balsamo, Laporte le barom\u00e8tre de la semaine du 11 au 17 mars\",\"datePublished\":\"2024-03-18T08:42:45+00:00\",\"dateModified\":\"2024-03-18T11:26:45+00:00\",\"mainEntityOfPage\":{\"@id\":\"https:\/\/dicodusport.fr\/blog\/cyclisme-philipsen-balsamo-laporte-le-barometre-de-la-semaine-du-11-au-17-mars\/\"},\"wordCount\":834,\"commentCount\":0,\"publisher\":{\"@id\":\"https:\/\/dicodusport.fr\/blog\/#organization\"},\"image\":{\"@id\":\"https:\/\/dicodusport.fr\/blog\/cyclisme-philipsen-balsamo-laporte-le-barometre-de-la-semaine-du-11-au-17-mars\/#primaryimage\"},\"thumbnailUrl\":\"https:\/\/dicodusport.fr\/blog\/wp-content\/uploads\/2024\/03\/Cyclisme-Philipsen-Balsamo-Laporte-le-barometre-de-la-semaine-du-11-au-17-mars.png\",\"keywords\":[\"br\u00e8ve\",\"Christophe Laporte\",\"Cyclisme\",\"Elisa Balsamo\",\"jasper philipsen\",\"Paul Lapeira\"],\"articleSection\":[\"Cyclisme sur route\"],\"inLanguage\":\"fr-FR\",\"potentialAction\":[{\"@type\":\"CommentAction\",\"name\":\"Comment\",\"target\":[\"https:\/\/dicodusport.fr\/blog\/cyclisme-philipsen-balsamo-laporte-le-barometre-de-la-semaine-du-11-au-17-mars\/#respond\"]}],\"copyrightYear\":\"2024\",\"copyrightHolder\":{\"@id\":\"https:\/\/dicodusport.fr\/blog\/#organization\"}},{\"@type\":\"WebPage\",\"@id\":\"https:\/\/dicodusport.fr\/blog\/cyclisme-philipsen-balsamo-laporte-le-barometre-de-la-semaine-du-11-au-17-mars\/\",\"url\":\"https:\/\/dicodusport.fr\/blog\/cyclisme-philipsen-balsamo-laporte-le-barometre-de-la-semaine-du-11-au-17-mars\/\",\"name\":\"Cyclisme : Philipsen, Balsamo, Laporte le barom\u00e8tre de la semaine du 11 au 17 mars\",\"isPartOf\":{\"@id\":\"https:\/\/dicodusport.fr\/blog\/#website\"},\"primaryImageOfPage\":{\"@id\":\"https:\/\/dicodusport.fr\/blog\/cyclisme-philipsen-balsamo-laporte-le-barometre-de-la-semaine-du-11-au-17-mars\/#primaryimage\"},\"image\":{\"@id\":\"https:\/\/dicodusport.fr\/blog\/cyclisme-philipsen-balsamo-laporte-le-barometre-de-la-semaine-du-11-au-17-mars\/#primaryimage\"},\"thumbnailUrl\":\"https:\/\/dicodusport.fr\/blog\/wp-content\/uploads\/2024\/03\/Cyclisme-Philipsen-Balsamo-Laporte-le-barometre-de-la-semaine-du-11-au-17-mars.png\",\"datePublished\":\"2024-03-18T08:42:45+00:00\",\"dateModified\":\"2024-03-18T11:26:45+00:00\",\"description\":\"CYCLISME SUR ROUTE 2024 - Philipsen, Balsamo, Laporte : retrouvez le barom\u00e8tre Dicodusport de la semaine de cyclisme.\",\"breadcrumb\":{\"@id\":\"https:\/\/dicodusport.fr\/blog\/cyclisme-philipsen-balsamo-laporte-le-barometre-de-la-semaine-du-11-au-17-mars\/#breadcrumb\"},\"inLanguage\":\"fr-FR\",\"potentialAction\":[{\"@type\":\"ReadAction\",\"target\":[\"https:\/\/dicodusport.fr\/blog\/cyclisme-philipsen-balsamo-laporte-le-barometre-de-la-semaine-du-11-au-17-mars\/\"]}]},{\"@type\":\"ImageObject\",\"inLanguage\":\"fr-FR\",\"@id\":\"https:\/\/dicodusport.fr\/blog\/cyclisme-philipsen-balsamo-laporte-le-barometre-de-la-semaine-du-11-au-17-mars\/#primaryimage\",\"url\":\"https:\/\/dicodusport.fr\/blog\/wp-content\/uploads\/2024\/03\/Cyclisme-Philipsen-Balsamo-Laporte-le-barometre-de-la-semaine-du-11-au-17-mars.png\",\"contentUrl\":\"https:\/\/dicodusport.fr\/blog\/wp-content\/uploads\/2024\/03\/Cyclisme-Philipsen-Balsamo-Laporte-le-barometre-de-la-semaine-du-11-au-17-mars.png\",\"width\":1200,\"height\":674,\"caption\":\"Cyclisme Philipsen, Balsamo, Laporte le barom\u00e8tre de la semaine du 11 au 17 mars\"},{\"@type\":\"BreadcrumbList\",\"@id\":\"https:\/\/dicodusport.fr\/blog\/cyclisme-philipsen-balsamo-laporte-le-barometre-de-la-semaine-du-11-au-17-mars\/#breadcrumb\",\"itemListElement\":[{\"@type\":\"ListItem\",\"position\":1,\"name\":\"Accueil\",\"item\":\"https:\/\/dicodusport.fr\/blog\/\"},{\"@type\":\"ListItem\",\"position\":2,\"name\":\"Cyclisme : Philipsen, Balsamo, Laporte le barom\u00e8tre de la semaine du 11 au 17 mars\"}]},{\"@type\":\"WebSite\",\"@id\":\"https:\/\/dicodusport.fr\/blog\/#website\",\"url\":\"https:\/\/dicodusport.fr\/blog\/\",\"name\":\"Dicodusport\",\"description\":\"L&#039;encyclop\u00e9die de l&#039;actualit\u00e9 sportive\",\"publisher\":{\"@id\":\"https:\/\/dicodusport.fr\/blog\/#organization\"},\"potentialAction\":[{\"@type\":\"SearchAction\",\"target\":{\"@type\":\"EntryPoint\",\"urlTemplate\":\"https:\/\/dicodusport.fr\/blog\/?s={search_term_string}\"},\"query-input\":{\"@type\":\"PropertyValueSpecification\",\"valueRequired\":true,\"valueName\":\"search_term_string\"}}],\"inLanguage\":\"fr-FR\"},{\"@type\":\"NewsMediaOrganization\",\"@id\":\"https:\/\/dicodusport.fr\/blog\/#organization\",\"name\":\"Dicodusport\",\"url\":\"https:\/\/dicodusport.fr\/blog\/\",\"logo\":{\"@type\":\"ImageObject\",\"inLanguage\":\"fr-FR\",\"@id\":\"https:\/\/dicodusport.fr\/blog\/#\/schema\/logo\/image\/\",\"url\":\"https:\/\/dicodusport.fr\/blog\/wp-content\/uploads\/2020\/06\/cropped-LOGO-DICODUSPORT-2020-SANS-FOND-SANS-TEXTE.png\",\"contentUrl\":\"https:\/\/dicodusport.fr\/blog\/wp-content\/uploads\/2020\/06\/cropped-LOGO-DICODUSPORT-2020-SANS-FOND-SANS-TEXTE.png\",\"width\":512,\"height\":512,\"caption\":\"Dicodusport\"},\"image\":{\"@id\":\"https:\/\/dicodusport.fr\/blog\/#\/schema\/logo\/image\/\"},\"sameAs\":[\"https:\/\/www.facebook.com\/dicodusport\",\"https:\/\/x.com\/dicodusport\",\"https:\/\/www.instagram.com\/dicodusport\/\",\"https:\/\/www.youtube.com\/channel\/UC7V2KZ5sd3htJivAbA4ZG3w\"],\"description\":\"Dicodusport est l'encyclop\u00e9die de l'actualit\u00e9 sportive.\",\"email\":\"bonjour@dicodusport.fr\",\"legalName\":\"DICODUSPORT\",\"foundingDate\":\"2018-01-14\",\"vatID\":\"FR71834470973\",\"taxID\":\"83447097300043\",\"numberOfEmployees\":{\"@type\":\"QuantitativeValue\",\"minValue\":\"1\",\"maxValue\":\"10\"}},{\"@type\":\"Person\",\"@id\":\"https:\/\/dicodusport.fr\/blog\/#\/schema\/person\/d603dd7da31fb2b46c82b9835a77ec13\",\"name\":\"Etienne Goursaud\",\"image\":{\"@type\":\"ImageObject\",\"inLanguage\":\"fr-FR\",\"@id\":\"https:\/\/dicodusport.fr\/blog\/#\/schema\/person\/image\/\",\"url\":\"https:\/\/dicodusport.fr\/blog\/wp-content\/uploads\/2023\/12\/410122264_10231602061736049_5565839791558026645_n-150x150.jpg\",\"contentUrl\":\"https:\/\/dicodusport.fr\/blog\/wp-content\/uploads\/2023\/12\/410122264_10231602061736049_5565839791558026645_n-150x150.jpg\",\"caption\":\"Etienne Goursaud\"},\"description\":\"Journaliste et amoureux de sport. Ancien footballeur reconverti athl\u00e8te quand ses muscles le laissent tranquille. \u00c9lev\u00e9 \u00e0 la sauce des exploits de Thomas Voeckler en 2004, du dernier essai de l\u00e9gende de Eunice Barber \u00e0 la longueur lors des championnats du monde d'athl\u00e9tisme de 2003 mais aussi Zidane, Omeyer et Titou Lamaison.\",\"url\":\"https:\/\/dicodusport.fr\/blog\/author\/etienne-goursaud\/\"}]}<\/script>\n<!-- \/ Yoast SEO Premium plugin. -->","yoast_head_json":{"title":"Cyclisme : Philipsen, Balsamo, Laporte le barom\u00e8tre de la semaine du 11 au 17 mars","description":"CYCLISME SUR ROUTE 2024 - Philipsen, Balsamo, Laporte : retrouvez le barom\u00e8tre Dicodusport de la semaine de cyclisme.","robots":{"index":"index","follow":"follow","max-snippet":"max-snippet:-1","max-image-preview":"max-image-preview:large","max-video-preview":"max-video-preview:-1"},"canonical":"https:\/\/dicodusport.fr\/blog\/cyclisme-philipsen-balsamo-laporte-le-barometre-de-la-semaine-du-11-au-17-mars\/","og_locale":"fr_FR","og_type":"article","og_title":"Cyclisme : Philipsen, Balsamo, Laporte le barom\u00e8tre de la semaine du 11 au 17 mars","og_description":"CYCLISME SUR ROUTE 2024 - Philipsen, Balsamo, Laporte : retrouvez le barom\u00e8tre Dicodusport de la semaine de cyclisme.","og_url":"https:\/\/dicodusport.fr\/blog\/cyclisme-philipsen-balsamo-laporte-le-barometre-de-la-semaine-du-11-au-17-mars\/","og_site_name":"Dicodusport","article_publisher":"https:\/\/www.facebook.com\/dicodusport","article_published_time":"2024-03-18T08:42:45+00:00","article_modified_time":"2024-03-18T11:26:45+00:00","og_image":[{"width":1200,"height":674,"url":"https:\/\/dicodusport.fr\/blog\/wp-content\/uploads\/2024\/03\/Cyclisme-Philipsen-Balsamo-Laporte-le-barometre-de-la-semaine-du-11-au-17-mars.png","type":"image\/png"}],"author":"Etienne Goursaud","twitter_card":"summary_large_image","twitter_title":"Cyclisme : Philipsen, Balsamo, Laporte le barom\u00e8tre de la semaine du 11 au 17 mars","twitter_creator":"@dicodusport","twitter_site":"@dicodusport","schema":{"@context":"https:\/\/schema.org","@graph":[{"@type":"NewsArticle","@id":"https:\/\/dicodusport.fr\/blog\/cyclisme-philipsen-balsamo-laporte-le-barometre-de-la-semaine-du-11-au-17-mars\/#article","isPartOf":{"@id":"https:\/\/dicodusport.fr\/blog\/cyclisme-philipsen-balsamo-laporte-le-barometre-de-la-semaine-du-11-au-17-mars\/"},"author":{"name":"Etienne Goursaud","@id":"https:\/\/dicodusport.fr\/blog\/#\/schema\/person\/d603dd7da31fb2b46c82b9835a77ec13"},"headline":"Cyclisme : Philipsen, Balsamo, Laporte le barom\u00e8tre de la semaine du 11 au 17 mars","datePublished":"2024-03-18T08:42:45+00:00","dateModified":"2024-03-18T11:26:45+00:00","mainEntityOfPage":{"@id":"https:\/\/dicodusport.fr\/blog\/cyclisme-philipsen-balsamo-laporte-le-barometre-de-la-semaine-du-11-au-17-mars\/"},"wordCount":834,"commentCount":0,"publisher":{"@id":"https:\/\/dicodusport.fr\/blog\/#organization"},"image":{"@id":"https:\/\/dicodusport.fr\/blog\/cyclisme-philipsen-balsamo-laporte-le-barometre-de-la-semaine-du-11-au-17-mars\/#primaryimage"},"thumbnailUrl":"https:\/\/dicodusport.fr\/blog\/wp-content\/uploads\/2024\/03\/Cyclisme-Philipsen-Balsamo-Laporte-le-barometre-de-la-semaine-du-11-au-17-mars.png","keywords":["br\u00e8ve","Christophe Laporte","Cyclisme","Elisa Balsamo","jasper philipsen","Paul Lapeira"],"articleSection":["Cyclisme sur route"],"inLanguage":"fr-FR","potentialAction":[{"@type":"CommentAction","name":"Comment","target":["https:\/\/dicodusport.fr\/blog\/cyclisme-philipsen-balsamo-laporte-le-barometre-de-la-semaine-du-11-au-17-mars\/#respond"]}],"copyrightYear":"2024","copyrightHolder":{"@id":"https:\/\/dicodusport.fr\/blog\/#organization"}},{"@type":"WebPage","@id":"https:\/\/dicodusport.fr\/blog\/cyclisme-philipsen-balsamo-laporte-le-barometre-de-la-semaine-du-11-au-17-mars\/","url":"https:\/\/dicodusport.fr\/blog\/cyclisme-philipsen-balsamo-laporte-le-barometre-de-la-semaine-du-11-au-17-mars\/","name":"Cyclisme : Philipsen, Balsamo, Laporte le barom\u00e8tre de la semaine du 11 au 17 mars","isPartOf":{"@id":"https:\/\/dicodusport.fr\/blog\/#website"},"primaryImageOfPage":{"@id":"https:\/\/dicodusport.fr\/blog\/cyclisme-philipsen-balsamo-laporte-le-barometre-de-la-semaine-du-11-au-17-mars\/#primaryimage"},"image":{"@id":"https:\/\/dicodusport.fr\/blog\/cyclisme-philipsen-balsamo-laporte-le-barometre-de-la-semaine-du-11-au-17-mars\/#primaryimage"},"thumbnailUrl":"https:\/\/dicodusport.fr\/blog\/wp-content\/uploads\/2024\/03\/Cyclisme-Philipsen-Balsamo-Laporte-le-barometre-de-la-semaine-du-11-au-17-mars.png","datePublished":"2024-03-18T08:42:45+00:00","dateModified":"2024-03-18T11:26:45+00:00","description":"CYCLISME SUR ROUTE 2024 - Philipsen, Balsamo, Laporte : retrouvez le barom\u00e8tre Dicodusport de la semaine de cyclisme.","breadcrumb":{"@id":"https:\/\/dicodusport.fr\/blog\/cyclisme-philipsen-balsamo-laporte-le-barometre-de-la-semaine-du-11-au-17-mars\/#breadcrumb"},"inLanguage":"fr-FR","potentialAction":[{"@type":"ReadAction","target":["https:\/\/dicodusport.fr\/blog\/cyclisme-philipsen-balsamo-laporte-le-barometre-de-la-semaine-du-11-au-17-mars\/"]}]},{"@type":"ImageObject","inLanguage":"fr-FR","@id":"https:\/\/dicodusport.fr\/blog\/cyclisme-philipsen-balsamo-laporte-le-barometre-de-la-semaine-du-11-au-17-mars\/#primaryimage","url":"https:\/\/dicodusport.fr\/blog\/wp-content\/uploads\/2024\/03\/Cyclisme-Philipsen-Balsamo-Laporte-le-barometre-de-la-semaine-du-11-au-17-mars.png","contentUrl":"https:\/\/dicodusport.fr\/blog\/wp-content\/uploads\/2024\/03\/Cyclisme-Philipsen-Balsamo-Laporte-le-barometre-de-la-semaine-du-11-au-17-mars.png","width":1200,"height":674,"caption":"Cyclisme Philipsen, Balsamo, Laporte le barom\u00e8tre de la semaine du 11 au 17 mars"},{"@type":"BreadcrumbList","@id":"https:\/\/dicodusport.fr\/blog\/cyclisme-philipsen-balsamo-laporte-le-barometre-de-la-semaine-du-11-au-17-mars\/#breadcrumb","itemListElement":[{"@type":"ListItem","position":1,"name":"Accueil","item":"https:\/\/dicodusport.fr\/blog\/"},{"@type":"ListItem","position":2,"name":"Cyclisme : Philipsen, Balsamo, Laporte le barom\u00e8tre de la semaine du 11 au 17 mars"}]},{"@type":"WebSite","@id":"https:\/\/dicodusport.fr\/blog\/#website","url":"https:\/\/dicodusport.fr\/blog\/","name":"Dicodusport","description":"L&#039;encyclop\u00e9die de l&#039;actualit\u00e9 sportive","publisher":{"@id":"https:\/\/dicodusport.fr\/blog\/#organization"},"potentialAction":[{"@type":"SearchAction","target":{"@type":"EntryPoint","urlTemplate":"https:\/\/dicodusport.fr\/blog\/?s={search_term_string}"},"query-input":{"@type":"PropertyValueSpecification","valueRequired":true,"valueName":"search_term_string"}}],"inLanguage":"fr-FR"},{"@type":"NewsMediaOrganization","@id":"https:\/\/dicodusport.fr\/blog\/#organization","name":"Dicodusport","url":"https:\/\/dicodusport.fr\/blog\/","logo":{"@type":"ImageObject","inLanguage":"fr-FR","@id":"https:\/\/dicodusport.fr\/blog\/#\/schema\/logo\/image\/","url":"https:\/\/dicodusport.fr\/blog\/wp-content\/uploads\/2020\/06\/cropped-LOGO-DICODUSPORT-2020-SANS-FOND-SANS-TEXTE.png","contentUrl":"https:\/\/dicodusport.fr\/blog\/wp-content\/uploads\/2020\/06\/cropped-LOGO-DICODUSPORT-2020-SANS-FOND-SANS-TEXTE.png","width":512,"height":512,"caption":"Dicodusport"},"image":{"@id":"https:\/\/dicodusport.fr\/blog\/#\/schema\/logo\/image\/"},"sameAs":["https:\/\/www.facebook.com\/dicodusport","https:\/\/x.com\/dicodusport","https:\/\/www.instagram.com\/dicodusport\/","https:\/\/www.youtube.com\/channel\/UC7V2KZ5sd3htJivAbA4ZG3w"],"description":"Dicodusport est l'encyclop\u00e9die de l'actualit\u00e9 sportive.","email":"bonjour@dicodusport.fr","legalName":"DICODUSPORT","foundingDate":"2018-01-14","vatID":"FR71834470973","taxID":"83447097300043","numberOfEmployees":{"@type":"QuantitativeValue","minValue":"1","maxValue":"10"}},{"@type":"Person","@id":"https:\/\/dicodusport.fr\/blog\/#\/schema\/person\/d603dd7da31fb2b46c82b9835a77ec13","name":"Etienne Goursaud","image":{"@type":"ImageObject","inLanguage":"fr-FR","@id":"https:\/\/dicodusport.fr\/blog\/#\/schema\/person\/image\/","url":"https:\/\/dicodusport.fr\/blog\/wp-content\/uploads\/2023\/12\/410122264_10231602061736049_5565839791558026645_n-150x150.jpg","contentUrl":"https:\/\/dicodusport.fr\/blog\/wp-content\/uploads\/2023\/12\/410122264_10231602061736049_5565839791558026645_n-150x150.jpg","caption":"Etienne Goursaud"},"description":"Journaliste et amoureux de sport. Ancien footballeur reconverti athl\u00e8te quand ses muscles le laissent tranquille. \u00c9lev\u00e9 \u00e0 la sauce des exploits de Thomas Voeckler en 2004, du dernier essai de l\u00e9gende de Eunice Barber \u00e0 la longueur lors des championnats du monde d'athl\u00e9tisme de 2003 mais aussi Zidane, Omeyer et Titou Lamaison.","url":"https:\/\/dicodusport.fr\/blog\/author\/etienne-goursaud\/"}]}},"_links":{"self":[{"href":"https:\/\/dicodusport.fr\/blog\/wp-json\/wp\/v2\/posts\/472958","targetHints":{"allow":["GET"]}}],"collection":[{"href":"https:\/\/dicodusport.fr\/blog\/wp-json\/wp\/v2\/posts"}],"about":[{"href":"https:\/\/dicodusport.fr\/blog\/wp-json\/wp\/v2\/types\/post"}],"author":[{"embeddable":true,"href":"https:\/\/dicodusport.fr\/blog\/wp-json\/wp\/v2\/users\/83"}],"replies":[{"embeddable":true,"href":"https:\/\/dicodusport.fr\/blog\/wp-json\/wp\/v2\/comments?post=472958"}],"version-history":[{"count":5,"href":"https:\/\/dicodusport.fr\/blog\/wp-json\/wp\/v2\/posts\/472958\/revisions"}],"predecessor-version":[{"id":473069,"href":"https:\/\/dicodusport.fr\/blog\/wp-json\/wp\/v2\/posts\/472958\/revisions\/473069"}],"wp:featuredmedia":[{"embeddable":true,"href":"https:\/\/dicodusport.fr\/blog\/wp-json\/wp\/v2\/media\/473050"}],"wp:attachment":[{"href":"https:\/\/dicodusport.fr\/blog\/wp-json\/wp\/v2\/media?parent=472958"}],"wp:term":[{"taxonomy":"category","embeddable":true,"href":"https:\/\/dicodusport.fr\/blog\/wp-json\/wp\/v2\/categories?post=472958"},{"taxonomy":"post_tag","embeddable":true,"href":"https:\/\/dicodusport.fr\/blog\/wp-json\/wp\/v2\/tags?post=472958"}],"curies":[{"name":"wp","href":"https:\/\/api.w.org\/{rel}","templated":true}]}}