{"id":473134,"date":"2024-03-18T18:26:09","date_gmt":"2024-03-18T17:26:09","guid":{"rendered":"https:\/\/dicodusport.fr\/blog\/?p=473134&#038;preview=true&#038;preview_id=473134"},"modified":"2024-03-18T19:34:25","modified_gmt":"2024-03-18T18:34:25","slug":"football-antoine-griezmann-forfait-pour-le-rassemblement-de-lequipe-de-france","status":"publish","type":"post","link":"https:\/\/dicodusport.fr\/blog\/football-antoine-griezmann-forfait-pour-le-rassemblement-de-lequipe-de-france\/","title":{"rendered":"Football : Antoine Griezmann forfait pour le rassemblement de l&rsquo;\u00e9quipe de France"},"content":{"rendered":"<p style=\"text-align: justify;\"><strong><em>\u00c9QUIPE DE FRANCE DE FOOTBALL &#8211; Antoine Griezmann d\u00e9clare forfait pour les deux matchs amicaux \u00e0 venir des Bleus, mettant ainsi fin \u00e0 une s\u00e9rie historique.<\/em><\/strong><\/p>\n<p style=\"text-align: justify;\">C&rsquo;\u00e9tait un murmure ce matin, c&rsquo;est devenu officiel : <strong>Antoine Griezmann<\/strong> doit d\u00e9clarer forfait pour les deux matchs amicaux \u00e0 venir de l&rsquo;\u00e9quipe de France, contre l&rsquo;Allemagne vendredi soir et le Chili mardi prochain. Alors qu&rsquo;il avait \u00e9t\u00e9 retenu par Didier Deschamps, le Madril\u00e8ne se ressent toujours d&rsquo;une blessure \u00e0 la cheville.<\/p>\n<blockquote class=\"twitter-tweet\">\n<p dir=\"ltr\" lang=\"fr\">\ud83d\udea8 Antoine Griezmann FORFAIT pour les matchs contre l&rsquo;Allemagne et le Chili \ud83c\uddeb\ud83c\uddf7<\/p>\n<p>Son incroyable s\u00e9rie de 84 matchs cons\u00e9cutifs avec l\u2019 \u00e9quipe de France va s\u2019arr\u00eater <a href=\"https:\/\/t.co\/k6dlsMqUlF\">pic.twitter.com\/k6dlsMqUlF<\/a><\/p>\n<p>\u2014 Fabrice Hawkins (@FabriceHawkins) <a href=\"https:\/\/twitter.com\/FabriceHawkins\/status\/1769772397182296548?ref_src=twsrc%5Etfw\">March 18, 2024<\/a><\/p><\/blockquote>\n<p style=\"text-align: justify;\"><script async src=\"https:\/\/platform.twitter.com\/widgets.js\" charset=\"utf-8\"><\/script><br \/>\nC&rsquo;est la fin pour lui d&rsquo;une incroyable s\u00e9rie. En effet, <strong>Antoine Griezmann<\/strong> avait tout simplement disput\u00e9 les 84 derniers matchs de l&rsquo;\u00e9quipe de France ! \u00c9l\u00e9ment incontournable du syst\u00e8me <strong>Deschamps,<\/strong> il voit donc sa s\u00e9rie prendre fin. On ignore encore qui va prendre la place du joueur de l&rsquo;Atl\u00e9tico Madrid, dont le compteur va pour l&rsquo;instant rester bloqu\u00e9 \u00e0 127 s\u00e9lections, mais qui gardera \u00e0 coup s\u00fbr sa place pour le prochain Euro.<\/p>\n","protected":false},"excerpt":{"rendered":"<p>\u00c9QUIPE DE FRANCE DE FOOTBALL &#8211; Antoine Griezmann d\u00e9clare forfait pour les deux matchs amicaux \u00e0 venir des Bleus, mettant ainsi fin \u00e0 une s\u00e9rie historique.<\/p>\n","protected":false},"author":59,"featured_media":473135,"comment_status":"open","ping_status":"closed","sticky":false,"template":"","format":"standard","meta":{"_acf_changed":false,"_daextam_enable_autolinks":"1","footnotes":""},"categories":[2301],"tags":[340,16878,6966,75],"class_list":["post-473134","post","type-post","status-publish","format-standard","has-post-thumbnail","hentry","category-football","tag-antoine-griezmann","tag-breve","tag-equipe-de-france-de-football","tag-football"],"acf":[],"yoast_head":"<!-- This site is optimized with the Yoast SEO Premium plugin v26.7 (Yoast SEO v26.7) - https:\/\/yoast.com\/wordpress\/plugins\/seo\/ -->\n<title>Football : Antoine Griezmann forfait pour le rassemblement de l&#039;\u00e9quipe de France<\/title>\n<meta name=\"description\" content=\"\u00c9QUIPE DE FRANCE DE FOOTBALL - Antoine Griezmann d\u00e9clare forfait pour les deux matchs amicaux \u00e0 venir des Bleus, mettant ainsi fin \u00e0 une s\u00e9rie historique.\" \/>\n<meta name=\"robots\" content=\"index, follow, max-snippet:-1, max-image-preview:large, max-video-preview:-1\" \/>\n<link rel=\"canonical\" href=\"https:\/\/dicodusport.fr\/blog\/football-antoine-griezmann-forfait-pour-le-rassemblement-de-lequipe-de-france\/\" \/>\n<meta property=\"og:locale\" content=\"fr_FR\" \/>\n<meta property=\"og:type\" content=\"article\" \/>\n<meta property=\"og:title\" content=\"Football : Antoine Griezmann forfait pour le rassemblement de l&#039;\u00e9quipe de France\" \/>\n<meta property=\"og:description\" content=\"\u00c9QUIPE DE FRANCE DE FOOTBALL - Antoine Griezmann d\u00e9clare forfait pour les deux matchs amicaux \u00e0 venir des Bleus, mettant ainsi fin \u00e0 une s\u00e9rie historique.\" \/>\n<meta property=\"og:url\" content=\"https:\/\/dicodusport.fr\/blog\/football-antoine-griezmann-forfait-pour-le-rassemblement-de-lequipe-de-france\/\" \/>\n<meta property=\"og:site_name\" content=\"Dicodusport\" \/>\n<meta property=\"article:publisher\" content=\"https:\/\/www.facebook.com\/dicodusport\" \/>\n<meta property=\"article:author\" content=\"https:\/\/www.facebook.com\/sebastien.gente\/\" \/>\n<meta property=\"article:published_time\" content=\"2024-03-18T17:26:09+00:00\" \/>\n<meta property=\"article:modified_time\" content=\"2024-03-18T18:34:25+00:00\" \/>\n<meta property=\"og:image\" content=\"https:\/\/dicodusport.fr\/blog\/wp-content\/uploads\/2024\/03\/Football-Antoine-Griezmann-forfait-pour-le-rassemblement-de-lequipe-de-France.png\" \/>\n\t<meta property=\"og:image:width\" content=\"1200\" \/>\n\t<meta property=\"og:image:height\" content=\"674\" \/>\n\t<meta property=\"og:image:type\" content=\"image\/png\" \/>\n<meta name=\"author\" content=\"S\u00e9bastien Gente\" \/>\n<meta name=\"twitter:card\" content=\"summary_large_image\" \/>\n<meta name=\"twitter:title\" content=\"Football : Antoine Griezmann forfait pour le rassemblement de l&#039;\u00e9quipe de France\" \/>\n<meta name=\"twitter:creator\" content=\"@https:\/\/twitter.com\/globulo24\" \/>\n<meta name=\"twitter:site\" content=\"@dicodusport\" \/>\n<script type=\"application\/ld+json\" class=\"yoast-schema-graph\">{\"@context\":\"https:\/\/schema.org\",\"@graph\":[{\"@type\":\"NewsArticle\",\"@id\":\"https:\/\/dicodusport.fr\/blog\/football-antoine-griezmann-forfait-pour-le-rassemblement-de-lequipe-de-france\/#article\",\"isPartOf\":{\"@id\":\"https:\/\/dicodusport.fr\/blog\/football-antoine-griezmann-forfait-pour-le-rassemblement-de-lequipe-de-france\/\"},\"author\":{\"name\":\"S\u00e9bastien Gente\",\"@id\":\"https:\/\/dicodusport.fr\/blog\/#\/schema\/person\/627966a6cde45dbd8c5e36ac85d783da\"},\"headline\":\"Football : Antoine Griezmann forfait pour le rassemblement de l&rsquo;\u00e9quipe de France\",\"datePublished\":\"2024-03-18T17:26:09+00:00\",\"dateModified\":\"2024-03-18T18:34:25+00:00\",\"mainEntityOfPage\":{\"@id\":\"https:\/\/dicodusport.fr\/blog\/football-antoine-griezmann-forfait-pour-le-rassemblement-de-lequipe-de-france\/\"},\"wordCount\":213,\"commentCount\":0,\"publisher\":{\"@id\":\"https:\/\/dicodusport.fr\/blog\/#organization\"},\"image\":{\"@id\":\"https:\/\/dicodusport.fr\/blog\/football-antoine-griezmann-forfait-pour-le-rassemblement-de-lequipe-de-france\/#primaryimage\"},\"thumbnailUrl\":\"https:\/\/dicodusport.fr\/blog\/wp-content\/uploads\/2024\/03\/Football-Antoine-Griezmann-forfait-pour-le-rassemblement-de-lequipe-de-France.png\",\"keywords\":[\"Antoine Griezmann\",\"br\u00e8ve\",\"Equipe de France de football\",\"Football\"],\"articleSection\":[\"Football\"],\"inLanguage\":\"fr-FR\",\"potentialAction\":[{\"@type\":\"CommentAction\",\"name\":\"Comment\",\"target\":[\"https:\/\/dicodusport.fr\/blog\/football-antoine-griezmann-forfait-pour-le-rassemblement-de-lequipe-de-france\/#respond\"]}],\"copyrightYear\":\"2024\",\"copyrightHolder\":{\"@id\":\"https:\/\/dicodusport.fr\/blog\/#organization\"}},{\"@type\":\"WebPage\",\"@id\":\"https:\/\/dicodusport.fr\/blog\/football-antoine-griezmann-forfait-pour-le-rassemblement-de-lequipe-de-france\/\",\"url\":\"https:\/\/dicodusport.fr\/blog\/football-antoine-griezmann-forfait-pour-le-rassemblement-de-lequipe-de-france\/\",\"name\":\"Football : Antoine Griezmann forfait pour le rassemblement de l'\u00e9quipe de France\",\"isPartOf\":{\"@id\":\"https:\/\/dicodusport.fr\/blog\/#website\"},\"primaryImageOfPage\":{\"@id\":\"https:\/\/dicodusport.fr\/blog\/football-antoine-griezmann-forfait-pour-le-rassemblement-de-lequipe-de-france\/#primaryimage\"},\"image\":{\"@id\":\"https:\/\/dicodusport.fr\/blog\/football-antoine-griezmann-forfait-pour-le-rassemblement-de-lequipe-de-france\/#primaryimage\"},\"thumbnailUrl\":\"https:\/\/dicodusport.fr\/blog\/wp-content\/uploads\/2024\/03\/Football-Antoine-Griezmann-forfait-pour-le-rassemblement-de-lequipe-de-France.png\",\"datePublished\":\"2024-03-18T17:26:09+00:00\",\"dateModified\":\"2024-03-18T18:34:25+00:00\",\"description\":\"\u00c9QUIPE DE FRANCE DE FOOTBALL - Antoine Griezmann d\u00e9clare forfait pour les deux matchs amicaux \u00e0 venir des Bleus, mettant ainsi fin \u00e0 une s\u00e9rie historique.\",\"breadcrumb\":{\"@id\":\"https:\/\/dicodusport.fr\/blog\/football-antoine-griezmann-forfait-pour-le-rassemblement-de-lequipe-de-france\/#breadcrumb\"},\"inLanguage\":\"fr-FR\",\"potentialAction\":[{\"@type\":\"ReadAction\",\"target\":[\"https:\/\/dicodusport.fr\/blog\/football-antoine-griezmann-forfait-pour-le-rassemblement-de-lequipe-de-france\/\"]}]},{\"@type\":\"ImageObject\",\"inLanguage\":\"fr-FR\",\"@id\":\"https:\/\/dicodusport.fr\/blog\/football-antoine-griezmann-forfait-pour-le-rassemblement-de-lequipe-de-france\/#primaryimage\",\"url\":\"https:\/\/dicodusport.fr\/blog\/wp-content\/uploads\/2024\/03\/Football-Antoine-Griezmann-forfait-pour-le-rassemblement-de-lequipe-de-France.png\",\"contentUrl\":\"https:\/\/dicodusport.fr\/blog\/wp-content\/uploads\/2024\/03\/Football-Antoine-Griezmann-forfait-pour-le-rassemblement-de-lequipe-de-France.png\",\"width\":1200,\"height\":674,\"caption\":\"Football Antoine Griezmann forfait pour le rassemblement de l'\u00e9quipe de France\"},{\"@type\":\"BreadcrumbList\",\"@id\":\"https:\/\/dicodusport.fr\/blog\/football-antoine-griezmann-forfait-pour-le-rassemblement-de-lequipe-de-france\/#breadcrumb\",\"itemListElement\":[{\"@type\":\"ListItem\",\"position\":1,\"name\":\"Accueil\",\"item\":\"https:\/\/dicodusport.fr\/blog\/\"},{\"@type\":\"ListItem\",\"position\":2,\"name\":\"Football : Antoine Griezmann forfait pour le rassemblement de l&rsquo;\u00e9quipe de France\"}]},{\"@type\":\"WebSite\",\"@id\":\"https:\/\/dicodusport.fr\/blog\/#website\",\"url\":\"https:\/\/dicodusport.fr\/blog\/\",\"name\":\"Dicodusport\",\"description\":\"L&#039;encyclop\u00e9die de l&#039;actualit\u00e9 sportive\",\"publisher\":{\"@id\":\"https:\/\/dicodusport.fr\/blog\/#organization\"},\"potentialAction\":[{\"@type\":\"SearchAction\",\"target\":{\"@type\":\"EntryPoint\",\"urlTemplate\":\"https:\/\/dicodusport.fr\/blog\/?s={search_term_string}\"},\"query-input\":{\"@type\":\"PropertyValueSpecification\",\"valueRequired\":true,\"valueName\":\"search_term_string\"}}],\"inLanguage\":\"fr-FR\"},{\"@type\":\"NewsMediaOrganization\",\"@id\":\"https:\/\/dicodusport.fr\/blog\/#organization\",\"name\":\"Dicodusport\",\"url\":\"https:\/\/dicodusport.fr\/blog\/\",\"logo\":{\"@type\":\"ImageObject\",\"inLanguage\":\"fr-FR\",\"@id\":\"https:\/\/dicodusport.fr\/blog\/#\/schema\/logo\/image\/\",\"url\":\"https:\/\/dicodusport.fr\/blog\/wp-content\/uploads\/2020\/06\/cropped-LOGO-DICODUSPORT-2020-SANS-FOND-SANS-TEXTE.png\",\"contentUrl\":\"https:\/\/dicodusport.fr\/blog\/wp-content\/uploads\/2020\/06\/cropped-LOGO-DICODUSPORT-2020-SANS-FOND-SANS-TEXTE.png\",\"width\":512,\"height\":512,\"caption\":\"Dicodusport\"},\"image\":{\"@id\":\"https:\/\/dicodusport.fr\/blog\/#\/schema\/logo\/image\/\"},\"sameAs\":[\"https:\/\/www.facebook.com\/dicodusport\",\"https:\/\/x.com\/dicodusport\",\"https:\/\/www.instagram.com\/dicodusport\/\",\"https:\/\/www.youtube.com\/channel\/UC7V2KZ5sd3htJivAbA4ZG3w\"],\"description\":\"Dicodusport est l'encyclop\u00e9die de l'actualit\u00e9 sportive.\",\"email\":\"bonjour@dicodusport.fr\",\"legalName\":\"DICODUSPORT\",\"foundingDate\":\"2018-01-14\",\"vatID\":\"FR71834470973\",\"taxID\":\"83447097300043\",\"numberOfEmployees\":{\"@type\":\"QuantitativeValue\",\"minValue\":\"1\",\"maxValue\":\"10\"}},{\"@type\":\"Person\",\"@id\":\"https:\/\/dicodusport.fr\/blog\/#\/schema\/person\/627966a6cde45dbd8c5e36ac85d783da\",\"name\":\"S\u00e9bastien Gente\",\"image\":{\"@type\":\"ImageObject\",\"inLanguage\":\"fr-FR\",\"@id\":\"https:\/\/dicodusport.fr\/blog\/#\/schema\/person\/image\/\",\"url\":\"https:\/\/dicodusport.fr\/blog\/wp-content\/uploads\/2021\/09\/1510990_10205810251400683_4124423575079401707_n-150x150.jpg\",\"contentUrl\":\"https:\/\/dicodusport.fr\/blog\/wp-content\/uploads\/2021\/09\/1510990_10205810251400683_4124423575079401707_n-150x150.jpg\",\"caption\":\"S\u00e9bastien Gente\"},\"description\":\"John Stockton, Gianni Bugno, Zinedine Zidane, Steffi Graf, Frode Andresen, St\u00e9phane Stoecklin, Davis Kamoga, Primoz Peterka, Werner Schlager et Aur\u00e9lien Rougerie. Point commun entre ces sportifs? Ils m'ont fait r\u00eaver et ont berc\u00e9 mon adolescence. Je suis un fondu de sports et j'essaie de retranscrire ma passion \u00e0 travers mes articles. Originaire du P\u00e9rigord, ma passion pour les Girondins, les Jaunards et les Jazzmen transpire dans mes \u00e9crits. \u00c0 Dicodusport depuis 2021, je d\u00e9niche les sports m\u00e9connus dans lesquels la France brille, et il y en a !\",\"sameAs\":[\"https:\/\/www.facebook.com\/sebastien.gente\/\",\"https:\/\/www.instagram.com\/sebgente\/\",\"https:\/\/www.linkedin.com\/in\/sbastien-gente-a29583169\/\",\"https:\/\/x.com\/https:\/\/twitter.com\/globulo24\",\"SebastienGente\"],\"worksFor\":\"S\u00e9bastien GENTE\",\"url\":\"https:\/\/dicodusport.fr\/blog\/author\/sebastiengente\/\"}]}<\/script>\n<!-- \/ Yoast SEO Premium plugin. -->","yoast_head_json":{"title":"Football : Antoine Griezmann forfait pour le rassemblement de l'\u00e9quipe de France","description":"\u00c9QUIPE DE FRANCE DE FOOTBALL - Antoine Griezmann d\u00e9clare forfait pour les deux matchs amicaux \u00e0 venir des Bleus, mettant ainsi fin \u00e0 une s\u00e9rie historique.","robots":{"index":"index","follow":"follow","max-snippet":"max-snippet:-1","max-image-preview":"max-image-preview:large","max-video-preview":"max-video-preview:-1"},"canonical":"https:\/\/dicodusport.fr\/blog\/football-antoine-griezmann-forfait-pour-le-rassemblement-de-lequipe-de-france\/","og_locale":"fr_FR","og_type":"article","og_title":"Football : Antoine Griezmann forfait pour le rassemblement de l'\u00e9quipe de France","og_description":"\u00c9QUIPE DE FRANCE DE FOOTBALL - Antoine Griezmann d\u00e9clare forfait pour les deux matchs amicaux \u00e0 venir des Bleus, mettant ainsi fin \u00e0 une s\u00e9rie historique.","og_url":"https:\/\/dicodusport.fr\/blog\/football-antoine-griezmann-forfait-pour-le-rassemblement-de-lequipe-de-france\/","og_site_name":"Dicodusport","article_publisher":"https:\/\/www.facebook.com\/dicodusport","article_author":"https:\/\/www.facebook.com\/sebastien.gente\/","article_published_time":"2024-03-18T17:26:09+00:00","article_modified_time":"2024-03-18T18:34:25+00:00","og_image":[{"width":1200,"height":674,"url":"https:\/\/dicodusport.fr\/blog\/wp-content\/uploads\/2024\/03\/Football-Antoine-Griezmann-forfait-pour-le-rassemblement-de-lequipe-de-France.png","type":"image\/png"}],"author":"S\u00e9bastien Gente","twitter_card":"summary_large_image","twitter_title":"Football : Antoine Griezmann forfait pour le rassemblement de l'\u00e9quipe de France","twitter_creator":"@https:\/\/twitter.com\/globulo24","twitter_site":"@dicodusport","schema":{"@context":"https:\/\/schema.org","@graph":[{"@type":"NewsArticle","@id":"https:\/\/dicodusport.fr\/blog\/football-antoine-griezmann-forfait-pour-le-rassemblement-de-lequipe-de-france\/#article","isPartOf":{"@id":"https:\/\/dicodusport.fr\/blog\/football-antoine-griezmann-forfait-pour-le-rassemblement-de-lequipe-de-france\/"},"author":{"name":"S\u00e9bastien Gente","@id":"https:\/\/dicodusport.fr\/blog\/#\/schema\/person\/627966a6cde45dbd8c5e36ac85d783da"},"headline":"Football : Antoine Griezmann forfait pour le rassemblement de l&rsquo;\u00e9quipe de France","datePublished":"2024-03-18T17:26:09+00:00","dateModified":"2024-03-18T18:34:25+00:00","mainEntityOfPage":{"@id":"https:\/\/dicodusport.fr\/blog\/football-antoine-griezmann-forfait-pour-le-rassemblement-de-lequipe-de-france\/"},"wordCount":213,"commentCount":0,"publisher":{"@id":"https:\/\/dicodusport.fr\/blog\/#organization"},"image":{"@id":"https:\/\/dicodusport.fr\/blog\/football-antoine-griezmann-forfait-pour-le-rassemblement-de-lequipe-de-france\/#primaryimage"},"thumbnailUrl":"https:\/\/dicodusport.fr\/blog\/wp-content\/uploads\/2024\/03\/Football-Antoine-Griezmann-forfait-pour-le-rassemblement-de-lequipe-de-France.png","keywords":["Antoine Griezmann","br\u00e8ve","Equipe de France de football","Football"],"articleSection":["Football"],"inLanguage":"fr-FR","potentialAction":[{"@type":"CommentAction","name":"Comment","target":["https:\/\/dicodusport.fr\/blog\/football-antoine-griezmann-forfait-pour-le-rassemblement-de-lequipe-de-france\/#respond"]}],"copyrightYear":"2024","copyrightHolder":{"@id":"https:\/\/dicodusport.fr\/blog\/#organization"}},{"@type":"WebPage","@id":"https:\/\/dicodusport.fr\/blog\/football-antoine-griezmann-forfait-pour-le-rassemblement-de-lequipe-de-france\/","url":"https:\/\/dicodusport.fr\/blog\/football-antoine-griezmann-forfait-pour-le-rassemblement-de-lequipe-de-france\/","name":"Football : Antoine Griezmann forfait pour le rassemblement de l'\u00e9quipe de France","isPartOf":{"@id":"https:\/\/dicodusport.fr\/blog\/#website"},"primaryImageOfPage":{"@id":"https:\/\/dicodusport.fr\/blog\/football-antoine-griezmann-forfait-pour-le-rassemblement-de-lequipe-de-france\/#primaryimage"},"image":{"@id":"https:\/\/dicodusport.fr\/blog\/football-antoine-griezmann-forfait-pour-le-rassemblement-de-lequipe-de-france\/#primaryimage"},"thumbnailUrl":"https:\/\/dicodusport.fr\/blog\/wp-content\/uploads\/2024\/03\/Football-Antoine-Griezmann-forfait-pour-le-rassemblement-de-lequipe-de-France.png","datePublished":"2024-03-18T17:26:09+00:00","dateModified":"2024-03-18T18:34:25+00:00","description":"\u00c9QUIPE DE FRANCE DE FOOTBALL - Antoine Griezmann d\u00e9clare forfait pour les deux matchs amicaux \u00e0 venir des Bleus, mettant ainsi fin \u00e0 une s\u00e9rie historique.","breadcrumb":{"@id":"https:\/\/dicodusport.fr\/blog\/football-antoine-griezmann-forfait-pour-le-rassemblement-de-lequipe-de-france\/#breadcrumb"},"inLanguage":"fr-FR","potentialAction":[{"@type":"ReadAction","target":["https:\/\/dicodusport.fr\/blog\/football-antoine-griezmann-forfait-pour-le-rassemblement-de-lequipe-de-france\/"]}]},{"@type":"ImageObject","inLanguage":"fr-FR","@id":"https:\/\/dicodusport.fr\/blog\/football-antoine-griezmann-forfait-pour-le-rassemblement-de-lequipe-de-france\/#primaryimage","url":"https:\/\/dicodusport.fr\/blog\/wp-content\/uploads\/2024\/03\/Football-Antoine-Griezmann-forfait-pour-le-rassemblement-de-lequipe-de-France.png","contentUrl":"https:\/\/dicodusport.fr\/blog\/wp-content\/uploads\/2024\/03\/Football-Antoine-Griezmann-forfait-pour-le-rassemblement-de-lequipe-de-France.png","width":1200,"height":674,"caption":"Football Antoine Griezmann forfait pour le rassemblement de l'\u00e9quipe de France"},{"@type":"BreadcrumbList","@id":"https:\/\/dicodusport.fr\/blog\/football-antoine-griezmann-forfait-pour-le-rassemblement-de-lequipe-de-france\/#breadcrumb","itemListElement":[{"@type":"ListItem","position":1,"name":"Accueil","item":"https:\/\/dicodusport.fr\/blog\/"},{"@type":"ListItem","position":2,"name":"Football : Antoine Griezmann forfait pour le rassemblement de l&rsquo;\u00e9quipe de France"}]},{"@type":"WebSite","@id":"https:\/\/dicodusport.fr\/blog\/#website","url":"https:\/\/dicodusport.fr\/blog\/","name":"Dicodusport","description":"L&#039;encyclop\u00e9die de l&#039;actualit\u00e9 sportive","publisher":{"@id":"https:\/\/dicodusport.fr\/blog\/#organization"},"potentialAction":[{"@type":"SearchAction","target":{"@type":"EntryPoint","urlTemplate":"https:\/\/dicodusport.fr\/blog\/?s={search_term_string}"},"query-input":{"@type":"PropertyValueSpecification","valueRequired":true,"valueName":"search_term_string"}}],"inLanguage":"fr-FR"},{"@type":"NewsMediaOrganization","@id":"https:\/\/dicodusport.fr\/blog\/#organization","name":"Dicodusport","url":"https:\/\/dicodusport.fr\/blog\/","logo":{"@type":"ImageObject","inLanguage":"fr-FR","@id":"https:\/\/dicodusport.fr\/blog\/#\/schema\/logo\/image\/","url":"https:\/\/dicodusport.fr\/blog\/wp-content\/uploads\/2020\/06\/cropped-LOGO-DICODUSPORT-2020-SANS-FOND-SANS-TEXTE.png","contentUrl":"https:\/\/dicodusport.fr\/blog\/wp-content\/uploads\/2020\/06\/cropped-LOGO-DICODUSPORT-2020-SANS-FOND-SANS-TEXTE.png","width":512,"height":512,"caption":"Dicodusport"},"image":{"@id":"https:\/\/dicodusport.fr\/blog\/#\/schema\/logo\/image\/"},"sameAs":["https:\/\/www.facebook.com\/dicodusport","https:\/\/x.com\/dicodusport","https:\/\/www.instagram.com\/dicodusport\/","https:\/\/www.youtube.com\/channel\/UC7V2KZ5sd3htJivAbA4ZG3w"],"description":"Dicodusport est l'encyclop\u00e9die de l'actualit\u00e9 sportive.","email":"bonjour@dicodusport.fr","legalName":"DICODUSPORT","foundingDate":"2018-01-14","vatID":"FR71834470973","taxID":"83447097300043","numberOfEmployees":{"@type":"QuantitativeValue","minValue":"1","maxValue":"10"}},{"@type":"Person","@id":"https:\/\/dicodusport.fr\/blog\/#\/schema\/person\/627966a6cde45dbd8c5e36ac85d783da","name":"S\u00e9bastien Gente","image":{"@type":"ImageObject","inLanguage":"fr-FR","@id":"https:\/\/dicodusport.fr\/blog\/#\/schema\/person\/image\/","url":"https:\/\/dicodusport.fr\/blog\/wp-content\/uploads\/2021\/09\/1510990_10205810251400683_4124423575079401707_n-150x150.jpg","contentUrl":"https:\/\/dicodusport.fr\/blog\/wp-content\/uploads\/2021\/09\/1510990_10205810251400683_4124423575079401707_n-150x150.jpg","caption":"S\u00e9bastien Gente"},"description":"John Stockton, Gianni Bugno, Zinedine Zidane, Steffi Graf, Frode Andresen, St\u00e9phane Stoecklin, Davis Kamoga, Primoz Peterka, Werner Schlager et Aur\u00e9lien Rougerie. Point commun entre ces sportifs? Ils m'ont fait r\u00eaver et ont berc\u00e9 mon adolescence. Je suis un fondu de sports et j'essaie de retranscrire ma passion \u00e0 travers mes articles. Originaire du P\u00e9rigord, ma passion pour les Girondins, les Jaunards et les Jazzmen transpire dans mes \u00e9crits. \u00c0 Dicodusport depuis 2021, je d\u00e9niche les sports m\u00e9connus dans lesquels la France brille, et il y en a !","sameAs":["https:\/\/www.facebook.com\/sebastien.gente\/","https:\/\/www.instagram.com\/sebgente\/","https:\/\/www.linkedin.com\/in\/sbastien-gente-a29583169\/","https:\/\/x.com\/https:\/\/twitter.com\/globulo24","SebastienGente"],"worksFor":"S\u00e9bastien GENTE","url":"https:\/\/dicodusport.fr\/blog\/author\/sebastiengente\/"}]}},"_links":{"self":[{"href":"https:\/\/dicodusport.fr\/blog\/wp-json\/wp\/v2\/posts\/473134","targetHints":{"allow":["GET"]}}],"collection":[{"href":"https:\/\/dicodusport.fr\/blog\/wp-json\/wp\/v2\/posts"}],"about":[{"href":"https:\/\/dicodusport.fr\/blog\/wp-json\/wp\/v2\/types\/post"}],"author":[{"embeddable":true,"href":"https:\/\/dicodusport.fr\/blog\/wp-json\/wp\/v2\/users\/59"}],"replies":[{"embeddable":true,"href":"https:\/\/dicodusport.fr\/blog\/wp-json\/wp\/v2\/comments?post=473134"}],"version-history":[{"count":2,"href":"https:\/\/dicodusport.fr\/blog\/wp-json\/wp\/v2\/posts\/473134\/revisions"}],"predecessor-version":[{"id":473143,"href":"https:\/\/dicodusport.fr\/blog\/wp-json\/wp\/v2\/posts\/473134\/revisions\/473143"}],"wp:featuredmedia":[{"embeddable":true,"href":"https:\/\/dicodusport.fr\/blog\/wp-json\/wp\/v2\/media\/473135"}],"wp:attachment":[{"href":"https:\/\/dicodusport.fr\/blog\/wp-json\/wp\/v2\/media?parent=473134"}],"wp:term":[{"taxonomy":"category","embeddable":true,"href":"https:\/\/dicodusport.fr\/blog\/wp-json\/wp\/v2\/categories?post=473134"},{"taxonomy":"post_tag","embeddable":true,"href":"https:\/\/dicodusport.fr\/blog\/wp-json\/wp\/v2\/tags?post=473134"}],"curies":[{"name":"wp","href":"https:\/\/api.w.org\/{rel}","templated":true}]}}