{"id":473161,"date":"2024-03-19T12:53:04","date_gmt":"2024-03-19T11:53:04","guid":{"rendered":"https:\/\/dicodusport.fr\/blog\/?p=473161&#038;preview=true&#038;preview_id=473161"},"modified":"2025-07-09T18:40:11","modified_gmt":"2025-07-09T16:40:11","slug":"biathlon-la-saison-2023-2024-de-lequipe-de-france-en-chiffres","status":"publish","type":"post","link":"https:\/\/dicodusport.fr\/blog\/biathlon-la-saison-2023-2024-de-lequipe-de-france-en-chiffres\/","title":{"rendered":"Biathlon : La saison 2023-2024 de l&rsquo;\u00e9quipe de France en chiffres"},"content":{"rendered":"<p style=\"text-align: justify;\"><strong><em>COUPE DU MONDE DE BIATHLON 2023\/2024 &#8211; Alors que la saison vient de s&rsquo;achever et que la prochaine d\u00e9butera dans un peu plus de 250 jours, le 30 novembre prochain, l&rsquo;heure est venue de revenir sur les performances de l&rsquo;\u00e9quipe de France, chiffres \u00e0 l&rsquo;appui.<\/em><\/strong><\/p>\n<ul>\n<li><strong>\u00c0 ce sujet &#8211; <a href=\"https:\/\/dicodusport.fr\/blog\/coupe-du-monde-de-biathlon-2023-2024-le-calendrier-complet\/\">Les r\u00e9sultats complets de la Coupe du monde de biathlon 2023-2024<\/a><\/strong><\/li>\n<\/ul>\n<p style=\"text-align: justify;\">Cette saison a \u00e9t\u00e9 marqu\u00e9e chez les hommes par l&rsquo;ultra-domination des Norv\u00e9giens, \u00e0 l&rsquo;image de la saison derni\u00e8re. Les <strong>Bleus<\/strong> ont tent\u00e9 d&rsquo;exister et terminent la saison de mani\u00e8re honorable, apr\u00e8s plusieurs mois difficiles. Chez les femmes au contraire, l&rsquo;\u00e9quipe de France ach\u00e8ve une saison historique et record. L&rsquo;\u00e9quipe de Dicodusport vous propose de d\u00e9couvrir certaines statistiques qui t\u00e9moignent du caract\u00e8re singulier de cette saison. Notez par ailleurs que les donn\u00e9es suivantes prennent en compte les r\u00e9sultats en Coupe du monde ET lors des Championnats du monde.<\/p>\n<h2 style=\"text-align: justify;\">34<\/h2>\n<p style=\"text-align: justify;\">C&rsquo;est le nombre de podiums de l&rsquo;\u00e9quipe de France f\u00e9minine sur les courses individuelles. Le tout en <strong>25<\/strong> courses, performance historique ! Ainsi, lors de <strong>13<\/strong> d&rsquo;entre elles, il y a eu au minimum deux Fran\u00e7aises sur le podium dont <strong>1<\/strong> tripl\u00e9 sur le sprint des Championnats du monde. On \u00e9voque souvent les scores au tir, mais s&rsquo;il fallait noter cette \u00e9quipe de France, le 10\/10 ne serait pas loin ! Il faut \u00e9galement en ajouter <strong>4<\/strong> gr\u00e2ce au relais f\u00e9minin (<strong>3<\/strong> victoires).<\/p>\n<div class=\"vlp-link-container vlp-layout-article\"><a href=\"https:\/\/dicodusport.fr\/blog\/biathlon-championnats-du-monde-2024-julia-simon-titree-sur-le-sprint-quadruple-bleu-historique\/\" class=\"vlp-link\" title=\"Biathlon Championnats du monde 2024 : Julia Simon titr\u00e9e sur le sprint, quadrupl\u00e9 bleu historique !\"><\/a><div class=\"vlp-layout-zone-side\"><div class=\"vlp-block-4 vlp-link-image\"><img loading=\"lazy\" decoding=\"async\" style=\"max-width: 792px;\" width=\"792\" height=\"445\" src=\"https:\/\/dicodusport.fr\/blog\/wp-content\/uploads\/2024\/02\/Biathlon-Championnats-du-monde-2024-Julia-Simon-titree-sur-le-sprint-quadruple-bleu-historique-1.png\" class=\"attachment-800x445 size-800x445\" alt=\"Biathlon Championnats du monde 2024 Julia Simon titr\u00e9e sur le sprint, quadrupl\u00e9 bleu historique ! (1)\" srcset=\"https:\/\/dicodusport.fr\/blog\/wp-content\/uploads\/2024\/02\/Biathlon-Championnats-du-monde-2024-Julia-Simon-titree-sur-le-sprint-quadruple-bleu-historique-1.png 1200w, https:\/\/dicodusport.fr\/blog\/wp-content\/uploads\/2024\/02\/Biathlon-Championnats-du-monde-2024-Julia-Simon-titree-sur-le-sprint-quadruple-bleu-historique-1-300x169.png 300w, https:\/\/dicodusport.fr\/blog\/wp-content\/uploads\/2024\/02\/Biathlon-Championnats-du-monde-2024-Julia-Simon-titree-sur-le-sprint-quadruple-bleu-historique-1-1024x575.png 1024w, https:\/\/dicodusport.fr\/blog\/wp-content\/uploads\/2024\/02\/Biathlon-Championnats-du-monde-2024-Julia-Simon-titree-sur-le-sprint-quadruple-bleu-historique-1-768x431.png 768w\" sizes=\"auto, (max-width: 792px) 100vw, 792px\" \/><\/div><\/div><div class=\"vlp-layout-zone-main\"><div class=\"vlp-block-0 vlp-link-title\">Biathlon Championnats du monde 2024 : Julia Simon titr\u00e9e sur le sprint, quadrupl\u00e9 bleu historique !<\/div><div class=\"vlp-block-1 vlp-link-summary\">CHAMPIONNATS DU MONDE DE BIATHLON 2024 - Au terme d'une course exceptionnelle et historique, les Fran\u00e7aises du biathlon ont r\u00e9alis\u00e9 un quadrupl\u00e9.<\/div><div class=\"vlp-block-2 vlp-link-button\">Lire l'article<\/div><div class=\"vlp-block-3 vlp-link-url\">dicodusport.fr<\/div><\/div><\/div>\n<h2 style=\"text-align: justify;\">13<\/h2>\n<p style=\"text-align: justify;\">Le record absolu de m\u00e9dailles d\u00e9croch\u00e9es par l&rsquo;\u00e9quipe de France lors des Championnats du monde. C&rsquo;est mieux encore que les <strong>10<\/strong> m\u00e9dailles d&rsquo;Oslo en 2016. Les Fran\u00e7ais repartent donc de Nove Mesto avec <strong>6<\/strong> titres, <strong>1<\/strong> m\u00e9daille d&rsquo;argent et <strong>6<\/strong> de bronze. Ils devancent la Norv\u00e8ge au tableau des m\u00e9dailles (12 breloques, 4 titres).<\/p>\n<ul>\n<li style=\"text-align: justify;\"><strong>\u00c0 ce sujet &#8211; <a href=\"https:\/\/dicodusport.fr\/blog\/tableau-des-medailles-biathlon-championnats-du-monde-2024\/\">Biathlon Championnats du monde \u2013 Tableau des m\u00e9dailles<\/a><\/strong><\/li>\n<\/ul>\n<h2 style=\"text-align: justify;\">84<\/h2>\n<p style=\"text-align: justify;\">C&rsquo;est le nombre de jours qui s\u00e9parent la premi\u00e8re course individuelle pour les hommes de leur premier podium. Il s&rsquo;agissait du bronze, obtenu par <strong>Quentin Fillon-Maillet<\/strong> lors de la mass start des Championnats du monde le 18 f\u00e9vrier. Jamais sans doute, l&rsquo;\u00e9quipe de France masculine n&rsquo;avait connu une telle p\u00e9riode de disette depuis le d\u00e9but des ann\u00e9es Fourcade. Par la suite, les Fran\u00e7ais en ont obtenu cinq autres (pour <strong>1<\/strong> victoire) portant le total \u00e0 <strong>6<\/strong>, tous \u00e0 mettre au cr\u00e9dit d&rsquo;<strong>\u00c9milien Jacquelin<\/strong> et<strong> Eric Perrot<\/strong>.<\/p>\n<h2 style=\"text-align: justify;\">52<\/h2>\n<p style=\"text-align: justify;\">En plus des <strong>34<\/strong> podiums des femmes en individuel, des <strong>4<\/strong> lors des relais et des <strong>6<\/strong> pour les messieurs, il faut ajouter <strong>5<\/strong> podiums (dont <strong>4<\/strong> victoires) sur les relais mixtes ainsi que <strong>3<\/strong> podiums sur les relais masculins pour arriver \u00e0 un total de <strong>52<\/strong> podiums obtenus au cours de la saison !<\/p>\n<h2 style=\"text-align: justify;\">22<\/h2>\n<p style=\"text-align: justify;\">Comme le nombre de victoires fran\u00e7aises (courses individuelles et relais confondus) ! Le tout en <strong>70<\/strong> courses, soit un taux de <strong>31%<\/strong>, tout simplement ph\u00e9nom\u00e9nal.<\/p>\n<h2 style=\"text-align: justify;\">3<\/h2>\n<p style=\"text-align: justify;\">Le nombre de saisons cons\u00e9cutives o\u00f9 la France et ses biathl\u00e8tes ont remport\u00e9 <em>a minima<\/em> deux globes de cristal. Cette saison, la France s&rsquo;est impos\u00e9e sur la Coupe des Nations f\u00e9minine tandis que <strong>Lou Jeanmonnot<\/strong> a d\u00e9croch\u00e9 le petit globe de la mass start. Il faut remonter \u00e0 2020-2021 pour retrouver la trace d&rsquo;une saison sans aucun globe ! <strong>3<\/strong>, c&rsquo;est \u00e9galement le nombre de Fran\u00e7aises dans le top 5 du g\u00e9n\u00e9ral \u00e0 l&rsquo;issue de la saison !<\/p>\n<blockquote class=\"twitter-tweet\">\n<p dir=\"ltr\" lang=\"fr\">\ud83c\uddeb\ud83c\uddf7 Lou Jeanmonnot pose avec son petit globe de la mass start<br \/>\nLisa Vittozzi soul\u00e8ve le gros globe de cristal<br \/>\n<a href=\"https:\/\/twitter.com\/hashtag\/lequipeBIATHLON?src=hash&amp;ref_src=twsrc%5Etfw\">#lequipeBIATHLON<\/a> <a href=\"https:\/\/t.co\/lHXw5gFK3k\">pic.twitter.com\/lHXw5gFK3k<\/a><\/p>\n<p>\u2014 la chaine L&rsquo;\u00c9quipe (@lachainelequipe) <a href=\"https:\/\/twitter.com\/lachainelequipe\/status\/1769427967262806414?ref_src=twsrc%5Etfw\">March 17, 2024<\/a><\/p><\/blockquote>\n<p><script async src=\"https:\/\/platform.twitter.com\/widgets.js\" charset=\"utf-8\"><\/script><\/p>\n<h2 style=\"text-align: justify;\">1<\/h2>\n<p style=\"text-align: justify;\">Une seule \u00e9tape du circuit (sur 10 en comptant les Mondiaux) s&rsquo;est sold\u00e9e sans victoire fran\u00e7aise : il s&rsquo;agit de celle d&rsquo;Hochfilzen, d\u00e9but d\u00e9cembre. Celle de Ruhpolding en revanche, est la seule au cours de laquelle les Tricolores n&rsquo;ont pas d\u00e9croch\u00e9 le moindre podium en individuel (victoire sur relais femmes n\u00e9anmoins).<\/p>\n<h2 style=\"text-align: justify;\">5<\/h2>\n<p style=\"text-align: justify;\">Le nombre de Fran\u00e7aises mont\u00e9es sur un podium (<strong>Lou Jeanmonnot, Justine Braisaz-Bouchet, Julia Simon, Sophie Chauveau, Gilonne Guigonnat<\/strong>). Seules <strong>Jeanne Richard<\/strong> (arriv\u00e9e sur le circuit en cours de saison), <strong>Chlo\u00e9 Chevalier<\/strong> (qui a arr\u00eat\u00e9 sa saison pr\u00e9matur\u00e9ment) et <strong>Oc\u00e9ane Michelon<\/strong> (4 courses seulement) n&rsquo;en ont pas d\u00e9croch\u00e9. <strong>Jeanne Richard<\/strong> a toutefois r\u00e9ussi la magnifique performance de rentrer dans le top 10 (8\u00e8me) pour sa premi\u00e8re course sur le circuit.<\/p>\n<h2 style=\"text-align: justify;\">4<\/h2>\n<p style=\"text-align: justify;\">La performance remarquable de <strong>Justine Braisaz-Bouchet<\/strong>, qui a compil\u00e9 <strong>4<\/strong> succ\u00e8s d&rsquo;affil\u00e9e sur des courses individuelles. Elle a ainsi remport\u00e9 le sprint, la poursuite et la mass-start de Lenzerheide ainsi que le sprint d&rsquo;Oberhof. La s\u00e9rie s&rsquo;\u00e9tend m\u00eame \u00e0 <strong>7<\/strong> podiums cons\u00e9cutifs gr\u00e2ce \u00e0 la poursuite d&rsquo;Oberhof (<strong>2\u00e8me<\/strong>) et au relais f\u00e9minin (<strong>3\u00e8me<\/strong> et <strong>1\u00e8re<\/strong> places de la France \u00e0 Hochfilzen et Oberhof).<\/p>\n<ul>\n<li style=\"text-align: justify;\"><strong>\u00c0 ce sujet &#8211; <a href=\"https:\/\/dicodusport.fr\/blog\/coupe-du-monde-de-biathlon-jacquelin-perrot-fillon-maillet-les-notes-des-bleus\/\">Coupe du monde de biathlon : Jacquelin, Perrot, Fillon Maillet, les notes des Bleus<\/a>\u00a0<\/strong><\/li>\n<\/ul>\n<h2 style=\"text-align: justify;\">450<\/h2>\n<p style=\"text-align: justify;\">Le nombre de points gagn\u00e9s par Lou Jeanmonnot lors des <strong>6<\/strong> derni\u00e8res courses en individuel de la saison (<strong>6<\/strong> podiums). <strong>450<\/strong> points sur <strong>540<\/strong> possibles : un total ph\u00e9nom\u00e9nal seulement battu par Justine Braisaz-Bouchet (<strong>475<\/strong>) lors de la s\u00e9rie \u00e9voqu\u00e9e pr\u00e9c\u00e9demment.<\/p>\n<h2 style=\"text-align: justify;\">95 %<\/h2>\n<p style=\"text-align: justify;\">C&rsquo;est la r\u00e9ussite de <strong>Jeanne Richard<\/strong> au tir couch\u00e9, meilleur taux devant <strong>Gilonne Guigonnat<\/strong> et <strong>Lou Jeanmonnot<\/strong>, <strong>94%<\/strong> chacune. Chez les hommes, c&rsquo;est <strong>Oscar Lombardot<\/strong> qui dispose du meilleur total avec <strong>91%<\/strong>. Ces donn\u00e9es sont \u00e0 relativiser puisque ce dernier n&rsquo;a que huit courses \u00e0 son compteur lors de la saison de Coupe du monde.<\/p>\n<h2 style=\"text-align: justify;\">15<\/h2>\n<p style=\"text-align: justify;\">C&rsquo;est le nombre de Fran\u00e7ais \u00e0 avoir marqu\u00e9 des points cette saison (<strong>8<\/strong> femmes, <strong>7<\/strong> hommes). C&rsquo;est <strong>1<\/strong> de plus que la saison derni\u00e8re et autant qu&rsquo;en 2021-2022. Jamais la France n&rsquo;a fait mieux durant les huit derni\u00e8res saisons.<\/p>\n<blockquote class=\"twitter-tweet\">\n<p dir=\"ltr\" lang=\"fr\">Tableau des m\u00e9dailles par nation saison 2023\/2024<\/p>\n<p>\ud83e\udd47Norv\u00e8ge \ud83c\uddf3\ud83c\uddf4<br \/>\n\ud83e\udd48France \ud83c\uddeb\ud83c\uddf7<br \/>\n\ud83e\udd49Allemagne \ud83c\udde9\ud83c\uddea<\/p>\n<p>Record absolue pour l\u2019\u00e9quipe de France. <a href=\"https:\/\/t.co\/rUAE2Axfvy\">pic.twitter.com\/rUAE2Axfvy<\/a><\/p>\n<p>\u2014 Biathlon_FRA\ud83c\udfbf (@Biathlon_FRA) <a href=\"https:\/\/twitter.com\/Biathlon_FRA\/status\/1769490290866303239?ref_src=twsrc%5Etfw\">March 17, 2024<\/a><\/p><\/blockquote>\n<p><script async src=\"https:\/\/platform.twitter.com\/widgets.js\" charset=\"utf-8\"><\/script><\/p>\n<p>&nbsp;<\/p>\n","protected":false},"excerpt":{"rendered":"<p>COUPE DU MONDE DE BIATHLON 2023\/2024 &#8211; Retour sur la saison de l&rsquo;\u00e9quipe de France gr\u00e2ce \u00e0 un floril\u00e8ge de chiffres marquants.<\/p>\n","protected":false},"author":91,"featured_media":473194,"comment_status":"open","ping_status":"closed","sticky":false,"template":"","format":"standard","meta":{"_acf_changed":false,"_daextam_enable_autolinks":"1","footnotes":""},"categories":[47040],"tags":[2427,16878,2865],"class_list":["post-473161","post","type-post","status-publish","format-standard","has-post-thumbnail","hentry","category-coupe-du-monde-de-biathlon","tag-biathlon","tag-breve","tag-equipe-de-france-de-biathlon"],"acf":[],"yoast_head":"<!-- This site is optimized with the Yoast SEO Premium plugin v26.7 (Yoast SEO v26.7) - https:\/\/yoast.com\/wordpress\/plugins\/seo\/ -->\n<title>Biathlon : La saison 2023-2024 de l&#039;\u00e9quipe de France en chiffres<\/title>\n<meta name=\"description\" content=\"COUPE DU MONDE DE BIATHLON 2023\/2024 - Retour sur la saison de l&#039;\u00e9quipe de France gr\u00e2ce \u00e0 un floril\u00e8ge de chiffres marquants.\" \/>\n<meta name=\"robots\" content=\"index, follow, max-snippet:-1, max-image-preview:large, max-video-preview:-1\" \/>\n<link rel=\"canonical\" href=\"https:\/\/dicodusport.fr\/blog\/biathlon-la-saison-2023-2024-de-lequipe-de-france-en-chiffres\/\" \/>\n<meta property=\"og:locale\" content=\"fr_FR\" \/>\n<meta property=\"og:type\" content=\"article\" \/>\n<meta property=\"og:title\" content=\"Biathlon : La saison 2023-2024 de l&#039;\u00e9quipe de France en chiffres\" \/>\n<meta property=\"og:description\" content=\"COUPE DU MONDE DE BIATHLON 2023\/2024 - Retour sur la saison de l&#039;\u00e9quipe de France gr\u00e2ce \u00e0 un floril\u00e8ge de chiffres marquants.\" \/>\n<meta property=\"og:url\" content=\"https:\/\/dicodusport.fr\/blog\/biathlon-la-saison-2023-2024-de-lequipe-de-france-en-chiffres\/\" \/>\n<meta property=\"og:site_name\" content=\"Dicodusport\" \/>\n<meta property=\"article:publisher\" content=\"https:\/\/www.facebook.com\/dicodusport\" \/>\n<meta property=\"article:published_time\" content=\"2024-03-19T11:53:04+00:00\" \/>\n<meta property=\"article:modified_time\" content=\"2025-07-09T16:40:11+00:00\" \/>\n<meta property=\"og:image\" content=\"https:\/\/dicodusport.fr\/blog\/wp-content\/uploads\/2024\/03\/Biathlon-La-saison-2023-2024-de-lequipe-de-France-en-chiffres.png\" \/>\n\t<meta property=\"og:image:width\" content=\"1200\" \/>\n\t<meta property=\"og:image:height\" content=\"674\" \/>\n\t<meta property=\"og:image:type\" content=\"image\/png\" \/>\n<meta name=\"author\" content=\"Victor Clot-Amiot\" \/>\n<meta name=\"twitter:card\" content=\"summary_large_image\" \/>\n<meta name=\"twitter:title\" content=\"Biathlon : La saison 2023-2024 de l&#039;\u00e9quipe de France en chiffres\" \/>\n<meta name=\"twitter:creator\" content=\"@https:\/\/x.com\/VictorClotAmiot\" \/>\n<meta name=\"twitter:site\" content=\"@dicodusport\" \/>\n<script type=\"application\/ld+json\" class=\"yoast-schema-graph\">{\"@context\":\"https:\/\/schema.org\",\"@graph\":[{\"@type\":\"NewsArticle\",\"@id\":\"https:\/\/dicodusport.fr\/blog\/biathlon-la-saison-2023-2024-de-lequipe-de-france-en-chiffres\/#article\",\"isPartOf\":{\"@id\":\"https:\/\/dicodusport.fr\/blog\/biathlon-la-saison-2023-2024-de-lequipe-de-france-en-chiffres\/\"},\"author\":{\"name\":\"Victor Clot-Amiot\",\"@id\":\"https:\/\/dicodusport.fr\/blog\/#\/schema\/person\/b623199cba9ba90fe84a3d16e9282360\"},\"headline\":\"Biathlon : La saison 2023-2024 de l&rsquo;\u00e9quipe de France en chiffres\",\"datePublished\":\"2024-03-19T11:53:04+00:00\",\"dateModified\":\"2025-07-09T16:40:11+00:00\",\"mainEntityOfPage\":{\"@id\":\"https:\/\/dicodusport.fr\/blog\/biathlon-la-saison-2023-2024-de-lequipe-de-france-en-chiffres\/\"},\"wordCount\":1103,\"commentCount\":0,\"publisher\":{\"@id\":\"https:\/\/dicodusport.fr\/blog\/#organization\"},\"image\":{\"@id\":\"https:\/\/dicodusport.fr\/blog\/biathlon-la-saison-2023-2024-de-lequipe-de-france-en-chiffres\/#primaryimage\"},\"thumbnailUrl\":\"https:\/\/dicodusport.fr\/blog\/wp-content\/uploads\/2024\/03\/Biathlon-La-saison-2023-2024-de-lequipe-de-France-en-chiffres.png\",\"keywords\":[\"Biathlon\",\"br\u00e8ve\",\"Equipe de France de Biathlon\"],\"articleSection\":[\"Coupe du monde de biathlon\"],\"inLanguage\":\"fr-FR\",\"potentialAction\":[{\"@type\":\"CommentAction\",\"name\":\"Comment\",\"target\":[\"https:\/\/dicodusport.fr\/blog\/biathlon-la-saison-2023-2024-de-lequipe-de-france-en-chiffres\/#respond\"]}],\"copyrightYear\":\"2024\",\"copyrightHolder\":{\"@id\":\"https:\/\/dicodusport.fr\/blog\/#organization\"}},{\"@type\":\"WebPage\",\"@id\":\"https:\/\/dicodusport.fr\/blog\/biathlon-la-saison-2023-2024-de-lequipe-de-france-en-chiffres\/\",\"url\":\"https:\/\/dicodusport.fr\/blog\/biathlon-la-saison-2023-2024-de-lequipe-de-france-en-chiffres\/\",\"name\":\"Biathlon : La saison 2023-2024 de l'\u00e9quipe de France en chiffres\",\"isPartOf\":{\"@id\":\"https:\/\/dicodusport.fr\/blog\/#website\"},\"primaryImageOfPage\":{\"@id\":\"https:\/\/dicodusport.fr\/blog\/biathlon-la-saison-2023-2024-de-lequipe-de-france-en-chiffres\/#primaryimage\"},\"image\":{\"@id\":\"https:\/\/dicodusport.fr\/blog\/biathlon-la-saison-2023-2024-de-lequipe-de-france-en-chiffres\/#primaryimage\"},\"thumbnailUrl\":\"https:\/\/dicodusport.fr\/blog\/wp-content\/uploads\/2024\/03\/Biathlon-La-saison-2023-2024-de-lequipe-de-France-en-chiffres.png\",\"datePublished\":\"2024-03-19T11:53:04+00:00\",\"dateModified\":\"2025-07-09T16:40:11+00:00\",\"description\":\"COUPE DU MONDE DE BIATHLON 2023\/2024 - Retour sur la saison de l'\u00e9quipe de France gr\u00e2ce \u00e0 un floril\u00e8ge de chiffres marquants.\",\"breadcrumb\":{\"@id\":\"https:\/\/dicodusport.fr\/blog\/biathlon-la-saison-2023-2024-de-lequipe-de-france-en-chiffres\/#breadcrumb\"},\"inLanguage\":\"fr-FR\",\"potentialAction\":[{\"@type\":\"ReadAction\",\"target\":[\"https:\/\/dicodusport.fr\/blog\/biathlon-la-saison-2023-2024-de-lequipe-de-france-en-chiffres\/\"]}]},{\"@type\":\"ImageObject\",\"inLanguage\":\"fr-FR\",\"@id\":\"https:\/\/dicodusport.fr\/blog\/biathlon-la-saison-2023-2024-de-lequipe-de-france-en-chiffres\/#primaryimage\",\"url\":\"https:\/\/dicodusport.fr\/blog\/wp-content\/uploads\/2024\/03\/Biathlon-La-saison-2023-2024-de-lequipe-de-France-en-chiffres.png\",\"contentUrl\":\"https:\/\/dicodusport.fr\/blog\/wp-content\/uploads\/2024\/03\/Biathlon-La-saison-2023-2024-de-lequipe-de-France-en-chiffres.png\",\"width\":1200,\"height\":674,\"caption\":\"Biathlon La saison 2023-2024 de l'\u00e9quipe de France en chiffres\"},{\"@type\":\"BreadcrumbList\",\"@id\":\"https:\/\/dicodusport.fr\/blog\/biathlon-la-saison-2023-2024-de-lequipe-de-france-en-chiffres\/#breadcrumb\",\"itemListElement\":[{\"@type\":\"ListItem\",\"position\":1,\"name\":\"Accueil\",\"item\":\"https:\/\/dicodusport.fr\/blog\/\"},{\"@type\":\"ListItem\",\"position\":2,\"name\":\"Biathlon : La saison 2023-2024 de l&rsquo;\u00e9quipe de France en chiffres\"}]},{\"@type\":\"WebSite\",\"@id\":\"https:\/\/dicodusport.fr\/blog\/#website\",\"url\":\"https:\/\/dicodusport.fr\/blog\/\",\"name\":\"Dicodusport\",\"description\":\"L&#039;encyclop\u00e9die de l&#039;actualit\u00e9 sportive\",\"publisher\":{\"@id\":\"https:\/\/dicodusport.fr\/blog\/#organization\"},\"potentialAction\":[{\"@type\":\"SearchAction\",\"target\":{\"@type\":\"EntryPoint\",\"urlTemplate\":\"https:\/\/dicodusport.fr\/blog\/?s={search_term_string}\"},\"query-input\":{\"@type\":\"PropertyValueSpecification\",\"valueRequired\":true,\"valueName\":\"search_term_string\"}}],\"inLanguage\":\"fr-FR\"},{\"@type\":\"NewsMediaOrganization\",\"@id\":\"https:\/\/dicodusport.fr\/blog\/#organization\",\"name\":\"Dicodusport\",\"url\":\"https:\/\/dicodusport.fr\/blog\/\",\"logo\":{\"@type\":\"ImageObject\",\"inLanguage\":\"fr-FR\",\"@id\":\"https:\/\/dicodusport.fr\/blog\/#\/schema\/logo\/image\/\",\"url\":\"https:\/\/dicodusport.fr\/blog\/wp-content\/uploads\/2020\/06\/cropped-LOGO-DICODUSPORT-2020-SANS-FOND-SANS-TEXTE.png\",\"contentUrl\":\"https:\/\/dicodusport.fr\/blog\/wp-content\/uploads\/2020\/06\/cropped-LOGO-DICODUSPORT-2020-SANS-FOND-SANS-TEXTE.png\",\"width\":512,\"height\":512,\"caption\":\"Dicodusport\"},\"image\":{\"@id\":\"https:\/\/dicodusport.fr\/blog\/#\/schema\/logo\/image\/\"},\"sameAs\":[\"https:\/\/www.facebook.com\/dicodusport\",\"https:\/\/x.com\/dicodusport\",\"https:\/\/www.instagram.com\/dicodusport\/\",\"https:\/\/www.youtube.com\/channel\/UC7V2KZ5sd3htJivAbA4ZG3w\"],\"description\":\"Dicodusport est l'encyclop\u00e9die de l'actualit\u00e9 sportive.\",\"email\":\"bonjour@dicodusport.fr\",\"legalName\":\"DICODUSPORT\",\"foundingDate\":\"2018-01-14\",\"vatID\":\"FR71834470973\",\"taxID\":\"83447097300043\",\"numberOfEmployees\":{\"@type\":\"QuantitativeValue\",\"minValue\":\"1\",\"maxValue\":\"10\"}},{\"@type\":\"Person\",\"@id\":\"https:\/\/dicodusport.fr\/blog\/#\/schema\/person\/b623199cba9ba90fe84a3d16e9282360\",\"name\":\"Victor Clot-Amiot\",\"image\":{\"@type\":\"ImageObject\",\"inLanguage\":\"fr-FR\",\"@id\":\"https:\/\/dicodusport.fr\/blog\/#\/schema\/person\/image\/\",\"url\":\"https:\/\/dicodusport.fr\/blog\/wp-content\/uploads\/2023\/09\/IMG_20190826_114722-150x150.jpg\",\"contentUrl\":\"https:\/\/dicodusport.fr\/blog\/wp-content\/uploads\/2023\/09\/IMG_20190826_114722-150x150.jpg\",\"caption\":\"Victor Clot-Amiot\"},\"description\":\"Passionn\u00e9 de sport depuis toujours, un jour \u00e0 l'adolescence mes parents m'ont dit : \\\"quitte \u00e0 passer ton temps \u00e0 regarder du sport, au moins va le voir en vrai\\\" ! Depuis, cette remarque ne m'a plus quitt\u00e9 et je passe une grande partie de mon temps libre \u00e0 assister \u00e0 des comp\u00e9titions de tous sports. Je m\u00eale d'ailleurs mes deux passions, le sport et les voyages afin de faire une pierre deux coups ! Outre l'US Open ou l'Euro 2021 par exemple, j'ai assist\u00e9 cet \u00e9t\u00e9 aux Mondiaux d'athl\u00e9tisme \u00e0 Budapest. Mon plus gros coup dur est et restera les JO 2020-2021 pour lesquels j'avais r\u00e9serv\u00e9 17 \u00e9preuves. La suite, vous la connaissez...\",\"sameAs\":[\"https:\/\/x.com\/https:\/\/x.com\/VictorClotAmiot\"],\"url\":\"https:\/\/dicodusport.fr\/blog\/author\/victor-clot-amiot\/\"}]}<\/script>\n<!-- \/ Yoast SEO Premium plugin. -->","yoast_head_json":{"title":"Biathlon : La saison 2023-2024 de l'\u00e9quipe de France en chiffres","description":"COUPE DU MONDE DE BIATHLON 2023\/2024 - Retour sur la saison de l'\u00e9quipe de France gr\u00e2ce \u00e0 un floril\u00e8ge de chiffres marquants.","robots":{"index":"index","follow":"follow","max-snippet":"max-snippet:-1","max-image-preview":"max-image-preview:large","max-video-preview":"max-video-preview:-1"},"canonical":"https:\/\/dicodusport.fr\/blog\/biathlon-la-saison-2023-2024-de-lequipe-de-france-en-chiffres\/","og_locale":"fr_FR","og_type":"article","og_title":"Biathlon : La saison 2023-2024 de l'\u00e9quipe de France en chiffres","og_description":"COUPE DU MONDE DE BIATHLON 2023\/2024 - Retour sur la saison de l'\u00e9quipe de France gr\u00e2ce \u00e0 un floril\u00e8ge de chiffres marquants.","og_url":"https:\/\/dicodusport.fr\/blog\/biathlon-la-saison-2023-2024-de-lequipe-de-france-en-chiffres\/","og_site_name":"Dicodusport","article_publisher":"https:\/\/www.facebook.com\/dicodusport","article_published_time":"2024-03-19T11:53:04+00:00","article_modified_time":"2025-07-09T16:40:11+00:00","og_image":[{"width":1200,"height":674,"url":"https:\/\/dicodusport.fr\/blog\/wp-content\/uploads\/2024\/03\/Biathlon-La-saison-2023-2024-de-lequipe-de-France-en-chiffres.png","type":"image\/png"}],"author":"Victor Clot-Amiot","twitter_card":"summary_large_image","twitter_title":"Biathlon : La saison 2023-2024 de l'\u00e9quipe de France en chiffres","twitter_creator":"@https:\/\/x.com\/VictorClotAmiot","twitter_site":"@dicodusport","schema":{"@context":"https:\/\/schema.org","@graph":[{"@type":"NewsArticle","@id":"https:\/\/dicodusport.fr\/blog\/biathlon-la-saison-2023-2024-de-lequipe-de-france-en-chiffres\/#article","isPartOf":{"@id":"https:\/\/dicodusport.fr\/blog\/biathlon-la-saison-2023-2024-de-lequipe-de-france-en-chiffres\/"},"author":{"name":"Victor Clot-Amiot","@id":"https:\/\/dicodusport.fr\/blog\/#\/schema\/person\/b623199cba9ba90fe84a3d16e9282360"},"headline":"Biathlon : La saison 2023-2024 de l&rsquo;\u00e9quipe de France en chiffres","datePublished":"2024-03-19T11:53:04+00:00","dateModified":"2025-07-09T16:40:11+00:00","mainEntityOfPage":{"@id":"https:\/\/dicodusport.fr\/blog\/biathlon-la-saison-2023-2024-de-lequipe-de-france-en-chiffres\/"},"wordCount":1103,"commentCount":0,"publisher":{"@id":"https:\/\/dicodusport.fr\/blog\/#organization"},"image":{"@id":"https:\/\/dicodusport.fr\/blog\/biathlon-la-saison-2023-2024-de-lequipe-de-france-en-chiffres\/#primaryimage"},"thumbnailUrl":"https:\/\/dicodusport.fr\/blog\/wp-content\/uploads\/2024\/03\/Biathlon-La-saison-2023-2024-de-lequipe-de-France-en-chiffres.png","keywords":["Biathlon","br\u00e8ve","Equipe de France de Biathlon"],"articleSection":["Coupe du monde de biathlon"],"inLanguage":"fr-FR","potentialAction":[{"@type":"CommentAction","name":"Comment","target":["https:\/\/dicodusport.fr\/blog\/biathlon-la-saison-2023-2024-de-lequipe-de-france-en-chiffres\/#respond"]}],"copyrightYear":"2024","copyrightHolder":{"@id":"https:\/\/dicodusport.fr\/blog\/#organization"}},{"@type":"WebPage","@id":"https:\/\/dicodusport.fr\/blog\/biathlon-la-saison-2023-2024-de-lequipe-de-france-en-chiffres\/","url":"https:\/\/dicodusport.fr\/blog\/biathlon-la-saison-2023-2024-de-lequipe-de-france-en-chiffres\/","name":"Biathlon : La saison 2023-2024 de l'\u00e9quipe de France en chiffres","isPartOf":{"@id":"https:\/\/dicodusport.fr\/blog\/#website"},"primaryImageOfPage":{"@id":"https:\/\/dicodusport.fr\/blog\/biathlon-la-saison-2023-2024-de-lequipe-de-france-en-chiffres\/#primaryimage"},"image":{"@id":"https:\/\/dicodusport.fr\/blog\/biathlon-la-saison-2023-2024-de-lequipe-de-france-en-chiffres\/#primaryimage"},"thumbnailUrl":"https:\/\/dicodusport.fr\/blog\/wp-content\/uploads\/2024\/03\/Biathlon-La-saison-2023-2024-de-lequipe-de-France-en-chiffres.png","datePublished":"2024-03-19T11:53:04+00:00","dateModified":"2025-07-09T16:40:11+00:00","description":"COUPE DU MONDE DE BIATHLON 2023\/2024 - Retour sur la saison de l'\u00e9quipe de France gr\u00e2ce \u00e0 un floril\u00e8ge de chiffres marquants.","breadcrumb":{"@id":"https:\/\/dicodusport.fr\/blog\/biathlon-la-saison-2023-2024-de-lequipe-de-france-en-chiffres\/#breadcrumb"},"inLanguage":"fr-FR","potentialAction":[{"@type":"ReadAction","target":["https:\/\/dicodusport.fr\/blog\/biathlon-la-saison-2023-2024-de-lequipe-de-france-en-chiffres\/"]}]},{"@type":"ImageObject","inLanguage":"fr-FR","@id":"https:\/\/dicodusport.fr\/blog\/biathlon-la-saison-2023-2024-de-lequipe-de-france-en-chiffres\/#primaryimage","url":"https:\/\/dicodusport.fr\/blog\/wp-content\/uploads\/2024\/03\/Biathlon-La-saison-2023-2024-de-lequipe-de-France-en-chiffres.png","contentUrl":"https:\/\/dicodusport.fr\/blog\/wp-content\/uploads\/2024\/03\/Biathlon-La-saison-2023-2024-de-lequipe-de-France-en-chiffres.png","width":1200,"height":674,"caption":"Biathlon La saison 2023-2024 de l'\u00e9quipe de France en chiffres"},{"@type":"BreadcrumbList","@id":"https:\/\/dicodusport.fr\/blog\/biathlon-la-saison-2023-2024-de-lequipe-de-france-en-chiffres\/#breadcrumb","itemListElement":[{"@type":"ListItem","position":1,"name":"Accueil","item":"https:\/\/dicodusport.fr\/blog\/"},{"@type":"ListItem","position":2,"name":"Biathlon : La saison 2023-2024 de l&rsquo;\u00e9quipe de France en chiffres"}]},{"@type":"WebSite","@id":"https:\/\/dicodusport.fr\/blog\/#website","url":"https:\/\/dicodusport.fr\/blog\/","name":"Dicodusport","description":"L&#039;encyclop\u00e9die de l&#039;actualit\u00e9 sportive","publisher":{"@id":"https:\/\/dicodusport.fr\/blog\/#organization"},"potentialAction":[{"@type":"SearchAction","target":{"@type":"EntryPoint","urlTemplate":"https:\/\/dicodusport.fr\/blog\/?s={search_term_string}"},"query-input":{"@type":"PropertyValueSpecification","valueRequired":true,"valueName":"search_term_string"}}],"inLanguage":"fr-FR"},{"@type":"NewsMediaOrganization","@id":"https:\/\/dicodusport.fr\/blog\/#organization","name":"Dicodusport","url":"https:\/\/dicodusport.fr\/blog\/","logo":{"@type":"ImageObject","inLanguage":"fr-FR","@id":"https:\/\/dicodusport.fr\/blog\/#\/schema\/logo\/image\/","url":"https:\/\/dicodusport.fr\/blog\/wp-content\/uploads\/2020\/06\/cropped-LOGO-DICODUSPORT-2020-SANS-FOND-SANS-TEXTE.png","contentUrl":"https:\/\/dicodusport.fr\/blog\/wp-content\/uploads\/2020\/06\/cropped-LOGO-DICODUSPORT-2020-SANS-FOND-SANS-TEXTE.png","width":512,"height":512,"caption":"Dicodusport"},"image":{"@id":"https:\/\/dicodusport.fr\/blog\/#\/schema\/logo\/image\/"},"sameAs":["https:\/\/www.facebook.com\/dicodusport","https:\/\/x.com\/dicodusport","https:\/\/www.instagram.com\/dicodusport\/","https:\/\/www.youtube.com\/channel\/UC7V2KZ5sd3htJivAbA4ZG3w"],"description":"Dicodusport est l'encyclop\u00e9die de l'actualit\u00e9 sportive.","email":"bonjour@dicodusport.fr","legalName":"DICODUSPORT","foundingDate":"2018-01-14","vatID":"FR71834470973","taxID":"83447097300043","numberOfEmployees":{"@type":"QuantitativeValue","minValue":"1","maxValue":"10"}},{"@type":"Person","@id":"https:\/\/dicodusport.fr\/blog\/#\/schema\/person\/b623199cba9ba90fe84a3d16e9282360","name":"Victor Clot-Amiot","image":{"@type":"ImageObject","inLanguage":"fr-FR","@id":"https:\/\/dicodusport.fr\/blog\/#\/schema\/person\/image\/","url":"https:\/\/dicodusport.fr\/blog\/wp-content\/uploads\/2023\/09\/IMG_20190826_114722-150x150.jpg","contentUrl":"https:\/\/dicodusport.fr\/blog\/wp-content\/uploads\/2023\/09\/IMG_20190826_114722-150x150.jpg","caption":"Victor Clot-Amiot"},"description":"Passionn\u00e9 de sport depuis toujours, un jour \u00e0 l'adolescence mes parents m'ont dit : \"quitte \u00e0 passer ton temps \u00e0 regarder du sport, au moins va le voir en vrai\" ! Depuis, cette remarque ne m'a plus quitt\u00e9 et je passe une grande partie de mon temps libre \u00e0 assister \u00e0 des comp\u00e9titions de tous sports. Je m\u00eale d'ailleurs mes deux passions, le sport et les voyages afin de faire une pierre deux coups ! Outre l'US Open ou l'Euro 2021 par exemple, j'ai assist\u00e9 cet \u00e9t\u00e9 aux Mondiaux d'athl\u00e9tisme \u00e0 Budapest. Mon plus gros coup dur est et restera les JO 2020-2021 pour lesquels j'avais r\u00e9serv\u00e9 17 \u00e9preuves. La suite, vous la connaissez...","sameAs":["https:\/\/x.com\/https:\/\/x.com\/VictorClotAmiot"],"url":"https:\/\/dicodusport.fr\/blog\/author\/victor-clot-amiot\/"}]}},"_links":{"self":[{"href":"https:\/\/dicodusport.fr\/blog\/wp-json\/wp\/v2\/posts\/473161","targetHints":{"allow":["GET"]}}],"collection":[{"href":"https:\/\/dicodusport.fr\/blog\/wp-json\/wp\/v2\/posts"}],"about":[{"href":"https:\/\/dicodusport.fr\/blog\/wp-json\/wp\/v2\/types\/post"}],"author":[{"embeddable":true,"href":"https:\/\/dicodusport.fr\/blog\/wp-json\/wp\/v2\/users\/91"}],"replies":[{"embeddable":true,"href":"https:\/\/dicodusport.fr\/blog\/wp-json\/wp\/v2\/comments?post=473161"}],"version-history":[{"count":5,"href":"https:\/\/dicodusport.fr\/blog\/wp-json\/wp\/v2\/posts\/473161\/revisions"}],"predecessor-version":[{"id":473200,"href":"https:\/\/dicodusport.fr\/blog\/wp-json\/wp\/v2\/posts\/473161\/revisions\/473200"}],"wp:featuredmedia":[{"embeddable":true,"href":"https:\/\/dicodusport.fr\/blog\/wp-json\/wp\/v2\/media\/473194"}],"wp:attachment":[{"href":"https:\/\/dicodusport.fr\/blog\/wp-json\/wp\/v2\/media?parent=473161"}],"wp:term":[{"taxonomy":"category","embeddable":true,"href":"https:\/\/dicodusport.fr\/blog\/wp-json\/wp\/v2\/categories?post=473161"},{"taxonomy":"post_tag","embeddable":true,"href":"https:\/\/dicodusport.fr\/blog\/wp-json\/wp\/v2\/tags?post=473161"}],"curies":[{"name":"wp","href":"https:\/\/api.w.org\/{rel}","templated":true}]}}