{"id":473193,"date":"2024-03-20T13:27:18","date_gmt":"2024-03-20T12:27:18","guid":{"rendered":"https:\/\/dicodusport.fr\/blog\/?p=473193&#038;preview=true&#038;preview_id=473193"},"modified":"2025-07-09T18:40:08","modified_gmt":"2025-07-09T16:40:08","slug":"coupe-du-monde-de-biathlon-jeanmonnot-simon-braisaz-bouchet-les-notes-des-bleues","status":"publish","type":"post","link":"https:\/\/dicodusport.fr\/blog\/coupe-du-monde-de-biathlon-jeanmonnot-simon-braisaz-bouchet-les-notes-des-bleues\/","title":{"rendered":"Coupe du monde de biathlon : Jeanmonnot, Simon, Braisaz-Bouchet, les notes des Bleues"},"content":{"rendered":"<p style=\"text-align: justify;\"><strong><em>COUPE DU MONDE DE BIATHLON 2023-2024 &#8211; La saison de biathlon est donc termin\u00e9e. Il est temps de faire les bilans de l&rsquo;\u00e9quipe de France f\u00e9minine. Notes et appr\u00e9ciations, c&rsquo;est l&rsquo;heure du conseil de classe !\u00a0<\/em><\/strong><\/p>\n<ul>\n<li style=\"text-align: justify;\"><strong>\u00c0 ce sujet &#8211; <a href=\"https:\/\/dicodusport.fr\/blog\/coupe-du-monde-de-biathlon-2023-2024-le-calendrier-complet\/\">Les r\u00e9sultats complets de la Coupe du monde de biathlon 2023-2024<\/a><\/strong><\/li>\n<\/ul>\n<p style=\"text-align: justify;\">Historique, <strong>la saison de l\u2019\u00e9quipe de France f\u00e9minine<\/strong>. Sur les courses individuelles d&rsquo;abord, <strong>Coupe du monde<\/strong> et <strong>Mondiaux<\/strong> confondus, les Bleues auront d\u00e9croch\u00e9 pas moins de 34 podiums en 25 courses. Lors de 13 d\u2019entre elles, il y a eu, au minimum, deux biathl\u00e8tes fran\u00e7aises sur le podium, dont le fameux tripl\u00e9 du sprint des Championnats du monde \u00e0 <strong>Nove Mesto<\/strong>. On retiendra aussi le titre mondial historique sur le relais f\u00e9minin aux Mondiaux. Le 10\/10 n&rsquo;est donc pas loin pour les Fran\u00e7aises cette saison !<\/p>\n<ul>\n<li style=\"text-align: justify;\"><strong>\u00c0 ce sujet &#8211; <a href=\"https:\/\/dicodusport.fr\/blog\/biathlon-la-saison-2023-2024-de-lequipe-de-france-en-chiffres\/\">Biathlon : La saison 2023-2024 de l\u2019\u00e9quipe de France en chiffres<\/a><\/strong><\/li>\n<\/ul>\n<h2 style=\"text-align: justify;\">Biathlon : Les notes des Bleues<strong>\u00a0<\/strong><\/h2>\n<h3 style=\"text-align: justify;\">Julia Simon &#8211; 9\/10<\/h3>\n<p style=\"text-align: justify;\"><strong>Le + : <\/strong>Ses Mondiaux. Cinq m\u00e9dailles dont quatre titres, <a href=\"https:\/\/dicodusport.fr\/blog\/biathlon-championnats-du-monde-2024-julia-simon-conserve-son-titre-justine-braisaz-bouchet-3-eme\/\">un doubl\u00e9 sprint-poursuite<\/a>, <strong>Julia Simon<\/strong> a \u00e9t\u00e9 irr\u00e9sistible \u00e0 Nove Mesto. Efficace sur les skis, engag\u00e9e comme jamais derri\u00e8re la carabine, elle n&rsquo;a laiss\u00e9 que des miettes \u00e0 ses adversaires. Simon est d\u00e9sormais la biathl\u00e8te fran\u00e7aise totalisant le plus de m\u00e9dailles d&rsquo;or aux championnats du monde. Tout sauf un hasard. Une dame des grands rendez-vous, et un vrai mental d&rsquo;acier.<\/p>\n<p style=\"text-align: justify;\"><strong>Le &#8211; : <\/strong>Son d\u00e9but de saison. On parlait de mental d&rsquo;acier pr\u00e9c\u00e9demment, mais ce dernier a pourtant \u00e9t\u00e9 \u00e9branl\u00e9 en d\u00e9but d&rsquo;exercice. En difficult\u00e9 \u00e0 Osters\u00fcnd, son \u00e9t\u00e9 agit\u00e9, marqu\u00e9 par une garde \u00e0 vue, puisque soup\u00e7onn\u00e9e de\u00a0fraude \u00e0 la carte bancaire apr\u00e8s deux plaintes d\u00e9pos\u00e9es, dont une de <strong>Justine Braisaz-Bouchet<\/strong>, a laiss\u00e9 des traces. Si en championne qu&rsquo;elle est, elle a r\u00e9ussi \u00e0 redresser la barre et \u00e0 truster les podiums, elle a \u00e9t\u00e9 moins souveraine sur le pas de tir au cours de cette saison. Toujours aussi efficace au couch\u00e9, elle a, en revanche, laiss\u00e9 des plumes (et des points) sur ses tirs debout, passant de 85 % \u00e0 81 % de r\u00e9ussite. \u00c0 ce niveau, cela se ressent forc\u00e9ment.<\/p>\n<p style=\"text-align: justify;\"><strong>En bref : <\/strong>Il faut le dire. La saison de <strong>Julia Simon<\/strong> reste excellente. Ses Mondiaux en or massif mettant forc\u00e9ment beaucoup de relief \u00e0 son bilan global. Mais sur le circuit de la Coupe du monde, elle n&rsquo;aura pas donn\u00e9 sa part au chien. Six podiums individuels, dont deux succ\u00e8s, une cinqui\u00e8me place au g\u00e9n\u00e9ral avec un d\u00e9but de saison d\u00e9licat et dans le jeu pour obtenir deux petits globes jusqu&rsquo;au dernier tir. Bref, il ne lui aura pas manqu\u00e9 grand-chose pour aller encore plus haut dans la hi\u00e9rarchie mondiale.<\/p>\n<div class=\"vlp-link-container vlp-layout-article\"><a href=\"https:\/\/dicodusport.fr\/blog\/biathlon-championnats-du-monde-2024-julia-simon-titree-sur-le-sprint-quadruple-bleu-historique\/\" class=\"vlp-link\" title=\"Biathlon Championnats du monde 2024 : Julia Simon titr\u00e9e sur le sprint, quadrupl\u00e9 bleu historique !\"><\/a><div class=\"vlp-layout-zone-side\"><div class=\"vlp-block-4 vlp-link-image\"><img loading=\"lazy\" decoding=\"async\" style=\"max-width: 792px;\" width=\"792\" height=\"445\" src=\"https:\/\/dicodusport.fr\/blog\/wp-content\/uploads\/2024\/02\/Biathlon-Championnats-du-monde-2024-Julia-Simon-titree-sur-le-sprint-quadruple-bleu-historique-1.png\" class=\"attachment-800x445 size-800x445\" alt=\"Biathlon Championnats du monde 2024 Julia Simon titr\u00e9e sur le sprint, quadrupl\u00e9 bleu historique ! (1)\" srcset=\"https:\/\/dicodusport.fr\/blog\/wp-content\/uploads\/2024\/02\/Biathlon-Championnats-du-monde-2024-Julia-Simon-titree-sur-le-sprint-quadruple-bleu-historique-1.png 1200w, https:\/\/dicodusport.fr\/blog\/wp-content\/uploads\/2024\/02\/Biathlon-Championnats-du-monde-2024-Julia-Simon-titree-sur-le-sprint-quadruple-bleu-historique-1-300x169.png 300w, https:\/\/dicodusport.fr\/blog\/wp-content\/uploads\/2024\/02\/Biathlon-Championnats-du-monde-2024-Julia-Simon-titree-sur-le-sprint-quadruple-bleu-historique-1-1024x575.png 1024w, https:\/\/dicodusport.fr\/blog\/wp-content\/uploads\/2024\/02\/Biathlon-Championnats-du-monde-2024-Julia-Simon-titree-sur-le-sprint-quadruple-bleu-historique-1-768x431.png 768w\" sizes=\"auto, (max-width: 792px) 100vw, 792px\" \/><\/div><\/div><div class=\"vlp-layout-zone-main\"><div class=\"vlp-block-0 vlp-link-title\">Biathlon Championnats du monde 2024 : Julia Simon titr\u00e9e sur le sprint, quadrupl\u00e9 bleu historique !<\/div><div class=\"vlp-block-1 vlp-link-summary\">CHAMPIONNATS DU MONDE DE BIATHLON 2024 - Au terme d'une course exceptionnelle et historique, les Fran\u00e7aises du biathlon ont r\u00e9alis\u00e9 un quadrupl\u00e9.<\/div><div class=\"vlp-block-2 vlp-link-button\">Lire l'article<\/div><div class=\"vlp-block-3 vlp-link-url\">dicodusport.fr<\/div><\/div><\/div>\n<h3 style=\"text-align: justify;\">Lou Jeanmonnot &#8211; 9\/10<\/h3>\n<p style=\"text-align: justify;\"><strong>Le + :<\/strong> Sa r\u00e9gularit\u00e9. Elle est l\u00e0, la grande force de <strong>Lou Jeanmonnot<\/strong>. Coupe du monde et Mondiaux confondus, elle totalise 16 c\u00e9r\u00e9monies des fleurs sur les \u00e9preuves individuelles. Royale \u00e0 Osters\u00fcnd avec un doubl\u00e9 sprint-poursuite, elle a conclu sa saison par un triptyque <strong>Oslo-Soldier Hollow-Canmore<\/strong> monumental. Hormis l&rsquo;individuel norv\u00e9gien (13\u00e8me), elle ne sera jamais descendue du podium sur les six derni\u00e8res courses de la saison, avec, \u00e0 la cl\u00e9, deux succ\u00e8s (poursuite de Soldier Hollow et mass start de Canmore). Une r\u00e9gularit\u00e9 r\u00e9compens\u00e9e par son premier <a href=\"https:\/\/dicodusport.fr\/blog\/biathlon-coupe-du-monde-classement-petit-globe-mass-start-femmes\/\">petit globe<\/a>, sur la mass start, et une deuxi\u00e8me place au classement g\u00e9n\u00e9ral de la Coupe du monde, \u00e0 23 points de <strong>Lisa Vittozzi<\/strong>. Et dire qu&rsquo;elle a d\u00fb faire l&rsquo;impasse sur le sprint et la poursuite de Lenzerheide pour cause de maladie&#8230;<\/p>\n<p style=\"text-align: justify;\"><strong>Le &#8211; : <\/strong>Des Mondiaux un poil frustrants. Soyons clairs, on pinaille. Car <strong>Lou Jeanmonnot<\/strong> est repartie de Nove Mesto avec deux titres (sur les deux relais mixtes), et deux m\u00e9dailles de bronze individuelles (sprint et mass start). Une magnifique r\u00e9colte pour n&rsquo;importe quelle biathl\u00e8te. Mais on a parfois senti une l\u00e9g\u00e8re frustration chez la Doubiste, notamment \u00e0 l&rsquo;issue des \u00e9preuves de l&rsquo;individuel et de la poursuite, respectivement 6\u00e8me et 7\u00e8me sur ces courses. Mais, on vous l&rsquo;a dit, c&rsquo;est vraiment pour chercher la petite b\u00eate.<\/p>\n<p style=\"text-align: justify;\"><strong>En bref : <\/strong>Que dire ? Pour sa deuxi\u00e8me saison pleine en Coupe du monde, la native de Pontarlier a crev\u00e9 l&rsquo;\u00e9cran. Sans ses deux courses manqu\u00e9es pour maladie en Suisse, elle aurait bataill\u00e9 jusqu&rsquo;au tout dernier tir de la saison pour le gros globe. Pour le reste, elle a fait preuve de solidit\u00e9 et de panache, que ce soit sur les courses individuelles ou les relais, avec des performances de haut niveau en premier \u00e9tage de la fus\u00e9e tricolore. Ses statistiques au tir parlent pour elle : 94 % de r\u00e9ussite au couch\u00e9, 90 % au debout. R\u00e9guli\u00e8rement parmi les meilleurs temps de ski, <strong>Lou Jeanmonnot<\/strong> sera sans aucun doute l&rsquo;une des grandes favorites pour le classement g\u00e9n\u00e9ral la saison prochaine, si ce n&rsquo;est LA grande favorite.<\/p>\n<div class=\"vlp-link-container vlp-layout-article\"><a href=\"https:\/\/dicodusport.fr\/blog\/mass-start-femmes-canmore-lou-jeanmonnot-simpose-guigonnat-sur-le-podium-vittozzi-remporte-le-gros-globe\/\" class=\"vlp-link\" title=\"Mass start Femmes Canmore : Lou Jeanmonnot s&#039;impose, Guigonnat sur le podium, Vittozzi remporte le gros globe\"><\/a><div class=\"vlp-layout-zone-side\"><div class=\"vlp-block-4 vlp-link-image\"><img loading=\"lazy\" decoding=\"async\" style=\"max-width: 792px;\" width=\"792\" height=\"445\" src=\"https:\/\/dicodusport.fr\/blog\/wp-content\/uploads\/2024\/03\/Mass-start-Femmes-Canmore-Lou-Jeanmonnot-simpose-Guigonnat-sur-le-podium-Vittozzi-remporte-le-gros-globe-1.png\" class=\"attachment-800x445 size-800x445\" alt=\"Mass start Femmes Canmore Lou Jeanmonnot s&#039;impose, Guigonnat sur le podium, Vittozzi remporte le gros globe (1)\" srcset=\"https:\/\/dicodusport.fr\/blog\/wp-content\/uploads\/2024\/03\/Mass-start-Femmes-Canmore-Lou-Jeanmonnot-simpose-Guigonnat-sur-le-podium-Vittozzi-remporte-le-gros-globe-1.png 1200w, https:\/\/dicodusport.fr\/blog\/wp-content\/uploads\/2024\/03\/Mass-start-Femmes-Canmore-Lou-Jeanmonnot-simpose-Guigonnat-sur-le-podium-Vittozzi-remporte-le-gros-globe-1-300x169.png 300w, https:\/\/dicodusport.fr\/blog\/wp-content\/uploads\/2024\/03\/Mass-start-Femmes-Canmore-Lou-Jeanmonnot-simpose-Guigonnat-sur-le-podium-Vittozzi-remporte-le-gros-globe-1-1024x575.png 1024w, https:\/\/dicodusport.fr\/blog\/wp-content\/uploads\/2024\/03\/Mass-start-Femmes-Canmore-Lou-Jeanmonnot-simpose-Guigonnat-sur-le-podium-Vittozzi-remporte-le-gros-globe-1-768x431.png 768w\" sizes=\"auto, (max-width: 792px) 100vw, 792px\" \/><\/div><\/div><div class=\"vlp-layout-zone-main\"><div class=\"vlp-block-0 vlp-link-title\">Mass start Femmes Canmore : Lou Jeanmonnot s'impose, Guigonnat sur le podium, Vittozzi remporte le gros globe<\/div><div class=\"vlp-block-1 vlp-link-summary\">BIATHLON COUPE DU MONDE DE CANMORE - Apr\u00e8s une course ultra-ma\u00eetris\u00e9e, Lou Jeanmonnot s\u2019impose sur la mass start de Canmore (Canada).<\/div><div class=\"vlp-block-2 vlp-link-button\">Lire l'article<\/div><div class=\"vlp-block-3 vlp-link-url\">dicodusport.fr<\/div><\/div><\/div>\n<h3 style=\"text-align: justify;\">Justine Braisaz-Bouchet &#8211; 9\/10<\/h3>\n<p style=\"text-align: justify;\"><strong>Le + : <\/strong>Son retour au top. Qui aurait pu parier sur une telle saison pour la biathl\u00e8te des Saisies ? De retour d&rsquo;une pause maternit\u00e9, apais\u00e9e, elle a \u00e9norm\u00e9ment travaill\u00e9, mentalement et physiquement, pour \u00eatre comp\u00e9titive d\u00e8s son retour \u00e0 la comp\u00e9tition. En mode diesel \u00e0 Osters\u00fcnd (21\u00e8me de l&rsquo;individuel, 24\u00e8me du sprint et 15\u00e8me de la poursuite), elle est ensuite mont\u00e9e en puissance, jusqu&rsquo;\u00e0 son chef-d&rsquo;\u0153uvre \u00e0 Lenzerheide : un incroyable tripl\u00e9 sprint-poursuite-mass start. Victorieuse sur le sprint de reprise \u00e0 Oberhof en janvier, elle aura jou\u00e9 le gros globe jusqu&rsquo;au bout. Et puis ses Mondiaux&#8230; Une vraie merveille. Cinq m\u00e9dailles, dont trois titres, sur les relais mixte et f\u00e9minin, ainsi que sur <a href=\"https:\/\/dicodusport.fr\/blog\/biathlon-championnats-du-monde-2024-justine-braisaz-bouchet-sacree-sur-la-mass-start-lou-jeanmonnot-3-eme\/\">la mass start<\/a>, d\u00e9finitivement SON format. Onze podiums dont six succ\u00e8s, toutes comp\u00e9titions confondues. On retiendra aussi son passage incroyable sur le relais f\u00e9minin des Mondiaux. Une vraie p\u00e9pite !<\/p>\n<p style=\"text-align: justify;\"><strong>Le &#8211; : <\/strong>Son mois de janvier. C&rsquo;est le seul couac de sa saison exceptionnelle, qui lui co\u00fbte sans doute le Graal en fin de saison. Apr\u00e8s ses deux podiums \u00e0 Oberhof, JBB a quelque peu flanch\u00e9 sur les \u00e9tapes de Ruhpolding et Antholz. Rattrap\u00e9e par la fatigue d&rsquo;un d\u00e9but d&rsquo;exercice \u00e9bouriffant. Une 7\u00e8me place (poursuite de Ruhpolding) comme meilleur r\u00e9sultat, et des points pr\u00e9cieux l\u00e2ch\u00e9s face \u00e0 <strong>Ingrid Tandrevold<\/strong>, <strong>Lisa Vittozzi<\/strong> ou <strong>Julia Simon<\/strong>. Bref, la biathl\u00e8te de 27 ans (seulement) sait sur quoi elle doit encore travailler si elle veut soulever le plus beau des globes la saison prochaine. Plus facile \u00e0 dire qu&rsquo;\u00e0 faire.<\/p>\n<p style=\"text-align: justify;\"><strong>En bref :\u00a0<\/strong>Elle nous a fait r\u00eaver \u00e0 Lenzerheide et sur les Mondiaux. Par son panache \u00e9videmment, mais aussi les \u00e9motions qu&rsquo;elle est capable de transmettre \u00e0 l&rsquo;issue des courses, en interview. Insaisissable sur les skis, si ce n&rsquo;est un petit coup de mou \u00e0 Soldier Hollow, elle a hauss\u00e9 le niveau derri\u00e8re la carabine, avec un 82 % de r\u00e9ussite globale, en progression par rapport \u00e0 la saison 2021-2022. Un pourcentage suffisant pour jouer les premiers r\u00f4les, mais encore un peu juste pour viser la premi\u00e8re marche du classement g\u00e9n\u00e9ral \u00e0 l&rsquo;issue de la saison. Mais on a la sensation que le meilleur reste encore \u00e0 venir pour JBB. Vivement la saison prochaine !<\/p>\n<div class=\"vlp-link-container vlp-layout-article\"><a href=\"https:\/\/dicodusport.fr\/blog\/biathlon-championnats-du-monde-2024-justine-braisaz-bouchet-sacree-sur-la-mass-start-lou-jeanmonnot-3-eme\/\" class=\"vlp-link\" title=\"Biathlon Championnats du monde 2024 : Justine Braisaz-Bouchet sacr\u00e9e sur la mass start, Lou Jeanmonnot 3\u00e8me\"><\/a><div class=\"vlp-layout-zone-side\"><div class=\"vlp-block-4 vlp-link-image\"><img loading=\"lazy\" decoding=\"async\" style=\"max-width: 792px;\" width=\"792\" height=\"445\" src=\"https:\/\/dicodusport.fr\/blog\/wp-content\/uploads\/2024\/02\/Biathlon-Championnats-du-monde-2024-Justine-Braisaz-Bouchet-sacree-sur-la-mass-start-Lou-Jeanmonnot-3eme-1.png\" class=\"attachment-800x445 size-800x445\" alt=\"Biathlon Championnats du monde 2024 Justine Braisaz-Bouchet sacr\u00e9e sur la mass start, Lou Jeanmonnot 3\u00e8me (1)\" srcset=\"https:\/\/dicodusport.fr\/blog\/wp-content\/uploads\/2024\/02\/Biathlon-Championnats-du-monde-2024-Justine-Braisaz-Bouchet-sacree-sur-la-mass-start-Lou-Jeanmonnot-3eme-1.png 1200w, https:\/\/dicodusport.fr\/blog\/wp-content\/uploads\/2024\/02\/Biathlon-Championnats-du-monde-2024-Justine-Braisaz-Bouchet-sacree-sur-la-mass-start-Lou-Jeanmonnot-3eme-1-300x169.png 300w, https:\/\/dicodusport.fr\/blog\/wp-content\/uploads\/2024\/02\/Biathlon-Championnats-du-monde-2024-Justine-Braisaz-Bouchet-sacree-sur-la-mass-start-Lou-Jeanmonnot-3eme-1-1024x575.png 1024w, https:\/\/dicodusport.fr\/blog\/wp-content\/uploads\/2024\/02\/Biathlon-Championnats-du-monde-2024-Justine-Braisaz-Bouchet-sacree-sur-la-mass-start-Lou-Jeanmonnot-3eme-1-768x431.png 768w\" sizes=\"auto, (max-width: 792px) 100vw, 792px\" \/><\/div><\/div><div class=\"vlp-layout-zone-main\"><div class=\"vlp-block-0 vlp-link-title\">Biathlon Championnats du monde 2024 : Justine Braisaz-Bouchet sacr\u00e9e sur la mass start, Lou Jeanmonnot 3\u00e8me<\/div><div class=\"vlp-block-1 vlp-link-summary\">Gr\u00e2ce \u00e0 un 20\/20 et plus rapide sur les skis que ses adversaires, Justine Braisaz-Bouchet s'offre le titre sur la mass start.<\/div><div class=\"vlp-block-2 vlp-link-button\">Lire l'article<\/div><div class=\"vlp-block-3 vlp-link-url\">dicodusport.fr<\/div><\/div><\/div>\n<h3 style=\"text-align: justify;\">Sophie Chauveau &#8211; 7\/10<\/h3>\n<p style=\"text-align: justify;\"><strong>Le + : <\/strong>Sa fra\u00eecheur. Toujours avec le sourire, <strong>Sophie Chauveau<\/strong> a v\u00e9cu une saison contrast\u00e9e si l&rsquo;on prend en compte les r\u00e9sultats bruts. \u00c0 l&rsquo;issue de la premi\u00e8re partie de saison \u00e0 Lenzerheide, son meilleur r\u00e9sultat reste une 9\u00e8me place sur la mass start suisse. Sa seconde partie d&rsquo;exercice est de meilleure facture, entam\u00e9e par un podium sur le sprint d&rsquo;Oberhof. Sur les Mondiaux, elle aura \u00e9t\u00e9 tr\u00e8s performante sur l&rsquo;encha\u00eenement sprint-poursuite, avec, \u00e0 chaque fois, une quatri\u00e8me place qui aura laiss\u00e9 quelques regrets \u00e0 la biathl\u00e8te du Grand-Bornand. Huiti\u00e8me de l&rsquo;individuel et septi\u00e8me de la mass start \u00e0 Soldier Hollow, la biathl\u00e8te de 24 ans peut tirer du positif de sa saison.<\/p>\n<p style=\"text-align: justify;\"><strong>Le &#8211; : <\/strong>Son irr\u00e9gularit\u00e9. \u00c9videmment, il en manque beaucoup pour jouer continuellement les premiers r\u00f4les sur le circuit de la Coupe du monde. Avec \u00e0 peine 79 % de r\u00e9ussite sur le pas de tir (dont un 73 % sur le debout), Chauveau conna\u00eet ses axes de progression. Mentalement, on sent qu&rsquo;elle franchit des petits paliers, malgr\u00e9 encore des trous d&rsquo;air, \u00e0 l&rsquo;image du relais f\u00e9minin des Mondiaux de Nove Mesto.<\/p>\n<p style=\"text-align: justify;\"><strong>En bref :<\/strong> N&rsquo;oublions pas qu&rsquo;il s&rsquo;agit seulement de sa premi\u00e8re saison compl\u00e8te sur le circuit de la Coupe du monde. Si, comptablement parlant, le bilan n&rsquo;est pas forc\u00e9ment \u00e0 la hauteur de ses attentes (20\u00e8me du g\u00e9n\u00e9ral, un petit podium), l&rsquo;impression laiss\u00e9e sur certaines courses reste encourageante en vue des prochains exercices. Physiquement, elle a montr\u00e9 une certaine fra\u00eecheur jusqu&rsquo;en fin de saison. Des motifs d&rsquo;espoir donc, \u00e0 d\u00e9faut de certitudes.<\/p>\n<div class=\"vlp-link-container vlp-layout-article\"><a href=\"https:\/\/dicodusport.fr\/blog\/oberhof-sprint-femmes-la-fusee-justine-braisaz-bouchet-simpose-sophie-chauveau-3e\/\" class=\"vlp-link\" title=\"Oberhof Sprint femmes : La fus\u00e9e Justine Braisaz-Bouchet s&#039;impose, Sophie Chauveau 3e\"><\/a><div class=\"vlp-layout-zone-side\"><div class=\"vlp-block-4 vlp-link-image\"><img loading=\"lazy\" decoding=\"async\" style=\"max-width: 792px;\" width=\"792\" height=\"445\" src=\"https:\/\/dicodusport.fr\/blog\/wp-content\/uploads\/2024\/01\/Oberhof-Sprint-femmes-La-fusee-Justine-Braisaz-Bouchet-simpose-Sophie-Chauveau-3e-1.png\" class=\"attachment-800x445 size-800x445\" alt=\"Oberhof Sprint femmes La fus\u00e9e Justine Braisaz-Bouchet s&#039;impose, Sophie Chauveau 3e\" srcset=\"https:\/\/dicodusport.fr\/blog\/wp-content\/uploads\/2024\/01\/Oberhof-Sprint-femmes-La-fusee-Justine-Braisaz-Bouchet-simpose-Sophie-Chauveau-3e-1.png 1200w, https:\/\/dicodusport.fr\/blog\/wp-content\/uploads\/2024\/01\/Oberhof-Sprint-femmes-La-fusee-Justine-Braisaz-Bouchet-simpose-Sophie-Chauveau-3e-1-300x169.png 300w, https:\/\/dicodusport.fr\/blog\/wp-content\/uploads\/2024\/01\/Oberhof-Sprint-femmes-La-fusee-Justine-Braisaz-Bouchet-simpose-Sophie-Chauveau-3e-1-1024x575.png 1024w, https:\/\/dicodusport.fr\/blog\/wp-content\/uploads\/2024\/01\/Oberhof-Sprint-femmes-La-fusee-Justine-Braisaz-Bouchet-simpose-Sophie-Chauveau-3e-1-768x431.png 768w\" sizes=\"auto, (max-width: 792px) 100vw, 792px\" \/><\/div><\/div><div class=\"vlp-layout-zone-main\"><div class=\"vlp-block-0 vlp-link-title\">Oberhof Sprint femmes : La fus\u00e9e Justine Braisaz-Bouchet s'impose, Sophie Chauveau 3e<\/div><div class=\"vlp-block-1 vlp-link-summary\">BIATHLON COUPE DU MONDE D'OBERHOF 2023 - Malgr\u00e9 un 8\/10 au tir, Justine Braisaz-Bouchet remporte le sprint. Elle signe l\u00e0 sa quatri\u00e8me victoire de rang. Hallucinante, tout comme la 3e place d'une Sophie Chauveau, seule biathl\u00e8te \u00e0 n'avoir qu'une balle de retard sur sa compatriote. Franziska Preuss compl\u00e8te le podium \u00e0 la deuxi\u00e8me place, avec le plein qui n'aura pas suffi pour gagner. Jeanne Richard est 8e, pour sa premi\u00e8re en Coupe du monde, devant Lou Jeanmonnot (9e) et Julia Simon (10e).<\/div><div class=\"vlp-block-2 vlp-link-button\">Lire l'article<\/div><div class=\"vlp-block-3 vlp-link-url\">dicodusport.fr<\/div><\/div><\/div>\n<h3 style=\"text-align: justify;\">Jeanne Richard &#8211; 7\/10<\/h3>\n<p style=\"text-align: justify;\"><strong>Le + : <\/strong>Ses d\u00e9buts tonitruants. Apr\u00e8s avoir entam\u00e9 avec la brio la saison en IBU Cup, <strong>Jeanne Richard<\/strong> a fait ses premiers pas en Coupe du monde en janvier dernier, \u00e0 Oberhof. Et quels premiers pas ! Huiti\u00e8me du sprint, neuvi\u00e8me de la poursuite, elle a crev\u00e9 l&rsquo;\u00e9cran, par son insouciance et sa maturit\u00e9. Align\u00e9e sur le relais f\u00e9minin victorieux de Ruhpolding, la biathl\u00e8te de 21 ans a fait mieux que tenir la baraque. Ses premiers Mondiaux chez les grands sont \u00e9galement encourageants, avec des tops 20 sur le sprint et la poursuite.<\/p>\n<p style=\"text-align: justify;\"><strong>Le &#8211; : <\/strong>Une fin de saison moins aboutie. En revanche, le contrecoup de ses d\u00e9buts en fanfare aura \u00e9t\u00e9 perceptible en toute fin de saison. Sur ses cinq courses disput\u00e9es entre Oslo et Canmore, elle n&rsquo;aura pas fait mieux qu&rsquo;une 26\u00e8me place sur la poursuite canadienne. Dans le dur physiquement et sur son tir debout (72 % de r\u00e9ussite), il lui manque encore logiquement de la caisse. Une caisse qu&rsquo;elle va forc\u00e9ment trouver au fil des saisons.<\/p>\n<p style=\"text-align: justify;\"><strong>En bref : <\/strong>La native de Thonon-les-Bains aura r\u00e9ussi des d\u00e9buts fracassants au plus haut niveau. Annonc\u00e9e comme la p\u00e9pite du biathlon f\u00e9minin tricolore depuis plusieurs ann\u00e9es, elle n&rsquo;a fait que confirmer tout le bien que l&rsquo;on pense d&rsquo;elle. Il lui reste d\u00e9sormais \u00e0 gagner en r\u00e9gularit\u00e9 et \u00e0 monter en puissance physiquement. Tout en s&rsquo;appuyant sur un tir couch\u00e9 absolument redoutable (95 % de r\u00e9ussite) et une motivation sans faille. Affaire \u00e0 suivre.<\/p>\n<div class=\"vlp-link-container vlp-layout-article\"><a href=\"https:\/\/dicodusport.fr\/blog\/biathlon-coupe-du-monde-jeanne-richard-deja-dans-la-cour-des-grandes\/\" class=\"vlp-link\" title=\"Biathlon Coupe du monde : Jeanne Richard d\u00e9j\u00e0 dans la cour des grandes\"><\/a><div class=\"vlp-layout-zone-side\"><div class=\"vlp-block-4 vlp-link-image\"><img loading=\"lazy\" decoding=\"async\" style=\"max-width: 792px;\" width=\"792\" height=\"445\" src=\"https:\/\/dicodusport.fr\/blog\/wp-content\/uploads\/2024\/01\/Biathlon-Coupe-du-monde-Jeanne-Richard-deja-dans-la-cour-des-grandes.png\" class=\"attachment-800x445 size-800x445\" alt=\"Biathlon Antholz-Anterselva 2024 - Classement Relais mixte\" srcset=\"https:\/\/dicodusport.fr\/blog\/wp-content\/uploads\/2024\/01\/Biathlon-Coupe-du-monde-Jeanne-Richard-deja-dans-la-cour-des-grandes.png 1200w, https:\/\/dicodusport.fr\/blog\/wp-content\/uploads\/2024\/01\/Biathlon-Coupe-du-monde-Jeanne-Richard-deja-dans-la-cour-des-grandes-300x169.png 300w, https:\/\/dicodusport.fr\/blog\/wp-content\/uploads\/2024\/01\/Biathlon-Coupe-du-monde-Jeanne-Richard-deja-dans-la-cour-des-grandes-1024x575.png 1024w, https:\/\/dicodusport.fr\/blog\/wp-content\/uploads\/2024\/01\/Biathlon-Coupe-du-monde-Jeanne-Richard-deja-dans-la-cour-des-grandes-768x431.png 768w\" sizes=\"auto, (max-width: 792px) 100vw, 792px\" \/><\/div><\/div><div class=\"vlp-layout-zone-main\"><div class=\"vlp-block-0 vlp-link-title\">Biathlon Coupe du monde : Jeanne Richard d\u00e9j\u00e0 dans la cour des grandes<\/div><div class=\"vlp-block-1 vlp-link-summary\">COUPE DU MONDE DE BIATHLON 2023-2024 - Ce week-end, Jeanne Richard a effectu\u00e9 le grand saut \u00e0 Oberhof en disputant sa premi\u00e8re \u00e9tape de Coupe du monde. Dans la lign\u00e9e de son d\u00e9but de saison en IBU Cup, la Tricolore de 21 ans a regard\u00e9 droit dans les yeux le gratin du plateau en encha\u00eenant deux Tops 10. Une performance hors norme et pleine de promesses.<\/div><div class=\"vlp-block-2 vlp-link-button\">Lire l'article<\/div><div class=\"vlp-block-3 vlp-link-url\">dicodusport.fr<\/div><\/div><\/div>\n<h2 style=\"text-align: justify;\">Guigonnat, Michelon, Chevalier : des promesses et des doutes<\/h2>\n<p style=\"text-align: justify;\">Quand il n&rsquo;y en a plus, il y en a encore. Derri\u00e8re les cinq biathl\u00e8tes cit\u00e9es ci-dessus, les Bleues du biathlon ont de la ressource. \u00c0 commencer par <a href=\"https:\/\/dicodusport.fr\/blog\/biathlon-gilonne-guigonnat-rendez-vous-pris\/\"><strong>Gilonne Guigonnat<\/strong><\/a>. \u00c0 25 ans, la s\u0153ur d&rsquo;Antonin a d\u00e9j\u00e0 de l&rsquo;exp\u00e9rience \u00e0 revendre, notamment en IBU Cup, circuit sur lequel elle brille r\u00e9guli\u00e8rement. Apr\u00e8s un d\u00e9but de saison en Coupe du monde puis une redescente sur le circuit interm\u00e9diaire, Guigonnat a fait un retour en force chez les grandes, avec, en point d&rsquo;orgue, son podium sur la mass start finale de Canmore. Excellente tireuse, elle va forc\u00e9ment venir titiller Chauveau et Richard en vue des relais.<\/p>\n<p style=\"text-align: justify;\">M\u00eame constat, finalement, pour <strong>Oc\u00e9ane Michelon<\/strong> (22 ans). Laur\u00e9ate du gros globe en IBU Cup, elle cherchera, forc\u00e9ment, \u00e0 donner des maux de t\u00eate \u00e0 <strong>Cyril Burdet<\/strong> et<strong> St\u00e9phane Bouthiaux<\/strong>. Car sa solidit\u00e9 pourrait jouer en sa faveur la saison prochaine. Il faudra ainsi surveiller les progressions, et surtout les r\u00e9sultats, des <strong>Sophie Chauveau<\/strong>, <strong>Jeanne Richard<\/strong> et autres <strong>Gilonne Guigonnat<\/strong>, car les places seront ch\u00e8res en vue de la Coupe du monde.<\/p>\n<div class=\"vlp-link-container vlp-layout-article\"><a href=\"https:\/\/dicodusport.fr\/blog\/ibu-cup-2023-2024-anaelle-bondoux-remporte-la-mass-start-dobertilliach-le-gros-globe-pour-oceane-michelon\/\" class=\"vlp-link\" title=\"IBU Cup 2023\/2024 : Le gros globe pour Oc\u00e9ane Michelon, Ana\u00eblle Bondoux remporte la mass start 60\"><\/a><div class=\"vlp-layout-zone-side\"><div class=\"vlp-block-4 vlp-link-image\"><img loading=\"lazy\" decoding=\"async\" style=\"max-width: 792px;\" width=\"792\" height=\"445\" src=\"https:\/\/dicodusport.fr\/blog\/wp-content\/uploads\/2024\/03\/IBU-Cup-20232024-Le-gros-globe-pour-Oceane-Michelon-Anaelle-Bondoux-remporte-la-mass-start-60.png\" class=\"attachment-800x445 size-800x445\" alt=\"IBU Cup 20232024 Le gros globe pour Oc\u00e9ane Michelon, Ana\u00eblle Bondoux remporte la mass start 60\" srcset=\"https:\/\/dicodusport.fr\/blog\/wp-content\/uploads\/2024\/03\/IBU-Cup-20232024-Le-gros-globe-pour-Oceane-Michelon-Anaelle-Bondoux-remporte-la-mass-start-60.png 1200w, https:\/\/dicodusport.fr\/blog\/wp-content\/uploads\/2024\/03\/IBU-Cup-20232024-Le-gros-globe-pour-Oceane-Michelon-Anaelle-Bondoux-remporte-la-mass-start-60-300x169.png 300w, https:\/\/dicodusport.fr\/blog\/wp-content\/uploads\/2024\/03\/IBU-Cup-20232024-Le-gros-globe-pour-Oceane-Michelon-Anaelle-Bondoux-remporte-la-mass-start-60-1024x575.png 1024w, https:\/\/dicodusport.fr\/blog\/wp-content\/uploads\/2024\/03\/IBU-Cup-20232024-Le-gros-globe-pour-Oceane-Michelon-Anaelle-Bondoux-remporte-la-mass-start-60-768x431.png 768w\" sizes=\"auto, (max-width: 792px) 100vw, 792px\" \/><\/div><\/div><div class=\"vlp-layout-zone-main\"><div class=\"vlp-block-0 vlp-link-title\">IBU Cup 2023\/2024 : Le gros globe pour Oc\u00e9ane Michelon, Ana\u00eblle Bondoux remporte la mass start 60<\/div><div class=\"vlp-block-1 vlp-link-summary\">IBU CUP SAISON 2023\/2024 - Oc\u00e9ane Michelon a d\u00e9croch\u00e9 le gros globe de cristal \u00e0 Obertilliach ce samedi ! Dans une course domin\u00e9e par les Tricolores, Ana\u00eblle Bondoux l'a emport\u00e9 devant sa compatriote, tandis que Camille Bened \u00e9choue au pied du podium.<\/div><div class=\"vlp-block-2 vlp-link-button\">Lire l'article<\/div><div class=\"vlp-block-3 vlp-link-url\">dicodusport.fr<\/div><\/div><\/div>\n<p style=\"text-align: justify;\">Enfin, quid de <strong>Chlo\u00e9 Chevalier<\/strong> (28 ans) et <strong>Caroline Colombo<\/strong> (27 ans) ? La premi\u00e8re cit\u00e9e a connu une saison quasiment blanche en Coupe du monde, us\u00e9e mentalement. De retour en IBU Cup apr\u00e8s un break, elle a altern\u00e9 le bon et le moins bon, et semble partir de loin. M\u00eame chose, malheureusement, pour<strong> Caroline Colombo<\/strong>. Atteinte d&rsquo;une neuropathie, maladie touchant les nerfs, elle n&rsquo;a pas pu d\u00e9fendre ses chances cette saison. Son avenir reste incertain, et difficile d&rsquo;imaginer qu&rsquo;elle sera au rendez-vous de la Coupe du monde l&rsquo;hiver prochain. Affaire \u00e0 suivre.<\/p>\n","protected":false},"excerpt":{"rendered":"<p>COUPE DU MONDE DE BIATHLON 2023-2024 &#8211; La saison de biathlon est donc termin\u00e9e. Il est temps de faire les bilans de l&rsquo;\u00e9quipe de France f\u00e9minine.<\/p>\n","protected":false},"author":4,"featured_media":473382,"comment_status":"open","ping_status":"closed","sticky":false,"template":"","format":"standard","meta":{"_acf_changed":false,"_daextam_enable_autolinks":"1","footnotes":""},"categories":[47040],"tags":[2427,16878,2865,24],"class_list":["post-473193","post","type-post","status-publish","format-standard","has-post-thumbnail","hentry","category-coupe-du-monde-de-biathlon","tag-biathlon","tag-breve","tag-equipe-de-france-de-biathlon","tag-sport"],"acf":[],"yoast_head":"<!-- This site is optimized with the Yoast SEO Premium plugin v26.7 (Yoast SEO v26.7) - https:\/\/yoast.com\/wordpress\/plugins\/seo\/ -->\n<title>Coupe du monde de biathlon : Jeanmonnot, Simon, Braisaz-Bouchet, les notes des Bleues<\/title>\n<meta name=\"description\" content=\"COUPE DU MONDE DE BIATHLON 2023-2024 - La saison de biathlon est donc termin\u00e9e. Il est temps de faire les bilans de l&#039;\u00e9quipe de France f\u00e9minine.\" \/>\n<meta name=\"robots\" content=\"index, follow, max-snippet:-1, max-image-preview:large, max-video-preview:-1\" \/>\n<link rel=\"canonical\" href=\"https:\/\/dicodusport.fr\/blog\/coupe-du-monde-de-biathlon-jeanmonnot-simon-braisaz-bouchet-les-notes-des-bleues\/\" \/>\n<meta property=\"og:locale\" content=\"fr_FR\" \/>\n<meta property=\"og:type\" content=\"article\" \/>\n<meta property=\"og:title\" content=\"Coupe du monde de biathlon : Jeanmonnot, Simon, Braisaz-Bouchet, les notes des Bleues\" \/>\n<meta property=\"og:description\" content=\"COUPE DU MONDE DE BIATHLON 2023-2024 - La saison de biathlon est donc termin\u00e9e. Il est temps de faire les bilans de l&#039;\u00e9quipe de France f\u00e9minine.\" \/>\n<meta property=\"og:url\" content=\"https:\/\/dicodusport.fr\/blog\/coupe-du-monde-de-biathlon-jeanmonnot-simon-braisaz-bouchet-les-notes-des-bleues\/\" \/>\n<meta property=\"og:site_name\" content=\"Dicodusport\" \/>\n<meta property=\"article:publisher\" content=\"https:\/\/www.facebook.com\/dicodusport\" \/>\n<meta property=\"article:author\" content=\"https:\/\/www.facebook.com\/florent.ostermann\" \/>\n<meta property=\"article:published_time\" content=\"2024-03-20T12:27:18+00:00\" \/>\n<meta property=\"article:modified_time\" content=\"2025-07-09T16:40:08+00:00\" \/>\n<meta property=\"og:image\" content=\"https:\/\/dicodusport.fr\/blog\/wp-content\/uploads\/2024\/03\/Coupe-du-monde-de-biathlon-Jeanmonnot-Simon-Braisaz-Bouchet-les-notes-des-Bleues.png\" \/>\n\t<meta property=\"og:image:width\" content=\"1200\" \/>\n\t<meta property=\"og:image:height\" content=\"674\" \/>\n\t<meta property=\"og:image:type\" content=\"image\/png\" \/>\n<meta name=\"author\" content=\"Flo Ostermann\" \/>\n<meta name=\"twitter:card\" content=\"summary_large_image\" \/>\n<meta name=\"twitter:title\" content=\"Coupe du monde de biathlon : Jeanmonnot, Simon, Braisaz-Bouchet, les notes des Bleues\" \/>\n<meta name=\"twitter:creator\" content=\"@https:\/\/twitter.com\/FlOstermann\" \/>\n<meta name=\"twitter:site\" content=\"@dicodusport\" \/>\n<script type=\"application\/ld+json\" class=\"yoast-schema-graph\">{\"@context\":\"https:\/\/schema.org\",\"@graph\":[{\"@type\":\"NewsArticle\",\"@id\":\"https:\/\/dicodusport.fr\/blog\/coupe-du-monde-de-biathlon-jeanmonnot-simon-braisaz-bouchet-les-notes-des-bleues\/#article\",\"isPartOf\":{\"@id\":\"https:\/\/dicodusport.fr\/blog\/coupe-du-monde-de-biathlon-jeanmonnot-simon-braisaz-bouchet-les-notes-des-bleues\/\"},\"author\":{\"name\":\"Flo Ostermann\",\"@id\":\"https:\/\/dicodusport.fr\/blog\/#\/schema\/person\/cb02af4c173ce4a653b55e9baf388d4a\"},\"headline\":\"Coupe du monde de biathlon : Jeanmonnot, Simon, Braisaz-Bouchet, les notes des Bleues\",\"datePublished\":\"2024-03-20T12:27:18+00:00\",\"dateModified\":\"2025-07-09T16:40:08+00:00\",\"mainEntityOfPage\":{\"@id\":\"https:\/\/dicodusport.fr\/blog\/coupe-du-monde-de-biathlon-jeanmonnot-simon-braisaz-bouchet-les-notes-des-bleues\/\"},\"wordCount\":2772,\"commentCount\":1,\"publisher\":{\"@id\":\"https:\/\/dicodusport.fr\/blog\/#organization\"},\"image\":{\"@id\":\"https:\/\/dicodusport.fr\/blog\/coupe-du-monde-de-biathlon-jeanmonnot-simon-braisaz-bouchet-les-notes-des-bleues\/#primaryimage\"},\"thumbnailUrl\":\"https:\/\/dicodusport.fr\/blog\/wp-content\/uploads\/2024\/03\/Coupe-du-monde-de-biathlon-Jeanmonnot-Simon-Braisaz-Bouchet-les-notes-des-Bleues.png\",\"keywords\":[\"Biathlon\",\"br\u00e8ve\",\"Equipe de France de Biathlon\",\"sport\"],\"articleSection\":[\"Coupe du monde de biathlon\"],\"inLanguage\":\"fr-FR\",\"potentialAction\":[{\"@type\":\"CommentAction\",\"name\":\"Comment\",\"target\":[\"https:\/\/dicodusport.fr\/blog\/coupe-du-monde-de-biathlon-jeanmonnot-simon-braisaz-bouchet-les-notes-des-bleues\/#respond\"]}],\"copyrightYear\":\"2024\",\"copyrightHolder\":{\"@id\":\"https:\/\/dicodusport.fr\/blog\/#organization\"}},{\"@type\":\"WebPage\",\"@id\":\"https:\/\/dicodusport.fr\/blog\/coupe-du-monde-de-biathlon-jeanmonnot-simon-braisaz-bouchet-les-notes-des-bleues\/\",\"url\":\"https:\/\/dicodusport.fr\/blog\/coupe-du-monde-de-biathlon-jeanmonnot-simon-braisaz-bouchet-les-notes-des-bleues\/\",\"name\":\"Coupe du monde de biathlon : Jeanmonnot, Simon, Braisaz-Bouchet, les notes des Bleues\",\"isPartOf\":{\"@id\":\"https:\/\/dicodusport.fr\/blog\/#website\"},\"primaryImageOfPage\":{\"@id\":\"https:\/\/dicodusport.fr\/blog\/coupe-du-monde-de-biathlon-jeanmonnot-simon-braisaz-bouchet-les-notes-des-bleues\/#primaryimage\"},\"image\":{\"@id\":\"https:\/\/dicodusport.fr\/blog\/coupe-du-monde-de-biathlon-jeanmonnot-simon-braisaz-bouchet-les-notes-des-bleues\/#primaryimage\"},\"thumbnailUrl\":\"https:\/\/dicodusport.fr\/blog\/wp-content\/uploads\/2024\/03\/Coupe-du-monde-de-biathlon-Jeanmonnot-Simon-Braisaz-Bouchet-les-notes-des-Bleues.png\",\"datePublished\":\"2024-03-20T12:27:18+00:00\",\"dateModified\":\"2025-07-09T16:40:08+00:00\",\"description\":\"COUPE DU MONDE DE BIATHLON 2023-2024 - La saison de biathlon est donc termin\u00e9e. Il est temps de faire les bilans de l'\u00e9quipe de France f\u00e9minine.\",\"breadcrumb\":{\"@id\":\"https:\/\/dicodusport.fr\/blog\/coupe-du-monde-de-biathlon-jeanmonnot-simon-braisaz-bouchet-les-notes-des-bleues\/#breadcrumb\"},\"inLanguage\":\"fr-FR\",\"potentialAction\":[{\"@type\":\"ReadAction\",\"target\":[\"https:\/\/dicodusport.fr\/blog\/coupe-du-monde-de-biathlon-jeanmonnot-simon-braisaz-bouchet-les-notes-des-bleues\/\"]}]},{\"@type\":\"ImageObject\",\"inLanguage\":\"fr-FR\",\"@id\":\"https:\/\/dicodusport.fr\/blog\/coupe-du-monde-de-biathlon-jeanmonnot-simon-braisaz-bouchet-les-notes-des-bleues\/#primaryimage\",\"url\":\"https:\/\/dicodusport.fr\/blog\/wp-content\/uploads\/2024\/03\/Coupe-du-monde-de-biathlon-Jeanmonnot-Simon-Braisaz-Bouchet-les-notes-des-Bleues.png\",\"contentUrl\":\"https:\/\/dicodusport.fr\/blog\/wp-content\/uploads\/2024\/03\/Coupe-du-monde-de-biathlon-Jeanmonnot-Simon-Braisaz-Bouchet-les-notes-des-Bleues.png\",\"width\":1200,\"height\":674,\"caption\":\"Coupe du monde de biathlon Jeanmonnot, Simon, Braisaz-Bouchet, les notes des Bleues\"},{\"@type\":\"BreadcrumbList\",\"@id\":\"https:\/\/dicodusport.fr\/blog\/coupe-du-monde-de-biathlon-jeanmonnot-simon-braisaz-bouchet-les-notes-des-bleues\/#breadcrumb\",\"itemListElement\":[{\"@type\":\"ListItem\",\"position\":1,\"name\":\"Accueil\",\"item\":\"https:\/\/dicodusport.fr\/blog\/\"},{\"@type\":\"ListItem\",\"position\":2,\"name\":\"Coupe du monde de biathlon : Jeanmonnot, Simon, Braisaz-Bouchet, les notes des Bleues\"}]},{\"@type\":\"WebSite\",\"@id\":\"https:\/\/dicodusport.fr\/blog\/#website\",\"url\":\"https:\/\/dicodusport.fr\/blog\/\",\"name\":\"Dicodusport\",\"description\":\"L&#039;encyclop\u00e9die de l&#039;actualit\u00e9 sportive\",\"publisher\":{\"@id\":\"https:\/\/dicodusport.fr\/blog\/#organization\"},\"potentialAction\":[{\"@type\":\"SearchAction\",\"target\":{\"@type\":\"EntryPoint\",\"urlTemplate\":\"https:\/\/dicodusport.fr\/blog\/?s={search_term_string}\"},\"query-input\":{\"@type\":\"PropertyValueSpecification\",\"valueRequired\":true,\"valueName\":\"search_term_string\"}}],\"inLanguage\":\"fr-FR\"},{\"@type\":\"NewsMediaOrganization\",\"@id\":\"https:\/\/dicodusport.fr\/blog\/#organization\",\"name\":\"Dicodusport\",\"url\":\"https:\/\/dicodusport.fr\/blog\/\",\"logo\":{\"@type\":\"ImageObject\",\"inLanguage\":\"fr-FR\",\"@id\":\"https:\/\/dicodusport.fr\/blog\/#\/schema\/logo\/image\/\",\"url\":\"https:\/\/dicodusport.fr\/blog\/wp-content\/uploads\/2020\/06\/cropped-LOGO-DICODUSPORT-2020-SANS-FOND-SANS-TEXTE.png\",\"contentUrl\":\"https:\/\/dicodusport.fr\/blog\/wp-content\/uploads\/2020\/06\/cropped-LOGO-DICODUSPORT-2020-SANS-FOND-SANS-TEXTE.png\",\"width\":512,\"height\":512,\"caption\":\"Dicodusport\"},\"image\":{\"@id\":\"https:\/\/dicodusport.fr\/blog\/#\/schema\/logo\/image\/\"},\"sameAs\":[\"https:\/\/www.facebook.com\/dicodusport\",\"https:\/\/x.com\/dicodusport\",\"https:\/\/www.instagram.com\/dicodusport\/\",\"https:\/\/www.youtube.com\/channel\/UC7V2KZ5sd3htJivAbA4ZG3w\"],\"description\":\"Dicodusport est l'encyclop\u00e9die de l'actualit\u00e9 sportive.\",\"email\":\"bonjour@dicodusport.fr\",\"legalName\":\"DICODUSPORT\",\"foundingDate\":\"2018-01-14\",\"vatID\":\"FR71834470973\",\"taxID\":\"83447097300043\",\"numberOfEmployees\":{\"@type\":\"QuantitativeValue\",\"minValue\":\"1\",\"maxValue\":\"10\"}},{\"@type\":\"Person\",\"@id\":\"https:\/\/dicodusport.fr\/blog\/#\/schema\/person\/cb02af4c173ce4a653b55e9baf388d4a\",\"name\":\"Flo Ostermann\",\"image\":{\"@type\":\"ImageObject\",\"inLanguage\":\"fr-FR\",\"@id\":\"https:\/\/dicodusport.fr\/blog\/#\/schema\/person\/image\/\",\"url\":\"https:\/\/dicodusport.fr\/blog\/wp-content\/uploads\/2021\/05\/Flo-Ostermann-150x150.jpg\",\"contentUrl\":\"https:\/\/dicodusport.fr\/blog\/wp-content\/uploads\/2021\/05\/Flo-Ostermann-150x150.jpg\",\"caption\":\"Flo Ostermann\"},\"description\":\"Journaliste\/R\u00e9dacteur depuis septembre 2015 - Mes premiers souvenirs dans le sport ? Les envol\u00e9es du Stade Toulousain et les duels Villeneuve-Schumacher et H\u00e4kkinen-Schumacher \u00e0 la fin des ann\u00e9es 90, la Coupe du monde de football en 1998, l\u2019exploit du XV de France face aux All Blacks en 1999, mais aussi Richard C\u0153ur de Lion qui vole sur les montagnes du Tour de France. Bien parti pour devenir professeur d\u2019EPS, les \u00e9v\u00e9nements de la vie (et la flemme d\u2019animer des s\u00e9ances de 3x500 m\u00e8tres toute ma vie) m\u2019ont conduit \u00e0 revoir mes plans. Me voil\u00e0 depuis fin 2017 sur Dicodusport, m\u00e9dia gr\u00e2ce (et pour) lequel je partage ma passion : le sport dans tous ses \u00e9tats. Le tout accompagn\u00e9 par les fous furieux et folles furieuses cit\u00e9s sur cette page !\",\"sameAs\":[\"https:\/\/www.facebook.com\/florent.ostermann\",\"https:\/\/x.com\/https:\/\/twitter.com\/FlOstermann\",\"admin\"],\"url\":\"https:\/\/dicodusport.fr\/blog\/author\/flo\/\"}]}<\/script>\n<!-- \/ Yoast SEO Premium plugin. -->","yoast_head_json":{"title":"Coupe du monde de biathlon : Jeanmonnot, Simon, Braisaz-Bouchet, les notes des Bleues","description":"COUPE DU MONDE DE BIATHLON 2023-2024 - La saison de biathlon est donc termin\u00e9e. Il est temps de faire les bilans de l'\u00e9quipe de France f\u00e9minine.","robots":{"index":"index","follow":"follow","max-snippet":"max-snippet:-1","max-image-preview":"max-image-preview:large","max-video-preview":"max-video-preview:-1"},"canonical":"https:\/\/dicodusport.fr\/blog\/coupe-du-monde-de-biathlon-jeanmonnot-simon-braisaz-bouchet-les-notes-des-bleues\/","og_locale":"fr_FR","og_type":"article","og_title":"Coupe du monde de biathlon : Jeanmonnot, Simon, Braisaz-Bouchet, les notes des Bleues","og_description":"COUPE DU MONDE DE BIATHLON 2023-2024 - La saison de biathlon est donc termin\u00e9e. Il est temps de faire les bilans de l'\u00e9quipe de France f\u00e9minine.","og_url":"https:\/\/dicodusport.fr\/blog\/coupe-du-monde-de-biathlon-jeanmonnot-simon-braisaz-bouchet-les-notes-des-bleues\/","og_site_name":"Dicodusport","article_publisher":"https:\/\/www.facebook.com\/dicodusport","article_author":"https:\/\/www.facebook.com\/florent.ostermann","article_published_time":"2024-03-20T12:27:18+00:00","article_modified_time":"2025-07-09T16:40:08+00:00","og_image":[{"width":1200,"height":674,"url":"https:\/\/dicodusport.fr\/blog\/wp-content\/uploads\/2024\/03\/Coupe-du-monde-de-biathlon-Jeanmonnot-Simon-Braisaz-Bouchet-les-notes-des-Bleues.png","type":"image\/png"}],"author":"Flo Ostermann","twitter_card":"summary_large_image","twitter_title":"Coupe du monde de biathlon : Jeanmonnot, Simon, Braisaz-Bouchet, les notes des Bleues","twitter_creator":"@https:\/\/twitter.com\/FlOstermann","twitter_site":"@dicodusport","schema":{"@context":"https:\/\/schema.org","@graph":[{"@type":"NewsArticle","@id":"https:\/\/dicodusport.fr\/blog\/coupe-du-monde-de-biathlon-jeanmonnot-simon-braisaz-bouchet-les-notes-des-bleues\/#article","isPartOf":{"@id":"https:\/\/dicodusport.fr\/blog\/coupe-du-monde-de-biathlon-jeanmonnot-simon-braisaz-bouchet-les-notes-des-bleues\/"},"author":{"name":"Flo Ostermann","@id":"https:\/\/dicodusport.fr\/blog\/#\/schema\/person\/cb02af4c173ce4a653b55e9baf388d4a"},"headline":"Coupe du monde de biathlon : Jeanmonnot, Simon, Braisaz-Bouchet, les notes des Bleues","datePublished":"2024-03-20T12:27:18+00:00","dateModified":"2025-07-09T16:40:08+00:00","mainEntityOfPage":{"@id":"https:\/\/dicodusport.fr\/blog\/coupe-du-monde-de-biathlon-jeanmonnot-simon-braisaz-bouchet-les-notes-des-bleues\/"},"wordCount":2772,"commentCount":1,"publisher":{"@id":"https:\/\/dicodusport.fr\/blog\/#organization"},"image":{"@id":"https:\/\/dicodusport.fr\/blog\/coupe-du-monde-de-biathlon-jeanmonnot-simon-braisaz-bouchet-les-notes-des-bleues\/#primaryimage"},"thumbnailUrl":"https:\/\/dicodusport.fr\/blog\/wp-content\/uploads\/2024\/03\/Coupe-du-monde-de-biathlon-Jeanmonnot-Simon-Braisaz-Bouchet-les-notes-des-Bleues.png","keywords":["Biathlon","br\u00e8ve","Equipe de France de Biathlon","sport"],"articleSection":["Coupe du monde de biathlon"],"inLanguage":"fr-FR","potentialAction":[{"@type":"CommentAction","name":"Comment","target":["https:\/\/dicodusport.fr\/blog\/coupe-du-monde-de-biathlon-jeanmonnot-simon-braisaz-bouchet-les-notes-des-bleues\/#respond"]}],"copyrightYear":"2024","copyrightHolder":{"@id":"https:\/\/dicodusport.fr\/blog\/#organization"}},{"@type":"WebPage","@id":"https:\/\/dicodusport.fr\/blog\/coupe-du-monde-de-biathlon-jeanmonnot-simon-braisaz-bouchet-les-notes-des-bleues\/","url":"https:\/\/dicodusport.fr\/blog\/coupe-du-monde-de-biathlon-jeanmonnot-simon-braisaz-bouchet-les-notes-des-bleues\/","name":"Coupe du monde de biathlon : Jeanmonnot, Simon, Braisaz-Bouchet, les notes des Bleues","isPartOf":{"@id":"https:\/\/dicodusport.fr\/blog\/#website"},"primaryImageOfPage":{"@id":"https:\/\/dicodusport.fr\/blog\/coupe-du-monde-de-biathlon-jeanmonnot-simon-braisaz-bouchet-les-notes-des-bleues\/#primaryimage"},"image":{"@id":"https:\/\/dicodusport.fr\/blog\/coupe-du-monde-de-biathlon-jeanmonnot-simon-braisaz-bouchet-les-notes-des-bleues\/#primaryimage"},"thumbnailUrl":"https:\/\/dicodusport.fr\/blog\/wp-content\/uploads\/2024\/03\/Coupe-du-monde-de-biathlon-Jeanmonnot-Simon-Braisaz-Bouchet-les-notes-des-Bleues.png","datePublished":"2024-03-20T12:27:18+00:00","dateModified":"2025-07-09T16:40:08+00:00","description":"COUPE DU MONDE DE BIATHLON 2023-2024 - La saison de biathlon est donc termin\u00e9e. Il est temps de faire les bilans de l'\u00e9quipe de France f\u00e9minine.","breadcrumb":{"@id":"https:\/\/dicodusport.fr\/blog\/coupe-du-monde-de-biathlon-jeanmonnot-simon-braisaz-bouchet-les-notes-des-bleues\/#breadcrumb"},"inLanguage":"fr-FR","potentialAction":[{"@type":"ReadAction","target":["https:\/\/dicodusport.fr\/blog\/coupe-du-monde-de-biathlon-jeanmonnot-simon-braisaz-bouchet-les-notes-des-bleues\/"]}]},{"@type":"ImageObject","inLanguage":"fr-FR","@id":"https:\/\/dicodusport.fr\/blog\/coupe-du-monde-de-biathlon-jeanmonnot-simon-braisaz-bouchet-les-notes-des-bleues\/#primaryimage","url":"https:\/\/dicodusport.fr\/blog\/wp-content\/uploads\/2024\/03\/Coupe-du-monde-de-biathlon-Jeanmonnot-Simon-Braisaz-Bouchet-les-notes-des-Bleues.png","contentUrl":"https:\/\/dicodusport.fr\/blog\/wp-content\/uploads\/2024\/03\/Coupe-du-monde-de-biathlon-Jeanmonnot-Simon-Braisaz-Bouchet-les-notes-des-Bleues.png","width":1200,"height":674,"caption":"Coupe du monde de biathlon Jeanmonnot, Simon, Braisaz-Bouchet, les notes des Bleues"},{"@type":"BreadcrumbList","@id":"https:\/\/dicodusport.fr\/blog\/coupe-du-monde-de-biathlon-jeanmonnot-simon-braisaz-bouchet-les-notes-des-bleues\/#breadcrumb","itemListElement":[{"@type":"ListItem","position":1,"name":"Accueil","item":"https:\/\/dicodusport.fr\/blog\/"},{"@type":"ListItem","position":2,"name":"Coupe du monde de biathlon : Jeanmonnot, Simon, Braisaz-Bouchet, les notes des Bleues"}]},{"@type":"WebSite","@id":"https:\/\/dicodusport.fr\/blog\/#website","url":"https:\/\/dicodusport.fr\/blog\/","name":"Dicodusport","description":"L&#039;encyclop\u00e9die de l&#039;actualit\u00e9 sportive","publisher":{"@id":"https:\/\/dicodusport.fr\/blog\/#organization"},"potentialAction":[{"@type":"SearchAction","target":{"@type":"EntryPoint","urlTemplate":"https:\/\/dicodusport.fr\/blog\/?s={search_term_string}"},"query-input":{"@type":"PropertyValueSpecification","valueRequired":true,"valueName":"search_term_string"}}],"inLanguage":"fr-FR"},{"@type":"NewsMediaOrganization","@id":"https:\/\/dicodusport.fr\/blog\/#organization","name":"Dicodusport","url":"https:\/\/dicodusport.fr\/blog\/","logo":{"@type":"ImageObject","inLanguage":"fr-FR","@id":"https:\/\/dicodusport.fr\/blog\/#\/schema\/logo\/image\/","url":"https:\/\/dicodusport.fr\/blog\/wp-content\/uploads\/2020\/06\/cropped-LOGO-DICODUSPORT-2020-SANS-FOND-SANS-TEXTE.png","contentUrl":"https:\/\/dicodusport.fr\/blog\/wp-content\/uploads\/2020\/06\/cropped-LOGO-DICODUSPORT-2020-SANS-FOND-SANS-TEXTE.png","width":512,"height":512,"caption":"Dicodusport"},"image":{"@id":"https:\/\/dicodusport.fr\/blog\/#\/schema\/logo\/image\/"},"sameAs":["https:\/\/www.facebook.com\/dicodusport","https:\/\/x.com\/dicodusport","https:\/\/www.instagram.com\/dicodusport\/","https:\/\/www.youtube.com\/channel\/UC7V2KZ5sd3htJivAbA4ZG3w"],"description":"Dicodusport est l'encyclop\u00e9die de l'actualit\u00e9 sportive.","email":"bonjour@dicodusport.fr","legalName":"DICODUSPORT","foundingDate":"2018-01-14","vatID":"FR71834470973","taxID":"83447097300043","numberOfEmployees":{"@type":"QuantitativeValue","minValue":"1","maxValue":"10"}},{"@type":"Person","@id":"https:\/\/dicodusport.fr\/blog\/#\/schema\/person\/cb02af4c173ce4a653b55e9baf388d4a","name":"Flo Ostermann","image":{"@type":"ImageObject","inLanguage":"fr-FR","@id":"https:\/\/dicodusport.fr\/blog\/#\/schema\/person\/image\/","url":"https:\/\/dicodusport.fr\/blog\/wp-content\/uploads\/2021\/05\/Flo-Ostermann-150x150.jpg","contentUrl":"https:\/\/dicodusport.fr\/blog\/wp-content\/uploads\/2021\/05\/Flo-Ostermann-150x150.jpg","caption":"Flo Ostermann"},"description":"Journaliste\/R\u00e9dacteur depuis septembre 2015 - Mes premiers souvenirs dans le sport ? Les envol\u00e9es du Stade Toulousain et les duels Villeneuve-Schumacher et H\u00e4kkinen-Schumacher \u00e0 la fin des ann\u00e9es 90, la Coupe du monde de football en 1998, l\u2019exploit du XV de France face aux All Blacks en 1999, mais aussi Richard C\u0153ur de Lion qui vole sur les montagnes du Tour de France. Bien parti pour devenir professeur d\u2019EPS, les \u00e9v\u00e9nements de la vie (et la flemme d\u2019animer des s\u00e9ances de 3x500 m\u00e8tres toute ma vie) m\u2019ont conduit \u00e0 revoir mes plans. Me voil\u00e0 depuis fin 2017 sur Dicodusport, m\u00e9dia gr\u00e2ce (et pour) lequel je partage ma passion : le sport dans tous ses \u00e9tats. Le tout accompagn\u00e9 par les fous furieux et folles furieuses cit\u00e9s sur cette page !","sameAs":["https:\/\/www.facebook.com\/florent.ostermann","https:\/\/x.com\/https:\/\/twitter.com\/FlOstermann","admin"],"url":"https:\/\/dicodusport.fr\/blog\/author\/flo\/"}]}},"_links":{"self":[{"href":"https:\/\/dicodusport.fr\/blog\/wp-json\/wp\/v2\/posts\/473193","targetHints":{"allow":["GET"]}}],"collection":[{"href":"https:\/\/dicodusport.fr\/blog\/wp-json\/wp\/v2\/posts"}],"about":[{"href":"https:\/\/dicodusport.fr\/blog\/wp-json\/wp\/v2\/types\/post"}],"author":[{"embeddable":true,"href":"https:\/\/dicodusport.fr\/blog\/wp-json\/wp\/v2\/users\/4"}],"replies":[{"embeddable":true,"href":"https:\/\/dicodusport.fr\/blog\/wp-json\/wp\/v2\/comments?post=473193"}],"version-history":[{"count":5,"href":"https:\/\/dicodusport.fr\/blog\/wp-json\/wp\/v2\/posts\/473193\/revisions"}],"predecessor-version":[{"id":473598,"href":"https:\/\/dicodusport.fr\/blog\/wp-json\/wp\/v2\/posts\/473193\/revisions\/473598"}],"wp:featuredmedia":[{"embeddable":true,"href":"https:\/\/dicodusport.fr\/blog\/wp-json\/wp\/v2\/media\/473382"}],"wp:attachment":[{"href":"https:\/\/dicodusport.fr\/blog\/wp-json\/wp\/v2\/media?parent=473193"}],"wp:term":[{"taxonomy":"category","embeddable":true,"href":"https:\/\/dicodusport.fr\/blog\/wp-json\/wp\/v2\/categories?post=473193"},{"taxonomy":"post_tag","embeddable":true,"href":"https:\/\/dicodusport.fr\/blog\/wp-json\/wp\/v2\/tags?post=473193"}],"curies":[{"name":"wp","href":"https:\/\/api.w.org\/{rel}","templated":true}]}}