{"id":473310,"date":"2024-03-22T11:20:11","date_gmt":"2024-03-22T10:20:11","guid":{"rendered":"https:\/\/dicodusport.fr\/blog\/?p=473310&#038;preview=true&#038;preview_id=473310"},"modified":"2024-03-22T11:20:11","modified_gmt":"2024-03-22T10:20:11","slug":"gp-e3-saxo-bank-classic-2024-parcours-profil-et-favoris","status":"publish","type":"post","link":"https:\/\/dicodusport.fr\/blog\/gp-e3-saxo-bank-classic-2024-parcours-profil-et-favoris\/","title":{"rendered":"GP E3 Saxo Bank Classic 2024 : Parcours d\u00e9taill\u00e9 et profil"},"content":{"rendered":"<p style=\"text-align: justify;\"><em><strong><span class=\"tojvnm2t a6sixzi8 abs2jz4q a8s20v7p t1p8iaqh k5wvi7nf q3lfd5jv pk4s997a bipmatt0 cebpdrjk qowsmv63 owwhemhu dp1hu0rb dhp61c6y iyyx5f41\">GP E3 SAXO BANK CLASSIC <\/span>2024 &#8211; <span class=\"tojvnm2t a6sixzi8 abs2jz4q a8s20v7p t1p8iaqh k5wvi7nf q3lfd5jv pk4s997a bipmatt0 cebpdrjk qowsmv63 owwhemhu dp1hu0rb dhp61c6y iyyx5f41\">Avec le Grand Prix E3 Saxo Bank Classic, le printemps flamand bat son plein \u00e0 une semaine du Tour des Flandres. Ce vendredi 22 mars, place \u00e0 la 66e \u00e9dition du GP E3 avec un itin\u00e9raire presque inchang\u00e9 pour une distance totale de 207,6 kilom\u00e8tres. Wout Van Aert va-t-il r\u00e9aliser la passe de trois ? Parcours, profil et favoris.<\/span><br \/>\n<\/strong><\/em><\/p>\n<ul>\n<li class=\"mvp-post-title left entry-title\" style=\"text-align: justify;\"><strong>\u00c0 ce sujet &#8211; <a href=\"https:\/\/dicodusport.fr\/blog\/grand-prix-e3-2024-les-engages\/\">Grand Prix E3 2024 : Les engag\u00e9s<\/a><\/strong><\/li>\n<\/ul>\n<h2 style=\"text-align: justify;\"><span class=\"tojvnm2t a6sixzi8 abs2jz4q a8s20v7p t1p8iaqh k5wvi7nf q3lfd5jv pk4s997a bipmatt0 cebpdrjk qowsmv63 owwhemhu dp1hu0rb dhp61c6y iyyx5f41\">Historique du Grand Prix E3<\/span><\/h2>\n<p style=\"text-align: justify;\"><span class=\"tojvnm2t a6sixzi8 abs2jz4q a8s20v7p t1p8iaqh k5wvi7nf q3lfd5jv pk4s997a bipmatt0 cebpdrjk qowsmv63 owwhemhu dp1hu0rb dhp61c6y iyyx5f41\">L&rsquo;histoire du <strong>E3 Saxo Bank Classic<\/strong> est riche. Cette course se dispute neuf jours avant le Tour des Flandres et a \u00e9t\u00e9 cr\u00e9\u00e9e par l&rsquo;association <em>Hand in Hand<\/em> au moment de la construction de l&rsquo;autoroute E3. Dans un premier temps, la classique belge se nomma <b>Harelbeke-Anvers-Harelbeke<\/b> jusque dans les ann\u00e9es 1970, puis fut renomm\u00e9e <b>E3-Prijs Harelbeke<\/b> au d\u00e9but des ann\u00e9es 1970. En 2003, elle change \u00e0 nouveau de nom pour s&rsquo;appeler l&rsquo;<b>E3 Prijs Vlaanderen, E3 Prijs Vlaanderen-Harelbeke <\/b>en 2011, puis <b>E3 Harelbeke <\/b>en 2012. En 2017, la course prend le nom de son nouveau sponsor en devenant l&rsquo;<b>E3 BinkBank Classic <\/b>et <b>E3 Saxo Bank Classic <\/b>en 2021.\u00a0<\/span><\/p>\n<p style=\"text-align: justify;\"><span class=\"tojvnm2t a6sixzi8 abs2jz4q a8s20v7p t1p8iaqh k5wvi7nf q3lfd5jv pk4s997a bipmatt0 cebpdrjk qowsmv63 owwhemhu dp1hu0rb dhp61c6y iyyx5f41\">En 1958, <strong>Armand Desmet<\/strong> fut le premier vainqueur de cette classique. De grands noms tels que <strong>Rik Van Looy<\/strong>, <strong>Roger De Vlaeminck<\/strong>, <strong>Freddy Maertens<\/strong>, <strong>Jan Raas<\/strong>, <strong>Eddy Planckaert<\/strong>, <strong>Johan Museeuw<\/strong> et <strong>Mario Cipollini<\/strong> ont lev\u00e9 les bras sur l&rsquo;E3. Le recordman de victoires est Tom Boonen avec cinq succ\u00e8s devant la l\u00e9gende Rik Van Looy.<\/span><\/p>\n<p style=\"text-align: justify;\"><span class=\"tojvnm2t a6sixzi8 abs2jz4q a8s20v7p t1p8iaqh k5wvi7nf q3lfd5jv pk4s997a bipmatt0 cebpdrjk qowsmv63 owwhemhu dp1hu0rb dhp61c6y iyyx5f41\">L&rsquo;<strong>E3 Saxo Bank Classic<\/strong> est consid\u00e9r\u00e9 comme un petit Tour des Flandres avec dix-sept monts et cinq sections pav\u00e9es. <\/span><span class=\"tojvnm2t a6sixzi8 abs2jz4q a8s20v7p t1p8iaqh k5wvi7nf q3lfd5jv pk4s997a bipmatt0 cebpdrjk qowsmv63 owwhemhu dp1hu0rb dhp61c6y iyyx5f41\">Comme d&rsquo;habitude, la course d\u00e9butera et finira \u00e0 Harelbeke sur la Grote Markt avec une longue boucle \u00e0 l&rsquo;est. Les 18 \u00e9quipes WorldTour seront pr\u00e9sentes ainsi que 7 ProTeams : Lotto Dstny, Flanders Baloise, Q.36.5 Pro Cycling, Tudor Pro Cycling, Israel Premier Tech, Uno-X Mobility et Bingoal WB.<\/span><\/p>\n<div class=\"vlp-link-container vlp-layout-article\"><a href=\"https:\/\/dicodusport.fr\/blog\/grand-prix-e3-2023-wout-van-aert-garde-sa-couronne\/\" class=\"vlp-link\" title=\"Grand Prix E3 2023 : Wout Van Aert garde sa couronne\"><\/a><div class=\"vlp-layout-zone-side\"><div class=\"vlp-block-4 vlp-link-image\"><img loading=\"lazy\" decoding=\"async\" style=\"max-width: 800px;\" width=\"800\" height=\"445\" src=\"https:\/\/dicodusport.fr\/blog\/wp-content\/uploads\/2023\/03\/Grand-Prix-E3-2023-Wout-Van-Aert-garde-sa-couronne-1.png\" class=\"attachment-800x445 size-800x445\" alt=\"Grand Prix E3 2023 Wout Van Aert garde sa couronne (1)\" srcset=\"https:\/\/dicodusport.fr\/blog\/wp-content\/uploads\/2023\/03\/Grand-Prix-E3-2023-Wout-Van-Aert-garde-sa-couronne-1.png 800w, https:\/\/dicodusport.fr\/blog\/wp-content\/uploads\/2023\/03\/Grand-Prix-E3-2023-Wout-Van-Aert-garde-sa-couronne-1-300x167.png 300w, https:\/\/dicodusport.fr\/blog\/wp-content\/uploads\/2023\/03\/Grand-Prix-E3-2023-Wout-Van-Aert-garde-sa-couronne-1-768x427.png 768w\" sizes=\"auto, (max-width: 800px) 100vw, 800px\" \/><\/div><\/div><div class=\"vlp-layout-zone-main\"><div class=\"vlp-block-0 vlp-link-title\">Grand Prix E3 2023 : Wout Van Aert garde sa couronne<\/div><div class=\"vlp-block-1 vlp-link-summary\">E3 SAXO BANK CLASSIC 2023 - Wout Van Aert (Jumbo-Visma) remporte la classique flandrienne du Grand Prix E3 et garde son titre sur cette course. Le Belge devance au sprint son grand rival Mathieu van der Poel (Alpecin-Deceuninck) et Tadej Pogacar (UAE Team Emirates). Il n'y a pas de Fran\u00e7ais dans le top 5. Valentin Madouas (Groupama-FDJ) est 8e.<\/div><div class=\"vlp-block-2 vlp-link-button\">Lire l'article<\/div><div class=\"vlp-block-3 vlp-link-url\">dicodusport.fr<\/div><\/div><\/div>\n<ul>\n<li style=\"text-align: justify;\"><strong>\u00c0 ce sujet &#8211; <a href=\"https:\/\/dicodusport.fr\/blog\/gp-e3-saxo-bank-classic-2024-favoris-et-outsiders\/\">GP E3 Saxo Bank Classic 2024 : Favoris et outsiders<\/a><\/strong><\/li>\n<\/ul>\n<h2 style=\"text-align: justify;\"><span class=\"tojvnm2t a6sixzi8 abs2jz4q a8s20v7p t1p8iaqh k5wvi7nf q3lfd5jv pk4s997a bipmatt0 cebpdrjk qowsmv63 owwhemhu dp1hu0rb dhp61c6y iyyx5f41\">Le parcours de Grand Prix E3 2024<\/span><\/h2>\n<p style=\"text-align: justify;\"><span class=\"tojvnm2t a6sixzi8 abs2jz4q a8s20v7p t1p8iaqh k5wvi7nf q3lfd5jv pk4s997a bipmatt0 cebpdrjk qowsmv63 owwhemhu dp1hu0rb dhp61c6y iyyx5f41\">Les coureurs traverseront dans un premier temps des localit\u00e9s telles que <strong>Waregem<\/strong>, <strong>Wortegem-Petegem, Audenarde, Zottegem, Geraardsbergen<\/strong> et <strong>Ronse<\/strong>. N\u00e9anmoins, les 80 premiers kilom\u00e8tres de course seront relativement plats. Cependant, il y aura l&rsquo;ascension du <strong>Katteberg<\/strong> (750 m \u00e0 6 %) avec juste derri\u00e8re, les pav\u00e9s du <strong>Holleweg,\u00a0<\/strong>long de 1 500 m, apr\u00e8s 28 kilom\u00e8tres de course, avant d&#8217;emprunter les pav\u00e9s du <strong>Paddestraat,<\/strong> long de 2 300 m.<br \/>\n<\/span><\/p>\n<p style=\"text-align: justify;\"><span class=\"tojvnm2t a6sixzi8 abs2jz4q a8s20v7p t1p8iaqh k5wvi7nf q3lfd5jv pk4s997a bipmatt0 cebpdrjk qowsmv63 owwhemhu dp1hu0rb dhp61c6y iyyx5f41\">Ensuite, place aux secteurs des monts avec, pour d\u00e9buter, <strong>La Houppe<\/strong> (1 880 m \u00e0 4,8 %) dans la province du Hainaut. \u00c0 partir de l\u00e0, la course commencera une phase nerveuse avec des monts presque tous les dix kilom\u00e8tres et sur des routes sinueuses. Le <strong>Kanarieberg<\/strong> (1 050 m \u00e0 7,7 %), l&rsquo;<strong>Oude<\/strong> <strong>Kruisberg<\/strong> (800 m \u00e0 4,8 %), le <strong>Knokteberg<\/strong> (1 260 m \u00e0 7 %), l&rsquo;<strong>Hotondberg<\/strong> (1 200 m \u00e0 4 %) et le <strong>Kortekeer<\/strong> (1 000 m \u00e0 6,4 %) ne seront pas pav\u00e9s, mais les offensives seront possibles.<\/span><\/p>\n<ul>\n<li style=\"text-align: justify;\"><strong>\u00c0 ce sujet &#8211; <a href=\"https:\/\/dicodusport.fr\/blog\/actualites\/cyclisme\/cyclisme-sur-route-2024\/\">L&rsquo;actualit\u00e9 du cyclisme sur route<\/a><\/strong><\/li>\n<\/ul>\n<h3 style=\"text-align: justify;\">Une seconde moiti\u00e9 de course dantesque<\/h3>\n<p style=\"text-align: justify;\"><span class=\"tojvnm2t a6sixzi8 abs2jz4q a8s20v7p t1p8iaqh k5wvi7nf q3lfd5jv pk4s997a bipmatt0 cebpdrjk qowsmv63 owwhemhu dp1hu0rb dhp61c6y iyyx5f41\">Puis, les choses s\u00e9rieuses commenceront \u00e0 80 kilom\u00e8tres. Le <strong>Taaienberg<\/strong> (700 m \u00e0 6,3 %, tr\u00e8s pentu au pied avec un passage \u00e0 18 %, ce mont permettait dans le pass\u00e9 \u00e0 Tom Boonen de tester ses adversaires) sera la premi\u00e8re c\u00f4te pav\u00e9e de la journ\u00e9e et sera difficile. Dix kilom\u00e8tres plus loin, les obstacles se succ\u00e8deront encore plus vite, avec le <strong>Berg ten Stene<\/strong> (1 300 m \u00e0 5,2 %), le <strong>Boigneberg<\/strong> (1 000 m \u00e0 5,2 %) mais aussi la petite nouveaut\u00e9, l&rsquo;<strong>Ellestraat<\/strong> (1800 m \u00e0 4 % avec un passage \u00e0 10 %). Il faudra ensuite empreunter le <strong>Stationsberg<\/strong> (700 m \u00e0 3,2 %) et le secteur pav\u00e9, long de 2000 m, du <strong>Mariaborrestraat<\/strong>.<\/span><\/p>\n<p style=\"text-align: justify;\"><span class=\"tojvnm2t a6sixzi8 abs2jz4q a8s20v7p t1p8iaqh k5wvi7nf q3lfd5jv pk4s997a bipmatt0 cebpdrjk qowsmv63 owwhemhu dp1hu0rb dhp61c6y iyyx5f41\">Apr\u00e8s le <strong>Kapelberg<\/strong> (750 m \u00e0 7,1 %), les coureurs se dirigeront vers Kluisbergen pour atteindre les deux mont\u00e9es phares du Ronde, mais dans le sens inverse que sur le Monument flandrien. D&rsquo;abord, le <strong>Paterberg<\/strong> (400 m \u00e0 12,9 %) sera grimp\u00e9 \u00e0 42 kilom\u00e8tres de l&rsquo;arriv\u00e9e, avec trois kilom\u00e8tres plus loin l&rsquo;<strong>Oude Kwaremont<\/strong> (2 200 m \u00e0 4 %), beaucoup plus long, mais bien moins pentu. Dix kilom\u00e8tres plus loin, place au <strong>Karnemelkbeekstraat<\/strong> (1 530 m \u00e0 4,9 %), qualifi\u00e9 de col E3. Bien qu&rsquo;il s&rsquo;agisse d&rsquo;une ascension sans pav\u00e9s, il pr\u00e9sentera une pente maximale de 18 %. C&rsquo;est la derni\u00e8re chance pour faire la diff\u00e9rence pour les favoris.<\/span><\/p>\n<p style=\"text-align: justify;\"><span class=\"tojvnm2t a6sixzi8 abs2jz4q a8s20v7p t1p8iaqh k5wvi7nf q3lfd5jv pk4s997a bipmatt0 cebpdrjk qowsmv63 owwhemhu dp1hu0rb dhp61c6y iyyx5f41\">Apr\u00e8s les pav\u00e9s du <strong>Varent,<\/strong> longs de 1 500 m, \u00e0 24 kilom\u00e8tres de l&rsquo;arriv\u00e9e, le <strong>Tiegemberg<\/strong> (750 m \u00e0 5,6 %) sera gravi avant 19 derniers kilom\u00e8tres relativement plats via <strong>Anzegem<\/strong> et <strong>Deerlijk<\/strong> pour rejoindre la ville d&rsquo;arriv\u00e9e. L\u00a0\u00bbarriv\u00e9e sera jug\u00e9e sur une ligne droite de 600 m\u00e8tres sur la Stasegemsesteenweg. La course sera diffus\u00e9e sur <em>Eurosport<\/em>, <em>Sporza<\/em> et la <em>RTBF<\/em>.<\/span><\/p>\n<div id=\"attachment_473545\" style=\"width: 1210px\" class=\"wp-caption aligncenter\"><img loading=\"lazy\" decoding=\"async\" aria-describedby=\"caption-attachment-473545\" class=\"wp-image-473545 size-full\" src=\"https:\/\/dicodusport.fr\/blog\/wp-content\/uploads\/2024\/03\/Profil-du-GP-E3-Saxo-Bank-Classic-2024.png\" alt=\"Profil du GP E3 Saxo Bank Classic 2024\" width=\"1200\" height=\"560\" srcset=\"https:\/\/dicodusport.fr\/blog\/wp-content\/uploads\/2024\/03\/Profil-du-GP-E3-Saxo-Bank-Classic-2024.png 1200w, https:\/\/dicodusport.fr\/blog\/wp-content\/uploads\/2024\/03\/Profil-du-GP-E3-Saxo-Bank-Classic-2024-300x140.png 300w, https:\/\/dicodusport.fr\/blog\/wp-content\/uploads\/2024\/03\/Profil-du-GP-E3-Saxo-Bank-Classic-2024-1024x478.png 1024w, https:\/\/dicodusport.fr\/blog\/wp-content\/uploads\/2024\/03\/Profil-du-GP-E3-Saxo-Bank-Classic-2024-768x358.png 768w\" sizes=\"auto, (max-width: 1200px) 100vw, 1200px\" \/><p id=\"caption-attachment-473545\" class=\"wp-caption-text\">Profil du GP E3 Saxo Bank Classic 2024 &#8211; Via e3saxoclassic.be<\/p><\/div>\n<h2 style=\"text-align: justify;\"><span class=\"tojvnm2t a6sixzi8 abs2jz4q a8s20v7p t1p8iaqh k5wvi7nf q3lfd5jv pk4s997a bipmatt0 cebpdrjk qowsmv63 owwhemhu dp1hu0rb dhp61c6y iyyx5f41\">Les favoris du Grand Prix E3 2024<\/span><\/h2>\n<p style=\"text-align: justify;\"><strong>Mathieu van der Poel<\/strong> (Alpecin-Deceuninck)<\/p>\n<p style=\"text-align: justify;\"><strong>Wout Van Aert<\/strong> (Visma Lease a Bike)<\/p>\n<p style=\"text-align: justify;\"><strong>Mads Pedersen<\/strong> (Lidl-Trek)<\/p>\n<p style=\"text-align: justify;\"><strong>Arnaud De Lie<\/strong> (Lotto Dstny)<\/p>\n<p style=\"text-align: justify;\"><strong>Matej Mohoric<\/strong> (Bahrain Victorious)<\/p>\n<p style=\"text-align: justify;\"><strong>Matteo Jorgenson<\/strong> (Visma Lease a Bike)<\/p>\n<p style=\"text-align: justify;\"><strong>Alberto Bettiol<\/strong> (EF Education EasyPost)<\/p>\n<hr \/>\n<h2 style=\"text-align: justify;\">Palmar\u00e8s du Grand Prix E3<\/h2>\n<p><strong>2023 :<\/strong> Wout Van Aert &#8211; <a href=\"https:\/\/dicodusport.fr\/blog\/classement-grand-prix-e3-2023\/\"><em>Classement de la course<\/em><\/a><\/p>\n<p style=\"text-align: justify;\"><span class=\"tojvnm2t a6sixzi8 abs2jz4q a8s20v7p t1p8iaqh k5wvi7nf q3lfd5jv pk4s997a bipmatt0 cebpdrjk qowsmv63 owwhemhu dp1hu0rb dhp61c6y iyyx5f41\"><strong>2022 :<\/strong> Wout Van Aert &#8211; <a href=\"https:\/\/dicodusport.fr\/blog\/grand-prix-e3-2022-classement\/\"><em>Classement de la course<\/em><\/a><\/span><\/p>\n<p style=\"text-align: justify;\"><span class=\"tojvnm2t a6sixzi8 abs2jz4q a8s20v7p t1p8iaqh k5wvi7nf q3lfd5jv pk4s997a bipmatt0 cebpdrjk qowsmv63 owwhemhu dp1hu0rb dhp61c6y iyyx5f41\"><strong>2021 :<\/strong> Kasper Asgreen &#8211; <a href=\"https:\/\/dicodusport.fr\/blog\/e3-saxo-bank-classic-2021-classement-course\/\"><em>Classement de la course<\/em><\/a><\/span><\/p>\n<p style=\"text-align: justify;\"><span class=\"tojvnm2t a6sixzi8 abs2jz4q a8s20v7p t1p8iaqh k5wvi7nf q3lfd5jv pk4s997a bipmatt0 cebpdrjk qowsmv63 owwhemhu dp1hu0rb dhp61c6y iyyx5f41\"><strong>2020 :<\/strong> Annul\u00e9<\/span><\/p>\n<p style=\"text-align: justify;\"><span class=\"tojvnm2t a6sixzi8 abs2jz4q a8s20v7p t1p8iaqh k5wvi7nf q3lfd5jv pk4s997a bipmatt0 cebpdrjk qowsmv63 owwhemhu dp1hu0rb dhp61c6y iyyx5f41\"><strong>2019 :<\/strong> Zden\u011bk \u0160tybar <\/span><\/p>\n<p style=\"text-align: justify;\"><span class=\"tojvnm2t a6sixzi8 abs2jz4q a8s20v7p t1p8iaqh k5wvi7nf q3lfd5jv pk4s997a bipmatt0 cebpdrjk qowsmv63 owwhemhu dp1hu0rb dhp61c6y iyyx5f41\"><strong>2018 :<\/strong> Niki Terpstra <\/span><\/p>\n<p style=\"text-align: justify;\"><span class=\"tojvnm2t a6sixzi8 abs2jz4q a8s20v7p t1p8iaqh k5wvi7nf q3lfd5jv pk4s997a bipmatt0 cebpdrjk qowsmv63 owwhemhu dp1hu0rb dhp61c6y iyyx5f41\"><strong>2017 :<\/strong> Greg Van Avermaet <\/span><\/p>\n<p style=\"text-align: justify;\"><span class=\"tojvnm2t a6sixzi8 abs2jz4q a8s20v7p t1p8iaqh k5wvi7nf q3lfd5jv pk4s997a bipmatt0 cebpdrjk qowsmv63 owwhemhu dp1hu0rb dhp61c6y iyyx5f41\"><strong>2016 :<\/strong> Micha\u0142 Kwiatkowski <\/span><\/p>\n<p style=\"text-align: justify;\"><span class=\"tojvnm2t a6sixzi8 abs2jz4q a8s20v7p t1p8iaqh k5wvi7nf q3lfd5jv pk4s997a bipmatt0 cebpdrjk qowsmv63 owwhemhu dp1hu0rb dhp61c6y iyyx5f41\"><strong>2015 :<\/strong> Geraint Thomas <\/span><\/p>\n<p style=\"text-align: justify;\"><span class=\"tojvnm2t a6sixzi8 abs2jz4q a8s20v7p t1p8iaqh k5wvi7nf q3lfd5jv pk4s997a bipmatt0 cebpdrjk qowsmv63 owwhemhu dp1hu0rb dhp61c6y iyyx5f41\"><strong>2014 :<\/strong> Peter Sagan <\/span><\/p>\n<p style=\"text-align: justify;\"><span class=\"tojvnm2t a6sixzi8 abs2jz4q a8s20v7p t1p8iaqh k5wvi7nf q3lfd5jv pk4s997a bipmatt0 cebpdrjk qowsmv63 owwhemhu dp1hu0rb dhp61c6y iyyx5f41\"><strong>2013 :<\/strong> Fabian Cancellara <\/span><\/p>\n<p style=\"text-align: justify;\"><span class=\"tojvnm2t a6sixzi8 abs2jz4q a8s20v7p t1p8iaqh k5wvi7nf q3lfd5jv pk4s997a bipmatt0 cebpdrjk qowsmv63 owwhemhu dp1hu0rb dhp61c6y iyyx5f41\"><strong>2012 :<\/strong> Tom Boonen<\/span><\/p>\n<p>&nbsp;<\/p>\n","protected":false},"excerpt":{"rendered":"<p>GP E3 SAXO BANK CLASSIC 2024 &#8211; D\u00e9couvrez le parcours, le profil et les favoris de la 66\u00e8me \u00e9dition du Grand Prix E3.<\/p>\n","protected":false},"author":48,"featured_media":473547,"comment_status":"open","ping_status":"closed","sticky":false,"template":"","format":"standard","meta":{"_acf_changed":false,"_daextam_enable_autolinks":"1","footnotes":""},"categories":[46994],"tags":[3119,16878,15484,7528],"class_list":["post-473310","post","type-post","status-publish","format-standard","has-post-thumbnail","hentry","category-cyclisme-sur-route","tag-actualite-cyclisme","tag-breve","tag-e3-saxo-bank-classic","tag-grand-prix-e3"],"acf":[],"yoast_head":"<!-- This site is optimized with the Yoast SEO Premium plugin v26.7 (Yoast SEO v26.7) - https:\/\/yoast.com\/wordpress\/plugins\/seo\/ -->\n<title>GP E3 Saxo Bank Classic 2024 : Parcours d\u00e9taill\u00e9 et profil<\/title>\n<meta name=\"description\" content=\"GP E3 SAXO BANK CLASSIC 2024 - D\u00e9couvrez le parcours, le profil et les favoris de la 66\u00e8me \u00e9dition du Grand Prix E3.\" \/>\n<meta name=\"robots\" content=\"index, follow, max-snippet:-1, max-image-preview:large, max-video-preview:-1\" \/>\n<link rel=\"canonical\" href=\"https:\/\/dicodusport.fr\/blog\/gp-e3-saxo-bank-classic-2024-parcours-profil-et-favoris\/\" \/>\n<meta property=\"og:locale\" content=\"fr_FR\" \/>\n<meta property=\"og:type\" content=\"article\" \/>\n<meta property=\"og:title\" content=\"GP E3 Saxo Bank Classic 2024 : Parcours d\u00e9taill\u00e9 et profil\" \/>\n<meta property=\"og:description\" content=\"GP E3 SAXO BANK CLASSIC 2024 - D\u00e9couvrez le parcours, le profil et les favoris de la 66\u00e8me \u00e9dition du Grand Prix E3.\" \/>\n<meta property=\"og:url\" content=\"https:\/\/dicodusport.fr\/blog\/gp-e3-saxo-bank-classic-2024-parcours-profil-et-favoris\/\" \/>\n<meta property=\"og:site_name\" content=\"Dicodusport\" \/>\n<meta property=\"article:publisher\" content=\"https:\/\/www.facebook.com\/dicodusport\" \/>\n<meta property=\"article:author\" content=\"https:\/\/www.facebook.com\/groups\/LesRoisDuPeloton\" \/>\n<meta property=\"article:published_time\" content=\"2024-03-22T10:20:11+00:00\" \/>\n<meta property=\"og:image\" content=\"https:\/\/dicodusport.fr\/blog\/wp-content\/uploads\/2024\/03\/GP-E3-Saxo-Bank-Classic-2024-Parcours-profil-et-favoris.png\" \/>\n\t<meta property=\"og:image:width\" content=\"1200\" \/>\n\t<meta property=\"og:image:height\" content=\"674\" \/>\n\t<meta property=\"og:image:type\" content=\"image\/png\" \/>\n<meta name=\"author\" content=\"Emilien Descampiaux\" \/>\n<meta name=\"twitter:card\" content=\"summary_large_image\" \/>\n<meta name=\"twitter:title\" content=\"GP E3 Saxo Bank Classic 2024 : Parcours d\u00e9taill\u00e9 et profil\" \/>\n<meta name=\"twitter:creator\" content=\"@https:\/\/twitter.com\/LRoisDuPeloton\" \/>\n<meta name=\"twitter:site\" content=\"@dicodusport\" \/>\n<script type=\"application\/ld+json\" class=\"yoast-schema-graph\">{\"@context\":\"https:\/\/schema.org\",\"@graph\":[{\"@type\":\"NewsArticle\",\"@id\":\"https:\/\/dicodusport.fr\/blog\/gp-e3-saxo-bank-classic-2024-parcours-profil-et-favoris\/#article\",\"isPartOf\":{\"@id\":\"https:\/\/dicodusport.fr\/blog\/gp-e3-saxo-bank-classic-2024-parcours-profil-et-favoris\/\"},\"author\":{\"name\":\"Emilien Descampiaux\",\"@id\":\"https:\/\/dicodusport.fr\/blog\/#\/schema\/person\/6db4bae06b171592211be385b32876a7\"},\"headline\":\"GP E3 Saxo Bank Classic 2024 : Parcours d\u00e9taill\u00e9 et profil\",\"datePublished\":\"2024-03-22T10:20:11+00:00\",\"mainEntityOfPage\":{\"@id\":\"https:\/\/dicodusport.fr\/blog\/gp-e3-saxo-bank-classic-2024-parcours-profil-et-favoris\/\"},\"wordCount\":964,\"commentCount\":0,\"publisher\":{\"@id\":\"https:\/\/dicodusport.fr\/blog\/#organization\"},\"image\":{\"@id\":\"https:\/\/dicodusport.fr\/blog\/gp-e3-saxo-bank-classic-2024-parcours-profil-et-favoris\/#primaryimage\"},\"thumbnailUrl\":\"https:\/\/dicodusport.fr\/blog\/wp-content\/uploads\/2024\/03\/GP-E3-Saxo-Bank-Classic-2024-Parcours-profil-et-favoris.png\",\"keywords\":[\"Actualit\u00e9 Cyclisme\",\"br\u00e8ve\",\"E3 Saxo Bank Classic\",\"Grand Prix E3\"],\"articleSection\":[\"Cyclisme sur route\"],\"inLanguage\":\"fr-FR\",\"potentialAction\":[{\"@type\":\"CommentAction\",\"name\":\"Comment\",\"target\":[\"https:\/\/dicodusport.fr\/blog\/gp-e3-saxo-bank-classic-2024-parcours-profil-et-favoris\/#respond\"]}],\"copyrightYear\":\"2024\",\"copyrightHolder\":{\"@id\":\"https:\/\/dicodusport.fr\/blog\/#organization\"}},{\"@type\":\"WebPage\",\"@id\":\"https:\/\/dicodusport.fr\/blog\/gp-e3-saxo-bank-classic-2024-parcours-profil-et-favoris\/\",\"url\":\"https:\/\/dicodusport.fr\/blog\/gp-e3-saxo-bank-classic-2024-parcours-profil-et-favoris\/\",\"name\":\"GP E3 Saxo Bank Classic 2024 : Parcours d\u00e9taill\u00e9 et profil\",\"isPartOf\":{\"@id\":\"https:\/\/dicodusport.fr\/blog\/#website\"},\"primaryImageOfPage\":{\"@id\":\"https:\/\/dicodusport.fr\/blog\/gp-e3-saxo-bank-classic-2024-parcours-profil-et-favoris\/#primaryimage\"},\"image\":{\"@id\":\"https:\/\/dicodusport.fr\/blog\/gp-e3-saxo-bank-classic-2024-parcours-profil-et-favoris\/#primaryimage\"},\"thumbnailUrl\":\"https:\/\/dicodusport.fr\/blog\/wp-content\/uploads\/2024\/03\/GP-E3-Saxo-Bank-Classic-2024-Parcours-profil-et-favoris.png\",\"datePublished\":\"2024-03-22T10:20:11+00:00\",\"description\":\"GP E3 SAXO BANK CLASSIC 2024 - D\u00e9couvrez le parcours, le profil et les favoris de la 66\u00e8me \u00e9dition du Grand Prix E3.\",\"breadcrumb\":{\"@id\":\"https:\/\/dicodusport.fr\/blog\/gp-e3-saxo-bank-classic-2024-parcours-profil-et-favoris\/#breadcrumb\"},\"inLanguage\":\"fr-FR\",\"potentialAction\":[{\"@type\":\"ReadAction\",\"target\":[\"https:\/\/dicodusport.fr\/blog\/gp-e3-saxo-bank-classic-2024-parcours-profil-et-favoris\/\"]}]},{\"@type\":\"ImageObject\",\"inLanguage\":\"fr-FR\",\"@id\":\"https:\/\/dicodusport.fr\/blog\/gp-e3-saxo-bank-classic-2024-parcours-profil-et-favoris\/#primaryimage\",\"url\":\"https:\/\/dicodusport.fr\/blog\/wp-content\/uploads\/2024\/03\/GP-E3-Saxo-Bank-Classic-2024-Parcours-profil-et-favoris.png\",\"contentUrl\":\"https:\/\/dicodusport.fr\/blog\/wp-content\/uploads\/2024\/03\/GP-E3-Saxo-Bank-Classic-2024-Parcours-profil-et-favoris.png\",\"width\":1200,\"height\":674,\"caption\":\"GP E3 Saxo Bank Classic 2024 Parcours, profil et favoris\"},{\"@type\":\"BreadcrumbList\",\"@id\":\"https:\/\/dicodusport.fr\/blog\/gp-e3-saxo-bank-classic-2024-parcours-profil-et-favoris\/#breadcrumb\",\"itemListElement\":[{\"@type\":\"ListItem\",\"position\":1,\"name\":\"Accueil\",\"item\":\"https:\/\/dicodusport.fr\/blog\/\"},{\"@type\":\"ListItem\",\"position\":2,\"name\":\"GP E3 Saxo Bank Classic 2024 : Parcours d\u00e9taill\u00e9 et profil\"}]},{\"@type\":\"WebSite\",\"@id\":\"https:\/\/dicodusport.fr\/blog\/#website\",\"url\":\"https:\/\/dicodusport.fr\/blog\/\",\"name\":\"Dicodusport\",\"description\":\"L&#039;encyclop\u00e9die de l&#039;actualit\u00e9 sportive\",\"publisher\":{\"@id\":\"https:\/\/dicodusport.fr\/blog\/#organization\"},\"potentialAction\":[{\"@type\":\"SearchAction\",\"target\":{\"@type\":\"EntryPoint\",\"urlTemplate\":\"https:\/\/dicodusport.fr\/blog\/?s={search_term_string}\"},\"query-input\":{\"@type\":\"PropertyValueSpecification\",\"valueRequired\":true,\"valueName\":\"search_term_string\"}}],\"inLanguage\":\"fr-FR\"},{\"@type\":\"NewsMediaOrganization\",\"@id\":\"https:\/\/dicodusport.fr\/blog\/#organization\",\"name\":\"Dicodusport\",\"url\":\"https:\/\/dicodusport.fr\/blog\/\",\"logo\":{\"@type\":\"ImageObject\",\"inLanguage\":\"fr-FR\",\"@id\":\"https:\/\/dicodusport.fr\/blog\/#\/schema\/logo\/image\/\",\"url\":\"https:\/\/dicodusport.fr\/blog\/wp-content\/uploads\/2020\/06\/cropped-LOGO-DICODUSPORT-2020-SANS-FOND-SANS-TEXTE.png\",\"contentUrl\":\"https:\/\/dicodusport.fr\/blog\/wp-content\/uploads\/2020\/06\/cropped-LOGO-DICODUSPORT-2020-SANS-FOND-SANS-TEXTE.png\",\"width\":512,\"height\":512,\"caption\":\"Dicodusport\"},\"image\":{\"@id\":\"https:\/\/dicodusport.fr\/blog\/#\/schema\/logo\/image\/\"},\"sameAs\":[\"https:\/\/www.facebook.com\/dicodusport\",\"https:\/\/x.com\/dicodusport\",\"https:\/\/www.instagram.com\/dicodusport\/\",\"https:\/\/www.youtube.com\/channel\/UC7V2KZ5sd3htJivAbA4ZG3w\"],\"description\":\"Dicodusport est l'encyclop\u00e9die de l'actualit\u00e9 sportive.\",\"email\":\"bonjour@dicodusport.fr\",\"legalName\":\"DICODUSPORT\",\"foundingDate\":\"2018-01-14\",\"vatID\":\"FR71834470973\",\"taxID\":\"83447097300043\",\"numberOfEmployees\":{\"@type\":\"QuantitativeValue\",\"minValue\":\"1\",\"maxValue\":\"10\"}},{\"@type\":\"Person\",\"@id\":\"https:\/\/dicodusport.fr\/blog\/#\/schema\/person\/6db4bae06b171592211be385b32876a7\",\"name\":\"Emilien Descampiaux\",\"image\":{\"@type\":\"ImageObject\",\"inLanguage\":\"fr-FR\",\"@id\":\"https:\/\/dicodusport.fr\/blog\/#\/schema\/person\/image\/\",\"url\":\"https:\/\/dicodusport.fr\/blog\/wp-content\/uploads\/2021\/05\/Emilien-Descampiaux-150x150.jpg\",\"contentUrl\":\"https:\/\/dicodusport.fr\/blog\/wp-content\/uploads\/2021\/05\/Emilien-Descampiaux-150x150.jpg\",\"caption\":\"Emilien Descampiaux\"},\"description\":\"Journaliste\/r\u00e9dacteur depuis 2014 - Fan de la classe de Frank Vandenbroucke, je vis cyclisme (et de ses paysages) depuis plus de 20 ans. Je suis tr\u00e8s impliqu\u00e9 sur mes diff\u00e9rents r\u00e9seaux sociaux pour partager ma passion sur le monde et l'Histoire de la bicyclette avec ma voix sur les images en noir et blanc du succ\u00e8s de Rik Van Steenbergen lors du Ronde sur le V\u00e9lodrome de Gand.\",\"sameAs\":[\"https:\/\/www.facebook.com\/groups\/LesRoisDuPeloton\",\"https:\/\/x.com\/https:\/\/twitter.com\/LRoisDuPeloton\"],\"url\":\"https:\/\/dicodusport.fr\/blog\/author\/emiliend\/\"}]}<\/script>\n<!-- \/ Yoast SEO Premium plugin. -->","yoast_head_json":{"title":"GP E3 Saxo Bank Classic 2024 : Parcours d\u00e9taill\u00e9 et profil","description":"GP E3 SAXO BANK CLASSIC 2024 - D\u00e9couvrez le parcours, le profil et les favoris de la 66\u00e8me \u00e9dition du Grand Prix E3.","robots":{"index":"index","follow":"follow","max-snippet":"max-snippet:-1","max-image-preview":"max-image-preview:large","max-video-preview":"max-video-preview:-1"},"canonical":"https:\/\/dicodusport.fr\/blog\/gp-e3-saxo-bank-classic-2024-parcours-profil-et-favoris\/","og_locale":"fr_FR","og_type":"article","og_title":"GP E3 Saxo Bank Classic 2024 : Parcours d\u00e9taill\u00e9 et profil","og_description":"GP E3 SAXO BANK CLASSIC 2024 - D\u00e9couvrez le parcours, le profil et les favoris de la 66\u00e8me \u00e9dition du Grand Prix E3.","og_url":"https:\/\/dicodusport.fr\/blog\/gp-e3-saxo-bank-classic-2024-parcours-profil-et-favoris\/","og_site_name":"Dicodusport","article_publisher":"https:\/\/www.facebook.com\/dicodusport","article_author":"https:\/\/www.facebook.com\/groups\/LesRoisDuPeloton","article_published_time":"2024-03-22T10:20:11+00:00","og_image":[{"width":1200,"height":674,"url":"https:\/\/dicodusport.fr\/blog\/wp-content\/uploads\/2024\/03\/GP-E3-Saxo-Bank-Classic-2024-Parcours-profil-et-favoris.png","type":"image\/png"}],"author":"Emilien Descampiaux","twitter_card":"summary_large_image","twitter_title":"GP E3 Saxo Bank Classic 2024 : Parcours d\u00e9taill\u00e9 et profil","twitter_creator":"@https:\/\/twitter.com\/LRoisDuPeloton","twitter_site":"@dicodusport","schema":{"@context":"https:\/\/schema.org","@graph":[{"@type":"NewsArticle","@id":"https:\/\/dicodusport.fr\/blog\/gp-e3-saxo-bank-classic-2024-parcours-profil-et-favoris\/#article","isPartOf":{"@id":"https:\/\/dicodusport.fr\/blog\/gp-e3-saxo-bank-classic-2024-parcours-profil-et-favoris\/"},"author":{"name":"Emilien Descampiaux","@id":"https:\/\/dicodusport.fr\/blog\/#\/schema\/person\/6db4bae06b171592211be385b32876a7"},"headline":"GP E3 Saxo Bank Classic 2024 : Parcours d\u00e9taill\u00e9 et profil","datePublished":"2024-03-22T10:20:11+00:00","mainEntityOfPage":{"@id":"https:\/\/dicodusport.fr\/blog\/gp-e3-saxo-bank-classic-2024-parcours-profil-et-favoris\/"},"wordCount":964,"commentCount":0,"publisher":{"@id":"https:\/\/dicodusport.fr\/blog\/#organization"},"image":{"@id":"https:\/\/dicodusport.fr\/blog\/gp-e3-saxo-bank-classic-2024-parcours-profil-et-favoris\/#primaryimage"},"thumbnailUrl":"https:\/\/dicodusport.fr\/blog\/wp-content\/uploads\/2024\/03\/GP-E3-Saxo-Bank-Classic-2024-Parcours-profil-et-favoris.png","keywords":["Actualit\u00e9 Cyclisme","br\u00e8ve","E3 Saxo Bank Classic","Grand Prix E3"],"articleSection":["Cyclisme sur route"],"inLanguage":"fr-FR","potentialAction":[{"@type":"CommentAction","name":"Comment","target":["https:\/\/dicodusport.fr\/blog\/gp-e3-saxo-bank-classic-2024-parcours-profil-et-favoris\/#respond"]}],"copyrightYear":"2024","copyrightHolder":{"@id":"https:\/\/dicodusport.fr\/blog\/#organization"}},{"@type":"WebPage","@id":"https:\/\/dicodusport.fr\/blog\/gp-e3-saxo-bank-classic-2024-parcours-profil-et-favoris\/","url":"https:\/\/dicodusport.fr\/blog\/gp-e3-saxo-bank-classic-2024-parcours-profil-et-favoris\/","name":"GP E3 Saxo Bank Classic 2024 : Parcours d\u00e9taill\u00e9 et profil","isPartOf":{"@id":"https:\/\/dicodusport.fr\/blog\/#website"},"primaryImageOfPage":{"@id":"https:\/\/dicodusport.fr\/blog\/gp-e3-saxo-bank-classic-2024-parcours-profil-et-favoris\/#primaryimage"},"image":{"@id":"https:\/\/dicodusport.fr\/blog\/gp-e3-saxo-bank-classic-2024-parcours-profil-et-favoris\/#primaryimage"},"thumbnailUrl":"https:\/\/dicodusport.fr\/blog\/wp-content\/uploads\/2024\/03\/GP-E3-Saxo-Bank-Classic-2024-Parcours-profil-et-favoris.png","datePublished":"2024-03-22T10:20:11+00:00","description":"GP E3 SAXO BANK CLASSIC 2024 - D\u00e9couvrez le parcours, le profil et les favoris de la 66\u00e8me \u00e9dition du Grand Prix E3.","breadcrumb":{"@id":"https:\/\/dicodusport.fr\/blog\/gp-e3-saxo-bank-classic-2024-parcours-profil-et-favoris\/#breadcrumb"},"inLanguage":"fr-FR","potentialAction":[{"@type":"ReadAction","target":["https:\/\/dicodusport.fr\/blog\/gp-e3-saxo-bank-classic-2024-parcours-profil-et-favoris\/"]}]},{"@type":"ImageObject","inLanguage":"fr-FR","@id":"https:\/\/dicodusport.fr\/blog\/gp-e3-saxo-bank-classic-2024-parcours-profil-et-favoris\/#primaryimage","url":"https:\/\/dicodusport.fr\/blog\/wp-content\/uploads\/2024\/03\/GP-E3-Saxo-Bank-Classic-2024-Parcours-profil-et-favoris.png","contentUrl":"https:\/\/dicodusport.fr\/blog\/wp-content\/uploads\/2024\/03\/GP-E3-Saxo-Bank-Classic-2024-Parcours-profil-et-favoris.png","width":1200,"height":674,"caption":"GP E3 Saxo Bank Classic 2024 Parcours, profil et favoris"},{"@type":"BreadcrumbList","@id":"https:\/\/dicodusport.fr\/blog\/gp-e3-saxo-bank-classic-2024-parcours-profil-et-favoris\/#breadcrumb","itemListElement":[{"@type":"ListItem","position":1,"name":"Accueil","item":"https:\/\/dicodusport.fr\/blog\/"},{"@type":"ListItem","position":2,"name":"GP E3 Saxo Bank Classic 2024 : Parcours d\u00e9taill\u00e9 et profil"}]},{"@type":"WebSite","@id":"https:\/\/dicodusport.fr\/blog\/#website","url":"https:\/\/dicodusport.fr\/blog\/","name":"Dicodusport","description":"L&#039;encyclop\u00e9die de l&#039;actualit\u00e9 sportive","publisher":{"@id":"https:\/\/dicodusport.fr\/blog\/#organization"},"potentialAction":[{"@type":"SearchAction","target":{"@type":"EntryPoint","urlTemplate":"https:\/\/dicodusport.fr\/blog\/?s={search_term_string}"},"query-input":{"@type":"PropertyValueSpecification","valueRequired":true,"valueName":"search_term_string"}}],"inLanguage":"fr-FR"},{"@type":"NewsMediaOrganization","@id":"https:\/\/dicodusport.fr\/blog\/#organization","name":"Dicodusport","url":"https:\/\/dicodusport.fr\/blog\/","logo":{"@type":"ImageObject","inLanguage":"fr-FR","@id":"https:\/\/dicodusport.fr\/blog\/#\/schema\/logo\/image\/","url":"https:\/\/dicodusport.fr\/blog\/wp-content\/uploads\/2020\/06\/cropped-LOGO-DICODUSPORT-2020-SANS-FOND-SANS-TEXTE.png","contentUrl":"https:\/\/dicodusport.fr\/blog\/wp-content\/uploads\/2020\/06\/cropped-LOGO-DICODUSPORT-2020-SANS-FOND-SANS-TEXTE.png","width":512,"height":512,"caption":"Dicodusport"},"image":{"@id":"https:\/\/dicodusport.fr\/blog\/#\/schema\/logo\/image\/"},"sameAs":["https:\/\/www.facebook.com\/dicodusport","https:\/\/x.com\/dicodusport","https:\/\/www.instagram.com\/dicodusport\/","https:\/\/www.youtube.com\/channel\/UC7V2KZ5sd3htJivAbA4ZG3w"],"description":"Dicodusport est l'encyclop\u00e9die de l'actualit\u00e9 sportive.","email":"bonjour@dicodusport.fr","legalName":"DICODUSPORT","foundingDate":"2018-01-14","vatID":"FR71834470973","taxID":"83447097300043","numberOfEmployees":{"@type":"QuantitativeValue","minValue":"1","maxValue":"10"}},{"@type":"Person","@id":"https:\/\/dicodusport.fr\/blog\/#\/schema\/person\/6db4bae06b171592211be385b32876a7","name":"Emilien Descampiaux","image":{"@type":"ImageObject","inLanguage":"fr-FR","@id":"https:\/\/dicodusport.fr\/blog\/#\/schema\/person\/image\/","url":"https:\/\/dicodusport.fr\/blog\/wp-content\/uploads\/2021\/05\/Emilien-Descampiaux-150x150.jpg","contentUrl":"https:\/\/dicodusport.fr\/blog\/wp-content\/uploads\/2021\/05\/Emilien-Descampiaux-150x150.jpg","caption":"Emilien Descampiaux"},"description":"Journaliste\/r\u00e9dacteur depuis 2014 - Fan de la classe de Frank Vandenbroucke, je vis cyclisme (et de ses paysages) depuis plus de 20 ans. Je suis tr\u00e8s impliqu\u00e9 sur mes diff\u00e9rents r\u00e9seaux sociaux pour partager ma passion sur le monde et l'Histoire de la bicyclette avec ma voix sur les images en noir et blanc du succ\u00e8s de Rik Van Steenbergen lors du Ronde sur le V\u00e9lodrome de Gand.","sameAs":["https:\/\/www.facebook.com\/groups\/LesRoisDuPeloton","https:\/\/x.com\/https:\/\/twitter.com\/LRoisDuPeloton"],"url":"https:\/\/dicodusport.fr\/blog\/author\/emiliend\/"}]}},"_links":{"self":[{"href":"https:\/\/dicodusport.fr\/blog\/wp-json\/wp\/v2\/posts\/473310","targetHints":{"allow":["GET"]}}],"collection":[{"href":"https:\/\/dicodusport.fr\/blog\/wp-json\/wp\/v2\/posts"}],"about":[{"href":"https:\/\/dicodusport.fr\/blog\/wp-json\/wp\/v2\/types\/post"}],"author":[{"embeddable":true,"href":"https:\/\/dicodusport.fr\/blog\/wp-json\/wp\/v2\/users\/48"}],"replies":[{"embeddable":true,"href":"https:\/\/dicodusport.fr\/blog\/wp-json\/wp\/v2\/comments?post=473310"}],"version-history":[{"count":6,"href":"https:\/\/dicodusport.fr\/blog\/wp-json\/wp\/v2\/posts\/473310\/revisions"}],"predecessor-version":[{"id":473511,"href":"https:\/\/dicodusport.fr\/blog\/wp-json\/wp\/v2\/posts\/473310\/revisions\/473511"}],"wp:featuredmedia":[{"embeddable":true,"href":"https:\/\/dicodusport.fr\/blog\/wp-json\/wp\/v2\/media\/473547"}],"wp:attachment":[{"href":"https:\/\/dicodusport.fr\/blog\/wp-json\/wp\/v2\/media?parent=473310"}],"wp:term":[{"taxonomy":"category","embeddable":true,"href":"https:\/\/dicodusport.fr\/blog\/wp-json\/wp\/v2\/categories?post=473310"},{"taxonomy":"post_tag","embeddable":true,"href":"https:\/\/dicodusport.fr\/blog\/wp-json\/wp\/v2\/tags?post=473310"}],"curies":[{"name":"wp","href":"https:\/\/api.w.org\/{rel}","templated":true}]}}