{"id":473381,"date":"2024-03-20T14:15:41","date_gmt":"2024-03-20T13:15:41","guid":{"rendered":"https:\/\/dicodusport.fr\/blog\/?p=473381&#038;preview=true&#038;preview_id=473381"},"modified":"2024-03-20T15:48:09","modified_gmt":"2024-03-20T14:48:09","slug":"match-international-de-marche-2024-la-selection-francaise","status":"publish","type":"post","link":"https:\/\/dicodusport.fr\/blog\/match-international-de-marche-2024-la-selection-francaise\/","title":{"rendered":"Match international de marche 2024 &#8211; La s\u00e9lection fran\u00e7aise"},"content":{"rendered":"<p style=\"text-align: justify;\"><strong><em>ATHL\u00c9TISME &#8211; D\u00e9couvrez la s\u00e9lection fran\u00e7aise pour le match international de marche, qui aura lieu \u00e0 Podebrady (R\u00e9publique Tch\u00e8que) le 6 avril.<\/em><\/strong><\/p>\n<h2 style=\"text-align: justify;\">Grande premi\u00e8re pour Chlo\u00e9 Le Roch, une \u00e9quipe juniors femmes exceptionnelle<\/h2>\n<p style=\"text-align: justify;\">Une s\u00e9lection qui a fi\u00e8re allure ! Pour le match international de marche, qui aura lieu le 6 avril prochain \u00e0 Podebrady (R\u00e9publique Tch\u00e8que), la F\u00e9d\u00e9ration Fran\u00e7aise d&rsquo;Athl\u00e9tisme a d\u00e9voil\u00e9 sa s\u00e9lection. Et, notamment chez les femmes, c&rsquo;est du tr\u00e8s solide. En junior, la prodige <strong>Chlo\u00e9 Le Roch<\/strong>, recordwoman de France cadettes du 3000 m marche (12:39.58) va connaitre sa toute premi\u00e8re s\u00e9lection en \u00e9quipe de France.<\/p>\n<p style=\"text-align: justify;\">Celle qui n&rsquo;est encore que cadette, se retrouve \u00e0 matcher avec des juniors. Pour sa premi\u00e8re sur 10 km route, de sa jeune carri\u00e8re. Et sera accompagn\u00e9 de <strong>L\u00e9na Auvray<\/strong>, la 2e junior fran\u00e7aise de tous les temps (et ancienne recordwoman de France), m\u00e9daill\u00e9e internationale aux FOJE, il y a deux ans. \u00c0 ce duo, s&rsquo;ajoute la r\u00e9v\u00e9lation <strong>Marine Merbitz<\/strong>, qui a fait de gros progr\u00e8s cet hiver, sur 3000 m marche, devenant la 4e fran\u00e7aise de tous les temps. Autant dire que les Fran\u00e7aises peuvent nourrir de grandes ambitions, que ce soit individuellement ou par \u00e9quipes.<\/p>\n<h2 style=\"text-align: justify;\">Une \u00e9quipe femmes ambitieuse sur 20 km<\/h2>\n<p style=\"text-align: justify;\">Chez les seniors, l&rsquo;\u00e9quipe f\u00e9minine aura fi\u00e8re allure, avec les trois meilleures fran\u00e7aises de tous les temps. Cl\u00e9mence Beretta a r\u00e9alis\u00e9 les minima olympiques et le record de France avec ses 1h28:44, tandis que <strong>Pauline Stey<\/strong> et <strong>Camille Moutard<\/strong> ont \u00e9galement pulv\u00e9ris\u00e9 leur record, le week-end dernier, lors des championnats de France de marche, avec des chronos de 1h30:10 et 1h30:20. Autant dire que, par \u00e9quipes, la France, 3e l&rsquo;an pass\u00e9, son premier podium dans son histoire, aura encore son mot \u00e0 dire cette ann\u00e9e. Chez les hommes, <strong>Gabriel Bordier, Kevin Campion et Aur\u00e9lien Quinion<\/strong> vont former une \u00e9quipe non moins ambitieuse. Port\u00e9s par le 10e des championnats du monde \u00e0 Budapest et le recordman de France du 35 kilom\u00e8tres marche.<\/p>\n<div class=\"vlp-link-container vlp-layout-article\"><a href=\"https:\/\/dicodusport.fr\/blog\/championnats-de-france-de-marche-stey-moutard-bordier-les-resultats\/\" class=\"vlp-link\" title=\"Championnats de France de marche : Stey, Moutard, Bordier, les r\u00e9sultats\"><\/a><div class=\"vlp-layout-zone-side\"><div class=\"vlp-block-4 vlp-link-image\"><img loading=\"lazy\" decoding=\"async\" style=\"max-width: 792px;\" width=\"792\" height=\"445\" src=\"https:\/\/dicodusport.fr\/blog\/wp-content\/uploads\/2024\/03\/Championnats-de-France-de-marche-Stey-Moutard-Bordier-les-resultats.png\" class=\"attachment-800x445 size-800x445\" alt=\"Championnats de France de marche : Stey, Moutard, Bordier, les r\u00e9sultats\" srcset=\"https:\/\/dicodusport.fr\/blog\/wp-content\/uploads\/2024\/03\/Championnats-de-France-de-marche-Stey-Moutard-Bordier-les-resultats.png 1200w, https:\/\/dicodusport.fr\/blog\/wp-content\/uploads\/2024\/03\/Championnats-de-France-de-marche-Stey-Moutard-Bordier-les-resultats-300x169.png 300w, https:\/\/dicodusport.fr\/blog\/wp-content\/uploads\/2024\/03\/Championnats-de-France-de-marche-Stey-Moutard-Bordier-les-resultats-1024x575.png 1024w, https:\/\/dicodusport.fr\/blog\/wp-content\/uploads\/2024\/03\/Championnats-de-France-de-marche-Stey-Moutard-Bordier-les-resultats-768x431.png 768w\" sizes=\"auto, (max-width: 792px) 100vw, 792px\" \/><\/div><\/div><div class=\"vlp-layout-zone-main\"><div class=\"vlp-block-0 vlp-link-title\">Championnats de France de marche : Stey, Moutard, Bordier, les r\u00e9sultats<\/div><div class=\"vlp-block-1 vlp-link-summary\">ATHL\u00c9TISME - Pauline Stey et Camille Moutard ont explos\u00e9 leur record personnel sur 20 km marche. Sur la m\u00eame distance, Gabriel Bordier a survol\u00e9 les championnats de France de marche.<\/div><div class=\"vlp-block-2 vlp-link-button\">Lire l'article<\/div><div class=\"vlp-block-3 vlp-link-url\">dicodusport.fr<\/div><\/div><\/div>\n<p style=\"text-align: justify;\"><strong>10 km U20 femmes<\/strong><\/p>\n<p style=\"text-align: justify;\">L\u00e9na Auvray, Chlo\u00e9 Le Roch, Marine Merbitz.<\/p>\n<p style=\"text-align: justify;\"><strong>20 km femmes<\/strong><\/p>\n<p style=\"text-align: justify;\">Cl\u00e9mence Beretta, Camille Moutard, Pauline Stey.<\/p>\n<p style=\"text-align: justify;\"><strong>10 km U20 hommes<\/strong><\/p>\n<p style=\"text-align: justify;\">Quentin Chenuet, Hugo Ellul et Bastien Picart.<\/p>\n<p style=\"text-align: justify;\"><strong>20 km hommes\u00a0<\/strong><\/p>\n<p style=\"text-align: justify;\">Gabriel Bordier, Kevin Campion, Aur\u00e9lien Quinion.<\/p>\n<p>&nbsp;<\/p>\n","protected":false},"excerpt":{"rendered":"<p>ATHL\u00c9TISME &#8211; D\u00e9couvrez la s\u00e9lection fran\u00e7aise pour le match international de marche, qui aura lieu \u00e0 Podebrady (R\u00e9publique Tch\u00e8que) le 6 avril.<\/p>\n","protected":false},"author":83,"featured_media":473390,"comment_status":"open","ping_status":"closed","sticky":false,"template":"","format":"standard","meta":{"_acf_changed":false,"_daextam_enable_autolinks":"1","footnotes":""},"categories":[2308],"tags":[143,10976,29559,16878,31431,31430,30285,33623,17905],"class_list":["post-473381","post","type-post","status-publish","format-standard","has-post-thumbnail","hentry","category-athletisme","tag-athletisme","tag-athletisme-francais","tag-aurelien-quinion","tag-breve","tag-camille-moutard","tag-chloe-le-roch","tag-clemence-beretta","tag-gabriel-bordier","tag-pauline-stey"],"acf":[],"yoast_head":"<!-- This site is optimized with the Yoast SEO Premium plugin v26.7 (Yoast SEO v26.7) - https:\/\/yoast.com\/wordpress\/plugins\/seo\/ -->\n<title>Match international de marche 2024 - La s\u00e9lection fran\u00e7aise<\/title>\n<meta name=\"description\" content=\"ATHL\u00c9TISME - D\u00e9couvrez la s\u00e9lection fran\u00e7aise pour le match international de marche, qui aura lieu \u00e0 Podebrady (R\u00e9publique Tch\u00e8que) le 6 avril.\" \/>\n<meta name=\"robots\" content=\"index, follow, max-snippet:-1, max-image-preview:large, max-video-preview:-1\" \/>\n<link rel=\"canonical\" href=\"https:\/\/dicodusport.fr\/blog\/match-international-de-marche-2024-la-selection-francaise\/\" \/>\n<meta property=\"og:locale\" content=\"fr_FR\" \/>\n<meta property=\"og:type\" content=\"article\" \/>\n<meta property=\"og:title\" content=\"Match international de marche 2024 - La s\u00e9lection fran\u00e7aise\" \/>\n<meta property=\"og:description\" content=\"ATHL\u00c9TISME - D\u00e9couvrez la s\u00e9lection fran\u00e7aise pour le match international de marche, qui aura lieu \u00e0 Podebrady (R\u00e9publique Tch\u00e8que) le 6 avril.\" \/>\n<meta property=\"og:url\" content=\"https:\/\/dicodusport.fr\/blog\/match-international-de-marche-2024-la-selection-francaise\/\" \/>\n<meta property=\"og:site_name\" content=\"Dicodusport\" \/>\n<meta property=\"article:publisher\" content=\"https:\/\/www.facebook.com\/dicodusport\" \/>\n<meta property=\"article:published_time\" content=\"2024-03-20T13:15:41+00:00\" \/>\n<meta property=\"article:modified_time\" content=\"2024-03-20T14:48:09+00:00\" \/>\n<meta property=\"og:image\" content=\"https:\/\/dicodusport.fr\/blog\/wp-content\/uploads\/2024\/03\/Match-international-de-marche-2024-La-selection-francaise.png\" \/>\n\t<meta property=\"og:image:width\" content=\"1200\" \/>\n\t<meta property=\"og:image:height\" content=\"674\" \/>\n\t<meta property=\"og:image:type\" content=\"image\/png\" \/>\n<meta name=\"author\" content=\"Etienne Goursaud\" \/>\n<meta name=\"twitter:card\" content=\"summary_large_image\" \/>\n<meta name=\"twitter:title\" content=\"Match international de marche 2024 - La s\u00e9lection fran\u00e7aise\" \/>\n<meta name=\"twitter:creator\" content=\"@dicodusport\" \/>\n<meta name=\"twitter:site\" content=\"@dicodusport\" \/>\n<script type=\"application\/ld+json\" class=\"yoast-schema-graph\">{\"@context\":\"https:\/\/schema.org\",\"@graph\":[{\"@type\":\"NewsArticle\",\"@id\":\"https:\/\/dicodusport.fr\/blog\/match-international-de-marche-2024-la-selection-francaise\/#article\",\"isPartOf\":{\"@id\":\"https:\/\/dicodusport.fr\/blog\/match-international-de-marche-2024-la-selection-francaise\/\"},\"author\":{\"name\":\"Etienne Goursaud\",\"@id\":\"https:\/\/dicodusport.fr\/blog\/#\/schema\/person\/d603dd7da31fb2b46c82b9835a77ec13\"},\"headline\":\"Match international de marche 2024 &#8211; La s\u00e9lection fran\u00e7aise\",\"datePublished\":\"2024-03-20T13:15:41+00:00\",\"dateModified\":\"2024-03-20T14:48:09+00:00\",\"mainEntityOfPage\":{\"@id\":\"https:\/\/dicodusport.fr\/blog\/match-international-de-marche-2024-la-selection-francaise\/\"},\"wordCount\":495,\"commentCount\":0,\"publisher\":{\"@id\":\"https:\/\/dicodusport.fr\/blog\/#organization\"},\"image\":{\"@id\":\"https:\/\/dicodusport.fr\/blog\/match-international-de-marche-2024-la-selection-francaise\/#primaryimage\"},\"thumbnailUrl\":\"https:\/\/dicodusport.fr\/blog\/wp-content\/uploads\/2024\/03\/Match-international-de-marche-2024-La-selection-francaise.png\",\"keywords\":[\"Athl\u00e9tisme\",\"Athl\u00e9tisme fran\u00e7ais\",\"Aur\u00e9lien Quinion\",\"br\u00e8ve\",\"Camille Moutard\",\"Chlo\u00e9 Le Roch\",\"Cl\u00e9mence Beretta\",\"Gabriel Bordier\",\"Pauline Stey\"],\"articleSection\":[\"Athl\u00e9tisme\"],\"inLanguage\":\"fr-FR\",\"potentialAction\":[{\"@type\":\"CommentAction\",\"name\":\"Comment\",\"target\":[\"https:\/\/dicodusport.fr\/blog\/match-international-de-marche-2024-la-selection-francaise\/#respond\"]}],\"copyrightYear\":\"2024\",\"copyrightHolder\":{\"@id\":\"https:\/\/dicodusport.fr\/blog\/#organization\"}},{\"@type\":\"WebPage\",\"@id\":\"https:\/\/dicodusport.fr\/blog\/match-international-de-marche-2024-la-selection-francaise\/\",\"url\":\"https:\/\/dicodusport.fr\/blog\/match-international-de-marche-2024-la-selection-francaise\/\",\"name\":\"Match international de marche 2024 - La s\u00e9lection fran\u00e7aise\",\"isPartOf\":{\"@id\":\"https:\/\/dicodusport.fr\/blog\/#website\"},\"primaryImageOfPage\":{\"@id\":\"https:\/\/dicodusport.fr\/blog\/match-international-de-marche-2024-la-selection-francaise\/#primaryimage\"},\"image\":{\"@id\":\"https:\/\/dicodusport.fr\/blog\/match-international-de-marche-2024-la-selection-francaise\/#primaryimage\"},\"thumbnailUrl\":\"https:\/\/dicodusport.fr\/blog\/wp-content\/uploads\/2024\/03\/Match-international-de-marche-2024-La-selection-francaise.png\",\"datePublished\":\"2024-03-20T13:15:41+00:00\",\"dateModified\":\"2024-03-20T14:48:09+00:00\",\"description\":\"ATHL\u00c9TISME - D\u00e9couvrez la s\u00e9lection fran\u00e7aise pour le match international de marche, qui aura lieu \u00e0 Podebrady (R\u00e9publique Tch\u00e8que) le 6 avril.\",\"breadcrumb\":{\"@id\":\"https:\/\/dicodusport.fr\/blog\/match-international-de-marche-2024-la-selection-francaise\/#breadcrumb\"},\"inLanguage\":\"fr-FR\",\"potentialAction\":[{\"@type\":\"ReadAction\",\"target\":[\"https:\/\/dicodusport.fr\/blog\/match-international-de-marche-2024-la-selection-francaise\/\"]}]},{\"@type\":\"ImageObject\",\"inLanguage\":\"fr-FR\",\"@id\":\"https:\/\/dicodusport.fr\/blog\/match-international-de-marche-2024-la-selection-francaise\/#primaryimage\",\"url\":\"https:\/\/dicodusport.fr\/blog\/wp-content\/uploads\/2024\/03\/Match-international-de-marche-2024-La-selection-francaise.png\",\"contentUrl\":\"https:\/\/dicodusport.fr\/blog\/wp-content\/uploads\/2024\/03\/Match-international-de-marche-2024-La-selection-francaise.png\",\"width\":1200,\"height\":674,\"caption\":\"Match international de marche 2024 - La s\u00e9lection fran\u00e7aise\"},{\"@type\":\"BreadcrumbList\",\"@id\":\"https:\/\/dicodusport.fr\/blog\/match-international-de-marche-2024-la-selection-francaise\/#breadcrumb\",\"itemListElement\":[{\"@type\":\"ListItem\",\"position\":1,\"name\":\"Accueil\",\"item\":\"https:\/\/dicodusport.fr\/blog\/\"},{\"@type\":\"ListItem\",\"position\":2,\"name\":\"Match international de marche 2024 &#8211; La s\u00e9lection fran\u00e7aise\"}]},{\"@type\":\"WebSite\",\"@id\":\"https:\/\/dicodusport.fr\/blog\/#website\",\"url\":\"https:\/\/dicodusport.fr\/blog\/\",\"name\":\"Dicodusport\",\"description\":\"L&#039;encyclop\u00e9die de l&#039;actualit\u00e9 sportive\",\"publisher\":{\"@id\":\"https:\/\/dicodusport.fr\/blog\/#organization\"},\"potentialAction\":[{\"@type\":\"SearchAction\",\"target\":{\"@type\":\"EntryPoint\",\"urlTemplate\":\"https:\/\/dicodusport.fr\/blog\/?s={search_term_string}\"},\"query-input\":{\"@type\":\"PropertyValueSpecification\",\"valueRequired\":true,\"valueName\":\"search_term_string\"}}],\"inLanguage\":\"fr-FR\"},{\"@type\":\"NewsMediaOrganization\",\"@id\":\"https:\/\/dicodusport.fr\/blog\/#organization\",\"name\":\"Dicodusport\",\"url\":\"https:\/\/dicodusport.fr\/blog\/\",\"logo\":{\"@type\":\"ImageObject\",\"inLanguage\":\"fr-FR\",\"@id\":\"https:\/\/dicodusport.fr\/blog\/#\/schema\/logo\/image\/\",\"url\":\"https:\/\/dicodusport.fr\/blog\/wp-content\/uploads\/2020\/06\/cropped-LOGO-DICODUSPORT-2020-SANS-FOND-SANS-TEXTE.png\",\"contentUrl\":\"https:\/\/dicodusport.fr\/blog\/wp-content\/uploads\/2020\/06\/cropped-LOGO-DICODUSPORT-2020-SANS-FOND-SANS-TEXTE.png\",\"width\":512,\"height\":512,\"caption\":\"Dicodusport\"},\"image\":{\"@id\":\"https:\/\/dicodusport.fr\/blog\/#\/schema\/logo\/image\/\"},\"sameAs\":[\"https:\/\/www.facebook.com\/dicodusport\",\"https:\/\/x.com\/dicodusport\",\"https:\/\/www.instagram.com\/dicodusport\/\",\"https:\/\/www.youtube.com\/channel\/UC7V2KZ5sd3htJivAbA4ZG3w\"],\"description\":\"Dicodusport est l'encyclop\u00e9die de l'actualit\u00e9 sportive.\",\"email\":\"bonjour@dicodusport.fr\",\"legalName\":\"DICODUSPORT\",\"foundingDate\":\"2018-01-14\",\"vatID\":\"FR71834470973\",\"taxID\":\"83447097300043\",\"numberOfEmployees\":{\"@type\":\"QuantitativeValue\",\"minValue\":\"1\",\"maxValue\":\"10\"}},{\"@type\":\"Person\",\"@id\":\"https:\/\/dicodusport.fr\/blog\/#\/schema\/person\/d603dd7da31fb2b46c82b9835a77ec13\",\"name\":\"Etienne Goursaud\",\"image\":{\"@type\":\"ImageObject\",\"inLanguage\":\"fr-FR\",\"@id\":\"https:\/\/dicodusport.fr\/blog\/#\/schema\/person\/image\/\",\"url\":\"https:\/\/dicodusport.fr\/blog\/wp-content\/uploads\/2023\/12\/410122264_10231602061736049_5565839791558026645_n-150x150.jpg\",\"contentUrl\":\"https:\/\/dicodusport.fr\/blog\/wp-content\/uploads\/2023\/12\/410122264_10231602061736049_5565839791558026645_n-150x150.jpg\",\"caption\":\"Etienne Goursaud\"},\"description\":\"Journaliste et amoureux de sport. Ancien footballeur reconverti athl\u00e8te quand ses muscles le laissent tranquille. \u00c9lev\u00e9 \u00e0 la sauce des exploits de Thomas Voeckler en 2004, du dernier essai de l\u00e9gende de Eunice Barber \u00e0 la longueur lors des championnats du monde d'athl\u00e9tisme de 2003 mais aussi Zidane, Omeyer et Titou Lamaison.\",\"url\":\"https:\/\/dicodusport.fr\/blog\/author\/etienne-goursaud\/\"}]}<\/script>\n<!-- \/ Yoast SEO Premium plugin. -->","yoast_head_json":{"title":"Match international de marche 2024 - La s\u00e9lection fran\u00e7aise","description":"ATHL\u00c9TISME - D\u00e9couvrez la s\u00e9lection fran\u00e7aise pour le match international de marche, qui aura lieu \u00e0 Podebrady (R\u00e9publique Tch\u00e8que) le 6 avril.","robots":{"index":"index","follow":"follow","max-snippet":"max-snippet:-1","max-image-preview":"max-image-preview:large","max-video-preview":"max-video-preview:-1"},"canonical":"https:\/\/dicodusport.fr\/blog\/match-international-de-marche-2024-la-selection-francaise\/","og_locale":"fr_FR","og_type":"article","og_title":"Match international de marche 2024 - La s\u00e9lection fran\u00e7aise","og_description":"ATHL\u00c9TISME - D\u00e9couvrez la s\u00e9lection fran\u00e7aise pour le match international de marche, qui aura lieu \u00e0 Podebrady (R\u00e9publique Tch\u00e8que) le 6 avril.","og_url":"https:\/\/dicodusport.fr\/blog\/match-international-de-marche-2024-la-selection-francaise\/","og_site_name":"Dicodusport","article_publisher":"https:\/\/www.facebook.com\/dicodusport","article_published_time":"2024-03-20T13:15:41+00:00","article_modified_time":"2024-03-20T14:48:09+00:00","og_image":[{"width":1200,"height":674,"url":"https:\/\/dicodusport.fr\/blog\/wp-content\/uploads\/2024\/03\/Match-international-de-marche-2024-La-selection-francaise.png","type":"image\/png"}],"author":"Etienne Goursaud","twitter_card":"summary_large_image","twitter_title":"Match international de marche 2024 - La s\u00e9lection fran\u00e7aise","twitter_creator":"@dicodusport","twitter_site":"@dicodusport","schema":{"@context":"https:\/\/schema.org","@graph":[{"@type":"NewsArticle","@id":"https:\/\/dicodusport.fr\/blog\/match-international-de-marche-2024-la-selection-francaise\/#article","isPartOf":{"@id":"https:\/\/dicodusport.fr\/blog\/match-international-de-marche-2024-la-selection-francaise\/"},"author":{"name":"Etienne Goursaud","@id":"https:\/\/dicodusport.fr\/blog\/#\/schema\/person\/d603dd7da31fb2b46c82b9835a77ec13"},"headline":"Match international de marche 2024 &#8211; La s\u00e9lection fran\u00e7aise","datePublished":"2024-03-20T13:15:41+00:00","dateModified":"2024-03-20T14:48:09+00:00","mainEntityOfPage":{"@id":"https:\/\/dicodusport.fr\/blog\/match-international-de-marche-2024-la-selection-francaise\/"},"wordCount":495,"commentCount":0,"publisher":{"@id":"https:\/\/dicodusport.fr\/blog\/#organization"},"image":{"@id":"https:\/\/dicodusport.fr\/blog\/match-international-de-marche-2024-la-selection-francaise\/#primaryimage"},"thumbnailUrl":"https:\/\/dicodusport.fr\/blog\/wp-content\/uploads\/2024\/03\/Match-international-de-marche-2024-La-selection-francaise.png","keywords":["Athl\u00e9tisme","Athl\u00e9tisme fran\u00e7ais","Aur\u00e9lien Quinion","br\u00e8ve","Camille Moutard","Chlo\u00e9 Le Roch","Cl\u00e9mence Beretta","Gabriel Bordier","Pauline Stey"],"articleSection":["Athl\u00e9tisme"],"inLanguage":"fr-FR","potentialAction":[{"@type":"CommentAction","name":"Comment","target":["https:\/\/dicodusport.fr\/blog\/match-international-de-marche-2024-la-selection-francaise\/#respond"]}],"copyrightYear":"2024","copyrightHolder":{"@id":"https:\/\/dicodusport.fr\/blog\/#organization"}},{"@type":"WebPage","@id":"https:\/\/dicodusport.fr\/blog\/match-international-de-marche-2024-la-selection-francaise\/","url":"https:\/\/dicodusport.fr\/blog\/match-international-de-marche-2024-la-selection-francaise\/","name":"Match international de marche 2024 - La s\u00e9lection fran\u00e7aise","isPartOf":{"@id":"https:\/\/dicodusport.fr\/blog\/#website"},"primaryImageOfPage":{"@id":"https:\/\/dicodusport.fr\/blog\/match-international-de-marche-2024-la-selection-francaise\/#primaryimage"},"image":{"@id":"https:\/\/dicodusport.fr\/blog\/match-international-de-marche-2024-la-selection-francaise\/#primaryimage"},"thumbnailUrl":"https:\/\/dicodusport.fr\/blog\/wp-content\/uploads\/2024\/03\/Match-international-de-marche-2024-La-selection-francaise.png","datePublished":"2024-03-20T13:15:41+00:00","dateModified":"2024-03-20T14:48:09+00:00","description":"ATHL\u00c9TISME - D\u00e9couvrez la s\u00e9lection fran\u00e7aise pour le match international de marche, qui aura lieu \u00e0 Podebrady (R\u00e9publique Tch\u00e8que) le 6 avril.","breadcrumb":{"@id":"https:\/\/dicodusport.fr\/blog\/match-international-de-marche-2024-la-selection-francaise\/#breadcrumb"},"inLanguage":"fr-FR","potentialAction":[{"@type":"ReadAction","target":["https:\/\/dicodusport.fr\/blog\/match-international-de-marche-2024-la-selection-francaise\/"]}]},{"@type":"ImageObject","inLanguage":"fr-FR","@id":"https:\/\/dicodusport.fr\/blog\/match-international-de-marche-2024-la-selection-francaise\/#primaryimage","url":"https:\/\/dicodusport.fr\/blog\/wp-content\/uploads\/2024\/03\/Match-international-de-marche-2024-La-selection-francaise.png","contentUrl":"https:\/\/dicodusport.fr\/blog\/wp-content\/uploads\/2024\/03\/Match-international-de-marche-2024-La-selection-francaise.png","width":1200,"height":674,"caption":"Match international de marche 2024 - La s\u00e9lection fran\u00e7aise"},{"@type":"BreadcrumbList","@id":"https:\/\/dicodusport.fr\/blog\/match-international-de-marche-2024-la-selection-francaise\/#breadcrumb","itemListElement":[{"@type":"ListItem","position":1,"name":"Accueil","item":"https:\/\/dicodusport.fr\/blog\/"},{"@type":"ListItem","position":2,"name":"Match international de marche 2024 &#8211; La s\u00e9lection fran\u00e7aise"}]},{"@type":"WebSite","@id":"https:\/\/dicodusport.fr\/blog\/#website","url":"https:\/\/dicodusport.fr\/blog\/","name":"Dicodusport","description":"L&#039;encyclop\u00e9die de l&#039;actualit\u00e9 sportive","publisher":{"@id":"https:\/\/dicodusport.fr\/blog\/#organization"},"potentialAction":[{"@type":"SearchAction","target":{"@type":"EntryPoint","urlTemplate":"https:\/\/dicodusport.fr\/blog\/?s={search_term_string}"},"query-input":{"@type":"PropertyValueSpecification","valueRequired":true,"valueName":"search_term_string"}}],"inLanguage":"fr-FR"},{"@type":"NewsMediaOrganization","@id":"https:\/\/dicodusport.fr\/blog\/#organization","name":"Dicodusport","url":"https:\/\/dicodusport.fr\/blog\/","logo":{"@type":"ImageObject","inLanguage":"fr-FR","@id":"https:\/\/dicodusport.fr\/blog\/#\/schema\/logo\/image\/","url":"https:\/\/dicodusport.fr\/blog\/wp-content\/uploads\/2020\/06\/cropped-LOGO-DICODUSPORT-2020-SANS-FOND-SANS-TEXTE.png","contentUrl":"https:\/\/dicodusport.fr\/blog\/wp-content\/uploads\/2020\/06\/cropped-LOGO-DICODUSPORT-2020-SANS-FOND-SANS-TEXTE.png","width":512,"height":512,"caption":"Dicodusport"},"image":{"@id":"https:\/\/dicodusport.fr\/blog\/#\/schema\/logo\/image\/"},"sameAs":["https:\/\/www.facebook.com\/dicodusport","https:\/\/x.com\/dicodusport","https:\/\/www.instagram.com\/dicodusport\/","https:\/\/www.youtube.com\/channel\/UC7V2KZ5sd3htJivAbA4ZG3w"],"description":"Dicodusport est l'encyclop\u00e9die de l'actualit\u00e9 sportive.","email":"bonjour@dicodusport.fr","legalName":"DICODUSPORT","foundingDate":"2018-01-14","vatID":"FR71834470973","taxID":"83447097300043","numberOfEmployees":{"@type":"QuantitativeValue","minValue":"1","maxValue":"10"}},{"@type":"Person","@id":"https:\/\/dicodusport.fr\/blog\/#\/schema\/person\/d603dd7da31fb2b46c82b9835a77ec13","name":"Etienne Goursaud","image":{"@type":"ImageObject","inLanguage":"fr-FR","@id":"https:\/\/dicodusport.fr\/blog\/#\/schema\/person\/image\/","url":"https:\/\/dicodusport.fr\/blog\/wp-content\/uploads\/2023\/12\/410122264_10231602061736049_5565839791558026645_n-150x150.jpg","contentUrl":"https:\/\/dicodusport.fr\/blog\/wp-content\/uploads\/2023\/12\/410122264_10231602061736049_5565839791558026645_n-150x150.jpg","caption":"Etienne Goursaud"},"description":"Journaliste et amoureux de sport. Ancien footballeur reconverti athl\u00e8te quand ses muscles le laissent tranquille. \u00c9lev\u00e9 \u00e0 la sauce des exploits de Thomas Voeckler en 2004, du dernier essai de l\u00e9gende de Eunice Barber \u00e0 la longueur lors des championnats du monde d'athl\u00e9tisme de 2003 mais aussi Zidane, Omeyer et Titou Lamaison.","url":"https:\/\/dicodusport.fr\/blog\/author\/etienne-goursaud\/"}]}},"_links":{"self":[{"href":"https:\/\/dicodusport.fr\/blog\/wp-json\/wp\/v2\/posts\/473381","targetHints":{"allow":["GET"]}}],"collection":[{"href":"https:\/\/dicodusport.fr\/blog\/wp-json\/wp\/v2\/posts"}],"about":[{"href":"https:\/\/dicodusport.fr\/blog\/wp-json\/wp\/v2\/types\/post"}],"author":[{"embeddable":true,"href":"https:\/\/dicodusport.fr\/blog\/wp-json\/wp\/v2\/users\/83"}],"replies":[{"embeddable":true,"href":"https:\/\/dicodusport.fr\/blog\/wp-json\/wp\/v2\/comments?post=473381"}],"version-history":[{"count":4,"href":"https:\/\/dicodusport.fr\/blog\/wp-json\/wp\/v2\/posts\/473381\/revisions"}],"predecessor-version":[{"id":473425,"href":"https:\/\/dicodusport.fr\/blog\/wp-json\/wp\/v2\/posts\/473381\/revisions\/473425"}],"wp:featuredmedia":[{"embeddable":true,"href":"https:\/\/dicodusport.fr\/blog\/wp-json\/wp\/v2\/media\/473390"}],"wp:attachment":[{"href":"https:\/\/dicodusport.fr\/blog\/wp-json\/wp\/v2\/media?parent=473381"}],"wp:term":[{"taxonomy":"category","embeddable":true,"href":"https:\/\/dicodusport.fr\/blog\/wp-json\/wp\/v2\/categories?post=473381"},{"taxonomy":"post_tag","embeddable":true,"href":"https:\/\/dicodusport.fr\/blog\/wp-json\/wp\/v2\/tags?post=473381"}],"curies":[{"name":"wp","href":"https:\/\/api.w.org\/{rel}","templated":true}]}}