{"id":473902,"date":"2024-03-22T16:37:56","date_gmt":"2024-03-22T15:37:56","guid":{"rendered":"https:\/\/dicodusport.fr\/blog\/?p=473902&#038;preview=true&#038;preview_id=473902"},"modified":"2024-03-22T17:08:41","modified_gmt":"2024-03-22T16:08:41","slug":"e3-saxo-classic-2024-mathieu-van-der-poel-en-demonstration","status":"publish","type":"post","link":"https:\/\/dicodusport.fr\/blog\/e3-saxo-classic-2024-mathieu-van-der-poel-en-demonstration\/","title":{"rendered":"E3 Saxo Classic 2024 : Mathieu van der Poel en d\u00e9monstration"},"content":{"rendered":"<p style=\"text-align: justify;\"><em><strong><span class=\"tojvnm2t a6sixzi8 abs2jz4q a8s20v7p t1p8iaqh k5wvi7nf q3lfd5jv pk4s997a bipmatt0 cebpdrjk qowsmv63 owwhemhu dp1hu0rb dhp61c6y iyyx5f41\">E3 SAXO BANK CLASSIC <\/span>2024 &#8211; Mathieu van der Poel (Alpecin-Deceuninck) s&rsquo;est impos\u00e9 en solitaire sur la 66e \u00e9dition du <span class=\"tojvnm2t a6sixzi8 abs2jz4q a8s20v7p t1p8iaqh k5wvi7nf q3lfd5jv pk4s997a bipmatt0 cebpdrjk qowsmv63 owwhemhu dp1hu0rb dhp61c6y iyyx5f41\">E3 Saxo Classic, vendredi, \u00e0 Harelbeke, apr\u00e8s 207,6 kilom\u00e8tres. Il a devanc\u00e9 Jasper Stuyven (Lidl-Trek) et Wout Van Aert (Visma Lease a Bike).\u00a0<\/span><br \/>\n<\/strong><\/em><\/p>\n<ul style=\"text-align: justify;\">\n<li style=\"text-align: justify;\"><strong>\u00c0 ce sujet &#8211; <a href=\"https:\/\/dicodusport.fr\/blog\/classement-gp-e3-saxo-bank-classic-2024\/\">Classement GP E3 Saxo Bank Classic 2024<\/a>\u00a0<\/strong><\/li>\n<\/ul>\n<p style=\"text-align: justify;\">D&rsquo;abord, le d\u00e9but de la course s&rsquo;est d\u00e9roul\u00e9 \u00e0 vive allure avec plus de 51 kilom\u00e8tres parcourus dans la premi\u00e8re heure. Progressivement, 10 coureurs ont form\u00e9 l&rsquo;\u00e9chapp\u00e9e matinale : <strong>Mathis Le Berre<\/strong> (Arkea B&amp;B H\u00f4tels), <strong>Emil Herzog<\/strong> (Bora Hansgrohe), <strong>Sander De Pestel<\/strong> (Decathlon AG2R La Mondiale), <strong>R\u00e9mi Cavagna, Lorenzo Milesi<\/strong> (Movistar), <strong>Nikias M\u00e4rkl<\/strong> (Team DSL Firmenich PostNL), <strong>Ivo Oliveira<\/strong> (UAE Team Emirates), <strong>Jannik Steimle<\/strong> (Q36.5 Pro Cycling), <strong>Jonas Abrahamsen<\/strong> (Uno X Mobility) et <strong>Jelle Vermoote<\/strong> (Bingoal WB).<\/p>\n<p style=\"text-align: justify;\">Une grosse chute collective a \u00e9galement eu lieu, provoquant les abandons de <strong>Per Stand Hagenes<\/strong> (Visma Lease a Bike), <strong>Christophe Noppe<\/strong> (Cofidis) et <strong>Cl\u00e9ment Russo<\/strong> (Groupama FDJ). <strong>Dylan Van Baarle<\/strong> (Visma Lease a Bike) et <strong>Alberto Bettiol<\/strong> (EF Education EasyPost) sont \u00e9galement tomb\u00e9s, mais ils sont repartis alors que l\u2019avance des fuyards est mont\u00e9e jusqu&rsquo;\u00e0 4 minutes 45 avant de grimper de Kruisberg.<\/p>\n<blockquote class=\"twitter-tweet\">\n<p dir=\"ltr\" lang=\"fr\">E3 Saxo Classic : L&rsquo;attaque de Mathieu van der Poel \u00e0 80 km de l&rsquo;arriv\u00e9e ! \ud83d\udca5<a href=\"https:\/\/twitter.com\/hashtag\/LesRP?src=hash&amp;ref_src=twsrc%5Etfw\">#LesRP<\/a> <a href=\"https:\/\/twitter.com\/hashtag\/E3SaxoClassic?src=hash&amp;ref_src=twsrc%5Etfw\">#E3SaxoClassic<\/a> <a href=\"https:\/\/t.co\/t306hBjrID\">pic.twitter.com\/t306hBjrID<\/a><\/p>\n<p>\u2014 Eurosport France (@Eurosport_FR) <a href=\"https:\/\/twitter.com\/Eurosport_FR\/status\/1771175556517605448?ref_src=twsrc%5Etfw\">March 22, 2024<\/a><\/p><\/blockquote>\n<p><script async src=\"https:\/\/platform.twitter.com\/widgets.js\" charset=\"utf-8\"><\/script><\/p>\n<p style=\"text-align: justify;\">Par la suite, <strong>Mathieu van der Poel<\/strong> (Alpecin-Deceuninck) a port\u00e9 une violente attaque dans le Taaienberg? mais le champion du monde a repris peu apr\u00e8s par un groupe de favoris. Du c\u00f4t\u00e9 de l&rsquo;\u00e9chapp\u00e9e matinale, <strong>Mathis Le Berre<\/strong> (Arkea B B H\u00f4tels), <strong>Emil Herzog<\/strong> (Bora Hansgrohe) et <strong>Jelle Vermoote<\/strong> (Bingoal WB) ont \u00e9t\u00e9 distanc\u00e9s alors qu&rsquo;<strong>Oier Lazkano<\/strong> (Movistar) a fait la jonction avec les rescap\u00e9s de l&rsquo;\u00e9chapp\u00e9e matinale avant de sortir seul pour anticiper la mont\u00e9e du Paterberg. <strong>Dylan van Baarle<\/strong> (Visma Lease a Bike) et <strong>Alberto Bettiol<\/strong> (EF Education EasyPost) n&rsquo;ont pas pu suivre les autres pr\u00e9tendants \u00e0 la victoire.<\/p>\n<h2 style=\"text-align: justify;\">Van Aert au tapis, van der Poel r\u00e9siste puis d\u00e9roule<\/h2>\n<p style=\"text-align: justify;\">Dans le Paterberg, <strong>Wout Van Aert<\/strong> (Visma Lease a Bike) a chut\u00e9 au pied tandis que <strong>Mathieu<\/strong> <strong>van der Poel<\/strong> (Alpecin-Deceuninck) a port\u00e9 une seconde attaque afin de d\u00e9passer le champion d\u2019Espagne et partir seul \u00e0 l\u2019avant de la course. Le champion du monde a obtenu une trentaine de secondes d\u2019avance.\u00a0<strong>Julian Alaphilippe\u00a0<\/strong>(Soudal Quick-Step) a tent\u00e9 \u00e0 plusieurs reprises de sortir avant le Paterberg. Mais, le double champion du monde n&rsquo;a jamais r\u00e9ussi \u00e0 surprendre la surveillance de la Lidl-Trek. \u00c9galement entreprenant,\u00a0<strong>Mads Pedersen <\/strong>(Lidl-Trek) a compl\u00e8tement explos\u00e9 lors des grandes man\u0153uvres.<\/p>\n<blockquote class=\"twitter-tweet\">\n<p dir=\"ltr\" lang=\"fr\">Oh la chute de Wout van Aert ! Van der Poel en profite pour attaquer dans le Paterberg !<\/p>\n<p>Une course folle \u00e0 suivre en direct sur Eurosport <a href=\"https:\/\/t.co\/F0p3kLnebR\">https:\/\/t.co\/F0p3kLnebR<\/a> <a href=\"https:\/\/twitter.com\/hashtag\/LesRP?src=hash&amp;ref_src=twsrc%5Etfw\">#LesRP<\/a> <a href=\"https:\/\/twitter.com\/hashtag\/E3SaxoClassic?src=hash&amp;ref_src=twsrc%5Etfw\">#E3SaxoClassic<\/a> <a href=\"https:\/\/t.co\/YpXTHQ8NPS\">pic.twitter.com\/YpXTHQ8NPS<\/a><\/p>\n<p>\u2014 Eurosport France (@Eurosport_FR) <a href=\"https:\/\/twitter.com\/Eurosport_FR\/status\/1771184227435831803?ref_src=twsrc%5Etfw\">March 22, 2024<\/a><\/p><\/blockquote>\n<p><script async src=\"https:\/\/platform.twitter.com\/widgets.js\" charset=\"utf-8\"><\/script><\/p>\n<p style=\"text-align: justify;\">Revenu de l&rsquo;arri\u00e8re, apr\u00e8s sa chute, <strong>Wout Van Aert<\/strong> (Visma Lease a Bike) a profit\u00e9 d\u2019un dernier relaiS de <strong>Matteo Jorgenson<\/strong> (Visma Lease a Bike) pour partir seul dans le Vieux Quaremont en contre derri\u00e8re son rival n\u00e9erlandais. \u00c0 un troisi\u00e8me \u00e9chelon, il n&rsquo;y avait que cinq coureurs avec <strong>Matteo Jorgenson<\/strong> (Visma Lease a Bike), <strong>Tim Wellens<\/strong> (UAE Team Emirates), <strong>Jhonatan Narvarez<\/strong> (INEOS Grenadiers), <strong>Jasper Stuyven<\/strong> (Lidl-Trek) et <strong>Biniam Girmay<\/strong> (Intermarch\u00e9 Wanty). Malheureusement, le coureur \u00e9rythr\u00e9en a compl\u00e8tement craqu\u00e9 dans les derniers kilom\u00e8tres.<\/p>\n<p style=\"text-align: justify;\">Par la suite, <strong>Wout Van Aert<\/strong> (Visma Lease a Bike) a vu revenir <strong>Jasper Stuyven<\/strong> (Lidl-Trek) \u00e0 cinq kilom\u00e8tres de l&rsquo;arriv\u00e9e. Finalement, <strong>Mathieu van der Poel<\/strong> (Alpecin-Deceuninck) a savour\u00e9 tranquillement son premier succ\u00e8s de la saison sur route. <strong>Jasper Stuyven<\/strong> (Lidl-Trek) a devanc\u00e9 <strong>Wout Van Aert<\/strong> (Visma Lease a Bike) \u00e0 1 minute 34. Suivent <strong>Tim Wellens<\/strong> (UAE Team Emirates) devant <strong>Matteo Jorgenson<\/strong> (Visma Lease a Bike) et <strong>Jhonatan Narvarez<\/strong> (INEOS Grenadiers).<\/p>\n<blockquote class=\"twitter-tweet\">\n<p dir=\"ltr\" lang=\"fr\">Le \ud835\udc93\ud835\udc86\u0301\ud835\udc84\ud835\udc8a\ud835\udc95\ud835\udc82\ud835\udc8d de Mathieu van der Poel ! \ud83d\ude4c Le N\u00e9erlandais a r\u00e9alis\u00e9 une course parfaite et remporte l&rsquo;E3 Saxo Classic pour la premi\u00e8re fois de sa carri\u00e8re. Stuyven et van Aert compl\u00e8tent le podium <a href=\"https:\/\/t.co\/O1CbQ8N2C7\">pic.twitter.com\/O1CbQ8N2C7<\/a><\/p>\n<p>\u2014 Eurosport France (@Eurosport_FR) <a href=\"https:\/\/twitter.com\/Eurosport_FR\/status\/1771198999946559963?ref_src=twsrc%5Etfw\">March 22, 2024<\/a><\/p><\/blockquote>\n<p><script async src=\"https:\/\/platform.twitter.com\/widgets.js\" charset=\"utf-8\"><\/script><\/p>\n<p style=\"text-align: justify;\">\n","protected":false},"excerpt":{"rendered":"<p>E3 SAXO BANK CLASSIC 2024 &#8211; Mathieu van der Poel (Alpecin-Deceuninck) s&rsquo;est impos\u00e9 en solitaire sur la 66e \u00e9dition du E3 Saxo Classic.<\/p>\n","protected":false},"author":48,"featured_media":473960,"comment_status":"open","ping_status":"closed","sticky":false,"template":"","format":"standard","meta":{"_acf_changed":false,"_daextam_enable_autolinks":"1","footnotes":""},"categories":[46994],"tags":[3119,16878,15484,7528,24],"class_list":["post-473902","post","type-post","status-publish","format-standard","has-post-thumbnail","hentry","category-cyclisme-sur-route","tag-actualite-cyclisme","tag-breve","tag-e3-saxo-bank-classic","tag-grand-prix-e3","tag-sport"],"acf":[],"yoast_head":"<!-- This site is optimized with the Yoast SEO Premium plugin v26.7 (Yoast SEO v26.7) - https:\/\/yoast.com\/wordpress\/plugins\/seo\/ -->\n<title>E3 Saxo Classic 2024 : Mathieu van der Poel en d\u00e9monstration<\/title>\n<meta name=\"description\" content=\"E3 SAXO BANK CLASSIC 2024 - Mathieu van der Poel (Alpecin-Deceuninck) s&#039;est impos\u00e9 en solitaire sur la 66e \u00e9dition du E3 Saxo Classic.\" \/>\n<meta name=\"robots\" content=\"index, follow, max-snippet:-1, max-image-preview:large, max-video-preview:-1\" \/>\n<link rel=\"canonical\" href=\"https:\/\/dicodusport.fr\/blog\/e3-saxo-classic-2024-mathieu-van-der-poel-en-demonstration\/\" \/>\n<meta property=\"og:locale\" content=\"fr_FR\" \/>\n<meta property=\"og:type\" content=\"article\" \/>\n<meta property=\"og:title\" content=\"E3 Saxo Classic 2024 : Mathieu van der Poel en d\u00e9monstration\" \/>\n<meta property=\"og:description\" content=\"E3 SAXO BANK CLASSIC 2024 - Mathieu van der Poel (Alpecin-Deceuninck) s&#039;est impos\u00e9 en solitaire sur la 66e \u00e9dition du E3 Saxo Classic.\" \/>\n<meta property=\"og:url\" content=\"https:\/\/dicodusport.fr\/blog\/e3-saxo-classic-2024-mathieu-van-der-poel-en-demonstration\/\" \/>\n<meta property=\"og:site_name\" content=\"Dicodusport\" \/>\n<meta property=\"article:publisher\" content=\"https:\/\/www.facebook.com\/dicodusport\" \/>\n<meta property=\"article:author\" content=\"https:\/\/www.facebook.com\/groups\/LesRoisDuPeloton\" \/>\n<meta property=\"article:published_time\" content=\"2024-03-22T15:37:56+00:00\" \/>\n<meta property=\"article:modified_time\" content=\"2024-03-22T16:08:41+00:00\" \/>\n<meta property=\"og:image\" content=\"https:\/\/dicodusport.fr\/blog\/wp-content\/uploads\/2024\/03\/GP-E3-Saxo-Classic-2024-Mathieu-van-der-Poel-en-demonstration-1.png\" \/>\n\t<meta property=\"og:image:width\" content=\"1200\" \/>\n\t<meta property=\"og:image:height\" content=\"674\" \/>\n\t<meta property=\"og:image:type\" content=\"image\/png\" \/>\n<meta name=\"author\" content=\"Emilien Descampiaux\" \/>\n<meta name=\"twitter:card\" content=\"summary_large_image\" \/>\n<meta name=\"twitter:title\" content=\"E3 Saxo Classic 2024 : Mathieu van der Poel en d\u00e9monstration\" \/>\n<meta name=\"twitter:creator\" content=\"@https:\/\/twitter.com\/LRoisDuPeloton\" \/>\n<meta name=\"twitter:site\" content=\"@dicodusport\" \/>\n<script type=\"application\/ld+json\" class=\"yoast-schema-graph\">{\"@context\":\"https:\/\/schema.org\",\"@graph\":[{\"@type\":\"NewsArticle\",\"@id\":\"https:\/\/dicodusport.fr\/blog\/e3-saxo-classic-2024-mathieu-van-der-poel-en-demonstration\/#article\",\"isPartOf\":{\"@id\":\"https:\/\/dicodusport.fr\/blog\/e3-saxo-classic-2024-mathieu-van-der-poel-en-demonstration\/\"},\"author\":{\"name\":\"Emilien Descampiaux\",\"@id\":\"https:\/\/dicodusport.fr\/blog\/#\/schema\/person\/6db4bae06b171592211be385b32876a7\"},\"headline\":\"E3 Saxo Classic 2024 : Mathieu van der Poel en d\u00e9monstration\",\"datePublished\":\"2024-03-22T15:37:56+00:00\",\"dateModified\":\"2024-03-22T16:08:41+00:00\",\"mainEntityOfPage\":{\"@id\":\"https:\/\/dicodusport.fr\/blog\/e3-saxo-classic-2024-mathieu-van-der-poel-en-demonstration\/\"},\"wordCount\":724,\"commentCount\":0,\"publisher\":{\"@id\":\"https:\/\/dicodusport.fr\/blog\/#organization\"},\"image\":{\"@id\":\"https:\/\/dicodusport.fr\/blog\/e3-saxo-classic-2024-mathieu-van-der-poel-en-demonstration\/#primaryimage\"},\"thumbnailUrl\":\"https:\/\/dicodusport.fr\/blog\/wp-content\/uploads\/2024\/03\/GP-E3-Saxo-Classic-2024-Mathieu-van-der-Poel-en-demonstration-1.png\",\"keywords\":[\"Actualit\u00e9 Cyclisme\",\"br\u00e8ve\",\"E3 Saxo Bank Classic\",\"Grand Prix E3\",\"sport\"],\"articleSection\":[\"Cyclisme sur route\"],\"inLanguage\":\"fr-FR\",\"potentialAction\":[{\"@type\":\"CommentAction\",\"name\":\"Comment\",\"target\":[\"https:\/\/dicodusport.fr\/blog\/e3-saxo-classic-2024-mathieu-van-der-poel-en-demonstration\/#respond\"]}],\"copyrightYear\":\"2024\",\"copyrightHolder\":{\"@id\":\"https:\/\/dicodusport.fr\/blog\/#organization\"}},{\"@type\":\"WebPage\",\"@id\":\"https:\/\/dicodusport.fr\/blog\/e3-saxo-classic-2024-mathieu-van-der-poel-en-demonstration\/\",\"url\":\"https:\/\/dicodusport.fr\/blog\/e3-saxo-classic-2024-mathieu-van-der-poel-en-demonstration\/\",\"name\":\"E3 Saxo Classic 2024 : Mathieu van der Poel en d\u00e9monstration\",\"isPartOf\":{\"@id\":\"https:\/\/dicodusport.fr\/blog\/#website\"},\"primaryImageOfPage\":{\"@id\":\"https:\/\/dicodusport.fr\/blog\/e3-saxo-classic-2024-mathieu-van-der-poel-en-demonstration\/#primaryimage\"},\"image\":{\"@id\":\"https:\/\/dicodusport.fr\/blog\/e3-saxo-classic-2024-mathieu-van-der-poel-en-demonstration\/#primaryimage\"},\"thumbnailUrl\":\"https:\/\/dicodusport.fr\/blog\/wp-content\/uploads\/2024\/03\/GP-E3-Saxo-Classic-2024-Mathieu-van-der-Poel-en-demonstration-1.png\",\"datePublished\":\"2024-03-22T15:37:56+00:00\",\"dateModified\":\"2024-03-22T16:08:41+00:00\",\"description\":\"E3 SAXO BANK CLASSIC 2024 - Mathieu van der Poel (Alpecin-Deceuninck) s'est impos\u00e9 en solitaire sur la 66e \u00e9dition du E3 Saxo Classic.\",\"breadcrumb\":{\"@id\":\"https:\/\/dicodusport.fr\/blog\/e3-saxo-classic-2024-mathieu-van-der-poel-en-demonstration\/#breadcrumb\"},\"inLanguage\":\"fr-FR\",\"potentialAction\":[{\"@type\":\"ReadAction\",\"target\":[\"https:\/\/dicodusport.fr\/blog\/e3-saxo-classic-2024-mathieu-van-der-poel-en-demonstration\/\"]}]},{\"@type\":\"ImageObject\",\"inLanguage\":\"fr-FR\",\"@id\":\"https:\/\/dicodusport.fr\/blog\/e3-saxo-classic-2024-mathieu-van-der-poel-en-demonstration\/#primaryimage\",\"url\":\"https:\/\/dicodusport.fr\/blog\/wp-content\/uploads\/2024\/03\/GP-E3-Saxo-Classic-2024-Mathieu-van-der-Poel-en-demonstration-1.png\",\"contentUrl\":\"https:\/\/dicodusport.fr\/blog\/wp-content\/uploads\/2024\/03\/GP-E3-Saxo-Classic-2024-Mathieu-van-der-Poel-en-demonstration-1.png\",\"width\":1200,\"height\":674,\"caption\":\"GP E3 Saxo Classic 2024 Mathieu van der Poel en d\u00e9monstration (1)\"},{\"@type\":\"BreadcrumbList\",\"@id\":\"https:\/\/dicodusport.fr\/blog\/e3-saxo-classic-2024-mathieu-van-der-poel-en-demonstration\/#breadcrumb\",\"itemListElement\":[{\"@type\":\"ListItem\",\"position\":1,\"name\":\"Accueil\",\"item\":\"https:\/\/dicodusport.fr\/blog\/\"},{\"@type\":\"ListItem\",\"position\":2,\"name\":\"E3 Saxo Classic 2024 : Mathieu van der Poel en d\u00e9monstration\"}]},{\"@type\":\"WebSite\",\"@id\":\"https:\/\/dicodusport.fr\/blog\/#website\",\"url\":\"https:\/\/dicodusport.fr\/blog\/\",\"name\":\"Dicodusport\",\"description\":\"L&#039;encyclop\u00e9die de l&#039;actualit\u00e9 sportive\",\"publisher\":{\"@id\":\"https:\/\/dicodusport.fr\/blog\/#organization\"},\"potentialAction\":[{\"@type\":\"SearchAction\",\"target\":{\"@type\":\"EntryPoint\",\"urlTemplate\":\"https:\/\/dicodusport.fr\/blog\/?s={search_term_string}\"},\"query-input\":{\"@type\":\"PropertyValueSpecification\",\"valueRequired\":true,\"valueName\":\"search_term_string\"}}],\"inLanguage\":\"fr-FR\"},{\"@type\":\"NewsMediaOrganization\",\"@id\":\"https:\/\/dicodusport.fr\/blog\/#organization\",\"name\":\"Dicodusport\",\"url\":\"https:\/\/dicodusport.fr\/blog\/\",\"logo\":{\"@type\":\"ImageObject\",\"inLanguage\":\"fr-FR\",\"@id\":\"https:\/\/dicodusport.fr\/blog\/#\/schema\/logo\/image\/\",\"url\":\"https:\/\/dicodusport.fr\/blog\/wp-content\/uploads\/2020\/06\/cropped-LOGO-DICODUSPORT-2020-SANS-FOND-SANS-TEXTE.png\",\"contentUrl\":\"https:\/\/dicodusport.fr\/blog\/wp-content\/uploads\/2020\/06\/cropped-LOGO-DICODUSPORT-2020-SANS-FOND-SANS-TEXTE.png\",\"width\":512,\"height\":512,\"caption\":\"Dicodusport\"},\"image\":{\"@id\":\"https:\/\/dicodusport.fr\/blog\/#\/schema\/logo\/image\/\"},\"sameAs\":[\"https:\/\/www.facebook.com\/dicodusport\",\"https:\/\/x.com\/dicodusport\",\"https:\/\/www.instagram.com\/dicodusport\/\",\"https:\/\/www.youtube.com\/channel\/UC7V2KZ5sd3htJivAbA4ZG3w\"],\"description\":\"Dicodusport est l'encyclop\u00e9die de l'actualit\u00e9 sportive.\",\"email\":\"bonjour@dicodusport.fr\",\"legalName\":\"DICODUSPORT\",\"foundingDate\":\"2018-01-14\",\"vatID\":\"FR71834470973\",\"taxID\":\"83447097300043\",\"numberOfEmployees\":{\"@type\":\"QuantitativeValue\",\"minValue\":\"1\",\"maxValue\":\"10\"}},{\"@type\":\"Person\",\"@id\":\"https:\/\/dicodusport.fr\/blog\/#\/schema\/person\/6db4bae06b171592211be385b32876a7\",\"name\":\"Emilien Descampiaux\",\"image\":{\"@type\":\"ImageObject\",\"inLanguage\":\"fr-FR\",\"@id\":\"https:\/\/dicodusport.fr\/blog\/#\/schema\/person\/image\/\",\"url\":\"https:\/\/dicodusport.fr\/blog\/wp-content\/uploads\/2021\/05\/Emilien-Descampiaux-150x150.jpg\",\"contentUrl\":\"https:\/\/dicodusport.fr\/blog\/wp-content\/uploads\/2021\/05\/Emilien-Descampiaux-150x150.jpg\",\"caption\":\"Emilien Descampiaux\"},\"description\":\"Journaliste\/r\u00e9dacteur depuis 2014 - Fan de la classe de Frank Vandenbroucke, je vis cyclisme (et de ses paysages) depuis plus de 20 ans. Je suis tr\u00e8s impliqu\u00e9 sur mes diff\u00e9rents r\u00e9seaux sociaux pour partager ma passion sur le monde et l'Histoire de la bicyclette avec ma voix sur les images en noir et blanc du succ\u00e8s de Rik Van Steenbergen lors du Ronde sur le V\u00e9lodrome de Gand.\",\"sameAs\":[\"https:\/\/www.facebook.com\/groups\/LesRoisDuPeloton\",\"https:\/\/x.com\/https:\/\/twitter.com\/LRoisDuPeloton\"],\"url\":\"https:\/\/dicodusport.fr\/blog\/author\/emiliend\/\"}]}<\/script>\n<!-- \/ Yoast SEO Premium plugin. -->","yoast_head_json":{"title":"E3 Saxo Classic 2024 : Mathieu van der Poel en d\u00e9monstration","description":"E3 SAXO BANK CLASSIC 2024 - Mathieu van der Poel (Alpecin-Deceuninck) s'est impos\u00e9 en solitaire sur la 66e \u00e9dition du E3 Saxo Classic.","robots":{"index":"index","follow":"follow","max-snippet":"max-snippet:-1","max-image-preview":"max-image-preview:large","max-video-preview":"max-video-preview:-1"},"canonical":"https:\/\/dicodusport.fr\/blog\/e3-saxo-classic-2024-mathieu-van-der-poel-en-demonstration\/","og_locale":"fr_FR","og_type":"article","og_title":"E3 Saxo Classic 2024 : Mathieu van der Poel en d\u00e9monstration","og_description":"E3 SAXO BANK CLASSIC 2024 - Mathieu van der Poel (Alpecin-Deceuninck) s'est impos\u00e9 en solitaire sur la 66e \u00e9dition du E3 Saxo Classic.","og_url":"https:\/\/dicodusport.fr\/blog\/e3-saxo-classic-2024-mathieu-van-der-poel-en-demonstration\/","og_site_name":"Dicodusport","article_publisher":"https:\/\/www.facebook.com\/dicodusport","article_author":"https:\/\/www.facebook.com\/groups\/LesRoisDuPeloton","article_published_time":"2024-03-22T15:37:56+00:00","article_modified_time":"2024-03-22T16:08:41+00:00","og_image":[{"width":1200,"height":674,"url":"https:\/\/dicodusport.fr\/blog\/wp-content\/uploads\/2024\/03\/GP-E3-Saxo-Classic-2024-Mathieu-van-der-Poel-en-demonstration-1.png","type":"image\/png"}],"author":"Emilien Descampiaux","twitter_card":"summary_large_image","twitter_title":"E3 Saxo Classic 2024 : Mathieu van der Poel en d\u00e9monstration","twitter_creator":"@https:\/\/twitter.com\/LRoisDuPeloton","twitter_site":"@dicodusport","schema":{"@context":"https:\/\/schema.org","@graph":[{"@type":"NewsArticle","@id":"https:\/\/dicodusport.fr\/blog\/e3-saxo-classic-2024-mathieu-van-der-poel-en-demonstration\/#article","isPartOf":{"@id":"https:\/\/dicodusport.fr\/blog\/e3-saxo-classic-2024-mathieu-van-der-poel-en-demonstration\/"},"author":{"name":"Emilien Descampiaux","@id":"https:\/\/dicodusport.fr\/blog\/#\/schema\/person\/6db4bae06b171592211be385b32876a7"},"headline":"E3 Saxo Classic 2024 : Mathieu van der Poel en d\u00e9monstration","datePublished":"2024-03-22T15:37:56+00:00","dateModified":"2024-03-22T16:08:41+00:00","mainEntityOfPage":{"@id":"https:\/\/dicodusport.fr\/blog\/e3-saxo-classic-2024-mathieu-van-der-poel-en-demonstration\/"},"wordCount":724,"commentCount":0,"publisher":{"@id":"https:\/\/dicodusport.fr\/blog\/#organization"},"image":{"@id":"https:\/\/dicodusport.fr\/blog\/e3-saxo-classic-2024-mathieu-van-der-poel-en-demonstration\/#primaryimage"},"thumbnailUrl":"https:\/\/dicodusport.fr\/blog\/wp-content\/uploads\/2024\/03\/GP-E3-Saxo-Classic-2024-Mathieu-van-der-Poel-en-demonstration-1.png","keywords":["Actualit\u00e9 Cyclisme","br\u00e8ve","E3 Saxo Bank Classic","Grand Prix E3","sport"],"articleSection":["Cyclisme sur route"],"inLanguage":"fr-FR","potentialAction":[{"@type":"CommentAction","name":"Comment","target":["https:\/\/dicodusport.fr\/blog\/e3-saxo-classic-2024-mathieu-van-der-poel-en-demonstration\/#respond"]}],"copyrightYear":"2024","copyrightHolder":{"@id":"https:\/\/dicodusport.fr\/blog\/#organization"}},{"@type":"WebPage","@id":"https:\/\/dicodusport.fr\/blog\/e3-saxo-classic-2024-mathieu-van-der-poel-en-demonstration\/","url":"https:\/\/dicodusport.fr\/blog\/e3-saxo-classic-2024-mathieu-van-der-poel-en-demonstration\/","name":"E3 Saxo Classic 2024 : Mathieu van der Poel en d\u00e9monstration","isPartOf":{"@id":"https:\/\/dicodusport.fr\/blog\/#website"},"primaryImageOfPage":{"@id":"https:\/\/dicodusport.fr\/blog\/e3-saxo-classic-2024-mathieu-van-der-poel-en-demonstration\/#primaryimage"},"image":{"@id":"https:\/\/dicodusport.fr\/blog\/e3-saxo-classic-2024-mathieu-van-der-poel-en-demonstration\/#primaryimage"},"thumbnailUrl":"https:\/\/dicodusport.fr\/blog\/wp-content\/uploads\/2024\/03\/GP-E3-Saxo-Classic-2024-Mathieu-van-der-Poel-en-demonstration-1.png","datePublished":"2024-03-22T15:37:56+00:00","dateModified":"2024-03-22T16:08:41+00:00","description":"E3 SAXO BANK CLASSIC 2024 - Mathieu van der Poel (Alpecin-Deceuninck) s'est impos\u00e9 en solitaire sur la 66e \u00e9dition du E3 Saxo Classic.","breadcrumb":{"@id":"https:\/\/dicodusport.fr\/blog\/e3-saxo-classic-2024-mathieu-van-der-poel-en-demonstration\/#breadcrumb"},"inLanguage":"fr-FR","potentialAction":[{"@type":"ReadAction","target":["https:\/\/dicodusport.fr\/blog\/e3-saxo-classic-2024-mathieu-van-der-poel-en-demonstration\/"]}]},{"@type":"ImageObject","inLanguage":"fr-FR","@id":"https:\/\/dicodusport.fr\/blog\/e3-saxo-classic-2024-mathieu-van-der-poel-en-demonstration\/#primaryimage","url":"https:\/\/dicodusport.fr\/blog\/wp-content\/uploads\/2024\/03\/GP-E3-Saxo-Classic-2024-Mathieu-van-der-Poel-en-demonstration-1.png","contentUrl":"https:\/\/dicodusport.fr\/blog\/wp-content\/uploads\/2024\/03\/GP-E3-Saxo-Classic-2024-Mathieu-van-der-Poel-en-demonstration-1.png","width":1200,"height":674,"caption":"GP E3 Saxo Classic 2024 Mathieu van der Poel en d\u00e9monstration (1)"},{"@type":"BreadcrumbList","@id":"https:\/\/dicodusport.fr\/blog\/e3-saxo-classic-2024-mathieu-van-der-poel-en-demonstration\/#breadcrumb","itemListElement":[{"@type":"ListItem","position":1,"name":"Accueil","item":"https:\/\/dicodusport.fr\/blog\/"},{"@type":"ListItem","position":2,"name":"E3 Saxo Classic 2024 : Mathieu van der Poel en d\u00e9monstration"}]},{"@type":"WebSite","@id":"https:\/\/dicodusport.fr\/blog\/#website","url":"https:\/\/dicodusport.fr\/blog\/","name":"Dicodusport","description":"L&#039;encyclop\u00e9die de l&#039;actualit\u00e9 sportive","publisher":{"@id":"https:\/\/dicodusport.fr\/blog\/#organization"},"potentialAction":[{"@type":"SearchAction","target":{"@type":"EntryPoint","urlTemplate":"https:\/\/dicodusport.fr\/blog\/?s={search_term_string}"},"query-input":{"@type":"PropertyValueSpecification","valueRequired":true,"valueName":"search_term_string"}}],"inLanguage":"fr-FR"},{"@type":"NewsMediaOrganization","@id":"https:\/\/dicodusport.fr\/blog\/#organization","name":"Dicodusport","url":"https:\/\/dicodusport.fr\/blog\/","logo":{"@type":"ImageObject","inLanguage":"fr-FR","@id":"https:\/\/dicodusport.fr\/blog\/#\/schema\/logo\/image\/","url":"https:\/\/dicodusport.fr\/blog\/wp-content\/uploads\/2020\/06\/cropped-LOGO-DICODUSPORT-2020-SANS-FOND-SANS-TEXTE.png","contentUrl":"https:\/\/dicodusport.fr\/blog\/wp-content\/uploads\/2020\/06\/cropped-LOGO-DICODUSPORT-2020-SANS-FOND-SANS-TEXTE.png","width":512,"height":512,"caption":"Dicodusport"},"image":{"@id":"https:\/\/dicodusport.fr\/blog\/#\/schema\/logo\/image\/"},"sameAs":["https:\/\/www.facebook.com\/dicodusport","https:\/\/x.com\/dicodusport","https:\/\/www.instagram.com\/dicodusport\/","https:\/\/www.youtube.com\/channel\/UC7V2KZ5sd3htJivAbA4ZG3w"],"description":"Dicodusport est l'encyclop\u00e9die de l'actualit\u00e9 sportive.","email":"bonjour@dicodusport.fr","legalName":"DICODUSPORT","foundingDate":"2018-01-14","vatID":"FR71834470973","taxID":"83447097300043","numberOfEmployees":{"@type":"QuantitativeValue","minValue":"1","maxValue":"10"}},{"@type":"Person","@id":"https:\/\/dicodusport.fr\/blog\/#\/schema\/person\/6db4bae06b171592211be385b32876a7","name":"Emilien Descampiaux","image":{"@type":"ImageObject","inLanguage":"fr-FR","@id":"https:\/\/dicodusport.fr\/blog\/#\/schema\/person\/image\/","url":"https:\/\/dicodusport.fr\/blog\/wp-content\/uploads\/2021\/05\/Emilien-Descampiaux-150x150.jpg","contentUrl":"https:\/\/dicodusport.fr\/blog\/wp-content\/uploads\/2021\/05\/Emilien-Descampiaux-150x150.jpg","caption":"Emilien Descampiaux"},"description":"Journaliste\/r\u00e9dacteur depuis 2014 - Fan de la classe de Frank Vandenbroucke, je vis cyclisme (et de ses paysages) depuis plus de 20 ans. Je suis tr\u00e8s impliqu\u00e9 sur mes diff\u00e9rents r\u00e9seaux sociaux pour partager ma passion sur le monde et l'Histoire de la bicyclette avec ma voix sur les images en noir et blanc du succ\u00e8s de Rik Van Steenbergen lors du Ronde sur le V\u00e9lodrome de Gand.","sameAs":["https:\/\/www.facebook.com\/groups\/LesRoisDuPeloton","https:\/\/x.com\/https:\/\/twitter.com\/LRoisDuPeloton"],"url":"https:\/\/dicodusport.fr\/blog\/author\/emiliend\/"}]}},"_links":{"self":[{"href":"https:\/\/dicodusport.fr\/blog\/wp-json\/wp\/v2\/posts\/473902","targetHints":{"allow":["GET"]}}],"collection":[{"href":"https:\/\/dicodusport.fr\/blog\/wp-json\/wp\/v2\/posts"}],"about":[{"href":"https:\/\/dicodusport.fr\/blog\/wp-json\/wp\/v2\/types\/post"}],"author":[{"embeddable":true,"href":"https:\/\/dicodusport.fr\/blog\/wp-json\/wp\/v2\/users\/48"}],"replies":[{"embeddable":true,"href":"https:\/\/dicodusport.fr\/blog\/wp-json\/wp\/v2\/comments?post=473902"}],"version-history":[{"count":6,"href":"https:\/\/dicodusport.fr\/blog\/wp-json\/wp\/v2\/posts\/473902\/revisions"}],"predecessor-version":[{"id":473964,"href":"https:\/\/dicodusport.fr\/blog\/wp-json\/wp\/v2\/posts\/473902\/revisions\/473964"}],"wp:featuredmedia":[{"embeddable":true,"href":"https:\/\/dicodusport.fr\/blog\/wp-json\/wp\/v2\/media\/473960"}],"wp:attachment":[{"href":"https:\/\/dicodusport.fr\/blog\/wp-json\/wp\/v2\/media?parent=473902"}],"wp:term":[{"taxonomy":"category","embeddable":true,"href":"https:\/\/dicodusport.fr\/blog\/wp-json\/wp\/v2\/categories?post=473902"},{"taxonomy":"post_tag","embeddable":true,"href":"https:\/\/dicodusport.fr\/blog\/wp-json\/wp\/v2\/tags?post=473902"}],"curies":[{"name":"wp","href":"https:\/\/api.w.org\/{rel}","templated":true}]}}