{"id":473925,"date":"2024-03-22T15:45:05","date_gmt":"2024-03-22T14:45:05","guid":{"rendered":"https:\/\/dicodusport.fr\/blog\/?p=473925&#038;preview=true&#038;preview_id=473925"},"modified":"2025-07-09T18:40:05","modified_gmt":"2025-07-09T16:40:05","slug":"biathlon-emilien-jacquelin-champion-de-france-sur-la-mass-start","status":"publish","type":"post","link":"https:\/\/dicodusport.fr\/blog\/biathlon-emilien-jacquelin-champion-de-france-sur-la-mass-start\/","title":{"rendered":"Biathlon : \u00c9milien Jacquelin champion de France sur la mass start"},"content":{"rendered":"<p style=\"text-align: justify;\"><strong><em>BIATHLON &#8211; Ce vendredi, \u00c9milien Jacquelin a d\u00e9croch\u00e9 le titre de champion de France sur la mass start, sur le site de M\u00e9ribel (Savoie).\u00a0<\/em><\/strong><\/p>\n<p style=\"text-align: justify;\">Sur la lanc\u00e9e de sa tourn\u00e9e nord-am\u00e9ricaine aboutie pour conclure la <a href=\"https:\/\/dicodusport.fr\/blog\/coupe-du-monde-de-biathlon-2023-2024-le-calendrier-complet\/\">Coupe du monde de biathlon 2023-2024<\/a>, <strong>\u00c9milien Jacquelin<\/strong> a remport\u00e9 le titre de champion de France de la mass start ce vendredi, \u00e0 <strong>M\u00e9ribel<\/strong>. Loin d&rsquo;\u00eatre imp\u00e9rial sur le pas de tir (14\/20, 3-1-2-0), l&rsquo;Is\u00e9rois a, en revanche, roul\u00e9 sur la concurrence sur la piste. D\u00e9j\u00e0 sacr\u00e9 sur le sprint court et la poursuite \u00e0 l&rsquo;automne dernier, <strong>Jacquelin<\/strong> confirme sa supr\u00e9matie sur le plan national.<\/p>\n<p style=\"text-align: justify;\">La deuxi\u00e8me place revient \u00e0 <strong>Mathieu Garcia<\/strong> (21 ans). Efficace derri\u00e8re la carabine (18\/20), il n&rsquo;a en revanche rien pu faire sur les spatules face au Grenoblois. Il termine \u00e0 1:55 et s&rsquo;offre le titre de champion de France U22. <strong>Antonin Guigonnat<\/strong> (15\/20) compl\u00e8te le podium, \u00e0 2:23 de la gagne. <strong>Quentin Fillon Maillet<\/strong> (13\/20) est cinqui\u00e8me, \u00e0 2:46. Le titre U19 revient \u00e0 la p\u00e9pite <strong>Antonin Guy<\/strong>, 7\u00e8me du scratch avec un joli 19\/20 face aux cibles. R\u00e9cent <a href=\"https:\/\/dicodusport.fr\/blog\/mondiaux-biathlon-jeunes-juniors-antonin-guy-champion-du-monde-u19-de-lindividuel\/\">champion du monde U19<\/a> sur l&rsquo;individuel, Guy avait crev\u00e9 l&rsquo;\u00e9cran en janvier dernier, avec <a href=\"https:\/\/dicodusport.fr\/blog\/joj-dhiver-antonin-guy-biathlon-realise-un-triple-historique\/\">un tripl\u00e9 en or lors des Jeux Olympiques de la Jeunesse d&rsquo;hiver<\/a>, \u00e0 Gangwon (Cor\u00e9e du Sud).<\/p>\n<blockquote class=\"twitter-tweet\">\n<p dir=\"ltr\" lang=\"fr\">\ud83d\udea8\ud83c\udfaf\ud83c\udde8\ud83c\uddf5 Biathlon \/ Emilien Jacquelin sacr\u00e9 champion de France de la mass-start \u00e0 M\u00e9ribel ! <a href=\"https:\/\/t.co\/ie9vdOTWty\">pic.twitter.com\/ie9vdOTWty<\/a><\/p>\n<p>\u2014 Ski Chrono (@Ski_Chrono) <a href=\"https:\/\/twitter.com\/Ski_Chrono\/status\/1771184214244765966?ref_src=twsrc%5Etfw\">March 22, 2024<\/a><\/p><\/blockquote>\n<p><script async src=\"https:\/\/platform.twitter.com\/widgets.js\" charset=\"utf-8\"><\/script><\/p>\n<ul>\n<li style=\"text-align: justify;\"><a href=\"https:\/\/vola-publish.com\/chevalier\/race\/fra-sa-meribel-championnats-de-france_34516.html\"><strong>Le classement complet<\/strong><\/a><\/li>\n<\/ul>\n","protected":false},"excerpt":{"rendered":"<p>BIATHLON &#8211; Ce vendredi, \u00c9milien Jacquelin a d\u00e9croch\u00e9 le titre de champion de France sur la mass start, sur le site de M\u00e9ribel (Savoie).\u00a0<\/p>\n","protected":false},"author":4,"featured_media":473981,"comment_status":"open","ping_status":"closed","sticky":false,"template":"","format":"standard","meta":{"_acf_changed":false,"_daextam_enable_autolinks":"1","footnotes":""},"categories":[2426],"tags":[2427,16878,11737,2945],"class_list":["post-473925","post","type-post","status-publish","format-standard","has-post-thumbnail","hentry","category-biathlon","tag-biathlon","tag-breve","tag-championnats-de-france-de-biathlon","tag-mass-start"],"acf":[],"yoast_head":"<!-- This site is optimized with the Yoast SEO Premium plugin v26.7 (Yoast SEO v26.7) - https:\/\/yoast.com\/wordpress\/plugins\/seo\/ -->\n<title>Biathlon : \u00c9milien Jacquelin champion de France sur la mass start<\/title>\n<meta name=\"description\" content=\"BIATHLON - Ce vendredi, \u00c9milien Jacquelin a d\u00e9croch\u00e9 le titre de champion de France sur la mass start, sur le site de M\u00e9ribel (Savoie).\u00a0\" \/>\n<meta name=\"robots\" content=\"index, follow, max-snippet:-1, max-image-preview:large, max-video-preview:-1\" \/>\n<link rel=\"canonical\" href=\"https:\/\/dicodusport.fr\/blog\/biathlon-emilien-jacquelin-champion-de-france-sur-la-mass-start\/\" \/>\n<meta property=\"og:locale\" content=\"fr_FR\" \/>\n<meta property=\"og:type\" content=\"article\" \/>\n<meta property=\"og:title\" content=\"Biathlon : \u00c9milien Jacquelin champion de France sur la mass start\" \/>\n<meta property=\"og:description\" content=\"BIATHLON - Ce vendredi, \u00c9milien Jacquelin a d\u00e9croch\u00e9 le titre de champion de France sur la mass start, sur le site de M\u00e9ribel (Savoie).\u00a0\" \/>\n<meta property=\"og:url\" content=\"https:\/\/dicodusport.fr\/blog\/biathlon-emilien-jacquelin-champion-de-france-sur-la-mass-start\/\" \/>\n<meta property=\"og:site_name\" content=\"Dicodusport\" \/>\n<meta property=\"article:publisher\" content=\"https:\/\/www.facebook.com\/dicodusport\" \/>\n<meta property=\"article:author\" content=\"https:\/\/www.facebook.com\/florent.ostermann\" \/>\n<meta property=\"article:published_time\" content=\"2024-03-22T14:45:05+00:00\" \/>\n<meta property=\"article:modified_time\" content=\"2025-07-09T16:40:05+00:00\" \/>\n<meta property=\"og:image\" content=\"https:\/\/dicodusport.fr\/blog\/wp-content\/uploads\/2024\/03\/Biathlon-Emilien-Jacquelin-champion-de-France-sur-la-mass-start-1.png\" \/>\n\t<meta property=\"og:image:width\" content=\"1200\" \/>\n\t<meta property=\"og:image:height\" content=\"674\" \/>\n\t<meta property=\"og:image:type\" content=\"image\/png\" \/>\n<meta name=\"author\" content=\"Flo Ostermann\" \/>\n<meta name=\"twitter:card\" content=\"summary_large_image\" \/>\n<meta name=\"twitter:title\" content=\"Biathlon : \u00c9milien Jacquelin champion de France sur la mass start\" \/>\n<meta name=\"twitter:creator\" content=\"@https:\/\/twitter.com\/FlOstermann\" \/>\n<meta name=\"twitter:site\" content=\"@dicodusport\" \/>\n<script type=\"application\/ld+json\" class=\"yoast-schema-graph\">{\"@context\":\"https:\/\/schema.org\",\"@graph\":[{\"@type\":\"NewsArticle\",\"@id\":\"https:\/\/dicodusport.fr\/blog\/biathlon-emilien-jacquelin-champion-de-france-sur-la-mass-start\/#article\",\"isPartOf\":{\"@id\":\"https:\/\/dicodusport.fr\/blog\/biathlon-emilien-jacquelin-champion-de-france-sur-la-mass-start\/\"},\"author\":{\"name\":\"Flo Ostermann\",\"@id\":\"https:\/\/dicodusport.fr\/blog\/#\/schema\/person\/cb02af4c173ce4a653b55e9baf388d4a\"},\"headline\":\"Biathlon : \u00c9milien Jacquelin champion de France sur la mass start\",\"datePublished\":\"2024-03-22T14:45:05+00:00\",\"dateModified\":\"2025-07-09T16:40:05+00:00\",\"mainEntityOfPage\":{\"@id\":\"https:\/\/dicodusport.fr\/blog\/biathlon-emilien-jacquelin-champion-de-france-sur-la-mass-start\/\"},\"wordCount\":255,\"commentCount\":0,\"publisher\":{\"@id\":\"https:\/\/dicodusport.fr\/blog\/#organization\"},\"image\":{\"@id\":\"https:\/\/dicodusport.fr\/blog\/biathlon-emilien-jacquelin-champion-de-france-sur-la-mass-start\/#primaryimage\"},\"thumbnailUrl\":\"https:\/\/dicodusport.fr\/blog\/wp-content\/uploads\/2024\/03\/Biathlon-Emilien-Jacquelin-champion-de-France-sur-la-mass-start-1.png\",\"keywords\":[\"Biathlon\",\"br\u00e8ve\",\"Championnats de France de biathlon\",\"Mass start\"],\"articleSection\":[\"Biathlon\"],\"inLanguage\":\"fr-FR\",\"potentialAction\":[{\"@type\":\"CommentAction\",\"name\":\"Comment\",\"target\":[\"https:\/\/dicodusport.fr\/blog\/biathlon-emilien-jacquelin-champion-de-france-sur-la-mass-start\/#respond\"]}],\"copyrightYear\":\"2024\",\"copyrightHolder\":{\"@id\":\"https:\/\/dicodusport.fr\/blog\/#organization\"}},{\"@type\":\"WebPage\",\"@id\":\"https:\/\/dicodusport.fr\/blog\/biathlon-emilien-jacquelin-champion-de-france-sur-la-mass-start\/\",\"url\":\"https:\/\/dicodusport.fr\/blog\/biathlon-emilien-jacquelin-champion-de-france-sur-la-mass-start\/\",\"name\":\"Biathlon : \u00c9milien Jacquelin champion de France sur la mass start\",\"isPartOf\":{\"@id\":\"https:\/\/dicodusport.fr\/blog\/#website\"},\"primaryImageOfPage\":{\"@id\":\"https:\/\/dicodusport.fr\/blog\/biathlon-emilien-jacquelin-champion-de-france-sur-la-mass-start\/#primaryimage\"},\"image\":{\"@id\":\"https:\/\/dicodusport.fr\/blog\/biathlon-emilien-jacquelin-champion-de-france-sur-la-mass-start\/#primaryimage\"},\"thumbnailUrl\":\"https:\/\/dicodusport.fr\/blog\/wp-content\/uploads\/2024\/03\/Biathlon-Emilien-Jacquelin-champion-de-France-sur-la-mass-start-1.png\",\"datePublished\":\"2024-03-22T14:45:05+00:00\",\"dateModified\":\"2025-07-09T16:40:05+00:00\",\"description\":\"BIATHLON - Ce vendredi, \u00c9milien Jacquelin a d\u00e9croch\u00e9 le titre de champion de France sur la mass start, sur le site de M\u00e9ribel (Savoie).\u00a0\",\"breadcrumb\":{\"@id\":\"https:\/\/dicodusport.fr\/blog\/biathlon-emilien-jacquelin-champion-de-france-sur-la-mass-start\/#breadcrumb\"},\"inLanguage\":\"fr-FR\",\"potentialAction\":[{\"@type\":\"ReadAction\",\"target\":[\"https:\/\/dicodusport.fr\/blog\/biathlon-emilien-jacquelin-champion-de-france-sur-la-mass-start\/\"]}]},{\"@type\":\"ImageObject\",\"inLanguage\":\"fr-FR\",\"@id\":\"https:\/\/dicodusport.fr\/blog\/biathlon-emilien-jacquelin-champion-de-france-sur-la-mass-start\/#primaryimage\",\"url\":\"https:\/\/dicodusport.fr\/blog\/wp-content\/uploads\/2024\/03\/Biathlon-Emilien-Jacquelin-champion-de-France-sur-la-mass-start-1.png\",\"contentUrl\":\"https:\/\/dicodusport.fr\/blog\/wp-content\/uploads\/2024\/03\/Biathlon-Emilien-Jacquelin-champion-de-France-sur-la-mass-start-1.png\",\"width\":1200,\"height\":674,\"caption\":\"Biathlon \u00c9milien Jacquelin champion de France sur la mass start (1)\"},{\"@type\":\"BreadcrumbList\",\"@id\":\"https:\/\/dicodusport.fr\/blog\/biathlon-emilien-jacquelin-champion-de-france-sur-la-mass-start\/#breadcrumb\",\"itemListElement\":[{\"@type\":\"ListItem\",\"position\":1,\"name\":\"Accueil\",\"item\":\"https:\/\/dicodusport.fr\/blog\/\"},{\"@type\":\"ListItem\",\"position\":2,\"name\":\"Biathlon : \u00c9milien Jacquelin champion de France sur la mass start\"}]},{\"@type\":\"WebSite\",\"@id\":\"https:\/\/dicodusport.fr\/blog\/#website\",\"url\":\"https:\/\/dicodusport.fr\/blog\/\",\"name\":\"Dicodusport\",\"description\":\"L&#039;encyclop\u00e9die de l&#039;actualit\u00e9 sportive\",\"publisher\":{\"@id\":\"https:\/\/dicodusport.fr\/blog\/#organization\"},\"potentialAction\":[{\"@type\":\"SearchAction\",\"target\":{\"@type\":\"EntryPoint\",\"urlTemplate\":\"https:\/\/dicodusport.fr\/blog\/?s={search_term_string}\"},\"query-input\":{\"@type\":\"PropertyValueSpecification\",\"valueRequired\":true,\"valueName\":\"search_term_string\"}}],\"inLanguage\":\"fr-FR\"},{\"@type\":\"NewsMediaOrganization\",\"@id\":\"https:\/\/dicodusport.fr\/blog\/#organization\",\"name\":\"Dicodusport\",\"url\":\"https:\/\/dicodusport.fr\/blog\/\",\"logo\":{\"@type\":\"ImageObject\",\"inLanguage\":\"fr-FR\",\"@id\":\"https:\/\/dicodusport.fr\/blog\/#\/schema\/logo\/image\/\",\"url\":\"https:\/\/dicodusport.fr\/blog\/wp-content\/uploads\/2020\/06\/cropped-LOGO-DICODUSPORT-2020-SANS-FOND-SANS-TEXTE.png\",\"contentUrl\":\"https:\/\/dicodusport.fr\/blog\/wp-content\/uploads\/2020\/06\/cropped-LOGO-DICODUSPORT-2020-SANS-FOND-SANS-TEXTE.png\",\"width\":512,\"height\":512,\"caption\":\"Dicodusport\"},\"image\":{\"@id\":\"https:\/\/dicodusport.fr\/blog\/#\/schema\/logo\/image\/\"},\"sameAs\":[\"https:\/\/www.facebook.com\/dicodusport\",\"https:\/\/x.com\/dicodusport\",\"https:\/\/www.instagram.com\/dicodusport\/\",\"https:\/\/www.youtube.com\/channel\/UC7V2KZ5sd3htJivAbA4ZG3w\"],\"description\":\"Dicodusport est l'encyclop\u00e9die de l'actualit\u00e9 sportive.\",\"email\":\"bonjour@dicodusport.fr\",\"legalName\":\"DICODUSPORT\",\"foundingDate\":\"2018-01-14\",\"vatID\":\"FR71834470973\",\"taxID\":\"83447097300043\",\"numberOfEmployees\":{\"@type\":\"QuantitativeValue\",\"minValue\":\"1\",\"maxValue\":\"10\"}},{\"@type\":\"Person\",\"@id\":\"https:\/\/dicodusport.fr\/blog\/#\/schema\/person\/cb02af4c173ce4a653b55e9baf388d4a\",\"name\":\"Flo Ostermann\",\"image\":{\"@type\":\"ImageObject\",\"inLanguage\":\"fr-FR\",\"@id\":\"https:\/\/dicodusport.fr\/blog\/#\/schema\/person\/image\/\",\"url\":\"https:\/\/dicodusport.fr\/blog\/wp-content\/uploads\/2021\/05\/Flo-Ostermann-150x150.jpg\",\"contentUrl\":\"https:\/\/dicodusport.fr\/blog\/wp-content\/uploads\/2021\/05\/Flo-Ostermann-150x150.jpg\",\"caption\":\"Flo Ostermann\"},\"description\":\"Journaliste\/R\u00e9dacteur depuis septembre 2015 - Mes premiers souvenirs dans le sport ? Les envol\u00e9es du Stade Toulousain et les duels Villeneuve-Schumacher et H\u00e4kkinen-Schumacher \u00e0 la fin des ann\u00e9es 90, la Coupe du monde de football en 1998, l\u2019exploit du XV de France face aux All Blacks en 1999, mais aussi Richard C\u0153ur de Lion qui vole sur les montagnes du Tour de France. Bien parti pour devenir professeur d\u2019EPS, les \u00e9v\u00e9nements de la vie (et la flemme d\u2019animer des s\u00e9ances de 3x500 m\u00e8tres toute ma vie) m\u2019ont conduit \u00e0 revoir mes plans. Me voil\u00e0 depuis fin 2017 sur Dicodusport, m\u00e9dia gr\u00e2ce (et pour) lequel je partage ma passion : le sport dans tous ses \u00e9tats. Le tout accompagn\u00e9 par les fous furieux et folles furieuses cit\u00e9s sur cette page !\",\"sameAs\":[\"https:\/\/www.facebook.com\/florent.ostermann\",\"https:\/\/x.com\/https:\/\/twitter.com\/FlOstermann\",\"admin\"],\"url\":\"https:\/\/dicodusport.fr\/blog\/author\/flo\/\"}]}<\/script>\n<!-- \/ Yoast SEO Premium plugin. -->","yoast_head_json":{"title":"Biathlon : \u00c9milien Jacquelin champion de France sur la mass start","description":"BIATHLON - Ce vendredi, \u00c9milien Jacquelin a d\u00e9croch\u00e9 le titre de champion de France sur la mass start, sur le site de M\u00e9ribel (Savoie).\u00a0","robots":{"index":"index","follow":"follow","max-snippet":"max-snippet:-1","max-image-preview":"max-image-preview:large","max-video-preview":"max-video-preview:-1"},"canonical":"https:\/\/dicodusport.fr\/blog\/biathlon-emilien-jacquelin-champion-de-france-sur-la-mass-start\/","og_locale":"fr_FR","og_type":"article","og_title":"Biathlon : \u00c9milien Jacquelin champion de France sur la mass start","og_description":"BIATHLON - Ce vendredi, \u00c9milien Jacquelin a d\u00e9croch\u00e9 le titre de champion de France sur la mass start, sur le site de M\u00e9ribel (Savoie).\u00a0","og_url":"https:\/\/dicodusport.fr\/blog\/biathlon-emilien-jacquelin-champion-de-france-sur-la-mass-start\/","og_site_name":"Dicodusport","article_publisher":"https:\/\/www.facebook.com\/dicodusport","article_author":"https:\/\/www.facebook.com\/florent.ostermann","article_published_time":"2024-03-22T14:45:05+00:00","article_modified_time":"2025-07-09T16:40:05+00:00","og_image":[{"width":1200,"height":674,"url":"https:\/\/dicodusport.fr\/blog\/wp-content\/uploads\/2024\/03\/Biathlon-Emilien-Jacquelin-champion-de-France-sur-la-mass-start-1.png","type":"image\/png"}],"author":"Flo Ostermann","twitter_card":"summary_large_image","twitter_title":"Biathlon : \u00c9milien Jacquelin champion de France sur la mass start","twitter_creator":"@https:\/\/twitter.com\/FlOstermann","twitter_site":"@dicodusport","schema":{"@context":"https:\/\/schema.org","@graph":[{"@type":"NewsArticle","@id":"https:\/\/dicodusport.fr\/blog\/biathlon-emilien-jacquelin-champion-de-france-sur-la-mass-start\/#article","isPartOf":{"@id":"https:\/\/dicodusport.fr\/blog\/biathlon-emilien-jacquelin-champion-de-france-sur-la-mass-start\/"},"author":{"name":"Flo Ostermann","@id":"https:\/\/dicodusport.fr\/blog\/#\/schema\/person\/cb02af4c173ce4a653b55e9baf388d4a"},"headline":"Biathlon : \u00c9milien Jacquelin champion de France sur la mass start","datePublished":"2024-03-22T14:45:05+00:00","dateModified":"2025-07-09T16:40:05+00:00","mainEntityOfPage":{"@id":"https:\/\/dicodusport.fr\/blog\/biathlon-emilien-jacquelin-champion-de-france-sur-la-mass-start\/"},"wordCount":255,"commentCount":0,"publisher":{"@id":"https:\/\/dicodusport.fr\/blog\/#organization"},"image":{"@id":"https:\/\/dicodusport.fr\/blog\/biathlon-emilien-jacquelin-champion-de-france-sur-la-mass-start\/#primaryimage"},"thumbnailUrl":"https:\/\/dicodusport.fr\/blog\/wp-content\/uploads\/2024\/03\/Biathlon-Emilien-Jacquelin-champion-de-France-sur-la-mass-start-1.png","keywords":["Biathlon","br\u00e8ve","Championnats de France de biathlon","Mass start"],"articleSection":["Biathlon"],"inLanguage":"fr-FR","potentialAction":[{"@type":"CommentAction","name":"Comment","target":["https:\/\/dicodusport.fr\/blog\/biathlon-emilien-jacquelin-champion-de-france-sur-la-mass-start\/#respond"]}],"copyrightYear":"2024","copyrightHolder":{"@id":"https:\/\/dicodusport.fr\/blog\/#organization"}},{"@type":"WebPage","@id":"https:\/\/dicodusport.fr\/blog\/biathlon-emilien-jacquelin-champion-de-france-sur-la-mass-start\/","url":"https:\/\/dicodusport.fr\/blog\/biathlon-emilien-jacquelin-champion-de-france-sur-la-mass-start\/","name":"Biathlon : \u00c9milien Jacquelin champion de France sur la mass start","isPartOf":{"@id":"https:\/\/dicodusport.fr\/blog\/#website"},"primaryImageOfPage":{"@id":"https:\/\/dicodusport.fr\/blog\/biathlon-emilien-jacquelin-champion-de-france-sur-la-mass-start\/#primaryimage"},"image":{"@id":"https:\/\/dicodusport.fr\/blog\/biathlon-emilien-jacquelin-champion-de-france-sur-la-mass-start\/#primaryimage"},"thumbnailUrl":"https:\/\/dicodusport.fr\/blog\/wp-content\/uploads\/2024\/03\/Biathlon-Emilien-Jacquelin-champion-de-France-sur-la-mass-start-1.png","datePublished":"2024-03-22T14:45:05+00:00","dateModified":"2025-07-09T16:40:05+00:00","description":"BIATHLON - Ce vendredi, \u00c9milien Jacquelin a d\u00e9croch\u00e9 le titre de champion de France sur la mass start, sur le site de M\u00e9ribel (Savoie).\u00a0","breadcrumb":{"@id":"https:\/\/dicodusport.fr\/blog\/biathlon-emilien-jacquelin-champion-de-france-sur-la-mass-start\/#breadcrumb"},"inLanguage":"fr-FR","potentialAction":[{"@type":"ReadAction","target":["https:\/\/dicodusport.fr\/blog\/biathlon-emilien-jacquelin-champion-de-france-sur-la-mass-start\/"]}]},{"@type":"ImageObject","inLanguage":"fr-FR","@id":"https:\/\/dicodusport.fr\/blog\/biathlon-emilien-jacquelin-champion-de-france-sur-la-mass-start\/#primaryimage","url":"https:\/\/dicodusport.fr\/blog\/wp-content\/uploads\/2024\/03\/Biathlon-Emilien-Jacquelin-champion-de-France-sur-la-mass-start-1.png","contentUrl":"https:\/\/dicodusport.fr\/blog\/wp-content\/uploads\/2024\/03\/Biathlon-Emilien-Jacquelin-champion-de-France-sur-la-mass-start-1.png","width":1200,"height":674,"caption":"Biathlon \u00c9milien Jacquelin champion de France sur la mass start (1)"},{"@type":"BreadcrumbList","@id":"https:\/\/dicodusport.fr\/blog\/biathlon-emilien-jacquelin-champion-de-france-sur-la-mass-start\/#breadcrumb","itemListElement":[{"@type":"ListItem","position":1,"name":"Accueil","item":"https:\/\/dicodusport.fr\/blog\/"},{"@type":"ListItem","position":2,"name":"Biathlon : \u00c9milien Jacquelin champion de France sur la mass start"}]},{"@type":"WebSite","@id":"https:\/\/dicodusport.fr\/blog\/#website","url":"https:\/\/dicodusport.fr\/blog\/","name":"Dicodusport","description":"L&#039;encyclop\u00e9die de l&#039;actualit\u00e9 sportive","publisher":{"@id":"https:\/\/dicodusport.fr\/blog\/#organization"},"potentialAction":[{"@type":"SearchAction","target":{"@type":"EntryPoint","urlTemplate":"https:\/\/dicodusport.fr\/blog\/?s={search_term_string}"},"query-input":{"@type":"PropertyValueSpecification","valueRequired":true,"valueName":"search_term_string"}}],"inLanguage":"fr-FR"},{"@type":"NewsMediaOrganization","@id":"https:\/\/dicodusport.fr\/blog\/#organization","name":"Dicodusport","url":"https:\/\/dicodusport.fr\/blog\/","logo":{"@type":"ImageObject","inLanguage":"fr-FR","@id":"https:\/\/dicodusport.fr\/blog\/#\/schema\/logo\/image\/","url":"https:\/\/dicodusport.fr\/blog\/wp-content\/uploads\/2020\/06\/cropped-LOGO-DICODUSPORT-2020-SANS-FOND-SANS-TEXTE.png","contentUrl":"https:\/\/dicodusport.fr\/blog\/wp-content\/uploads\/2020\/06\/cropped-LOGO-DICODUSPORT-2020-SANS-FOND-SANS-TEXTE.png","width":512,"height":512,"caption":"Dicodusport"},"image":{"@id":"https:\/\/dicodusport.fr\/blog\/#\/schema\/logo\/image\/"},"sameAs":["https:\/\/www.facebook.com\/dicodusport","https:\/\/x.com\/dicodusport","https:\/\/www.instagram.com\/dicodusport\/","https:\/\/www.youtube.com\/channel\/UC7V2KZ5sd3htJivAbA4ZG3w"],"description":"Dicodusport est l'encyclop\u00e9die de l'actualit\u00e9 sportive.","email":"bonjour@dicodusport.fr","legalName":"DICODUSPORT","foundingDate":"2018-01-14","vatID":"FR71834470973","taxID":"83447097300043","numberOfEmployees":{"@type":"QuantitativeValue","minValue":"1","maxValue":"10"}},{"@type":"Person","@id":"https:\/\/dicodusport.fr\/blog\/#\/schema\/person\/cb02af4c173ce4a653b55e9baf388d4a","name":"Flo Ostermann","image":{"@type":"ImageObject","inLanguage":"fr-FR","@id":"https:\/\/dicodusport.fr\/blog\/#\/schema\/person\/image\/","url":"https:\/\/dicodusport.fr\/blog\/wp-content\/uploads\/2021\/05\/Flo-Ostermann-150x150.jpg","contentUrl":"https:\/\/dicodusport.fr\/blog\/wp-content\/uploads\/2021\/05\/Flo-Ostermann-150x150.jpg","caption":"Flo Ostermann"},"description":"Journaliste\/R\u00e9dacteur depuis septembre 2015 - Mes premiers souvenirs dans le sport ? Les envol\u00e9es du Stade Toulousain et les duels Villeneuve-Schumacher et H\u00e4kkinen-Schumacher \u00e0 la fin des ann\u00e9es 90, la Coupe du monde de football en 1998, l\u2019exploit du XV de France face aux All Blacks en 1999, mais aussi Richard C\u0153ur de Lion qui vole sur les montagnes du Tour de France. Bien parti pour devenir professeur d\u2019EPS, les \u00e9v\u00e9nements de la vie (et la flemme d\u2019animer des s\u00e9ances de 3x500 m\u00e8tres toute ma vie) m\u2019ont conduit \u00e0 revoir mes plans. Me voil\u00e0 depuis fin 2017 sur Dicodusport, m\u00e9dia gr\u00e2ce (et pour) lequel je partage ma passion : le sport dans tous ses \u00e9tats. Le tout accompagn\u00e9 par les fous furieux et folles furieuses cit\u00e9s sur cette page !","sameAs":["https:\/\/www.facebook.com\/florent.ostermann","https:\/\/x.com\/https:\/\/twitter.com\/FlOstermann","admin"],"url":"https:\/\/dicodusport.fr\/blog\/author\/flo\/"}]}},"_links":{"self":[{"href":"https:\/\/dicodusport.fr\/blog\/wp-json\/wp\/v2\/posts\/473925","targetHints":{"allow":["GET"]}}],"collection":[{"href":"https:\/\/dicodusport.fr\/blog\/wp-json\/wp\/v2\/posts"}],"about":[{"href":"https:\/\/dicodusport.fr\/blog\/wp-json\/wp\/v2\/types\/post"}],"author":[{"embeddable":true,"href":"https:\/\/dicodusport.fr\/blog\/wp-json\/wp\/v2\/users\/4"}],"replies":[{"embeddable":true,"href":"https:\/\/dicodusport.fr\/blog\/wp-json\/wp\/v2\/comments?post=473925"}],"version-history":[{"count":5,"href":"https:\/\/dicodusport.fr\/blog\/wp-json\/wp\/v2\/posts\/473925\/revisions"}],"predecessor-version":[{"id":473952,"href":"https:\/\/dicodusport.fr\/blog\/wp-json\/wp\/v2\/posts\/473925\/revisions\/473952"}],"wp:featuredmedia":[{"embeddable":true,"href":"https:\/\/dicodusport.fr\/blog\/wp-json\/wp\/v2\/media\/473981"}],"wp:attachment":[{"href":"https:\/\/dicodusport.fr\/blog\/wp-json\/wp\/v2\/media?parent=473925"}],"wp:term":[{"taxonomy":"category","embeddable":true,"href":"https:\/\/dicodusport.fr\/blog\/wp-json\/wp\/v2\/categories?post=473925"},{"taxonomy":"post_tag","embeddable":true,"href":"https:\/\/dicodusport.fr\/blog\/wp-json\/wp\/v2\/tags?post=473925"}],"curies":[{"name":"wp","href":"https:\/\/api.w.org\/{rel}","templated":true}]}}