{"id":474001,"date":"2024-03-22T19:51:49","date_gmt":"2024-03-22T18:51:49","guid":{"rendered":"https:\/\/dicodusport.fr\/blog\/?p=474001&#038;preview=true&#038;preview_id=474001"},"modified":"2024-03-23T07:10:43","modified_gmt":"2024-03-23T06:10:43","slug":"equipe-de-france-la-composition-probable-des-bleus-pour-la-reception-de-lallemagne","status":"publish","type":"post","link":"https:\/\/dicodusport.fr\/blog\/equipe-de-france-la-composition-probable-des-bleus-pour-la-reception-de-lallemagne\/","title":{"rendered":"\u00c9quipe de France : La composition probable des Bleus pour la r\u00e9ception de l&rsquo;Allemagne"},"content":{"rendered":"<p style=\"text-align: justify;\" align=\"justify\"><em><b>FOOTBALL &#8211; Selon L&rsquo;\u00c9quipe, Didier Deschamps va rester dans son sch\u00e9ma habituel face \u00e0 l&rsquo;Allemagne malgr\u00e9 quelques absences.\u00a0<\/b><\/em><\/p>\n<p style=\"text-align: justify;\" align=\"justify\">Le s\u00e9lectionneur de l&rsquo;<strong>\u00e9quipe de<\/strong> <strong>France<\/strong> doit composer avec des absences de marque pour ce choc face \u00e0 l&rsquo;<strong>Allemagne<\/strong>. <strong>Mike<\/strong> <strong>Maignan<\/strong> sera trop juste pour tenir son poste dans la cage des <strong>Bleus<\/strong> et sera donc remplac\u00e9 par <strong>Brice<\/strong> <strong>Samba<\/strong>, qui est devenu le nouveau num\u00e9ro 2 il y a quelques mois.<\/p>\n<p style=\"text-align: justify;\" align=\"justify\">En d\u00e9fense, <strong>Jules<\/strong> <strong>Kound\u00e9<\/strong> devrait \u00eatre titularis\u00e9 dans le couloir droit alors que <strong>Benjamin<\/strong> <strong>Pavard<\/strong> devrait d\u00e9buter avec <strong>Dayot<\/strong> <strong>Upamecano<\/strong> dans l&rsquo;axe de la d\u00e9fense. <strong>Lucas<\/strong> <strong>Hernardez<\/strong> sera lui dans le couloir gauche. <strong>Didier<\/strong> <strong>Deschamps<\/strong> doit aussi faire pour la premi\u00e8re fois depuis plus de 80 matchs sans Antoine Griezmann, bless\u00e9 \u00e0 la cheville.<\/p>\n<p style=\"text-align: justify;\" align=\"justify\">Il sera remplac\u00e9 par <strong>Warren<\/strong> <strong>Za\u00efre<\/strong> <strong>Emery<\/strong> qui accompagnera <strong>Aur\u00e9lien<\/strong> <strong>Tchouam\u00e9ni<\/strong> et <strong>Adrien<\/strong> <strong>Rabiot<\/strong>. En attaque, <strong>Marcus<\/strong> <strong>Thuram<\/strong> devrait \u00eatre pr\u00e9f\u00e9r\u00e9 \u00e0 <strong>Randal<\/strong> <strong>Kolo<\/strong> <strong>Muani<\/strong> et <strong>Olivier<\/strong> <strong>Giroud<\/strong> en pointe. Il sera accompagn\u00e9 de <strong>Kylian<\/strong> <strong>Mbapp\u00e9<\/strong> et <strong>Ousmane<\/strong> <strong>Demb\u00e9l\u00e9<\/strong>.<\/p>\n<h2 style=\"text-align: justify;\" align=\"justify\">La composition probable des Bleus pour affronter l&rsquo;Allemagne<\/h2>\n<p style=\"text-align: justify;\">Samba &#8211; Kound\u00e9, Pavard, Upamecano, L. Hernandez &#8211; Za\u00efre Emery, Tchouameni, Rabiot &#8211; Dembele, Thuram, Mbapp\u00e9.<\/p>\n<p style=\"text-align: justify;\">\n","protected":false},"excerpt":{"rendered":"<p>FOOTBALL &#8211; Selon L&rsquo;\u00c9quipe, Didier Deschamps va rester dans son sch\u00e9ma habituel face \u00e0 l&rsquo;Allemagne malgr\u00e9 quelques absences.\u00a0<\/p>\n","protected":false},"author":1,"featured_media":474002,"comment_status":"open","ping_status":"closed","sticky":false,"template":"","format":"standard","meta":{"_acf_changed":false,"_daextam_enable_autolinks":"1","footnotes":""},"categories":[2301],"tags":[16878,7276,6966,75,30],"class_list":["post-474001","post","type-post","status-publish","format-standard","has-post-thumbnail","hentry","category-football","tag-breve","tag-composition-france","tag-equipe-de-france-de-football","tag-football","tag-france"],"acf":[],"yoast_head":"<!-- This site is optimized with the Yoast SEO Premium plugin v26.7 (Yoast SEO v26.7) - https:\/\/yoast.com\/wordpress\/plugins\/seo\/ -->\n<title>\u00c9quipe de France : La composition probable des Bleus pour la r\u00e9ception de l&#039;Allemagne<\/title>\n<meta name=\"description\" content=\"FOOTBALL - Selon L&#039;\u00c9quipe, Didier Deschamps va rester dans son sch\u00e9ma habituel face \u00e0 l&#039;Allemagne malgr\u00e9 quelques absences.\u00a0\" \/>\n<meta name=\"robots\" content=\"index, follow, max-snippet:-1, max-image-preview:large, max-video-preview:-1\" \/>\n<link rel=\"canonical\" href=\"https:\/\/dicodusport.fr\/blog\/equipe-de-france-la-composition-probable-des-bleus-pour-la-reception-de-lallemagne\/\" \/>\n<meta property=\"og:locale\" content=\"fr_FR\" \/>\n<meta property=\"og:type\" content=\"article\" \/>\n<meta property=\"og:title\" content=\"\u00c9quipe de France : La composition probable des Bleus pour la r\u00e9ception de l&#039;Allemagne\" \/>\n<meta property=\"og:description\" content=\"FOOTBALL - Selon L&#039;\u00c9quipe, Didier Deschamps va rester dans son sch\u00e9ma habituel face \u00e0 l&#039;Allemagne malgr\u00e9 quelques absences.\u00a0\" \/>\n<meta property=\"og:url\" content=\"https:\/\/dicodusport.fr\/blog\/equipe-de-france-la-composition-probable-des-bleus-pour-la-reception-de-lallemagne\/\" \/>\n<meta property=\"og:site_name\" content=\"Dicodusport\" \/>\n<meta property=\"article:publisher\" content=\"https:\/\/www.facebook.com\/dicodusport\" \/>\n<meta property=\"article:author\" content=\"https:\/\/www.facebook.com\/dicodusport\" \/>\n<meta property=\"article:published_time\" content=\"2024-03-22T18:51:49+00:00\" \/>\n<meta property=\"article:modified_time\" content=\"2024-03-23T06:10:43+00:00\" \/>\n<meta property=\"og:image\" content=\"https:\/\/dicodusport.fr\/blog\/wp-content\/uploads\/2024\/03\/Equipe-de-France-La-composition-probable-des-Bleus-pour-la-reception-de-lAllemagne.png\" \/>\n\t<meta property=\"og:image:width\" content=\"1200\" \/>\n\t<meta property=\"og:image:height\" content=\"674\" \/>\n\t<meta property=\"og:image:type\" content=\"image\/png\" \/>\n<meta name=\"author\" content=\"Nicolas Jacquemard\" \/>\n<meta name=\"twitter:card\" content=\"summary_large_image\" \/>\n<meta name=\"twitter:title\" content=\"\u00c9quipe de France : La composition probable des Bleus pour la r\u00e9ception de l&#039;Allemagne\" \/>\n<meta name=\"twitter:creator\" content=\"@https:\/\/twitter.com\/Nico_Jacquemard\" \/>\n<meta name=\"twitter:site\" content=\"@dicodusport\" \/>\n<script type=\"application\/ld+json\" class=\"yoast-schema-graph\">{\"@context\":\"https:\/\/schema.org\",\"@graph\":[{\"@type\":\"NewsArticle\",\"@id\":\"https:\/\/dicodusport.fr\/blog\/equipe-de-france-la-composition-probable-des-bleus-pour-la-reception-de-lallemagne\/#article\",\"isPartOf\":{\"@id\":\"https:\/\/dicodusport.fr\/blog\/equipe-de-france-la-composition-probable-des-bleus-pour-la-reception-de-lallemagne\/\"},\"author\":{\"name\":\"Nicolas Jacquemard\",\"@id\":\"https:\/\/dicodusport.fr\/blog\/#\/schema\/person\/55dcb50ad410894e431ed812bbb70191\"},\"headline\":\"\u00c9quipe de France : La composition probable des Bleus pour la r\u00e9ception de l&rsquo;Allemagne\",\"datePublished\":\"2024-03-22T18:51:49+00:00\",\"dateModified\":\"2024-03-23T06:10:43+00:00\",\"mainEntityOfPage\":{\"@id\":\"https:\/\/dicodusport.fr\/blog\/equipe-de-france-la-composition-probable-des-bleus-pour-la-reception-de-lallemagne\/\"},\"wordCount\":216,\"commentCount\":0,\"publisher\":{\"@id\":\"https:\/\/dicodusport.fr\/blog\/#organization\"},\"image\":{\"@id\":\"https:\/\/dicodusport.fr\/blog\/equipe-de-france-la-composition-probable-des-bleus-pour-la-reception-de-lallemagne\/#primaryimage\"},\"thumbnailUrl\":\"https:\/\/dicodusport.fr\/blog\/wp-content\/uploads\/2024\/03\/Equipe-de-France-La-composition-probable-des-Bleus-pour-la-reception-de-lAllemagne.png\",\"keywords\":[\"br\u00e8ve\",\"Composition France\",\"Equipe de France de football\",\"Football\",\"France\"],\"articleSection\":[\"Football\"],\"inLanguage\":\"fr-FR\",\"potentialAction\":[{\"@type\":\"CommentAction\",\"name\":\"Comment\",\"target\":[\"https:\/\/dicodusport.fr\/blog\/equipe-de-france-la-composition-probable-des-bleus-pour-la-reception-de-lallemagne\/#respond\"]}],\"copyrightYear\":\"2024\",\"copyrightHolder\":{\"@id\":\"https:\/\/dicodusport.fr\/blog\/#organization\"}},{\"@type\":\"WebPage\",\"@id\":\"https:\/\/dicodusport.fr\/blog\/equipe-de-france-la-composition-probable-des-bleus-pour-la-reception-de-lallemagne\/\",\"url\":\"https:\/\/dicodusport.fr\/blog\/equipe-de-france-la-composition-probable-des-bleus-pour-la-reception-de-lallemagne\/\",\"name\":\"\u00c9quipe de France : La composition probable des Bleus pour la r\u00e9ception de l'Allemagne\",\"isPartOf\":{\"@id\":\"https:\/\/dicodusport.fr\/blog\/#website\"},\"primaryImageOfPage\":{\"@id\":\"https:\/\/dicodusport.fr\/blog\/equipe-de-france-la-composition-probable-des-bleus-pour-la-reception-de-lallemagne\/#primaryimage\"},\"image\":{\"@id\":\"https:\/\/dicodusport.fr\/blog\/equipe-de-france-la-composition-probable-des-bleus-pour-la-reception-de-lallemagne\/#primaryimage\"},\"thumbnailUrl\":\"https:\/\/dicodusport.fr\/blog\/wp-content\/uploads\/2024\/03\/Equipe-de-France-La-composition-probable-des-Bleus-pour-la-reception-de-lAllemagne.png\",\"datePublished\":\"2024-03-22T18:51:49+00:00\",\"dateModified\":\"2024-03-23T06:10:43+00:00\",\"description\":\"FOOTBALL - Selon L'\u00c9quipe, Didier Deschamps va rester dans son sch\u00e9ma habituel face \u00e0 l'Allemagne malgr\u00e9 quelques absences.\u00a0\",\"breadcrumb\":{\"@id\":\"https:\/\/dicodusport.fr\/blog\/equipe-de-france-la-composition-probable-des-bleus-pour-la-reception-de-lallemagne\/#breadcrumb\"},\"inLanguage\":\"fr-FR\",\"potentialAction\":[{\"@type\":\"ReadAction\",\"target\":[\"https:\/\/dicodusport.fr\/blog\/equipe-de-france-la-composition-probable-des-bleus-pour-la-reception-de-lallemagne\/\"]}]},{\"@type\":\"ImageObject\",\"inLanguage\":\"fr-FR\",\"@id\":\"https:\/\/dicodusport.fr\/blog\/equipe-de-france-la-composition-probable-des-bleus-pour-la-reception-de-lallemagne\/#primaryimage\",\"url\":\"https:\/\/dicodusport.fr\/blog\/wp-content\/uploads\/2024\/03\/Equipe-de-France-La-composition-probable-des-Bleus-pour-la-reception-de-lAllemagne.png\",\"contentUrl\":\"https:\/\/dicodusport.fr\/blog\/wp-content\/uploads\/2024\/03\/Equipe-de-France-La-composition-probable-des-Bleus-pour-la-reception-de-lAllemagne.png\",\"width\":1200,\"height\":674},{\"@type\":\"BreadcrumbList\",\"@id\":\"https:\/\/dicodusport.fr\/blog\/equipe-de-france-la-composition-probable-des-bleus-pour-la-reception-de-lallemagne\/#breadcrumb\",\"itemListElement\":[{\"@type\":\"ListItem\",\"position\":1,\"name\":\"Accueil\",\"item\":\"https:\/\/dicodusport.fr\/blog\/\"},{\"@type\":\"ListItem\",\"position\":2,\"name\":\"\u00c9quipe de France : La composition probable des Bleus pour la r\u00e9ception de l&rsquo;Allemagne\"}]},{\"@type\":\"WebSite\",\"@id\":\"https:\/\/dicodusport.fr\/blog\/#website\",\"url\":\"https:\/\/dicodusport.fr\/blog\/\",\"name\":\"Dicodusport\",\"description\":\"L&#039;encyclop\u00e9die de l&#039;actualit\u00e9 sportive\",\"publisher\":{\"@id\":\"https:\/\/dicodusport.fr\/blog\/#organization\"},\"potentialAction\":[{\"@type\":\"SearchAction\",\"target\":{\"@type\":\"EntryPoint\",\"urlTemplate\":\"https:\/\/dicodusport.fr\/blog\/?s={search_term_string}\"},\"query-input\":{\"@type\":\"PropertyValueSpecification\",\"valueRequired\":true,\"valueName\":\"search_term_string\"}}],\"inLanguage\":\"fr-FR\"},{\"@type\":\"NewsMediaOrganization\",\"@id\":\"https:\/\/dicodusport.fr\/blog\/#organization\",\"name\":\"Dicodusport\",\"url\":\"https:\/\/dicodusport.fr\/blog\/\",\"logo\":{\"@type\":\"ImageObject\",\"inLanguage\":\"fr-FR\",\"@id\":\"https:\/\/dicodusport.fr\/blog\/#\/schema\/logo\/image\/\",\"url\":\"https:\/\/dicodusport.fr\/blog\/wp-content\/uploads\/2020\/06\/cropped-LOGO-DICODUSPORT-2020-SANS-FOND-SANS-TEXTE.png\",\"contentUrl\":\"https:\/\/dicodusport.fr\/blog\/wp-content\/uploads\/2020\/06\/cropped-LOGO-DICODUSPORT-2020-SANS-FOND-SANS-TEXTE.png\",\"width\":512,\"height\":512,\"caption\":\"Dicodusport\"},\"image\":{\"@id\":\"https:\/\/dicodusport.fr\/blog\/#\/schema\/logo\/image\/\"},\"sameAs\":[\"https:\/\/www.facebook.com\/dicodusport\",\"https:\/\/x.com\/dicodusport\",\"https:\/\/www.instagram.com\/dicodusport\/\",\"https:\/\/www.youtube.com\/channel\/UC7V2KZ5sd3htJivAbA4ZG3w\"],\"description\":\"Dicodusport est l'encyclop\u00e9die de l'actualit\u00e9 sportive.\",\"email\":\"bonjour@dicodusport.fr\",\"legalName\":\"DICODUSPORT\",\"foundingDate\":\"2018-01-14\",\"vatID\":\"FR71834470973\",\"taxID\":\"83447097300043\",\"numberOfEmployees\":{\"@type\":\"QuantitativeValue\",\"minValue\":\"1\",\"maxValue\":\"10\"}},{\"@type\":\"Person\",\"@id\":\"https:\/\/dicodusport.fr\/blog\/#\/schema\/person\/55dcb50ad410894e431ed812bbb70191\",\"name\":\"Nicolas Jacquemard\",\"image\":{\"@type\":\"ImageObject\",\"inLanguage\":\"fr-FR\",\"@id\":\"https:\/\/dicodusport.fr\/blog\/#\/schema\/person\/image\/\",\"url\":\"https:\/\/dicodusport.fr\/blog\/wp-content\/uploads\/2021\/05\/Nicolas-Jacquemard-150x150.jpeg\",\"contentUrl\":\"https:\/\/dicodusport.fr\/blog\/wp-content\/uploads\/2021\/05\/Nicolas-Jacquemard-150x150.jpeg\",\"caption\":\"Nicolas Jacquemard\"},\"description\":\"Passionn\u00e9 de sport et entrepreneur depuis mes 18 ans, la cr\u00e9ation de Dicodusport m'a sembl\u00e9 \u00e9vidente pour participer \u00e0 la m\u00e9diatisation d'un plus grand nombre de sports. Le chemin est long mais avec une \u00e9quipe des plus motiv\u00e9es et les Jeux Olympiques de Paris 2024 en point de mire, nous y arriverons ! Journaliste dans le monde du sport depuis plus de 5 ans, je traite aussi bien de football, de rugby, de biathlon que de cyclisme.\",\"sameAs\":[\"https:\/\/www.facebook.com\/dicodusport\",\"https:\/\/x.com\/https:\/\/twitter.com\/Nico_Jacquemard\"],\"url\":\"https:\/\/dicodusport.fr\/blog\/author\/dicodusport\/\"}]}<\/script>\n<!-- \/ Yoast SEO Premium plugin. -->","yoast_head_json":{"title":"\u00c9quipe de France : La composition probable des Bleus pour la r\u00e9ception de l'Allemagne","description":"FOOTBALL - Selon L'\u00c9quipe, Didier Deschamps va rester dans son sch\u00e9ma habituel face \u00e0 l'Allemagne malgr\u00e9 quelques absences.\u00a0","robots":{"index":"index","follow":"follow","max-snippet":"max-snippet:-1","max-image-preview":"max-image-preview:large","max-video-preview":"max-video-preview:-1"},"canonical":"https:\/\/dicodusport.fr\/blog\/equipe-de-france-la-composition-probable-des-bleus-pour-la-reception-de-lallemagne\/","og_locale":"fr_FR","og_type":"article","og_title":"\u00c9quipe de France : La composition probable des Bleus pour la r\u00e9ception de l'Allemagne","og_description":"FOOTBALL - Selon L'\u00c9quipe, Didier Deschamps va rester dans son sch\u00e9ma habituel face \u00e0 l'Allemagne malgr\u00e9 quelques absences.\u00a0","og_url":"https:\/\/dicodusport.fr\/blog\/equipe-de-france-la-composition-probable-des-bleus-pour-la-reception-de-lallemagne\/","og_site_name":"Dicodusport","article_publisher":"https:\/\/www.facebook.com\/dicodusport","article_author":"https:\/\/www.facebook.com\/dicodusport","article_published_time":"2024-03-22T18:51:49+00:00","article_modified_time":"2024-03-23T06:10:43+00:00","og_image":[{"width":1200,"height":674,"url":"https:\/\/dicodusport.fr\/blog\/wp-content\/uploads\/2024\/03\/Equipe-de-France-La-composition-probable-des-Bleus-pour-la-reception-de-lAllemagne.png","type":"image\/png"}],"author":"Nicolas Jacquemard","twitter_card":"summary_large_image","twitter_title":"\u00c9quipe de France : La composition probable des Bleus pour la r\u00e9ception de l'Allemagne","twitter_creator":"@https:\/\/twitter.com\/Nico_Jacquemard","twitter_site":"@dicodusport","schema":{"@context":"https:\/\/schema.org","@graph":[{"@type":"NewsArticle","@id":"https:\/\/dicodusport.fr\/blog\/equipe-de-france-la-composition-probable-des-bleus-pour-la-reception-de-lallemagne\/#article","isPartOf":{"@id":"https:\/\/dicodusport.fr\/blog\/equipe-de-france-la-composition-probable-des-bleus-pour-la-reception-de-lallemagne\/"},"author":{"name":"Nicolas Jacquemard","@id":"https:\/\/dicodusport.fr\/blog\/#\/schema\/person\/55dcb50ad410894e431ed812bbb70191"},"headline":"\u00c9quipe de France : La composition probable des Bleus pour la r\u00e9ception de l&rsquo;Allemagne","datePublished":"2024-03-22T18:51:49+00:00","dateModified":"2024-03-23T06:10:43+00:00","mainEntityOfPage":{"@id":"https:\/\/dicodusport.fr\/blog\/equipe-de-france-la-composition-probable-des-bleus-pour-la-reception-de-lallemagne\/"},"wordCount":216,"commentCount":0,"publisher":{"@id":"https:\/\/dicodusport.fr\/blog\/#organization"},"image":{"@id":"https:\/\/dicodusport.fr\/blog\/equipe-de-france-la-composition-probable-des-bleus-pour-la-reception-de-lallemagne\/#primaryimage"},"thumbnailUrl":"https:\/\/dicodusport.fr\/blog\/wp-content\/uploads\/2024\/03\/Equipe-de-France-La-composition-probable-des-Bleus-pour-la-reception-de-lAllemagne.png","keywords":["br\u00e8ve","Composition France","Equipe de France de football","Football","France"],"articleSection":["Football"],"inLanguage":"fr-FR","potentialAction":[{"@type":"CommentAction","name":"Comment","target":["https:\/\/dicodusport.fr\/blog\/equipe-de-france-la-composition-probable-des-bleus-pour-la-reception-de-lallemagne\/#respond"]}],"copyrightYear":"2024","copyrightHolder":{"@id":"https:\/\/dicodusport.fr\/blog\/#organization"}},{"@type":"WebPage","@id":"https:\/\/dicodusport.fr\/blog\/equipe-de-france-la-composition-probable-des-bleus-pour-la-reception-de-lallemagne\/","url":"https:\/\/dicodusport.fr\/blog\/equipe-de-france-la-composition-probable-des-bleus-pour-la-reception-de-lallemagne\/","name":"\u00c9quipe de France : La composition probable des Bleus pour la r\u00e9ception de l'Allemagne","isPartOf":{"@id":"https:\/\/dicodusport.fr\/blog\/#website"},"primaryImageOfPage":{"@id":"https:\/\/dicodusport.fr\/blog\/equipe-de-france-la-composition-probable-des-bleus-pour-la-reception-de-lallemagne\/#primaryimage"},"image":{"@id":"https:\/\/dicodusport.fr\/blog\/equipe-de-france-la-composition-probable-des-bleus-pour-la-reception-de-lallemagne\/#primaryimage"},"thumbnailUrl":"https:\/\/dicodusport.fr\/blog\/wp-content\/uploads\/2024\/03\/Equipe-de-France-La-composition-probable-des-Bleus-pour-la-reception-de-lAllemagne.png","datePublished":"2024-03-22T18:51:49+00:00","dateModified":"2024-03-23T06:10:43+00:00","description":"FOOTBALL - Selon L'\u00c9quipe, Didier Deschamps va rester dans son sch\u00e9ma habituel face \u00e0 l'Allemagne malgr\u00e9 quelques absences.\u00a0","breadcrumb":{"@id":"https:\/\/dicodusport.fr\/blog\/equipe-de-france-la-composition-probable-des-bleus-pour-la-reception-de-lallemagne\/#breadcrumb"},"inLanguage":"fr-FR","potentialAction":[{"@type":"ReadAction","target":["https:\/\/dicodusport.fr\/blog\/equipe-de-france-la-composition-probable-des-bleus-pour-la-reception-de-lallemagne\/"]}]},{"@type":"ImageObject","inLanguage":"fr-FR","@id":"https:\/\/dicodusport.fr\/blog\/equipe-de-france-la-composition-probable-des-bleus-pour-la-reception-de-lallemagne\/#primaryimage","url":"https:\/\/dicodusport.fr\/blog\/wp-content\/uploads\/2024\/03\/Equipe-de-France-La-composition-probable-des-Bleus-pour-la-reception-de-lAllemagne.png","contentUrl":"https:\/\/dicodusport.fr\/blog\/wp-content\/uploads\/2024\/03\/Equipe-de-France-La-composition-probable-des-Bleus-pour-la-reception-de-lAllemagne.png","width":1200,"height":674},{"@type":"BreadcrumbList","@id":"https:\/\/dicodusport.fr\/blog\/equipe-de-france-la-composition-probable-des-bleus-pour-la-reception-de-lallemagne\/#breadcrumb","itemListElement":[{"@type":"ListItem","position":1,"name":"Accueil","item":"https:\/\/dicodusport.fr\/blog\/"},{"@type":"ListItem","position":2,"name":"\u00c9quipe de France : La composition probable des Bleus pour la r\u00e9ception de l&rsquo;Allemagne"}]},{"@type":"WebSite","@id":"https:\/\/dicodusport.fr\/blog\/#website","url":"https:\/\/dicodusport.fr\/blog\/","name":"Dicodusport","description":"L&#039;encyclop\u00e9die de l&#039;actualit\u00e9 sportive","publisher":{"@id":"https:\/\/dicodusport.fr\/blog\/#organization"},"potentialAction":[{"@type":"SearchAction","target":{"@type":"EntryPoint","urlTemplate":"https:\/\/dicodusport.fr\/blog\/?s={search_term_string}"},"query-input":{"@type":"PropertyValueSpecification","valueRequired":true,"valueName":"search_term_string"}}],"inLanguage":"fr-FR"},{"@type":"NewsMediaOrganization","@id":"https:\/\/dicodusport.fr\/blog\/#organization","name":"Dicodusport","url":"https:\/\/dicodusport.fr\/blog\/","logo":{"@type":"ImageObject","inLanguage":"fr-FR","@id":"https:\/\/dicodusport.fr\/blog\/#\/schema\/logo\/image\/","url":"https:\/\/dicodusport.fr\/blog\/wp-content\/uploads\/2020\/06\/cropped-LOGO-DICODUSPORT-2020-SANS-FOND-SANS-TEXTE.png","contentUrl":"https:\/\/dicodusport.fr\/blog\/wp-content\/uploads\/2020\/06\/cropped-LOGO-DICODUSPORT-2020-SANS-FOND-SANS-TEXTE.png","width":512,"height":512,"caption":"Dicodusport"},"image":{"@id":"https:\/\/dicodusport.fr\/blog\/#\/schema\/logo\/image\/"},"sameAs":["https:\/\/www.facebook.com\/dicodusport","https:\/\/x.com\/dicodusport","https:\/\/www.instagram.com\/dicodusport\/","https:\/\/www.youtube.com\/channel\/UC7V2KZ5sd3htJivAbA4ZG3w"],"description":"Dicodusport est l'encyclop\u00e9die de l'actualit\u00e9 sportive.","email":"bonjour@dicodusport.fr","legalName":"DICODUSPORT","foundingDate":"2018-01-14","vatID":"FR71834470973","taxID":"83447097300043","numberOfEmployees":{"@type":"QuantitativeValue","minValue":"1","maxValue":"10"}},{"@type":"Person","@id":"https:\/\/dicodusport.fr\/blog\/#\/schema\/person\/55dcb50ad410894e431ed812bbb70191","name":"Nicolas Jacquemard","image":{"@type":"ImageObject","inLanguage":"fr-FR","@id":"https:\/\/dicodusport.fr\/blog\/#\/schema\/person\/image\/","url":"https:\/\/dicodusport.fr\/blog\/wp-content\/uploads\/2021\/05\/Nicolas-Jacquemard-150x150.jpeg","contentUrl":"https:\/\/dicodusport.fr\/blog\/wp-content\/uploads\/2021\/05\/Nicolas-Jacquemard-150x150.jpeg","caption":"Nicolas Jacquemard"},"description":"Passionn\u00e9 de sport et entrepreneur depuis mes 18 ans, la cr\u00e9ation de Dicodusport m'a sembl\u00e9 \u00e9vidente pour participer \u00e0 la m\u00e9diatisation d'un plus grand nombre de sports. Le chemin est long mais avec une \u00e9quipe des plus motiv\u00e9es et les Jeux Olympiques de Paris 2024 en point de mire, nous y arriverons ! Journaliste dans le monde du sport depuis plus de 5 ans, je traite aussi bien de football, de rugby, de biathlon que de cyclisme.","sameAs":["https:\/\/www.facebook.com\/dicodusport","https:\/\/x.com\/https:\/\/twitter.com\/Nico_Jacquemard"],"url":"https:\/\/dicodusport.fr\/blog\/author\/dicodusport\/"}]}},"_links":{"self":[{"href":"https:\/\/dicodusport.fr\/blog\/wp-json\/wp\/v2\/posts\/474001","targetHints":{"allow":["GET"]}}],"collection":[{"href":"https:\/\/dicodusport.fr\/blog\/wp-json\/wp\/v2\/posts"}],"about":[{"href":"https:\/\/dicodusport.fr\/blog\/wp-json\/wp\/v2\/types\/post"}],"author":[{"embeddable":true,"href":"https:\/\/dicodusport.fr\/blog\/wp-json\/wp\/v2\/users\/1"}],"replies":[{"embeddable":true,"href":"https:\/\/dicodusport.fr\/blog\/wp-json\/wp\/v2\/comments?post=474001"}],"version-history":[{"count":3,"href":"https:\/\/dicodusport.fr\/blog\/wp-json\/wp\/v2\/posts\/474001\/revisions"}],"predecessor-version":[{"id":474085,"href":"https:\/\/dicodusport.fr\/blog\/wp-json\/wp\/v2\/posts\/474001\/revisions\/474085"}],"wp:featuredmedia":[{"embeddable":true,"href":"https:\/\/dicodusport.fr\/blog\/wp-json\/wp\/v2\/media\/474002"}],"wp:attachment":[{"href":"https:\/\/dicodusport.fr\/blog\/wp-json\/wp\/v2\/media?parent=474001"}],"wp:term":[{"taxonomy":"category","embeddable":true,"href":"https:\/\/dicodusport.fr\/blog\/wp-json\/wp\/v2\/categories?post=474001"},{"taxonomy":"post_tag","embeddable":true,"href":"https:\/\/dicodusport.fr\/blog\/wp-json\/wp\/v2\/tags?post=474001"}],"curies":[{"name":"wp","href":"https:\/\/api.w.org\/{rel}","templated":true}]}}