{"id":47404,"date":"2019-09-06T17:40:22","date_gmt":"2019-09-06T15:40:22","guid":{"rendered":"http:\/\/dicodusport.fr\/blog\/?p=47404&#038;preview=true&#038;preview_id=47404"},"modified":"2019-09-06T18:05:45","modified_gmt":"2019-09-06T16:05:45","slug":"vuelta-2019-tadej-pogacar-remporte-la-13eme-etape-primoz-roglic-assomme-le-general","status":"publish","type":"post","link":"https:\/\/dicodusport.fr\/blog\/vuelta-2019-tadej-pogacar-remporte-la-13eme-etape-primoz-roglic-assomme-le-general\/","title":{"rendered":"Vuelta 2019 : Tadej Pogacar remporte la 13\u00e8me \u00e9tape, Primoz Roglic assomme le g\u00e9n\u00e9ral"},"content":{"rendered":"<p style=\"text-align: justify;\"><strong><em><a href=\"https:\/\/dicodusport.fr\/blog\/tour-d-espagne-le-profil-des-etapes-de-la-vuelta-2019\/\" target=\"_blank\" rel=\"noopener\">Vuelta 2019<\/a> &#8211; La Slov\u00e9nie r\u00e8gne sur le Tour d&rsquo;Espagne ! Si Tadej Pogacar a remport\u00e9 sa deuxi\u00e8me victoire d&rsquo;\u00e9tape ce vendredi, son compatriote Primoz Roglic a de nouveau creus\u00e9 l&rsquo;\u00e9cart au g\u00e9n\u00e9ral, sur les pentes du terrifiant Alto de los Machucos.<br \/>\n<\/em><\/strong><\/p>\n<p style=\"text-align: justify;\">L&rsquo;<strong>Alto de los Machucos<\/strong> aura \u00e9t\u00e9 terrible, comme cela \u00e9tait attendu. Ce vendredi, cette mont\u00e9e aux pourcentages affolants (des passages \u00e0 27%) s&rsquo;est r\u00e9sum\u00e9e, au final, \u00e0 un duel 100% slov\u00e8ne. Le plus jeune des deux, <strong>Tadej Pogacar (UAE Team)<\/strong>, 20 ans, l&rsquo;a emport\u00e9, glanant sa deuxi\u00e8me victoire sur cette <strong>Vuelta<\/strong> <a href=\"https:\/\/dicodusport.fr\/blog\/vuelta-2019-tadej-pogacar-20-ans-remporte-la-9eme-etape\/\" target=\"_blank\" rel=\"noopener\">apr\u00e8s avoir lev\u00e9 les bras lors de la 9\u00e8me \u00e9tape<\/a>.<\/p>\n<blockquote class=\"twitter-tweet\" data-lang=\"fr\">\n<p dir=\"ltr\" lang=\"fr\">Le classement de cette \u00e9tape terrible. Doubl\u00e9 Slov\u00e8ne donc, avec un Pierre Latour combatif qui compl\u00e8te le podium et Lopez qui perd 1&rsquo;07\u00a0\u00bb sur le maillot rouge. A noter aussi la belle mont\u00e9e de Brambilla, seul autre rescap\u00e9 de l&rsquo;\u00e9chapp\u00e9e dans le top 10. <a href=\"https:\/\/twitter.com\/hashtag\/LaVuelta19?src=hash&amp;ref_src=twsrc%5Etfw\">#LaVuelta19<\/a> <a href=\"https:\/\/t.co\/0x3g6GNMTo\">pic.twitter.com\/0x3g6GNMTo<\/a><\/p>\n<p>\u2014 Le Gruppetto (@LeGruppetto) <a href=\"https:\/\/twitter.com\/LeGruppetto\/status\/1169998930681257987?ref_src=twsrc%5Etfw\">6 septembre 2019<\/a><\/p><\/blockquote>\n<p><script async src=\"https:\/\/platform.twitter.com\/widgets.js\" charset=\"utf-8\"><\/script><\/p>\n<p style=\"text-align: justify;\">Dans sa roue, <strong>Primoz Roglic (Jumbo-Visma)<\/strong>, maillot rouge intouchable, a donc pris la deuxi\u00e8me place, d\u00e9moralisant ses concurrents au g\u00e9n\u00e9ral. Dans la roue d&rsquo;un <strong>Pierre Latour (AG2R La Mondiale)<\/strong> h\u00e9ro\u00efque, rattrap\u00e9 puis d\u00e9pos\u00e9 par le duo slov\u00e8ne \u00e0 1,5 km de l&rsquo;arriv\u00e9e, <strong>Alejandro Valverde<\/strong> et <strong>Nairo Quintana (Movistar)<\/strong> ont l\u00e2ch\u00e9 27 secondes. Mais le grand perdant du jour se nomme <strong>Miguel Angel Lopez (Astana)<\/strong> : le Colombien, qui a fait rouler ses hommes avant le (long) mur final, a c\u00e9d\u00e9 1&rsquo;01 \u00e0 Roglic. Cons\u00e9quence, <strong>Tadej Pogacar<\/strong> est le nouveau maillot blanc de meilleur jeune de ce Tour d&rsquo;Espagne.<\/p>\n<h2 style=\"text-align: justify;\">Le classement g\u00e9n\u00e9ral<\/h2>\n<blockquote class=\"twitter-tweet\" data-lang=\"fr\">\n<p dir=\"ltr\" lang=\"fr\">Le top 10 du classement g\u00e9n\u00e9ral provisoire. Pogacar remonte de deux places au d\u00e9triment des Colombiens, et Edet et Majka remontent aussi d&rsquo;une place chacun ! <a href=\"https:\/\/twitter.com\/hashtag\/LaVuelta19?src=hash&amp;ref_src=twsrc%5Etfw\">#LaVuelta19<\/a> <a href=\"https:\/\/t.co\/lbcXArr2bq\">pic.twitter.com\/lbcXArr2bq<\/a><\/p>\n<p>\u2014 Le Gruppetto (@LeGruppetto) <a href=\"https:\/\/twitter.com\/LeGruppetto\/status\/1170000181523374081?ref_src=twsrc%5Etfw\">6 septembre 2019<\/a><\/p><\/blockquote>\n<p><script async src=\"https:\/\/platform.twitter.com\/widgets.js\" charset=\"utf-8\"><\/script><\/p>\n<p><strong><em>Dicodusport<br \/>\n<a href=\"https:\/\/www.facebook.com\/dicodusport\/\" target=\"_blank\" rel=\"noopener\"><img loading=\"lazy\" decoding=\"async\" class=\"alignnone wp-image-2909\" src=\"http:\/\/dicodusport.fr\/blog\/wp-content\/uploads\/2017\/07\/logo-facebook-150x150.png\" alt=\"\" width=\"40\" height=\"40\" \/><\/a><a href=\"https:\/\/twitter.com\/dicodusport\" target=\"_blank\" rel=\"noopener\"><img loading=\"lazy\" decoding=\"async\" class=\"alignnone wp-image-2908\" src=\"http:\/\/dicodusport.fr\/blog\/wp-content\/uploads\/2017\/07\/logo-twitter-150x150.png\" alt=\"\" width=\"39\" height=\"39\" \/><\/a><\/em><\/strong><\/p>\n","protected":false},"excerpt":{"rendered":"<p>Vuelta 2019 &#8211; La Slov\u00e9nie r\u00e8gne sur le Tour d&rsquo;Espagne ! Si Tadej Pogacar a remport\u00e9 sa deuxi\u00e8me victoire d&rsquo;\u00e9tape ce vendredi, son compatriote Primoz Roglic a de nouveau creus\u00e9 l&rsquo;\u00e9cart au g\u00e9n\u00e9ral, sur les pentes du terrifiant Alto de los Machucos.<\/p>\n","protected":false},"author":4,"featured_media":46973,"comment_status":"open","ping_status":"closed","sticky":false,"template":"","format":"standard","meta":{"_acf_changed":false,"_daextam_enable_autolinks":"","footnotes":""},"categories":[2307],"tags":[574,1670],"class_list":["post-47404","post","type-post","status-publish","format-standard","has-post-thumbnail","hentry","category-cyclisme","tag-cyclisme","tag-vuelta"],"acf":[],"yoast_head":"<!-- This site is optimized with the Yoast SEO Premium plugin v26.7 (Yoast SEO v26.7) - https:\/\/yoast.com\/wordpress\/plugins\/seo\/ -->\n<title>Vuelta 2019 : Tadej Pogacar remporte la 13\u00e8me \u00e9tape, Primoz Roglic assomme le g\u00e9n\u00e9ral<\/title>\n<meta name=\"description\" content=\"Vuelta 2019 - Si Tadej Pogacar a remport\u00e9 sa deuxi\u00e8me victoire d&#039;\u00e9tape ce vendredi, son compatriote Primoz Roglic a de nouveau creus\u00e9 l&#039;\u00e9cart au g\u00e9n\u00e9ral.\" \/>\n<meta name=\"robots\" content=\"index, follow, max-snippet:-1, max-image-preview:large, max-video-preview:-1\" \/>\n<link rel=\"canonical\" href=\"https:\/\/dicodusport.fr\/blog\/vuelta-2019-tadej-pogacar-remporte-la-13eme-etape-primoz-roglic-assomme-le-general\/\" \/>\n<meta property=\"og:locale\" content=\"fr_FR\" \/>\n<meta property=\"og:type\" content=\"article\" \/>\n<meta property=\"og:title\" content=\"Vuelta 2019 : Pogacar remporte la 13\u00e8me \u00e9tape, Roglic assomme le g\u00e9n\u00e9ral\" \/>\n<meta property=\"og:description\" content=\"Vuelta 2019 - Si Tadej Pogacar a remport\u00e9 sa deuxi\u00e8me victoire d&#039;\u00e9tape ce vendredi, son compatriote Primoz Roglic a de nouveau creus\u00e9 l&#039;\u00e9cart au g\u00e9n\u00e9ral.\" \/>\n<meta property=\"og:url\" content=\"https:\/\/dicodusport.fr\/blog\/vuelta-2019-tadej-pogacar-remporte-la-13eme-etape-primoz-roglic-assomme-le-general\/\" \/>\n<meta property=\"og:site_name\" content=\"Dicodusport\" \/>\n<meta property=\"article:publisher\" content=\"https:\/\/www.facebook.com\/dicodusport\" \/>\n<meta property=\"article:author\" content=\"https:\/\/www.facebook.com\/florent.ostermann\" \/>\n<meta property=\"article:published_time\" content=\"2019-09-06T15:40:22+00:00\" \/>\n<meta property=\"article:modified_time\" content=\"2019-09-06T16:05:45+00:00\" \/>\n<meta property=\"og:image\" content=\"https:\/\/dicodusport.fr\/blog\/wp-content\/uploads\/2019\/09\/Philippe-Gilbert-Vuelta-2019.png\" \/>\n\t<meta property=\"og:image:width\" content=\"800\" \/>\n\t<meta property=\"og:image:height\" content=\"445\" \/>\n\t<meta property=\"og:image:type\" content=\"image\/png\" \/>\n<meta name=\"author\" content=\"Flo Ostermann\" \/>\n<meta name=\"twitter:card\" content=\"summary_large_image\" \/>\n<meta name=\"twitter:title\" content=\"Vuelta 2019 : Pogacar remporte la 13\u00e8me \u00e9tape, Roglic assomme le g\u00e9n\u00e9ral\" \/>\n<meta name=\"twitter:image\" content=\"https:\/\/dicodusport.fr\/blog\/wp-content\/uploads\/2019\/09\/Tadej-Pogacar.png\" \/>\n<meta name=\"twitter:creator\" content=\"@https:\/\/twitter.com\/FlOstermann\" \/>\n<meta name=\"twitter:site\" content=\"@dicodusport\" \/>\n<script type=\"application\/ld+json\" class=\"yoast-schema-graph\">{\"@context\":\"https:\/\/schema.org\",\"@graph\":[{\"@type\":\"NewsArticle\",\"@id\":\"https:\/\/dicodusport.fr\/blog\/vuelta-2019-tadej-pogacar-remporte-la-13eme-etape-primoz-roglic-assomme-le-general\/#article\",\"isPartOf\":{\"@id\":\"https:\/\/dicodusport.fr\/blog\/vuelta-2019-tadej-pogacar-remporte-la-13eme-etape-primoz-roglic-assomme-le-general\/\"},\"author\":{\"name\":\"Flo Ostermann\",\"@id\":\"https:\/\/dicodusport.fr\/blog\/#\/schema\/person\/cb02af4c173ce4a653b55e9baf388d4a\"},\"headline\":\"Vuelta 2019 : Tadej Pogacar remporte la 13\u00e8me \u00e9tape, Primoz Roglic assomme le g\u00e9n\u00e9ral\",\"datePublished\":\"2019-09-06T15:40:22+00:00\",\"dateModified\":\"2019-09-06T16:05:45+00:00\",\"mainEntityOfPage\":{\"@id\":\"https:\/\/dicodusport.fr\/blog\/vuelta-2019-tadej-pogacar-remporte-la-13eme-etape-primoz-roglic-assomme-le-general\/\"},\"wordCount\":337,\"commentCount\":0,\"publisher\":{\"@id\":\"https:\/\/dicodusport.fr\/blog\/#organization\"},\"image\":{\"@id\":\"https:\/\/dicodusport.fr\/blog\/vuelta-2019-tadej-pogacar-remporte-la-13eme-etape-primoz-roglic-assomme-le-general\/#primaryimage\"},\"thumbnailUrl\":\"https:\/\/dicodusport.fr\/blog\/wp-content\/uploads\/2019\/09\/Tadej-Pogacar.png\",\"keywords\":[\"Cyclisme\",\"Vuelta\"],\"articleSection\":[\"Cyclisme\"],\"inLanguage\":\"fr-FR\",\"potentialAction\":[{\"@type\":\"CommentAction\",\"name\":\"Comment\",\"target\":[\"https:\/\/dicodusport.fr\/blog\/vuelta-2019-tadej-pogacar-remporte-la-13eme-etape-primoz-roglic-assomme-le-general\/#respond\"]}],\"copyrightYear\":\"2019\",\"copyrightHolder\":{\"@id\":\"https:\/\/dicodusport.fr\/blog\/#organization\"}},{\"@type\":\"WebPage\",\"@id\":\"https:\/\/dicodusport.fr\/blog\/vuelta-2019-tadej-pogacar-remporte-la-13eme-etape-primoz-roglic-assomme-le-general\/\",\"url\":\"https:\/\/dicodusport.fr\/blog\/vuelta-2019-tadej-pogacar-remporte-la-13eme-etape-primoz-roglic-assomme-le-general\/\",\"name\":\"Vuelta 2019 : Tadej Pogacar remporte la 13\u00e8me \u00e9tape, Primoz Roglic assomme le g\u00e9n\u00e9ral\",\"isPartOf\":{\"@id\":\"https:\/\/dicodusport.fr\/blog\/#website\"},\"primaryImageOfPage\":{\"@id\":\"https:\/\/dicodusport.fr\/blog\/vuelta-2019-tadej-pogacar-remporte-la-13eme-etape-primoz-roglic-assomme-le-general\/#primaryimage\"},\"image\":{\"@id\":\"https:\/\/dicodusport.fr\/blog\/vuelta-2019-tadej-pogacar-remporte-la-13eme-etape-primoz-roglic-assomme-le-general\/#primaryimage\"},\"thumbnailUrl\":\"https:\/\/dicodusport.fr\/blog\/wp-content\/uploads\/2019\/09\/Tadej-Pogacar.png\",\"datePublished\":\"2019-09-06T15:40:22+00:00\",\"dateModified\":\"2019-09-06T16:05:45+00:00\",\"description\":\"Vuelta 2019 - Si Tadej Pogacar a remport\u00e9 sa deuxi\u00e8me victoire d'\u00e9tape ce vendredi, son compatriote Primoz Roglic a de nouveau creus\u00e9 l'\u00e9cart au g\u00e9n\u00e9ral.\",\"breadcrumb\":{\"@id\":\"https:\/\/dicodusport.fr\/blog\/vuelta-2019-tadej-pogacar-remporte-la-13eme-etape-primoz-roglic-assomme-le-general\/#breadcrumb\"},\"inLanguage\":\"fr-FR\",\"potentialAction\":[{\"@type\":\"ReadAction\",\"target\":[\"https:\/\/dicodusport.fr\/blog\/vuelta-2019-tadej-pogacar-remporte-la-13eme-etape-primoz-roglic-assomme-le-general\/\"]}]},{\"@type\":\"ImageObject\",\"inLanguage\":\"fr-FR\",\"@id\":\"https:\/\/dicodusport.fr\/blog\/vuelta-2019-tadej-pogacar-remporte-la-13eme-etape-primoz-roglic-assomme-le-general\/#primaryimage\",\"url\":\"https:\/\/dicodusport.fr\/blog\/wp-content\/uploads\/2019\/09\/Tadej-Pogacar.png\",\"contentUrl\":\"https:\/\/dicodusport.fr\/blog\/wp-content\/uploads\/2019\/09\/Tadej-Pogacar.png\",\"width\":800,\"height\":445},{\"@type\":\"BreadcrumbList\",\"@id\":\"https:\/\/dicodusport.fr\/blog\/vuelta-2019-tadej-pogacar-remporte-la-13eme-etape-primoz-roglic-assomme-le-general\/#breadcrumb\",\"itemListElement\":[{\"@type\":\"ListItem\",\"position\":1,\"name\":\"Accueil\",\"item\":\"https:\/\/dicodusport.fr\/blog\/\"},{\"@type\":\"ListItem\",\"position\":2,\"name\":\"Vuelta 2019 : Tadej Pogacar remporte la 13\u00e8me \u00e9tape, Primoz Roglic assomme le g\u00e9n\u00e9ral\"}]},{\"@type\":\"WebSite\",\"@id\":\"https:\/\/dicodusport.fr\/blog\/#website\",\"url\":\"https:\/\/dicodusport.fr\/blog\/\",\"name\":\"Dicodusport\",\"description\":\"L&#039;encyclop\u00e9die de l&#039;actualit\u00e9 sportive\",\"publisher\":{\"@id\":\"https:\/\/dicodusport.fr\/blog\/#organization\"},\"potentialAction\":[{\"@type\":\"SearchAction\",\"target\":{\"@type\":\"EntryPoint\",\"urlTemplate\":\"https:\/\/dicodusport.fr\/blog\/?s={search_term_string}\"},\"query-input\":{\"@type\":\"PropertyValueSpecification\",\"valueRequired\":true,\"valueName\":\"search_term_string\"}}],\"inLanguage\":\"fr-FR\"},{\"@type\":\"NewsMediaOrganization\",\"@id\":\"https:\/\/dicodusport.fr\/blog\/#organization\",\"name\":\"Dicodusport\",\"url\":\"https:\/\/dicodusport.fr\/blog\/\",\"logo\":{\"@type\":\"ImageObject\",\"inLanguage\":\"fr-FR\",\"@id\":\"https:\/\/dicodusport.fr\/blog\/#\/schema\/logo\/image\/\",\"url\":\"https:\/\/dicodusport.fr\/blog\/wp-content\/uploads\/2020\/06\/cropped-LOGO-DICODUSPORT-2020-SANS-FOND-SANS-TEXTE.png\",\"contentUrl\":\"https:\/\/dicodusport.fr\/blog\/wp-content\/uploads\/2020\/06\/cropped-LOGO-DICODUSPORT-2020-SANS-FOND-SANS-TEXTE.png\",\"width\":512,\"height\":512,\"caption\":\"Dicodusport\"},\"image\":{\"@id\":\"https:\/\/dicodusport.fr\/blog\/#\/schema\/logo\/image\/\"},\"sameAs\":[\"https:\/\/www.facebook.com\/dicodusport\",\"https:\/\/x.com\/dicodusport\",\"https:\/\/www.instagram.com\/dicodusport\/\",\"https:\/\/www.youtube.com\/channel\/UC7V2KZ5sd3htJivAbA4ZG3w\"],\"description\":\"Dicodusport est l'encyclop\u00e9die de l'actualit\u00e9 sportive.\",\"email\":\"bonjour@dicodusport.fr\",\"legalName\":\"DICODUSPORT\",\"foundingDate\":\"2018-01-14\",\"vatID\":\"FR71834470973\",\"taxID\":\"83447097300043\",\"numberOfEmployees\":{\"@type\":\"QuantitativeValue\",\"minValue\":\"1\",\"maxValue\":\"10\"}},{\"@type\":\"Person\",\"@id\":\"https:\/\/dicodusport.fr\/blog\/#\/schema\/person\/cb02af4c173ce4a653b55e9baf388d4a\",\"name\":\"Flo Ostermann\",\"image\":{\"@type\":\"ImageObject\",\"inLanguage\":\"fr-FR\",\"@id\":\"https:\/\/dicodusport.fr\/blog\/#\/schema\/person\/image\/\",\"url\":\"https:\/\/dicodusport.fr\/blog\/wp-content\/uploads\/2021\/05\/Flo-Ostermann-150x150.jpg\",\"contentUrl\":\"https:\/\/dicodusport.fr\/blog\/wp-content\/uploads\/2021\/05\/Flo-Ostermann-150x150.jpg\",\"caption\":\"Flo Ostermann\"},\"description\":\"Journaliste\/R\u00e9dacteur depuis septembre 2015 - Mes premiers souvenirs dans le sport ? Les envol\u00e9es du Stade Toulousain et les duels Villeneuve-Schumacher et H\u00e4kkinen-Schumacher \u00e0 la fin des ann\u00e9es 90, la Coupe du monde de football en 1998, l\u2019exploit du XV de France face aux All Blacks en 1999, mais aussi Richard C\u0153ur de Lion qui vole sur les montagnes du Tour de France. Bien parti pour devenir professeur d\u2019EPS, les \u00e9v\u00e9nements de la vie (et la flemme d\u2019animer des s\u00e9ances de 3x500 m\u00e8tres toute ma vie) m\u2019ont conduit \u00e0 revoir mes plans. Me voil\u00e0 depuis fin 2017 sur Dicodusport, m\u00e9dia gr\u00e2ce (et pour) lequel je partage ma passion : le sport dans tous ses \u00e9tats. Le tout accompagn\u00e9 par les fous furieux et folles furieuses cit\u00e9s sur cette page !\",\"sameAs\":[\"https:\/\/www.facebook.com\/florent.ostermann\",\"https:\/\/x.com\/https:\/\/twitter.com\/FlOstermann\",\"admin\"],\"url\":\"https:\/\/dicodusport.fr\/blog\/author\/flo\/\"}]}<\/script>\n<!-- \/ Yoast SEO Premium plugin. -->","yoast_head_json":{"title":"Vuelta 2019 : Tadej Pogacar remporte la 13\u00e8me \u00e9tape, Primoz Roglic assomme le g\u00e9n\u00e9ral","description":"Vuelta 2019 - Si Tadej Pogacar a remport\u00e9 sa deuxi\u00e8me victoire d'\u00e9tape ce vendredi, son compatriote Primoz Roglic a de nouveau creus\u00e9 l'\u00e9cart au g\u00e9n\u00e9ral.","robots":{"index":"index","follow":"follow","max-snippet":"max-snippet:-1","max-image-preview":"max-image-preview:large","max-video-preview":"max-video-preview:-1"},"canonical":"https:\/\/dicodusport.fr\/blog\/vuelta-2019-tadej-pogacar-remporte-la-13eme-etape-primoz-roglic-assomme-le-general\/","og_locale":"fr_FR","og_type":"article","og_title":"Vuelta 2019 : Pogacar remporte la 13\u00e8me \u00e9tape, Roglic assomme le g\u00e9n\u00e9ral","og_description":"Vuelta 2019 - Si Tadej Pogacar a remport\u00e9 sa deuxi\u00e8me victoire d'\u00e9tape ce vendredi, son compatriote Primoz Roglic a de nouveau creus\u00e9 l'\u00e9cart au g\u00e9n\u00e9ral.","og_url":"https:\/\/dicodusport.fr\/blog\/vuelta-2019-tadej-pogacar-remporte-la-13eme-etape-primoz-roglic-assomme-le-general\/","og_site_name":"Dicodusport","article_publisher":"https:\/\/www.facebook.com\/dicodusport","article_author":"https:\/\/www.facebook.com\/florent.ostermann","article_published_time":"2019-09-06T15:40:22+00:00","article_modified_time":"2019-09-06T16:05:45+00:00","og_image":[{"width":800,"height":445,"url":"https:\/\/dicodusport.fr\/blog\/wp-content\/uploads\/2019\/09\/Philippe-Gilbert-Vuelta-2019.png","type":"image\/png"}],"author":"Flo Ostermann","twitter_card":"summary_large_image","twitter_title":"Vuelta 2019 : Pogacar remporte la 13\u00e8me \u00e9tape, Roglic assomme le g\u00e9n\u00e9ral","twitter_image":"https:\/\/dicodusport.fr\/blog\/wp-content\/uploads\/2019\/09\/Tadej-Pogacar.png","twitter_creator":"@https:\/\/twitter.com\/FlOstermann","twitter_site":"@dicodusport","schema":{"@context":"https:\/\/schema.org","@graph":[{"@type":"NewsArticle","@id":"https:\/\/dicodusport.fr\/blog\/vuelta-2019-tadej-pogacar-remporte-la-13eme-etape-primoz-roglic-assomme-le-general\/#article","isPartOf":{"@id":"https:\/\/dicodusport.fr\/blog\/vuelta-2019-tadej-pogacar-remporte-la-13eme-etape-primoz-roglic-assomme-le-general\/"},"author":{"name":"Flo Ostermann","@id":"https:\/\/dicodusport.fr\/blog\/#\/schema\/person\/cb02af4c173ce4a653b55e9baf388d4a"},"headline":"Vuelta 2019 : Tadej Pogacar remporte la 13\u00e8me \u00e9tape, Primoz Roglic assomme le g\u00e9n\u00e9ral","datePublished":"2019-09-06T15:40:22+00:00","dateModified":"2019-09-06T16:05:45+00:00","mainEntityOfPage":{"@id":"https:\/\/dicodusport.fr\/blog\/vuelta-2019-tadej-pogacar-remporte-la-13eme-etape-primoz-roglic-assomme-le-general\/"},"wordCount":337,"commentCount":0,"publisher":{"@id":"https:\/\/dicodusport.fr\/blog\/#organization"},"image":{"@id":"https:\/\/dicodusport.fr\/blog\/vuelta-2019-tadej-pogacar-remporte-la-13eme-etape-primoz-roglic-assomme-le-general\/#primaryimage"},"thumbnailUrl":"https:\/\/dicodusport.fr\/blog\/wp-content\/uploads\/2019\/09\/Tadej-Pogacar.png","keywords":["Cyclisme","Vuelta"],"articleSection":["Cyclisme"],"inLanguage":"fr-FR","potentialAction":[{"@type":"CommentAction","name":"Comment","target":["https:\/\/dicodusport.fr\/blog\/vuelta-2019-tadej-pogacar-remporte-la-13eme-etape-primoz-roglic-assomme-le-general\/#respond"]}],"copyrightYear":"2019","copyrightHolder":{"@id":"https:\/\/dicodusport.fr\/blog\/#organization"}},{"@type":"WebPage","@id":"https:\/\/dicodusport.fr\/blog\/vuelta-2019-tadej-pogacar-remporte-la-13eme-etape-primoz-roglic-assomme-le-general\/","url":"https:\/\/dicodusport.fr\/blog\/vuelta-2019-tadej-pogacar-remporte-la-13eme-etape-primoz-roglic-assomme-le-general\/","name":"Vuelta 2019 : Tadej Pogacar remporte la 13\u00e8me \u00e9tape, Primoz Roglic assomme le g\u00e9n\u00e9ral","isPartOf":{"@id":"https:\/\/dicodusport.fr\/blog\/#website"},"primaryImageOfPage":{"@id":"https:\/\/dicodusport.fr\/blog\/vuelta-2019-tadej-pogacar-remporte-la-13eme-etape-primoz-roglic-assomme-le-general\/#primaryimage"},"image":{"@id":"https:\/\/dicodusport.fr\/blog\/vuelta-2019-tadej-pogacar-remporte-la-13eme-etape-primoz-roglic-assomme-le-general\/#primaryimage"},"thumbnailUrl":"https:\/\/dicodusport.fr\/blog\/wp-content\/uploads\/2019\/09\/Tadej-Pogacar.png","datePublished":"2019-09-06T15:40:22+00:00","dateModified":"2019-09-06T16:05:45+00:00","description":"Vuelta 2019 - Si Tadej Pogacar a remport\u00e9 sa deuxi\u00e8me victoire d'\u00e9tape ce vendredi, son compatriote Primoz Roglic a de nouveau creus\u00e9 l'\u00e9cart au g\u00e9n\u00e9ral.","breadcrumb":{"@id":"https:\/\/dicodusport.fr\/blog\/vuelta-2019-tadej-pogacar-remporte-la-13eme-etape-primoz-roglic-assomme-le-general\/#breadcrumb"},"inLanguage":"fr-FR","potentialAction":[{"@type":"ReadAction","target":["https:\/\/dicodusport.fr\/blog\/vuelta-2019-tadej-pogacar-remporte-la-13eme-etape-primoz-roglic-assomme-le-general\/"]}]},{"@type":"ImageObject","inLanguage":"fr-FR","@id":"https:\/\/dicodusport.fr\/blog\/vuelta-2019-tadej-pogacar-remporte-la-13eme-etape-primoz-roglic-assomme-le-general\/#primaryimage","url":"https:\/\/dicodusport.fr\/blog\/wp-content\/uploads\/2019\/09\/Tadej-Pogacar.png","contentUrl":"https:\/\/dicodusport.fr\/blog\/wp-content\/uploads\/2019\/09\/Tadej-Pogacar.png","width":800,"height":445},{"@type":"BreadcrumbList","@id":"https:\/\/dicodusport.fr\/blog\/vuelta-2019-tadej-pogacar-remporte-la-13eme-etape-primoz-roglic-assomme-le-general\/#breadcrumb","itemListElement":[{"@type":"ListItem","position":1,"name":"Accueil","item":"https:\/\/dicodusport.fr\/blog\/"},{"@type":"ListItem","position":2,"name":"Vuelta 2019 : Tadej Pogacar remporte la 13\u00e8me \u00e9tape, Primoz Roglic assomme le g\u00e9n\u00e9ral"}]},{"@type":"WebSite","@id":"https:\/\/dicodusport.fr\/blog\/#website","url":"https:\/\/dicodusport.fr\/blog\/","name":"Dicodusport","description":"L&#039;encyclop\u00e9die de l&#039;actualit\u00e9 sportive","publisher":{"@id":"https:\/\/dicodusport.fr\/blog\/#organization"},"potentialAction":[{"@type":"SearchAction","target":{"@type":"EntryPoint","urlTemplate":"https:\/\/dicodusport.fr\/blog\/?s={search_term_string}"},"query-input":{"@type":"PropertyValueSpecification","valueRequired":true,"valueName":"search_term_string"}}],"inLanguage":"fr-FR"},{"@type":"NewsMediaOrganization","@id":"https:\/\/dicodusport.fr\/blog\/#organization","name":"Dicodusport","url":"https:\/\/dicodusport.fr\/blog\/","logo":{"@type":"ImageObject","inLanguage":"fr-FR","@id":"https:\/\/dicodusport.fr\/blog\/#\/schema\/logo\/image\/","url":"https:\/\/dicodusport.fr\/blog\/wp-content\/uploads\/2020\/06\/cropped-LOGO-DICODUSPORT-2020-SANS-FOND-SANS-TEXTE.png","contentUrl":"https:\/\/dicodusport.fr\/blog\/wp-content\/uploads\/2020\/06\/cropped-LOGO-DICODUSPORT-2020-SANS-FOND-SANS-TEXTE.png","width":512,"height":512,"caption":"Dicodusport"},"image":{"@id":"https:\/\/dicodusport.fr\/blog\/#\/schema\/logo\/image\/"},"sameAs":["https:\/\/www.facebook.com\/dicodusport","https:\/\/x.com\/dicodusport","https:\/\/www.instagram.com\/dicodusport\/","https:\/\/www.youtube.com\/channel\/UC7V2KZ5sd3htJivAbA4ZG3w"],"description":"Dicodusport est l'encyclop\u00e9die de l'actualit\u00e9 sportive.","email":"bonjour@dicodusport.fr","legalName":"DICODUSPORT","foundingDate":"2018-01-14","vatID":"FR71834470973","taxID":"83447097300043","numberOfEmployees":{"@type":"QuantitativeValue","minValue":"1","maxValue":"10"}},{"@type":"Person","@id":"https:\/\/dicodusport.fr\/blog\/#\/schema\/person\/cb02af4c173ce4a653b55e9baf388d4a","name":"Flo Ostermann","image":{"@type":"ImageObject","inLanguage":"fr-FR","@id":"https:\/\/dicodusport.fr\/blog\/#\/schema\/person\/image\/","url":"https:\/\/dicodusport.fr\/blog\/wp-content\/uploads\/2021\/05\/Flo-Ostermann-150x150.jpg","contentUrl":"https:\/\/dicodusport.fr\/blog\/wp-content\/uploads\/2021\/05\/Flo-Ostermann-150x150.jpg","caption":"Flo Ostermann"},"description":"Journaliste\/R\u00e9dacteur depuis septembre 2015 - Mes premiers souvenirs dans le sport ? Les envol\u00e9es du Stade Toulousain et les duels Villeneuve-Schumacher et H\u00e4kkinen-Schumacher \u00e0 la fin des ann\u00e9es 90, la Coupe du monde de football en 1998, l\u2019exploit du XV de France face aux All Blacks en 1999, mais aussi Richard C\u0153ur de Lion qui vole sur les montagnes du Tour de France. Bien parti pour devenir professeur d\u2019EPS, les \u00e9v\u00e9nements de la vie (et la flemme d\u2019animer des s\u00e9ances de 3x500 m\u00e8tres toute ma vie) m\u2019ont conduit \u00e0 revoir mes plans. Me voil\u00e0 depuis fin 2017 sur Dicodusport, m\u00e9dia gr\u00e2ce (et pour) lequel je partage ma passion : le sport dans tous ses \u00e9tats. Le tout accompagn\u00e9 par les fous furieux et folles furieuses cit\u00e9s sur cette page !","sameAs":["https:\/\/www.facebook.com\/florent.ostermann","https:\/\/x.com\/https:\/\/twitter.com\/FlOstermann","admin"],"url":"https:\/\/dicodusport.fr\/blog\/author\/flo\/"}]}},"_links":{"self":[{"href":"https:\/\/dicodusport.fr\/blog\/wp-json\/wp\/v2\/posts\/47404","targetHints":{"allow":["GET"]}}],"collection":[{"href":"https:\/\/dicodusport.fr\/blog\/wp-json\/wp\/v2\/posts"}],"about":[{"href":"https:\/\/dicodusport.fr\/blog\/wp-json\/wp\/v2\/types\/post"}],"author":[{"embeddable":true,"href":"https:\/\/dicodusport.fr\/blog\/wp-json\/wp\/v2\/users\/4"}],"replies":[{"embeddable":true,"href":"https:\/\/dicodusport.fr\/blog\/wp-json\/wp\/v2\/comments?post=47404"}],"version-history":[{"count":0,"href":"https:\/\/dicodusport.fr\/blog\/wp-json\/wp\/v2\/posts\/47404\/revisions"}],"wp:featuredmedia":[{"embeddable":true,"href":"https:\/\/dicodusport.fr\/blog\/wp-json\/wp\/v2\/media\/46973"}],"wp:attachment":[{"href":"https:\/\/dicodusport.fr\/blog\/wp-json\/wp\/v2\/media?parent=47404"}],"wp:term":[{"taxonomy":"category","embeddable":true,"href":"https:\/\/dicodusport.fr\/blog\/wp-json\/wp\/v2\/categories?post=47404"},{"taxonomy":"post_tag","embeddable":true,"href":"https:\/\/dicodusport.fr\/blog\/wp-json\/wp\/v2\/tags?post=47404"}],"curies":[{"name":"wp","href":"https:\/\/api.w.org\/{rel}","templated":true}]}}