{"id":474106,"date":"2024-03-23T12:29:28","date_gmt":"2024-03-23T11:29:28","guid":{"rendered":"https:\/\/dicodusport.fr\/blog\/?p=474106&#038;preview=true&#038;preview_id=474106"},"modified":"2024-03-23T17:34:26","modified_gmt":"2024-03-23T16:34:26","slug":"finales-ski-alpin-saalbach-cornelia-huetter-sadjuge-la-derniere-descente-et-le-globe-de-la-discipline","status":"publish","type":"post","link":"https:\/\/dicodusport.fr\/blog\/finales-ski-alpin-saalbach-cornelia-huetter-sadjuge-la-derniere-descente-et-le-globe-de-la-discipline\/","title":{"rendered":"Finales Ski alpin Saalbach : Cornelia Huetter s&rsquo;adjuge la derni\u00e8re descente et le globe de la discipline"},"content":{"rendered":"<p style=\"text-align: justify;\"><em><b>COUPE DU MONDE DE SKI ALPIN 2023-2024 &#8211; Pour cette derni\u00e8re descente de la saison \u00e0 Saalbach, Cornelia Huetter s&rsquo;est impos\u00e9e et a profit\u00e9 d&rsquo;une grosse contre-performance de Lara Gut-Behrami pour remporter le globe de la discipline, devant son public.\u00a0<\/b><\/em><\/p>\n<ul>\n<li style=\"text-align: justify;\"><strong>\u00c0 ce sujet \u2013\u00a0<a href=\"https:\/\/dicodusport.fr\/blog\/finales-ski-alpin-saalbach-programme-horaires-et-resultats\/\">Finales Ski alpin Saalbach \u2013 Programme, horaires et r\u00e9sultats<\/a><\/strong><\/li>\n<\/ul>\n<p style=\"text-align: justify;\"><strong>Cornelia Huetter<\/strong> a r\u00e9alis\u00e9 une course compl\u00e8te malgr\u00e9 des conditions de vent compliqu\u00e9es pour arracher la victoire en 1 minute 45 secondes et 8 centi\u00e8mes sur la piste des prochains championnats du monde. En retard apr\u00e8s deux interm\u00e9diaires, elle a \u00e9t\u00e9 \u00e0 l\u2019attaque dans la portion technique avec une petite faute d&rsquo;int\u00e9rieur pour faire la diff\u00e9rence pour sa sixi\u00e8me victoire en Coupe du monde et la deuxi\u00e8me en descente. Elle rafle par la m\u00eame occasion le petit globe de la discipline.<\/p>\n<ul>\n<li style=\"text-align: justify;\"><strong>\u00c0 ce sujet &#8211; <a href=\"https:\/\/dicodusport.fr\/blog\/finales-ski-alpin-saalbach-classement-descente-femmes\/\">Finales Ski alpin Saalbach \u2013 Classement Descente femmes<\/a>\u00a0<\/strong><\/li>\n<\/ul>\n<p style=\"text-align: justify;\">Ensuite, <strong>Ilka Stuhec<\/strong> est mont\u00e9 sur le premier podium de sa saison avec des lignes directes \u00e0 17 centi\u00e8mes avec le dossard 18. <strong>Nicol Delago<\/strong> a compl\u00e9t\u00e9 le podium, pour son second top 3 de l\u2019hiver, \u00e0 49 centi\u00e8mes avec le dossard 17. <strong>Christina Ager<\/strong> a \u00e9t\u00e9 la plus rapide dans la deuxi\u00e8me section pour finir quatri\u00e8me \u00e0 50 centi\u00e8mes, devant <strong>Stephanie Venier<\/strong>, cinqui\u00e8me \u00e0 62 centi\u00e8mes, et <strong>Mirjam Puchner<\/strong>, sixi\u00e8me \u00e0 63 centi\u00e8mes.<\/p>\n<p style=\"text-align: justify;\"><strong>Lara Gut-Behrami<\/strong> a connu un sc\u00e9nario cauchemardesque en passant \u00e0 c\u00f4t\u00e9 de sa course alors qu&rsquo;elle devait entrer dans les neuf premi\u00e8res pour remporter le globe de la discipline. La Suissesse n\u2019a marqu\u00e9 aucun point, aujourd&rsquo;hui, au 17e rang \u00e0 1.89. Pour sa 248e et derni\u00e8re course, <strong>Ragnhild Mowinckel<\/strong> a fini vingti\u00e8me et derni\u00e8re \u00e0 3.32. Enfin, <strong>Laura Gauch\u00e9<\/strong> n\u2019a malheureusement pas pris part \u00e0 la descente puisqu&rsquo;elle s&rsquo;\u00e9tait bless\u00e9e hier lors du Super G.<\/p>\n<blockquote class=\"twitter-tweet\">\n<p dir=\"ltr\" lang=\"fr\">Sacr\u00e9 doubl\u00e9 pour Cornelia H\u00fctter ! L&rsquo;Autrichienne s&rsquo;impose \u00e0 Saalbach et profite de la grosse contre-performance de Lara Gut-Behrami pour s&rsquo;adjuger le petit globe de la discipline <a href=\"https:\/\/twitter.com\/hashtag\/ChaletClub?src=hash&amp;ref_src=twsrc%5Etfw\">#ChaletClub<\/a> <a href=\"https:\/\/t.co\/31IUpKbs3L\">pic.twitter.com\/31IUpKbs3L<\/a><\/p>\n<p>\u2014 Eurosport France (@Eurosport_FR) <a href=\"https:\/\/twitter.com\/Eurosport_FR\/status\/1771501011040870830?ref_src=twsrc%5Etfw\">March 23, 2024<\/a><\/p><\/blockquote>\n<p><script async src=\"https:\/\/platform.twitter.com\/widgets.js\" charset=\"utf-8\"><\/script><\/p>\n","protected":false},"excerpt":{"rendered":"<p>COUPE DU MONDE DE SKI ALPIN 2023-2024 &#8211; Pour cette derni\u00e8re descente de la saison \u00e0 Saalbach, Cornelia Huetter s&rsquo;est impos\u00e9e.<\/p>\n","protected":false},"author":48,"featured_media":474256,"comment_status":"open","ping_status":"closed","sticky":false,"template":"","format":"standard","meta":{"_acf_changed":false,"_daextam_enable_autolinks":"1","footnotes":""},"categories":[47084],"tags":[16878,38414,2233,24],"class_list":["post-474106","post","type-post","status-publish","format-standard","has-post-thumbnail","hentry","category-coupe-du-monde-ski-alpin","tag-breve","tag-saalbach","tag-ski-alpin","tag-sport"],"acf":[],"yoast_head":"<!-- This site is optimized with the Yoast SEO Premium plugin v26.7 (Yoast SEO v26.7) - https:\/\/yoast.com\/wordpress\/plugins\/seo\/ -->\n<title>Finales Ski alpin Saalbach : Cornelia Huetter s&#039;adjuge la derni\u00e8re descente et le globe de la discipline<\/title>\n<meta name=\"description\" content=\"COUPE DU MONDE DE SKI ALPIN 2023-2024 - Pour cette derni\u00e8re descente de la saison \u00e0 Saalbach, Cornelia Huetter s&#039;est impos\u00e9e.\" \/>\n<meta name=\"robots\" content=\"index, follow, max-snippet:-1, max-image-preview:large, max-video-preview:-1\" \/>\n<link rel=\"canonical\" href=\"https:\/\/dicodusport.fr\/blog\/finales-ski-alpin-saalbach-cornelia-huetter-sadjuge-la-derniere-descente-et-le-globe-de-la-discipline\/\" \/>\n<meta property=\"og:locale\" content=\"fr_FR\" \/>\n<meta property=\"og:type\" content=\"article\" \/>\n<meta property=\"og:title\" content=\"Finales Ski alpin Saalbach : Cornelia Huetter s&#039;adjuge la derni\u00e8re descente et le globe de la discipline\" \/>\n<meta property=\"og:description\" content=\"COUPE DU MONDE DE SKI ALPIN 2023-2024 - Pour cette derni\u00e8re descente de la saison \u00e0 Saalbach, Cornelia Huetter s&#039;est impos\u00e9e.\" \/>\n<meta property=\"og:url\" content=\"https:\/\/dicodusport.fr\/blog\/finales-ski-alpin-saalbach-cornelia-huetter-sadjuge-la-derniere-descente-et-le-globe-de-la-discipline\/\" \/>\n<meta property=\"og:site_name\" content=\"Dicodusport\" \/>\n<meta property=\"article:publisher\" content=\"https:\/\/www.facebook.com\/dicodusport\" \/>\n<meta property=\"article:author\" content=\"https:\/\/www.facebook.com\/groups\/LesRoisDuPeloton\" \/>\n<meta property=\"article:published_time\" content=\"2024-03-23T11:29:28+00:00\" \/>\n<meta property=\"article:modified_time\" content=\"2024-03-23T16:34:26+00:00\" \/>\n<meta property=\"og:image\" content=\"https:\/\/dicodusport.fr\/blog\/wp-content\/uploads\/2024\/03\/Finales-Ski-alpin-Saalbach-Cornelia-Huetter-sadjuge-la-derniere-descente-et-le-globe-de-la-discipline-1.png\" \/>\n\t<meta property=\"og:image:width\" content=\"1200\" \/>\n\t<meta property=\"og:image:height\" content=\"674\" \/>\n\t<meta property=\"og:image:type\" content=\"image\/png\" \/>\n<meta name=\"author\" content=\"Emilien Descampiaux\" \/>\n<meta name=\"twitter:card\" content=\"summary_large_image\" \/>\n<meta name=\"twitter:title\" content=\"Finales Ski alpin Saalbach : Cornelia Huetter s&#039;adjuge la derni\u00e8re descente et le globe de la discipline\" \/>\n<meta name=\"twitter:creator\" content=\"@https:\/\/twitter.com\/LRoisDuPeloton\" \/>\n<meta name=\"twitter:site\" content=\"@dicodusport\" \/>\n<script type=\"application\/ld+json\" class=\"yoast-schema-graph\">{\"@context\":\"https:\/\/schema.org\",\"@graph\":[{\"@type\":\"NewsArticle\",\"@id\":\"https:\/\/dicodusport.fr\/blog\/finales-ski-alpin-saalbach-cornelia-huetter-sadjuge-la-derniere-descente-et-le-globe-de-la-discipline\/#article\",\"isPartOf\":{\"@id\":\"https:\/\/dicodusport.fr\/blog\/finales-ski-alpin-saalbach-cornelia-huetter-sadjuge-la-derniere-descente-et-le-globe-de-la-discipline\/\"},\"author\":{\"name\":\"Emilien Descampiaux\",\"@id\":\"https:\/\/dicodusport.fr\/blog\/#\/schema\/person\/6db4bae06b171592211be385b32876a7\"},\"headline\":\"Finales Ski alpin Saalbach : Cornelia Huetter s&rsquo;adjuge la derni\u00e8re descente et le globe de la discipline\",\"datePublished\":\"2024-03-23T11:29:28+00:00\",\"dateModified\":\"2024-03-23T16:34:26+00:00\",\"mainEntityOfPage\":{\"@id\":\"https:\/\/dicodusport.fr\/blog\/finales-ski-alpin-saalbach-cornelia-huetter-sadjuge-la-derniere-descente-et-le-globe-de-la-discipline\/\"},\"wordCount\":366,\"commentCount\":0,\"publisher\":{\"@id\":\"https:\/\/dicodusport.fr\/blog\/#organization\"},\"image\":{\"@id\":\"https:\/\/dicodusport.fr\/blog\/finales-ski-alpin-saalbach-cornelia-huetter-sadjuge-la-derniere-descente-et-le-globe-de-la-discipline\/#primaryimage\"},\"thumbnailUrl\":\"https:\/\/dicodusport.fr\/blog\/wp-content\/uploads\/2024\/03\/Finales-Ski-alpin-Saalbach-Cornelia-Huetter-sadjuge-la-derniere-descente-et-le-globe-de-la-discipline-1.png\",\"keywords\":[\"br\u00e8ve\",\"saalbach\",\"Ski alpin\",\"sport\"],\"articleSection\":[\"Coupe du monde de ski alpin\"],\"inLanguage\":\"fr-FR\",\"potentialAction\":[{\"@type\":\"CommentAction\",\"name\":\"Comment\",\"target\":[\"https:\/\/dicodusport.fr\/blog\/finales-ski-alpin-saalbach-cornelia-huetter-sadjuge-la-derniere-descente-et-le-globe-de-la-discipline\/#respond\"]}],\"copyrightYear\":\"2024\",\"copyrightHolder\":{\"@id\":\"https:\/\/dicodusport.fr\/blog\/#organization\"}},{\"@type\":\"WebPage\",\"@id\":\"https:\/\/dicodusport.fr\/blog\/finales-ski-alpin-saalbach-cornelia-huetter-sadjuge-la-derniere-descente-et-le-globe-de-la-discipline\/\",\"url\":\"https:\/\/dicodusport.fr\/blog\/finales-ski-alpin-saalbach-cornelia-huetter-sadjuge-la-derniere-descente-et-le-globe-de-la-discipline\/\",\"name\":\"Finales Ski alpin Saalbach : Cornelia Huetter s'adjuge la derni\u00e8re descente et le globe de la discipline\",\"isPartOf\":{\"@id\":\"https:\/\/dicodusport.fr\/blog\/#website\"},\"primaryImageOfPage\":{\"@id\":\"https:\/\/dicodusport.fr\/blog\/finales-ski-alpin-saalbach-cornelia-huetter-sadjuge-la-derniere-descente-et-le-globe-de-la-discipline\/#primaryimage\"},\"image\":{\"@id\":\"https:\/\/dicodusport.fr\/blog\/finales-ski-alpin-saalbach-cornelia-huetter-sadjuge-la-derniere-descente-et-le-globe-de-la-discipline\/#primaryimage\"},\"thumbnailUrl\":\"https:\/\/dicodusport.fr\/blog\/wp-content\/uploads\/2024\/03\/Finales-Ski-alpin-Saalbach-Cornelia-Huetter-sadjuge-la-derniere-descente-et-le-globe-de-la-discipline-1.png\",\"datePublished\":\"2024-03-23T11:29:28+00:00\",\"dateModified\":\"2024-03-23T16:34:26+00:00\",\"description\":\"COUPE DU MONDE DE SKI ALPIN 2023-2024 - Pour cette derni\u00e8re descente de la saison \u00e0 Saalbach, Cornelia Huetter s'est impos\u00e9e.\",\"breadcrumb\":{\"@id\":\"https:\/\/dicodusport.fr\/blog\/finales-ski-alpin-saalbach-cornelia-huetter-sadjuge-la-derniere-descente-et-le-globe-de-la-discipline\/#breadcrumb\"},\"inLanguage\":\"fr-FR\",\"potentialAction\":[{\"@type\":\"ReadAction\",\"target\":[\"https:\/\/dicodusport.fr\/blog\/finales-ski-alpin-saalbach-cornelia-huetter-sadjuge-la-derniere-descente-et-le-globe-de-la-discipline\/\"]}]},{\"@type\":\"ImageObject\",\"inLanguage\":\"fr-FR\",\"@id\":\"https:\/\/dicodusport.fr\/blog\/finales-ski-alpin-saalbach-cornelia-huetter-sadjuge-la-derniere-descente-et-le-globe-de-la-discipline\/#primaryimage\",\"url\":\"https:\/\/dicodusport.fr\/blog\/wp-content\/uploads\/2024\/03\/Finales-Ski-alpin-Saalbach-Cornelia-Huetter-sadjuge-la-derniere-descente-et-le-globe-de-la-discipline-1.png\",\"contentUrl\":\"https:\/\/dicodusport.fr\/blog\/wp-content\/uploads\/2024\/03\/Finales-Ski-alpin-Saalbach-Cornelia-Huetter-sadjuge-la-derniere-descente-et-le-globe-de-la-discipline-1.png\",\"width\":1200,\"height\":674,\"caption\":\"Finales Ski alpin Saalbach Cornelia Huetter s'adjuge la derni\u00e8re descente et le globe de la discipline (1)\"},{\"@type\":\"BreadcrumbList\",\"@id\":\"https:\/\/dicodusport.fr\/blog\/finales-ski-alpin-saalbach-cornelia-huetter-sadjuge-la-derniere-descente-et-le-globe-de-la-discipline\/#breadcrumb\",\"itemListElement\":[{\"@type\":\"ListItem\",\"position\":1,\"name\":\"Accueil\",\"item\":\"https:\/\/dicodusport.fr\/blog\/\"},{\"@type\":\"ListItem\",\"position\":2,\"name\":\"Finales Ski alpin Saalbach : Cornelia Huetter s&rsquo;adjuge la derni\u00e8re descente et le globe de la discipline\"}]},{\"@type\":\"WebSite\",\"@id\":\"https:\/\/dicodusport.fr\/blog\/#website\",\"url\":\"https:\/\/dicodusport.fr\/blog\/\",\"name\":\"Dicodusport\",\"description\":\"L&#039;encyclop\u00e9die de l&#039;actualit\u00e9 sportive\",\"publisher\":{\"@id\":\"https:\/\/dicodusport.fr\/blog\/#organization\"},\"potentialAction\":[{\"@type\":\"SearchAction\",\"target\":{\"@type\":\"EntryPoint\",\"urlTemplate\":\"https:\/\/dicodusport.fr\/blog\/?s={search_term_string}\"},\"query-input\":{\"@type\":\"PropertyValueSpecification\",\"valueRequired\":true,\"valueName\":\"search_term_string\"}}],\"inLanguage\":\"fr-FR\"},{\"@type\":\"NewsMediaOrganization\",\"@id\":\"https:\/\/dicodusport.fr\/blog\/#organization\",\"name\":\"Dicodusport\",\"url\":\"https:\/\/dicodusport.fr\/blog\/\",\"logo\":{\"@type\":\"ImageObject\",\"inLanguage\":\"fr-FR\",\"@id\":\"https:\/\/dicodusport.fr\/blog\/#\/schema\/logo\/image\/\",\"url\":\"https:\/\/dicodusport.fr\/blog\/wp-content\/uploads\/2020\/06\/cropped-LOGO-DICODUSPORT-2020-SANS-FOND-SANS-TEXTE.png\",\"contentUrl\":\"https:\/\/dicodusport.fr\/blog\/wp-content\/uploads\/2020\/06\/cropped-LOGO-DICODUSPORT-2020-SANS-FOND-SANS-TEXTE.png\",\"width\":512,\"height\":512,\"caption\":\"Dicodusport\"},\"image\":{\"@id\":\"https:\/\/dicodusport.fr\/blog\/#\/schema\/logo\/image\/\"},\"sameAs\":[\"https:\/\/www.facebook.com\/dicodusport\",\"https:\/\/x.com\/dicodusport\",\"https:\/\/www.instagram.com\/dicodusport\/\",\"https:\/\/www.youtube.com\/channel\/UC7V2KZ5sd3htJivAbA4ZG3w\"],\"description\":\"Dicodusport est l'encyclop\u00e9die de l'actualit\u00e9 sportive.\",\"email\":\"bonjour@dicodusport.fr\",\"legalName\":\"DICODUSPORT\",\"foundingDate\":\"2018-01-14\",\"vatID\":\"FR71834470973\",\"taxID\":\"83447097300043\",\"numberOfEmployees\":{\"@type\":\"QuantitativeValue\",\"minValue\":\"1\",\"maxValue\":\"10\"}},{\"@type\":\"Person\",\"@id\":\"https:\/\/dicodusport.fr\/blog\/#\/schema\/person\/6db4bae06b171592211be385b32876a7\",\"name\":\"Emilien Descampiaux\",\"image\":{\"@type\":\"ImageObject\",\"inLanguage\":\"fr-FR\",\"@id\":\"https:\/\/dicodusport.fr\/blog\/#\/schema\/person\/image\/\",\"url\":\"https:\/\/dicodusport.fr\/blog\/wp-content\/uploads\/2021\/05\/Emilien-Descampiaux-150x150.jpg\",\"contentUrl\":\"https:\/\/dicodusport.fr\/blog\/wp-content\/uploads\/2021\/05\/Emilien-Descampiaux-150x150.jpg\",\"caption\":\"Emilien Descampiaux\"},\"description\":\"Journaliste\/r\u00e9dacteur depuis 2014 - Fan de la classe de Frank Vandenbroucke, je vis cyclisme (et de ses paysages) depuis plus de 20 ans. Je suis tr\u00e8s impliqu\u00e9 sur mes diff\u00e9rents r\u00e9seaux sociaux pour partager ma passion sur le monde et l'Histoire de la bicyclette avec ma voix sur les images en noir et blanc du succ\u00e8s de Rik Van Steenbergen lors du Ronde sur le V\u00e9lodrome de Gand.\",\"sameAs\":[\"https:\/\/www.facebook.com\/groups\/LesRoisDuPeloton\",\"https:\/\/x.com\/https:\/\/twitter.com\/LRoisDuPeloton\"],\"url\":\"https:\/\/dicodusport.fr\/blog\/author\/emiliend\/\"}]}<\/script>\n<!-- \/ Yoast SEO Premium plugin. -->","yoast_head_json":{"title":"Finales Ski alpin Saalbach : Cornelia Huetter s'adjuge la derni\u00e8re descente et le globe de la discipline","description":"COUPE DU MONDE DE SKI ALPIN 2023-2024 - Pour cette derni\u00e8re descente de la saison \u00e0 Saalbach, Cornelia Huetter s'est impos\u00e9e.","robots":{"index":"index","follow":"follow","max-snippet":"max-snippet:-1","max-image-preview":"max-image-preview:large","max-video-preview":"max-video-preview:-1"},"canonical":"https:\/\/dicodusport.fr\/blog\/finales-ski-alpin-saalbach-cornelia-huetter-sadjuge-la-derniere-descente-et-le-globe-de-la-discipline\/","og_locale":"fr_FR","og_type":"article","og_title":"Finales Ski alpin Saalbach : Cornelia Huetter s'adjuge la derni\u00e8re descente et le globe de la discipline","og_description":"COUPE DU MONDE DE SKI ALPIN 2023-2024 - Pour cette derni\u00e8re descente de la saison \u00e0 Saalbach, Cornelia Huetter s'est impos\u00e9e.","og_url":"https:\/\/dicodusport.fr\/blog\/finales-ski-alpin-saalbach-cornelia-huetter-sadjuge-la-derniere-descente-et-le-globe-de-la-discipline\/","og_site_name":"Dicodusport","article_publisher":"https:\/\/www.facebook.com\/dicodusport","article_author":"https:\/\/www.facebook.com\/groups\/LesRoisDuPeloton","article_published_time":"2024-03-23T11:29:28+00:00","article_modified_time":"2024-03-23T16:34:26+00:00","og_image":[{"width":1200,"height":674,"url":"https:\/\/dicodusport.fr\/blog\/wp-content\/uploads\/2024\/03\/Finales-Ski-alpin-Saalbach-Cornelia-Huetter-sadjuge-la-derniere-descente-et-le-globe-de-la-discipline-1.png","type":"image\/png"}],"author":"Emilien Descampiaux","twitter_card":"summary_large_image","twitter_title":"Finales Ski alpin Saalbach : Cornelia Huetter s'adjuge la derni\u00e8re descente et le globe de la discipline","twitter_creator":"@https:\/\/twitter.com\/LRoisDuPeloton","twitter_site":"@dicodusport","schema":{"@context":"https:\/\/schema.org","@graph":[{"@type":"NewsArticle","@id":"https:\/\/dicodusport.fr\/blog\/finales-ski-alpin-saalbach-cornelia-huetter-sadjuge-la-derniere-descente-et-le-globe-de-la-discipline\/#article","isPartOf":{"@id":"https:\/\/dicodusport.fr\/blog\/finales-ski-alpin-saalbach-cornelia-huetter-sadjuge-la-derniere-descente-et-le-globe-de-la-discipline\/"},"author":{"name":"Emilien Descampiaux","@id":"https:\/\/dicodusport.fr\/blog\/#\/schema\/person\/6db4bae06b171592211be385b32876a7"},"headline":"Finales Ski alpin Saalbach : Cornelia Huetter s&rsquo;adjuge la derni\u00e8re descente et le globe de la discipline","datePublished":"2024-03-23T11:29:28+00:00","dateModified":"2024-03-23T16:34:26+00:00","mainEntityOfPage":{"@id":"https:\/\/dicodusport.fr\/blog\/finales-ski-alpin-saalbach-cornelia-huetter-sadjuge-la-derniere-descente-et-le-globe-de-la-discipline\/"},"wordCount":366,"commentCount":0,"publisher":{"@id":"https:\/\/dicodusport.fr\/blog\/#organization"},"image":{"@id":"https:\/\/dicodusport.fr\/blog\/finales-ski-alpin-saalbach-cornelia-huetter-sadjuge-la-derniere-descente-et-le-globe-de-la-discipline\/#primaryimage"},"thumbnailUrl":"https:\/\/dicodusport.fr\/blog\/wp-content\/uploads\/2024\/03\/Finales-Ski-alpin-Saalbach-Cornelia-Huetter-sadjuge-la-derniere-descente-et-le-globe-de-la-discipline-1.png","keywords":["br\u00e8ve","saalbach","Ski alpin","sport"],"articleSection":["Coupe du monde de ski alpin"],"inLanguage":"fr-FR","potentialAction":[{"@type":"CommentAction","name":"Comment","target":["https:\/\/dicodusport.fr\/blog\/finales-ski-alpin-saalbach-cornelia-huetter-sadjuge-la-derniere-descente-et-le-globe-de-la-discipline\/#respond"]}],"copyrightYear":"2024","copyrightHolder":{"@id":"https:\/\/dicodusport.fr\/blog\/#organization"}},{"@type":"WebPage","@id":"https:\/\/dicodusport.fr\/blog\/finales-ski-alpin-saalbach-cornelia-huetter-sadjuge-la-derniere-descente-et-le-globe-de-la-discipline\/","url":"https:\/\/dicodusport.fr\/blog\/finales-ski-alpin-saalbach-cornelia-huetter-sadjuge-la-derniere-descente-et-le-globe-de-la-discipline\/","name":"Finales Ski alpin Saalbach : Cornelia Huetter s'adjuge la derni\u00e8re descente et le globe de la discipline","isPartOf":{"@id":"https:\/\/dicodusport.fr\/blog\/#website"},"primaryImageOfPage":{"@id":"https:\/\/dicodusport.fr\/blog\/finales-ski-alpin-saalbach-cornelia-huetter-sadjuge-la-derniere-descente-et-le-globe-de-la-discipline\/#primaryimage"},"image":{"@id":"https:\/\/dicodusport.fr\/blog\/finales-ski-alpin-saalbach-cornelia-huetter-sadjuge-la-derniere-descente-et-le-globe-de-la-discipline\/#primaryimage"},"thumbnailUrl":"https:\/\/dicodusport.fr\/blog\/wp-content\/uploads\/2024\/03\/Finales-Ski-alpin-Saalbach-Cornelia-Huetter-sadjuge-la-derniere-descente-et-le-globe-de-la-discipline-1.png","datePublished":"2024-03-23T11:29:28+00:00","dateModified":"2024-03-23T16:34:26+00:00","description":"COUPE DU MONDE DE SKI ALPIN 2023-2024 - Pour cette derni\u00e8re descente de la saison \u00e0 Saalbach, Cornelia Huetter s'est impos\u00e9e.","breadcrumb":{"@id":"https:\/\/dicodusport.fr\/blog\/finales-ski-alpin-saalbach-cornelia-huetter-sadjuge-la-derniere-descente-et-le-globe-de-la-discipline\/#breadcrumb"},"inLanguage":"fr-FR","potentialAction":[{"@type":"ReadAction","target":["https:\/\/dicodusport.fr\/blog\/finales-ski-alpin-saalbach-cornelia-huetter-sadjuge-la-derniere-descente-et-le-globe-de-la-discipline\/"]}]},{"@type":"ImageObject","inLanguage":"fr-FR","@id":"https:\/\/dicodusport.fr\/blog\/finales-ski-alpin-saalbach-cornelia-huetter-sadjuge-la-derniere-descente-et-le-globe-de-la-discipline\/#primaryimage","url":"https:\/\/dicodusport.fr\/blog\/wp-content\/uploads\/2024\/03\/Finales-Ski-alpin-Saalbach-Cornelia-Huetter-sadjuge-la-derniere-descente-et-le-globe-de-la-discipline-1.png","contentUrl":"https:\/\/dicodusport.fr\/blog\/wp-content\/uploads\/2024\/03\/Finales-Ski-alpin-Saalbach-Cornelia-Huetter-sadjuge-la-derniere-descente-et-le-globe-de-la-discipline-1.png","width":1200,"height":674,"caption":"Finales Ski alpin Saalbach Cornelia Huetter s'adjuge la derni\u00e8re descente et le globe de la discipline (1)"},{"@type":"BreadcrumbList","@id":"https:\/\/dicodusport.fr\/blog\/finales-ski-alpin-saalbach-cornelia-huetter-sadjuge-la-derniere-descente-et-le-globe-de-la-discipline\/#breadcrumb","itemListElement":[{"@type":"ListItem","position":1,"name":"Accueil","item":"https:\/\/dicodusport.fr\/blog\/"},{"@type":"ListItem","position":2,"name":"Finales Ski alpin Saalbach : Cornelia Huetter s&rsquo;adjuge la derni\u00e8re descente et le globe de la discipline"}]},{"@type":"WebSite","@id":"https:\/\/dicodusport.fr\/blog\/#website","url":"https:\/\/dicodusport.fr\/blog\/","name":"Dicodusport","description":"L&#039;encyclop\u00e9die de l&#039;actualit\u00e9 sportive","publisher":{"@id":"https:\/\/dicodusport.fr\/blog\/#organization"},"potentialAction":[{"@type":"SearchAction","target":{"@type":"EntryPoint","urlTemplate":"https:\/\/dicodusport.fr\/blog\/?s={search_term_string}"},"query-input":{"@type":"PropertyValueSpecification","valueRequired":true,"valueName":"search_term_string"}}],"inLanguage":"fr-FR"},{"@type":"NewsMediaOrganization","@id":"https:\/\/dicodusport.fr\/blog\/#organization","name":"Dicodusport","url":"https:\/\/dicodusport.fr\/blog\/","logo":{"@type":"ImageObject","inLanguage":"fr-FR","@id":"https:\/\/dicodusport.fr\/blog\/#\/schema\/logo\/image\/","url":"https:\/\/dicodusport.fr\/blog\/wp-content\/uploads\/2020\/06\/cropped-LOGO-DICODUSPORT-2020-SANS-FOND-SANS-TEXTE.png","contentUrl":"https:\/\/dicodusport.fr\/blog\/wp-content\/uploads\/2020\/06\/cropped-LOGO-DICODUSPORT-2020-SANS-FOND-SANS-TEXTE.png","width":512,"height":512,"caption":"Dicodusport"},"image":{"@id":"https:\/\/dicodusport.fr\/blog\/#\/schema\/logo\/image\/"},"sameAs":["https:\/\/www.facebook.com\/dicodusport","https:\/\/x.com\/dicodusport","https:\/\/www.instagram.com\/dicodusport\/","https:\/\/www.youtube.com\/channel\/UC7V2KZ5sd3htJivAbA4ZG3w"],"description":"Dicodusport est l'encyclop\u00e9die de l'actualit\u00e9 sportive.","email":"bonjour@dicodusport.fr","legalName":"DICODUSPORT","foundingDate":"2018-01-14","vatID":"FR71834470973","taxID":"83447097300043","numberOfEmployees":{"@type":"QuantitativeValue","minValue":"1","maxValue":"10"}},{"@type":"Person","@id":"https:\/\/dicodusport.fr\/blog\/#\/schema\/person\/6db4bae06b171592211be385b32876a7","name":"Emilien Descampiaux","image":{"@type":"ImageObject","inLanguage":"fr-FR","@id":"https:\/\/dicodusport.fr\/blog\/#\/schema\/person\/image\/","url":"https:\/\/dicodusport.fr\/blog\/wp-content\/uploads\/2021\/05\/Emilien-Descampiaux-150x150.jpg","contentUrl":"https:\/\/dicodusport.fr\/blog\/wp-content\/uploads\/2021\/05\/Emilien-Descampiaux-150x150.jpg","caption":"Emilien Descampiaux"},"description":"Journaliste\/r\u00e9dacteur depuis 2014 - Fan de la classe de Frank Vandenbroucke, je vis cyclisme (et de ses paysages) depuis plus de 20 ans. Je suis tr\u00e8s impliqu\u00e9 sur mes diff\u00e9rents r\u00e9seaux sociaux pour partager ma passion sur le monde et l'Histoire de la bicyclette avec ma voix sur les images en noir et blanc du succ\u00e8s de Rik Van Steenbergen lors du Ronde sur le V\u00e9lodrome de Gand.","sameAs":["https:\/\/www.facebook.com\/groups\/LesRoisDuPeloton","https:\/\/x.com\/https:\/\/twitter.com\/LRoisDuPeloton"],"url":"https:\/\/dicodusport.fr\/blog\/author\/emiliend\/"}]}},"_links":{"self":[{"href":"https:\/\/dicodusport.fr\/blog\/wp-json\/wp\/v2\/posts\/474106","targetHints":{"allow":["GET"]}}],"collection":[{"href":"https:\/\/dicodusport.fr\/blog\/wp-json\/wp\/v2\/posts"}],"about":[{"href":"https:\/\/dicodusport.fr\/blog\/wp-json\/wp\/v2\/types\/post"}],"author":[{"embeddable":true,"href":"https:\/\/dicodusport.fr\/blog\/wp-json\/wp\/v2\/users\/48"}],"replies":[{"embeddable":true,"href":"https:\/\/dicodusport.fr\/blog\/wp-json\/wp\/v2\/comments?post=474106"}],"version-history":[{"count":5,"href":"https:\/\/dicodusport.fr\/blog\/wp-json\/wp\/v2\/posts\/474106\/revisions"}],"predecessor-version":[{"id":474152,"href":"https:\/\/dicodusport.fr\/blog\/wp-json\/wp\/v2\/posts\/474106\/revisions\/474152"}],"wp:featuredmedia":[{"embeddable":true,"href":"https:\/\/dicodusport.fr\/blog\/wp-json\/wp\/v2\/media\/474256"}],"wp:attachment":[{"href":"https:\/\/dicodusport.fr\/blog\/wp-json\/wp\/v2\/media?parent=474106"}],"wp:term":[{"taxonomy":"category","embeddable":true,"href":"https:\/\/dicodusport.fr\/blog\/wp-json\/wp\/v2\/categories?post=474106"},{"taxonomy":"post_tag","embeddable":true,"href":"https:\/\/dicodusport.fr\/blog\/wp-json\/wp\/v2\/tags?post=474106"}],"curies":[{"name":"wp","href":"https:\/\/api.w.org\/{rel}","templated":true}]}}