{"id":474273,"date":"2024-03-24T06:06:55","date_gmt":"2024-03-24T05:06:55","guid":{"rendered":"https:\/\/dicodusport.fr\/blog\/?p=474273&#038;preview=true&#038;preview_id=474273"},"modified":"2024-03-24T11:14:45","modified_gmt":"2024-03-24T10:14:45","slug":"mondiaux-patinage-artistique-adam-siao-him-fa-en-bronze","status":"publish","type":"post","link":"https:\/\/dicodusport.fr\/blog\/mondiaux-patinage-artistique-adam-siao-him-fa-en-bronze\/","title":{"rendered":"Mondiaux Patinage artistique : Adam Siao Him Fa en bronze !"},"content":{"rendered":"<p style=\"text-align: justify;\" align=\"justify\"><em><strong>CHAMPIONNATS DU MONDE DE PATINAGE ARTISTIQUE 2024 \u2013 La bataille attendue en danse sur glace a bien eu lieu. Madison Chock et Evan Bates sont champions du monde devant les Canadiens Piper Gilles et Paul Poirier et les Italiens Charl\u00e8ne Guignard et Marco Fabbri. Chez les hommes, l&rsquo;Am\u00e9ricain Ilia Malinin a \u00e9cras\u00e9 la concurrence. Le Japonais Yuma Kagiyama prend l&rsquo;argent. Le Fran\u00e7ais Adam Siao Him Fa, 19\u00e8me apr\u00e8s le court, d\u00e9croche le bronze avec un incroyable programme libre.<\/strong><strong><br \/>\n<\/strong><\/em><\/p>\n<ul style=\"text-align: justify;\">\n<li style=\"text-align: justify;\"><strong>\u00c0 ce sujet &#8211; <a href=\"https:\/\/dicodusport.fr\/blog\/programme-et-resultats-championnats-du-monde-de-patinage-artistique-2024\/\">Programme et r\u00e9sultats Championnats du monde de patinage artistique 2024<\/a><\/strong><\/li>\n<\/ul>\n<p style=\"text-align: justify;\" align=\"justify\">Nous avions laiss\u00e9 le m\u00eame podium de danse que l&rsquo;an dernier aux m\u00eames positions apr\u00e8s le th\u00e8me impos\u00e9 et les couples se sont rendus coups pour coups sur le programme libre. Malgr\u00e9 une bonne danse impos\u00e9e, les duos fran\u00e7ais ont un peu cal\u00e9 au programme libre. Chez les messieurs, si le prodige am\u00e9ricain <strong>Ilia Malinin<\/strong> a illumin\u00e9 le Centre Bell, le Fran\u00e7ais <strong>Adam Siao Him Fa<\/strong> fait forte impression et d\u00e9croche le bronze.<\/p>\n<h2>Hommes : Adam Siao Him Fa virevoltant et r\u00e9compens\u00e9<\/h2>\n<p style=\"text-align: justify;\"><strong>Adam Siao Him Fa<\/strong>, loin au classement \u00e0 cause de son programme court rat\u00e9, a tout donn\u00e9 sur la glace en n&rsquo;ayant rien \u00e0 perdre. <em>\u00ab Je voulais terminer sur une bonne note \u00bb<\/em> pr\u00e9cise-t-il en entrevue. Et cela s&rsquo;est vu rapidement. Fluide, rapide, pr\u00e9cis, le Bordelais a montr\u00e9 tout son talent au Centre Bell, assez rempli pour l&rsquo;occasion. Dans un programme riche et complet, le Fran\u00e7ais a pass\u00e9 ses quatre quadruples sauts sans probl\u00e8me. Il a m\u00eame termin\u00e9 son programme par un backflip. <em>\u00ab J&rsquo;ai fait mon boulot sur le programme, je pouvais m&rsquo;amuser un peu pour moi, pour le public \u00bb<\/em> ajoute-t-il. M\u00eame si c&rsquo;est interdit, et que cela lui co\u00fbte quelques points, c&rsquo;est sa marque de fabrique. Il l&rsquo;avait d\u00e9j\u00e0 r\u00e9alis\u00e9 aux Championnats d&rsquo;Europe.<\/p>\n<blockquote>\n<p style=\"text-align: justify;\">J&rsquo;ai mis du temps \u00e0 passer \u00e0 autre chose.<\/p>\n<\/blockquote>\n<p style=\"text-align: justify;\">Le Bordelais a \u00e9videmment sign\u00e9 une magnifique prestation, acclam\u00e9e intens\u00e9ment par le public. Connaisseur, ce dernier ne se trompe pas en reconnaissant le talent. En entrevue en sortie de glace, il est longuement revenu sur les derni\u00e8res heures. <em>\u00ab J&rsquo;ai mis du temps \u00e0 passer \u00e0 autre chose \u00bb<\/em> indique-t-il d&#8217;embl\u00e9e. Il sait que la le\u00e7on qu&rsquo;il a prise jeudi va lui servir. <em>\u00ab Elle fait mal. Dans une carri\u00e8re d&rsquo;athl\u00e8te, \u00e7a arrive \u00e0 tout le monde \u00bb<\/em>. Il dit \u00e9galement prendre l&rsquo;exemple de <strong>Nathan Chen<\/strong> qui avait compl\u00e8tement rat\u00e9 son programme court aux JO 2018 avant d&rsquo;\u00eatre champion du monde puis champion olympique. Le Bordelais conclut en r\u00e9pondant \u00e0 son coach qui l&rsquo;a entra\u00een\u00e9 \u00e0 \u00eatre boxeur en entrant sur la glace : <em>\u00ab Oui, c&rsquo;\u00e9tait vraiment un combat contre moi-m\u00eame \u00bb<\/em>. Son programme libre laissait entrevoir une remont\u00e9e au classement, nous n&rsquo;\u00e9tions pas au bout de nos surprises.<\/p>\n<blockquote class=\"twitter-tweet\">\n<p dir=\"ltr\" lang=\"in\">Adam SIAO HIM FA<a href=\"https:\/\/twitter.com\/hashtag\/WorldsMTL24?src=hash&amp;ref_src=twsrc%5Etfw\">#WorldsMTL24<\/a> <a href=\"https:\/\/twitter.com\/hashtag\/MondiauxMTL24?src=hash&amp;ref_src=twsrc%5Etfw\">#MondiauxMTL24<\/a> <a href=\"https:\/\/twitter.com\/hashtag\/WorldFigure2024?src=hash&amp;ref_src=twsrc%5Etfw\">#WorldFigure2024<\/a> <a href=\"https:\/\/t.co\/TEnrf9xruG\">pic.twitter.com\/TEnrf9xruG<\/a><\/p>\n<p>\u2014 Mao Yanzheng (@maoyanzheng) <a href=\"https:\/\/twitter.com\/maoyanzheng\/status\/1771673139811872961?ref_src=twsrc%5Etfw\">March 23, 2024<\/a><\/p><\/blockquote>\n<p><script src=\"https:\/\/platform.twitter.com\/widgets.js\" async=\"\" charset=\"utf-8\"><\/script><\/p>\n<h2 style=\"text-align: justify;\">Ilia Malinin au-dessus de la m\u00e9l\u00e9e<\/h2>\n<p style=\"text-align: justify;\">Apr\u00e8s ce coup de tonnerre d&rsquo;<strong>Adam Siao Him Fa<\/strong>, l&rsquo;ambiance est un peu redescendue dans le Centre Bell pour les autres concurrents, comme si le public avait \u00e9t\u00e9 abasourdi par ce qu&rsquo;il venait de voir. Mais il faisait entendre sa voix et ses rugissements pour le combat de titans entre les pr\u00e9tendants au titre supr\u00eame. Et l&rsquo;histoire s&rsquo;est \u00e9crite devant les yeux des spectateurs m\u00e9dus\u00e9s. Pourtant, fort de 30 points d&rsquo;avance, le champion du monde en titre, <strong>Shoma Uno<\/strong>, craque et tombe dans son programme. Il termine derri\u00e8re le Fran\u00e7ais, toujours en t\u00eate \u00e0 ce moment-l\u00e0 ! Le Japonais ne fera pas la passe de trois comme sa compatriote la veille. C&rsquo;est donc s\u00fbr, <strong>Adam Siao Him Fa<\/strong> sera m\u00e9daill\u00e9, 14 ans apr\u00e8s <strong>Brian Joubert<\/strong> \u00e0 Turin en 2010. Restait alors \u00e0 conna\u00eetre le m\u00e9tal si les deux derniers candidats se ratent aussi.<\/p>\n<p style=\"text-align: justify;\">Ce ne fut pas le cas. Le Japonais <strong>Yuma<\/strong> <strong>Kagiyama<\/strong> rend une copie propre. Il termine 2 points derri\u00e8re le Tricolore pour le libre, mais l&rsquo;avance du court le met en t\u00eate de l&rsquo;\u00e9v\u00e9nement. Et l&rsquo;apoth\u00e9ose \u00e9tait encore \u00e0 venir. L&rsquo;Am\u00e9ricain <strong>Ilia Malinin<\/strong> a touch\u00e9 au sublime pour son programme. Six quadruples, dont un quadruple Axel, tout parfaitement ma\u00eetris\u00e9 et ex\u00e9cut\u00e9 et c&rsquo;est un record du monde du libre pour le jeune gamin de Faifax. Il est juste injouable et met 24 points \u00e0 son poursuivant direct ! Il est tout simplement au-dessus de tout le monde, le meilleur sur les deux jours. Si l&rsquo;Am\u00e9ricain est record ce samedi soir, <strong>Adam Siao Him Fa<\/strong> \u00e9crit aussi l&rsquo;histoire en \u00e9tant le premier \u00e0 remonter de la 19\u00e8me place \u00e0 la 3\u00e8me. Cela rappelle la remont\u00e9e de la Russe <strong>Alexandra Trusova<\/strong> de la 12\u00e8me \u00e0 la 3\u00e8me place en 2021 \u00e0 Stockholm.<\/p>\n<blockquote class=\"twitter-tweet\">\n<p dir=\"ltr\" lang=\"en\">OH MY QUAD!<\/p>\n<p>\ud83c\uddfa\ud83c\uddf8 \u00ab\u00a0Quad God\u00a0\u00bb Ilia Malinin lands six quadruple jumps in a record free skate to claim his first <a href=\"https:\/\/twitter.com\/hashtag\/WorldFigure?src=hash&amp;ref_src=twsrc%5Etfw\">#WorldFigure<\/a> title \ud83e\udd47<\/p>\n<p>\ud83e\udd48 Kagiyama Yuma \ud83c\uddef\ud83c\uddf5<br \/>\n\ud83e\udd49Adam Siao Him Fa \ud83c\uddeb\ud83c\uddf7 <a href=\"https:\/\/t.co\/S9tm4brfFu\">https:\/\/t.co\/S9tm4brfFu<\/a> <a href=\"https:\/\/t.co\/rreODfD8Zk\">pic.twitter.com\/rreODfD8Zk<\/a><\/p>\n<p>\u2014 The Olympic Games (@Olympics) <a href=\"https:\/\/twitter.com\/Olympics\/status\/1771727713729970176?ref_src=twsrc%5Etfw\">March 24, 2024<\/a><\/p><\/blockquote>\n<p><script src=\"https:\/\/platform.twitter.com\/widgets.js\" async=\"\" charset=\"utf-8\"><\/script><\/p>\n<h2>R\u00e9actions<\/h2>\n<p style=\"text-align: justify;\"><strong>Ilia Malinin :<\/strong> <em>\u00ab C&rsquo;est dur d&rsquo;expliquer ce que j&rsquo;ai fait pour pr\u00e9parer ce programme, mais c&rsquo;est surtout croire en son entra\u00eenement pour \u00eatre \u00e0 100%. C&rsquo;est sur la glace que j&rsquo;ai su que je tenterai le quadruple Axel. Mais je vais continuer de travailler, car mes adversaires ont fait de beaux programmes. Je connais Adam depuis quelques ann\u00e9es, donc je savais qu&rsquo;il pouvait \u00eatre redoutable \u00bb<\/em>.<\/p>\n<p style=\"text-align: justify;\"><strong>Adam Siao Him Fa<\/strong> : <em>\u00ab Cette comp\u00e9tition est faite de hauts et de bas et beaucoup d&rsquo;\u00e9motions. Je n&rsquo;imaginai pas gagner une m\u00e9daille apr\u00e8s le programme court. Je me suis juste concentr\u00e9 sur mon patinage dans le libre. Et la m\u00e9daille me donne encore plus de motivation pour la suite. Et oui, j&rsquo;ai cru que les 2 points de p\u00e9nalit\u00e9 pourraient avoir de l&rsquo;importance. Les 2h d&rsquo;attente \u00e9taient tr\u00e8s longues, mais c&rsquo;\u00e9tait sympa de suivre les autres programmes. Et je n&rsquo;ai r\u00e9alis\u00e9 que je serais m\u00e9daill\u00e9 que lorsque j&rsquo;ai vu les points de Shoma Uno \u00bb<\/em>.<\/p>\n<h2 style=\"text-align: justify;\" align=\"justify\">Luc Economides satisfait<\/h2>\n<p style=\"text-align: justify;\">Sur un medley de Charlie Chaplin, <strong>Luc Economides<\/strong> bouge en rythme tel le personnage de Charlot, reprenant gimmicks et attitudes pour emmener le public avec lui. <em>\u00ab J&rsquo;ai fait quelques erreurs par-ci par-l\u00e0 sur ce programme libre, notamment un triple Axel que j&rsquo;engage un peu trop pour un exc\u00e8s de confiance \u00bb <\/em>dit-il en sortant de la glace. C&rsquo;\u00e9tait un premier Mondial d&rsquo;apprentissage pour lui. <em>\u00ab J&rsquo;ai montr\u00e9 que je pouvais \u00eatre \u00e0 un niveau mondial \u00bb<\/em> poursuit-il. Le Normand conclut sur des paroles de satisfaction : <em>\u00ab Je suis content qu&rsquo;on me fasse confiance pour ces gros \u00e9v\u00e9nements. Et sur l&rsquo;ensemble de la comp\u00e9tition, je suis content, car j&rsquo;ai r\u00e9pondu pr\u00e9sent et je n&rsquo;ai jamais rien l\u00e2ch\u00e9 \u00bb<\/em>. Il termine 21\u00e8me finalement.<\/p>\n<h2 style=\"text-align: justify;\" align=\"justify\">Danse sur glace : Les Am\u00e9ricains au-dessus, les Canadiens argent\u00e9s \u00e0 domicile<strong><br \/>\n<\/strong><\/h2>\n<p style=\"text-align: justify;\">Avec l&rsquo;enjeu et leur positionnement dans le groupe, les Fran\u00e7ais <strong>Lo\u00efcia Demougeot<\/strong> et <strong>Th\u00e9o Le Mercier\u00a0<\/strong>n&rsquo;ont pas forc\u00e9ment patin\u00e9 de mani\u00e8re fluide et d\u00e9tendue comme ils en ont l&rsquo;habitude. Ils avoueront eux-m\u00eames en interview qu&rsquo;ils \u00e9taient tr\u00e8s stress\u00e9s. <em>\u00ab On a tenu debout, mais ce n&rsquo;\u00e9tait pas suffisant \u00bb<\/em>, glissera m\u00eame Th\u00e9o Le Mercier.<em> \u00ab Avec ce qu&rsquo;on fait, on ne pouvait pas esp\u00e9rer mieux \u00bb<\/em> rajoutera-t-il ensuite. Sa partenaire pr\u00e9cise <em>\u00ab qu&rsquo;ils ont d\u00fb calmer le jeu pour \u00eatre assez propre, au risque de faire des erreurs \u00bb<\/em>. <strong>Lo\u00efcia Demougeot<\/strong> compl\u00e8te : <em>\u00ab \u00c7a a moins transmis ce que \u00e7a avait transmis aux Europe au niveau des \u00e9motions, de la puissance \u00bb<\/em>. Ils restent cependant contents de terminer sur cette note-l\u00e0, m\u00eame si leur entra\u00eeneur n&rsquo;\u00e9tait pas tout \u00e0 fait d&rsquo;accord avec eux. <strong>Karine Arribert-Narce<\/strong> indique que pour elle : <em>\u00ab Ils avaient peur, car ils avaient un objectif qui n&rsquo;\u00e9tait pas le mien. Donc c&rsquo;\u00e9tait un petit libre \u00bb<\/em>.<\/p>\n<p style=\"text-align: justify;\">Pour l&rsquo;autre duo fran\u00e7ais, la frustration \u00e9tait aussi le ma\u00eetre mot. Avec une s\u00e9rie de pas d&rsquo;une difficult\u00e9 moindre que d&rsquo;habitude, <strong>Evgeniia Lopareva<\/strong> et <strong>Geoffrey Brissaud<\/strong> perdent une place au final pour terminer 8\u1d49. <em>\u00ab C&rsquo;\u00e9tait un petit peu stressant. J&rsquo;essayais de penser : pas tromper, pas tromper, mais j&rsquo;ai quand m\u00eame un petit peu pens\u00e9 et je pensais performance \u00bb<\/em> soulignait la jeune femme d&rsquo;origine russe. L&rsquo;\u00e9tat d&rsquo;esprit de son partenaire \u00e9tait plut\u00f4t \u00e0 l&rsquo;oppos\u00e9 : <em>\u00ab J&rsquo;ai pris ma pause et j&rsquo;ai arr\u00eat\u00e9 de penser, On va faire ce qu&rsquo;on sait faire de toute fa\u00e7on. Et je me suis vraiment amus\u00e9 sur ce programme \u00bb<\/em>. Mais le r\u00e9sultat serr\u00e9 avec les Lituaniens et les Am\u00e9ricains est un motif de satisfaction tout m\u00eame. Un cap semble pass\u00e9 pour le duo. En effet, ils passent les 80 points en danse, 120 en libre et 200 au total, un bilan positif pour l&rsquo;avenir. <em>\u00ab On a l&rsquo;avantage d&rsquo;\u00eatre jeunes et on se pousse avec les autres teams, donc c&rsquo;est positif. J&rsquo;ose esp\u00e9rer que tout le monde a vu qu&rsquo;on avait avanc\u00e9 sur les choses qu&rsquo;on avait demand\u00e9 d&rsquo;avancer \u00bb,<\/em> rajoute <strong>Geoffrey Brissaud<\/strong>. La France aura de nouveau deux duos l&rsquo;an prochain \u00e0 Boston.<\/p>\n<p style=\"text-align: justify;\">Pour les autres couples, le final a \u00e9t\u00e9 \u00e0 suspense, comme pr\u00e9vu. Si les Am\u00e9ricains <strong>Madison Chock<\/strong> et <strong>Evan Bates<\/strong> ont encore \u00e9pat\u00e9 le public sur la bande sonore de <em>Dark Side of the moon<\/em> des Pink Floyd. Avec l&rsquo;avance suite au programme court, ils confirment leur titre de l&rsquo;an dernier. Il s&rsquo;agit de leur 5\u00e8me m\u00e9daille mondiale, un record pour une \u00e9quipe am\u00e9ricaine dans cette discipline. Si le titre leur semblait promis, le duel pour la m\u00e9daille d&rsquo;argent a \u00e9t\u00e9 serr\u00e9 jusqu\u2019au bout. Si les Italiens <strong>Charl\u00e8ne Guignard<\/strong> et <strong>Marco Fabbri<\/strong>, vice-champions du monde en 2023, avaient r\u00e9alis\u00e9 un beau programme, leurs adversaires canadiens ont \u00e9t\u00e9 brillants. Port\u00e9 par la foule, acquise \u00e0 sa cause, le tandem <strong>Piper Gilles<\/strong>\/<strong>Paul Poirier<\/strong> a virevolt\u00e9 sur le gla\u00e7on et a transform\u00e9 le bronze obtenu au Japon en argent, pour le grand bonheur des supporters locaux, bruyants et euphoriques.<\/p>\n<blockquote class=\"twitter-tweet\">\n<p dir=\"ltr\" lang=\"en\">\ud83c\udfc6 Final results for the Ice Dance event at <a href=\"https:\/\/twitter.com\/hashtag\/WorldFigure?src=hash&amp;ref_src=twsrc%5Etfw\">#WorldFigure<\/a> in Montreal, \ud83c\udde8\ud83c\udde6\u2070<br \/>\n\ud83e\udd47 Chock \/ Bates<br \/>\n\ud83e\udd48 Gilles \/ Poirier<br \/>\n\ud83e\udd49 Guignard \/ Fabbri<a href=\"https:\/\/twitter.com\/hashtag\/FigureSkating?src=hash&amp;ref_src=twsrc%5Etfw\">#FigureSkating<\/a><\/p>\n<p>\ud83d\udd17 <a href=\"https:\/\/t.co\/JP5zyXb4L5\">https:\/\/t.co\/JP5zyXb4L5<\/a> <a href=\"https:\/\/t.co\/xunuThlf3q\">pic.twitter.com\/xunuThlf3q<\/a><\/p>\n<p>\u2014 ISU Figure Skating (@ISU_Figure) <a href=\"https:\/\/twitter.com\/ISU_Figure\/status\/1771652907533816081?ref_src=twsrc%5Etfw\">March 23, 2024<\/a><\/p><\/blockquote>\n<p><script async src=\"https:\/\/platform.twitter.com\/widgets.js\" charset=\"utf-8\"><\/script><\/p>\n<ul style=\"text-align: justify;\">\n<li style=\"text-align: justify;\"><strong>\u00c0 ce sujet &#8211; <a title=\"Tableau des m\u00e9dailles Championnats du monde patinage artistique 2024\" href=\"https:\/\/dicodusport.fr\/blog\/tableau-des-medailles-championnats-du-monde-patinage-artistique-2024\/\" target=\"_blank\" rel=\"noopener\">Tableau des m\u00e9dailles des Mondiaux de patinage artistique 2024<\/a><\/strong><\/li>\n<\/ul>\n<p style=\"text-align: justify;\">\n","protected":false},"excerpt":{"rendered":"<p>CHAMPIONNATS DU MONDE DE PATINAGE ARTISTIQUE 2024 \u2013 Le Fran\u00e7ais Adam Siao Him Fa, 19\u00e8me apr\u00e8s le court, d\u00e9croche le bronze avec un incroyable programme libre.<\/p>\n","protected":false},"author":10,"featured_media":474355,"comment_status":"open","ping_status":"closed","sticky":false,"template":"","format":"standard","meta":{"_acf_changed":false,"_daextam_enable_autolinks":"1","footnotes":""},"categories":[9141],"tags":[27759,16878,30509,27450,2289,24],"class_list":["post-474273","post","type-post","status-publish","format-standard","has-post-thumbnail","hentry","category-patinage-artistique","tag-adam-siao-him-fa","tag-breve","tag-championnats-du-monde-de-patinage-artistique","tag-ilia-malinin","tag-patinage-artistique","tag-sport"],"acf":[],"yoast_head":"<!-- This site is optimized with the Yoast SEO Premium plugin v26.7 (Yoast SEO v26.7) - https:\/\/yoast.com\/wordpress\/plugins\/seo\/ -->\n<title>Mondiaux Patinage artistique : Adam Siao Him Fa en bronze !<\/title>\n<meta name=\"description\" content=\"CHAMPIONNATS DU MONDE DE PATINAGE ARTISTIQUE 2024 \u2013 Le Fran\u00e7ais Adam Siao Him Fa, 19\u00e8me apr\u00e8s le court, d\u00e9croche le bronze avec un incroyable programme libre.\" \/>\n<meta name=\"robots\" content=\"index, follow, max-snippet:-1, max-image-preview:large, max-video-preview:-1\" \/>\n<link rel=\"canonical\" href=\"https:\/\/dicodusport.fr\/blog\/mondiaux-patinage-artistique-adam-siao-him-fa-en-bronze\/\" \/>\n<meta property=\"og:locale\" content=\"fr_FR\" \/>\n<meta property=\"og:type\" content=\"article\" \/>\n<meta property=\"og:title\" content=\"Mondiaux Patinage artistique : Adam Siao Him Fa en bronze !\" \/>\n<meta property=\"og:description\" content=\"CHAMPIONNATS DU MONDE DE PATINAGE ARTISTIQUE 2024 \u2013 Le Fran\u00e7ais Adam Siao Him Fa, 19\u00e8me apr\u00e8s le court, d\u00e9croche le bronze avec un incroyable programme libre.\" \/>\n<meta property=\"og:url\" content=\"https:\/\/dicodusport.fr\/blog\/mondiaux-patinage-artistique-adam-siao-him-fa-en-bronze\/\" \/>\n<meta property=\"og:site_name\" content=\"Dicodusport\" \/>\n<meta property=\"article:publisher\" content=\"https:\/\/www.facebook.com\/dicodusport\" \/>\n<meta property=\"article:published_time\" content=\"2024-03-24T05:06:55+00:00\" \/>\n<meta property=\"article:modified_time\" content=\"2024-03-24T10:14:45+00:00\" \/>\n<meta property=\"og:image\" content=\"https:\/\/dicodusport.fr\/blog\/wp-content\/uploads\/2024\/03\/Mondiaux-Patinage-artistique-Adam-Siao-Him-Fa-en-bronze-.png\" \/>\n\t<meta property=\"og:image:width\" content=\"1200\" \/>\n\t<meta property=\"og:image:height\" content=\"674\" \/>\n\t<meta property=\"og:image:type\" content=\"image\/png\" \/>\n<meta name=\"author\" content=\"Damien Meunier\" \/>\n<meta name=\"twitter:card\" content=\"summary_large_image\" \/>\n<meta name=\"twitter:title\" content=\"Mondiaux Patinage artistique : Adam Siao Him Fa en bronze !\" \/>\n<meta name=\"twitter:creator\" content=\"@https:\/\/x.com\/DamienMeunier69\" \/>\n<meta name=\"twitter:site\" content=\"@dicodusport\" \/>\n<script type=\"application\/ld+json\" class=\"yoast-schema-graph\">{\"@context\":\"https:\/\/schema.org\",\"@graph\":[{\"@type\":\"NewsArticle\",\"@id\":\"https:\/\/dicodusport.fr\/blog\/mondiaux-patinage-artistique-adam-siao-him-fa-en-bronze\/#article\",\"isPartOf\":{\"@id\":\"https:\/\/dicodusport.fr\/blog\/mondiaux-patinage-artistique-adam-siao-him-fa-en-bronze\/\"},\"author\":{\"name\":\"Damien Meunier\",\"@id\":\"https:\/\/dicodusport.fr\/blog\/#\/schema\/person\/7ce262eb34bbc1847cff5f60345d4735\"},\"headline\":\"Mondiaux Patinage artistique : Adam Siao Him Fa en bronze !\",\"datePublished\":\"2024-03-24T05:06:55+00:00\",\"dateModified\":\"2024-03-24T10:14:45+00:00\",\"mainEntityOfPage\":{\"@id\":\"https:\/\/dicodusport.fr\/blog\/mondiaux-patinage-artistique-adam-siao-him-fa-en-bronze\/\"},\"wordCount\":1812,\"commentCount\":0,\"publisher\":{\"@id\":\"https:\/\/dicodusport.fr\/blog\/#organization\"},\"image\":{\"@id\":\"https:\/\/dicodusport.fr\/blog\/mondiaux-patinage-artistique-adam-siao-him-fa-en-bronze\/#primaryimage\"},\"thumbnailUrl\":\"https:\/\/dicodusport.fr\/blog\/wp-content\/uploads\/2024\/03\/Mondiaux-Patinage-artistique-Adam-Siao-Him-Fa-en-bronze-.png\",\"keywords\":[\"Adam Siao Him Fa\",\"br\u00e8ve\",\"championnats du monde de patinage artistique\",\"ilia malinin\",\"Patinage artistique\",\"sport\"],\"articleSection\":[\"Patinage artistique\"],\"inLanguage\":\"fr-FR\",\"potentialAction\":[{\"@type\":\"CommentAction\",\"name\":\"Comment\",\"target\":[\"https:\/\/dicodusport.fr\/blog\/mondiaux-patinage-artistique-adam-siao-him-fa-en-bronze\/#respond\"]}],\"copyrightYear\":\"2024\",\"copyrightHolder\":{\"@id\":\"https:\/\/dicodusport.fr\/blog\/#organization\"}},{\"@type\":\"WebPage\",\"@id\":\"https:\/\/dicodusport.fr\/blog\/mondiaux-patinage-artistique-adam-siao-him-fa-en-bronze\/\",\"url\":\"https:\/\/dicodusport.fr\/blog\/mondiaux-patinage-artistique-adam-siao-him-fa-en-bronze\/\",\"name\":\"Mondiaux Patinage artistique : Adam Siao Him Fa en bronze !\",\"isPartOf\":{\"@id\":\"https:\/\/dicodusport.fr\/blog\/#website\"},\"primaryImageOfPage\":{\"@id\":\"https:\/\/dicodusport.fr\/blog\/mondiaux-patinage-artistique-adam-siao-him-fa-en-bronze\/#primaryimage\"},\"image\":{\"@id\":\"https:\/\/dicodusport.fr\/blog\/mondiaux-patinage-artistique-adam-siao-him-fa-en-bronze\/#primaryimage\"},\"thumbnailUrl\":\"https:\/\/dicodusport.fr\/blog\/wp-content\/uploads\/2024\/03\/Mondiaux-Patinage-artistique-Adam-Siao-Him-Fa-en-bronze-.png\",\"datePublished\":\"2024-03-24T05:06:55+00:00\",\"dateModified\":\"2024-03-24T10:14:45+00:00\",\"description\":\"CHAMPIONNATS DU MONDE DE PATINAGE ARTISTIQUE 2024 \u2013 Le Fran\u00e7ais Adam Siao Him Fa, 19\u00e8me apr\u00e8s le court, d\u00e9croche le bronze avec un incroyable programme libre.\",\"breadcrumb\":{\"@id\":\"https:\/\/dicodusport.fr\/blog\/mondiaux-patinage-artistique-adam-siao-him-fa-en-bronze\/#breadcrumb\"},\"inLanguage\":\"fr-FR\",\"potentialAction\":[{\"@type\":\"ReadAction\",\"target\":[\"https:\/\/dicodusport.fr\/blog\/mondiaux-patinage-artistique-adam-siao-him-fa-en-bronze\/\"]}]},{\"@type\":\"ImageObject\",\"inLanguage\":\"fr-FR\",\"@id\":\"https:\/\/dicodusport.fr\/blog\/mondiaux-patinage-artistique-adam-siao-him-fa-en-bronze\/#primaryimage\",\"url\":\"https:\/\/dicodusport.fr\/blog\/wp-content\/uploads\/2024\/03\/Mondiaux-Patinage-artistique-Adam-Siao-Him-Fa-en-bronze-.png\",\"contentUrl\":\"https:\/\/dicodusport.fr\/blog\/wp-content\/uploads\/2024\/03\/Mondiaux-Patinage-artistique-Adam-Siao-Him-Fa-en-bronze-.png\",\"width\":1200,\"height\":674,\"caption\":\"Mondiaux Patinage artistique - Adam Siao Him Fa en bronze ! - Photo Icon Sport\"},{\"@type\":\"BreadcrumbList\",\"@id\":\"https:\/\/dicodusport.fr\/blog\/mondiaux-patinage-artistique-adam-siao-him-fa-en-bronze\/#breadcrumb\",\"itemListElement\":[{\"@type\":\"ListItem\",\"position\":1,\"name\":\"Accueil\",\"item\":\"https:\/\/dicodusport.fr\/blog\/\"},{\"@type\":\"ListItem\",\"position\":2,\"name\":\"Mondiaux Patinage artistique : Adam Siao Him Fa en bronze !\"}]},{\"@type\":\"WebSite\",\"@id\":\"https:\/\/dicodusport.fr\/blog\/#website\",\"url\":\"https:\/\/dicodusport.fr\/blog\/\",\"name\":\"Dicodusport\",\"description\":\"L&#039;encyclop\u00e9die de l&#039;actualit\u00e9 sportive\",\"publisher\":{\"@id\":\"https:\/\/dicodusport.fr\/blog\/#organization\"},\"potentialAction\":[{\"@type\":\"SearchAction\",\"target\":{\"@type\":\"EntryPoint\",\"urlTemplate\":\"https:\/\/dicodusport.fr\/blog\/?s={search_term_string}\"},\"query-input\":{\"@type\":\"PropertyValueSpecification\",\"valueRequired\":true,\"valueName\":\"search_term_string\"}}],\"inLanguage\":\"fr-FR\"},{\"@type\":\"NewsMediaOrganization\",\"@id\":\"https:\/\/dicodusport.fr\/blog\/#organization\",\"name\":\"Dicodusport\",\"url\":\"https:\/\/dicodusport.fr\/blog\/\",\"logo\":{\"@type\":\"ImageObject\",\"inLanguage\":\"fr-FR\",\"@id\":\"https:\/\/dicodusport.fr\/blog\/#\/schema\/logo\/image\/\",\"url\":\"https:\/\/dicodusport.fr\/blog\/wp-content\/uploads\/2020\/06\/cropped-LOGO-DICODUSPORT-2020-SANS-FOND-SANS-TEXTE.png\",\"contentUrl\":\"https:\/\/dicodusport.fr\/blog\/wp-content\/uploads\/2020\/06\/cropped-LOGO-DICODUSPORT-2020-SANS-FOND-SANS-TEXTE.png\",\"width\":512,\"height\":512,\"caption\":\"Dicodusport\"},\"image\":{\"@id\":\"https:\/\/dicodusport.fr\/blog\/#\/schema\/logo\/image\/\"},\"sameAs\":[\"https:\/\/www.facebook.com\/dicodusport\",\"https:\/\/x.com\/dicodusport\",\"https:\/\/www.instagram.com\/dicodusport\/\",\"https:\/\/www.youtube.com\/channel\/UC7V2KZ5sd3htJivAbA4ZG3w\"],\"description\":\"Dicodusport est l'encyclop\u00e9die de l'actualit\u00e9 sportive.\",\"email\":\"bonjour@dicodusport.fr\",\"legalName\":\"DICODUSPORT\",\"foundingDate\":\"2018-01-14\",\"vatID\":\"FR71834470973\",\"taxID\":\"83447097300043\",\"numberOfEmployees\":{\"@type\":\"QuantitativeValue\",\"minValue\":\"1\",\"maxValue\":\"10\"}},{\"@type\":\"Person\",\"@id\":\"https:\/\/dicodusport.fr\/blog\/#\/schema\/person\/7ce262eb34bbc1847cff5f60345d4735\",\"name\":\"Damien Meunier\",\"image\":{\"@type\":\"ImageObject\",\"inLanguage\":\"fr-FR\",\"@id\":\"https:\/\/dicodusport.fr\/blog\/#\/schema\/person\/image\/\",\"url\":\"https:\/\/secure.gravatar.com\/avatar\/dfe0549a73ac21bb20dfdf302b222ba2?s=96&d=wp_user_avatar&r=g\",\"contentUrl\":\"https:\/\/secure.gravatar.com\/avatar\/dfe0549a73ac21bb20dfdf302b222ba2?s=96&d=wp_user_avatar&r=g\",\"caption\":\"Damien Meunier\"},\"description\":\"Journaliste\/r\u00e9dacteur depuis d\u00e9cembre 2016 - Amateur professionnel de sport, d\u2019abord le football, j\u2019aurais pu en faire mon m\u00e9tier. Mais bon, vous savez les \u2026 non, pas les crois\u00e9s, ils vont bien eux. Juste un manque de talent, de technique et de niveau surtout. Mais cette passion est ancr\u00e9e en moi telle la pomme dans la tarte tatin. Le c\u00f4t\u00e9 suiveur\/supporter est \u00e9videmment important au quotidien, que ce soit un soir de juillet 1998 en banlieue lyonnaise ou de juillet 2018 \u00e0 Montr\u00e9al. Car oui, depuis ma France natale, j\u2019ai migr\u00e9 outre-Atlantique, au pays des caribous. L\u00e0, le football se joue \u00e0 la main et non au pied. Et surtout, la religion sportive est plut\u00f4t froide et se joue avec une crosse. Non, ce n\u2019est pas le curling ni le Lacrosse, encore que, mais le hockey sur glace. Une autre vision, une autre culture. On troque les crudit\u00e9s devant la t\u00e9l\u00e9 pour une poutine et on s\u2019installe avec notre chandail pour suivre cela. Et en moins de temps qu\u2019il ne faut pour le dire, ou la vitesse d\u2019un slap shot de McDavid ou un arr\u00eat de la mitaine de Price, j\u2019\u00e9cris sur de l\u2019actualit\u00e9 par ici mais aussi le sport f\u00e9minin, pas assez mis en avant.\",\"sameAs\":[\"https:\/\/x.com\/https:\/\/x.com\/DamienMeunier69\"],\"url\":\"https:\/\/dicodusport.fr\/blog\/author\/damien-m\/\"}]}<\/script>\n<!-- \/ Yoast SEO Premium plugin. -->","yoast_head_json":{"title":"Mondiaux Patinage artistique : Adam Siao Him Fa en bronze !","description":"CHAMPIONNATS DU MONDE DE PATINAGE ARTISTIQUE 2024 \u2013 Le Fran\u00e7ais Adam Siao Him Fa, 19\u00e8me apr\u00e8s le court, d\u00e9croche le bronze avec un incroyable programme libre.","robots":{"index":"index","follow":"follow","max-snippet":"max-snippet:-1","max-image-preview":"max-image-preview:large","max-video-preview":"max-video-preview:-1"},"canonical":"https:\/\/dicodusport.fr\/blog\/mondiaux-patinage-artistique-adam-siao-him-fa-en-bronze\/","og_locale":"fr_FR","og_type":"article","og_title":"Mondiaux Patinage artistique : Adam Siao Him Fa en bronze !","og_description":"CHAMPIONNATS DU MONDE DE PATINAGE ARTISTIQUE 2024 \u2013 Le Fran\u00e7ais Adam Siao Him Fa, 19\u00e8me apr\u00e8s le court, d\u00e9croche le bronze avec un incroyable programme libre.","og_url":"https:\/\/dicodusport.fr\/blog\/mondiaux-patinage-artistique-adam-siao-him-fa-en-bronze\/","og_site_name":"Dicodusport","article_publisher":"https:\/\/www.facebook.com\/dicodusport","article_published_time":"2024-03-24T05:06:55+00:00","article_modified_time":"2024-03-24T10:14:45+00:00","og_image":[{"width":1200,"height":674,"url":"https:\/\/dicodusport.fr\/blog\/wp-content\/uploads\/2024\/03\/Mondiaux-Patinage-artistique-Adam-Siao-Him-Fa-en-bronze-.png","type":"image\/png"}],"author":"Damien Meunier","twitter_card":"summary_large_image","twitter_title":"Mondiaux Patinage artistique : Adam Siao Him Fa en bronze !","twitter_creator":"@https:\/\/x.com\/DamienMeunier69","twitter_site":"@dicodusport","schema":{"@context":"https:\/\/schema.org","@graph":[{"@type":"NewsArticle","@id":"https:\/\/dicodusport.fr\/blog\/mondiaux-patinage-artistique-adam-siao-him-fa-en-bronze\/#article","isPartOf":{"@id":"https:\/\/dicodusport.fr\/blog\/mondiaux-patinage-artistique-adam-siao-him-fa-en-bronze\/"},"author":{"name":"Damien Meunier","@id":"https:\/\/dicodusport.fr\/blog\/#\/schema\/person\/7ce262eb34bbc1847cff5f60345d4735"},"headline":"Mondiaux Patinage artistique : Adam Siao Him Fa en bronze !","datePublished":"2024-03-24T05:06:55+00:00","dateModified":"2024-03-24T10:14:45+00:00","mainEntityOfPage":{"@id":"https:\/\/dicodusport.fr\/blog\/mondiaux-patinage-artistique-adam-siao-him-fa-en-bronze\/"},"wordCount":1812,"commentCount":0,"publisher":{"@id":"https:\/\/dicodusport.fr\/blog\/#organization"},"image":{"@id":"https:\/\/dicodusport.fr\/blog\/mondiaux-patinage-artistique-adam-siao-him-fa-en-bronze\/#primaryimage"},"thumbnailUrl":"https:\/\/dicodusport.fr\/blog\/wp-content\/uploads\/2024\/03\/Mondiaux-Patinage-artistique-Adam-Siao-Him-Fa-en-bronze-.png","keywords":["Adam Siao Him Fa","br\u00e8ve","championnats du monde de patinage artistique","ilia malinin","Patinage artistique","sport"],"articleSection":["Patinage artistique"],"inLanguage":"fr-FR","potentialAction":[{"@type":"CommentAction","name":"Comment","target":["https:\/\/dicodusport.fr\/blog\/mondiaux-patinage-artistique-adam-siao-him-fa-en-bronze\/#respond"]}],"copyrightYear":"2024","copyrightHolder":{"@id":"https:\/\/dicodusport.fr\/blog\/#organization"}},{"@type":"WebPage","@id":"https:\/\/dicodusport.fr\/blog\/mondiaux-patinage-artistique-adam-siao-him-fa-en-bronze\/","url":"https:\/\/dicodusport.fr\/blog\/mondiaux-patinage-artistique-adam-siao-him-fa-en-bronze\/","name":"Mondiaux Patinage artistique : Adam Siao Him Fa en bronze !","isPartOf":{"@id":"https:\/\/dicodusport.fr\/blog\/#website"},"primaryImageOfPage":{"@id":"https:\/\/dicodusport.fr\/blog\/mondiaux-patinage-artistique-adam-siao-him-fa-en-bronze\/#primaryimage"},"image":{"@id":"https:\/\/dicodusport.fr\/blog\/mondiaux-patinage-artistique-adam-siao-him-fa-en-bronze\/#primaryimage"},"thumbnailUrl":"https:\/\/dicodusport.fr\/blog\/wp-content\/uploads\/2024\/03\/Mondiaux-Patinage-artistique-Adam-Siao-Him-Fa-en-bronze-.png","datePublished":"2024-03-24T05:06:55+00:00","dateModified":"2024-03-24T10:14:45+00:00","description":"CHAMPIONNATS DU MONDE DE PATINAGE ARTISTIQUE 2024 \u2013 Le Fran\u00e7ais Adam Siao Him Fa, 19\u00e8me apr\u00e8s le court, d\u00e9croche le bronze avec un incroyable programme libre.","breadcrumb":{"@id":"https:\/\/dicodusport.fr\/blog\/mondiaux-patinage-artistique-adam-siao-him-fa-en-bronze\/#breadcrumb"},"inLanguage":"fr-FR","potentialAction":[{"@type":"ReadAction","target":["https:\/\/dicodusport.fr\/blog\/mondiaux-patinage-artistique-adam-siao-him-fa-en-bronze\/"]}]},{"@type":"ImageObject","inLanguage":"fr-FR","@id":"https:\/\/dicodusport.fr\/blog\/mondiaux-patinage-artistique-adam-siao-him-fa-en-bronze\/#primaryimage","url":"https:\/\/dicodusport.fr\/blog\/wp-content\/uploads\/2024\/03\/Mondiaux-Patinage-artistique-Adam-Siao-Him-Fa-en-bronze-.png","contentUrl":"https:\/\/dicodusport.fr\/blog\/wp-content\/uploads\/2024\/03\/Mondiaux-Patinage-artistique-Adam-Siao-Him-Fa-en-bronze-.png","width":1200,"height":674,"caption":"Mondiaux Patinage artistique - Adam Siao Him Fa en bronze ! - Photo Icon Sport"},{"@type":"BreadcrumbList","@id":"https:\/\/dicodusport.fr\/blog\/mondiaux-patinage-artistique-adam-siao-him-fa-en-bronze\/#breadcrumb","itemListElement":[{"@type":"ListItem","position":1,"name":"Accueil","item":"https:\/\/dicodusport.fr\/blog\/"},{"@type":"ListItem","position":2,"name":"Mondiaux Patinage artistique : Adam Siao Him Fa en bronze !"}]},{"@type":"WebSite","@id":"https:\/\/dicodusport.fr\/blog\/#website","url":"https:\/\/dicodusport.fr\/blog\/","name":"Dicodusport","description":"L&#039;encyclop\u00e9die de l&#039;actualit\u00e9 sportive","publisher":{"@id":"https:\/\/dicodusport.fr\/blog\/#organization"},"potentialAction":[{"@type":"SearchAction","target":{"@type":"EntryPoint","urlTemplate":"https:\/\/dicodusport.fr\/blog\/?s={search_term_string}"},"query-input":{"@type":"PropertyValueSpecification","valueRequired":true,"valueName":"search_term_string"}}],"inLanguage":"fr-FR"},{"@type":"NewsMediaOrganization","@id":"https:\/\/dicodusport.fr\/blog\/#organization","name":"Dicodusport","url":"https:\/\/dicodusport.fr\/blog\/","logo":{"@type":"ImageObject","inLanguage":"fr-FR","@id":"https:\/\/dicodusport.fr\/blog\/#\/schema\/logo\/image\/","url":"https:\/\/dicodusport.fr\/blog\/wp-content\/uploads\/2020\/06\/cropped-LOGO-DICODUSPORT-2020-SANS-FOND-SANS-TEXTE.png","contentUrl":"https:\/\/dicodusport.fr\/blog\/wp-content\/uploads\/2020\/06\/cropped-LOGO-DICODUSPORT-2020-SANS-FOND-SANS-TEXTE.png","width":512,"height":512,"caption":"Dicodusport"},"image":{"@id":"https:\/\/dicodusport.fr\/blog\/#\/schema\/logo\/image\/"},"sameAs":["https:\/\/www.facebook.com\/dicodusport","https:\/\/x.com\/dicodusport","https:\/\/www.instagram.com\/dicodusport\/","https:\/\/www.youtube.com\/channel\/UC7V2KZ5sd3htJivAbA4ZG3w"],"description":"Dicodusport est l'encyclop\u00e9die de l'actualit\u00e9 sportive.","email":"bonjour@dicodusport.fr","legalName":"DICODUSPORT","foundingDate":"2018-01-14","vatID":"FR71834470973","taxID":"83447097300043","numberOfEmployees":{"@type":"QuantitativeValue","minValue":"1","maxValue":"10"}},{"@type":"Person","@id":"https:\/\/dicodusport.fr\/blog\/#\/schema\/person\/7ce262eb34bbc1847cff5f60345d4735","name":"Damien Meunier","image":{"@type":"ImageObject","inLanguage":"fr-FR","@id":"https:\/\/dicodusport.fr\/blog\/#\/schema\/person\/image\/","url":"https:\/\/secure.gravatar.com\/avatar\/dfe0549a73ac21bb20dfdf302b222ba2?s=96&d=wp_user_avatar&r=g","contentUrl":"https:\/\/secure.gravatar.com\/avatar\/dfe0549a73ac21bb20dfdf302b222ba2?s=96&d=wp_user_avatar&r=g","caption":"Damien Meunier"},"description":"Journaliste\/r\u00e9dacteur depuis d\u00e9cembre 2016 - Amateur professionnel de sport, d\u2019abord le football, j\u2019aurais pu en faire mon m\u00e9tier. Mais bon, vous savez les \u2026 non, pas les crois\u00e9s, ils vont bien eux. Juste un manque de talent, de technique et de niveau surtout. Mais cette passion est ancr\u00e9e en moi telle la pomme dans la tarte tatin. Le c\u00f4t\u00e9 suiveur\/supporter est \u00e9videmment important au quotidien, que ce soit un soir de juillet 1998 en banlieue lyonnaise ou de juillet 2018 \u00e0 Montr\u00e9al. Car oui, depuis ma France natale, j\u2019ai migr\u00e9 outre-Atlantique, au pays des caribous. L\u00e0, le football se joue \u00e0 la main et non au pied. Et surtout, la religion sportive est plut\u00f4t froide et se joue avec une crosse. Non, ce n\u2019est pas le curling ni le Lacrosse, encore que, mais le hockey sur glace. Une autre vision, une autre culture. On troque les crudit\u00e9s devant la t\u00e9l\u00e9 pour une poutine et on s\u2019installe avec notre chandail pour suivre cela. Et en moins de temps qu\u2019il ne faut pour le dire, ou la vitesse d\u2019un slap shot de McDavid ou un arr\u00eat de la mitaine de Price, j\u2019\u00e9cris sur de l\u2019actualit\u00e9 par ici mais aussi le sport f\u00e9minin, pas assez mis en avant.","sameAs":["https:\/\/x.com\/https:\/\/x.com\/DamienMeunier69"],"url":"https:\/\/dicodusport.fr\/blog\/author\/damien-m\/"}]}},"_links":{"self":[{"href":"https:\/\/dicodusport.fr\/blog\/wp-json\/wp\/v2\/posts\/474273","targetHints":{"allow":["GET"]}}],"collection":[{"href":"https:\/\/dicodusport.fr\/blog\/wp-json\/wp\/v2\/posts"}],"about":[{"href":"https:\/\/dicodusport.fr\/blog\/wp-json\/wp\/v2\/types\/post"}],"author":[{"embeddable":true,"href":"https:\/\/dicodusport.fr\/blog\/wp-json\/wp\/v2\/users\/10"}],"replies":[{"embeddable":true,"href":"https:\/\/dicodusport.fr\/blog\/wp-json\/wp\/v2\/comments?post=474273"}],"version-history":[{"count":5,"href":"https:\/\/dicodusport.fr\/blog\/wp-json\/wp\/v2\/posts\/474273\/revisions"}],"predecessor-version":[{"id":474410,"href":"https:\/\/dicodusport.fr\/blog\/wp-json\/wp\/v2\/posts\/474273\/revisions\/474410"}],"wp:featuredmedia":[{"embeddable":true,"href":"https:\/\/dicodusport.fr\/blog\/wp-json\/wp\/v2\/media\/474355"}],"wp:attachment":[{"href":"https:\/\/dicodusport.fr\/blog\/wp-json\/wp\/v2\/media?parent=474273"}],"wp:term":[{"taxonomy":"category","embeddable":true,"href":"https:\/\/dicodusport.fr\/blog\/wp-json\/wp\/v2\/categories?post=474273"},{"taxonomy":"post_tag","embeddable":true,"href":"https:\/\/dicodusport.fr\/blog\/wp-json\/wp\/v2\/tags?post=474273"}],"curies":[{"name":"wp","href":"https:\/\/api.w.org\/{rel}","templated":true}]}}