{"id":474275,"date":"2024-03-23T22:59:16","date_gmt":"2024-03-23T21:59:16","guid":{"rendered":"https:\/\/dicodusport.fr\/blog\/?p=474275&#038;preview=true&#038;preview_id=474275"},"modified":"2024-03-24T14:40:46","modified_gmt":"2024-03-24T13:40:46","slug":"france-allemagne-les-notes-des-bleus","status":"publish","type":"post","link":"https:\/\/dicodusport.fr\/blog\/france-allemagne-les-notes-des-bleus\/","title":{"rendered":"France &#8211; Allemagne : Les notes des Bleus"},"content":{"rendered":"<p style=\"text-align: justify;\"><strong><em>FOOTBALL &#8211; D\u00e9couvrez les notes des Bleus \u00e0 l&rsquo;issue du match France &#8211; Allemagne, apr\u00e8s la d\u00e9faite de la France au Parc OL (0-2).<\/em><\/strong><\/p>\n<ul>\n<li style=\"text-align: justify;\"><strong>\u00c0 ce sujet &#8211; <a href=\"https:\/\/dicodusport.fr\/blog\/actualites\/football\/\">L&rsquo;actualit\u00e9 du football<\/a><\/strong><\/li>\n<\/ul>\n<h2 style=\"text-align: justify;\">France &#8211; Allemagne : Les notes de l&rsquo;\u00e9quipe de France<\/h2>\n<p style=\"text-align: justify;\"><strong>Brice Samba &#8211; 5<\/strong><\/p>\n<p style=\"text-align: justify;\">Il ne peut rien sur le premier but et la frappe limpide de <strong>Florian Wirtz<\/strong>. Effac\u00e9 un peu trop facilement par Kai Havertz sur le second but allemand (49e). Il sort une belle parade au sol sur <strong>Maximilian Mittelstadt<\/strong> (79e). Avant de sortir une double parade sur <strong>Thomas M\u00fcller<\/strong> et <strong>Deniz Undav<\/strong> (81e). Un match un peu frustrant, avec peu de ballons \u00e0 n\u00e9gocier et deux buts encaiss\u00e9s. Mais il a sauv\u00e9 la France de la totale d\u00e9confiture.<\/p>\n<p style=\"text-align: justify;\"><strong>Jules Kound\u00e9 &#8211; 3<\/strong><\/p>\n<p style=\"text-align: justify;\">Il ne monte pas assez sur <strong>Florian Wirtz<\/strong>, qui a le temps d&rsquo;armer sa frappe sur l&rsquo;ouverture du score allemande (1e). Pr\u00e9misse d&rsquo;un match dans lequel il va souffrir tout du long, sur son c\u00f4t\u00e9 droit. Face \u00e0 un <strong>Florian Wirtz<\/strong> \u00e9tincellent au-del\u00e0 de son but. Offensivement, il n&rsquo;apporte pas plus, toujours un frein dans ce domaine. Il a perdu 10 de ses 47 ballons touch\u00e9s. Remplac\u00e9 par <strong>Jonathan Clauss<\/strong> (60e).<\/p>\n<p style=\"text-align: justify;\"><strong>Benjamin Pavard &#8211; 4,5<\/strong><\/p>\n<p style=\"text-align: justify;\">Il a un peu plus souffert en d\u00e9fense centrale. Peu aid\u00e9 par le match catastrophique de <strong>Jules Kound\u00e9<\/strong> (lire plus haut). Il a parfois essay\u00e9 de sauver les meubles et a malgr\u00e9 tout r\u00e9alis\u00e9 huit interventions d\u00e9fensives. Mais est impliqu\u00e9 sur le second but allemand.<\/p>\n<p style=\"text-align: justify;\"><strong>Dayot Upamecano &#8211; 6,5<\/strong><\/p>\n<p style=\"text-align: justify;\">Lui aussi fautif sur le but allemand, o\u00f9 il tarde \u00e0 monter sur Florian Wirtz (1e). Mais ensuite, il aura \u00e9t\u00e9 le pompier de service d&rsquo;une d\u00e9fense fran\u00e7aise qui a pris feu tout du long. Un gros retour d\u00e9fensif sur <strong>Jamal Musiala<\/strong> (31e). Encore un gros retour sur ce m\u00eame joueur (58e). Sans lui, les Bleus en auraient encaiss\u00e9 peut-\u00eatre trois ou quatre de plus. Par ailleurs, il a \u00e9t\u00e9 propre \u00e0 la relance, avec quatre petits ballons perdus.<\/p>\n<p style=\"text-align: justify;\"><strong>Lucas Hernandez &#8211; 5,5<\/strong><\/p>\n<p style=\"text-align: justify;\">Il lance bien Kylian Mbapp\u00e9 (25e) \u00e0 l&rsquo;image d&rsquo;un match dans lequel il a essay\u00e9 d&rsquo;apporter, mais n&rsquo;a pas toujours r\u00e9ussi. Auteur d&rsquo;un \u00e9norme retour d\u00e9fensif sur <strong>Kai Havertz<\/strong>. Mais il est pris de vitesse par ce m\u00eame Kai Havertz sur le 2e but allemand (49e). Ce qui g\u00e2che un match qui \u00e9tait jusque-l\u00e0 solide, avec six duels gagn\u00e9s sur les six possibles. Remplac\u00e9 par <strong>Th\u00e9o Hernandez<\/strong> (60e). Auteur d&rsquo;un gros retour d\u00e9fensif sur <strong>Ikay Gundogan<\/strong> (65e).<\/p>\n<blockquote class=\"twitter-tweet\">\n<p dir=\"ltr\" lang=\"fr\">L&rsquo;Equipe de France s&rsquo;incline face \u00e0 l&rsquo;Allemagne dans ce premier match de 2024.<\/p>\n<p>\ud83d\udd1c RDV mardi \u00e0 Marseille contre le Chili \ud83c\udde8\ud83c\uddf1<a href=\"https:\/\/twitter.com\/hashtag\/FRAALL?src=hash&amp;ref_src=twsrc%5Etfw\">#FRAALL<\/a> | <a href=\"https:\/\/twitter.com\/hashtag\/FiersdetreBleus?src=hash&amp;ref_src=twsrc%5Etfw\">#FiersdetreBleus<\/a> <a href=\"https:\/\/t.co\/LEQurz2vQe\">pic.twitter.com\/LEQurz2vQe<\/a><\/p>\n<p>\u2014 Equipe de France \u2b50\u2b50 (@equipedefrance) <a href=\"https:\/\/twitter.com\/equipedefrance\/status\/1771656016377045246?ref_src=twsrc%5Etfw\">March 23, 2024<\/a><\/p><\/blockquote>\n<p><script async src=\"https:\/\/platform.twitter.com\/widgets.js\" charset=\"utf-8\"><\/script><\/p>\n<p style=\"text-align: justify;\"><strong>Aur\u00e9lien Tchouam\u00e9ni &#8211; 3,5<\/strong><\/p>\n<p style=\"text-align: justify;\">Domin\u00e9 au milieu de terrain et pris par la vitesse du jeu allemand, il a \u00e9t\u00e9 \u00e9limin\u00e9 trop facilement. Alors oui, il ne perd quasiment pas de ballons dans le premier acte (trois), mais il n&rsquo;a pas pes\u00e9 dans le milieu de terrain fran\u00e7ais, lui qui a un impact \u00e9norme d&rsquo;habitude. Une frappe \u00e0 c\u00f4t\u00e9 (58e) \u00e0 se mettre sous la dent. Remplac\u00e9 par <strong>Youssouf Fofana<\/strong> (74e).<\/p>\n<p style=\"text-align: justify;\"><strong>Warren Za\u00efre-Emery &#8211; 3,5<\/strong><\/p>\n<p style=\"text-align: justify;\">Il a pris l&rsquo;eau en ce d\u00e9but de match, constamment en retard, \u00e0 l&rsquo;image de sa faute sur Toni Kroos (14e). Malheureusement, ce ne fut pas beaucoup mieux ensuite. Il perd un ballon qui am\u00e8ne une \u00e9norme occasion allemande (58e). Mine de rien, il marque le pas dans les grands matchs. Il est encore jeune. Remplac\u00e9 par <strong>Eduardo Camavinga<\/strong> (60e).<\/p>\n<p style=\"text-align: justify;\"><strong>Adrien Rabiot &#8211; 5,5<\/strong><\/p>\n<p style=\"text-align: justify;\">C&rsquo;est le seul \u00e0 avoir surnag\u00e9 en premi\u00e8re p\u00e9riode, dans le milieu de terrain. Il se cr\u00e9e deux belles occasions. Une t\u00eate qui passe au-dessus (23e). Et il est proche de profiter d&rsquo;un cafouillage (35e). On a bien aim\u00e9 sa capacit\u00e9 \u00e0 jouer en deux ou trois touches, souvent vers l&rsquo;avant. Il a gagn\u00e9 ses duels (5\/6) et a \u00e9galement plut\u00f4t bien d\u00e9fendu. Mais il s&rsquo;est \u00e9teint quelque peu dans le second acte.<\/p>\n<p style=\"text-align: justify;\"><strong>Ousmane Demb\u00e9l\u00e9 &#8211; 5<\/strong><\/p>\n<p style=\"text-align: justify;\">Encore une fois, au moment de noter, c&rsquo;est la difficult\u00e9. Dans l&rsquo;absolu, il est le seul \u00e0 cr\u00e9er vraiment du danger dans le premier acte. Une premi\u00e8re action qui a fait passer un frisson dans la d\u00e9fense adverse (22e). Dans la foul\u00e9e, il sert parfaitement <strong>Kylian Mbapp\u00e9<\/strong>. Cinq duels gagn\u00e9s apr\u00e8s une demi-heure de jeu et deux passes cl\u00e9s. Encore \u00e0 l&rsquo;initiative sur l&rsquo;occasion d&rsquo;<strong>Adrien Rabiot<\/strong> (35e). Une belle frappe par ailleurs (55e). Mais tout cela ne d\u00e9bouche ni sur des buts ni sur des passes d\u00e9cisives et le bilan reste maigre comme peau de chagrin. Son apport a consid\u00e9rablement baiss\u00e9 dans le second acte. Remplac\u00e9 par<strong> Randal Kolo-Muani<\/strong> (83e).<\/p>\n<p style=\"text-align: justify;\"><strong>Kylian Mbapp\u00e9 (cap) &#8211; 4<\/strong><\/p>\n<p style=\"text-align: justify;\">En difficult\u00e9 technique en d\u00e9but de match, avec quelques mauvais choix. Huit ballons perdus sur seize touch\u00e9s apr\u00e8s 20 minutes. Avant de se r\u00e9veiller. Sa belle reprise passe \u00e0 c\u00f4t\u00e9 (22e). Et de se heurter \u00e0 <strong>Marc-Andr\u00e9 Ter Stegen<\/strong> (25e). Avant de faire de nouveau naufrage dans le second acte. O\u00f9 il n&rsquo;a pas exist\u00e9. Jusqu&rsquo;\u00e0 son centre qui am\u00e8ne une barre transversale, sur un cafouillage (88e). Et un service pour <strong>Olivier Giroud<\/strong> (90+1).<\/p>\n<p style=\"text-align: justify;\"><strong>Marcus Thuram &#8211; 3,5<\/strong><\/p>\n<p style=\"text-align: justify;\">Si ce n&rsquo;est une petite passe cl\u00e9, il n&rsquo;a pas pes\u00e9 dans la partie et encore moins sur la d\u00e9fense allemande. Tr\u00e8s peu trouv\u00e9 dans le premier acte (13 ballons), pas plus dans le second acte (8), il a travers\u00e9 cette partie comme un fant\u00f4me. Ah si, une frappe au-dessus tout de m\u00eame (20e). Remplac\u00e9 par <strong>Olivier Giroud<\/strong> (60e). Proche du 2-1, sur un service de <strong>Kylian Mbapp\u00e9<\/strong> (90+1).<\/p>\n<p style=\"text-align: justify;\">\n","protected":false},"excerpt":{"rendered":"<p>FOOTBALL &#8211; D\u00e9couvrez les notes des Bleus \u00e0 l&rsquo;issue du match France &#8211; Allemagne, apr\u00e8s la d\u00e9faite de la France au Parc OL (0-2).<\/p>\n","protected":false},"author":83,"featured_media":474323,"comment_status":"open","ping_status":"closed","sticky":false,"template":"","format":"standard","meta":{"_acf_changed":false,"_daextam_enable_autolinks":"1","footnotes":""},"categories":[2301],"tags":[16878,6966,75,24],"class_list":["post-474275","post","type-post","status-publish","format-standard","has-post-thumbnail","hentry","category-football","tag-breve","tag-equipe-de-france-de-football","tag-football","tag-sport"],"acf":[],"yoast_head":"<!-- This site is optimized with the Yoast SEO Premium plugin v26.7 (Yoast SEO v26.7) - https:\/\/yoast.com\/wordpress\/plugins\/seo\/ -->\n<title>France - Allemagne : Les notes des Bleus<\/title>\n<meta name=\"description\" content=\"FOOTBALL - D\u00e9couvrez les notes des Bleus \u00e0 l&#039;issue du match France - Allemagne, apr\u00e8s la d\u00e9faite de la France au Parc OL (0-2).\" \/>\n<meta name=\"robots\" content=\"index, follow, max-snippet:-1, max-image-preview:large, max-video-preview:-1\" \/>\n<link rel=\"canonical\" href=\"https:\/\/dicodusport.fr\/blog\/france-allemagne-les-notes-des-bleus\/\" \/>\n<meta property=\"og:locale\" content=\"fr_FR\" \/>\n<meta property=\"og:type\" content=\"article\" \/>\n<meta property=\"og:title\" content=\"France - Allemagne : Les notes des Bleus\" \/>\n<meta property=\"og:description\" content=\"FOOTBALL - D\u00e9couvrez les notes des Bleus \u00e0 l&#039;issue du match France - Allemagne, apr\u00e8s la d\u00e9faite de la France au Parc OL (0-2).\" \/>\n<meta property=\"og:url\" content=\"https:\/\/dicodusport.fr\/blog\/france-allemagne-les-notes-des-bleus\/\" \/>\n<meta property=\"og:site_name\" content=\"Dicodusport\" \/>\n<meta property=\"article:publisher\" content=\"https:\/\/www.facebook.com\/dicodusport\" \/>\n<meta property=\"article:published_time\" content=\"2024-03-23T21:59:16+00:00\" \/>\n<meta property=\"article:modified_time\" content=\"2024-03-24T13:40:46+00:00\" \/>\n<meta property=\"og:image\" content=\"https:\/\/dicodusport.fr\/blog\/wp-content\/uploads\/2024\/03\/France-Allemagne-Les-notes-des-Bleus.png\" \/>\n\t<meta property=\"og:image:width\" content=\"1200\" \/>\n\t<meta property=\"og:image:height\" content=\"674\" \/>\n\t<meta property=\"og:image:type\" content=\"image\/png\" \/>\n<meta name=\"author\" content=\"Etienne Goursaud\" \/>\n<meta name=\"twitter:card\" content=\"summary_large_image\" \/>\n<meta name=\"twitter:title\" content=\"France - Allemagne : Les notes des Bleus\" \/>\n<meta name=\"twitter:creator\" content=\"@dicodusport\" \/>\n<meta name=\"twitter:site\" content=\"@dicodusport\" \/>\n<script type=\"application\/ld+json\" class=\"yoast-schema-graph\">{\"@context\":\"https:\/\/schema.org\",\"@graph\":[{\"@type\":\"NewsArticle\",\"@id\":\"https:\/\/dicodusport.fr\/blog\/france-allemagne-les-notes-des-bleus\/#article\",\"isPartOf\":{\"@id\":\"https:\/\/dicodusport.fr\/blog\/france-allemagne-les-notes-des-bleus\/\"},\"author\":{\"name\":\"Etienne Goursaud\",\"@id\":\"https:\/\/dicodusport.fr\/blog\/#\/schema\/person\/d603dd7da31fb2b46c82b9835a77ec13\"},\"headline\":\"France &#8211; Allemagne : Les notes des Bleus\",\"datePublished\":\"2024-03-23T21:59:16+00:00\",\"dateModified\":\"2024-03-24T13:40:46+00:00\",\"mainEntityOfPage\":{\"@id\":\"https:\/\/dicodusport.fr\/blog\/france-allemagne-les-notes-des-bleus\/\"},\"wordCount\":981,\"commentCount\":0,\"publisher\":{\"@id\":\"https:\/\/dicodusport.fr\/blog\/#organization\"},\"image\":{\"@id\":\"https:\/\/dicodusport.fr\/blog\/france-allemagne-les-notes-des-bleus\/#primaryimage\"},\"thumbnailUrl\":\"https:\/\/dicodusport.fr\/blog\/wp-content\/uploads\/2024\/03\/France-Allemagne-Les-notes-des-Bleus.png\",\"keywords\":[\"br\u00e8ve\",\"Equipe de France de football\",\"Football\",\"sport\"],\"articleSection\":[\"Football\"],\"inLanguage\":\"fr-FR\",\"potentialAction\":[{\"@type\":\"CommentAction\",\"name\":\"Comment\",\"target\":[\"https:\/\/dicodusport.fr\/blog\/france-allemagne-les-notes-des-bleus\/#respond\"]}],\"copyrightYear\":\"2024\",\"copyrightHolder\":{\"@id\":\"https:\/\/dicodusport.fr\/blog\/#organization\"}},{\"@type\":\"WebPage\",\"@id\":\"https:\/\/dicodusport.fr\/blog\/france-allemagne-les-notes-des-bleus\/\",\"url\":\"https:\/\/dicodusport.fr\/blog\/france-allemagne-les-notes-des-bleus\/\",\"name\":\"France - Allemagne : Les notes des Bleus\",\"isPartOf\":{\"@id\":\"https:\/\/dicodusport.fr\/blog\/#website\"},\"primaryImageOfPage\":{\"@id\":\"https:\/\/dicodusport.fr\/blog\/france-allemagne-les-notes-des-bleus\/#primaryimage\"},\"image\":{\"@id\":\"https:\/\/dicodusport.fr\/blog\/france-allemagne-les-notes-des-bleus\/#primaryimage\"},\"thumbnailUrl\":\"https:\/\/dicodusport.fr\/blog\/wp-content\/uploads\/2024\/03\/France-Allemagne-Les-notes-des-Bleus.png\",\"datePublished\":\"2024-03-23T21:59:16+00:00\",\"dateModified\":\"2024-03-24T13:40:46+00:00\",\"description\":\"FOOTBALL - D\u00e9couvrez les notes des Bleus \u00e0 l'issue du match France - Allemagne, apr\u00e8s la d\u00e9faite de la France au Parc OL (0-2).\",\"breadcrumb\":{\"@id\":\"https:\/\/dicodusport.fr\/blog\/france-allemagne-les-notes-des-bleus\/#breadcrumb\"},\"inLanguage\":\"fr-FR\",\"potentialAction\":[{\"@type\":\"ReadAction\",\"target\":[\"https:\/\/dicodusport.fr\/blog\/france-allemagne-les-notes-des-bleus\/\"]}]},{\"@type\":\"ImageObject\",\"inLanguage\":\"fr-FR\",\"@id\":\"https:\/\/dicodusport.fr\/blog\/france-allemagne-les-notes-des-bleus\/#primaryimage\",\"url\":\"https:\/\/dicodusport.fr\/blog\/wp-content\/uploads\/2024\/03\/France-Allemagne-Les-notes-des-Bleus.png\",\"contentUrl\":\"https:\/\/dicodusport.fr\/blog\/wp-content\/uploads\/2024\/03\/France-Allemagne-Les-notes-des-Bleus.png\",\"width\":1200,\"height\":674,\"caption\":\"France - Allemagne : Les notes des Bleus\"},{\"@type\":\"BreadcrumbList\",\"@id\":\"https:\/\/dicodusport.fr\/blog\/france-allemagne-les-notes-des-bleus\/#breadcrumb\",\"itemListElement\":[{\"@type\":\"ListItem\",\"position\":1,\"name\":\"Accueil\",\"item\":\"https:\/\/dicodusport.fr\/blog\/\"},{\"@type\":\"ListItem\",\"position\":2,\"name\":\"France &#8211; Allemagne : Les notes des Bleus\"}]},{\"@type\":\"WebSite\",\"@id\":\"https:\/\/dicodusport.fr\/blog\/#website\",\"url\":\"https:\/\/dicodusport.fr\/blog\/\",\"name\":\"Dicodusport\",\"description\":\"L&#039;encyclop\u00e9die de l&#039;actualit\u00e9 sportive\",\"publisher\":{\"@id\":\"https:\/\/dicodusport.fr\/blog\/#organization\"},\"potentialAction\":[{\"@type\":\"SearchAction\",\"target\":{\"@type\":\"EntryPoint\",\"urlTemplate\":\"https:\/\/dicodusport.fr\/blog\/?s={search_term_string}\"},\"query-input\":{\"@type\":\"PropertyValueSpecification\",\"valueRequired\":true,\"valueName\":\"search_term_string\"}}],\"inLanguage\":\"fr-FR\"},{\"@type\":\"NewsMediaOrganization\",\"@id\":\"https:\/\/dicodusport.fr\/blog\/#organization\",\"name\":\"Dicodusport\",\"url\":\"https:\/\/dicodusport.fr\/blog\/\",\"logo\":{\"@type\":\"ImageObject\",\"inLanguage\":\"fr-FR\",\"@id\":\"https:\/\/dicodusport.fr\/blog\/#\/schema\/logo\/image\/\",\"url\":\"https:\/\/dicodusport.fr\/blog\/wp-content\/uploads\/2020\/06\/cropped-LOGO-DICODUSPORT-2020-SANS-FOND-SANS-TEXTE.png\",\"contentUrl\":\"https:\/\/dicodusport.fr\/blog\/wp-content\/uploads\/2020\/06\/cropped-LOGO-DICODUSPORT-2020-SANS-FOND-SANS-TEXTE.png\",\"width\":512,\"height\":512,\"caption\":\"Dicodusport\"},\"image\":{\"@id\":\"https:\/\/dicodusport.fr\/blog\/#\/schema\/logo\/image\/\"},\"sameAs\":[\"https:\/\/www.facebook.com\/dicodusport\",\"https:\/\/x.com\/dicodusport\",\"https:\/\/www.instagram.com\/dicodusport\/\",\"https:\/\/www.youtube.com\/channel\/UC7V2KZ5sd3htJivAbA4ZG3w\"],\"description\":\"Dicodusport est l'encyclop\u00e9die de l'actualit\u00e9 sportive.\",\"email\":\"bonjour@dicodusport.fr\",\"legalName\":\"DICODUSPORT\",\"foundingDate\":\"2018-01-14\",\"vatID\":\"FR71834470973\",\"taxID\":\"83447097300043\",\"numberOfEmployees\":{\"@type\":\"QuantitativeValue\",\"minValue\":\"1\",\"maxValue\":\"10\"}},{\"@type\":\"Person\",\"@id\":\"https:\/\/dicodusport.fr\/blog\/#\/schema\/person\/d603dd7da31fb2b46c82b9835a77ec13\",\"name\":\"Etienne Goursaud\",\"image\":{\"@type\":\"ImageObject\",\"inLanguage\":\"fr-FR\",\"@id\":\"https:\/\/dicodusport.fr\/blog\/#\/schema\/person\/image\/\",\"url\":\"https:\/\/dicodusport.fr\/blog\/wp-content\/uploads\/2023\/12\/410122264_10231602061736049_5565839791558026645_n-150x150.jpg\",\"contentUrl\":\"https:\/\/dicodusport.fr\/blog\/wp-content\/uploads\/2023\/12\/410122264_10231602061736049_5565839791558026645_n-150x150.jpg\",\"caption\":\"Etienne Goursaud\"},\"description\":\"Journaliste et amoureux de sport. Ancien footballeur reconverti athl\u00e8te quand ses muscles le laissent tranquille. \u00c9lev\u00e9 \u00e0 la sauce des exploits de Thomas Voeckler en 2004, du dernier essai de l\u00e9gende de Eunice Barber \u00e0 la longueur lors des championnats du monde d'athl\u00e9tisme de 2003 mais aussi Zidane, Omeyer et Titou Lamaison.\",\"url\":\"https:\/\/dicodusport.fr\/blog\/author\/etienne-goursaud\/\"}]}<\/script>\n<!-- \/ Yoast SEO Premium plugin. -->","yoast_head_json":{"title":"France - Allemagne : Les notes des Bleus","description":"FOOTBALL - D\u00e9couvrez les notes des Bleus \u00e0 l'issue du match France - Allemagne, apr\u00e8s la d\u00e9faite de la France au Parc OL (0-2).","robots":{"index":"index","follow":"follow","max-snippet":"max-snippet:-1","max-image-preview":"max-image-preview:large","max-video-preview":"max-video-preview:-1"},"canonical":"https:\/\/dicodusport.fr\/blog\/france-allemagne-les-notes-des-bleus\/","og_locale":"fr_FR","og_type":"article","og_title":"France - Allemagne : Les notes des Bleus","og_description":"FOOTBALL - D\u00e9couvrez les notes des Bleus \u00e0 l'issue du match France - Allemagne, apr\u00e8s la d\u00e9faite de la France au Parc OL (0-2).","og_url":"https:\/\/dicodusport.fr\/blog\/france-allemagne-les-notes-des-bleus\/","og_site_name":"Dicodusport","article_publisher":"https:\/\/www.facebook.com\/dicodusport","article_published_time":"2024-03-23T21:59:16+00:00","article_modified_time":"2024-03-24T13:40:46+00:00","og_image":[{"width":1200,"height":674,"url":"https:\/\/dicodusport.fr\/blog\/wp-content\/uploads\/2024\/03\/France-Allemagne-Les-notes-des-Bleus.png","type":"image\/png"}],"author":"Etienne Goursaud","twitter_card":"summary_large_image","twitter_title":"France - Allemagne : Les notes des Bleus","twitter_creator":"@dicodusport","twitter_site":"@dicodusport","schema":{"@context":"https:\/\/schema.org","@graph":[{"@type":"NewsArticle","@id":"https:\/\/dicodusport.fr\/blog\/france-allemagne-les-notes-des-bleus\/#article","isPartOf":{"@id":"https:\/\/dicodusport.fr\/blog\/france-allemagne-les-notes-des-bleus\/"},"author":{"name":"Etienne Goursaud","@id":"https:\/\/dicodusport.fr\/blog\/#\/schema\/person\/d603dd7da31fb2b46c82b9835a77ec13"},"headline":"France &#8211; Allemagne : Les notes des Bleus","datePublished":"2024-03-23T21:59:16+00:00","dateModified":"2024-03-24T13:40:46+00:00","mainEntityOfPage":{"@id":"https:\/\/dicodusport.fr\/blog\/france-allemagne-les-notes-des-bleus\/"},"wordCount":981,"commentCount":0,"publisher":{"@id":"https:\/\/dicodusport.fr\/blog\/#organization"},"image":{"@id":"https:\/\/dicodusport.fr\/blog\/france-allemagne-les-notes-des-bleus\/#primaryimage"},"thumbnailUrl":"https:\/\/dicodusport.fr\/blog\/wp-content\/uploads\/2024\/03\/France-Allemagne-Les-notes-des-Bleus.png","keywords":["br\u00e8ve","Equipe de France de football","Football","sport"],"articleSection":["Football"],"inLanguage":"fr-FR","potentialAction":[{"@type":"CommentAction","name":"Comment","target":["https:\/\/dicodusport.fr\/blog\/france-allemagne-les-notes-des-bleus\/#respond"]}],"copyrightYear":"2024","copyrightHolder":{"@id":"https:\/\/dicodusport.fr\/blog\/#organization"}},{"@type":"WebPage","@id":"https:\/\/dicodusport.fr\/blog\/france-allemagne-les-notes-des-bleus\/","url":"https:\/\/dicodusport.fr\/blog\/france-allemagne-les-notes-des-bleus\/","name":"France - Allemagne : Les notes des Bleus","isPartOf":{"@id":"https:\/\/dicodusport.fr\/blog\/#website"},"primaryImageOfPage":{"@id":"https:\/\/dicodusport.fr\/blog\/france-allemagne-les-notes-des-bleus\/#primaryimage"},"image":{"@id":"https:\/\/dicodusport.fr\/blog\/france-allemagne-les-notes-des-bleus\/#primaryimage"},"thumbnailUrl":"https:\/\/dicodusport.fr\/blog\/wp-content\/uploads\/2024\/03\/France-Allemagne-Les-notes-des-Bleus.png","datePublished":"2024-03-23T21:59:16+00:00","dateModified":"2024-03-24T13:40:46+00:00","description":"FOOTBALL - D\u00e9couvrez les notes des Bleus \u00e0 l'issue du match France - Allemagne, apr\u00e8s la d\u00e9faite de la France au Parc OL (0-2).","breadcrumb":{"@id":"https:\/\/dicodusport.fr\/blog\/france-allemagne-les-notes-des-bleus\/#breadcrumb"},"inLanguage":"fr-FR","potentialAction":[{"@type":"ReadAction","target":["https:\/\/dicodusport.fr\/blog\/france-allemagne-les-notes-des-bleus\/"]}]},{"@type":"ImageObject","inLanguage":"fr-FR","@id":"https:\/\/dicodusport.fr\/blog\/france-allemagne-les-notes-des-bleus\/#primaryimage","url":"https:\/\/dicodusport.fr\/blog\/wp-content\/uploads\/2024\/03\/France-Allemagne-Les-notes-des-Bleus.png","contentUrl":"https:\/\/dicodusport.fr\/blog\/wp-content\/uploads\/2024\/03\/France-Allemagne-Les-notes-des-Bleus.png","width":1200,"height":674,"caption":"France - Allemagne : Les notes des Bleus"},{"@type":"BreadcrumbList","@id":"https:\/\/dicodusport.fr\/blog\/france-allemagne-les-notes-des-bleus\/#breadcrumb","itemListElement":[{"@type":"ListItem","position":1,"name":"Accueil","item":"https:\/\/dicodusport.fr\/blog\/"},{"@type":"ListItem","position":2,"name":"France &#8211; Allemagne : Les notes des Bleus"}]},{"@type":"WebSite","@id":"https:\/\/dicodusport.fr\/blog\/#website","url":"https:\/\/dicodusport.fr\/blog\/","name":"Dicodusport","description":"L&#039;encyclop\u00e9die de l&#039;actualit\u00e9 sportive","publisher":{"@id":"https:\/\/dicodusport.fr\/blog\/#organization"},"potentialAction":[{"@type":"SearchAction","target":{"@type":"EntryPoint","urlTemplate":"https:\/\/dicodusport.fr\/blog\/?s={search_term_string}"},"query-input":{"@type":"PropertyValueSpecification","valueRequired":true,"valueName":"search_term_string"}}],"inLanguage":"fr-FR"},{"@type":"NewsMediaOrganization","@id":"https:\/\/dicodusport.fr\/blog\/#organization","name":"Dicodusport","url":"https:\/\/dicodusport.fr\/blog\/","logo":{"@type":"ImageObject","inLanguage":"fr-FR","@id":"https:\/\/dicodusport.fr\/blog\/#\/schema\/logo\/image\/","url":"https:\/\/dicodusport.fr\/blog\/wp-content\/uploads\/2020\/06\/cropped-LOGO-DICODUSPORT-2020-SANS-FOND-SANS-TEXTE.png","contentUrl":"https:\/\/dicodusport.fr\/blog\/wp-content\/uploads\/2020\/06\/cropped-LOGO-DICODUSPORT-2020-SANS-FOND-SANS-TEXTE.png","width":512,"height":512,"caption":"Dicodusport"},"image":{"@id":"https:\/\/dicodusport.fr\/blog\/#\/schema\/logo\/image\/"},"sameAs":["https:\/\/www.facebook.com\/dicodusport","https:\/\/x.com\/dicodusport","https:\/\/www.instagram.com\/dicodusport\/","https:\/\/www.youtube.com\/channel\/UC7V2KZ5sd3htJivAbA4ZG3w"],"description":"Dicodusport est l'encyclop\u00e9die de l'actualit\u00e9 sportive.","email":"bonjour@dicodusport.fr","legalName":"DICODUSPORT","foundingDate":"2018-01-14","vatID":"FR71834470973","taxID":"83447097300043","numberOfEmployees":{"@type":"QuantitativeValue","minValue":"1","maxValue":"10"}},{"@type":"Person","@id":"https:\/\/dicodusport.fr\/blog\/#\/schema\/person\/d603dd7da31fb2b46c82b9835a77ec13","name":"Etienne Goursaud","image":{"@type":"ImageObject","inLanguage":"fr-FR","@id":"https:\/\/dicodusport.fr\/blog\/#\/schema\/person\/image\/","url":"https:\/\/dicodusport.fr\/blog\/wp-content\/uploads\/2023\/12\/410122264_10231602061736049_5565839791558026645_n-150x150.jpg","contentUrl":"https:\/\/dicodusport.fr\/blog\/wp-content\/uploads\/2023\/12\/410122264_10231602061736049_5565839791558026645_n-150x150.jpg","caption":"Etienne Goursaud"},"description":"Journaliste et amoureux de sport. Ancien footballeur reconverti athl\u00e8te quand ses muscles le laissent tranquille. \u00c9lev\u00e9 \u00e0 la sauce des exploits de Thomas Voeckler en 2004, du dernier essai de l\u00e9gende de Eunice Barber \u00e0 la longueur lors des championnats du monde d'athl\u00e9tisme de 2003 mais aussi Zidane, Omeyer et Titou Lamaison.","url":"https:\/\/dicodusport.fr\/blog\/author\/etienne-goursaud\/"}]}},"_links":{"self":[{"href":"https:\/\/dicodusport.fr\/blog\/wp-json\/wp\/v2\/posts\/474275","targetHints":{"allow":["GET"]}}],"collection":[{"href":"https:\/\/dicodusport.fr\/blog\/wp-json\/wp\/v2\/posts"}],"about":[{"href":"https:\/\/dicodusport.fr\/blog\/wp-json\/wp\/v2\/types\/post"}],"author":[{"embeddable":true,"href":"https:\/\/dicodusport.fr\/blog\/wp-json\/wp\/v2\/users\/83"}],"replies":[{"embeddable":true,"href":"https:\/\/dicodusport.fr\/blog\/wp-json\/wp\/v2\/comments?post=474275"}],"version-history":[{"count":5,"href":"https:\/\/dicodusport.fr\/blog\/wp-json\/wp\/v2\/posts\/474275\/revisions"}],"predecessor-version":[{"id":474469,"href":"https:\/\/dicodusport.fr\/blog\/wp-json\/wp\/v2\/posts\/474275\/revisions\/474469"}],"wp:featuredmedia":[{"embeddable":true,"href":"https:\/\/dicodusport.fr\/blog\/wp-json\/wp\/v2\/media\/474323"}],"wp:attachment":[{"href":"https:\/\/dicodusport.fr\/blog\/wp-json\/wp\/v2\/media?parent=474275"}],"wp:term":[{"taxonomy":"category","embeddable":true,"href":"https:\/\/dicodusport.fr\/blog\/wp-json\/wp\/v2\/categories?post=474275"},{"taxonomy":"post_tag","embeddable":true,"href":"https:\/\/dicodusport.fr\/blog\/wp-json\/wp\/v2\/tags?post=474275"}],"curies":[{"name":"wp","href":"https:\/\/api.w.org\/{rel}","templated":true}]}}