{"id":47433,"date":"2019-09-07T10:13:29","date_gmt":"2019-09-07T08:13:29","guid":{"rendered":"http:\/\/dicodusport.fr\/blog\/?p=47433&#038;preview=true&#038;preview_id=47433"},"modified":"2021-05-20T15:20:11","modified_gmt":"2021-05-20T13:20:11","slug":"f2-juan-manuel-correa-dans-un-coma-artificiel","status":"publish","type":"post","link":"https:\/\/dicodusport.fr\/blog\/f2-juan-manuel-correa-dans-un-coma-artificiel\/","title":{"rendered":"F2 : Juan Manuel Correa dans un coma artificiel"},"content":{"rendered":"<p style=\"text-align: justify;\"><strong><em>Impliqu\u00e9 dans l&rsquo;accident qui a co\u00fbt\u00e9 la vie \u00e0 Anthoine Hubert \u00e0 Spa-Francorchamps, le pilote am\u00e9ricain Juan Manuel Correa a \u00e9t\u00e9 plac\u00e9 dans un coma artificiel.<br \/>\n<\/em><\/strong><\/p>\n<p style=\"text-align: justify;\">C&rsquo;est la famille de <strong>Juan Manuel Correa<\/strong> qui a donn\u00e9 des nouvelles, apr\u00e8s l&rsquo;accident de ce dernier \u00e0 Spa-Francorchamps le 31 ao\u00fbt dernier, <a href=\"https:\/\/dicodusport.fr\/blog\/f2-le-pilote-francais-anthoine-hubert-est-decede-apres-un-terrible-accident\/\" target=\"_blank\" rel=\"noopener\">un crash qui a co\u00fbt\u00e9 la vie au Fran\u00e7ais <strong>Anthoine Hubert<\/strong><\/a>. Le pilote am\u00e9ricain a \u00e9t\u00e9 transport\u00e9 \u00e0 Londres cette semaine apr\u00e8s avoir \u00e9t\u00e9 pris en charge \u00e0 Li\u00e8ge : <em>\u00ab Avec la progression du temps, de nouvelles complications ont fait surface en cons\u00e9quence de l&rsquo;impact \u00e9norme qu&rsquo;il a subi samedi en Belgique. \u00c0 son arriv\u00e9e \u00e0 Londres, un syndrome de d\u00e9tresse respiratoire aigu\u00eb a \u00e9t\u00e9 diagnostiqu\u00e9. C&rsquo;est une blessure consid\u00e9r\u00e9e comme commune apr\u00e8s des impacts \u00e9normes comme celui-ci. Malheureusement, cette blessure a fait tomber Juan Manuel dans un \u00e9tat d&rsquo;insuffisance respiratoire aigu\u00eb. Pour le moment, il est dans un coma artificiel et sous assistance extracorporelle. Juan Manuel est dans un \u00e9tat critique mais stable. \u00bb<\/em><\/p>\n<p style=\"text-align: justify;\">Dans le m\u00eame temps, la famille de Correa a tenu \u00e0 s&rsquo;adresser \u00e0 la famille d&rsquo;<strong>Anthoine Hubert<\/strong> : <em>\u00ab Nous tenons \u00e0 pr\u00e9senter nos condol\u00e9ances \u00e0 la famille Hubert pour leur perte. Nos coeurs sont bris\u00e9s, et nous ne pouvons pas imaginer la douleur que cette perte leur a apport\u00e9. \u00bb<\/em><\/p>\n<p><strong><em>Dicodusport<br \/>\n<a href=\"https:\/\/www.facebook.com\/dicodusport\/\" target=\"_blank\" rel=\"noopener\"><img loading=\"lazy\" decoding=\"async\" class=\"alignnone wp-image-2909\" src=\"http:\/\/dicodusport.fr\/blog\/wp-content\/uploads\/2017\/07\/logo-facebook-150x150.png\" alt=\"\" width=\"40\" height=\"40\" \/><\/a><a href=\"https:\/\/twitter.com\/dicodusport\" target=\"_blank\" rel=\"noopener\"><img loading=\"lazy\" decoding=\"async\" class=\"alignnone wp-image-2908\" src=\"http:\/\/dicodusport.fr\/blog\/wp-content\/uploads\/2017\/07\/logo-twitter-150x150.png\" alt=\"\" width=\"39\" height=\"39\" \/><\/a><\/em><\/strong><\/p>\n<p style=\"text-align: justify;\"><em><strong>Propos tir\u00e9s de L\u2019\u00c9quipe<\/strong> <\/em><\/p>\n","protected":false},"excerpt":{"rendered":"<p>Impliqu\u00e9 dans l&rsquo;accident qui a co\u00fbt\u00e9 la vie \u00e0 Anthoine Hubert \u00e0 Spa-Francorchamps, le pilote am\u00e9ricain Juan Manuel Correa a \u00e9t\u00e9 plac\u00e9 dans un coma artificiel.<\/p>\n","protected":false},"author":4,"featured_media":47434,"comment_status":"open","ping_status":"closed","sticky":false,"template":"","format":"standard","meta":{"_acf_changed":false,"_daextam_enable_autolinks":"","footnotes":""},"categories":[47086],"tags":[8397],"class_list":["post-47433","post","type-post","status-publish","format-standard","has-post-thumbnail","hentry","category-formules-de-promotion","tag-f2"],"acf":[],"yoast_head":"<!-- This site is optimized with the Yoast SEO Premium plugin v26.7 (Yoast SEO v26.7) - https:\/\/yoast.com\/wordpress\/plugins\/seo\/ -->\n<title>F2 : Juan Manuel Correa dans un coma artificiel<\/title>\n<meta name=\"description\" content=\"Impliqu\u00e9 dans l&#039;accident qui a co\u00fbt\u00e9 la vie \u00e0 Anthoine Hubert, le pilote am\u00e9ricain Juan Manuel Correa a \u00e9t\u00e9 plac\u00e9 dans un coma artificiel.\" \/>\n<meta name=\"robots\" content=\"index, follow, max-snippet:-1, max-image-preview:large, max-video-preview:-1\" \/>\n<link rel=\"canonical\" href=\"https:\/\/dicodusport.fr\/blog\/f2-juan-manuel-correa-dans-un-coma-artificiel\/\" \/>\n<meta property=\"og:locale\" content=\"fr_FR\" \/>\n<meta property=\"og:type\" content=\"article\" \/>\n<meta property=\"og:title\" content=\"F2 : Juan Manuel Correa dans un coma artificiel\" \/>\n<meta property=\"og:description\" content=\"Impliqu\u00e9 dans l&#039;accident qui a co\u00fbt\u00e9 la vie \u00e0 Anthoine Hubert, le pilote am\u00e9ricain Juan Manuel Correa a \u00e9t\u00e9 plac\u00e9 dans un coma artificiel.\" \/>\n<meta property=\"og:url\" content=\"https:\/\/dicodusport.fr\/blog\/f2-juan-manuel-correa-dans-un-coma-artificiel\/\" \/>\n<meta property=\"og:site_name\" content=\"Dicodusport\" \/>\n<meta property=\"article:publisher\" content=\"https:\/\/www.facebook.com\/dicodusport\" \/>\n<meta property=\"article:author\" content=\"https:\/\/www.facebook.com\/florent.ostermann\" \/>\n<meta property=\"article:published_time\" content=\"2019-09-07T08:13:29+00:00\" \/>\n<meta property=\"article:modified_time\" content=\"2021-05-20T13:20:11+00:00\" \/>\n<meta property=\"og:image\" content=\"https:\/\/dicodusport.fr\/blog\/wp-content\/uploads\/2019\/09\/Juan-Manuel-Correa.png\" \/>\n\t<meta property=\"og:image:width\" content=\"800\" \/>\n\t<meta property=\"og:image:height\" content=\"445\" \/>\n\t<meta property=\"og:image:type\" content=\"image\/png\" \/>\n<meta name=\"author\" content=\"Flo Ostermann\" \/>\n<meta name=\"twitter:card\" content=\"summary_large_image\" \/>\n<meta name=\"twitter:title\" content=\"F2 : Juan Manuel Correa dans un coma artificiel\" \/>\n<meta name=\"twitter:creator\" content=\"@https:\/\/twitter.com\/FlOstermann\" \/>\n<meta name=\"twitter:site\" content=\"@dicodusport\" \/>\n<script type=\"application\/ld+json\" class=\"yoast-schema-graph\">{\"@context\":\"https:\/\/schema.org\",\"@graph\":[{\"@type\":\"NewsArticle\",\"@id\":\"https:\/\/dicodusport.fr\/blog\/f2-juan-manuel-correa-dans-un-coma-artificiel\/#article\",\"isPartOf\":{\"@id\":\"https:\/\/dicodusport.fr\/blog\/f2-juan-manuel-correa-dans-un-coma-artificiel\/\"},\"author\":{\"name\":\"Flo Ostermann\",\"@id\":\"https:\/\/dicodusport.fr\/blog\/#\/schema\/person\/cb02af4c173ce4a653b55e9baf388d4a\"},\"headline\":\"F2 : Juan Manuel Correa dans un coma artificiel\",\"datePublished\":\"2019-09-07T08:13:29+00:00\",\"dateModified\":\"2021-05-20T13:20:11+00:00\",\"mainEntityOfPage\":{\"@id\":\"https:\/\/dicodusport.fr\/blog\/f2-juan-manuel-correa-dans-un-coma-artificiel\/\"},\"wordCount\":241,\"commentCount\":0,\"publisher\":{\"@id\":\"https:\/\/dicodusport.fr\/blog\/#organization\"},\"image\":{\"@id\":\"https:\/\/dicodusport.fr\/blog\/f2-juan-manuel-correa-dans-un-coma-artificiel\/#primaryimage\"},\"thumbnailUrl\":\"https:\/\/dicodusport.fr\/blog\/wp-content\/uploads\/2019\/09\/Juan-Manuel-Correa.png\",\"keywords\":[\"F2\"],\"articleSection\":[\"Formules de promotion\"],\"inLanguage\":\"fr-FR\",\"potentialAction\":[{\"@type\":\"CommentAction\",\"name\":\"Comment\",\"target\":[\"https:\/\/dicodusport.fr\/blog\/f2-juan-manuel-correa-dans-un-coma-artificiel\/#respond\"]}],\"copyrightYear\":\"2019\",\"copyrightHolder\":{\"@id\":\"https:\/\/dicodusport.fr\/blog\/#organization\"}},{\"@type\":\"WebPage\",\"@id\":\"https:\/\/dicodusport.fr\/blog\/f2-juan-manuel-correa-dans-un-coma-artificiel\/\",\"url\":\"https:\/\/dicodusport.fr\/blog\/f2-juan-manuel-correa-dans-un-coma-artificiel\/\",\"name\":\"F2 : Juan Manuel Correa dans un coma artificiel\",\"isPartOf\":{\"@id\":\"https:\/\/dicodusport.fr\/blog\/#website\"},\"primaryImageOfPage\":{\"@id\":\"https:\/\/dicodusport.fr\/blog\/f2-juan-manuel-correa-dans-un-coma-artificiel\/#primaryimage\"},\"image\":{\"@id\":\"https:\/\/dicodusport.fr\/blog\/f2-juan-manuel-correa-dans-un-coma-artificiel\/#primaryimage\"},\"thumbnailUrl\":\"https:\/\/dicodusport.fr\/blog\/wp-content\/uploads\/2019\/09\/Juan-Manuel-Correa.png\",\"datePublished\":\"2019-09-07T08:13:29+00:00\",\"dateModified\":\"2021-05-20T13:20:11+00:00\",\"description\":\"Impliqu\u00e9 dans l'accident qui a co\u00fbt\u00e9 la vie \u00e0 Anthoine Hubert, le pilote am\u00e9ricain Juan Manuel Correa a \u00e9t\u00e9 plac\u00e9 dans un coma artificiel.\",\"breadcrumb\":{\"@id\":\"https:\/\/dicodusport.fr\/blog\/f2-juan-manuel-correa-dans-un-coma-artificiel\/#breadcrumb\"},\"inLanguage\":\"fr-FR\",\"potentialAction\":[{\"@type\":\"ReadAction\",\"target\":[\"https:\/\/dicodusport.fr\/blog\/f2-juan-manuel-correa-dans-un-coma-artificiel\/\"]}]},{\"@type\":\"ImageObject\",\"inLanguage\":\"fr-FR\",\"@id\":\"https:\/\/dicodusport.fr\/blog\/f2-juan-manuel-correa-dans-un-coma-artificiel\/#primaryimage\",\"url\":\"https:\/\/dicodusport.fr\/blog\/wp-content\/uploads\/2019\/09\/Juan-Manuel-Correa.png\",\"contentUrl\":\"https:\/\/dicodusport.fr\/blog\/wp-content\/uploads\/2019\/09\/Juan-Manuel-Correa.png\",\"width\":800,\"height\":445},{\"@type\":\"BreadcrumbList\",\"@id\":\"https:\/\/dicodusport.fr\/blog\/f2-juan-manuel-correa-dans-un-coma-artificiel\/#breadcrumb\",\"itemListElement\":[{\"@type\":\"ListItem\",\"position\":1,\"name\":\"Accueil\",\"item\":\"https:\/\/dicodusport.fr\/blog\/\"},{\"@type\":\"ListItem\",\"position\":2,\"name\":\"F2 : Juan Manuel Correa dans un coma artificiel\"}]},{\"@type\":\"WebSite\",\"@id\":\"https:\/\/dicodusport.fr\/blog\/#website\",\"url\":\"https:\/\/dicodusport.fr\/blog\/\",\"name\":\"Dicodusport\",\"description\":\"L&#039;encyclop\u00e9die de l&#039;actualit\u00e9 sportive\",\"publisher\":{\"@id\":\"https:\/\/dicodusport.fr\/blog\/#organization\"},\"potentialAction\":[{\"@type\":\"SearchAction\",\"target\":{\"@type\":\"EntryPoint\",\"urlTemplate\":\"https:\/\/dicodusport.fr\/blog\/?s={search_term_string}\"},\"query-input\":{\"@type\":\"PropertyValueSpecification\",\"valueRequired\":true,\"valueName\":\"search_term_string\"}}],\"inLanguage\":\"fr-FR\"},{\"@type\":\"NewsMediaOrganization\",\"@id\":\"https:\/\/dicodusport.fr\/blog\/#organization\",\"name\":\"Dicodusport\",\"url\":\"https:\/\/dicodusport.fr\/blog\/\",\"logo\":{\"@type\":\"ImageObject\",\"inLanguage\":\"fr-FR\",\"@id\":\"https:\/\/dicodusport.fr\/blog\/#\/schema\/logo\/image\/\",\"url\":\"https:\/\/dicodusport.fr\/blog\/wp-content\/uploads\/2020\/06\/cropped-LOGO-DICODUSPORT-2020-SANS-FOND-SANS-TEXTE.png\",\"contentUrl\":\"https:\/\/dicodusport.fr\/blog\/wp-content\/uploads\/2020\/06\/cropped-LOGO-DICODUSPORT-2020-SANS-FOND-SANS-TEXTE.png\",\"width\":512,\"height\":512,\"caption\":\"Dicodusport\"},\"image\":{\"@id\":\"https:\/\/dicodusport.fr\/blog\/#\/schema\/logo\/image\/\"},\"sameAs\":[\"https:\/\/www.facebook.com\/dicodusport\",\"https:\/\/x.com\/dicodusport\",\"https:\/\/www.instagram.com\/dicodusport\/\",\"https:\/\/www.youtube.com\/channel\/UC7V2KZ5sd3htJivAbA4ZG3w\"],\"description\":\"Dicodusport est l'encyclop\u00e9die de l'actualit\u00e9 sportive.\",\"email\":\"bonjour@dicodusport.fr\",\"legalName\":\"DICODUSPORT\",\"foundingDate\":\"2018-01-14\",\"vatID\":\"FR71834470973\",\"taxID\":\"83447097300043\",\"numberOfEmployees\":{\"@type\":\"QuantitativeValue\",\"minValue\":\"1\",\"maxValue\":\"10\"}},{\"@type\":\"Person\",\"@id\":\"https:\/\/dicodusport.fr\/blog\/#\/schema\/person\/cb02af4c173ce4a653b55e9baf388d4a\",\"name\":\"Flo Ostermann\",\"image\":{\"@type\":\"ImageObject\",\"inLanguage\":\"fr-FR\",\"@id\":\"https:\/\/dicodusport.fr\/blog\/#\/schema\/person\/image\/\",\"url\":\"https:\/\/dicodusport.fr\/blog\/wp-content\/uploads\/2021\/05\/Flo-Ostermann-150x150.jpg\",\"contentUrl\":\"https:\/\/dicodusport.fr\/blog\/wp-content\/uploads\/2021\/05\/Flo-Ostermann-150x150.jpg\",\"caption\":\"Flo Ostermann\"},\"description\":\"Journaliste\/R\u00e9dacteur depuis septembre 2015 - Mes premiers souvenirs dans le sport ? Les envol\u00e9es du Stade Toulousain et les duels Villeneuve-Schumacher et H\u00e4kkinen-Schumacher \u00e0 la fin des ann\u00e9es 90, la Coupe du monde de football en 1998, l\u2019exploit du XV de France face aux All Blacks en 1999, mais aussi Richard C\u0153ur de Lion qui vole sur les montagnes du Tour de France. Bien parti pour devenir professeur d\u2019EPS, les \u00e9v\u00e9nements de la vie (et la flemme d\u2019animer des s\u00e9ances de 3x500 m\u00e8tres toute ma vie) m\u2019ont conduit \u00e0 revoir mes plans. Me voil\u00e0 depuis fin 2017 sur Dicodusport, m\u00e9dia gr\u00e2ce (et pour) lequel je partage ma passion : le sport dans tous ses \u00e9tats. Le tout accompagn\u00e9 par les fous furieux et folles furieuses cit\u00e9s sur cette page !\",\"sameAs\":[\"https:\/\/www.facebook.com\/florent.ostermann\",\"https:\/\/x.com\/https:\/\/twitter.com\/FlOstermann\",\"admin\"],\"url\":\"https:\/\/dicodusport.fr\/blog\/author\/flo\/\"}]}<\/script>\n<!-- \/ Yoast SEO Premium plugin. -->","yoast_head_json":{"title":"F2 : Juan Manuel Correa dans un coma artificiel","description":"Impliqu\u00e9 dans l'accident qui a co\u00fbt\u00e9 la vie \u00e0 Anthoine Hubert, le pilote am\u00e9ricain Juan Manuel Correa a \u00e9t\u00e9 plac\u00e9 dans un coma artificiel.","robots":{"index":"index","follow":"follow","max-snippet":"max-snippet:-1","max-image-preview":"max-image-preview:large","max-video-preview":"max-video-preview:-1"},"canonical":"https:\/\/dicodusport.fr\/blog\/f2-juan-manuel-correa-dans-un-coma-artificiel\/","og_locale":"fr_FR","og_type":"article","og_title":"F2 : Juan Manuel Correa dans un coma artificiel","og_description":"Impliqu\u00e9 dans l'accident qui a co\u00fbt\u00e9 la vie \u00e0 Anthoine Hubert, le pilote am\u00e9ricain Juan Manuel Correa a \u00e9t\u00e9 plac\u00e9 dans un coma artificiel.","og_url":"https:\/\/dicodusport.fr\/blog\/f2-juan-manuel-correa-dans-un-coma-artificiel\/","og_site_name":"Dicodusport","article_publisher":"https:\/\/www.facebook.com\/dicodusport","article_author":"https:\/\/www.facebook.com\/florent.ostermann","article_published_time":"2019-09-07T08:13:29+00:00","article_modified_time":"2021-05-20T13:20:11+00:00","og_image":[{"width":800,"height":445,"url":"https:\/\/dicodusport.fr\/blog\/wp-content\/uploads\/2019\/09\/Juan-Manuel-Correa.png","type":"image\/png"}],"author":"Flo Ostermann","twitter_card":"summary_large_image","twitter_title":"F2 : Juan Manuel Correa dans un coma artificiel","twitter_creator":"@https:\/\/twitter.com\/FlOstermann","twitter_site":"@dicodusport","schema":{"@context":"https:\/\/schema.org","@graph":[{"@type":"NewsArticle","@id":"https:\/\/dicodusport.fr\/blog\/f2-juan-manuel-correa-dans-un-coma-artificiel\/#article","isPartOf":{"@id":"https:\/\/dicodusport.fr\/blog\/f2-juan-manuel-correa-dans-un-coma-artificiel\/"},"author":{"name":"Flo Ostermann","@id":"https:\/\/dicodusport.fr\/blog\/#\/schema\/person\/cb02af4c173ce4a653b55e9baf388d4a"},"headline":"F2 : Juan Manuel Correa dans un coma artificiel","datePublished":"2019-09-07T08:13:29+00:00","dateModified":"2021-05-20T13:20:11+00:00","mainEntityOfPage":{"@id":"https:\/\/dicodusport.fr\/blog\/f2-juan-manuel-correa-dans-un-coma-artificiel\/"},"wordCount":241,"commentCount":0,"publisher":{"@id":"https:\/\/dicodusport.fr\/blog\/#organization"},"image":{"@id":"https:\/\/dicodusport.fr\/blog\/f2-juan-manuel-correa-dans-un-coma-artificiel\/#primaryimage"},"thumbnailUrl":"https:\/\/dicodusport.fr\/blog\/wp-content\/uploads\/2019\/09\/Juan-Manuel-Correa.png","keywords":["F2"],"articleSection":["Formules de promotion"],"inLanguage":"fr-FR","potentialAction":[{"@type":"CommentAction","name":"Comment","target":["https:\/\/dicodusport.fr\/blog\/f2-juan-manuel-correa-dans-un-coma-artificiel\/#respond"]}],"copyrightYear":"2019","copyrightHolder":{"@id":"https:\/\/dicodusport.fr\/blog\/#organization"}},{"@type":"WebPage","@id":"https:\/\/dicodusport.fr\/blog\/f2-juan-manuel-correa-dans-un-coma-artificiel\/","url":"https:\/\/dicodusport.fr\/blog\/f2-juan-manuel-correa-dans-un-coma-artificiel\/","name":"F2 : Juan Manuel Correa dans un coma artificiel","isPartOf":{"@id":"https:\/\/dicodusport.fr\/blog\/#website"},"primaryImageOfPage":{"@id":"https:\/\/dicodusport.fr\/blog\/f2-juan-manuel-correa-dans-un-coma-artificiel\/#primaryimage"},"image":{"@id":"https:\/\/dicodusport.fr\/blog\/f2-juan-manuel-correa-dans-un-coma-artificiel\/#primaryimage"},"thumbnailUrl":"https:\/\/dicodusport.fr\/blog\/wp-content\/uploads\/2019\/09\/Juan-Manuel-Correa.png","datePublished":"2019-09-07T08:13:29+00:00","dateModified":"2021-05-20T13:20:11+00:00","description":"Impliqu\u00e9 dans l'accident qui a co\u00fbt\u00e9 la vie \u00e0 Anthoine Hubert, le pilote am\u00e9ricain Juan Manuel Correa a \u00e9t\u00e9 plac\u00e9 dans un coma artificiel.","breadcrumb":{"@id":"https:\/\/dicodusport.fr\/blog\/f2-juan-manuel-correa-dans-un-coma-artificiel\/#breadcrumb"},"inLanguage":"fr-FR","potentialAction":[{"@type":"ReadAction","target":["https:\/\/dicodusport.fr\/blog\/f2-juan-manuel-correa-dans-un-coma-artificiel\/"]}]},{"@type":"ImageObject","inLanguage":"fr-FR","@id":"https:\/\/dicodusport.fr\/blog\/f2-juan-manuel-correa-dans-un-coma-artificiel\/#primaryimage","url":"https:\/\/dicodusport.fr\/blog\/wp-content\/uploads\/2019\/09\/Juan-Manuel-Correa.png","contentUrl":"https:\/\/dicodusport.fr\/blog\/wp-content\/uploads\/2019\/09\/Juan-Manuel-Correa.png","width":800,"height":445},{"@type":"BreadcrumbList","@id":"https:\/\/dicodusport.fr\/blog\/f2-juan-manuel-correa-dans-un-coma-artificiel\/#breadcrumb","itemListElement":[{"@type":"ListItem","position":1,"name":"Accueil","item":"https:\/\/dicodusport.fr\/blog\/"},{"@type":"ListItem","position":2,"name":"F2 : Juan Manuel Correa dans un coma artificiel"}]},{"@type":"WebSite","@id":"https:\/\/dicodusport.fr\/blog\/#website","url":"https:\/\/dicodusport.fr\/blog\/","name":"Dicodusport","description":"L&#039;encyclop\u00e9die de l&#039;actualit\u00e9 sportive","publisher":{"@id":"https:\/\/dicodusport.fr\/blog\/#organization"},"potentialAction":[{"@type":"SearchAction","target":{"@type":"EntryPoint","urlTemplate":"https:\/\/dicodusport.fr\/blog\/?s={search_term_string}"},"query-input":{"@type":"PropertyValueSpecification","valueRequired":true,"valueName":"search_term_string"}}],"inLanguage":"fr-FR"},{"@type":"NewsMediaOrganization","@id":"https:\/\/dicodusport.fr\/blog\/#organization","name":"Dicodusport","url":"https:\/\/dicodusport.fr\/blog\/","logo":{"@type":"ImageObject","inLanguage":"fr-FR","@id":"https:\/\/dicodusport.fr\/blog\/#\/schema\/logo\/image\/","url":"https:\/\/dicodusport.fr\/blog\/wp-content\/uploads\/2020\/06\/cropped-LOGO-DICODUSPORT-2020-SANS-FOND-SANS-TEXTE.png","contentUrl":"https:\/\/dicodusport.fr\/blog\/wp-content\/uploads\/2020\/06\/cropped-LOGO-DICODUSPORT-2020-SANS-FOND-SANS-TEXTE.png","width":512,"height":512,"caption":"Dicodusport"},"image":{"@id":"https:\/\/dicodusport.fr\/blog\/#\/schema\/logo\/image\/"},"sameAs":["https:\/\/www.facebook.com\/dicodusport","https:\/\/x.com\/dicodusport","https:\/\/www.instagram.com\/dicodusport\/","https:\/\/www.youtube.com\/channel\/UC7V2KZ5sd3htJivAbA4ZG3w"],"description":"Dicodusport est l'encyclop\u00e9die de l'actualit\u00e9 sportive.","email":"bonjour@dicodusport.fr","legalName":"DICODUSPORT","foundingDate":"2018-01-14","vatID":"FR71834470973","taxID":"83447097300043","numberOfEmployees":{"@type":"QuantitativeValue","minValue":"1","maxValue":"10"}},{"@type":"Person","@id":"https:\/\/dicodusport.fr\/blog\/#\/schema\/person\/cb02af4c173ce4a653b55e9baf388d4a","name":"Flo Ostermann","image":{"@type":"ImageObject","inLanguage":"fr-FR","@id":"https:\/\/dicodusport.fr\/blog\/#\/schema\/person\/image\/","url":"https:\/\/dicodusport.fr\/blog\/wp-content\/uploads\/2021\/05\/Flo-Ostermann-150x150.jpg","contentUrl":"https:\/\/dicodusport.fr\/blog\/wp-content\/uploads\/2021\/05\/Flo-Ostermann-150x150.jpg","caption":"Flo Ostermann"},"description":"Journaliste\/R\u00e9dacteur depuis septembre 2015 - Mes premiers souvenirs dans le sport ? Les envol\u00e9es du Stade Toulousain et les duels Villeneuve-Schumacher et H\u00e4kkinen-Schumacher \u00e0 la fin des ann\u00e9es 90, la Coupe du monde de football en 1998, l\u2019exploit du XV de France face aux All Blacks en 1999, mais aussi Richard C\u0153ur de Lion qui vole sur les montagnes du Tour de France. Bien parti pour devenir professeur d\u2019EPS, les \u00e9v\u00e9nements de la vie (et la flemme d\u2019animer des s\u00e9ances de 3x500 m\u00e8tres toute ma vie) m\u2019ont conduit \u00e0 revoir mes plans. Me voil\u00e0 depuis fin 2017 sur Dicodusport, m\u00e9dia gr\u00e2ce (et pour) lequel je partage ma passion : le sport dans tous ses \u00e9tats. Le tout accompagn\u00e9 par les fous furieux et folles furieuses cit\u00e9s sur cette page !","sameAs":["https:\/\/www.facebook.com\/florent.ostermann","https:\/\/x.com\/https:\/\/twitter.com\/FlOstermann","admin"],"url":"https:\/\/dicodusport.fr\/blog\/author\/flo\/"}]}},"_links":{"self":[{"href":"https:\/\/dicodusport.fr\/blog\/wp-json\/wp\/v2\/posts\/47433","targetHints":{"allow":["GET"]}}],"collection":[{"href":"https:\/\/dicodusport.fr\/blog\/wp-json\/wp\/v2\/posts"}],"about":[{"href":"https:\/\/dicodusport.fr\/blog\/wp-json\/wp\/v2\/types\/post"}],"author":[{"embeddable":true,"href":"https:\/\/dicodusport.fr\/blog\/wp-json\/wp\/v2\/users\/4"}],"replies":[{"embeddable":true,"href":"https:\/\/dicodusport.fr\/blog\/wp-json\/wp\/v2\/comments?post=47433"}],"version-history":[{"count":0,"href":"https:\/\/dicodusport.fr\/blog\/wp-json\/wp\/v2\/posts\/47433\/revisions"}],"wp:featuredmedia":[{"embeddable":true,"href":"https:\/\/dicodusport.fr\/blog\/wp-json\/wp\/v2\/media\/47434"}],"wp:attachment":[{"href":"https:\/\/dicodusport.fr\/blog\/wp-json\/wp\/v2\/media?parent=47433"}],"wp:term":[{"taxonomy":"category","embeddable":true,"href":"https:\/\/dicodusport.fr\/blog\/wp-json\/wp\/v2\/categories?post=47433"},{"taxonomy":"post_tag","embeddable":true,"href":"https:\/\/dicodusport.fr\/blog\/wp-json\/wp\/v2\/tags?post=47433"}],"curies":[{"name":"wp","href":"https:\/\/api.w.org\/{rel}","templated":true}]}}