{"id":474492,"date":"2024-03-24T16:19:48","date_gmt":"2024-03-24T15:19:48","guid":{"rendered":"https:\/\/dicodusport.fr\/blog\/?p=474492&#038;preview=true&#038;preview_id=474492"},"modified":"2024-03-24T16:43:01","modified_gmt":"2024-03-24T15:43:01","slug":"ski-freestyle-les-finales-de-silvaplana-annulees-la-victoire-en-slopestyle-pour-tess-ledeux","status":"publish","type":"post","link":"https:\/\/dicodusport.fr\/blog\/ski-freestyle-les-finales-de-silvaplana-annulees-la-victoire-en-slopestyle-pour-tess-ledeux\/","title":{"rendered":"Ski Freestyle : Les finales de Silvaplana annul\u00e9es, la victoire en slopestyle pour Tess Ledeux"},"content":{"rendered":"<p style=\"text-align: justify;\"><strong><em>COUPE DU MONDE DE SKI FREESTYLE &#8211; Ce dimanche, Tess Ledeux a remport\u00e9 sans lutter l&rsquo;ultime manche de la saison \u00e0 Silvaplana (Suisse). En raison des conditions m\u00e9t\u00e9orologiques d\u00e9favorables, l&rsquo;\u00e9preuve a \u00e9t\u00e9 annul\u00e9e, et les r\u00e9sultats des qualifications ont d\u00e9termin\u00e9 le r\u00e9sultat final.<\/em><\/strong><\/p>\n<p style=\"text-align: justify;\">D\u00e9cid\u00e9ment, ce dimanche aura \u00e9t\u00e9 d\u00e9licat pour les sports d&rsquo;hiver. Alors qu&rsquo;\u00e0 Saalbach (Autriche) la descente en ski alpin avait d\u00e9j\u00e0 \u00e9t\u00e9 annul\u00e9e plus t\u00f4t dans la journ\u00e9e, le slopestyle en ski freestyle du c\u00f4t\u00e9 de <strong>Silvaplana<\/strong> a connu le m\u00eame triste sort pour l&rsquo;ultime \u00e9preuve au calendrier de la saison. La piste suisse \u00e9tant balay\u00e9e par des vents violents, la d\u00e9cision \u00e9tait fort logique, m\u00eame si cela signifie que la saison se termine tristement. Mais pas pour tout le monde.<\/p>\n<p style=\"text-align: justify;\">En effet, cette manche ne sera pas blanche puisque les r\u00e9sultats des qualifications de la veille ont \u00e9t\u00e9 pris en compte afin de d\u00e9terminer le classement g\u00e9n\u00e9ral de l&rsquo;\u00e9preuve. En t\u00eate des qualifications pour 0,2 point devant <strong>Mathilde Gr\u00e9maud<\/strong>,<strong> Tess Ledeux<\/strong> en profite donc pour s&#8217;emparer de la victoire, et signer son troisi\u00e8me succ\u00e8s de l&rsquo;ann\u00e9e en Coupe du monde. Le weekend dernier, <a href=\"https:\/\/dicodusport.fr\/blog\/ski-freestyle-tess-ledeux-remporte-lepreuve-de-slopestyle-a-tignes\/\">la Savoyarde s&rsquo;\u00e9tait d\u00e9j\u00e0 impos\u00e9e en slopestyle \u00e0 Tignes<\/a>, et valide donc une excellente fin de saison.<\/p>\n<blockquote class=\"twitter-tweet\">\n<p dir=\"ltr\" lang=\"fr\">\ud835\udde8\ud835\uddfb\ud835\uddf2 \ud835\udde9\ud835\udddc\ud835\uddd6\ud835\udde7\ud835\udde2\ud835\udddc\ud835\udde5\ud835\uddd8 \ud835\uddfd\ud835\uddfc\ud835\ude02\ud835\uddff \ud835\uddf3\ud835\uddf6\ud835\uddfb\ud835\uddf6\ud835\uddff ! \ud83c\udfac \ud83e\udd47<\/p>\n<p>Pas de manche finale, mais Tess Ledeux avait r\u00e9alis\u00e9 de bonnes qualifications sur le slopestyle de Silvaplana, lui permettant de d\u00e9crocher la victoire finale ! \ud83d\udd25<\/p>\n<p>\ud83d\udcf8 Archive FIS <a href=\"https:\/\/t.co\/P8rAjBGmsX\">pic.twitter.com\/P8rAjBGmsX<\/a><\/p>\n<p>\u2014 FFS &#8211; F\u00e9d\u00e9ration Fran\u00e7aise de Ski (@FedFranceSki) <a href=\"https:\/\/twitter.com\/FedFranceSki\/status\/1771884869095764239?ref_src=twsrc%5Etfw\">March 24, 2024<\/a><\/p><\/blockquote>\n<p><script async src=\"https:\/\/platform.twitter.com\/widgets.js\" charset=\"utf-8\"><\/script><\/p>\n","protected":false},"excerpt":{"rendered":"<p>COUPE DU MONDE DE SKI FREESTYLE &#8211; Ce dimanche, Tess Ledeux a remport\u00e9 sans lutter l&rsquo;ultime manche de la saison \u00e0 Silvaplana (Suisse). En raison des conditions m\u00e9t\u00e9orologiques d\u00e9favorables, l&rsquo;\u00e9preuve a \u00e9t\u00e9 annul\u00e9e, et les r\u00e9sultats des qualifications ont d\u00e9termin\u00e9 le r\u00e9sultat final.<\/p>\n","protected":false},"author":55,"featured_media":474499,"comment_status":"open","ping_status":"closed","sticky":false,"template":"","format":"standard","meta":{"_acf_changed":false,"_daextam_enable_autolinks":"1","footnotes":""},"categories":[9217],"tags":[16878,2687,3836,7183],"class_list":["post-474492","post","type-post","status-publish","format-standard","has-post-thumbnail","hentry","category-ski","tag-breve","tag-ski-freestyle","tag-slopestyle","tag-tess-ledeux"],"acf":[],"yoast_head":"<!-- This site is optimized with the Yoast SEO Premium plugin v26.7 (Yoast SEO v26.7) - https:\/\/yoast.com\/wordpress\/plugins\/seo\/ -->\n<title>Ski Freestyle : Les finales de Silvaplana annul\u00e9es, la victoire en slopestyle pour Tess Ledeux<\/title>\n<meta name=\"description\" content=\"COUPE DU MONDE DE SKI FREESTYLE - Ce dimanche, Tess Ledeux a remport\u00e9 la derni\u00e8re \u00e9preuve de slopestyle \u00e0 Silvaplana.\" \/>\n<meta name=\"robots\" content=\"index, follow, max-snippet:-1, max-image-preview:large, max-video-preview:-1\" \/>\n<link rel=\"canonical\" href=\"https:\/\/dicodusport.fr\/blog\/ski-freestyle-les-finales-de-silvaplana-annulees-la-victoire-en-slopestyle-pour-tess-ledeux\/\" \/>\n<meta property=\"og:locale\" content=\"fr_FR\" \/>\n<meta property=\"og:type\" content=\"article\" \/>\n<meta property=\"og:title\" content=\"Ski Freestyle : Les finales de Silvaplana annul\u00e9es, la victoire en slopestyle pour Tess Ledeux\" \/>\n<meta property=\"og:description\" content=\"COUPE DU MONDE DE SKI FREESTYLE - Ce dimanche, Tess Ledeux a remport\u00e9 la derni\u00e8re \u00e9preuve de slopestyle \u00e0 Silvaplana.\" \/>\n<meta property=\"og:url\" content=\"https:\/\/dicodusport.fr\/blog\/ski-freestyle-les-finales-de-silvaplana-annulees-la-victoire-en-slopestyle-pour-tess-ledeux\/\" \/>\n<meta property=\"og:site_name\" content=\"Dicodusport\" \/>\n<meta property=\"article:publisher\" content=\"https:\/\/www.facebook.com\/dicodusport\" \/>\n<meta property=\"article:published_time\" content=\"2024-03-24T15:19:48+00:00\" \/>\n<meta property=\"article:modified_time\" content=\"2024-03-24T15:43:01+00:00\" \/>\n<meta property=\"og:image\" content=\"https:\/\/dicodusport.fr\/blog\/wp-content\/uploads\/2024\/03\/Ski-Freestyle-Les-finales-de-Silvaplana-annulees-la-victoire-en-slopestyle-pour-Tess-Ledeux.png\" \/>\n\t<meta property=\"og:image:width\" content=\"1200\" \/>\n\t<meta property=\"og:image:height\" content=\"674\" \/>\n\t<meta property=\"og:image:type\" content=\"image\/png\" \/>\n<meta name=\"author\" content=\"Maxime Cazenave\" \/>\n<meta name=\"twitter:card\" content=\"summary_large_image\" \/>\n<meta name=\"twitter:title\" content=\"Ski Freestyle : Les finales de Silvaplana annul\u00e9es, la victoire en slopestyle pour Tess Ledeux\" \/>\n<meta name=\"twitter:creator\" content=\"@https:\/\/twitter.com\/Maxime_Caze\" \/>\n<meta name=\"twitter:site\" content=\"@dicodusport\" \/>\n<script type=\"application\/ld+json\" class=\"yoast-schema-graph\">{\"@context\":\"https:\/\/schema.org\",\"@graph\":[{\"@type\":\"NewsArticle\",\"@id\":\"https:\/\/dicodusport.fr\/blog\/ski-freestyle-les-finales-de-silvaplana-annulees-la-victoire-en-slopestyle-pour-tess-ledeux\/#article\",\"isPartOf\":{\"@id\":\"https:\/\/dicodusport.fr\/blog\/ski-freestyle-les-finales-de-silvaplana-annulees-la-victoire-en-slopestyle-pour-tess-ledeux\/\"},\"author\":{\"name\":\"Maxime Cazenave\",\"@id\":\"https:\/\/dicodusport.fr\/blog\/#\/schema\/person\/37def232098a7a5cbab3974a3690abb0\"},\"headline\":\"Ski Freestyle : Les finales de Silvaplana annul\u00e9es, la victoire en slopestyle pour Tess Ledeux\",\"datePublished\":\"2024-03-24T15:19:48+00:00\",\"dateModified\":\"2024-03-24T15:43:01+00:00\",\"mainEntityOfPage\":{\"@id\":\"https:\/\/dicodusport.fr\/blog\/ski-freestyle-les-finales-de-silvaplana-annulees-la-victoire-en-slopestyle-pour-tess-ledeux\/\"},\"wordCount\":298,\"commentCount\":0,\"publisher\":{\"@id\":\"https:\/\/dicodusport.fr\/blog\/#organization\"},\"image\":{\"@id\":\"https:\/\/dicodusport.fr\/blog\/ski-freestyle-les-finales-de-silvaplana-annulees-la-victoire-en-slopestyle-pour-tess-ledeux\/#primaryimage\"},\"thumbnailUrl\":\"https:\/\/dicodusport.fr\/blog\/wp-content\/uploads\/2024\/03\/Ski-Freestyle-Les-finales-de-Silvaplana-annulees-la-victoire-en-slopestyle-pour-Tess-Ledeux.png\",\"keywords\":[\"br\u00e8ve\",\"ski freestyle\",\"Slopestyle\",\"Tess Ledeux\"],\"articleSection\":[\"Ski\"],\"inLanguage\":\"fr-FR\",\"potentialAction\":[{\"@type\":\"CommentAction\",\"name\":\"Comment\",\"target\":[\"https:\/\/dicodusport.fr\/blog\/ski-freestyle-les-finales-de-silvaplana-annulees-la-victoire-en-slopestyle-pour-tess-ledeux\/#respond\"]}],\"copyrightYear\":\"2024\",\"copyrightHolder\":{\"@id\":\"https:\/\/dicodusport.fr\/blog\/#organization\"}},{\"@type\":\"WebPage\",\"@id\":\"https:\/\/dicodusport.fr\/blog\/ski-freestyle-les-finales-de-silvaplana-annulees-la-victoire-en-slopestyle-pour-tess-ledeux\/\",\"url\":\"https:\/\/dicodusport.fr\/blog\/ski-freestyle-les-finales-de-silvaplana-annulees-la-victoire-en-slopestyle-pour-tess-ledeux\/\",\"name\":\"Ski Freestyle : Les finales de Silvaplana annul\u00e9es, la victoire en slopestyle pour Tess Ledeux\",\"isPartOf\":{\"@id\":\"https:\/\/dicodusport.fr\/blog\/#website\"},\"primaryImageOfPage\":{\"@id\":\"https:\/\/dicodusport.fr\/blog\/ski-freestyle-les-finales-de-silvaplana-annulees-la-victoire-en-slopestyle-pour-tess-ledeux\/#primaryimage\"},\"image\":{\"@id\":\"https:\/\/dicodusport.fr\/blog\/ski-freestyle-les-finales-de-silvaplana-annulees-la-victoire-en-slopestyle-pour-tess-ledeux\/#primaryimage\"},\"thumbnailUrl\":\"https:\/\/dicodusport.fr\/blog\/wp-content\/uploads\/2024\/03\/Ski-Freestyle-Les-finales-de-Silvaplana-annulees-la-victoire-en-slopestyle-pour-Tess-Ledeux.png\",\"datePublished\":\"2024-03-24T15:19:48+00:00\",\"dateModified\":\"2024-03-24T15:43:01+00:00\",\"description\":\"COUPE DU MONDE DE SKI FREESTYLE - Ce dimanche, Tess Ledeux a remport\u00e9 la derni\u00e8re \u00e9preuve de slopestyle \u00e0 Silvaplana.\",\"breadcrumb\":{\"@id\":\"https:\/\/dicodusport.fr\/blog\/ski-freestyle-les-finales-de-silvaplana-annulees-la-victoire-en-slopestyle-pour-tess-ledeux\/#breadcrumb\"},\"inLanguage\":\"fr-FR\",\"potentialAction\":[{\"@type\":\"ReadAction\",\"target\":[\"https:\/\/dicodusport.fr\/blog\/ski-freestyle-les-finales-de-silvaplana-annulees-la-victoire-en-slopestyle-pour-tess-ledeux\/\"]}]},{\"@type\":\"ImageObject\",\"inLanguage\":\"fr-FR\",\"@id\":\"https:\/\/dicodusport.fr\/blog\/ski-freestyle-les-finales-de-silvaplana-annulees-la-victoire-en-slopestyle-pour-tess-ledeux\/#primaryimage\",\"url\":\"https:\/\/dicodusport.fr\/blog\/wp-content\/uploads\/2024\/03\/Ski-Freestyle-Les-finales-de-Silvaplana-annulees-la-victoire-en-slopestyle-pour-Tess-Ledeux.png\",\"contentUrl\":\"https:\/\/dicodusport.fr\/blog\/wp-content\/uploads\/2024\/03\/Ski-Freestyle-Les-finales-de-Silvaplana-annulees-la-victoire-en-slopestyle-pour-Tess-Ledeux.png\",\"width\":1200,\"height\":674,\"caption\":\"Ski Freestyle : Les finales de Silvaplana annul\u00e9es, la victoire en slopestyle pour Tess Ledeux\"},{\"@type\":\"BreadcrumbList\",\"@id\":\"https:\/\/dicodusport.fr\/blog\/ski-freestyle-les-finales-de-silvaplana-annulees-la-victoire-en-slopestyle-pour-tess-ledeux\/#breadcrumb\",\"itemListElement\":[{\"@type\":\"ListItem\",\"position\":1,\"name\":\"Accueil\",\"item\":\"https:\/\/dicodusport.fr\/blog\/\"},{\"@type\":\"ListItem\",\"position\":2,\"name\":\"Ski Freestyle : Les finales de Silvaplana annul\u00e9es, la victoire en slopestyle pour Tess Ledeux\"}]},{\"@type\":\"WebSite\",\"@id\":\"https:\/\/dicodusport.fr\/blog\/#website\",\"url\":\"https:\/\/dicodusport.fr\/blog\/\",\"name\":\"Dicodusport\",\"description\":\"L&#039;encyclop\u00e9die de l&#039;actualit\u00e9 sportive\",\"publisher\":{\"@id\":\"https:\/\/dicodusport.fr\/blog\/#organization\"},\"potentialAction\":[{\"@type\":\"SearchAction\",\"target\":{\"@type\":\"EntryPoint\",\"urlTemplate\":\"https:\/\/dicodusport.fr\/blog\/?s={search_term_string}\"},\"query-input\":{\"@type\":\"PropertyValueSpecification\",\"valueRequired\":true,\"valueName\":\"search_term_string\"}}],\"inLanguage\":\"fr-FR\"},{\"@type\":\"NewsMediaOrganization\",\"@id\":\"https:\/\/dicodusport.fr\/blog\/#organization\",\"name\":\"Dicodusport\",\"url\":\"https:\/\/dicodusport.fr\/blog\/\",\"logo\":{\"@type\":\"ImageObject\",\"inLanguage\":\"fr-FR\",\"@id\":\"https:\/\/dicodusport.fr\/blog\/#\/schema\/logo\/image\/\",\"url\":\"https:\/\/dicodusport.fr\/blog\/wp-content\/uploads\/2020\/06\/cropped-LOGO-DICODUSPORT-2020-SANS-FOND-SANS-TEXTE.png\",\"contentUrl\":\"https:\/\/dicodusport.fr\/blog\/wp-content\/uploads\/2020\/06\/cropped-LOGO-DICODUSPORT-2020-SANS-FOND-SANS-TEXTE.png\",\"width\":512,\"height\":512,\"caption\":\"Dicodusport\"},\"image\":{\"@id\":\"https:\/\/dicodusport.fr\/blog\/#\/schema\/logo\/image\/\"},\"sameAs\":[\"https:\/\/www.facebook.com\/dicodusport\",\"https:\/\/x.com\/dicodusport\",\"https:\/\/www.instagram.com\/dicodusport\/\",\"https:\/\/www.youtube.com\/channel\/UC7V2KZ5sd3htJivAbA4ZG3w\"],\"description\":\"Dicodusport est l'encyclop\u00e9die de l'actualit\u00e9 sportive.\",\"email\":\"bonjour@dicodusport.fr\",\"legalName\":\"DICODUSPORT\",\"foundingDate\":\"2018-01-14\",\"vatID\":\"FR71834470973\",\"taxID\":\"83447097300043\",\"numberOfEmployees\":{\"@type\":\"QuantitativeValue\",\"minValue\":\"1\",\"maxValue\":\"10\"}},{\"@type\":\"Person\",\"@id\":\"https:\/\/dicodusport.fr\/blog\/#\/schema\/person\/37def232098a7a5cbab3974a3690abb0\",\"name\":\"Maxime Cazenave\",\"image\":{\"@type\":\"ImageObject\",\"inLanguage\":\"fr-FR\",\"@id\":\"https:\/\/dicodusport.fr\/blog\/#\/schema\/person\/image\/\",\"url\":\"https:\/\/dicodusport.fr\/blog\/wp-content\/uploads\/2021\/05\/Maxime-Cazenave-150x150.jpg\",\"contentUrl\":\"https:\/\/dicodusport.fr\/blog\/wp-content\/uploads\/2021\/05\/Maxime-Cazenave-150x150.jpg\",\"caption\":\"Maxime Cazenave\"},\"description\":\"Journaliste\/R\u00e9dacteur depuis 2012 - Berc\u00e9 par l\u2019amour des Girondins de Bordeaux, les \u00e9checs de Christophe Moreau sur le Tour de France sous l'\u00e8re Lance Armstrong et le fade-away l\u00e9tal de Dirk Nowitzki, ma passion d\u00e9vorante pour le sport a toujours \u00e9t\u00e9 un pan incontournable de ma vie. Transmettre ma passion \u00e0 l\u2019\u00e9crit a \u00e9t\u00e9 une transition naturelle. Suiveur assidu de basket et de hockey sur glace, je garde toujours un peu de place pour suivre le cyclisme, le football et le maximum de performances fran\u00e7aises.\",\"sameAs\":[\"https:\/\/x.com\/https:\/\/twitter.com\/Maxime_Caze\"],\"url\":\"https:\/\/dicodusport.fr\/blog\/author\/maximec\/\"}]}<\/script>\n<!-- \/ Yoast SEO Premium plugin. -->","yoast_head_json":{"title":"Ski Freestyle : Les finales de Silvaplana annul\u00e9es, la victoire en slopestyle pour Tess Ledeux","description":"COUPE DU MONDE DE SKI FREESTYLE - Ce dimanche, Tess Ledeux a remport\u00e9 la derni\u00e8re \u00e9preuve de slopestyle \u00e0 Silvaplana.","robots":{"index":"index","follow":"follow","max-snippet":"max-snippet:-1","max-image-preview":"max-image-preview:large","max-video-preview":"max-video-preview:-1"},"canonical":"https:\/\/dicodusport.fr\/blog\/ski-freestyle-les-finales-de-silvaplana-annulees-la-victoire-en-slopestyle-pour-tess-ledeux\/","og_locale":"fr_FR","og_type":"article","og_title":"Ski Freestyle : Les finales de Silvaplana annul\u00e9es, la victoire en slopestyle pour Tess Ledeux","og_description":"COUPE DU MONDE DE SKI FREESTYLE - Ce dimanche, Tess Ledeux a remport\u00e9 la derni\u00e8re \u00e9preuve de slopestyle \u00e0 Silvaplana.","og_url":"https:\/\/dicodusport.fr\/blog\/ski-freestyle-les-finales-de-silvaplana-annulees-la-victoire-en-slopestyle-pour-tess-ledeux\/","og_site_name":"Dicodusport","article_publisher":"https:\/\/www.facebook.com\/dicodusport","article_published_time":"2024-03-24T15:19:48+00:00","article_modified_time":"2024-03-24T15:43:01+00:00","og_image":[{"width":1200,"height":674,"url":"https:\/\/dicodusport.fr\/blog\/wp-content\/uploads\/2024\/03\/Ski-Freestyle-Les-finales-de-Silvaplana-annulees-la-victoire-en-slopestyle-pour-Tess-Ledeux.png","type":"image\/png"}],"author":"Maxime Cazenave","twitter_card":"summary_large_image","twitter_title":"Ski Freestyle : Les finales de Silvaplana annul\u00e9es, la victoire en slopestyle pour Tess Ledeux","twitter_creator":"@https:\/\/twitter.com\/Maxime_Caze","twitter_site":"@dicodusport","schema":{"@context":"https:\/\/schema.org","@graph":[{"@type":"NewsArticle","@id":"https:\/\/dicodusport.fr\/blog\/ski-freestyle-les-finales-de-silvaplana-annulees-la-victoire-en-slopestyle-pour-tess-ledeux\/#article","isPartOf":{"@id":"https:\/\/dicodusport.fr\/blog\/ski-freestyle-les-finales-de-silvaplana-annulees-la-victoire-en-slopestyle-pour-tess-ledeux\/"},"author":{"name":"Maxime Cazenave","@id":"https:\/\/dicodusport.fr\/blog\/#\/schema\/person\/37def232098a7a5cbab3974a3690abb0"},"headline":"Ski Freestyle : Les finales de Silvaplana annul\u00e9es, la victoire en slopestyle pour Tess Ledeux","datePublished":"2024-03-24T15:19:48+00:00","dateModified":"2024-03-24T15:43:01+00:00","mainEntityOfPage":{"@id":"https:\/\/dicodusport.fr\/blog\/ski-freestyle-les-finales-de-silvaplana-annulees-la-victoire-en-slopestyle-pour-tess-ledeux\/"},"wordCount":298,"commentCount":0,"publisher":{"@id":"https:\/\/dicodusport.fr\/blog\/#organization"},"image":{"@id":"https:\/\/dicodusport.fr\/blog\/ski-freestyle-les-finales-de-silvaplana-annulees-la-victoire-en-slopestyle-pour-tess-ledeux\/#primaryimage"},"thumbnailUrl":"https:\/\/dicodusport.fr\/blog\/wp-content\/uploads\/2024\/03\/Ski-Freestyle-Les-finales-de-Silvaplana-annulees-la-victoire-en-slopestyle-pour-Tess-Ledeux.png","keywords":["br\u00e8ve","ski freestyle","Slopestyle","Tess Ledeux"],"articleSection":["Ski"],"inLanguage":"fr-FR","potentialAction":[{"@type":"CommentAction","name":"Comment","target":["https:\/\/dicodusport.fr\/blog\/ski-freestyle-les-finales-de-silvaplana-annulees-la-victoire-en-slopestyle-pour-tess-ledeux\/#respond"]}],"copyrightYear":"2024","copyrightHolder":{"@id":"https:\/\/dicodusport.fr\/blog\/#organization"}},{"@type":"WebPage","@id":"https:\/\/dicodusport.fr\/blog\/ski-freestyle-les-finales-de-silvaplana-annulees-la-victoire-en-slopestyle-pour-tess-ledeux\/","url":"https:\/\/dicodusport.fr\/blog\/ski-freestyle-les-finales-de-silvaplana-annulees-la-victoire-en-slopestyle-pour-tess-ledeux\/","name":"Ski Freestyle : Les finales de Silvaplana annul\u00e9es, la victoire en slopestyle pour Tess Ledeux","isPartOf":{"@id":"https:\/\/dicodusport.fr\/blog\/#website"},"primaryImageOfPage":{"@id":"https:\/\/dicodusport.fr\/blog\/ski-freestyle-les-finales-de-silvaplana-annulees-la-victoire-en-slopestyle-pour-tess-ledeux\/#primaryimage"},"image":{"@id":"https:\/\/dicodusport.fr\/blog\/ski-freestyle-les-finales-de-silvaplana-annulees-la-victoire-en-slopestyle-pour-tess-ledeux\/#primaryimage"},"thumbnailUrl":"https:\/\/dicodusport.fr\/blog\/wp-content\/uploads\/2024\/03\/Ski-Freestyle-Les-finales-de-Silvaplana-annulees-la-victoire-en-slopestyle-pour-Tess-Ledeux.png","datePublished":"2024-03-24T15:19:48+00:00","dateModified":"2024-03-24T15:43:01+00:00","description":"COUPE DU MONDE DE SKI FREESTYLE - Ce dimanche, Tess Ledeux a remport\u00e9 la derni\u00e8re \u00e9preuve de slopestyle \u00e0 Silvaplana.","breadcrumb":{"@id":"https:\/\/dicodusport.fr\/blog\/ski-freestyle-les-finales-de-silvaplana-annulees-la-victoire-en-slopestyle-pour-tess-ledeux\/#breadcrumb"},"inLanguage":"fr-FR","potentialAction":[{"@type":"ReadAction","target":["https:\/\/dicodusport.fr\/blog\/ski-freestyle-les-finales-de-silvaplana-annulees-la-victoire-en-slopestyle-pour-tess-ledeux\/"]}]},{"@type":"ImageObject","inLanguage":"fr-FR","@id":"https:\/\/dicodusport.fr\/blog\/ski-freestyle-les-finales-de-silvaplana-annulees-la-victoire-en-slopestyle-pour-tess-ledeux\/#primaryimage","url":"https:\/\/dicodusport.fr\/blog\/wp-content\/uploads\/2024\/03\/Ski-Freestyle-Les-finales-de-Silvaplana-annulees-la-victoire-en-slopestyle-pour-Tess-Ledeux.png","contentUrl":"https:\/\/dicodusport.fr\/blog\/wp-content\/uploads\/2024\/03\/Ski-Freestyle-Les-finales-de-Silvaplana-annulees-la-victoire-en-slopestyle-pour-Tess-Ledeux.png","width":1200,"height":674,"caption":"Ski Freestyle : Les finales de Silvaplana annul\u00e9es, la victoire en slopestyle pour Tess Ledeux"},{"@type":"BreadcrumbList","@id":"https:\/\/dicodusport.fr\/blog\/ski-freestyle-les-finales-de-silvaplana-annulees-la-victoire-en-slopestyle-pour-tess-ledeux\/#breadcrumb","itemListElement":[{"@type":"ListItem","position":1,"name":"Accueil","item":"https:\/\/dicodusport.fr\/blog\/"},{"@type":"ListItem","position":2,"name":"Ski Freestyle : Les finales de Silvaplana annul\u00e9es, la victoire en slopestyle pour Tess Ledeux"}]},{"@type":"WebSite","@id":"https:\/\/dicodusport.fr\/blog\/#website","url":"https:\/\/dicodusport.fr\/blog\/","name":"Dicodusport","description":"L&#039;encyclop\u00e9die de l&#039;actualit\u00e9 sportive","publisher":{"@id":"https:\/\/dicodusport.fr\/blog\/#organization"},"potentialAction":[{"@type":"SearchAction","target":{"@type":"EntryPoint","urlTemplate":"https:\/\/dicodusport.fr\/blog\/?s={search_term_string}"},"query-input":{"@type":"PropertyValueSpecification","valueRequired":true,"valueName":"search_term_string"}}],"inLanguage":"fr-FR"},{"@type":"NewsMediaOrganization","@id":"https:\/\/dicodusport.fr\/blog\/#organization","name":"Dicodusport","url":"https:\/\/dicodusport.fr\/blog\/","logo":{"@type":"ImageObject","inLanguage":"fr-FR","@id":"https:\/\/dicodusport.fr\/blog\/#\/schema\/logo\/image\/","url":"https:\/\/dicodusport.fr\/blog\/wp-content\/uploads\/2020\/06\/cropped-LOGO-DICODUSPORT-2020-SANS-FOND-SANS-TEXTE.png","contentUrl":"https:\/\/dicodusport.fr\/blog\/wp-content\/uploads\/2020\/06\/cropped-LOGO-DICODUSPORT-2020-SANS-FOND-SANS-TEXTE.png","width":512,"height":512,"caption":"Dicodusport"},"image":{"@id":"https:\/\/dicodusport.fr\/blog\/#\/schema\/logo\/image\/"},"sameAs":["https:\/\/www.facebook.com\/dicodusport","https:\/\/x.com\/dicodusport","https:\/\/www.instagram.com\/dicodusport\/","https:\/\/www.youtube.com\/channel\/UC7V2KZ5sd3htJivAbA4ZG3w"],"description":"Dicodusport est l'encyclop\u00e9die de l'actualit\u00e9 sportive.","email":"bonjour@dicodusport.fr","legalName":"DICODUSPORT","foundingDate":"2018-01-14","vatID":"FR71834470973","taxID":"83447097300043","numberOfEmployees":{"@type":"QuantitativeValue","minValue":"1","maxValue":"10"}},{"@type":"Person","@id":"https:\/\/dicodusport.fr\/blog\/#\/schema\/person\/37def232098a7a5cbab3974a3690abb0","name":"Maxime Cazenave","image":{"@type":"ImageObject","inLanguage":"fr-FR","@id":"https:\/\/dicodusport.fr\/blog\/#\/schema\/person\/image\/","url":"https:\/\/dicodusport.fr\/blog\/wp-content\/uploads\/2021\/05\/Maxime-Cazenave-150x150.jpg","contentUrl":"https:\/\/dicodusport.fr\/blog\/wp-content\/uploads\/2021\/05\/Maxime-Cazenave-150x150.jpg","caption":"Maxime Cazenave"},"description":"Journaliste\/R\u00e9dacteur depuis 2012 - Berc\u00e9 par l\u2019amour des Girondins de Bordeaux, les \u00e9checs de Christophe Moreau sur le Tour de France sous l'\u00e8re Lance Armstrong et le fade-away l\u00e9tal de Dirk Nowitzki, ma passion d\u00e9vorante pour le sport a toujours \u00e9t\u00e9 un pan incontournable de ma vie. Transmettre ma passion \u00e0 l\u2019\u00e9crit a \u00e9t\u00e9 une transition naturelle. Suiveur assidu de basket et de hockey sur glace, je garde toujours un peu de place pour suivre le cyclisme, le football et le maximum de performances fran\u00e7aises.","sameAs":["https:\/\/x.com\/https:\/\/twitter.com\/Maxime_Caze"],"url":"https:\/\/dicodusport.fr\/blog\/author\/maximec\/"}]}},"_links":{"self":[{"href":"https:\/\/dicodusport.fr\/blog\/wp-json\/wp\/v2\/posts\/474492","targetHints":{"allow":["GET"]}}],"collection":[{"href":"https:\/\/dicodusport.fr\/blog\/wp-json\/wp\/v2\/posts"}],"about":[{"href":"https:\/\/dicodusport.fr\/blog\/wp-json\/wp\/v2\/types\/post"}],"author":[{"embeddable":true,"href":"https:\/\/dicodusport.fr\/blog\/wp-json\/wp\/v2\/users\/55"}],"replies":[{"embeddable":true,"href":"https:\/\/dicodusport.fr\/blog\/wp-json\/wp\/v2\/comments?post=474492"}],"version-history":[{"count":3,"href":"https:\/\/dicodusport.fr\/blog\/wp-json\/wp\/v2\/posts\/474492\/revisions"}],"predecessor-version":[{"id":474520,"href":"https:\/\/dicodusport.fr\/blog\/wp-json\/wp\/v2\/posts\/474492\/revisions\/474520"}],"wp:featuredmedia":[{"embeddable":true,"href":"https:\/\/dicodusport.fr\/blog\/wp-json\/wp\/v2\/media\/474499"}],"wp:attachment":[{"href":"https:\/\/dicodusport.fr\/blog\/wp-json\/wp\/v2\/media?parent=474492"}],"wp:term":[{"taxonomy":"category","embeddable":true,"href":"https:\/\/dicodusport.fr\/blog\/wp-json\/wp\/v2\/categories?post=474492"},{"taxonomy":"post_tag","embeddable":true,"href":"https:\/\/dicodusport.fr\/blog\/wp-json\/wp\/v2\/tags?post=474492"}],"curies":[{"name":"wp","href":"https:\/\/api.w.org\/{rel}","templated":true}]}}