{"id":474577,"date":"2024-03-24T21:16:51","date_gmt":"2024-03-24T20:16:51","guid":{"rendered":"https:\/\/dicodusport.fr\/blog\/?p=474577&#038;preview=true&#038;preview_id=474577"},"modified":"2024-03-24T23:19:23","modified_gmt":"2024-03-24T22:19:23","slug":"ski-de-vitesse-simon-billy-decroche-une-troisieme-couronne-mondiale-a-vars","status":"publish","type":"post","link":"https:\/\/dicodusport.fr\/blog\/ski-de-vitesse-simon-billy-decroche-une-troisieme-couronne-mondiale-a-vars\/","title":{"rendered":"Ski de vitesse : Simon Billy d\u00e9croche une troisi\u00e8me couronne mondiale \u00e0 Vars"},"content":{"rendered":"<p align=\"justify\"><em><strong>SKI DE VITESSE &#8211; Au terme d&rsquo;un weekend tronqu\u00e9 en raison des conditions m\u00e9t\u00e9orologiques, Simon Billy a \u00e9t\u00e9 sacr\u00e9 pour la troisi\u00e8me fois de sa carri\u00e8re champion du monde \u00e0 Vars. Cl\u00e9a Martinez s&rsquo;est elle par\u00e9e d&rsquo;argent dans le tableau f\u00e9minin.<\/strong><\/em><\/p>\n<p align=\"justify\">Le week-end aura \u00e9t\u00e9 d\u00e9licat pour de nombreuses disciplines des sports d&rsquo;hiver. Ce fut le cas pour le ski alpin \u00e0 Saalbach (Autriche), mais aussi pour le ski freestyle \u00e0 Silvaplana (Suisse). Encore plus \u00e0 l&rsquo;ouest, dans les Alpes fran\u00e7aises, les conditions m\u00e9t\u00e9orologiques auront \u00e9galement \u00e9t\u00e9 d\u00e9licates. \u00c0 <strong>Vars<\/strong>, les <strong>championnats du monde de ski de vitesse<\/strong> ont \u00e9t\u00e9 s\u00e9rieusement tronqu\u00e9s, puisque les skieurs sont rest\u00e9s en haut de la piste samedi et dimanche. Ainsi, seuls les r\u00e9sultats du vendredi ont \u00e9t\u00e9 pris en compte afin de d\u00e9terminer le classement g\u00e9n\u00e9ral.<\/p>\n<p align=\"justify\">Double champion du monde en titre, <strong>Simon Billy<\/strong> vient donc d\u00e9crocher une troisi\u00e8me couronne mondiale particuli\u00e8re, puisqu&rsquo;en \u00e9tant flash\u00e9 \u00e0 plus de 231 km\/h, il avait \u00e9tabli la meilleure marque. Malgr\u00e9 la d\u00e9ception de ne pas avoir eu la possibilit\u00e9 d&rsquo;am\u00e9liorer son record du monde de vitesse \u00e9tabli il y a un an quasiment jour pour jour, le natif de Montpellier a assur\u00e9 l&rsquo;essentiel. Chez les femmes, le titre revient sans surprise \u00e0 la cannibale de la discipline, l&rsquo;Italienne <strong>Valentina Greggio<\/strong> (226,42 km\/h). Derri\u00e8re, <strong>Cl\u00e9a Martinez<\/strong> a offert un deuxi\u00e8me podium au clan tricolore en s&#8217;emparant de la 2e place (222,23 km\/h).<\/p>\n<p style=\"text-align: justify;\" align=\"justify\">Les meilleurs skieurs mondiaux se retrouveront une derni\u00e8re fois cette saison dans la semaine, toujours du c\u00f4t\u00e9 de Vars, pour les derni\u00e8res \u00e9preuves de Coupe du monde. Avec la possibilit\u00e9 pour Simon Billy de d\u00e9crocher le globe de cristal.<\/p>\n<p><iframe loading=\"lazy\" style=\"border: none; overflow: hidden;\" src=\"https:\/\/www.facebook.com\/plugins\/post.php?href=https%3A%2F%2Fwww.facebook.com%2Fffsvitesse%2Fposts%2Fpfbid0G7jqHd6sXL5Cgh6zQyx6QS7iWDqCr3ga7kxXriG99hRtPydL7vuM4ASHPqNHRhV7l&amp;show_text=true&amp;width=500\" width=\"500\" height=\"734\" frameborder=\"0\" scrolling=\"no\" allowfullscreen=\"allowfullscreen\"><\/iframe><\/p>\n","protected":false},"excerpt":{"rendered":"<p>COUPE DU MONDE DE SKI DE VITESSE &#8211; Simon Billy a remport\u00e9 son troisi\u00e8me titre de champion du monde \u00e0 Vars ce weekend.<\/p>\n","protected":false},"author":55,"featured_media":474583,"comment_status":"open","ping_status":"closed","sticky":false,"template":"","format":"standard","meta":{"_acf_changed":false,"_daextam_enable_autolinks":"1","footnotes":""},"categories":[9217],"tags":[16878,15117,15118],"class_list":["post-474577","post","type-post","status-publish","format-standard","has-post-thumbnail","hentry","category-ski","tag-breve","tag-simon-billy","tag-ski-de-vitesse"],"acf":[],"yoast_head":"<!-- This site is optimized with the Yoast SEO Premium plugin v26.7 (Yoast SEO v26.7) - https:\/\/yoast.com\/wordpress\/plugins\/seo\/ -->\n<title>Ski de vitesse : Simon Billy d\u00e9croche une troisi\u00e8me couronne mondiale \u00e0 Vars<\/title>\n<meta name=\"description\" content=\"COUPE DU MONDE DE SKI DE VITESSE - Simon Billy a remport\u00e9 son troisi\u00e8me titre de champion du monde \u00e0 Vars ce weekend.\" \/>\n<meta name=\"robots\" content=\"index, follow, max-snippet:-1, max-image-preview:large, max-video-preview:-1\" \/>\n<link rel=\"canonical\" href=\"https:\/\/dicodusport.fr\/blog\/ski-de-vitesse-simon-billy-decroche-une-troisieme-couronne-mondiale-a-vars\/\" \/>\n<meta property=\"og:locale\" content=\"fr_FR\" \/>\n<meta property=\"og:type\" content=\"article\" \/>\n<meta property=\"og:title\" content=\"Ski de vitesse : Simon Billy d\u00e9croche une troisi\u00e8me couronne mondiale \u00e0 Vars\" \/>\n<meta property=\"og:description\" content=\"COUPE DU MONDE DE SKI DE VITESSE - Simon Billy a remport\u00e9 son troisi\u00e8me titre de champion du monde \u00e0 Vars ce weekend.\" \/>\n<meta property=\"og:url\" content=\"https:\/\/dicodusport.fr\/blog\/ski-de-vitesse-simon-billy-decroche-une-troisieme-couronne-mondiale-a-vars\/\" \/>\n<meta property=\"og:site_name\" content=\"Dicodusport\" \/>\n<meta property=\"article:publisher\" content=\"https:\/\/www.facebook.com\/dicodusport\" \/>\n<meta property=\"article:published_time\" content=\"2024-03-24T20:16:51+00:00\" \/>\n<meta property=\"article:modified_time\" content=\"2024-03-24T22:19:23+00:00\" \/>\n<meta property=\"og:image\" content=\"https:\/\/dicodusport.fr\/blog\/wp-content\/uploads\/2024\/03\/Ski-de-vitesse-Simon-Billy-decroche-une-troisieme-couronne-mondiale-a-Vars.png\" \/>\n\t<meta property=\"og:image:width\" content=\"1200\" \/>\n\t<meta property=\"og:image:height\" content=\"674\" \/>\n\t<meta property=\"og:image:type\" content=\"image\/png\" \/>\n<meta name=\"author\" content=\"Maxime Cazenave\" \/>\n<meta name=\"twitter:card\" content=\"summary_large_image\" \/>\n<meta name=\"twitter:title\" content=\"Ski de vitesse : Simon Billy d\u00e9croche une troisi\u00e8me couronne mondiale \u00e0 Vars\" \/>\n<meta name=\"twitter:creator\" content=\"@https:\/\/twitter.com\/Maxime_Caze\" \/>\n<meta name=\"twitter:site\" content=\"@dicodusport\" \/>\n<script type=\"application\/ld+json\" class=\"yoast-schema-graph\">{\"@context\":\"https:\/\/schema.org\",\"@graph\":[{\"@type\":\"NewsArticle\",\"@id\":\"https:\/\/dicodusport.fr\/blog\/ski-de-vitesse-simon-billy-decroche-une-troisieme-couronne-mondiale-a-vars\/#article\",\"isPartOf\":{\"@id\":\"https:\/\/dicodusport.fr\/blog\/ski-de-vitesse-simon-billy-decroche-une-troisieme-couronne-mondiale-a-vars\/\"},\"author\":{\"name\":\"Maxime Cazenave\",\"@id\":\"https:\/\/dicodusport.fr\/blog\/#\/schema\/person\/37def232098a7a5cbab3974a3690abb0\"},\"headline\":\"Ski de vitesse : Simon Billy d\u00e9croche une troisi\u00e8me couronne mondiale \u00e0 Vars\",\"datePublished\":\"2024-03-24T20:16:51+00:00\",\"dateModified\":\"2024-03-24T22:19:23+00:00\",\"mainEntityOfPage\":{\"@id\":\"https:\/\/dicodusport.fr\/blog\/ski-de-vitesse-simon-billy-decroche-une-troisieme-couronne-mondiale-a-vars\/\"},\"wordCount\":320,\"commentCount\":0,\"publisher\":{\"@id\":\"https:\/\/dicodusport.fr\/blog\/#organization\"},\"image\":{\"@id\":\"https:\/\/dicodusport.fr\/blog\/ski-de-vitesse-simon-billy-decroche-une-troisieme-couronne-mondiale-a-vars\/#primaryimage\"},\"thumbnailUrl\":\"https:\/\/dicodusport.fr\/blog\/wp-content\/uploads\/2024\/03\/Ski-de-vitesse-Simon-Billy-decroche-une-troisieme-couronne-mondiale-a-Vars.png\",\"keywords\":[\"br\u00e8ve\",\"Simon Billy\",\"Ski de vitesse\"],\"articleSection\":[\"Ski\"],\"inLanguage\":\"fr-FR\",\"potentialAction\":[{\"@type\":\"CommentAction\",\"name\":\"Comment\",\"target\":[\"https:\/\/dicodusport.fr\/blog\/ski-de-vitesse-simon-billy-decroche-une-troisieme-couronne-mondiale-a-vars\/#respond\"]}],\"copyrightYear\":\"2024\",\"copyrightHolder\":{\"@id\":\"https:\/\/dicodusport.fr\/blog\/#organization\"}},{\"@type\":\"WebPage\",\"@id\":\"https:\/\/dicodusport.fr\/blog\/ski-de-vitesse-simon-billy-decroche-une-troisieme-couronne-mondiale-a-vars\/\",\"url\":\"https:\/\/dicodusport.fr\/blog\/ski-de-vitesse-simon-billy-decroche-une-troisieme-couronne-mondiale-a-vars\/\",\"name\":\"Ski de vitesse : Simon Billy d\u00e9croche une troisi\u00e8me couronne mondiale \u00e0 Vars\",\"isPartOf\":{\"@id\":\"https:\/\/dicodusport.fr\/blog\/#website\"},\"primaryImageOfPage\":{\"@id\":\"https:\/\/dicodusport.fr\/blog\/ski-de-vitesse-simon-billy-decroche-une-troisieme-couronne-mondiale-a-vars\/#primaryimage\"},\"image\":{\"@id\":\"https:\/\/dicodusport.fr\/blog\/ski-de-vitesse-simon-billy-decroche-une-troisieme-couronne-mondiale-a-vars\/#primaryimage\"},\"thumbnailUrl\":\"https:\/\/dicodusport.fr\/blog\/wp-content\/uploads\/2024\/03\/Ski-de-vitesse-Simon-Billy-decroche-une-troisieme-couronne-mondiale-a-Vars.png\",\"datePublished\":\"2024-03-24T20:16:51+00:00\",\"dateModified\":\"2024-03-24T22:19:23+00:00\",\"description\":\"COUPE DU MONDE DE SKI DE VITESSE - Simon Billy a remport\u00e9 son troisi\u00e8me titre de champion du monde \u00e0 Vars ce weekend.\",\"breadcrumb\":{\"@id\":\"https:\/\/dicodusport.fr\/blog\/ski-de-vitesse-simon-billy-decroche-une-troisieme-couronne-mondiale-a-vars\/#breadcrumb\"},\"inLanguage\":\"fr-FR\",\"potentialAction\":[{\"@type\":\"ReadAction\",\"target\":[\"https:\/\/dicodusport.fr\/blog\/ski-de-vitesse-simon-billy-decroche-une-troisieme-couronne-mondiale-a-vars\/\"]}]},{\"@type\":\"ImageObject\",\"inLanguage\":\"fr-FR\",\"@id\":\"https:\/\/dicodusport.fr\/blog\/ski-de-vitesse-simon-billy-decroche-une-troisieme-couronne-mondiale-a-vars\/#primaryimage\",\"url\":\"https:\/\/dicodusport.fr\/blog\/wp-content\/uploads\/2024\/03\/Ski-de-vitesse-Simon-Billy-decroche-une-troisieme-couronne-mondiale-a-Vars.png\",\"contentUrl\":\"https:\/\/dicodusport.fr\/blog\/wp-content\/uploads\/2024\/03\/Ski-de-vitesse-Simon-Billy-decroche-une-troisieme-couronne-mondiale-a-Vars.png\",\"width\":1200,\"height\":674,\"caption\":\"Ski de vitesse : Simon Billy remporte un quatri\u00e8me titre mondial de rang\"},{\"@type\":\"BreadcrumbList\",\"@id\":\"https:\/\/dicodusport.fr\/blog\/ski-de-vitesse-simon-billy-decroche-une-troisieme-couronne-mondiale-a-vars\/#breadcrumb\",\"itemListElement\":[{\"@type\":\"ListItem\",\"position\":1,\"name\":\"Accueil\",\"item\":\"https:\/\/dicodusport.fr\/blog\/\"},{\"@type\":\"ListItem\",\"position\":2,\"name\":\"Ski de vitesse : Simon Billy d\u00e9croche une troisi\u00e8me couronne mondiale \u00e0 Vars\"}]},{\"@type\":\"WebSite\",\"@id\":\"https:\/\/dicodusport.fr\/blog\/#website\",\"url\":\"https:\/\/dicodusport.fr\/blog\/\",\"name\":\"Dicodusport\",\"description\":\"L&#039;encyclop\u00e9die de l&#039;actualit\u00e9 sportive\",\"publisher\":{\"@id\":\"https:\/\/dicodusport.fr\/blog\/#organization\"},\"potentialAction\":[{\"@type\":\"SearchAction\",\"target\":{\"@type\":\"EntryPoint\",\"urlTemplate\":\"https:\/\/dicodusport.fr\/blog\/?s={search_term_string}\"},\"query-input\":{\"@type\":\"PropertyValueSpecification\",\"valueRequired\":true,\"valueName\":\"search_term_string\"}}],\"inLanguage\":\"fr-FR\"},{\"@type\":\"NewsMediaOrganization\",\"@id\":\"https:\/\/dicodusport.fr\/blog\/#organization\",\"name\":\"Dicodusport\",\"url\":\"https:\/\/dicodusport.fr\/blog\/\",\"logo\":{\"@type\":\"ImageObject\",\"inLanguage\":\"fr-FR\",\"@id\":\"https:\/\/dicodusport.fr\/blog\/#\/schema\/logo\/image\/\",\"url\":\"https:\/\/dicodusport.fr\/blog\/wp-content\/uploads\/2020\/06\/cropped-LOGO-DICODUSPORT-2020-SANS-FOND-SANS-TEXTE.png\",\"contentUrl\":\"https:\/\/dicodusport.fr\/blog\/wp-content\/uploads\/2020\/06\/cropped-LOGO-DICODUSPORT-2020-SANS-FOND-SANS-TEXTE.png\",\"width\":512,\"height\":512,\"caption\":\"Dicodusport\"},\"image\":{\"@id\":\"https:\/\/dicodusport.fr\/blog\/#\/schema\/logo\/image\/\"},\"sameAs\":[\"https:\/\/www.facebook.com\/dicodusport\",\"https:\/\/x.com\/dicodusport\",\"https:\/\/www.instagram.com\/dicodusport\/\",\"https:\/\/www.youtube.com\/channel\/UC7V2KZ5sd3htJivAbA4ZG3w\"],\"description\":\"Dicodusport est l'encyclop\u00e9die de l'actualit\u00e9 sportive.\",\"email\":\"bonjour@dicodusport.fr\",\"legalName\":\"DICODUSPORT\",\"foundingDate\":\"2018-01-14\",\"vatID\":\"FR71834470973\",\"taxID\":\"83447097300043\",\"numberOfEmployees\":{\"@type\":\"QuantitativeValue\",\"minValue\":\"1\",\"maxValue\":\"10\"}},{\"@type\":\"Person\",\"@id\":\"https:\/\/dicodusport.fr\/blog\/#\/schema\/person\/37def232098a7a5cbab3974a3690abb0\",\"name\":\"Maxime Cazenave\",\"image\":{\"@type\":\"ImageObject\",\"inLanguage\":\"fr-FR\",\"@id\":\"https:\/\/dicodusport.fr\/blog\/#\/schema\/person\/image\/\",\"url\":\"https:\/\/dicodusport.fr\/blog\/wp-content\/uploads\/2021\/05\/Maxime-Cazenave-150x150.jpg\",\"contentUrl\":\"https:\/\/dicodusport.fr\/blog\/wp-content\/uploads\/2021\/05\/Maxime-Cazenave-150x150.jpg\",\"caption\":\"Maxime Cazenave\"},\"description\":\"Journaliste\/R\u00e9dacteur depuis 2012 - Berc\u00e9 par l\u2019amour des Girondins de Bordeaux, les \u00e9checs de Christophe Moreau sur le Tour de France sous l'\u00e8re Lance Armstrong et le fade-away l\u00e9tal de Dirk Nowitzki, ma passion d\u00e9vorante pour le sport a toujours \u00e9t\u00e9 un pan incontournable de ma vie. Transmettre ma passion \u00e0 l\u2019\u00e9crit a \u00e9t\u00e9 une transition naturelle. Suiveur assidu de basket et de hockey sur glace, je garde toujours un peu de place pour suivre le cyclisme, le football et le maximum de performances fran\u00e7aises.\",\"sameAs\":[\"https:\/\/x.com\/https:\/\/twitter.com\/Maxime_Caze\"],\"url\":\"https:\/\/dicodusport.fr\/blog\/author\/maximec\/\"}]}<\/script>\n<!-- \/ Yoast SEO Premium plugin. -->","yoast_head_json":{"title":"Ski de vitesse : Simon Billy d\u00e9croche une troisi\u00e8me couronne mondiale \u00e0 Vars","description":"COUPE DU MONDE DE SKI DE VITESSE - Simon Billy a remport\u00e9 son troisi\u00e8me titre de champion du monde \u00e0 Vars ce weekend.","robots":{"index":"index","follow":"follow","max-snippet":"max-snippet:-1","max-image-preview":"max-image-preview:large","max-video-preview":"max-video-preview:-1"},"canonical":"https:\/\/dicodusport.fr\/blog\/ski-de-vitesse-simon-billy-decroche-une-troisieme-couronne-mondiale-a-vars\/","og_locale":"fr_FR","og_type":"article","og_title":"Ski de vitesse : Simon Billy d\u00e9croche une troisi\u00e8me couronne mondiale \u00e0 Vars","og_description":"COUPE DU MONDE DE SKI DE VITESSE - Simon Billy a remport\u00e9 son troisi\u00e8me titre de champion du monde \u00e0 Vars ce weekend.","og_url":"https:\/\/dicodusport.fr\/blog\/ski-de-vitesse-simon-billy-decroche-une-troisieme-couronne-mondiale-a-vars\/","og_site_name":"Dicodusport","article_publisher":"https:\/\/www.facebook.com\/dicodusport","article_published_time":"2024-03-24T20:16:51+00:00","article_modified_time":"2024-03-24T22:19:23+00:00","og_image":[{"width":1200,"height":674,"url":"https:\/\/dicodusport.fr\/blog\/wp-content\/uploads\/2024\/03\/Ski-de-vitesse-Simon-Billy-decroche-une-troisieme-couronne-mondiale-a-Vars.png","type":"image\/png"}],"author":"Maxime Cazenave","twitter_card":"summary_large_image","twitter_title":"Ski de vitesse : Simon Billy d\u00e9croche une troisi\u00e8me couronne mondiale \u00e0 Vars","twitter_creator":"@https:\/\/twitter.com\/Maxime_Caze","twitter_site":"@dicodusport","schema":{"@context":"https:\/\/schema.org","@graph":[{"@type":"NewsArticle","@id":"https:\/\/dicodusport.fr\/blog\/ski-de-vitesse-simon-billy-decroche-une-troisieme-couronne-mondiale-a-vars\/#article","isPartOf":{"@id":"https:\/\/dicodusport.fr\/blog\/ski-de-vitesse-simon-billy-decroche-une-troisieme-couronne-mondiale-a-vars\/"},"author":{"name":"Maxime Cazenave","@id":"https:\/\/dicodusport.fr\/blog\/#\/schema\/person\/37def232098a7a5cbab3974a3690abb0"},"headline":"Ski de vitesse : Simon Billy d\u00e9croche une troisi\u00e8me couronne mondiale \u00e0 Vars","datePublished":"2024-03-24T20:16:51+00:00","dateModified":"2024-03-24T22:19:23+00:00","mainEntityOfPage":{"@id":"https:\/\/dicodusport.fr\/blog\/ski-de-vitesse-simon-billy-decroche-une-troisieme-couronne-mondiale-a-vars\/"},"wordCount":320,"commentCount":0,"publisher":{"@id":"https:\/\/dicodusport.fr\/blog\/#organization"},"image":{"@id":"https:\/\/dicodusport.fr\/blog\/ski-de-vitesse-simon-billy-decroche-une-troisieme-couronne-mondiale-a-vars\/#primaryimage"},"thumbnailUrl":"https:\/\/dicodusport.fr\/blog\/wp-content\/uploads\/2024\/03\/Ski-de-vitesse-Simon-Billy-decroche-une-troisieme-couronne-mondiale-a-Vars.png","keywords":["br\u00e8ve","Simon Billy","Ski de vitesse"],"articleSection":["Ski"],"inLanguage":"fr-FR","potentialAction":[{"@type":"CommentAction","name":"Comment","target":["https:\/\/dicodusport.fr\/blog\/ski-de-vitesse-simon-billy-decroche-une-troisieme-couronne-mondiale-a-vars\/#respond"]}],"copyrightYear":"2024","copyrightHolder":{"@id":"https:\/\/dicodusport.fr\/blog\/#organization"}},{"@type":"WebPage","@id":"https:\/\/dicodusport.fr\/blog\/ski-de-vitesse-simon-billy-decroche-une-troisieme-couronne-mondiale-a-vars\/","url":"https:\/\/dicodusport.fr\/blog\/ski-de-vitesse-simon-billy-decroche-une-troisieme-couronne-mondiale-a-vars\/","name":"Ski de vitesse : Simon Billy d\u00e9croche une troisi\u00e8me couronne mondiale \u00e0 Vars","isPartOf":{"@id":"https:\/\/dicodusport.fr\/blog\/#website"},"primaryImageOfPage":{"@id":"https:\/\/dicodusport.fr\/blog\/ski-de-vitesse-simon-billy-decroche-une-troisieme-couronne-mondiale-a-vars\/#primaryimage"},"image":{"@id":"https:\/\/dicodusport.fr\/blog\/ski-de-vitesse-simon-billy-decroche-une-troisieme-couronne-mondiale-a-vars\/#primaryimage"},"thumbnailUrl":"https:\/\/dicodusport.fr\/blog\/wp-content\/uploads\/2024\/03\/Ski-de-vitesse-Simon-Billy-decroche-une-troisieme-couronne-mondiale-a-Vars.png","datePublished":"2024-03-24T20:16:51+00:00","dateModified":"2024-03-24T22:19:23+00:00","description":"COUPE DU MONDE DE SKI DE VITESSE - Simon Billy a remport\u00e9 son troisi\u00e8me titre de champion du monde \u00e0 Vars ce weekend.","breadcrumb":{"@id":"https:\/\/dicodusport.fr\/blog\/ski-de-vitesse-simon-billy-decroche-une-troisieme-couronne-mondiale-a-vars\/#breadcrumb"},"inLanguage":"fr-FR","potentialAction":[{"@type":"ReadAction","target":["https:\/\/dicodusport.fr\/blog\/ski-de-vitesse-simon-billy-decroche-une-troisieme-couronne-mondiale-a-vars\/"]}]},{"@type":"ImageObject","inLanguage":"fr-FR","@id":"https:\/\/dicodusport.fr\/blog\/ski-de-vitesse-simon-billy-decroche-une-troisieme-couronne-mondiale-a-vars\/#primaryimage","url":"https:\/\/dicodusport.fr\/blog\/wp-content\/uploads\/2024\/03\/Ski-de-vitesse-Simon-Billy-decroche-une-troisieme-couronne-mondiale-a-Vars.png","contentUrl":"https:\/\/dicodusport.fr\/blog\/wp-content\/uploads\/2024\/03\/Ski-de-vitesse-Simon-Billy-decroche-une-troisieme-couronne-mondiale-a-Vars.png","width":1200,"height":674,"caption":"Ski de vitesse : Simon Billy remporte un quatri\u00e8me titre mondial de rang"},{"@type":"BreadcrumbList","@id":"https:\/\/dicodusport.fr\/blog\/ski-de-vitesse-simon-billy-decroche-une-troisieme-couronne-mondiale-a-vars\/#breadcrumb","itemListElement":[{"@type":"ListItem","position":1,"name":"Accueil","item":"https:\/\/dicodusport.fr\/blog\/"},{"@type":"ListItem","position":2,"name":"Ski de vitesse : Simon Billy d\u00e9croche une troisi\u00e8me couronne mondiale \u00e0 Vars"}]},{"@type":"WebSite","@id":"https:\/\/dicodusport.fr\/blog\/#website","url":"https:\/\/dicodusport.fr\/blog\/","name":"Dicodusport","description":"L&#039;encyclop\u00e9die de l&#039;actualit\u00e9 sportive","publisher":{"@id":"https:\/\/dicodusport.fr\/blog\/#organization"},"potentialAction":[{"@type":"SearchAction","target":{"@type":"EntryPoint","urlTemplate":"https:\/\/dicodusport.fr\/blog\/?s={search_term_string}"},"query-input":{"@type":"PropertyValueSpecification","valueRequired":true,"valueName":"search_term_string"}}],"inLanguage":"fr-FR"},{"@type":"NewsMediaOrganization","@id":"https:\/\/dicodusport.fr\/blog\/#organization","name":"Dicodusport","url":"https:\/\/dicodusport.fr\/blog\/","logo":{"@type":"ImageObject","inLanguage":"fr-FR","@id":"https:\/\/dicodusport.fr\/blog\/#\/schema\/logo\/image\/","url":"https:\/\/dicodusport.fr\/blog\/wp-content\/uploads\/2020\/06\/cropped-LOGO-DICODUSPORT-2020-SANS-FOND-SANS-TEXTE.png","contentUrl":"https:\/\/dicodusport.fr\/blog\/wp-content\/uploads\/2020\/06\/cropped-LOGO-DICODUSPORT-2020-SANS-FOND-SANS-TEXTE.png","width":512,"height":512,"caption":"Dicodusport"},"image":{"@id":"https:\/\/dicodusport.fr\/blog\/#\/schema\/logo\/image\/"},"sameAs":["https:\/\/www.facebook.com\/dicodusport","https:\/\/x.com\/dicodusport","https:\/\/www.instagram.com\/dicodusport\/","https:\/\/www.youtube.com\/channel\/UC7V2KZ5sd3htJivAbA4ZG3w"],"description":"Dicodusport est l'encyclop\u00e9die de l'actualit\u00e9 sportive.","email":"bonjour@dicodusport.fr","legalName":"DICODUSPORT","foundingDate":"2018-01-14","vatID":"FR71834470973","taxID":"83447097300043","numberOfEmployees":{"@type":"QuantitativeValue","minValue":"1","maxValue":"10"}},{"@type":"Person","@id":"https:\/\/dicodusport.fr\/blog\/#\/schema\/person\/37def232098a7a5cbab3974a3690abb0","name":"Maxime Cazenave","image":{"@type":"ImageObject","inLanguage":"fr-FR","@id":"https:\/\/dicodusport.fr\/blog\/#\/schema\/person\/image\/","url":"https:\/\/dicodusport.fr\/blog\/wp-content\/uploads\/2021\/05\/Maxime-Cazenave-150x150.jpg","contentUrl":"https:\/\/dicodusport.fr\/blog\/wp-content\/uploads\/2021\/05\/Maxime-Cazenave-150x150.jpg","caption":"Maxime Cazenave"},"description":"Journaliste\/R\u00e9dacteur depuis 2012 - Berc\u00e9 par l\u2019amour des Girondins de Bordeaux, les \u00e9checs de Christophe Moreau sur le Tour de France sous l'\u00e8re Lance Armstrong et le fade-away l\u00e9tal de Dirk Nowitzki, ma passion d\u00e9vorante pour le sport a toujours \u00e9t\u00e9 un pan incontournable de ma vie. Transmettre ma passion \u00e0 l\u2019\u00e9crit a \u00e9t\u00e9 une transition naturelle. Suiveur assidu de basket et de hockey sur glace, je garde toujours un peu de place pour suivre le cyclisme, le football et le maximum de performances fran\u00e7aises.","sameAs":["https:\/\/x.com\/https:\/\/twitter.com\/Maxime_Caze"],"url":"https:\/\/dicodusport.fr\/blog\/author\/maximec\/"}]}},"_links":{"self":[{"href":"https:\/\/dicodusport.fr\/blog\/wp-json\/wp\/v2\/posts\/474577","targetHints":{"allow":["GET"]}}],"collection":[{"href":"https:\/\/dicodusport.fr\/blog\/wp-json\/wp\/v2\/posts"}],"about":[{"href":"https:\/\/dicodusport.fr\/blog\/wp-json\/wp\/v2\/types\/post"}],"author":[{"embeddable":true,"href":"https:\/\/dicodusport.fr\/blog\/wp-json\/wp\/v2\/users\/55"}],"replies":[{"embeddable":true,"href":"https:\/\/dicodusport.fr\/blog\/wp-json\/wp\/v2\/comments?post=474577"}],"version-history":[{"count":5,"href":"https:\/\/dicodusport.fr\/blog\/wp-json\/wp\/v2\/posts\/474577\/revisions"}],"predecessor-version":[{"id":474612,"href":"https:\/\/dicodusport.fr\/blog\/wp-json\/wp\/v2\/posts\/474577\/revisions\/474612"}],"wp:featuredmedia":[{"embeddable":true,"href":"https:\/\/dicodusport.fr\/blog\/wp-json\/wp\/v2\/media\/474583"}],"wp:attachment":[{"href":"https:\/\/dicodusport.fr\/blog\/wp-json\/wp\/v2\/media?parent=474577"}],"wp:term":[{"taxonomy":"category","embeddable":true,"href":"https:\/\/dicodusport.fr\/blog\/wp-json\/wp\/v2\/categories?post=474577"},{"taxonomy":"post_tag","embeddable":true,"href":"https:\/\/dicodusport.fr\/blog\/wp-json\/wp\/v2\/tags?post=474577"}],"curies":[{"name":"wp","href":"https:\/\/api.w.org\/{rel}","templated":true}]}}