{"id":474679,"date":"2024-03-25T17:17:29","date_gmt":"2024-03-25T16:17:29","guid":{"rendered":"https:\/\/dicodusport.fr\/blog\/?p=474679&#038;preview=true&#038;preview_id=474679"},"modified":"2024-03-26T23:10:34","modified_gmt":"2024-03-26T22:10:34","slug":"athletisme-mayer-guei-mateo-les-performances-francaises-de-la-semaine","status":"publish","type":"post","link":"https:\/\/dicodusport.fr\/blog\/athletisme-mayer-guei-mateo-les-performances-francaises-de-la-semaine\/","title":{"rendered":"Athl\u00e9tisme : Mayer, Gu\u00ebi, Mat\u00e9o, les performances fran\u00e7aises de la semaine"},"content":{"rendered":"<p style=\"text-align: justify;\"><strong><em>ATHL\u00c9TISME &#8211; Tour d&rsquo;horizon sur les performances fran\u00e7aises dans une semaine de transition avant la saison estivale, marqu\u00e9e par l&rsquo;abandon de Kevin Mayer au d\u00e9cathlon de San Diego (USA).<\/em><\/strong><\/p>\n<p style=\"text-align: justify;\">Une semaine de rel\u00e2che relative. Les cross et la saison en salle ont tir\u00e9 leur rideau en France et en Europe. Et la saison estivale n&rsquo;est pas encore totalement lanc\u00e9e. Chacun se pr\u00e9pare pour les \u00e9ch\u00e9ances futures.<\/p>\n<h2 style=\"text-align: justify;\">Kevin Mayer renonce \u00e0 San Diego<\/h2>\n<p style=\"text-align: justify;\">La grosse information est l&rsquo;abandon de <strong>Kevin Mayer.<\/strong> Jeudi (et normalement vendredi) dernier, il \u00e9tait engag\u00e9 \u00e0 San Diego, dans un d\u00e9cathlon. Pour tenter de se qualifier aux JO, via minima. Apr\u00e8s un d\u00e9but de d\u00e9cathlon tendu, avec 10.75 au 100 m, un petit 7.07 m \u00e0 la longueur et un bon 16.10 m au poids, il a abandonn\u00e9 son concours de la hauteur, touch\u00e9 \u00e0 une cuisse. Apr\u00e8s son forfait \u00e0 Brisbane plus t\u00f4t dans la saison, l&rsquo;inqui\u00e9tude augmente autour du recordman du monde, qui va devoir faire un autre d\u00e9cathlon pour tenter de se qualifier. Alors que les JO sont dans moins de cinq mois.<\/p>\n<ul>\n<li style=\"text-align: justify;\"><strong>\u00c0 ce sujet &#8211; <a href=\"https:\/\/dicodusport.fr\/blog\/edito-le-crepuscule-de-printemps-de-kevin-mayer\/\">\u00c9dito : Le cr\u00e9puscule de printemps de Kevin Mayer<\/a><\/strong><\/li>\n<\/ul>\n<h2 style=\"text-align: justify;\">Pablo Mat\u00e9o confirme<\/h2>\n<p style=\"text-align: justify;\">N\u00e9anmoins, aux USA, il est de tradition de commencer la saison estivale tr\u00e8s t\u00f4t. Et quelques Fran\u00e7ais ont brill\u00e9 outre-Atlantique. Les deux sprinteurs prot\u00e9g\u00e9s de <strong>Micka\u00ebl Hanany<\/strong>, <strong>Pablo Mat\u00e9o<\/strong> et <strong>Ryan Z\u00e9z\u00e9<\/strong>, se sont illustr\u00e9s sur 200 m. Les deux ont \u00e9gal\u00e9 leur meilleure performance de la saison, sur le demi-tour de piste. Avec un chrono de 20.25 et 20.29. C&rsquo;est tr\u00e8s prometteur pour les deux, en vue des minima olympiques, fix\u00e9s \u00e0 20.16. <strong>Nawal Meniker<\/strong> a renou\u00e9 avec les 1.90 m \u00e0 la hauteur. La finaliste des derniers mondiaux a tent\u00e9 1.94 m, barre qui symbolise un record personnel, mais sans succ\u00e8s. Prometteur n\u00e9anmoins.<\/p>\n<p style=\"text-align: justify;\">On n&rsquo;a pas encore \u00e9norm\u00e9ment entendu son nom au niveau national, mais il va peut-\u00eatre falloir l&rsquo;enregistrer. <strong>Lou-Anne Pouzancre-Hoyer<\/strong> a explos\u00e9 son record au 200 m. Le portant \u00e0 23.56. Coureuse de 400 m, elle avait frapp\u00e9 fort en portant son record \u00e0 53.23 en salle. Mieux que son record en ext\u00e9rieur. Au vu de ce qu&rsquo;elle a montr\u00e9 sur 200 m, les 52.50 sont parfaitement envisageables sur 400. Ce qui fait d&rsquo;elle une candidate au relais 4&#215;400 m de l&rsquo;\u00e9quipe de France. Car<strong> Floria Gue\u00ef<\/strong>, qui a couru aux \u00c9tats-Unis, pour son grand retour depuis 2021, n&rsquo;a r\u00e9alis\u00e9 que 54.67. Dans une course o\u00f9 <strong>Shana Grebo<\/strong> n&rsquo;a pas pris le d\u00e9part. \u00c9galement aux USA, <strong>Aur\u00e9lie Chaboudez<\/strong> a boucl\u00e9 son 400 m haies en 59.97, elle aussi loin des standards internationaux.<\/p>\n<blockquote class=\"twitter-tweet\">\n<p dir=\"ltr\" lang=\"fr\">Lou-Anne Pouzancre-Hoyer a explos\u00e9 son record personnel sur 200 m, avec un chrono de 23.56 aux USA.<\/p>\n<p>Attention a la jeune femme de 20 ans, qui affiche un record cet hiver \u00e0 53.23 en salle sur 400 m<\/p>\n<p>Et qui pourrait etre une candidate au relais 4&#215;400 m aux JO<\/p>\n<p>\u2014 Etienne Goursaud \ud83d\udc26 (@EtienneGoursaud) <a href=\"https:\/\/twitter.com\/EtienneGoursaud\/status\/1771927357772685347?ref_src=twsrc%5Etfw\">March 24, 2024<\/a><\/p><\/blockquote>\n<p><script async src=\"https:\/\/platform.twitter.com\/widgets.js\" charset=\"utf-8\"><\/script><\/p>\n","protected":false},"excerpt":{"rendered":"<p>ATHL\u00c9TISME &#8211; Tour d&rsquo;horizon sur les performances fran\u00e7aises dans une semaine de transition avant la saison estivale, marqu\u00e9e par l&rsquo;abandon de Kevin Mayer au d\u00e9cathlon de San Diego (USA).<\/p>\n","protected":false},"author":83,"featured_media":474688,"comment_status":"open","ping_status":"closed","sticky":false,"template":"","format":"standard","meta":{"_acf_changed":false,"_daextam_enable_autolinks":"1","footnotes":""},"categories":[2308],"tags":[143,10976,16878,1257,32822,32334],"class_list":["post-474679","post","type-post","status-publish","format-standard","has-post-thumbnail","hentry","category-athletisme","tag-athletisme","tag-athletisme-francais","tag-breve","tag-kevin-mayer","tag-pablo-mateo","tag-ryan-zeze"],"acf":[],"yoast_head":"<!-- This site is optimized with the Yoast SEO Premium plugin v26.7 (Yoast SEO v26.7) - https:\/\/yoast.com\/wordpress\/plugins\/seo\/ -->\n<title>Athl\u00e9tisme : Mayer, Gu\u00ebi, Mat\u00e9o, les performances fran\u00e7aises de la semaine<\/title>\n<meta name=\"description\" content=\"ATHL\u00c9TISME - Tour d&#039;horizon sur les performances fran\u00e7aises. Avec l&#039;abandon de Kevin Mayer sur son d\u00e9cathlon.\" \/>\n<meta name=\"robots\" content=\"index, follow, max-snippet:-1, max-image-preview:large, max-video-preview:-1\" \/>\n<link rel=\"canonical\" href=\"https:\/\/dicodusport.fr\/blog\/athletisme-mayer-guei-mateo-les-performances-francaises-de-la-semaine\/\" \/>\n<meta property=\"og:locale\" content=\"fr_FR\" \/>\n<meta property=\"og:type\" content=\"article\" \/>\n<meta property=\"og:title\" content=\"Athl\u00e9tisme : Mayer, Gu\u00ebi, Mat\u00e9o, les performances fran\u00e7aises de la semaine\" \/>\n<meta property=\"og:description\" content=\"ATHL\u00c9TISME - Tour d&#039;horizon sur les performances fran\u00e7aises. Avec l&#039;abandon de Kevin Mayer sur son d\u00e9cathlon.\" \/>\n<meta property=\"og:url\" content=\"https:\/\/dicodusport.fr\/blog\/athletisme-mayer-guei-mateo-les-performances-francaises-de-la-semaine\/\" \/>\n<meta property=\"og:site_name\" content=\"Dicodusport\" \/>\n<meta property=\"article:publisher\" content=\"https:\/\/www.facebook.com\/dicodusport\" \/>\n<meta property=\"article:published_time\" content=\"2024-03-25T16:17:29+00:00\" \/>\n<meta property=\"article:modified_time\" content=\"2024-03-26T22:10:34+00:00\" \/>\n<meta property=\"og:image\" content=\"https:\/\/dicodusport.fr\/blog\/wp-content\/uploads\/2024\/03\/Athletisme-Mayer-Guei-Mateo-les-performances-francaises-de-la-semaine.png\" \/>\n\t<meta property=\"og:image:width\" content=\"1200\" \/>\n\t<meta property=\"og:image:height\" content=\"674\" \/>\n\t<meta property=\"og:image:type\" content=\"image\/png\" \/>\n<meta name=\"author\" content=\"Etienne Goursaud\" \/>\n<meta name=\"twitter:card\" content=\"summary_large_image\" \/>\n<meta name=\"twitter:title\" content=\"Athl\u00e9tisme : Mayer, Gu\u00ebi, Mat\u00e9o, les performances fran\u00e7aises de la semaine\" \/>\n<meta name=\"twitter:creator\" content=\"@dicodusport\" \/>\n<meta name=\"twitter:site\" content=\"@dicodusport\" \/>\n<script type=\"application\/ld+json\" class=\"yoast-schema-graph\">{\"@context\":\"https:\/\/schema.org\",\"@graph\":[{\"@type\":\"NewsArticle\",\"@id\":\"https:\/\/dicodusport.fr\/blog\/athletisme-mayer-guei-mateo-les-performances-francaises-de-la-semaine\/#article\",\"isPartOf\":{\"@id\":\"https:\/\/dicodusport.fr\/blog\/athletisme-mayer-guei-mateo-les-performances-francaises-de-la-semaine\/\"},\"author\":{\"name\":\"Etienne Goursaud\",\"@id\":\"https:\/\/dicodusport.fr\/blog\/#\/schema\/person\/d603dd7da31fb2b46c82b9835a77ec13\"},\"headline\":\"Athl\u00e9tisme : Mayer, Gu\u00ebi, Mat\u00e9o, les performances fran\u00e7aises de la semaine\",\"datePublished\":\"2024-03-25T16:17:29+00:00\",\"dateModified\":\"2024-03-26T22:10:34+00:00\",\"mainEntityOfPage\":{\"@id\":\"https:\/\/dicodusport.fr\/blog\/athletisme-mayer-guei-mateo-les-performances-francaises-de-la-semaine\/\"},\"wordCount\":512,\"commentCount\":0,\"publisher\":{\"@id\":\"https:\/\/dicodusport.fr\/blog\/#organization\"},\"image\":{\"@id\":\"https:\/\/dicodusport.fr\/blog\/athletisme-mayer-guei-mateo-les-performances-francaises-de-la-semaine\/#primaryimage\"},\"thumbnailUrl\":\"https:\/\/dicodusport.fr\/blog\/wp-content\/uploads\/2024\/03\/Athletisme-Mayer-Guei-Mateo-les-performances-francaises-de-la-semaine.png\",\"keywords\":[\"Athl\u00e9tisme\",\"Athl\u00e9tisme fran\u00e7ais\",\"br\u00e8ve\",\"Kevin Mayer\",\"Pablo Mateo\",\"Ryan Z\u00e9z\u00e9\"],\"articleSection\":[\"Athl\u00e9tisme\"],\"inLanguage\":\"fr-FR\",\"potentialAction\":[{\"@type\":\"CommentAction\",\"name\":\"Comment\",\"target\":[\"https:\/\/dicodusport.fr\/blog\/athletisme-mayer-guei-mateo-les-performances-francaises-de-la-semaine\/#respond\"]}],\"copyrightYear\":\"2024\",\"copyrightHolder\":{\"@id\":\"https:\/\/dicodusport.fr\/blog\/#organization\"}},{\"@type\":\"WebPage\",\"@id\":\"https:\/\/dicodusport.fr\/blog\/athletisme-mayer-guei-mateo-les-performances-francaises-de-la-semaine\/\",\"url\":\"https:\/\/dicodusport.fr\/blog\/athletisme-mayer-guei-mateo-les-performances-francaises-de-la-semaine\/\",\"name\":\"Athl\u00e9tisme : Mayer, Gu\u00ebi, Mat\u00e9o, les performances fran\u00e7aises de la semaine\",\"isPartOf\":{\"@id\":\"https:\/\/dicodusport.fr\/blog\/#website\"},\"primaryImageOfPage\":{\"@id\":\"https:\/\/dicodusport.fr\/blog\/athletisme-mayer-guei-mateo-les-performances-francaises-de-la-semaine\/#primaryimage\"},\"image\":{\"@id\":\"https:\/\/dicodusport.fr\/blog\/athletisme-mayer-guei-mateo-les-performances-francaises-de-la-semaine\/#primaryimage\"},\"thumbnailUrl\":\"https:\/\/dicodusport.fr\/blog\/wp-content\/uploads\/2024\/03\/Athletisme-Mayer-Guei-Mateo-les-performances-francaises-de-la-semaine.png\",\"datePublished\":\"2024-03-25T16:17:29+00:00\",\"dateModified\":\"2024-03-26T22:10:34+00:00\",\"description\":\"ATHL\u00c9TISME - Tour d'horizon sur les performances fran\u00e7aises. Avec l'abandon de Kevin Mayer sur son d\u00e9cathlon.\",\"breadcrumb\":{\"@id\":\"https:\/\/dicodusport.fr\/blog\/athletisme-mayer-guei-mateo-les-performances-francaises-de-la-semaine\/#breadcrumb\"},\"inLanguage\":\"fr-FR\",\"potentialAction\":[{\"@type\":\"ReadAction\",\"target\":[\"https:\/\/dicodusport.fr\/blog\/athletisme-mayer-guei-mateo-les-performances-francaises-de-la-semaine\/\"]}]},{\"@type\":\"ImageObject\",\"inLanguage\":\"fr-FR\",\"@id\":\"https:\/\/dicodusport.fr\/blog\/athletisme-mayer-guei-mateo-les-performances-francaises-de-la-semaine\/#primaryimage\",\"url\":\"https:\/\/dicodusport.fr\/blog\/wp-content\/uploads\/2024\/03\/Athletisme-Mayer-Guei-Mateo-les-performances-francaises-de-la-semaine.png\",\"contentUrl\":\"https:\/\/dicodusport.fr\/blog\/wp-content\/uploads\/2024\/03\/Athletisme-Mayer-Guei-Mateo-les-performances-francaises-de-la-semaine.png\",\"width\":1200,\"height\":674,\"caption\":\"Athl\u00e9tisme : Mayer, Gu\u00ebi, Mat\u00e9o, les performances fran\u00e7aises de la semaine\"},{\"@type\":\"BreadcrumbList\",\"@id\":\"https:\/\/dicodusport.fr\/blog\/athletisme-mayer-guei-mateo-les-performances-francaises-de-la-semaine\/#breadcrumb\",\"itemListElement\":[{\"@type\":\"ListItem\",\"position\":1,\"name\":\"Accueil\",\"item\":\"https:\/\/dicodusport.fr\/blog\/\"},{\"@type\":\"ListItem\",\"position\":2,\"name\":\"Athl\u00e9tisme : Mayer, Gu\u00ebi, Mat\u00e9o, les performances fran\u00e7aises de la semaine\"}]},{\"@type\":\"WebSite\",\"@id\":\"https:\/\/dicodusport.fr\/blog\/#website\",\"url\":\"https:\/\/dicodusport.fr\/blog\/\",\"name\":\"Dicodusport\",\"description\":\"L&#039;encyclop\u00e9die de l&#039;actualit\u00e9 sportive\",\"publisher\":{\"@id\":\"https:\/\/dicodusport.fr\/blog\/#organization\"},\"potentialAction\":[{\"@type\":\"SearchAction\",\"target\":{\"@type\":\"EntryPoint\",\"urlTemplate\":\"https:\/\/dicodusport.fr\/blog\/?s={search_term_string}\"},\"query-input\":{\"@type\":\"PropertyValueSpecification\",\"valueRequired\":true,\"valueName\":\"search_term_string\"}}],\"inLanguage\":\"fr-FR\"},{\"@type\":\"NewsMediaOrganization\",\"@id\":\"https:\/\/dicodusport.fr\/blog\/#organization\",\"name\":\"Dicodusport\",\"url\":\"https:\/\/dicodusport.fr\/blog\/\",\"logo\":{\"@type\":\"ImageObject\",\"inLanguage\":\"fr-FR\",\"@id\":\"https:\/\/dicodusport.fr\/blog\/#\/schema\/logo\/image\/\",\"url\":\"https:\/\/dicodusport.fr\/blog\/wp-content\/uploads\/2020\/06\/cropped-LOGO-DICODUSPORT-2020-SANS-FOND-SANS-TEXTE.png\",\"contentUrl\":\"https:\/\/dicodusport.fr\/blog\/wp-content\/uploads\/2020\/06\/cropped-LOGO-DICODUSPORT-2020-SANS-FOND-SANS-TEXTE.png\",\"width\":512,\"height\":512,\"caption\":\"Dicodusport\"},\"image\":{\"@id\":\"https:\/\/dicodusport.fr\/blog\/#\/schema\/logo\/image\/\"},\"sameAs\":[\"https:\/\/www.facebook.com\/dicodusport\",\"https:\/\/x.com\/dicodusport\",\"https:\/\/www.instagram.com\/dicodusport\/\",\"https:\/\/www.youtube.com\/channel\/UC7V2KZ5sd3htJivAbA4ZG3w\"],\"description\":\"Dicodusport est l'encyclop\u00e9die de l'actualit\u00e9 sportive.\",\"email\":\"bonjour@dicodusport.fr\",\"legalName\":\"DICODUSPORT\",\"foundingDate\":\"2018-01-14\",\"vatID\":\"FR71834470973\",\"taxID\":\"83447097300043\",\"numberOfEmployees\":{\"@type\":\"QuantitativeValue\",\"minValue\":\"1\",\"maxValue\":\"10\"}},{\"@type\":\"Person\",\"@id\":\"https:\/\/dicodusport.fr\/blog\/#\/schema\/person\/d603dd7da31fb2b46c82b9835a77ec13\",\"name\":\"Etienne Goursaud\",\"image\":{\"@type\":\"ImageObject\",\"inLanguage\":\"fr-FR\",\"@id\":\"https:\/\/dicodusport.fr\/blog\/#\/schema\/person\/image\/\",\"url\":\"https:\/\/dicodusport.fr\/blog\/wp-content\/uploads\/2023\/12\/410122264_10231602061736049_5565839791558026645_n-150x150.jpg\",\"contentUrl\":\"https:\/\/dicodusport.fr\/blog\/wp-content\/uploads\/2023\/12\/410122264_10231602061736049_5565839791558026645_n-150x150.jpg\",\"caption\":\"Etienne Goursaud\"},\"description\":\"Journaliste et amoureux de sport. Ancien footballeur reconverti athl\u00e8te quand ses muscles le laissent tranquille. \u00c9lev\u00e9 \u00e0 la sauce des exploits de Thomas Voeckler en 2004, du dernier essai de l\u00e9gende de Eunice Barber \u00e0 la longueur lors des championnats du monde d'athl\u00e9tisme de 2003 mais aussi Zidane, Omeyer et Titou Lamaison.\",\"url\":\"https:\/\/dicodusport.fr\/blog\/author\/etienne-goursaud\/\"}]}<\/script>\n<!-- \/ Yoast SEO Premium plugin. -->","yoast_head_json":{"title":"Athl\u00e9tisme : Mayer, Gu\u00ebi, Mat\u00e9o, les performances fran\u00e7aises de la semaine","description":"ATHL\u00c9TISME - Tour d'horizon sur les performances fran\u00e7aises. Avec l'abandon de Kevin Mayer sur son d\u00e9cathlon.","robots":{"index":"index","follow":"follow","max-snippet":"max-snippet:-1","max-image-preview":"max-image-preview:large","max-video-preview":"max-video-preview:-1"},"canonical":"https:\/\/dicodusport.fr\/blog\/athletisme-mayer-guei-mateo-les-performances-francaises-de-la-semaine\/","og_locale":"fr_FR","og_type":"article","og_title":"Athl\u00e9tisme : Mayer, Gu\u00ebi, Mat\u00e9o, les performances fran\u00e7aises de la semaine","og_description":"ATHL\u00c9TISME - Tour d'horizon sur les performances fran\u00e7aises. Avec l'abandon de Kevin Mayer sur son d\u00e9cathlon.","og_url":"https:\/\/dicodusport.fr\/blog\/athletisme-mayer-guei-mateo-les-performances-francaises-de-la-semaine\/","og_site_name":"Dicodusport","article_publisher":"https:\/\/www.facebook.com\/dicodusport","article_published_time":"2024-03-25T16:17:29+00:00","article_modified_time":"2024-03-26T22:10:34+00:00","og_image":[{"width":1200,"height":674,"url":"https:\/\/dicodusport.fr\/blog\/wp-content\/uploads\/2024\/03\/Athletisme-Mayer-Guei-Mateo-les-performances-francaises-de-la-semaine.png","type":"image\/png"}],"author":"Etienne Goursaud","twitter_card":"summary_large_image","twitter_title":"Athl\u00e9tisme : Mayer, Gu\u00ebi, Mat\u00e9o, les performances fran\u00e7aises de la semaine","twitter_creator":"@dicodusport","twitter_site":"@dicodusport","schema":{"@context":"https:\/\/schema.org","@graph":[{"@type":"NewsArticle","@id":"https:\/\/dicodusport.fr\/blog\/athletisme-mayer-guei-mateo-les-performances-francaises-de-la-semaine\/#article","isPartOf":{"@id":"https:\/\/dicodusport.fr\/blog\/athletisme-mayer-guei-mateo-les-performances-francaises-de-la-semaine\/"},"author":{"name":"Etienne Goursaud","@id":"https:\/\/dicodusport.fr\/blog\/#\/schema\/person\/d603dd7da31fb2b46c82b9835a77ec13"},"headline":"Athl\u00e9tisme : Mayer, Gu\u00ebi, Mat\u00e9o, les performances fran\u00e7aises de la semaine","datePublished":"2024-03-25T16:17:29+00:00","dateModified":"2024-03-26T22:10:34+00:00","mainEntityOfPage":{"@id":"https:\/\/dicodusport.fr\/blog\/athletisme-mayer-guei-mateo-les-performances-francaises-de-la-semaine\/"},"wordCount":512,"commentCount":0,"publisher":{"@id":"https:\/\/dicodusport.fr\/blog\/#organization"},"image":{"@id":"https:\/\/dicodusport.fr\/blog\/athletisme-mayer-guei-mateo-les-performances-francaises-de-la-semaine\/#primaryimage"},"thumbnailUrl":"https:\/\/dicodusport.fr\/blog\/wp-content\/uploads\/2024\/03\/Athletisme-Mayer-Guei-Mateo-les-performances-francaises-de-la-semaine.png","keywords":["Athl\u00e9tisme","Athl\u00e9tisme fran\u00e7ais","br\u00e8ve","Kevin Mayer","Pablo Mateo","Ryan Z\u00e9z\u00e9"],"articleSection":["Athl\u00e9tisme"],"inLanguage":"fr-FR","potentialAction":[{"@type":"CommentAction","name":"Comment","target":["https:\/\/dicodusport.fr\/blog\/athletisme-mayer-guei-mateo-les-performances-francaises-de-la-semaine\/#respond"]}],"copyrightYear":"2024","copyrightHolder":{"@id":"https:\/\/dicodusport.fr\/blog\/#organization"}},{"@type":"WebPage","@id":"https:\/\/dicodusport.fr\/blog\/athletisme-mayer-guei-mateo-les-performances-francaises-de-la-semaine\/","url":"https:\/\/dicodusport.fr\/blog\/athletisme-mayer-guei-mateo-les-performances-francaises-de-la-semaine\/","name":"Athl\u00e9tisme : Mayer, Gu\u00ebi, Mat\u00e9o, les performances fran\u00e7aises de la semaine","isPartOf":{"@id":"https:\/\/dicodusport.fr\/blog\/#website"},"primaryImageOfPage":{"@id":"https:\/\/dicodusport.fr\/blog\/athletisme-mayer-guei-mateo-les-performances-francaises-de-la-semaine\/#primaryimage"},"image":{"@id":"https:\/\/dicodusport.fr\/blog\/athletisme-mayer-guei-mateo-les-performances-francaises-de-la-semaine\/#primaryimage"},"thumbnailUrl":"https:\/\/dicodusport.fr\/blog\/wp-content\/uploads\/2024\/03\/Athletisme-Mayer-Guei-Mateo-les-performances-francaises-de-la-semaine.png","datePublished":"2024-03-25T16:17:29+00:00","dateModified":"2024-03-26T22:10:34+00:00","description":"ATHL\u00c9TISME - Tour d'horizon sur les performances fran\u00e7aises. Avec l'abandon de Kevin Mayer sur son d\u00e9cathlon.","breadcrumb":{"@id":"https:\/\/dicodusport.fr\/blog\/athletisme-mayer-guei-mateo-les-performances-francaises-de-la-semaine\/#breadcrumb"},"inLanguage":"fr-FR","potentialAction":[{"@type":"ReadAction","target":["https:\/\/dicodusport.fr\/blog\/athletisme-mayer-guei-mateo-les-performances-francaises-de-la-semaine\/"]}]},{"@type":"ImageObject","inLanguage":"fr-FR","@id":"https:\/\/dicodusport.fr\/blog\/athletisme-mayer-guei-mateo-les-performances-francaises-de-la-semaine\/#primaryimage","url":"https:\/\/dicodusport.fr\/blog\/wp-content\/uploads\/2024\/03\/Athletisme-Mayer-Guei-Mateo-les-performances-francaises-de-la-semaine.png","contentUrl":"https:\/\/dicodusport.fr\/blog\/wp-content\/uploads\/2024\/03\/Athletisme-Mayer-Guei-Mateo-les-performances-francaises-de-la-semaine.png","width":1200,"height":674,"caption":"Athl\u00e9tisme : Mayer, Gu\u00ebi, Mat\u00e9o, les performances fran\u00e7aises de la semaine"},{"@type":"BreadcrumbList","@id":"https:\/\/dicodusport.fr\/blog\/athletisme-mayer-guei-mateo-les-performances-francaises-de-la-semaine\/#breadcrumb","itemListElement":[{"@type":"ListItem","position":1,"name":"Accueil","item":"https:\/\/dicodusport.fr\/blog\/"},{"@type":"ListItem","position":2,"name":"Athl\u00e9tisme : Mayer, Gu\u00ebi, Mat\u00e9o, les performances fran\u00e7aises de la semaine"}]},{"@type":"WebSite","@id":"https:\/\/dicodusport.fr\/blog\/#website","url":"https:\/\/dicodusport.fr\/blog\/","name":"Dicodusport","description":"L&#039;encyclop\u00e9die de l&#039;actualit\u00e9 sportive","publisher":{"@id":"https:\/\/dicodusport.fr\/blog\/#organization"},"potentialAction":[{"@type":"SearchAction","target":{"@type":"EntryPoint","urlTemplate":"https:\/\/dicodusport.fr\/blog\/?s={search_term_string}"},"query-input":{"@type":"PropertyValueSpecification","valueRequired":true,"valueName":"search_term_string"}}],"inLanguage":"fr-FR"},{"@type":"NewsMediaOrganization","@id":"https:\/\/dicodusport.fr\/blog\/#organization","name":"Dicodusport","url":"https:\/\/dicodusport.fr\/blog\/","logo":{"@type":"ImageObject","inLanguage":"fr-FR","@id":"https:\/\/dicodusport.fr\/blog\/#\/schema\/logo\/image\/","url":"https:\/\/dicodusport.fr\/blog\/wp-content\/uploads\/2020\/06\/cropped-LOGO-DICODUSPORT-2020-SANS-FOND-SANS-TEXTE.png","contentUrl":"https:\/\/dicodusport.fr\/blog\/wp-content\/uploads\/2020\/06\/cropped-LOGO-DICODUSPORT-2020-SANS-FOND-SANS-TEXTE.png","width":512,"height":512,"caption":"Dicodusport"},"image":{"@id":"https:\/\/dicodusport.fr\/blog\/#\/schema\/logo\/image\/"},"sameAs":["https:\/\/www.facebook.com\/dicodusport","https:\/\/x.com\/dicodusport","https:\/\/www.instagram.com\/dicodusport\/","https:\/\/www.youtube.com\/channel\/UC7V2KZ5sd3htJivAbA4ZG3w"],"description":"Dicodusport est l'encyclop\u00e9die de l'actualit\u00e9 sportive.","email":"bonjour@dicodusport.fr","legalName":"DICODUSPORT","foundingDate":"2018-01-14","vatID":"FR71834470973","taxID":"83447097300043","numberOfEmployees":{"@type":"QuantitativeValue","minValue":"1","maxValue":"10"}},{"@type":"Person","@id":"https:\/\/dicodusport.fr\/blog\/#\/schema\/person\/d603dd7da31fb2b46c82b9835a77ec13","name":"Etienne Goursaud","image":{"@type":"ImageObject","inLanguage":"fr-FR","@id":"https:\/\/dicodusport.fr\/blog\/#\/schema\/person\/image\/","url":"https:\/\/dicodusport.fr\/blog\/wp-content\/uploads\/2023\/12\/410122264_10231602061736049_5565839791558026645_n-150x150.jpg","contentUrl":"https:\/\/dicodusport.fr\/blog\/wp-content\/uploads\/2023\/12\/410122264_10231602061736049_5565839791558026645_n-150x150.jpg","caption":"Etienne Goursaud"},"description":"Journaliste et amoureux de sport. Ancien footballeur reconverti athl\u00e8te quand ses muscles le laissent tranquille. \u00c9lev\u00e9 \u00e0 la sauce des exploits de Thomas Voeckler en 2004, du dernier essai de l\u00e9gende de Eunice Barber \u00e0 la longueur lors des championnats du monde d'athl\u00e9tisme de 2003 mais aussi Zidane, Omeyer et Titou Lamaison.","url":"https:\/\/dicodusport.fr\/blog\/author\/etienne-goursaud\/"}]}},"_links":{"self":[{"href":"https:\/\/dicodusport.fr\/blog\/wp-json\/wp\/v2\/posts\/474679","targetHints":{"allow":["GET"]}}],"collection":[{"href":"https:\/\/dicodusport.fr\/blog\/wp-json\/wp\/v2\/posts"}],"about":[{"href":"https:\/\/dicodusport.fr\/blog\/wp-json\/wp\/v2\/types\/post"}],"author":[{"embeddable":true,"href":"https:\/\/dicodusport.fr\/blog\/wp-json\/wp\/v2\/users\/83"}],"replies":[{"embeddable":true,"href":"https:\/\/dicodusport.fr\/blog\/wp-json\/wp\/v2\/comments?post=474679"}],"version-history":[{"count":5,"href":"https:\/\/dicodusport.fr\/blog\/wp-json\/wp\/v2\/posts\/474679\/revisions"}],"predecessor-version":[{"id":474966,"href":"https:\/\/dicodusport.fr\/blog\/wp-json\/wp\/v2\/posts\/474679\/revisions\/474966"}],"wp:featuredmedia":[{"embeddable":true,"href":"https:\/\/dicodusport.fr\/blog\/wp-json\/wp\/v2\/media\/474688"}],"wp:attachment":[{"href":"https:\/\/dicodusport.fr\/blog\/wp-json\/wp\/v2\/media?parent=474679"}],"wp:term":[{"taxonomy":"category","embeddable":true,"href":"https:\/\/dicodusport.fr\/blog\/wp-json\/wp\/v2\/categories?post=474679"},{"taxonomy":"post_tag","embeddable":true,"href":"https:\/\/dicodusport.fr\/blog\/wp-json\/wp\/v2\/tags?post=474679"}],"curies":[{"name":"wp","href":"https:\/\/api.w.org\/{rel}","templated":true}]}}