{"id":475052,"date":"2024-03-27T16:26:59","date_gmt":"2024-03-27T15:26:59","guid":{"rendered":"https:\/\/dicodusport.fr\/blog\/?p=475052&#038;preview=true&#038;preview_id=475052"},"modified":"2024-03-27T17:03:57","modified_gmt":"2024-03-27T16:03:57","slug":"paris-camembert-2024-victoire-de-benoit-cosnefroy","status":"publish","type":"post","link":"https:\/\/dicodusport.fr\/blog\/paris-camembert-2024-victoire-de-benoit-cosnefroy\/","title":{"rendered":"Paris-Camembert 2024 : Victoire de Beno\u00eet Cosnefroy"},"content":{"rendered":"<p style=\"text-align: justify;\"><strong><em>PARIS-CAMEMBERT 2024 &#8211; \u00c0 la suite d&rsquo;une course chaotique, Beno\u00eet Cosnefroy (Decathlon AG2R la Mondiale) s&rsquo;adjuge la classique normande pour la seconde fois. C&rsquo;est sa troisi\u00e8me victoire de la saison.<\/em><\/strong><\/p>\n<ul>\n<li style=\"text-align: justify;\"><strong>\u00c0 ce sujet &#8211; <a href=\"https:\/\/dicodusport.fr\/blog\/classement-paris-camembert-2024\/\">Classement Paris-Camembert 2024<\/a><\/strong><\/li>\n<\/ul>\n<p style=\"text-align: justify;\"><strong>Beno\u00eet Cosnefroy<\/strong> a l&rsquo;art de conclure et le culte de la gagne. Dans un petit groupe de huit qui s&rsquo;est jou\u00e9 la gagne en sortant en costaud dans la derni\u00e8re c\u00f4te du parcours, la Butte des Fondits, il s&rsquo;est montr\u00e9 le plus rapide au sprint. Le coureur de <strong>Decathlon AG2R la Mondiale<\/strong> a devanc\u00e9 sur la ligne <strong>Cl\u00e9ment Venturini<\/strong> (Ark\u00e9a &#8211; B&amp;B H\u00f4tels) et <strong>Alexandre Delettre<\/strong> (Saint-Michel &#8211; Mavic &#8211; Auber93). Il signe ainsi sa seconde victoire sur <strong>Paris-Camembert<\/strong> et sa troisi\u00e8me de la saison apr\u00e8s une \u00e9tape et le classement g\u00e9n\u00e9ral du <strong>Tour des Alpes-Maritimes<\/strong>.<\/p>\n<blockquote class=\"twitter-tweet\">\n<p dir=\"ltr\" lang=\"fr\">Beno\u00eet Cosnefroy (AG2R-Decathlon) d\u00e9croche son troisi\u00e8me bouquet de la saison sur Paris-Camembert, 6e manche de la Coupe de France ! D\u00e9j\u00e0 vainqueur en 2019, le Normand a battu cette fois Cl\u00e9ment Venturini (Ark\u00e9a-B&amp;B H\u00f4tels) et Alexandre Delettre (StMichel &#8211; Mavic &#8211; Auber93).<\/p>\n<p>\u2014 Le Gruppetto (@LeGruppetto) <a href=\"https:\/\/twitter.com\/LeGruppetto\/status\/1773008475229917459?ref_src=twsrc%5Etfw\">March 27, 2024<\/a><\/p><\/blockquote>\n<p><script async src=\"https:\/\/platform.twitter.com\/widgets.js\" charset=\"utf-8\"><\/script><\/p>\n<h2 style=\"text-align: justify;\">Une \u00e9dition chaotique<\/h2>\n<p style=\"text-align: justify;\">La classique normande avait pourtant d\u00e9marr\u00e9 de mani\u00e8re traditionnelle avec la constitution d&rsquo;une \u00e9chapp\u00e9e matinale \u00e0 trois. <strong>Romain Cardis<\/strong> (Saint-Michel &#8211; Mavic &#8211; Auber93), <strong>Antoine Hu\u00e9<\/strong> (CIC U Nantes Atlantique) et <strong>Kenny Molly<\/strong> (Van Rysel Roubaix) ont ainsi ouvert la route pendant une centaine de kilom\u00e8tres. Mais la constitution d&rsquo;un groupe de costauds les a imm\u00e9diatement condamn\u00e9s. Ensuite, une chute massive dans le peloton \u00e0 98 km de l&rsquo;arriv\u00e9e a provoqu\u00e9 une neutralisation de la course pendant pr\u00e8s de 30 minutes, rabattant totalement les cartes.<\/p>\n<p style=\"text-align: justify;\">D&rsquo;autres coureurs ont ensuite tent\u00e9 leur chance tels que <strong>Morne van Niekerk<\/strong> (Saint-Michel &#8211; Mavic &#8211; Auber93) et <strong>Guillaume Martin<\/strong> (Cofidis). <strong>Ewen Costiou<\/strong>, parti \u00e0 45 km du but,\u00a0a r\u00e9alis\u00e9 le plus grand num\u00e9ro de la journ\u00e9e en r\u00e9sistant longtemps au peloton. Le Breton d&rsquo;Ark\u00e9a &#8211; B&amp;B H\u00f4tels n&rsquo;a \u00e9t\u00e9 revu qu&rsquo;\u00e0 8 km du terme.<\/p>\n<ul>\n<li style=\"text-align: justify;\"><strong>\u00c0 ce sujet \u2013\u00a0<a href=\"https:\/\/dicodusport.fr\/blog\/cyclisme-calendrier-et-resultats-coupe-de-france-2024\/\">R\u00e9sultats et calendrier Coupe de France de cyclisme 2024<\/a><\/strong><\/li>\n<li style=\"text-align: justify;\"><strong>\u00c0 ce sujet \u2013\u00a0<a href=\"https:\/\/dicodusport.fr\/blog\/cyclisme-classement-general-coupe-de-france-2024\/\">Cyclisme Coupe de France 2024 \u2013 Classement g\u00e9n\u00e9ral<\/a><\/strong><\/li>\n<\/ul>\n","protected":false},"excerpt":{"rendered":"<p>PARIS-CAMEMBERT 2024 &#8211; \u00c0 la suite d&rsquo;une course chaotique, Beno\u00eet Cosnefroy (Decathlon AG2R la Mondiale) s&rsquo;adjuge la classique normande pour la seconde fois.<\/p>\n","protected":false},"author":92,"featured_media":475099,"comment_status":"open","ping_status":"closed","sticky":false,"template":"","format":"standard","meta":{"_acf_changed":false,"_daextam_enable_autolinks":"1","footnotes":""},"categories":[46994],"tags":[8140,16878,36132],"class_list":["post-475052","post","type-post","status-publish","format-standard","has-post-thumbnail","hentry","category-cyclisme-sur-route","tag-benoit-cosnefroy","tag-breve","tag-decathlon-ag2r-la-mondiale"],"acf":[],"yoast_head":"<!-- This site is optimized with the Yoast SEO Premium plugin v26.7 (Yoast SEO v26.7) - https:\/\/yoast.com\/wordpress\/plugins\/seo\/ -->\n<title>Paris-Camembert 2024 : Victoire de Beno\u00eet Cosnefroy<\/title>\n<meta name=\"description\" content=\"PARIS-CAMEMBERT 2024 - \u00c0 la suite d&#039;une course chaotique, Beno\u00eet Cosnefroy (Decathlon AG2R la Mondiale) s&#039;adjuge la classique normande pour la seconde fois.\" \/>\n<meta name=\"robots\" content=\"index, follow, max-snippet:-1, max-image-preview:large, max-video-preview:-1\" \/>\n<link rel=\"canonical\" href=\"https:\/\/dicodusport.fr\/blog\/paris-camembert-2024-victoire-de-benoit-cosnefroy\/\" \/>\n<meta property=\"og:locale\" content=\"fr_FR\" \/>\n<meta property=\"og:type\" content=\"article\" \/>\n<meta property=\"og:title\" content=\"Paris-Camembert 2024 : Victoire de Beno\u00eet Cosnefroy\" \/>\n<meta property=\"og:description\" content=\"PARIS-CAMEMBERT 2024 - \u00c0 la suite d&#039;une course chaotique, Beno\u00eet Cosnefroy (Decathlon AG2R la Mondiale) s&#039;adjuge la classique normande pour la seconde fois.\" \/>\n<meta property=\"og:url\" content=\"https:\/\/dicodusport.fr\/blog\/paris-camembert-2024-victoire-de-benoit-cosnefroy\/\" \/>\n<meta property=\"og:site_name\" content=\"Dicodusport\" \/>\n<meta property=\"article:publisher\" content=\"https:\/\/www.facebook.com\/dicodusport\" \/>\n<meta property=\"article:published_time\" content=\"2024-03-27T15:26:59+00:00\" \/>\n<meta property=\"article:modified_time\" content=\"2024-03-27T16:03:57+00:00\" \/>\n<meta property=\"og:image\" content=\"https:\/\/dicodusport.fr\/blog\/wp-content\/uploads\/2024\/03\/Paris-Camembert-2024-Victoire-de-Benoit-Cosnefroy-1.png\" \/>\n\t<meta property=\"og:image:width\" content=\"1200\" \/>\n\t<meta property=\"og:image:height\" content=\"674\" \/>\n\t<meta property=\"og:image:type\" content=\"image\/png\" \/>\n<meta name=\"author\" content=\"Olivier Dobiezynski\" \/>\n<meta name=\"twitter:card\" content=\"summary_large_image\" \/>\n<meta name=\"twitter:title\" content=\"Paris-Camembert 2024 : Victoire de Beno\u00eet Cosnefroy\" \/>\n<meta name=\"twitter:creator\" content=\"@https:\/\/x.com\/Olivier_Matros\" \/>\n<meta name=\"twitter:site\" content=\"@dicodusport\" \/>\n<script type=\"application\/ld+json\" class=\"yoast-schema-graph\">{\"@context\":\"https:\/\/schema.org\",\"@graph\":[{\"@type\":\"NewsArticle\",\"@id\":\"https:\/\/dicodusport.fr\/blog\/paris-camembert-2024-victoire-de-benoit-cosnefroy\/#article\",\"isPartOf\":{\"@id\":\"https:\/\/dicodusport.fr\/blog\/paris-camembert-2024-victoire-de-benoit-cosnefroy\/\"},\"author\":{\"name\":\"Olivier Dobiezynski\",\"@id\":\"https:\/\/dicodusport.fr\/blog\/#\/schema\/person\/fe500246414ca17ddf0c0312d7a792cc\"},\"headline\":\"Paris-Camembert 2024 : Victoire de Beno\u00eet Cosnefroy\",\"datePublished\":\"2024-03-27T15:26:59+00:00\",\"dateModified\":\"2024-03-27T16:03:57+00:00\",\"mainEntityOfPage\":{\"@id\":\"https:\/\/dicodusport.fr\/blog\/paris-camembert-2024-victoire-de-benoit-cosnefroy\/\"},\"wordCount\":392,\"commentCount\":0,\"publisher\":{\"@id\":\"https:\/\/dicodusport.fr\/blog\/#organization\"},\"image\":{\"@id\":\"https:\/\/dicodusport.fr\/blog\/paris-camembert-2024-victoire-de-benoit-cosnefroy\/#primaryimage\"},\"thumbnailUrl\":\"https:\/\/dicodusport.fr\/blog\/wp-content\/uploads\/2024\/03\/Paris-Camembert-2024-Victoire-de-Benoit-Cosnefroy-1.png\",\"keywords\":[\"Beno\u00eet Cosnefroy\",\"br\u00e8ve\",\"Decathlon AG2R La mondiale\"],\"articleSection\":[\"Cyclisme sur route\"],\"inLanguage\":\"fr-FR\",\"potentialAction\":[{\"@type\":\"CommentAction\",\"name\":\"Comment\",\"target\":[\"https:\/\/dicodusport.fr\/blog\/paris-camembert-2024-victoire-de-benoit-cosnefroy\/#respond\"]}],\"copyrightYear\":\"2024\",\"copyrightHolder\":{\"@id\":\"https:\/\/dicodusport.fr\/blog\/#organization\"}},{\"@type\":\"WebPage\",\"@id\":\"https:\/\/dicodusport.fr\/blog\/paris-camembert-2024-victoire-de-benoit-cosnefroy\/\",\"url\":\"https:\/\/dicodusport.fr\/blog\/paris-camembert-2024-victoire-de-benoit-cosnefroy\/\",\"name\":\"Paris-Camembert 2024 : Victoire de Beno\u00eet Cosnefroy\",\"isPartOf\":{\"@id\":\"https:\/\/dicodusport.fr\/blog\/#website\"},\"primaryImageOfPage\":{\"@id\":\"https:\/\/dicodusport.fr\/blog\/paris-camembert-2024-victoire-de-benoit-cosnefroy\/#primaryimage\"},\"image\":{\"@id\":\"https:\/\/dicodusport.fr\/blog\/paris-camembert-2024-victoire-de-benoit-cosnefroy\/#primaryimage\"},\"thumbnailUrl\":\"https:\/\/dicodusport.fr\/blog\/wp-content\/uploads\/2024\/03\/Paris-Camembert-2024-Victoire-de-Benoit-Cosnefroy-1.png\",\"datePublished\":\"2024-03-27T15:26:59+00:00\",\"dateModified\":\"2024-03-27T16:03:57+00:00\",\"description\":\"PARIS-CAMEMBERT 2024 - \u00c0 la suite d'une course chaotique, Beno\u00eet Cosnefroy (Decathlon AG2R la Mondiale) s'adjuge la classique normande pour la seconde fois.\",\"breadcrumb\":{\"@id\":\"https:\/\/dicodusport.fr\/blog\/paris-camembert-2024-victoire-de-benoit-cosnefroy\/#breadcrumb\"},\"inLanguage\":\"fr-FR\",\"potentialAction\":[{\"@type\":\"ReadAction\",\"target\":[\"https:\/\/dicodusport.fr\/blog\/paris-camembert-2024-victoire-de-benoit-cosnefroy\/\"]}]},{\"@type\":\"ImageObject\",\"inLanguage\":\"fr-FR\",\"@id\":\"https:\/\/dicodusport.fr\/blog\/paris-camembert-2024-victoire-de-benoit-cosnefroy\/#primaryimage\",\"url\":\"https:\/\/dicodusport.fr\/blog\/wp-content\/uploads\/2024\/03\/Paris-Camembert-2024-Victoire-de-Benoit-Cosnefroy-1.png\",\"contentUrl\":\"https:\/\/dicodusport.fr\/blog\/wp-content\/uploads\/2024\/03\/Paris-Camembert-2024-Victoire-de-Benoit-Cosnefroy-1.png\",\"width\":1200,\"height\":674,\"caption\":\"Paris-Camembert 2024 Victoire de Beno\u00eet Cosnefroy (1)\"},{\"@type\":\"BreadcrumbList\",\"@id\":\"https:\/\/dicodusport.fr\/blog\/paris-camembert-2024-victoire-de-benoit-cosnefroy\/#breadcrumb\",\"itemListElement\":[{\"@type\":\"ListItem\",\"position\":1,\"name\":\"Accueil\",\"item\":\"https:\/\/dicodusport.fr\/blog\/\"},{\"@type\":\"ListItem\",\"position\":2,\"name\":\"Paris-Camembert 2024 : Victoire de Beno\u00eet Cosnefroy\"}]},{\"@type\":\"WebSite\",\"@id\":\"https:\/\/dicodusport.fr\/blog\/#website\",\"url\":\"https:\/\/dicodusport.fr\/blog\/\",\"name\":\"Dicodusport\",\"description\":\"L&#039;encyclop\u00e9die de l&#039;actualit\u00e9 sportive\",\"publisher\":{\"@id\":\"https:\/\/dicodusport.fr\/blog\/#organization\"},\"potentialAction\":[{\"@type\":\"SearchAction\",\"target\":{\"@type\":\"EntryPoint\",\"urlTemplate\":\"https:\/\/dicodusport.fr\/blog\/?s={search_term_string}\"},\"query-input\":{\"@type\":\"PropertyValueSpecification\",\"valueRequired\":true,\"valueName\":\"search_term_string\"}}],\"inLanguage\":\"fr-FR\"},{\"@type\":\"NewsMediaOrganization\",\"@id\":\"https:\/\/dicodusport.fr\/blog\/#organization\",\"name\":\"Dicodusport\",\"url\":\"https:\/\/dicodusport.fr\/blog\/\",\"logo\":{\"@type\":\"ImageObject\",\"inLanguage\":\"fr-FR\",\"@id\":\"https:\/\/dicodusport.fr\/blog\/#\/schema\/logo\/image\/\",\"url\":\"https:\/\/dicodusport.fr\/blog\/wp-content\/uploads\/2020\/06\/cropped-LOGO-DICODUSPORT-2020-SANS-FOND-SANS-TEXTE.png\",\"contentUrl\":\"https:\/\/dicodusport.fr\/blog\/wp-content\/uploads\/2020\/06\/cropped-LOGO-DICODUSPORT-2020-SANS-FOND-SANS-TEXTE.png\",\"width\":512,\"height\":512,\"caption\":\"Dicodusport\"},\"image\":{\"@id\":\"https:\/\/dicodusport.fr\/blog\/#\/schema\/logo\/image\/\"},\"sameAs\":[\"https:\/\/www.facebook.com\/dicodusport\",\"https:\/\/x.com\/dicodusport\",\"https:\/\/www.instagram.com\/dicodusport\/\",\"https:\/\/www.youtube.com\/channel\/UC7V2KZ5sd3htJivAbA4ZG3w\"],\"description\":\"Dicodusport est l'encyclop\u00e9die de l'actualit\u00e9 sportive.\",\"email\":\"bonjour@dicodusport.fr\",\"legalName\":\"DICODUSPORT\",\"foundingDate\":\"2018-01-14\",\"vatID\":\"FR71834470973\",\"taxID\":\"83447097300043\",\"numberOfEmployees\":{\"@type\":\"QuantitativeValue\",\"minValue\":\"1\",\"maxValue\":\"10\"}},{\"@type\":\"Person\",\"@id\":\"https:\/\/dicodusport.fr\/blog\/#\/schema\/person\/fe500246414ca17ddf0c0312d7a792cc\",\"name\":\"Olivier Dobiezynski\",\"image\":{\"@type\":\"ImageObject\",\"inLanguage\":\"fr-FR\",\"@id\":\"https:\/\/dicodusport.fr\/blog\/#\/schema\/person\/image\/\",\"url\":\"https:\/\/dicodusport.fr\/blog\/wp-content\/uploads\/2024\/09\/5be8fe8d-9962-4f1e-ad06-d6f9dee30e6d-150x150.jpg\",\"contentUrl\":\"https:\/\/dicodusport.fr\/blog\/wp-content\/uploads\/2024\/09\/5be8fe8d-9962-4f1e-ad06-d6f9dee30e6d-150x150.jpg\",\"caption\":\"Olivier Dobiezynski\"},\"description\":\"Depuis le milieu des ann\u00e9es 90, la passion du cyclisme m'anime. Mes h\u00e9ros s'appellent Luc Leblanc, Piotr Ugrumov, Paolo Savoldelli, Peter Sagan et bien \u00e9videmment Romain Bardet. R\u00e9dacteur depuis 2023, je suis ici pour partager cet amour de la Petite Reine. Vous pourrez me lire \u00e9galement sur du trail, du ski de fond et tout autre sujet susceptible d'\u00e9veiller ma curiosit\u00e9 sportive.\",\"sameAs\":[\"https:\/\/x.com\/https:\/\/x.com\/Olivier_Matros\"],\"url\":\"https:\/\/dicodusport.fr\/blog\/author\/olivier-gh\/\"}]}<\/script>\n<!-- \/ Yoast SEO Premium plugin. -->","yoast_head_json":{"title":"Paris-Camembert 2024 : Victoire de Beno\u00eet Cosnefroy","description":"PARIS-CAMEMBERT 2024 - \u00c0 la suite d'une course chaotique, Beno\u00eet Cosnefroy (Decathlon AG2R la Mondiale) s'adjuge la classique normande pour la seconde fois.","robots":{"index":"index","follow":"follow","max-snippet":"max-snippet:-1","max-image-preview":"max-image-preview:large","max-video-preview":"max-video-preview:-1"},"canonical":"https:\/\/dicodusport.fr\/blog\/paris-camembert-2024-victoire-de-benoit-cosnefroy\/","og_locale":"fr_FR","og_type":"article","og_title":"Paris-Camembert 2024 : Victoire de Beno\u00eet Cosnefroy","og_description":"PARIS-CAMEMBERT 2024 - \u00c0 la suite d'une course chaotique, Beno\u00eet Cosnefroy (Decathlon AG2R la Mondiale) s'adjuge la classique normande pour la seconde fois.","og_url":"https:\/\/dicodusport.fr\/blog\/paris-camembert-2024-victoire-de-benoit-cosnefroy\/","og_site_name":"Dicodusport","article_publisher":"https:\/\/www.facebook.com\/dicodusport","article_published_time":"2024-03-27T15:26:59+00:00","article_modified_time":"2024-03-27T16:03:57+00:00","og_image":[{"width":1200,"height":674,"url":"https:\/\/dicodusport.fr\/blog\/wp-content\/uploads\/2024\/03\/Paris-Camembert-2024-Victoire-de-Benoit-Cosnefroy-1.png","type":"image\/png"}],"author":"Olivier Dobiezynski","twitter_card":"summary_large_image","twitter_title":"Paris-Camembert 2024 : Victoire de Beno\u00eet Cosnefroy","twitter_creator":"@https:\/\/x.com\/Olivier_Matros","twitter_site":"@dicodusport","schema":{"@context":"https:\/\/schema.org","@graph":[{"@type":"NewsArticle","@id":"https:\/\/dicodusport.fr\/blog\/paris-camembert-2024-victoire-de-benoit-cosnefroy\/#article","isPartOf":{"@id":"https:\/\/dicodusport.fr\/blog\/paris-camembert-2024-victoire-de-benoit-cosnefroy\/"},"author":{"name":"Olivier Dobiezynski","@id":"https:\/\/dicodusport.fr\/blog\/#\/schema\/person\/fe500246414ca17ddf0c0312d7a792cc"},"headline":"Paris-Camembert 2024 : Victoire de Beno\u00eet Cosnefroy","datePublished":"2024-03-27T15:26:59+00:00","dateModified":"2024-03-27T16:03:57+00:00","mainEntityOfPage":{"@id":"https:\/\/dicodusport.fr\/blog\/paris-camembert-2024-victoire-de-benoit-cosnefroy\/"},"wordCount":392,"commentCount":0,"publisher":{"@id":"https:\/\/dicodusport.fr\/blog\/#organization"},"image":{"@id":"https:\/\/dicodusport.fr\/blog\/paris-camembert-2024-victoire-de-benoit-cosnefroy\/#primaryimage"},"thumbnailUrl":"https:\/\/dicodusport.fr\/blog\/wp-content\/uploads\/2024\/03\/Paris-Camembert-2024-Victoire-de-Benoit-Cosnefroy-1.png","keywords":["Beno\u00eet Cosnefroy","br\u00e8ve","Decathlon AG2R La mondiale"],"articleSection":["Cyclisme sur route"],"inLanguage":"fr-FR","potentialAction":[{"@type":"CommentAction","name":"Comment","target":["https:\/\/dicodusport.fr\/blog\/paris-camembert-2024-victoire-de-benoit-cosnefroy\/#respond"]}],"copyrightYear":"2024","copyrightHolder":{"@id":"https:\/\/dicodusport.fr\/blog\/#organization"}},{"@type":"WebPage","@id":"https:\/\/dicodusport.fr\/blog\/paris-camembert-2024-victoire-de-benoit-cosnefroy\/","url":"https:\/\/dicodusport.fr\/blog\/paris-camembert-2024-victoire-de-benoit-cosnefroy\/","name":"Paris-Camembert 2024 : Victoire de Beno\u00eet Cosnefroy","isPartOf":{"@id":"https:\/\/dicodusport.fr\/blog\/#website"},"primaryImageOfPage":{"@id":"https:\/\/dicodusport.fr\/blog\/paris-camembert-2024-victoire-de-benoit-cosnefroy\/#primaryimage"},"image":{"@id":"https:\/\/dicodusport.fr\/blog\/paris-camembert-2024-victoire-de-benoit-cosnefroy\/#primaryimage"},"thumbnailUrl":"https:\/\/dicodusport.fr\/blog\/wp-content\/uploads\/2024\/03\/Paris-Camembert-2024-Victoire-de-Benoit-Cosnefroy-1.png","datePublished":"2024-03-27T15:26:59+00:00","dateModified":"2024-03-27T16:03:57+00:00","description":"PARIS-CAMEMBERT 2024 - \u00c0 la suite d'une course chaotique, Beno\u00eet Cosnefroy (Decathlon AG2R la Mondiale) s'adjuge la classique normande pour la seconde fois.","breadcrumb":{"@id":"https:\/\/dicodusport.fr\/blog\/paris-camembert-2024-victoire-de-benoit-cosnefroy\/#breadcrumb"},"inLanguage":"fr-FR","potentialAction":[{"@type":"ReadAction","target":["https:\/\/dicodusport.fr\/blog\/paris-camembert-2024-victoire-de-benoit-cosnefroy\/"]}]},{"@type":"ImageObject","inLanguage":"fr-FR","@id":"https:\/\/dicodusport.fr\/blog\/paris-camembert-2024-victoire-de-benoit-cosnefroy\/#primaryimage","url":"https:\/\/dicodusport.fr\/blog\/wp-content\/uploads\/2024\/03\/Paris-Camembert-2024-Victoire-de-Benoit-Cosnefroy-1.png","contentUrl":"https:\/\/dicodusport.fr\/blog\/wp-content\/uploads\/2024\/03\/Paris-Camembert-2024-Victoire-de-Benoit-Cosnefroy-1.png","width":1200,"height":674,"caption":"Paris-Camembert 2024 Victoire de Beno\u00eet Cosnefroy (1)"},{"@type":"BreadcrumbList","@id":"https:\/\/dicodusport.fr\/blog\/paris-camembert-2024-victoire-de-benoit-cosnefroy\/#breadcrumb","itemListElement":[{"@type":"ListItem","position":1,"name":"Accueil","item":"https:\/\/dicodusport.fr\/blog\/"},{"@type":"ListItem","position":2,"name":"Paris-Camembert 2024 : Victoire de Beno\u00eet Cosnefroy"}]},{"@type":"WebSite","@id":"https:\/\/dicodusport.fr\/blog\/#website","url":"https:\/\/dicodusport.fr\/blog\/","name":"Dicodusport","description":"L&#039;encyclop\u00e9die de l&#039;actualit\u00e9 sportive","publisher":{"@id":"https:\/\/dicodusport.fr\/blog\/#organization"},"potentialAction":[{"@type":"SearchAction","target":{"@type":"EntryPoint","urlTemplate":"https:\/\/dicodusport.fr\/blog\/?s={search_term_string}"},"query-input":{"@type":"PropertyValueSpecification","valueRequired":true,"valueName":"search_term_string"}}],"inLanguage":"fr-FR"},{"@type":"NewsMediaOrganization","@id":"https:\/\/dicodusport.fr\/blog\/#organization","name":"Dicodusport","url":"https:\/\/dicodusport.fr\/blog\/","logo":{"@type":"ImageObject","inLanguage":"fr-FR","@id":"https:\/\/dicodusport.fr\/blog\/#\/schema\/logo\/image\/","url":"https:\/\/dicodusport.fr\/blog\/wp-content\/uploads\/2020\/06\/cropped-LOGO-DICODUSPORT-2020-SANS-FOND-SANS-TEXTE.png","contentUrl":"https:\/\/dicodusport.fr\/blog\/wp-content\/uploads\/2020\/06\/cropped-LOGO-DICODUSPORT-2020-SANS-FOND-SANS-TEXTE.png","width":512,"height":512,"caption":"Dicodusport"},"image":{"@id":"https:\/\/dicodusport.fr\/blog\/#\/schema\/logo\/image\/"},"sameAs":["https:\/\/www.facebook.com\/dicodusport","https:\/\/x.com\/dicodusport","https:\/\/www.instagram.com\/dicodusport\/","https:\/\/www.youtube.com\/channel\/UC7V2KZ5sd3htJivAbA4ZG3w"],"description":"Dicodusport est l'encyclop\u00e9die de l'actualit\u00e9 sportive.","email":"bonjour@dicodusport.fr","legalName":"DICODUSPORT","foundingDate":"2018-01-14","vatID":"FR71834470973","taxID":"83447097300043","numberOfEmployees":{"@type":"QuantitativeValue","minValue":"1","maxValue":"10"}},{"@type":"Person","@id":"https:\/\/dicodusport.fr\/blog\/#\/schema\/person\/fe500246414ca17ddf0c0312d7a792cc","name":"Olivier Dobiezynski","image":{"@type":"ImageObject","inLanguage":"fr-FR","@id":"https:\/\/dicodusport.fr\/blog\/#\/schema\/person\/image\/","url":"https:\/\/dicodusport.fr\/blog\/wp-content\/uploads\/2024\/09\/5be8fe8d-9962-4f1e-ad06-d6f9dee30e6d-150x150.jpg","contentUrl":"https:\/\/dicodusport.fr\/blog\/wp-content\/uploads\/2024\/09\/5be8fe8d-9962-4f1e-ad06-d6f9dee30e6d-150x150.jpg","caption":"Olivier Dobiezynski"},"description":"Depuis le milieu des ann\u00e9es 90, la passion du cyclisme m'anime. Mes h\u00e9ros s'appellent Luc Leblanc, Piotr Ugrumov, Paolo Savoldelli, Peter Sagan et bien \u00e9videmment Romain Bardet. R\u00e9dacteur depuis 2023, je suis ici pour partager cet amour de la Petite Reine. Vous pourrez me lire \u00e9galement sur du trail, du ski de fond et tout autre sujet susceptible d'\u00e9veiller ma curiosit\u00e9 sportive.","sameAs":["https:\/\/x.com\/https:\/\/x.com\/Olivier_Matros"],"url":"https:\/\/dicodusport.fr\/blog\/author\/olivier-gh\/"}]}},"_links":{"self":[{"href":"https:\/\/dicodusport.fr\/blog\/wp-json\/wp\/v2\/posts\/475052","targetHints":{"allow":["GET"]}}],"collection":[{"href":"https:\/\/dicodusport.fr\/blog\/wp-json\/wp\/v2\/posts"}],"about":[{"href":"https:\/\/dicodusport.fr\/blog\/wp-json\/wp\/v2\/types\/post"}],"author":[{"embeddable":true,"href":"https:\/\/dicodusport.fr\/blog\/wp-json\/wp\/v2\/users\/92"}],"replies":[{"embeddable":true,"href":"https:\/\/dicodusport.fr\/blog\/wp-json\/wp\/v2\/comments?post=475052"}],"version-history":[{"count":5,"href":"https:\/\/dicodusport.fr\/blog\/wp-json\/wp\/v2\/posts\/475052\/revisions"}],"predecessor-version":[{"id":475102,"href":"https:\/\/dicodusport.fr\/blog\/wp-json\/wp\/v2\/posts\/475052\/revisions\/475102"}],"wp:featuredmedia":[{"embeddable":true,"href":"https:\/\/dicodusport.fr\/blog\/wp-json\/wp\/v2\/media\/475099"}],"wp:attachment":[{"href":"https:\/\/dicodusport.fr\/blog\/wp-json\/wp\/v2\/media?parent=475052"}],"wp:term":[{"taxonomy":"category","embeddable":true,"href":"https:\/\/dicodusport.fr\/blog\/wp-json\/wp\/v2\/categories?post=475052"},{"taxonomy":"post_tag","embeddable":true,"href":"https:\/\/dicodusport.fr\/blog\/wp-json\/wp\/v2\/tags?post=475052"}],"curies":[{"name":"wp","href":"https:\/\/api.w.org\/{rel}","templated":true}]}}