{"id":475162,"date":"2024-04-03T12:12:34","date_gmt":"2024-04-03T10:12:34","guid":{"rendered":"https:\/\/dicodusport.fr\/blog\/?p=475162&#038;preview=true&#038;preview_id=475162"},"modified":"2024-04-04T08:14:14","modified_gmt":"2024-04-04T06:14:14","slug":"arthur-gea-lautre-francais-ne-en-2005-qui-monte","status":"publish","type":"post","link":"https:\/\/dicodusport.fr\/blog\/arthur-gea-lautre-francais-ne-en-2005-qui-monte\/","title":{"rendered":"Arthur Gea, l&rsquo;autre fran\u00e7ais n\u00e9 en 2005 qui monte"},"content":{"rendered":"<p style=\"text-align: justify;\"><strong><em>TENNIS &#8211; Le tennis masculin fran\u00e7ais a de beaux jours devant lui. Apr\u00e8s la g\u00e9n\u00e9ration 2004 <a href=\"https:\/\/dicodusport.fr\/blog\/arthur-fils-et-luca-van-assche-se-preparent-pour-les-next-gen-atp-finals\/\">men\u00e9e par Arthur Fils et Luca Van Assche<\/a>, ce sont les jeunes n\u00e9s en 2005 qui pointent le bout de leur nez. Dans l&rsquo;ombre de Gabriel Debru, un autre tricolore est en pleine ascension sur le circuit professionnel : Arthur Gea. Moins pr\u00e9coce que son compatriote, il est cependant en train de refaire son retard, gr\u00e2ce \u00e0 six excellents derniers mois.<br \/>\n<\/em><\/strong><\/p>\n<p style=\"text-align: justify;\">\u00c0 quelques jours pr\u00e8s, <strong>Arthur Gea<\/strong> aurait pu \u00eatre de la m\u00eame g\u00e9n\u00e9ration qu&rsquo;<strong>Arthur Fils<\/strong> et<strong> Luca Van Assche<\/strong>. Mais n\u00e9 le 2 janvier 2005, il a finalement fait partie de la classe d&rsquo;\u00e2ge au-dessus. Le Vauclusien d&rsquo;origine a grandi dans le giron de la F\u00e9d\u00e9ration, comme beaucoup d&rsquo;autres. Il a ensuite cravach\u00e9 sur le circuit junior de ses 14 \u00e0 ses 18 ans, pour atteindre son meilleur classement de <strong>n\u00b08 mondial<\/strong> d\u00e9but 2023. Il a alors commenc\u00e9 \u00e0 se faire un nom, notamment en atteignant la demi-finale \u00e0 Wimbledon, et les quarts \u00e0 l&rsquo;Open d&rsquo;Australie.<\/p>\n<p style=\"text-align: justify;\">De quoi le confirmer dans son objectif de faire carri\u00e8re dans le tennis. Le pensionnaire du TC Marseille a officiellement quitt\u00e9 le circuit junior en octobre 2023, apr\u00e8s avoir <a href=\"https:\/\/dicodusport.fr\/blog\/masters-juniors-finals-2023-arthur-gea-elimine-apres-deux-defaites\/\">disput\u00e9 le Masters de fin d&rsquo;ann\u00e9e<\/a>, o\u00f9 il a termin\u00e9 septi\u00e8me, pour se lancer chez les professionnels. List\u00e9 \u00e0 1,80 m pour 72 kg par l&rsquo;ATP \u00e0 son entr\u00e9e sur le circuit, Gea a <strong>un profil de joueur moderne<\/strong> : \u00e9lanc\u00e9, endurant, avec une belle frappe de balle, surtout en coup droit, \u00e0 l&rsquo;aise sur toutes les surfaces&#8230; Il est encore en train de travailler avec ses coachs (<strong>Tarik Benhabiles <\/strong>et <strong>J\u00e9r\u00f4me Potier<\/strong>, au CNE) sur<strong> sa force et sa puissance de balle<\/strong>. Ce qui lui manque actuellement pour faire plus de d\u00e9g\u00e2ts chez les adultes.<\/p>\n<blockquote class=\"twitter-tweet\">\n<p dir=\"ltr\" lang=\"fr\">Arthur Gea \ud83c\uddeb\ud83c\uddf7 2005<\/p>\n<p>N\u00b017 \u2b50\ufe0f\u2b50\ufe0f\u2b50\ufe0f\/5<\/p>\n<p>Forc\u00e9ment d\u00e9j\u00e0 beaucoup parl\u00e9 ici, joueur top du fond tr\u00e8s r\u00e9gulier solide et m\u00e2ture mais tableau difficile notamment avec s\u00fbrement un 3 \u00e8me tour tr\u00e8s compliqu\u00e9.<\/p>\n<p>Apr\u00e8s le public va pousser \u00e0 voir si \u00e7a le galvanise ou t\u00e9tanise.<\/p>\n<p>H\u00e2te <a href=\"https:\/\/t.co\/lbTOJEsDjY\">pic.twitter.com\/lbTOJEsDjY<\/a><\/p>\n<p>\u2014 Romain \ud83c\udfbe\ud83c\uddeb\ud83c\uddf7 (@RomainNextGen) <a href=\"https:\/\/twitter.com\/RomainNextGen\/status\/1664989312155361281?ref_src=twsrc%5Etfw\">June 3, 2023<\/a><\/p><\/blockquote>\n<p style=\"text-align: justify;\"><script async src=\"https:\/\/platform.twitter.com\/widgets.js\" charset=\"utf-8\"><\/script><\/p>\n<h2 style=\"text-align: justify;\">D\u00e9j\u00e0 trois titres professionnels<\/h2>\n<p style=\"text-align: justify;\">\u00c0 peine sorti des juniors, le natif de Velleron n&rsquo;a pas perdu de temps. Seulement un mois apr\u00e8s, il remportait d\u00e9j\u00e0 son premier titre professionnel, un ITF 25 \u00e0 Heraklion (Gr\u00e8ce). Et il ne s&rsquo;est pas arr\u00eat\u00e9 l\u00e0. Gea a disput\u00e9 quatre semaines d&rsquo;affil\u00e9e dans la ville portuaire de Cr\u00e8te et y a <strong><a href=\"https:\/\/dicodusport.fr\/blog\/circuit-itf-troisieme-titre-daffilee-pour-un-arthur-gea-inarretable\/\">quasiment tout rafl\u00e9<\/a> : trois titres et une finale<\/strong>. Il a encha\u00een\u00e9 26 matchs (20 en simple, 6 en double) en 27 jours, sans broncher physiquement. Ce qui est tr\u00e8s rare de mani\u00e8re g\u00e9n\u00e9rale, et encore plus pour un jeune de 18 ans qui d\u00e9couvre le monde professionnel. Cette exp\u00e9rience lui a permis de faire <strong>un saut de quasiment 400 places<\/strong> au classement ATP.<\/p>\n<p style=\"text-align: justify;\">Apr\u00e8s ses premiers succ\u00e8s, Arthur Gea a fait le choix de passer \u00e0 l&rsquo;\u00e9chelon sup\u00e9rieur en 2024. En ce d\u00e9but d&rsquo;ann\u00e9e,<strong> il s&rsquo;est essay\u00e9 aux tournois Challengers<\/strong>, m\u00eame s&rsquo;il doit passer par les qualifications \u00e9tant donn\u00e9 son classement encore faible (n\u00b0463 en d\u00e9but d&rsquo;ann\u00e9e, n\u00b0394 aujourd&rsquo;hui). Une exp\u00e9rience qui sera de toute fa\u00e7on formatrice. Et l\u00e0 encore, les r\u00e9sultats ont suivi. La semaine derni\u00e8re, au Challenger 125 de Naples, il a r\u00e9ussi \u00e0 s&rsquo;extirper des qualifications et \u00e0 atteindre les quarts de finale. Il a notamment sign\u00e9 <strong>sa plus belle victoire en carri\u00e8re contre Fabio Fognini<\/strong> (n\u00b0103 mondial), devant un public qui lui \u00e9tait pourtant hostile. Battre<em> \u00ab une l\u00e9gende \u00bb<\/em> dans <em>\u00ab un si beau tournoi \u00bb<\/em> fut <em>\u00ab l&rsquo;une des plus belles exp\u00e9riences de [sa] vie \u00bb<\/em>, a-t-il exprim\u00e9 sur Instagram.<\/p>\n<p><span class=\"vb56H\"><\/p>\n<blockquote class=\"instagram-media\" data-instgrm-captioned data-instgrm-permalink=\"https:\/\/www.instagram.com\/p\/C5O2RzfAT0L\/?utm_source=ig_embed&amp;utm_campaign=loading\" data-instgrm-version=\"14\" style=\" background:#FFF; border:0; border-radius:3px; box-shadow:0 0 1px 0 rgba(0,0,0,0.5),0 1px 10px 0 rgba(0,0,0,0.15); margin: 1px; max-width:658px; min-width:326px; padding:0; width:99.375%; width:-webkit-calc(100% - 2px); width:calc(100% - 2px);\">\n<div style=\"padding:16px;\"> <a href=\"https:\/\/www.instagram.com\/p\/C5O2RzfAT0L\/?utm_source=ig_embed&amp;utm_campaign=loading\" style=\" background:#FFFFFF; line-height:0; padding:0 0; text-align:center; text-decoration:none; width:100%;\" target=\"_blank\"> <\/p>\n<div style=\" display: flex; flex-direction: row; align-items: center;\">\n<div style=\"background-color: #F4F4F4; border-radius: 50%; flex-grow: 0; height: 40px; margin-right: 14px; width: 40px;\"><\/div>\n<div style=\"display: flex; flex-direction: column; flex-grow: 1; justify-content: center;\">\n<div style=\" background-color: #F4F4F4; border-radius: 4px; flex-grow: 0; height: 14px; margin-bottom: 6px; width: 100px;\"><\/div>\n<div style=\" background-color: #F4F4F4; border-radius: 4px; flex-grow: 0; height: 14px; width: 60px;\"><\/div>\n<\/div>\n<\/div>\n<div style=\"padding: 19% 0;\"><\/div>\n<div style=\"display:block; height:50px; margin:0 auto 12px; width:50px;\"><svg width=\"50px\" height=\"50px\" viewBox=\"0 0 60 60\" version=\"1.1\" xmlns=\"https:\/\/www.w3.org\/2000\/svg\" xmlns:xlink=\"https:\/\/www.w3.org\/1999\/xlink\"><g stroke=\"none\" stroke-width=\"1\" fill=\"none\" fill-rule=\"evenodd\"><g transform=\"translate(-511.000000, -20.000000)\" fill=\"#000000\"><g><path d=\"M556.869,30.41 C554.814,30.41 553.148,32.076 553.148,34.131 C553.148,36.186 554.814,37.852 556.869,37.852 C558.924,37.852 560.59,36.186 560.59,34.131 C560.59,32.076 558.924,30.41 556.869,30.41 M541,60.657 C535.114,60.657 530.342,55.887 530.342,50 C530.342,44.114 535.114,39.342 541,39.342 C546.887,39.342 551.658,44.114 551.658,50 C551.658,55.887 546.887,60.657 541,60.657 M541,33.886 C532.1,33.886 524.886,41.1 524.886,50 C524.886,58.899 532.1,66.113 541,66.113 C549.9,66.113 557.115,58.899 557.115,50 C557.115,41.1 549.9,33.886 541,33.886 M565.378,62.101 C565.244,65.022 564.756,66.606 564.346,67.663 C563.803,69.06 563.154,70.057 562.106,71.106 C561.058,72.155 560.06,72.803 558.662,73.347 C557.607,73.757 556.021,74.244 553.102,74.378 C549.944,74.521 548.997,74.552 541,74.552 C533.003,74.552 532.056,74.521 528.898,74.378 C525.979,74.244 524.393,73.757 523.338,73.347 C521.94,72.803 520.942,72.155 519.894,71.106 C518.846,70.057 518.197,69.06 517.654,67.663 C517.244,66.606 516.755,65.022 516.623,62.101 C516.479,58.943 516.448,57.996 516.448,50 C516.448,42.003 516.479,41.056 516.623,37.899 C516.755,34.978 517.244,33.391 517.654,32.338 C518.197,30.938 518.846,29.942 519.894,28.894 C520.942,27.846 521.94,27.196 523.338,26.654 C524.393,26.244 525.979,25.756 528.898,25.623 C532.057,25.479 533.004,25.448 541,25.448 C548.997,25.448 549.943,25.479 553.102,25.623 C556.021,25.756 557.607,26.244 558.662,26.654 C560.06,27.196 561.058,27.846 562.106,28.894 C563.154,29.942 563.803,30.938 564.346,32.338 C564.756,33.391 565.244,34.978 565.378,37.899 C565.522,41.056 565.552,42.003 565.552,50 C565.552,57.996 565.522,58.943 565.378,62.101 M570.82,37.631 C570.674,34.438 570.167,32.258 569.425,30.349 C568.659,28.377 567.633,26.702 565.965,25.035 C564.297,23.368 562.623,22.342 560.652,21.575 C558.743,20.834 556.562,20.326 553.369,20.18 C550.169,20.033 549.148,20 541,20 C532.853,20 531.831,20.033 528.631,20.18 C525.438,20.326 523.257,20.834 521.349,21.575 C519.376,22.342 517.703,23.368 516.035,25.035 C514.368,26.702 513.342,28.377 512.574,30.349 C511.834,32.258 511.326,34.438 511.181,37.631 C511.035,40.831 511,41.851 511,50 C511,58.147 511.035,59.17 511.181,62.369 C511.326,65.562 511.834,67.743 512.574,69.651 C513.342,71.625 514.368,73.296 516.035,74.965 C517.703,76.634 519.376,77.658 521.349,78.425 C523.257,79.167 525.438,79.673 528.631,79.82 C531.831,79.965 532.853,80.001 541,80.001 C549.148,80.001 550.169,79.965 553.369,79.82 C556.562,79.673 558.743,79.167 560.652,78.425 C562.623,77.658 564.297,76.634 565.965,74.965 C567.633,73.296 568.659,71.625 569.425,69.651 C570.167,67.743 570.674,65.562 570.82,62.369 C570.966,59.17 571,58.147 571,50 C571,41.851 570.966,40.831 570.82,37.631\"><\/path><\/g><\/g><\/g><\/svg><\/div>\n<div style=\"padding-top: 8px;\">\n<div style=\" color:#3897f0; font-family:Arial,sans-serif; font-size:14px; font-style:normal; font-weight:550; line-height:18px;\">View this post on Instagram<\/div>\n<\/div>\n<div style=\"padding: 12.5% 0;\"><\/div>\n<div style=\"display: flex; flex-direction: row; margin-bottom: 14px; align-items: center;\">\n<div>\n<div style=\"background-color: #F4F4F4; border-radius: 50%; height: 12.5px; width: 12.5px; transform: translateX(0px) translateY(7px);\"><\/div>\n<div style=\"background-color: #F4F4F4; height: 12.5px; transform: rotate(-45deg) translateX(3px) translateY(1px); width: 12.5px; flex-grow: 0; margin-right: 14px; margin-left: 2px;\"><\/div>\n<div style=\"background-color: #F4F4F4; border-radius: 50%; height: 12.5px; width: 12.5px; transform: translateX(9px) translateY(-18px);\"><\/div>\n<\/div>\n<div style=\"margin-left: 8px;\">\n<div style=\" background-color: #F4F4F4; border-radius: 50%; flex-grow: 0; height: 20px; width: 20px;\"><\/div>\n<div style=\" width: 0; height: 0; border-top: 2px solid transparent; border-left: 6px solid #f4f4f4; border-bottom: 2px solid transparent; transform: translateX(16px) translateY(-4px) rotate(30deg)\"><\/div>\n<\/div>\n<div style=\"margin-left: auto;\">\n<div style=\" width: 0px; border-top: 8px solid #F4F4F4; border-right: 8px solid transparent; transform: translateY(16px);\"><\/div>\n<div style=\" background-color: #F4F4F4; flex-grow: 0; height: 12px; width: 16px; transform: translateY(-4px);\"><\/div>\n<div style=\" width: 0; height: 0; border-top: 8px solid #F4F4F4; border-left: 8px solid transparent; transform: translateY(-4px) translateX(8px);\"><\/div>\n<\/div>\n<\/div>\n<div style=\"display: flex; flex-direction: column; flex-grow: 1; justify-content: center; margin-bottom: 24px;\">\n<div style=\" background-color: #F4F4F4; border-radius: 4px; flex-grow: 0; height: 14px; margin-bottom: 6px; width: 224px;\"><\/div>\n<div style=\" background-color: #F4F4F4; border-radius: 4px; flex-grow: 0; height: 14px; width: 144px;\"><\/div>\n<\/div>\n<p><\/a><\/p>\n<p style=\" color:#c9c8cd; font-family:Arial,sans-serif; font-size:14px; line-height:17px; margin-bottom:0; margin-top:8px; overflow:hidden; padding:8px 0 7px; text-align:center; text-overflow:ellipsis; white-space:nowrap;\"><a href=\"https:\/\/www.instagram.com\/p\/C5O2RzfAT0L\/?utm_source=ig_embed&amp;utm_campaign=loading\" style=\" color:#c9c8cd; font-family:Arial,sans-serif; font-size:14px; font-style:normal; font-weight:normal; line-height:17px; text-decoration:none;\" target=\"_blank\">A post shared by Arthur Gea (@arthur_gea_offi)<\/a><\/p>\n<\/div>\n<\/blockquote>\n<p><script async src=\"\/\/platform.instagram.com\/en_US\/embeds.js\"><\/script><\/span><\/p>\n<h2 style=\"text-align: justify;\">Une rivalit\u00e9 avec Gabriel Debru ?<\/h2>\n<p style=\"text-align: justify;\">Maintenant que Gea a fait son entr\u00e9e dans le top 400, il se rapproche \u00e0 grands pas de l&rsquo;autre crack de la g\u00e9n\u00e9ration 2005 : <strong>Gabriel Debru<\/strong>. D&rsquo;autant que ce dernier est <a href=\"https:\/\/dicodusport.fr\/blog\/gabriel-debru-qui-peine-a-confirmer-depuis-les-juniors-va-prendre-un-nouveau-virage\/\">dans une p\u00e9riode de transition dans son jeu et son staff<\/a>, ce qui limite sa progression. Actuellement n\u00b0352 mondial, Debru n&rsquo;a plus qu&rsquo;une quarantaine de places d&rsquo;avance sur son a\u00een\u00e9 de quelques mois. <strong>Leur rapprochement au classement peut lancer une sorte de course<\/strong> : qui gagnera d&rsquo;abord son premier titre en Challenger ? Qui remportera le premier un match sur le circuit ATP ? Qui sera top 100 en premier ?<\/p>\n<p style=\"text-align: justify;\">Une rivalit\u00e9 similaire \u00e0 celle d&rsquo;Arthur Fils et Luca Van Assche, qui peut \u00eatre b\u00e9n\u00e9fique. Mais celle-ci n&rsquo;aura lieu que sur le terrain. <strong>En dehors, Arthur Gea et Gabriel Debru sont amis<\/strong>. Ils ont jou\u00e9 la Coupe d&rsquo;Europe U18 ensemble &#8211; <a href=\"https:\/\/dicodusport.fr\/blog\/tennis-lequipe-de-france-u18-vice-championne-deurope\/\">o\u00f9 ils ont remport\u00e9 la m\u00e9daille d&rsquo;argent<\/a> -, la Coupe Davis junior et m\u00eame quelques matchs de double ensemble, en juniors et chez les professionnels. Il sera en tout cas int\u00e9ressant d&rsquo;observer leur d\u00e9veloppement en parall\u00e8le. Ainsi que ceux des autres jeunes tricolores n\u00e9s en 2005 (<strong>Antoine Ghibaudo<\/strong>,<strong> Tiago Pires<\/strong>&#8230;).<\/p>\n<p style=\"text-align: justify;\">En ce qui concerne Gea, il a des hautes ambitions pour lui-m\u00eame. Dans les colonnes de <em><a href=\"https:\/\/www.lanouvellerepublique.fr\/blois\/internationaux-de-blois-arthur-gea-reve-de-la-premiere-place-mondiale\">La Nouvelle R\u00e9publique<\/a><\/em> en juin dernier, il confiait : <em>\u00ab Depuis que j\u2019ai d\u00e9but\u00e9 \u00e0 l\u2019\u00e2ge de 7 ans, je n\u2019ai qu\u2019un objectif : <strong>\u00eatre un jour n\u00b0 1 mondial<\/strong>. Et si je dois l\u2019\u00eatre sans avoir gagn\u00e9 de Grand Chelem, \u00e7a ne me d\u00e9rangera pas. Ma seule obsession, c\u2019est de pouvoir dire un jour : on est des millions \u00e0 jouer au tennis, et il n\u2019y a pas meilleur que moi. \u00bb<\/em> Une ambition saine, qui devient la norme pour beaucoup de jeunes joueurs.<\/p>\n<blockquote class=\"twitter-tweet\">\n<p dir=\"ltr\" lang=\"fr\">\ud83e\udd48\ud83c\uddeb\ud83c\uddf7 M\u00e9daille d\u2019argent pour nos Bleus qui s\u2019inclinent en finale des Championnats d\u2019Europe U18 face \u00e0 la Belgique.<\/p>\n<p>Bravo, <a href=\"https:\/\/twitter.com\/TennisBelgium?ref_src=twsrc%5Etfw\">@TennisBelgium<\/a> \ud83e\udd1d\ud83c\udde7\ud83c\uddea <a href=\"https:\/\/t.co\/zKss5N0tPH\">pic.twitter.com\/zKss5N0tPH<\/a><\/p>\n<p>\u2014 FFT (@FFTennis) <a href=\"https:\/\/twitter.com\/FFTennis\/status\/1689292401985134592?ref_src=twsrc%5Etfw\">August 9, 2023<\/a><\/p><\/blockquote>\n<p><script async src=\"https:\/\/platform.twitter.com\/widgets.js\" charset=\"utf-8\"><\/script><\/p>\n","protected":false},"excerpt":{"rendered":"<p>Dans l&rsquo;ombre de Gabriel Debru, Arthur Gea est un autre 2005 en pleine ascension. Moins pr\u00e9coce que lui, il est en train de refaire son retard.<\/p>\n","protected":false},"author":13,"featured_media":476316,"comment_status":"open","ping_status":"closed","sticky":false,"template":"","format":"standard","meta":{"_acf_changed":false,"_daextam_enable_autolinks":"1","footnotes":""},"categories":[2302],"tags":[35341,16878,23548,23734,24],"class_list":["post-475162","post","type-post","status-publish","format-standard","has-post-thumbnail","hentry","category-tennis","tag-arthur-gea","tag-breve","tag-gabriel-debru","tag-jeune-francais-tennis","tag-sport"],"acf":[],"yoast_head":"<!-- This site is optimized with the Yoast SEO Premium plugin v26.7 (Yoast SEO v26.7) - https:\/\/yoast.com\/wordpress\/plugins\/seo\/ -->\n<title>Arthur Gea, l&#039;autre fran\u00e7ais n\u00e9 en 2005 qui monte<\/title>\n<meta name=\"description\" content=\"Dans l&#039;ombre de Gabriel Debru, Arthur Gea est un autre 2005 en pleine ascension. Moins pr\u00e9coce que lui, il est en train de refaire son retard.\" \/>\n<meta name=\"robots\" content=\"index, follow, max-snippet:-1, max-image-preview:large, max-video-preview:-1\" \/>\n<link rel=\"canonical\" href=\"https:\/\/dicodusport.fr\/blog\/arthur-gea-lautre-francais-ne-en-2005-qui-monte\/\" \/>\n<meta property=\"og:locale\" content=\"fr_FR\" \/>\n<meta property=\"og:type\" content=\"article\" \/>\n<meta property=\"og:title\" content=\"Arthur Gea, l&#039;autre fran\u00e7ais n\u00e9 en 2005 qui monte\" \/>\n<meta property=\"og:description\" content=\"Dans l&#039;ombre de Gabriel Debru, Arthur Gea est un autre 2005 en pleine ascension. Moins pr\u00e9coce que lui, il est en train de refaire son retard.\" \/>\n<meta property=\"og:url\" content=\"https:\/\/dicodusport.fr\/blog\/arthur-gea-lautre-francais-ne-en-2005-qui-monte\/\" \/>\n<meta property=\"og:site_name\" content=\"Dicodusport\" \/>\n<meta property=\"article:publisher\" content=\"https:\/\/www.facebook.com\/dicodusport\" \/>\n<meta property=\"article:published_time\" content=\"2024-04-03T10:12:34+00:00\" \/>\n<meta property=\"article:modified_time\" content=\"2024-04-04T06:14:14+00:00\" \/>\n<meta property=\"og:image\" content=\"https:\/\/dicodusport.fr\/blog\/wp-content\/uploads\/2024\/04\/Arthur-Gea-lautre-francais-ne-en-2005-qui-monte-1.png\" \/>\n\t<meta property=\"og:image:width\" content=\"1200\" \/>\n\t<meta property=\"og:image:height\" content=\"674\" \/>\n\t<meta property=\"og:image:type\" content=\"image\/png\" \/>\n<meta name=\"author\" content=\"Tom Compayrot\" \/>\n<meta name=\"twitter:card\" content=\"summary_large_image\" \/>\n<meta name=\"twitter:title\" content=\"Arthur Gea, l&#039;autre fran\u00e7ais n\u00e9 en 2005 qui monte\" \/>\n<meta name=\"twitter:creator\" content=\"@https:\/\/twitter.com\/Tom_Cprt\" \/>\n<meta name=\"twitter:site\" content=\"@dicodusport\" \/>\n<script type=\"application\/ld+json\" class=\"yoast-schema-graph\">{\"@context\":\"https:\/\/schema.org\",\"@graph\":[{\"@type\":\"NewsArticle\",\"@id\":\"https:\/\/dicodusport.fr\/blog\/arthur-gea-lautre-francais-ne-en-2005-qui-monte\/#article\",\"isPartOf\":{\"@id\":\"https:\/\/dicodusport.fr\/blog\/arthur-gea-lautre-francais-ne-en-2005-qui-monte\/\"},\"author\":{\"name\":\"Tom Compayrot\",\"@id\":\"https:\/\/dicodusport.fr\/blog\/#\/schema\/person\/bf1e4f404e108bd2be5b447b16bde9a7\"},\"headline\":\"Arthur Gea, l&rsquo;autre fran\u00e7ais n\u00e9 en 2005 qui monte\",\"datePublished\":\"2024-04-03T10:12:34+00:00\",\"dateModified\":\"2024-04-04T06:14:14+00:00\",\"mainEntityOfPage\":{\"@id\":\"https:\/\/dicodusport.fr\/blog\/arthur-gea-lautre-francais-ne-en-2005-qui-monte\/\"},\"wordCount\":1010,\"commentCount\":0,\"publisher\":{\"@id\":\"https:\/\/dicodusport.fr\/blog\/#organization\"},\"image\":{\"@id\":\"https:\/\/dicodusport.fr\/blog\/arthur-gea-lautre-francais-ne-en-2005-qui-monte\/#primaryimage\"},\"thumbnailUrl\":\"https:\/\/dicodusport.fr\/blog\/wp-content\/uploads\/2024\/04\/Arthur-Gea-lautre-francais-ne-en-2005-qui-monte-1.png\",\"keywords\":[\"Arthur Gea\",\"br\u00e8ve\",\"Gabriel Debru\",\"jeune fran\u00e7ais tennis\",\"sport\"],\"articleSection\":[\"Tennis\"],\"inLanguage\":\"fr-FR\",\"potentialAction\":[{\"@type\":\"CommentAction\",\"name\":\"Comment\",\"target\":[\"https:\/\/dicodusport.fr\/blog\/arthur-gea-lautre-francais-ne-en-2005-qui-monte\/#respond\"]}],\"copyrightYear\":\"2024\",\"copyrightHolder\":{\"@id\":\"https:\/\/dicodusport.fr\/blog\/#organization\"}},{\"@type\":\"WebPage\",\"@id\":\"https:\/\/dicodusport.fr\/blog\/arthur-gea-lautre-francais-ne-en-2005-qui-monte\/\",\"url\":\"https:\/\/dicodusport.fr\/blog\/arthur-gea-lautre-francais-ne-en-2005-qui-monte\/\",\"name\":\"Arthur Gea, l'autre fran\u00e7ais n\u00e9 en 2005 qui monte\",\"isPartOf\":{\"@id\":\"https:\/\/dicodusport.fr\/blog\/#website\"},\"primaryImageOfPage\":{\"@id\":\"https:\/\/dicodusport.fr\/blog\/arthur-gea-lautre-francais-ne-en-2005-qui-monte\/#primaryimage\"},\"image\":{\"@id\":\"https:\/\/dicodusport.fr\/blog\/arthur-gea-lautre-francais-ne-en-2005-qui-monte\/#primaryimage\"},\"thumbnailUrl\":\"https:\/\/dicodusport.fr\/blog\/wp-content\/uploads\/2024\/04\/Arthur-Gea-lautre-francais-ne-en-2005-qui-monte-1.png\",\"datePublished\":\"2024-04-03T10:12:34+00:00\",\"dateModified\":\"2024-04-04T06:14:14+00:00\",\"description\":\"Dans l'ombre de Gabriel Debru, Arthur Gea est un autre 2005 en pleine ascension. Moins pr\u00e9coce que lui, il est en train de refaire son retard.\",\"breadcrumb\":{\"@id\":\"https:\/\/dicodusport.fr\/blog\/arthur-gea-lautre-francais-ne-en-2005-qui-monte\/#breadcrumb\"},\"inLanguage\":\"fr-FR\",\"potentialAction\":[{\"@type\":\"ReadAction\",\"target\":[\"https:\/\/dicodusport.fr\/blog\/arthur-gea-lautre-francais-ne-en-2005-qui-monte\/\"]}]},{\"@type\":\"ImageObject\",\"inLanguage\":\"fr-FR\",\"@id\":\"https:\/\/dicodusport.fr\/blog\/arthur-gea-lautre-francais-ne-en-2005-qui-monte\/#primaryimage\",\"url\":\"https:\/\/dicodusport.fr\/blog\/wp-content\/uploads\/2024\/04\/Arthur-Gea-lautre-francais-ne-en-2005-qui-monte-1.png\",\"contentUrl\":\"https:\/\/dicodusport.fr\/blog\/wp-content\/uploads\/2024\/04\/Arthur-Gea-lautre-francais-ne-en-2005-qui-monte-1.png\",\"width\":1200,\"height\":674,\"caption\":\"Arthur Gea, l'autre fran\u00e7ais n\u00e9 en 2005 qui monte\"},{\"@type\":\"BreadcrumbList\",\"@id\":\"https:\/\/dicodusport.fr\/blog\/arthur-gea-lautre-francais-ne-en-2005-qui-monte\/#breadcrumb\",\"itemListElement\":[{\"@type\":\"ListItem\",\"position\":1,\"name\":\"Accueil\",\"item\":\"https:\/\/dicodusport.fr\/blog\/\"},{\"@type\":\"ListItem\",\"position\":2,\"name\":\"Arthur Gea, l&rsquo;autre fran\u00e7ais n\u00e9 en 2005 qui monte\"}]},{\"@type\":\"WebSite\",\"@id\":\"https:\/\/dicodusport.fr\/blog\/#website\",\"url\":\"https:\/\/dicodusport.fr\/blog\/\",\"name\":\"Dicodusport\",\"description\":\"L&#039;encyclop\u00e9die de l&#039;actualit\u00e9 sportive\",\"publisher\":{\"@id\":\"https:\/\/dicodusport.fr\/blog\/#organization\"},\"potentialAction\":[{\"@type\":\"SearchAction\",\"target\":{\"@type\":\"EntryPoint\",\"urlTemplate\":\"https:\/\/dicodusport.fr\/blog\/?s={search_term_string}\"},\"query-input\":{\"@type\":\"PropertyValueSpecification\",\"valueRequired\":true,\"valueName\":\"search_term_string\"}}],\"inLanguage\":\"fr-FR\"},{\"@type\":\"NewsMediaOrganization\",\"@id\":\"https:\/\/dicodusport.fr\/blog\/#organization\",\"name\":\"Dicodusport\",\"url\":\"https:\/\/dicodusport.fr\/blog\/\",\"logo\":{\"@type\":\"ImageObject\",\"inLanguage\":\"fr-FR\",\"@id\":\"https:\/\/dicodusport.fr\/blog\/#\/schema\/logo\/image\/\",\"url\":\"https:\/\/dicodusport.fr\/blog\/wp-content\/uploads\/2020\/06\/cropped-LOGO-DICODUSPORT-2020-SANS-FOND-SANS-TEXTE.png\",\"contentUrl\":\"https:\/\/dicodusport.fr\/blog\/wp-content\/uploads\/2020\/06\/cropped-LOGO-DICODUSPORT-2020-SANS-FOND-SANS-TEXTE.png\",\"width\":512,\"height\":512,\"caption\":\"Dicodusport\"},\"image\":{\"@id\":\"https:\/\/dicodusport.fr\/blog\/#\/schema\/logo\/image\/\"},\"sameAs\":[\"https:\/\/www.facebook.com\/dicodusport\",\"https:\/\/x.com\/dicodusport\",\"https:\/\/www.instagram.com\/dicodusport\/\",\"https:\/\/www.youtube.com\/channel\/UC7V2KZ5sd3htJivAbA4ZG3w\"],\"description\":\"Dicodusport est l'encyclop\u00e9die de l'actualit\u00e9 sportive.\",\"email\":\"bonjour@dicodusport.fr\",\"legalName\":\"DICODUSPORT\",\"foundingDate\":\"2018-01-14\",\"vatID\":\"FR71834470973\",\"taxID\":\"83447097300043\",\"numberOfEmployees\":{\"@type\":\"QuantitativeValue\",\"minValue\":\"1\",\"maxValue\":\"10\"}},{\"@type\":\"Person\",\"@id\":\"https:\/\/dicodusport.fr\/blog\/#\/schema\/person\/bf1e4f404e108bd2be5b447b16bde9a7\",\"name\":\"Tom Compayrot\",\"image\":{\"@type\":\"ImageObject\",\"inLanguage\":\"fr-FR\",\"@id\":\"https:\/\/dicodusport.fr\/blog\/#\/schema\/person\/image\/\",\"url\":\"https:\/\/dicodusport.fr\/blog\/wp-content\/uploads\/2021\/05\/Tom-Compayrot-150x150.jpg\",\"contentUrl\":\"https:\/\/dicodusport.fr\/blog\/wp-content\/uploads\/2021\/05\/Tom-Compayrot-150x150.jpg\",\"caption\":\"Tom Compayrot\"},\"description\":\"Journaliste\/r\u00e9dacteur depuis mars 2017 - Amoureux de la petite balle jaune et du gros ballon orange qui tra\u00eene sa carcasse sur Dicodusport depuis 2017. Rafael Nadal et LeBron James sont les meilleurs joueurs de l'histoire.\",\"sameAs\":[\"https:\/\/x.com\/https:\/\/twitter.com\/Tom_Cprt\"],\"url\":\"https:\/\/dicodusport.fr\/blog\/author\/tom\/\"}]}<\/script>\n<!-- \/ Yoast SEO Premium plugin. -->","yoast_head_json":{"title":"Arthur Gea, l'autre fran\u00e7ais n\u00e9 en 2005 qui monte","description":"Dans l'ombre de Gabriel Debru, Arthur Gea est un autre 2005 en pleine ascension. Moins pr\u00e9coce que lui, il est en train de refaire son retard.","robots":{"index":"index","follow":"follow","max-snippet":"max-snippet:-1","max-image-preview":"max-image-preview:large","max-video-preview":"max-video-preview:-1"},"canonical":"https:\/\/dicodusport.fr\/blog\/arthur-gea-lautre-francais-ne-en-2005-qui-monte\/","og_locale":"fr_FR","og_type":"article","og_title":"Arthur Gea, l'autre fran\u00e7ais n\u00e9 en 2005 qui monte","og_description":"Dans l'ombre de Gabriel Debru, Arthur Gea est un autre 2005 en pleine ascension. Moins pr\u00e9coce que lui, il est en train de refaire son retard.","og_url":"https:\/\/dicodusport.fr\/blog\/arthur-gea-lautre-francais-ne-en-2005-qui-monte\/","og_site_name":"Dicodusport","article_publisher":"https:\/\/www.facebook.com\/dicodusport","article_published_time":"2024-04-03T10:12:34+00:00","article_modified_time":"2024-04-04T06:14:14+00:00","og_image":[{"width":1200,"height":674,"url":"https:\/\/dicodusport.fr\/blog\/wp-content\/uploads\/2024\/04\/Arthur-Gea-lautre-francais-ne-en-2005-qui-monte-1.png","type":"image\/png"}],"author":"Tom Compayrot","twitter_card":"summary_large_image","twitter_title":"Arthur Gea, l'autre fran\u00e7ais n\u00e9 en 2005 qui monte","twitter_creator":"@https:\/\/twitter.com\/Tom_Cprt","twitter_site":"@dicodusport","schema":{"@context":"https:\/\/schema.org","@graph":[{"@type":"NewsArticle","@id":"https:\/\/dicodusport.fr\/blog\/arthur-gea-lautre-francais-ne-en-2005-qui-monte\/#article","isPartOf":{"@id":"https:\/\/dicodusport.fr\/blog\/arthur-gea-lautre-francais-ne-en-2005-qui-monte\/"},"author":{"name":"Tom Compayrot","@id":"https:\/\/dicodusport.fr\/blog\/#\/schema\/person\/bf1e4f404e108bd2be5b447b16bde9a7"},"headline":"Arthur Gea, l&rsquo;autre fran\u00e7ais n\u00e9 en 2005 qui monte","datePublished":"2024-04-03T10:12:34+00:00","dateModified":"2024-04-04T06:14:14+00:00","mainEntityOfPage":{"@id":"https:\/\/dicodusport.fr\/blog\/arthur-gea-lautre-francais-ne-en-2005-qui-monte\/"},"wordCount":1010,"commentCount":0,"publisher":{"@id":"https:\/\/dicodusport.fr\/blog\/#organization"},"image":{"@id":"https:\/\/dicodusport.fr\/blog\/arthur-gea-lautre-francais-ne-en-2005-qui-monte\/#primaryimage"},"thumbnailUrl":"https:\/\/dicodusport.fr\/blog\/wp-content\/uploads\/2024\/04\/Arthur-Gea-lautre-francais-ne-en-2005-qui-monte-1.png","keywords":["Arthur Gea","br\u00e8ve","Gabriel Debru","jeune fran\u00e7ais tennis","sport"],"articleSection":["Tennis"],"inLanguage":"fr-FR","potentialAction":[{"@type":"CommentAction","name":"Comment","target":["https:\/\/dicodusport.fr\/blog\/arthur-gea-lautre-francais-ne-en-2005-qui-monte\/#respond"]}],"copyrightYear":"2024","copyrightHolder":{"@id":"https:\/\/dicodusport.fr\/blog\/#organization"}},{"@type":"WebPage","@id":"https:\/\/dicodusport.fr\/blog\/arthur-gea-lautre-francais-ne-en-2005-qui-monte\/","url":"https:\/\/dicodusport.fr\/blog\/arthur-gea-lautre-francais-ne-en-2005-qui-monte\/","name":"Arthur Gea, l'autre fran\u00e7ais n\u00e9 en 2005 qui monte","isPartOf":{"@id":"https:\/\/dicodusport.fr\/blog\/#website"},"primaryImageOfPage":{"@id":"https:\/\/dicodusport.fr\/blog\/arthur-gea-lautre-francais-ne-en-2005-qui-monte\/#primaryimage"},"image":{"@id":"https:\/\/dicodusport.fr\/blog\/arthur-gea-lautre-francais-ne-en-2005-qui-monte\/#primaryimage"},"thumbnailUrl":"https:\/\/dicodusport.fr\/blog\/wp-content\/uploads\/2024\/04\/Arthur-Gea-lautre-francais-ne-en-2005-qui-monte-1.png","datePublished":"2024-04-03T10:12:34+00:00","dateModified":"2024-04-04T06:14:14+00:00","description":"Dans l'ombre de Gabriel Debru, Arthur Gea est un autre 2005 en pleine ascension. Moins pr\u00e9coce que lui, il est en train de refaire son retard.","breadcrumb":{"@id":"https:\/\/dicodusport.fr\/blog\/arthur-gea-lautre-francais-ne-en-2005-qui-monte\/#breadcrumb"},"inLanguage":"fr-FR","potentialAction":[{"@type":"ReadAction","target":["https:\/\/dicodusport.fr\/blog\/arthur-gea-lautre-francais-ne-en-2005-qui-monte\/"]}]},{"@type":"ImageObject","inLanguage":"fr-FR","@id":"https:\/\/dicodusport.fr\/blog\/arthur-gea-lautre-francais-ne-en-2005-qui-monte\/#primaryimage","url":"https:\/\/dicodusport.fr\/blog\/wp-content\/uploads\/2024\/04\/Arthur-Gea-lautre-francais-ne-en-2005-qui-monte-1.png","contentUrl":"https:\/\/dicodusport.fr\/blog\/wp-content\/uploads\/2024\/04\/Arthur-Gea-lautre-francais-ne-en-2005-qui-monte-1.png","width":1200,"height":674,"caption":"Arthur Gea, l'autre fran\u00e7ais n\u00e9 en 2005 qui monte"},{"@type":"BreadcrumbList","@id":"https:\/\/dicodusport.fr\/blog\/arthur-gea-lautre-francais-ne-en-2005-qui-monte\/#breadcrumb","itemListElement":[{"@type":"ListItem","position":1,"name":"Accueil","item":"https:\/\/dicodusport.fr\/blog\/"},{"@type":"ListItem","position":2,"name":"Arthur Gea, l&rsquo;autre fran\u00e7ais n\u00e9 en 2005 qui monte"}]},{"@type":"WebSite","@id":"https:\/\/dicodusport.fr\/blog\/#website","url":"https:\/\/dicodusport.fr\/blog\/","name":"Dicodusport","description":"L&#039;encyclop\u00e9die de l&#039;actualit\u00e9 sportive","publisher":{"@id":"https:\/\/dicodusport.fr\/blog\/#organization"},"potentialAction":[{"@type":"SearchAction","target":{"@type":"EntryPoint","urlTemplate":"https:\/\/dicodusport.fr\/blog\/?s={search_term_string}"},"query-input":{"@type":"PropertyValueSpecification","valueRequired":true,"valueName":"search_term_string"}}],"inLanguage":"fr-FR"},{"@type":"NewsMediaOrganization","@id":"https:\/\/dicodusport.fr\/blog\/#organization","name":"Dicodusport","url":"https:\/\/dicodusport.fr\/blog\/","logo":{"@type":"ImageObject","inLanguage":"fr-FR","@id":"https:\/\/dicodusport.fr\/blog\/#\/schema\/logo\/image\/","url":"https:\/\/dicodusport.fr\/blog\/wp-content\/uploads\/2020\/06\/cropped-LOGO-DICODUSPORT-2020-SANS-FOND-SANS-TEXTE.png","contentUrl":"https:\/\/dicodusport.fr\/blog\/wp-content\/uploads\/2020\/06\/cropped-LOGO-DICODUSPORT-2020-SANS-FOND-SANS-TEXTE.png","width":512,"height":512,"caption":"Dicodusport"},"image":{"@id":"https:\/\/dicodusport.fr\/blog\/#\/schema\/logo\/image\/"},"sameAs":["https:\/\/www.facebook.com\/dicodusport","https:\/\/x.com\/dicodusport","https:\/\/www.instagram.com\/dicodusport\/","https:\/\/www.youtube.com\/channel\/UC7V2KZ5sd3htJivAbA4ZG3w"],"description":"Dicodusport est l'encyclop\u00e9die de l'actualit\u00e9 sportive.","email":"bonjour@dicodusport.fr","legalName":"DICODUSPORT","foundingDate":"2018-01-14","vatID":"FR71834470973","taxID":"83447097300043","numberOfEmployees":{"@type":"QuantitativeValue","minValue":"1","maxValue":"10"}},{"@type":"Person","@id":"https:\/\/dicodusport.fr\/blog\/#\/schema\/person\/bf1e4f404e108bd2be5b447b16bde9a7","name":"Tom Compayrot","image":{"@type":"ImageObject","inLanguage":"fr-FR","@id":"https:\/\/dicodusport.fr\/blog\/#\/schema\/person\/image\/","url":"https:\/\/dicodusport.fr\/blog\/wp-content\/uploads\/2021\/05\/Tom-Compayrot-150x150.jpg","contentUrl":"https:\/\/dicodusport.fr\/blog\/wp-content\/uploads\/2021\/05\/Tom-Compayrot-150x150.jpg","caption":"Tom Compayrot"},"description":"Journaliste\/r\u00e9dacteur depuis mars 2017 - Amoureux de la petite balle jaune et du gros ballon orange qui tra\u00eene sa carcasse sur Dicodusport depuis 2017. Rafael Nadal et LeBron James sont les meilleurs joueurs de l'histoire.","sameAs":["https:\/\/x.com\/https:\/\/twitter.com\/Tom_Cprt"],"url":"https:\/\/dicodusport.fr\/blog\/author\/tom\/"}]}},"_links":{"self":[{"href":"https:\/\/dicodusport.fr\/blog\/wp-json\/wp\/v2\/posts\/475162","targetHints":{"allow":["GET"]}}],"collection":[{"href":"https:\/\/dicodusport.fr\/blog\/wp-json\/wp\/v2\/posts"}],"about":[{"href":"https:\/\/dicodusport.fr\/blog\/wp-json\/wp\/v2\/types\/post"}],"author":[{"embeddable":true,"href":"https:\/\/dicodusport.fr\/blog\/wp-json\/wp\/v2\/users\/13"}],"replies":[{"embeddable":true,"href":"https:\/\/dicodusport.fr\/blog\/wp-json\/wp\/v2\/comments?post=475162"}],"version-history":[{"count":5,"href":"https:\/\/dicodusport.fr\/blog\/wp-json\/wp\/v2\/posts\/475162\/revisions"}],"predecessor-version":[{"id":476519,"href":"https:\/\/dicodusport.fr\/blog\/wp-json\/wp\/v2\/posts\/475162\/revisions\/476519"}],"wp:featuredmedia":[{"embeddable":true,"href":"https:\/\/dicodusport.fr\/blog\/wp-json\/wp\/v2\/media\/476316"}],"wp:attachment":[{"href":"https:\/\/dicodusport.fr\/blog\/wp-json\/wp\/v2\/media?parent=475162"}],"wp:term":[{"taxonomy":"category","embeddable":true,"href":"https:\/\/dicodusport.fr\/blog\/wp-json\/wp\/v2\/categories?post=475162"},{"taxonomy":"post_tag","embeddable":true,"href":"https:\/\/dicodusport.fr\/blog\/wp-json\/wp\/v2\/tags?post=475162"}],"curies":[{"name":"wp","href":"https:\/\/api.w.org\/{rel}","templated":true}]}}