{"id":475188,"date":"2024-03-28T07:57:53","date_gmt":"2024-03-28T06:57:53","guid":{"rendered":"https:\/\/dicodusport.fr\/blog\/?p=475188&#038;preview=true&#038;preview_id=475188"},"modified":"2024-03-28T08:45:29","modified_gmt":"2024-03-28T07:45:29","slug":"cyclisme-le-bilan-medical-est-lourd-pour-wout-van-aert","status":"publish","type":"post","link":"https:\/\/dicodusport.fr\/blog\/cyclisme-le-bilan-medical-est-lourd-pour-wout-van-aert\/","title":{"rendered":"Cyclisme : Le bilan m\u00e9dical est lourd pour Wout Van Aert"},"content":{"rendered":"<p style=\"text-align: justify;\"><strong><em>CYCLISME SUR ROUTE 2024 &#8211; Pris dans la chute collective intervenue \u00e0 67 kilom\u00e8tres de l&rsquo;arriv\u00e9e sur \u00c0 Travers la Flandre, l&rsquo;espoir de voir Wout Van Aert disputer le Ronde dimanche puis Paris-Roubaix dans dix jours, \u00e9tait quasiment inexistant. Il a \u00e9t\u00e9 compl\u00e8tement annihil\u00e9 par le diagnostic, communiqu\u00e9 au cours de la soir\u00e9e.<\/em><\/strong><\/p>\n<ul>\n<li style=\"text-align: justify;\"><strong>\u00c0 voir \u00e9galement &#8211; <a href=\"https:\/\/dicodusport.fr\/blog\/classement-a-travers-la-flandre-2024\/\">Le classement d&rsquo;\u00c0 Travers la Flandre 2024<\/a><\/strong><\/li>\n<\/ul>\n<p style=\"text-align: justify;\">La chute faisait froid dans le dos. Sur une portion en faux-plat descendant, \u00e0 l&rsquo;approche du Kanarieberg, <a href=\"https:\/\/dicodusport.fr\/blog\/a-travers-la-flandre-van-aert-pedersen-et-girmay-chutent-lourdement\/\"><strong>Wout Van Aert<\/strong> est all\u00e9 au sol, \u00e0 tr\u00e8s grande vitesse<\/a>, emmenant dans son sillage de nombreux coureurs. Parmi les victimes, on retrouve notamment <strong>Mads Pedersen<\/strong> (qui ne souffre <em>a priori<\/em> d&rsquo;aucune fracture), <strong>Jasper Stuyven<\/strong> (fracture de la clavicule), <strong>Alex Kirsch<\/strong> (fracture du m\u00e9tacarpien) ou encore <strong>Biniam Girmay<\/strong> et <strong>Anthony Turgis<\/strong>. C&rsquo;est pourtant le sort du nonuple vainqueur d&rsquo;\u00e9tape sur le Tour de France qui suscitait le plus d&rsquo;inqui\u00e9tude.<\/p>\n<h2 style=\"text-align: justify;\">De nombreuses fractures<\/h2>\n<p style=\"text-align: justify;\">Et le verdict n&rsquo;a pas tard\u00e9 \u00e0 tomber. Outre de vilaines br\u00fblures au dos, le Belge souffre en effet de nombreuses fractures aux c\u00f4tes, \u00e0 la clavicule et au sternum. Son printemps s&rsquo;arr\u00eate donc l\u00e0 puisqu&rsquo;il devra entamer une longue convalescence avant de remonter sur son cycle, en comp\u00e9tition. Si la dur\u00e9e de son indisponibilit\u00e9 reste \u00e0 d\u00e9finir avec certitude, sa participation au Giro (4-26 mai), l&rsquo;un de ses grands objectifs de la saison, a de quoi interroger.<\/p>\n<p style=\"text-align: justify;\">Alors que le Tour des Flandres se disputera ce dimanche, <strong>Mathieu van der Poel<\/strong> perd l&rsquo;un de ses principaux rivaux, en attendant davantage de nouvelles concernant <strong>Mads Pedersen<\/strong>. La Visma | Lease a Bike doit renoncer \u00e0 sa principale t\u00eate d&rsquo;affiche, mais comptera n\u00e9anmoins dans ses rangs l&rsquo;Am\u00e9ricain <strong>Matteo Jorgenson<\/strong> en pleine bourre apr\u00e8s <a href=\"https:\/\/dicodusport.fr\/blog\/a-travers-la-flandre-2024-matteo-jorgenson-simpose-en-solitaire\/\">sa victoire d&rsquo;hier<\/a> et son triomphe sur le dernier Paris-Nice.<\/p>\n<blockquote class=\"twitter-tweet\">\n<p dir=\"ltr\" lang=\"en\">The final, harsh verdict for \ud83c\udde7\ud83c\uddea Wout van Aert after his nasty crash in <a href=\"https:\/\/twitter.com\/hashtag\/DDV24?src=hash&amp;ref_src=twsrc%5Etfw\">#DDV24<\/a>.<\/p>\n<p>\ud83d\udc94 Broken collarbone<br \/>\n\ud83d\udc94 Broken sternum<br \/>\n\ud83d\udc94 Broken ribs (7)<\/p>\n<p>Surgery later tonight! Come back stronger champ! \ud83e\udd72\ud83c\udf40 <a href=\"https:\/\/t.co\/nX5W9Oz482\">pic.twitter.com\/nX5W9Oz482<\/a><\/p>\n<p>\u2014 Domestique (@Domestique___) <a href=\"https:\/\/twitter.com\/Domestique___\/status\/1773090684733411337?ref_src=twsrc%5Etfw\">March 27, 2024<\/a><\/p><\/blockquote>\n<p><script async src=\"https:\/\/platform.twitter.com\/widgets.js\" charset=\"utf-8\"><\/script><\/p>\n","protected":false},"excerpt":{"rendered":"<p>CYCLISME SUR ROUTE 2024 &#8211; Wout Van Aert a lourdement chut\u00e9 et souffre de nombreuses fractures. Il est forfait pour les prochaines classiques.<\/p>\n","protected":false},"author":91,"featured_media":475209,"comment_status":"open","ping_status":"closed","sticky":false,"template":"","format":"standard","meta":{"_acf_changed":false,"_daextam_enable_autolinks":"1","footnotes":""},"categories":[46994],"tags":[16878,8091],"class_list":["post-475188","post","type-post","status-publish","format-standard","has-post-thumbnail","hentry","category-cyclisme-sur-route","tag-breve","tag-wout-van-aert"],"acf":[],"yoast_head":"<!-- This site is optimized with the Yoast SEO Premium plugin v26.7 (Yoast SEO v26.7) - https:\/\/yoast.com\/wordpress\/plugins\/seo\/ -->\n<title>Cyclisme : Le bilan m\u00e9dical est lourd pour Wout Van Aert<\/title>\n<meta name=\"description\" content=\"CYCLISME SUR ROUTE 2024 - Wout Van Aert a lourdement chut\u00e9 et souffre de nombreuses fractures. Il est forfait pour les prochaines classiques.\" \/>\n<meta name=\"robots\" content=\"index, follow, max-snippet:-1, max-image-preview:large, max-video-preview:-1\" \/>\n<link rel=\"canonical\" href=\"https:\/\/dicodusport.fr\/blog\/cyclisme-le-bilan-medical-est-lourd-pour-wout-van-aert\/\" \/>\n<meta property=\"og:locale\" content=\"fr_FR\" \/>\n<meta property=\"og:type\" content=\"article\" \/>\n<meta property=\"og:title\" content=\"Cyclisme : Le bilan m\u00e9dical est lourd pour Wout Van Aert\" \/>\n<meta property=\"og:description\" content=\"CYCLISME SUR ROUTE 2024 - Wout Van Aert a lourdement chut\u00e9 et souffre de nombreuses fractures. Il est forfait pour les prochaines classiques.\" \/>\n<meta property=\"og:url\" content=\"https:\/\/dicodusport.fr\/blog\/cyclisme-le-bilan-medical-est-lourd-pour-wout-van-aert\/\" \/>\n<meta property=\"og:site_name\" content=\"Dicodusport\" \/>\n<meta property=\"article:publisher\" content=\"https:\/\/www.facebook.com\/dicodusport\" \/>\n<meta property=\"article:published_time\" content=\"2024-03-28T06:57:53+00:00\" \/>\n<meta property=\"article:modified_time\" content=\"2024-03-28T07:45:29+00:00\" \/>\n<meta property=\"og:image\" content=\"https:\/\/dicodusport.fr\/blog\/wp-content\/uploads\/2024\/03\/Cyclisme-Le-bilan-medical-est-lourd-pour-Wout-Van-Aert.png\" \/>\n\t<meta property=\"og:image:width\" content=\"1200\" \/>\n\t<meta property=\"og:image:height\" content=\"674\" \/>\n\t<meta property=\"og:image:type\" content=\"image\/png\" \/>\n<meta name=\"author\" content=\"Victor Clot-Amiot\" \/>\n<meta name=\"twitter:card\" content=\"summary_large_image\" \/>\n<meta name=\"twitter:title\" content=\"Cyclisme : Le bilan m\u00e9dical est lourd pour Wout Van Aert\" \/>\n<meta name=\"twitter:creator\" content=\"@https:\/\/x.com\/VictorClotAmiot\" \/>\n<meta name=\"twitter:site\" content=\"@dicodusport\" \/>\n<script type=\"application\/ld+json\" class=\"yoast-schema-graph\">{\"@context\":\"https:\/\/schema.org\",\"@graph\":[{\"@type\":\"NewsArticle\",\"@id\":\"https:\/\/dicodusport.fr\/blog\/cyclisme-le-bilan-medical-est-lourd-pour-wout-van-aert\/#article\",\"isPartOf\":{\"@id\":\"https:\/\/dicodusport.fr\/blog\/cyclisme-le-bilan-medical-est-lourd-pour-wout-van-aert\/\"},\"author\":{\"name\":\"Victor Clot-Amiot\",\"@id\":\"https:\/\/dicodusport.fr\/blog\/#\/schema\/person\/b623199cba9ba90fe84a3d16e9282360\"},\"headline\":\"Cyclisme : Le bilan m\u00e9dical est lourd pour Wout Van Aert\",\"datePublished\":\"2024-03-28T06:57:53+00:00\",\"dateModified\":\"2024-03-28T07:45:29+00:00\",\"mainEntityOfPage\":{\"@id\":\"https:\/\/dicodusport.fr\/blog\/cyclisme-le-bilan-medical-est-lourd-pour-wout-van-aert\/\"},\"wordCount\":361,\"commentCount\":0,\"publisher\":{\"@id\":\"https:\/\/dicodusport.fr\/blog\/#organization\"},\"image\":{\"@id\":\"https:\/\/dicodusport.fr\/blog\/cyclisme-le-bilan-medical-est-lourd-pour-wout-van-aert\/#primaryimage\"},\"thumbnailUrl\":\"https:\/\/dicodusport.fr\/blog\/wp-content\/uploads\/2024\/03\/Cyclisme-Le-bilan-medical-est-lourd-pour-Wout-Van-Aert.png\",\"keywords\":[\"br\u00e8ve\",\"Wout Van Aert\"],\"articleSection\":[\"Cyclisme sur route\"],\"inLanguage\":\"fr-FR\",\"potentialAction\":[{\"@type\":\"CommentAction\",\"name\":\"Comment\",\"target\":[\"https:\/\/dicodusport.fr\/blog\/cyclisme-le-bilan-medical-est-lourd-pour-wout-van-aert\/#respond\"]}],\"copyrightYear\":\"2024\",\"copyrightHolder\":{\"@id\":\"https:\/\/dicodusport.fr\/blog\/#organization\"}},{\"@type\":\"WebPage\",\"@id\":\"https:\/\/dicodusport.fr\/blog\/cyclisme-le-bilan-medical-est-lourd-pour-wout-van-aert\/\",\"url\":\"https:\/\/dicodusport.fr\/blog\/cyclisme-le-bilan-medical-est-lourd-pour-wout-van-aert\/\",\"name\":\"Cyclisme : Le bilan m\u00e9dical est lourd pour Wout Van Aert\",\"isPartOf\":{\"@id\":\"https:\/\/dicodusport.fr\/blog\/#website\"},\"primaryImageOfPage\":{\"@id\":\"https:\/\/dicodusport.fr\/blog\/cyclisme-le-bilan-medical-est-lourd-pour-wout-van-aert\/#primaryimage\"},\"image\":{\"@id\":\"https:\/\/dicodusport.fr\/blog\/cyclisme-le-bilan-medical-est-lourd-pour-wout-van-aert\/#primaryimage\"},\"thumbnailUrl\":\"https:\/\/dicodusport.fr\/blog\/wp-content\/uploads\/2024\/03\/Cyclisme-Le-bilan-medical-est-lourd-pour-Wout-Van-Aert.png\",\"datePublished\":\"2024-03-28T06:57:53+00:00\",\"dateModified\":\"2024-03-28T07:45:29+00:00\",\"description\":\"CYCLISME SUR ROUTE 2024 - Wout Van Aert a lourdement chut\u00e9 et souffre de nombreuses fractures. Il est forfait pour les prochaines classiques.\",\"breadcrumb\":{\"@id\":\"https:\/\/dicodusport.fr\/blog\/cyclisme-le-bilan-medical-est-lourd-pour-wout-van-aert\/#breadcrumb\"},\"inLanguage\":\"fr-FR\",\"potentialAction\":[{\"@type\":\"ReadAction\",\"target\":[\"https:\/\/dicodusport.fr\/blog\/cyclisme-le-bilan-medical-est-lourd-pour-wout-van-aert\/\"]}]},{\"@type\":\"ImageObject\",\"inLanguage\":\"fr-FR\",\"@id\":\"https:\/\/dicodusport.fr\/blog\/cyclisme-le-bilan-medical-est-lourd-pour-wout-van-aert\/#primaryimage\",\"url\":\"https:\/\/dicodusport.fr\/blog\/wp-content\/uploads\/2024\/03\/Cyclisme-Le-bilan-medical-est-lourd-pour-Wout-Van-Aert.png\",\"contentUrl\":\"https:\/\/dicodusport.fr\/blog\/wp-content\/uploads\/2024\/03\/Cyclisme-Le-bilan-medical-est-lourd-pour-Wout-Van-Aert.png\",\"width\":1200,\"height\":674,\"caption\":\"Cyclisme Le bilan m\u00e9dical est lourd pour Wout Van Aert\"},{\"@type\":\"BreadcrumbList\",\"@id\":\"https:\/\/dicodusport.fr\/blog\/cyclisme-le-bilan-medical-est-lourd-pour-wout-van-aert\/#breadcrumb\",\"itemListElement\":[{\"@type\":\"ListItem\",\"position\":1,\"name\":\"Accueil\",\"item\":\"https:\/\/dicodusport.fr\/blog\/\"},{\"@type\":\"ListItem\",\"position\":2,\"name\":\"Cyclisme : Le bilan m\u00e9dical est lourd pour Wout Van Aert\"}]},{\"@type\":\"WebSite\",\"@id\":\"https:\/\/dicodusport.fr\/blog\/#website\",\"url\":\"https:\/\/dicodusport.fr\/blog\/\",\"name\":\"Dicodusport\",\"description\":\"L&#039;encyclop\u00e9die de l&#039;actualit\u00e9 sportive\",\"publisher\":{\"@id\":\"https:\/\/dicodusport.fr\/blog\/#organization\"},\"potentialAction\":[{\"@type\":\"SearchAction\",\"target\":{\"@type\":\"EntryPoint\",\"urlTemplate\":\"https:\/\/dicodusport.fr\/blog\/?s={search_term_string}\"},\"query-input\":{\"@type\":\"PropertyValueSpecification\",\"valueRequired\":true,\"valueName\":\"search_term_string\"}}],\"inLanguage\":\"fr-FR\"},{\"@type\":\"NewsMediaOrganization\",\"@id\":\"https:\/\/dicodusport.fr\/blog\/#organization\",\"name\":\"Dicodusport\",\"url\":\"https:\/\/dicodusport.fr\/blog\/\",\"logo\":{\"@type\":\"ImageObject\",\"inLanguage\":\"fr-FR\",\"@id\":\"https:\/\/dicodusport.fr\/blog\/#\/schema\/logo\/image\/\",\"url\":\"https:\/\/dicodusport.fr\/blog\/wp-content\/uploads\/2020\/06\/cropped-LOGO-DICODUSPORT-2020-SANS-FOND-SANS-TEXTE.png\",\"contentUrl\":\"https:\/\/dicodusport.fr\/blog\/wp-content\/uploads\/2020\/06\/cropped-LOGO-DICODUSPORT-2020-SANS-FOND-SANS-TEXTE.png\",\"width\":512,\"height\":512,\"caption\":\"Dicodusport\"},\"image\":{\"@id\":\"https:\/\/dicodusport.fr\/blog\/#\/schema\/logo\/image\/\"},\"sameAs\":[\"https:\/\/www.facebook.com\/dicodusport\",\"https:\/\/x.com\/dicodusport\",\"https:\/\/www.instagram.com\/dicodusport\/\",\"https:\/\/www.youtube.com\/channel\/UC7V2KZ5sd3htJivAbA4ZG3w\"],\"description\":\"Dicodusport est l'encyclop\u00e9die de l'actualit\u00e9 sportive.\",\"email\":\"bonjour@dicodusport.fr\",\"legalName\":\"DICODUSPORT\",\"foundingDate\":\"2018-01-14\",\"vatID\":\"FR71834470973\",\"taxID\":\"83447097300043\",\"numberOfEmployees\":{\"@type\":\"QuantitativeValue\",\"minValue\":\"1\",\"maxValue\":\"10\"}},{\"@type\":\"Person\",\"@id\":\"https:\/\/dicodusport.fr\/blog\/#\/schema\/person\/b623199cba9ba90fe84a3d16e9282360\",\"name\":\"Victor Clot-Amiot\",\"image\":{\"@type\":\"ImageObject\",\"inLanguage\":\"fr-FR\",\"@id\":\"https:\/\/dicodusport.fr\/blog\/#\/schema\/person\/image\/\",\"url\":\"https:\/\/dicodusport.fr\/blog\/wp-content\/uploads\/2023\/09\/IMG_20190826_114722-150x150.jpg\",\"contentUrl\":\"https:\/\/dicodusport.fr\/blog\/wp-content\/uploads\/2023\/09\/IMG_20190826_114722-150x150.jpg\",\"caption\":\"Victor Clot-Amiot\"},\"description\":\"Passionn\u00e9 de sport depuis toujours, un jour \u00e0 l'adolescence mes parents m'ont dit : \\\"quitte \u00e0 passer ton temps \u00e0 regarder du sport, au moins va le voir en vrai\\\" ! Depuis, cette remarque ne m'a plus quitt\u00e9 et je passe une grande partie de mon temps libre \u00e0 assister \u00e0 des comp\u00e9titions de tous sports. Je m\u00eale d'ailleurs mes deux passions, le sport et les voyages afin de faire une pierre deux coups ! Outre l'US Open ou l'Euro 2021 par exemple, j'ai assist\u00e9 cet \u00e9t\u00e9 aux Mondiaux d'athl\u00e9tisme \u00e0 Budapest. Mon plus gros coup dur est et restera les JO 2020-2021 pour lesquels j'avais r\u00e9serv\u00e9 17 \u00e9preuves. La suite, vous la connaissez...\",\"sameAs\":[\"https:\/\/x.com\/https:\/\/x.com\/VictorClotAmiot\"],\"url\":\"https:\/\/dicodusport.fr\/blog\/author\/victor-clot-amiot\/\"}]}<\/script>\n<!-- \/ Yoast SEO Premium plugin. -->","yoast_head_json":{"title":"Cyclisme : Le bilan m\u00e9dical est lourd pour Wout Van Aert","description":"CYCLISME SUR ROUTE 2024 - Wout Van Aert a lourdement chut\u00e9 et souffre de nombreuses fractures. Il est forfait pour les prochaines classiques.","robots":{"index":"index","follow":"follow","max-snippet":"max-snippet:-1","max-image-preview":"max-image-preview:large","max-video-preview":"max-video-preview:-1"},"canonical":"https:\/\/dicodusport.fr\/blog\/cyclisme-le-bilan-medical-est-lourd-pour-wout-van-aert\/","og_locale":"fr_FR","og_type":"article","og_title":"Cyclisme : Le bilan m\u00e9dical est lourd pour Wout Van Aert","og_description":"CYCLISME SUR ROUTE 2024 - Wout Van Aert a lourdement chut\u00e9 et souffre de nombreuses fractures. Il est forfait pour les prochaines classiques.","og_url":"https:\/\/dicodusport.fr\/blog\/cyclisme-le-bilan-medical-est-lourd-pour-wout-van-aert\/","og_site_name":"Dicodusport","article_publisher":"https:\/\/www.facebook.com\/dicodusport","article_published_time":"2024-03-28T06:57:53+00:00","article_modified_time":"2024-03-28T07:45:29+00:00","og_image":[{"width":1200,"height":674,"url":"https:\/\/dicodusport.fr\/blog\/wp-content\/uploads\/2024\/03\/Cyclisme-Le-bilan-medical-est-lourd-pour-Wout-Van-Aert.png","type":"image\/png"}],"author":"Victor Clot-Amiot","twitter_card":"summary_large_image","twitter_title":"Cyclisme : Le bilan m\u00e9dical est lourd pour Wout Van Aert","twitter_creator":"@https:\/\/x.com\/VictorClotAmiot","twitter_site":"@dicodusport","schema":{"@context":"https:\/\/schema.org","@graph":[{"@type":"NewsArticle","@id":"https:\/\/dicodusport.fr\/blog\/cyclisme-le-bilan-medical-est-lourd-pour-wout-van-aert\/#article","isPartOf":{"@id":"https:\/\/dicodusport.fr\/blog\/cyclisme-le-bilan-medical-est-lourd-pour-wout-van-aert\/"},"author":{"name":"Victor Clot-Amiot","@id":"https:\/\/dicodusport.fr\/blog\/#\/schema\/person\/b623199cba9ba90fe84a3d16e9282360"},"headline":"Cyclisme : Le bilan m\u00e9dical est lourd pour Wout Van Aert","datePublished":"2024-03-28T06:57:53+00:00","dateModified":"2024-03-28T07:45:29+00:00","mainEntityOfPage":{"@id":"https:\/\/dicodusport.fr\/blog\/cyclisme-le-bilan-medical-est-lourd-pour-wout-van-aert\/"},"wordCount":361,"commentCount":0,"publisher":{"@id":"https:\/\/dicodusport.fr\/blog\/#organization"},"image":{"@id":"https:\/\/dicodusport.fr\/blog\/cyclisme-le-bilan-medical-est-lourd-pour-wout-van-aert\/#primaryimage"},"thumbnailUrl":"https:\/\/dicodusport.fr\/blog\/wp-content\/uploads\/2024\/03\/Cyclisme-Le-bilan-medical-est-lourd-pour-Wout-Van-Aert.png","keywords":["br\u00e8ve","Wout Van Aert"],"articleSection":["Cyclisme sur route"],"inLanguage":"fr-FR","potentialAction":[{"@type":"CommentAction","name":"Comment","target":["https:\/\/dicodusport.fr\/blog\/cyclisme-le-bilan-medical-est-lourd-pour-wout-van-aert\/#respond"]}],"copyrightYear":"2024","copyrightHolder":{"@id":"https:\/\/dicodusport.fr\/blog\/#organization"}},{"@type":"WebPage","@id":"https:\/\/dicodusport.fr\/blog\/cyclisme-le-bilan-medical-est-lourd-pour-wout-van-aert\/","url":"https:\/\/dicodusport.fr\/blog\/cyclisme-le-bilan-medical-est-lourd-pour-wout-van-aert\/","name":"Cyclisme : Le bilan m\u00e9dical est lourd pour Wout Van Aert","isPartOf":{"@id":"https:\/\/dicodusport.fr\/blog\/#website"},"primaryImageOfPage":{"@id":"https:\/\/dicodusport.fr\/blog\/cyclisme-le-bilan-medical-est-lourd-pour-wout-van-aert\/#primaryimage"},"image":{"@id":"https:\/\/dicodusport.fr\/blog\/cyclisme-le-bilan-medical-est-lourd-pour-wout-van-aert\/#primaryimage"},"thumbnailUrl":"https:\/\/dicodusport.fr\/blog\/wp-content\/uploads\/2024\/03\/Cyclisme-Le-bilan-medical-est-lourd-pour-Wout-Van-Aert.png","datePublished":"2024-03-28T06:57:53+00:00","dateModified":"2024-03-28T07:45:29+00:00","description":"CYCLISME SUR ROUTE 2024 - Wout Van Aert a lourdement chut\u00e9 et souffre de nombreuses fractures. Il est forfait pour les prochaines classiques.","breadcrumb":{"@id":"https:\/\/dicodusport.fr\/blog\/cyclisme-le-bilan-medical-est-lourd-pour-wout-van-aert\/#breadcrumb"},"inLanguage":"fr-FR","potentialAction":[{"@type":"ReadAction","target":["https:\/\/dicodusport.fr\/blog\/cyclisme-le-bilan-medical-est-lourd-pour-wout-van-aert\/"]}]},{"@type":"ImageObject","inLanguage":"fr-FR","@id":"https:\/\/dicodusport.fr\/blog\/cyclisme-le-bilan-medical-est-lourd-pour-wout-van-aert\/#primaryimage","url":"https:\/\/dicodusport.fr\/blog\/wp-content\/uploads\/2024\/03\/Cyclisme-Le-bilan-medical-est-lourd-pour-Wout-Van-Aert.png","contentUrl":"https:\/\/dicodusport.fr\/blog\/wp-content\/uploads\/2024\/03\/Cyclisme-Le-bilan-medical-est-lourd-pour-Wout-Van-Aert.png","width":1200,"height":674,"caption":"Cyclisme Le bilan m\u00e9dical est lourd pour Wout Van Aert"},{"@type":"BreadcrumbList","@id":"https:\/\/dicodusport.fr\/blog\/cyclisme-le-bilan-medical-est-lourd-pour-wout-van-aert\/#breadcrumb","itemListElement":[{"@type":"ListItem","position":1,"name":"Accueil","item":"https:\/\/dicodusport.fr\/blog\/"},{"@type":"ListItem","position":2,"name":"Cyclisme : Le bilan m\u00e9dical est lourd pour Wout Van Aert"}]},{"@type":"WebSite","@id":"https:\/\/dicodusport.fr\/blog\/#website","url":"https:\/\/dicodusport.fr\/blog\/","name":"Dicodusport","description":"L&#039;encyclop\u00e9die de l&#039;actualit\u00e9 sportive","publisher":{"@id":"https:\/\/dicodusport.fr\/blog\/#organization"},"potentialAction":[{"@type":"SearchAction","target":{"@type":"EntryPoint","urlTemplate":"https:\/\/dicodusport.fr\/blog\/?s={search_term_string}"},"query-input":{"@type":"PropertyValueSpecification","valueRequired":true,"valueName":"search_term_string"}}],"inLanguage":"fr-FR"},{"@type":"NewsMediaOrganization","@id":"https:\/\/dicodusport.fr\/blog\/#organization","name":"Dicodusport","url":"https:\/\/dicodusport.fr\/blog\/","logo":{"@type":"ImageObject","inLanguage":"fr-FR","@id":"https:\/\/dicodusport.fr\/blog\/#\/schema\/logo\/image\/","url":"https:\/\/dicodusport.fr\/blog\/wp-content\/uploads\/2020\/06\/cropped-LOGO-DICODUSPORT-2020-SANS-FOND-SANS-TEXTE.png","contentUrl":"https:\/\/dicodusport.fr\/blog\/wp-content\/uploads\/2020\/06\/cropped-LOGO-DICODUSPORT-2020-SANS-FOND-SANS-TEXTE.png","width":512,"height":512,"caption":"Dicodusport"},"image":{"@id":"https:\/\/dicodusport.fr\/blog\/#\/schema\/logo\/image\/"},"sameAs":["https:\/\/www.facebook.com\/dicodusport","https:\/\/x.com\/dicodusport","https:\/\/www.instagram.com\/dicodusport\/","https:\/\/www.youtube.com\/channel\/UC7V2KZ5sd3htJivAbA4ZG3w"],"description":"Dicodusport est l'encyclop\u00e9die de l'actualit\u00e9 sportive.","email":"bonjour@dicodusport.fr","legalName":"DICODUSPORT","foundingDate":"2018-01-14","vatID":"FR71834470973","taxID":"83447097300043","numberOfEmployees":{"@type":"QuantitativeValue","minValue":"1","maxValue":"10"}},{"@type":"Person","@id":"https:\/\/dicodusport.fr\/blog\/#\/schema\/person\/b623199cba9ba90fe84a3d16e9282360","name":"Victor Clot-Amiot","image":{"@type":"ImageObject","inLanguage":"fr-FR","@id":"https:\/\/dicodusport.fr\/blog\/#\/schema\/person\/image\/","url":"https:\/\/dicodusport.fr\/blog\/wp-content\/uploads\/2023\/09\/IMG_20190826_114722-150x150.jpg","contentUrl":"https:\/\/dicodusport.fr\/blog\/wp-content\/uploads\/2023\/09\/IMG_20190826_114722-150x150.jpg","caption":"Victor Clot-Amiot"},"description":"Passionn\u00e9 de sport depuis toujours, un jour \u00e0 l'adolescence mes parents m'ont dit : \"quitte \u00e0 passer ton temps \u00e0 regarder du sport, au moins va le voir en vrai\" ! Depuis, cette remarque ne m'a plus quitt\u00e9 et je passe une grande partie de mon temps libre \u00e0 assister \u00e0 des comp\u00e9titions de tous sports. Je m\u00eale d'ailleurs mes deux passions, le sport et les voyages afin de faire une pierre deux coups ! Outre l'US Open ou l'Euro 2021 par exemple, j'ai assist\u00e9 cet \u00e9t\u00e9 aux Mondiaux d'athl\u00e9tisme \u00e0 Budapest. Mon plus gros coup dur est et restera les JO 2020-2021 pour lesquels j'avais r\u00e9serv\u00e9 17 \u00e9preuves. La suite, vous la connaissez...","sameAs":["https:\/\/x.com\/https:\/\/x.com\/VictorClotAmiot"],"url":"https:\/\/dicodusport.fr\/blog\/author\/victor-clot-amiot\/"}]}},"_links":{"self":[{"href":"https:\/\/dicodusport.fr\/blog\/wp-json\/wp\/v2\/posts\/475188","targetHints":{"allow":["GET"]}}],"collection":[{"href":"https:\/\/dicodusport.fr\/blog\/wp-json\/wp\/v2\/posts"}],"about":[{"href":"https:\/\/dicodusport.fr\/blog\/wp-json\/wp\/v2\/types\/post"}],"author":[{"embeddable":true,"href":"https:\/\/dicodusport.fr\/blog\/wp-json\/wp\/v2\/users\/91"}],"replies":[{"embeddable":true,"href":"https:\/\/dicodusport.fr\/blog\/wp-json\/wp\/v2\/comments?post=475188"}],"version-history":[{"count":5,"href":"https:\/\/dicodusport.fr\/blog\/wp-json\/wp\/v2\/posts\/475188\/revisions"}],"predecessor-version":[{"id":475215,"href":"https:\/\/dicodusport.fr\/blog\/wp-json\/wp\/v2\/posts\/475188\/revisions\/475215"}],"wp:featuredmedia":[{"embeddable":true,"href":"https:\/\/dicodusport.fr\/blog\/wp-json\/wp\/v2\/media\/475209"}],"wp:attachment":[{"href":"https:\/\/dicodusport.fr\/blog\/wp-json\/wp\/v2\/media?parent=475188"}],"wp:term":[{"taxonomy":"category","embeddable":true,"href":"https:\/\/dicodusport.fr\/blog\/wp-json\/wp\/v2\/categories?post=475188"},{"taxonomy":"post_tag","embeddable":true,"href":"https:\/\/dicodusport.fr\/blog\/wp-json\/wp\/v2\/tags?post=475188"}],"curies":[{"name":"wp","href":"https:\/\/api.w.org\/{rel}","templated":true}]}}