{"id":475217,"date":"2024-03-30T08:30:30","date_gmt":"2024-03-30T07:30:30","guid":{"rendered":"https:\/\/dicodusport.fr\/blog\/?p=475217&#038;preview=true&#038;preview_id=475217"},"modified":"2024-03-29T23:31:28","modified_gmt":"2024-03-29T22:31:28","slug":"tour-des-flandres-2024-favoris-et-outsiders","status":"publish","type":"post","link":"https:\/\/dicodusport.fr\/blog\/tour-des-flandres-2024-favoris-et-outsiders\/","title":{"rendered":"Tour des Flandres 2024 : Favoris et outsiders"},"content":{"rendered":"<p style=\"text-align: justify;\"><em><b>TOUR DES FLANDRES 2024<\/b><span class=\"tojvnm2t a6sixzi8 abs2jz4q a8s20v7p t1p8iaqh k5wvi7nf q3lfd5jv pk4s997a bipmatt0 cebpdrjk qowsmv63 owwhemhu dp1hu0rb dhp61c6y iyyx5f41\"><b> \u2013 La sainte semaine flamande atteint son point culminant ce dimanche avec le deuxi\u00e8me Monument de la saison : le Tour des Flandres. L&rsquo;ann\u00e9e derni\u00e8re, Tadej Poga\u010dar avait domin\u00e9 les d\u00e9bats, mais le Slov\u00e8ne ne sera pas l\u00e0 cette ann\u00e9e. Apr\u00e8s la terrible chute collective sur \u00c0 Travers la Flandre, Wout Van Aert et Jasper Stuyven seront absents. Alors que les chances de Mads Pedersen pourraient \u00eatre s\u00e9v\u00e8rement amoindries. Mathieu van der Poel est donc attendu comme le grand favori.\u00a0\u00a0<\/b><\/span><\/em><\/p>\n<ul>\n<li style=\"text-align: justify;\"><strong>\u00c0 ce sujet &#8211; <a href=\"https:\/\/dicodusport.fr\/blog\/tour-des-flandres-2024-parcours-detaille-et-profil-du-ronde\/\">Tour des Flandres 2024 : Parcours d\u00e9taill\u00e9 et profil du Ronde<\/a><\/strong><\/li>\n<\/ul>\n<h2 style=\"text-align: justify;\">Mathieu van der Poel, le super favori<\/h2>\n<p style=\"text-align: justify;\">Il \u00e9tait clair que <strong>Mathieu van der Poel<\/strong> \u00e9tait le grand favori, sans m\u00eame les \u00e9v\u00e8nements de mercredi. Le champion du monde a remport\u00e9 l&rsquo;E3 Saxo Classic de mani\u00e8re impressionnante vendredi dernier. Avec une attaque puissante dans le Paterberg pour un num\u00e9ro en solitaire de plus de quarante kilom\u00e8tres. Ses poursuivants <strong>Jasper Stuyven<\/strong> et <strong>Wout Van Aert<\/strong> ont d\u00fb c\u00e9der pendant plus d&rsquo;une minute sur la ligne d&rsquo;arriv\u00e9e.<\/p>\n<p style=\"text-align: justify;\"><em>\u00ab Apr\u00e8s le championnat du monde \u00e0 Glasgow, c&rsquo;est mon meilleur niveau \u00bb<\/em>, a d\u00e9clar\u00e9 van der Poel apr\u00e8s son succ\u00e8s \u00e0 Harelbeke. La concurrence est donc pr\u00e9venue. Apr\u00e8s Gand-Wevelgem o\u00f9 il a fini deuxi\u00e8me en \u00e9tant un des principaux animateurs, van der Poel sera donc l&rsquo;homme \u00e0 battre \u00e0 Audenarde.<\/p>\n<div class=\"vlp-link-container vlp-layout-article\"><a href=\"https:\/\/dicodusport.fr\/blog\/e3-saxo-classic-2024-mathieu-van-der-poel-en-demonstration\/\" class=\"vlp-link\" title=\"E3 Saxo Classic 2024 : Mathieu van der Poel en d\u00e9monstration\"><\/a><div class=\"vlp-layout-zone-side\"><div class=\"vlp-block-4 vlp-link-image\"><img loading=\"lazy\" decoding=\"async\" style=\"max-width: 792px;\" width=\"792\" height=\"445\" src=\"https:\/\/dicodusport.fr\/blog\/wp-content\/uploads\/2024\/03\/GP-E3-Saxo-Classic-2024-Mathieu-van-der-Poel-en-demonstration-1.png\" class=\"attachment-800x445 size-800x445\" alt=\"GP E3 Saxo Classic 2024 Mathieu van der Poel en d\u00e9monstration (1)\" srcset=\"https:\/\/dicodusport.fr\/blog\/wp-content\/uploads\/2024\/03\/GP-E3-Saxo-Classic-2024-Mathieu-van-der-Poel-en-demonstration-1.png 1200w, https:\/\/dicodusport.fr\/blog\/wp-content\/uploads\/2024\/03\/GP-E3-Saxo-Classic-2024-Mathieu-van-der-Poel-en-demonstration-1-300x169.png 300w, https:\/\/dicodusport.fr\/blog\/wp-content\/uploads\/2024\/03\/GP-E3-Saxo-Classic-2024-Mathieu-van-der-Poel-en-demonstration-1-1024x575.png 1024w, https:\/\/dicodusport.fr\/blog\/wp-content\/uploads\/2024\/03\/GP-E3-Saxo-Classic-2024-Mathieu-van-der-Poel-en-demonstration-1-768x431.png 768w\" sizes=\"auto, (max-width: 792px) 100vw, 792px\" \/><\/div><\/div><div class=\"vlp-layout-zone-main\"><div class=\"vlp-block-0 vlp-link-title\">E3 Saxo Classic 2024 : Mathieu van der Poel en d\u00e9monstration<\/div><div class=\"vlp-block-1 vlp-link-summary\">E3 SAXO BANK CLASSIC 2024 - Mathieu van der Poel (Alpecin-Deceuninck) s'est impos\u00e9 en solitaire sur la 66e \u00e9dition du E3 Saxo Classic.<\/div><div class=\"vlp-block-2 vlp-link-button\">Lire l'article<\/div><div class=\"vlp-block-3 vlp-link-url\">dicodusport.fr<\/div><\/div><\/div>\n<p style=\"text-align: justify;\">De plus, <em>MVDP<\/em> a toujours \u00e9t\u00e9 performant sur le Tour des Flandres. Quatri\u00e8me lors de sa premi\u00e8re participation en 2019, premier en 2020, deuxi\u00e8me en 2021, premier en 2022 et deuxi\u00e8me en 2023. S&rsquo;il gagne une troisi\u00e8me fois, il sera cod\u00e9tenteur du record. Et apr\u00e8s la chute collective de <em>Dwars Door Vlaandere<\/em>n o\u00f9 il a perdu deux de ses principaux adversaires, nous devons malheureusement conclure que le champion du monde ne peut en r\u00e9alit\u00e9 que perdre.<\/p>\n<p style=\"text-align: justify;\"><strong>Mathieu van der Poel<\/strong> pourra compter dimanche sur le soutien de <strong>S\u00f8ren Kragh Andersen<\/strong> \u2013 qui a fait plut\u00f4t bonne impression \u00e0 l&rsquo;E3 \u2013 et d&rsquo;<strong>Axel Laurance<\/strong>. Il y a aussi des points d&rsquo;interrogation sur l&rsquo;\u00e9tat de forme de <strong>Gianni Vermeersch<\/strong> apr\u00e8s sa chute de mercredi. Peu importe, le champion du monde a toutes les armes pour glaner une troisi\u00e8me succ\u00e8s sur le Ronde.<\/p>\n<ul>\n<li style=\"text-align: justify;\"><strong>\u00c0 ce sujet &#8211; <a href=\"https:\/\/dicodusport.fr\/blog\/tour-des-flandres-2024-les-engages\/\">Tour des Flandres 2024 : Les engag\u00e9s<\/a><\/strong><\/li>\n<\/ul>\n<h2>La Visma Lease a Bike va compter sur Jorgenson<\/h2>\n<p style=\"text-align: justify;\">Van der Poel aurait d\u00fb s&rsquo;attendre \u00e0 la plus grande r\u00e9sistance de la part de son rival de toujours Wout van Aert. Le Belge de <strong>Visma | Lease a Bike<\/strong> a fini troisi\u00e8me de l&rsquo;E3 Saxo Classic avec encore une marge de progression sur sa forme, mais il a \u00e9t\u00e9 pris dans l&rsquo;\u00e9norme chute collective \u00e0 l&rsquo;approche du Kanarieberg sur \u00c0 Travers la Flandre. Quelques heures plus tard, le verdict est s\u00e9v\u00e8re : clavicule cass\u00e9e et c\u00f4tes cass\u00e9es. Van Aert doit faire une croix sur sa premi\u00e8re moiti\u00e9 de saison.<\/p>\n<p style=\"text-align: justify;\">Cela ne s&rsquo;arr\u00eate pas l\u00e0 pour l&rsquo;\u00e9quipe n\u00e9erlandaise. <strong>Christophe Laporte<\/strong> ne prendra pas le d\u00e9part dimanche en raison d&rsquo;une maladie persistante. <strong>Dylan van Baarle<\/strong> (qui a \u00e9galement d\u00fb d\u00e9clarer forfait mercredi pour cause de maladie) ainsi que <strong>Jan Tratnik<\/strong> qui a subi une grave chute vendredi dernier. Les espoirs de la Visma | Lease a Bike seront donc pos\u00e9s sur<strong> Matteo Jorgenson<\/strong>. L&rsquo;Am\u00e9ricain a remport\u00e9 \u00c0 Travers la Flandre, mercredi,\u00a0 apr\u00e8s un bon jeu d&rsquo;\u00e9quipe avec <strong>Tiesj Benoot<\/strong>. L&rsquo;an dernier, sous les couleurs de la Movistar, il avait fini neuvi\u00e8me. De plus, Jorgenson a clairement pass\u00e9 un cap cet hiver en rejoignant la structure batave comme en atteste son succ\u00e8s sur Paris-Nice. Mais pour battre MVDP, il va falloir un Jorgenson d&rsquo;un niveau de Kasper Asgreen de 2021.<\/p>\n<div class=\"vlp-link-container vlp-layout-article\"><a href=\"https:\/\/dicodusport.fr\/blog\/tour-des-flandres-2024-matteo-jorgenson-le-vrai-rival-de-mathieu-van-der-poel\/\" class=\"vlp-link\" title=\"Tour des Flandres 2024 : Matteo Jorgenson, le vrai rival de Mathieu van der Poel ?\"><\/a><div class=\"vlp-layout-zone-side\"><div class=\"vlp-block-4 vlp-link-image\"><img loading=\"lazy\" decoding=\"async\" style=\"max-width: 792px;\" width=\"792\" height=\"445\" src=\"https:\/\/dicodusport.fr\/blog\/wp-content\/uploads\/2024\/03\/Tour-des-Flandres-2024-Et-si-Matteo-Jorgenson-etait-le-vrai-rival-de-MVDP-.png\" class=\"attachment-800x445 size-800x445\" alt=\"Tour des Flandres 2024 : Et si Matteo Jorgenson \u00e9tait le vrai rival de &quot;MVDP&quot; ?\" srcset=\"https:\/\/dicodusport.fr\/blog\/wp-content\/uploads\/2024\/03\/Tour-des-Flandres-2024-Et-si-Matteo-Jorgenson-etait-le-vrai-rival-de-MVDP-.png 1200w, https:\/\/dicodusport.fr\/blog\/wp-content\/uploads\/2024\/03\/Tour-des-Flandres-2024-Et-si-Matteo-Jorgenson-etait-le-vrai-rival-de-MVDP--300x169.png 300w, https:\/\/dicodusport.fr\/blog\/wp-content\/uploads\/2024\/03\/Tour-des-Flandres-2024-Et-si-Matteo-Jorgenson-etait-le-vrai-rival-de-MVDP--1024x575.png 1024w, https:\/\/dicodusport.fr\/blog\/wp-content\/uploads\/2024\/03\/Tour-des-Flandres-2024-Et-si-Matteo-Jorgenson-etait-le-vrai-rival-de-MVDP--768x431.png 768w\" sizes=\"auto, (max-width: 792px) 100vw, 792px\" \/><\/div><\/div><div class=\"vlp-layout-zone-main\"><div class=\"vlp-block-0 vlp-link-title\">Tour des Flandres 2024 : Matteo Jorgenson, le vrai rival de Mathieu van der Poel ?<\/div><div class=\"vlp-block-1 vlp-link-summary\">TOUR DES FLANDRES 2024 - Vainqueur d'\u00c0 Travers la Flandre ce mercredi, Matteo Jorgenson (Visma-Lease a Bike) a franchi un cap en 2024.<\/div><div class=\"vlp-block-2 vlp-link-button\">Lire l'article<\/div><div class=\"vlp-block-3 vlp-link-url\">dicodusport.fr<\/div><\/div><\/div>\n<h2 style=\"text-align: justify;\">Pedersen diminu\u00e9, Stuyven forfait, la catastrophe pour Lidl-Trek<\/h2>\n<p style=\"text-align: justify;\">L&rsquo;autre meilleur bloc jusqu&rsquo;\u00e0 pr\u00e9sent ce printemps a sans doute \u00e9t\u00e9 la <strong>Lidl-Trek<\/strong> avec quatre coureurs de l&rsquo;\u00e9quipe am\u00e9ricaine ont termin\u00e9 les 11 premiers \u00e0 Harelbeke avec un excellent <strong>Jasper Stuyven<\/strong> \u00e0 la deuxi\u00e8me place. Le natif de Louvain semblait en pleine forme apr\u00e8s avoir \u00e9galement r\u00e9alis\u00e9 \u00e9galement un bon Milan-San Remo. Mais malheureusement pour lui, il a aussi \u00e9t\u00e9 l&rsquo;une des principales victimes de la chute de Dwars Door Vlaanderen. <strong>Stuyven<\/strong> s&rsquo;est \u00e9galement fractur\u00e9 la clavicule et ne sera donc pas l\u00e0 dimanche.<\/p>\n<p style=\"text-align: justify;\"><strong>Mads Pedersen<\/strong> a aussi \u00e9t\u00e9 impliqu\u00e9 dans cette chute massive, mais les d\u00e9g\u00e2ts paraissent plut\u00f4t mineurs pour lui. Malgr\u00e9 une contre-performance \u00e0 Harelbeke, il s&rsquo;est ressaisi deux jours plus tard en remportant Gand-Wevelgem, devant van der Poel. Pedersen a d\u00e9j\u00e0 termin\u00e9 deuxi\u00e8me lors de sa premi\u00e8re participation et troisi\u00e8me une fois, l&rsquo;an dernier. Malheureusement, il semble inf\u00e9rieur \u00e0 MVDP dans les monts les plus exigeants.<\/p>\n<div class=\"vlp-link-container vlp-layout-article\"><a href=\"https:\/\/dicodusport.fr\/blog\/gand-wevelgem-2024-mads-pedersen-soffre-mathieu-van-der-poel\/\" class=\"vlp-link\" title=\"Gand-Wevelgem 2024 : Mads Pedersen s&#039;offre Mathieu van der Poel\"><\/a><div class=\"vlp-layout-zone-side\"><div class=\"vlp-block-4 vlp-link-image\"><img loading=\"lazy\" decoding=\"async\" style=\"max-width: 792px;\" width=\"792\" height=\"445\" src=\"https:\/\/dicodusport.fr\/blog\/wp-content\/uploads\/2024\/03\/Gand-Wevelgem-2024-Mads-Pedersen-soffre-Mathieu-van-der-Poel-1.png\" class=\"attachment-800x445 size-800x445\" alt=\"Gand-Wevelgem 2024 Mads Pedersen s&#039;offre Mathieu van der Poel (1)\" srcset=\"https:\/\/dicodusport.fr\/blog\/wp-content\/uploads\/2024\/03\/Gand-Wevelgem-2024-Mads-Pedersen-soffre-Mathieu-van-der-Poel-1.png 1200w, https:\/\/dicodusport.fr\/blog\/wp-content\/uploads\/2024\/03\/Gand-Wevelgem-2024-Mads-Pedersen-soffre-Mathieu-van-der-Poel-1-300x169.png 300w, https:\/\/dicodusport.fr\/blog\/wp-content\/uploads\/2024\/03\/Gand-Wevelgem-2024-Mads-Pedersen-soffre-Mathieu-van-der-Poel-1-1024x575.png 1024w, https:\/\/dicodusport.fr\/blog\/wp-content\/uploads\/2024\/03\/Gand-Wevelgem-2024-Mads-Pedersen-soffre-Mathieu-van-der-Poel-1-768x431.png 768w\" sizes=\"auto, (max-width: 792px) 100vw, 792px\" \/><\/div><\/div><div class=\"vlp-layout-zone-main\"><div class=\"vlp-block-0 vlp-link-title\">Gand-Wevelgem 2024 : Mads Pedersen s'offre Mathieu van der Poel<\/div><div class=\"vlp-block-1 vlp-link-summary\">GAND-WEVELGEM 2024 - Mads Pedersen (Lidl-Trek) s'est impos\u00e9 sur la 86e \u00e9dition de Gand-Wevelgem en battant au sprint Mathieu van der Poel.<\/div><div class=\"vlp-block-2 vlp-link-button\">Lire l'article<\/div><div class=\"vlp-block-3 vlp-link-url\">dicodusport.fr<\/div><\/div><\/div>\n<h2>Wellens, K\u00fcng, Mohoric, Lazkano : des outsiders \u00e0 la pelle<\/h2>\n<p style=\"text-align: justify;\">Le vainqueur sortant, Tadej Poga\u010dar, n&rsquo;est pas l\u00e0 cette ann\u00e9e. <strong>Tim Wellens<\/strong> sera donc le leader de l&rsquo;\u00e9quipe UAE Team Emirates. \u00c0 Kuurne-Bruxelles-Kuurne, il a termin\u00e9 deuxi\u00e8me, et lors de l&rsquo;E3 Saxo Classic, il a termin\u00e9 quatri\u00e8me, sans oublier qu&rsquo;il a \u00e9t\u00e9 le plus impressionnant sur le Het Nieuwsblad. Wellens est en tr\u00e8s bonne forme, mais il n&rsquo;a pas la pointe de vitesse n\u00e9cessaire en cas d&rsquo;arriv\u00e9e group\u00e9e. Il fera donc faire partie des coureurs qui tenteront de tr\u00e8s loin leur chance avec le soutien d&rsquo;\u00e9quipiers.<\/p>\n<p style=\"text-align: justify;\"><strong>Matej Mohoric<\/strong> et <strong>Stefan K\u00fcng<\/strong> seront des pr\u00e9tendants au podium. Ces deux coureurs se montrent presque toujours sur le Tour des Flandres. Le Suisse paraissait \u00e0 court de forme, mais sa prestation sur \u00c0 Travers la Flandre a rassur\u00e9 en terminant troisi\u00e8me. Le Slov\u00e8ne n&rsquo;a pas r\u00e9alis\u00e9 de bons r\u00e9sultats sur les Flandriennes cette saison et n&rsquo;a fait que 21e comme meilleur r\u00e9sultat sur le Ronde. N\u00e9anmoins, il a montr\u00e9 sur la Primavera et les Strade Bianche qu&rsquo;il \u00e9tait en tr\u00e8s bonne condition \u00e9dition. Les formations Bahrain-Victorious et Groupama FDJ auront \u00e9galement des leaders de rechange en cas de contre-performance avec <strong>Fred Wright<\/strong> et <strong>Valentin Madouas<\/strong>.<\/p>\n<div id=\"attachment_475496\" style=\"width: 1210px\" class=\"wp-caption aligncenter\"><img loading=\"lazy\" decoding=\"async\" aria-describedby=\"caption-attachment-475496\" class=\"wp-image-475496 size-full\" src=\"https:\/\/dicodusport.fr\/blog\/wp-content\/uploads\/2024\/03\/Stefan-Kung-sur-le-podium-dA-Travers-la-Flandre-2024.png\" alt=\"Stefan K\u00fcng sur le podium d'\u00c0 Travers la Flandre 2024\" width=\"1200\" height=\"674\" srcset=\"https:\/\/dicodusport.fr\/blog\/wp-content\/uploads\/2024\/03\/Stefan-Kung-sur-le-podium-dA-Travers-la-Flandre-2024.png 1200w, https:\/\/dicodusport.fr\/blog\/wp-content\/uploads\/2024\/03\/Stefan-Kung-sur-le-podium-dA-Travers-la-Flandre-2024-300x169.png 300w, https:\/\/dicodusport.fr\/blog\/wp-content\/uploads\/2024\/03\/Stefan-Kung-sur-le-podium-dA-Travers-la-Flandre-2024-1024x575.png 1024w, https:\/\/dicodusport.fr\/blog\/wp-content\/uploads\/2024\/03\/Stefan-Kung-sur-le-podium-dA-Travers-la-Flandre-2024-768x431.png 768w\" sizes=\"auto, (max-width: 1200px) 100vw, 1200px\" \/><p id=\"caption-attachment-475496\" class=\"wp-caption-text\">Stefan K\u00fcng sur le podium d&rsquo;\u00c0 Travers la Flandre 2024 &#8211; Photo Icon Sport<\/p><\/div>\n<p style=\"text-align: justify;\"><strong>Biniam Girmay<\/strong> a peut-\u00eatre \u00e9t\u00e9 la surprise de l&rsquo;E3 Saxo Classic. Le coureur d&rsquo;Intermarch\u00e9-Wanty avait compl\u00e8tement disparu des radars ses derniers mois, mais s&rsquo;est retrouv\u00e9 subitement pr\u00e9sent lors du final en direction d&rsquo;Harelbeke. Malheureusement, il a craqu\u00e9 en fin de course, \u00e0 bout de forces. Mais l&rsquo;\u00c9rythr\u00e9en d&rsquo;Intermarch\u00e9-Wanty a aussi \u00e9t\u00e9 impliqu\u00e9 dans la chute survenue \u00e0 l&rsquo;approche du Kanarieberg, lors de Dwars Door Vlaanderen. Aucune fracture n\u2019a \u00e9t\u00e9 diagnostiqu\u00e9e, mais on ne sait pas quel effet cela aura sur sa performance ce dimanche.<\/p>\n<p style=\"text-align: justify;\"><strong>Oier Lazkano<\/strong> (Movistar s&rsquo;est aussi montr\u00e9 ces derni\u00e8res semaines, m\u00eame s&rsquo;il a pay\u00e9 ses efforts pr\u00e9coces lors de l&rsquo;E3. Le champion d&rsquo;Espagne n&rsquo;a pas r\u00e9ussi \u00e0 surprendre les favoris en jouant son va-tout avant le terrible Paterberg. Ce ne sera que sa deuxi\u00e8me participation au Ronde, mais le troisi\u00e8me de Kuurne-Bruxelles-Kuurne peut viser un top 10. <strong>Jhonatan Narv\u00e1ez<\/strong> avait perform\u00e9 lors de l&rsquo;E3 Saxo Classic, avec une belle sixi\u00e8me place. L&rsquo;\u00c9quatorien \u00e9tait cens\u00e9 \u00eatre le leader des INEOS Grenadiers, mais il a chut\u00e9 lourdement sur Gand-Wevelgem. Il a souffert d&rsquo;une commotion c\u00e9r\u00e9brale et ne sera pas l\u00e0 dimanche. L&rsquo;\u00e9quipe britannique misera alors sur les prometteurs <strong>Joshua Tarling<\/strong> et <strong>Ben Turner<\/strong>.<\/p>\n<h2 style=\"text-align: justify;\">Qu&rsquo;attendre de la Soudal Quick-Step ?<\/h2>\n<p style=\"text-align: justify;\">Les coureurs de la Soudal Quick-Step n&rsquo;ont pas encore fait grande impression dans les Flandres. <strong>Julian Alaphilippe<\/strong> et <strong>Kasper Asgreen<\/strong> n&rsquo;ont pas pu participer \u00e0 la bagarre. De son c\u00f4t\u00e9, le vainqueur de l&rsquo;\u00e9dition 2019, <strong>Alberto Bettiol<\/strong>, s&rsquo;est montr\u00e9 tr\u00e8s bon \u00e0 Milan-San Remo et impressionnant sur Milan-Turin, mais a abandonn\u00e9 lors de l&rsquo;E3 Saxo Classic sur chute, avant d&rsquo;avoir des crampes dans le final d&rsquo;\u00c0 Travers la Flandre, alors qu&rsquo;il se trouvait dans le groupe de t\u00eate. Bettiol reste une \u00e9ternelle \u00e9nigme. Dans un grand jour, il peut \u00eatre sur le podium et dans un mauvais jour, \u00eatre compl\u00e8tement transparent.<\/p>\n<blockquote class=\"twitter-tweet\">\n<p dir=\"ltr\" lang=\"en\">\ud835\udc11\ud835\udc1e\ud835\udc1a\ud835\udc1d\ud835\udc32 \ud835\udc1f\ud835\udc28\ud835\udc2b \ud835\udc12\ud835\udc2e\ud835\udc27\ud835\udc1d\ud835\udc1a\ud835\udc32 \ud835\udc1a\ud835\udc27\ud835\udc1d \ud835\udc28\ud835\udc27\ud835\udc1e \ud835\udc28\ud835\udc1f \ud835\udc2d\ud835\udc21\ud835\udc1e \ud835\udc1b\ud835\udc1e\ud835\udc2c\ud835\udc2d \ud835\udc2b\ud835\udc1a\ud835\udc1c\ud835\udc1e\ud835\udc2c \ud835\udc28\ud835\udc1f \ud835\udc2d\ud835\udc21\ud835\udc1e \ud835\udc30\ud835\udc21\ud835\udc28\ud835\udc25\ud835\udc1e \ud835\udc2c\ud835\udc1e\ud835\udc1a\ud835\udc2c\ud835\udc28\ud835\udc27 &#8211; \ud835\udc11\ud835\udc28\ud835\udc27\ud835\udc1d\ud835\udc1e \ud835\udc2f\ud835\udc1a\ud835\udc27 \ud835\udc15\ud835\udc25\ud835\udc1a\ud835\udc1a\ud835\udc27\ud835\udc1d\ud835\udc1e\ud835\udc2b\ud835\udc1e\ud835\udc27 \ud83d\udc3a <a href=\"https:\/\/t.co\/ZRvxl2rz8f\">pic.twitter.com\/ZRvxl2rz8f<\/a><\/p>\n<p>\u2014 Soudal Quick-Step Pro Cycling Team (@soudalquickstep) <a href=\"https:\/\/twitter.com\/soudalquickstep\/status\/1773406953672167870?ref_src=twsrc%5Etfw\">March 28, 2024<\/a><\/p><\/blockquote>\n<p><script async src=\"https:\/\/platform.twitter.com\/widgets.js\" charset=\"utf-8\"><\/script><\/p>\n<p style=\"text-align: justify;\">Enfin, on pourrait citer <strong>Dylan Teuns<\/strong> (Israel-Premier Tech), <strong>Matteo Trentin<\/strong> (Tudor Pro Cycling), <strong>Nils Politt<\/strong> (UAE Emirates) et <strong>Vincenzo Albanese<\/strong> (Ark\u00e9a-B&amp;B Hotels) pour entrer dans les 10 premiers. Trentin sera sans doute le plus suivi de cette liste, puisqu&rsquo;il faisait partie du groupe des favoris avant un ennui m\u00e9canique sur l&rsquo;E3.<\/p>\n<p>&nbsp;<\/p>\n","protected":false},"excerpt":{"rendered":"<p>TOUR DES FLANDRES 2024 \u2013 D\u00e9couvrez les favoris et les outsiders du Ronde Van Vlaanderen, qui se dispute ce dimanche 31 mars 2024.<\/p>\n","protected":false},"author":48,"featured_media":475526,"comment_status":"open","ping_status":"closed","sticky":false,"template":"","format":"standard","meta":{"_acf_changed":false,"_daextam_enable_autolinks":"1","footnotes":""},"categories":[46994],"tags":[3119,16878,4325],"class_list":["post-475217","post","type-post","status-publish","format-standard","has-post-thumbnail","hentry","category-cyclisme-sur-route","tag-actualite-cyclisme","tag-breve","tag-tour-des-flandres"],"acf":[],"yoast_head":"<!-- This site is optimized with the Yoast SEO Premium plugin v26.7 (Yoast SEO v26.7) - https:\/\/yoast.com\/wordpress\/plugins\/seo\/ -->\n<title>Tour des Flandres 2024 : Favoris et outsiders<\/title>\n<meta name=\"description\" content=\"TOUR DES FLANDRES 2024 \u2013 D\u00e9couvrez les favoris et les outsiders du Ronde Van Vlaanderen, qui se dispute ce dimanche 31 mars 2024.\" \/>\n<meta name=\"robots\" content=\"index, follow, max-snippet:-1, max-image-preview:large, max-video-preview:-1\" \/>\n<link rel=\"canonical\" href=\"https:\/\/dicodusport.fr\/blog\/tour-des-flandres-2024-favoris-et-outsiders\/\" \/>\n<meta property=\"og:locale\" content=\"fr_FR\" \/>\n<meta property=\"og:type\" content=\"article\" \/>\n<meta property=\"og:title\" content=\"Tour des Flandres 2024 : Favoris et outsiders\" \/>\n<meta property=\"og:description\" content=\"TOUR DES FLANDRES 2024 \u2013 D\u00e9couvrez les favoris et les outsiders du Ronde Van Vlaanderen, qui se dispute ce dimanche 31 mars 2024.\" \/>\n<meta property=\"og:url\" content=\"https:\/\/dicodusport.fr\/blog\/tour-des-flandres-2024-favoris-et-outsiders\/\" \/>\n<meta property=\"og:site_name\" content=\"Dicodusport\" \/>\n<meta property=\"article:publisher\" content=\"https:\/\/www.facebook.com\/dicodusport\" \/>\n<meta property=\"article:author\" content=\"https:\/\/www.facebook.com\/groups\/LesRoisDuPeloton\" \/>\n<meta property=\"article:published_time\" content=\"2024-03-30T07:30:30+00:00\" \/>\n<meta property=\"og:image\" content=\"https:\/\/dicodusport.fr\/blog\/wp-content\/uploads\/2024\/03\/Tour-des-Flandres-2024-Favoris-et-outsiders.png\" \/>\n\t<meta property=\"og:image:width\" content=\"1200\" \/>\n\t<meta property=\"og:image:height\" content=\"674\" \/>\n\t<meta property=\"og:image:type\" content=\"image\/png\" \/>\n<meta name=\"author\" content=\"Emilien Descampiaux\" \/>\n<meta name=\"twitter:card\" content=\"summary_large_image\" \/>\n<meta name=\"twitter:title\" content=\"Tour des Flandres 2024 : Favoris et outsiders\" \/>\n<meta name=\"twitter:creator\" content=\"@https:\/\/twitter.com\/LRoisDuPeloton\" \/>\n<meta name=\"twitter:site\" content=\"@dicodusport\" \/>\n<script type=\"application\/ld+json\" class=\"yoast-schema-graph\">{\"@context\":\"https:\/\/schema.org\",\"@graph\":[{\"@type\":\"NewsArticle\",\"@id\":\"https:\/\/dicodusport.fr\/blog\/tour-des-flandres-2024-favoris-et-outsiders\/#article\",\"isPartOf\":{\"@id\":\"https:\/\/dicodusport.fr\/blog\/tour-des-flandres-2024-favoris-et-outsiders\/\"},\"author\":{\"name\":\"Emilien Descampiaux\",\"@id\":\"https:\/\/dicodusport.fr\/blog\/#\/schema\/person\/6db4bae06b171592211be385b32876a7\"},\"headline\":\"Tour des Flandres 2024 : Favoris et outsiders\",\"datePublished\":\"2024-03-30T07:30:30+00:00\",\"mainEntityOfPage\":{\"@id\":\"https:\/\/dicodusport.fr\/blog\/tour-des-flandres-2024-favoris-et-outsiders\/\"},\"wordCount\":1718,\"commentCount\":0,\"publisher\":{\"@id\":\"https:\/\/dicodusport.fr\/blog\/#organization\"},\"image\":{\"@id\":\"https:\/\/dicodusport.fr\/blog\/tour-des-flandres-2024-favoris-et-outsiders\/#primaryimage\"},\"thumbnailUrl\":\"https:\/\/dicodusport.fr\/blog\/wp-content\/uploads\/2024\/03\/Tour-des-Flandres-2024-Favoris-et-outsiders.png\",\"keywords\":[\"Actualit\u00e9 Cyclisme\",\"br\u00e8ve\",\"Tour des Flandres\"],\"articleSection\":[\"Cyclisme sur route\"],\"inLanguage\":\"fr-FR\",\"potentialAction\":[{\"@type\":\"CommentAction\",\"name\":\"Comment\",\"target\":[\"https:\/\/dicodusport.fr\/blog\/tour-des-flandres-2024-favoris-et-outsiders\/#respond\"]}],\"copyrightYear\":\"2024\",\"copyrightHolder\":{\"@id\":\"https:\/\/dicodusport.fr\/blog\/#organization\"}},{\"@type\":\"WebPage\",\"@id\":\"https:\/\/dicodusport.fr\/blog\/tour-des-flandres-2024-favoris-et-outsiders\/\",\"url\":\"https:\/\/dicodusport.fr\/blog\/tour-des-flandres-2024-favoris-et-outsiders\/\",\"name\":\"Tour des Flandres 2024 : Favoris et outsiders\",\"isPartOf\":{\"@id\":\"https:\/\/dicodusport.fr\/blog\/#website\"},\"primaryImageOfPage\":{\"@id\":\"https:\/\/dicodusport.fr\/blog\/tour-des-flandres-2024-favoris-et-outsiders\/#primaryimage\"},\"image\":{\"@id\":\"https:\/\/dicodusport.fr\/blog\/tour-des-flandres-2024-favoris-et-outsiders\/#primaryimage\"},\"thumbnailUrl\":\"https:\/\/dicodusport.fr\/blog\/wp-content\/uploads\/2024\/03\/Tour-des-Flandres-2024-Favoris-et-outsiders.png\",\"datePublished\":\"2024-03-30T07:30:30+00:00\",\"description\":\"TOUR DES FLANDRES 2024 \u2013 D\u00e9couvrez les favoris et les outsiders du Ronde Van Vlaanderen, qui se dispute ce dimanche 31 mars 2024.\",\"breadcrumb\":{\"@id\":\"https:\/\/dicodusport.fr\/blog\/tour-des-flandres-2024-favoris-et-outsiders\/#breadcrumb\"},\"inLanguage\":\"fr-FR\",\"potentialAction\":[{\"@type\":\"ReadAction\",\"target\":[\"https:\/\/dicodusport.fr\/blog\/tour-des-flandres-2024-favoris-et-outsiders\/\"]}]},{\"@type\":\"ImageObject\",\"inLanguage\":\"fr-FR\",\"@id\":\"https:\/\/dicodusport.fr\/blog\/tour-des-flandres-2024-favoris-et-outsiders\/#primaryimage\",\"url\":\"https:\/\/dicodusport.fr\/blog\/wp-content\/uploads\/2024\/03\/Tour-des-Flandres-2024-Favoris-et-outsiders.png\",\"contentUrl\":\"https:\/\/dicodusport.fr\/blog\/wp-content\/uploads\/2024\/03\/Tour-des-Flandres-2024-Favoris-et-outsiders.png\",\"width\":1200,\"height\":674,\"caption\":\"Tour des Flandres 2024 Favoris et outsiders\"},{\"@type\":\"BreadcrumbList\",\"@id\":\"https:\/\/dicodusport.fr\/blog\/tour-des-flandres-2024-favoris-et-outsiders\/#breadcrumb\",\"itemListElement\":[{\"@type\":\"ListItem\",\"position\":1,\"name\":\"Accueil\",\"item\":\"https:\/\/dicodusport.fr\/blog\/\"},{\"@type\":\"ListItem\",\"position\":2,\"name\":\"Tour des Flandres 2024 : Favoris et outsiders\"}]},{\"@type\":\"WebSite\",\"@id\":\"https:\/\/dicodusport.fr\/blog\/#website\",\"url\":\"https:\/\/dicodusport.fr\/blog\/\",\"name\":\"Dicodusport\",\"description\":\"L&#039;encyclop\u00e9die de l&#039;actualit\u00e9 sportive\",\"publisher\":{\"@id\":\"https:\/\/dicodusport.fr\/blog\/#organization\"},\"potentialAction\":[{\"@type\":\"SearchAction\",\"target\":{\"@type\":\"EntryPoint\",\"urlTemplate\":\"https:\/\/dicodusport.fr\/blog\/?s={search_term_string}\"},\"query-input\":{\"@type\":\"PropertyValueSpecification\",\"valueRequired\":true,\"valueName\":\"search_term_string\"}}],\"inLanguage\":\"fr-FR\"},{\"@type\":\"NewsMediaOrganization\",\"@id\":\"https:\/\/dicodusport.fr\/blog\/#organization\",\"name\":\"Dicodusport\",\"url\":\"https:\/\/dicodusport.fr\/blog\/\",\"logo\":{\"@type\":\"ImageObject\",\"inLanguage\":\"fr-FR\",\"@id\":\"https:\/\/dicodusport.fr\/blog\/#\/schema\/logo\/image\/\",\"url\":\"https:\/\/dicodusport.fr\/blog\/wp-content\/uploads\/2020\/06\/cropped-LOGO-DICODUSPORT-2020-SANS-FOND-SANS-TEXTE.png\",\"contentUrl\":\"https:\/\/dicodusport.fr\/blog\/wp-content\/uploads\/2020\/06\/cropped-LOGO-DICODUSPORT-2020-SANS-FOND-SANS-TEXTE.png\",\"width\":512,\"height\":512,\"caption\":\"Dicodusport\"},\"image\":{\"@id\":\"https:\/\/dicodusport.fr\/blog\/#\/schema\/logo\/image\/\"},\"sameAs\":[\"https:\/\/www.facebook.com\/dicodusport\",\"https:\/\/x.com\/dicodusport\",\"https:\/\/www.instagram.com\/dicodusport\/\",\"https:\/\/www.youtube.com\/channel\/UC7V2KZ5sd3htJivAbA4ZG3w\"],\"description\":\"Dicodusport est l'encyclop\u00e9die de l'actualit\u00e9 sportive.\",\"email\":\"bonjour@dicodusport.fr\",\"legalName\":\"DICODUSPORT\",\"foundingDate\":\"2018-01-14\",\"vatID\":\"FR71834470973\",\"taxID\":\"83447097300043\",\"numberOfEmployees\":{\"@type\":\"QuantitativeValue\",\"minValue\":\"1\",\"maxValue\":\"10\"}},{\"@type\":\"Person\",\"@id\":\"https:\/\/dicodusport.fr\/blog\/#\/schema\/person\/6db4bae06b171592211be385b32876a7\",\"name\":\"Emilien Descampiaux\",\"image\":{\"@type\":\"ImageObject\",\"inLanguage\":\"fr-FR\",\"@id\":\"https:\/\/dicodusport.fr\/blog\/#\/schema\/person\/image\/\",\"url\":\"https:\/\/dicodusport.fr\/blog\/wp-content\/uploads\/2021\/05\/Emilien-Descampiaux-150x150.jpg\",\"contentUrl\":\"https:\/\/dicodusport.fr\/blog\/wp-content\/uploads\/2021\/05\/Emilien-Descampiaux-150x150.jpg\",\"caption\":\"Emilien Descampiaux\"},\"description\":\"Journaliste\/r\u00e9dacteur depuis 2014 - Fan de la classe de Frank Vandenbroucke, je vis cyclisme (et de ses paysages) depuis plus de 20 ans. Je suis tr\u00e8s impliqu\u00e9 sur mes diff\u00e9rents r\u00e9seaux sociaux pour partager ma passion sur le monde et l'Histoire de la bicyclette avec ma voix sur les images en noir et blanc du succ\u00e8s de Rik Van Steenbergen lors du Ronde sur le V\u00e9lodrome de Gand.\",\"sameAs\":[\"https:\/\/www.facebook.com\/groups\/LesRoisDuPeloton\",\"https:\/\/x.com\/https:\/\/twitter.com\/LRoisDuPeloton\"],\"url\":\"https:\/\/dicodusport.fr\/blog\/author\/emiliend\/\"}]}<\/script>\n<!-- \/ Yoast SEO Premium plugin. -->","yoast_head_json":{"title":"Tour des Flandres 2024 : Favoris et outsiders","description":"TOUR DES FLANDRES 2024 \u2013 D\u00e9couvrez les favoris et les outsiders du Ronde Van Vlaanderen, qui se dispute ce dimanche 31 mars 2024.","robots":{"index":"index","follow":"follow","max-snippet":"max-snippet:-1","max-image-preview":"max-image-preview:large","max-video-preview":"max-video-preview:-1"},"canonical":"https:\/\/dicodusport.fr\/blog\/tour-des-flandres-2024-favoris-et-outsiders\/","og_locale":"fr_FR","og_type":"article","og_title":"Tour des Flandres 2024 : Favoris et outsiders","og_description":"TOUR DES FLANDRES 2024 \u2013 D\u00e9couvrez les favoris et les outsiders du Ronde Van Vlaanderen, qui se dispute ce dimanche 31 mars 2024.","og_url":"https:\/\/dicodusport.fr\/blog\/tour-des-flandres-2024-favoris-et-outsiders\/","og_site_name":"Dicodusport","article_publisher":"https:\/\/www.facebook.com\/dicodusport","article_author":"https:\/\/www.facebook.com\/groups\/LesRoisDuPeloton","article_published_time":"2024-03-30T07:30:30+00:00","og_image":[{"width":1200,"height":674,"url":"https:\/\/dicodusport.fr\/blog\/wp-content\/uploads\/2024\/03\/Tour-des-Flandres-2024-Favoris-et-outsiders.png","type":"image\/png"}],"author":"Emilien Descampiaux","twitter_card":"summary_large_image","twitter_title":"Tour des Flandres 2024 : Favoris et outsiders","twitter_creator":"@https:\/\/twitter.com\/LRoisDuPeloton","twitter_site":"@dicodusport","schema":{"@context":"https:\/\/schema.org","@graph":[{"@type":"NewsArticle","@id":"https:\/\/dicodusport.fr\/blog\/tour-des-flandres-2024-favoris-et-outsiders\/#article","isPartOf":{"@id":"https:\/\/dicodusport.fr\/blog\/tour-des-flandres-2024-favoris-et-outsiders\/"},"author":{"name":"Emilien Descampiaux","@id":"https:\/\/dicodusport.fr\/blog\/#\/schema\/person\/6db4bae06b171592211be385b32876a7"},"headline":"Tour des Flandres 2024 : Favoris et outsiders","datePublished":"2024-03-30T07:30:30+00:00","mainEntityOfPage":{"@id":"https:\/\/dicodusport.fr\/blog\/tour-des-flandres-2024-favoris-et-outsiders\/"},"wordCount":1718,"commentCount":0,"publisher":{"@id":"https:\/\/dicodusport.fr\/blog\/#organization"},"image":{"@id":"https:\/\/dicodusport.fr\/blog\/tour-des-flandres-2024-favoris-et-outsiders\/#primaryimage"},"thumbnailUrl":"https:\/\/dicodusport.fr\/blog\/wp-content\/uploads\/2024\/03\/Tour-des-Flandres-2024-Favoris-et-outsiders.png","keywords":["Actualit\u00e9 Cyclisme","br\u00e8ve","Tour des Flandres"],"articleSection":["Cyclisme sur route"],"inLanguage":"fr-FR","potentialAction":[{"@type":"CommentAction","name":"Comment","target":["https:\/\/dicodusport.fr\/blog\/tour-des-flandres-2024-favoris-et-outsiders\/#respond"]}],"copyrightYear":"2024","copyrightHolder":{"@id":"https:\/\/dicodusport.fr\/blog\/#organization"}},{"@type":"WebPage","@id":"https:\/\/dicodusport.fr\/blog\/tour-des-flandres-2024-favoris-et-outsiders\/","url":"https:\/\/dicodusport.fr\/blog\/tour-des-flandres-2024-favoris-et-outsiders\/","name":"Tour des Flandres 2024 : Favoris et outsiders","isPartOf":{"@id":"https:\/\/dicodusport.fr\/blog\/#website"},"primaryImageOfPage":{"@id":"https:\/\/dicodusport.fr\/blog\/tour-des-flandres-2024-favoris-et-outsiders\/#primaryimage"},"image":{"@id":"https:\/\/dicodusport.fr\/blog\/tour-des-flandres-2024-favoris-et-outsiders\/#primaryimage"},"thumbnailUrl":"https:\/\/dicodusport.fr\/blog\/wp-content\/uploads\/2024\/03\/Tour-des-Flandres-2024-Favoris-et-outsiders.png","datePublished":"2024-03-30T07:30:30+00:00","description":"TOUR DES FLANDRES 2024 \u2013 D\u00e9couvrez les favoris et les outsiders du Ronde Van Vlaanderen, qui se dispute ce dimanche 31 mars 2024.","breadcrumb":{"@id":"https:\/\/dicodusport.fr\/blog\/tour-des-flandres-2024-favoris-et-outsiders\/#breadcrumb"},"inLanguage":"fr-FR","potentialAction":[{"@type":"ReadAction","target":["https:\/\/dicodusport.fr\/blog\/tour-des-flandres-2024-favoris-et-outsiders\/"]}]},{"@type":"ImageObject","inLanguage":"fr-FR","@id":"https:\/\/dicodusport.fr\/blog\/tour-des-flandres-2024-favoris-et-outsiders\/#primaryimage","url":"https:\/\/dicodusport.fr\/blog\/wp-content\/uploads\/2024\/03\/Tour-des-Flandres-2024-Favoris-et-outsiders.png","contentUrl":"https:\/\/dicodusport.fr\/blog\/wp-content\/uploads\/2024\/03\/Tour-des-Flandres-2024-Favoris-et-outsiders.png","width":1200,"height":674,"caption":"Tour des Flandres 2024 Favoris et outsiders"},{"@type":"BreadcrumbList","@id":"https:\/\/dicodusport.fr\/blog\/tour-des-flandres-2024-favoris-et-outsiders\/#breadcrumb","itemListElement":[{"@type":"ListItem","position":1,"name":"Accueil","item":"https:\/\/dicodusport.fr\/blog\/"},{"@type":"ListItem","position":2,"name":"Tour des Flandres 2024 : Favoris et outsiders"}]},{"@type":"WebSite","@id":"https:\/\/dicodusport.fr\/blog\/#website","url":"https:\/\/dicodusport.fr\/blog\/","name":"Dicodusport","description":"L&#039;encyclop\u00e9die de l&#039;actualit\u00e9 sportive","publisher":{"@id":"https:\/\/dicodusport.fr\/blog\/#organization"},"potentialAction":[{"@type":"SearchAction","target":{"@type":"EntryPoint","urlTemplate":"https:\/\/dicodusport.fr\/blog\/?s={search_term_string}"},"query-input":{"@type":"PropertyValueSpecification","valueRequired":true,"valueName":"search_term_string"}}],"inLanguage":"fr-FR"},{"@type":"NewsMediaOrganization","@id":"https:\/\/dicodusport.fr\/blog\/#organization","name":"Dicodusport","url":"https:\/\/dicodusport.fr\/blog\/","logo":{"@type":"ImageObject","inLanguage":"fr-FR","@id":"https:\/\/dicodusport.fr\/blog\/#\/schema\/logo\/image\/","url":"https:\/\/dicodusport.fr\/blog\/wp-content\/uploads\/2020\/06\/cropped-LOGO-DICODUSPORT-2020-SANS-FOND-SANS-TEXTE.png","contentUrl":"https:\/\/dicodusport.fr\/blog\/wp-content\/uploads\/2020\/06\/cropped-LOGO-DICODUSPORT-2020-SANS-FOND-SANS-TEXTE.png","width":512,"height":512,"caption":"Dicodusport"},"image":{"@id":"https:\/\/dicodusport.fr\/blog\/#\/schema\/logo\/image\/"},"sameAs":["https:\/\/www.facebook.com\/dicodusport","https:\/\/x.com\/dicodusport","https:\/\/www.instagram.com\/dicodusport\/","https:\/\/www.youtube.com\/channel\/UC7V2KZ5sd3htJivAbA4ZG3w"],"description":"Dicodusport est l'encyclop\u00e9die de l'actualit\u00e9 sportive.","email":"bonjour@dicodusport.fr","legalName":"DICODUSPORT","foundingDate":"2018-01-14","vatID":"FR71834470973","taxID":"83447097300043","numberOfEmployees":{"@type":"QuantitativeValue","minValue":"1","maxValue":"10"}},{"@type":"Person","@id":"https:\/\/dicodusport.fr\/blog\/#\/schema\/person\/6db4bae06b171592211be385b32876a7","name":"Emilien Descampiaux","image":{"@type":"ImageObject","inLanguage":"fr-FR","@id":"https:\/\/dicodusport.fr\/blog\/#\/schema\/person\/image\/","url":"https:\/\/dicodusport.fr\/blog\/wp-content\/uploads\/2021\/05\/Emilien-Descampiaux-150x150.jpg","contentUrl":"https:\/\/dicodusport.fr\/blog\/wp-content\/uploads\/2021\/05\/Emilien-Descampiaux-150x150.jpg","caption":"Emilien Descampiaux"},"description":"Journaliste\/r\u00e9dacteur depuis 2014 - Fan de la classe de Frank Vandenbroucke, je vis cyclisme (et de ses paysages) depuis plus de 20 ans. Je suis tr\u00e8s impliqu\u00e9 sur mes diff\u00e9rents r\u00e9seaux sociaux pour partager ma passion sur le monde et l'Histoire de la bicyclette avec ma voix sur les images en noir et blanc du succ\u00e8s de Rik Van Steenbergen lors du Ronde sur le V\u00e9lodrome de Gand.","sameAs":["https:\/\/www.facebook.com\/groups\/LesRoisDuPeloton","https:\/\/x.com\/https:\/\/twitter.com\/LRoisDuPeloton"],"url":"https:\/\/dicodusport.fr\/blog\/author\/emiliend\/"}]}},"_links":{"self":[{"href":"https:\/\/dicodusport.fr\/blog\/wp-json\/wp\/v2\/posts\/475217","targetHints":{"allow":["GET"]}}],"collection":[{"href":"https:\/\/dicodusport.fr\/blog\/wp-json\/wp\/v2\/posts"}],"about":[{"href":"https:\/\/dicodusport.fr\/blog\/wp-json\/wp\/v2\/types\/post"}],"author":[{"embeddable":true,"href":"https:\/\/dicodusport.fr\/blog\/wp-json\/wp\/v2\/users\/48"}],"replies":[{"embeddable":true,"href":"https:\/\/dicodusport.fr\/blog\/wp-json\/wp\/v2\/comments?post=475217"}],"version-history":[{"count":5,"href":"https:\/\/dicodusport.fr\/blog\/wp-json\/wp\/v2\/posts\/475217\/revisions"}],"predecessor-version":[{"id":475527,"href":"https:\/\/dicodusport.fr\/blog\/wp-json\/wp\/v2\/posts\/475217\/revisions\/475527"}],"wp:featuredmedia":[{"embeddable":true,"href":"https:\/\/dicodusport.fr\/blog\/wp-json\/wp\/v2\/media\/475526"}],"wp:attachment":[{"href":"https:\/\/dicodusport.fr\/blog\/wp-json\/wp\/v2\/media?parent=475217"}],"wp:term":[{"taxonomy":"category","embeddable":true,"href":"https:\/\/dicodusport.fr\/blog\/wp-json\/wp\/v2\/categories?post=475217"},{"taxonomy":"post_tag","embeddable":true,"href":"https:\/\/dicodusport.fr\/blog\/wp-json\/wp\/v2\/tags?post=475217"}],"curies":[{"name":"wp","href":"https:\/\/api.w.org\/{rel}","templated":true}]}}