{"id":475228,"date":"2024-03-28T10:44:55","date_gmt":"2024-03-28T09:44:55","guid":{"rendered":"https:\/\/dicodusport.fr\/blog\/?p=475228&#038;preview=true&#038;preview_id=475228"},"modified":"2024-03-28T10:48:24","modified_gmt":"2024-03-28T09:48:24","slug":"cyclisme-arnaud-de-lie-souffrirait-de-la-maladie-de-lyme","status":"publish","type":"post","link":"https:\/\/dicodusport.fr\/blog\/cyclisme-arnaud-de-lie-souffrirait-de-la-maladie-de-lyme\/","title":{"rendered":"Cyclisme : Arnaud De Lie souffrirait de la maladie de Lyme"},"content":{"rendered":"<p style=\"text-align: justify;\"><strong><em>CYCLISME SUR ROUTE 2024 &#8211; Coup dur pour Arnaud De Lie (Lotto-Dstny) qui souffrirait, selon plusieurs sources, de la maladie de Lyme. Ce qui expliquerait son d\u00e9but de saison compliqu\u00e9.<\/em><\/strong><\/p>\n<p style=\"text-align: justify;\">D\u00e9cid\u00e9ment, la Belgique fait face \u00e0 une cascade de mauvaises nouvelles, concernant ses cyclistes. <a href=\"https:\/\/dicodusport.fr\/blog\/cyclisme-le-bilan-medical-est-lourd-pour-wout-van-aert\/\">Apr\u00e8s les fractures dont souffre <strong>Wout Van Aert<\/strong><\/a> (Visma-Lease a Bike), c&rsquo;est au tour d&rsquo;<strong>Arnaud De Lie<\/strong> (Lotto-Dstny) de faire face \u00e0 la malchance. Celle de la maladie. Car, selon la formation Lotto-Dstny, le Belge souffrirait de la maladie de Lyme. Cette maladie, provoqu\u00e9e par les tiques. Une maladie assez s\u00e9rieuse, mais qui, si elle est diagnostiqu\u00e9e t\u00f4t, est bien prise en charge. Cela peut entra\u00eener des \u00e9tourdissements, des maux de t\u00eate, mais aussi des douleurs articulaires. Pour rappel, le Belge avait \u00e9t\u00e9 \u00e9cart\u00e9 de la fin de la saison flandrienne (Tour des Flandres et Paris-Roubaix).<\/p>\n<p style=\"text-align: justify;\">En m\u00e9forme depuis le d\u00e9but de la saison et ayant chut\u00e9 \u00e0 plusieurs reprises, on \u00e9tait d\u00e9j\u00e0 inquiet pour <strong>Arnaud De Lie<\/strong>. Si le diagnostic se r\u00e9v\u00e8le exact, ce n&rsquo;est pas une bonne nouvelle pour lui, car cela peut \u00eatre une maladie chronique. C&rsquo;est aussi un coup de frein pour son \u00e9quipe de la Lotto-Dstny. Avec <strong>Maxim Van Gils<\/strong> qui a lourdement chut\u00e9 lors du Tour de Catalogne et <strong>Lennert Van Eetvelt<\/strong>, touch\u00e9 au genou et forfait pour le Tour de Catalogne. Et dont les classiques ardennaises sont menac\u00e9es. Une avalanche de poisse pour la formation belge, qui r\u00e9alisait jusque-l\u00e0 un excellent d\u00e9but de saison.<\/p>\n<blockquote class=\"twitter-tweet\">\n<p dir=\"ltr\" lang=\"fr\">Forfait pour la suite des classiques, Arnaud De Lie (Lotto-Dstny) a effectu\u00e9 des examens qui ont r\u00e9v\u00e9l\u00e9 qu&rsquo;il souffrait vraisemblablement de la maladie de Lyme (le diagnostic ne peut toutefois pas le garantir \u00e0 100%). Le Belge (22 ans) a commenc\u00e9 un traitement antibiotique. <a href=\"https:\/\/t.co\/fPz0rkCqx1\">pic.twitter.com\/fPz0rkCqx1<\/a><\/p>\n<p>\u2014 Le Gruppetto (@LeGruppetto) <a href=\"https:\/\/twitter.com\/LeGruppetto\/status\/1773275401411830003?ref_src=twsrc%5Etfw\">March 28, 2024<\/a><\/p><\/blockquote>\n<p><script async src=\"https:\/\/platform.twitter.com\/widgets.js\" charset=\"utf-8\"><\/script><\/p>\n","protected":false},"excerpt":{"rendered":"<p>CYCLISME SUR ROUTE 2024 &#8211; Coup dur pour Arnaud De Lie (Lotto-Dstny) qui souffrirait, selon plusieurs sources, de la maladie de Lyme.<\/p>\n","protected":false},"author":83,"featured_media":475235,"comment_status":"open","ping_status":"closed","sticky":false,"template":"","format":"standard","meta":{"_acf_changed":false,"_daextam_enable_autolinks":"1","footnotes":""},"categories":[2307,46994],"tags":[23571,16878,574,28587],"class_list":["post-475228","post","type-post","status-publish","format-standard","has-post-thumbnail","hentry","category-cyclisme","category-cyclisme-sur-route","tag-arnaud-de-lie","tag-breve","tag-cyclisme","tag-lotto-dstny"],"acf":[],"yoast_head":"<!-- This site is optimized with the Yoast SEO Premium plugin v26.7 (Yoast SEO v26.7) - https:\/\/yoast.com\/wordpress\/plugins\/seo\/ -->\n<title>Cyclisme : Arnaud De Lie souffrirait de la maladie de Lyme<\/title>\n<meta name=\"description\" content=\"CYCLISME SUR ROUTE 2024 - Coup dur pour Arnaud De Lie (Lotto-Dstny) qui souffrirait, selon plusieurs sources, de la maladie de Lyme.\" \/>\n<meta name=\"robots\" content=\"index, follow, max-snippet:-1, max-image-preview:large, max-video-preview:-1\" \/>\n<link rel=\"canonical\" href=\"https:\/\/dicodusport.fr\/blog\/cyclisme-arnaud-de-lie-souffrirait-de-la-maladie-de-lyme\/\" \/>\n<meta property=\"og:locale\" content=\"fr_FR\" \/>\n<meta property=\"og:type\" content=\"article\" \/>\n<meta property=\"og:title\" content=\"Cyclisme : Arnaud De Lie souffrirait de la maladie de Lyme\" \/>\n<meta property=\"og:description\" content=\"CYCLISME SUR ROUTE 2024 - Coup dur pour Arnaud De Lie (Lotto-Dstny) qui souffrirait, selon plusieurs sources, de la maladie de Lyme.\" \/>\n<meta property=\"og:url\" content=\"https:\/\/dicodusport.fr\/blog\/cyclisme-arnaud-de-lie-souffrirait-de-la-maladie-de-lyme\/\" \/>\n<meta property=\"og:site_name\" content=\"Dicodusport\" \/>\n<meta property=\"article:publisher\" content=\"https:\/\/www.facebook.com\/dicodusport\" \/>\n<meta property=\"article:published_time\" content=\"2024-03-28T09:44:55+00:00\" \/>\n<meta property=\"article:modified_time\" content=\"2024-03-28T09:48:24+00:00\" \/>\n<meta property=\"og:image\" content=\"https:\/\/dicodusport.fr\/blog\/wp-content\/uploads\/2024\/03\/Cyclisme-Arnaud-De-Lie-souffrirait-de-la-maladie-de-Lyme.png\" \/>\n\t<meta property=\"og:image:width\" content=\"1200\" \/>\n\t<meta property=\"og:image:height\" content=\"674\" \/>\n\t<meta property=\"og:image:type\" content=\"image\/png\" \/>\n<meta name=\"author\" content=\"Etienne Goursaud\" \/>\n<meta name=\"twitter:card\" content=\"summary_large_image\" \/>\n<meta name=\"twitter:title\" content=\"Cyclisme : Arnaud De Lie souffrirait de la maladie de Lyme\" \/>\n<meta name=\"twitter:creator\" content=\"@dicodusport\" \/>\n<meta name=\"twitter:site\" content=\"@dicodusport\" \/>\n<script type=\"application\/ld+json\" class=\"yoast-schema-graph\">{\"@context\":\"https:\/\/schema.org\",\"@graph\":[{\"@type\":\"NewsArticle\",\"@id\":\"https:\/\/dicodusport.fr\/blog\/cyclisme-arnaud-de-lie-souffrirait-de-la-maladie-de-lyme\/#article\",\"isPartOf\":{\"@id\":\"https:\/\/dicodusport.fr\/blog\/cyclisme-arnaud-de-lie-souffrirait-de-la-maladie-de-lyme\/\"},\"author\":{\"name\":\"Etienne Goursaud\",\"@id\":\"https:\/\/dicodusport.fr\/blog\/#\/schema\/person\/d603dd7da31fb2b46c82b9835a77ec13\"},\"headline\":\"Cyclisme : Arnaud De Lie souffrirait de la maladie de Lyme\",\"datePublished\":\"2024-03-28T09:44:55+00:00\",\"dateModified\":\"2024-03-28T09:48:24+00:00\",\"mainEntityOfPage\":{\"@id\":\"https:\/\/dicodusport.fr\/blog\/cyclisme-arnaud-de-lie-souffrirait-de-la-maladie-de-lyme\/\"},\"wordCount\":326,\"commentCount\":0,\"publisher\":{\"@id\":\"https:\/\/dicodusport.fr\/blog\/#organization\"},\"image\":{\"@id\":\"https:\/\/dicodusport.fr\/blog\/cyclisme-arnaud-de-lie-souffrirait-de-la-maladie-de-lyme\/#primaryimage\"},\"thumbnailUrl\":\"https:\/\/dicodusport.fr\/blog\/wp-content\/uploads\/2024\/03\/Cyclisme-Arnaud-De-Lie-souffrirait-de-la-maladie-de-Lyme.png\",\"keywords\":[\"Arnaud De Lie\",\"br\u00e8ve\",\"Cyclisme\",\"Lotto-Dstny\"],\"articleSection\":[\"Cyclisme\",\"Cyclisme sur route\"],\"inLanguage\":\"fr-FR\",\"potentialAction\":[{\"@type\":\"CommentAction\",\"name\":\"Comment\",\"target\":[\"https:\/\/dicodusport.fr\/blog\/cyclisme-arnaud-de-lie-souffrirait-de-la-maladie-de-lyme\/#respond\"]}],\"copyrightYear\":\"2024\",\"copyrightHolder\":{\"@id\":\"https:\/\/dicodusport.fr\/blog\/#organization\"}},{\"@type\":\"WebPage\",\"@id\":\"https:\/\/dicodusport.fr\/blog\/cyclisme-arnaud-de-lie-souffrirait-de-la-maladie-de-lyme\/\",\"url\":\"https:\/\/dicodusport.fr\/blog\/cyclisme-arnaud-de-lie-souffrirait-de-la-maladie-de-lyme\/\",\"name\":\"Cyclisme : Arnaud De Lie souffrirait de la maladie de Lyme\",\"isPartOf\":{\"@id\":\"https:\/\/dicodusport.fr\/blog\/#website\"},\"primaryImageOfPage\":{\"@id\":\"https:\/\/dicodusport.fr\/blog\/cyclisme-arnaud-de-lie-souffrirait-de-la-maladie-de-lyme\/#primaryimage\"},\"image\":{\"@id\":\"https:\/\/dicodusport.fr\/blog\/cyclisme-arnaud-de-lie-souffrirait-de-la-maladie-de-lyme\/#primaryimage\"},\"thumbnailUrl\":\"https:\/\/dicodusport.fr\/blog\/wp-content\/uploads\/2024\/03\/Cyclisme-Arnaud-De-Lie-souffrirait-de-la-maladie-de-Lyme.png\",\"datePublished\":\"2024-03-28T09:44:55+00:00\",\"dateModified\":\"2024-03-28T09:48:24+00:00\",\"description\":\"CYCLISME SUR ROUTE 2024 - Coup dur pour Arnaud De Lie (Lotto-Dstny) qui souffrirait, selon plusieurs sources, de la maladie de Lyme.\",\"breadcrumb\":{\"@id\":\"https:\/\/dicodusport.fr\/blog\/cyclisme-arnaud-de-lie-souffrirait-de-la-maladie-de-lyme\/#breadcrumb\"},\"inLanguage\":\"fr-FR\",\"potentialAction\":[{\"@type\":\"ReadAction\",\"target\":[\"https:\/\/dicodusport.fr\/blog\/cyclisme-arnaud-de-lie-souffrirait-de-la-maladie-de-lyme\/\"]}]},{\"@type\":\"ImageObject\",\"inLanguage\":\"fr-FR\",\"@id\":\"https:\/\/dicodusport.fr\/blog\/cyclisme-arnaud-de-lie-souffrirait-de-la-maladie-de-lyme\/#primaryimage\",\"url\":\"https:\/\/dicodusport.fr\/blog\/wp-content\/uploads\/2024\/03\/Cyclisme-Arnaud-De-Lie-souffrirait-de-la-maladie-de-Lyme.png\",\"contentUrl\":\"https:\/\/dicodusport.fr\/blog\/wp-content\/uploads\/2024\/03\/Cyclisme-Arnaud-De-Lie-souffrirait-de-la-maladie-de-Lyme.png\",\"width\":1200,\"height\":674,\"caption\":\"Cyclisme Arnaud De Lie souffrirait de la maladie de Lyme\"},{\"@type\":\"BreadcrumbList\",\"@id\":\"https:\/\/dicodusport.fr\/blog\/cyclisme-arnaud-de-lie-souffrirait-de-la-maladie-de-lyme\/#breadcrumb\",\"itemListElement\":[{\"@type\":\"ListItem\",\"position\":1,\"name\":\"Accueil\",\"item\":\"https:\/\/dicodusport.fr\/blog\/\"},{\"@type\":\"ListItem\",\"position\":2,\"name\":\"Cyclisme : Arnaud De Lie souffrirait de la maladie de Lyme\"}]},{\"@type\":\"WebSite\",\"@id\":\"https:\/\/dicodusport.fr\/blog\/#website\",\"url\":\"https:\/\/dicodusport.fr\/blog\/\",\"name\":\"Dicodusport\",\"description\":\"L&#039;encyclop\u00e9die de l&#039;actualit\u00e9 sportive\",\"publisher\":{\"@id\":\"https:\/\/dicodusport.fr\/blog\/#organization\"},\"potentialAction\":[{\"@type\":\"SearchAction\",\"target\":{\"@type\":\"EntryPoint\",\"urlTemplate\":\"https:\/\/dicodusport.fr\/blog\/?s={search_term_string}\"},\"query-input\":{\"@type\":\"PropertyValueSpecification\",\"valueRequired\":true,\"valueName\":\"search_term_string\"}}],\"inLanguage\":\"fr-FR\"},{\"@type\":\"NewsMediaOrganization\",\"@id\":\"https:\/\/dicodusport.fr\/blog\/#organization\",\"name\":\"Dicodusport\",\"url\":\"https:\/\/dicodusport.fr\/blog\/\",\"logo\":{\"@type\":\"ImageObject\",\"inLanguage\":\"fr-FR\",\"@id\":\"https:\/\/dicodusport.fr\/blog\/#\/schema\/logo\/image\/\",\"url\":\"https:\/\/dicodusport.fr\/blog\/wp-content\/uploads\/2020\/06\/cropped-LOGO-DICODUSPORT-2020-SANS-FOND-SANS-TEXTE.png\",\"contentUrl\":\"https:\/\/dicodusport.fr\/blog\/wp-content\/uploads\/2020\/06\/cropped-LOGO-DICODUSPORT-2020-SANS-FOND-SANS-TEXTE.png\",\"width\":512,\"height\":512,\"caption\":\"Dicodusport\"},\"image\":{\"@id\":\"https:\/\/dicodusport.fr\/blog\/#\/schema\/logo\/image\/\"},\"sameAs\":[\"https:\/\/www.facebook.com\/dicodusport\",\"https:\/\/x.com\/dicodusport\",\"https:\/\/www.instagram.com\/dicodusport\/\",\"https:\/\/www.youtube.com\/channel\/UC7V2KZ5sd3htJivAbA4ZG3w\"],\"description\":\"Dicodusport est l'encyclop\u00e9die de l'actualit\u00e9 sportive.\",\"email\":\"bonjour@dicodusport.fr\",\"legalName\":\"DICODUSPORT\",\"foundingDate\":\"2018-01-14\",\"vatID\":\"FR71834470973\",\"taxID\":\"83447097300043\",\"numberOfEmployees\":{\"@type\":\"QuantitativeValue\",\"minValue\":\"1\",\"maxValue\":\"10\"}},{\"@type\":\"Person\",\"@id\":\"https:\/\/dicodusport.fr\/blog\/#\/schema\/person\/d603dd7da31fb2b46c82b9835a77ec13\",\"name\":\"Etienne Goursaud\",\"image\":{\"@type\":\"ImageObject\",\"inLanguage\":\"fr-FR\",\"@id\":\"https:\/\/dicodusport.fr\/blog\/#\/schema\/person\/image\/\",\"url\":\"https:\/\/dicodusport.fr\/blog\/wp-content\/uploads\/2023\/12\/410122264_10231602061736049_5565839791558026645_n-150x150.jpg\",\"contentUrl\":\"https:\/\/dicodusport.fr\/blog\/wp-content\/uploads\/2023\/12\/410122264_10231602061736049_5565839791558026645_n-150x150.jpg\",\"caption\":\"Etienne Goursaud\"},\"description\":\"Journaliste et amoureux de sport. Ancien footballeur reconverti athl\u00e8te quand ses muscles le laissent tranquille. \u00c9lev\u00e9 \u00e0 la sauce des exploits de Thomas Voeckler en 2004, du dernier essai de l\u00e9gende de Eunice Barber \u00e0 la longueur lors des championnats du monde d'athl\u00e9tisme de 2003 mais aussi Zidane, Omeyer et Titou Lamaison.\",\"url\":\"https:\/\/dicodusport.fr\/blog\/author\/etienne-goursaud\/\"}]}<\/script>\n<!-- \/ Yoast SEO Premium plugin. -->","yoast_head_json":{"title":"Cyclisme : Arnaud De Lie souffrirait de la maladie de Lyme","description":"CYCLISME SUR ROUTE 2024 - Coup dur pour Arnaud De Lie (Lotto-Dstny) qui souffrirait, selon plusieurs sources, de la maladie de Lyme.","robots":{"index":"index","follow":"follow","max-snippet":"max-snippet:-1","max-image-preview":"max-image-preview:large","max-video-preview":"max-video-preview:-1"},"canonical":"https:\/\/dicodusport.fr\/blog\/cyclisme-arnaud-de-lie-souffrirait-de-la-maladie-de-lyme\/","og_locale":"fr_FR","og_type":"article","og_title":"Cyclisme : Arnaud De Lie souffrirait de la maladie de Lyme","og_description":"CYCLISME SUR ROUTE 2024 - Coup dur pour Arnaud De Lie (Lotto-Dstny) qui souffrirait, selon plusieurs sources, de la maladie de Lyme.","og_url":"https:\/\/dicodusport.fr\/blog\/cyclisme-arnaud-de-lie-souffrirait-de-la-maladie-de-lyme\/","og_site_name":"Dicodusport","article_publisher":"https:\/\/www.facebook.com\/dicodusport","article_published_time":"2024-03-28T09:44:55+00:00","article_modified_time":"2024-03-28T09:48:24+00:00","og_image":[{"width":1200,"height":674,"url":"https:\/\/dicodusport.fr\/blog\/wp-content\/uploads\/2024\/03\/Cyclisme-Arnaud-De-Lie-souffrirait-de-la-maladie-de-Lyme.png","type":"image\/png"}],"author":"Etienne Goursaud","twitter_card":"summary_large_image","twitter_title":"Cyclisme : Arnaud De Lie souffrirait de la maladie de Lyme","twitter_creator":"@dicodusport","twitter_site":"@dicodusport","schema":{"@context":"https:\/\/schema.org","@graph":[{"@type":"NewsArticle","@id":"https:\/\/dicodusport.fr\/blog\/cyclisme-arnaud-de-lie-souffrirait-de-la-maladie-de-lyme\/#article","isPartOf":{"@id":"https:\/\/dicodusport.fr\/blog\/cyclisme-arnaud-de-lie-souffrirait-de-la-maladie-de-lyme\/"},"author":{"name":"Etienne Goursaud","@id":"https:\/\/dicodusport.fr\/blog\/#\/schema\/person\/d603dd7da31fb2b46c82b9835a77ec13"},"headline":"Cyclisme : Arnaud De Lie souffrirait de la maladie de Lyme","datePublished":"2024-03-28T09:44:55+00:00","dateModified":"2024-03-28T09:48:24+00:00","mainEntityOfPage":{"@id":"https:\/\/dicodusport.fr\/blog\/cyclisme-arnaud-de-lie-souffrirait-de-la-maladie-de-lyme\/"},"wordCount":326,"commentCount":0,"publisher":{"@id":"https:\/\/dicodusport.fr\/blog\/#organization"},"image":{"@id":"https:\/\/dicodusport.fr\/blog\/cyclisme-arnaud-de-lie-souffrirait-de-la-maladie-de-lyme\/#primaryimage"},"thumbnailUrl":"https:\/\/dicodusport.fr\/blog\/wp-content\/uploads\/2024\/03\/Cyclisme-Arnaud-De-Lie-souffrirait-de-la-maladie-de-Lyme.png","keywords":["Arnaud De Lie","br\u00e8ve","Cyclisme","Lotto-Dstny"],"articleSection":["Cyclisme","Cyclisme sur route"],"inLanguage":"fr-FR","potentialAction":[{"@type":"CommentAction","name":"Comment","target":["https:\/\/dicodusport.fr\/blog\/cyclisme-arnaud-de-lie-souffrirait-de-la-maladie-de-lyme\/#respond"]}],"copyrightYear":"2024","copyrightHolder":{"@id":"https:\/\/dicodusport.fr\/blog\/#organization"}},{"@type":"WebPage","@id":"https:\/\/dicodusport.fr\/blog\/cyclisme-arnaud-de-lie-souffrirait-de-la-maladie-de-lyme\/","url":"https:\/\/dicodusport.fr\/blog\/cyclisme-arnaud-de-lie-souffrirait-de-la-maladie-de-lyme\/","name":"Cyclisme : Arnaud De Lie souffrirait de la maladie de Lyme","isPartOf":{"@id":"https:\/\/dicodusport.fr\/blog\/#website"},"primaryImageOfPage":{"@id":"https:\/\/dicodusport.fr\/blog\/cyclisme-arnaud-de-lie-souffrirait-de-la-maladie-de-lyme\/#primaryimage"},"image":{"@id":"https:\/\/dicodusport.fr\/blog\/cyclisme-arnaud-de-lie-souffrirait-de-la-maladie-de-lyme\/#primaryimage"},"thumbnailUrl":"https:\/\/dicodusport.fr\/blog\/wp-content\/uploads\/2024\/03\/Cyclisme-Arnaud-De-Lie-souffrirait-de-la-maladie-de-Lyme.png","datePublished":"2024-03-28T09:44:55+00:00","dateModified":"2024-03-28T09:48:24+00:00","description":"CYCLISME SUR ROUTE 2024 - Coup dur pour Arnaud De Lie (Lotto-Dstny) qui souffrirait, selon plusieurs sources, de la maladie de Lyme.","breadcrumb":{"@id":"https:\/\/dicodusport.fr\/blog\/cyclisme-arnaud-de-lie-souffrirait-de-la-maladie-de-lyme\/#breadcrumb"},"inLanguage":"fr-FR","potentialAction":[{"@type":"ReadAction","target":["https:\/\/dicodusport.fr\/blog\/cyclisme-arnaud-de-lie-souffrirait-de-la-maladie-de-lyme\/"]}]},{"@type":"ImageObject","inLanguage":"fr-FR","@id":"https:\/\/dicodusport.fr\/blog\/cyclisme-arnaud-de-lie-souffrirait-de-la-maladie-de-lyme\/#primaryimage","url":"https:\/\/dicodusport.fr\/blog\/wp-content\/uploads\/2024\/03\/Cyclisme-Arnaud-De-Lie-souffrirait-de-la-maladie-de-Lyme.png","contentUrl":"https:\/\/dicodusport.fr\/blog\/wp-content\/uploads\/2024\/03\/Cyclisme-Arnaud-De-Lie-souffrirait-de-la-maladie-de-Lyme.png","width":1200,"height":674,"caption":"Cyclisme Arnaud De Lie souffrirait de la maladie de Lyme"},{"@type":"BreadcrumbList","@id":"https:\/\/dicodusport.fr\/blog\/cyclisme-arnaud-de-lie-souffrirait-de-la-maladie-de-lyme\/#breadcrumb","itemListElement":[{"@type":"ListItem","position":1,"name":"Accueil","item":"https:\/\/dicodusport.fr\/blog\/"},{"@type":"ListItem","position":2,"name":"Cyclisme : Arnaud De Lie souffrirait de la maladie de Lyme"}]},{"@type":"WebSite","@id":"https:\/\/dicodusport.fr\/blog\/#website","url":"https:\/\/dicodusport.fr\/blog\/","name":"Dicodusport","description":"L&#039;encyclop\u00e9die de l&#039;actualit\u00e9 sportive","publisher":{"@id":"https:\/\/dicodusport.fr\/blog\/#organization"},"potentialAction":[{"@type":"SearchAction","target":{"@type":"EntryPoint","urlTemplate":"https:\/\/dicodusport.fr\/blog\/?s={search_term_string}"},"query-input":{"@type":"PropertyValueSpecification","valueRequired":true,"valueName":"search_term_string"}}],"inLanguage":"fr-FR"},{"@type":"NewsMediaOrganization","@id":"https:\/\/dicodusport.fr\/blog\/#organization","name":"Dicodusport","url":"https:\/\/dicodusport.fr\/blog\/","logo":{"@type":"ImageObject","inLanguage":"fr-FR","@id":"https:\/\/dicodusport.fr\/blog\/#\/schema\/logo\/image\/","url":"https:\/\/dicodusport.fr\/blog\/wp-content\/uploads\/2020\/06\/cropped-LOGO-DICODUSPORT-2020-SANS-FOND-SANS-TEXTE.png","contentUrl":"https:\/\/dicodusport.fr\/blog\/wp-content\/uploads\/2020\/06\/cropped-LOGO-DICODUSPORT-2020-SANS-FOND-SANS-TEXTE.png","width":512,"height":512,"caption":"Dicodusport"},"image":{"@id":"https:\/\/dicodusport.fr\/blog\/#\/schema\/logo\/image\/"},"sameAs":["https:\/\/www.facebook.com\/dicodusport","https:\/\/x.com\/dicodusport","https:\/\/www.instagram.com\/dicodusport\/","https:\/\/www.youtube.com\/channel\/UC7V2KZ5sd3htJivAbA4ZG3w"],"description":"Dicodusport est l'encyclop\u00e9die de l'actualit\u00e9 sportive.","email":"bonjour@dicodusport.fr","legalName":"DICODUSPORT","foundingDate":"2018-01-14","vatID":"FR71834470973","taxID":"83447097300043","numberOfEmployees":{"@type":"QuantitativeValue","minValue":"1","maxValue":"10"}},{"@type":"Person","@id":"https:\/\/dicodusport.fr\/blog\/#\/schema\/person\/d603dd7da31fb2b46c82b9835a77ec13","name":"Etienne Goursaud","image":{"@type":"ImageObject","inLanguage":"fr-FR","@id":"https:\/\/dicodusport.fr\/blog\/#\/schema\/person\/image\/","url":"https:\/\/dicodusport.fr\/blog\/wp-content\/uploads\/2023\/12\/410122264_10231602061736049_5565839791558026645_n-150x150.jpg","contentUrl":"https:\/\/dicodusport.fr\/blog\/wp-content\/uploads\/2023\/12\/410122264_10231602061736049_5565839791558026645_n-150x150.jpg","caption":"Etienne Goursaud"},"description":"Journaliste et amoureux de sport. Ancien footballeur reconverti athl\u00e8te quand ses muscles le laissent tranquille. \u00c9lev\u00e9 \u00e0 la sauce des exploits de Thomas Voeckler en 2004, du dernier essai de l\u00e9gende de Eunice Barber \u00e0 la longueur lors des championnats du monde d'athl\u00e9tisme de 2003 mais aussi Zidane, Omeyer et Titou Lamaison.","url":"https:\/\/dicodusport.fr\/blog\/author\/etienne-goursaud\/"}]}},"_links":{"self":[{"href":"https:\/\/dicodusport.fr\/blog\/wp-json\/wp\/v2\/posts\/475228","targetHints":{"allow":["GET"]}}],"collection":[{"href":"https:\/\/dicodusport.fr\/blog\/wp-json\/wp\/v2\/posts"}],"about":[{"href":"https:\/\/dicodusport.fr\/blog\/wp-json\/wp\/v2\/types\/post"}],"author":[{"embeddable":true,"href":"https:\/\/dicodusport.fr\/blog\/wp-json\/wp\/v2\/users\/83"}],"replies":[{"embeddable":true,"href":"https:\/\/dicodusport.fr\/blog\/wp-json\/wp\/v2\/comments?post=475228"}],"version-history":[{"count":4,"href":"https:\/\/dicodusport.fr\/blog\/wp-json\/wp\/v2\/posts\/475228\/revisions"}],"predecessor-version":[{"id":475237,"href":"https:\/\/dicodusport.fr\/blog\/wp-json\/wp\/v2\/posts\/475228\/revisions\/475237"}],"wp:featuredmedia":[{"embeddable":true,"href":"https:\/\/dicodusport.fr\/blog\/wp-json\/wp\/v2\/media\/475235"}],"wp:attachment":[{"href":"https:\/\/dicodusport.fr\/blog\/wp-json\/wp\/v2\/media?parent=475228"}],"wp:term":[{"taxonomy":"category","embeddable":true,"href":"https:\/\/dicodusport.fr\/blog\/wp-json\/wp\/v2\/categories?post=475228"},{"taxonomy":"post_tag","embeddable":true,"href":"https:\/\/dicodusport.fr\/blog\/wp-json\/wp\/v2\/tags?post=475228"}],"curies":[{"name":"wp","href":"https:\/\/api.w.org\/{rel}","templated":true}]}}