{"id":47558,"date":"2019-09-08T19:44:07","date_gmt":"2019-09-08T17:44:07","guid":{"rendered":"http:\/\/dicodusport.fr\/blog\/?p=47558&#038;preview=true&#038;preview_id=47558"},"modified":"2020-05-15T19:01:06","modified_gmt":"2020-05-15T17:01:06","slug":"vtt-pauline-ferrand-prevot-toujours-sur-un-nuage-triomphe-a-snowshoe","status":"publish","type":"post","link":"https:\/\/dicodusport.fr\/blog\/vtt-pauline-ferrand-prevot-toujours-sur-un-nuage-triomphe-a-snowshoe\/","title":{"rendered":"VTT : Pauline Ferrand-Pr\u00e9vot, toujours sur un nuage, triomphe \u00e0 Snowshoe"},"content":{"rendered":"<p style=\"text-align: justify;\"><strong><em>Magnifique Pauline Ferrand-Pr\u00e9vot ! Championne du monde la semaine pass\u00e9e, la Fran\u00e7aise s&rsquo;est impos\u00e9e au finish \u00e0 Snowshoe (USA), th\u00e9\u00e2tre de la derni\u00e8re manche de la Coupe du monde de VTT. Le classement g\u00e9n\u00e9ral revient quant \u00e0 lui \u00e0 l&rsquo;Am\u00e9ricaine Kate Courtney.<br \/>\n<\/em><\/strong><\/p>\n<p style=\"text-align: justify;\">Sur un nuage. Ce dimanche, <a href=\"https:\/\/dicodusport.fr\/blog\/tag\/pauline-ferrand-prevot\/\" target=\"_blank\" rel=\"noopener noreferrer\"><strong>Pauline Ferrand-Pr\u00e9vot<\/strong><\/a> a de nouveau lev\u00e9 les bras, lors de la derni\u00e8re manche de la Coupe du monde de cross-country \u00e0 <strong>Snowshoe<\/strong>, aux USA. La R\u00e9moise, qui a d\u00e9croch\u00e9 <a href=\"https:\/\/dicodusport.fr\/blog\/vtt-cross-country-pauline-ferrand-prevot-sur-le-toit-du-monde\/\" target=\"_blank\" rel=\"noopener noreferrer\">son deuxi\u00e8me titre mondial le week-end pass\u00e9 \u00e0 Mont-Sainte-Anne<\/a>, a r\u00e9alis\u00e9 une fin de course de folie pour venir cueillir sa quatri\u00e8me victoire de la saison, apr\u00e8s son succ\u00e8s \u00e0 Val di Sole, la short-track de Lenzerheide et donc sa deuxi\u00e8me couronne mondiale. La Fran\u00e7aise, revenue dans le dernier tour sur <strong>Anne Terpstra<\/strong>, a ensuite domin\u00e9 la N\u00e9erlandaise au sprint. La Britannique <strong>Annie Last<\/strong> compl\u00e8te quant \u00e0 elle le podium.<\/p>\n<h2 style=\"text-align: justify;\">Un suspense total pour le classement g\u00e9n\u00e9ral<\/h2>\n<p style=\"text-align: justify;\">Dans la course au classement g\u00e9n\u00e9ral de la Coupe du monde, la lutte aura \u00e9t\u00e9 incroyable jusqu&rsquo;aux derniers m\u00e8tres de la course ce dimanche. La Suissesse <strong>Jolanda Neff<\/strong> entamait la course avec un matelas de 20 points d&rsquo;avance sur l&rsquo;Am\u00e9ricaine et championne du monde 2018, <strong>Kate Courtney<\/strong>. Mais, coup de th\u00e9\u00e2tre, <strong>Neff<\/strong>, qui n&rsquo;a pas lev\u00e9 les bras une seule fois cette saison en Coupe du monde, craquait totalement d\u00e8s le deuxi\u00e8me tour. Devant elle, <strong>Kate Courtney<\/strong> s&rsquo;accrochait avant de c\u00e9der \u00e0 deux tours de l&rsquo;arriv\u00e9e. Au courage, elle parvenait \u00e0 terminer cinqui\u00e8me. Suffisant pour enlever le g\u00e9n\u00e9ral devant <strong>Jolanda Neff<\/strong>, finalement 11\u00e8me ce dimanche, et <strong>Pauline Ferrand-Pr\u00e9vot<\/strong>, qui a r\u00e9alis\u00e9 une fin de saison canon.<\/p>\n<blockquote class=\"twitter-tweet\">\n<p dir=\"ltr\" lang=\"en\">&#x1f51d;1&#xfe0f;&#x20e3;0&#xfe0f;&#x20e3;<\/p>\n<p>Today\u2019s top 10 and the overall top 10.<\/p>\n<p>The depth of talent in this women\u2019s field and the racing it produces is just awesome!<\/p>\n<p>&#x1f4aa;&#x1f4aa;&#x1f4aa;<a href=\"https:\/\/twitter.com\/hashtag\/MBWorldCup?src=hash&amp;ref_src=twsrc%5Etfw\">#MBWorldCup<\/a> <a href=\"https:\/\/t.co\/aAKja2xJhQ\">pic.twitter.com\/aAKja2xJhQ<\/a><\/p>\n<p>\u2014 UCI MTB (@UCI_MTB) <a href=\"https:\/\/twitter.com\/UCI_MTB\/status\/1170758071037173762?ref_src=twsrc%5Etfw\">September 8, 2019<\/a><\/p><\/blockquote>\n<p><script async src=\"https:\/\/platform.twitter.com\/widgets.js\" charset=\"utf-8\"><\/script><\/p>\n<p><strong><em>Dicodusport<br \/>\n<a href=\"https:\/\/www.facebook.com\/dicodusport\/\" target=\"_blank\" rel=\"noopener noreferrer\"><img loading=\"lazy\" decoding=\"async\" class=\"alignnone wp-image-2909\" src=\"http:\/\/dicodusport.fr\/blog\/wp-content\/uploads\/2017\/07\/logo-facebook-150x150.png\" alt=\"\" width=\"40\" height=\"40\" \/><\/a><a href=\"https:\/\/twitter.com\/dicodusport\" target=\"_blank\" rel=\"noopener noreferrer\"><img loading=\"lazy\" decoding=\"async\" class=\"alignnone wp-image-2908\" src=\"http:\/\/dicodusport.fr\/blog\/wp-content\/uploads\/2017\/07\/logo-twitter-150x150.png\" alt=\"\" width=\"39\" height=\"39\" \/><\/a><\/em><\/strong><\/p>\n","protected":false},"excerpt":{"rendered":"<p>Magnifique Pauline Ferrand-Pr\u00e9vot ! Championne du monde la semaine pass\u00e9e, la Fran\u00e7aise s&rsquo;est impos\u00e9e au finish \u00e0 Snowshoe (USA), th\u00e9\u00e2tre de la derni\u00e8re manche de la Coupe du monde de VTT.<\/p>\n","protected":false},"author":4,"featured_media":47565,"comment_status":"open","ping_status":"closed","sticky":false,"template":"","format":"standard","meta":{"_acf_changed":false,"_daextam_enable_autolinks":"","footnotes":""},"categories":[2307,10279],"tags":[1710,1340,24,692],"class_list":["post-47558","post","type-post","status-publish","format-standard","has-post-thumbnail","hentry","category-cyclisme","category-vtt","tag-cross-country","tag-pauline-ferrand-prevot","tag-sport","tag-vtt"],"acf":[],"yoast_head":"<!-- This site is optimized with the Yoast SEO Premium plugin v26.7 (Yoast SEO v26.7) - https:\/\/yoast.com\/wordpress\/plugins\/seo\/ -->\n<title>VTT : Pauline Ferrand-Pr\u00e9vot, toujours sur un nuage, triomphe \u00e0 Snowshoe<\/title>\n<meta name=\"description\" content=\"Championne du monde la semaine pass\u00e9e, Pauline Ferrand-Pr\u00e9vot s&#039;est impos\u00e9e au finish \u00e0 Snowshoe, th\u00e9\u00e2tre de la derni\u00e8re manche de la Coupe du monde de VTT.\" \/>\n<meta name=\"robots\" content=\"index, follow, max-snippet:-1, max-image-preview:large, max-video-preview:-1\" \/>\n<link rel=\"canonical\" href=\"https:\/\/dicodusport.fr\/blog\/vtt-pauline-ferrand-prevot-toujours-sur-un-nuage-triomphe-a-snowshoe\/\" \/>\n<meta property=\"og:locale\" content=\"fr_FR\" \/>\n<meta property=\"og:type\" content=\"article\" \/>\n<meta property=\"og:title\" content=\"VTT : Pauline Ferrand-Pr\u00e9vot, toujours sur un nuage, triomphe \u00e0 Snowshoe\" \/>\n<meta property=\"og:description\" content=\"Championne du monde la semaine pass\u00e9e, Pauline Ferrand-Pr\u00e9vot s&#039;est impos\u00e9e au finish \u00e0 Snowshoe, th\u00e9\u00e2tre de la derni\u00e8re manche de la Coupe du monde de VTT.\" \/>\n<meta property=\"og:url\" content=\"https:\/\/dicodusport.fr\/blog\/vtt-pauline-ferrand-prevot-toujours-sur-un-nuage-triomphe-a-snowshoe\/\" \/>\n<meta property=\"og:site_name\" content=\"Dicodusport\" \/>\n<meta property=\"article:publisher\" content=\"https:\/\/www.facebook.com\/dicodusport\" \/>\n<meta property=\"article:author\" content=\"https:\/\/www.facebook.com\/florent.ostermann\" \/>\n<meta property=\"article:published_time\" content=\"2019-09-08T17:44:07+00:00\" \/>\n<meta property=\"article:modified_time\" content=\"2020-05-15T17:01:06+00:00\" \/>\n<meta property=\"og:image\" content=\"https:\/\/dicodusport.fr\/blog\/wp-content\/uploads\/2019\/09\/Pauline-Ferrand-Pr\u00e9vot-Snowshoe.png\" \/>\n\t<meta property=\"og:image:width\" content=\"800\" \/>\n\t<meta property=\"og:image:height\" content=\"445\" \/>\n\t<meta property=\"og:image:type\" content=\"image\/png\" \/>\n<meta name=\"author\" content=\"Flo Ostermann\" \/>\n<meta name=\"twitter:card\" content=\"summary_large_image\" \/>\n<meta name=\"twitter:title\" content=\"VTT : Pauline Ferrand-Pr\u00e9vot, toujours sur un nuage, triomphe \u00e0 Snowshoe\" \/>\n<meta name=\"twitter:creator\" content=\"@https:\/\/twitter.com\/FlOstermann\" \/>\n<meta name=\"twitter:site\" content=\"@dicodusport\" \/>\n<script type=\"application\/ld+json\" class=\"yoast-schema-graph\">{\"@context\":\"https:\/\/schema.org\",\"@graph\":[{\"@type\":\"NewsArticle\",\"@id\":\"https:\/\/dicodusport.fr\/blog\/vtt-pauline-ferrand-prevot-toujours-sur-un-nuage-triomphe-a-snowshoe\/#article\",\"isPartOf\":{\"@id\":\"https:\/\/dicodusport.fr\/blog\/vtt-pauline-ferrand-prevot-toujours-sur-un-nuage-triomphe-a-snowshoe\/\"},\"author\":{\"name\":\"Flo Ostermann\",\"@id\":\"https:\/\/dicodusport.fr\/blog\/#\/schema\/person\/cb02af4c173ce4a653b55e9baf388d4a\"},\"headline\":\"VTT : Pauline Ferrand-Pr\u00e9vot, toujours sur un nuage, triomphe \u00e0 Snowshoe\",\"datePublished\":\"2019-09-08T17:44:07+00:00\",\"dateModified\":\"2020-05-15T17:01:06+00:00\",\"mainEntityOfPage\":{\"@id\":\"https:\/\/dicodusport.fr\/blog\/vtt-pauline-ferrand-prevot-toujours-sur-un-nuage-triomphe-a-snowshoe\/\"},\"wordCount\":369,\"commentCount\":1,\"publisher\":{\"@id\":\"https:\/\/dicodusport.fr\/blog\/#organization\"},\"image\":{\"@id\":\"https:\/\/dicodusport.fr\/blog\/vtt-pauline-ferrand-prevot-toujours-sur-un-nuage-triomphe-a-snowshoe\/#primaryimage\"},\"thumbnailUrl\":\"https:\/\/dicodusport.fr\/blog\/wp-content\/uploads\/2019\/09\/Pauline-Ferrand-Pr\u00e9vot-Snowshoe.png\",\"keywords\":[\"cross country\",\"Pauline Ferrand-Pr\u00e9vot\",\"sport\",\"VTT\"],\"articleSection\":[\"Cyclisme\",\"VTT\"],\"inLanguage\":\"fr-FR\",\"potentialAction\":[{\"@type\":\"CommentAction\",\"name\":\"Comment\",\"target\":[\"https:\/\/dicodusport.fr\/blog\/vtt-pauline-ferrand-prevot-toujours-sur-un-nuage-triomphe-a-snowshoe\/#respond\"]}],\"copyrightYear\":\"2019\",\"copyrightHolder\":{\"@id\":\"https:\/\/dicodusport.fr\/blog\/#organization\"}},{\"@type\":\"WebPage\",\"@id\":\"https:\/\/dicodusport.fr\/blog\/vtt-pauline-ferrand-prevot-toujours-sur-un-nuage-triomphe-a-snowshoe\/\",\"url\":\"https:\/\/dicodusport.fr\/blog\/vtt-pauline-ferrand-prevot-toujours-sur-un-nuage-triomphe-a-snowshoe\/\",\"name\":\"VTT : Pauline Ferrand-Pr\u00e9vot, toujours sur un nuage, triomphe \u00e0 Snowshoe\",\"isPartOf\":{\"@id\":\"https:\/\/dicodusport.fr\/blog\/#website\"},\"primaryImageOfPage\":{\"@id\":\"https:\/\/dicodusport.fr\/blog\/vtt-pauline-ferrand-prevot-toujours-sur-un-nuage-triomphe-a-snowshoe\/#primaryimage\"},\"image\":{\"@id\":\"https:\/\/dicodusport.fr\/blog\/vtt-pauline-ferrand-prevot-toujours-sur-un-nuage-triomphe-a-snowshoe\/#primaryimage\"},\"thumbnailUrl\":\"https:\/\/dicodusport.fr\/blog\/wp-content\/uploads\/2019\/09\/Pauline-Ferrand-Pr\u00e9vot-Snowshoe.png\",\"datePublished\":\"2019-09-08T17:44:07+00:00\",\"dateModified\":\"2020-05-15T17:01:06+00:00\",\"description\":\"Championne du monde la semaine pass\u00e9e, Pauline Ferrand-Pr\u00e9vot s'est impos\u00e9e au finish \u00e0 Snowshoe, th\u00e9\u00e2tre de la derni\u00e8re manche de la Coupe du monde de VTT.\",\"breadcrumb\":{\"@id\":\"https:\/\/dicodusport.fr\/blog\/vtt-pauline-ferrand-prevot-toujours-sur-un-nuage-triomphe-a-snowshoe\/#breadcrumb\"},\"inLanguage\":\"fr-FR\",\"potentialAction\":[{\"@type\":\"ReadAction\",\"target\":[\"https:\/\/dicodusport.fr\/blog\/vtt-pauline-ferrand-prevot-toujours-sur-un-nuage-triomphe-a-snowshoe\/\"]}]},{\"@type\":\"ImageObject\",\"inLanguage\":\"fr-FR\",\"@id\":\"https:\/\/dicodusport.fr\/blog\/vtt-pauline-ferrand-prevot-toujours-sur-un-nuage-triomphe-a-snowshoe\/#primaryimage\",\"url\":\"https:\/\/dicodusport.fr\/blog\/wp-content\/uploads\/2019\/09\/Pauline-Ferrand-Pr\u00e9vot-Snowshoe.png\",\"contentUrl\":\"https:\/\/dicodusport.fr\/blog\/wp-content\/uploads\/2019\/09\/Pauline-Ferrand-Pr\u00e9vot-Snowshoe.png\",\"width\":800,\"height\":445},{\"@type\":\"BreadcrumbList\",\"@id\":\"https:\/\/dicodusport.fr\/blog\/vtt-pauline-ferrand-prevot-toujours-sur-un-nuage-triomphe-a-snowshoe\/#breadcrumb\",\"itemListElement\":[{\"@type\":\"ListItem\",\"position\":1,\"name\":\"Accueil\",\"item\":\"https:\/\/dicodusport.fr\/blog\/\"},{\"@type\":\"ListItem\",\"position\":2,\"name\":\"VTT : Pauline Ferrand-Pr\u00e9vot, toujours sur un nuage, triomphe \u00e0 Snowshoe\"}]},{\"@type\":\"WebSite\",\"@id\":\"https:\/\/dicodusport.fr\/blog\/#website\",\"url\":\"https:\/\/dicodusport.fr\/blog\/\",\"name\":\"Dicodusport\",\"description\":\"L&#039;encyclop\u00e9die de l&#039;actualit\u00e9 sportive\",\"publisher\":{\"@id\":\"https:\/\/dicodusport.fr\/blog\/#organization\"},\"potentialAction\":[{\"@type\":\"SearchAction\",\"target\":{\"@type\":\"EntryPoint\",\"urlTemplate\":\"https:\/\/dicodusport.fr\/blog\/?s={search_term_string}\"},\"query-input\":{\"@type\":\"PropertyValueSpecification\",\"valueRequired\":true,\"valueName\":\"search_term_string\"}}],\"inLanguage\":\"fr-FR\"},{\"@type\":\"NewsMediaOrganization\",\"@id\":\"https:\/\/dicodusport.fr\/blog\/#organization\",\"name\":\"Dicodusport\",\"url\":\"https:\/\/dicodusport.fr\/blog\/\",\"logo\":{\"@type\":\"ImageObject\",\"inLanguage\":\"fr-FR\",\"@id\":\"https:\/\/dicodusport.fr\/blog\/#\/schema\/logo\/image\/\",\"url\":\"https:\/\/dicodusport.fr\/blog\/wp-content\/uploads\/2020\/06\/cropped-LOGO-DICODUSPORT-2020-SANS-FOND-SANS-TEXTE.png\",\"contentUrl\":\"https:\/\/dicodusport.fr\/blog\/wp-content\/uploads\/2020\/06\/cropped-LOGO-DICODUSPORT-2020-SANS-FOND-SANS-TEXTE.png\",\"width\":512,\"height\":512,\"caption\":\"Dicodusport\"},\"image\":{\"@id\":\"https:\/\/dicodusport.fr\/blog\/#\/schema\/logo\/image\/\"},\"sameAs\":[\"https:\/\/www.facebook.com\/dicodusport\",\"https:\/\/x.com\/dicodusport\",\"https:\/\/www.instagram.com\/dicodusport\/\",\"https:\/\/www.youtube.com\/channel\/UC7V2KZ5sd3htJivAbA4ZG3w\"],\"description\":\"Dicodusport est l'encyclop\u00e9die de l'actualit\u00e9 sportive.\",\"email\":\"bonjour@dicodusport.fr\",\"legalName\":\"DICODUSPORT\",\"foundingDate\":\"2018-01-14\",\"vatID\":\"FR71834470973\",\"taxID\":\"83447097300043\",\"numberOfEmployees\":{\"@type\":\"QuantitativeValue\",\"minValue\":\"1\",\"maxValue\":\"10\"}},{\"@type\":\"Person\",\"@id\":\"https:\/\/dicodusport.fr\/blog\/#\/schema\/person\/cb02af4c173ce4a653b55e9baf388d4a\",\"name\":\"Flo Ostermann\",\"image\":{\"@type\":\"ImageObject\",\"inLanguage\":\"fr-FR\",\"@id\":\"https:\/\/dicodusport.fr\/blog\/#\/schema\/person\/image\/\",\"url\":\"https:\/\/dicodusport.fr\/blog\/wp-content\/uploads\/2021\/05\/Flo-Ostermann-150x150.jpg\",\"contentUrl\":\"https:\/\/dicodusport.fr\/blog\/wp-content\/uploads\/2021\/05\/Flo-Ostermann-150x150.jpg\",\"caption\":\"Flo Ostermann\"},\"description\":\"Journaliste\/R\u00e9dacteur depuis septembre 2015 - Mes premiers souvenirs dans le sport ? Les envol\u00e9es du Stade Toulousain et les duels Villeneuve-Schumacher et H\u00e4kkinen-Schumacher \u00e0 la fin des ann\u00e9es 90, la Coupe du monde de football en 1998, l\u2019exploit du XV de France face aux All Blacks en 1999, mais aussi Richard C\u0153ur de Lion qui vole sur les montagnes du Tour de France. Bien parti pour devenir professeur d\u2019EPS, les \u00e9v\u00e9nements de la vie (et la flemme d\u2019animer des s\u00e9ances de 3x500 m\u00e8tres toute ma vie) m\u2019ont conduit \u00e0 revoir mes plans. Me voil\u00e0 depuis fin 2017 sur Dicodusport, m\u00e9dia gr\u00e2ce (et pour) lequel je partage ma passion : le sport dans tous ses \u00e9tats. Le tout accompagn\u00e9 par les fous furieux et folles furieuses cit\u00e9s sur cette page !\",\"sameAs\":[\"https:\/\/www.facebook.com\/florent.ostermann\",\"https:\/\/x.com\/https:\/\/twitter.com\/FlOstermann\",\"admin\"],\"url\":\"https:\/\/dicodusport.fr\/blog\/author\/flo\/\"}]}<\/script>\n<!-- \/ Yoast SEO Premium plugin. -->","yoast_head_json":{"title":"VTT : Pauline Ferrand-Pr\u00e9vot, toujours sur un nuage, triomphe \u00e0 Snowshoe","description":"Championne du monde la semaine pass\u00e9e, Pauline Ferrand-Pr\u00e9vot s'est impos\u00e9e au finish \u00e0 Snowshoe, th\u00e9\u00e2tre de la derni\u00e8re manche de la Coupe du monde de VTT.","robots":{"index":"index","follow":"follow","max-snippet":"max-snippet:-1","max-image-preview":"max-image-preview:large","max-video-preview":"max-video-preview:-1"},"canonical":"https:\/\/dicodusport.fr\/blog\/vtt-pauline-ferrand-prevot-toujours-sur-un-nuage-triomphe-a-snowshoe\/","og_locale":"fr_FR","og_type":"article","og_title":"VTT : Pauline Ferrand-Pr\u00e9vot, toujours sur un nuage, triomphe \u00e0 Snowshoe","og_description":"Championne du monde la semaine pass\u00e9e, Pauline Ferrand-Pr\u00e9vot s'est impos\u00e9e au finish \u00e0 Snowshoe, th\u00e9\u00e2tre de la derni\u00e8re manche de la Coupe du monde de VTT.","og_url":"https:\/\/dicodusport.fr\/blog\/vtt-pauline-ferrand-prevot-toujours-sur-un-nuage-triomphe-a-snowshoe\/","og_site_name":"Dicodusport","article_publisher":"https:\/\/www.facebook.com\/dicodusport","article_author":"https:\/\/www.facebook.com\/florent.ostermann","article_published_time":"2019-09-08T17:44:07+00:00","article_modified_time":"2020-05-15T17:01:06+00:00","og_image":[{"width":800,"height":445,"url":"https:\/\/dicodusport.fr\/blog\/wp-content\/uploads\/2019\/09\/Pauline-Ferrand-Pr\u00e9vot-Snowshoe.png","type":"image\/png"}],"author":"Flo Ostermann","twitter_card":"summary_large_image","twitter_title":"VTT : Pauline Ferrand-Pr\u00e9vot, toujours sur un nuage, triomphe \u00e0 Snowshoe","twitter_creator":"@https:\/\/twitter.com\/FlOstermann","twitter_site":"@dicodusport","schema":{"@context":"https:\/\/schema.org","@graph":[{"@type":"NewsArticle","@id":"https:\/\/dicodusport.fr\/blog\/vtt-pauline-ferrand-prevot-toujours-sur-un-nuage-triomphe-a-snowshoe\/#article","isPartOf":{"@id":"https:\/\/dicodusport.fr\/blog\/vtt-pauline-ferrand-prevot-toujours-sur-un-nuage-triomphe-a-snowshoe\/"},"author":{"name":"Flo Ostermann","@id":"https:\/\/dicodusport.fr\/blog\/#\/schema\/person\/cb02af4c173ce4a653b55e9baf388d4a"},"headline":"VTT : Pauline Ferrand-Pr\u00e9vot, toujours sur un nuage, triomphe \u00e0 Snowshoe","datePublished":"2019-09-08T17:44:07+00:00","dateModified":"2020-05-15T17:01:06+00:00","mainEntityOfPage":{"@id":"https:\/\/dicodusport.fr\/blog\/vtt-pauline-ferrand-prevot-toujours-sur-un-nuage-triomphe-a-snowshoe\/"},"wordCount":369,"commentCount":1,"publisher":{"@id":"https:\/\/dicodusport.fr\/blog\/#organization"},"image":{"@id":"https:\/\/dicodusport.fr\/blog\/vtt-pauline-ferrand-prevot-toujours-sur-un-nuage-triomphe-a-snowshoe\/#primaryimage"},"thumbnailUrl":"https:\/\/dicodusport.fr\/blog\/wp-content\/uploads\/2019\/09\/Pauline-Ferrand-Pr\u00e9vot-Snowshoe.png","keywords":["cross country","Pauline Ferrand-Pr\u00e9vot","sport","VTT"],"articleSection":["Cyclisme","VTT"],"inLanguage":"fr-FR","potentialAction":[{"@type":"CommentAction","name":"Comment","target":["https:\/\/dicodusport.fr\/blog\/vtt-pauline-ferrand-prevot-toujours-sur-un-nuage-triomphe-a-snowshoe\/#respond"]}],"copyrightYear":"2019","copyrightHolder":{"@id":"https:\/\/dicodusport.fr\/blog\/#organization"}},{"@type":"WebPage","@id":"https:\/\/dicodusport.fr\/blog\/vtt-pauline-ferrand-prevot-toujours-sur-un-nuage-triomphe-a-snowshoe\/","url":"https:\/\/dicodusport.fr\/blog\/vtt-pauline-ferrand-prevot-toujours-sur-un-nuage-triomphe-a-snowshoe\/","name":"VTT : Pauline Ferrand-Pr\u00e9vot, toujours sur un nuage, triomphe \u00e0 Snowshoe","isPartOf":{"@id":"https:\/\/dicodusport.fr\/blog\/#website"},"primaryImageOfPage":{"@id":"https:\/\/dicodusport.fr\/blog\/vtt-pauline-ferrand-prevot-toujours-sur-un-nuage-triomphe-a-snowshoe\/#primaryimage"},"image":{"@id":"https:\/\/dicodusport.fr\/blog\/vtt-pauline-ferrand-prevot-toujours-sur-un-nuage-triomphe-a-snowshoe\/#primaryimage"},"thumbnailUrl":"https:\/\/dicodusport.fr\/blog\/wp-content\/uploads\/2019\/09\/Pauline-Ferrand-Pr\u00e9vot-Snowshoe.png","datePublished":"2019-09-08T17:44:07+00:00","dateModified":"2020-05-15T17:01:06+00:00","description":"Championne du monde la semaine pass\u00e9e, Pauline Ferrand-Pr\u00e9vot s'est impos\u00e9e au finish \u00e0 Snowshoe, th\u00e9\u00e2tre de la derni\u00e8re manche de la Coupe du monde de VTT.","breadcrumb":{"@id":"https:\/\/dicodusport.fr\/blog\/vtt-pauline-ferrand-prevot-toujours-sur-un-nuage-triomphe-a-snowshoe\/#breadcrumb"},"inLanguage":"fr-FR","potentialAction":[{"@type":"ReadAction","target":["https:\/\/dicodusport.fr\/blog\/vtt-pauline-ferrand-prevot-toujours-sur-un-nuage-triomphe-a-snowshoe\/"]}]},{"@type":"ImageObject","inLanguage":"fr-FR","@id":"https:\/\/dicodusport.fr\/blog\/vtt-pauline-ferrand-prevot-toujours-sur-un-nuage-triomphe-a-snowshoe\/#primaryimage","url":"https:\/\/dicodusport.fr\/blog\/wp-content\/uploads\/2019\/09\/Pauline-Ferrand-Pr\u00e9vot-Snowshoe.png","contentUrl":"https:\/\/dicodusport.fr\/blog\/wp-content\/uploads\/2019\/09\/Pauline-Ferrand-Pr\u00e9vot-Snowshoe.png","width":800,"height":445},{"@type":"BreadcrumbList","@id":"https:\/\/dicodusport.fr\/blog\/vtt-pauline-ferrand-prevot-toujours-sur-un-nuage-triomphe-a-snowshoe\/#breadcrumb","itemListElement":[{"@type":"ListItem","position":1,"name":"Accueil","item":"https:\/\/dicodusport.fr\/blog\/"},{"@type":"ListItem","position":2,"name":"VTT : Pauline Ferrand-Pr\u00e9vot, toujours sur un nuage, triomphe \u00e0 Snowshoe"}]},{"@type":"WebSite","@id":"https:\/\/dicodusport.fr\/blog\/#website","url":"https:\/\/dicodusport.fr\/blog\/","name":"Dicodusport","description":"L&#039;encyclop\u00e9die de l&#039;actualit\u00e9 sportive","publisher":{"@id":"https:\/\/dicodusport.fr\/blog\/#organization"},"potentialAction":[{"@type":"SearchAction","target":{"@type":"EntryPoint","urlTemplate":"https:\/\/dicodusport.fr\/blog\/?s={search_term_string}"},"query-input":{"@type":"PropertyValueSpecification","valueRequired":true,"valueName":"search_term_string"}}],"inLanguage":"fr-FR"},{"@type":"NewsMediaOrganization","@id":"https:\/\/dicodusport.fr\/blog\/#organization","name":"Dicodusport","url":"https:\/\/dicodusport.fr\/blog\/","logo":{"@type":"ImageObject","inLanguage":"fr-FR","@id":"https:\/\/dicodusport.fr\/blog\/#\/schema\/logo\/image\/","url":"https:\/\/dicodusport.fr\/blog\/wp-content\/uploads\/2020\/06\/cropped-LOGO-DICODUSPORT-2020-SANS-FOND-SANS-TEXTE.png","contentUrl":"https:\/\/dicodusport.fr\/blog\/wp-content\/uploads\/2020\/06\/cropped-LOGO-DICODUSPORT-2020-SANS-FOND-SANS-TEXTE.png","width":512,"height":512,"caption":"Dicodusport"},"image":{"@id":"https:\/\/dicodusport.fr\/blog\/#\/schema\/logo\/image\/"},"sameAs":["https:\/\/www.facebook.com\/dicodusport","https:\/\/x.com\/dicodusport","https:\/\/www.instagram.com\/dicodusport\/","https:\/\/www.youtube.com\/channel\/UC7V2KZ5sd3htJivAbA4ZG3w"],"description":"Dicodusport est l'encyclop\u00e9die de l'actualit\u00e9 sportive.","email":"bonjour@dicodusport.fr","legalName":"DICODUSPORT","foundingDate":"2018-01-14","vatID":"FR71834470973","taxID":"83447097300043","numberOfEmployees":{"@type":"QuantitativeValue","minValue":"1","maxValue":"10"}},{"@type":"Person","@id":"https:\/\/dicodusport.fr\/blog\/#\/schema\/person\/cb02af4c173ce4a653b55e9baf388d4a","name":"Flo Ostermann","image":{"@type":"ImageObject","inLanguage":"fr-FR","@id":"https:\/\/dicodusport.fr\/blog\/#\/schema\/person\/image\/","url":"https:\/\/dicodusport.fr\/blog\/wp-content\/uploads\/2021\/05\/Flo-Ostermann-150x150.jpg","contentUrl":"https:\/\/dicodusport.fr\/blog\/wp-content\/uploads\/2021\/05\/Flo-Ostermann-150x150.jpg","caption":"Flo Ostermann"},"description":"Journaliste\/R\u00e9dacteur depuis septembre 2015 - Mes premiers souvenirs dans le sport ? Les envol\u00e9es du Stade Toulousain et les duels Villeneuve-Schumacher et H\u00e4kkinen-Schumacher \u00e0 la fin des ann\u00e9es 90, la Coupe du monde de football en 1998, l\u2019exploit du XV de France face aux All Blacks en 1999, mais aussi Richard C\u0153ur de Lion qui vole sur les montagnes du Tour de France. Bien parti pour devenir professeur d\u2019EPS, les \u00e9v\u00e9nements de la vie (et la flemme d\u2019animer des s\u00e9ances de 3x500 m\u00e8tres toute ma vie) m\u2019ont conduit \u00e0 revoir mes plans. Me voil\u00e0 depuis fin 2017 sur Dicodusport, m\u00e9dia gr\u00e2ce (et pour) lequel je partage ma passion : le sport dans tous ses \u00e9tats. Le tout accompagn\u00e9 par les fous furieux et folles furieuses cit\u00e9s sur cette page !","sameAs":["https:\/\/www.facebook.com\/florent.ostermann","https:\/\/x.com\/https:\/\/twitter.com\/FlOstermann","admin"],"url":"https:\/\/dicodusport.fr\/blog\/author\/flo\/"}]}},"_links":{"self":[{"href":"https:\/\/dicodusport.fr\/blog\/wp-json\/wp\/v2\/posts\/47558","targetHints":{"allow":["GET"]}}],"collection":[{"href":"https:\/\/dicodusport.fr\/blog\/wp-json\/wp\/v2\/posts"}],"about":[{"href":"https:\/\/dicodusport.fr\/blog\/wp-json\/wp\/v2\/types\/post"}],"author":[{"embeddable":true,"href":"https:\/\/dicodusport.fr\/blog\/wp-json\/wp\/v2\/users\/4"}],"replies":[{"embeddable":true,"href":"https:\/\/dicodusport.fr\/blog\/wp-json\/wp\/v2\/comments?post=47558"}],"version-history":[{"count":0,"href":"https:\/\/dicodusport.fr\/blog\/wp-json\/wp\/v2\/posts\/47558\/revisions"}],"wp:featuredmedia":[{"embeddable":true,"href":"https:\/\/dicodusport.fr\/blog\/wp-json\/wp\/v2\/media\/47565"}],"wp:attachment":[{"href":"https:\/\/dicodusport.fr\/blog\/wp-json\/wp\/v2\/media?parent=47558"}],"wp:term":[{"taxonomy":"category","embeddable":true,"href":"https:\/\/dicodusport.fr\/blog\/wp-json\/wp\/v2\/categories?post=47558"},{"taxonomy":"post_tag","embeddable":true,"href":"https:\/\/dicodusport.fr\/blog\/wp-json\/wp\/v2\/tags?post=47558"}],"curies":[{"name":"wp","href":"https:\/\/api.w.org\/{rel}","templated":true}]}}