{"id":475724,"date":"2024-03-30T22:43:48","date_gmt":"2024-03-30T21:43:48","guid":{"rendered":"https:\/\/dicodusport.fr\/blog\/?p=475724&#038;preview=true&#038;preview_id=475724"},"modified":"2024-03-30T23:00:34","modified_gmt":"2024-03-30T22:00:34","slug":"athletisme-minima-olympiques-pour-pablo-mateo-sur-200-m","status":"publish","type":"post","link":"https:\/\/dicodusport.fr\/blog\/athletisme-minima-olympiques-pour-pablo-mateo-sur-200-m\/","title":{"rendered":"Athl\u00e9tisme : Minima olympiques pour Pablo Mat\u00e9o sur 200 m"},"content":{"rendered":"<p style=\"text-align: justify;\"><strong><em>ATHL\u00c9TISME &#8211; Pablo Mat\u00e9o a r\u00e9alis\u00e9 les minima olympiques sur 200 m. En portant son record \u00e0 20.03 aux Etats-Unis. Troisi\u00e8me meilleure performance fran\u00e7aise de tous les temps.<\/em><\/strong><\/p>\n<p style=\"text-align: justify;\">\u00c9norme performance du c\u00f4t\u00e9 des USA ! <strong>Pablo Mat\u00e9o<\/strong> s&rsquo;est offert les minima olympiques sur 200 m. En explosant son record, d\u00e9j\u00e0 \u00e9tabli cette ann\u00e9e de 22 centi\u00e8mes. Pour le porter \u00e0 20.03, devenant le premier sprinteur fran\u00e7ais \u00e0 s&rsquo;affranchir du niveau de performance requis. Avec cette performance, en plus de se placer pour les JO de Paris, il devient le 3e performeur de tous les temps en France, derri\u00e8re les 19.80 de<strong> Christophe Lema\u00eetre<\/strong> et les 19.97 de<strong> Micka\u00ebl Z\u00e9z\u00e9<\/strong>.<\/p>\n<p style=\"text-align: justify;\"><strong>Pablo Mat\u00e9o<\/strong> s&rsquo;est \u00e9galement illustr\u00e9 sur le 100 m, remport\u00e9 en 9.92. Une performance qui aurait \u00e9t\u00e9 les minima si le vent n&rsquo;avait pas souffl\u00e9 trop fort (+3.0 m\/s). Un autre Fran\u00e7ais s&rsquo;est illustr\u00e9 dans le demi-tour de piste. <strong>Ryan Z\u00e9z\u00e9<\/strong> a battu son record, pour le porter \u00e0 20.18. \u00c0 deux centi\u00e8mes seulement des minima. Les deux athl\u00e8tes du groupe de <strong>Mickael Hanany<\/strong> sont en grande forme en ce d\u00e9but de saison.<\/p>\n<blockquote class=\"twitter-tweet\">\n<p dir=\"ltr\" lang=\"fr\">\ud83c\udfc3\u200d\u2642\ufe0f. <a href=\"https:\/\/twitter.com\/hashtag\/TXRelays?src=hash&amp;ref_src=twsrc%5Etfw\">#TXRelays<\/a> : Pablo Mateo \ud83c\uddeb\ud83c\uddf7 remporte le 200m en 20.03 PB (+2.0)<\/p>\n<p>Le fran\u00e7ais r\u00e9alise les minima olympiques et devient le troisi\u00e8me meilleur performeur fran\u00e7ais de tous les temps !!! \ud83d\udd25\ud83d\ude31<a href=\"https:\/\/twitter.com\/hashtag\/Athl%C3%A9tisme?src=hash&amp;ref_src=twsrc%5Etfw\">#Athl\u00e9tisme<\/a> <a href=\"https:\/\/t.co\/kGHw7mDXli\">pic.twitter.com\/kGHw7mDXli<\/a><\/p>\n<p>\u2014 MR.CARTER (@NelsonCarterJr) <a href=\"https:\/\/twitter.com\/NelsonCarterJr\/status\/1774183263843553544?ref_src=twsrc%5Etfw\">March 30, 2024<\/a><\/p><\/blockquote>\n<p><script async src=\"https:\/\/platform.twitter.com\/widgets.js\" charset=\"utf-8\"><\/script><\/p>\n","protected":false},"excerpt":{"rendered":"<p>ATHL\u00c9TISME &#8211; Pablo Mat\u00e9o a r\u00e9alis\u00e9 les minima olympiques sur 200 m. En portant son record \u00e0 20.03 aux \u00c9tats-Unis.<\/p>\n","protected":false},"author":83,"featured_media":475745,"comment_status":"open","ping_status":"closed","sticky":false,"template":"","format":"standard","meta":{"_acf_changed":false,"_daextam_enable_autolinks":"1","footnotes":""},"categories":[2308],"tags":[143,16878,12920,32822],"class_list":["post-475724","post","type-post","status-publish","format-standard","has-post-thumbnail","hentry","category-athletisme","tag-athletisme","tag-breve","tag-jo-paris-2024","tag-pablo-mateo"],"acf":[],"yoast_head":"<!-- This site is optimized with the Yoast SEO Premium plugin v26.7 (Yoast SEO v26.7) - https:\/\/yoast.com\/wordpress\/plugins\/seo\/ -->\n<title>Athl\u00e9tisme : Minima olympiques pour Pablo Mat\u00e9o sur 200 m<\/title>\n<meta name=\"description\" content=\"ATHL\u00c9TISME - Pablo Mat\u00e9o a r\u00e9alis\u00e9 les minima olympiques sur 200 m. En portant son record \u00e0 20.03 aux \u00c9tats-Unis.\" \/>\n<meta name=\"robots\" content=\"index, follow, max-snippet:-1, max-image-preview:large, max-video-preview:-1\" \/>\n<link rel=\"canonical\" href=\"https:\/\/dicodusport.fr\/blog\/athletisme-minima-olympiques-pour-pablo-mateo-sur-200-m\/\" \/>\n<meta property=\"og:locale\" content=\"fr_FR\" \/>\n<meta property=\"og:type\" content=\"article\" \/>\n<meta property=\"og:title\" content=\"Athl\u00e9tisme : Minima olympiques pour Pablo Mat\u00e9o sur 200 m\" \/>\n<meta property=\"og:description\" content=\"ATHL\u00c9TISME - Pablo Mat\u00e9o a r\u00e9alis\u00e9 les minima olympiques sur 200 m. En portant son record \u00e0 20.03 aux \u00c9tats-Unis.\" \/>\n<meta property=\"og:url\" content=\"https:\/\/dicodusport.fr\/blog\/athletisme-minima-olympiques-pour-pablo-mateo-sur-200-m\/\" \/>\n<meta property=\"og:site_name\" content=\"Dicodusport\" \/>\n<meta property=\"article:publisher\" content=\"https:\/\/www.facebook.com\/dicodusport\" \/>\n<meta property=\"article:published_time\" content=\"2024-03-30T21:43:48+00:00\" \/>\n<meta property=\"article:modified_time\" content=\"2024-03-30T22:00:34+00:00\" \/>\n<meta property=\"og:image\" content=\"https:\/\/dicodusport.fr\/blog\/wp-content\/uploads\/2024\/03\/Athletisme-Minima-olympiques-pour-Pablo-Mateo-sur-200-m-1.png\" \/>\n\t<meta property=\"og:image:width\" content=\"1200\" \/>\n\t<meta property=\"og:image:height\" content=\"674\" \/>\n\t<meta property=\"og:image:type\" content=\"image\/png\" \/>\n<meta name=\"author\" content=\"Etienne Goursaud\" \/>\n<meta name=\"twitter:card\" content=\"summary_large_image\" \/>\n<meta name=\"twitter:title\" content=\"Athl\u00e9tisme : Minima olympiques pour Pablo Mat\u00e9o sur 200 m\" \/>\n<meta name=\"twitter:creator\" content=\"@dicodusport\" \/>\n<meta name=\"twitter:site\" content=\"@dicodusport\" \/>\n<script type=\"application\/ld+json\" class=\"yoast-schema-graph\">{\"@context\":\"https:\/\/schema.org\",\"@graph\":[{\"@type\":\"NewsArticle\",\"@id\":\"https:\/\/dicodusport.fr\/blog\/athletisme-minima-olympiques-pour-pablo-mateo-sur-200-m\/#article\",\"isPartOf\":{\"@id\":\"https:\/\/dicodusport.fr\/blog\/athletisme-minima-olympiques-pour-pablo-mateo-sur-200-m\/\"},\"author\":{\"name\":\"Etienne Goursaud\",\"@id\":\"https:\/\/dicodusport.fr\/blog\/#\/schema\/person\/d603dd7da31fb2b46c82b9835a77ec13\"},\"headline\":\"Athl\u00e9tisme : Minima olympiques pour Pablo Mat\u00e9o sur 200 m\",\"datePublished\":\"2024-03-30T21:43:48+00:00\",\"dateModified\":\"2024-03-30T22:00:34+00:00\",\"mainEntityOfPage\":{\"@id\":\"https:\/\/dicodusport.fr\/blog\/athletisme-minima-olympiques-pour-pablo-mateo-sur-200-m\/\"},\"wordCount\":242,\"commentCount\":0,\"publisher\":{\"@id\":\"https:\/\/dicodusport.fr\/blog\/#organization\"},\"image\":{\"@id\":\"https:\/\/dicodusport.fr\/blog\/athletisme-minima-olympiques-pour-pablo-mateo-sur-200-m\/#primaryimage\"},\"thumbnailUrl\":\"https:\/\/dicodusport.fr\/blog\/wp-content\/uploads\/2024\/03\/Athletisme-Minima-olympiques-pour-Pablo-Mateo-sur-200-m-1.png\",\"keywords\":[\"Athl\u00e9tisme\",\"br\u00e8ve\",\"JO Paris 2024\",\"Pablo Mateo\"],\"articleSection\":[\"Athl\u00e9tisme\"],\"inLanguage\":\"fr-FR\",\"potentialAction\":[{\"@type\":\"CommentAction\",\"name\":\"Comment\",\"target\":[\"https:\/\/dicodusport.fr\/blog\/athletisme-minima-olympiques-pour-pablo-mateo-sur-200-m\/#respond\"]}],\"copyrightYear\":\"2024\",\"copyrightHolder\":{\"@id\":\"https:\/\/dicodusport.fr\/blog\/#organization\"}},{\"@type\":\"WebPage\",\"@id\":\"https:\/\/dicodusport.fr\/blog\/athletisme-minima-olympiques-pour-pablo-mateo-sur-200-m\/\",\"url\":\"https:\/\/dicodusport.fr\/blog\/athletisme-minima-olympiques-pour-pablo-mateo-sur-200-m\/\",\"name\":\"Athl\u00e9tisme : Minima olympiques pour Pablo Mat\u00e9o sur 200 m\",\"isPartOf\":{\"@id\":\"https:\/\/dicodusport.fr\/blog\/#website\"},\"primaryImageOfPage\":{\"@id\":\"https:\/\/dicodusport.fr\/blog\/athletisme-minima-olympiques-pour-pablo-mateo-sur-200-m\/#primaryimage\"},\"image\":{\"@id\":\"https:\/\/dicodusport.fr\/blog\/athletisme-minima-olympiques-pour-pablo-mateo-sur-200-m\/#primaryimage\"},\"thumbnailUrl\":\"https:\/\/dicodusport.fr\/blog\/wp-content\/uploads\/2024\/03\/Athletisme-Minima-olympiques-pour-Pablo-Mateo-sur-200-m-1.png\",\"datePublished\":\"2024-03-30T21:43:48+00:00\",\"dateModified\":\"2024-03-30T22:00:34+00:00\",\"description\":\"ATHL\u00c9TISME - Pablo Mat\u00e9o a r\u00e9alis\u00e9 les minima olympiques sur 200 m. En portant son record \u00e0 20.03 aux \u00c9tats-Unis.\",\"breadcrumb\":{\"@id\":\"https:\/\/dicodusport.fr\/blog\/athletisme-minima-olympiques-pour-pablo-mateo-sur-200-m\/#breadcrumb\"},\"inLanguage\":\"fr-FR\",\"potentialAction\":[{\"@type\":\"ReadAction\",\"target\":[\"https:\/\/dicodusport.fr\/blog\/athletisme-minima-olympiques-pour-pablo-mateo-sur-200-m\/\"]}]},{\"@type\":\"ImageObject\",\"inLanguage\":\"fr-FR\",\"@id\":\"https:\/\/dicodusport.fr\/blog\/athletisme-minima-olympiques-pour-pablo-mateo-sur-200-m\/#primaryimage\",\"url\":\"https:\/\/dicodusport.fr\/blog\/wp-content\/uploads\/2024\/03\/Athletisme-Minima-olympiques-pour-Pablo-Mateo-sur-200-m-1.png\",\"contentUrl\":\"https:\/\/dicodusport.fr\/blog\/wp-content\/uploads\/2024\/03\/Athletisme-Minima-olympiques-pour-Pablo-Mateo-sur-200-m-1.png\",\"width\":1200,\"height\":674,\"caption\":\"Athl\u00e9tisme Minima olympiques pour Pablo Mat\u00e9o sur 200 m\"},{\"@type\":\"BreadcrumbList\",\"@id\":\"https:\/\/dicodusport.fr\/blog\/athletisme-minima-olympiques-pour-pablo-mateo-sur-200-m\/#breadcrumb\",\"itemListElement\":[{\"@type\":\"ListItem\",\"position\":1,\"name\":\"Accueil\",\"item\":\"https:\/\/dicodusport.fr\/blog\/\"},{\"@type\":\"ListItem\",\"position\":2,\"name\":\"Athl\u00e9tisme : Minima olympiques pour Pablo Mat\u00e9o sur 200 m\"}]},{\"@type\":\"WebSite\",\"@id\":\"https:\/\/dicodusport.fr\/blog\/#website\",\"url\":\"https:\/\/dicodusport.fr\/blog\/\",\"name\":\"Dicodusport\",\"description\":\"L&#039;encyclop\u00e9die de l&#039;actualit\u00e9 sportive\",\"publisher\":{\"@id\":\"https:\/\/dicodusport.fr\/blog\/#organization\"},\"potentialAction\":[{\"@type\":\"SearchAction\",\"target\":{\"@type\":\"EntryPoint\",\"urlTemplate\":\"https:\/\/dicodusport.fr\/blog\/?s={search_term_string}\"},\"query-input\":{\"@type\":\"PropertyValueSpecification\",\"valueRequired\":true,\"valueName\":\"search_term_string\"}}],\"inLanguage\":\"fr-FR\"},{\"@type\":\"NewsMediaOrganization\",\"@id\":\"https:\/\/dicodusport.fr\/blog\/#organization\",\"name\":\"Dicodusport\",\"url\":\"https:\/\/dicodusport.fr\/blog\/\",\"logo\":{\"@type\":\"ImageObject\",\"inLanguage\":\"fr-FR\",\"@id\":\"https:\/\/dicodusport.fr\/blog\/#\/schema\/logo\/image\/\",\"url\":\"https:\/\/dicodusport.fr\/blog\/wp-content\/uploads\/2020\/06\/cropped-LOGO-DICODUSPORT-2020-SANS-FOND-SANS-TEXTE.png\",\"contentUrl\":\"https:\/\/dicodusport.fr\/blog\/wp-content\/uploads\/2020\/06\/cropped-LOGO-DICODUSPORT-2020-SANS-FOND-SANS-TEXTE.png\",\"width\":512,\"height\":512,\"caption\":\"Dicodusport\"},\"image\":{\"@id\":\"https:\/\/dicodusport.fr\/blog\/#\/schema\/logo\/image\/\"},\"sameAs\":[\"https:\/\/www.facebook.com\/dicodusport\",\"https:\/\/x.com\/dicodusport\",\"https:\/\/www.instagram.com\/dicodusport\/\",\"https:\/\/www.youtube.com\/channel\/UC7V2KZ5sd3htJivAbA4ZG3w\"],\"description\":\"Dicodusport est l'encyclop\u00e9die de l'actualit\u00e9 sportive.\",\"email\":\"bonjour@dicodusport.fr\",\"legalName\":\"DICODUSPORT\",\"foundingDate\":\"2018-01-14\",\"vatID\":\"FR71834470973\",\"taxID\":\"83447097300043\",\"numberOfEmployees\":{\"@type\":\"QuantitativeValue\",\"minValue\":\"1\",\"maxValue\":\"10\"}},{\"@type\":\"Person\",\"@id\":\"https:\/\/dicodusport.fr\/blog\/#\/schema\/person\/d603dd7da31fb2b46c82b9835a77ec13\",\"name\":\"Etienne Goursaud\",\"image\":{\"@type\":\"ImageObject\",\"inLanguage\":\"fr-FR\",\"@id\":\"https:\/\/dicodusport.fr\/blog\/#\/schema\/person\/image\/\",\"url\":\"https:\/\/dicodusport.fr\/blog\/wp-content\/uploads\/2023\/12\/410122264_10231602061736049_5565839791558026645_n-150x150.jpg\",\"contentUrl\":\"https:\/\/dicodusport.fr\/blog\/wp-content\/uploads\/2023\/12\/410122264_10231602061736049_5565839791558026645_n-150x150.jpg\",\"caption\":\"Etienne Goursaud\"},\"description\":\"Journaliste et amoureux de sport. Ancien footballeur reconverti athl\u00e8te quand ses muscles le laissent tranquille. \u00c9lev\u00e9 \u00e0 la sauce des exploits de Thomas Voeckler en 2004, du dernier essai de l\u00e9gende de Eunice Barber \u00e0 la longueur lors des championnats du monde d'athl\u00e9tisme de 2003 mais aussi Zidane, Omeyer et Titou Lamaison.\",\"url\":\"https:\/\/dicodusport.fr\/blog\/author\/etienne-goursaud\/\"}]}<\/script>\n<!-- \/ Yoast SEO Premium plugin. -->","yoast_head_json":{"title":"Athl\u00e9tisme : Minima olympiques pour Pablo Mat\u00e9o sur 200 m","description":"ATHL\u00c9TISME - Pablo Mat\u00e9o a r\u00e9alis\u00e9 les minima olympiques sur 200 m. En portant son record \u00e0 20.03 aux \u00c9tats-Unis.","robots":{"index":"index","follow":"follow","max-snippet":"max-snippet:-1","max-image-preview":"max-image-preview:large","max-video-preview":"max-video-preview:-1"},"canonical":"https:\/\/dicodusport.fr\/blog\/athletisme-minima-olympiques-pour-pablo-mateo-sur-200-m\/","og_locale":"fr_FR","og_type":"article","og_title":"Athl\u00e9tisme : Minima olympiques pour Pablo Mat\u00e9o sur 200 m","og_description":"ATHL\u00c9TISME - Pablo Mat\u00e9o a r\u00e9alis\u00e9 les minima olympiques sur 200 m. En portant son record \u00e0 20.03 aux \u00c9tats-Unis.","og_url":"https:\/\/dicodusport.fr\/blog\/athletisme-minima-olympiques-pour-pablo-mateo-sur-200-m\/","og_site_name":"Dicodusport","article_publisher":"https:\/\/www.facebook.com\/dicodusport","article_published_time":"2024-03-30T21:43:48+00:00","article_modified_time":"2024-03-30T22:00:34+00:00","og_image":[{"width":1200,"height":674,"url":"https:\/\/dicodusport.fr\/blog\/wp-content\/uploads\/2024\/03\/Athletisme-Minima-olympiques-pour-Pablo-Mateo-sur-200-m-1.png","type":"image\/png"}],"author":"Etienne Goursaud","twitter_card":"summary_large_image","twitter_title":"Athl\u00e9tisme : Minima olympiques pour Pablo Mat\u00e9o sur 200 m","twitter_creator":"@dicodusport","twitter_site":"@dicodusport","schema":{"@context":"https:\/\/schema.org","@graph":[{"@type":"NewsArticle","@id":"https:\/\/dicodusport.fr\/blog\/athletisme-minima-olympiques-pour-pablo-mateo-sur-200-m\/#article","isPartOf":{"@id":"https:\/\/dicodusport.fr\/blog\/athletisme-minima-olympiques-pour-pablo-mateo-sur-200-m\/"},"author":{"name":"Etienne Goursaud","@id":"https:\/\/dicodusport.fr\/blog\/#\/schema\/person\/d603dd7da31fb2b46c82b9835a77ec13"},"headline":"Athl\u00e9tisme : Minima olympiques pour Pablo Mat\u00e9o sur 200 m","datePublished":"2024-03-30T21:43:48+00:00","dateModified":"2024-03-30T22:00:34+00:00","mainEntityOfPage":{"@id":"https:\/\/dicodusport.fr\/blog\/athletisme-minima-olympiques-pour-pablo-mateo-sur-200-m\/"},"wordCount":242,"commentCount":0,"publisher":{"@id":"https:\/\/dicodusport.fr\/blog\/#organization"},"image":{"@id":"https:\/\/dicodusport.fr\/blog\/athletisme-minima-olympiques-pour-pablo-mateo-sur-200-m\/#primaryimage"},"thumbnailUrl":"https:\/\/dicodusport.fr\/blog\/wp-content\/uploads\/2024\/03\/Athletisme-Minima-olympiques-pour-Pablo-Mateo-sur-200-m-1.png","keywords":["Athl\u00e9tisme","br\u00e8ve","JO Paris 2024","Pablo Mateo"],"articleSection":["Athl\u00e9tisme"],"inLanguage":"fr-FR","potentialAction":[{"@type":"CommentAction","name":"Comment","target":["https:\/\/dicodusport.fr\/blog\/athletisme-minima-olympiques-pour-pablo-mateo-sur-200-m\/#respond"]}],"copyrightYear":"2024","copyrightHolder":{"@id":"https:\/\/dicodusport.fr\/blog\/#organization"}},{"@type":"WebPage","@id":"https:\/\/dicodusport.fr\/blog\/athletisme-minima-olympiques-pour-pablo-mateo-sur-200-m\/","url":"https:\/\/dicodusport.fr\/blog\/athletisme-minima-olympiques-pour-pablo-mateo-sur-200-m\/","name":"Athl\u00e9tisme : Minima olympiques pour Pablo Mat\u00e9o sur 200 m","isPartOf":{"@id":"https:\/\/dicodusport.fr\/blog\/#website"},"primaryImageOfPage":{"@id":"https:\/\/dicodusport.fr\/blog\/athletisme-minima-olympiques-pour-pablo-mateo-sur-200-m\/#primaryimage"},"image":{"@id":"https:\/\/dicodusport.fr\/blog\/athletisme-minima-olympiques-pour-pablo-mateo-sur-200-m\/#primaryimage"},"thumbnailUrl":"https:\/\/dicodusport.fr\/blog\/wp-content\/uploads\/2024\/03\/Athletisme-Minima-olympiques-pour-Pablo-Mateo-sur-200-m-1.png","datePublished":"2024-03-30T21:43:48+00:00","dateModified":"2024-03-30T22:00:34+00:00","description":"ATHL\u00c9TISME - Pablo Mat\u00e9o a r\u00e9alis\u00e9 les minima olympiques sur 200 m. En portant son record \u00e0 20.03 aux \u00c9tats-Unis.","breadcrumb":{"@id":"https:\/\/dicodusport.fr\/blog\/athletisme-minima-olympiques-pour-pablo-mateo-sur-200-m\/#breadcrumb"},"inLanguage":"fr-FR","potentialAction":[{"@type":"ReadAction","target":["https:\/\/dicodusport.fr\/blog\/athletisme-minima-olympiques-pour-pablo-mateo-sur-200-m\/"]}]},{"@type":"ImageObject","inLanguage":"fr-FR","@id":"https:\/\/dicodusport.fr\/blog\/athletisme-minima-olympiques-pour-pablo-mateo-sur-200-m\/#primaryimage","url":"https:\/\/dicodusport.fr\/blog\/wp-content\/uploads\/2024\/03\/Athletisme-Minima-olympiques-pour-Pablo-Mateo-sur-200-m-1.png","contentUrl":"https:\/\/dicodusport.fr\/blog\/wp-content\/uploads\/2024\/03\/Athletisme-Minima-olympiques-pour-Pablo-Mateo-sur-200-m-1.png","width":1200,"height":674,"caption":"Athl\u00e9tisme Minima olympiques pour Pablo Mat\u00e9o sur 200 m"},{"@type":"BreadcrumbList","@id":"https:\/\/dicodusport.fr\/blog\/athletisme-minima-olympiques-pour-pablo-mateo-sur-200-m\/#breadcrumb","itemListElement":[{"@type":"ListItem","position":1,"name":"Accueil","item":"https:\/\/dicodusport.fr\/blog\/"},{"@type":"ListItem","position":2,"name":"Athl\u00e9tisme : Minima olympiques pour Pablo Mat\u00e9o sur 200 m"}]},{"@type":"WebSite","@id":"https:\/\/dicodusport.fr\/blog\/#website","url":"https:\/\/dicodusport.fr\/blog\/","name":"Dicodusport","description":"L&#039;encyclop\u00e9die de l&#039;actualit\u00e9 sportive","publisher":{"@id":"https:\/\/dicodusport.fr\/blog\/#organization"},"potentialAction":[{"@type":"SearchAction","target":{"@type":"EntryPoint","urlTemplate":"https:\/\/dicodusport.fr\/blog\/?s={search_term_string}"},"query-input":{"@type":"PropertyValueSpecification","valueRequired":true,"valueName":"search_term_string"}}],"inLanguage":"fr-FR"},{"@type":"NewsMediaOrganization","@id":"https:\/\/dicodusport.fr\/blog\/#organization","name":"Dicodusport","url":"https:\/\/dicodusport.fr\/blog\/","logo":{"@type":"ImageObject","inLanguage":"fr-FR","@id":"https:\/\/dicodusport.fr\/blog\/#\/schema\/logo\/image\/","url":"https:\/\/dicodusport.fr\/blog\/wp-content\/uploads\/2020\/06\/cropped-LOGO-DICODUSPORT-2020-SANS-FOND-SANS-TEXTE.png","contentUrl":"https:\/\/dicodusport.fr\/blog\/wp-content\/uploads\/2020\/06\/cropped-LOGO-DICODUSPORT-2020-SANS-FOND-SANS-TEXTE.png","width":512,"height":512,"caption":"Dicodusport"},"image":{"@id":"https:\/\/dicodusport.fr\/blog\/#\/schema\/logo\/image\/"},"sameAs":["https:\/\/www.facebook.com\/dicodusport","https:\/\/x.com\/dicodusport","https:\/\/www.instagram.com\/dicodusport\/","https:\/\/www.youtube.com\/channel\/UC7V2KZ5sd3htJivAbA4ZG3w"],"description":"Dicodusport est l'encyclop\u00e9die de l'actualit\u00e9 sportive.","email":"bonjour@dicodusport.fr","legalName":"DICODUSPORT","foundingDate":"2018-01-14","vatID":"FR71834470973","taxID":"83447097300043","numberOfEmployees":{"@type":"QuantitativeValue","minValue":"1","maxValue":"10"}},{"@type":"Person","@id":"https:\/\/dicodusport.fr\/blog\/#\/schema\/person\/d603dd7da31fb2b46c82b9835a77ec13","name":"Etienne Goursaud","image":{"@type":"ImageObject","inLanguage":"fr-FR","@id":"https:\/\/dicodusport.fr\/blog\/#\/schema\/person\/image\/","url":"https:\/\/dicodusport.fr\/blog\/wp-content\/uploads\/2023\/12\/410122264_10231602061736049_5565839791558026645_n-150x150.jpg","contentUrl":"https:\/\/dicodusport.fr\/blog\/wp-content\/uploads\/2023\/12\/410122264_10231602061736049_5565839791558026645_n-150x150.jpg","caption":"Etienne Goursaud"},"description":"Journaliste et amoureux de sport. Ancien footballeur reconverti athl\u00e8te quand ses muscles le laissent tranquille. \u00c9lev\u00e9 \u00e0 la sauce des exploits de Thomas Voeckler en 2004, du dernier essai de l\u00e9gende de Eunice Barber \u00e0 la longueur lors des championnats du monde d'athl\u00e9tisme de 2003 mais aussi Zidane, Omeyer et Titou Lamaison.","url":"https:\/\/dicodusport.fr\/blog\/author\/etienne-goursaud\/"}]}},"_links":{"self":[{"href":"https:\/\/dicodusport.fr\/blog\/wp-json\/wp\/v2\/posts\/475724","targetHints":{"allow":["GET"]}}],"collection":[{"href":"https:\/\/dicodusport.fr\/blog\/wp-json\/wp\/v2\/posts"}],"about":[{"href":"https:\/\/dicodusport.fr\/blog\/wp-json\/wp\/v2\/types\/post"}],"author":[{"embeddable":true,"href":"https:\/\/dicodusport.fr\/blog\/wp-json\/wp\/v2\/users\/83"}],"replies":[{"embeddable":true,"href":"https:\/\/dicodusport.fr\/blog\/wp-json\/wp\/v2\/comments?post=475724"}],"version-history":[{"count":5,"href":"https:\/\/dicodusport.fr\/blog\/wp-json\/wp\/v2\/posts\/475724\/revisions"}],"predecessor-version":[{"id":475757,"href":"https:\/\/dicodusport.fr\/blog\/wp-json\/wp\/v2\/posts\/475724\/revisions\/475757"}],"wp:featuredmedia":[{"embeddable":true,"href":"https:\/\/dicodusport.fr\/blog\/wp-json\/wp\/v2\/media\/475745"}],"wp:attachment":[{"href":"https:\/\/dicodusport.fr\/blog\/wp-json\/wp\/v2\/media?parent=475724"}],"wp:term":[{"taxonomy":"category","embeddable":true,"href":"https:\/\/dicodusport.fr\/blog\/wp-json\/wp\/v2\/categories?post=475724"},{"taxonomy":"post_tag","embeddable":true,"href":"https:\/\/dicodusport.fr\/blog\/wp-json\/wp\/v2\/tags?post=475724"}],"curies":[{"name":"wp","href":"https:\/\/api.w.org\/{rel}","templated":true}]}}