{"id":47576,"date":"2019-09-26T20:23:22","date_gmt":"2019-09-26T18:23:22","guid":{"rendered":"http:\/\/dicodusport.fr\/blog\/?p=47576&#038;preview=true&#038;preview_id=47576"},"modified":"2022-11-18T10:19:42","modified_gmt":"2022-11-18T09:19:42","slug":"volley-ball-championnat-d-europe-masculin-2019-calendrier-et-resultats","status":"publish","type":"post","link":"https:\/\/dicodusport.fr\/blog\/volley-ball-championnat-d-europe-masculin-2019-calendrier-et-resultats\/","title":{"rendered":"Volley-ball &#8211; Championnat d&rsquo;Europe masculin 2019 : calendrier et r\u00e9sultats"},"content":{"rendered":"<p style=\"text-align: justify;\"><strong><em>Les <a href=\"https:\/\/eurovolley.cev.eu\/fr\/masculins\/\" target=\"_blank\" rel=\"noopener\">Championnats d&rsquo;Europe<\/a> de volley-ball 2019 auront lieu du 12 au 29 septembre. Comme <a href=\"http:\/\/dicodusport.fr\/blog\/volley-ball-championnat-d-europe-feminin-2019-calendrier-et-resultats\/\" target=\"_blank\" rel=\"noopener\">chez les femmes<\/a>, cette 31e \u00e9dition se d\u00e9roulera pour la premi\u00e8re fois dans quatre pays : Belgique (Bruxelles, Anvers), France (Montpellier, Nantes, Paris), Pays-Bas (Amsterdam, Rotterdam, Apeldoorn) et Slov\u00e9nie (Ljubljana). Voici le calendrier de la comp\u00e9tition.<\/em><\/strong><\/p>\n<p style=\"text-align: justify;\">Le nombre d&rsquo;\u00e9quipes participantes a \u00e9t\u00e9 \u00e9tendu de 16 \u00e0 24. Ces 24 \u00e9quipes ont \u00e9t\u00e9 r\u00e9parties dans 4 poules de 6. Toutes les \u00e9quipes se rencontrent une fois et les quatre premi\u00e8res se qualifient pour les huiti\u00e8mes de finale. En cas de qualification pour les huiti\u00e8mes, les pays organisateurs joueront \u00e0 domicile. Les \u00e9quipes qualifi\u00e9es pour les quarts de finale joueront dans le m\u00eame pays que celui o\u00f9 elles ont jou\u00e9 les huiti\u00e8mes. Une demi-finale se d\u00e9roulera \u00e0 Ljubljana et l&rsquo;autre \u00e0 Paris. La finale et le match de la troisi\u00e8me place se joueront \u00e0 Paris.<\/p>\n<p>Le Mont\u00e9n\u00e9gro et la Mac\u00e9doine du Nord font leur premi\u00e8re apparition dans la comp\u00e9tition.<\/p>\n<h2><\/h2>\n<h2>Phase finale<\/h2>\n<p style=\"text-align: justify;\">[ctu_ultimate_oxi id=\u00a0\u00bb15&Prime;]\n<p>&nbsp;<\/p>\n<p style=\"text-align: center;\"><a href=\"http:\/\/dicodusport.fr\/blog\/volley-ball-championnat-d-europe-masculin-2019-calendrier-et-resultats\/2\/#phasedepoule\" class=\"su-button su-button-style-flat\" style=\"color:#FFFFFF;background-color:#005f9b;border-color:#004c7c;border-radius:4px\" target=\"_self\"><span style=\"color:#FFFFFF;padding:0px 26px;font-size:20px;line-height:40px;border-color:#4d8fb9;border-radius:4px;text-shadow:none\"> Phase de poule<\/span><\/a>\n<p><!--nextpage--><\/p>\n<h2 style=\"text-align: justify;\"><a id=\"phasefinale\"><\/a>Phase de poule<\/h2>\n<p style=\"text-align: justify;\">[ctu_ultimate_oxi id=\u00a0\u00bb17&Prime;]\n<p>&nbsp;<\/p>\n<p style=\"text-align: center;\"><a href=\"http:\/\/dicodusport.fr\/blog\/volley-ball-championnat-d-europe-masculin-2019-calendrier-et-resultats\/\" class=\"su-button su-button-style-flat\" style=\"color:#FFFFFF;background-color:#005f9b;border-color:#004c7c;border-radius:4px\" target=\"_self\"><span style=\"color:#FFFFFF;padding:0px 26px;font-size:20px;line-height:40px;border-color:#4d8fb9;border-radius:4px;text-shadow:none\"> Phase finale<\/span><\/a>\n","protected":false},"excerpt":{"rendered":"<p>Les Championnats d&rsquo;Europe de volley-ball 2019 auront lieu du 12 au 29 septembre. La comp\u00e9tition se d\u00e9roulera dans quatre pays : Belgique (Bruxelles, Anvers), France (Montpellier, Nantes, Paris), Pays-Bas (Amsterdam, Rotterdam, Apeldoorn) et Slov\u00e9nie (Ljubljana). Voici le calendrier de la comp\u00e9tition.<\/p>\n","protected":false},"author":12,"featured_media":45497,"comment_status":"open","ping_status":"closed","sticky":false,"template":"","format":"standard","meta":{"_acf_changed":false,"_daextam_enable_autolinks":"","footnotes":""},"categories":[8369],"tags":[8547,8733,1296],"class_list":["post-47576","post","type-post","status-publish","format-standard","has-post-thumbnail","hentry","category-volley-ball","tag-eurovolley","tag-eurovolley-hommes","tag-team-yavbou"],"acf":[],"yoast_head":"<!-- This site is optimized with the Yoast SEO Premium plugin v26.7 (Yoast SEO v26.7) - https:\/\/yoast.com\/wordpress\/plugins\/seo\/ -->\n<title>Volley-ball - Championnat d&#039;Europe masculin 2019 : calendrier et r\u00e9sultats<\/title>\n<meta name=\"description\" content=\"Les Championnats d&#039;Europe de volley-ball 2019 auront lieu du 12 au 29 septembre dans quatre pays. Voici le calendrier de la comp\u00e9tition.\" \/>\n<meta name=\"robots\" content=\"index, follow, max-snippet:-1, max-image-preview:large, max-video-preview:-1\" \/>\n<link rel=\"canonical\" href=\"https:\/\/dicodusport.fr\/blog\/volley-ball-championnat-d-europe-masculin-2019-calendrier-et-resultats\/\" \/>\n<link rel=\"next\" href=\"https:\/\/dicodusport.fr\/blog\/volley-ball-championnat-d-europe-masculin-2019-calendrier-et-resultats\/2\/\" \/>\n<meta property=\"og:locale\" content=\"fr_FR\" \/>\n<meta property=\"og:type\" content=\"article\" \/>\n<meta property=\"og:title\" content=\"Volley-ball - Championnat d&#039;Europe masculn 2019 : calendrier et r\u00e9sultats\" \/>\n<meta property=\"og:description\" content=\"Les Championnats d&#039;Europe de volley-ball 2019 auront lieu du 12 au 29 septembre dans quatre pays. Voici le calendrier de la comp\u00e9tition.\" \/>\n<meta property=\"og:url\" content=\"https:\/\/dicodusport.fr\/blog\/volley-ball-championnat-d-europe-masculin-2019-calendrier-et-resultats\/\" \/>\n<meta property=\"og:site_name\" content=\"Dicodusport\" \/>\n<meta property=\"article:publisher\" content=\"https:\/\/www.facebook.com\/dicodusport\" \/>\n<meta property=\"article:published_time\" content=\"2019-09-26T18:23:22+00:00\" \/>\n<meta property=\"article:modified_time\" content=\"2022-11-18T09:19:42+00:00\" \/>\n<meta property=\"og:image\" content=\"https:\/\/dicodusport.fr\/blog\/wp-content\/uploads\/2019\/08\/troph\u00e9e-Euro-volley-hommes.jpg\" \/>\n\t<meta property=\"og:image:width\" content=\"1920\" \/>\n\t<meta property=\"og:image:height\" content=\"1280\" \/>\n\t<meta property=\"og:image:type\" content=\"image\/jpeg\" \/>\n<meta name=\"author\" content=\"Arlette Yeye\" \/>\n<meta name=\"twitter:card\" content=\"summary_large_image\" \/>\n<meta name=\"twitter:title\" content=\"Volley-ball - Championnat d&#039;Europe masculin 2019 : calendrier et r\u00e9sultats\" \/>\n<meta name=\"twitter:creator\" content=\"@https:\/\/twitter.com\/Shiclette94\" \/>\n<meta name=\"twitter:site\" content=\"@dicodusport\" \/>\n<script type=\"application\/ld+json\" class=\"yoast-schema-graph\">{\"@context\":\"https:\/\/schema.org\",\"@graph\":[{\"@type\":\"NewsArticle\",\"@id\":\"https:\/\/dicodusport.fr\/blog\/volley-ball-championnat-d-europe-masculin-2019-calendrier-et-resultats\/#article\",\"isPartOf\":{\"@id\":\"https:\/\/dicodusport.fr\/blog\/volley-ball-championnat-d-europe-masculin-2019-calendrier-et-resultats\/\"},\"author\":{\"name\":\"Arlette Yeye\",\"@id\":\"https:\/\/dicodusport.fr\/blog\/#\/schema\/person\/cce96fa88785bd8573e3d43078ac8c79\"},\"headline\":\"Volley-ball &#8211; Championnat d&rsquo;Europe masculin 2019 : calendrier et r\u00e9sultats\",\"datePublished\":\"2019-09-26T18:23:22+00:00\",\"dateModified\":\"2022-11-18T09:19:42+00:00\",\"mainEntityOfPage\":{\"@id\":\"https:\/\/dicodusport.fr\/blog\/volley-ball-championnat-d-europe-masculin-2019-calendrier-et-resultats\/\"},\"wordCount\":235,\"commentCount\":0,\"publisher\":{\"@id\":\"https:\/\/dicodusport.fr\/blog\/#organization\"},\"image\":{\"@id\":\"https:\/\/dicodusport.fr\/blog\/volley-ball-championnat-d-europe-masculin-2019-calendrier-et-resultats\/#primaryimage\"},\"thumbnailUrl\":\"https:\/\/dicodusport.fr\/blog\/wp-content\/uploads\/2019\/08\/troph\u00e9e-Euro-volley-hommes.jpg\",\"keywords\":[\"EuroVolley\",\"EuroVolley hommes\",\"Team Yavbou\"],\"articleSection\":[\"Volley-Ball\"],\"inLanguage\":\"fr-FR\",\"potentialAction\":[{\"@type\":\"CommentAction\",\"name\":\"Comment\",\"target\":[\"https:\/\/dicodusport.fr\/blog\/volley-ball-championnat-d-europe-masculin-2019-calendrier-et-resultats\/#respond\"]}],\"copyrightYear\":\"2019\",\"copyrightHolder\":{\"@id\":\"https:\/\/dicodusport.fr\/blog\/#organization\"}},{\"@type\":\"WebPage\",\"@id\":\"https:\/\/dicodusport.fr\/blog\/volley-ball-championnat-d-europe-masculin-2019-calendrier-et-resultats\/\",\"url\":\"https:\/\/dicodusport.fr\/blog\/volley-ball-championnat-d-europe-masculin-2019-calendrier-et-resultats\/\",\"name\":\"Volley-ball - Championnat d'Europe masculin 2019 : calendrier et r\u00e9sultats\",\"isPartOf\":{\"@id\":\"https:\/\/dicodusport.fr\/blog\/#website\"},\"primaryImageOfPage\":{\"@id\":\"https:\/\/dicodusport.fr\/blog\/volley-ball-championnat-d-europe-masculin-2019-calendrier-et-resultats\/#primaryimage\"},\"image\":{\"@id\":\"https:\/\/dicodusport.fr\/blog\/volley-ball-championnat-d-europe-masculin-2019-calendrier-et-resultats\/#primaryimage\"},\"thumbnailUrl\":\"https:\/\/dicodusport.fr\/blog\/wp-content\/uploads\/2019\/08\/troph\u00e9e-Euro-volley-hommes.jpg\",\"datePublished\":\"2019-09-26T18:23:22+00:00\",\"dateModified\":\"2022-11-18T09:19:42+00:00\",\"description\":\"Les Championnats d'Europe de volley-ball 2019 auront lieu du 12 au 29 septembre dans quatre pays. Voici le calendrier de la comp\u00e9tition.\",\"inLanguage\":\"fr-FR\",\"potentialAction\":[{\"@type\":\"ReadAction\",\"target\":[\"https:\/\/dicodusport.fr\/blog\/volley-ball-championnat-d-europe-masculin-2019-calendrier-et-resultats\/\"]}]},{\"@type\":\"ImageObject\",\"inLanguage\":\"fr-FR\",\"@id\":\"https:\/\/dicodusport.fr\/blog\/volley-ball-championnat-d-europe-masculin-2019-calendrier-et-resultats\/#primaryimage\",\"url\":\"https:\/\/dicodusport.fr\/blog\/wp-content\/uploads\/2019\/08\/troph\u00e9e-Euro-volley-hommes.jpg\",\"contentUrl\":\"https:\/\/dicodusport.fr\/blog\/wp-content\/uploads\/2019\/08\/troph\u00e9e-Euro-volley-hommes.jpg\",\"width\":1920,\"height\":1280},{\"@type\":\"WebSite\",\"@id\":\"https:\/\/dicodusport.fr\/blog\/#website\",\"url\":\"https:\/\/dicodusport.fr\/blog\/\",\"name\":\"Dicodusport\",\"description\":\"L&#039;encyclop\u00e9die de l&#039;actualit\u00e9 sportive\",\"publisher\":{\"@id\":\"https:\/\/dicodusport.fr\/blog\/#organization\"},\"potentialAction\":[{\"@type\":\"SearchAction\",\"target\":{\"@type\":\"EntryPoint\",\"urlTemplate\":\"https:\/\/dicodusport.fr\/blog\/?s={search_term_string}\"},\"query-input\":{\"@type\":\"PropertyValueSpecification\",\"valueRequired\":true,\"valueName\":\"search_term_string\"}}],\"inLanguage\":\"fr-FR\"},{\"@type\":\"NewsMediaOrganization\",\"@id\":\"https:\/\/dicodusport.fr\/blog\/#organization\",\"name\":\"Dicodusport\",\"url\":\"https:\/\/dicodusport.fr\/blog\/\",\"logo\":{\"@type\":\"ImageObject\",\"inLanguage\":\"fr-FR\",\"@id\":\"https:\/\/dicodusport.fr\/blog\/#\/schema\/logo\/image\/\",\"url\":\"https:\/\/dicodusport.fr\/blog\/wp-content\/uploads\/2020\/06\/cropped-LOGO-DICODUSPORT-2020-SANS-FOND-SANS-TEXTE.png\",\"contentUrl\":\"https:\/\/dicodusport.fr\/blog\/wp-content\/uploads\/2020\/06\/cropped-LOGO-DICODUSPORT-2020-SANS-FOND-SANS-TEXTE.png\",\"width\":512,\"height\":512,\"caption\":\"Dicodusport\"},\"image\":{\"@id\":\"https:\/\/dicodusport.fr\/blog\/#\/schema\/logo\/image\/\"},\"sameAs\":[\"https:\/\/www.facebook.com\/dicodusport\",\"https:\/\/x.com\/dicodusport\",\"https:\/\/www.instagram.com\/dicodusport\/\",\"https:\/\/www.youtube.com\/channel\/UC7V2KZ5sd3htJivAbA4ZG3w\"],\"description\":\"Dicodusport est l'encyclop\u00e9die de l'actualit\u00e9 sportive.\",\"email\":\"bonjour@dicodusport.fr\",\"legalName\":\"DICODUSPORT\",\"foundingDate\":\"2018-01-14\",\"vatID\":\"FR71834470973\",\"taxID\":\"83447097300043\",\"numberOfEmployees\":{\"@type\":\"QuantitativeValue\",\"minValue\":\"1\",\"maxValue\":\"10\"}},{\"@type\":\"Person\",\"@id\":\"https:\/\/dicodusport.fr\/blog\/#\/schema\/person\/cce96fa88785bd8573e3d43078ac8c79\",\"name\":\"Arlette Yeye\",\"image\":{\"@type\":\"ImageObject\",\"inLanguage\":\"fr-FR\",\"@id\":\"https:\/\/dicodusport.fr\/blog\/#\/schema\/person\/image\/\",\"url\":\"https:\/\/secure.gravatar.com\/avatar\/dca4a6239e6d708e46c45d60e160de6c?s=96&d=wp_user_avatar&r=g\",\"contentUrl\":\"https:\/\/secure.gravatar.com\/avatar\/dca4a6239e6d708e46c45d60e160de6c?s=96&d=wp_user_avatar&r=g\",\"caption\":\"Arlette Yeye\"},\"description\":\"Journaliste\/r\u00e9dactrice depuis septembre 2015 - Supportrice de Chelsea, j'ai pour sports de pr\u00e9dilection le handball, l'athl\u00e9tisme et le tennis. Si je tweete plus vite que mon ombre, vous pouvez aussi me retrouver les week-ends sur les playgrounds de Bruxelles pour un petit foot ou basket entre potes. Parcourir la France, l'Europe et plus si affinit\u00e9s pour suivre mes sportifs pr\u00e9f\u00e9r\u00e9s ? Mon kif ! Et c'est avec plaisir que je partage les r\u00e9sultats des sports populaires mais \u00e9galement plus confidentiels pour Dicodusport.\",\"sameAs\":[\"https:\/\/x.com\/https:\/\/twitter.com\/Shiclette94\"],\"url\":\"https:\/\/dicodusport.fr\/blog\/author\/arlette\/\"}]}<\/script>\n<!-- \/ Yoast SEO Premium plugin. -->","yoast_head_json":{"title":"Volley-ball - Championnat d'Europe masculin 2019 : calendrier et r\u00e9sultats","description":"Les Championnats d'Europe de volley-ball 2019 auront lieu du 12 au 29 septembre dans quatre pays. Voici le calendrier de la comp\u00e9tition.","robots":{"index":"index","follow":"follow","max-snippet":"max-snippet:-1","max-image-preview":"max-image-preview:large","max-video-preview":"max-video-preview:-1"},"canonical":"https:\/\/dicodusport.fr\/blog\/volley-ball-championnat-d-europe-masculin-2019-calendrier-et-resultats\/","next":"https:\/\/dicodusport.fr\/blog\/volley-ball-championnat-d-europe-masculin-2019-calendrier-et-resultats\/2\/","og_locale":"fr_FR","og_type":"article","og_title":"Volley-ball - Championnat d'Europe masculn 2019 : calendrier et r\u00e9sultats","og_description":"Les Championnats d'Europe de volley-ball 2019 auront lieu du 12 au 29 septembre dans quatre pays. Voici le calendrier de la comp\u00e9tition.","og_url":"https:\/\/dicodusport.fr\/blog\/volley-ball-championnat-d-europe-masculin-2019-calendrier-et-resultats\/","og_site_name":"Dicodusport","article_publisher":"https:\/\/www.facebook.com\/dicodusport","article_published_time":"2019-09-26T18:23:22+00:00","article_modified_time":"2022-11-18T09:19:42+00:00","og_image":[{"width":1920,"height":1280,"url":"https:\/\/dicodusport.fr\/blog\/wp-content\/uploads\/2019\/08\/troph\u00e9e-Euro-volley-hommes.jpg","type":"image\/jpeg"}],"author":"Arlette Yeye","twitter_card":"summary_large_image","twitter_title":"Volley-ball - Championnat d'Europe masculin 2019 : calendrier et r\u00e9sultats","twitter_creator":"@https:\/\/twitter.com\/Shiclette94","twitter_site":"@dicodusport","schema":{"@context":"https:\/\/schema.org","@graph":[{"@type":"NewsArticle","@id":"https:\/\/dicodusport.fr\/blog\/volley-ball-championnat-d-europe-masculin-2019-calendrier-et-resultats\/#article","isPartOf":{"@id":"https:\/\/dicodusport.fr\/blog\/volley-ball-championnat-d-europe-masculin-2019-calendrier-et-resultats\/"},"author":{"name":"Arlette Yeye","@id":"https:\/\/dicodusport.fr\/blog\/#\/schema\/person\/cce96fa88785bd8573e3d43078ac8c79"},"headline":"Volley-ball &#8211; Championnat d&rsquo;Europe masculin 2019 : calendrier et r\u00e9sultats","datePublished":"2019-09-26T18:23:22+00:00","dateModified":"2022-11-18T09:19:42+00:00","mainEntityOfPage":{"@id":"https:\/\/dicodusport.fr\/blog\/volley-ball-championnat-d-europe-masculin-2019-calendrier-et-resultats\/"},"wordCount":235,"commentCount":0,"publisher":{"@id":"https:\/\/dicodusport.fr\/blog\/#organization"},"image":{"@id":"https:\/\/dicodusport.fr\/blog\/volley-ball-championnat-d-europe-masculin-2019-calendrier-et-resultats\/#primaryimage"},"thumbnailUrl":"https:\/\/dicodusport.fr\/blog\/wp-content\/uploads\/2019\/08\/troph\u00e9e-Euro-volley-hommes.jpg","keywords":["EuroVolley","EuroVolley hommes","Team Yavbou"],"articleSection":["Volley-Ball"],"inLanguage":"fr-FR","potentialAction":[{"@type":"CommentAction","name":"Comment","target":["https:\/\/dicodusport.fr\/blog\/volley-ball-championnat-d-europe-masculin-2019-calendrier-et-resultats\/#respond"]}],"copyrightYear":"2019","copyrightHolder":{"@id":"https:\/\/dicodusport.fr\/blog\/#organization"}},{"@type":"WebPage","@id":"https:\/\/dicodusport.fr\/blog\/volley-ball-championnat-d-europe-masculin-2019-calendrier-et-resultats\/","url":"https:\/\/dicodusport.fr\/blog\/volley-ball-championnat-d-europe-masculin-2019-calendrier-et-resultats\/","name":"Volley-ball - Championnat d'Europe masculin 2019 : calendrier et r\u00e9sultats","isPartOf":{"@id":"https:\/\/dicodusport.fr\/blog\/#website"},"primaryImageOfPage":{"@id":"https:\/\/dicodusport.fr\/blog\/volley-ball-championnat-d-europe-masculin-2019-calendrier-et-resultats\/#primaryimage"},"image":{"@id":"https:\/\/dicodusport.fr\/blog\/volley-ball-championnat-d-europe-masculin-2019-calendrier-et-resultats\/#primaryimage"},"thumbnailUrl":"https:\/\/dicodusport.fr\/blog\/wp-content\/uploads\/2019\/08\/troph\u00e9e-Euro-volley-hommes.jpg","datePublished":"2019-09-26T18:23:22+00:00","dateModified":"2022-11-18T09:19:42+00:00","description":"Les Championnats d'Europe de volley-ball 2019 auront lieu du 12 au 29 septembre dans quatre pays. Voici le calendrier de la comp\u00e9tition.","inLanguage":"fr-FR","potentialAction":[{"@type":"ReadAction","target":["https:\/\/dicodusport.fr\/blog\/volley-ball-championnat-d-europe-masculin-2019-calendrier-et-resultats\/"]}]},{"@type":"ImageObject","inLanguage":"fr-FR","@id":"https:\/\/dicodusport.fr\/blog\/volley-ball-championnat-d-europe-masculin-2019-calendrier-et-resultats\/#primaryimage","url":"https:\/\/dicodusport.fr\/blog\/wp-content\/uploads\/2019\/08\/troph\u00e9e-Euro-volley-hommes.jpg","contentUrl":"https:\/\/dicodusport.fr\/blog\/wp-content\/uploads\/2019\/08\/troph\u00e9e-Euro-volley-hommes.jpg","width":1920,"height":1280},{"@type":"WebSite","@id":"https:\/\/dicodusport.fr\/blog\/#website","url":"https:\/\/dicodusport.fr\/blog\/","name":"Dicodusport","description":"L&#039;encyclop\u00e9die de l&#039;actualit\u00e9 sportive","publisher":{"@id":"https:\/\/dicodusport.fr\/blog\/#organization"},"potentialAction":[{"@type":"SearchAction","target":{"@type":"EntryPoint","urlTemplate":"https:\/\/dicodusport.fr\/blog\/?s={search_term_string}"},"query-input":{"@type":"PropertyValueSpecification","valueRequired":true,"valueName":"search_term_string"}}],"inLanguage":"fr-FR"},{"@type":"NewsMediaOrganization","@id":"https:\/\/dicodusport.fr\/blog\/#organization","name":"Dicodusport","url":"https:\/\/dicodusport.fr\/blog\/","logo":{"@type":"ImageObject","inLanguage":"fr-FR","@id":"https:\/\/dicodusport.fr\/blog\/#\/schema\/logo\/image\/","url":"https:\/\/dicodusport.fr\/blog\/wp-content\/uploads\/2020\/06\/cropped-LOGO-DICODUSPORT-2020-SANS-FOND-SANS-TEXTE.png","contentUrl":"https:\/\/dicodusport.fr\/blog\/wp-content\/uploads\/2020\/06\/cropped-LOGO-DICODUSPORT-2020-SANS-FOND-SANS-TEXTE.png","width":512,"height":512,"caption":"Dicodusport"},"image":{"@id":"https:\/\/dicodusport.fr\/blog\/#\/schema\/logo\/image\/"},"sameAs":["https:\/\/www.facebook.com\/dicodusport","https:\/\/x.com\/dicodusport","https:\/\/www.instagram.com\/dicodusport\/","https:\/\/www.youtube.com\/channel\/UC7V2KZ5sd3htJivAbA4ZG3w"],"description":"Dicodusport est l'encyclop\u00e9die de l'actualit\u00e9 sportive.","email":"bonjour@dicodusport.fr","legalName":"DICODUSPORT","foundingDate":"2018-01-14","vatID":"FR71834470973","taxID":"83447097300043","numberOfEmployees":{"@type":"QuantitativeValue","minValue":"1","maxValue":"10"}},{"@type":"Person","@id":"https:\/\/dicodusport.fr\/blog\/#\/schema\/person\/cce96fa88785bd8573e3d43078ac8c79","name":"Arlette Yeye","image":{"@type":"ImageObject","inLanguage":"fr-FR","@id":"https:\/\/dicodusport.fr\/blog\/#\/schema\/person\/image\/","url":"https:\/\/secure.gravatar.com\/avatar\/dca4a6239e6d708e46c45d60e160de6c?s=96&d=wp_user_avatar&r=g","contentUrl":"https:\/\/secure.gravatar.com\/avatar\/dca4a6239e6d708e46c45d60e160de6c?s=96&d=wp_user_avatar&r=g","caption":"Arlette Yeye"},"description":"Journaliste\/r\u00e9dactrice depuis septembre 2015 - Supportrice de Chelsea, j'ai pour sports de pr\u00e9dilection le handball, l'athl\u00e9tisme et le tennis. Si je tweete plus vite que mon ombre, vous pouvez aussi me retrouver les week-ends sur les playgrounds de Bruxelles pour un petit foot ou basket entre potes. Parcourir la France, l'Europe et plus si affinit\u00e9s pour suivre mes sportifs pr\u00e9f\u00e9r\u00e9s ? Mon kif ! Et c'est avec plaisir que je partage les r\u00e9sultats des sports populaires mais \u00e9galement plus confidentiels pour Dicodusport.","sameAs":["https:\/\/x.com\/https:\/\/twitter.com\/Shiclette94"],"url":"https:\/\/dicodusport.fr\/blog\/author\/arlette\/"}]}},"_links":{"self":[{"href":"https:\/\/dicodusport.fr\/blog\/wp-json\/wp\/v2\/posts\/47576","targetHints":{"allow":["GET"]}}],"collection":[{"href":"https:\/\/dicodusport.fr\/blog\/wp-json\/wp\/v2\/posts"}],"about":[{"href":"https:\/\/dicodusport.fr\/blog\/wp-json\/wp\/v2\/types\/post"}],"author":[{"embeddable":true,"href":"https:\/\/dicodusport.fr\/blog\/wp-json\/wp\/v2\/users\/12"}],"replies":[{"embeddable":true,"href":"https:\/\/dicodusport.fr\/blog\/wp-json\/wp\/v2\/comments?post=47576"}],"version-history":[{"count":0,"href":"https:\/\/dicodusport.fr\/blog\/wp-json\/wp\/v2\/posts\/47576\/revisions"}],"wp:featuredmedia":[{"embeddable":true,"href":"https:\/\/dicodusport.fr\/blog\/wp-json\/wp\/v2\/media\/45497"}],"wp:attachment":[{"href":"https:\/\/dicodusport.fr\/blog\/wp-json\/wp\/v2\/media?parent=47576"}],"wp:term":[{"taxonomy":"category","embeddable":true,"href":"https:\/\/dicodusport.fr\/blog\/wp-json\/wp\/v2\/categories?post=47576"},{"taxonomy":"post_tag","embeddable":true,"href":"https:\/\/dicodusport.fr\/blog\/wp-json\/wp\/v2\/tags?post=47576"}],"curies":[{"name":"wp","href":"https:\/\/api.w.org\/{rel}","templated":true}]}}