{"id":475964,"date":"2024-04-01T08:15:16","date_gmt":"2024-04-01T06:15:16","guid":{"rendered":"https:\/\/dicodusport.fr\/blog\/?p=475964&#038;preview=true&#038;preview_id=475964"},"modified":"2024-04-04T15:34:43","modified_gmt":"2024-04-04T13:34:43","slug":"tour-des-flandres-2024-la-victoire-de-mathieu-van-der-poel-en-chiffres","status":"publish","type":"post","link":"https:\/\/dicodusport.fr\/blog\/tour-des-flandres-2024-la-victoire-de-mathieu-van-der-poel-en-chiffres\/","title":{"rendered":"Tour des Flandres 2024 : La victoire de Mathieu van der Poel en chiffres"},"content":{"rendered":"<p style=\"text-align: justify;\"><em><b>TOUR DES FLANDRES 2024<\/b><span class=\"tojvnm2t a6sixzi8 abs2jz4q a8s20v7p t1p8iaqh k5wvi7nf q3lfd5jv pk4s997a bipmatt0 cebpdrjk qowsmv63 owwhemhu dp1hu0rb dhp61c6y iyyx5f41\"><b> \u2013 <a href=\"https:\/\/dicodusport.fr\/blog\/tour-des-flandres-2024-mathieu-van-der-poel-simpose-en-patron\/\">Mathieu van der Poel a remport\u00e9 avec la mani\u00e8re le Tour des Flandres<\/a>, devant l&rsquo;\u00e9tonnant Luca Mozzato. Retour en chiffres sur une course qui restera m\u00e9morable \u00e0 de nombreux \u00e9gards.<\/b><\/span><\/em><\/p>\n<ul style=\"text-align: justify;\">\n<li style=\"text-align: justify;\"><strong>\u00c0 ce sujet &#8211; <a href=\"https:\/\/dicodusport.fr\/blog\/classement-tour-des-flandres-2024\/\">Tour des Flandres 2024 : Le classement<\/a><\/strong><\/li>\n<\/ul>\n<h2 style=\"text-align: justify;\">3<\/h2>\n<p style=\"text-align: justify;\"><strong>Mathieu van der Poel<\/strong> a sign\u00e9 sa troisi\u00e8me victoire sur le Ronde en <strong>six<\/strong> participations ! Outre ses succ\u00e8s, il compte notamment <strong>deux<\/strong> podiums et <strong>une<\/strong> quatri\u00e8me place lors de sa premi\u00e8re participation. Il est d\u00e9sormais le recordman du nombre de victoires, \u00e0 \u00e9galit\u00e9 avec six autres cyclistes, dont les l\u00e9gendes<strong> Johan Museeuw<\/strong>, <strong>Tom Boonen<\/strong> et <strong>Fabian Cancellara<\/strong>.<\/p>\n<h2 style=\"text-align: justify;\">1:02<\/h2>\n<p style=\"text-align: justify;\">C&rsquo;est l&rsquo;\u00e9cart entre<strong> Mathieu van der Poel<\/strong> et son dauphin. Seul <strong>Fabian Cancellara<\/strong>, en 2010 et 2013 (1:15 et 1:27) a fait mieux au XXI\u00e8me si\u00e8cle. Depuis 1980, il n&rsquo;y a eu, outre 2010 et 2013, que quatre \u00e9ditions avec un \u00e9cart plus important que cette ann\u00e9e : 1:23 en 1983 et 1:27 en 1995. Preuve de l&rsquo;ultra-domination du N\u00e9erlandais.<\/p>\n<h2 style=\"text-align: justify;\">44,48<\/h2>\n<p style=\"text-align: justify;\">C&rsquo;est en kilom\u00e8tres-heure la vitesse moyenne de ce Tour des Flandres. Il s&rsquo;agit ni plus ni moins que du record qui datait de l&rsquo;an dernier : <strong>Tadej Pogacar<\/strong> avait alors remport\u00e9 la course avec une moyenne de <strong>44,082 km\/h<\/strong>.<\/p>\n<h2 style=\"text-align: justify;\">44<\/h2>\n<p style=\"text-align: justify;\">C&rsquo;est \u00e9galement le nombre de kilom\u00e8tres parcourus par le N\u00e9erlandais en solitaire ! Il a fait la diff\u00e9rence gr\u00e2ce \u00e0 sa puissance, sa technique et son placement sur les pentes terribles du Koppenberg. Ils ne sont que <strong>trois<\/strong> coureurs, parmi le groupe de t\u00eate, \u00e0 avoir pass\u00e9 la difficult\u00e9 sur leur cycle, la majorit\u00e9 des coureurs ayant pos\u00e9 pied \u00e0 terre. Outre le Batave, <strong>Matteo Jorgenson<\/strong> et <strong>Mads Pedersen<\/strong> ont r\u00e9alis\u00e9 cette performance gr\u00e2ce \u00e0 leur position \u00e0 l&rsquo;avant du groupe de t\u00eate.<\/p>\n<blockquote class=\"twitter-tweet\">\n<p dir=\"ltr\" lang=\"fr\">Van der Poel fait la diff\u00e9rence dans le Koppenberg ! Le champion du monde est l&rsquo;un des rares \u00e0 le franchir sur son v\u00e9lo quand la plupart de ses concurrents se retrouvent&#8230; \u00e0 pied !<\/p>\n<p>Suivez le d\u00e9nouement du Tour des Flandres sur Eurosport avec <a href=\"https:\/\/twitter.com\/hashtag\/LesRP?src=hash&amp;ref_src=twsrc%5Etfw\">#LesRP<\/a> <a href=\"https:\/\/twitter.com\/hashtag\/RVV24?src=hash&amp;ref_src=twsrc%5Etfw\">#RVV24<\/a> <a href=\"https:\/\/t.co\/CkhpDJUyCK\">pic.twitter.com\/CkhpDJUyCK<\/a><\/p>\n<p>\u2014 Eurosport France (@Eurosport_FR) <a href=\"https:\/\/twitter.com\/Eurosport_FR\/status\/1774430223523594299?ref_src=twsrc%5Etfw\">March 31, 2024<\/a><\/p><\/blockquote>\n<p><script async src=\"https:\/\/platform.twitter.com\/widgets.js\" charset=\"utf-8\"><\/script><\/p>\n<h2 style=\"text-align: justify;\">6<\/h2>\n<p style=\"text-align: justify;\">Comme le nombre de vainqueurs du Ronde, arborant le maillot arc-en-ciel. Avant <strong>van der Poel<\/strong>, seuls <strong>Louison Bobet<\/strong> en 1955, <strong>Rik van Looy<\/strong> en 1962, <strong>Eddy Merckx<\/strong> en 1975, <strong>Tom Boonen<\/strong> en 2006 et <strong>Peter Sagan<\/strong> en 2016 avaient r\u00e9ussi cette prouesse.<\/p>\n<h2 style=\"text-align: justify;\">3<\/h2>\n<p style=\"text-align: justify;\">Il s&rsquo;agit du nombre de coureurs d&rsquo;UAE Team Emirates dans le top 5 de la course. En l&rsquo;absence de <strong>Tadej Pogacar<\/strong>, les hommes en blanc ont fait parler leur collectif. On peut \u00e9galement mentionner la 12\u00e8me place de <strong>Tim Wellens<\/strong>. Autrement, seuls INEOS Grenadiers, Team Jayco AlUla et Israel &#8211; Premier Tech ont r\u00e9ussi \u00e0 placer deux coureurs dans le top 20.<\/p>\n<h2 style=\"text-align: justify;\">20<\/h2>\n<p style=\"text-align: justify;\">C&rsquo;est l&rsquo;\u00e2ge d&rsquo;<strong>Ant\u00f3nio Morgado<\/strong> qui vient d&rsquo;achever le premier Tour des Flandres de sa carri\u00e8re \u00e0 la cinqui\u00e8me place. Le Portugais d&rsquo;UAE Team Emirates ne cesse d&rsquo;impressionner depuis sa deuxi\u00e8me place aux Championnats du monde espoirs l&rsquo;\u00e9t\u00e9 dernier. Il devient le plus jeune coureur depuis 80 ans \u00e0 monter sur le podium d&rsquo;un monument. Il faut remonter au Ronde 1944 pour voir un athl\u00e8te aussi jeune dans les trois premiers. En l&rsquo;occurrence, il s&rsquo;agissait de <strong>Rik van Steenbergen<\/strong>.\u00a0 Il confirme ses qualit\u00e9s sur les classiques belges, comme l&rsquo;atteste aussi sa deuxi\u00e8me place sur Le Samyn, plus t\u00f4t dans la saison.<\/p>\n<h2 style=\"text-align: justify;\">1<\/h2>\n<p style=\"text-align: justify;\"><strong>Luca Mozzato<\/strong> a offert \u00e0 l&rsquo;\u00e9quipe Ark\u00e9a &#8211; B&amp;B Hotels son premier podium sur un Monument ! Il s&rsquo;agit d&rsquo;un r\u00e9sultat historique pour l&rsquo;\u00e9quipe bretonne, qui depuis sa cr\u00e9ation en 2005, sous l&rsquo;appellation Bretagne\u2013Jean Floc&rsquo;h, n&rsquo;a remport\u00e9 qu&rsquo;un succ\u00e8s en World Tour. Il s&rsquo;agissait, en l&rsquo;occurrence, d&rsquo;une victoire d&rsquo;\u00e9tape de <strong>Warren Barguil<\/strong> sur Tirreno-Adriatico en 2022. <strong>Mozzato<\/strong> confirme par ailleurs son tr\u00e8s bon d\u00e9but de saison apr\u00e8s son succ\u00e8s sur la Bredene Koksijde Classic.<\/p>\n<h2 style=\"text-align: justify;\">0<\/h2>\n<p style=\"text-align: justify;\">Il n&rsquo;y a aucun coureur fran\u00e7ais dans le top 10 de la course. <strong>Valentin Madouas<\/strong>, qui est le dernier \u00e0 avoir int\u00e9gr\u00e9 le top 10 du Ronde (podium en 2022) est le premier coureur tricolore. Il termine 16\u00e8me \u00e0 plus de deux minutes sans avoir vraiment pes\u00e9 sur la course. On retrouve n\u00e9anmoins <strong>2<\/strong> coureurs d&rsquo;une \u00e9quipe fran\u00e7aise dans les 10 premiers. En effet, outre <strong>Luca Mozzato<\/strong>, <strong>Oliver Naesen<\/strong> finit 7\u00e8me pour Decathlon AG2R La Mondiale Team.<\/p>\n<h2 style=\"text-align: justify;\">0<\/h2>\n<p style=\"text-align: justify;\">La bulle. C&rsquo;est \u00e9galement le nombre de coureurs de l&rsquo;\u00e9quipe Astana \u00e0 l&rsquo;arriv\u00e9e du Ronde. Trois \u00e9quipes ont par ailleurs ralli\u00e9 l&rsquo;arriv\u00e9e avec <strong>un<\/strong> seul coureur. Bahrain Victorious (<strong>Fred Wright<\/strong>, 50\u00e8me), Team Flanders-Baloise (<strong>Lars Craps<\/strong>, 53\u00e8me) et Cofidis (<strong>Piet Allegaert<\/strong>, 57\u00e8me). Au total, seuls <strong>87<\/strong> coureurs sont venus \u00e0 bout des 270 kilom\u00e8tres. Ils \u00e9taient <strong>175<\/strong> au d\u00e9part.<\/p>\n","protected":false},"excerpt":{"rendered":"<p>TOUR DES FLANDRES 2024 \u2013 Revivez la victoire de Mathieu van der Poel \u00e0 travers une s\u00e9rie de chiffres cl\u00e9s.<\/p>\n","protected":false},"author":91,"featured_media":475996,"comment_status":"open","ping_status":"closed","sticky":false,"template":"","format":"standard","meta":{"_acf_changed":false,"_daextam_enable_autolinks":"1","footnotes":""},"categories":[46994],"tags":[3119,16878,4325],"class_list":["post-475964","post","type-post","status-publish","format-standard","has-post-thumbnail","hentry","category-cyclisme-sur-route","tag-actualite-cyclisme","tag-breve","tag-tour-des-flandres"],"acf":[],"yoast_head":"<!-- This site is optimized with the Yoast SEO Premium plugin v26.7 (Yoast SEO v26.7) - https:\/\/yoast.com\/wordpress\/plugins\/seo\/ -->\n<title>Tour des Flandres 2024 : La victoire de Mathieu van der Poel en chiffres<\/title>\n<meta name=\"description\" content=\"TOUR DES FLANDRES 2024 \u2013 Revivez la victoire de Mathieu van der Poel \u00e0 travers une s\u00e9rie de chiffres cl\u00e9s.\" \/>\n<meta name=\"robots\" content=\"index, follow, max-snippet:-1, max-image-preview:large, max-video-preview:-1\" \/>\n<link rel=\"canonical\" href=\"https:\/\/dicodusport.fr\/blog\/tour-des-flandres-2024-la-victoire-de-mathieu-van-der-poel-en-chiffres\/\" \/>\n<meta property=\"og:locale\" content=\"fr_FR\" \/>\n<meta property=\"og:type\" content=\"article\" \/>\n<meta property=\"og:title\" content=\"Tour des Flandres 2024 : La victoire de Mathieu van der Poel en chiffres\" \/>\n<meta property=\"og:description\" content=\"TOUR DES FLANDRES 2024 \u2013 Revivez la victoire de Mathieu van der Poel \u00e0 travers une s\u00e9rie de chiffres cl\u00e9s.\" \/>\n<meta property=\"og:url\" content=\"https:\/\/dicodusport.fr\/blog\/tour-des-flandres-2024-la-victoire-de-mathieu-van-der-poel-en-chiffres\/\" \/>\n<meta property=\"og:site_name\" content=\"Dicodusport\" \/>\n<meta property=\"article:publisher\" content=\"https:\/\/www.facebook.com\/dicodusport\" \/>\n<meta property=\"article:published_time\" content=\"2024-04-01T06:15:16+00:00\" \/>\n<meta property=\"article:modified_time\" content=\"2024-04-04T13:34:43+00:00\" \/>\n<meta property=\"og:image\" content=\"https:\/\/dicodusport.fr\/blog\/wp-content\/uploads\/2024\/03\/Tour-des-Flandres-2024-La-victoire-de-Mathieu-van-der-Poel-en-chiffres.png\" \/>\n\t<meta property=\"og:image:width\" content=\"1200\" \/>\n\t<meta property=\"og:image:height\" content=\"674\" \/>\n\t<meta property=\"og:image:type\" content=\"image\/png\" \/>\n<meta name=\"author\" content=\"Victor Clot-Amiot\" \/>\n<meta name=\"twitter:card\" content=\"summary_large_image\" \/>\n<meta name=\"twitter:title\" content=\"Tour des Flandres 2024 : La victoire de Mathieu van der Poel en chiffres\" \/>\n<meta name=\"twitter:creator\" content=\"@https:\/\/x.com\/VictorClotAmiot\" \/>\n<meta name=\"twitter:site\" content=\"@dicodusport\" \/>\n<script type=\"application\/ld+json\" class=\"yoast-schema-graph\">{\"@context\":\"https:\/\/schema.org\",\"@graph\":[{\"@type\":\"NewsArticle\",\"@id\":\"https:\/\/dicodusport.fr\/blog\/tour-des-flandres-2024-la-victoire-de-mathieu-van-der-poel-en-chiffres\/#article\",\"isPartOf\":{\"@id\":\"https:\/\/dicodusport.fr\/blog\/tour-des-flandres-2024-la-victoire-de-mathieu-van-der-poel-en-chiffres\/\"},\"author\":{\"name\":\"Victor Clot-Amiot\",\"@id\":\"https:\/\/dicodusport.fr\/blog\/#\/schema\/person\/b623199cba9ba90fe84a3d16e9282360\"},\"headline\":\"Tour des Flandres 2024 : La victoire de Mathieu van der Poel en chiffres\",\"datePublished\":\"2024-04-01T06:15:16+00:00\",\"dateModified\":\"2024-04-04T13:34:43+00:00\",\"mainEntityOfPage\":{\"@id\":\"https:\/\/dicodusport.fr\/blog\/tour-des-flandres-2024-la-victoire-de-mathieu-van-der-poel-en-chiffres\/\"},\"wordCount\":805,\"commentCount\":0,\"publisher\":{\"@id\":\"https:\/\/dicodusport.fr\/blog\/#organization\"},\"image\":{\"@id\":\"https:\/\/dicodusport.fr\/blog\/tour-des-flandres-2024-la-victoire-de-mathieu-van-der-poel-en-chiffres\/#primaryimage\"},\"thumbnailUrl\":\"https:\/\/dicodusport.fr\/blog\/wp-content\/uploads\/2024\/03\/Tour-des-Flandres-2024-La-victoire-de-Mathieu-van-der-Poel-en-chiffres.png\",\"keywords\":[\"Actualit\u00e9 Cyclisme\",\"br\u00e8ve\",\"Tour des Flandres\"],\"articleSection\":[\"Cyclisme sur route\"],\"inLanguage\":\"fr-FR\",\"potentialAction\":[{\"@type\":\"CommentAction\",\"name\":\"Comment\",\"target\":[\"https:\/\/dicodusport.fr\/blog\/tour-des-flandres-2024-la-victoire-de-mathieu-van-der-poel-en-chiffres\/#respond\"]}],\"copyrightYear\":\"2024\",\"copyrightHolder\":{\"@id\":\"https:\/\/dicodusport.fr\/blog\/#organization\"}},{\"@type\":\"WebPage\",\"@id\":\"https:\/\/dicodusport.fr\/blog\/tour-des-flandres-2024-la-victoire-de-mathieu-van-der-poel-en-chiffres\/\",\"url\":\"https:\/\/dicodusport.fr\/blog\/tour-des-flandres-2024-la-victoire-de-mathieu-van-der-poel-en-chiffres\/\",\"name\":\"Tour des Flandres 2024 : La victoire de Mathieu van der Poel en chiffres\",\"isPartOf\":{\"@id\":\"https:\/\/dicodusport.fr\/blog\/#website\"},\"primaryImageOfPage\":{\"@id\":\"https:\/\/dicodusport.fr\/blog\/tour-des-flandres-2024-la-victoire-de-mathieu-van-der-poel-en-chiffres\/#primaryimage\"},\"image\":{\"@id\":\"https:\/\/dicodusport.fr\/blog\/tour-des-flandres-2024-la-victoire-de-mathieu-van-der-poel-en-chiffres\/#primaryimage\"},\"thumbnailUrl\":\"https:\/\/dicodusport.fr\/blog\/wp-content\/uploads\/2024\/03\/Tour-des-Flandres-2024-La-victoire-de-Mathieu-van-der-Poel-en-chiffres.png\",\"datePublished\":\"2024-04-01T06:15:16+00:00\",\"dateModified\":\"2024-04-04T13:34:43+00:00\",\"description\":\"TOUR DES FLANDRES 2024 \u2013 Revivez la victoire de Mathieu van der Poel \u00e0 travers une s\u00e9rie de chiffres cl\u00e9s.\",\"breadcrumb\":{\"@id\":\"https:\/\/dicodusport.fr\/blog\/tour-des-flandres-2024-la-victoire-de-mathieu-van-der-poel-en-chiffres\/#breadcrumb\"},\"inLanguage\":\"fr-FR\",\"potentialAction\":[{\"@type\":\"ReadAction\",\"target\":[\"https:\/\/dicodusport.fr\/blog\/tour-des-flandres-2024-la-victoire-de-mathieu-van-der-poel-en-chiffres\/\"]}]},{\"@type\":\"ImageObject\",\"inLanguage\":\"fr-FR\",\"@id\":\"https:\/\/dicodusport.fr\/blog\/tour-des-flandres-2024-la-victoire-de-mathieu-van-der-poel-en-chiffres\/#primaryimage\",\"url\":\"https:\/\/dicodusport.fr\/blog\/wp-content\/uploads\/2024\/03\/Tour-des-Flandres-2024-La-victoire-de-Mathieu-van-der-Poel-en-chiffres.png\",\"contentUrl\":\"https:\/\/dicodusport.fr\/blog\/wp-content\/uploads\/2024\/03\/Tour-des-Flandres-2024-La-victoire-de-Mathieu-van-der-Poel-en-chiffres.png\",\"width\":1200,\"height\":674,\"caption\":\"Tour des Flandres 2024 La victoire de Mathieu van der Poel en chiffres\"},{\"@type\":\"BreadcrumbList\",\"@id\":\"https:\/\/dicodusport.fr\/blog\/tour-des-flandres-2024-la-victoire-de-mathieu-van-der-poel-en-chiffres\/#breadcrumb\",\"itemListElement\":[{\"@type\":\"ListItem\",\"position\":1,\"name\":\"Accueil\",\"item\":\"https:\/\/dicodusport.fr\/blog\/\"},{\"@type\":\"ListItem\",\"position\":2,\"name\":\"Tour des Flandres 2024 : La victoire de Mathieu van der Poel en chiffres\"}]},{\"@type\":\"WebSite\",\"@id\":\"https:\/\/dicodusport.fr\/blog\/#website\",\"url\":\"https:\/\/dicodusport.fr\/blog\/\",\"name\":\"Dicodusport\",\"description\":\"L&#039;encyclop\u00e9die de l&#039;actualit\u00e9 sportive\",\"publisher\":{\"@id\":\"https:\/\/dicodusport.fr\/blog\/#organization\"},\"potentialAction\":[{\"@type\":\"SearchAction\",\"target\":{\"@type\":\"EntryPoint\",\"urlTemplate\":\"https:\/\/dicodusport.fr\/blog\/?s={search_term_string}\"},\"query-input\":{\"@type\":\"PropertyValueSpecification\",\"valueRequired\":true,\"valueName\":\"search_term_string\"}}],\"inLanguage\":\"fr-FR\"},{\"@type\":\"NewsMediaOrganization\",\"@id\":\"https:\/\/dicodusport.fr\/blog\/#organization\",\"name\":\"Dicodusport\",\"url\":\"https:\/\/dicodusport.fr\/blog\/\",\"logo\":{\"@type\":\"ImageObject\",\"inLanguage\":\"fr-FR\",\"@id\":\"https:\/\/dicodusport.fr\/blog\/#\/schema\/logo\/image\/\",\"url\":\"https:\/\/dicodusport.fr\/blog\/wp-content\/uploads\/2020\/06\/cropped-LOGO-DICODUSPORT-2020-SANS-FOND-SANS-TEXTE.png\",\"contentUrl\":\"https:\/\/dicodusport.fr\/blog\/wp-content\/uploads\/2020\/06\/cropped-LOGO-DICODUSPORT-2020-SANS-FOND-SANS-TEXTE.png\",\"width\":512,\"height\":512,\"caption\":\"Dicodusport\"},\"image\":{\"@id\":\"https:\/\/dicodusport.fr\/blog\/#\/schema\/logo\/image\/\"},\"sameAs\":[\"https:\/\/www.facebook.com\/dicodusport\",\"https:\/\/x.com\/dicodusport\",\"https:\/\/www.instagram.com\/dicodusport\/\",\"https:\/\/www.youtube.com\/channel\/UC7V2KZ5sd3htJivAbA4ZG3w\"],\"description\":\"Dicodusport est l'encyclop\u00e9die de l'actualit\u00e9 sportive.\",\"email\":\"bonjour@dicodusport.fr\",\"legalName\":\"DICODUSPORT\",\"foundingDate\":\"2018-01-14\",\"vatID\":\"FR71834470973\",\"taxID\":\"83447097300043\",\"numberOfEmployees\":{\"@type\":\"QuantitativeValue\",\"minValue\":\"1\",\"maxValue\":\"10\"}},{\"@type\":\"Person\",\"@id\":\"https:\/\/dicodusport.fr\/blog\/#\/schema\/person\/b623199cba9ba90fe84a3d16e9282360\",\"name\":\"Victor Clot-Amiot\",\"image\":{\"@type\":\"ImageObject\",\"inLanguage\":\"fr-FR\",\"@id\":\"https:\/\/dicodusport.fr\/blog\/#\/schema\/person\/image\/\",\"url\":\"https:\/\/dicodusport.fr\/blog\/wp-content\/uploads\/2023\/09\/IMG_20190826_114722-150x150.jpg\",\"contentUrl\":\"https:\/\/dicodusport.fr\/blog\/wp-content\/uploads\/2023\/09\/IMG_20190826_114722-150x150.jpg\",\"caption\":\"Victor Clot-Amiot\"},\"description\":\"Passionn\u00e9 de sport depuis toujours, un jour \u00e0 l'adolescence mes parents m'ont dit : \\\"quitte \u00e0 passer ton temps \u00e0 regarder du sport, au moins va le voir en vrai\\\" ! Depuis, cette remarque ne m'a plus quitt\u00e9 et je passe une grande partie de mon temps libre \u00e0 assister \u00e0 des comp\u00e9titions de tous sports. Je m\u00eale d'ailleurs mes deux passions, le sport et les voyages afin de faire une pierre deux coups ! Outre l'US Open ou l'Euro 2021 par exemple, j'ai assist\u00e9 cet \u00e9t\u00e9 aux Mondiaux d'athl\u00e9tisme \u00e0 Budapest. Mon plus gros coup dur est et restera les JO 2020-2021 pour lesquels j'avais r\u00e9serv\u00e9 17 \u00e9preuves. La suite, vous la connaissez...\",\"sameAs\":[\"https:\/\/x.com\/https:\/\/x.com\/VictorClotAmiot\"],\"url\":\"https:\/\/dicodusport.fr\/blog\/author\/victor-clot-amiot\/\"}]}<\/script>\n<!-- \/ Yoast SEO Premium plugin. -->","yoast_head_json":{"title":"Tour des Flandres 2024 : La victoire de Mathieu van der Poel en chiffres","description":"TOUR DES FLANDRES 2024 \u2013 Revivez la victoire de Mathieu van der Poel \u00e0 travers une s\u00e9rie de chiffres cl\u00e9s.","robots":{"index":"index","follow":"follow","max-snippet":"max-snippet:-1","max-image-preview":"max-image-preview:large","max-video-preview":"max-video-preview:-1"},"canonical":"https:\/\/dicodusport.fr\/blog\/tour-des-flandres-2024-la-victoire-de-mathieu-van-der-poel-en-chiffres\/","og_locale":"fr_FR","og_type":"article","og_title":"Tour des Flandres 2024 : La victoire de Mathieu van der Poel en chiffres","og_description":"TOUR DES FLANDRES 2024 \u2013 Revivez la victoire de Mathieu van der Poel \u00e0 travers une s\u00e9rie de chiffres cl\u00e9s.","og_url":"https:\/\/dicodusport.fr\/blog\/tour-des-flandres-2024-la-victoire-de-mathieu-van-der-poel-en-chiffres\/","og_site_name":"Dicodusport","article_publisher":"https:\/\/www.facebook.com\/dicodusport","article_published_time":"2024-04-01T06:15:16+00:00","article_modified_time":"2024-04-04T13:34:43+00:00","og_image":[{"width":1200,"height":674,"url":"https:\/\/dicodusport.fr\/blog\/wp-content\/uploads\/2024\/03\/Tour-des-Flandres-2024-La-victoire-de-Mathieu-van-der-Poel-en-chiffres.png","type":"image\/png"}],"author":"Victor Clot-Amiot","twitter_card":"summary_large_image","twitter_title":"Tour des Flandres 2024 : La victoire de Mathieu van der Poel en chiffres","twitter_creator":"@https:\/\/x.com\/VictorClotAmiot","twitter_site":"@dicodusport","schema":{"@context":"https:\/\/schema.org","@graph":[{"@type":"NewsArticle","@id":"https:\/\/dicodusport.fr\/blog\/tour-des-flandres-2024-la-victoire-de-mathieu-van-der-poel-en-chiffres\/#article","isPartOf":{"@id":"https:\/\/dicodusport.fr\/blog\/tour-des-flandres-2024-la-victoire-de-mathieu-van-der-poel-en-chiffres\/"},"author":{"name":"Victor Clot-Amiot","@id":"https:\/\/dicodusport.fr\/blog\/#\/schema\/person\/b623199cba9ba90fe84a3d16e9282360"},"headline":"Tour des Flandres 2024 : La victoire de Mathieu van der Poel en chiffres","datePublished":"2024-04-01T06:15:16+00:00","dateModified":"2024-04-04T13:34:43+00:00","mainEntityOfPage":{"@id":"https:\/\/dicodusport.fr\/blog\/tour-des-flandres-2024-la-victoire-de-mathieu-van-der-poel-en-chiffres\/"},"wordCount":805,"commentCount":0,"publisher":{"@id":"https:\/\/dicodusport.fr\/blog\/#organization"},"image":{"@id":"https:\/\/dicodusport.fr\/blog\/tour-des-flandres-2024-la-victoire-de-mathieu-van-der-poel-en-chiffres\/#primaryimage"},"thumbnailUrl":"https:\/\/dicodusport.fr\/blog\/wp-content\/uploads\/2024\/03\/Tour-des-Flandres-2024-La-victoire-de-Mathieu-van-der-Poel-en-chiffres.png","keywords":["Actualit\u00e9 Cyclisme","br\u00e8ve","Tour des Flandres"],"articleSection":["Cyclisme sur route"],"inLanguage":"fr-FR","potentialAction":[{"@type":"CommentAction","name":"Comment","target":["https:\/\/dicodusport.fr\/blog\/tour-des-flandres-2024-la-victoire-de-mathieu-van-der-poel-en-chiffres\/#respond"]}],"copyrightYear":"2024","copyrightHolder":{"@id":"https:\/\/dicodusport.fr\/blog\/#organization"}},{"@type":"WebPage","@id":"https:\/\/dicodusport.fr\/blog\/tour-des-flandres-2024-la-victoire-de-mathieu-van-der-poel-en-chiffres\/","url":"https:\/\/dicodusport.fr\/blog\/tour-des-flandres-2024-la-victoire-de-mathieu-van-der-poel-en-chiffres\/","name":"Tour des Flandres 2024 : La victoire de Mathieu van der Poel en chiffres","isPartOf":{"@id":"https:\/\/dicodusport.fr\/blog\/#website"},"primaryImageOfPage":{"@id":"https:\/\/dicodusport.fr\/blog\/tour-des-flandres-2024-la-victoire-de-mathieu-van-der-poel-en-chiffres\/#primaryimage"},"image":{"@id":"https:\/\/dicodusport.fr\/blog\/tour-des-flandres-2024-la-victoire-de-mathieu-van-der-poel-en-chiffres\/#primaryimage"},"thumbnailUrl":"https:\/\/dicodusport.fr\/blog\/wp-content\/uploads\/2024\/03\/Tour-des-Flandres-2024-La-victoire-de-Mathieu-van-der-Poel-en-chiffres.png","datePublished":"2024-04-01T06:15:16+00:00","dateModified":"2024-04-04T13:34:43+00:00","description":"TOUR DES FLANDRES 2024 \u2013 Revivez la victoire de Mathieu van der Poel \u00e0 travers une s\u00e9rie de chiffres cl\u00e9s.","breadcrumb":{"@id":"https:\/\/dicodusport.fr\/blog\/tour-des-flandres-2024-la-victoire-de-mathieu-van-der-poel-en-chiffres\/#breadcrumb"},"inLanguage":"fr-FR","potentialAction":[{"@type":"ReadAction","target":["https:\/\/dicodusport.fr\/blog\/tour-des-flandres-2024-la-victoire-de-mathieu-van-der-poel-en-chiffres\/"]}]},{"@type":"ImageObject","inLanguage":"fr-FR","@id":"https:\/\/dicodusport.fr\/blog\/tour-des-flandres-2024-la-victoire-de-mathieu-van-der-poel-en-chiffres\/#primaryimage","url":"https:\/\/dicodusport.fr\/blog\/wp-content\/uploads\/2024\/03\/Tour-des-Flandres-2024-La-victoire-de-Mathieu-van-der-Poel-en-chiffres.png","contentUrl":"https:\/\/dicodusport.fr\/blog\/wp-content\/uploads\/2024\/03\/Tour-des-Flandres-2024-La-victoire-de-Mathieu-van-der-Poel-en-chiffres.png","width":1200,"height":674,"caption":"Tour des Flandres 2024 La victoire de Mathieu van der Poel en chiffres"},{"@type":"BreadcrumbList","@id":"https:\/\/dicodusport.fr\/blog\/tour-des-flandres-2024-la-victoire-de-mathieu-van-der-poel-en-chiffres\/#breadcrumb","itemListElement":[{"@type":"ListItem","position":1,"name":"Accueil","item":"https:\/\/dicodusport.fr\/blog\/"},{"@type":"ListItem","position":2,"name":"Tour des Flandres 2024 : La victoire de Mathieu van der Poel en chiffres"}]},{"@type":"WebSite","@id":"https:\/\/dicodusport.fr\/blog\/#website","url":"https:\/\/dicodusport.fr\/blog\/","name":"Dicodusport","description":"L&#039;encyclop\u00e9die de l&#039;actualit\u00e9 sportive","publisher":{"@id":"https:\/\/dicodusport.fr\/blog\/#organization"},"potentialAction":[{"@type":"SearchAction","target":{"@type":"EntryPoint","urlTemplate":"https:\/\/dicodusport.fr\/blog\/?s={search_term_string}"},"query-input":{"@type":"PropertyValueSpecification","valueRequired":true,"valueName":"search_term_string"}}],"inLanguage":"fr-FR"},{"@type":"NewsMediaOrganization","@id":"https:\/\/dicodusport.fr\/blog\/#organization","name":"Dicodusport","url":"https:\/\/dicodusport.fr\/blog\/","logo":{"@type":"ImageObject","inLanguage":"fr-FR","@id":"https:\/\/dicodusport.fr\/blog\/#\/schema\/logo\/image\/","url":"https:\/\/dicodusport.fr\/blog\/wp-content\/uploads\/2020\/06\/cropped-LOGO-DICODUSPORT-2020-SANS-FOND-SANS-TEXTE.png","contentUrl":"https:\/\/dicodusport.fr\/blog\/wp-content\/uploads\/2020\/06\/cropped-LOGO-DICODUSPORT-2020-SANS-FOND-SANS-TEXTE.png","width":512,"height":512,"caption":"Dicodusport"},"image":{"@id":"https:\/\/dicodusport.fr\/blog\/#\/schema\/logo\/image\/"},"sameAs":["https:\/\/www.facebook.com\/dicodusport","https:\/\/x.com\/dicodusport","https:\/\/www.instagram.com\/dicodusport\/","https:\/\/www.youtube.com\/channel\/UC7V2KZ5sd3htJivAbA4ZG3w"],"description":"Dicodusport est l'encyclop\u00e9die de l'actualit\u00e9 sportive.","email":"bonjour@dicodusport.fr","legalName":"DICODUSPORT","foundingDate":"2018-01-14","vatID":"FR71834470973","taxID":"83447097300043","numberOfEmployees":{"@type":"QuantitativeValue","minValue":"1","maxValue":"10"}},{"@type":"Person","@id":"https:\/\/dicodusport.fr\/blog\/#\/schema\/person\/b623199cba9ba90fe84a3d16e9282360","name":"Victor Clot-Amiot","image":{"@type":"ImageObject","inLanguage":"fr-FR","@id":"https:\/\/dicodusport.fr\/blog\/#\/schema\/person\/image\/","url":"https:\/\/dicodusport.fr\/blog\/wp-content\/uploads\/2023\/09\/IMG_20190826_114722-150x150.jpg","contentUrl":"https:\/\/dicodusport.fr\/blog\/wp-content\/uploads\/2023\/09\/IMG_20190826_114722-150x150.jpg","caption":"Victor Clot-Amiot"},"description":"Passionn\u00e9 de sport depuis toujours, un jour \u00e0 l'adolescence mes parents m'ont dit : \"quitte \u00e0 passer ton temps \u00e0 regarder du sport, au moins va le voir en vrai\" ! Depuis, cette remarque ne m'a plus quitt\u00e9 et je passe une grande partie de mon temps libre \u00e0 assister \u00e0 des comp\u00e9titions de tous sports. Je m\u00eale d'ailleurs mes deux passions, le sport et les voyages afin de faire une pierre deux coups ! Outre l'US Open ou l'Euro 2021 par exemple, j'ai assist\u00e9 cet \u00e9t\u00e9 aux Mondiaux d'athl\u00e9tisme \u00e0 Budapest. Mon plus gros coup dur est et restera les JO 2020-2021 pour lesquels j'avais r\u00e9serv\u00e9 17 \u00e9preuves. La suite, vous la connaissez...","sameAs":["https:\/\/x.com\/https:\/\/x.com\/VictorClotAmiot"],"url":"https:\/\/dicodusport.fr\/blog\/author\/victor-clot-amiot\/"}]}},"_links":{"self":[{"href":"https:\/\/dicodusport.fr\/blog\/wp-json\/wp\/v2\/posts\/475964","targetHints":{"allow":["GET"]}}],"collection":[{"href":"https:\/\/dicodusport.fr\/blog\/wp-json\/wp\/v2\/posts"}],"about":[{"href":"https:\/\/dicodusport.fr\/blog\/wp-json\/wp\/v2\/types\/post"}],"author":[{"embeddable":true,"href":"https:\/\/dicodusport.fr\/blog\/wp-json\/wp\/v2\/users\/91"}],"replies":[{"embeddable":true,"href":"https:\/\/dicodusport.fr\/blog\/wp-json\/wp\/v2\/comments?post=475964"}],"version-history":[{"count":7,"href":"https:\/\/dicodusport.fr\/blog\/wp-json\/wp\/v2\/posts\/475964\/revisions"}],"predecessor-version":[{"id":476609,"href":"https:\/\/dicodusport.fr\/blog\/wp-json\/wp\/v2\/posts\/475964\/revisions\/476609"}],"wp:featuredmedia":[{"embeddable":true,"href":"https:\/\/dicodusport.fr\/blog\/wp-json\/wp\/v2\/media\/475996"}],"wp:attachment":[{"href":"https:\/\/dicodusport.fr\/blog\/wp-json\/wp\/v2\/media?parent=475964"}],"wp:term":[{"taxonomy":"category","embeddable":true,"href":"https:\/\/dicodusport.fr\/blog\/wp-json\/wp\/v2\/categories?post=475964"},{"taxonomy":"post_tag","embeddable":true,"href":"https:\/\/dicodusport.fr\/blog\/wp-json\/wp\/v2\/tags?post=475964"}],"curies":[{"name":"wp","href":"https:\/\/api.w.org\/{rel}","templated":true}]}}