{"id":476204,"date":"2024-04-02T17:24:28","date_gmt":"2024-04-02T15:24:28","guid":{"rendered":"https:\/\/dicodusport.fr\/blog\/?p=476204&#038;preview=true&#038;preview_id=476204"},"modified":"2024-04-02T17:48:38","modified_gmt":"2024-04-02T15:48:38","slug":"tour-du-pays-basque-2024-premiere-victoire-en-world-tour-pour-paul-lapeira","status":"publish","type":"post","link":"https:\/\/dicodusport.fr\/blog\/tour-du-pays-basque-2024-premiere-victoire-en-world-tour-pour-paul-lapeira\/","title":{"rendered":"Tour du Pays Basque 2024 : Premi\u00e8re victoire en World Tour pour Paul Lapeira !"},"content":{"rendered":"<p style=\"text-align: justify;\"><strong><em>TOUR DU PAYS BASQUE 2024 &#8211; Dans un final marqu\u00e9 par deux chutes coup sur coup, Paul Lapeira (Decathlon AG2R La Mondiale) en a profit\u00e9 pour s&rsquo;imposer au sprint. Il remporte sa premi\u00e8re victoire en World Tour apr\u00e8s ses deux premi\u00e8res victoires professionnelles il y a deux semaines.<\/em><\/strong><\/p>\n<ul>\n<li style=\"text-align: justify;\"><strong>\u00c0 ce sujet &#8211; <a href=\"https:\/\/dicodusport.fr\/blog\/tour-du-pays-basque-2024-classement-2eme-etape\/\">Classement de la 2\u00e8me \u00e9tape<\/a><\/strong><\/li>\n<li style=\"text-align: justify;\"><strong>\u00c0 ce sujet &#8211; <a href=\"https:\/\/dicodusport.fr\/blog\/tour-du-pays-basque-2024-classement-general\/\">Classement g\u00e9n\u00e9ral<\/a><\/strong><\/li>\n<\/ul>\n<h2 style=\"text-align: justify;\">Cap en France !<\/h2>\n<p style=\"text-align: justify;\">Au lendemain de la victoire de <strong>Primoz Roglic<\/strong> sur le chrono inaugural, les coureurs avaient rendez-vous pour la premi\u00e8re \u00e9tape en ligne de ce Tour du Pays Basque 2024. Au programme ce mardi, pas de grosse difficult\u00e9 r\u00e9pertori\u00e9e, mais un parcours casse-pattes alternant courtes mont\u00e9es et descentes et empruntant des chauss\u00e9es pas toujours tr\u00e8s larges. Apr\u00e8s une boucle autour d&rsquo;Irun la veille, les coureurs ont travers\u00e9 la rivi\u00e8re Bidassoa lors du d\u00e9part fictif, et sa tr\u00e8s c\u00e9l\u00e8bre \u00eele des Faisans, connue pour \u00eatre espagnole six mois de l&rsquo;ann\u00e9e et fran\u00e7aise le reste du temps, pour une \u00e9tape int\u00e9gralement disput\u00e9e en France. L&rsquo;arriv\u00e9e du jour \u00e9tant pr\u00e9vue \u00e0 Cambo-les-Bains (Kanbo) \u00e0 quelques kilom\u00e8tres de la commune d&rsquo;Espelette.<\/p>\n<p style=\"text-align: justify;\">Une \u00e9chapp\u00e9e de cinq hommes a pris le large \u00e0 l&rsquo;avant, d\u00e8s le d\u00e9part. Outre les deux r\u00e9gionaux <strong>Enekoitz Azparren<\/strong> (Euskaltel &#8211; Euskadi) et <strong>Xabier Azparren<\/strong> (Q36.5 Pro Cycling Team), on retrouve en t\u00eate un autre ib\u00e9rique, <strong>Iv\u00e1n Cobo<\/strong> (Equipo Kern Pharma) ainsi que <strong>Jetse Bol<\/strong> (Burgos &#8211; BH), d\u00e9j\u00e0 \u00e0 l&rsquo;avant sur le GP Miguel Indurain et <strong>Alexis Vuillermoz<\/strong> c\u00f4t\u00e9 fran\u00e7ais (TotalEnergies). Ces cinq hommes ont compt\u00e9 jusqu&rsquo;\u00e0 pr\u00e8s de quatre minutes d&rsquo;avance. Dans le peloton, l&rsquo;\u00e9cart \u00e9tait sous contr\u00f4le tandis que devant, <strong>Cobo<\/strong> perdait le contact alors qu&rsquo;il restait 90km \u00e0 parcourir. Finalement, l&rsquo;\u00e9cart continuait de s&rsquo;amenuiser jusqu&rsquo;\u00e0 la jonction avec les hommes de t\u00eate \u00e0 13km de l&rsquo;arriv\u00e9e.<\/p>\n<h2 style=\"text-align: justify;\">Cambo-les-Bains th\u00e9\u00e2tre d&rsquo;un sprint<\/h2>\n<p style=\"text-align: justify;\">Malgr\u00e9 un final \u00e0 l&rsquo;image de la journ\u00e9e, sans un m\u00e8tre de plat (mais sans pourcentages d\u00e9mesur\u00e9s), c&rsquo;est assez rare pour le signaler sur cette \u00e9preuve, le peloton se dirigeait tout droit vers une arriv\u00e9e massive. Les meilleurs sprinteurs \u00e9tant eux &#8211; comme \u00e0 l&rsquo;accoutum\u00e9e sur le Tour du Pays Basque &#8211; absents. C&rsquo;est donc un sprint ouvert qui s&rsquo;annon\u00e7ait. Difficile, sur le papier, de d\u00e9signer un grandissime favori, m\u00eame si des noms comme <strong>Ethan Hayter<\/strong>, <strong>Orluis Aular<\/strong>, <strong>Emils Liepins<\/strong> ou encore <strong>Niklas Arndt<\/strong> ont r\u00e9guli\u00e8rement \u00e9t\u00e9 cit\u00e9s au cours de l&rsquo;apr\u00e8s-midi.<\/p>\n<p style=\"text-align: justify;\">Ce sont finalement les Groupama-FDJ qui prennent les choses en main, \u00e0 quatre kilom\u00e8tres de l&rsquo;arriv\u00e9e alors qu&rsquo;une chute en faux-plat descendant, sur chauss\u00e9e mouill\u00e9e, emmenait une poign\u00e9e de coureurs dont <strong>Tao Geoghegan<\/strong> <strong>Hart<\/strong> au sol. Le peloton, coup\u00e9 en deux peinant \u00e0 se r\u00e9organiser, vit <strong>Romain Gr\u00e9goire<\/strong> glisser dans la foul\u00e9e, alors qu&rsquo;il \u00e9tait dans la roue d&rsquo;un co\u00e9quipier, en deuxi\u00e8me position du peloton.<\/p>\n<p style=\"text-align: justify;\">Dans ce final d\u00e9cousu, le plus rapide est fran\u00e7ais ! <strong>Paul Lapeira<\/strong> s&rsquo;impose au sprint, apr\u00e8s un \u00e9norme travail de son co\u00e9quipier <strong>Bruno Armirail<\/strong>. Il devance <strong>Samuele Battistella<\/strong> (Astana Qazaqstan Team) et <strong>Louis Vervaeke<\/strong> (Soudal Quick-Step). Deux semaines apr\u00e8s ses deux premiers succ\u00e8s chez les pros (Classic Loire Atlantique et Cholet Agglo Tour), le coureur de Decathlon AG2R La Mondiale confirme le tr\u00e8s bon d\u00e9but de saison de son \u00e9quipe, d\u00e9j\u00e0 victorieuse \u00e0 huit reprises en 2024 dont deux fois en World Tour. <strong>Primoz Roglic<\/strong> reste en t\u00eate du g\u00e9n\u00e9ral avant la troisi\u00e8me \u00e9tape.<\/p>\n<blockquote class=\"twitter-tweet\">\n<p dir=\"ltr\" lang=\"fr\">\ud83c\uddeb\ud83c\uddf7\ud83d\ude4c Cocorico : Paul Lapeira et Decathlon-AG2R La Mondiale remportent la 2e \u00e9tape d&rsquo;<a href=\"https:\/\/twitter.com\/hashtag\/Itzulia?src=hash&amp;ref_src=twsrc%5Etfw\">#Itzulia<\/a> au bout d&rsquo;un sprint sous la pluie comme on les aime !<\/p>\n<p>Suivez le Tour du Pays Basque sur Eurosport, avec <a href=\"https:\/\/twitter.com\/hashtag\/LesRP?src=hash&amp;ref_src=twsrc%5Etfw\">#LesRP<\/a> <a href=\"https:\/\/t.co\/9JSp1V8YiU\">pic.twitter.com\/9JSp1V8YiU<\/a><\/p>\n<p>\u2014 Eurosport France (@Eurosport_FR) <a href=\"https:\/\/twitter.com\/Eurosport_FR\/status\/1775182720462635231?ref_src=twsrc%5Etfw\">April 2, 2024<\/a><\/p><\/blockquote>\n<p><script async src=\"https:\/\/platform.twitter.com\/widgets.js\" charset=\"utf-8\"><\/script><\/p>\n","protected":false},"excerpt":{"rendered":"<p>TOUR DU PAYS BASQUE 2024 &#8211; Victoire au sprint de Paul Lapeira ! Le Fran\u00e7ais signe sa premi\u00e8re victoire en World Tour.<\/p>\n","protected":false},"author":91,"featured_media":476264,"comment_status":"open","ping_status":"closed","sticky":false,"template":"","format":"standard","meta":{"_acf_changed":false,"_daextam_enable_autolinks":"1","footnotes":""},"categories":[46994],"tags":[16878,38425,24,7583],"class_list":["post-476204","post","type-post","status-publish","format-standard","has-post-thumbnail","hentry","category-cyclisme-sur-route","tag-breve","tag-paul-lapeira","tag-sport","tag-tour-du-pays-basque"],"acf":[],"yoast_head":"<!-- This site is optimized with the Yoast SEO Premium plugin v26.7 (Yoast SEO v26.7) - https:\/\/yoast.com\/wordpress\/plugins\/seo\/ -->\n<title>Tour du Pays Basque 2024 : Premi\u00e8re victoire en World Tour pour Paul Lapeira !<\/title>\n<meta name=\"description\" content=\"TOUR DU PAYS BASQUE 2024 - Victoire au sprint de Paul Lapeira ! Le Fran\u00e7ais signe sa premi\u00e8re victoire en World Tour.\" \/>\n<meta name=\"robots\" content=\"index, follow, max-snippet:-1, max-image-preview:large, max-video-preview:-1\" \/>\n<link rel=\"canonical\" href=\"https:\/\/dicodusport.fr\/blog\/tour-du-pays-basque-2024-premiere-victoire-en-world-tour-pour-paul-lapeira\/\" \/>\n<meta property=\"og:locale\" content=\"fr_FR\" \/>\n<meta property=\"og:type\" content=\"article\" \/>\n<meta property=\"og:title\" content=\"Tour du Pays Basque 2024 : Premi\u00e8re victoire en World Tour pour Paul Lapeira !\" \/>\n<meta property=\"og:description\" content=\"TOUR DU PAYS BASQUE 2024 - Victoire au sprint de Paul Lapeira ! Le Fran\u00e7ais signe sa premi\u00e8re victoire en World Tour.\" \/>\n<meta property=\"og:url\" content=\"https:\/\/dicodusport.fr\/blog\/tour-du-pays-basque-2024-premiere-victoire-en-world-tour-pour-paul-lapeira\/\" \/>\n<meta property=\"og:site_name\" content=\"Dicodusport\" \/>\n<meta property=\"article:publisher\" content=\"https:\/\/www.facebook.com\/dicodusport\" \/>\n<meta property=\"article:published_time\" content=\"2024-04-02T15:24:28+00:00\" \/>\n<meta property=\"article:modified_time\" content=\"2024-04-02T15:48:38+00:00\" \/>\n<meta property=\"og:image\" content=\"https:\/\/dicodusport.fr\/blog\/wp-content\/uploads\/2024\/04\/Tour-du-Pays-Basque-2024-Premiere-victoire-en-World-Tour-pour-Paul-Lapeira-.png\" \/>\n\t<meta property=\"og:image:width\" content=\"1200\" \/>\n\t<meta property=\"og:image:height\" content=\"674\" \/>\n\t<meta property=\"og:image:type\" content=\"image\/png\" \/>\n<meta name=\"author\" content=\"Victor Clot-Amiot\" \/>\n<meta name=\"twitter:card\" content=\"summary_large_image\" \/>\n<meta name=\"twitter:title\" content=\"Tour du Pays Basque 2024 : Premi\u00e8re victoire en World Tour pour Paul Lapeira !\" \/>\n<meta name=\"twitter:creator\" content=\"@https:\/\/x.com\/VictorClotAmiot\" \/>\n<meta name=\"twitter:site\" content=\"@dicodusport\" \/>\n<script type=\"application\/ld+json\" class=\"yoast-schema-graph\">{\"@context\":\"https:\/\/schema.org\",\"@graph\":[{\"@type\":\"NewsArticle\",\"@id\":\"https:\/\/dicodusport.fr\/blog\/tour-du-pays-basque-2024-premiere-victoire-en-world-tour-pour-paul-lapeira\/#article\",\"isPartOf\":{\"@id\":\"https:\/\/dicodusport.fr\/blog\/tour-du-pays-basque-2024-premiere-victoire-en-world-tour-pour-paul-lapeira\/\"},\"author\":{\"name\":\"Victor Clot-Amiot\",\"@id\":\"https:\/\/dicodusport.fr\/blog\/#\/schema\/person\/b623199cba9ba90fe84a3d16e9282360\"},\"headline\":\"Tour du Pays Basque 2024 : Premi\u00e8re victoire en World Tour pour Paul Lapeira !\",\"datePublished\":\"2024-04-02T15:24:28+00:00\",\"dateModified\":\"2024-04-02T15:48:38+00:00\",\"mainEntityOfPage\":{\"@id\":\"https:\/\/dicodusport.fr\/blog\/tour-du-pays-basque-2024-premiere-victoire-en-world-tour-pour-paul-lapeira\/\"},\"wordCount\":693,\"commentCount\":0,\"publisher\":{\"@id\":\"https:\/\/dicodusport.fr\/blog\/#organization\"},\"image\":{\"@id\":\"https:\/\/dicodusport.fr\/blog\/tour-du-pays-basque-2024-premiere-victoire-en-world-tour-pour-paul-lapeira\/#primaryimage\"},\"thumbnailUrl\":\"https:\/\/dicodusport.fr\/blog\/wp-content\/uploads\/2024\/04\/Tour-du-Pays-Basque-2024-Premiere-victoire-en-World-Tour-pour-Paul-Lapeira-.png\",\"keywords\":[\"br\u00e8ve\",\"Paul Lapeira\",\"sport\",\"Tour du Pays Basque\"],\"articleSection\":[\"Cyclisme sur route\"],\"inLanguage\":\"fr-FR\",\"potentialAction\":[{\"@type\":\"CommentAction\",\"name\":\"Comment\",\"target\":[\"https:\/\/dicodusport.fr\/blog\/tour-du-pays-basque-2024-premiere-victoire-en-world-tour-pour-paul-lapeira\/#respond\"]}],\"copyrightYear\":\"2024\",\"copyrightHolder\":{\"@id\":\"https:\/\/dicodusport.fr\/blog\/#organization\"}},{\"@type\":\"WebPage\",\"@id\":\"https:\/\/dicodusport.fr\/blog\/tour-du-pays-basque-2024-premiere-victoire-en-world-tour-pour-paul-lapeira\/\",\"url\":\"https:\/\/dicodusport.fr\/blog\/tour-du-pays-basque-2024-premiere-victoire-en-world-tour-pour-paul-lapeira\/\",\"name\":\"Tour du Pays Basque 2024 : Premi\u00e8re victoire en World Tour pour Paul Lapeira !\",\"isPartOf\":{\"@id\":\"https:\/\/dicodusport.fr\/blog\/#website\"},\"primaryImageOfPage\":{\"@id\":\"https:\/\/dicodusport.fr\/blog\/tour-du-pays-basque-2024-premiere-victoire-en-world-tour-pour-paul-lapeira\/#primaryimage\"},\"image\":{\"@id\":\"https:\/\/dicodusport.fr\/blog\/tour-du-pays-basque-2024-premiere-victoire-en-world-tour-pour-paul-lapeira\/#primaryimage\"},\"thumbnailUrl\":\"https:\/\/dicodusport.fr\/blog\/wp-content\/uploads\/2024\/04\/Tour-du-Pays-Basque-2024-Premiere-victoire-en-World-Tour-pour-Paul-Lapeira-.png\",\"datePublished\":\"2024-04-02T15:24:28+00:00\",\"dateModified\":\"2024-04-02T15:48:38+00:00\",\"description\":\"TOUR DU PAYS BASQUE 2024 - Victoire au sprint de Paul Lapeira ! Le Fran\u00e7ais signe sa premi\u00e8re victoire en World Tour.\",\"breadcrumb\":{\"@id\":\"https:\/\/dicodusport.fr\/blog\/tour-du-pays-basque-2024-premiere-victoire-en-world-tour-pour-paul-lapeira\/#breadcrumb\"},\"inLanguage\":\"fr-FR\",\"potentialAction\":[{\"@type\":\"ReadAction\",\"target\":[\"https:\/\/dicodusport.fr\/blog\/tour-du-pays-basque-2024-premiere-victoire-en-world-tour-pour-paul-lapeira\/\"]}]},{\"@type\":\"ImageObject\",\"inLanguage\":\"fr-FR\",\"@id\":\"https:\/\/dicodusport.fr\/blog\/tour-du-pays-basque-2024-premiere-victoire-en-world-tour-pour-paul-lapeira\/#primaryimage\",\"url\":\"https:\/\/dicodusport.fr\/blog\/wp-content\/uploads\/2024\/04\/Tour-du-Pays-Basque-2024-Premiere-victoire-en-World-Tour-pour-Paul-Lapeira-.png\",\"contentUrl\":\"https:\/\/dicodusport.fr\/blog\/wp-content\/uploads\/2024\/04\/Tour-du-Pays-Basque-2024-Premiere-victoire-en-World-Tour-pour-Paul-Lapeira-.png\",\"width\":1200,\"height\":674,\"caption\":\"Tour du Pays Basque 2024 Premi\u00e8re victoire en World Tour pour Paul Lapeira !\"},{\"@type\":\"BreadcrumbList\",\"@id\":\"https:\/\/dicodusport.fr\/blog\/tour-du-pays-basque-2024-premiere-victoire-en-world-tour-pour-paul-lapeira\/#breadcrumb\",\"itemListElement\":[{\"@type\":\"ListItem\",\"position\":1,\"name\":\"Accueil\",\"item\":\"https:\/\/dicodusport.fr\/blog\/\"},{\"@type\":\"ListItem\",\"position\":2,\"name\":\"Tour du Pays Basque 2024 : Premi\u00e8re victoire en World Tour pour Paul Lapeira !\"}]},{\"@type\":\"WebSite\",\"@id\":\"https:\/\/dicodusport.fr\/blog\/#website\",\"url\":\"https:\/\/dicodusport.fr\/blog\/\",\"name\":\"Dicodusport\",\"description\":\"L&#039;encyclop\u00e9die de l&#039;actualit\u00e9 sportive\",\"publisher\":{\"@id\":\"https:\/\/dicodusport.fr\/blog\/#organization\"},\"potentialAction\":[{\"@type\":\"SearchAction\",\"target\":{\"@type\":\"EntryPoint\",\"urlTemplate\":\"https:\/\/dicodusport.fr\/blog\/?s={search_term_string}\"},\"query-input\":{\"@type\":\"PropertyValueSpecification\",\"valueRequired\":true,\"valueName\":\"search_term_string\"}}],\"inLanguage\":\"fr-FR\"},{\"@type\":\"NewsMediaOrganization\",\"@id\":\"https:\/\/dicodusport.fr\/blog\/#organization\",\"name\":\"Dicodusport\",\"url\":\"https:\/\/dicodusport.fr\/blog\/\",\"logo\":{\"@type\":\"ImageObject\",\"inLanguage\":\"fr-FR\",\"@id\":\"https:\/\/dicodusport.fr\/blog\/#\/schema\/logo\/image\/\",\"url\":\"https:\/\/dicodusport.fr\/blog\/wp-content\/uploads\/2020\/06\/cropped-LOGO-DICODUSPORT-2020-SANS-FOND-SANS-TEXTE.png\",\"contentUrl\":\"https:\/\/dicodusport.fr\/blog\/wp-content\/uploads\/2020\/06\/cropped-LOGO-DICODUSPORT-2020-SANS-FOND-SANS-TEXTE.png\",\"width\":512,\"height\":512,\"caption\":\"Dicodusport\"},\"image\":{\"@id\":\"https:\/\/dicodusport.fr\/blog\/#\/schema\/logo\/image\/\"},\"sameAs\":[\"https:\/\/www.facebook.com\/dicodusport\",\"https:\/\/x.com\/dicodusport\",\"https:\/\/www.instagram.com\/dicodusport\/\",\"https:\/\/www.youtube.com\/channel\/UC7V2KZ5sd3htJivAbA4ZG3w\"],\"description\":\"Dicodusport est l'encyclop\u00e9die de l'actualit\u00e9 sportive.\",\"email\":\"bonjour@dicodusport.fr\",\"legalName\":\"DICODUSPORT\",\"foundingDate\":\"2018-01-14\",\"vatID\":\"FR71834470973\",\"taxID\":\"83447097300043\",\"numberOfEmployees\":{\"@type\":\"QuantitativeValue\",\"minValue\":\"1\",\"maxValue\":\"10\"}},{\"@type\":\"Person\",\"@id\":\"https:\/\/dicodusport.fr\/blog\/#\/schema\/person\/b623199cba9ba90fe84a3d16e9282360\",\"name\":\"Victor Clot-Amiot\",\"image\":{\"@type\":\"ImageObject\",\"inLanguage\":\"fr-FR\",\"@id\":\"https:\/\/dicodusport.fr\/blog\/#\/schema\/person\/image\/\",\"url\":\"https:\/\/dicodusport.fr\/blog\/wp-content\/uploads\/2023\/09\/IMG_20190826_114722-150x150.jpg\",\"contentUrl\":\"https:\/\/dicodusport.fr\/blog\/wp-content\/uploads\/2023\/09\/IMG_20190826_114722-150x150.jpg\",\"caption\":\"Victor Clot-Amiot\"},\"description\":\"Passionn\u00e9 de sport depuis toujours, un jour \u00e0 l'adolescence mes parents m'ont dit : \\\"quitte \u00e0 passer ton temps \u00e0 regarder du sport, au moins va le voir en vrai\\\" ! Depuis, cette remarque ne m'a plus quitt\u00e9 et je passe une grande partie de mon temps libre \u00e0 assister \u00e0 des comp\u00e9titions de tous sports. Je m\u00eale d'ailleurs mes deux passions, le sport et les voyages afin de faire une pierre deux coups ! Outre l'US Open ou l'Euro 2021 par exemple, j'ai assist\u00e9 cet \u00e9t\u00e9 aux Mondiaux d'athl\u00e9tisme \u00e0 Budapest. Mon plus gros coup dur est et restera les JO 2020-2021 pour lesquels j'avais r\u00e9serv\u00e9 17 \u00e9preuves. La suite, vous la connaissez...\",\"sameAs\":[\"https:\/\/x.com\/https:\/\/x.com\/VictorClotAmiot\"],\"url\":\"https:\/\/dicodusport.fr\/blog\/author\/victor-clot-amiot\/\"}]}<\/script>\n<!-- \/ Yoast SEO Premium plugin. -->","yoast_head_json":{"title":"Tour du Pays Basque 2024 : Premi\u00e8re victoire en World Tour pour Paul Lapeira !","description":"TOUR DU PAYS BASQUE 2024 - Victoire au sprint de Paul Lapeira ! Le Fran\u00e7ais signe sa premi\u00e8re victoire en World Tour.","robots":{"index":"index","follow":"follow","max-snippet":"max-snippet:-1","max-image-preview":"max-image-preview:large","max-video-preview":"max-video-preview:-1"},"canonical":"https:\/\/dicodusport.fr\/blog\/tour-du-pays-basque-2024-premiere-victoire-en-world-tour-pour-paul-lapeira\/","og_locale":"fr_FR","og_type":"article","og_title":"Tour du Pays Basque 2024 : Premi\u00e8re victoire en World Tour pour Paul Lapeira !","og_description":"TOUR DU PAYS BASQUE 2024 - Victoire au sprint de Paul Lapeira ! Le Fran\u00e7ais signe sa premi\u00e8re victoire en World Tour.","og_url":"https:\/\/dicodusport.fr\/blog\/tour-du-pays-basque-2024-premiere-victoire-en-world-tour-pour-paul-lapeira\/","og_site_name":"Dicodusport","article_publisher":"https:\/\/www.facebook.com\/dicodusport","article_published_time":"2024-04-02T15:24:28+00:00","article_modified_time":"2024-04-02T15:48:38+00:00","og_image":[{"width":1200,"height":674,"url":"https:\/\/dicodusport.fr\/blog\/wp-content\/uploads\/2024\/04\/Tour-du-Pays-Basque-2024-Premiere-victoire-en-World-Tour-pour-Paul-Lapeira-.png","type":"image\/png"}],"author":"Victor Clot-Amiot","twitter_card":"summary_large_image","twitter_title":"Tour du Pays Basque 2024 : Premi\u00e8re victoire en World Tour pour Paul Lapeira !","twitter_creator":"@https:\/\/x.com\/VictorClotAmiot","twitter_site":"@dicodusport","schema":{"@context":"https:\/\/schema.org","@graph":[{"@type":"NewsArticle","@id":"https:\/\/dicodusport.fr\/blog\/tour-du-pays-basque-2024-premiere-victoire-en-world-tour-pour-paul-lapeira\/#article","isPartOf":{"@id":"https:\/\/dicodusport.fr\/blog\/tour-du-pays-basque-2024-premiere-victoire-en-world-tour-pour-paul-lapeira\/"},"author":{"name":"Victor Clot-Amiot","@id":"https:\/\/dicodusport.fr\/blog\/#\/schema\/person\/b623199cba9ba90fe84a3d16e9282360"},"headline":"Tour du Pays Basque 2024 : Premi\u00e8re victoire en World Tour pour Paul Lapeira !","datePublished":"2024-04-02T15:24:28+00:00","dateModified":"2024-04-02T15:48:38+00:00","mainEntityOfPage":{"@id":"https:\/\/dicodusport.fr\/blog\/tour-du-pays-basque-2024-premiere-victoire-en-world-tour-pour-paul-lapeira\/"},"wordCount":693,"commentCount":0,"publisher":{"@id":"https:\/\/dicodusport.fr\/blog\/#organization"},"image":{"@id":"https:\/\/dicodusport.fr\/blog\/tour-du-pays-basque-2024-premiere-victoire-en-world-tour-pour-paul-lapeira\/#primaryimage"},"thumbnailUrl":"https:\/\/dicodusport.fr\/blog\/wp-content\/uploads\/2024\/04\/Tour-du-Pays-Basque-2024-Premiere-victoire-en-World-Tour-pour-Paul-Lapeira-.png","keywords":["br\u00e8ve","Paul Lapeira","sport","Tour du Pays Basque"],"articleSection":["Cyclisme sur route"],"inLanguage":"fr-FR","potentialAction":[{"@type":"CommentAction","name":"Comment","target":["https:\/\/dicodusport.fr\/blog\/tour-du-pays-basque-2024-premiere-victoire-en-world-tour-pour-paul-lapeira\/#respond"]}],"copyrightYear":"2024","copyrightHolder":{"@id":"https:\/\/dicodusport.fr\/blog\/#organization"}},{"@type":"WebPage","@id":"https:\/\/dicodusport.fr\/blog\/tour-du-pays-basque-2024-premiere-victoire-en-world-tour-pour-paul-lapeira\/","url":"https:\/\/dicodusport.fr\/blog\/tour-du-pays-basque-2024-premiere-victoire-en-world-tour-pour-paul-lapeira\/","name":"Tour du Pays Basque 2024 : Premi\u00e8re victoire en World Tour pour Paul Lapeira !","isPartOf":{"@id":"https:\/\/dicodusport.fr\/blog\/#website"},"primaryImageOfPage":{"@id":"https:\/\/dicodusport.fr\/blog\/tour-du-pays-basque-2024-premiere-victoire-en-world-tour-pour-paul-lapeira\/#primaryimage"},"image":{"@id":"https:\/\/dicodusport.fr\/blog\/tour-du-pays-basque-2024-premiere-victoire-en-world-tour-pour-paul-lapeira\/#primaryimage"},"thumbnailUrl":"https:\/\/dicodusport.fr\/blog\/wp-content\/uploads\/2024\/04\/Tour-du-Pays-Basque-2024-Premiere-victoire-en-World-Tour-pour-Paul-Lapeira-.png","datePublished":"2024-04-02T15:24:28+00:00","dateModified":"2024-04-02T15:48:38+00:00","description":"TOUR DU PAYS BASQUE 2024 - Victoire au sprint de Paul Lapeira ! Le Fran\u00e7ais signe sa premi\u00e8re victoire en World Tour.","breadcrumb":{"@id":"https:\/\/dicodusport.fr\/blog\/tour-du-pays-basque-2024-premiere-victoire-en-world-tour-pour-paul-lapeira\/#breadcrumb"},"inLanguage":"fr-FR","potentialAction":[{"@type":"ReadAction","target":["https:\/\/dicodusport.fr\/blog\/tour-du-pays-basque-2024-premiere-victoire-en-world-tour-pour-paul-lapeira\/"]}]},{"@type":"ImageObject","inLanguage":"fr-FR","@id":"https:\/\/dicodusport.fr\/blog\/tour-du-pays-basque-2024-premiere-victoire-en-world-tour-pour-paul-lapeira\/#primaryimage","url":"https:\/\/dicodusport.fr\/blog\/wp-content\/uploads\/2024\/04\/Tour-du-Pays-Basque-2024-Premiere-victoire-en-World-Tour-pour-Paul-Lapeira-.png","contentUrl":"https:\/\/dicodusport.fr\/blog\/wp-content\/uploads\/2024\/04\/Tour-du-Pays-Basque-2024-Premiere-victoire-en-World-Tour-pour-Paul-Lapeira-.png","width":1200,"height":674,"caption":"Tour du Pays Basque 2024 Premi\u00e8re victoire en World Tour pour Paul Lapeira !"},{"@type":"BreadcrumbList","@id":"https:\/\/dicodusport.fr\/blog\/tour-du-pays-basque-2024-premiere-victoire-en-world-tour-pour-paul-lapeira\/#breadcrumb","itemListElement":[{"@type":"ListItem","position":1,"name":"Accueil","item":"https:\/\/dicodusport.fr\/blog\/"},{"@type":"ListItem","position":2,"name":"Tour du Pays Basque 2024 : Premi\u00e8re victoire en World Tour pour Paul Lapeira !"}]},{"@type":"WebSite","@id":"https:\/\/dicodusport.fr\/blog\/#website","url":"https:\/\/dicodusport.fr\/blog\/","name":"Dicodusport","description":"L&#039;encyclop\u00e9die de l&#039;actualit\u00e9 sportive","publisher":{"@id":"https:\/\/dicodusport.fr\/blog\/#organization"},"potentialAction":[{"@type":"SearchAction","target":{"@type":"EntryPoint","urlTemplate":"https:\/\/dicodusport.fr\/blog\/?s={search_term_string}"},"query-input":{"@type":"PropertyValueSpecification","valueRequired":true,"valueName":"search_term_string"}}],"inLanguage":"fr-FR"},{"@type":"NewsMediaOrganization","@id":"https:\/\/dicodusport.fr\/blog\/#organization","name":"Dicodusport","url":"https:\/\/dicodusport.fr\/blog\/","logo":{"@type":"ImageObject","inLanguage":"fr-FR","@id":"https:\/\/dicodusport.fr\/blog\/#\/schema\/logo\/image\/","url":"https:\/\/dicodusport.fr\/blog\/wp-content\/uploads\/2020\/06\/cropped-LOGO-DICODUSPORT-2020-SANS-FOND-SANS-TEXTE.png","contentUrl":"https:\/\/dicodusport.fr\/blog\/wp-content\/uploads\/2020\/06\/cropped-LOGO-DICODUSPORT-2020-SANS-FOND-SANS-TEXTE.png","width":512,"height":512,"caption":"Dicodusport"},"image":{"@id":"https:\/\/dicodusport.fr\/blog\/#\/schema\/logo\/image\/"},"sameAs":["https:\/\/www.facebook.com\/dicodusport","https:\/\/x.com\/dicodusport","https:\/\/www.instagram.com\/dicodusport\/","https:\/\/www.youtube.com\/channel\/UC7V2KZ5sd3htJivAbA4ZG3w"],"description":"Dicodusport est l'encyclop\u00e9die de l'actualit\u00e9 sportive.","email":"bonjour@dicodusport.fr","legalName":"DICODUSPORT","foundingDate":"2018-01-14","vatID":"FR71834470973","taxID":"83447097300043","numberOfEmployees":{"@type":"QuantitativeValue","minValue":"1","maxValue":"10"}},{"@type":"Person","@id":"https:\/\/dicodusport.fr\/blog\/#\/schema\/person\/b623199cba9ba90fe84a3d16e9282360","name":"Victor Clot-Amiot","image":{"@type":"ImageObject","inLanguage":"fr-FR","@id":"https:\/\/dicodusport.fr\/blog\/#\/schema\/person\/image\/","url":"https:\/\/dicodusport.fr\/blog\/wp-content\/uploads\/2023\/09\/IMG_20190826_114722-150x150.jpg","contentUrl":"https:\/\/dicodusport.fr\/blog\/wp-content\/uploads\/2023\/09\/IMG_20190826_114722-150x150.jpg","caption":"Victor Clot-Amiot"},"description":"Passionn\u00e9 de sport depuis toujours, un jour \u00e0 l'adolescence mes parents m'ont dit : \"quitte \u00e0 passer ton temps \u00e0 regarder du sport, au moins va le voir en vrai\" ! Depuis, cette remarque ne m'a plus quitt\u00e9 et je passe une grande partie de mon temps libre \u00e0 assister \u00e0 des comp\u00e9titions de tous sports. Je m\u00eale d'ailleurs mes deux passions, le sport et les voyages afin de faire une pierre deux coups ! Outre l'US Open ou l'Euro 2021 par exemple, j'ai assist\u00e9 cet \u00e9t\u00e9 aux Mondiaux d'athl\u00e9tisme \u00e0 Budapest. Mon plus gros coup dur est et restera les JO 2020-2021 pour lesquels j'avais r\u00e9serv\u00e9 17 \u00e9preuves. La suite, vous la connaissez...","sameAs":["https:\/\/x.com\/https:\/\/x.com\/VictorClotAmiot"],"url":"https:\/\/dicodusport.fr\/blog\/author\/victor-clot-amiot\/"}]}},"_links":{"self":[{"href":"https:\/\/dicodusport.fr\/blog\/wp-json\/wp\/v2\/posts\/476204","targetHints":{"allow":["GET"]}}],"collection":[{"href":"https:\/\/dicodusport.fr\/blog\/wp-json\/wp\/v2\/posts"}],"about":[{"href":"https:\/\/dicodusport.fr\/blog\/wp-json\/wp\/v2\/types\/post"}],"author":[{"embeddable":true,"href":"https:\/\/dicodusport.fr\/blog\/wp-json\/wp\/v2\/users\/91"}],"replies":[{"embeddable":true,"href":"https:\/\/dicodusport.fr\/blog\/wp-json\/wp\/v2\/comments?post=476204"}],"version-history":[{"count":5,"href":"https:\/\/dicodusport.fr\/blog\/wp-json\/wp\/v2\/posts\/476204\/revisions"}],"predecessor-version":[{"id":476265,"href":"https:\/\/dicodusport.fr\/blog\/wp-json\/wp\/v2\/posts\/476204\/revisions\/476265"}],"wp:featuredmedia":[{"embeddable":true,"href":"https:\/\/dicodusport.fr\/blog\/wp-json\/wp\/v2\/media\/476264"}],"wp:attachment":[{"href":"https:\/\/dicodusport.fr\/blog\/wp-json\/wp\/v2\/media?parent=476204"}],"wp:term":[{"taxonomy":"category","embeddable":true,"href":"https:\/\/dicodusport.fr\/blog\/wp-json\/wp\/v2\/categories?post=476204"},{"taxonomy":"post_tag","embeddable":true,"href":"https:\/\/dicodusport.fr\/blog\/wp-json\/wp\/v2\/tags?post=476204"}],"curies":[{"name":"wp","href":"https:\/\/api.w.org\/{rel}","templated":true}]}}