{"id":476305,"date":"2024-04-03T11:34:31","date_gmt":"2024-04-03T09:34:31","guid":{"rendered":"https:\/\/dicodusport.fr\/blog\/?p=476305&#038;preview=true&#038;preview_id=476305"},"modified":"2024-04-03T11:46:31","modified_gmt":"2024-04-03T09:46:31","slug":"tour-du-pays-basque-2024-david-gaudu-non-partant-pour-la-3eme-etape","status":"publish","type":"post","link":"https:\/\/dicodusport.fr\/blog\/tour-du-pays-basque-2024-david-gaudu-non-partant-pour-la-3eme-etape\/","title":{"rendered":"Tour du Pays Basque 2024 : David Gaudu non partant pour la 3\u00e8me \u00e9tape"},"content":{"rendered":"<p style=\"text-align: justify;\"><strong><em>TOUR DU PAYS BASQUE 2024 &#8211; Victime d&rsquo;une chute dans la deuxi\u00e8me \u00e9tape, David Gaudu (Groupama-FDJ) ne prend pas le d\u00e9part de la troisi\u00e8me \u00e9tape. Le grimpeur fran\u00e7ais est touch\u00e9 \u00e0 la main.<\/em><\/strong><\/p>\n<ul>\n<li style=\"text-align: justify;\"><strong>\u00c0 ce sujet &#8211; <a href=\"https:\/\/dicodusport.fr\/blog\/tour-du-pays-basque-2024-classement-2eme-etape\/\">Classement de la 2\u00e8me \u00e9tape<\/a><\/strong><\/li>\n<li style=\"text-align: justify;\"><strong>\u00c0 ce sujet &#8211; <a href=\"https:\/\/dicodusport.fr\/blog\/tour-du-pays-basque-2024-classement-general\/\">Classement g\u00e9n\u00e9ral<\/a><\/strong><\/li>\n<\/ul>\n<p style=\"text-align: justify;\">La malchance se poursuit pour <strong>David Gaudu<\/strong> (Groupama-FDJ). Le leader fran\u00e7ais, 4\u1d49 du Tour de France 2022, ne prendra pas le d\u00e9part de la troisi\u00e8me \u00e9tape du Tour du Pays Basque, ce mercredi. Pris dans une chute dans le final de la deuxi\u00e8me \u00e9tape, il est touch\u00e9 par des plaies profondes \u00e0 la main droite, comme l&rsquo;indique son \u00e9quipe, dans un communiqu\u00e9 sur les r\u00e9seaux sociaux. Une course sur laquelle, il faisait son retour au niveau World Tour, apr\u00e8s une chute survenue sur Paris-Nice et qui l&rsquo;a priv\u00e9 de la fin de la course au soleil.<\/p>\n<p style=\"text-align: justify;\">Revenu de fa\u00e7on probante sur la <a href=\"https:\/\/dicodusport.fr\/blog\/classement-route-adelie-de-vitre-2024\/\">Route Ad\u00e9lie de Vitr\u00e9<\/a> (5e), le Fran\u00e7ais voulait briller au Tour du Pays Basque, en vue de pr\u00e9parer les Ardennaises, son premier grand objectif de la saison. Une pr\u00e9paration d\u00e9j\u00e0 tronqu\u00e9e qui prend encore du plomb dans l&rsquo;aile. La sorci\u00e8re aux dents vertes n&rsquo;est pas tendre avec <strong>David Gaudu<\/strong> en ce moment.<\/p>\n<blockquote class=\"twitter-tweet\">\n<p dir=\"ltr\" lang=\"fr\">David Gaudu a \u00e9t\u00e9 pris dans une chute hier \u00e0 4 km de l&rsquo;arriv\u00e9e. Il a des plaies profondes \u00e0 la main droite et ne pourra pas \u00eatre au d\u00e9part de la 3e \u00e9tape d&rsquo;Itzulia ce mercredi.<\/p>\n<p>Plus d\u2019informations : <a href=\"https:\/\/t.co\/Tcvc8kVNkY\">https:\/\/t.co\/Tcvc8kVNkY<\/a> <a href=\"https:\/\/t.co\/iltezjAawO\">pic.twitter.com\/iltezjAawO<\/a><\/p>\n<p>\u2014 \u00c9quipe Cycliste Groupama-FDJ (@GroupamaFDJ) <a href=\"https:\/\/twitter.com\/GroupamaFDJ\/status\/1775446042630111733?ref_src=twsrc%5Etfw\">April 3, 2024<\/a><\/p><\/blockquote>\n<p><script async src=\"https:\/\/platform.twitter.com\/widgets.js\" charset=\"utf-8\"><\/script><\/p>\n","protected":false},"excerpt":{"rendered":"<p>TOUR DU PAYS BASQUE 2024 &#8211; Victime d&rsquo;une chute dans la deuxi\u00e8me \u00e9tape, David Gaudu (Groupama-FDJ) ne prend pas le d\u00e9part de la troisi\u00e8me \u00e9tape. Le grimpeur fran\u00e7ais est touch\u00e9 \u00e0 la main.<\/p>\n","protected":false},"author":83,"featured_media":476306,"comment_status":"open","ping_status":"closed","sticky":false,"template":"","format":"standard","meta":{"_acf_changed":false,"_daextam_enable_autolinks":"1","footnotes":""},"categories":[46994],"tags":[16878,3113,3279,7583],"class_list":["post-476305","post","type-post","status-publish","format-standard","has-post-thumbnail","hentry","category-cyclisme-sur-route","tag-breve","tag-david-gaudu","tag-groupama-fdj","tag-tour-du-pays-basque"],"acf":[],"yoast_head":"<!-- This site is optimized with the Yoast SEO Premium plugin v26.7 (Yoast SEO v26.7) - https:\/\/yoast.com\/wordpress\/plugins\/seo\/ -->\n<title>Tour du Pays Basque 2024 : David Gaudu non partant pour la 3\u00e8me \u00e9tape<\/title>\n<meta name=\"description\" content=\"TOUR DU PAYS BASQUE 2024 - Victime d&#039;une chute dans la deuxi\u00e8me \u00e9tape, David Gaudu (Groupama-FDJ) ne prend pas le d\u00e9part de la 3e \u00e9tape.\" \/>\n<meta name=\"robots\" content=\"index, follow, max-snippet:-1, max-image-preview:large, max-video-preview:-1\" \/>\n<link rel=\"canonical\" href=\"https:\/\/dicodusport.fr\/blog\/tour-du-pays-basque-2024-david-gaudu-non-partant-pour-la-3eme-etape\/\" \/>\n<meta property=\"og:locale\" content=\"fr_FR\" \/>\n<meta property=\"og:type\" content=\"article\" \/>\n<meta property=\"og:title\" content=\"Tour du Pays Basque 2024 : David Gaudu non partant pour la 3\u00e8me \u00e9tape\" \/>\n<meta property=\"og:description\" content=\"TOUR DU PAYS BASQUE 2024 - Victime d&#039;une chute dans la deuxi\u00e8me \u00e9tape, David Gaudu (Groupama-FDJ) ne prend pas le d\u00e9part de la 3e \u00e9tape.\" \/>\n<meta property=\"og:url\" content=\"https:\/\/dicodusport.fr\/blog\/tour-du-pays-basque-2024-david-gaudu-non-partant-pour-la-3eme-etape\/\" \/>\n<meta property=\"og:site_name\" content=\"Dicodusport\" \/>\n<meta property=\"article:publisher\" content=\"https:\/\/www.facebook.com\/dicodusport\" \/>\n<meta property=\"article:published_time\" content=\"2024-04-03T09:34:31+00:00\" \/>\n<meta property=\"article:modified_time\" content=\"2024-04-03T09:46:31+00:00\" \/>\n<meta property=\"og:image\" content=\"https:\/\/dicodusport.fr\/blog\/wp-content\/uploads\/2024\/04\/Tour-du-Pays-Basque-2024-David-Gaudu-non-partant-ce-mercredi.png\" \/>\n\t<meta property=\"og:image:width\" content=\"1200\" \/>\n\t<meta property=\"og:image:height\" content=\"674\" \/>\n\t<meta property=\"og:image:type\" content=\"image\/png\" \/>\n<meta name=\"author\" content=\"Etienne Goursaud\" \/>\n<meta name=\"twitter:card\" content=\"summary_large_image\" \/>\n<meta name=\"twitter:title\" content=\"Tour du Pays Basque 2024 : David Gaudu non partant pour la 3\u00e8me \u00e9tape\" \/>\n<meta name=\"twitter:creator\" content=\"@dicodusport\" \/>\n<meta name=\"twitter:site\" content=\"@dicodusport\" \/>\n<script type=\"application\/ld+json\" class=\"yoast-schema-graph\">{\"@context\":\"https:\/\/schema.org\",\"@graph\":[{\"@type\":\"NewsArticle\",\"@id\":\"https:\/\/dicodusport.fr\/blog\/tour-du-pays-basque-2024-david-gaudu-non-partant-pour-la-3eme-etape\/#article\",\"isPartOf\":{\"@id\":\"https:\/\/dicodusport.fr\/blog\/tour-du-pays-basque-2024-david-gaudu-non-partant-pour-la-3eme-etape\/\"},\"author\":{\"name\":\"Etienne Goursaud\",\"@id\":\"https:\/\/dicodusport.fr\/blog\/#\/schema\/person\/d603dd7da31fb2b46c82b9835a77ec13\"},\"headline\":\"Tour du Pays Basque 2024 : David Gaudu non partant pour la 3\u00e8me \u00e9tape\",\"datePublished\":\"2024-04-03T09:34:31+00:00\",\"dateModified\":\"2024-04-03T09:46:31+00:00\",\"mainEntityOfPage\":{\"@id\":\"https:\/\/dicodusport.fr\/blog\/tour-du-pays-basque-2024-david-gaudu-non-partant-pour-la-3eme-etape\/\"},\"wordCount\":287,\"commentCount\":0,\"publisher\":{\"@id\":\"https:\/\/dicodusport.fr\/blog\/#organization\"},\"image\":{\"@id\":\"https:\/\/dicodusport.fr\/blog\/tour-du-pays-basque-2024-david-gaudu-non-partant-pour-la-3eme-etape\/#primaryimage\"},\"thumbnailUrl\":\"https:\/\/dicodusport.fr\/blog\/wp-content\/uploads\/2024\/04\/Tour-du-Pays-Basque-2024-David-Gaudu-non-partant-ce-mercredi.png\",\"keywords\":[\"br\u00e8ve\",\"David Gaudu\",\"Groupama FDJ\",\"Tour du Pays Basque\"],\"articleSection\":[\"Cyclisme sur route\"],\"inLanguage\":\"fr-FR\",\"potentialAction\":[{\"@type\":\"CommentAction\",\"name\":\"Comment\",\"target\":[\"https:\/\/dicodusport.fr\/blog\/tour-du-pays-basque-2024-david-gaudu-non-partant-pour-la-3eme-etape\/#respond\"]}],\"copyrightYear\":\"2024\",\"copyrightHolder\":{\"@id\":\"https:\/\/dicodusport.fr\/blog\/#organization\"}},{\"@type\":\"WebPage\",\"@id\":\"https:\/\/dicodusport.fr\/blog\/tour-du-pays-basque-2024-david-gaudu-non-partant-pour-la-3eme-etape\/\",\"url\":\"https:\/\/dicodusport.fr\/blog\/tour-du-pays-basque-2024-david-gaudu-non-partant-pour-la-3eme-etape\/\",\"name\":\"Tour du Pays Basque 2024 : David Gaudu non partant pour la 3\u00e8me \u00e9tape\",\"isPartOf\":{\"@id\":\"https:\/\/dicodusport.fr\/blog\/#website\"},\"primaryImageOfPage\":{\"@id\":\"https:\/\/dicodusport.fr\/blog\/tour-du-pays-basque-2024-david-gaudu-non-partant-pour-la-3eme-etape\/#primaryimage\"},\"image\":{\"@id\":\"https:\/\/dicodusport.fr\/blog\/tour-du-pays-basque-2024-david-gaudu-non-partant-pour-la-3eme-etape\/#primaryimage\"},\"thumbnailUrl\":\"https:\/\/dicodusport.fr\/blog\/wp-content\/uploads\/2024\/04\/Tour-du-Pays-Basque-2024-David-Gaudu-non-partant-ce-mercredi.png\",\"datePublished\":\"2024-04-03T09:34:31+00:00\",\"dateModified\":\"2024-04-03T09:46:31+00:00\",\"description\":\"TOUR DU PAYS BASQUE 2024 - Victime d'une chute dans la deuxi\u00e8me \u00e9tape, David Gaudu (Groupama-FDJ) ne prend pas le d\u00e9part de la 3e \u00e9tape.\",\"breadcrumb\":{\"@id\":\"https:\/\/dicodusport.fr\/blog\/tour-du-pays-basque-2024-david-gaudu-non-partant-pour-la-3eme-etape\/#breadcrumb\"},\"inLanguage\":\"fr-FR\",\"potentialAction\":[{\"@type\":\"ReadAction\",\"target\":[\"https:\/\/dicodusport.fr\/blog\/tour-du-pays-basque-2024-david-gaudu-non-partant-pour-la-3eme-etape\/\"]}]},{\"@type\":\"ImageObject\",\"inLanguage\":\"fr-FR\",\"@id\":\"https:\/\/dicodusport.fr\/blog\/tour-du-pays-basque-2024-david-gaudu-non-partant-pour-la-3eme-etape\/#primaryimage\",\"url\":\"https:\/\/dicodusport.fr\/blog\/wp-content\/uploads\/2024\/04\/Tour-du-Pays-Basque-2024-David-Gaudu-non-partant-ce-mercredi.png\",\"contentUrl\":\"https:\/\/dicodusport.fr\/blog\/wp-content\/uploads\/2024\/04\/Tour-du-Pays-Basque-2024-David-Gaudu-non-partant-ce-mercredi.png\",\"width\":1200,\"height\":674,\"caption\":\"Tour du Pays Basque 2024 : David Gaudu non partant ce mercredi\"},{\"@type\":\"BreadcrumbList\",\"@id\":\"https:\/\/dicodusport.fr\/blog\/tour-du-pays-basque-2024-david-gaudu-non-partant-pour-la-3eme-etape\/#breadcrumb\",\"itemListElement\":[{\"@type\":\"ListItem\",\"position\":1,\"name\":\"Accueil\",\"item\":\"https:\/\/dicodusport.fr\/blog\/\"},{\"@type\":\"ListItem\",\"position\":2,\"name\":\"Tour du Pays Basque 2024 : David Gaudu non partant pour la 3\u00e8me \u00e9tape\"}]},{\"@type\":\"WebSite\",\"@id\":\"https:\/\/dicodusport.fr\/blog\/#website\",\"url\":\"https:\/\/dicodusport.fr\/blog\/\",\"name\":\"Dicodusport\",\"description\":\"L&#039;encyclop\u00e9die de l&#039;actualit\u00e9 sportive\",\"publisher\":{\"@id\":\"https:\/\/dicodusport.fr\/blog\/#organization\"},\"potentialAction\":[{\"@type\":\"SearchAction\",\"target\":{\"@type\":\"EntryPoint\",\"urlTemplate\":\"https:\/\/dicodusport.fr\/blog\/?s={search_term_string}\"},\"query-input\":{\"@type\":\"PropertyValueSpecification\",\"valueRequired\":true,\"valueName\":\"search_term_string\"}}],\"inLanguage\":\"fr-FR\"},{\"@type\":\"NewsMediaOrganization\",\"@id\":\"https:\/\/dicodusport.fr\/blog\/#organization\",\"name\":\"Dicodusport\",\"url\":\"https:\/\/dicodusport.fr\/blog\/\",\"logo\":{\"@type\":\"ImageObject\",\"inLanguage\":\"fr-FR\",\"@id\":\"https:\/\/dicodusport.fr\/blog\/#\/schema\/logo\/image\/\",\"url\":\"https:\/\/dicodusport.fr\/blog\/wp-content\/uploads\/2020\/06\/cropped-LOGO-DICODUSPORT-2020-SANS-FOND-SANS-TEXTE.png\",\"contentUrl\":\"https:\/\/dicodusport.fr\/blog\/wp-content\/uploads\/2020\/06\/cropped-LOGO-DICODUSPORT-2020-SANS-FOND-SANS-TEXTE.png\",\"width\":512,\"height\":512,\"caption\":\"Dicodusport\"},\"image\":{\"@id\":\"https:\/\/dicodusport.fr\/blog\/#\/schema\/logo\/image\/\"},\"sameAs\":[\"https:\/\/www.facebook.com\/dicodusport\",\"https:\/\/x.com\/dicodusport\",\"https:\/\/www.instagram.com\/dicodusport\/\",\"https:\/\/www.youtube.com\/channel\/UC7V2KZ5sd3htJivAbA4ZG3w\"],\"description\":\"Dicodusport est l'encyclop\u00e9die de l'actualit\u00e9 sportive.\",\"email\":\"bonjour@dicodusport.fr\",\"legalName\":\"DICODUSPORT\",\"foundingDate\":\"2018-01-14\",\"vatID\":\"FR71834470973\",\"taxID\":\"83447097300043\",\"numberOfEmployees\":{\"@type\":\"QuantitativeValue\",\"minValue\":\"1\",\"maxValue\":\"10\"}},{\"@type\":\"Person\",\"@id\":\"https:\/\/dicodusport.fr\/blog\/#\/schema\/person\/d603dd7da31fb2b46c82b9835a77ec13\",\"name\":\"Etienne Goursaud\",\"image\":{\"@type\":\"ImageObject\",\"inLanguage\":\"fr-FR\",\"@id\":\"https:\/\/dicodusport.fr\/blog\/#\/schema\/person\/image\/\",\"url\":\"https:\/\/dicodusport.fr\/blog\/wp-content\/uploads\/2023\/12\/410122264_10231602061736049_5565839791558026645_n-150x150.jpg\",\"contentUrl\":\"https:\/\/dicodusport.fr\/blog\/wp-content\/uploads\/2023\/12\/410122264_10231602061736049_5565839791558026645_n-150x150.jpg\",\"caption\":\"Etienne Goursaud\"},\"description\":\"Journaliste et amoureux de sport. Ancien footballeur reconverti athl\u00e8te quand ses muscles le laissent tranquille. \u00c9lev\u00e9 \u00e0 la sauce des exploits de Thomas Voeckler en 2004, du dernier essai de l\u00e9gende de Eunice Barber \u00e0 la longueur lors des championnats du monde d'athl\u00e9tisme de 2003 mais aussi Zidane, Omeyer et Titou Lamaison.\",\"url\":\"https:\/\/dicodusport.fr\/blog\/author\/etienne-goursaud\/\"}]}<\/script>\n<!-- \/ Yoast SEO Premium plugin. -->","yoast_head_json":{"title":"Tour du Pays Basque 2024 : David Gaudu non partant pour la 3\u00e8me \u00e9tape","description":"TOUR DU PAYS BASQUE 2024 - Victime d'une chute dans la deuxi\u00e8me \u00e9tape, David Gaudu (Groupama-FDJ) ne prend pas le d\u00e9part de la 3e \u00e9tape.","robots":{"index":"index","follow":"follow","max-snippet":"max-snippet:-1","max-image-preview":"max-image-preview:large","max-video-preview":"max-video-preview:-1"},"canonical":"https:\/\/dicodusport.fr\/blog\/tour-du-pays-basque-2024-david-gaudu-non-partant-pour-la-3eme-etape\/","og_locale":"fr_FR","og_type":"article","og_title":"Tour du Pays Basque 2024 : David Gaudu non partant pour la 3\u00e8me \u00e9tape","og_description":"TOUR DU PAYS BASQUE 2024 - Victime d'une chute dans la deuxi\u00e8me \u00e9tape, David Gaudu (Groupama-FDJ) ne prend pas le d\u00e9part de la 3e \u00e9tape.","og_url":"https:\/\/dicodusport.fr\/blog\/tour-du-pays-basque-2024-david-gaudu-non-partant-pour-la-3eme-etape\/","og_site_name":"Dicodusport","article_publisher":"https:\/\/www.facebook.com\/dicodusport","article_published_time":"2024-04-03T09:34:31+00:00","article_modified_time":"2024-04-03T09:46:31+00:00","og_image":[{"width":1200,"height":674,"url":"https:\/\/dicodusport.fr\/blog\/wp-content\/uploads\/2024\/04\/Tour-du-Pays-Basque-2024-David-Gaudu-non-partant-ce-mercredi.png","type":"image\/png"}],"author":"Etienne Goursaud","twitter_card":"summary_large_image","twitter_title":"Tour du Pays Basque 2024 : David Gaudu non partant pour la 3\u00e8me \u00e9tape","twitter_creator":"@dicodusport","twitter_site":"@dicodusport","schema":{"@context":"https:\/\/schema.org","@graph":[{"@type":"NewsArticle","@id":"https:\/\/dicodusport.fr\/blog\/tour-du-pays-basque-2024-david-gaudu-non-partant-pour-la-3eme-etape\/#article","isPartOf":{"@id":"https:\/\/dicodusport.fr\/blog\/tour-du-pays-basque-2024-david-gaudu-non-partant-pour-la-3eme-etape\/"},"author":{"name":"Etienne Goursaud","@id":"https:\/\/dicodusport.fr\/blog\/#\/schema\/person\/d603dd7da31fb2b46c82b9835a77ec13"},"headline":"Tour du Pays Basque 2024 : David Gaudu non partant pour la 3\u00e8me \u00e9tape","datePublished":"2024-04-03T09:34:31+00:00","dateModified":"2024-04-03T09:46:31+00:00","mainEntityOfPage":{"@id":"https:\/\/dicodusport.fr\/blog\/tour-du-pays-basque-2024-david-gaudu-non-partant-pour-la-3eme-etape\/"},"wordCount":287,"commentCount":0,"publisher":{"@id":"https:\/\/dicodusport.fr\/blog\/#organization"},"image":{"@id":"https:\/\/dicodusport.fr\/blog\/tour-du-pays-basque-2024-david-gaudu-non-partant-pour-la-3eme-etape\/#primaryimage"},"thumbnailUrl":"https:\/\/dicodusport.fr\/blog\/wp-content\/uploads\/2024\/04\/Tour-du-Pays-Basque-2024-David-Gaudu-non-partant-ce-mercredi.png","keywords":["br\u00e8ve","David Gaudu","Groupama FDJ","Tour du Pays Basque"],"articleSection":["Cyclisme sur route"],"inLanguage":"fr-FR","potentialAction":[{"@type":"CommentAction","name":"Comment","target":["https:\/\/dicodusport.fr\/blog\/tour-du-pays-basque-2024-david-gaudu-non-partant-pour-la-3eme-etape\/#respond"]}],"copyrightYear":"2024","copyrightHolder":{"@id":"https:\/\/dicodusport.fr\/blog\/#organization"}},{"@type":"WebPage","@id":"https:\/\/dicodusport.fr\/blog\/tour-du-pays-basque-2024-david-gaudu-non-partant-pour-la-3eme-etape\/","url":"https:\/\/dicodusport.fr\/blog\/tour-du-pays-basque-2024-david-gaudu-non-partant-pour-la-3eme-etape\/","name":"Tour du Pays Basque 2024 : David Gaudu non partant pour la 3\u00e8me \u00e9tape","isPartOf":{"@id":"https:\/\/dicodusport.fr\/blog\/#website"},"primaryImageOfPage":{"@id":"https:\/\/dicodusport.fr\/blog\/tour-du-pays-basque-2024-david-gaudu-non-partant-pour-la-3eme-etape\/#primaryimage"},"image":{"@id":"https:\/\/dicodusport.fr\/blog\/tour-du-pays-basque-2024-david-gaudu-non-partant-pour-la-3eme-etape\/#primaryimage"},"thumbnailUrl":"https:\/\/dicodusport.fr\/blog\/wp-content\/uploads\/2024\/04\/Tour-du-Pays-Basque-2024-David-Gaudu-non-partant-ce-mercredi.png","datePublished":"2024-04-03T09:34:31+00:00","dateModified":"2024-04-03T09:46:31+00:00","description":"TOUR DU PAYS BASQUE 2024 - Victime d'une chute dans la deuxi\u00e8me \u00e9tape, David Gaudu (Groupama-FDJ) ne prend pas le d\u00e9part de la 3e \u00e9tape.","breadcrumb":{"@id":"https:\/\/dicodusport.fr\/blog\/tour-du-pays-basque-2024-david-gaudu-non-partant-pour-la-3eme-etape\/#breadcrumb"},"inLanguage":"fr-FR","potentialAction":[{"@type":"ReadAction","target":["https:\/\/dicodusport.fr\/blog\/tour-du-pays-basque-2024-david-gaudu-non-partant-pour-la-3eme-etape\/"]}]},{"@type":"ImageObject","inLanguage":"fr-FR","@id":"https:\/\/dicodusport.fr\/blog\/tour-du-pays-basque-2024-david-gaudu-non-partant-pour-la-3eme-etape\/#primaryimage","url":"https:\/\/dicodusport.fr\/blog\/wp-content\/uploads\/2024\/04\/Tour-du-Pays-Basque-2024-David-Gaudu-non-partant-ce-mercredi.png","contentUrl":"https:\/\/dicodusport.fr\/blog\/wp-content\/uploads\/2024\/04\/Tour-du-Pays-Basque-2024-David-Gaudu-non-partant-ce-mercredi.png","width":1200,"height":674,"caption":"Tour du Pays Basque 2024 : David Gaudu non partant ce mercredi"},{"@type":"BreadcrumbList","@id":"https:\/\/dicodusport.fr\/blog\/tour-du-pays-basque-2024-david-gaudu-non-partant-pour-la-3eme-etape\/#breadcrumb","itemListElement":[{"@type":"ListItem","position":1,"name":"Accueil","item":"https:\/\/dicodusport.fr\/blog\/"},{"@type":"ListItem","position":2,"name":"Tour du Pays Basque 2024 : David Gaudu non partant pour la 3\u00e8me \u00e9tape"}]},{"@type":"WebSite","@id":"https:\/\/dicodusport.fr\/blog\/#website","url":"https:\/\/dicodusport.fr\/blog\/","name":"Dicodusport","description":"L&#039;encyclop\u00e9die de l&#039;actualit\u00e9 sportive","publisher":{"@id":"https:\/\/dicodusport.fr\/blog\/#organization"},"potentialAction":[{"@type":"SearchAction","target":{"@type":"EntryPoint","urlTemplate":"https:\/\/dicodusport.fr\/blog\/?s={search_term_string}"},"query-input":{"@type":"PropertyValueSpecification","valueRequired":true,"valueName":"search_term_string"}}],"inLanguage":"fr-FR"},{"@type":"NewsMediaOrganization","@id":"https:\/\/dicodusport.fr\/blog\/#organization","name":"Dicodusport","url":"https:\/\/dicodusport.fr\/blog\/","logo":{"@type":"ImageObject","inLanguage":"fr-FR","@id":"https:\/\/dicodusport.fr\/blog\/#\/schema\/logo\/image\/","url":"https:\/\/dicodusport.fr\/blog\/wp-content\/uploads\/2020\/06\/cropped-LOGO-DICODUSPORT-2020-SANS-FOND-SANS-TEXTE.png","contentUrl":"https:\/\/dicodusport.fr\/blog\/wp-content\/uploads\/2020\/06\/cropped-LOGO-DICODUSPORT-2020-SANS-FOND-SANS-TEXTE.png","width":512,"height":512,"caption":"Dicodusport"},"image":{"@id":"https:\/\/dicodusport.fr\/blog\/#\/schema\/logo\/image\/"},"sameAs":["https:\/\/www.facebook.com\/dicodusport","https:\/\/x.com\/dicodusport","https:\/\/www.instagram.com\/dicodusport\/","https:\/\/www.youtube.com\/channel\/UC7V2KZ5sd3htJivAbA4ZG3w"],"description":"Dicodusport est l'encyclop\u00e9die de l'actualit\u00e9 sportive.","email":"bonjour@dicodusport.fr","legalName":"DICODUSPORT","foundingDate":"2018-01-14","vatID":"FR71834470973","taxID":"83447097300043","numberOfEmployees":{"@type":"QuantitativeValue","minValue":"1","maxValue":"10"}},{"@type":"Person","@id":"https:\/\/dicodusport.fr\/blog\/#\/schema\/person\/d603dd7da31fb2b46c82b9835a77ec13","name":"Etienne Goursaud","image":{"@type":"ImageObject","inLanguage":"fr-FR","@id":"https:\/\/dicodusport.fr\/blog\/#\/schema\/person\/image\/","url":"https:\/\/dicodusport.fr\/blog\/wp-content\/uploads\/2023\/12\/410122264_10231602061736049_5565839791558026645_n-150x150.jpg","contentUrl":"https:\/\/dicodusport.fr\/blog\/wp-content\/uploads\/2023\/12\/410122264_10231602061736049_5565839791558026645_n-150x150.jpg","caption":"Etienne Goursaud"},"description":"Journaliste et amoureux de sport. Ancien footballeur reconverti athl\u00e8te quand ses muscles le laissent tranquille. \u00c9lev\u00e9 \u00e0 la sauce des exploits de Thomas Voeckler en 2004, du dernier essai de l\u00e9gende de Eunice Barber \u00e0 la longueur lors des championnats du monde d'athl\u00e9tisme de 2003 mais aussi Zidane, Omeyer et Titou Lamaison.","url":"https:\/\/dicodusport.fr\/blog\/author\/etienne-goursaud\/"}]}},"_links":{"self":[{"href":"https:\/\/dicodusport.fr\/blog\/wp-json\/wp\/v2\/posts\/476305","targetHints":{"allow":["GET"]}}],"collection":[{"href":"https:\/\/dicodusport.fr\/blog\/wp-json\/wp\/v2\/posts"}],"about":[{"href":"https:\/\/dicodusport.fr\/blog\/wp-json\/wp\/v2\/types\/post"}],"author":[{"embeddable":true,"href":"https:\/\/dicodusport.fr\/blog\/wp-json\/wp\/v2\/users\/83"}],"replies":[{"embeddable":true,"href":"https:\/\/dicodusport.fr\/blog\/wp-json\/wp\/v2\/comments?post=476305"}],"version-history":[{"count":3,"href":"https:\/\/dicodusport.fr\/blog\/wp-json\/wp\/v2\/posts\/476305\/revisions"}],"predecessor-version":[{"id":476311,"href":"https:\/\/dicodusport.fr\/blog\/wp-json\/wp\/v2\/posts\/476305\/revisions\/476311"}],"wp:featuredmedia":[{"embeddable":true,"href":"https:\/\/dicodusport.fr\/blog\/wp-json\/wp\/v2\/media\/476306"}],"wp:attachment":[{"href":"https:\/\/dicodusport.fr\/blog\/wp-json\/wp\/v2\/media?parent=476305"}],"wp:term":[{"taxonomy":"category","embeddable":true,"href":"https:\/\/dicodusport.fr\/blog\/wp-json\/wp\/v2\/categories?post=476305"},{"taxonomy":"post_tag","embeddable":true,"href":"https:\/\/dicodusport.fr\/blog\/wp-json\/wp\/v2\/tags?post=476305"}],"curies":[{"name":"wp","href":"https:\/\/api.w.org\/{rel}","templated":true}]}}