{"id":476412,"date":"2024-04-03T18:39:30","date_gmt":"2024-04-03T16:39:30","guid":{"rendered":"https:\/\/dicodusport.fr\/blog\/?p=476412&#038;preview=true&#038;preview_id=476412"},"modified":"2024-05-04T08:15:59","modified_gmt":"2024-05-04T06:15:59","slug":"mondiaux-de-relais-2024-la-selection-francaise-pour-nassau","status":"publish","type":"post","link":"https:\/\/dicodusport.fr\/blog\/mondiaux-de-relais-2024-la-selection-francaise-pour-nassau\/","title":{"rendered":"Mondiaux de relais 2024 : La s\u00e9lection fran\u00e7aise pour Nassau"},"content":{"rendered":"<p style=\"text-align: justify;\"><strong><em>MONDIAUX DE RELAIS 2024 &#8211; D\u00e9couvrez la s\u00e9lection fran\u00e7aise pour le grand rendez-vous \u00e0 Nassau les 4 et 5 mai prochains.<\/em><\/strong><\/p>\n<p style=\"text-align: justify;\">La F\u00e9d\u00e9ration Fran\u00e7aise d&rsquo;Athl\u00e9tisme a d\u00e9voil\u00e9 sa s\u00e9lection pour les championnats du monde de relais, qui auront lieu les 4 et 5 mai, du c\u00f4t\u00e9 de Nassau (Bahamas). Vingt-huit athl\u00e8tes, 15 chez les femmes, 13 chez les hommes, feront le voyage. Six femmes sur le 4&#215;100 m, neuf sur le 4&#215;400 m. Cinq hommes sur le 4&#215;100 m et 8 sur le 4&#215;400 m. Du c\u00f4t\u00e9 des absents, on note <strong>Ludvy Vaillant,<\/strong> un des relayeurs vice-champions du monde l&rsquo;\u00e9t\u00e9 dernier \u00e0 Budapest. Mais aussi<strong> Sokhna Lacoste<\/strong> chez les femmes, sur 400 m. Pas de <strong>Jimmy Vicaut<\/strong> sur 4&#215;100 m. Alors qu&rsquo;<strong>Orlann Oli\u00e8re<\/strong>, de retour en grande forme cet hiver, r\u00e9int\u00e8gre le collectif du relais 4&#215;100 m.<\/p>\n<p style=\"text-align: justify;\">Ces relais seront qualificatifs pour les Jeux Olympiques de Paris 2024, que ce soit 4&#215;100 m, 4&#215;400 m (hommes, femmes et mixte). C&rsquo;est clairement le premier grand rendez-vous de l&rsquo;\u00e9quipe de France sur piste, lors de la saison estivale.<\/p>\n<blockquote class=\"twitter-tweet\">\n<p dir=\"ltr\" lang=\"fr\">\ud83c\uddeb\ud83c\uddf7 D\u00e9couvrez la s\u00e9lection fran\u00e7aise soutenue par Randstad pour les \ud835\uddd6\ud835\uddf5\ud835\uddee\ud835\uddfa\ud835\uddfd\ud835\uddf6\ud835\uddfc\ud835\uddfb\ud835\uddfb\ud835\uddee\ud835\ude01\ud835\ude00 \ud835\uddf1\ud835\ude02 \ud835\uddfa\ud835\uddfc\ud835\uddfb\ud835\uddf1\ud835\uddf2 \ud835\uddf1\ud835\uddf2 \ud835\uddff\ud835\uddf2\ud835\uddf9\ud835\uddee\ud835\uddf6\ud835\ude00, qui auront lieu \u00e0 Nassau (Bahamas) les 4 et 5 mai.<\/p>\n<p>\ud83d\udc49 <a href=\"https:\/\/t.co\/JfSk3V9jsW\">https:\/\/t.co\/JfSk3V9jsW<\/a> <a href=\"https:\/\/twitter.com\/hashtag\/WorldRelays?src=hash&amp;ref_src=twsrc%5Etfw\">#WorldRelays<\/a> <a href=\"https:\/\/t.co\/PgV73O92tT\">pic.twitter.com\/PgV73O92tT<\/a><\/p>\n<p>\u2014 FFAthl\u00e9tisme (@FFAthletisme) <a href=\"https:\/\/twitter.com\/FFAthletisme\/status\/1775544083638817210?ref_src=twsrc%5Etfw\">April 3, 2024<\/a><\/p><\/blockquote>\n<p><script async src=\"https:\/\/platform.twitter.com\/widgets.js\" charset=\"utf-8\"><\/script><\/p>\n<h2 style=\"text-align: justify;\">La s\u00e9lection fran\u00e7aise pour les Mondiaux de relais 2024<\/h2>\n<h3 style=\"text-align: justify;\">Femmes<\/h3>\n<p style=\"text-align: justify;\"><strong>4&#215;100 m<\/strong><\/p>\n<p style=\"text-align: justify;\">Chlo\u00e9 Galet (22 ans)<\/p>\n<p style=\"text-align: justify;\">G\u00e9mina Joseph (22 ans)<\/p>\n<p style=\"text-align: justify;\">Mallory Leconte (23 ans)<\/p>\n<p style=\"text-align: justify;\">Orlann Oli\u00e8re (32 ans)<\/p>\n<p style=\"text-align: justify;\">Maroussia Par\u00e9 (27 ans)<\/p>\n<p style=\"text-align: justify;\">H\u00e9l\u00e8ne Parisot (31 ans)<\/p>\n<p style=\"text-align: justify;\"><strong>4&#215;400 m<\/strong><\/p>\n<p style=\"text-align: justify;\">Diana Iscaye (25 ans)<\/p>\n<p style=\"text-align: justify;\">Shana Grebo (23 ans)<\/p>\n<p style=\"text-align: justify;\">Amandine Brossier (28 ans)<\/p>\n<p style=\"text-align: justify;\">Louise Maraval (22 ans)<\/p>\n<p style=\"text-align: justify;\">Fanny Peltier (26 ans)<\/p>\n<p style=\"text-align: justify;\">Estelle Raffai (26 ans)<\/p>\n<p style=\"text-align: justify;\">Camille Seri (24 ans)<\/p>\n<p style=\"text-align: justify;\">Sounkamba Sylla (25 ans)<\/p>\n<p style=\"text-align: justify;\">Marjorie Veyssiere (27 ans)<\/p>\n<h3 style=\"text-align: justify;\">Hommes<\/h3>\n<p style=\"text-align: justify;\"><strong>4&#215;100 m<\/strong><\/p>\n<p style=\"text-align: justify;\">Jeff Erius (20 ans)<\/p>\n<p style=\"text-align: justify;\">Pablo Mateo (23 ans)<\/p>\n<p style=\"text-align: justify;\">Aymeric Priam (23 ans)<\/p>\n<p style=\"text-align: justify;\">Mickael-Meba Z\u00e9z\u00e9 (29 ans)<\/p>\n<p style=\"text-align: justify;\">Ryan Z\u00e9z\u00e9 (26 ans)<\/p>\n<p style=\"text-align: justify;\"><strong>4&#215;400 m<\/strong><\/p>\n<p style=\"text-align: justify;\">T\u00e9o Andant (24 ans)<\/p>\n<p style=\"text-align: justify;\">Gilles Biron (28 ans)<\/p>\n<p style=\"text-align: justify;\">Simon Boypa (25 ans)<\/p>\n<p style=\"text-align: justify;\">Thomas Jordier (29 ans)<\/p>\n<p style=\"text-align: justify;\">David Somb\u00e9 (23 ans)<\/p>\n<p style=\"text-align: justify;\">Yann Spillmann (21 ans)<\/p>\n<p style=\"text-align: justify;\">Loic Pr\u00e9vot (26 ans)<\/p>\n<p style=\"text-align: justify;\">Ludovic Ouceni (23 ans)<\/p>\n","protected":false},"excerpt":{"rendered":"<p>MONDIAUX DE RELAIS 2024 &#8211; D\u00e9couvrez la s\u00e9lection fran\u00e7aise pour le grand rendez-vous \u00e0 Nassau les 4 et 5 mai prochains.<\/p>\n","protected":false},"author":83,"featured_media":476432,"comment_status":"open","ping_status":"closed","sticky":false,"template":"","format":"standard","meta":{"_acf_changed":false,"_daextam_enable_autolinks":"1","footnotes":""},"categories":[2308],"tags":[143,16878],"class_list":["post-476412","post","type-post","status-publish","format-standard","has-post-thumbnail","hentry","category-athletisme","tag-athletisme","tag-breve"],"acf":[],"yoast_head":"<!-- This site is optimized with the Yoast SEO Premium plugin v26.7 (Yoast SEO v26.7) - https:\/\/yoast.com\/wordpress\/plugins\/seo\/ -->\n<title>Mondiaux de relais 2024 : La s\u00e9lection fran\u00e7aise pour Nassau<\/title>\n<meta name=\"description\" content=\"MONDIAUX DE RELAIS 2024 - D\u00e9couvrez la s\u00e9lection fran\u00e7aise pour le grand rendez-vous \u00e0 Nassau les 4 et 5 mai prochains.\" \/>\n<meta name=\"robots\" content=\"index, follow, max-snippet:-1, max-image-preview:large, max-video-preview:-1\" \/>\n<link rel=\"canonical\" href=\"https:\/\/dicodusport.fr\/blog\/mondiaux-de-relais-2024-la-selection-francaise-pour-nassau\/\" \/>\n<meta property=\"og:locale\" content=\"fr_FR\" \/>\n<meta property=\"og:type\" content=\"article\" \/>\n<meta property=\"og:title\" content=\"Mondiaux de relais 2024 : La s\u00e9lection fran\u00e7aise pour Nassau\" \/>\n<meta property=\"og:description\" content=\"MONDIAUX DE RELAIS 2024 - D\u00e9couvrez la s\u00e9lection fran\u00e7aise pour le grand rendez-vous \u00e0 Nassau les 4 et 5 mai prochains.\" \/>\n<meta property=\"og:url\" content=\"https:\/\/dicodusport.fr\/blog\/mondiaux-de-relais-2024-la-selection-francaise-pour-nassau\/\" \/>\n<meta property=\"og:site_name\" content=\"Dicodusport\" \/>\n<meta property=\"article:publisher\" content=\"https:\/\/www.facebook.com\/dicodusport\" \/>\n<meta property=\"article:published_time\" content=\"2024-04-03T16:39:30+00:00\" \/>\n<meta property=\"article:modified_time\" content=\"2024-05-04T06:15:59+00:00\" \/>\n<meta property=\"og:image\" content=\"https:\/\/dicodusport.fr\/blog\/wp-content\/uploads\/2024\/04\/Mondiaux-de-relais-2024-La-selection-francaise-pour-Nassau.png\" \/>\n\t<meta property=\"og:image:width\" content=\"1200\" \/>\n\t<meta property=\"og:image:height\" content=\"674\" \/>\n\t<meta property=\"og:image:type\" content=\"image\/png\" \/>\n<meta name=\"author\" content=\"Etienne Goursaud\" \/>\n<meta name=\"twitter:card\" content=\"summary_large_image\" \/>\n<meta name=\"twitter:title\" content=\"Mondiaux de relais 2024 : La s\u00e9lection fran\u00e7aise pour Nassau\" \/>\n<meta name=\"twitter:creator\" content=\"@dicodusport\" \/>\n<meta name=\"twitter:site\" content=\"@dicodusport\" \/>\n<script type=\"application\/ld+json\" class=\"yoast-schema-graph\">{\"@context\":\"https:\/\/schema.org\",\"@graph\":[{\"@type\":\"NewsArticle\",\"@id\":\"https:\/\/dicodusport.fr\/blog\/mondiaux-de-relais-2024-la-selection-francaise-pour-nassau\/#article\",\"isPartOf\":{\"@id\":\"https:\/\/dicodusport.fr\/blog\/mondiaux-de-relais-2024-la-selection-francaise-pour-nassau\/\"},\"author\":{\"name\":\"Etienne Goursaud\",\"@id\":\"https:\/\/dicodusport.fr\/blog\/#\/schema\/person\/d603dd7da31fb2b46c82b9835a77ec13\"},\"headline\":\"Mondiaux de relais 2024 : La s\u00e9lection fran\u00e7aise pour Nassau\",\"datePublished\":\"2024-04-03T16:39:30+00:00\",\"dateModified\":\"2024-05-04T06:15:59+00:00\",\"mainEntityOfPage\":{\"@id\":\"https:\/\/dicodusport.fr\/blog\/mondiaux-de-relais-2024-la-selection-francaise-pour-nassau\/\"},\"wordCount\":343,\"commentCount\":0,\"publisher\":{\"@id\":\"https:\/\/dicodusport.fr\/blog\/#organization\"},\"image\":{\"@id\":\"https:\/\/dicodusport.fr\/blog\/mondiaux-de-relais-2024-la-selection-francaise-pour-nassau\/#primaryimage\"},\"thumbnailUrl\":\"https:\/\/dicodusport.fr\/blog\/wp-content\/uploads\/2024\/04\/Mondiaux-de-relais-2024-La-selection-francaise-pour-Nassau.png\",\"keywords\":[\"Athl\u00e9tisme\",\"br\u00e8ve\"],\"articleSection\":[\"Athl\u00e9tisme\"],\"inLanguage\":\"fr-FR\",\"potentialAction\":[{\"@type\":\"CommentAction\",\"name\":\"Comment\",\"target\":[\"https:\/\/dicodusport.fr\/blog\/mondiaux-de-relais-2024-la-selection-francaise-pour-nassau\/#respond\"]}],\"copyrightYear\":\"2024\",\"copyrightHolder\":{\"@id\":\"https:\/\/dicodusport.fr\/blog\/#organization\"}},{\"@type\":\"WebPage\",\"@id\":\"https:\/\/dicodusport.fr\/blog\/mondiaux-de-relais-2024-la-selection-francaise-pour-nassau\/\",\"url\":\"https:\/\/dicodusport.fr\/blog\/mondiaux-de-relais-2024-la-selection-francaise-pour-nassau\/\",\"name\":\"Mondiaux de relais 2024 : La s\u00e9lection fran\u00e7aise pour Nassau\",\"isPartOf\":{\"@id\":\"https:\/\/dicodusport.fr\/blog\/#website\"},\"primaryImageOfPage\":{\"@id\":\"https:\/\/dicodusport.fr\/blog\/mondiaux-de-relais-2024-la-selection-francaise-pour-nassau\/#primaryimage\"},\"image\":{\"@id\":\"https:\/\/dicodusport.fr\/blog\/mondiaux-de-relais-2024-la-selection-francaise-pour-nassau\/#primaryimage\"},\"thumbnailUrl\":\"https:\/\/dicodusport.fr\/blog\/wp-content\/uploads\/2024\/04\/Mondiaux-de-relais-2024-La-selection-francaise-pour-Nassau.png\",\"datePublished\":\"2024-04-03T16:39:30+00:00\",\"dateModified\":\"2024-05-04T06:15:59+00:00\",\"description\":\"MONDIAUX DE RELAIS 2024 - D\u00e9couvrez la s\u00e9lection fran\u00e7aise pour le grand rendez-vous \u00e0 Nassau les 4 et 5 mai prochains.\",\"breadcrumb\":{\"@id\":\"https:\/\/dicodusport.fr\/blog\/mondiaux-de-relais-2024-la-selection-francaise-pour-nassau\/#breadcrumb\"},\"inLanguage\":\"fr-FR\",\"potentialAction\":[{\"@type\":\"ReadAction\",\"target\":[\"https:\/\/dicodusport.fr\/blog\/mondiaux-de-relais-2024-la-selection-francaise-pour-nassau\/\"]}]},{\"@type\":\"ImageObject\",\"inLanguage\":\"fr-FR\",\"@id\":\"https:\/\/dicodusport.fr\/blog\/mondiaux-de-relais-2024-la-selection-francaise-pour-nassau\/#primaryimage\",\"url\":\"https:\/\/dicodusport.fr\/blog\/wp-content\/uploads\/2024\/04\/Mondiaux-de-relais-2024-La-selection-francaise-pour-Nassau.png\",\"contentUrl\":\"https:\/\/dicodusport.fr\/blog\/wp-content\/uploads\/2024\/04\/Mondiaux-de-relais-2024-La-selection-francaise-pour-Nassau.png\",\"width\":1200,\"height\":674,\"caption\":\"Mondiaux de relais 2024 La s\u00e9lection fran\u00e7aise pour Nassau\"},{\"@type\":\"BreadcrumbList\",\"@id\":\"https:\/\/dicodusport.fr\/blog\/mondiaux-de-relais-2024-la-selection-francaise-pour-nassau\/#breadcrumb\",\"itemListElement\":[{\"@type\":\"ListItem\",\"position\":1,\"name\":\"Accueil\",\"item\":\"https:\/\/dicodusport.fr\/blog\/\"},{\"@type\":\"ListItem\",\"position\":2,\"name\":\"Mondiaux de relais 2024 : La s\u00e9lection fran\u00e7aise pour Nassau\"}]},{\"@type\":\"WebSite\",\"@id\":\"https:\/\/dicodusport.fr\/blog\/#website\",\"url\":\"https:\/\/dicodusport.fr\/blog\/\",\"name\":\"Dicodusport\",\"description\":\"L&#039;encyclop\u00e9die de l&#039;actualit\u00e9 sportive\",\"publisher\":{\"@id\":\"https:\/\/dicodusport.fr\/blog\/#organization\"},\"potentialAction\":[{\"@type\":\"SearchAction\",\"target\":{\"@type\":\"EntryPoint\",\"urlTemplate\":\"https:\/\/dicodusport.fr\/blog\/?s={search_term_string}\"},\"query-input\":{\"@type\":\"PropertyValueSpecification\",\"valueRequired\":true,\"valueName\":\"search_term_string\"}}],\"inLanguage\":\"fr-FR\"},{\"@type\":\"NewsMediaOrganization\",\"@id\":\"https:\/\/dicodusport.fr\/blog\/#organization\",\"name\":\"Dicodusport\",\"url\":\"https:\/\/dicodusport.fr\/blog\/\",\"logo\":{\"@type\":\"ImageObject\",\"inLanguage\":\"fr-FR\",\"@id\":\"https:\/\/dicodusport.fr\/blog\/#\/schema\/logo\/image\/\",\"url\":\"https:\/\/dicodusport.fr\/blog\/wp-content\/uploads\/2020\/06\/cropped-LOGO-DICODUSPORT-2020-SANS-FOND-SANS-TEXTE.png\",\"contentUrl\":\"https:\/\/dicodusport.fr\/blog\/wp-content\/uploads\/2020\/06\/cropped-LOGO-DICODUSPORT-2020-SANS-FOND-SANS-TEXTE.png\",\"width\":512,\"height\":512,\"caption\":\"Dicodusport\"},\"image\":{\"@id\":\"https:\/\/dicodusport.fr\/blog\/#\/schema\/logo\/image\/\"},\"sameAs\":[\"https:\/\/www.facebook.com\/dicodusport\",\"https:\/\/x.com\/dicodusport\",\"https:\/\/www.instagram.com\/dicodusport\/\",\"https:\/\/www.youtube.com\/channel\/UC7V2KZ5sd3htJivAbA4ZG3w\"],\"description\":\"Dicodusport est l'encyclop\u00e9die de l'actualit\u00e9 sportive.\",\"email\":\"bonjour@dicodusport.fr\",\"legalName\":\"DICODUSPORT\",\"foundingDate\":\"2018-01-14\",\"vatID\":\"FR71834470973\",\"taxID\":\"83447097300043\",\"numberOfEmployees\":{\"@type\":\"QuantitativeValue\",\"minValue\":\"1\",\"maxValue\":\"10\"}},{\"@type\":\"Person\",\"@id\":\"https:\/\/dicodusport.fr\/blog\/#\/schema\/person\/d603dd7da31fb2b46c82b9835a77ec13\",\"name\":\"Etienne Goursaud\",\"image\":{\"@type\":\"ImageObject\",\"inLanguage\":\"fr-FR\",\"@id\":\"https:\/\/dicodusport.fr\/blog\/#\/schema\/person\/image\/\",\"url\":\"https:\/\/dicodusport.fr\/blog\/wp-content\/uploads\/2023\/12\/410122264_10231602061736049_5565839791558026645_n-150x150.jpg\",\"contentUrl\":\"https:\/\/dicodusport.fr\/blog\/wp-content\/uploads\/2023\/12\/410122264_10231602061736049_5565839791558026645_n-150x150.jpg\",\"caption\":\"Etienne Goursaud\"},\"description\":\"Journaliste et amoureux de sport. Ancien footballeur reconverti athl\u00e8te quand ses muscles le laissent tranquille. \u00c9lev\u00e9 \u00e0 la sauce des exploits de Thomas Voeckler en 2004, du dernier essai de l\u00e9gende de Eunice Barber \u00e0 la longueur lors des championnats du monde d'athl\u00e9tisme de 2003 mais aussi Zidane, Omeyer et Titou Lamaison.\",\"url\":\"https:\/\/dicodusport.fr\/blog\/author\/etienne-goursaud\/\"}]}<\/script>\n<!-- \/ Yoast SEO Premium plugin. -->","yoast_head_json":{"title":"Mondiaux de relais 2024 : La s\u00e9lection fran\u00e7aise pour Nassau","description":"MONDIAUX DE RELAIS 2024 - D\u00e9couvrez la s\u00e9lection fran\u00e7aise pour le grand rendez-vous \u00e0 Nassau les 4 et 5 mai prochains.","robots":{"index":"index","follow":"follow","max-snippet":"max-snippet:-1","max-image-preview":"max-image-preview:large","max-video-preview":"max-video-preview:-1"},"canonical":"https:\/\/dicodusport.fr\/blog\/mondiaux-de-relais-2024-la-selection-francaise-pour-nassau\/","og_locale":"fr_FR","og_type":"article","og_title":"Mondiaux de relais 2024 : La s\u00e9lection fran\u00e7aise pour Nassau","og_description":"MONDIAUX DE RELAIS 2024 - D\u00e9couvrez la s\u00e9lection fran\u00e7aise pour le grand rendez-vous \u00e0 Nassau les 4 et 5 mai prochains.","og_url":"https:\/\/dicodusport.fr\/blog\/mondiaux-de-relais-2024-la-selection-francaise-pour-nassau\/","og_site_name":"Dicodusport","article_publisher":"https:\/\/www.facebook.com\/dicodusport","article_published_time":"2024-04-03T16:39:30+00:00","article_modified_time":"2024-05-04T06:15:59+00:00","og_image":[{"width":1200,"height":674,"url":"https:\/\/dicodusport.fr\/blog\/wp-content\/uploads\/2024\/04\/Mondiaux-de-relais-2024-La-selection-francaise-pour-Nassau.png","type":"image\/png"}],"author":"Etienne Goursaud","twitter_card":"summary_large_image","twitter_title":"Mondiaux de relais 2024 : La s\u00e9lection fran\u00e7aise pour Nassau","twitter_creator":"@dicodusport","twitter_site":"@dicodusport","schema":{"@context":"https:\/\/schema.org","@graph":[{"@type":"NewsArticle","@id":"https:\/\/dicodusport.fr\/blog\/mondiaux-de-relais-2024-la-selection-francaise-pour-nassau\/#article","isPartOf":{"@id":"https:\/\/dicodusport.fr\/blog\/mondiaux-de-relais-2024-la-selection-francaise-pour-nassau\/"},"author":{"name":"Etienne Goursaud","@id":"https:\/\/dicodusport.fr\/blog\/#\/schema\/person\/d603dd7da31fb2b46c82b9835a77ec13"},"headline":"Mondiaux de relais 2024 : La s\u00e9lection fran\u00e7aise pour Nassau","datePublished":"2024-04-03T16:39:30+00:00","dateModified":"2024-05-04T06:15:59+00:00","mainEntityOfPage":{"@id":"https:\/\/dicodusport.fr\/blog\/mondiaux-de-relais-2024-la-selection-francaise-pour-nassau\/"},"wordCount":343,"commentCount":0,"publisher":{"@id":"https:\/\/dicodusport.fr\/blog\/#organization"},"image":{"@id":"https:\/\/dicodusport.fr\/blog\/mondiaux-de-relais-2024-la-selection-francaise-pour-nassau\/#primaryimage"},"thumbnailUrl":"https:\/\/dicodusport.fr\/blog\/wp-content\/uploads\/2024\/04\/Mondiaux-de-relais-2024-La-selection-francaise-pour-Nassau.png","keywords":["Athl\u00e9tisme","br\u00e8ve"],"articleSection":["Athl\u00e9tisme"],"inLanguage":"fr-FR","potentialAction":[{"@type":"CommentAction","name":"Comment","target":["https:\/\/dicodusport.fr\/blog\/mondiaux-de-relais-2024-la-selection-francaise-pour-nassau\/#respond"]}],"copyrightYear":"2024","copyrightHolder":{"@id":"https:\/\/dicodusport.fr\/blog\/#organization"}},{"@type":"WebPage","@id":"https:\/\/dicodusport.fr\/blog\/mondiaux-de-relais-2024-la-selection-francaise-pour-nassau\/","url":"https:\/\/dicodusport.fr\/blog\/mondiaux-de-relais-2024-la-selection-francaise-pour-nassau\/","name":"Mondiaux de relais 2024 : La s\u00e9lection fran\u00e7aise pour Nassau","isPartOf":{"@id":"https:\/\/dicodusport.fr\/blog\/#website"},"primaryImageOfPage":{"@id":"https:\/\/dicodusport.fr\/blog\/mondiaux-de-relais-2024-la-selection-francaise-pour-nassau\/#primaryimage"},"image":{"@id":"https:\/\/dicodusport.fr\/blog\/mondiaux-de-relais-2024-la-selection-francaise-pour-nassau\/#primaryimage"},"thumbnailUrl":"https:\/\/dicodusport.fr\/blog\/wp-content\/uploads\/2024\/04\/Mondiaux-de-relais-2024-La-selection-francaise-pour-Nassau.png","datePublished":"2024-04-03T16:39:30+00:00","dateModified":"2024-05-04T06:15:59+00:00","description":"MONDIAUX DE RELAIS 2024 - D\u00e9couvrez la s\u00e9lection fran\u00e7aise pour le grand rendez-vous \u00e0 Nassau les 4 et 5 mai prochains.","breadcrumb":{"@id":"https:\/\/dicodusport.fr\/blog\/mondiaux-de-relais-2024-la-selection-francaise-pour-nassau\/#breadcrumb"},"inLanguage":"fr-FR","potentialAction":[{"@type":"ReadAction","target":["https:\/\/dicodusport.fr\/blog\/mondiaux-de-relais-2024-la-selection-francaise-pour-nassau\/"]}]},{"@type":"ImageObject","inLanguage":"fr-FR","@id":"https:\/\/dicodusport.fr\/blog\/mondiaux-de-relais-2024-la-selection-francaise-pour-nassau\/#primaryimage","url":"https:\/\/dicodusport.fr\/blog\/wp-content\/uploads\/2024\/04\/Mondiaux-de-relais-2024-La-selection-francaise-pour-Nassau.png","contentUrl":"https:\/\/dicodusport.fr\/blog\/wp-content\/uploads\/2024\/04\/Mondiaux-de-relais-2024-La-selection-francaise-pour-Nassau.png","width":1200,"height":674,"caption":"Mondiaux de relais 2024 La s\u00e9lection fran\u00e7aise pour Nassau"},{"@type":"BreadcrumbList","@id":"https:\/\/dicodusport.fr\/blog\/mondiaux-de-relais-2024-la-selection-francaise-pour-nassau\/#breadcrumb","itemListElement":[{"@type":"ListItem","position":1,"name":"Accueil","item":"https:\/\/dicodusport.fr\/blog\/"},{"@type":"ListItem","position":2,"name":"Mondiaux de relais 2024 : La s\u00e9lection fran\u00e7aise pour Nassau"}]},{"@type":"WebSite","@id":"https:\/\/dicodusport.fr\/blog\/#website","url":"https:\/\/dicodusport.fr\/blog\/","name":"Dicodusport","description":"L&#039;encyclop\u00e9die de l&#039;actualit\u00e9 sportive","publisher":{"@id":"https:\/\/dicodusport.fr\/blog\/#organization"},"potentialAction":[{"@type":"SearchAction","target":{"@type":"EntryPoint","urlTemplate":"https:\/\/dicodusport.fr\/blog\/?s={search_term_string}"},"query-input":{"@type":"PropertyValueSpecification","valueRequired":true,"valueName":"search_term_string"}}],"inLanguage":"fr-FR"},{"@type":"NewsMediaOrganization","@id":"https:\/\/dicodusport.fr\/blog\/#organization","name":"Dicodusport","url":"https:\/\/dicodusport.fr\/blog\/","logo":{"@type":"ImageObject","inLanguage":"fr-FR","@id":"https:\/\/dicodusport.fr\/blog\/#\/schema\/logo\/image\/","url":"https:\/\/dicodusport.fr\/blog\/wp-content\/uploads\/2020\/06\/cropped-LOGO-DICODUSPORT-2020-SANS-FOND-SANS-TEXTE.png","contentUrl":"https:\/\/dicodusport.fr\/blog\/wp-content\/uploads\/2020\/06\/cropped-LOGO-DICODUSPORT-2020-SANS-FOND-SANS-TEXTE.png","width":512,"height":512,"caption":"Dicodusport"},"image":{"@id":"https:\/\/dicodusport.fr\/blog\/#\/schema\/logo\/image\/"},"sameAs":["https:\/\/www.facebook.com\/dicodusport","https:\/\/x.com\/dicodusport","https:\/\/www.instagram.com\/dicodusport\/","https:\/\/www.youtube.com\/channel\/UC7V2KZ5sd3htJivAbA4ZG3w"],"description":"Dicodusport est l'encyclop\u00e9die de l'actualit\u00e9 sportive.","email":"bonjour@dicodusport.fr","legalName":"DICODUSPORT","foundingDate":"2018-01-14","vatID":"FR71834470973","taxID":"83447097300043","numberOfEmployees":{"@type":"QuantitativeValue","minValue":"1","maxValue":"10"}},{"@type":"Person","@id":"https:\/\/dicodusport.fr\/blog\/#\/schema\/person\/d603dd7da31fb2b46c82b9835a77ec13","name":"Etienne Goursaud","image":{"@type":"ImageObject","inLanguage":"fr-FR","@id":"https:\/\/dicodusport.fr\/blog\/#\/schema\/person\/image\/","url":"https:\/\/dicodusport.fr\/blog\/wp-content\/uploads\/2023\/12\/410122264_10231602061736049_5565839791558026645_n-150x150.jpg","contentUrl":"https:\/\/dicodusport.fr\/blog\/wp-content\/uploads\/2023\/12\/410122264_10231602061736049_5565839791558026645_n-150x150.jpg","caption":"Etienne Goursaud"},"description":"Journaliste et amoureux de sport. Ancien footballeur reconverti athl\u00e8te quand ses muscles le laissent tranquille. \u00c9lev\u00e9 \u00e0 la sauce des exploits de Thomas Voeckler en 2004, du dernier essai de l\u00e9gende de Eunice Barber \u00e0 la longueur lors des championnats du monde d'athl\u00e9tisme de 2003 mais aussi Zidane, Omeyer et Titou Lamaison.","url":"https:\/\/dicodusport.fr\/blog\/author\/etienne-goursaud\/"}]}},"_links":{"self":[{"href":"https:\/\/dicodusport.fr\/blog\/wp-json\/wp\/v2\/posts\/476412","targetHints":{"allow":["GET"]}}],"collection":[{"href":"https:\/\/dicodusport.fr\/blog\/wp-json\/wp\/v2\/posts"}],"about":[{"href":"https:\/\/dicodusport.fr\/blog\/wp-json\/wp\/v2\/types\/post"}],"author":[{"embeddable":true,"href":"https:\/\/dicodusport.fr\/blog\/wp-json\/wp\/v2\/users\/83"}],"replies":[{"embeddable":true,"href":"https:\/\/dicodusport.fr\/blog\/wp-json\/wp\/v2\/comments?post=476412"}],"version-history":[{"count":5,"href":"https:\/\/dicodusport.fr\/blog\/wp-json\/wp\/v2\/posts\/476412\/revisions"}],"predecessor-version":[{"id":483318,"href":"https:\/\/dicodusport.fr\/blog\/wp-json\/wp\/v2\/posts\/476412\/revisions\/483318"}],"wp:featuredmedia":[{"embeddable":true,"href":"https:\/\/dicodusport.fr\/blog\/wp-json\/wp\/v2\/media\/476432"}],"wp:attachment":[{"href":"https:\/\/dicodusport.fr\/blog\/wp-json\/wp\/v2\/media?parent=476412"}],"wp:term":[{"taxonomy":"category","embeddable":true,"href":"https:\/\/dicodusport.fr\/blog\/wp-json\/wp\/v2\/categories?post=476412"},{"taxonomy":"post_tag","embeddable":true,"href":"https:\/\/dicodusport.fr\/blog\/wp-json\/wp\/v2\/tags?post=476412"}],"curies":[{"name":"wp","href":"https:\/\/api.w.org\/{rel}","templated":true}]}}