{"id":476561,"date":"2024-04-10T16:09:24","date_gmt":"2024-04-10T14:09:24","guid":{"rendered":"https:\/\/dicodusport.fr\/blog\/?p=476561&#038;preview=true&#038;preview_id=476561"},"modified":"2024-04-10T17:13:19","modified_gmt":"2024-04-10T15:13:19","slug":"cyclisme-vers-un-conglomerat-renforce-et-des-superpuissances-collectives","status":"publish","type":"post","link":"https:\/\/dicodusport.fr\/blog\/cyclisme-vers-un-conglomerat-renforce-et-des-superpuissances-collectives\/","title":{"rendered":"Cyclisme : Vers un conglom\u00e9rat renforc\u00e9 et des superpuissances collectives ?"},"content":{"rendered":"<p style=\"text-align: justify;\"><strong><em>CYCLISME &#8211; La tendance actuelle des grosses \u00e9quipes, \u00e0 continuellement se renforcer, peut poser question sur ces nouveaux conglom\u00e9rats.<\/em><\/strong><\/p>\n<ul>\n<li style=\"text-align: justify;\"><strong>\u00c0 ce sujet \u2013\u00a0<a href=\"https:\/\/dicodusport.fr\/blog\/cyclisme-mercato-2024-2025-tableau-des-transferts\/\">Cyclisme Mercato 2024-2025 \u2013 Tableau des transferts<\/a>\u00a0<\/strong><\/li>\n<\/ul>\n<h2 style=\"text-align: justify;\">Bora-Hansgrohe, UAE Team-Emirates, des budgets quasiment illimit\u00e9s<\/h2>\n<p style=\"text-align: justify;\">La formation <strong>Bora-Hansgrohe<\/strong> fait parler d&rsquo;elle sur les march\u00e9s des transferts. Sauf retournement de situation, <a href=\"https:\/\/dicodusport.fr\/blog\/transferts-cyclisme-laurence-pithie-chez-bora-hansgrohe-en-2025\/\">les Allemands viennent de d\u00e9baucher le jeune N\u00e9o-Z\u00e9landais <strong>Laurence Pithie<\/strong> (Groupama-FDJ)<\/a> pour 2025. Une formation, dont Red Bull va prendre le lead ces prochains mois. La marque de boissons \u00e9nerg\u00e9tiques, tr\u00e8s investie dans le sport, poss\u00e9dant plusieurs clubs de football, mais aussi pr\u00e9sent dans les sports extr\u00eames, met un pied (de plus) dans le cyclisme. Avec des moyens consid\u00e9rables.<\/p>\n<p style=\"text-align: justify;\">Et les rumeurs vont bon train d\u00e9j\u00e0. Les noms de <strong>Wout Van Aert<\/strong> (Visma-Lease a Bike), <strong>Jasper Philipsen<\/strong> (Alpecin-Deceuninck),<strong> Oier Lazkano<\/strong> (Movistar) et m\u00eame <strong>Remco Evenepoel<\/strong> ont circul\u00e9 au sein d&rsquo;une formation qui s&rsquo;est d\u00e9j\u00e0 offerte cette ann\u00e9e Primoz Roglic. Si les rumeurs se concr\u00e9tisent, comme c&rsquo;est le cas de <strong>Laurence Pithie<\/strong>, Bora-Hansgrohe pourrait d\u00e9j\u00e0 devenir une superpuissance du World Tour.<\/p>\n<p style=\"text-align: justify;\">Une superpuissance, c&rsquo;est ce qu&rsquo;est d\u00e9j\u00e0 la UAE-Team Emirates. D&rsquo;abord ax\u00e9e sur <a href=\"https:\/\/dicodusport.fr\/blog\/tour-de-catalogne-2024-la-passe-de-quatre-pour-tadej-pogacar\/\"><strong>Tadej Pogacar<\/strong><\/a>, vainqueur du Tour de France 2020 et 2021, la formation \u00e9miratie n&rsquo;a de cesse de s&rsquo;\u00e9toffer depuis des ann\u00e9es. Rien qu&rsquo;en 2023, ce sont des pointures comme<strong> Joao Almeida<\/strong> ou <strong>Adam Yates<\/strong> qui ont rejoint cette \u00e9quipe. Une \u00e9quipe qui s&rsquo;attache les services des jeunes les plus prometteurs. <strong>Juan Ayuso<\/strong> en 2022, <strong>Isaac Del Toro, Antonio Morgado, Filippo Baroncini<\/strong> et <strong>Igor Arrieta<\/strong> cette ann\u00e9e. Le Mexicain a d\u00e9j\u00e0 montr\u00e9 de grandes choses, y compris au niveau World Tour, alors qu&rsquo;il sort des rangs des juniors.<\/p>\n<div class=\"vlp-link-container vlp-layout-article\"><a href=\"https:\/\/dicodusport.fr\/blog\/tour-down-under-2024-la-pepite-mexicaine-isaac-del-toro-remporte-la-2eme-etape\/\" class=\"vlp-link\" title=\"Tour Down Under 2024 : La p\u00e9pite mexicaine, Isaac Del Toro, remporte la 2\u00e8me \u00e9tape !\"><\/a><div class=\"vlp-layout-zone-side\"><div class=\"vlp-block-4 vlp-link-image\"><img loading=\"lazy\" decoding=\"async\" style=\"max-width: 792px;\" width=\"792\" height=\"445\" src=\"https:\/\/dicodusport.fr\/blog\/wp-content\/uploads\/2024\/01\/Tour-Down-Under-2024-La-pepite-mexicaine-Isaac-Del-Toro-remporte-la-2eme-etape-.png\" class=\"attachment-800x445 size-800x445\" alt=\"Tour Down Under 2024 La p\u00e9pite mexicaine, Isaac Del Toro, remporte la 2\u00e8me \u00e9tape !\" srcset=\"https:\/\/dicodusport.fr\/blog\/wp-content\/uploads\/2024\/01\/Tour-Down-Under-2024-La-pepite-mexicaine-Isaac-Del-Toro-remporte-la-2eme-etape-.png 1200w, https:\/\/dicodusport.fr\/blog\/wp-content\/uploads\/2024\/01\/Tour-Down-Under-2024-La-pepite-mexicaine-Isaac-Del-Toro-remporte-la-2eme-etape--300x169.png 300w, https:\/\/dicodusport.fr\/blog\/wp-content\/uploads\/2024\/01\/Tour-Down-Under-2024-La-pepite-mexicaine-Isaac-Del-Toro-remporte-la-2eme-etape--1024x575.png 1024w, https:\/\/dicodusport.fr\/blog\/wp-content\/uploads\/2024\/01\/Tour-Down-Under-2024-La-pepite-mexicaine-Isaac-Del-Toro-remporte-la-2eme-etape--768x431.png 768w\" sizes=\"auto, (max-width: 792px) 100vw, 792px\" \/><\/div><\/div><div class=\"vlp-layout-zone-main\"><div class=\"vlp-block-0 vlp-link-title\">Tour Down Under 2024 : La p\u00e9pite mexicaine, Isaac Del Toro, remporte la 2\u00e8me \u00e9tape !<\/div><div class=\"vlp-block-1 vlp-link-summary\">TOUR DOWN UNDER 2024 - Pour son deuxi\u00e8me jour chez les pros, Isaac Del Toro (UAE Team Emirates) s'est impos\u00e9 sur la 2\u00e8me \u00e9tape.<\/div><div class=\"vlp-block-2 vlp-link-button\">Lire l'article<\/div><div class=\"vlp-block-3 vlp-link-url\">dicodusport.fr<\/div><\/div><\/div>\n<h2 style=\"text-align: justify;\">L&rsquo;accaparation des grandes courses est d\u00e9j\u00e0 une r\u00e9alit\u00e9<\/h2>\n<p style=\"text-align: justify;\">En 2023, la Jumbo-Visma a remport\u00e9 les trois grands tours. <strong>Primoz Roglic<\/strong> a domin\u00e9 le Tour d&rsquo;Italie, <strong>Jonas Vingegaard<\/strong> le Tour de France, tandis que <strong>Sepp Kuss<\/strong> a cr\u00e9\u00e9 la surprise sur la Vuelta. Un Tour d&rsquo;Espagne o\u00f9 les deux premiers nomm\u00e9s sont mont\u00e9s sur le podium, avec leur co\u00e9quipier. En 2022, c&rsquo;est la Bora-Hansgrohe, la Jumbo-Visma et la Deceuninck-Quick Step qui ont remport\u00e9 les Tours. Une premi\u00e8re pour les formations allemande et belge, mais les Allemands sont en pleine structuration et les Belges ont \u00e9t\u00e9 tr\u00e8s dominants dans d&rsquo;autres secteurs que les courses \u00e0 \u00e9tapes.<\/p>\n<p style=\"text-align: justify;\">En 2021, on retrouve<strong> INEOS Grenadiers<\/strong>, qui a \u00e9t\u00e9 l&rsquo;\u00e9quipe des ann\u00e9es 2010 sur les courses \u00e0 \u00e9tapes (7 Tours de France), UAE-Team Emirates et la Jumbo-Visma. En 2020 ? Exactement les m\u00eames \u00e9quipes dans le m\u00eame ordre. En 2019, Movistar s&rsquo;est invit\u00e9e au bal avec INEOS et Jumbo-Visma. Cinq ans, 15 Grands Tours et cinq \u00e9quipes qui ont plac\u00e9 un coureur au sommet du classement g\u00e9n\u00e9ral. Et si la terrible chute au Tour du Pays Basque a rebattu les cartes de la mani\u00e8re la plus horrible qu&rsquo;il soit, sans cela, on a du mal \u00e0 imaginer comment le Tour d&rsquo;Italie pourrait \u00e9chapper \u00e0 UAE et le Tour de France \u00e0 la Visma-Lease a Bike.<\/p>\n<h3 style=\"text-align: justify;\">Domination \u00e9galement sur les Monuments<\/h3>\n<p style=\"text-align: justify;\">Si on se penche sur les Monuments, sur la m\u00eame \u00e9poque, on peut int\u00e9grer l&rsquo;Alpecin-Deceuninck du dominant<strong> Mathieu van der Poel<\/strong> et d\u00e9sormais <strong>Jasper Philipsen<\/strong>. Sept Monuments \u00e0 eux deux. Sinon, on retrouve Visma (<strong>Primoz Roglic,<\/strong> Li\u00e8ge-Bastogne-Li\u00e8ge 2020 et <strong>Wout Van Aert<\/strong>, Milan-San Remo 2020). Quick-Step (<strong>Remco Evenepoel<\/strong> Li\u00e8ge 2021 et 2022, <strong>Julian Alaphilippe<\/strong> Milan-San Remo 2019, <strong>Philippe Gilbert<\/strong> Paris-Roubaix 2019, <strong>Kasper Asgreen<\/strong>, Tour des Flandres 2021), UAE-Team Emirates (Lombardie 2021,2022,2023, Tour des Flandres 2023, Li\u00e8ge 2021), INEOS Grenadiers (<strong>Dylan van Baarle,<\/strong> Paris-Roubaix 2022).<\/p>\n<div class=\"vlp-link-container vlp-layout-article\"><a href=\"https:\/\/dicodusport.fr\/blog\/paris-roubaix-2024-en-demonstration-mathieu-van-der-poel-conserve-son-bien\/\" class=\"vlp-link\" title=\"Paris-Roubaix 2024 : En d\u00e9monstration, Mathieu van der Poel conserve son bien\"><\/a><div class=\"vlp-layout-zone-side\"><div class=\"vlp-block-4 vlp-link-image\"><img loading=\"lazy\" decoding=\"async\" style=\"max-width: 792px;\" width=\"792\" height=\"445\" src=\"https:\/\/dicodusport.fr\/blog\/wp-content\/uploads\/2024\/04\/Paris-Roubaix-2024-En-demonstration-Mathieu-van-der-Poel-conserve-son-bien-1.png\" class=\"attachment-800x445 size-800x445\" alt=\"Paris-Roubaix 2024 En d\u00e9monstration, Mathieu van der Poel conserve son bien (1)\" srcset=\"https:\/\/dicodusport.fr\/blog\/wp-content\/uploads\/2024\/04\/Paris-Roubaix-2024-En-demonstration-Mathieu-van-der-Poel-conserve-son-bien-1.png 1200w, https:\/\/dicodusport.fr\/blog\/wp-content\/uploads\/2024\/04\/Paris-Roubaix-2024-En-demonstration-Mathieu-van-der-Poel-conserve-son-bien-1-300x169.png 300w, https:\/\/dicodusport.fr\/blog\/wp-content\/uploads\/2024\/04\/Paris-Roubaix-2024-En-demonstration-Mathieu-van-der-Poel-conserve-son-bien-1-1024x575.png 1024w, https:\/\/dicodusport.fr\/blog\/wp-content\/uploads\/2024\/04\/Paris-Roubaix-2024-En-demonstration-Mathieu-van-der-Poel-conserve-son-bien-1-768x431.png 768w\" sizes=\"auto, (max-width: 792px) 100vw, 792px\" \/><\/div><\/div><div class=\"vlp-layout-zone-main\"><div class=\"vlp-block-0 vlp-link-title\">Paris-Roubaix 2024 : En d\u00e9monstration, Mathieu van der Poel conserve son bien<\/div><div class=\"vlp-block-1 vlp-link-summary\">PARIS-ROUBAIX 2024 - Mathieu van der Poel (Alpecin-Deceuninck) a gagn\u00e9 Paris-Roubaix 2024, apr\u00e8s un num\u00e9ro en solitaire de 60 kilom\u00e8tres.<\/div><div class=\"vlp-block-2 vlp-link-button\">Lire l'article<\/div><div class=\"vlp-block-3 vlp-link-url\">dicodusport.fr<\/div><\/div><\/div>\n<p style=\"text-align: justify;\">Auquel on peut ajouter la Bahrain-Victorious (<strong>Sonny Colbrelli<\/strong> sur Paris-Roubaix 2021, <strong>Matej Mohoric<\/strong> sur Milan-San-Remo 2022). La Lidl-Trek s&rsquo;invite aussi avec <strong>Bauke Mollema<\/strong>, sur le Lombardie 2019 et <strong>Jasper Stuyven<\/strong> sur Milan-San Remo 2021, sans oublier Astana avec <strong>Jakob Fuglsang<\/strong>, vainqueur de Li\u00e8ge en 2019 et du Lombardie 2020. Enfin, EF Education<strong>,<\/strong> avec<strong> Alberto Bettiol<\/strong>, vainqueur du Ronde. Six ans, 26 Monuments (pas de Paris-Roubaix en 2020), pour seulement huit \u00e9quipes victorieuses. Et sur les trois derni\u00e8res ann\u00e9es, seules cinq \u00e9quipes ont triomph\u00e9.<\/p>\n<h2>Quels probl\u00e8mes cela pose-t-il ?<\/h2>\n<p style=\"text-align: justify;\">Au-del\u00e0 de l&rsquo;accaparation des victoires sur les plus grandes courses, le fait de voir les grosses \u00e9quipes qui se ruent sur les jeunes peut devenir un probl\u00e8me. Car il n&rsquo;y aura pas de la place pour l&rsquo;\u00e9closion de tout le monde, dans des effectifs limit\u00e9s en nombre et avec des objectifs de r\u00e9sultats \u00e0 court terme. Des \u00e9l\u00e9ments priv\u00e9s et qui ne se d\u00e9veloppent plus au sein de formations continentales pro.<\/p>\n<p style=\"text-align: justify;\">Le saut junior\/World Tour est de plus en plus fr\u00e9quent et pr\u00e9coce. On a le souvenir du ph\u00e9nom\u00e8ne <strong>Remco Evenepoel<\/strong>, pris par <strong>Quick-Step<\/strong> en 2019. Cette pr\u00e9cocit\u00e9 \u00e9tait stup\u00e9fiante, mais le Belge a \u00e9t\u00e9 relativement couv\u00e9, malgr\u00e9 son succ\u00e8s sur la Classica San Sebastian. Trois ans plus tard, <strong>Juan Ayuso<\/strong>, aussi sorti des rangs juniors, prenait la 3e place de la Vuelta, pour sa premi\u00e8re saison pro.<\/p>\n<p style=\"text-align: justify;\">Des cracks, mais \u00e0 c\u00f4t\u00e9 de cela, de la casse. Des jeunes qui seront laiss\u00e9es de c\u00f4t\u00e9, et des formations continentales en souffrance. L&rsquo;\u00e9cart de niveau s&rsquo;est consid\u00e9rablement creus\u00e9 ces derni\u00e8res ann\u00e9es. On a dans le viseur la Tudor, en plein progr\u00e8s, mais qui semblent disposer de beaux moyens. \u00c0 c\u00f4t\u00e9 de cela, la TotalEnergies tousse de plus en plus, avec des r\u00e9sultats qui s&rsquo;effritent d&rsquo;ann\u00e9es en ann\u00e9es. Et c&rsquo;est aussi le cas des formations World Tour les moins \u00ab\u00a0performantes\u00a0\u00bb. Et la tendance va aller \u00e0 l&rsquo;aggravation de ce foss\u00e9.<\/p>\n","protected":false},"excerpt":{"rendered":"<p>CYCLISME &#8211; La tendance actuelle des grosses \u00e9quipes \u00e0 continuellement se renforcer peut poser question sur ces nouveaux conglom\u00e9rats.<\/p>\n","protected":false},"author":83,"featured_media":478031,"comment_status":"open","ping_status":"closed","sticky":false,"template":"","format":"standard","meta":{"_acf_changed":false,"_daextam_enable_autolinks":"1","footnotes":""},"categories":[46994],"tags":[16878,574],"class_list":["post-476561","post","type-post","status-publish","format-standard","has-post-thumbnail","hentry","category-cyclisme-sur-route","tag-breve","tag-cyclisme"],"acf":[],"yoast_head":"<!-- This site is optimized with the Yoast SEO Premium plugin v26.7 (Yoast SEO v26.7) - https:\/\/yoast.com\/wordpress\/plugins\/seo\/ -->\n<title>Cyclisme : Vers un conglom\u00e9rat renforc\u00e9 et des superpuissances collectives ?<\/title>\n<meta name=\"description\" content=\"CYCLISME - La tendance actuelle des grosses \u00e9quipes \u00e0 continuellement se renforcer peut poser question sur ces nouveaux conglom\u00e9rats.\" \/>\n<meta name=\"robots\" content=\"index, follow, max-snippet:-1, max-image-preview:large, max-video-preview:-1\" \/>\n<link rel=\"canonical\" href=\"https:\/\/dicodusport.fr\/blog\/cyclisme-vers-un-conglomerat-renforce-et-des-superpuissances-collectives\/\" \/>\n<meta property=\"og:locale\" content=\"fr_FR\" \/>\n<meta property=\"og:type\" content=\"article\" \/>\n<meta property=\"og:title\" content=\"Cyclisme : Vers un conglom\u00e9rat renforc\u00e9 et des superpuissances collectives ?\" \/>\n<meta property=\"og:description\" content=\"CYCLISME - La tendance actuelle des grosses \u00e9quipes \u00e0 continuellement se renforcer peut poser question sur ces nouveaux conglom\u00e9rats.\" \/>\n<meta property=\"og:url\" content=\"https:\/\/dicodusport.fr\/blog\/cyclisme-vers-un-conglomerat-renforce-et-des-superpuissances-collectives\/\" \/>\n<meta property=\"og:site_name\" content=\"Dicodusport\" \/>\n<meta property=\"article:publisher\" content=\"https:\/\/www.facebook.com\/dicodusport\" \/>\n<meta property=\"article:published_time\" content=\"2024-04-10T14:09:24+00:00\" \/>\n<meta property=\"article:modified_time\" content=\"2024-04-10T15:13:19+00:00\" \/>\n<meta property=\"og:image\" content=\"https:\/\/dicodusport.fr\/blog\/wp-content\/uploads\/2024\/04\/Cyclisme-Vers-un-conglomerat-renforce-et-des-superpuissances-collectives-.png\" \/>\n\t<meta property=\"og:image:width\" content=\"1200\" \/>\n\t<meta property=\"og:image:height\" content=\"674\" \/>\n\t<meta property=\"og:image:type\" content=\"image\/png\" \/>\n<meta name=\"author\" content=\"Etienne Goursaud\" \/>\n<meta name=\"twitter:card\" content=\"summary_large_image\" \/>\n<meta name=\"twitter:title\" content=\"Cyclisme : Vers un conglom\u00e9rat renforc\u00e9 et des superpuissances collectives ?\" \/>\n<meta name=\"twitter:creator\" content=\"@dicodusport\" \/>\n<meta name=\"twitter:site\" content=\"@dicodusport\" \/>\n<script type=\"application\/ld+json\" class=\"yoast-schema-graph\">{\"@context\":\"https:\/\/schema.org\",\"@graph\":[{\"@type\":\"NewsArticle\",\"@id\":\"https:\/\/dicodusport.fr\/blog\/cyclisme-vers-un-conglomerat-renforce-et-des-superpuissances-collectives\/#article\",\"isPartOf\":{\"@id\":\"https:\/\/dicodusport.fr\/blog\/cyclisme-vers-un-conglomerat-renforce-et-des-superpuissances-collectives\/\"},\"author\":{\"name\":\"Etienne Goursaud\",\"@id\":\"https:\/\/dicodusport.fr\/blog\/#\/schema\/person\/d603dd7da31fb2b46c82b9835a77ec13\"},\"headline\":\"Cyclisme : Vers un conglom\u00e9rat renforc\u00e9 et des superpuissances collectives ?\",\"datePublished\":\"2024-04-10T14:09:24+00:00\",\"dateModified\":\"2024-04-10T15:13:19+00:00\",\"mainEntityOfPage\":{\"@id\":\"https:\/\/dicodusport.fr\/blog\/cyclisme-vers-un-conglomerat-renforce-et-des-superpuissances-collectives\/\"},\"wordCount\":1126,\"commentCount\":0,\"publisher\":{\"@id\":\"https:\/\/dicodusport.fr\/blog\/#organization\"},\"image\":{\"@id\":\"https:\/\/dicodusport.fr\/blog\/cyclisme-vers-un-conglomerat-renforce-et-des-superpuissances-collectives\/#primaryimage\"},\"thumbnailUrl\":\"https:\/\/dicodusport.fr\/blog\/wp-content\/uploads\/2024\/04\/Cyclisme-Vers-un-conglomerat-renforce-et-des-superpuissances-collectives-.png\",\"keywords\":[\"br\u00e8ve\",\"Cyclisme\"],\"articleSection\":[\"Cyclisme sur route\"],\"inLanguage\":\"fr-FR\",\"potentialAction\":[{\"@type\":\"CommentAction\",\"name\":\"Comment\",\"target\":[\"https:\/\/dicodusport.fr\/blog\/cyclisme-vers-un-conglomerat-renforce-et-des-superpuissances-collectives\/#respond\"]}],\"copyrightYear\":\"2024\",\"copyrightHolder\":{\"@id\":\"https:\/\/dicodusport.fr\/blog\/#organization\"}},{\"@type\":\"WebPage\",\"@id\":\"https:\/\/dicodusport.fr\/blog\/cyclisme-vers-un-conglomerat-renforce-et-des-superpuissances-collectives\/\",\"url\":\"https:\/\/dicodusport.fr\/blog\/cyclisme-vers-un-conglomerat-renforce-et-des-superpuissances-collectives\/\",\"name\":\"Cyclisme : Vers un conglom\u00e9rat renforc\u00e9 et des superpuissances collectives ?\",\"isPartOf\":{\"@id\":\"https:\/\/dicodusport.fr\/blog\/#website\"},\"primaryImageOfPage\":{\"@id\":\"https:\/\/dicodusport.fr\/blog\/cyclisme-vers-un-conglomerat-renforce-et-des-superpuissances-collectives\/#primaryimage\"},\"image\":{\"@id\":\"https:\/\/dicodusport.fr\/blog\/cyclisme-vers-un-conglomerat-renforce-et-des-superpuissances-collectives\/#primaryimage\"},\"thumbnailUrl\":\"https:\/\/dicodusport.fr\/blog\/wp-content\/uploads\/2024\/04\/Cyclisme-Vers-un-conglomerat-renforce-et-des-superpuissances-collectives-.png\",\"datePublished\":\"2024-04-10T14:09:24+00:00\",\"dateModified\":\"2024-04-10T15:13:19+00:00\",\"description\":\"CYCLISME - La tendance actuelle des grosses \u00e9quipes \u00e0 continuellement se renforcer peut poser question sur ces nouveaux conglom\u00e9rats.\",\"breadcrumb\":{\"@id\":\"https:\/\/dicodusport.fr\/blog\/cyclisme-vers-un-conglomerat-renforce-et-des-superpuissances-collectives\/#breadcrumb\"},\"inLanguage\":\"fr-FR\",\"potentialAction\":[{\"@type\":\"ReadAction\",\"target\":[\"https:\/\/dicodusport.fr\/blog\/cyclisme-vers-un-conglomerat-renforce-et-des-superpuissances-collectives\/\"]}]},{\"@type\":\"ImageObject\",\"inLanguage\":\"fr-FR\",\"@id\":\"https:\/\/dicodusport.fr\/blog\/cyclisme-vers-un-conglomerat-renforce-et-des-superpuissances-collectives\/#primaryimage\",\"url\":\"https:\/\/dicodusport.fr\/blog\/wp-content\/uploads\/2024\/04\/Cyclisme-Vers-un-conglomerat-renforce-et-des-superpuissances-collectives-.png\",\"contentUrl\":\"https:\/\/dicodusport.fr\/blog\/wp-content\/uploads\/2024\/04\/Cyclisme-Vers-un-conglomerat-renforce-et-des-superpuissances-collectives-.png\",\"width\":1200,\"height\":674,\"caption\":\"Cyclisme Vers un conglom\u00e9rat renforc\u00e9 et des superpuissances collectives\"},{\"@type\":\"BreadcrumbList\",\"@id\":\"https:\/\/dicodusport.fr\/blog\/cyclisme-vers-un-conglomerat-renforce-et-des-superpuissances-collectives\/#breadcrumb\",\"itemListElement\":[{\"@type\":\"ListItem\",\"position\":1,\"name\":\"Accueil\",\"item\":\"https:\/\/dicodusport.fr\/blog\/\"},{\"@type\":\"ListItem\",\"position\":2,\"name\":\"Cyclisme : Vers un conglom\u00e9rat renforc\u00e9 et des superpuissances collectives ?\"}]},{\"@type\":\"WebSite\",\"@id\":\"https:\/\/dicodusport.fr\/blog\/#website\",\"url\":\"https:\/\/dicodusport.fr\/blog\/\",\"name\":\"Dicodusport\",\"description\":\"L&#039;encyclop\u00e9die de l&#039;actualit\u00e9 sportive\",\"publisher\":{\"@id\":\"https:\/\/dicodusport.fr\/blog\/#organization\"},\"potentialAction\":[{\"@type\":\"SearchAction\",\"target\":{\"@type\":\"EntryPoint\",\"urlTemplate\":\"https:\/\/dicodusport.fr\/blog\/?s={search_term_string}\"},\"query-input\":{\"@type\":\"PropertyValueSpecification\",\"valueRequired\":true,\"valueName\":\"search_term_string\"}}],\"inLanguage\":\"fr-FR\"},{\"@type\":\"NewsMediaOrganization\",\"@id\":\"https:\/\/dicodusport.fr\/blog\/#organization\",\"name\":\"Dicodusport\",\"url\":\"https:\/\/dicodusport.fr\/blog\/\",\"logo\":{\"@type\":\"ImageObject\",\"inLanguage\":\"fr-FR\",\"@id\":\"https:\/\/dicodusport.fr\/blog\/#\/schema\/logo\/image\/\",\"url\":\"https:\/\/dicodusport.fr\/blog\/wp-content\/uploads\/2020\/06\/cropped-LOGO-DICODUSPORT-2020-SANS-FOND-SANS-TEXTE.png\",\"contentUrl\":\"https:\/\/dicodusport.fr\/blog\/wp-content\/uploads\/2020\/06\/cropped-LOGO-DICODUSPORT-2020-SANS-FOND-SANS-TEXTE.png\",\"width\":512,\"height\":512,\"caption\":\"Dicodusport\"},\"image\":{\"@id\":\"https:\/\/dicodusport.fr\/blog\/#\/schema\/logo\/image\/\"},\"sameAs\":[\"https:\/\/www.facebook.com\/dicodusport\",\"https:\/\/x.com\/dicodusport\",\"https:\/\/www.instagram.com\/dicodusport\/\",\"https:\/\/www.youtube.com\/channel\/UC7V2KZ5sd3htJivAbA4ZG3w\"],\"description\":\"Dicodusport est l'encyclop\u00e9die de l'actualit\u00e9 sportive.\",\"email\":\"bonjour@dicodusport.fr\",\"legalName\":\"DICODUSPORT\",\"foundingDate\":\"2018-01-14\",\"vatID\":\"FR71834470973\",\"taxID\":\"83447097300043\",\"numberOfEmployees\":{\"@type\":\"QuantitativeValue\",\"minValue\":\"1\",\"maxValue\":\"10\"}},{\"@type\":\"Person\",\"@id\":\"https:\/\/dicodusport.fr\/blog\/#\/schema\/person\/d603dd7da31fb2b46c82b9835a77ec13\",\"name\":\"Etienne Goursaud\",\"image\":{\"@type\":\"ImageObject\",\"inLanguage\":\"fr-FR\",\"@id\":\"https:\/\/dicodusport.fr\/blog\/#\/schema\/person\/image\/\",\"url\":\"https:\/\/dicodusport.fr\/blog\/wp-content\/uploads\/2023\/12\/410122264_10231602061736049_5565839791558026645_n-150x150.jpg\",\"contentUrl\":\"https:\/\/dicodusport.fr\/blog\/wp-content\/uploads\/2023\/12\/410122264_10231602061736049_5565839791558026645_n-150x150.jpg\",\"caption\":\"Etienne Goursaud\"},\"description\":\"Journaliste et amoureux de sport. Ancien footballeur reconverti athl\u00e8te quand ses muscles le laissent tranquille. \u00c9lev\u00e9 \u00e0 la sauce des exploits de Thomas Voeckler en 2004, du dernier essai de l\u00e9gende de Eunice Barber \u00e0 la longueur lors des championnats du monde d'athl\u00e9tisme de 2003 mais aussi Zidane, Omeyer et Titou Lamaison.\",\"url\":\"https:\/\/dicodusport.fr\/blog\/author\/etienne-goursaud\/\"}]}<\/script>\n<!-- \/ Yoast SEO Premium plugin. -->","yoast_head_json":{"title":"Cyclisme : Vers un conglom\u00e9rat renforc\u00e9 et des superpuissances collectives ?","description":"CYCLISME - La tendance actuelle des grosses \u00e9quipes \u00e0 continuellement se renforcer peut poser question sur ces nouveaux conglom\u00e9rats.","robots":{"index":"index","follow":"follow","max-snippet":"max-snippet:-1","max-image-preview":"max-image-preview:large","max-video-preview":"max-video-preview:-1"},"canonical":"https:\/\/dicodusport.fr\/blog\/cyclisme-vers-un-conglomerat-renforce-et-des-superpuissances-collectives\/","og_locale":"fr_FR","og_type":"article","og_title":"Cyclisme : Vers un conglom\u00e9rat renforc\u00e9 et des superpuissances collectives ?","og_description":"CYCLISME - La tendance actuelle des grosses \u00e9quipes \u00e0 continuellement se renforcer peut poser question sur ces nouveaux conglom\u00e9rats.","og_url":"https:\/\/dicodusport.fr\/blog\/cyclisme-vers-un-conglomerat-renforce-et-des-superpuissances-collectives\/","og_site_name":"Dicodusport","article_publisher":"https:\/\/www.facebook.com\/dicodusport","article_published_time":"2024-04-10T14:09:24+00:00","article_modified_time":"2024-04-10T15:13:19+00:00","og_image":[{"width":1200,"height":674,"url":"https:\/\/dicodusport.fr\/blog\/wp-content\/uploads\/2024\/04\/Cyclisme-Vers-un-conglomerat-renforce-et-des-superpuissances-collectives-.png","type":"image\/png"}],"author":"Etienne Goursaud","twitter_card":"summary_large_image","twitter_title":"Cyclisme : Vers un conglom\u00e9rat renforc\u00e9 et des superpuissances collectives ?","twitter_creator":"@dicodusport","twitter_site":"@dicodusport","schema":{"@context":"https:\/\/schema.org","@graph":[{"@type":"NewsArticle","@id":"https:\/\/dicodusport.fr\/blog\/cyclisme-vers-un-conglomerat-renforce-et-des-superpuissances-collectives\/#article","isPartOf":{"@id":"https:\/\/dicodusport.fr\/blog\/cyclisme-vers-un-conglomerat-renforce-et-des-superpuissances-collectives\/"},"author":{"name":"Etienne Goursaud","@id":"https:\/\/dicodusport.fr\/blog\/#\/schema\/person\/d603dd7da31fb2b46c82b9835a77ec13"},"headline":"Cyclisme : Vers un conglom\u00e9rat renforc\u00e9 et des superpuissances collectives ?","datePublished":"2024-04-10T14:09:24+00:00","dateModified":"2024-04-10T15:13:19+00:00","mainEntityOfPage":{"@id":"https:\/\/dicodusport.fr\/blog\/cyclisme-vers-un-conglomerat-renforce-et-des-superpuissances-collectives\/"},"wordCount":1126,"commentCount":0,"publisher":{"@id":"https:\/\/dicodusport.fr\/blog\/#organization"},"image":{"@id":"https:\/\/dicodusport.fr\/blog\/cyclisme-vers-un-conglomerat-renforce-et-des-superpuissances-collectives\/#primaryimage"},"thumbnailUrl":"https:\/\/dicodusport.fr\/blog\/wp-content\/uploads\/2024\/04\/Cyclisme-Vers-un-conglomerat-renforce-et-des-superpuissances-collectives-.png","keywords":["br\u00e8ve","Cyclisme"],"articleSection":["Cyclisme sur route"],"inLanguage":"fr-FR","potentialAction":[{"@type":"CommentAction","name":"Comment","target":["https:\/\/dicodusport.fr\/blog\/cyclisme-vers-un-conglomerat-renforce-et-des-superpuissances-collectives\/#respond"]}],"copyrightYear":"2024","copyrightHolder":{"@id":"https:\/\/dicodusport.fr\/blog\/#organization"}},{"@type":"WebPage","@id":"https:\/\/dicodusport.fr\/blog\/cyclisme-vers-un-conglomerat-renforce-et-des-superpuissances-collectives\/","url":"https:\/\/dicodusport.fr\/blog\/cyclisme-vers-un-conglomerat-renforce-et-des-superpuissances-collectives\/","name":"Cyclisme : Vers un conglom\u00e9rat renforc\u00e9 et des superpuissances collectives ?","isPartOf":{"@id":"https:\/\/dicodusport.fr\/blog\/#website"},"primaryImageOfPage":{"@id":"https:\/\/dicodusport.fr\/blog\/cyclisme-vers-un-conglomerat-renforce-et-des-superpuissances-collectives\/#primaryimage"},"image":{"@id":"https:\/\/dicodusport.fr\/blog\/cyclisme-vers-un-conglomerat-renforce-et-des-superpuissances-collectives\/#primaryimage"},"thumbnailUrl":"https:\/\/dicodusport.fr\/blog\/wp-content\/uploads\/2024\/04\/Cyclisme-Vers-un-conglomerat-renforce-et-des-superpuissances-collectives-.png","datePublished":"2024-04-10T14:09:24+00:00","dateModified":"2024-04-10T15:13:19+00:00","description":"CYCLISME - La tendance actuelle des grosses \u00e9quipes \u00e0 continuellement se renforcer peut poser question sur ces nouveaux conglom\u00e9rats.","breadcrumb":{"@id":"https:\/\/dicodusport.fr\/blog\/cyclisme-vers-un-conglomerat-renforce-et-des-superpuissances-collectives\/#breadcrumb"},"inLanguage":"fr-FR","potentialAction":[{"@type":"ReadAction","target":["https:\/\/dicodusport.fr\/blog\/cyclisme-vers-un-conglomerat-renforce-et-des-superpuissances-collectives\/"]}]},{"@type":"ImageObject","inLanguage":"fr-FR","@id":"https:\/\/dicodusport.fr\/blog\/cyclisme-vers-un-conglomerat-renforce-et-des-superpuissances-collectives\/#primaryimage","url":"https:\/\/dicodusport.fr\/blog\/wp-content\/uploads\/2024\/04\/Cyclisme-Vers-un-conglomerat-renforce-et-des-superpuissances-collectives-.png","contentUrl":"https:\/\/dicodusport.fr\/blog\/wp-content\/uploads\/2024\/04\/Cyclisme-Vers-un-conglomerat-renforce-et-des-superpuissances-collectives-.png","width":1200,"height":674,"caption":"Cyclisme Vers un conglom\u00e9rat renforc\u00e9 et des superpuissances collectives"},{"@type":"BreadcrumbList","@id":"https:\/\/dicodusport.fr\/blog\/cyclisme-vers-un-conglomerat-renforce-et-des-superpuissances-collectives\/#breadcrumb","itemListElement":[{"@type":"ListItem","position":1,"name":"Accueil","item":"https:\/\/dicodusport.fr\/blog\/"},{"@type":"ListItem","position":2,"name":"Cyclisme : Vers un conglom\u00e9rat renforc\u00e9 et des superpuissances collectives ?"}]},{"@type":"WebSite","@id":"https:\/\/dicodusport.fr\/blog\/#website","url":"https:\/\/dicodusport.fr\/blog\/","name":"Dicodusport","description":"L&#039;encyclop\u00e9die de l&#039;actualit\u00e9 sportive","publisher":{"@id":"https:\/\/dicodusport.fr\/blog\/#organization"},"potentialAction":[{"@type":"SearchAction","target":{"@type":"EntryPoint","urlTemplate":"https:\/\/dicodusport.fr\/blog\/?s={search_term_string}"},"query-input":{"@type":"PropertyValueSpecification","valueRequired":true,"valueName":"search_term_string"}}],"inLanguage":"fr-FR"},{"@type":"NewsMediaOrganization","@id":"https:\/\/dicodusport.fr\/blog\/#organization","name":"Dicodusport","url":"https:\/\/dicodusport.fr\/blog\/","logo":{"@type":"ImageObject","inLanguage":"fr-FR","@id":"https:\/\/dicodusport.fr\/blog\/#\/schema\/logo\/image\/","url":"https:\/\/dicodusport.fr\/blog\/wp-content\/uploads\/2020\/06\/cropped-LOGO-DICODUSPORT-2020-SANS-FOND-SANS-TEXTE.png","contentUrl":"https:\/\/dicodusport.fr\/blog\/wp-content\/uploads\/2020\/06\/cropped-LOGO-DICODUSPORT-2020-SANS-FOND-SANS-TEXTE.png","width":512,"height":512,"caption":"Dicodusport"},"image":{"@id":"https:\/\/dicodusport.fr\/blog\/#\/schema\/logo\/image\/"},"sameAs":["https:\/\/www.facebook.com\/dicodusport","https:\/\/x.com\/dicodusport","https:\/\/www.instagram.com\/dicodusport\/","https:\/\/www.youtube.com\/channel\/UC7V2KZ5sd3htJivAbA4ZG3w"],"description":"Dicodusport est l'encyclop\u00e9die de l'actualit\u00e9 sportive.","email":"bonjour@dicodusport.fr","legalName":"DICODUSPORT","foundingDate":"2018-01-14","vatID":"FR71834470973","taxID":"83447097300043","numberOfEmployees":{"@type":"QuantitativeValue","minValue":"1","maxValue":"10"}},{"@type":"Person","@id":"https:\/\/dicodusport.fr\/blog\/#\/schema\/person\/d603dd7da31fb2b46c82b9835a77ec13","name":"Etienne Goursaud","image":{"@type":"ImageObject","inLanguage":"fr-FR","@id":"https:\/\/dicodusport.fr\/blog\/#\/schema\/person\/image\/","url":"https:\/\/dicodusport.fr\/blog\/wp-content\/uploads\/2023\/12\/410122264_10231602061736049_5565839791558026645_n-150x150.jpg","contentUrl":"https:\/\/dicodusport.fr\/blog\/wp-content\/uploads\/2023\/12\/410122264_10231602061736049_5565839791558026645_n-150x150.jpg","caption":"Etienne Goursaud"},"description":"Journaliste et amoureux de sport. Ancien footballeur reconverti athl\u00e8te quand ses muscles le laissent tranquille. \u00c9lev\u00e9 \u00e0 la sauce des exploits de Thomas Voeckler en 2004, du dernier essai de l\u00e9gende de Eunice Barber \u00e0 la longueur lors des championnats du monde d'athl\u00e9tisme de 2003 mais aussi Zidane, Omeyer et Titou Lamaison.","url":"https:\/\/dicodusport.fr\/blog\/author\/etienne-goursaud\/"}]}},"_links":{"self":[{"href":"https:\/\/dicodusport.fr\/blog\/wp-json\/wp\/v2\/posts\/476561","targetHints":{"allow":["GET"]}}],"collection":[{"href":"https:\/\/dicodusport.fr\/blog\/wp-json\/wp\/v2\/posts"}],"about":[{"href":"https:\/\/dicodusport.fr\/blog\/wp-json\/wp\/v2\/types\/post"}],"author":[{"embeddable":true,"href":"https:\/\/dicodusport.fr\/blog\/wp-json\/wp\/v2\/users\/83"}],"replies":[{"embeddable":true,"href":"https:\/\/dicodusport.fr\/blog\/wp-json\/wp\/v2\/comments?post=476561"}],"version-history":[{"count":5,"href":"https:\/\/dicodusport.fr\/blog\/wp-json\/wp\/v2\/posts\/476561\/revisions"}],"predecessor-version":[{"id":478057,"href":"https:\/\/dicodusport.fr\/blog\/wp-json\/wp\/v2\/posts\/476561\/revisions\/478057"}],"wp:featuredmedia":[{"embeddable":true,"href":"https:\/\/dicodusport.fr\/blog\/wp-json\/wp\/v2\/media\/478031"}],"wp:attachment":[{"href":"https:\/\/dicodusport.fr\/blog\/wp-json\/wp\/v2\/media?parent=476561"}],"wp:term":[{"taxonomy":"category","embeddable":true,"href":"https:\/\/dicodusport.fr\/blog\/wp-json\/wp\/v2\/categories?post=476561"},{"taxonomy":"post_tag","embeddable":true,"href":"https:\/\/dicodusport.fr\/blog\/wp-json\/wp\/v2\/tags?post=476561"}],"curies":[{"name":"wp","href":"https:\/\/api.w.org\/{rel}","templated":true}]}}